{"id":126,"date":"2019-06-05T13:39:40","date_gmt":"2019-06-05T11:39:40","guid":{"rendered":"https:\/\/instytutpolski.pl\/sztokholm\/?p=126"},"modified":"2020-06-03T19:13:49","modified_gmt":"2020-06-03T17:13:49","slug":"reloaded-european-values","status":"publish","type":"post","link":"https:\/\/instytutpolski.pl\/stockholm\/2019\/06\/05\/reloaded-european-values\/","title":{"rendered":"Reloaded! European Values"},"content":{"rendered":"\n<p><strong>7-17 maj 2019 kl 9.00-17.00<br>Europahuset<br>Regeringsgatan 65, Stockholm<br>Fri entr\u00e9!<\/strong><\/p>\n\n\n\n<p>Utst\u00e4llningen\u00a0<em>Europa \u2013 Humanisternas arv<\/em>\u00a0p\u00e5g\u00e5r den 7-17 maj i Europahuset. Utst\u00e4llningen introducerar flera enast\u00e5ende och inflytelserika, om \u00e4n inte s\u00e5 v\u00e4lk\u00e4nda, humanister, vilka har valts ut av Europa Humanistica under ledning av Wiens universitet och \u00d6sterrikiska Vetenskapsakademien.<br><br>Varje land i Europa hade sina humanister \u2013 akademiker, f\u00f6rfattare, konstn\u00e4rer och vetenskapsm\u00e4n \u2013 som utbytte id\u00e9er och tankar som \u00e4n idag utg\u00f6r europeiska v\u00e4rderingar: alla m\u00e4nniskors lika v\u00e4rde oavsett k\u00f6n, \u00e5lder, etnicitet och religion, individens frihet, demokrati och kritiskt t\u00e4nkande.<br><br>Europa \u2013 Humanisternas arv presenterar humanister fr\u00e5n 20 europeiska l\u00e4nder.<br><br><strong>Den 15 maj bjuder vi p\u00e5 ett inneh\u00e5llsrikt program:<\/strong><br><br>kl. 16.30: Katharina \u00c5reskoug,\u00a0 EU-kommissionens direkt\u00f6r i Stockholm, h\u00e4lsar v\u00e4lkommen<br>kl. 16.40: Humanisternas k\u00f6r och l\u00e4sning med n\u00e5gra av Dramatens sk\u00e5despelare i Atrium<br>kl. 17.00: Europeisk humansim d\u00e5 &amp; nu, paneldebatt i auditoriet\u00a0<br><br>Deltagare:<br>Nina Burton, ess\u00e4ist och medlem i Kungliga Vetenskapsakademien, Anders Bergman, historiker och f\u00f6rfattare, Isak Hammar, historiker och verksamhetsledare f\u00f6r Humtank. Moderator \u00e4r Sverker S\u00f6rlin, professor vid KTH.<br><br>kl.18:00: Mottagning med europeiska f\u00f6rfriskningar och kulinariska \u00f6verraskningar, EUNIC-Stockholm bjuder! (Atrium)<br>kl.18.45: Filmvisning i auditoriet Filmvorf\u00fchrung (Auditorium): Die Mitte av Stanlislav Mucha (Tyskland 2004, 90 min, engelsk text)<br>\u00a0<br>N\u00e4r: 15 maj\u00a0 kl. 16.30 Uhr &#8211; 21.00<br>Var: Europahuset, Regeringsgatan 65, 111 56 Stockholm<br>Fri entr\u00e9<br>V\u00e4nligen anm\u00e4l dig till: anmalan@stockholm.goethe.org<br>Begr\u00e4nsat antal platser!<\/p>\n","protected":false},"excerpt":{"rendered":"<p>7-17 maj 2019 kl 9.00-17.00EuropahusetRegeringsgatan 65, StockholmFri entr\u00e9! Utst\u00e4llningen\u00a0Europa \u2013 Humanisternas arv\u00a0p\u00e5g\u00e5r den 7-17 maj i Europahuset. Utst\u00e4llningen introducerar flera enast\u00e5ende och inflytelserika, om \u00e4n inte s\u00e5 v\u00e4lk\u00e4nda, humanister, vilka har valts ut av Europa Humanistica under ledning av Wiens universitet och \u00d6sterrikiska Vetenskapsakademien. Varje land i Europa hade sina humanister \u2013 akademiker, f\u00f6rfattare, konstn\u00e4rer [&hellip;]<\/p>\n","protected":false},"author":9,"featured_media":127,"comment_status":"open","ping_status":"open","sticky":false,"template":"","format":"standard","meta":{"inline_featured_image":false,"_monsterinsights_skip_tracking":false,"_monsterinsights_sitenote_active":false,"_monsterinsights_sitenote_note":"","_monsterinsights_sitenote_category":0,"footnotes":""},"categories":[12,102],"tags":[],"class_list":["post-126","post","type-post","status-publish","format-standard","has-post-thumbnail","hentry","category-evenemang","category-konst"],"yoast_head":"<!-- This site is optimized with the Yoast SEO plugin v24.6 - https:\/\/yoast.com\/wordpress\/plugins\/seo\/ -->\n<title>Reloaded! European Values - Instytut Polski w Sztokholmie<\/title>\n<meta name=\"robots\" content=\"index, follow, max-snippet:-1, max-image-preview:large, max-video-preview:-1\" \/>\n<link rel=\"canonical\" href=\"https:\/\/instytutpolski.pl\/stockholm\/2019\/06\/05\/reloaded-european-values\/\" \/>\n<meta property=\"og:locale\" content=\"pl_PL\" \/>\n<meta property=\"og:type\" content=\"article\" \/>\n<meta property=\"og:title\" content=\"Reloaded! European Values - Instytut Polski w Sztokholmie\" \/>\n<meta property=\"og:description\" content=\"7-17 maj 2019 kl 9.00-17.00EuropahusetRegeringsgatan 65, StockholmFri entr\u00e9! Utst\u00e4llningen\u00a0Europa \u2013 Humanisternas arv\u00a0p\u00e5g\u00e5r den 7-17 maj i Europahuset. Utst\u00e4llningen introducerar flera enast\u00e5ende och inflytelserika, om \u00e4n inte s\u00e5 v\u00e4lk\u00e4nda, humanister, vilka har valts ut av Europa Humanistica under ledning av Wiens universitet och \u00d6sterrikiska Vetenskapsakademien. Varje land i Europa hade sina humanister \u2013 akademiker, f\u00f6rfattare, konstn\u00e4rer [&hellip;]\" \/>\n<meta property=\"og:url\" content=\"https:\/\/instytutpolski.pl\/stockholm\/2019\/06\/05\/reloaded-european-values\/\" \/>\n<meta property=\"og:site_name\" content=\"Instytut Polski w Sztokholmie\" \/>\n<meta property=\"article:published_time\" content=\"2019-06-05T11:39:40+00:00\" \/>\n<meta property=\"article:modified_time\" content=\"2020-06-03T17:13:49+00:00\" \/>\n<meta property=\"og:image\" content=\"https:\/\/instytutpolski.pl\/stockholm\/wp-content\/uploads\/sites\/17\/2019\/06\/EUNIC_Humanisci_3.jpg\" \/>\n\t<meta property=\"og:image:width\" content=\"565\" \/>\n\t<meta property=\"og:image:height\" content=\"267\" \/>\n\t<meta property=\"og:image:type\" content=\"image\/jpeg\" \/>\n<meta name=\"twitter:card\" content=\"summary_large_image\" \/>\n<meta name=\"twitter:label1\" content=\"Napisane przez\" \/>\n\t<meta name=\"twitter:data1\" content=\"\" \/>\n\t<meta name=\"twitter:label2\" content=\"Szacowany czas czytania\" \/>\n\t<meta name=\"twitter:data2\" content=\"1 minuta\" \/>\n<script type=\"application\/ld+json\" class=\"yoast-schema-graph\">{\"@context\":\"https:\/\/schema.org\",\"@graph\":[{\"@type\":\"event\",\"@id\":\"https:\/\/instytutpolski.pl\/stockholm\/2019\/06\/05\/reloaded-european-values\/\",\"url\":\"https:\/\/instytutpolski.pl\/stockholm\/2019\/06\/05\/reloaded-european-values\/\",\"name\":\"Reloaded! European Values\",\"isPartOf\":{\"@id\":\"https:\/\/instytutpolski.pl\/stockholm\/#website\"},\"primaryImageOfPage\":{\"@id\":\"https:\/\/instytutpolski.pl\/stockholm\/2019\/06\/05\/reloaded-european-values\/#primaryimage\"},\"image\":[\"https:\/\/instytutpolski.pl\/stockholm\/wp-content\/uploads\/sites\/17\/2019\/06\/EUNIC_Humanisci_3.jpg\",\"https:\/\/instytutpolski.pl\/stockholm\/wp-content\/uploads\/sites\/17\/2019\/06\/EUNIC_Humanisci_3-300x142.jpg\",\"https:\/\/instytutpolski.pl\/stockholm\/wp-content\/uploads\/sites\/17\/2019\/06\/EUNIC_Humanisci_3.jpg\",\"https:\/\/instytutpolski.pl\/stockholm\/wp-content\/uploads\/sites\/17\/2019\/06\/EUNIC_Humanisci_3.jpg\"],\"thumbnailUrl\":\"https:\/\/instytutpolski.pl\/stockholm\/wp-content\/uploads\/sites\/17\/2019\/06\/EUNIC_Humanisci_3.jpg\",\"datePublished\":\"2019-06-05T11:39:40+02:00\",\"dateModified\":\"2020-06-03T17:13:49+02:00\",\"author\":{\"@id\":\"\"},\"breadcrumb\":{\"@id\":\"https:\/\/instytutpolski.pl\/stockholm\/2019\/06\/05\/reloaded-european-values\/#breadcrumb\"},\"inLanguage\":\"pl-PL\",\"potentialAction\":[{\"@type\":\"ReadAction\",\"target\":[\"https:\/\/instytutpolski.pl\/stockholm\/2019\/06\/05\/reloaded-european-values\/\"]}],\"@context\":\"https:\/\/schema.org\",\"startDate\":\"2019-05-07\",\"endDate\":\"2019-05-17\",\"eventStatus\":\"EventScheduled\",\"eventAttendanceMode\":\"OfflineEventAttendanceMode\",\"location\":{\"@type\":\"place\",\"name\":\"\",\"address\":\"\",\"geo\":{\"@type\":\"GeoCoordinates\",\"latitude\":\"\",\"longitude\":\"\"}},\"description\":\"7-17 maj 2019 kl 9.00-17.00EuropahusetRegeringsgatan 65, StockholmFri entr\u00e9!\\nUtst\u00e4llningen\u00a0Europa \u2013 Humanisternas arv\u00a0p\u00e5g\u00e5r den 7-17 maj i Europahuset. Utst\u00e4llningen introducerar flera enast\u00e5ende och inflytelserika, om \u00e4n inte s\u00e5 v\u00e4lk\u00e4nda, humanister, vilka har valts ut av Europa Humanistica under ledning av Wiens universitet och \u00d6sterrikiska Vetenskapsakademien.Varje land i Europa hade sina humanister \u2013 akademiker, f\u00f6rfattare, konstn\u00e4rer och vetenskapsm\u00e4n \u2013 som utbytte id\u00e9er och tankar som \u00e4n idag utg\u00f6r europeiska v\u00e4rderingar: alla m\u00e4nniskors lika v\u00e4rde oavsett k\u00f6n, \u00e5lder, etnicitet och religion, individens frihet, demokrati och kritiskt t\u00e4nkande.Europa \u2013 Humanisternas arv presenterar humanister fr\u00e5n 20 europeiska l\u00e4nder.Den 15 maj bjuder vi p\u00e5 ett inneh\u00e5llsrikt program:kl. 16.30: Katharina \u00c5reskoug,\u00a0 EU-kommissionens direkt\u00f6r i Stockholm, h\u00e4lsar v\u00e4lkommenkl. 16.40: Humanisternas k\u00f6r och l\u00e4sning med n\u00e5gra av Dramatens sk\u00e5despelare i Atriumkl. 17.00: Europeisk humansim d\u00e5 &amp; nu, paneldebatt i auditoriet\u00a0Deltagare:Nina Burton, ess\u00e4ist och medlem i Kungliga Vetenskapsakademien, Anders Bergman, historiker och f\u00f6rfattare, Isak Hammar, historiker och verksamhetsledare f\u00f6r Humtank. Moderator \u00e4r Sverker S\u00f6rlin, professor vid KTH.kl.18:00: Mottagning med europeiska f\u00f6rfriskningar och kulinariska \u00f6verraskningar, EUNIC-Stockholm bjuder! (Atrium)kl.18.45: Filmvisning i auditoriet Filmvorf\u00fchrung (Auditorium): Die Mitte av Stanlislav Mucha (Tyskland 2004, 90 min, engelsk text)\u00a0N\u00e4r: 15 maj\u00a0 kl. 16.30 Uhr - 21.00Var: Europahuset, Regeringsgatan 65, 111 56 StockholmFri entr\u00e9V\u00e4nligen anm\u00e4l dig till: anmalan@stockholm.goethe.orgBegr\u00e4nsat antal platser!\"},{\"@type\":\"ImageObject\",\"inLanguage\":\"pl-PL\",\"@id\":\"https:\/\/instytutpolski.pl\/stockholm\/2019\/06\/05\/reloaded-european-values\/#primaryimage\",\"url\":\"https:\/\/instytutpolski.pl\/stockholm\/wp-content\/uploads\/sites\/17\/2019\/06\/EUNIC_Humanisci_3.jpg\",\"contentUrl\":\"https:\/\/instytutpolski.pl\/stockholm\/wp-content\/uploads\/sites\/17\/2019\/06\/EUNIC_Humanisci_3.jpg\",\"width\":565,\"height\":267},{\"@type\":\"BreadcrumbList\",\"@id\":\"https:\/\/instytutpolski.pl\/stockholm\/2019\/06\/05\/reloaded-european-values\/#breadcrumb\",\"itemListElement\":[{\"@type\":\"ListItem\",\"position\":1,\"name\":\"Home\",\"item\":\"https:\/\/instytutpolski.pl\/stockholm\/\"},{\"@type\":\"ListItem\",\"position\":2,\"name\":\"Reloaded! European Values\"}]},{\"@type\":\"WebSite\",\"@id\":\"https:\/\/instytutpolski.pl\/stockholm\/#website\",\"url\":\"https:\/\/instytutpolski.pl\/stockholm\/\",\"name\":\"Instytut Polski w Sztokholmie\",\"description\":\"Instytuty Polskie\",\"potentialAction\":[{\"@type\":\"SearchAction\",\"target\":{\"@type\":\"EntryPoint\",\"urlTemplate\":\"https:\/\/instytutpolski.pl\/stockholm\/?s={search_term_string}\"},\"query-input\":{\"@type\":\"PropertyValueSpecification\",\"valueRequired\":true,\"valueName\":\"search_term_string\"}}],\"inLanguage\":\"pl-PL\"},{\"@type\":\"Person\",\"@id\":\"\",\"url\":\"https:\/\/instytutpolski.pl\/stockholm\/author\/\"}]}<\/script>\n<!-- \/ Yoast SEO plugin. -->","yoast_head_json":{"title":"Reloaded! European Values - Instytut Polski w Sztokholmie","robots":{"index":"index","follow":"follow","max-snippet":"max-snippet:-1","max-image-preview":"max-image-preview:large","max-video-preview":"max-video-preview:-1"},"canonical":"https:\/\/instytutpolski.pl\/stockholm\/2019\/06\/05\/reloaded-european-values\/","og_locale":"pl_PL","og_type":"article","og_title":"Reloaded! European Values - Instytut Polski w Sztokholmie","og_description":"7-17 maj 2019 kl 9.00-17.00EuropahusetRegeringsgatan 65, StockholmFri entr\u00e9! Utst\u00e4llningen\u00a0Europa \u2013 Humanisternas arv\u00a0p\u00e5g\u00e5r den 7-17 maj i Europahuset. Utst\u00e4llningen introducerar flera enast\u00e5ende och inflytelserika, om \u00e4n inte s\u00e5 v\u00e4lk\u00e4nda, humanister, vilka har valts ut av Europa Humanistica under ledning av Wiens universitet och \u00d6sterrikiska Vetenskapsakademien. Varje land i Europa hade sina humanister \u2013 akademiker, f\u00f6rfattare, konstn\u00e4rer [&hellip;]","og_url":"https:\/\/instytutpolski.pl\/stockholm\/2019\/06\/05\/reloaded-european-values\/","og_site_name":"Instytut Polski w Sztokholmie","article_published_time":"2019-06-05T11:39:40+00:00","article_modified_time":"2020-06-03T17:13:49+00:00","og_image":[{"width":565,"height":267,"url":"https:\/\/instytutpolski.pl\/stockholm\/wp-content\/uploads\/sites\/17\/2019\/06\/EUNIC_Humanisci_3.jpg","type":"image\/jpeg"}],"twitter_card":"summary_large_image","twitter_misc":{"Napisane przez":"","Szacowany czas czytania":"1 minuta"},"schema":{"@context":"https:\/\/schema.org","@graph":[{"@type":"event","@id":"https:\/\/instytutpolski.pl\/stockholm\/2019\/06\/05\/reloaded-european-values\/","url":"https:\/\/instytutpolski.pl\/stockholm\/2019\/06\/05\/reloaded-european-values\/","name":"Reloaded! European Values","isPartOf":{"@id":"https:\/\/instytutpolski.pl\/stockholm\/#website"},"primaryImageOfPage":{"@id":"https:\/\/instytutpolski.pl\/stockholm\/2019\/06\/05\/reloaded-european-values\/#primaryimage"},"image":["https:\/\/instytutpolski.pl\/stockholm\/wp-content\/uploads\/sites\/17\/2019\/06\/EUNIC_Humanisci_3.jpg","https:\/\/instytutpolski.pl\/stockholm\/wp-content\/uploads\/sites\/17\/2019\/06\/EUNIC_Humanisci_3-300x142.jpg","https:\/\/instytutpolski.pl\/stockholm\/wp-content\/uploads\/sites\/17\/2019\/06\/EUNIC_Humanisci_3.jpg","https:\/\/instytutpolski.pl\/stockholm\/wp-content\/uploads\/sites\/17\/2019\/06\/EUNIC_Humanisci_3.jpg"],"thumbnailUrl":"https:\/\/instytutpolski.pl\/stockholm\/wp-content\/uploads\/sites\/17\/2019\/06\/EUNIC_Humanisci_3.jpg","datePublished":"2019-06-05T11:39:40+02:00","dateModified":"2020-06-03T17:13:49+02:00","author":{"@id":""},"breadcrumb":{"@id":"https:\/\/instytutpolski.pl\/stockholm\/2019\/06\/05\/reloaded-european-values\/#breadcrumb"},"inLanguage":"pl-PL","potentialAction":[{"@type":"ReadAction","target":["https:\/\/instytutpolski.pl\/stockholm\/2019\/06\/05\/reloaded-european-values\/"]}],"@context":"https:\/\/schema.org","startDate":"2019-05-07","endDate":"2019-05-17","eventStatus":"EventScheduled","eventAttendanceMode":"OfflineEventAttendanceMode","location":{"@type":"place","name":"","address":"","geo":{"@type":"GeoCoordinates","latitude":"","longitude":""}},"description":"7-17 maj 2019 kl 9.00-17.00EuropahusetRegeringsgatan 65, StockholmFri entr\u00e9!\nUtst\u00e4llningen\u00a0Europa \u2013 Humanisternas arv\u00a0p\u00e5g\u00e5r den 7-17 maj i Europahuset. Utst\u00e4llningen introducerar flera enast\u00e5ende och inflytelserika, om \u00e4n inte s\u00e5 v\u00e4lk\u00e4nda, humanister, vilka har valts ut av Europa Humanistica under ledning av Wiens universitet och \u00d6sterrikiska Vetenskapsakademien.Varje land i Europa hade sina humanister \u2013 akademiker, f\u00f6rfattare, konstn\u00e4rer och vetenskapsm\u00e4n \u2013 som utbytte id\u00e9er och tankar som \u00e4n idag utg\u00f6r europeiska v\u00e4rderingar: alla m\u00e4nniskors lika v\u00e4rde oavsett k\u00f6n, \u00e5lder, etnicitet och religion, individens frihet, demokrati och kritiskt t\u00e4nkande.Europa \u2013 Humanisternas arv presenterar humanister fr\u00e5n 20 europeiska l\u00e4nder.Den 15 maj bjuder vi p\u00e5 ett inneh\u00e5llsrikt program:kl. 16.30: Katharina \u00c5reskoug,\u00a0 EU-kommissionens direkt\u00f6r i Stockholm, h\u00e4lsar v\u00e4lkommenkl. 16.40: Humanisternas k\u00f6r och l\u00e4sning med n\u00e5gra av Dramatens sk\u00e5despelare i Atriumkl. 17.00: Europeisk humansim d\u00e5 &amp; nu, paneldebatt i auditoriet\u00a0Deltagare:Nina Burton, ess\u00e4ist och medlem i Kungliga Vetenskapsakademien, Anders Bergman, historiker och f\u00f6rfattare, Isak Hammar, historiker och verksamhetsledare f\u00f6r Humtank. Moderator \u00e4r Sverker S\u00f6rlin, professor vid KTH.kl.18:00: Mottagning med europeiska f\u00f6rfriskningar och kulinariska \u00f6verraskningar, EUNIC-Stockholm bjuder! (Atrium)kl.18.45: Filmvisning i auditoriet Filmvorf\u00fchrung (Auditorium): Die Mitte av Stanlislav Mucha (Tyskland 2004, 90 min, engelsk text)\u00a0N\u00e4r: 15 maj\u00a0 kl. 16.30 Uhr - 21.00Var: Europahuset, Regeringsgatan 65, 111 56 StockholmFri entr\u00e9V\u00e4nligen anm\u00e4l dig till: anmalan@stockholm.goethe.orgBegr\u00e4nsat antal platser!"},{"@type":"ImageObject","inLanguage":"pl-PL","@id":"https:\/\/instytutpolski.pl\/stockholm\/2019\/06\/05\/reloaded-european-values\/#primaryimage","url":"https:\/\/instytutpolski.pl\/stockholm\/wp-content\/uploads\/sites\/17\/2019\/06\/EUNIC_Humanisci_3.jpg","contentUrl":"https:\/\/instytutpolski.pl\/stockholm\/wp-content\/uploads\/sites\/17\/2019\/06\/EUNIC_Humanisci_3.jpg","width":565,"height":267},{"@type":"BreadcrumbList","@id":"https:\/\/instytutpolski.pl\/stockholm\/2019\/06\/05\/reloaded-european-values\/#breadcrumb","itemListElement":[{"@type":"ListItem","position":1,"name":"Home","item":"https:\/\/instytutpolski.pl\/stockholm\/"},{"@type":"ListItem","position":2,"name":"Reloaded! European Values"}]},{"@type":"WebSite","@id":"https:\/\/instytutpolski.pl\/stockholm\/#website","url":"https:\/\/instytutpolski.pl\/stockholm\/","name":"Instytut Polski w Sztokholmie","description":"Instytuty Polskie","potentialAction":[{"@type":"SearchAction","target":{"@type":"EntryPoint","urlTemplate":"https:\/\/instytutpolski.pl\/stockholm\/?s={search_term_string}"},"query-input":{"@type":"PropertyValueSpecification","valueRequired":true,"valueName":"search_term_string"}}],"inLanguage":"pl-PL"},{"@type":"Person","@id":"","url":"https:\/\/instytutpolski.pl\/stockholm\/author\/"}]}},"_links":{"self":[{"href":"https:\/\/instytutpolski.pl\/stockholm\/wp-json\/wp\/v2\/posts\/126","targetHints":{"allow":["GET"]}}],"collection":[{"href":"https:\/\/instytutpolski.pl\/stockholm\/wp-json\/wp\/v2\/posts"}],"about":[{"href":"https:\/\/instytutpolski.pl\/stockholm\/wp-json\/wp\/v2\/types\/post"}],"author":[{"embeddable":true,"href":"https:\/\/instytutpolski.pl\/stockholm\/wp-json\/wp\/v2\/users\/9"}],"replies":[{"embeddable":true,"href":"https:\/\/instytutpolski.pl\/stockholm\/wp-json\/wp\/v2\/comments?post=126"}],"version-history":[{"count":3,"href":"https:\/\/instytutpolski.pl\/stockholm\/wp-json\/wp\/v2\/posts\/126\/revisions"}],"predecessor-version":[{"id":2485,"href":"https:\/\/instytutpolski.pl\/stockholm\/wp-json\/wp\/v2\/posts\/126\/revisions\/2485"}],"wp:featuredmedia":[{"embeddable":true,"href":"https:\/\/instytutpolski.pl\/stockholm\/wp-json\/wp\/v2\/media\/127"}],"wp:attachment":[{"href":"https:\/\/instytutpolski.pl\/stockholm\/wp-json\/wp\/v2\/media?parent=126"}],"wp:term":[{"taxonomy":"category","embeddable":true,"href":"https:\/\/instytutpolski.pl\/stockholm\/wp-json\/wp\/v2\/categories?post=126"},{"taxonomy":"post_tag","embeddable":true,"href":"https:\/\/instytutpolski.pl\/stockholm\/wp-json\/wp\/v2\/tags?post=126"}],"curies":[{"name":"wp","href":"https:\/\/api.w.org\/{rel}","templated":true}]}}