{"id":12647,"date":"2024-06-10T14:55:14","date_gmt":"2024-06-10T12:55:14","guid":{"rendered":"https:\/\/instytutpolski.pl\/stockholm\/?p=12647"},"modified":"2024-06-10T14:56:11","modified_gmt":"2024-06-10T12:56:11","slug":"wydawnictwo-centrala-przyciagnelo-odwiedzajacych-festiwal-komiksu-zlymi-snami-polskiego-rysownika-janka-kozy","status":"publish","type":"post","link":"https:\/\/instytutpolski.pl\/stockholm\/pl\/2024\/06\/10\/wydawnictwo-centrala-przyciagnelo-odwiedzajacych-festiwal-komiksu-zlymi-snami-polskiego-rysownika-janka-kozy\/","title":{"rendered":"Wydawnictwo Centrala przyci\u0105gn\u0119\u0142o odwiedzaj\u0105cych Festiwal Komiksu \u201eZ\u0142ymi Snami\u201d polskiego rysownika Janka Kozy"},"content":{"rendered":"\n<p>Janek Koza wzi\u0105\u0142 udzia\u0142 w dyskusji panelowej wsp\u00f3lnie z czesk\u0105 artystk\u0105 Lucie Lomov\u00e1 oraz w\u0142a\u015bcicielem wydawnictwa Centrala Micha\u0142em S\u0142omk\u0105. Rozmow\u0119 poprowadzi\u0142 do\u015bwiadczony moderator Fredrik Str\u00f6mberg, kt\u00f3ry w swoich pytaniach skupi\u0142 si\u0119 zar\u00f3wno na osobistych do\u015bwiadczeniach uczestnik\u00f3w ze sztuk\u0105 komiksow\u0105, jak i na kontek\u015bcie wschodnioeuropejskim. Janek i Lucie pokazali tak\u017ce swoje prace w du\u017cym formacie, a s\u0142uchacze zadali wiele ciekawych pyta\u0144, wzbogacaj\u0105c dyskusj\u0119 o cenne spostrze\u017cenia.<\/p>\n\n\n\n<p>W ramach pokazu filmowego Something no yes! w Klarabiografen Janek Koza zebra\u0142 swoje najlepsze animacje i teledyski prezentuj\u0105c przekr\u00f3j swojej tw\u00f3rczo\u015bci, w kt\u00f3rym opowiada\u0142 zabawne i daj\u0105ce do my\u015blenia historie o wsp\u00f3\u0142czesnym spo\u0142ecze\u0144stwie. Cz\u0119\u015b\u0107 z animacji jest dost\u0119pna na <a href=\"https:\/\/cargocollective.com\/JanekKoza\/Animations\" target=\"_blank\" rel=\"noreferrer noopener\">oficjalnej stronie artysty<\/a>.<\/p>\n\n\n\n<p>Ciesz\u0105cy si\u0119 mi\u0119dzynarodowym uznaniem komiks Janka Kozy Z\u0142e Sny to zbi\u00f3r gorzkich opowie\u015bci o pragnieniu wyrwania si\u0119 z nu\u017c\u0105cej rzeczywisto\u015bci. Ksi\u0105\u017ck\u0119 mo\u017cna zakupi\u0107 m.in. na stronie wydawcy oraz na Amazon.<\/p>\n\n\n\n<p>Projekt powsta\u0142 we wsp\u00f3\u0142pracy z Serieteket, Czeskim Centrum w Sztokholmie, Ambasad\u0105 Republiki Czeskiej w Sztokholmie oraz wydawnictwem Centrala.<\/p>\n\n\n\n<pre class=\"wp-block-verse\"><\/pre>\n\n\n\n<figure class=\"wp-block-gallery has-nested-images columns-default is-cropped wp-block-gallery-1 is-layout-flex wp-block-gallery-is-layout-flex\">\n<figure class=\"wp-block-image size-large\"><img loading=\"lazy\" decoding=\"async\" width=\"768\" height=\"1024\" data-id=\"12650\" src=\"https:\/\/instytutpolski.pl\/stockholm\/wp-content\/uploads\/sites\/17\/2024\/06\/IMG_6110-768x1024.jpg\" alt=\"\" class=\"wp-image-12650\" srcset=\"https:\/\/instytutpolski.pl\/stockholm\/wp-content\/uploads\/sites\/17\/2024\/06\/IMG_6110-768x1024.jpg 768w, https:\/\/instytutpolski.pl\/stockholm\/wp-content\/uploads\/sites\/17\/2024\/06\/IMG_6110-225x300.jpg 225w, https:\/\/instytutpolski.pl\/stockholm\/wp-content\/uploads\/sites\/17\/2024\/06\/IMG_6110-1152x1536.jpg 1152w, https:\/\/instytutpolski.pl\/stockholm\/wp-content\/uploads\/sites\/17\/2024\/06\/IMG_6110-1536x2048.jpg 1536w, https:\/\/instytutpolski.pl\/stockholm\/wp-content\/uploads\/sites\/17\/2024\/06\/IMG_6110-scaled.jpg 1920w\" sizes=\"auto, (max-width: 768px) 100vw, 768px\" \/><\/figure>\n\n\n\n<figure class=\"wp-block-image size-large\"><img loading=\"lazy\" decoding=\"async\" width=\"789\" height=\"1024\" data-id=\"12648\" src=\"https:\/\/instytutpolski.pl\/stockholm\/wp-content\/uploads\/sites\/17\/2024\/06\/IMG_6068-789x1024.jpg\" alt=\"\" class=\"wp-image-12648\" srcset=\"https:\/\/instytutpolski.pl\/stockholm\/wp-content\/uploads\/sites\/17\/2024\/06\/IMG_6068-789x1024.jpg 789w, https:\/\/instytutpolski.pl\/stockholm\/wp-content\/uploads\/sites\/17\/2024\/06\/IMG_6068-231x300.jpg 231w, https:\/\/instytutpolski.pl\/stockholm\/wp-content\/uploads\/sites\/17\/2024\/06\/IMG_6068-768x997.jpg 768w, https:\/\/instytutpolski.pl\/stockholm\/wp-content\/uploads\/sites\/17\/2024\/06\/IMG_6068-1183x1536.jpg 1183w, https:\/\/instytutpolski.pl\/stockholm\/wp-content\/uploads\/sites\/17\/2024\/06\/IMG_6068-1577x2048.jpg 1577w, https:\/\/instytutpolski.pl\/stockholm\/wp-content\/uploads\/sites\/17\/2024\/06\/IMG_6068-scaled.jpg 1971w\" sizes=\"auto, (max-width: 789px) 100vw, 789px\" \/><\/figure>\n\n\n\n<figure class=\"wp-block-image size-large\"><img loading=\"lazy\" decoding=\"async\" width=\"768\" height=\"1024\" data-id=\"12649\" src=\"https:\/\/instytutpolski.pl\/stockholm\/wp-content\/uploads\/sites\/17\/2024\/06\/IMG_6096-768x1024.jpg\" alt=\"\" class=\"wp-image-12649\" srcset=\"https:\/\/instytutpolski.pl\/stockholm\/wp-content\/uploads\/sites\/17\/2024\/06\/IMG_6096-768x1024.jpg 768w, https:\/\/instytutpolski.pl\/stockholm\/wp-content\/uploads\/sites\/17\/2024\/06\/IMG_6096-225x300.jpg 225w, https:\/\/instytutpolski.pl\/stockholm\/wp-content\/uploads\/sites\/17\/2024\/06\/IMG_6096-1152x1536.jpg 1152w, https:\/\/instytutpolski.pl\/stockholm\/wp-content\/uploads\/sites\/17\/2024\/06\/IMG_6096-1536x2048.jpg 1536w, https:\/\/instytutpolski.pl\/stockholm\/wp-content\/uploads\/sites\/17\/2024\/06\/IMG_6096-scaled.jpg 1920w\" sizes=\"auto, (max-width: 768px) 100vw, 768px\" \/><\/figure>\n\n\n\n<figure class=\"wp-block-image size-large\"><img loading=\"lazy\" decoding=\"async\" width=\"771\" height=\"1024\" data-id=\"12652\" src=\"https:\/\/instytutpolski.pl\/stockholm\/wp-content\/uploads\/sites\/17\/2024\/06\/IMG_6141-771x1024.jpg\" alt=\"\" class=\"wp-image-12652\" srcset=\"https:\/\/instytutpolski.pl\/stockholm\/wp-content\/uploads\/sites\/17\/2024\/06\/IMG_6141-771x1024.jpg 771w, https:\/\/instytutpolski.pl\/stockholm\/wp-content\/uploads\/sites\/17\/2024\/06\/IMG_6141-226x300.jpg 226w, https:\/\/instytutpolski.pl\/stockholm\/wp-content\/uploads\/sites\/17\/2024\/06\/IMG_6141-768x1020.jpg 768w, https:\/\/instytutpolski.pl\/stockholm\/wp-content\/uploads\/sites\/17\/2024\/06\/IMG_6141-1156x1536.jpg 1156w, https:\/\/instytutpolski.pl\/stockholm\/wp-content\/uploads\/sites\/17\/2024\/06\/IMG_6141-1542x2048.jpg 1542w, https:\/\/instytutpolski.pl\/stockholm\/wp-content\/uploads\/sites\/17\/2024\/06\/IMG_6141-scaled.jpg 1927w\" sizes=\"auto, (max-width: 771px) 100vw, 771px\" \/><\/figure>\n\n\n\n<figure class=\"wp-block-image size-large\"><img loading=\"lazy\" decoding=\"async\" width=\"768\" height=\"1024\" data-id=\"12653\" src=\"https:\/\/instytutpolski.pl\/stockholm\/wp-content\/uploads\/sites\/17\/2024\/06\/IMG_6150-768x1024.jpg\" alt=\"\" class=\"wp-image-12653\" srcset=\"https:\/\/instytutpolski.pl\/stockholm\/wp-content\/uploads\/sites\/17\/2024\/06\/IMG_6150-768x1024.jpg 768w, https:\/\/instytutpolski.pl\/stockholm\/wp-content\/uploads\/sites\/17\/2024\/06\/IMG_6150-225x300.jpg 225w, https:\/\/instytutpolski.pl\/stockholm\/wp-content\/uploads\/sites\/17\/2024\/06\/IMG_6150-1152x1536.jpg 1152w, https:\/\/instytutpolski.pl\/stockholm\/wp-content\/uploads\/sites\/17\/2024\/06\/IMG_6150-1536x2048.jpg 1536w, https:\/\/instytutpolski.pl\/stockholm\/wp-content\/uploads\/sites\/17\/2024\/06\/IMG_6150-scaled.jpg 1920w\" sizes=\"auto, (max-width: 768px) 100vw, 768px\" \/><\/figure>\n\n\n\n<figure class=\"wp-block-image size-large\"><img loading=\"lazy\" decoding=\"async\" width=\"764\" height=\"1024\" data-id=\"12657\" src=\"https:\/\/instytutpolski.pl\/stockholm\/wp-content\/uploads\/sites\/17\/2024\/06\/IMG_6282-764x1024.jpg\" alt=\"\" class=\"wp-image-12657\" srcset=\"https:\/\/instytutpolski.pl\/stockholm\/wp-content\/uploads\/sites\/17\/2024\/06\/IMG_6282-764x1024.jpg 764w, https:\/\/instytutpolski.pl\/stockholm\/wp-content\/uploads\/sites\/17\/2024\/06\/IMG_6282-224x300.jpg 224w, https:\/\/instytutpolski.pl\/stockholm\/wp-content\/uploads\/sites\/17\/2024\/06\/IMG_6282-768x1030.jpg 768w, https:\/\/instytutpolski.pl\/stockholm\/wp-content\/uploads\/sites\/17\/2024\/06\/IMG_6282-1146x1536.jpg 1146w, https:\/\/instytutpolski.pl\/stockholm\/wp-content\/uploads\/sites\/17\/2024\/06\/IMG_6282-1527x2048.jpg 1527w, https:\/\/instytutpolski.pl\/stockholm\/wp-content\/uploads\/sites\/17\/2024\/06\/IMG_6282-scaled.jpg 1909w\" sizes=\"auto, (max-width: 764px) 100vw, 764px\" \/><\/figure>\n\n\n\n<figure class=\"wp-block-image size-large\"><img loading=\"lazy\" decoding=\"async\" width=\"1024\" height=\"755\" data-id=\"12654\" src=\"https:\/\/instytutpolski.pl\/stockholm\/wp-content\/uploads\/sites\/17\/2024\/06\/IMG_6163-1024x755.jpg\" alt=\"\" class=\"wp-image-12654\" srcset=\"https:\/\/instytutpolski.pl\/stockholm\/wp-content\/uploads\/sites\/17\/2024\/06\/IMG_6163-1024x755.jpg 1024w, https:\/\/instytutpolski.pl\/stockholm\/wp-content\/uploads\/sites\/17\/2024\/06\/IMG_6163-300x221.jpg 300w, https:\/\/instytutpolski.pl\/stockholm\/wp-content\/uploads\/sites\/17\/2024\/06\/IMG_6163-768x566.jpg 768w, https:\/\/instytutpolski.pl\/stockholm\/wp-content\/uploads\/sites\/17\/2024\/06\/IMG_6163-1536x1132.jpg 1536w, https:\/\/instytutpolski.pl\/stockholm\/wp-content\/uploads\/sites\/17\/2024\/06\/IMG_6163-2048x1510.jpg 2048w\" sizes=\"auto, (max-width: 1024px) 100vw, 1024px\" \/><\/figure>\n\n\n\n<figure class=\"wp-block-image size-large\"><img loading=\"lazy\" decoding=\"async\" width=\"1024\" height=\"768\" data-id=\"12655\" src=\"https:\/\/instytutpolski.pl\/stockholm\/wp-content\/uploads\/sites\/17\/2024\/06\/IMG_6191-1024x768.jpg\" alt=\"\" class=\"wp-image-12655\" srcset=\"https:\/\/instytutpolski.pl\/stockholm\/wp-content\/uploads\/sites\/17\/2024\/06\/IMG_6191-1024x768.jpg 1024w, https:\/\/instytutpolski.pl\/stockholm\/wp-content\/uploads\/sites\/17\/2024\/06\/IMG_6191-300x225.jpg 300w, https:\/\/instytutpolski.pl\/stockholm\/wp-content\/uploads\/sites\/17\/2024\/06\/IMG_6191-768x576.jpg 768w, https:\/\/instytutpolski.pl\/stockholm\/wp-content\/uploads\/sites\/17\/2024\/06\/IMG_6191-1536x1152.jpg 1536w, https:\/\/instytutpolski.pl\/stockholm\/wp-content\/uploads\/sites\/17\/2024\/06\/IMG_6191-2048x1536.jpg 2048w\" sizes=\"auto, (max-width: 1024px) 100vw, 1024px\" \/><\/figure>\n\n\n\n<figure class=\"wp-block-image size-large\"><img loading=\"lazy\" decoding=\"async\" width=\"1024\" height=\"768\" data-id=\"12656\" src=\"https:\/\/instytutpolski.pl\/stockholm\/wp-content\/uploads\/sites\/17\/2024\/06\/IMG_6228-1024x768.jpg\" alt=\"\" class=\"wp-image-12656\" srcset=\"https:\/\/instytutpolski.pl\/stockholm\/wp-content\/uploads\/sites\/17\/2024\/06\/IMG_6228-1024x768.jpg 1024w, https:\/\/instytutpolski.pl\/stockholm\/wp-content\/uploads\/sites\/17\/2024\/06\/IMG_6228-300x225.jpg 300w, https:\/\/instytutpolski.pl\/stockholm\/wp-content\/uploads\/sites\/17\/2024\/06\/IMG_6228-768x576.jpg 768w, https:\/\/instytutpolski.pl\/stockholm\/wp-content\/uploads\/sites\/17\/2024\/06\/IMG_6228-1536x1152.jpg 1536w, https:\/\/instytutpolski.pl\/stockholm\/wp-content\/uploads\/sites\/17\/2024\/06\/IMG_6228-2048x1536.jpg 2048w\" sizes=\"auto, (max-width: 1024px) 100vw, 1024px\" \/><\/figure>\n\n\n\n<figure class=\"wp-block-image size-large\"><img loading=\"lazy\" decoding=\"async\" width=\"768\" height=\"1024\" data-id=\"12661\" src=\"https:\/\/instytutpolski.pl\/stockholm\/wp-content\/uploads\/sites\/17\/2024\/06\/IMG_6330-768x1024.jpg\" alt=\"\" class=\"wp-image-12661\" srcset=\"https:\/\/instytutpolski.pl\/stockholm\/wp-content\/uploads\/sites\/17\/2024\/06\/IMG_6330-768x1024.jpg 768w, https:\/\/instytutpolski.pl\/stockholm\/wp-content\/uploads\/sites\/17\/2024\/06\/IMG_6330-225x300.jpg 225w, https:\/\/instytutpolski.pl\/stockholm\/wp-content\/uploads\/sites\/17\/2024\/06\/IMG_6330-1152x1536.jpg 1152w, https:\/\/instytutpolski.pl\/stockholm\/wp-content\/uploads\/sites\/17\/2024\/06\/IMG_6330-1536x2048.jpg 1536w, https:\/\/instytutpolski.pl\/stockholm\/wp-content\/uploads\/sites\/17\/2024\/06\/IMG_6330-scaled.jpg 1920w\" sizes=\"auto, (max-width: 768px) 100vw, 768px\" \/><\/figure>\n\n\n\n<figure class=\"wp-block-image size-large\"><img loading=\"lazy\" decoding=\"async\" width=\"768\" height=\"1024\" data-id=\"12659\" src=\"https:\/\/instytutpolski.pl\/stockholm\/wp-content\/uploads\/sites\/17\/2024\/06\/IMG_6305-768x1024.jpg\" alt=\"\" class=\"wp-image-12659\" srcset=\"https:\/\/instytutpolski.pl\/stockholm\/wp-content\/uploads\/sites\/17\/2024\/06\/IMG_6305-768x1024.jpg 768w, https:\/\/instytutpolski.pl\/stockholm\/wp-content\/uploads\/sites\/17\/2024\/06\/IMG_6305-225x300.jpg 225w, https:\/\/instytutpolski.pl\/stockholm\/wp-content\/uploads\/sites\/17\/2024\/06\/IMG_6305-1152x1536.jpg 1152w, https:\/\/instytutpolski.pl\/stockholm\/wp-content\/uploads\/sites\/17\/2024\/06\/IMG_6305-1536x2048.jpg 1536w, https:\/\/instytutpolski.pl\/stockholm\/wp-content\/uploads\/sites\/17\/2024\/06\/IMG_6305-scaled.jpg 1920w\" sizes=\"auto, (max-width: 768px) 100vw, 768px\" \/><\/figure>\n\n\n\n<figure class=\"wp-block-image size-large\"><img loading=\"lazy\" decoding=\"async\" width=\"768\" height=\"1024\" data-id=\"12660\" src=\"https:\/\/instytutpolski.pl\/stockholm\/wp-content\/uploads\/sites\/17\/2024\/06\/IMG_6316-768x1024.jpg\" alt=\"\" class=\"wp-image-12660\" srcset=\"https:\/\/instytutpolski.pl\/stockholm\/wp-content\/uploads\/sites\/17\/2024\/06\/IMG_6316-768x1024.jpg 768w, https:\/\/instytutpolski.pl\/stockholm\/wp-content\/uploads\/sites\/17\/2024\/06\/IMG_6316-225x300.jpg 225w, https:\/\/instytutpolski.pl\/stockholm\/wp-content\/uploads\/sites\/17\/2024\/06\/IMG_6316-1152x1536.jpg 1152w, https:\/\/instytutpolski.pl\/stockholm\/wp-content\/uploads\/sites\/17\/2024\/06\/IMG_6316-1536x2048.jpg 1536w, https:\/\/instytutpolski.pl\/stockholm\/wp-content\/uploads\/sites\/17\/2024\/06\/IMG_6316-scaled.jpg 1920w\" sizes=\"auto, (max-width: 768px) 100vw, 768px\" \/><\/figure>\n\n\n\n<figure class=\"wp-block-image size-large\"><img loading=\"lazy\" decoding=\"async\" width=\"1024\" height=\"768\" data-id=\"12658\" src=\"https:\/\/instytutpolski.pl\/stockholm\/wp-content\/uploads\/sites\/17\/2024\/06\/IMG_6287-1024x768.jpg\" alt=\"\" class=\"wp-image-12658\" srcset=\"https:\/\/instytutpolski.pl\/stockholm\/wp-content\/uploads\/sites\/17\/2024\/06\/IMG_6287-1024x768.jpg 1024w, https:\/\/instytutpolski.pl\/stockholm\/wp-content\/uploads\/sites\/17\/2024\/06\/IMG_6287-300x225.jpg 300w, https:\/\/instytutpolski.pl\/stockholm\/wp-content\/uploads\/sites\/17\/2024\/06\/IMG_6287-768x576.jpg 768w, https:\/\/instytutpolski.pl\/stockholm\/wp-content\/uploads\/sites\/17\/2024\/06\/IMG_6287-1536x1152.jpg 1536w, https:\/\/instytutpolski.pl\/stockholm\/wp-content\/uploads\/sites\/17\/2024\/06\/IMG_6287-2048x1536.jpg 2048w\" sizes=\"auto, (max-width: 1024px) 100vw, 1024px\" \/><\/figure>\n\n\n\n<figure class=\"wp-block-image size-large\"><img loading=\"lazy\" decoding=\"async\" width=\"1024\" height=\"768\" data-id=\"12662\" src=\"https:\/\/instytutpolski.pl\/stockholm\/wp-content\/uploads\/sites\/17\/2024\/06\/IMG_6339-1024x768.jpg\" alt=\"\" class=\"wp-image-12662\" srcset=\"https:\/\/instytutpolski.pl\/stockholm\/wp-content\/uploads\/sites\/17\/2024\/06\/IMG_6339-1024x768.jpg 1024w, https:\/\/instytutpolski.pl\/stockholm\/wp-content\/uploads\/sites\/17\/2024\/06\/IMG_6339-300x225.jpg 300w, https:\/\/instytutpolski.pl\/stockholm\/wp-content\/uploads\/sites\/17\/2024\/06\/IMG_6339-768x576.jpg 768w, https:\/\/instytutpolski.pl\/stockholm\/wp-content\/uploads\/sites\/17\/2024\/06\/IMG_6339-1536x1152.jpg 1536w, https:\/\/instytutpolski.pl\/stockholm\/wp-content\/uploads\/sites\/17\/2024\/06\/IMG_6339-2048x1536.jpg 2048w\" sizes=\"auto, (max-width: 1024px) 100vw, 1024px\" \/><\/figure>\n<\/figure>\n","protected":false},"excerpt":{"rendered":"<p>Janek Koza wzi\u0105\u0142 udzia\u0142 w dyskusji panelowej wsp\u00f3lnie z czesk\u0105 artystk\u0105 Lucie Lomov\u00e1 oraz w\u0142a\u015bcicielem wydawnictwa Centrala Micha\u0142em S\u0142omk\u0105. Rozmow\u0119 poprowadzi\u0142 do\u015bwiadczony moderator Fredrik Str\u00f6mberg, kt\u00f3ry w swoich pytaniach skupi\u0142 si\u0119 zar\u00f3wno na osobistych do\u015bwiadczeniach uczestnik\u00f3w ze sztuk\u0105 komiksow\u0105, jak i na kontek\u015bcie wschodnioeuropejskim. Janek i Lucie pokazali tak\u017ce swoje prace w du\u017cym formacie, a [&hellip;]<\/p>\n","protected":false},"author":173,"featured_media":12656,"comment_status":"closed","ping_status":"closed","sticky":true,"template":"","format":"standard","meta":{"inline_featured_image":false,"_monsterinsights_skip_tracking":false,"_monsterinsights_sitenote_active":false,"_monsterinsights_sitenote_note":"","_monsterinsights_sitenote_category":0,"footnotes":""},"categories":[208],"tags":[],"class_list":["post-12647","post","type-post","status-publish","format-standard","has-post-thumbnail","hentry","category-galeria-pl"],"yoast_head":"<!-- This site is optimized with the Yoast SEO plugin v24.6 - https:\/\/yoast.com\/wordpress\/plugins\/seo\/ -->\n<title>Wydawnictwo Centrala przyci\u0105gn\u0119\u0142o odwiedzaj\u0105cych Festiwal Komiksu \u201eZ\u0142ymi Snami\u201d polskiego rysownika Janka Kozy - Instytut Polski w Sztokholmie<\/title>\n<meta name=\"robots\" content=\"index, follow, max-snippet:-1, max-image-preview:large, max-video-preview:-1\" \/>\n<link rel=\"canonical\" href=\"https:\/\/instytutpolski.pl\/stockholm\/pl\/2024\/06\/10\/wydawnictwo-centrala-przyciagnelo-odwiedzajacych-festiwal-komiksu-zlymi-snami-polskiego-rysownika-janka-kozy\/\" \/>\n<meta property=\"og:locale\" content=\"pl_PL\" \/>\n<meta property=\"og:type\" content=\"article\" \/>\n<meta property=\"og:title\" content=\"Wydawnictwo Centrala przyci\u0105gn\u0119\u0142o odwiedzaj\u0105cych Festiwal Komiksu \u201eZ\u0142ymi Snami\u201d polskiego rysownika Janka Kozy - Instytut Polski w Sztokholmie\" \/>\n<meta property=\"og:description\" content=\"Janek Koza wzi\u0105\u0142 udzia\u0142 w dyskusji panelowej wsp\u00f3lnie z czesk\u0105 artystk\u0105 Lucie Lomov\u00e1 oraz w\u0142a\u015bcicielem wydawnictwa Centrala Micha\u0142em S\u0142omk\u0105. Rozmow\u0119 poprowadzi\u0142 do\u015bwiadczony moderator Fredrik Str\u00f6mberg, kt\u00f3ry w swoich pytaniach skupi\u0142 si\u0119 zar\u00f3wno na osobistych do\u015bwiadczeniach uczestnik\u00f3w ze sztuk\u0105 komiksow\u0105, jak i na kontek\u015bcie wschodnioeuropejskim. Janek i Lucie pokazali tak\u017ce swoje prace w du\u017cym formacie, a [&hellip;]\" \/>\n<meta property=\"og:url\" content=\"https:\/\/instytutpolski.pl\/stockholm\/pl\/2024\/06\/10\/wydawnictwo-centrala-przyciagnelo-odwiedzajacych-festiwal-komiksu-zlymi-snami-polskiego-rysownika-janka-kozy\/\" \/>\n<meta property=\"og:site_name\" content=\"Instytut Polski w Sztokholmie\" \/>\n<meta property=\"article:published_time\" content=\"2024-06-10T12:55:14+00:00\" \/>\n<meta property=\"article:modified_time\" content=\"2024-06-10T12:56:11+00:00\" \/>\n<meta property=\"og:image\" content=\"https:\/\/instytutpolski.pl\/stockholm\/wp-content\/uploads\/sites\/17\/2024\/06\/IMG_6228-scaled.jpg\" \/>\n\t<meta property=\"og:image:width\" content=\"2560\" \/>\n\t<meta property=\"og:image:height\" content=\"1920\" \/>\n\t<meta property=\"og:image:type\" content=\"image\/jpeg\" \/>\n<meta name=\"author\" content=\"treichelp\" \/>\n<meta name=\"twitter:card\" content=\"summary_large_image\" \/>\n<meta name=\"twitter:label1\" content=\"Napisane przez\" \/>\n\t<meta name=\"twitter:data1\" content=\"treichelp\" \/>\n\t<meta name=\"twitter:label2\" content=\"Szacowany czas czytania\" \/>\n\t<meta name=\"twitter:data2\" content=\"4 minuty\" \/>\n<script type=\"application\/ld+json\" class=\"yoast-schema-graph\">{\"@context\":\"https:\/\/schema.org\",\"@graph\":[{\"@type\":\"event\",\"@id\":\"https:\/\/instytutpolski.pl\/stockholm\/pl\/2024\/06\/10\/wydawnictwo-centrala-przyciagnelo-odwiedzajacych-festiwal-komiksu-zlymi-snami-polskiego-rysownika-janka-kozy\/\",\"url\":\"https:\/\/instytutpolski.pl\/stockholm\/pl\/2024\/06\/10\/wydawnictwo-centrala-przyciagnelo-odwiedzajacych-festiwal-komiksu-zlymi-snami-polskiego-rysownika-janka-kozy\/\",\"name\":\"Wydawnictwo Centrala przyci\u0105gn\u0119\u0142o odwiedzaj\u0105cych Festiwal Komiksu \u201eZ\u0142ymi Snami\u201d polskiego rysownika Janka Kozy\",\"isPartOf\":{\"@id\":\"https:\/\/instytutpolski.pl\/stockholm\/#website\"},\"primaryImageOfPage\":{\"@id\":\"https:\/\/instytutpolski.pl\/stockholm\/pl\/2024\/06\/10\/wydawnictwo-centrala-przyciagnelo-odwiedzajacych-festiwal-komiksu-zlymi-snami-polskiego-rysownika-janka-kozy\/#primaryimage\"},\"image\":[\"https:\/\/instytutpolski.pl\/stockholm\/wp-content\/uploads\/sites\/17\/2024\/06\/IMG_6228-scaled.jpg\",\"https:\/\/instytutpolski.pl\/stockholm\/wp-content\/uploads\/sites\/17\/2024\/06\/IMG_6228-300x225.jpg\",\"https:\/\/instytutpolski.pl\/stockholm\/wp-content\/uploads\/sites\/17\/2024\/06\/IMG_6228-1024x768.jpg\",\"https:\/\/instytutpolski.pl\/stockholm\/wp-content\/uploads\/sites\/17\/2024\/06\/IMG_6228-scaled.jpg\"],\"thumbnailUrl\":\"https:\/\/instytutpolski.pl\/stockholm\/wp-content\/uploads\/sites\/17\/2024\/06\/IMG_6228-scaled.jpg\",\"datePublished\":\"2024-06-10T12:55:14+02:00\",\"dateModified\":\"2024-06-10T12:56:11+02:00\",\"author\":{\"@id\":\"https:\/\/instytutpolski.pl\/stockholm\/#\/schema\/person\/866a2c0f4ccf0982a286809684f7bc1e\"},\"breadcrumb\":{\"@id\":\"https:\/\/instytutpolski.pl\/stockholm\/pl\/2024\/06\/10\/wydawnictwo-centrala-przyciagnelo-odwiedzajacych-festiwal-komiksu-zlymi-snami-polskiego-rysownika-janka-kozy\/#breadcrumb\"},\"inLanguage\":\"pl-PL\",\"potentialAction\":[{\"@type\":\"ReadAction\",\"target\":[\"https:\/\/instytutpolski.pl\/stockholm\/pl\/2024\/06\/10\/wydawnictwo-centrala-przyciagnelo-odwiedzajacych-festiwal-komiksu-zlymi-snami-polskiego-rysownika-janka-kozy\/\"]}],\"@context\":\"https:\/\/schema.org\",\"startDate\":\"2024-05-25\",\"endDate\":\"2024-05-26\",\"eventStatus\":\"EventScheduled\",\"eventAttendanceMode\":\"OfflineEventAttendanceMode\",\"location\":{\"@type\":\"place\",\"name\":\"Kulturbiblioteket, Kulturhuset Stadsteatern\",\"address\":\"Kulturbiblioteket, Kulturhuset Stadsteatern\",\"geo\":{\"@type\":\"GeoCoordinates\",\"latitude\":\"59.26415656092087\",\"longitude\":\"17.82550884322833\"}},\"description\":\"Janek Koza wzi\u0105\u0142 udzia\u0142 w dyskusji panelowej wsp\u00f3lnie z czesk\u0105 artystk\u0105 Lucie Lomov\u00e1 oraz w\u0142a\u015bcicielem wydawnictwa Centrala Micha\u0142em S\u0142omk\u0105. Rozmow\u0119 poprowadzi\u0142 do\u015bwiadczony moderator Fredrik Str\u00f6mberg, kt\u00f3ry w swoich pytaniach skupi\u0142 si\u0119 zar\u00f3wno na osobistych do\u015bwiadczeniach uczestnik\u00f3w ze sztuk\u0105 komiksow\u0105, jak i na kontek\u015bcie wschodnioeuropejskim. Janek i Lucie pokazali tak\u017ce swoje prace w du\u017cym formacie, a s\u0142uchacze zadali wiele ciekawych pyta\u0144, wzbogacaj\u0105c dyskusj\u0119 o cenne spostrze\u017cenia.\\nW ramach pokazu filmowego Something no yes! w Klarabiografen Janek Koza zebra\u0142 swoje najlepsze animacje i teledyski prezentuj\u0105c przekr\u00f3j swojej tw\u00f3rczo\u015bci, w kt\u00f3rym opowiada\u0142 zabawne i daj\u0105ce do my\u015blenia historie o wsp\u00f3\u0142czesnym spo\u0142ecze\u0144stwie. Cz\u0119\u015b\u0107 z animacji jest dost\u0119pna na oficjalnej stronie artysty.\\nCiesz\u0105cy si\u0119 mi\u0119dzynarodowym uznaniem komiks Janka Kozy Z\u0142e Sny to zbi\u00f3r gorzkich opowie\u015bci o pragnieniu wyrwania si\u0119 z nu\u017c\u0105cej rzeczywisto\u015bci. Ksi\u0105\u017ck\u0119 mo\u017cna zakupi\u0107 m.in. na stronie wydawcy oraz na Amazon.\\nProjekt powsta\u0142 we wsp\u00f3\u0142pracy z Serieteket, Czeskim Centrum w Sztokholmie, Ambasad\u0105 Republiki Czeskiej w Sztokholmie oraz wydawnictwem Centrala.\"},{\"@type\":\"ImageObject\",\"inLanguage\":\"pl-PL\",\"@id\":\"https:\/\/instytutpolski.pl\/stockholm\/pl\/2024\/06\/10\/wydawnictwo-centrala-przyciagnelo-odwiedzajacych-festiwal-komiksu-zlymi-snami-polskiego-rysownika-janka-kozy\/#primaryimage\",\"url\":\"https:\/\/instytutpolski.pl\/stockholm\/wp-content\/uploads\/sites\/17\/2024\/06\/IMG_6228-scaled.jpg\",\"contentUrl\":\"https:\/\/instytutpolski.pl\/stockholm\/wp-content\/uploads\/sites\/17\/2024\/06\/IMG_6228-scaled.jpg\",\"width\":2560,\"height\":1920},{\"@type\":\"BreadcrumbList\",\"@id\":\"https:\/\/instytutpolski.pl\/stockholm\/pl\/2024\/06\/10\/wydawnictwo-centrala-przyciagnelo-odwiedzajacych-festiwal-komiksu-zlymi-snami-polskiego-rysownika-janka-kozy\/#breadcrumb\",\"itemListElement\":[{\"@type\":\"ListItem\",\"position\":1,\"name\":\"Home\",\"item\":\"https:\/\/instytutpolski.pl\/stockholm\/\"},{\"@type\":\"ListItem\",\"position\":2,\"name\":\"Wydawnictwo Centrala przyci\u0105gn\u0119\u0142o odwiedzaj\u0105cych Festiwal Komiksu \u201eZ\u0142ymi Snami\u201d polskiego rysownika Janka Kozy\"}]},{\"@type\":\"WebSite\",\"@id\":\"https:\/\/instytutpolski.pl\/stockholm\/#website\",\"url\":\"https:\/\/instytutpolski.pl\/stockholm\/\",\"name\":\"Instytut Polski w Sztokholmie\",\"description\":\"Instytuty Polskie\",\"potentialAction\":[{\"@type\":\"SearchAction\",\"target\":{\"@type\":\"EntryPoint\",\"urlTemplate\":\"https:\/\/instytutpolski.pl\/stockholm\/?s={search_term_string}\"},\"query-input\":{\"@type\":\"PropertyValueSpecification\",\"valueRequired\":true,\"valueName\":\"search_term_string\"}}],\"inLanguage\":\"pl-PL\"},{\"@type\":\"Person\",\"@id\":\"https:\/\/instytutpolski.pl\/stockholm\/#\/schema\/person\/866a2c0f4ccf0982a286809684f7bc1e\",\"name\":\"treichelp\",\"image\":{\"@type\":\"ImageObject\",\"inLanguage\":\"pl-PL\",\"@id\":\"https:\/\/instytutpolski.pl\/stockholm\/#\/schema\/person\/image\/\",\"url\":\"https:\/\/secure.gravatar.com\/avatar\/fb2c1caae0df0854742a56fc463dd1fb?s=96&d=mm&r=g\",\"contentUrl\":\"https:\/\/secure.gravatar.com\/avatar\/fb2c1caae0df0854742a56fc463dd1fb?s=96&d=mm&r=g\",\"caption\":\"treichelp\"},\"url\":\"https:\/\/instytutpolski.pl\/stockholm\/author\/treichelp\/\"}]}<\/script>\n<!-- \/ Yoast SEO plugin. -->","yoast_head_json":{"title":"Wydawnictwo Centrala przyci\u0105gn\u0119\u0142o odwiedzaj\u0105cych Festiwal Komiksu \u201eZ\u0142ymi Snami\u201d polskiego rysownika Janka Kozy - Instytut Polski w Sztokholmie","robots":{"index":"index","follow":"follow","max-snippet":"max-snippet:-1","max-image-preview":"max-image-preview:large","max-video-preview":"max-video-preview:-1"},"canonical":"https:\/\/instytutpolski.pl\/stockholm\/pl\/2024\/06\/10\/wydawnictwo-centrala-przyciagnelo-odwiedzajacych-festiwal-komiksu-zlymi-snami-polskiego-rysownika-janka-kozy\/","og_locale":"pl_PL","og_type":"article","og_title":"Wydawnictwo Centrala przyci\u0105gn\u0119\u0142o odwiedzaj\u0105cych Festiwal Komiksu \u201eZ\u0142ymi Snami\u201d polskiego rysownika Janka Kozy - Instytut Polski w Sztokholmie","og_description":"Janek Koza wzi\u0105\u0142 udzia\u0142 w dyskusji panelowej wsp\u00f3lnie z czesk\u0105 artystk\u0105 Lucie Lomov\u00e1 oraz w\u0142a\u015bcicielem wydawnictwa Centrala Micha\u0142em S\u0142omk\u0105. Rozmow\u0119 poprowadzi\u0142 do\u015bwiadczony moderator Fredrik Str\u00f6mberg, kt\u00f3ry w swoich pytaniach skupi\u0142 si\u0119 zar\u00f3wno na osobistych do\u015bwiadczeniach uczestnik\u00f3w ze sztuk\u0105 komiksow\u0105, jak i na kontek\u015bcie wschodnioeuropejskim. Janek i Lucie pokazali tak\u017ce swoje prace w du\u017cym formacie, a [&hellip;]","og_url":"https:\/\/instytutpolski.pl\/stockholm\/pl\/2024\/06\/10\/wydawnictwo-centrala-przyciagnelo-odwiedzajacych-festiwal-komiksu-zlymi-snami-polskiego-rysownika-janka-kozy\/","og_site_name":"Instytut Polski w Sztokholmie","article_published_time":"2024-06-10T12:55:14+00:00","article_modified_time":"2024-06-10T12:56:11+00:00","og_image":[{"width":2560,"height":1920,"url":"https:\/\/instytutpolski.pl\/stockholm\/wp-content\/uploads\/sites\/17\/2024\/06\/IMG_6228-scaled.jpg","type":"image\/jpeg"}],"author":"treichelp","twitter_card":"summary_large_image","twitter_misc":{"Napisane przez":"treichelp","Szacowany czas czytania":"4 minuty"},"schema":{"@context":"https:\/\/schema.org","@graph":[{"@type":"event","@id":"https:\/\/instytutpolski.pl\/stockholm\/pl\/2024\/06\/10\/wydawnictwo-centrala-przyciagnelo-odwiedzajacych-festiwal-komiksu-zlymi-snami-polskiego-rysownika-janka-kozy\/","url":"https:\/\/instytutpolski.pl\/stockholm\/pl\/2024\/06\/10\/wydawnictwo-centrala-przyciagnelo-odwiedzajacych-festiwal-komiksu-zlymi-snami-polskiego-rysownika-janka-kozy\/","name":"Wydawnictwo Centrala przyci\u0105gn\u0119\u0142o odwiedzaj\u0105cych Festiwal Komiksu \u201eZ\u0142ymi Snami\u201d polskiego rysownika Janka Kozy","isPartOf":{"@id":"https:\/\/instytutpolski.pl\/stockholm\/#website"},"primaryImageOfPage":{"@id":"https:\/\/instytutpolski.pl\/stockholm\/pl\/2024\/06\/10\/wydawnictwo-centrala-przyciagnelo-odwiedzajacych-festiwal-komiksu-zlymi-snami-polskiego-rysownika-janka-kozy\/#primaryimage"},"image":["https:\/\/instytutpolski.pl\/stockholm\/wp-content\/uploads\/sites\/17\/2024\/06\/IMG_6228-scaled.jpg","https:\/\/instytutpolski.pl\/stockholm\/wp-content\/uploads\/sites\/17\/2024\/06\/IMG_6228-300x225.jpg","https:\/\/instytutpolski.pl\/stockholm\/wp-content\/uploads\/sites\/17\/2024\/06\/IMG_6228-1024x768.jpg","https:\/\/instytutpolski.pl\/stockholm\/wp-content\/uploads\/sites\/17\/2024\/06\/IMG_6228-scaled.jpg"],"thumbnailUrl":"https:\/\/instytutpolski.pl\/stockholm\/wp-content\/uploads\/sites\/17\/2024\/06\/IMG_6228-scaled.jpg","datePublished":"2024-06-10T12:55:14+02:00","dateModified":"2024-06-10T12:56:11+02:00","author":{"@id":"https:\/\/instytutpolski.pl\/stockholm\/#\/schema\/person\/866a2c0f4ccf0982a286809684f7bc1e"},"breadcrumb":{"@id":"https:\/\/instytutpolski.pl\/stockholm\/pl\/2024\/06\/10\/wydawnictwo-centrala-przyciagnelo-odwiedzajacych-festiwal-komiksu-zlymi-snami-polskiego-rysownika-janka-kozy\/#breadcrumb"},"inLanguage":"pl-PL","potentialAction":[{"@type":"ReadAction","target":["https:\/\/instytutpolski.pl\/stockholm\/pl\/2024\/06\/10\/wydawnictwo-centrala-przyciagnelo-odwiedzajacych-festiwal-komiksu-zlymi-snami-polskiego-rysownika-janka-kozy\/"]}],"@context":"https:\/\/schema.org","startDate":"2024-05-25","endDate":"2024-05-26","eventStatus":"EventScheduled","eventAttendanceMode":"OfflineEventAttendanceMode","location":{"@type":"place","name":"Kulturbiblioteket, Kulturhuset Stadsteatern","address":"Kulturbiblioteket, Kulturhuset Stadsteatern","geo":{"@type":"GeoCoordinates","latitude":"59.26415656092087","longitude":"17.82550884322833"}},"description":"Janek Koza wzi\u0105\u0142 udzia\u0142 w dyskusji panelowej wsp\u00f3lnie z czesk\u0105 artystk\u0105 Lucie Lomov\u00e1 oraz w\u0142a\u015bcicielem wydawnictwa Centrala Micha\u0142em S\u0142omk\u0105. Rozmow\u0119 poprowadzi\u0142 do\u015bwiadczony moderator Fredrik Str\u00f6mberg, kt\u00f3ry w swoich pytaniach skupi\u0142 si\u0119 zar\u00f3wno na osobistych do\u015bwiadczeniach uczestnik\u00f3w ze sztuk\u0105 komiksow\u0105, jak i na kontek\u015bcie wschodnioeuropejskim. Janek i Lucie pokazali tak\u017ce swoje prace w du\u017cym formacie, a s\u0142uchacze zadali wiele ciekawych pyta\u0144, wzbogacaj\u0105c dyskusj\u0119 o cenne spostrze\u017cenia.\nW ramach pokazu filmowego Something no yes! w Klarabiografen Janek Koza zebra\u0142 swoje najlepsze animacje i teledyski prezentuj\u0105c przekr\u00f3j swojej tw\u00f3rczo\u015bci, w kt\u00f3rym opowiada\u0142 zabawne i daj\u0105ce do my\u015blenia historie o wsp\u00f3\u0142czesnym spo\u0142ecze\u0144stwie. Cz\u0119\u015b\u0107 z animacji jest dost\u0119pna na oficjalnej stronie artysty.\nCiesz\u0105cy si\u0119 mi\u0119dzynarodowym uznaniem komiks Janka Kozy Z\u0142e Sny to zbi\u00f3r gorzkich opowie\u015bci o pragnieniu wyrwania si\u0119 z nu\u017c\u0105cej rzeczywisto\u015bci. Ksi\u0105\u017ck\u0119 mo\u017cna zakupi\u0107 m.in. na stronie wydawcy oraz na Amazon.\nProjekt powsta\u0142 we wsp\u00f3\u0142pracy z Serieteket, Czeskim Centrum w Sztokholmie, Ambasad\u0105 Republiki Czeskiej w Sztokholmie oraz wydawnictwem Centrala."},{"@type":"ImageObject","inLanguage":"pl-PL","@id":"https:\/\/instytutpolski.pl\/stockholm\/pl\/2024\/06\/10\/wydawnictwo-centrala-przyciagnelo-odwiedzajacych-festiwal-komiksu-zlymi-snami-polskiego-rysownika-janka-kozy\/#primaryimage","url":"https:\/\/instytutpolski.pl\/stockholm\/wp-content\/uploads\/sites\/17\/2024\/06\/IMG_6228-scaled.jpg","contentUrl":"https:\/\/instytutpolski.pl\/stockholm\/wp-content\/uploads\/sites\/17\/2024\/06\/IMG_6228-scaled.jpg","width":2560,"height":1920},{"@type":"BreadcrumbList","@id":"https:\/\/instytutpolski.pl\/stockholm\/pl\/2024\/06\/10\/wydawnictwo-centrala-przyciagnelo-odwiedzajacych-festiwal-komiksu-zlymi-snami-polskiego-rysownika-janka-kozy\/#breadcrumb","itemListElement":[{"@type":"ListItem","position":1,"name":"Home","item":"https:\/\/instytutpolski.pl\/stockholm\/"},{"@type":"ListItem","position":2,"name":"Wydawnictwo Centrala przyci\u0105gn\u0119\u0142o odwiedzaj\u0105cych Festiwal Komiksu \u201eZ\u0142ymi Snami\u201d polskiego rysownika Janka Kozy"}]},{"@type":"WebSite","@id":"https:\/\/instytutpolski.pl\/stockholm\/#website","url":"https:\/\/instytutpolski.pl\/stockholm\/","name":"Instytut Polski w Sztokholmie","description":"Instytuty Polskie","potentialAction":[{"@type":"SearchAction","target":{"@type":"EntryPoint","urlTemplate":"https:\/\/instytutpolski.pl\/stockholm\/?s={search_term_string}"},"query-input":{"@type":"PropertyValueSpecification","valueRequired":true,"valueName":"search_term_string"}}],"inLanguage":"pl-PL"},{"@type":"Person","@id":"https:\/\/instytutpolski.pl\/stockholm\/#\/schema\/person\/866a2c0f4ccf0982a286809684f7bc1e","name":"treichelp","image":{"@type":"ImageObject","inLanguage":"pl-PL","@id":"https:\/\/instytutpolski.pl\/stockholm\/#\/schema\/person\/image\/","url":"https:\/\/secure.gravatar.com\/avatar\/fb2c1caae0df0854742a56fc463dd1fb?s=96&d=mm&r=g","contentUrl":"https:\/\/secure.gravatar.com\/avatar\/fb2c1caae0df0854742a56fc463dd1fb?s=96&d=mm&r=g","caption":"treichelp"},"url":"https:\/\/instytutpolski.pl\/stockholm\/author\/treichelp\/"}]}},"_links":{"self":[{"href":"https:\/\/instytutpolski.pl\/stockholm\/wp-json\/wp\/v2\/posts\/12647","targetHints":{"allow":["GET"]}}],"collection":[{"href":"https:\/\/instytutpolski.pl\/stockholm\/wp-json\/wp\/v2\/posts"}],"about":[{"href":"https:\/\/instytutpolski.pl\/stockholm\/wp-json\/wp\/v2\/types\/post"}],"author":[{"embeddable":true,"href":"https:\/\/instytutpolski.pl\/stockholm\/wp-json\/wp\/v2\/users\/173"}],"replies":[{"embeddable":true,"href":"https:\/\/instytutpolski.pl\/stockholm\/wp-json\/wp\/v2\/comments?post=12647"}],"version-history":[{"count":5,"href":"https:\/\/instytutpolski.pl\/stockholm\/wp-json\/wp\/v2\/posts\/12647\/revisions"}],"predecessor-version":[{"id":12667,"href":"https:\/\/instytutpolski.pl\/stockholm\/wp-json\/wp\/v2\/posts\/12647\/revisions\/12667"}],"wp:featuredmedia":[{"embeddable":true,"href":"https:\/\/instytutpolski.pl\/stockholm\/wp-json\/wp\/v2\/media\/12656"}],"wp:attachment":[{"href":"https:\/\/instytutpolski.pl\/stockholm\/wp-json\/wp\/v2\/media?parent=12647"}],"wp:term":[{"taxonomy":"category","embeddable":true,"href":"https:\/\/instytutpolski.pl\/stockholm\/wp-json\/wp\/v2\/categories?post=12647"},{"taxonomy":"post_tag","embeddable":true,"href":"https:\/\/instytutpolski.pl\/stockholm\/wp-json\/wp\/v2\/tags?post=12647"}],"curies":[{"name":"wp","href":"https:\/\/api.w.org\/{rel}","templated":true}]}}