{"id":12892,"date":"2024-09-18T13:05:04","date_gmt":"2024-09-18T11:05:04","guid":{"rendered":"https:\/\/instytutpolski.pl\/stockholm\/?p=12892"},"modified":"2024-09-18T15:24:08","modified_gmt":"2024-09-18T13:24:08","slug":"jag-ar-kvinna-forhandsvisning-med-regissorsbesok-qa-pa-biografen-aspen","status":"publish","type":"post","link":"https:\/\/instytutpolski.pl\/stockholm\/2024\/09\/18\/jag-ar-kvinna-forhandsvisning-med-regissorsbesok-qa-pa-biografen-aspen\/","title":{"rendered":"Jag \u00e4r kvinna &#8211; f\u00f6rhandsvisning med regiss\u00f6rsbes\u00f6k + Q&amp;A p\u00e5 biografen Aspen"},"content":{"rendered":"\n<p>Torsdag, 3 oktober 2024 kl 14:30<br>Bio Aspen<br>adress: H\u00e4gerstensv\u00e4gen 100A<\/p>\n\n\n\n<p>Detta \u00e4r ber\u00e4ttelsen om Aniela Weso\u0142a, f\u00f6dd under namnet Andrzej, som under st\u00f6rre delen av sitt liv mot sin vilja tvingas upptr\u00e4da som man. \u00c4nda fr\u00e5n uppv\u00e4xten i en sm\u00e5stad till br\u00f6llopet och familjebildningen m\u00e5ste hon d\u00f6lja sin k\u00f6nsdysfori och m\u00f6ts av motg\u00e5ngar och of\u00f6rst\u00e5else. Huvudrollen spelas av den enast\u00e5ende Ma\u0142gorzata Hajewska-Krzysztofik.<\/p>\n\n\n\n<p>Regiss\u00f6ren Micha\u0142 Englert n\u00e4rvarar f\u00f6r ett efterf\u00f6ljande samtal tillsammans med sk\u00e5despelaren Franciszek Englert.\u00a0Samtalet modereras av filmkritikern Wanda Bendjelloul.<\/p>\n\n\n<div class=\"wp-block-image\">\n<figure class=\"aligncenter size-full\"><img loading=\"lazy\" decoding=\"async\" width=\"717\" height=\"1024\" src=\"https:\/\/instytutpolski.pl\/stockholm\/wp-content\/uploads\/sites\/17\/2024\/09\/image001.jpg\" alt=\"\" class=\"wp-image-12893\" srcset=\"https:\/\/instytutpolski.pl\/stockholm\/wp-content\/uploads\/sites\/17\/2024\/09\/image001.jpg 717w, https:\/\/instytutpolski.pl\/stockholm\/wp-content\/uploads\/sites\/17\/2024\/09\/image001-210x300.jpg 210w\" sizes=\"auto, (max-width: 717px) 100vw, 717px\" \/><\/figure><\/div>\n\n\n<p>Polsk titel: Kobieta z\u2026<\/p>\n\n\n\n<p>Regi: Ma\u0142gorzata Szumowska, Micha\u0142 Englert<\/p>\n\n\n\n<p>Manus: Ma\u0142gorzata Szumowska, Micha\u0142 Englert<\/p>\n\n\n\n<p>Genre: drama<\/p>\n\n\n\n<p>Tid: 127 min<\/p>\n\n\n\n<p>Inspelnings\u00e5r: 2023, Polen och Sverige<\/p>\n\n\n\n<p>Svensk biopremi\u00e4r: 4 oktober<\/p>\n\n\n\n<p>P\u00e5 polska med svenska undertexter<\/p>\n\n\n\n<div style=\"height:15px\" aria-hidden=\"true\" class=\"wp-block-spacer\"><\/div>\n\n\n\n<p><a href=\"https:\/\/forms.gle\/wEMgWuRoffFifEmh6\">BOKA DIN PLATS<\/a><\/p>\n","protected":false},"excerpt":{"rendered":"<p>Torsdag, 3 oktober 2024 kl 14:30Bio Aspenadress: H\u00e4gerstensv\u00e4gen 100A Detta \u00e4r ber\u00e4ttelsen om Aniela Weso\u0142a, f\u00f6dd under namnet Andrzej, som under st\u00f6rre delen av sitt liv mot sin vilja tvingas upptr\u00e4da som man. \u00c4nda fr\u00e5n uppv\u00e4xten i en sm\u00e5stad till br\u00f6llopet och familjebildningen m\u00e5ste hon d\u00f6lja sin k\u00f6nsdysfori och m\u00f6ts av motg\u00e5ngar och of\u00f6rst\u00e5else. Huvudrollen [&hellip;]<\/p>\n","protected":false},"author":173,"featured_media":12871,"comment_status":"closed","ping_status":"closed","sticky":false,"template":"","format":"standard","meta":{"inline_featured_image":false,"_monsterinsights_skip_tracking":false,"_monsterinsights_sitenote_active":false,"_monsterinsights_sitenote_note":"","_monsterinsights_sitenote_category":0,"footnotes":""},"categories":[12,95],"tags":[],"class_list":["post-12892","post","type-post","status-publish","format-standard","has-post-thumbnail","hentry","category-evenemang","category-film-evenemang"],"yoast_head":"<!-- This site is optimized with the Yoast SEO plugin v24.6 - https:\/\/yoast.com\/wordpress\/plugins\/seo\/ -->\n<title>Jag \u00e4r kvinna - f\u00f6rhandsvisning med regiss\u00f6rsbes\u00f6k + Q&amp;A p\u00e5 biografen Aspen - Instytut Polski w Sztokholmie<\/title>\n<meta name=\"description\" content=\"Varmt v\u00e4lkomna till en extrainsatt f\u00f6rhandsvisning av filmen Jag \u00e4r kvinna \/ Woman of... av Ma\u0142gorzata Szumowska och Micha\u0142 Englert! Visningen arrangeras av Polska institutet i samarbete med Lucky Dogs och biografen Aspen.\" \/>\n<meta name=\"robots\" content=\"index, follow, max-snippet:-1, max-image-preview:large, max-video-preview:-1\" \/>\n<link rel=\"canonical\" href=\"https:\/\/instytutpolski.pl\/stockholm\/2024\/09\/18\/jag-ar-kvinna-forhandsvisning-med-regissorsbesok-qa-pa-biografen-aspen\/\" \/>\n<meta property=\"og:locale\" content=\"pl_PL\" \/>\n<meta property=\"og:type\" content=\"article\" \/>\n<meta property=\"og:title\" content=\"Jag \u00e4r kvinna - f\u00f6rhandsvisning med regiss\u00f6rsbes\u00f6k + Q&amp;A p\u00e5 biografen Aspen - Instytut Polski w Sztokholmie\" \/>\n<meta property=\"og:description\" content=\"Varmt v\u00e4lkomna till en extrainsatt f\u00f6rhandsvisning av filmen Jag \u00e4r kvinna \/ Woman of... av Ma\u0142gorzata Szumowska och Micha\u0142 Englert! Visningen arrangeras av Polska institutet i samarbete med Lucky Dogs och biografen Aspen.\" \/>\n<meta property=\"og:url\" content=\"https:\/\/instytutpolski.pl\/stockholm\/2024\/09\/18\/jag-ar-kvinna-forhandsvisning-med-regissorsbesok-qa-pa-biografen-aspen\/\" \/>\n<meta property=\"og:site_name\" content=\"Instytut Polski w Sztokholmie\" \/>\n<meta property=\"article:published_time\" content=\"2024-09-18T11:05:04+00:00\" \/>\n<meta property=\"article:modified_time\" content=\"2024-09-18T13:24:08+00:00\" \/>\n<meta property=\"og:image\" content=\"https:\/\/instytutpolski.pl\/stockholm\/wp-content\/uploads\/sites\/17\/2024\/09\/Woman-Of.1-\u00a9No-Mad-Films-min-1-scaled.jpg\" \/>\n\t<meta property=\"og:image:width\" content=\"2560\" \/>\n\t<meta property=\"og:image:height\" content=\"1707\" \/>\n\t<meta property=\"og:image:type\" content=\"image\/jpeg\" \/>\n<meta name=\"author\" content=\"treichelp\" \/>\n<meta name=\"twitter:card\" content=\"summary_large_image\" \/>\n<meta name=\"twitter:label1\" content=\"Napisane przez\" \/>\n\t<meta name=\"twitter:data1\" content=\"treichelp\" \/>\n\t<meta name=\"twitter:label2\" content=\"Szacowany czas czytania\" \/>\n\t<meta name=\"twitter:data2\" content=\"1 minuta\" \/>\n<script type=\"application\/ld+json\" class=\"yoast-schema-graph\">{\"@context\":\"https:\/\/schema.org\",\"@graph\":[{\"@type\":\"event\",\"@id\":\"https:\/\/instytutpolski.pl\/stockholm\/2024\/09\/18\/jag-ar-kvinna-forhandsvisning-med-regissorsbesok-qa-pa-biografen-aspen\/\",\"url\":\"https:\/\/instytutpolski.pl\/stockholm\/2024\/09\/18\/jag-ar-kvinna-forhandsvisning-med-regissorsbesok-qa-pa-biografen-aspen\/\",\"name\":\"Jag \u00e4r kvinna - f\u00f6rhandsvisning med regiss\u00f6rsbes\u00f6k + Q&amp;A p\u00e5 biografen Aspen\",\"isPartOf\":{\"@id\":\"https:\/\/instytutpolski.pl\/stockholm\/#website\"},\"primaryImageOfPage\":{\"@id\":\"https:\/\/instytutpolski.pl\/stockholm\/2024\/09\/18\/jag-ar-kvinna-forhandsvisning-med-regissorsbesok-qa-pa-biografen-aspen\/#primaryimage\"},\"image\":[\"https:\/\/instytutpolski.pl\/stockholm\/wp-content\/uploads\/sites\/17\/2024\/09\/Woman-Of.1-\u00a9No-Mad-Films-min-1-scaled.jpg\",\"https:\/\/instytutpolski.pl\/stockholm\/wp-content\/uploads\/sites\/17\/2024\/09\/Woman-Of.1-\u00a9No-Mad-Films-min-1-300x200.jpg\",\"https:\/\/instytutpolski.pl\/stockholm\/wp-content\/uploads\/sites\/17\/2024\/09\/Woman-Of.1-\u00a9No-Mad-Films-min-1-1024x683.jpg\",\"https:\/\/instytutpolski.pl\/stockholm\/wp-content\/uploads\/sites\/17\/2024\/09\/Woman-Of.1-\u00a9No-Mad-Films-min-1-scaled.jpg\"],\"thumbnailUrl\":\"https:\/\/instytutpolski.pl\/stockholm\/wp-content\/uploads\/sites\/17\/2024\/09\/Woman-Of.1-\u00a9No-Mad-Films-min-1-scaled.jpg\",\"datePublished\":\"2024-09-18T11:05:04+02:00\",\"dateModified\":\"2024-09-18T13:24:08+02:00\",\"author\":{\"@id\":\"https:\/\/instytutpolski.pl\/stockholm\/#\/schema\/person\/866a2c0f4ccf0982a286809684f7bc1e\"},\"description\":\"Torsdag, 3 oktober 2024 kl 14:30Bio Aspenadress: H\u00e4gerstensv\u00e4gen 100A\\nDetta \u00e4r ber\u00e4ttelsen om Aniela Weso\u0142a, f\u00f6dd under namnet Andrzej, som under st\u00f6rre delen av sitt liv mot sin vilja tvingas upptr\u00e4da som man. \u00c4nda fr\u00e5n uppv\u00e4xten i en sm\u00e5stad till br\u00f6llopet och familjebildningen m\u00e5ste hon d\u00f6lja sin k\u00f6nsdysfori och m\u00f6ts av motg\u00e5ngar och of\u00f6rst\u00e5else. Huvudrollen spelas av den enast\u00e5ende Ma\u0142gorzata Hajewska-Krzysztofik.\\nRegiss\u00f6ren Micha\u0142 Englert n\u00e4rvarar f\u00f6r ett efterf\u00f6ljande samtal tillsammans med sk\u00e5despelaren Franciszek Englert.\u00a0Samtalet modereras av filmkritikern Wanda Bendjelloul.\\nPolsk titel: Kobieta z\u2026\\nRegi: Ma\u0142gorzata Szumowska, Micha\u0142 Englert\\nManus: Ma\u0142gorzata Szumowska, Micha\u0142 Englert\\nGenre: drama\\nTid: 127 min\\nInspelnings\u00e5r: 2023, Polen och Sverige\\nSvensk biopremi\u00e4r: 4 oktober\\nP\u00e5 polska med svenska undertexter\\nBOKA DIN PLATS\",\"breadcrumb\":{\"@id\":\"https:\/\/instytutpolski.pl\/stockholm\/2024\/09\/18\/jag-ar-kvinna-forhandsvisning-med-regissorsbesok-qa-pa-biografen-aspen\/#breadcrumb\"},\"inLanguage\":\"pl-PL\",\"potentialAction\":[{\"@type\":\"ReadAction\",\"target\":[\"https:\/\/instytutpolski.pl\/stockholm\/2024\/09\/18\/jag-ar-kvinna-forhandsvisning-med-regissorsbesok-qa-pa-biografen-aspen\/\"]}],\"@context\":\"https:\/\/schema.org\",\"startDate\":\"2024-10-03T02:30:00+02:00\",\"endDate\":\"2024-10-03T05:00:00+02:00\",\"eventStatus\":\"EventScheduled\",\"eventAttendanceMode\":\"OfflineEventAttendanceMode\",\"location\":{\"@type\":\"place\",\"name\":\"\",\"address\":\"\",\"geo\":{\"@type\":\"GeoCoordinates\",\"latitude\":\"\",\"longitude\":\"\"}}},{\"@type\":\"ImageObject\",\"inLanguage\":\"pl-PL\",\"@id\":\"https:\/\/instytutpolski.pl\/stockholm\/2024\/09\/18\/jag-ar-kvinna-forhandsvisning-med-regissorsbesok-qa-pa-biografen-aspen\/#primaryimage\",\"url\":\"https:\/\/instytutpolski.pl\/stockholm\/wp-content\/uploads\/sites\/17\/2024\/09\/Woman-Of.1-\u00a9No-Mad-Films-min-1-scaled.jpg\",\"contentUrl\":\"https:\/\/instytutpolski.pl\/stockholm\/wp-content\/uploads\/sites\/17\/2024\/09\/Woman-Of.1-\u00a9No-Mad-Films-min-1-scaled.jpg\",\"width\":2560,\"height\":1707},{\"@type\":\"BreadcrumbList\",\"@id\":\"https:\/\/instytutpolski.pl\/stockholm\/2024\/09\/18\/jag-ar-kvinna-forhandsvisning-med-regissorsbesok-qa-pa-biografen-aspen\/#breadcrumb\",\"itemListElement\":[{\"@type\":\"ListItem\",\"position\":1,\"name\":\"Home\",\"item\":\"https:\/\/instytutpolski.pl\/stockholm\/\"},{\"@type\":\"ListItem\",\"position\":2,\"name\":\"Jag \u00e4r kvinna &#8211; f\u00f6rhandsvisning med regiss\u00f6rsbes\u00f6k + Q&amp;A p\u00e5 biografen Aspen\"}]},{\"@type\":\"WebSite\",\"@id\":\"https:\/\/instytutpolski.pl\/stockholm\/#website\",\"url\":\"https:\/\/instytutpolski.pl\/stockholm\/\",\"name\":\"Instytut Polski w Sztokholmie\",\"description\":\"Instytuty Polskie\",\"potentialAction\":[{\"@type\":\"SearchAction\",\"target\":{\"@type\":\"EntryPoint\",\"urlTemplate\":\"https:\/\/instytutpolski.pl\/stockholm\/?s={search_term_string}\"},\"query-input\":{\"@type\":\"PropertyValueSpecification\",\"valueRequired\":true,\"valueName\":\"search_term_string\"}}],\"inLanguage\":\"pl-PL\"},{\"@type\":\"Person\",\"@id\":\"https:\/\/instytutpolski.pl\/stockholm\/#\/schema\/person\/866a2c0f4ccf0982a286809684f7bc1e\",\"name\":\"treichelp\",\"image\":{\"@type\":\"ImageObject\",\"inLanguage\":\"pl-PL\",\"@id\":\"https:\/\/instytutpolski.pl\/stockholm\/#\/schema\/person\/image\/\",\"url\":\"https:\/\/secure.gravatar.com\/avatar\/fb2c1caae0df0854742a56fc463dd1fb?s=96&d=mm&r=g\",\"contentUrl\":\"https:\/\/secure.gravatar.com\/avatar\/fb2c1caae0df0854742a56fc463dd1fb?s=96&d=mm&r=g\",\"caption\":\"treichelp\"},\"url\":\"https:\/\/instytutpolski.pl\/stockholm\/author\/treichelp\/\"}]}<\/script>\n<!-- \/ Yoast SEO plugin. -->","yoast_head_json":{"title":"Jag \u00e4r kvinna - f\u00f6rhandsvisning med regiss\u00f6rsbes\u00f6k + Q&amp;A p\u00e5 biografen Aspen - Instytut Polski w Sztokholmie","description":"Varmt v\u00e4lkomna till en extrainsatt f\u00f6rhandsvisning av filmen Jag \u00e4r kvinna \/ Woman of... av Ma\u0142gorzata Szumowska och Micha\u0142 Englert! Visningen arrangeras av Polska institutet i samarbete med Lucky Dogs och biografen Aspen.","robots":{"index":"index","follow":"follow","max-snippet":"max-snippet:-1","max-image-preview":"max-image-preview:large","max-video-preview":"max-video-preview:-1"},"canonical":"https:\/\/instytutpolski.pl\/stockholm\/2024\/09\/18\/jag-ar-kvinna-forhandsvisning-med-regissorsbesok-qa-pa-biografen-aspen\/","og_locale":"pl_PL","og_type":"article","og_title":"Jag \u00e4r kvinna - f\u00f6rhandsvisning med regiss\u00f6rsbes\u00f6k + Q&amp;A p\u00e5 biografen Aspen - Instytut Polski w Sztokholmie","og_description":"Varmt v\u00e4lkomna till en extrainsatt f\u00f6rhandsvisning av filmen Jag \u00e4r kvinna \/ Woman of... av Ma\u0142gorzata Szumowska och Micha\u0142 Englert! Visningen arrangeras av Polska institutet i samarbete med Lucky Dogs och biografen Aspen.","og_url":"https:\/\/instytutpolski.pl\/stockholm\/2024\/09\/18\/jag-ar-kvinna-forhandsvisning-med-regissorsbesok-qa-pa-biografen-aspen\/","og_site_name":"Instytut Polski w Sztokholmie","article_published_time":"2024-09-18T11:05:04+00:00","article_modified_time":"2024-09-18T13:24:08+00:00","og_image":[{"width":2560,"height":1707,"url":"https:\/\/instytutpolski.pl\/stockholm\/wp-content\/uploads\/sites\/17\/2024\/09\/Woman-Of.1-\u00a9No-Mad-Films-min-1-scaled.jpg","type":"image\/jpeg"}],"author":"treichelp","twitter_card":"summary_large_image","twitter_misc":{"Napisane przez":"treichelp","Szacowany czas czytania":"1 minuta"},"schema":{"@context":"https:\/\/schema.org","@graph":[{"@type":"event","@id":"https:\/\/instytutpolski.pl\/stockholm\/2024\/09\/18\/jag-ar-kvinna-forhandsvisning-med-regissorsbesok-qa-pa-biografen-aspen\/","url":"https:\/\/instytutpolski.pl\/stockholm\/2024\/09\/18\/jag-ar-kvinna-forhandsvisning-med-regissorsbesok-qa-pa-biografen-aspen\/","name":"Jag \u00e4r kvinna - f\u00f6rhandsvisning med regiss\u00f6rsbes\u00f6k + Q&amp;A p\u00e5 biografen Aspen","isPartOf":{"@id":"https:\/\/instytutpolski.pl\/stockholm\/#website"},"primaryImageOfPage":{"@id":"https:\/\/instytutpolski.pl\/stockholm\/2024\/09\/18\/jag-ar-kvinna-forhandsvisning-med-regissorsbesok-qa-pa-biografen-aspen\/#primaryimage"},"image":["https:\/\/instytutpolski.pl\/stockholm\/wp-content\/uploads\/sites\/17\/2024\/09\/Woman-Of.1-\u00a9No-Mad-Films-min-1-scaled.jpg","https:\/\/instytutpolski.pl\/stockholm\/wp-content\/uploads\/sites\/17\/2024\/09\/Woman-Of.1-\u00a9No-Mad-Films-min-1-300x200.jpg","https:\/\/instytutpolski.pl\/stockholm\/wp-content\/uploads\/sites\/17\/2024\/09\/Woman-Of.1-\u00a9No-Mad-Films-min-1-1024x683.jpg","https:\/\/instytutpolski.pl\/stockholm\/wp-content\/uploads\/sites\/17\/2024\/09\/Woman-Of.1-\u00a9No-Mad-Films-min-1-scaled.jpg"],"thumbnailUrl":"https:\/\/instytutpolski.pl\/stockholm\/wp-content\/uploads\/sites\/17\/2024\/09\/Woman-Of.1-\u00a9No-Mad-Films-min-1-scaled.jpg","datePublished":"2024-09-18T11:05:04+02:00","dateModified":"2024-09-18T13:24:08+02:00","author":{"@id":"https:\/\/instytutpolski.pl\/stockholm\/#\/schema\/person\/866a2c0f4ccf0982a286809684f7bc1e"},"description":"Torsdag, 3 oktober 2024 kl 14:30Bio Aspenadress: H\u00e4gerstensv\u00e4gen 100A\nDetta \u00e4r ber\u00e4ttelsen om Aniela Weso\u0142a, f\u00f6dd under namnet Andrzej, som under st\u00f6rre delen av sitt liv mot sin vilja tvingas upptr\u00e4da som man. \u00c4nda fr\u00e5n uppv\u00e4xten i en sm\u00e5stad till br\u00f6llopet och familjebildningen m\u00e5ste hon d\u00f6lja sin k\u00f6nsdysfori och m\u00f6ts av motg\u00e5ngar och of\u00f6rst\u00e5else. Huvudrollen spelas av den enast\u00e5ende Ma\u0142gorzata Hajewska-Krzysztofik.\nRegiss\u00f6ren Micha\u0142 Englert n\u00e4rvarar f\u00f6r ett efterf\u00f6ljande samtal tillsammans med sk\u00e5despelaren Franciszek Englert.\u00a0Samtalet modereras av filmkritikern Wanda Bendjelloul.\nPolsk titel: Kobieta z\u2026\nRegi: Ma\u0142gorzata Szumowska, Micha\u0142 Englert\nManus: Ma\u0142gorzata Szumowska, Micha\u0142 Englert\nGenre: drama\nTid: 127 min\nInspelnings\u00e5r: 2023, Polen och Sverige\nSvensk biopremi\u00e4r: 4 oktober\nP\u00e5 polska med svenska undertexter\nBOKA DIN PLATS","breadcrumb":{"@id":"https:\/\/instytutpolski.pl\/stockholm\/2024\/09\/18\/jag-ar-kvinna-forhandsvisning-med-regissorsbesok-qa-pa-biografen-aspen\/#breadcrumb"},"inLanguage":"pl-PL","potentialAction":[{"@type":"ReadAction","target":["https:\/\/instytutpolski.pl\/stockholm\/2024\/09\/18\/jag-ar-kvinna-forhandsvisning-med-regissorsbesok-qa-pa-biografen-aspen\/"]}],"@context":"https:\/\/schema.org","startDate":"2024-10-03T02:30:00+02:00","endDate":"2024-10-03T05:00:00+02:00","eventStatus":"EventScheduled","eventAttendanceMode":"OfflineEventAttendanceMode","location":{"@type":"place","name":"","address":"","geo":{"@type":"GeoCoordinates","latitude":"","longitude":""}}},{"@type":"ImageObject","inLanguage":"pl-PL","@id":"https:\/\/instytutpolski.pl\/stockholm\/2024\/09\/18\/jag-ar-kvinna-forhandsvisning-med-regissorsbesok-qa-pa-biografen-aspen\/#primaryimage","url":"https:\/\/instytutpolski.pl\/stockholm\/wp-content\/uploads\/sites\/17\/2024\/09\/Woman-Of.1-\u00a9No-Mad-Films-min-1-scaled.jpg","contentUrl":"https:\/\/instytutpolski.pl\/stockholm\/wp-content\/uploads\/sites\/17\/2024\/09\/Woman-Of.1-\u00a9No-Mad-Films-min-1-scaled.jpg","width":2560,"height":1707},{"@type":"BreadcrumbList","@id":"https:\/\/instytutpolski.pl\/stockholm\/2024\/09\/18\/jag-ar-kvinna-forhandsvisning-med-regissorsbesok-qa-pa-biografen-aspen\/#breadcrumb","itemListElement":[{"@type":"ListItem","position":1,"name":"Home","item":"https:\/\/instytutpolski.pl\/stockholm\/"},{"@type":"ListItem","position":2,"name":"Jag \u00e4r kvinna &#8211; f\u00f6rhandsvisning med regiss\u00f6rsbes\u00f6k + Q&amp;A p\u00e5 biografen Aspen"}]},{"@type":"WebSite","@id":"https:\/\/instytutpolski.pl\/stockholm\/#website","url":"https:\/\/instytutpolski.pl\/stockholm\/","name":"Instytut Polski w Sztokholmie","description":"Instytuty Polskie","potentialAction":[{"@type":"SearchAction","target":{"@type":"EntryPoint","urlTemplate":"https:\/\/instytutpolski.pl\/stockholm\/?s={search_term_string}"},"query-input":{"@type":"PropertyValueSpecification","valueRequired":true,"valueName":"search_term_string"}}],"inLanguage":"pl-PL"},{"@type":"Person","@id":"https:\/\/instytutpolski.pl\/stockholm\/#\/schema\/person\/866a2c0f4ccf0982a286809684f7bc1e","name":"treichelp","image":{"@type":"ImageObject","inLanguage":"pl-PL","@id":"https:\/\/instytutpolski.pl\/stockholm\/#\/schema\/person\/image\/","url":"https:\/\/secure.gravatar.com\/avatar\/fb2c1caae0df0854742a56fc463dd1fb?s=96&d=mm&r=g","contentUrl":"https:\/\/secure.gravatar.com\/avatar\/fb2c1caae0df0854742a56fc463dd1fb?s=96&d=mm&r=g","caption":"treichelp"},"url":"https:\/\/instytutpolski.pl\/stockholm\/author\/treichelp\/"}]}},"_links":{"self":[{"href":"https:\/\/instytutpolski.pl\/stockholm\/wp-json\/wp\/v2\/posts\/12892","targetHints":{"allow":["GET"]}}],"collection":[{"href":"https:\/\/instytutpolski.pl\/stockholm\/wp-json\/wp\/v2\/posts"}],"about":[{"href":"https:\/\/instytutpolski.pl\/stockholm\/wp-json\/wp\/v2\/types\/post"}],"author":[{"embeddable":true,"href":"https:\/\/instytutpolski.pl\/stockholm\/wp-json\/wp\/v2\/users\/173"}],"replies":[{"embeddable":true,"href":"https:\/\/instytutpolski.pl\/stockholm\/wp-json\/wp\/v2\/comments?post=12892"}],"version-history":[{"count":2,"href":"https:\/\/instytutpolski.pl\/stockholm\/wp-json\/wp\/v2\/posts\/12892\/revisions"}],"predecessor-version":[{"id":12895,"href":"https:\/\/instytutpolski.pl\/stockholm\/wp-json\/wp\/v2\/posts\/12892\/revisions\/12895"}],"wp:featuredmedia":[{"embeddable":true,"href":"https:\/\/instytutpolski.pl\/stockholm\/wp-json\/wp\/v2\/media\/12871"}],"wp:attachment":[{"href":"https:\/\/instytutpolski.pl\/stockholm\/wp-json\/wp\/v2\/media?parent=12892"}],"wp:term":[{"taxonomy":"category","embeddable":true,"href":"https:\/\/instytutpolski.pl\/stockholm\/wp-json\/wp\/v2\/categories?post=12892"},{"taxonomy":"post_tag","embeddable":true,"href":"https:\/\/instytutpolski.pl\/stockholm\/wp-json\/wp\/v2\/tags?post=12892"}],"curies":[{"name":"wp","href":"https:\/\/api.w.org\/{rel}","templated":true}]}}