{"id":12944,"date":"2024-10-01T09:08:52","date_gmt":"2024-10-01T07:08:52","guid":{"rendered":"https:\/\/instytutpolski.pl\/stockholm\/?p=12944"},"modified":"2024-10-28T10:24:51","modified_gmt":"2024-10-28T09:24:51","slug":"prace-polskich-artystow-na-wystawie-podziemne-niebo-surrealizm-w-kolekcji-moderna-museet-w-sztokholmie","status":"publish","type":"post","link":"https:\/\/instytutpolski.pl\/stockholm\/pl\/2024\/10\/01\/prace-polskich-artystow-na-wystawie-podziemne-niebo-surrealizm-w-kolekcji-moderna-museet-w-sztokholmie\/","title":{"rendered":"Prace polskich artyst\u00f3w na wystawie \u2018Podziemne niebo. Surrealizm w kolekcji Moderna Museet\u2019 w Sztokholmie"},"content":{"rendered":"\n<p>\u201eW 2024 roku minie sto lat, odk\u0105d francuski poeta Andr\u00e9 Breton napisa\u0142 pierwszy manifest surrealizmu. Dlatego wystawa ta zag\u0142\u0119bia si\u0119 w s\u0142ynn\u0105 na ca\u0142ym \u015bwiecie surrealistyczn\u0105 kolekcj\u0119 Moderna Museet i wp\u0142yw tego ruchu w naszych czasach. (&#8230;)&nbsp;<\/p>\n\n\n\n<p>Surrealizm by\u0142 ruchem intelektualnym, literackim i artystycznym, kt\u00f3ry chcia\u0142 zmieni\u0107 spo\u0142ecze\u0144stwo i wyzwoli\u0107 jednostk\u0119. W swoim pierwszym manife\u015bcie z 1924 roku Andr\u00e9 Breton definiuje surrealizm jako form\u0119 my\u015blenia pozaracjonalnego, wyczerpan\u0105 zobowi\u0105zaniami estetycznymi i moralnymi. Poniewa\u017c nigdy nie by\u0142 to zdefiniowany styl, ale raczej postawa, nadal rozwija\u0142 si\u0119 w historii sztuki i zachowa\u0142 swoje znaczenie.<\/p>\n\n\n\n<p>Wystawa pod\u0105\u017ca \u015bladami najs\u0142ynniejszych dzie\u0142 klasycznego surrealizmu w p\u00f3\u017aniejszej sztuce, kt\u00f3ra koncentruje si\u0119 wok\u00f3\u0142 pod\u015bwiadomo\u015bci, irracjonalno\u015bci i kultury po\u017c\u0105dania o ciemnych, brutalnych stronach. Tutaj podkre\u015blono r\u00f3wnie\u017c, jak radykalne eksperymenty surrealist\u00f3w z automatyzmem, zabaw\u0105 i przypadkiem zostaj\u0105 ponownie urzeczywistnione zar\u00f3wno w ruchu Fluxus i minimalizmie, jak i we wsp\u00f3\u0142czesnych \u015bwiatach d\u017awi\u0119ku i obrazu generowanych przez sztuczn\u0105 inteligencj\u0119.&nbsp;<\/p>\n\n\n\n<p>\u0179r\u00f3d\u0142o: strona Moderna Museet<\/p>\n\n\n\n<p>Zdj\u0119cie: z filmu \u201eEuropa\u201d Franciszki i Stefana Themerson\u00f3w<\/p>\n\n\n\n<p>Wi\u0119cej znajdziesz na <a href=\"https:\/\/www.modernamuseet.se\/stockholm\/en\/exhibitions\/surrealism-in-the-moderna-museet-collection\/\" target=\"_blank\" rel=\"noreferrer noopener\">stronie muzeum<\/a><\/p>\n","protected":false},"excerpt":{"rendered":"<p>\u201eW 2024 roku minie sto lat, odk\u0105d francuski poeta Andr\u00e9 Breton napisa\u0142 pierwszy manifest surrealizmu. Dlatego wystawa ta zag\u0142\u0119bia si\u0119 w s\u0142ynn\u0105 na ca\u0142ym \u015bwiecie surrealistyczn\u0105 kolekcj\u0119 Moderna Museet i wp\u0142yw tego ruchu w naszych czasach. (&#8230;)&nbsp; Surrealizm by\u0142 ruchem intelektualnym, literackim i artystycznym, kt\u00f3ry chcia\u0142 zmieni\u0107 spo\u0142ecze\u0144stwo i wyzwoli\u0107 jednostk\u0119. W swoim pierwszym manife\u015bcie [&hellip;]<\/p>\n","protected":false},"author":173,"featured_media":12940,"comment_status":"closed","ping_status":"closed","sticky":false,"template":"","format":"standard","meta":{"inline_featured_image":false,"_monsterinsights_skip_tracking":false,"_monsterinsights_sitenote_active":false,"_monsterinsights_sitenote_note":"","_monsterinsights_sitenote_category":0,"footnotes":""},"categories":[224,113,85,190,81,36],"tags":[],"class_list":["post-12944","post","type-post","status-publish","format-standard","has-post-thumbnail","hentry","category-aktualnosc-pl","category-historia","category-kino","category-sztuka-polska","category-sztuki-wizualne","category-wydarzenie"],"yoast_head":"<!-- This site is optimized with the Yoast SEO plugin v24.6 - https:\/\/yoast.com\/wordpress\/plugins\/seo\/ -->\n<title>Prace polskich artyst\u00f3w na wystawie \u2018Podziemne niebo. Surrealizm w kolekcji Moderna Museet\u2019 w Sztokholmie - Instytut Polski w Sztokholmie<\/title>\n<meta name=\"robots\" content=\"index, follow, max-snippet:-1, max-image-preview:large, max-video-preview:-1\" \/>\n<link rel=\"canonical\" href=\"https:\/\/instytutpolski.pl\/stockholm\/pl\/2024\/10\/01\/prace-polskich-artystow-na-wystawie-podziemne-niebo-surrealizm-w-kolekcji-moderna-museet-w-sztokholmie\/\" \/>\n<meta property=\"og:locale\" content=\"pl_PL\" \/>\n<meta property=\"og:type\" content=\"article\" \/>\n<meta property=\"og:title\" content=\"Prace polskich artyst\u00f3w na wystawie \u2018Podziemne niebo. Surrealizm w kolekcji Moderna Museet\u2019 w Sztokholmie - Instytut Polski w Sztokholmie\" \/>\n<meta property=\"og:description\" content=\"\u201eW 2024 roku minie sto lat, odk\u0105d francuski poeta Andr\u00e9 Breton napisa\u0142 pierwszy manifest surrealizmu. Dlatego wystawa ta zag\u0142\u0119bia si\u0119 w s\u0142ynn\u0105 na ca\u0142ym \u015bwiecie surrealistyczn\u0105 kolekcj\u0119 Moderna Museet i wp\u0142yw tego ruchu w naszych czasach. (&#8230;)&nbsp; Surrealizm by\u0142 ruchem intelektualnym, literackim i artystycznym, kt\u00f3ry chcia\u0142 zmieni\u0107 spo\u0142ecze\u0144stwo i wyzwoli\u0107 jednostk\u0119. W swoim pierwszym manife\u015bcie [&hellip;]\" \/>\n<meta property=\"og:url\" content=\"https:\/\/instytutpolski.pl\/stockholm\/pl\/2024\/10\/01\/prace-polskich-artystow-na-wystawie-podziemne-niebo-surrealizm-w-kolekcji-moderna-museet-w-sztokholmie\/\" \/>\n<meta property=\"og:site_name\" content=\"Instytut Polski w Sztokholmie\" \/>\n<meta property=\"article:published_time\" content=\"2024-10-01T07:08:52+00:00\" \/>\n<meta property=\"article:modified_time\" content=\"2024-10-28T09:24:51+00:00\" \/>\n<meta property=\"og:image\" content=\"https:\/\/instytutpolski.pl\/stockholm\/wp-content\/uploads\/sites\/17\/2024\/10\/ModernaMuseetSurrealismHemsida.jpg\" \/>\n\t<meta property=\"og:image:width\" content=\"1120\" \/>\n\t<meta property=\"og:image:height\" content=\"630\" \/>\n\t<meta property=\"og:image:type\" content=\"image\/jpeg\" \/>\n<meta name=\"author\" content=\"treichelp\" \/>\n<meta name=\"twitter:card\" content=\"summary_large_image\" \/>\n<meta name=\"twitter:label1\" content=\"Napisane przez\" \/>\n\t<meta name=\"twitter:data1\" content=\"treichelp\" \/>\n\t<meta name=\"twitter:label2\" content=\"Szacowany czas czytania\" \/>\n\t<meta name=\"twitter:data2\" content=\"1 minuta\" \/>\n<script type=\"application\/ld+json\" class=\"yoast-schema-graph\">{\"@context\":\"https:\/\/schema.org\",\"@graph\":[{\"@type\":\"event\",\"@id\":\"https:\/\/instytutpolski.pl\/stockholm\/pl\/2024\/10\/01\/prace-polskich-artystow-na-wystawie-podziemne-niebo-surrealizm-w-kolekcji-moderna-museet-w-sztokholmie\/\",\"url\":\"https:\/\/instytutpolski.pl\/stockholm\/pl\/2024\/10\/01\/prace-polskich-artystow-na-wystawie-podziemne-niebo-surrealizm-w-kolekcji-moderna-museet-w-sztokholmie\/\",\"name\":\"Prace polskich artyst\u00f3w na wystawie \u2018Podziemne niebo. Surrealizm w kolekcji Moderna Museet\u2019 w Sztokholmie\",\"isPartOf\":{\"@id\":\"https:\/\/instytutpolski.pl\/stockholm\/#website\"},\"primaryImageOfPage\":{\"@id\":\"https:\/\/instytutpolski.pl\/stockholm\/pl\/2024\/10\/01\/prace-polskich-artystow-na-wystawie-podziemne-niebo-surrealizm-w-kolekcji-moderna-museet-w-sztokholmie\/#primaryimage\"},\"image\":[\"https:\/\/instytutpolski.pl\/stockholm\/wp-content\/uploads\/sites\/17\/2024\/10\/ModernaMuseetSurrealismHemsida.jpg\",\"https:\/\/instytutpolski.pl\/stockholm\/wp-content\/uploads\/sites\/17\/2024\/10\/ModernaMuseetSurrealismHemsida-300x169.jpg\",\"https:\/\/instytutpolski.pl\/stockholm\/wp-content\/uploads\/sites\/17\/2024\/10\/ModernaMuseetSurrealismHemsida-1024x576.jpg\",\"https:\/\/instytutpolski.pl\/stockholm\/wp-content\/uploads\/sites\/17\/2024\/10\/ModernaMuseetSurrealismHemsida.jpg\"],\"thumbnailUrl\":\"https:\/\/instytutpolski.pl\/stockholm\/wp-content\/uploads\/sites\/17\/2024\/10\/ModernaMuseetSurrealismHemsida.jpg\",\"datePublished\":\"2024-10-01T07:08:52+02:00\",\"dateModified\":\"2024-10-28T09:24:51+02:00\",\"author\":{\"@id\":\"https:\/\/instytutpolski.pl\/stockholm\/#\/schema\/person\/866a2c0f4ccf0982a286809684f7bc1e\"},\"breadcrumb\":{\"@id\":\"https:\/\/instytutpolski.pl\/stockholm\/pl\/2024\/10\/01\/prace-polskich-artystow-na-wystawie-podziemne-niebo-surrealizm-w-kolekcji-moderna-museet-w-sztokholmie\/#breadcrumb\"},\"inLanguage\":\"pl-PL\",\"potentialAction\":[{\"@type\":\"ReadAction\",\"target\":[\"https:\/\/instytutpolski.pl\/stockholm\/pl\/2024\/10\/01\/prace-polskich-artystow-na-wystawie-podziemne-niebo-surrealizm-w-kolekcji-moderna-museet-w-sztokholmie\/\"]}],\"@context\":\"https:\/\/schema.org\",\"startDate\":\"2024-10-26\",\"endDate\":\"2026-01-11\",\"eventStatus\":\"EventScheduled\",\"eventAttendanceMode\":\"OfflineEventAttendanceMode\",\"location\":{\"@type\":\"place\",\"name\":\"Moderna Museet i Stockholm\",\"address\":\"Moderna Museet i Stockholm\",\"geo\":{\"@type\":\"GeoCoordinates\",\"latitude\":\"59.240108338647616\",\"longitude\":\"18.502691124867233\"}},\"description\":\"\u201eW 2024 roku minie sto lat, odk\u0105d francuski poeta Andr\u00e9 Breton napisa\u0142 pierwszy manifest surrealizmu. Dlatego wystawa ta zag\u0142\u0119bia si\u0119 w s\u0142ynn\u0105 na ca\u0142ym \u015bwiecie surrealistyczn\u0105 kolekcj\u0119 Moderna Museet i wp\u0142yw tego ruchu w naszych czasach. (...) \\nSurrealizm by\u0142 ruchem intelektualnym, literackim i artystycznym, kt\u00f3ry chcia\u0142 zmieni\u0107 spo\u0142ecze\u0144stwo i wyzwoli\u0107 jednostk\u0119. W swoim pierwszym manife\u015bcie z 1924 roku Andr\u00e9 Breton definiuje surrealizm jako form\u0119 my\u015blenia pozaracjonalnego, wyczerpan\u0105 zobowi\u0105zaniami estetycznymi i moralnymi. Poniewa\u017c nigdy nie by\u0142 to zdefiniowany styl, ale raczej postawa, nadal rozwija\u0142 si\u0119 w historii sztuki i zachowa\u0142 swoje znaczenie.\\nWystawa pod\u0105\u017ca \u015bladami najs\u0142ynniejszych dzie\u0142 klasycznego surrealizmu w p\u00f3\u017aniejszej sztuce, kt\u00f3ra koncentruje si\u0119 wok\u00f3\u0142 pod\u015bwiadomo\u015bci, irracjonalno\u015bci i kultury po\u017c\u0105dania o ciemnych, brutalnych stronach. Tutaj podkre\u015blono r\u00f3wnie\u017c, jak radykalne eksperymenty surrealist\u00f3w z automatyzmem, zabaw\u0105 i przypadkiem zostaj\u0105 ponownie urzeczywistnione zar\u00f3wno w ruchu Fluxus i minimalizmie, jak i we wsp\u00f3\u0142czesnych \u015bwiatach d\u017awi\u0119ku i obrazu generowanych przez sztuczn\u0105 inteligencj\u0119. \\n\u0179r\u00f3d\u0142o: strona Moderna Museet\\nZdj\u0119cie: z filmu \u201eEuropa\u201d Franciszki i Stefana Themerson\u00f3w\\nWi\u0119cej znajdziesz na stronie muzeum\"},{\"@type\":\"ImageObject\",\"inLanguage\":\"pl-PL\",\"@id\":\"https:\/\/instytutpolski.pl\/stockholm\/pl\/2024\/10\/01\/prace-polskich-artystow-na-wystawie-podziemne-niebo-surrealizm-w-kolekcji-moderna-museet-w-sztokholmie\/#primaryimage\",\"url\":\"https:\/\/instytutpolski.pl\/stockholm\/wp-content\/uploads\/sites\/17\/2024\/10\/ModernaMuseetSurrealismHemsida.jpg\",\"contentUrl\":\"https:\/\/instytutpolski.pl\/stockholm\/wp-content\/uploads\/sites\/17\/2024\/10\/ModernaMuseetSurrealismHemsida.jpg\",\"width\":1120,\"height\":630},{\"@type\":\"BreadcrumbList\",\"@id\":\"https:\/\/instytutpolski.pl\/stockholm\/pl\/2024\/10\/01\/prace-polskich-artystow-na-wystawie-podziemne-niebo-surrealizm-w-kolekcji-moderna-museet-w-sztokholmie\/#breadcrumb\",\"itemListElement\":[{\"@type\":\"ListItem\",\"position\":1,\"name\":\"Home\",\"item\":\"https:\/\/instytutpolski.pl\/stockholm\/\"},{\"@type\":\"ListItem\",\"position\":2,\"name\":\"Prace polskich artyst\u00f3w na wystawie \u2018Podziemne niebo. Surrealizm w kolekcji Moderna Museet\u2019 w Sztokholmie\"}]},{\"@type\":\"WebSite\",\"@id\":\"https:\/\/instytutpolski.pl\/stockholm\/#website\",\"url\":\"https:\/\/instytutpolski.pl\/stockholm\/\",\"name\":\"Instytut Polski w Sztokholmie\",\"description\":\"Instytuty Polskie\",\"potentialAction\":[{\"@type\":\"SearchAction\",\"target\":{\"@type\":\"EntryPoint\",\"urlTemplate\":\"https:\/\/instytutpolski.pl\/stockholm\/?s={search_term_string}\"},\"query-input\":{\"@type\":\"PropertyValueSpecification\",\"valueRequired\":true,\"valueName\":\"search_term_string\"}}],\"inLanguage\":\"pl-PL\"},{\"@type\":\"Person\",\"@id\":\"https:\/\/instytutpolski.pl\/stockholm\/#\/schema\/person\/866a2c0f4ccf0982a286809684f7bc1e\",\"name\":\"treichelp\",\"image\":{\"@type\":\"ImageObject\",\"inLanguage\":\"pl-PL\",\"@id\":\"https:\/\/instytutpolski.pl\/stockholm\/#\/schema\/person\/image\/\",\"url\":\"https:\/\/secure.gravatar.com\/avatar\/fb2c1caae0df0854742a56fc463dd1fb?s=96&d=mm&r=g\",\"contentUrl\":\"https:\/\/secure.gravatar.com\/avatar\/fb2c1caae0df0854742a56fc463dd1fb?s=96&d=mm&r=g\",\"caption\":\"treichelp\"},\"url\":\"https:\/\/instytutpolski.pl\/stockholm\/author\/treichelp\/\"}]}<\/script>\n<!-- \/ Yoast SEO plugin. -->","yoast_head_json":{"title":"Prace polskich artyst\u00f3w na wystawie \u2018Podziemne niebo. Surrealizm w kolekcji Moderna Museet\u2019 w Sztokholmie - Instytut Polski w Sztokholmie","robots":{"index":"index","follow":"follow","max-snippet":"max-snippet:-1","max-image-preview":"max-image-preview:large","max-video-preview":"max-video-preview:-1"},"canonical":"https:\/\/instytutpolski.pl\/stockholm\/pl\/2024\/10\/01\/prace-polskich-artystow-na-wystawie-podziemne-niebo-surrealizm-w-kolekcji-moderna-museet-w-sztokholmie\/","og_locale":"pl_PL","og_type":"article","og_title":"Prace polskich artyst\u00f3w na wystawie \u2018Podziemne niebo. Surrealizm w kolekcji Moderna Museet\u2019 w Sztokholmie - Instytut Polski w Sztokholmie","og_description":"\u201eW 2024 roku minie sto lat, odk\u0105d francuski poeta Andr\u00e9 Breton napisa\u0142 pierwszy manifest surrealizmu. Dlatego wystawa ta zag\u0142\u0119bia si\u0119 w s\u0142ynn\u0105 na ca\u0142ym \u015bwiecie surrealistyczn\u0105 kolekcj\u0119 Moderna Museet i wp\u0142yw tego ruchu w naszych czasach. (&#8230;)&nbsp; Surrealizm by\u0142 ruchem intelektualnym, literackim i artystycznym, kt\u00f3ry chcia\u0142 zmieni\u0107 spo\u0142ecze\u0144stwo i wyzwoli\u0107 jednostk\u0119. W swoim pierwszym manife\u015bcie [&hellip;]","og_url":"https:\/\/instytutpolski.pl\/stockholm\/pl\/2024\/10\/01\/prace-polskich-artystow-na-wystawie-podziemne-niebo-surrealizm-w-kolekcji-moderna-museet-w-sztokholmie\/","og_site_name":"Instytut Polski w Sztokholmie","article_published_time":"2024-10-01T07:08:52+00:00","article_modified_time":"2024-10-28T09:24:51+00:00","og_image":[{"width":1120,"height":630,"url":"https:\/\/instytutpolski.pl\/stockholm\/wp-content\/uploads\/sites\/17\/2024\/10\/ModernaMuseetSurrealismHemsida.jpg","type":"image\/jpeg"}],"author":"treichelp","twitter_card":"summary_large_image","twitter_misc":{"Napisane przez":"treichelp","Szacowany czas czytania":"1 minuta"},"schema":{"@context":"https:\/\/schema.org","@graph":[{"@type":"event","@id":"https:\/\/instytutpolski.pl\/stockholm\/pl\/2024\/10\/01\/prace-polskich-artystow-na-wystawie-podziemne-niebo-surrealizm-w-kolekcji-moderna-museet-w-sztokholmie\/","url":"https:\/\/instytutpolski.pl\/stockholm\/pl\/2024\/10\/01\/prace-polskich-artystow-na-wystawie-podziemne-niebo-surrealizm-w-kolekcji-moderna-museet-w-sztokholmie\/","name":"Prace polskich artyst\u00f3w na wystawie \u2018Podziemne niebo. Surrealizm w kolekcji Moderna Museet\u2019 w Sztokholmie","isPartOf":{"@id":"https:\/\/instytutpolski.pl\/stockholm\/#website"},"primaryImageOfPage":{"@id":"https:\/\/instytutpolski.pl\/stockholm\/pl\/2024\/10\/01\/prace-polskich-artystow-na-wystawie-podziemne-niebo-surrealizm-w-kolekcji-moderna-museet-w-sztokholmie\/#primaryimage"},"image":["https:\/\/instytutpolski.pl\/stockholm\/wp-content\/uploads\/sites\/17\/2024\/10\/ModernaMuseetSurrealismHemsida.jpg","https:\/\/instytutpolski.pl\/stockholm\/wp-content\/uploads\/sites\/17\/2024\/10\/ModernaMuseetSurrealismHemsida-300x169.jpg","https:\/\/instytutpolski.pl\/stockholm\/wp-content\/uploads\/sites\/17\/2024\/10\/ModernaMuseetSurrealismHemsida-1024x576.jpg","https:\/\/instytutpolski.pl\/stockholm\/wp-content\/uploads\/sites\/17\/2024\/10\/ModernaMuseetSurrealismHemsida.jpg"],"thumbnailUrl":"https:\/\/instytutpolski.pl\/stockholm\/wp-content\/uploads\/sites\/17\/2024\/10\/ModernaMuseetSurrealismHemsida.jpg","datePublished":"2024-10-01T07:08:52+02:00","dateModified":"2024-10-28T09:24:51+02:00","author":{"@id":"https:\/\/instytutpolski.pl\/stockholm\/#\/schema\/person\/866a2c0f4ccf0982a286809684f7bc1e"},"breadcrumb":{"@id":"https:\/\/instytutpolski.pl\/stockholm\/pl\/2024\/10\/01\/prace-polskich-artystow-na-wystawie-podziemne-niebo-surrealizm-w-kolekcji-moderna-museet-w-sztokholmie\/#breadcrumb"},"inLanguage":"pl-PL","potentialAction":[{"@type":"ReadAction","target":["https:\/\/instytutpolski.pl\/stockholm\/pl\/2024\/10\/01\/prace-polskich-artystow-na-wystawie-podziemne-niebo-surrealizm-w-kolekcji-moderna-museet-w-sztokholmie\/"]}],"@context":"https:\/\/schema.org","startDate":"2024-10-26","endDate":"2026-01-11","eventStatus":"EventScheduled","eventAttendanceMode":"OfflineEventAttendanceMode","location":{"@type":"place","name":"Moderna Museet i Stockholm","address":"Moderna Museet i Stockholm","geo":{"@type":"GeoCoordinates","latitude":"59.240108338647616","longitude":"18.502691124867233"}},"description":"\u201eW 2024 roku minie sto lat, odk\u0105d francuski poeta Andr\u00e9 Breton napisa\u0142 pierwszy manifest surrealizmu. Dlatego wystawa ta zag\u0142\u0119bia si\u0119 w s\u0142ynn\u0105 na ca\u0142ym \u015bwiecie surrealistyczn\u0105 kolekcj\u0119 Moderna Museet i wp\u0142yw tego ruchu w naszych czasach. (...) \nSurrealizm by\u0142 ruchem intelektualnym, literackim i artystycznym, kt\u00f3ry chcia\u0142 zmieni\u0107 spo\u0142ecze\u0144stwo i wyzwoli\u0107 jednostk\u0119. W swoim pierwszym manife\u015bcie z 1924 roku Andr\u00e9 Breton definiuje surrealizm jako form\u0119 my\u015blenia pozaracjonalnego, wyczerpan\u0105 zobowi\u0105zaniami estetycznymi i moralnymi. Poniewa\u017c nigdy nie by\u0142 to zdefiniowany styl, ale raczej postawa, nadal rozwija\u0142 si\u0119 w historii sztuki i zachowa\u0142 swoje znaczenie.\nWystawa pod\u0105\u017ca \u015bladami najs\u0142ynniejszych dzie\u0142 klasycznego surrealizmu w p\u00f3\u017aniejszej sztuce, kt\u00f3ra koncentruje si\u0119 wok\u00f3\u0142 pod\u015bwiadomo\u015bci, irracjonalno\u015bci i kultury po\u017c\u0105dania o ciemnych, brutalnych stronach. Tutaj podkre\u015blono r\u00f3wnie\u017c, jak radykalne eksperymenty surrealist\u00f3w z automatyzmem, zabaw\u0105 i przypadkiem zostaj\u0105 ponownie urzeczywistnione zar\u00f3wno w ruchu Fluxus i minimalizmie, jak i we wsp\u00f3\u0142czesnych \u015bwiatach d\u017awi\u0119ku i obrazu generowanych przez sztuczn\u0105 inteligencj\u0119. \n\u0179r\u00f3d\u0142o: strona Moderna Museet\nZdj\u0119cie: z filmu \u201eEuropa\u201d Franciszki i Stefana Themerson\u00f3w\nWi\u0119cej znajdziesz na stronie muzeum"},{"@type":"ImageObject","inLanguage":"pl-PL","@id":"https:\/\/instytutpolski.pl\/stockholm\/pl\/2024\/10\/01\/prace-polskich-artystow-na-wystawie-podziemne-niebo-surrealizm-w-kolekcji-moderna-museet-w-sztokholmie\/#primaryimage","url":"https:\/\/instytutpolski.pl\/stockholm\/wp-content\/uploads\/sites\/17\/2024\/10\/ModernaMuseetSurrealismHemsida.jpg","contentUrl":"https:\/\/instytutpolski.pl\/stockholm\/wp-content\/uploads\/sites\/17\/2024\/10\/ModernaMuseetSurrealismHemsida.jpg","width":1120,"height":630},{"@type":"BreadcrumbList","@id":"https:\/\/instytutpolski.pl\/stockholm\/pl\/2024\/10\/01\/prace-polskich-artystow-na-wystawie-podziemne-niebo-surrealizm-w-kolekcji-moderna-museet-w-sztokholmie\/#breadcrumb","itemListElement":[{"@type":"ListItem","position":1,"name":"Home","item":"https:\/\/instytutpolski.pl\/stockholm\/"},{"@type":"ListItem","position":2,"name":"Prace polskich artyst\u00f3w na wystawie \u2018Podziemne niebo. Surrealizm w kolekcji Moderna Museet\u2019 w Sztokholmie"}]},{"@type":"WebSite","@id":"https:\/\/instytutpolski.pl\/stockholm\/#website","url":"https:\/\/instytutpolski.pl\/stockholm\/","name":"Instytut Polski w Sztokholmie","description":"Instytuty Polskie","potentialAction":[{"@type":"SearchAction","target":{"@type":"EntryPoint","urlTemplate":"https:\/\/instytutpolski.pl\/stockholm\/?s={search_term_string}"},"query-input":{"@type":"PropertyValueSpecification","valueRequired":true,"valueName":"search_term_string"}}],"inLanguage":"pl-PL"},{"@type":"Person","@id":"https:\/\/instytutpolski.pl\/stockholm\/#\/schema\/person\/866a2c0f4ccf0982a286809684f7bc1e","name":"treichelp","image":{"@type":"ImageObject","inLanguage":"pl-PL","@id":"https:\/\/instytutpolski.pl\/stockholm\/#\/schema\/person\/image\/","url":"https:\/\/secure.gravatar.com\/avatar\/fb2c1caae0df0854742a56fc463dd1fb?s=96&d=mm&r=g","contentUrl":"https:\/\/secure.gravatar.com\/avatar\/fb2c1caae0df0854742a56fc463dd1fb?s=96&d=mm&r=g","caption":"treichelp"},"url":"https:\/\/instytutpolski.pl\/stockholm\/author\/treichelp\/"}]}},"_links":{"self":[{"href":"https:\/\/instytutpolski.pl\/stockholm\/wp-json\/wp\/v2\/posts\/12944","targetHints":{"allow":["GET"]}}],"collection":[{"href":"https:\/\/instytutpolski.pl\/stockholm\/wp-json\/wp\/v2\/posts"}],"about":[{"href":"https:\/\/instytutpolski.pl\/stockholm\/wp-json\/wp\/v2\/types\/post"}],"author":[{"embeddable":true,"href":"https:\/\/instytutpolski.pl\/stockholm\/wp-json\/wp\/v2\/users\/173"}],"replies":[{"embeddable":true,"href":"https:\/\/instytutpolski.pl\/stockholm\/wp-json\/wp\/v2\/comments?post=12944"}],"version-history":[{"count":4,"href":"https:\/\/instytutpolski.pl\/stockholm\/wp-json\/wp\/v2\/posts\/12944\/revisions"}],"predecessor-version":[{"id":13074,"href":"https:\/\/instytutpolski.pl\/stockholm\/wp-json\/wp\/v2\/posts\/12944\/revisions\/13074"}],"wp:featuredmedia":[{"embeddable":true,"href":"https:\/\/instytutpolski.pl\/stockholm\/wp-json\/wp\/v2\/media\/12940"}],"wp:attachment":[{"href":"https:\/\/instytutpolski.pl\/stockholm\/wp-json\/wp\/v2\/media?parent=12944"}],"wp:term":[{"taxonomy":"category","embeddable":true,"href":"https:\/\/instytutpolski.pl\/stockholm\/wp-json\/wp\/v2\/categories?post=12944"},{"taxonomy":"post_tag","embeddable":true,"href":"https:\/\/instytutpolski.pl\/stockholm\/wp-json\/wp\/v2\/tags?post=12944"}],"curies":[{"name":"wp","href":"https:\/\/api.w.org\/{rel}","templated":true}]}}