{"id":13014,"date":"2024-10-09T15:27:53","date_gmt":"2024-10-09T13:27:53","guid":{"rendered":"https:\/\/instytutpolski.pl\/stockholm\/?p=13014"},"modified":"2024-10-10T14:17:49","modified_gmt":"2024-10-10T12:17:49","slug":"ponad-600-uczniow-wzielo-udzial-w-europejskim-dniu-jezykow-w-sztokholmie","status":"publish","type":"post","link":"https:\/\/instytutpolski.pl\/stockholm\/pl\/2024\/10\/09\/ponad-600-uczniow-wzielo-udzial-w-europejskim-dniu-jezykow-w-sztokholmie\/","title":{"rendered":"Ponad 600 uczni\u00f3w wzi\u0119\u0142o udzia\u0142 w Europejskim Dniu J\u0119zyk\u00f3w w Sztokholmie"},"content":{"rendered":"\n<p>W tym roku wydarzenie odby\u0142o si\u0119 we wtorek, 24 wrze\u015bnia kiedy to ponad 600 uczni\u00f3w z ponad 20 szk\u00f3\u0142 z regionu Sztokholmu mia\u0142o okazj\u0119 pozna\u0107 nowe j\u0119zyki, w tym polski.<\/p>\n\n\n\n<p>Ponadto, w ramach obchod\u00f3w EDL w Sztokholmie, organizowany jest konkurs j\u0119zykowy adresowany do szwedzkich szk\u00f3\u0142. W tym roku zadanie konkursowe polega\u0142o na napisaniu wiersza o swoim ukochanym i wyj\u0105tkowym miejscu (po szwedzku smultronst\u00e4lle). Pierwsz\u0105 nagrod\u0119 otrzyma\u0142a Anamaria Vasiliu Bacovia z Uppsali, kt\u00f3ra napisa\u0142a wiersz w j\u0119zyku rumu\u0144skim.<\/p>\n\n\n\n<p>\u201eKiedy by\u0142am ma\u0142a, troch\u0119 pisa\u0142am, ale nigdy nie by\u0142o to na serio, po prostu pisa\u0142am, kiedy mia\u0142am na to ochot\u0119. Nadal tak robi\u0119, ale teraz, jako nastolatka, pisz\u0119 du\u017co cz\u0119\u015bciej. Uwa\u017cam, \u017ce poezja jest sposobem na wyrzucenie wszystkich uczu\u0107 i my\u015bli, kt\u00f3re si\u0119 ma. My\u015bl\u0119, \u017ce to rodzaj wolno\u015bci w u\u017cywaniu metafor do opisania tego, co si\u0119 czuje. Bardzo pocieszaj\u0105ce mo\u017ce by\u0107 zar\u00f3wno czytanie wierszy innych ludzi, jak i pisanie w\u0142asnych, kt\u00f3re nast\u0119pnie, mamy nadziej\u0119, zostan\u0105 opublikowane, co pozwoli na sprawdzenie, czy inni mog\u0105 si\u0119 z nimi uto\u017csami\u0107 i czu\u0107 si\u0119 mniej samotni\u201d. (z wywiadu ze zwyci\u0119\u017cczyni\u0105)<\/p>\n\n\n\n<p>Ca\u0142y wywiad ze zwyci\u0119\u017cczyni\u0105 znajdziesz na <a href=\"https:\/\/sweden.representation.ec.europa.eu\/news\/vinnaren-har-utsetts-i-var-sprakdagstavling-grattis-anamaria-2024-09-27_en\" target=\"_blank\" rel=\"noreferrer noopener\">stronie Komisji Europejskiej w Sztokholmie (po szwedzku)<\/a><\/p>\n\n\n\n<pre class=\"wp-block-verse\"><\/pre>\n\n\n\n<figure class=\"wp-block-gallery has-nested-images columns-default is-cropped wp-block-gallery-1 is-layout-flex wp-block-gallery-is-layout-flex\">\n<figure class=\"wp-block-image size-large\"><img loading=\"lazy\" decoding=\"async\" width=\"1024\" height=\"1024\" data-id=\"13009\" src=\"https:\/\/instytutpolski.pl\/stockholm\/wp-content\/uploads\/sites\/17\/2024\/10\/15-1024x1024.jpg\" alt=\"\" class=\"wp-image-13009\" srcset=\"https:\/\/instytutpolski.pl\/stockholm\/wp-content\/uploads\/sites\/17\/2024\/10\/15-1024x1024.jpg 1024w, https:\/\/instytutpolski.pl\/stockholm\/wp-content\/uploads\/sites\/17\/2024\/10\/15-300x300.jpg 300w, https:\/\/instytutpolski.pl\/stockholm\/wp-content\/uploads\/sites\/17\/2024\/10\/15-150x150.jpg 150w, https:\/\/instytutpolski.pl\/stockholm\/wp-content\/uploads\/sites\/17\/2024\/10\/15-768x768.jpg 768w, https:\/\/instytutpolski.pl\/stockholm\/wp-content\/uploads\/sites\/17\/2024\/10\/15.jpg 1080w\" sizes=\"auto, (max-width: 1024px) 100vw, 1024px\" \/><figcaption class=\"wp-element-caption\">Foto: Pawe\u0142 Kania, Kania NordFOTO<\/figcaption><\/figure>\n\n\n\n<figure class=\"wp-block-image size-large\"><img loading=\"lazy\" decoding=\"async\" width=\"1024\" height=\"1024\" data-id=\"13008\" src=\"https:\/\/instytutpolski.pl\/stockholm\/wp-content\/uploads\/sites\/17\/2024\/10\/14-1024x1024.jpg\" alt=\"\" class=\"wp-image-13008\" srcset=\"https:\/\/instytutpolski.pl\/stockholm\/wp-content\/uploads\/sites\/17\/2024\/10\/14-1024x1024.jpg 1024w, https:\/\/instytutpolski.pl\/stockholm\/wp-content\/uploads\/sites\/17\/2024\/10\/14-300x300.jpg 300w, https:\/\/instytutpolski.pl\/stockholm\/wp-content\/uploads\/sites\/17\/2024\/10\/14-150x150.jpg 150w, https:\/\/instytutpolski.pl\/stockholm\/wp-content\/uploads\/sites\/17\/2024\/10\/14-768x768.jpg 768w, https:\/\/instytutpolski.pl\/stockholm\/wp-content\/uploads\/sites\/17\/2024\/10\/14.jpg 1080w\" sizes=\"auto, (max-width: 1024px) 100vw, 1024px\" \/><figcaption class=\"wp-element-caption\">Foto: Pawe\u0142 Kania, Kania NordFOTO<\/figcaption><\/figure>\n\n\n\n<figure class=\"wp-block-image size-large\"><img loading=\"lazy\" decoding=\"async\" width=\"1024\" height=\"1024\" data-id=\"13007\" src=\"https:\/\/instytutpolski.pl\/stockholm\/wp-content\/uploads\/sites\/17\/2024\/10\/13-1024x1024.jpg\" alt=\"\" class=\"wp-image-13007\" srcset=\"https:\/\/instytutpolski.pl\/stockholm\/wp-content\/uploads\/sites\/17\/2024\/10\/13-1024x1024.jpg 1024w, https:\/\/instytutpolski.pl\/stockholm\/wp-content\/uploads\/sites\/17\/2024\/10\/13-300x300.jpg 300w, https:\/\/instytutpolski.pl\/stockholm\/wp-content\/uploads\/sites\/17\/2024\/10\/13-150x150.jpg 150w, https:\/\/instytutpolski.pl\/stockholm\/wp-content\/uploads\/sites\/17\/2024\/10\/13-768x768.jpg 768w, https:\/\/instytutpolski.pl\/stockholm\/wp-content\/uploads\/sites\/17\/2024\/10\/13.jpg 1080w\" sizes=\"auto, (max-width: 1024px) 100vw, 1024px\" \/><figcaption class=\"wp-element-caption\">Foto: Pawe\u0142 Kania, Kania NordFOTO<\/figcaption><\/figure>\n\n\n\n<figure class=\"wp-block-image size-large\"><img loading=\"lazy\" decoding=\"async\" width=\"1024\" height=\"1024\" data-id=\"13006\" src=\"https:\/\/instytutpolski.pl\/stockholm\/wp-content\/uploads\/sites\/17\/2024\/10\/12-1024x1024.jpg\" alt=\"\" class=\"wp-image-13006\" srcset=\"https:\/\/instytutpolski.pl\/stockholm\/wp-content\/uploads\/sites\/17\/2024\/10\/12-1024x1024.jpg 1024w, https:\/\/instytutpolski.pl\/stockholm\/wp-content\/uploads\/sites\/17\/2024\/10\/12-300x300.jpg 300w, https:\/\/instytutpolski.pl\/stockholm\/wp-content\/uploads\/sites\/17\/2024\/10\/12-150x150.jpg 150w, https:\/\/instytutpolski.pl\/stockholm\/wp-content\/uploads\/sites\/17\/2024\/10\/12-768x768.jpg 768w, https:\/\/instytutpolski.pl\/stockholm\/wp-content\/uploads\/sites\/17\/2024\/10\/12.jpg 1080w\" sizes=\"auto, (max-width: 1024px) 100vw, 1024px\" \/><figcaption class=\"wp-element-caption\">Foto: Pawe\u0142 Kania, Kania NordFOTO<\/figcaption><\/figure>\n\n\n\n<figure class=\"wp-block-image size-large\"><img loading=\"lazy\" decoding=\"async\" width=\"1024\" height=\"1024\" data-id=\"13005\" src=\"https:\/\/instytutpolski.pl\/stockholm\/wp-content\/uploads\/sites\/17\/2024\/10\/11-1024x1024.jpg\" alt=\"\" class=\"wp-image-13005\" srcset=\"https:\/\/instytutpolski.pl\/stockholm\/wp-content\/uploads\/sites\/17\/2024\/10\/11-1024x1024.jpg 1024w, https:\/\/instytutpolski.pl\/stockholm\/wp-content\/uploads\/sites\/17\/2024\/10\/11-300x300.jpg 300w, https:\/\/instytutpolski.pl\/stockholm\/wp-content\/uploads\/sites\/17\/2024\/10\/11-150x150.jpg 150w, https:\/\/instytutpolski.pl\/stockholm\/wp-content\/uploads\/sites\/17\/2024\/10\/11-768x768.jpg 768w, https:\/\/instytutpolski.pl\/stockholm\/wp-content\/uploads\/sites\/17\/2024\/10\/11.jpg 1080w\" sizes=\"auto, (max-width: 1024px) 100vw, 1024px\" \/><figcaption class=\"wp-element-caption\">Foto: Pawe\u0142 Kania, Kania NordFOTO<\/figcaption><\/figure>\n\n\n\n<figure class=\"wp-block-image size-large\"><img loading=\"lazy\" decoding=\"async\" width=\"1024\" height=\"1024\" data-id=\"13004\" src=\"https:\/\/instytutpolski.pl\/stockholm\/wp-content\/uploads\/sites\/17\/2024\/10\/10-1024x1024.jpg\" alt=\"\" class=\"wp-image-13004\" srcset=\"https:\/\/instytutpolski.pl\/stockholm\/wp-content\/uploads\/sites\/17\/2024\/10\/10-1024x1024.jpg 1024w, https:\/\/instytutpolski.pl\/stockholm\/wp-content\/uploads\/sites\/17\/2024\/10\/10-300x300.jpg 300w, https:\/\/instytutpolski.pl\/stockholm\/wp-content\/uploads\/sites\/17\/2024\/10\/10-150x150.jpg 150w, https:\/\/instytutpolski.pl\/stockholm\/wp-content\/uploads\/sites\/17\/2024\/10\/10-768x768.jpg 768w, https:\/\/instytutpolski.pl\/stockholm\/wp-content\/uploads\/sites\/17\/2024\/10\/10.jpg 1080w\" sizes=\"auto, (max-width: 1024px) 100vw, 1024px\" \/><figcaption class=\"wp-element-caption\">Foto: Pawe\u0142 Kania, Kania NordFOTO<\/figcaption><\/figure>\n\n\n\n<figure class=\"wp-block-image size-large\"><img loading=\"lazy\" decoding=\"async\" width=\"1024\" height=\"1024\" data-id=\"13003\" src=\"https:\/\/instytutpolski.pl\/stockholm\/wp-content\/uploads\/sites\/17\/2024\/10\/9-1024x1024.jpg\" alt=\"\" class=\"wp-image-13003\" srcset=\"https:\/\/instytutpolski.pl\/stockholm\/wp-content\/uploads\/sites\/17\/2024\/10\/9-1024x1024.jpg 1024w, https:\/\/instytutpolski.pl\/stockholm\/wp-content\/uploads\/sites\/17\/2024\/10\/9-300x300.jpg 300w, https:\/\/instytutpolski.pl\/stockholm\/wp-content\/uploads\/sites\/17\/2024\/10\/9-150x150.jpg 150w, https:\/\/instytutpolski.pl\/stockholm\/wp-content\/uploads\/sites\/17\/2024\/10\/9-768x768.jpg 768w, https:\/\/instytutpolski.pl\/stockholm\/wp-content\/uploads\/sites\/17\/2024\/10\/9.jpg 1080w\" sizes=\"auto, (max-width: 1024px) 100vw, 1024px\" \/><figcaption class=\"wp-element-caption\">Foto: Pawe\u0142 Kania, Kania NordFOTO<\/figcaption><\/figure>\n\n\n\n<figure class=\"wp-block-image size-large\"><img loading=\"lazy\" decoding=\"async\" width=\"1024\" height=\"1024\" data-id=\"13002\" src=\"https:\/\/instytutpolski.pl\/stockholm\/wp-content\/uploads\/sites\/17\/2024\/10\/8-1024x1024.jpg\" alt=\"\" class=\"wp-image-13002\" srcset=\"https:\/\/instytutpolski.pl\/stockholm\/wp-content\/uploads\/sites\/17\/2024\/10\/8-1024x1024.jpg 1024w, https:\/\/instytutpolski.pl\/stockholm\/wp-content\/uploads\/sites\/17\/2024\/10\/8-300x300.jpg 300w, https:\/\/instytutpolski.pl\/stockholm\/wp-content\/uploads\/sites\/17\/2024\/10\/8-150x150.jpg 150w, https:\/\/instytutpolski.pl\/stockholm\/wp-content\/uploads\/sites\/17\/2024\/10\/8-768x768.jpg 768w, https:\/\/instytutpolski.pl\/stockholm\/wp-content\/uploads\/sites\/17\/2024\/10\/8.jpg 1080w\" sizes=\"auto, (max-width: 1024px) 100vw, 1024px\" \/><figcaption class=\"wp-element-caption\">Foto: Pawe\u0142 Kania, Kania NordFOTO<\/figcaption><\/figure>\n\n\n\n<figure class=\"wp-block-image size-large\"><img loading=\"lazy\" decoding=\"async\" width=\"1024\" height=\"1024\" data-id=\"13001\" src=\"https:\/\/instytutpolski.pl\/stockholm\/wp-content\/uploads\/sites\/17\/2024\/10\/7-1024x1024.jpg\" alt=\"\" class=\"wp-image-13001\" srcset=\"https:\/\/instytutpolski.pl\/stockholm\/wp-content\/uploads\/sites\/17\/2024\/10\/7-1024x1024.jpg 1024w, https:\/\/instytutpolski.pl\/stockholm\/wp-content\/uploads\/sites\/17\/2024\/10\/7-300x300.jpg 300w, https:\/\/instytutpolski.pl\/stockholm\/wp-content\/uploads\/sites\/17\/2024\/10\/7-150x150.jpg 150w, https:\/\/instytutpolski.pl\/stockholm\/wp-content\/uploads\/sites\/17\/2024\/10\/7-768x768.jpg 768w, https:\/\/instytutpolski.pl\/stockholm\/wp-content\/uploads\/sites\/17\/2024\/10\/7.jpg 1080w\" sizes=\"auto, (max-width: 1024px) 100vw, 1024px\" \/><figcaption class=\"wp-element-caption\">Foto: Pawe\u0142 Kania, Kania NordFOTO<\/figcaption><\/figure>\n\n\n\n<figure class=\"wp-block-image size-large\"><img loading=\"lazy\" decoding=\"async\" width=\"1024\" height=\"1024\" data-id=\"13000\" src=\"https:\/\/instytutpolski.pl\/stockholm\/wp-content\/uploads\/sites\/17\/2024\/10\/6-1024x1024.jpg\" alt=\"\" class=\"wp-image-13000\" srcset=\"https:\/\/instytutpolski.pl\/stockholm\/wp-content\/uploads\/sites\/17\/2024\/10\/6-1024x1024.jpg 1024w, https:\/\/instytutpolski.pl\/stockholm\/wp-content\/uploads\/sites\/17\/2024\/10\/6-300x300.jpg 300w, https:\/\/instytutpolski.pl\/stockholm\/wp-content\/uploads\/sites\/17\/2024\/10\/6-150x150.jpg 150w, https:\/\/instytutpolski.pl\/stockholm\/wp-content\/uploads\/sites\/17\/2024\/10\/6-768x768.jpg 768w, https:\/\/instytutpolski.pl\/stockholm\/wp-content\/uploads\/sites\/17\/2024\/10\/6.jpg 1080w\" sizes=\"auto, (max-width: 1024px) 100vw, 1024px\" \/><figcaption class=\"wp-element-caption\">Foto: Pawe\u0142 Kania, Kania NordFOTO<\/figcaption><\/figure>\n\n\n\n<figure class=\"wp-block-image size-large\"><img loading=\"lazy\" decoding=\"async\" width=\"1024\" height=\"1024\" data-id=\"12999\" src=\"https:\/\/instytutpolski.pl\/stockholm\/wp-content\/uploads\/sites\/17\/2024\/10\/5-1024x1024.jpg\" alt=\"\" class=\"wp-image-12999\" srcset=\"https:\/\/instytutpolski.pl\/stockholm\/wp-content\/uploads\/sites\/17\/2024\/10\/5-1024x1024.jpg 1024w, https:\/\/instytutpolski.pl\/stockholm\/wp-content\/uploads\/sites\/17\/2024\/10\/5-300x300.jpg 300w, https:\/\/instytutpolski.pl\/stockholm\/wp-content\/uploads\/sites\/17\/2024\/10\/5-150x150.jpg 150w, https:\/\/instytutpolski.pl\/stockholm\/wp-content\/uploads\/sites\/17\/2024\/10\/5-768x768.jpg 768w, https:\/\/instytutpolski.pl\/stockholm\/wp-content\/uploads\/sites\/17\/2024\/10\/5.jpg 1080w\" sizes=\"auto, (max-width: 1024px) 100vw, 1024px\" \/><figcaption class=\"wp-element-caption\">Foto: Pawe\u0142 Kania, Kania NordFOTO<\/figcaption><\/figure>\n\n\n\n<figure class=\"wp-block-image size-large\"><img loading=\"lazy\" decoding=\"async\" width=\"1080\" height=\"1080\" data-id=\"12998\" src=\"https:\/\/instytutpolski.pl\/stockholm\/wp-content\/uploads\/sites\/17\/2024\/10\/4-1024x1024.jpg\" alt=\"\" class=\"wp-image-12998\" srcset=\"https:\/\/instytutpolski.pl\/stockholm\/wp-content\/uploads\/sites\/17\/2024\/10\/4-1024x1024.jpg 1024w, https:\/\/instytutpolski.pl\/stockholm\/wp-content\/uploads\/sites\/17\/2024\/10\/4-300x300.jpg 300w, https:\/\/instytutpolski.pl\/stockholm\/wp-content\/uploads\/sites\/17\/2024\/10\/4-150x150.jpg 150w, https:\/\/instytutpolski.pl\/stockholm\/wp-content\/uploads\/sites\/17\/2024\/10\/4-768x768.jpg 768w, https:\/\/instytutpolski.pl\/stockholm\/wp-content\/uploads\/sites\/17\/2024\/10\/4.jpg 1080w\" sizes=\"auto, (max-width: 1080px) 100vw, 1080px\" \/><figcaption class=\"wp-element-caption\">Foto: Pawe\u0142 Kania, Kania NordFOTO<\/figcaption><\/figure>\n\n\n\n<figure class=\"wp-block-image size-large\"><img loading=\"lazy\" decoding=\"async\" width=\"1024\" height=\"1024\" data-id=\"12997\" src=\"https:\/\/instytutpolski.pl\/stockholm\/wp-content\/uploads\/sites\/17\/2024\/10\/3-1024x1024.jpg\" alt=\"\" class=\"wp-image-12997\" srcset=\"https:\/\/instytutpolski.pl\/stockholm\/wp-content\/uploads\/sites\/17\/2024\/10\/3-1024x1024.jpg 1024w, https:\/\/instytutpolski.pl\/stockholm\/wp-content\/uploads\/sites\/17\/2024\/10\/3-300x300.jpg 300w, https:\/\/instytutpolski.pl\/stockholm\/wp-content\/uploads\/sites\/17\/2024\/10\/3-150x150.jpg 150w, https:\/\/instytutpolski.pl\/stockholm\/wp-content\/uploads\/sites\/17\/2024\/10\/3-768x768.jpg 768w, https:\/\/instytutpolski.pl\/stockholm\/wp-content\/uploads\/sites\/17\/2024\/10\/3.jpg 1080w\" sizes=\"auto, (max-width: 1024px) 100vw, 1024px\" \/><figcaption class=\"wp-element-caption\">Foto: Pawe\u0142 Kania, Kania NordFOTO<\/figcaption><\/figure>\n\n\n\n<figure class=\"wp-block-image size-large\"><img loading=\"lazy\" decoding=\"async\" width=\"1024\" height=\"1024\" data-id=\"12996\" src=\"https:\/\/instytutpolski.pl\/stockholm\/wp-content\/uploads\/sites\/17\/2024\/10\/2-1024x1024.jpg\" alt=\"\" class=\"wp-image-12996\" srcset=\"https:\/\/instytutpolski.pl\/stockholm\/wp-content\/uploads\/sites\/17\/2024\/10\/2-1024x1024.jpg 1024w, https:\/\/instytutpolski.pl\/stockholm\/wp-content\/uploads\/sites\/17\/2024\/10\/2-300x300.jpg 300w, https:\/\/instytutpolski.pl\/stockholm\/wp-content\/uploads\/sites\/17\/2024\/10\/2-150x150.jpg 150w, https:\/\/instytutpolski.pl\/stockholm\/wp-content\/uploads\/sites\/17\/2024\/10\/2-768x768.jpg 768w, https:\/\/instytutpolski.pl\/stockholm\/wp-content\/uploads\/sites\/17\/2024\/10\/2.jpg 1080w\" sizes=\"auto, (max-width: 1024px) 100vw, 1024px\" \/><figcaption class=\"wp-element-caption\">Foto: Pawe\u0142 Kania, Kania NordFOTO<\/figcaption><\/figure>\n\n\n\n<figure class=\"wp-block-image size-large\"><img loading=\"lazy\" decoding=\"async\" width=\"1024\" height=\"1024\" data-id=\"12995\" src=\"https:\/\/instytutpolski.pl\/stockholm\/wp-content\/uploads\/sites\/17\/2024\/10\/1-1024x1024.jpg\" alt=\"\" class=\"wp-image-12995\" srcset=\"https:\/\/instytutpolski.pl\/stockholm\/wp-content\/uploads\/sites\/17\/2024\/10\/1-1024x1024.jpg 1024w, https:\/\/instytutpolski.pl\/stockholm\/wp-content\/uploads\/sites\/17\/2024\/10\/1-300x300.jpg 300w, https:\/\/instytutpolski.pl\/stockholm\/wp-content\/uploads\/sites\/17\/2024\/10\/1-150x150.jpg 150w, https:\/\/instytutpolski.pl\/stockholm\/wp-content\/uploads\/sites\/17\/2024\/10\/1-768x768.jpg 768w, https:\/\/instytutpolski.pl\/stockholm\/wp-content\/uploads\/sites\/17\/2024\/10\/1.jpg 1080w\" sizes=\"auto, (max-width: 1024px) 100vw, 1024px\" \/><figcaption class=\"wp-element-caption\">Foto: Pawe\u0142 Kania, Kania NordFOTO<\/figcaption><\/figure>\n<\/figure>\n\n\n\n<p>Foto: Pawe\u0142 Kania, Kania NordFOTO<\/p>\n","protected":false},"excerpt":{"rendered":"<p>W tym roku wydarzenie odby\u0142o si\u0119 we wtorek, 24 wrze\u015bnia kiedy to ponad 600 uczni\u00f3w z ponad 20 szk\u00f3\u0142 z regionu Sztokholmu mia\u0142o okazj\u0119 pozna\u0107 nowe j\u0119zyki, w tym polski. Ponadto, w ramach obchod\u00f3w EDL w Sztokholmie, organizowany jest konkurs j\u0119zykowy adresowany do szwedzkich szk\u00f3\u0142. W tym roku zadanie konkursowe polega\u0142o na napisaniu wiersza o [&hellip;]<\/p>\n","protected":false},"author":173,"featured_media":12994,"comment_status":"closed","ping_status":"closed","sticky":true,"template":"","format":"standard","meta":{"inline_featured_image":false,"_monsterinsights_skip_tracking":false,"_monsterinsights_sitenote_active":false,"_monsterinsights_sitenote_note":"","_monsterinsights_sitenote_category":0,"footnotes":""},"categories":[320,208],"tags":[],"class_list":["post-13014","post","type-post","status-publish","format-standard","has-post-thumbnail","hentry","category-artykuly-pl","category-galeria-pl"],"yoast_head":"<!-- This site is optimized with the Yoast SEO plugin v24.6 - https:\/\/yoast.com\/wordpress\/plugins\/seo\/ -->\n<title>Ponad 600 uczni\u00f3w wzi\u0119\u0142o udzia\u0142 w Europejskim Dniu J\u0119zyk\u00f3w w Sztokholmie - Instytut Polski w Sztokholmie<\/title>\n<meta name=\"robots\" content=\"index, follow, max-snippet:-1, max-image-preview:large, max-video-preview:-1\" \/>\n<link rel=\"canonical\" href=\"https:\/\/instytutpolski.pl\/stockholm\/pl\/2024\/10\/09\/ponad-600-uczniow-wzielo-udzial-w-europejskim-dniu-jezykow-w-sztokholmie\/\" \/>\n<meta property=\"og:locale\" content=\"pl_PL\" \/>\n<meta property=\"og:type\" content=\"article\" \/>\n<meta property=\"og:title\" content=\"Ponad 600 uczni\u00f3w wzi\u0119\u0142o udzia\u0142 w Europejskim Dniu J\u0119zyk\u00f3w w Sztokholmie - Instytut Polski w Sztokholmie\" \/>\n<meta property=\"og:description\" content=\"W tym roku wydarzenie odby\u0142o si\u0119 we wtorek, 24 wrze\u015bnia kiedy to ponad 600 uczni\u00f3w z ponad 20 szk\u00f3\u0142 z regionu Sztokholmu mia\u0142o okazj\u0119 pozna\u0107 nowe j\u0119zyki, w tym polski. Ponadto, w ramach obchod\u00f3w EDL w Sztokholmie, organizowany jest konkurs j\u0119zykowy adresowany do szwedzkich szk\u00f3\u0142. W tym roku zadanie konkursowe polega\u0142o na napisaniu wiersza o [&hellip;]\" \/>\n<meta property=\"og:url\" content=\"https:\/\/instytutpolski.pl\/stockholm\/pl\/2024\/10\/09\/ponad-600-uczniow-wzielo-udzial-w-europejskim-dniu-jezykow-w-sztokholmie\/\" \/>\n<meta property=\"og:site_name\" content=\"Instytut Polski w Sztokholmie\" \/>\n<meta property=\"article:published_time\" content=\"2024-10-09T13:27:53+00:00\" \/>\n<meta property=\"article:modified_time\" content=\"2024-10-10T12:17:49+00:00\" \/>\n<meta property=\"og:image\" content=\"https:\/\/instytutpolski.pl\/stockholm\/wp-content\/uploads\/sites\/17\/2024\/10\/EDLFoto.jpg\" \/>\n\t<meta property=\"og:image:width\" content=\"1120\" \/>\n\t<meta property=\"og:image:height\" content=\"630\" \/>\n\t<meta property=\"og:image:type\" content=\"image\/jpeg\" \/>\n<meta name=\"author\" content=\"treichelp\" \/>\n<meta name=\"twitter:card\" content=\"summary_large_image\" \/>\n<meta name=\"twitter:label1\" content=\"Napisane przez\" \/>\n\t<meta name=\"twitter:data1\" content=\"treichelp\" \/>\n\t<meta name=\"twitter:label2\" content=\"Szacowany czas czytania\" \/>\n\t<meta name=\"twitter:data2\" content=\"5 minut\" \/>\n<script type=\"application\/ld+json\" class=\"yoast-schema-graph\">{\"@context\":\"https:\/\/schema.org\",\"@graph\":[{\"@type\":\"event\",\"@id\":\"https:\/\/instytutpolski.pl\/stockholm\/pl\/2024\/10\/09\/ponad-600-uczniow-wzielo-udzial-w-europejskim-dniu-jezykow-w-sztokholmie\/\",\"url\":\"https:\/\/instytutpolski.pl\/stockholm\/pl\/2024\/10\/09\/ponad-600-uczniow-wzielo-udzial-w-europejskim-dniu-jezykow-w-sztokholmie\/\",\"name\":\"Ponad 600 uczni\u00f3w wzi\u0119\u0142o udzia\u0142 w Europejskim Dniu J\u0119zyk\u00f3w w Sztokholmie\",\"isPartOf\":{\"@id\":\"https:\/\/instytutpolski.pl\/stockholm\/#website\"},\"primaryImageOfPage\":{\"@id\":\"https:\/\/instytutpolski.pl\/stockholm\/pl\/2024\/10\/09\/ponad-600-uczniow-wzielo-udzial-w-europejskim-dniu-jezykow-w-sztokholmie\/#primaryimage\"},\"image\":[\"https:\/\/instytutpolski.pl\/stockholm\/wp-content\/uploads\/sites\/17\/2024\/10\/EDLFoto.jpg\",\"https:\/\/instytutpolski.pl\/stockholm\/wp-content\/uploads\/sites\/17\/2024\/10\/EDLFoto-300x169.jpg\",\"https:\/\/instytutpolski.pl\/stockholm\/wp-content\/uploads\/sites\/17\/2024\/10\/EDLFoto-1024x576.jpg\",\"https:\/\/instytutpolski.pl\/stockholm\/wp-content\/uploads\/sites\/17\/2024\/10\/EDLFoto.jpg\"],\"thumbnailUrl\":\"https:\/\/instytutpolski.pl\/stockholm\/wp-content\/uploads\/sites\/17\/2024\/10\/EDLFoto.jpg\",\"datePublished\":\"2024-10-09T13:27:53+02:00\",\"dateModified\":\"2024-10-10T12:17:49+02:00\",\"author\":{\"@id\":\"https:\/\/instytutpolski.pl\/stockholm\/#\/schema\/person\/866a2c0f4ccf0982a286809684f7bc1e\"},\"breadcrumb\":{\"@id\":\"https:\/\/instytutpolski.pl\/stockholm\/pl\/2024\/10\/09\/ponad-600-uczniow-wzielo-udzial-w-europejskim-dniu-jezykow-w-sztokholmie\/#breadcrumb\"},\"inLanguage\":\"pl-PL\",\"potentialAction\":[{\"@type\":\"ReadAction\",\"target\":[\"https:\/\/instytutpolski.pl\/stockholm\/pl\/2024\/10\/09\/ponad-600-uczniow-wzielo-udzial-w-europejskim-dniu-jezykow-w-sztokholmie\/\"]}],\"@context\":\"https:\/\/schema.org\",\"startDate\":\"2024-09-24\",\"endDate\":\"2024-09-24\",\"eventStatus\":\"EventScheduled\",\"eventAttendanceMode\":\"OfflineEventAttendanceMode\",\"location\":{\"@type\":\"place\",\"name\":\"Finlandshuset, Stockholm\",\"address\":\"Finlandshuset, Stockholm\",\"geo\":{\"@type\":\"GeoCoordinates\",\"latitude\":\"59.31007684793687\",\"longitude\":\"18.111436433427773\"}},\"description\":\"W tym roku wydarzenie odby\u0142o si\u0119 we wtorek, 24 wrze\u015bnia kiedy to ponad 600 uczni\u00f3w z ponad 20 szk\u00f3\u0142 z regionu Sztokholmu mia\u0142o okazj\u0119 pozna\u0107 nowe j\u0119zyki, w tym polski.\\nPonadto, w ramach obchod\u00f3w EDL w Sztokholmie, organizowany jest konkurs j\u0119zykowy adresowany do szwedzkich szk\u00f3\u0142. W tym roku zadanie konkursowe polega\u0142o na napisaniu wiersza o swoim ukochanym i wyj\u0105tkowym miejscu (po szwedzku smultronst\u00e4lle). Pierwsz\u0105 nagrod\u0119 otrzyma\u0142a Anamaria Vasiliu Bacovia z Uppsali, kt\u00f3ra napisa\u0142a wiersz w j\u0119zyku rumu\u0144skim.\\n\u201eKiedy by\u0142am ma\u0142a, troch\u0119 pisa\u0142am, ale nigdy nie by\u0142o to na serio, po prostu pisa\u0142am, kiedy mia\u0142am na to ochot\u0119. Nadal tak robi\u0119, ale teraz, jako nastolatka, pisz\u0119 du\u017co cz\u0119\u015bciej. Uwa\u017cam, \u017ce poezja jest sposobem na wyrzucenie wszystkich uczu\u0107 i my\u015bli, kt\u00f3re si\u0119 ma. My\u015bl\u0119, \u017ce to rodzaj wolno\u015bci w u\u017cywaniu metafor do opisania tego, co si\u0119 czuje. Bardzo pocieszaj\u0105ce mo\u017ce by\u0107 zar\u00f3wno czytanie wierszy innych ludzi, jak i pisanie w\u0142asnych, kt\u00f3re nast\u0119pnie, mamy nadziej\u0119, zostan\u0105 opublikowane, co pozwoli na sprawdzenie, czy inni mog\u0105 si\u0119 z nimi uto\u017csami\u0107 i czu\u0107 si\u0119 mniej samotni\u201d. (z wywiadu ze zwyci\u0119\u017cczyni\u0105)\\nCa\u0142y wywiad ze zwyci\u0119\u017cczyni\u0105 znajdziesz na stronie Komisji Europejskiej w Sztokholmie (po szwedzku)\\nFoto: Pawe\u0142 Kania, Kania NordFOTO\"},{\"@type\":\"ImageObject\",\"inLanguage\":\"pl-PL\",\"@id\":\"https:\/\/instytutpolski.pl\/stockholm\/pl\/2024\/10\/09\/ponad-600-uczniow-wzielo-udzial-w-europejskim-dniu-jezykow-w-sztokholmie\/#primaryimage\",\"url\":\"https:\/\/instytutpolski.pl\/stockholm\/wp-content\/uploads\/sites\/17\/2024\/10\/EDLFoto.jpg\",\"contentUrl\":\"https:\/\/instytutpolski.pl\/stockholm\/wp-content\/uploads\/sites\/17\/2024\/10\/EDLFoto.jpg\",\"width\":1120,\"height\":630},{\"@type\":\"BreadcrumbList\",\"@id\":\"https:\/\/instytutpolski.pl\/stockholm\/pl\/2024\/10\/09\/ponad-600-uczniow-wzielo-udzial-w-europejskim-dniu-jezykow-w-sztokholmie\/#breadcrumb\",\"itemListElement\":[{\"@type\":\"ListItem\",\"position\":1,\"name\":\"Home\",\"item\":\"https:\/\/instytutpolski.pl\/stockholm\/\"},{\"@type\":\"ListItem\",\"position\":2,\"name\":\"Ponad 600 uczni\u00f3w wzi\u0119\u0142o udzia\u0142 w Europejskim Dniu J\u0119zyk\u00f3w w Sztokholmie\"}]},{\"@type\":\"WebSite\",\"@id\":\"https:\/\/instytutpolski.pl\/stockholm\/#website\",\"url\":\"https:\/\/instytutpolski.pl\/stockholm\/\",\"name\":\"Instytut Polski w Sztokholmie\",\"description\":\"Instytuty Polskie\",\"potentialAction\":[{\"@type\":\"SearchAction\",\"target\":{\"@type\":\"EntryPoint\",\"urlTemplate\":\"https:\/\/instytutpolski.pl\/stockholm\/?s={search_term_string}\"},\"query-input\":{\"@type\":\"PropertyValueSpecification\",\"valueRequired\":true,\"valueName\":\"search_term_string\"}}],\"inLanguage\":\"pl-PL\"},{\"@type\":\"Person\",\"@id\":\"https:\/\/instytutpolski.pl\/stockholm\/#\/schema\/person\/866a2c0f4ccf0982a286809684f7bc1e\",\"name\":\"treichelp\",\"image\":{\"@type\":\"ImageObject\",\"inLanguage\":\"pl-PL\",\"@id\":\"https:\/\/instytutpolski.pl\/stockholm\/#\/schema\/person\/image\/\",\"url\":\"https:\/\/secure.gravatar.com\/avatar\/fb2c1caae0df0854742a56fc463dd1fb?s=96&d=mm&r=g\",\"contentUrl\":\"https:\/\/secure.gravatar.com\/avatar\/fb2c1caae0df0854742a56fc463dd1fb?s=96&d=mm&r=g\",\"caption\":\"treichelp\"},\"url\":\"https:\/\/instytutpolski.pl\/stockholm\/author\/treichelp\/\"}]}<\/script>\n<!-- \/ Yoast SEO plugin. -->","yoast_head_json":{"title":"Ponad 600 uczni\u00f3w wzi\u0119\u0142o udzia\u0142 w Europejskim Dniu J\u0119zyk\u00f3w w Sztokholmie - Instytut Polski w Sztokholmie","robots":{"index":"index","follow":"follow","max-snippet":"max-snippet:-1","max-image-preview":"max-image-preview:large","max-video-preview":"max-video-preview:-1"},"canonical":"https:\/\/instytutpolski.pl\/stockholm\/pl\/2024\/10\/09\/ponad-600-uczniow-wzielo-udzial-w-europejskim-dniu-jezykow-w-sztokholmie\/","og_locale":"pl_PL","og_type":"article","og_title":"Ponad 600 uczni\u00f3w wzi\u0119\u0142o udzia\u0142 w Europejskim Dniu J\u0119zyk\u00f3w w Sztokholmie - Instytut Polski w Sztokholmie","og_description":"W tym roku wydarzenie odby\u0142o si\u0119 we wtorek, 24 wrze\u015bnia kiedy to ponad 600 uczni\u00f3w z ponad 20 szk\u00f3\u0142 z regionu Sztokholmu mia\u0142o okazj\u0119 pozna\u0107 nowe j\u0119zyki, w tym polski. Ponadto, w ramach obchod\u00f3w EDL w Sztokholmie, organizowany jest konkurs j\u0119zykowy adresowany do szwedzkich szk\u00f3\u0142. W tym roku zadanie konkursowe polega\u0142o na napisaniu wiersza o [&hellip;]","og_url":"https:\/\/instytutpolski.pl\/stockholm\/pl\/2024\/10\/09\/ponad-600-uczniow-wzielo-udzial-w-europejskim-dniu-jezykow-w-sztokholmie\/","og_site_name":"Instytut Polski w Sztokholmie","article_published_time":"2024-10-09T13:27:53+00:00","article_modified_time":"2024-10-10T12:17:49+00:00","og_image":[{"width":1120,"height":630,"url":"https:\/\/instytutpolski.pl\/stockholm\/wp-content\/uploads\/sites\/17\/2024\/10\/EDLFoto.jpg","type":"image\/jpeg"}],"author":"treichelp","twitter_card":"summary_large_image","twitter_misc":{"Napisane przez":"treichelp","Szacowany czas czytania":"5 minut"},"schema":{"@context":"https:\/\/schema.org","@graph":[{"@type":"event","@id":"https:\/\/instytutpolski.pl\/stockholm\/pl\/2024\/10\/09\/ponad-600-uczniow-wzielo-udzial-w-europejskim-dniu-jezykow-w-sztokholmie\/","url":"https:\/\/instytutpolski.pl\/stockholm\/pl\/2024\/10\/09\/ponad-600-uczniow-wzielo-udzial-w-europejskim-dniu-jezykow-w-sztokholmie\/","name":"Ponad 600 uczni\u00f3w wzi\u0119\u0142o udzia\u0142 w Europejskim Dniu J\u0119zyk\u00f3w w Sztokholmie","isPartOf":{"@id":"https:\/\/instytutpolski.pl\/stockholm\/#website"},"primaryImageOfPage":{"@id":"https:\/\/instytutpolski.pl\/stockholm\/pl\/2024\/10\/09\/ponad-600-uczniow-wzielo-udzial-w-europejskim-dniu-jezykow-w-sztokholmie\/#primaryimage"},"image":["https:\/\/instytutpolski.pl\/stockholm\/wp-content\/uploads\/sites\/17\/2024\/10\/EDLFoto.jpg","https:\/\/instytutpolski.pl\/stockholm\/wp-content\/uploads\/sites\/17\/2024\/10\/EDLFoto-300x169.jpg","https:\/\/instytutpolski.pl\/stockholm\/wp-content\/uploads\/sites\/17\/2024\/10\/EDLFoto-1024x576.jpg","https:\/\/instytutpolski.pl\/stockholm\/wp-content\/uploads\/sites\/17\/2024\/10\/EDLFoto.jpg"],"thumbnailUrl":"https:\/\/instytutpolski.pl\/stockholm\/wp-content\/uploads\/sites\/17\/2024\/10\/EDLFoto.jpg","datePublished":"2024-10-09T13:27:53+02:00","dateModified":"2024-10-10T12:17:49+02:00","author":{"@id":"https:\/\/instytutpolski.pl\/stockholm\/#\/schema\/person\/866a2c0f4ccf0982a286809684f7bc1e"},"breadcrumb":{"@id":"https:\/\/instytutpolski.pl\/stockholm\/pl\/2024\/10\/09\/ponad-600-uczniow-wzielo-udzial-w-europejskim-dniu-jezykow-w-sztokholmie\/#breadcrumb"},"inLanguage":"pl-PL","potentialAction":[{"@type":"ReadAction","target":["https:\/\/instytutpolski.pl\/stockholm\/pl\/2024\/10\/09\/ponad-600-uczniow-wzielo-udzial-w-europejskim-dniu-jezykow-w-sztokholmie\/"]}],"@context":"https:\/\/schema.org","startDate":"2024-09-24","endDate":"2024-09-24","eventStatus":"EventScheduled","eventAttendanceMode":"OfflineEventAttendanceMode","location":{"@type":"place","name":"Finlandshuset, Stockholm","address":"Finlandshuset, Stockholm","geo":{"@type":"GeoCoordinates","latitude":"59.31007684793687","longitude":"18.111436433427773"}},"description":"W tym roku wydarzenie odby\u0142o si\u0119 we wtorek, 24 wrze\u015bnia kiedy to ponad 600 uczni\u00f3w z ponad 20 szk\u00f3\u0142 z regionu Sztokholmu mia\u0142o okazj\u0119 pozna\u0107 nowe j\u0119zyki, w tym polski.\nPonadto, w ramach obchod\u00f3w EDL w Sztokholmie, organizowany jest konkurs j\u0119zykowy adresowany do szwedzkich szk\u00f3\u0142. W tym roku zadanie konkursowe polega\u0142o na napisaniu wiersza o swoim ukochanym i wyj\u0105tkowym miejscu (po szwedzku smultronst\u00e4lle). Pierwsz\u0105 nagrod\u0119 otrzyma\u0142a Anamaria Vasiliu Bacovia z Uppsali, kt\u00f3ra napisa\u0142a wiersz w j\u0119zyku rumu\u0144skim.\n\u201eKiedy by\u0142am ma\u0142a, troch\u0119 pisa\u0142am, ale nigdy nie by\u0142o to na serio, po prostu pisa\u0142am, kiedy mia\u0142am na to ochot\u0119. Nadal tak robi\u0119, ale teraz, jako nastolatka, pisz\u0119 du\u017co cz\u0119\u015bciej. Uwa\u017cam, \u017ce poezja jest sposobem na wyrzucenie wszystkich uczu\u0107 i my\u015bli, kt\u00f3re si\u0119 ma. My\u015bl\u0119, \u017ce to rodzaj wolno\u015bci w u\u017cywaniu metafor do opisania tego, co si\u0119 czuje. Bardzo pocieszaj\u0105ce mo\u017ce by\u0107 zar\u00f3wno czytanie wierszy innych ludzi, jak i pisanie w\u0142asnych, kt\u00f3re nast\u0119pnie, mamy nadziej\u0119, zostan\u0105 opublikowane, co pozwoli na sprawdzenie, czy inni mog\u0105 si\u0119 z nimi uto\u017csami\u0107 i czu\u0107 si\u0119 mniej samotni\u201d. (z wywiadu ze zwyci\u0119\u017cczyni\u0105)\nCa\u0142y wywiad ze zwyci\u0119\u017cczyni\u0105 znajdziesz na stronie Komisji Europejskiej w Sztokholmie (po szwedzku)\nFoto: Pawe\u0142 Kania, Kania NordFOTO"},{"@type":"ImageObject","inLanguage":"pl-PL","@id":"https:\/\/instytutpolski.pl\/stockholm\/pl\/2024\/10\/09\/ponad-600-uczniow-wzielo-udzial-w-europejskim-dniu-jezykow-w-sztokholmie\/#primaryimage","url":"https:\/\/instytutpolski.pl\/stockholm\/wp-content\/uploads\/sites\/17\/2024\/10\/EDLFoto.jpg","contentUrl":"https:\/\/instytutpolski.pl\/stockholm\/wp-content\/uploads\/sites\/17\/2024\/10\/EDLFoto.jpg","width":1120,"height":630},{"@type":"BreadcrumbList","@id":"https:\/\/instytutpolski.pl\/stockholm\/pl\/2024\/10\/09\/ponad-600-uczniow-wzielo-udzial-w-europejskim-dniu-jezykow-w-sztokholmie\/#breadcrumb","itemListElement":[{"@type":"ListItem","position":1,"name":"Home","item":"https:\/\/instytutpolski.pl\/stockholm\/"},{"@type":"ListItem","position":2,"name":"Ponad 600 uczni\u00f3w wzi\u0119\u0142o udzia\u0142 w Europejskim Dniu J\u0119zyk\u00f3w w Sztokholmie"}]},{"@type":"WebSite","@id":"https:\/\/instytutpolski.pl\/stockholm\/#website","url":"https:\/\/instytutpolski.pl\/stockholm\/","name":"Instytut Polski w Sztokholmie","description":"Instytuty Polskie","potentialAction":[{"@type":"SearchAction","target":{"@type":"EntryPoint","urlTemplate":"https:\/\/instytutpolski.pl\/stockholm\/?s={search_term_string}"},"query-input":{"@type":"PropertyValueSpecification","valueRequired":true,"valueName":"search_term_string"}}],"inLanguage":"pl-PL"},{"@type":"Person","@id":"https:\/\/instytutpolski.pl\/stockholm\/#\/schema\/person\/866a2c0f4ccf0982a286809684f7bc1e","name":"treichelp","image":{"@type":"ImageObject","inLanguage":"pl-PL","@id":"https:\/\/instytutpolski.pl\/stockholm\/#\/schema\/person\/image\/","url":"https:\/\/secure.gravatar.com\/avatar\/fb2c1caae0df0854742a56fc463dd1fb?s=96&d=mm&r=g","contentUrl":"https:\/\/secure.gravatar.com\/avatar\/fb2c1caae0df0854742a56fc463dd1fb?s=96&d=mm&r=g","caption":"treichelp"},"url":"https:\/\/instytutpolski.pl\/stockholm\/author\/treichelp\/"}]}},"_links":{"self":[{"href":"https:\/\/instytutpolski.pl\/stockholm\/wp-json\/wp\/v2\/posts\/13014","targetHints":{"allow":["GET"]}}],"collection":[{"href":"https:\/\/instytutpolski.pl\/stockholm\/wp-json\/wp\/v2\/posts"}],"about":[{"href":"https:\/\/instytutpolski.pl\/stockholm\/wp-json\/wp\/v2\/types\/post"}],"author":[{"embeddable":true,"href":"https:\/\/instytutpolski.pl\/stockholm\/wp-json\/wp\/v2\/users\/173"}],"replies":[{"embeddable":true,"href":"https:\/\/instytutpolski.pl\/stockholm\/wp-json\/wp\/v2\/comments?post=13014"}],"version-history":[{"count":4,"href":"https:\/\/instytutpolski.pl\/stockholm\/wp-json\/wp\/v2\/posts\/13014\/revisions"}],"predecessor-version":[{"id":13018,"href":"https:\/\/instytutpolski.pl\/stockholm\/wp-json\/wp\/v2\/posts\/13014\/revisions\/13018"}],"wp:featuredmedia":[{"embeddable":true,"href":"https:\/\/instytutpolski.pl\/stockholm\/wp-json\/wp\/v2\/media\/12994"}],"wp:attachment":[{"href":"https:\/\/instytutpolski.pl\/stockholm\/wp-json\/wp\/v2\/media?parent=13014"}],"wp:term":[{"taxonomy":"category","embeddable":true,"href":"https:\/\/instytutpolski.pl\/stockholm\/wp-json\/wp\/v2\/categories?post=13014"},{"taxonomy":"post_tag","embeddable":true,"href":"https:\/\/instytutpolski.pl\/stockholm\/wp-json\/wp\/v2\/tags?post=13014"}],"curies":[{"name":"wp","href":"https:\/\/api.w.org\/{rel}","templated":true}]}}