{"id":13075,"date":"2024-10-28T15:12:59","date_gmt":"2024-10-28T14:12:59","guid":{"rendered":"https:\/\/instytutpolski.pl\/stockholm\/?p=13075"},"modified":"2024-11-07T10:47:16","modified_gmt":"2024-11-07T09:47:16","slug":"scarborn-kos-av-pawel-maslona-visas-pa-european-film-festival","status":"publish","type":"post","link":"https:\/\/instytutpolski.pl\/stockholm\/2024\/10\/28\/scarborn-kos-av-pawel-maslona-visas-pa-european-film-festival\/","title":{"rendered":"SCARBORN \/ KOS av Pawe\u0142 Ma\u015blona visas p\u00e5 European Film Festival"},"content":{"rendered":"\n<p>\u00c5rets upplaga av European Film Festival \u00e4ger rum mellan 28 november &#8211; 1 december p\u00e5 Zita Folkets Bio i Stockholm. Festivalen arrangeras av medlemmar av EUNIC Stockholm. Under dessa fyra dagar kommer vi att visa tolv filmer fr\u00e5n tolv europeiska l\u00e4nder. Fredagen den 29 november kl. 20 i salong 3 p\u00e5 Zita Folkets Bio visas den polska filmen Scarborn i regi av Pawe\u0142 Ma\u015blona (119 minuter, 2024). Filmen visas med engelsk textning.<\/p>\n\n\n\n<p>Biljetter och mer information hittar du p\u00e5 <a href=\"https:\/\/zita.se\/european-festival\"><strong>Zita Folkets Bio hemsida<\/strong><\/a>.<\/p>\n\n\n<div class=\"wp-block-image\">\n<figure class=\"aligncenter size-large\"><img loading=\"lazy\" decoding=\"async\" width=\"1024\" height=\"536\" src=\"https:\/\/instytutpolski.pl\/stockholm\/wp-content\/uploads\/sites\/17\/2024\/11\/EFF_programme-1024x536.jpg\" alt=\"\" class=\"wp-image-13186\" srcset=\"https:\/\/instytutpolski.pl\/stockholm\/wp-content\/uploads\/sites\/17\/2024\/11\/EFF_programme-1024x536.jpg 1024w, https:\/\/instytutpolski.pl\/stockholm\/wp-content\/uploads\/sites\/17\/2024\/11\/EFF_programme-300x157.jpg 300w, https:\/\/instytutpolski.pl\/stockholm\/wp-content\/uploads\/sites\/17\/2024\/11\/EFF_programme-768x402.jpg 768w, https:\/\/instytutpolski.pl\/stockholm\/wp-content\/uploads\/sites\/17\/2024\/11\/EFF_programme-1536x804.jpg 1536w, https:\/\/instytutpolski.pl\/stockholm\/wp-content\/uploads\/sites\/17\/2024\/11\/EFF_programme-2048x1072.jpg 2048w\" sizes=\"auto, (max-width: 1024px) 100vw, 1024px\" \/><\/figure><\/div>\n\n\n<p>Om filmen:<\/p>\n\n\n\n<p><strong>SCARBORN \/ KOS (Pawe\u0142 Ma\u015blona, 2024)<\/strong><\/p>\n\n\n\n<p>V\u00e5ren 1794 \u00e4r Polen i kaos. General Tadeusz &#8222;Kos&#8221; Ko\u015bciuszko \u00e5terv\u00e4nder till landet och planerar att mobilisera den polska adeln och b\u00f6nderna till ett uppror. Han har s\u00e4llskap av sin lojale v\u00e4n Domingo. Ko\u015bciuszko f\u00f6rf\u00f6ljs av den h\u00e4nsynsl\u00f6se ryske kaptenen Dunin, som till varje pris vill f\u00e5nga generalen innan han lyckas starta det nationella upproret. Filmen bel\u00f6nades med 9 Gyllene lejon-priser p\u00e5 filmfestivalen i Gdynia 2023.<\/p>\n\n\n\n<figure class=\"wp-block-gallery has-nested-images columns-2 is-cropped wp-block-gallery-1 is-layout-flex wp-block-gallery-is-layout-flex\">\n<figure class=\"wp-block-image size-large\"><img loading=\"lazy\" decoding=\"async\" width=\"1024\" height=\"683\" data-id=\"13187\" src=\"https:\/\/instytutpolski.pl\/stockholm\/wp-content\/uploads\/sites\/17\/2024\/11\/KOS-fot.-Lukasz-Bak-5-1024x683.jpg\" alt=\"\" class=\"wp-image-13187\" srcset=\"https:\/\/instytutpolski.pl\/stockholm\/wp-content\/uploads\/sites\/17\/2024\/11\/KOS-fot.-Lukasz-Bak-5-1024x683.jpg 1024w, https:\/\/instytutpolski.pl\/stockholm\/wp-content\/uploads\/sites\/17\/2024\/11\/KOS-fot.-Lukasz-Bak-5-300x200.jpg 300w, https:\/\/instytutpolski.pl\/stockholm\/wp-content\/uploads\/sites\/17\/2024\/11\/KOS-fot.-Lukasz-Bak-5-768x512.jpg 768w, https:\/\/instytutpolski.pl\/stockholm\/wp-content\/uploads\/sites\/17\/2024\/11\/KOS-fot.-Lukasz-Bak-5-1536x1024.jpg 1536w, https:\/\/instytutpolski.pl\/stockholm\/wp-content\/uploads\/sites\/17\/2024\/11\/KOS-fot.-Lukasz-Bak-5.jpg 1800w\" sizes=\"auto, (max-width: 1024px) 100vw, 1024px\" \/><\/figure>\n\n\n\n<figure class=\"wp-block-image size-large\"><img loading=\"lazy\" decoding=\"async\" width=\"1024\" height=\"683\" data-id=\"13189\" src=\"https:\/\/instytutpolski.pl\/stockholm\/wp-content\/uploads\/sites\/17\/2024\/11\/KOS-fot.-Lukasz-Bak-6-1024x683.jpg\" alt=\"\" class=\"wp-image-13189\" srcset=\"https:\/\/instytutpolski.pl\/stockholm\/wp-content\/uploads\/sites\/17\/2024\/11\/KOS-fot.-Lukasz-Bak-6-1024x683.jpg 1024w, https:\/\/instytutpolski.pl\/stockholm\/wp-content\/uploads\/sites\/17\/2024\/11\/KOS-fot.-Lukasz-Bak-6-300x200.jpg 300w, https:\/\/instytutpolski.pl\/stockholm\/wp-content\/uploads\/sites\/17\/2024\/11\/KOS-fot.-Lukasz-Bak-6-768x512.jpg 768w, https:\/\/instytutpolski.pl\/stockholm\/wp-content\/uploads\/sites\/17\/2024\/11\/KOS-fot.-Lukasz-Bak-6-1536x1024.jpg 1536w, https:\/\/instytutpolski.pl\/stockholm\/wp-content\/uploads\/sites\/17\/2024\/11\/KOS-fot.-Lukasz-Bak-6.jpg 1800w\" sizes=\"auto, (max-width: 1024px) 100vw, 1024px\" \/><\/figure>\n\n\n\n<figure class=\"wp-block-image size-large\"><img loading=\"lazy\" decoding=\"async\" width=\"1024\" height=\"683\" data-id=\"13190\" src=\"https:\/\/instytutpolski.pl\/stockholm\/wp-content\/uploads\/sites\/17\/2024\/11\/KOS-fot.-Lukasz-Bak-11-1024x683.jpg\" alt=\"\" class=\"wp-image-13190\" srcset=\"https:\/\/instytutpolski.pl\/stockholm\/wp-content\/uploads\/sites\/17\/2024\/11\/KOS-fot.-Lukasz-Bak-11-1024x683.jpg 1024w, https:\/\/instytutpolski.pl\/stockholm\/wp-content\/uploads\/sites\/17\/2024\/11\/KOS-fot.-Lukasz-Bak-11-300x200.jpg 300w, https:\/\/instytutpolski.pl\/stockholm\/wp-content\/uploads\/sites\/17\/2024\/11\/KOS-fot.-Lukasz-Bak-11-768x512.jpg 768w, https:\/\/instytutpolski.pl\/stockholm\/wp-content\/uploads\/sites\/17\/2024\/11\/KOS-fot.-Lukasz-Bak-11-1536x1024.jpg 1536w, https:\/\/instytutpolski.pl\/stockholm\/wp-content\/uploads\/sites\/17\/2024\/11\/KOS-fot.-Lukasz-Bak-11.jpg 1747w\" sizes=\"auto, (max-width: 1024px) 100vw, 1024px\" \/><\/figure>\n\n\n\n<figure class=\"wp-block-image size-large\"><img loading=\"lazy\" decoding=\"async\" width=\"1024\" height=\"683\" data-id=\"13188\" src=\"https:\/\/instytutpolski.pl\/stockholm\/wp-content\/uploads\/sites\/17\/2024\/11\/KOS-fot.-Lukasz-Bak-1-1024x683.jpg\" alt=\"\" class=\"wp-image-13188\" srcset=\"https:\/\/instytutpolski.pl\/stockholm\/wp-content\/uploads\/sites\/17\/2024\/11\/KOS-fot.-Lukasz-Bak-1-1024x683.jpg 1024w, https:\/\/instytutpolski.pl\/stockholm\/wp-content\/uploads\/sites\/17\/2024\/11\/KOS-fot.-Lukasz-Bak-1-300x200.jpg 300w, https:\/\/instytutpolski.pl\/stockholm\/wp-content\/uploads\/sites\/17\/2024\/11\/KOS-fot.-Lukasz-Bak-1-768x512.jpg 768w, https:\/\/instytutpolski.pl\/stockholm\/wp-content\/uploads\/sites\/17\/2024\/11\/KOS-fot.-Lukasz-Bak-1-1536x1024.jpg 1536w, https:\/\/instytutpolski.pl\/stockholm\/wp-content\/uploads\/sites\/17\/2024\/11\/KOS-fot.-Lukasz-Bak-1-2048x1365.jpg 2048w\" sizes=\"auto, (max-width: 1024px) 100vw, 1024px\" \/><\/figure>\n<\/figure>\n\n\n\n<div style=\"height:100px\" aria-hidden=\"true\" class=\"wp-block-spacer\"><\/div>\n\n\n\n<figure class=\"wp-block-gallery has-nested-images columns-default is-cropped wp-block-gallery-2 is-layout-flex wp-block-gallery-is-layout-flex\">\n<figure class=\"wp-block-image size-large\"><img loading=\"lazy\" decoding=\"async\" width=\"819\" height=\"1024\" data-id=\"13083\" src=\"https:\/\/instytutpolski.pl\/stockholm\/wp-content\/uploads\/sites\/17\/2024\/10\/KOSNYHETSBREV-819x1024.jpg\" alt=\"\" class=\"wp-image-13083\" srcset=\"https:\/\/instytutpolski.pl\/stockholm\/wp-content\/uploads\/sites\/17\/2024\/10\/KOSNYHETSBREV-819x1024.jpg 819w, https:\/\/instytutpolski.pl\/stockholm\/wp-content\/uploads\/sites\/17\/2024\/10\/KOSNYHETSBREV-240x300.jpg 240w, https:\/\/instytutpolski.pl\/stockholm\/wp-content\/uploads\/sites\/17\/2024\/10\/KOSNYHETSBREV-768x960.jpg 768w, https:\/\/instytutpolski.pl\/stockholm\/wp-content\/uploads\/sites\/17\/2024\/10\/KOSNYHETSBREV-1229x1536.jpg 1229w, https:\/\/instytutpolski.pl\/stockholm\/wp-content\/uploads\/sites\/17\/2024\/10\/KOSNYHETSBREV-1638x2048.jpg 1638w, https:\/\/instytutpolski.pl\/stockholm\/wp-content\/uploads\/sites\/17\/2024\/10\/KOSNYHETSBREV-scaled.jpg 2048w\" sizes=\"auto, (max-width: 819px) 100vw, 819px\" \/><\/figure>\n<\/figure>\n","protected":false},"excerpt":{"rendered":"<p>\u00c5rets upplaga av European Film Festival \u00e4ger rum mellan 28 november &#8211; 1 december p\u00e5 Zita Folkets Bio i Stockholm. Festivalen arrangeras av medlemmar av EUNIC Stockholm. Under dessa fyra dagar kommer vi att visa tolv filmer fr\u00e5n tolv europeiska l\u00e4nder. Fredagen den 29 november kl. 20 i salong 3 p\u00e5 Zita Folkets Bio visas [&hellip;]<\/p>\n","protected":false},"author":173,"featured_media":13185,"comment_status":"closed","ping_status":"closed","sticky":false,"template":"","format":"standard","meta":{"inline_featured_image":false,"_monsterinsights_skip_tracking":false,"_monsterinsights_sitenote_active":false,"_monsterinsights_sitenote_note":"","_monsterinsights_sitenote_category":0,"footnotes":""},"categories":[222,12,95],"tags":[],"class_list":["post-13075","post","type-post","status-publish","format-standard","has-post-thumbnail","hentry","category-aktualnosc-se","category-evenemang","category-film-evenemang"],"yoast_head":"<!-- This site is optimized with the Yoast SEO plugin v24.6 - https:\/\/yoast.com\/wordpress\/plugins\/seo\/ -->\n<title>SCARBORN \/ KOS av Pawe\u0142 Ma\u015blona visas p\u00e5 European Film Festival - Instytut Polski w Sztokholmie<\/title>\n<meta name=\"robots\" content=\"index, follow, max-snippet:-1, max-image-preview:large, max-video-preview:-1\" \/>\n<link rel=\"canonical\" href=\"https:\/\/instytutpolski.pl\/stockholm\/2024\/10\/28\/scarborn-kos-av-pawel-maslona-visas-pa-european-film-festival\/\" \/>\n<meta property=\"og:locale\" content=\"pl_PL\" \/>\n<meta property=\"og:type\" content=\"article\" \/>\n<meta property=\"og:title\" content=\"SCARBORN \/ KOS av Pawe\u0142 Ma\u015blona visas p\u00e5 European Film Festival - Instytut Polski w Sztokholmie\" \/>\n<meta property=\"og:description\" content=\"\u00c5rets upplaga av European Film Festival \u00e4ger rum mellan 28 november &#8211; 1 december p\u00e5 Zita Folkets Bio i Stockholm. Festivalen arrangeras av medlemmar av EUNIC Stockholm. Under dessa fyra dagar kommer vi att visa tolv filmer fr\u00e5n tolv europeiska l\u00e4nder. Fredagen den 29 november kl. 20 i salong 3 p\u00e5 Zita Folkets Bio visas [&hellip;]\" \/>\n<meta property=\"og:url\" content=\"https:\/\/instytutpolski.pl\/stockholm\/2024\/10\/28\/scarborn-kos-av-pawel-maslona-visas-pa-european-film-festival\/\" \/>\n<meta property=\"og:site_name\" content=\"Instytut Polski w Sztokholmie\" \/>\n<meta property=\"article:published_time\" content=\"2024-10-28T14:12:59+00:00\" \/>\n<meta property=\"article:modified_time\" content=\"2024-11-07T09:47:16+00:00\" \/>\n<meta property=\"og:image\" content=\"https:\/\/instytutpolski.pl\/stockholm\/wp-content\/uploads\/sites\/17\/2024\/10\/EFF_1920x1080-scaled.jpg\" \/>\n\t<meta property=\"og:image:width\" content=\"2560\" \/>\n\t<meta property=\"og:image:height\" content=\"1440\" \/>\n\t<meta property=\"og:image:type\" content=\"image\/jpeg\" \/>\n<meta name=\"author\" content=\"treichelp\" \/>\n<meta name=\"twitter:card\" content=\"summary_large_image\" \/>\n<meta name=\"twitter:label1\" content=\"Napisane przez\" \/>\n\t<meta name=\"twitter:data1\" content=\"treichelp\" \/>\n\t<meta name=\"twitter:label2\" content=\"Szacowany czas czytania\" \/>\n\t<meta name=\"twitter:data2\" content=\"3 minuty\" \/>\n<script type=\"application\/ld+json\" class=\"yoast-schema-graph\">{\"@context\":\"https:\/\/schema.org\",\"@graph\":[{\"@type\":\"event\",\"@id\":\"https:\/\/instytutpolski.pl\/stockholm\/2024\/10\/28\/scarborn-kos-av-pawel-maslona-visas-pa-european-film-festival\/\",\"url\":\"https:\/\/instytutpolski.pl\/stockholm\/2024\/10\/28\/scarborn-kos-av-pawel-maslona-visas-pa-european-film-festival\/\",\"name\":\"SCARBORN \/ KOS av Pawe\u0142 Ma\u015blona visas p\u00e5 European Film Festival\",\"isPartOf\":{\"@id\":\"https:\/\/instytutpolski.pl\/stockholm\/#website\"},\"primaryImageOfPage\":{\"@id\":\"https:\/\/instytutpolski.pl\/stockholm\/2024\/10\/28\/scarborn-kos-av-pawel-maslona-visas-pa-european-film-festival\/#primaryimage\"},\"image\":[\"https:\/\/instytutpolski.pl\/stockholm\/wp-content\/uploads\/sites\/17\/2024\/10\/EFF_1920x1080-scaled.jpg\",\"https:\/\/instytutpolski.pl\/stockholm\/wp-content\/uploads\/sites\/17\/2024\/10\/EFF_1920x1080-300x169.jpg\",\"https:\/\/instytutpolski.pl\/stockholm\/wp-content\/uploads\/sites\/17\/2024\/10\/EFF_1920x1080-1024x576.jpg\",\"https:\/\/instytutpolski.pl\/stockholm\/wp-content\/uploads\/sites\/17\/2024\/10\/EFF_1920x1080-scaled.jpg\"],\"thumbnailUrl\":\"https:\/\/instytutpolski.pl\/stockholm\/wp-content\/uploads\/sites\/17\/2024\/10\/EFF_1920x1080-scaled.jpg\",\"datePublished\":\"2024-10-28T14:12:59+02:00\",\"dateModified\":\"2024-11-07T09:47:16+02:00\",\"author\":{\"@id\":\"https:\/\/instytutpolski.pl\/stockholm\/#\/schema\/person\/866a2c0f4ccf0982a286809684f7bc1e\"},\"breadcrumb\":{\"@id\":\"https:\/\/instytutpolski.pl\/stockholm\/2024\/10\/28\/scarborn-kos-av-pawel-maslona-visas-pa-european-film-festival\/#breadcrumb\"},\"inLanguage\":\"pl-PL\",\"potentialAction\":[{\"@type\":\"ReadAction\",\"target\":[\"https:\/\/instytutpolski.pl\/stockholm\/2024\/10\/28\/scarborn-kos-av-pawel-maslona-visas-pa-european-film-festival\/\"]}],\"@context\":\"https:\/\/schema.org\",\"startDate\":\"2024-11-29T08:00:00+02:00\",\"endDate\":\"2024-11-29T10:00:00+02:00\",\"eventStatus\":\"EventScheduled\",\"eventAttendanceMode\":\"OfflineEventAttendanceMode\",\"location\":{\"@type\":\"place\",\"name\":\"Zita Folkets Bio, Birger Jarlsgatan 37, Stockholm\",\"address\":\"Zita Folkets Bio, Birger Jarlsgatan 37, Stockholm\",\"geo\":{\"@type\":\"GeoCoordinates\",\"latitude\":\"59.26560563710626\",\"longitude\":\"18.20295629326562\"}},\"description\":\"\u00c5rets upplaga av European Film Festival \u00e4ger rum mellan 28 november - 1 december p\u00e5 Zita Folkets Bio i Stockholm. Festivalen arrangeras av medlemmar av EUNIC Stockholm. Under dessa fyra dagar kommer vi att visa tolv filmer fr\u00e5n tolv europeiska l\u00e4nder. Fredagen den 29 november kl. 20 i salong 3 p\u00e5 Zita Folkets Bio visas den polska filmen Scarborn i regi av Pawe\u0142 Ma\u015blona (119 minuter, 2024). Filmen visas med engelsk textning.\\nBiljetter och mer information hittar du p\u00e5 Zita Folkets Bio hemsida.\\nOm filmen:\\nSCARBORN \/ KOS (Pawe\u0142 Ma\u015blona, 2024)\\nV\u00e5ren 1794 \u00e4r Polen i kaos. General Tadeusz \\\"Kos\\\" Ko\u015bciuszko \u00e5terv\u00e4nder till landet och planerar att mobilisera den polska adeln och b\u00f6nderna till ett uppror. Han har s\u00e4llskap av sin lojale v\u00e4n Domingo. Ko\u015bciuszko f\u00f6rf\u00f6ljs av den h\u00e4nsynsl\u00f6se ryske kaptenen Dunin, som till varje pris vill f\u00e5nga generalen innan han lyckas starta det nationella upproret. Filmen bel\u00f6nades med 9 Gyllene lejon-priser p\u00e5 filmfestivalen i Gdynia 2023.\"},{\"@type\":\"ImageObject\",\"inLanguage\":\"pl-PL\",\"@id\":\"https:\/\/instytutpolski.pl\/stockholm\/2024\/10\/28\/scarborn-kos-av-pawel-maslona-visas-pa-european-film-festival\/#primaryimage\",\"url\":\"https:\/\/instytutpolski.pl\/stockholm\/wp-content\/uploads\/sites\/17\/2024\/10\/EFF_1920x1080-scaled.jpg\",\"contentUrl\":\"https:\/\/instytutpolski.pl\/stockholm\/wp-content\/uploads\/sites\/17\/2024\/10\/EFF_1920x1080-scaled.jpg\",\"width\":2560,\"height\":1440},{\"@type\":\"BreadcrumbList\",\"@id\":\"https:\/\/instytutpolski.pl\/stockholm\/2024\/10\/28\/scarborn-kos-av-pawel-maslona-visas-pa-european-film-festival\/#breadcrumb\",\"itemListElement\":[{\"@type\":\"ListItem\",\"position\":1,\"name\":\"Home\",\"item\":\"https:\/\/instytutpolski.pl\/stockholm\/\"},{\"@type\":\"ListItem\",\"position\":2,\"name\":\"SCARBORN \/ KOS av Pawe\u0142 Ma\u015blona visas p\u00e5 European Film Festival\"}]},{\"@type\":\"WebSite\",\"@id\":\"https:\/\/instytutpolski.pl\/stockholm\/#website\",\"url\":\"https:\/\/instytutpolski.pl\/stockholm\/\",\"name\":\"Instytut Polski w Sztokholmie\",\"description\":\"Instytuty Polskie\",\"potentialAction\":[{\"@type\":\"SearchAction\",\"target\":{\"@type\":\"EntryPoint\",\"urlTemplate\":\"https:\/\/instytutpolski.pl\/stockholm\/?s={search_term_string}\"},\"query-input\":{\"@type\":\"PropertyValueSpecification\",\"valueRequired\":true,\"valueName\":\"search_term_string\"}}],\"inLanguage\":\"pl-PL\"},{\"@type\":\"Person\",\"@id\":\"https:\/\/instytutpolski.pl\/stockholm\/#\/schema\/person\/866a2c0f4ccf0982a286809684f7bc1e\",\"name\":\"treichelp\",\"image\":{\"@type\":\"ImageObject\",\"inLanguage\":\"pl-PL\",\"@id\":\"https:\/\/instytutpolski.pl\/stockholm\/#\/schema\/person\/image\/\",\"url\":\"https:\/\/secure.gravatar.com\/avatar\/fb2c1caae0df0854742a56fc463dd1fb?s=96&d=mm&r=g\",\"contentUrl\":\"https:\/\/secure.gravatar.com\/avatar\/fb2c1caae0df0854742a56fc463dd1fb?s=96&d=mm&r=g\",\"caption\":\"treichelp\"},\"url\":\"https:\/\/instytutpolski.pl\/stockholm\/author\/treichelp\/\"}]}<\/script>\n<!-- \/ Yoast SEO plugin. -->","yoast_head_json":{"title":"SCARBORN \/ KOS av Pawe\u0142 Ma\u015blona visas p\u00e5 European Film Festival - Instytut Polski w Sztokholmie","robots":{"index":"index","follow":"follow","max-snippet":"max-snippet:-1","max-image-preview":"max-image-preview:large","max-video-preview":"max-video-preview:-1"},"canonical":"https:\/\/instytutpolski.pl\/stockholm\/2024\/10\/28\/scarborn-kos-av-pawel-maslona-visas-pa-european-film-festival\/","og_locale":"pl_PL","og_type":"article","og_title":"SCARBORN \/ KOS av Pawe\u0142 Ma\u015blona visas p\u00e5 European Film Festival - Instytut Polski w Sztokholmie","og_description":"\u00c5rets upplaga av European Film Festival \u00e4ger rum mellan 28 november &#8211; 1 december p\u00e5 Zita Folkets Bio i Stockholm. Festivalen arrangeras av medlemmar av EUNIC Stockholm. Under dessa fyra dagar kommer vi att visa tolv filmer fr\u00e5n tolv europeiska l\u00e4nder. Fredagen den 29 november kl. 20 i salong 3 p\u00e5 Zita Folkets Bio visas [&hellip;]","og_url":"https:\/\/instytutpolski.pl\/stockholm\/2024\/10\/28\/scarborn-kos-av-pawel-maslona-visas-pa-european-film-festival\/","og_site_name":"Instytut Polski w Sztokholmie","article_published_time":"2024-10-28T14:12:59+00:00","article_modified_time":"2024-11-07T09:47:16+00:00","og_image":[{"width":2560,"height":1440,"url":"https:\/\/instytutpolski.pl\/stockholm\/wp-content\/uploads\/sites\/17\/2024\/10\/EFF_1920x1080-scaled.jpg","type":"image\/jpeg"}],"author":"treichelp","twitter_card":"summary_large_image","twitter_misc":{"Napisane przez":"treichelp","Szacowany czas czytania":"3 minuty"},"schema":{"@context":"https:\/\/schema.org","@graph":[{"@type":"event","@id":"https:\/\/instytutpolski.pl\/stockholm\/2024\/10\/28\/scarborn-kos-av-pawel-maslona-visas-pa-european-film-festival\/","url":"https:\/\/instytutpolski.pl\/stockholm\/2024\/10\/28\/scarborn-kos-av-pawel-maslona-visas-pa-european-film-festival\/","name":"SCARBORN \/ KOS av Pawe\u0142 Ma\u015blona visas p\u00e5 European Film Festival","isPartOf":{"@id":"https:\/\/instytutpolski.pl\/stockholm\/#website"},"primaryImageOfPage":{"@id":"https:\/\/instytutpolski.pl\/stockholm\/2024\/10\/28\/scarborn-kos-av-pawel-maslona-visas-pa-european-film-festival\/#primaryimage"},"image":["https:\/\/instytutpolski.pl\/stockholm\/wp-content\/uploads\/sites\/17\/2024\/10\/EFF_1920x1080-scaled.jpg","https:\/\/instytutpolski.pl\/stockholm\/wp-content\/uploads\/sites\/17\/2024\/10\/EFF_1920x1080-300x169.jpg","https:\/\/instytutpolski.pl\/stockholm\/wp-content\/uploads\/sites\/17\/2024\/10\/EFF_1920x1080-1024x576.jpg","https:\/\/instytutpolski.pl\/stockholm\/wp-content\/uploads\/sites\/17\/2024\/10\/EFF_1920x1080-scaled.jpg"],"thumbnailUrl":"https:\/\/instytutpolski.pl\/stockholm\/wp-content\/uploads\/sites\/17\/2024\/10\/EFF_1920x1080-scaled.jpg","datePublished":"2024-10-28T14:12:59+02:00","dateModified":"2024-11-07T09:47:16+02:00","author":{"@id":"https:\/\/instytutpolski.pl\/stockholm\/#\/schema\/person\/866a2c0f4ccf0982a286809684f7bc1e"},"breadcrumb":{"@id":"https:\/\/instytutpolski.pl\/stockholm\/2024\/10\/28\/scarborn-kos-av-pawel-maslona-visas-pa-european-film-festival\/#breadcrumb"},"inLanguage":"pl-PL","potentialAction":[{"@type":"ReadAction","target":["https:\/\/instytutpolski.pl\/stockholm\/2024\/10\/28\/scarborn-kos-av-pawel-maslona-visas-pa-european-film-festival\/"]}],"@context":"https:\/\/schema.org","startDate":"2024-11-29T08:00:00+02:00","endDate":"2024-11-29T10:00:00+02:00","eventStatus":"EventScheduled","eventAttendanceMode":"OfflineEventAttendanceMode","location":{"@type":"place","name":"Zita Folkets Bio, Birger Jarlsgatan 37, Stockholm","address":"Zita Folkets Bio, Birger Jarlsgatan 37, Stockholm","geo":{"@type":"GeoCoordinates","latitude":"59.26560563710626","longitude":"18.20295629326562"}},"description":"\u00c5rets upplaga av European Film Festival \u00e4ger rum mellan 28 november - 1 december p\u00e5 Zita Folkets Bio i Stockholm. Festivalen arrangeras av medlemmar av EUNIC Stockholm. Under dessa fyra dagar kommer vi att visa tolv filmer fr\u00e5n tolv europeiska l\u00e4nder. Fredagen den 29 november kl. 20 i salong 3 p\u00e5 Zita Folkets Bio visas den polska filmen Scarborn i regi av Pawe\u0142 Ma\u015blona (119 minuter, 2024). Filmen visas med engelsk textning.\nBiljetter och mer information hittar du p\u00e5 Zita Folkets Bio hemsida.\nOm filmen:\nSCARBORN \/ KOS (Pawe\u0142 Ma\u015blona, 2024)\nV\u00e5ren 1794 \u00e4r Polen i kaos. General Tadeusz \"Kos\" Ko\u015bciuszko \u00e5terv\u00e4nder till landet och planerar att mobilisera den polska adeln och b\u00f6nderna till ett uppror. Han har s\u00e4llskap av sin lojale v\u00e4n Domingo. Ko\u015bciuszko f\u00f6rf\u00f6ljs av den h\u00e4nsynsl\u00f6se ryske kaptenen Dunin, som till varje pris vill f\u00e5nga generalen innan han lyckas starta det nationella upproret. Filmen bel\u00f6nades med 9 Gyllene lejon-priser p\u00e5 filmfestivalen i Gdynia 2023."},{"@type":"ImageObject","inLanguage":"pl-PL","@id":"https:\/\/instytutpolski.pl\/stockholm\/2024\/10\/28\/scarborn-kos-av-pawel-maslona-visas-pa-european-film-festival\/#primaryimage","url":"https:\/\/instytutpolski.pl\/stockholm\/wp-content\/uploads\/sites\/17\/2024\/10\/EFF_1920x1080-scaled.jpg","contentUrl":"https:\/\/instytutpolski.pl\/stockholm\/wp-content\/uploads\/sites\/17\/2024\/10\/EFF_1920x1080-scaled.jpg","width":2560,"height":1440},{"@type":"BreadcrumbList","@id":"https:\/\/instytutpolski.pl\/stockholm\/2024\/10\/28\/scarborn-kos-av-pawel-maslona-visas-pa-european-film-festival\/#breadcrumb","itemListElement":[{"@type":"ListItem","position":1,"name":"Home","item":"https:\/\/instytutpolski.pl\/stockholm\/"},{"@type":"ListItem","position":2,"name":"SCARBORN \/ KOS av Pawe\u0142 Ma\u015blona visas p\u00e5 European Film Festival"}]},{"@type":"WebSite","@id":"https:\/\/instytutpolski.pl\/stockholm\/#website","url":"https:\/\/instytutpolski.pl\/stockholm\/","name":"Instytut Polski w Sztokholmie","description":"Instytuty Polskie","potentialAction":[{"@type":"SearchAction","target":{"@type":"EntryPoint","urlTemplate":"https:\/\/instytutpolski.pl\/stockholm\/?s={search_term_string}"},"query-input":{"@type":"PropertyValueSpecification","valueRequired":true,"valueName":"search_term_string"}}],"inLanguage":"pl-PL"},{"@type":"Person","@id":"https:\/\/instytutpolski.pl\/stockholm\/#\/schema\/person\/866a2c0f4ccf0982a286809684f7bc1e","name":"treichelp","image":{"@type":"ImageObject","inLanguage":"pl-PL","@id":"https:\/\/instytutpolski.pl\/stockholm\/#\/schema\/person\/image\/","url":"https:\/\/secure.gravatar.com\/avatar\/fb2c1caae0df0854742a56fc463dd1fb?s=96&d=mm&r=g","contentUrl":"https:\/\/secure.gravatar.com\/avatar\/fb2c1caae0df0854742a56fc463dd1fb?s=96&d=mm&r=g","caption":"treichelp"},"url":"https:\/\/instytutpolski.pl\/stockholm\/author\/treichelp\/"}]}},"_links":{"self":[{"href":"https:\/\/instytutpolski.pl\/stockholm\/wp-json\/wp\/v2\/posts\/13075","targetHints":{"allow":["GET"]}}],"collection":[{"href":"https:\/\/instytutpolski.pl\/stockholm\/wp-json\/wp\/v2\/posts"}],"about":[{"href":"https:\/\/instytutpolski.pl\/stockholm\/wp-json\/wp\/v2\/types\/post"}],"author":[{"embeddable":true,"href":"https:\/\/instytutpolski.pl\/stockholm\/wp-json\/wp\/v2\/users\/173"}],"replies":[{"embeddable":true,"href":"https:\/\/instytutpolski.pl\/stockholm\/wp-json\/wp\/v2\/comments?post=13075"}],"version-history":[{"count":10,"href":"https:\/\/instytutpolski.pl\/stockholm\/wp-json\/wp\/v2\/posts\/13075\/revisions"}],"predecessor-version":[{"id":13195,"href":"https:\/\/instytutpolski.pl\/stockholm\/wp-json\/wp\/v2\/posts\/13075\/revisions\/13195"}],"wp:featuredmedia":[{"embeddable":true,"href":"https:\/\/instytutpolski.pl\/stockholm\/wp-json\/wp\/v2\/media\/13185"}],"wp:attachment":[{"href":"https:\/\/instytutpolski.pl\/stockholm\/wp-json\/wp\/v2\/media?parent=13075"}],"wp:term":[{"taxonomy":"category","embeddable":true,"href":"https:\/\/instytutpolski.pl\/stockholm\/wp-json\/wp\/v2\/categories?post=13075"},{"taxonomy":"post_tag","embeddable":true,"href":"https:\/\/instytutpolski.pl\/stockholm\/wp-json\/wp\/v2\/tags?post=13075"}],"curies":[{"name":"wp","href":"https:\/\/api.w.org\/{rel}","templated":true}]}}