{"id":13130,"date":"2024-10-31T14:21:50","date_gmt":"2024-10-31T13:21:50","guid":{"rendered":"https:\/\/instytutpolski.pl\/stockholm\/?p=13130"},"modified":"2024-11-06T08:12:22","modified_gmt":"2024-11-06T07:12:22","slug":"det-poetiska-europa-poetycka-europa-2-polska-poezja-wspolczesna","status":"publish","type":"post","link":"https:\/\/instytutpolski.pl\/stockholm\/pl\/2024\/10\/31\/det-poetiska-europa-poetycka-europa-2-polska-poezja-wspolczesna\/","title":{"rendered":"Det poetiska Europa (\u201dPoetycka Europa\u201d) #2: Polska poezja wsp\u00f3\u0142czesna"},"content":{"rendered":"\n<p>Rozmowa, kt\u00f3r\u0105 poprowadzi redaktorka magazynu Edith S\u00f6derstr\u00f6m, odb\u0119dzie si\u0119 przy udziale publiczno\u015bci 12 listopada 2024 o godz. 16.30 w sztokholmskiej Bibliotece Miejskiej im. Tomasa Transtr\u00f6mera i zostanie nagrana i opublikowana w formie podcastu. Uczestnicy rozmowy: poeta i t\u0142umacz G\u00f6ran Sommardal,\u00a0pisarka i t\u0142umaczka Maja Thrane oraz t\u0142umaczka Irena Gr\u00f6nberg. Wydarzenie jest wynikiem wsp\u00f3\u0142pracy magazynu \u00d6rnen och Kr\u00e5kan z Instytutem Polskim w Sztokholmie.<\/p>\n\n\n\n<p>Rezerwacja miejsc:&nbsp;<a href=\"https:\/\/beta.biblioteket.stockholm.se\/evenemang\/det-poetiska-europa-2-polsk-samtidslyrik\" target=\"_blank\" rel=\"noreferrer noopener\">https:\/\/beta.biblioteket.stockholm.se\/evenemang\/det-poetiska-europa-2-polsk-samtidslyrik<\/a><\/p>\n\n\n\n<p>\u00d6rnen och Kr\u00e5kan:&nbsp;<a href=\"http:\/\/www.ornenochkrakan.se\/\" target=\"_blank\" rel=\"noreferrer noopener\">www.ornenochkrakan.se<\/a><\/p>\n\n\n\n<p>W zwi\u0105zku z rozmow\u0105 prezentujemy artyku\u0142 polskiego literaturoznawcy Antoniego Zaj\u0105ca, napisany specjalnie dla magazynu \u00d6rnen och Kr\u00e5kan, pt. \u201eObudzi\u0107 olbrzyma. Polska poezja najnowsza w zarysie\u201d.<\/p>\n\n\n\n<pre class=\"wp-block-verse\"><\/pre>\n\n\n<a href=\"https:\/\/instytutpolski.pl\/stockholm\/wp-content\/uploads\/sites\/17\/2024\/10\/pl-Contemporary-Polish-Poetry_Antoni-Zajac.pdf\" class=\"pdfemb-viewer\" style=\"\" data-width=\"max\" data-height=\"max\" data-toolbar=\"bottom\" data-toolbar-fixed=\"off\">pl-Contemporary-Polish-Poetry_Antoni-Zajac<\/a>\n<p class=\"wp-block-pdfemb-pdf-embedder-viewer\"><\/p>\n\n\n\n<pre class=\"wp-block-verse\"><\/pre>\n\n\n\n<p><strong>Antoni Zaj\u0105c<\/strong>&nbsp;(ur. 1996) \u2013 mgr, doktorant w Szkole Doktorskiej Nauk Humanistycznych UW. Realizuje projekt po\u015bwi\u0119cony tw\u00f3rczo\u015bci Leo Lipskiego w ramach programu Diamentowy Grant. Jego zainteresowania koncentruj\u0105 si\u0119 na literaturze polskiej XX i XXI wieku, psychoanalitycznych badaniach nad literatur\u0105 i literaturoznawczych studiach nad pami\u0119ci\u0105. Wsp\u00f3\u0142redaktor (wraz z Maciejem Libichem i Janem Potka\u0144skim) tomu zbiorowego J\u0119zyki literatury wsp\u00f3\u0142czesnej (Warszawa: Wydawnictwa Uniwersytetu Warszawskiego, 2022).<\/p>\n\n\n\n<figure class=\"wp-block-gallery has-nested-images columns-default is-cropped wp-block-gallery-1 is-layout-flex wp-block-gallery-is-layout-flex\">\n<figure class=\"wp-block-image size-large\"><img loading=\"lazy\" decoding=\"async\" width=\"451\" height=\"602\" data-id=\"13054\" src=\"https:\/\/instytutpolski.pl\/stockholm\/wp-content\/uploads\/sites\/17\/2024\/10\/image.png\" alt=\"\" class=\"wp-image-13054\" srcset=\"https:\/\/instytutpolski.pl\/stockholm\/wp-content\/uploads\/sites\/17\/2024\/10\/image.png 451w, https:\/\/instytutpolski.pl\/stockholm\/wp-content\/uploads\/sites\/17\/2024\/10\/image-225x300.png 225w\" sizes=\"auto, (max-width: 451px) 100vw, 451px\" \/><figcaption class=\"wp-element-caption\">Antoni Zaj\u0105c, foto: Jakub \u017babi\u0144ski-Sikorski<\/figcaption><\/figure>\n<\/figure>\n","protected":false},"excerpt":{"rendered":"<p>Rozmowa, kt\u00f3r\u0105 poprowadzi redaktorka magazynu Edith S\u00f6derstr\u00f6m, odb\u0119dzie si\u0119 przy udziale publiczno\u015bci 12 listopada 2024 o godz. 16.30 w sztokholmskiej Bibliotece Miejskiej im. Tomasa Transtr\u00f6mera i zostanie nagrana i opublikowana w formie podcastu. Uczestnicy rozmowy: poeta i t\u0142umacz G\u00f6ran Sommardal,\u00a0pisarka i t\u0142umaczka Maja Thrane oraz t\u0142umaczka Irena Gr\u00f6nberg. Wydarzenie jest wynikiem wsp\u00f3\u0142pracy magazynu \u00d6rnen och [&hellip;]<\/p>\n","protected":false},"author":173,"featured_media":13131,"comment_status":"closed","ping_status":"closed","sticky":false,"template":"","format":"standard","meta":{"inline_featured_image":false,"_monsterinsights_skip_tracking":false,"_monsterinsights_sitenote_active":false,"_monsterinsights_sitenote_note":"","_monsterinsights_sitenote_category":0,"footnotes":""},"categories":[224,320,87,553,36],"tags":[],"class_list":["post-13130","post","type-post","status-publish","format-standard","has-post-thumbnail","hentry","category-aktualnosc-pl","category-artykuly-pl","category-literatura","category-litteratur-pl","category-wydarzenie"],"yoast_head":"<!-- This site is optimized with the Yoast SEO plugin v24.6 - https:\/\/yoast.com\/wordpress\/plugins\/seo\/ -->\n<title>Det poetiska Europa (\u201dPoetycka Europa\u201d) #2: Polska poezja wsp\u00f3\u0142czesna - Instytut Polski w Sztokholmie<\/title>\n<meta name=\"robots\" content=\"index, follow, max-snippet:-1, max-image-preview:large, max-video-preview:-1\" \/>\n<link rel=\"canonical\" href=\"https:\/\/instytutpolski.pl\/stockholm\/pl\/2024\/10\/31\/det-poetiska-europa-poetycka-europa-2-polska-poezja-wspolczesna\/\" \/>\n<meta property=\"og:locale\" content=\"pl_PL\" \/>\n<meta property=\"og:type\" content=\"article\" \/>\n<meta property=\"og:title\" content=\"Det poetiska Europa (\u201dPoetycka Europa\u201d) #2: Polska poezja wsp\u00f3\u0142czesna - Instytut Polski w Sztokholmie\" \/>\n<meta property=\"og:description\" content=\"Rozmowa, kt\u00f3r\u0105 poprowadzi redaktorka magazynu Edith S\u00f6derstr\u00f6m, odb\u0119dzie si\u0119 przy udziale publiczno\u015bci 12 listopada 2024 o godz. 16.30 w sztokholmskiej Bibliotece Miejskiej im. Tomasa Transtr\u00f6mera i zostanie nagrana i opublikowana w formie podcastu. Uczestnicy rozmowy: poeta i t\u0142umacz G\u00f6ran Sommardal,\u00a0pisarka i t\u0142umaczka Maja Thrane oraz t\u0142umaczka Irena Gr\u00f6nberg. Wydarzenie jest wynikiem wsp\u00f3\u0142pracy magazynu \u00d6rnen och [&hellip;]\" \/>\n<meta property=\"og:url\" content=\"https:\/\/instytutpolski.pl\/stockholm\/pl\/2024\/10\/31\/det-poetiska-europa-poetycka-europa-2-polska-poezja-wspolczesna\/\" \/>\n<meta property=\"og:site_name\" content=\"Instytut Polski w Sztokholmie\" \/>\n<meta property=\"article:published_time\" content=\"2024-10-31T13:21:50+00:00\" \/>\n<meta property=\"article:modified_time\" content=\"2024-11-06T07:12:22+00:00\" \/>\n<meta property=\"og:image\" content=\"https:\/\/instytutpolski.pl\/stockholm\/wp-content\/uploads\/sites\/17\/2024\/10\/polsk-poesi-Hemsida-PL.jpg\" \/>\n\t<meta property=\"og:image:width\" content=\"1120\" \/>\n\t<meta property=\"og:image:height\" content=\"630\" \/>\n\t<meta property=\"og:image:type\" content=\"image\/jpeg\" \/>\n<meta name=\"author\" content=\"treichelp\" \/>\n<meta name=\"twitter:card\" content=\"summary_large_image\" \/>\n<meta name=\"twitter:label1\" content=\"Napisane przez\" \/>\n\t<meta name=\"twitter:data1\" content=\"treichelp\" \/>\n\t<meta name=\"twitter:label2\" content=\"Szacowany czas czytania\" \/>\n\t<meta name=\"twitter:data2\" content=\"2 minuty\" \/>\n<script type=\"application\/ld+json\" class=\"yoast-schema-graph\">{\"@context\":\"https:\/\/schema.org\",\"@graph\":[{\"@type\":\"WebPage\",\"@id\":\"https:\/\/instytutpolski.pl\/stockholm\/pl\/2024\/10\/31\/det-poetiska-europa-poetycka-europa-2-polska-poezja-wspolczesna\/\",\"url\":\"https:\/\/instytutpolski.pl\/stockholm\/pl\/2024\/10\/31\/det-poetiska-europa-poetycka-europa-2-polska-poezja-wspolczesna\/\",\"name\":\"Det poetiska Europa (\u201dPoetycka Europa\u201d) #2: Polska poezja wsp\u00f3\u0142czesna - Instytut Polski w Sztokholmie\",\"isPartOf\":{\"@id\":\"https:\/\/instytutpolski.pl\/stockholm\/#website\"},\"primaryImageOfPage\":{\"@id\":\"https:\/\/instytutpolski.pl\/stockholm\/pl\/2024\/10\/31\/det-poetiska-europa-poetycka-europa-2-polska-poezja-wspolczesna\/#primaryimage\"},\"image\":{\"@id\":\"https:\/\/instytutpolski.pl\/stockholm\/pl\/2024\/10\/31\/det-poetiska-europa-poetycka-europa-2-polska-poezja-wspolczesna\/#primaryimage\"},\"thumbnailUrl\":\"https:\/\/instytutpolski.pl\/stockholm\/wp-content\/uploads\/sites\/17\/2024\/10\/polsk-poesi-Hemsida-PL.jpg\",\"datePublished\":\"2024-10-31T13:21:50+00:00\",\"dateModified\":\"2024-11-06T07:12:22+00:00\",\"author\":{\"@id\":\"https:\/\/instytutpolski.pl\/stockholm\/#\/schema\/person\/866a2c0f4ccf0982a286809684f7bc1e\"},\"breadcrumb\":{\"@id\":\"https:\/\/instytutpolski.pl\/stockholm\/pl\/2024\/10\/31\/det-poetiska-europa-poetycka-europa-2-polska-poezja-wspolczesna\/#breadcrumb\"},\"inLanguage\":\"pl-PL\",\"potentialAction\":[{\"@type\":\"ReadAction\",\"target\":[\"https:\/\/instytutpolski.pl\/stockholm\/pl\/2024\/10\/31\/det-poetiska-europa-poetycka-europa-2-polska-poezja-wspolczesna\/\"]}]},{\"@type\":\"ImageObject\",\"inLanguage\":\"pl-PL\",\"@id\":\"https:\/\/instytutpolski.pl\/stockholm\/pl\/2024\/10\/31\/det-poetiska-europa-poetycka-europa-2-polska-poezja-wspolczesna\/#primaryimage\",\"url\":\"https:\/\/instytutpolski.pl\/stockholm\/wp-content\/uploads\/sites\/17\/2024\/10\/polsk-poesi-Hemsida-PL.jpg\",\"contentUrl\":\"https:\/\/instytutpolski.pl\/stockholm\/wp-content\/uploads\/sites\/17\/2024\/10\/polsk-poesi-Hemsida-PL.jpg\",\"width\":1120,\"height\":630},{\"@type\":\"BreadcrumbList\",\"@id\":\"https:\/\/instytutpolski.pl\/stockholm\/pl\/2024\/10\/31\/det-poetiska-europa-poetycka-europa-2-polska-poezja-wspolczesna\/#breadcrumb\",\"itemListElement\":[{\"@type\":\"ListItem\",\"position\":1,\"name\":\"Home\",\"item\":\"https:\/\/instytutpolski.pl\/stockholm\/\"},{\"@type\":\"ListItem\",\"position\":2,\"name\":\"Det poetiska Europa (\u201dPoetycka Europa\u201d) #2: Polska poezja wsp\u00f3\u0142czesna\"}]},{\"@type\":\"WebSite\",\"@id\":\"https:\/\/instytutpolski.pl\/stockholm\/#website\",\"url\":\"https:\/\/instytutpolski.pl\/stockholm\/\",\"name\":\"Instytut Polski w Sztokholmie\",\"description\":\"Instytuty Polskie\",\"potentialAction\":[{\"@type\":\"SearchAction\",\"target\":{\"@type\":\"EntryPoint\",\"urlTemplate\":\"https:\/\/instytutpolski.pl\/stockholm\/?s={search_term_string}\"},\"query-input\":{\"@type\":\"PropertyValueSpecification\",\"valueRequired\":true,\"valueName\":\"search_term_string\"}}],\"inLanguage\":\"pl-PL\"},{\"@type\":\"Person\",\"@id\":\"https:\/\/instytutpolski.pl\/stockholm\/#\/schema\/person\/866a2c0f4ccf0982a286809684f7bc1e\",\"name\":\"treichelp\",\"image\":{\"@type\":\"ImageObject\",\"inLanguage\":\"pl-PL\",\"@id\":\"https:\/\/instytutpolski.pl\/stockholm\/#\/schema\/person\/image\/\",\"url\":\"https:\/\/secure.gravatar.com\/avatar\/fb2c1caae0df0854742a56fc463dd1fb?s=96&d=mm&r=g\",\"contentUrl\":\"https:\/\/secure.gravatar.com\/avatar\/fb2c1caae0df0854742a56fc463dd1fb?s=96&d=mm&r=g\",\"caption\":\"treichelp\"},\"url\":\"https:\/\/instytutpolski.pl\/stockholm\/author\/treichelp\/\"}]}<\/script>\n<!-- \/ Yoast SEO plugin. -->","yoast_head_json":{"title":"Det poetiska Europa (\u201dPoetycka Europa\u201d) #2: Polska poezja wsp\u00f3\u0142czesna - Instytut Polski w Sztokholmie","robots":{"index":"index","follow":"follow","max-snippet":"max-snippet:-1","max-image-preview":"max-image-preview:large","max-video-preview":"max-video-preview:-1"},"canonical":"https:\/\/instytutpolski.pl\/stockholm\/pl\/2024\/10\/31\/det-poetiska-europa-poetycka-europa-2-polska-poezja-wspolczesna\/","og_locale":"pl_PL","og_type":"article","og_title":"Det poetiska Europa (\u201dPoetycka Europa\u201d) #2: Polska poezja wsp\u00f3\u0142czesna - Instytut Polski w Sztokholmie","og_description":"Rozmowa, kt\u00f3r\u0105 poprowadzi redaktorka magazynu Edith S\u00f6derstr\u00f6m, odb\u0119dzie si\u0119 przy udziale publiczno\u015bci 12 listopada 2024 o godz. 16.30 w sztokholmskiej Bibliotece Miejskiej im. Tomasa Transtr\u00f6mera i zostanie nagrana i opublikowana w formie podcastu. Uczestnicy rozmowy: poeta i t\u0142umacz G\u00f6ran Sommardal,\u00a0pisarka i t\u0142umaczka Maja Thrane oraz t\u0142umaczka Irena Gr\u00f6nberg. Wydarzenie jest wynikiem wsp\u00f3\u0142pracy magazynu \u00d6rnen och [&hellip;]","og_url":"https:\/\/instytutpolski.pl\/stockholm\/pl\/2024\/10\/31\/det-poetiska-europa-poetycka-europa-2-polska-poezja-wspolczesna\/","og_site_name":"Instytut Polski w Sztokholmie","article_published_time":"2024-10-31T13:21:50+00:00","article_modified_time":"2024-11-06T07:12:22+00:00","og_image":[{"width":1120,"height":630,"url":"https:\/\/instytutpolski.pl\/stockholm\/wp-content\/uploads\/sites\/17\/2024\/10\/polsk-poesi-Hemsida-PL.jpg","type":"image\/jpeg"}],"author":"treichelp","twitter_card":"summary_large_image","twitter_misc":{"Napisane przez":"treichelp","Szacowany czas czytania":"2 minuty"},"schema":{"@context":"https:\/\/schema.org","@graph":[{"@type":"WebPage","@id":"https:\/\/instytutpolski.pl\/stockholm\/pl\/2024\/10\/31\/det-poetiska-europa-poetycka-europa-2-polska-poezja-wspolczesna\/","url":"https:\/\/instytutpolski.pl\/stockholm\/pl\/2024\/10\/31\/det-poetiska-europa-poetycka-europa-2-polska-poezja-wspolczesna\/","name":"Det poetiska Europa (\u201dPoetycka Europa\u201d) #2: Polska poezja wsp\u00f3\u0142czesna - Instytut Polski w Sztokholmie","isPartOf":{"@id":"https:\/\/instytutpolski.pl\/stockholm\/#website"},"primaryImageOfPage":{"@id":"https:\/\/instytutpolski.pl\/stockholm\/pl\/2024\/10\/31\/det-poetiska-europa-poetycka-europa-2-polska-poezja-wspolczesna\/#primaryimage"},"image":{"@id":"https:\/\/instytutpolski.pl\/stockholm\/pl\/2024\/10\/31\/det-poetiska-europa-poetycka-europa-2-polska-poezja-wspolczesna\/#primaryimage"},"thumbnailUrl":"https:\/\/instytutpolski.pl\/stockholm\/wp-content\/uploads\/sites\/17\/2024\/10\/polsk-poesi-Hemsida-PL.jpg","datePublished":"2024-10-31T13:21:50+00:00","dateModified":"2024-11-06T07:12:22+00:00","author":{"@id":"https:\/\/instytutpolski.pl\/stockholm\/#\/schema\/person\/866a2c0f4ccf0982a286809684f7bc1e"},"breadcrumb":{"@id":"https:\/\/instytutpolski.pl\/stockholm\/pl\/2024\/10\/31\/det-poetiska-europa-poetycka-europa-2-polska-poezja-wspolczesna\/#breadcrumb"},"inLanguage":"pl-PL","potentialAction":[{"@type":"ReadAction","target":["https:\/\/instytutpolski.pl\/stockholm\/pl\/2024\/10\/31\/det-poetiska-europa-poetycka-europa-2-polska-poezja-wspolczesna\/"]}]},{"@type":"ImageObject","inLanguage":"pl-PL","@id":"https:\/\/instytutpolski.pl\/stockholm\/pl\/2024\/10\/31\/det-poetiska-europa-poetycka-europa-2-polska-poezja-wspolczesna\/#primaryimage","url":"https:\/\/instytutpolski.pl\/stockholm\/wp-content\/uploads\/sites\/17\/2024\/10\/polsk-poesi-Hemsida-PL.jpg","contentUrl":"https:\/\/instytutpolski.pl\/stockholm\/wp-content\/uploads\/sites\/17\/2024\/10\/polsk-poesi-Hemsida-PL.jpg","width":1120,"height":630},{"@type":"BreadcrumbList","@id":"https:\/\/instytutpolski.pl\/stockholm\/pl\/2024\/10\/31\/det-poetiska-europa-poetycka-europa-2-polska-poezja-wspolczesna\/#breadcrumb","itemListElement":[{"@type":"ListItem","position":1,"name":"Home","item":"https:\/\/instytutpolski.pl\/stockholm\/"},{"@type":"ListItem","position":2,"name":"Det poetiska Europa (\u201dPoetycka Europa\u201d) #2: Polska poezja wsp\u00f3\u0142czesna"}]},{"@type":"WebSite","@id":"https:\/\/instytutpolski.pl\/stockholm\/#website","url":"https:\/\/instytutpolski.pl\/stockholm\/","name":"Instytut Polski w Sztokholmie","description":"Instytuty Polskie","potentialAction":[{"@type":"SearchAction","target":{"@type":"EntryPoint","urlTemplate":"https:\/\/instytutpolski.pl\/stockholm\/?s={search_term_string}"},"query-input":{"@type":"PropertyValueSpecification","valueRequired":true,"valueName":"search_term_string"}}],"inLanguage":"pl-PL"},{"@type":"Person","@id":"https:\/\/instytutpolski.pl\/stockholm\/#\/schema\/person\/866a2c0f4ccf0982a286809684f7bc1e","name":"treichelp","image":{"@type":"ImageObject","inLanguage":"pl-PL","@id":"https:\/\/instytutpolski.pl\/stockholm\/#\/schema\/person\/image\/","url":"https:\/\/secure.gravatar.com\/avatar\/fb2c1caae0df0854742a56fc463dd1fb?s=96&d=mm&r=g","contentUrl":"https:\/\/secure.gravatar.com\/avatar\/fb2c1caae0df0854742a56fc463dd1fb?s=96&d=mm&r=g","caption":"treichelp"},"url":"https:\/\/instytutpolski.pl\/stockholm\/author\/treichelp\/"}]}},"_links":{"self":[{"href":"https:\/\/instytutpolski.pl\/stockholm\/wp-json\/wp\/v2\/posts\/13130","targetHints":{"allow":["GET"]}}],"collection":[{"href":"https:\/\/instytutpolski.pl\/stockholm\/wp-json\/wp\/v2\/posts"}],"about":[{"href":"https:\/\/instytutpolski.pl\/stockholm\/wp-json\/wp\/v2\/types\/post"}],"author":[{"embeddable":true,"href":"https:\/\/instytutpolski.pl\/stockholm\/wp-json\/wp\/v2\/users\/173"}],"replies":[{"embeddable":true,"href":"https:\/\/instytutpolski.pl\/stockholm\/wp-json\/wp\/v2\/comments?post=13130"}],"version-history":[{"count":8,"href":"https:\/\/instytutpolski.pl\/stockholm\/wp-json\/wp\/v2\/posts\/13130\/revisions"}],"predecessor-version":[{"id":13180,"href":"https:\/\/instytutpolski.pl\/stockholm\/wp-json\/wp\/v2\/posts\/13130\/revisions\/13180"}],"wp:featuredmedia":[{"embeddable":true,"href":"https:\/\/instytutpolski.pl\/stockholm\/wp-json\/wp\/v2\/media\/13131"}],"wp:attachment":[{"href":"https:\/\/instytutpolski.pl\/stockholm\/wp-json\/wp\/v2\/media?parent=13130"}],"wp:term":[{"taxonomy":"category","embeddable":true,"href":"https:\/\/instytutpolski.pl\/stockholm\/wp-json\/wp\/v2\/categories?post=13130"},{"taxonomy":"post_tag","embeddable":true,"href":"https:\/\/instytutpolski.pl\/stockholm\/wp-json\/wp\/v2\/tags?post=13130"}],"curies":[{"name":"wp","href":"https:\/\/api.w.org\/{rel}","templated":true}]}}