{"id":1315,"date":"2019-09-10T16:45:18","date_gmt":"2019-09-10T14:45:18","guid":{"rendered":"https:\/\/instytutpolski.pl\/stockholm\/?p=1315"},"modified":"2019-10-30T16:48:51","modified_gmt":"2019-10-30T15:48:51","slug":"polski-festiwal-filmowy-kinoteka-stockholm-2019","status":"publish","type":"post","link":"https:\/\/instytutpolski.pl\/stockholm\/pl\/2019\/09\/10\/polski-festiwal-filmowy-kinoteka-stockholm-2019\/","title":{"rendered":"Polski festiwal filmowy KINOTEKA STOCKHOLM 2019"},"content":{"rendered":"\n<div class=\"field\">\n<p>Na tegorocznej edycji festiwalu zaprezentujemy filmy przedstawiaj\u0105ce ciekawe sylwetki kobiet, uwie\u0144czeniem b\u0119dzie pokaz dokumentalnego filmu SI\u0141ACZKI o kobietach, kt\u00f3re r\u00f3wnolegle z walk\u0105 o wolno\u015b\u0107 walczy\u0142y o prawo g\u0142osu, kt\u00f3re zosta\u0142o zagwarantowane w dekretem odrodzonego Pa\u0144stwa Polskiego. Po projekcji zapraszamy na rozmow\u0119 z tw\u00f3rcami Mart\u0105 Dzido i Piotrem \u015aliwowskim.<\/p>\n<p>Tegoroczn\u0105 Kinotek\u0119 zainaugurujemy pokazem polsko-szwedzko-czeskiej koprodukcji, nowego filmu Agnieszki Smoczy\u0144skiej FUGA, kt\u00f3rego bohaterka Alicja\/Kinga straci\u0142a pami\u0119\u0107 i po dw\u00f3ch latach wraca do poprzedniego \u017cycia. Film ten mia\u0142 premier\u0119 w Cannes podczas Tygodnia Krytyki i zdoby\u0142 wysokie oceny mi\u0119dzynarodowe, m.in. wiod\u0105cych krytyk\u00f3w filmowych w Szwecji po premierze 8 marca 2019. FUGA pokazana zostanie we wsp\u00f3\u0142pracy z Njutafilms, szwedzkim dystrybutorem filmu. <br \/><br \/>Tematy historyczne odgrywaj\u0105 du\u017c\u0105 rol\u0119 w nowych polskich filmach. W zwi\u0105zku z 80 rocznic\u0105 wybuchu II Wojny \u015awiatowej zaprezentujemy filmy poruszaj\u0105ce t\u0105 tematyk\u0119, jak nominowany do Europejskiej Nagrody Filmowej WILKO\u0141AK Adriana Panka, KURIER W\u0142adys\u0142awa Pasikowskiego i U\u0141ASKAWIENIE Jana Jakuba Kolskiego oraz dokumenty KSI\u0104\u017bE I DYBUK Elwiry Niewiery i Piotra Roso\u0142owskiego i OB\u0141OKI P\u0141YN\u0104 NAD NAMI Anny Konik.<br \/><br \/>Zaprezentujemy r\u00f3wnie\u017c wielokrotnie nagradzany, m.in. g\u0142\u00f3wn\u0105 nagrod\u0105 na Festiwalu Polskich Film\u00f3w w Gdyni,\u00a0 film Piotra Domalewskiego CICHA NOC o skomplikowanych relacjach rodzinnych na polskiej prowincji oraz wielow\u0105tkowy ATAK PANIKI Paw\u0142a Ma\u015blony. <br \/><br \/>W ramach prezentacji polskiej klasyki filmowej poka\u017cemy klasyczny ju\u017c film PO\u017bEGNANIE JESIENI Mariusza Treli\u0144skiego, re\u017cysera opery Karola Szymanowskiego \u201eKr\u00f3l Roger\u201d w Operze Kr\u00f3lewskiej w Sztokholmie. Film jest adaptacj\u0105 powie\u015bci Stanis\u0142awa Ignacego Witkiewicza (Witkacego) pod tym samym tytu\u0142em.<br \/><br \/>W ramach projektu Kinoteka on Tour we wsp\u00f3\u0142pracy z kinem Capitol w Sztokholmie zaprezentujemy\u00a0 legendarny film Andrzeja Wajdy NIEWINNI CZARODZIEJE z muzyk\u0105 Krzysztofa Komedy. Film ten wszed\u0142 do repertuaru szwedzkich kin w 1962 r. i pokazany by\u0142 w telewizji w roku 1971. Pokaz w kinie Capitol jest cz\u0119\u015bci\u0105 projektu polska klasyka filmowa prezentowanego jesieni\u0105 2019.<br \/><br \/>Trzy filmy tegorocznej jubileuszowej edycji Kinoteki: CICHA NOC, ATAK PANIKI i U\u0141ASKAWIENIE zaprezentowane b\u0119d\u0105 13 \u2013 15 wrze\u015bnia w ramach Kinoteki on Tour w kinie Haga w G\u00f6teborgu.<br \/><br \/>Jeste\u015bmy przekonani, \u017ce w programie tegorocznej jubileuszowej Kinoteki ka\u017cdy znajdzie co\u015b dla siebie. Polskie filmy ciesz\u0105 si\u0119 olbrzymim zainteresowaniem na ca\u0142ym \u015bwiecie, zdobywaj\u0105c uznanie na licznych mi\u0119dzynarodowych festiwalach filmowych. Liczymy, \u017ce zachwyc\u0105 r\u00f3wnie\u017c Was.<\/p>\n<p><strong>KINOTEKA STOCKHOLM &#8211; KALENDARIUM<\/strong><br \/><strong><br \/>12.09 CZWARTEK \/ Otwarcie<\/strong><br \/>18:00 Fuga, re\u017c. Agnieszka Smoczy\u0144ska<br \/>20:45 Kurier, re\u017c.\u00a0 W\u0142adys\u0142aw Pasikowski<br \/><br \/><strong>13.09 PI\u0104TEK<\/strong><br \/>18:00 Ksi\u0105\u017c\u0119 i dybuk, re\u017c. Elwira Niewiera i Piotr Roso\u0142owski<br \/>20:30 Wilko\u0142ak, re\u017c. Adrian Panek<br \/><strong><br \/>14.09 SOBOTA<\/strong><br \/>15:00 Ob\u0142oki p\u0142yn\u0105 nad nami, re\u017c. Anna Konik + rozmowa<br \/>18:00 U\u0142askawienie, re\u017c. Jan Jakub Kolski<br \/>20:30 Cicha noc, re\u017c. Piotr Domalewski<br \/><br \/><strong>15.09 NIEDZIELA<\/strong><br \/>15:00 Po\u017cegnanie jesieni, re\u017c. Mariusz Treli\u0144ski<br \/>18:00 Si\u0142aczki, re\u017c. Marta Dzido i Piotr \u015aliwowski + rozmowa<br \/>20:30 Atak paniki, re\u017c. Pawe\u0142 Ma\u015blona<br \/><br \/>Wszystkie filmy s\u0105 pokazywane w kinie Zita, Sztokholm.<br \/><br \/>Bilety na KINOTEK\u0118 Sztokholm mo\u017cna kupi\u0107 na stronie <a href=\"http:\/\/www.zita.se\/booking\" target=\"_blank\" rel=\"noopener noreferrer\">www.zita.se\/booking<\/a> lub zarezerwowa\u0107 telefonicznie pod numerem 08-23 20 20.<br \/><br \/><br \/><strong>KINOTEKA ON TOUR &#8211; KALENDARIUM<\/strong><br \/><br \/><strong>13.09 PI\u0104TEK<\/strong><br \/>20:15 Cicha noc, re\u017c. Piotr Domalewski w kinie Hagabion, G\u00f6teborg<br \/><br \/><strong>14.09 SOBOTA<\/strong><br \/>16:00 Atak paniki, re\u017c. Pawe\u0142 Ma\u015blona w kinie Hagabion, G\u00f6teborg<br \/><br \/><strong>15.09 NIEDZIELA<\/strong><br \/>16:00 U\u0142askawienie, re\u017c. Jan Jakub Kolski w kinie Hagabion, G\u00f6teborg<br \/><br \/><strong>18.09 \u015aRODA<\/strong><br \/>18:00 Niewinni Czarodzieje, re\u017c. Andrzej Wajda w kinie Capitol, Sztokholm<br \/><br \/>Bilety na filmy w kinie Hagabion mo\u017cna kupi\u0107 na stronie <a href=\"http:\/\/www.hagabion.se\" target=\"_blank\" rel=\"noopener noreferrer\">www.hagabion.se<\/a><br \/>Bilety na film w kinie Capitol mo\u017cna kupi\u0107 na stronie <a href=\"http:\/\/www.capitolbio.se\" target=\"_blank\" rel=\"noopener noreferrer\">www.capitolbio.se<br \/><\/a><br \/><br \/>Program festiwalu do pobrania <a href=\"https:\/\/www.polskainstitutet.se\/repository\/KINOTEKA Stockholm biuletyn 2019 NET.pdf\" target=\"_blank\" rel=\"noopener noreferrer\">tutaj<\/a>.<br \/><br \/>\u017byczymy wspania\u0142ych filmowych wra\u017ce\u0144!<br \/><br \/><img loading=\"lazy\" decoding=\"async\" src=\"https:\/\/www.polskainstitutet.se\/repository\/STOCKHOLM KINOTEKA 2019 A3_net.jpg\" alt=\"\" width=\"350\" height=\"492\" \/><\/p>\n<\/div>\n","protected":false},"excerpt":{"rendered":"<p>Na tegorocznej edycji festiwalu zaprezentujemy filmy przedstawiaj\u0105ce ciekawe sylwetki kobiet, uwie\u0144czeniem b\u0119dzie pokaz dokumentalnego filmu SI\u0141ACZKI o kobietach, kt\u00f3re r\u00f3wnolegle z walk\u0105 o wolno\u015b\u0107 walczy\u0142y o prawo g\u0142osu, kt\u00f3re zosta\u0142o zagwarantowane w dekretem odrodzonego Pa\u0144stwa Polskiego. Po projekcji zapraszamy na rozmow\u0119 z tw\u00f3rcami Mart\u0105 Dzido i Piotrem \u015aliwowskim. Tegoroczn\u0105 Kinotek\u0119 zainaugurujemy pokazem polsko-szwedzko-czeskiej koprodukcji, nowego [&hellip;]<\/p>\n","protected":false},"author":29,"featured_media":1312,"comment_status":"open","ping_status":"open","sticky":false,"template":"","format":"standard","meta":{"inline_featured_image":false,"_monsterinsights_skip_tracking":false,"_monsterinsights_sitenote_active":false,"_monsterinsights_sitenote_note":"","_monsterinsights_sitenote_category":0,"footnotes":""},"categories":[85,36],"tags":[],"class_list":["post-1315","post","type-post","status-publish","format-standard","has-post-thumbnail","hentry","category-kino","category-wydarzenie"],"yoast_head":"<!-- This site is optimized with the Yoast SEO plugin v24.6 - https:\/\/yoast.com\/wordpress\/plugins\/seo\/ -->\n<title>Polski festiwal filmowy KINOTEKA STOCKHOLM 2019 - Instytut Polski w Sztokholmie<\/title>\n<meta name=\"robots\" content=\"index, follow, max-snippet:-1, max-image-preview:large, max-video-preview:-1\" \/>\n<link rel=\"canonical\" href=\"https:\/\/instytutpolski.pl\/stockholm\/pl\/2019\/09\/10\/polski-festiwal-filmowy-kinoteka-stockholm-2019\/\" \/>\n<meta property=\"og:locale\" content=\"pl_PL\" \/>\n<meta property=\"og:type\" content=\"article\" \/>\n<meta property=\"og:title\" content=\"Polski festiwal filmowy KINOTEKA STOCKHOLM 2019 - Instytut Polski w Sztokholmie\" \/>\n<meta property=\"og:description\" content=\"Na tegorocznej edycji festiwalu zaprezentujemy filmy przedstawiaj\u0105ce ciekawe sylwetki kobiet, uwie\u0144czeniem b\u0119dzie pokaz dokumentalnego filmu SI\u0141ACZKI o kobietach, kt\u00f3re r\u00f3wnolegle z walk\u0105 o wolno\u015b\u0107 walczy\u0142y o prawo g\u0142osu, kt\u00f3re zosta\u0142o zagwarantowane w dekretem odrodzonego Pa\u0144stwa Polskiego. Po projekcji zapraszamy na rozmow\u0119 z tw\u00f3rcami Mart\u0105 Dzido i Piotrem \u015aliwowskim. Tegoroczn\u0105 Kinotek\u0119 zainaugurujemy pokazem polsko-szwedzko-czeskiej koprodukcji, nowego [&hellip;]\" \/>\n<meta property=\"og:url\" content=\"https:\/\/instytutpolski.pl\/stockholm\/pl\/2019\/09\/10\/polski-festiwal-filmowy-kinoteka-stockholm-2019\/\" \/>\n<meta property=\"og:site_name\" content=\"Instytut Polski w Sztokholmie\" \/>\n<meta property=\"article:published_time\" content=\"2019-09-10T14:45:18+00:00\" \/>\n<meta property=\"article:modified_time\" content=\"2019-10-30T15:48:51+00:00\" \/>\n<meta property=\"og:image\" content=\"https:\/\/instytutpolski.pl\/stockholm\/wp-content\/uploads\/sites\/17\/2019\/10\/kinoteka.jpg\" \/>\n\t<meta property=\"og:image:width\" content=\"1083\" \/>\n\t<meta property=\"og:image:height\" content=\"609\" \/>\n\t<meta property=\"og:image:type\" content=\"image\/jpeg\" \/>\n<meta name=\"author\" content=\"strozniake\" \/>\n<meta name=\"twitter:card\" content=\"summary_large_image\" \/>\n<meta name=\"twitter:label1\" content=\"Napisane przez\" \/>\n\t<meta name=\"twitter:data1\" content=\"strozniake\" \/>\n\t<meta name=\"twitter:label2\" content=\"Szacowany czas czytania\" \/>\n\t<meta name=\"twitter:data2\" content=\"3 minuty\" \/>\n<script type=\"application\/ld+json\" class=\"yoast-schema-graph\">{\"@context\":\"https:\/\/schema.org\",\"@graph\":[{\"@type\":\"event\",\"@id\":\"https:\/\/instytutpolski.pl\/stockholm\/pl\/2019\/09\/10\/polski-festiwal-filmowy-kinoteka-stockholm-2019\/\",\"url\":\"https:\/\/instytutpolski.pl\/stockholm\/pl\/2019\/09\/10\/polski-festiwal-filmowy-kinoteka-stockholm-2019\/\",\"name\":\"Polski festiwal filmowy KINOTEKA STOCKHOLM 2019\",\"isPartOf\":{\"@id\":\"https:\/\/instytutpolski.pl\/stockholm\/#website\"},\"primaryImageOfPage\":{\"@id\":\"https:\/\/instytutpolski.pl\/stockholm\/pl\/2019\/09\/10\/polski-festiwal-filmowy-kinoteka-stockholm-2019\/#primaryimage\"},\"image\":[\"https:\/\/instytutpolski.pl\/stockholm\/wp-content\/uploads\/sites\/17\/2019\/10\/kinoteka.jpg\",\"https:\/\/instytutpolski.pl\/stockholm\/wp-content\/uploads\/sites\/17\/2019\/10\/kinoteka-300x169.jpg\",\"https:\/\/instytutpolski.pl\/stockholm\/wp-content\/uploads\/sites\/17\/2019\/10\/kinoteka-1024x576.jpg\",\"https:\/\/instytutpolski.pl\/stockholm\/wp-content\/uploads\/sites\/17\/2019\/10\/kinoteka.jpg\"],\"thumbnailUrl\":\"https:\/\/instytutpolski.pl\/stockholm\/wp-content\/uploads\/sites\/17\/2019\/10\/kinoteka.jpg\",\"datePublished\":\"2019-09-10T14:45:18+02:00\",\"dateModified\":\"2019-10-30T15:48:51+02:00\",\"author\":{\"@id\":\"https:\/\/instytutpolski.pl\/stockholm\/#\/schema\/person\/062b5a5f61f32b17c98996975db8d556\"},\"breadcrumb\":{\"@id\":\"https:\/\/instytutpolski.pl\/stockholm\/pl\/2019\/09\/10\/polski-festiwal-filmowy-kinoteka-stockholm-2019\/#breadcrumb\"},\"inLanguage\":\"pl-PL\",\"potentialAction\":[{\"@type\":\"ReadAction\",\"target\":[\"https:\/\/instytutpolski.pl\/stockholm\/pl\/2019\/09\/10\/polski-festiwal-filmowy-kinoteka-stockholm-2019\/\"]}],\"@context\":\"https:\/\/schema.org\",\"startDate\":\"2019-09-12\",\"endDate\":\"2019-09-15\",\"eventStatus\":\"EventScheduled\",\"eventAttendanceMode\":\"OfflineEventAttendanceMode\",\"location\":{\"@type\":\"place\",\"name\":\"Zita Folkets Bio, Birger Jarlsgatan 37, Stockholm\",\"address\":\"Zita Folkets Bio, Birger Jarlsgatan 37, Stockholm\",\"geo\":{\"@type\":\"GeoCoordinates\",\"latitude\":\"59.33984295378275\",\"longitude\":\"18.05191040039062\"}},\"description\":\"Na tegorocznej edycji festiwalu zaprezentujemy filmy przedstawiaj\u0105ce ciekawe sylwetki kobiet, uwie\u0144czeniem b\u0119dzie pokaz dokumentalnego filmu SI\u0141ACZKI o kobietach, kt\u00f3re r\u00f3wnolegle z walk\u0105 o wolno\u015b\u0107 walczy\u0142y o prawo g\u0142osu, kt\u00f3re zosta\u0142o zagwarantowane w dekretem odrodzonego Pa\u0144stwa Polskiego. Po projekcji zapraszamy na rozmow\u0119 z tw\u00f3rcami Mart\u0105 Dzido i Piotrem \u015aliwowskim.\\nTegoroczn\u0105 Kinotek\u0119 zainaugurujemy pokazem polsko-szwedzko-czeskiej koprodukcji, nowego filmu Agnieszki Smoczy\u0144skiej FUGA, kt\u00f3rego bohaterka Alicja\/Kinga straci\u0142a pami\u0119\u0107 i po dw\u00f3ch latach wraca do poprzedniego \u017cycia. Film ten mia\u0142 premier\u0119 w Cannes podczas Tygodnia Krytyki i zdoby\u0142 wysokie oceny mi\u0119dzynarodowe, m.in. wiod\u0105cych krytyk\u00f3w filmowych w Szwecji po premierze 8 marca 2019. FUGA pokazana zostanie we wsp\u00f3\u0142pracy z Njutafilms, szwedzkim dystrybutorem filmu. Tematy historyczne odgrywaj\u0105 du\u017c\u0105 rol\u0119 w nowych polskich filmach. W zwi\u0105zku z 80 rocznic\u0105 wybuchu II Wojny \u015awiatowej zaprezentujemy filmy poruszaj\u0105ce t\u0105 tematyk\u0119, jak nominowany do Europejskiej Nagrody Filmowej WILKO\u0141AK Adriana Panka, KURIER W\u0142adys\u0142awa Pasikowskiego i U\u0141ASKAWIENIE Jana Jakuba Kolskiego oraz dokumenty KSI\u0104\u017bE I DYBUK Elwiry Niewiery i Piotra Roso\u0142owskiego i OB\u0141OKI P\u0141YN\u0104 NAD NAMI Anny Konik.Zaprezentujemy r\u00f3wnie\u017c wielokrotnie nagradzany, m.in. g\u0142\u00f3wn\u0105 nagrod\u0105 na Festiwalu Polskich Film\u00f3w w Gdyni,\u00a0 film Piotra Domalewskiego CICHA NOC o skomplikowanych relacjach rodzinnych na polskiej prowincji oraz wielow\u0105tkowy ATAK PANIKI Paw\u0142a Ma\u015blony. W ramach prezentacji polskiej klasyki filmowej poka\u017cemy klasyczny ju\u017c film PO\u017bEGNANIE JESIENI Mariusza Treli\u0144skiego, re\u017cysera opery Karola Szymanowskiego \u201eKr\u00f3l Roger\u201d w Operze Kr\u00f3lewskiej w Sztokholmie. Film jest adaptacj\u0105 powie\u015bci Stanis\u0142awa Ignacego Witkiewicza (Witkacego) pod tym samym tytu\u0142em.W ramach projektu Kinoteka on Tour we wsp\u00f3\u0142pracy z kinem Capitol w Sztokholmie zaprezentujemy\u00a0 legendarny film Andrzeja Wajdy NIEWINNI CZARODZIEJE z muzyk\u0105 Krzysztofa Komedy. Film ten wszed\u0142 do repertuaru szwedzkich kin w 1962 r. i pokazany by\u0142 w telewizji w roku 1971. Pokaz w kinie Capitol jest cz\u0119\u015bci\u0105 projektu polska klasyka filmowa prezentowanego jesieni\u0105 2019.Trzy filmy tegorocznej jubileuszowej edycji Kinoteki: CICHA NOC, ATAK PANIKI i U\u0141ASKAWIENIE zaprezentowane b\u0119d\u0105 13 \u2013 15 wrze\u015bnia w ramach Kinoteki on Tour w kinie Haga w G\u00f6teborgu.Jeste\u015bmy przekonani, \u017ce w programie tegorocznej jubileuszowej Kinoteki ka\u017cdy znajdzie co\u015b dla siebie. Polskie filmy ciesz\u0105 si\u0119 olbrzymim zainteresowaniem na ca\u0142ym \u015bwiecie, zdobywaj\u0105c uznanie na licznych mi\u0119dzynarodowych festiwalach filmowych. Liczymy, \u017ce zachwyc\u0105 r\u00f3wnie\u017c Was.\\nKINOTEKA STOCKHOLM - KALENDARIUM12.09 CZWARTEK \/ Otwarcie18:00 Fuga, re\u017c. Agnieszka Smoczy\u0144ska20:45 Kurier, re\u017c.\u00a0 W\u0142adys\u0142aw Pasikowski13.09 PI\u0104TEK18:00 Ksi\u0105\u017c\u0119 i dybuk, re\u017c. Elwira Niewiera i Piotr Roso\u0142owski20:30 Wilko\u0142ak, re\u017c. Adrian Panek14.09 SOBOTA15:00 Ob\u0142oki p\u0142yn\u0105 nad nami, re\u017c. Anna Konik + rozmowa18:00 U\u0142askawienie, re\u017c. Jan Jakub Kolski20:30 Cicha noc, re\u017c. Piotr Domalewski15.09 NIEDZIELA15:00 Po\u017cegnanie jesieni, re\u017c. Mariusz Treli\u0144ski18:00 Si\u0142aczki, re\u017c. Marta Dzido i Piotr \u015aliwowski + rozmowa20:30 Atak paniki, re\u017c. Pawe\u0142 Ma\u015blonaWszystkie filmy s\u0105 pokazywane w kinie Zita, Sztokholm.Bilety na KINOTEK\u0118 Sztokholm mo\u017cna kupi\u0107 na stronie www.zita.se\/booking lub zarezerwowa\u0107 telefonicznie pod numerem 08-23 20 20.KINOTEKA ON TOUR - KALENDARIUM13.09 PI\u0104TEK20:15 Cicha noc, re\u017c. Piotr Domalewski w kinie Hagabion, G\u00f6teborg14.09 SOBOTA16:00 Atak paniki, re\u017c. Pawe\u0142 Ma\u015blona w kinie Hagabion, G\u00f6teborg15.09 NIEDZIELA16:00 U\u0142askawienie, re\u017c. Jan Jakub Kolski w kinie Hagabion, G\u00f6teborg18.09 \u015aRODA18:00 Niewinni Czarodzieje, re\u017c. Andrzej Wajda w kinie Capitol, SztokholmBilety na filmy w kinie Hagabion mo\u017cna kupi\u0107 na stronie www.hagabion.seBilety na film w kinie Capitol mo\u017cna kupi\u0107 na stronie www.capitolbio.seProgram festiwalu do pobrania tutaj.\u017byczymy wspania\u0142ych filmowych wra\u017ce\u0144!\"},{\"@type\":\"ImageObject\",\"inLanguage\":\"pl-PL\",\"@id\":\"https:\/\/instytutpolski.pl\/stockholm\/pl\/2019\/09\/10\/polski-festiwal-filmowy-kinoteka-stockholm-2019\/#primaryimage\",\"url\":\"https:\/\/instytutpolski.pl\/stockholm\/wp-content\/uploads\/sites\/17\/2019\/10\/kinoteka.jpg\",\"contentUrl\":\"https:\/\/instytutpolski.pl\/stockholm\/wp-content\/uploads\/sites\/17\/2019\/10\/kinoteka.jpg\",\"width\":1083,\"height\":609},{\"@type\":\"BreadcrumbList\",\"@id\":\"https:\/\/instytutpolski.pl\/stockholm\/pl\/2019\/09\/10\/polski-festiwal-filmowy-kinoteka-stockholm-2019\/#breadcrumb\",\"itemListElement\":[{\"@type\":\"ListItem\",\"position\":1,\"name\":\"Home\",\"item\":\"https:\/\/instytutpolski.pl\/stockholm\/\"},{\"@type\":\"ListItem\",\"position\":2,\"name\":\"Polski festiwal filmowy KINOTEKA STOCKHOLM 2019\"}]},{\"@type\":\"WebSite\",\"@id\":\"https:\/\/instytutpolski.pl\/stockholm\/#website\",\"url\":\"https:\/\/instytutpolski.pl\/stockholm\/\",\"name\":\"Instytut Polski w Sztokholmie\",\"description\":\"Instytuty Polskie\",\"potentialAction\":[{\"@type\":\"SearchAction\",\"target\":{\"@type\":\"EntryPoint\",\"urlTemplate\":\"https:\/\/instytutpolski.pl\/stockholm\/?s={search_term_string}\"},\"query-input\":{\"@type\":\"PropertyValueSpecification\",\"valueRequired\":true,\"valueName\":\"search_term_string\"}}],\"inLanguage\":\"pl-PL\"},{\"@type\":\"Person\",\"@id\":\"https:\/\/instytutpolski.pl\/stockholm\/#\/schema\/person\/062b5a5f61f32b17c98996975db8d556\",\"name\":\"strozniake\",\"image\":{\"@type\":\"ImageObject\",\"inLanguage\":\"pl-PL\",\"@id\":\"https:\/\/instytutpolski.pl\/stockholm\/#\/schema\/person\/image\/\",\"url\":\"https:\/\/secure.gravatar.com\/avatar\/25e0be9897787f9035155a882fde97cc?s=96&d=mm&r=g\",\"contentUrl\":\"https:\/\/secure.gravatar.com\/avatar\/25e0be9897787f9035155a882fde97cc?s=96&d=mm&r=g\",\"caption\":\"strozniake\"},\"sameAs\":[\"http:\/\/strozniake\"],\"url\":\"https:\/\/instytutpolski.pl\/stockholm\/author\/strozniake\/\"}]}<\/script>\n<!-- \/ Yoast SEO plugin. -->","yoast_head_json":{"title":"Polski festiwal filmowy KINOTEKA STOCKHOLM 2019 - Instytut Polski w Sztokholmie","robots":{"index":"index","follow":"follow","max-snippet":"max-snippet:-1","max-image-preview":"max-image-preview:large","max-video-preview":"max-video-preview:-1"},"canonical":"https:\/\/instytutpolski.pl\/stockholm\/pl\/2019\/09\/10\/polski-festiwal-filmowy-kinoteka-stockholm-2019\/","og_locale":"pl_PL","og_type":"article","og_title":"Polski festiwal filmowy KINOTEKA STOCKHOLM 2019 - Instytut Polski w Sztokholmie","og_description":"Na tegorocznej edycji festiwalu zaprezentujemy filmy przedstawiaj\u0105ce ciekawe sylwetki kobiet, uwie\u0144czeniem b\u0119dzie pokaz dokumentalnego filmu SI\u0141ACZKI o kobietach, kt\u00f3re r\u00f3wnolegle z walk\u0105 o wolno\u015b\u0107 walczy\u0142y o prawo g\u0142osu, kt\u00f3re zosta\u0142o zagwarantowane w dekretem odrodzonego Pa\u0144stwa Polskiego. Po projekcji zapraszamy na rozmow\u0119 z tw\u00f3rcami Mart\u0105 Dzido i Piotrem \u015aliwowskim. Tegoroczn\u0105 Kinotek\u0119 zainaugurujemy pokazem polsko-szwedzko-czeskiej koprodukcji, nowego [&hellip;]","og_url":"https:\/\/instytutpolski.pl\/stockholm\/pl\/2019\/09\/10\/polski-festiwal-filmowy-kinoteka-stockholm-2019\/","og_site_name":"Instytut Polski w Sztokholmie","article_published_time":"2019-09-10T14:45:18+00:00","article_modified_time":"2019-10-30T15:48:51+00:00","og_image":[{"width":1083,"height":609,"url":"https:\/\/instytutpolski.pl\/stockholm\/wp-content\/uploads\/sites\/17\/2019\/10\/kinoteka.jpg","type":"image\/jpeg"}],"author":"strozniake","twitter_card":"summary_large_image","twitter_misc":{"Napisane przez":"strozniake","Szacowany czas czytania":"3 minuty"},"schema":{"@context":"https:\/\/schema.org","@graph":[{"@type":"event","@id":"https:\/\/instytutpolski.pl\/stockholm\/pl\/2019\/09\/10\/polski-festiwal-filmowy-kinoteka-stockholm-2019\/","url":"https:\/\/instytutpolski.pl\/stockholm\/pl\/2019\/09\/10\/polski-festiwal-filmowy-kinoteka-stockholm-2019\/","name":"Polski festiwal filmowy KINOTEKA STOCKHOLM 2019","isPartOf":{"@id":"https:\/\/instytutpolski.pl\/stockholm\/#website"},"primaryImageOfPage":{"@id":"https:\/\/instytutpolski.pl\/stockholm\/pl\/2019\/09\/10\/polski-festiwal-filmowy-kinoteka-stockholm-2019\/#primaryimage"},"image":["https:\/\/instytutpolski.pl\/stockholm\/wp-content\/uploads\/sites\/17\/2019\/10\/kinoteka.jpg","https:\/\/instytutpolski.pl\/stockholm\/wp-content\/uploads\/sites\/17\/2019\/10\/kinoteka-300x169.jpg","https:\/\/instytutpolski.pl\/stockholm\/wp-content\/uploads\/sites\/17\/2019\/10\/kinoteka-1024x576.jpg","https:\/\/instytutpolski.pl\/stockholm\/wp-content\/uploads\/sites\/17\/2019\/10\/kinoteka.jpg"],"thumbnailUrl":"https:\/\/instytutpolski.pl\/stockholm\/wp-content\/uploads\/sites\/17\/2019\/10\/kinoteka.jpg","datePublished":"2019-09-10T14:45:18+02:00","dateModified":"2019-10-30T15:48:51+02:00","author":{"@id":"https:\/\/instytutpolski.pl\/stockholm\/#\/schema\/person\/062b5a5f61f32b17c98996975db8d556"},"breadcrumb":{"@id":"https:\/\/instytutpolski.pl\/stockholm\/pl\/2019\/09\/10\/polski-festiwal-filmowy-kinoteka-stockholm-2019\/#breadcrumb"},"inLanguage":"pl-PL","potentialAction":[{"@type":"ReadAction","target":["https:\/\/instytutpolski.pl\/stockholm\/pl\/2019\/09\/10\/polski-festiwal-filmowy-kinoteka-stockholm-2019\/"]}],"@context":"https:\/\/schema.org","startDate":"2019-09-12","endDate":"2019-09-15","eventStatus":"EventScheduled","eventAttendanceMode":"OfflineEventAttendanceMode","location":{"@type":"place","name":"Zita Folkets Bio, Birger Jarlsgatan 37, Stockholm","address":"Zita Folkets Bio, Birger Jarlsgatan 37, Stockholm","geo":{"@type":"GeoCoordinates","latitude":"59.33984295378275","longitude":"18.05191040039062"}},"description":"Na tegorocznej edycji festiwalu zaprezentujemy filmy przedstawiaj\u0105ce ciekawe sylwetki kobiet, uwie\u0144czeniem b\u0119dzie pokaz dokumentalnego filmu SI\u0141ACZKI o kobietach, kt\u00f3re r\u00f3wnolegle z walk\u0105 o wolno\u015b\u0107 walczy\u0142y o prawo g\u0142osu, kt\u00f3re zosta\u0142o zagwarantowane w dekretem odrodzonego Pa\u0144stwa Polskiego. Po projekcji zapraszamy na rozmow\u0119 z tw\u00f3rcami Mart\u0105 Dzido i Piotrem \u015aliwowskim.\nTegoroczn\u0105 Kinotek\u0119 zainaugurujemy pokazem polsko-szwedzko-czeskiej koprodukcji, nowego filmu Agnieszki Smoczy\u0144skiej FUGA, kt\u00f3rego bohaterka Alicja\/Kinga straci\u0142a pami\u0119\u0107 i po dw\u00f3ch latach wraca do poprzedniego \u017cycia. Film ten mia\u0142 premier\u0119 w Cannes podczas Tygodnia Krytyki i zdoby\u0142 wysokie oceny mi\u0119dzynarodowe, m.in. wiod\u0105cych krytyk\u00f3w filmowych w Szwecji po premierze 8 marca 2019. FUGA pokazana zostanie we wsp\u00f3\u0142pracy z Njutafilms, szwedzkim dystrybutorem filmu. Tematy historyczne odgrywaj\u0105 du\u017c\u0105 rol\u0119 w nowych polskich filmach. W zwi\u0105zku z 80 rocznic\u0105 wybuchu II Wojny \u015awiatowej zaprezentujemy filmy poruszaj\u0105ce t\u0105 tematyk\u0119, jak nominowany do Europejskiej Nagrody Filmowej WILKO\u0141AK Adriana Panka, KURIER W\u0142adys\u0142awa Pasikowskiego i U\u0141ASKAWIENIE Jana Jakuba Kolskiego oraz dokumenty KSI\u0104\u017bE I DYBUK Elwiry Niewiery i Piotra Roso\u0142owskiego i OB\u0141OKI P\u0141YN\u0104 NAD NAMI Anny Konik.Zaprezentujemy r\u00f3wnie\u017c wielokrotnie nagradzany, m.in. g\u0142\u00f3wn\u0105 nagrod\u0105 na Festiwalu Polskich Film\u00f3w w Gdyni,\u00a0 film Piotra Domalewskiego CICHA NOC o skomplikowanych relacjach rodzinnych na polskiej prowincji oraz wielow\u0105tkowy ATAK PANIKI Paw\u0142a Ma\u015blony. W ramach prezentacji polskiej klasyki filmowej poka\u017cemy klasyczny ju\u017c film PO\u017bEGNANIE JESIENI Mariusza Treli\u0144skiego, re\u017cysera opery Karola Szymanowskiego \u201eKr\u00f3l Roger\u201d w Operze Kr\u00f3lewskiej w Sztokholmie. Film jest adaptacj\u0105 powie\u015bci Stanis\u0142awa Ignacego Witkiewicza (Witkacego) pod tym samym tytu\u0142em.W ramach projektu Kinoteka on Tour we wsp\u00f3\u0142pracy z kinem Capitol w Sztokholmie zaprezentujemy\u00a0 legendarny film Andrzeja Wajdy NIEWINNI CZARODZIEJE z muzyk\u0105 Krzysztofa Komedy. Film ten wszed\u0142 do repertuaru szwedzkich kin w 1962 r. i pokazany by\u0142 w telewizji w roku 1971. Pokaz w kinie Capitol jest cz\u0119\u015bci\u0105 projektu polska klasyka filmowa prezentowanego jesieni\u0105 2019.Trzy filmy tegorocznej jubileuszowej edycji Kinoteki: CICHA NOC, ATAK PANIKI i U\u0141ASKAWIENIE zaprezentowane b\u0119d\u0105 13 \u2013 15 wrze\u015bnia w ramach Kinoteki on Tour w kinie Haga w G\u00f6teborgu.Jeste\u015bmy przekonani, \u017ce w programie tegorocznej jubileuszowej Kinoteki ka\u017cdy znajdzie co\u015b dla siebie. Polskie filmy ciesz\u0105 si\u0119 olbrzymim zainteresowaniem na ca\u0142ym \u015bwiecie, zdobywaj\u0105c uznanie na licznych mi\u0119dzynarodowych festiwalach filmowych. Liczymy, \u017ce zachwyc\u0105 r\u00f3wnie\u017c Was.\nKINOTEKA STOCKHOLM - KALENDARIUM12.09 CZWARTEK \/ Otwarcie18:00 Fuga, re\u017c. Agnieszka Smoczy\u0144ska20:45 Kurier, re\u017c.\u00a0 W\u0142adys\u0142aw Pasikowski13.09 PI\u0104TEK18:00 Ksi\u0105\u017c\u0119 i dybuk, re\u017c. Elwira Niewiera i Piotr Roso\u0142owski20:30 Wilko\u0142ak, re\u017c. Adrian Panek14.09 SOBOTA15:00 Ob\u0142oki p\u0142yn\u0105 nad nami, re\u017c. Anna Konik + rozmowa18:00 U\u0142askawienie, re\u017c. Jan Jakub Kolski20:30 Cicha noc, re\u017c. Piotr Domalewski15.09 NIEDZIELA15:00 Po\u017cegnanie jesieni, re\u017c. Mariusz Treli\u0144ski18:00 Si\u0142aczki, re\u017c. Marta Dzido i Piotr \u015aliwowski + rozmowa20:30 Atak paniki, re\u017c. Pawe\u0142 Ma\u015blonaWszystkie filmy s\u0105 pokazywane w kinie Zita, Sztokholm.Bilety na KINOTEK\u0118 Sztokholm mo\u017cna kupi\u0107 na stronie www.zita.se\/booking lub zarezerwowa\u0107 telefonicznie pod numerem 08-23 20 20.KINOTEKA ON TOUR - KALENDARIUM13.09 PI\u0104TEK20:15 Cicha noc, re\u017c. Piotr Domalewski w kinie Hagabion, G\u00f6teborg14.09 SOBOTA16:00 Atak paniki, re\u017c. Pawe\u0142 Ma\u015blona w kinie Hagabion, G\u00f6teborg15.09 NIEDZIELA16:00 U\u0142askawienie, re\u017c. Jan Jakub Kolski w kinie Hagabion, G\u00f6teborg18.09 \u015aRODA18:00 Niewinni Czarodzieje, re\u017c. Andrzej Wajda w kinie Capitol, SztokholmBilety na filmy w kinie Hagabion mo\u017cna kupi\u0107 na stronie www.hagabion.seBilety na film w kinie Capitol mo\u017cna kupi\u0107 na stronie www.capitolbio.seProgram festiwalu do pobrania tutaj.\u017byczymy wspania\u0142ych filmowych wra\u017ce\u0144!"},{"@type":"ImageObject","inLanguage":"pl-PL","@id":"https:\/\/instytutpolski.pl\/stockholm\/pl\/2019\/09\/10\/polski-festiwal-filmowy-kinoteka-stockholm-2019\/#primaryimage","url":"https:\/\/instytutpolski.pl\/stockholm\/wp-content\/uploads\/sites\/17\/2019\/10\/kinoteka.jpg","contentUrl":"https:\/\/instytutpolski.pl\/stockholm\/wp-content\/uploads\/sites\/17\/2019\/10\/kinoteka.jpg","width":1083,"height":609},{"@type":"BreadcrumbList","@id":"https:\/\/instytutpolski.pl\/stockholm\/pl\/2019\/09\/10\/polski-festiwal-filmowy-kinoteka-stockholm-2019\/#breadcrumb","itemListElement":[{"@type":"ListItem","position":1,"name":"Home","item":"https:\/\/instytutpolski.pl\/stockholm\/"},{"@type":"ListItem","position":2,"name":"Polski festiwal filmowy KINOTEKA STOCKHOLM 2019"}]},{"@type":"WebSite","@id":"https:\/\/instytutpolski.pl\/stockholm\/#website","url":"https:\/\/instytutpolski.pl\/stockholm\/","name":"Instytut Polski w Sztokholmie","description":"Instytuty Polskie","potentialAction":[{"@type":"SearchAction","target":{"@type":"EntryPoint","urlTemplate":"https:\/\/instytutpolski.pl\/stockholm\/?s={search_term_string}"},"query-input":{"@type":"PropertyValueSpecification","valueRequired":true,"valueName":"search_term_string"}}],"inLanguage":"pl-PL"},{"@type":"Person","@id":"https:\/\/instytutpolski.pl\/stockholm\/#\/schema\/person\/062b5a5f61f32b17c98996975db8d556","name":"strozniake","image":{"@type":"ImageObject","inLanguage":"pl-PL","@id":"https:\/\/instytutpolski.pl\/stockholm\/#\/schema\/person\/image\/","url":"https:\/\/secure.gravatar.com\/avatar\/25e0be9897787f9035155a882fde97cc?s=96&d=mm&r=g","contentUrl":"https:\/\/secure.gravatar.com\/avatar\/25e0be9897787f9035155a882fde97cc?s=96&d=mm&r=g","caption":"strozniake"},"sameAs":["http:\/\/strozniake"],"url":"https:\/\/instytutpolski.pl\/stockholm\/author\/strozniake\/"}]}},"_links":{"self":[{"href":"https:\/\/instytutpolski.pl\/stockholm\/wp-json\/wp\/v2\/posts\/1315","targetHints":{"allow":["GET"]}}],"collection":[{"href":"https:\/\/instytutpolski.pl\/stockholm\/wp-json\/wp\/v2\/posts"}],"about":[{"href":"https:\/\/instytutpolski.pl\/stockholm\/wp-json\/wp\/v2\/types\/post"}],"author":[{"embeddable":true,"href":"https:\/\/instytutpolski.pl\/stockholm\/wp-json\/wp\/v2\/users\/29"}],"replies":[{"embeddable":true,"href":"https:\/\/instytutpolski.pl\/stockholm\/wp-json\/wp\/v2\/comments?post=1315"}],"version-history":[{"count":2,"href":"https:\/\/instytutpolski.pl\/stockholm\/wp-json\/wp\/v2\/posts\/1315\/revisions"}],"predecessor-version":[{"id":1317,"href":"https:\/\/instytutpolski.pl\/stockholm\/wp-json\/wp\/v2\/posts\/1315\/revisions\/1317"}],"wp:featuredmedia":[{"embeddable":true,"href":"https:\/\/instytutpolski.pl\/stockholm\/wp-json\/wp\/v2\/media\/1312"}],"wp:attachment":[{"href":"https:\/\/instytutpolski.pl\/stockholm\/wp-json\/wp\/v2\/media?parent=1315"}],"wp:term":[{"taxonomy":"category","embeddable":true,"href":"https:\/\/instytutpolski.pl\/stockholm\/wp-json\/wp\/v2\/categories?post=1315"},{"taxonomy":"post_tag","embeddable":true,"href":"https:\/\/instytutpolski.pl\/stockholm\/wp-json\/wp\/v2\/tags?post=1315"}],"curies":[{"name":"wp","href":"https:\/\/api.w.org\/{rel}","templated":true}]}}