{"id":13172,"date":"2024-11-04T14:17:49","date_gmt":"2024-11-04T13:17:49","guid":{"rendered":"https:\/\/instytutpolski.pl\/stockholm\/?p=13172"},"modified":"2025-10-08T08:52:02","modified_gmt":"2025-10-08T06:52:02","slug":"utwor-pawla-kulczynskiego-zagrany-przy-slonecznym-rydwanie-w-sodertalje","status":"publish","type":"post","link":"https:\/\/instytutpolski.pl\/stockholm\/pl\/2024\/11\/04\/utwor-pawla-kulczynskiego-zagrany-przy-slonecznym-rydwanie-w-sodertalje\/","title":{"rendered":"Utw\u00f3r Paw\u0142a Kulczy\u0144skiego zagrany przy S\u0142onecznym rydwanie w S\u00f6dert\u00e4lje"},"content":{"rendered":"\n<p>\u201c<em>S\u0142oneczny rydwan<\/em>, jak to cz\u0119sto bywa w tw\u00f3rczo\u015bci Hasiora, wywodzi si\u0119 z mitologii. Konie ci\u0105gn\u0105 rydwan Heliosa po firmamencie. Dzie\u0142o zawiera r\u00f3wnie\u017c odniesienia do kultury epoki br\u0105zu, w postaci inspiracji petroglifami.\u201d (\u017ar\u00f3d\u0142o: S\u00f6dert\u00e4lje konsthall)<\/p>\n\n\n\n<p>W tym roku go\u015bcili\u015bmy polskiego muzyka Paw\u0142a Kulczy\u0144skiego, kt\u00f3ry zaprezentowa\u0142 utw\u00f3r zainspirowany niedoko\u0144czonym dzie\u0142em W\u0142adys\u0142awa Hasiora, pt. <em>Organy<\/em>. Interpretacja Paw\u0142a by\u0142a propozycj\u0105 potencjalnego brzmienia <em>Organ\u00f3w<\/em> i zosta\u0142a skomponowana specjalnie na t\u0119 okazj\u0119. Opr\u00f3cz wyst\u0119pu Paw\u0142a, procesji z pochodniami przez miasto towarzyszy\u0142y b\u0119bny, a przy instalacji Anneli Karlsson odczyta\u0142a swoje wiersze zainspirowane <em>S\u0142onecznym rydwanem <\/em>do akompaniamentu Johnnego Karlssona Kerna oraz Leifa Janssona.<\/p>\n\n\n\n<p>Dzi\u0119kujemy za tegoroczny sukces i do zobaczenia w pa\u017adzierniku 2025!<\/p>\n\n\n\n<p>Foto: Boguslaw Rawinski oraz Wojciech Sidorowicz<\/p>\n\n\n\n<p>Wydarzenie zosta\u0142o zorganizowane przez Kulturhistoriska f\u00f6reningen i S\u00f6dert\u00e4lje, Instytut Polski, ABF S\u00f6dert\u00e4lje-Nykvarn oraz S\u00f6dert\u00e4lje konsthall.<\/p>\n\n\n\n<figure class=\"wp-block-gallery has-nested-images columns-default is-cropped wp-block-gallery-1 is-layout-flex wp-block-gallery-is-layout-flex\">\n<figure class=\"wp-block-image size-large\"><img loading=\"lazy\" decoding=\"async\" width=\"1024\" height=\"683\" data-id=\"13152\" src=\"https:\/\/instytutpolski.pl\/stockholm\/wp-content\/uploads\/sites\/17\/2024\/11\/DSC_8170-1024x683.jpg\" alt=\"\" class=\"wp-image-13152\" srcset=\"https:\/\/instytutpolski.pl\/stockholm\/wp-content\/uploads\/sites\/17\/2024\/11\/DSC_8170-1024x683.jpg 1024w, https:\/\/instytutpolski.pl\/stockholm\/wp-content\/uploads\/sites\/17\/2024\/11\/DSC_8170-300x200.jpg 300w, https:\/\/instytutpolski.pl\/stockholm\/wp-content\/uploads\/sites\/17\/2024\/11\/DSC_8170-768x512.jpg 768w, https:\/\/instytutpolski.pl\/stockholm\/wp-content\/uploads\/sites\/17\/2024\/11\/DSC_8170.jpg 1200w\" sizes=\"auto, (max-width: 1024px) 100vw, 1024px\" \/><figcaption class=\"wp-element-caption\">Foto: Boguslaw Rawinski<\/figcaption><\/figure>\n\n\n\n<figure class=\"wp-block-image size-large\"><img loading=\"lazy\" decoding=\"async\" width=\"1024\" height=\"683\" data-id=\"13153\" src=\"https:\/\/instytutpolski.pl\/stockholm\/wp-content\/uploads\/sites\/17\/2024\/11\/DSC_8180-1024x683.jpg\" alt=\"\" class=\"wp-image-13153\" srcset=\"https:\/\/instytutpolski.pl\/stockholm\/wp-content\/uploads\/sites\/17\/2024\/11\/DSC_8180-1024x683.jpg 1024w, https:\/\/instytutpolski.pl\/stockholm\/wp-content\/uploads\/sites\/17\/2024\/11\/DSC_8180-300x200.jpg 300w, https:\/\/instytutpolski.pl\/stockholm\/wp-content\/uploads\/sites\/17\/2024\/11\/DSC_8180-768x512.jpg 768w, https:\/\/instytutpolski.pl\/stockholm\/wp-content\/uploads\/sites\/17\/2024\/11\/DSC_8180.jpg 1200w\" sizes=\"auto, (max-width: 1024px) 100vw, 1024px\" \/><figcaption class=\"wp-element-caption\">Foto: Boguslaw Rawinski<\/figcaption><\/figure>\n\n\n\n<figure class=\"wp-block-image size-large\"><img loading=\"lazy\" decoding=\"async\" width=\"1024\" height=\"683\" data-id=\"13154\" src=\"https:\/\/instytutpolski.pl\/stockholm\/wp-content\/uploads\/sites\/17\/2024\/11\/DSC_8219-1024x683.jpg\" alt=\"\" class=\"wp-image-13154\" srcset=\"https:\/\/instytutpolski.pl\/stockholm\/wp-content\/uploads\/sites\/17\/2024\/11\/DSC_8219-1024x683.jpg 1024w, https:\/\/instytutpolski.pl\/stockholm\/wp-content\/uploads\/sites\/17\/2024\/11\/DSC_8219-300x200.jpg 300w, https:\/\/instytutpolski.pl\/stockholm\/wp-content\/uploads\/sites\/17\/2024\/11\/DSC_8219-768x512.jpg 768w, https:\/\/instytutpolski.pl\/stockholm\/wp-content\/uploads\/sites\/17\/2024\/11\/DSC_8219.jpg 1200w\" sizes=\"auto, (max-width: 1024px) 100vw, 1024px\" \/><figcaption class=\"wp-element-caption\">Foto: Boguslaw Rawinski<\/figcaption><\/figure>\n\n\n\n<figure class=\"wp-block-image size-large\"><img loading=\"lazy\" decoding=\"async\" width=\"1024\" height=\"683\" data-id=\"13158\" src=\"https:\/\/instytutpolski.pl\/stockholm\/wp-content\/uploads\/sites\/17\/2024\/11\/DSC_8245-1024x683.jpg\" alt=\"\" class=\"wp-image-13158\" srcset=\"https:\/\/instytutpolski.pl\/stockholm\/wp-content\/uploads\/sites\/17\/2024\/11\/DSC_8245-1024x683.jpg 1024w, https:\/\/instytutpolski.pl\/stockholm\/wp-content\/uploads\/sites\/17\/2024\/11\/DSC_8245-300x200.jpg 300w, https:\/\/instytutpolski.pl\/stockholm\/wp-content\/uploads\/sites\/17\/2024\/11\/DSC_8245-768x512.jpg 768w, https:\/\/instytutpolski.pl\/stockholm\/wp-content\/uploads\/sites\/17\/2024\/11\/DSC_8245.jpg 1200w\" sizes=\"auto, (max-width: 1024px) 100vw, 1024px\" \/><figcaption class=\"wp-element-caption\">Foto: Boguslaw Rawinski<\/figcaption><\/figure>\n\n\n\n<figure class=\"wp-block-image size-large\"><img loading=\"lazy\" decoding=\"async\" width=\"1024\" height=\"683\" data-id=\"13156\" src=\"https:\/\/instytutpolski.pl\/stockholm\/wp-content\/uploads\/sites\/17\/2024\/11\/DSC_8231-1024x683.jpg\" alt=\"\" class=\"wp-image-13156\" srcset=\"https:\/\/instytutpolski.pl\/stockholm\/wp-content\/uploads\/sites\/17\/2024\/11\/DSC_8231-1024x683.jpg 1024w, https:\/\/instytutpolski.pl\/stockholm\/wp-content\/uploads\/sites\/17\/2024\/11\/DSC_8231-300x200.jpg 300w, https:\/\/instytutpolski.pl\/stockholm\/wp-content\/uploads\/sites\/17\/2024\/11\/DSC_8231-768x512.jpg 768w, https:\/\/instytutpolski.pl\/stockholm\/wp-content\/uploads\/sites\/17\/2024\/11\/DSC_8231.jpg 1200w\" sizes=\"auto, (max-width: 1024px) 100vw, 1024px\" \/><figcaption class=\"wp-element-caption\">Foto: Boguslaw Rawinski<\/figcaption><\/figure>\n\n\n\n<figure class=\"wp-block-image size-large\"><img loading=\"lazy\" decoding=\"async\" width=\"1024\" height=\"683\" data-id=\"13157\" src=\"https:\/\/instytutpolski.pl\/stockholm\/wp-content\/uploads\/sites\/17\/2024\/11\/DSC_8237-1024x683.jpg\" alt=\"\" class=\"wp-image-13157\" srcset=\"https:\/\/instytutpolski.pl\/stockholm\/wp-content\/uploads\/sites\/17\/2024\/11\/DSC_8237-1024x683.jpg 1024w, https:\/\/instytutpolski.pl\/stockholm\/wp-content\/uploads\/sites\/17\/2024\/11\/DSC_8237-300x200.jpg 300w, https:\/\/instytutpolski.pl\/stockholm\/wp-content\/uploads\/sites\/17\/2024\/11\/DSC_8237-768x512.jpg 768w, https:\/\/instytutpolski.pl\/stockholm\/wp-content\/uploads\/sites\/17\/2024\/11\/DSC_8237.jpg 1200w\" sizes=\"auto, (max-width: 1024px) 100vw, 1024px\" \/><figcaption class=\"wp-element-caption\">Foto: Boguslaw Rawinski<\/figcaption><\/figure>\n\n\n\n<figure class=\"wp-block-image size-large\"><img loading=\"lazy\" decoding=\"async\" width=\"1024\" height=\"683\" data-id=\"13155\" src=\"https:\/\/instytutpolski.pl\/stockholm\/wp-content\/uploads\/sites\/17\/2024\/11\/DSC_8222-1024x683.jpg\" alt=\"\" class=\"wp-image-13155\" srcset=\"https:\/\/instytutpolski.pl\/stockholm\/wp-content\/uploads\/sites\/17\/2024\/11\/DSC_8222-1024x683.jpg 1024w, https:\/\/instytutpolski.pl\/stockholm\/wp-content\/uploads\/sites\/17\/2024\/11\/DSC_8222-300x200.jpg 300w, https:\/\/instytutpolski.pl\/stockholm\/wp-content\/uploads\/sites\/17\/2024\/11\/DSC_8222-768x512.jpg 768w, https:\/\/instytutpolski.pl\/stockholm\/wp-content\/uploads\/sites\/17\/2024\/11\/DSC_8222.jpg 1200w\" sizes=\"auto, (max-width: 1024px) 100vw, 1024px\" \/><figcaption class=\"wp-element-caption\">Foto: Boguslaw Rawinski<\/figcaption><\/figure>\n\n\n\n<figure class=\"wp-block-image size-large\"><img loading=\"lazy\" decoding=\"async\" width=\"1024\" height=\"683\" data-id=\"13159\" src=\"https:\/\/instytutpolski.pl\/stockholm\/wp-content\/uploads\/sites\/17\/2024\/11\/DSC_8246-1024x683.jpg\" alt=\"\" class=\"wp-image-13159\" srcset=\"https:\/\/instytutpolski.pl\/stockholm\/wp-content\/uploads\/sites\/17\/2024\/11\/DSC_8246-1024x683.jpg 1024w, https:\/\/instytutpolski.pl\/stockholm\/wp-content\/uploads\/sites\/17\/2024\/11\/DSC_8246-300x200.jpg 300w, https:\/\/instytutpolski.pl\/stockholm\/wp-content\/uploads\/sites\/17\/2024\/11\/DSC_8246-768x512.jpg 768w, https:\/\/instytutpolski.pl\/stockholm\/wp-content\/uploads\/sites\/17\/2024\/11\/DSC_8246.jpg 1200w\" sizes=\"auto, (max-width: 1024px) 100vw, 1024px\" \/><figcaption class=\"wp-element-caption\">Foto: Boguslaw Rawinski<\/figcaption><\/figure>\n\n\n\n<figure class=\"wp-block-image size-large\"><img loading=\"lazy\" decoding=\"async\" width=\"1024\" height=\"683\" data-id=\"13160\" src=\"https:\/\/instytutpolski.pl\/stockholm\/wp-content\/uploads\/sites\/17\/2024\/11\/DSC_8258-1024x683.jpg\" alt=\"\" class=\"wp-image-13160\" srcset=\"https:\/\/instytutpolski.pl\/stockholm\/wp-content\/uploads\/sites\/17\/2024\/11\/DSC_8258-1024x683.jpg 1024w, https:\/\/instytutpolski.pl\/stockholm\/wp-content\/uploads\/sites\/17\/2024\/11\/DSC_8258-300x200.jpg 300w, https:\/\/instytutpolski.pl\/stockholm\/wp-content\/uploads\/sites\/17\/2024\/11\/DSC_8258-768x512.jpg 768w, https:\/\/instytutpolski.pl\/stockholm\/wp-content\/uploads\/sites\/17\/2024\/11\/DSC_8258.jpg 1200w\" sizes=\"auto, (max-width: 1024px) 100vw, 1024px\" \/><figcaption class=\"wp-element-caption\">Foto: Boguslaw Rawinski<\/figcaption><\/figure>\n\n\n\n<figure class=\"wp-block-image size-large\"><img loading=\"lazy\" decoding=\"async\" width=\"683\" height=\"1024\" data-id=\"13162\" src=\"https:\/\/instytutpolski.pl\/stockholm\/wp-content\/uploads\/sites\/17\/2024\/11\/DSC_8303-683x1024.jpg\" alt=\"\" class=\"wp-image-13162\" srcset=\"https:\/\/instytutpolski.pl\/stockholm\/wp-content\/uploads\/sites\/17\/2024\/11\/DSC_8303-683x1024.jpg 683w, https:\/\/instytutpolski.pl\/stockholm\/wp-content\/uploads\/sites\/17\/2024\/11\/DSC_8303-200x300.jpg 200w, https:\/\/instytutpolski.pl\/stockholm\/wp-content\/uploads\/sites\/17\/2024\/11\/DSC_8303-768x1152.jpg 768w, https:\/\/instytutpolski.pl\/stockholm\/wp-content\/uploads\/sites\/17\/2024\/11\/DSC_8303.jpg 800w\" sizes=\"auto, (max-width: 683px) 100vw, 683px\" \/><\/figure>\n\n\n\n<figure class=\"wp-block-image size-large\"><img loading=\"lazy\" decoding=\"async\" width=\"683\" height=\"1024\" data-id=\"13164\" src=\"https:\/\/instytutpolski.pl\/stockholm\/wp-content\/uploads\/sites\/17\/2024\/11\/DSC_8322-683x1024.jpg\" alt=\"\" class=\"wp-image-13164\" srcset=\"https:\/\/instytutpolski.pl\/stockholm\/wp-content\/uploads\/sites\/17\/2024\/11\/DSC_8322-683x1024.jpg 683w, https:\/\/instytutpolski.pl\/stockholm\/wp-content\/uploads\/sites\/17\/2024\/11\/DSC_8322-200x300.jpg 200w, https:\/\/instytutpolski.pl\/stockholm\/wp-content\/uploads\/sites\/17\/2024\/11\/DSC_8322-768x1152.jpg 768w, https:\/\/instytutpolski.pl\/stockholm\/wp-content\/uploads\/sites\/17\/2024\/11\/DSC_8322.jpg 800w\" sizes=\"auto, (max-width: 683px) 100vw, 683px\" \/><figcaption class=\"wp-element-caption\">Foto: Boguslaw Rawinski<\/figcaption><\/figure>\n\n\n\n<figure class=\"wp-block-image size-large\"><img loading=\"lazy\" decoding=\"async\" width=\"683\" height=\"1024\" data-id=\"13163\" src=\"https:\/\/instytutpolski.pl\/stockholm\/wp-content\/uploads\/sites\/17\/2024\/11\/DSC_8306-683x1024.jpg\" alt=\"\" class=\"wp-image-13163\" srcset=\"https:\/\/instytutpolski.pl\/stockholm\/wp-content\/uploads\/sites\/17\/2024\/11\/DSC_8306-683x1024.jpg 683w, https:\/\/instytutpolski.pl\/stockholm\/wp-content\/uploads\/sites\/17\/2024\/11\/DSC_8306-200x300.jpg 200w, https:\/\/instytutpolski.pl\/stockholm\/wp-content\/uploads\/sites\/17\/2024\/11\/DSC_8306-768x1152.jpg 768w, https:\/\/instytutpolski.pl\/stockholm\/wp-content\/uploads\/sites\/17\/2024\/11\/DSC_8306.jpg 800w\" sizes=\"auto, (max-width: 683px) 100vw, 683px\" \/><figcaption class=\"wp-element-caption\">Foto: Boguslaw Rawinski<\/figcaption><\/figure>\n\n\n\n<figure class=\"wp-block-image size-large\"><img loading=\"lazy\" decoding=\"async\" width=\"1024\" height=\"683\" data-id=\"13166\" src=\"https:\/\/instytutpolski.pl\/stockholm\/wp-content\/uploads\/sites\/17\/2024\/11\/DSC_8357-1024x683.jpg\" alt=\"\" class=\"wp-image-13166\" srcset=\"https:\/\/instytutpolski.pl\/stockholm\/wp-content\/uploads\/sites\/17\/2024\/11\/DSC_8357-1024x683.jpg 1024w, https:\/\/instytutpolski.pl\/stockholm\/wp-content\/uploads\/sites\/17\/2024\/11\/DSC_8357-300x200.jpg 300w, https:\/\/instytutpolski.pl\/stockholm\/wp-content\/uploads\/sites\/17\/2024\/11\/DSC_8357-768x512.jpg 768w, https:\/\/instytutpolski.pl\/stockholm\/wp-content\/uploads\/sites\/17\/2024\/11\/DSC_8357.jpg 1200w\" sizes=\"auto, (max-width: 1024px) 100vw, 1024px\" \/><figcaption class=\"wp-element-caption\">Foto: Boguslaw Rawinski<\/figcaption><\/figure>\n\n\n\n<figure class=\"wp-block-image size-large\"><img loading=\"lazy\" decoding=\"async\" width=\"1024\" height=\"683\" data-id=\"13165\" src=\"https:\/\/instytutpolski.pl\/stockholm\/wp-content\/uploads\/sites\/17\/2024\/11\/DSC_8354-1024x683.jpg\" alt=\"\" class=\"wp-image-13165\" srcset=\"https:\/\/instytutpolski.pl\/stockholm\/wp-content\/uploads\/sites\/17\/2024\/11\/DSC_8354-1024x683.jpg 1024w, https:\/\/instytutpolski.pl\/stockholm\/wp-content\/uploads\/sites\/17\/2024\/11\/DSC_8354-300x200.jpg 300w, https:\/\/instytutpolski.pl\/stockholm\/wp-content\/uploads\/sites\/17\/2024\/11\/DSC_8354-768x512.jpg 768w, https:\/\/instytutpolski.pl\/stockholm\/wp-content\/uploads\/sites\/17\/2024\/11\/DSC_8354.jpg 1200w\" sizes=\"auto, (max-width: 1024px) 100vw, 1024px\" \/><figcaption class=\"wp-element-caption\">Foto: Boguslaw Rawinski<\/figcaption><\/figure>\n\n\n\n<figure class=\"wp-block-image size-large\"><img loading=\"lazy\" decoding=\"async\" width=\"1024\" height=\"683\" data-id=\"13161\" src=\"https:\/\/instytutpolski.pl\/stockholm\/wp-content\/uploads\/sites\/17\/2024\/11\/DSC_8293-1024x683.jpg\" alt=\"\" class=\"wp-image-13161\" srcset=\"https:\/\/instytutpolski.pl\/stockholm\/wp-content\/uploads\/sites\/17\/2024\/11\/DSC_8293-1024x683.jpg 1024w, https:\/\/instytutpolski.pl\/stockholm\/wp-content\/uploads\/sites\/17\/2024\/11\/DSC_8293-300x200.jpg 300w, https:\/\/instytutpolski.pl\/stockholm\/wp-content\/uploads\/sites\/17\/2024\/11\/DSC_8293-768x512.jpg 768w, https:\/\/instytutpolski.pl\/stockholm\/wp-content\/uploads\/sites\/17\/2024\/11\/DSC_8293.jpg 1200w\" sizes=\"auto, (max-width: 1024px) 100vw, 1024px\" \/><figcaption class=\"wp-element-caption\">Foto: Boguslaw Rawinski<\/figcaption><\/figure>\n\n\n\n<figure class=\"wp-block-image size-large\"><img loading=\"lazy\" decoding=\"async\" width=\"1024\" height=\"473\" data-id=\"13151\" src=\"https:\/\/instytutpolski.pl\/stockholm\/wp-content\/uploads\/sites\/17\/2024\/11\/Solspann-Foto-Wojciech-Sidorowicz-1024x473.jpg\" alt=\"\" class=\"wp-image-13151\" srcset=\"https:\/\/instytutpolski.pl\/stockholm\/wp-content\/uploads\/sites\/17\/2024\/11\/Solspann-Foto-Wojciech-Sidorowicz-1024x473.jpg 1024w, https:\/\/instytutpolski.pl\/stockholm\/wp-content\/uploads\/sites\/17\/2024\/11\/Solspann-Foto-Wojciech-Sidorowicz-300x139.jpg 300w, https:\/\/instytutpolski.pl\/stockholm\/wp-content\/uploads\/sites\/17\/2024\/11\/Solspann-Foto-Wojciech-Sidorowicz-768x355.jpg 768w, https:\/\/instytutpolski.pl\/stockholm\/wp-content\/uploads\/sites\/17\/2024\/11\/Solspann-Foto-Wojciech-Sidorowicz-1536x710.jpg 1536w, https:\/\/instytutpolski.pl\/stockholm\/wp-content\/uploads\/sites\/17\/2024\/11\/Solspann-Foto-Wojciech-Sidorowicz-2048x946.jpg 2048w\" sizes=\"auto, (max-width: 1024px) 100vw, 1024px\" \/><figcaption class=\"wp-element-caption\">Foto: Wojciech Sidorowicz<\/figcaption><\/figure>\n<\/figure>\n","protected":false},"excerpt":{"rendered":"<p>\u201cS\u0142oneczny rydwan, jak to cz\u0119sto bywa w tw\u00f3rczo\u015bci Hasiora, wywodzi si\u0119 z mitologii. Konie ci\u0105gn\u0105 rydwan Heliosa po firmamencie. Dzie\u0142o zawiera r\u00f3wnie\u017c odniesienia do kultury epoki br\u0105zu, w postaci inspiracji petroglifami.\u201d (\u017ar\u00f3d\u0142o: S\u00f6dert\u00e4lje konsthall) W tym roku go\u015bcili\u015bmy polskiego muzyka Paw\u0142a Kulczy\u0144skiego, kt\u00f3ry zaprezentowa\u0142 utw\u00f3r zainspirowany niedoko\u0144czonym dzie\u0142em W\u0142adys\u0142awa Hasiora, pt. Organy. Interpretacja Paw\u0142a by\u0142a [&hellip;]<\/p>\n","protected":false},"author":173,"featured_media":13151,"comment_status":"closed","ping_status":"closed","sticky":true,"template":"","format":"standard","meta":{"inline_featured_image":false,"_monsterinsights_skip_tracking":false,"_monsterinsights_sitenote_active":false,"_monsterinsights_sitenote_note":"","_monsterinsights_sitenote_category":0,"footnotes":""},"categories":[320,208],"tags":[],"class_list":["post-13172","post","type-post","status-publish","format-standard","has-post-thumbnail","hentry","category-artykuly-pl","category-galeria-pl"],"yoast_head":"<!-- This site is optimized with the Yoast SEO plugin v24.6 - https:\/\/yoast.com\/wordpress\/plugins\/seo\/ -->\n<title>Utw\u00f3r Paw\u0142a Kulczy\u0144skiego zagrany przy S\u0142onecznym rydwanie w S\u00f6dert\u00e4lje - Instytut Polski w Sztokholmie<\/title>\n<meta name=\"robots\" content=\"index, follow, max-snippet:-1, max-image-preview:large, max-video-preview:-1\" \/>\n<link rel=\"canonical\" href=\"https:\/\/instytutpolski.pl\/stockholm\/pl\/2024\/11\/04\/utwor-pawla-kulczynskiego-zagrany-przy-slonecznym-rydwanie-w-sodertalje\/\" \/>\n<meta property=\"og:locale\" content=\"pl_PL\" \/>\n<meta property=\"og:type\" content=\"article\" \/>\n<meta property=\"og:title\" content=\"Utw\u00f3r Paw\u0142a Kulczy\u0144skiego zagrany przy S\u0142onecznym rydwanie w S\u00f6dert\u00e4lje - Instytut Polski w Sztokholmie\" \/>\n<meta property=\"og:description\" content=\"\u201cS\u0142oneczny rydwan, jak to cz\u0119sto bywa w tw\u00f3rczo\u015bci Hasiora, wywodzi si\u0119 z mitologii. Konie ci\u0105gn\u0105 rydwan Heliosa po firmamencie. Dzie\u0142o zawiera r\u00f3wnie\u017c odniesienia do kultury epoki br\u0105zu, w postaci inspiracji petroglifami.\u201d (\u017ar\u00f3d\u0142o: S\u00f6dert\u00e4lje konsthall) W tym roku go\u015bcili\u015bmy polskiego muzyka Paw\u0142a Kulczy\u0144skiego, kt\u00f3ry zaprezentowa\u0142 utw\u00f3r zainspirowany niedoko\u0144czonym dzie\u0142em W\u0142adys\u0142awa Hasiora, pt. Organy. Interpretacja Paw\u0142a by\u0142a [&hellip;]\" \/>\n<meta property=\"og:url\" content=\"https:\/\/instytutpolski.pl\/stockholm\/pl\/2024\/11\/04\/utwor-pawla-kulczynskiego-zagrany-przy-slonecznym-rydwanie-w-sodertalje\/\" \/>\n<meta property=\"og:site_name\" content=\"Instytut Polski w Sztokholmie\" \/>\n<meta property=\"article:published_time\" content=\"2024-11-04T13:17:49+00:00\" \/>\n<meta property=\"article:modified_time\" content=\"2025-10-08T06:52:02+00:00\" \/>\n<meta property=\"og:image\" content=\"https:\/\/instytutpolski.pl\/stockholm\/wp-content\/uploads\/sites\/17\/2024\/11\/Solspann-Foto-Wojciech-Sidorowicz-scaled.jpg\" \/>\n\t<meta property=\"og:image:width\" content=\"2560\" \/>\n\t<meta property=\"og:image:height\" content=\"1183\" \/>\n\t<meta property=\"og:image:type\" content=\"image\/jpeg\" \/>\n<meta name=\"author\" content=\"treichelp\" \/>\n<meta name=\"twitter:card\" content=\"summary_large_image\" \/>\n<meta name=\"twitter:label1\" content=\"Napisane przez\" \/>\n\t<meta name=\"twitter:data1\" content=\"treichelp\" \/>\n\t<meta name=\"twitter:label2\" content=\"Szacowany czas czytania\" \/>\n\t<meta name=\"twitter:data2\" content=\"5 minut\" \/>\n<script type=\"application\/ld+json\" class=\"yoast-schema-graph\">{\"@context\":\"https:\/\/schema.org\",\"@graph\":[{\"@type\":\"event\",\"@id\":\"https:\/\/instytutpolski.pl\/stockholm\/pl\/2024\/11\/04\/utwor-pawla-kulczynskiego-zagrany-przy-slonecznym-rydwanie-w-sodertalje\/\",\"url\":\"https:\/\/instytutpolski.pl\/stockholm\/pl\/2024\/11\/04\/utwor-pawla-kulczynskiego-zagrany-przy-slonecznym-rydwanie-w-sodertalje\/\",\"name\":\"Utw\u00f3r Paw\u0142a Kulczy\u0144skiego zagrany przy S\u0142onecznym rydwanie w S\u00f6dert\u00e4lje\",\"isPartOf\":{\"@id\":\"https:\/\/instytutpolski.pl\/stockholm\/#website\"},\"primaryImageOfPage\":{\"@id\":\"https:\/\/instytutpolski.pl\/stockholm\/pl\/2024\/11\/04\/utwor-pawla-kulczynskiego-zagrany-przy-slonecznym-rydwanie-w-sodertalje\/#primaryimage\"},\"image\":[\"https:\/\/instytutpolski.pl\/stockholm\/wp-content\/uploads\/sites\/17\/2024\/11\/Solspann-Foto-Wojciech-Sidorowicz-scaled.jpg\",\"https:\/\/instytutpolski.pl\/stockholm\/wp-content\/uploads\/sites\/17\/2024\/11\/Solspann-Foto-Wojciech-Sidorowicz-300x139.jpg\",\"https:\/\/instytutpolski.pl\/stockholm\/wp-content\/uploads\/sites\/17\/2024\/11\/Solspann-Foto-Wojciech-Sidorowicz-1024x473.jpg\",\"https:\/\/instytutpolski.pl\/stockholm\/wp-content\/uploads\/sites\/17\/2024\/11\/Solspann-Foto-Wojciech-Sidorowicz-scaled.jpg\"],\"thumbnailUrl\":\"https:\/\/instytutpolski.pl\/stockholm\/wp-content\/uploads\/sites\/17\/2024\/11\/Solspann-Foto-Wojciech-Sidorowicz-scaled.jpg\",\"datePublished\":\"2024-11-04T13:17:49+02:00\",\"dateModified\":\"2025-10-08T06:52:02+02:00\",\"author\":{\"@id\":\"https:\/\/instytutpolski.pl\/stockholm\/#\/schema\/person\/866a2c0f4ccf0982a286809684f7bc1e\"},\"breadcrumb\":{\"@id\":\"https:\/\/instytutpolski.pl\/stockholm\/pl\/2024\/11\/04\/utwor-pawla-kulczynskiego-zagrany-przy-slonecznym-rydwanie-w-sodertalje\/#breadcrumb\"},\"inLanguage\":\"pl-PL\",\"potentialAction\":[{\"@type\":\"ReadAction\",\"target\":[\"https:\/\/instytutpolski.pl\/stockholm\/pl\/2024\/11\/04\/utwor-pawla-kulczynskiego-zagrany-przy-slonecznym-rydwanie-w-sodertalje\/\"]}],\"@context\":\"https:\/\/schema.org\",\"startDate\":\"2024-10-19T05:00:00+02:00\",\"endDate\":\"2024-10-19T07:30:00+02:00\",\"eventStatus\":\"EventScheduled\",\"eventAttendanceMode\":\"OfflineEventAttendanceMode\",\"location\":{\"@type\":\"place\",\"name\":\"S\u00f6dert\u00e4lje\",\"address\":\"S\u00f6dert\u00e4lje\",\"geo\":{\"@type\":\"GeoCoordinates\",\"latitude\":\"59.13689573607198\",\"longitude\":\"17.696219421758066\"}},\"description\":\"\u201cS\u0142oneczny rydwan, jak to cz\u0119sto bywa w tw\u00f3rczo\u015bci Hasiora, wywodzi si\u0119 z mitologii. Konie ci\u0105gn\u0105 rydwan Heliosa po firmamencie. Dzie\u0142o zawiera r\u00f3wnie\u017c odniesienia do kultury epoki br\u0105zu, w postaci inspiracji petroglifami.\u201d (\u017ar\u00f3d\u0142o: S\u00f6dert\u00e4lje konsthall)\\nW tym roku go\u015bcili\u015bmy polskiego muzyka Paw\u0142a Kulczy\u0144skiego, kt\u00f3ry zaprezentowa\u0142 utw\u00f3r zainspirowany niedoko\u0144czonym dzie\u0142em W\u0142adys\u0142awa Hasiora, pt. Organy. Interpretacja Paw\u0142a by\u0142a propozycj\u0105 potencjalnego brzmienia Organ\u00f3w i zosta\u0142a skomponowana specjalnie na t\u0119 okazj\u0119. Opr\u00f3cz wyst\u0119pu Paw\u0142a, procesji z pochodniami przez miasto towarzyszy\u0142y b\u0119bny, a przy instalacji Anneli Karlsson odczyta\u0142a swoje wiersze zainspirowane S\u0142onecznym rydwanem do akompaniamentu Johnnego Karlssona Kerna oraz Leifa Janssona.\\nDzi\u0119kujemy za tegoroczny sukces i do zobaczenia w pa\u017adzierniku 2025!\\nFoto: Boguslaw Rawinski oraz Wojciech Sidorowicz\\nWydarzenie zosta\u0142o zorganizowane przez Kulturhistoriska f\u00f6reningen i S\u00f6dert\u00e4lje, Instytut Polski, ABF S\u00f6dert\u00e4lje-Nykvarn oraz S\u00f6dert\u00e4lje konsthall.\"},{\"@type\":\"ImageObject\",\"inLanguage\":\"pl-PL\",\"@id\":\"https:\/\/instytutpolski.pl\/stockholm\/pl\/2024\/11\/04\/utwor-pawla-kulczynskiego-zagrany-przy-slonecznym-rydwanie-w-sodertalje\/#primaryimage\",\"url\":\"https:\/\/instytutpolski.pl\/stockholm\/wp-content\/uploads\/sites\/17\/2024\/11\/Solspann-Foto-Wojciech-Sidorowicz-scaled.jpg\",\"contentUrl\":\"https:\/\/instytutpolski.pl\/stockholm\/wp-content\/uploads\/sites\/17\/2024\/11\/Solspann-Foto-Wojciech-Sidorowicz-scaled.jpg\",\"width\":2560,\"height\":1183,\"caption\":\"Foto: Wojciech Sidorowicz\"},{\"@type\":\"BreadcrumbList\",\"@id\":\"https:\/\/instytutpolski.pl\/stockholm\/pl\/2024\/11\/04\/utwor-pawla-kulczynskiego-zagrany-przy-slonecznym-rydwanie-w-sodertalje\/#breadcrumb\",\"itemListElement\":[{\"@type\":\"ListItem\",\"position\":1,\"name\":\"Home\",\"item\":\"https:\/\/instytutpolski.pl\/stockholm\/\"},{\"@type\":\"ListItem\",\"position\":2,\"name\":\"Utw\u00f3r Paw\u0142a Kulczy\u0144skiego zagrany przy S\u0142onecznym rydwanie w S\u00f6dert\u00e4lje\"}]},{\"@type\":\"WebSite\",\"@id\":\"https:\/\/instytutpolski.pl\/stockholm\/#website\",\"url\":\"https:\/\/instytutpolski.pl\/stockholm\/\",\"name\":\"Instytut Polski w Sztokholmie\",\"description\":\"Instytuty Polskie\",\"potentialAction\":[{\"@type\":\"SearchAction\",\"target\":{\"@type\":\"EntryPoint\",\"urlTemplate\":\"https:\/\/instytutpolski.pl\/stockholm\/?s={search_term_string}\"},\"query-input\":{\"@type\":\"PropertyValueSpecification\",\"valueRequired\":true,\"valueName\":\"search_term_string\"}}],\"inLanguage\":\"pl-PL\"},{\"@type\":\"Person\",\"@id\":\"https:\/\/instytutpolski.pl\/stockholm\/#\/schema\/person\/866a2c0f4ccf0982a286809684f7bc1e\",\"name\":\"treichelp\",\"image\":{\"@type\":\"ImageObject\",\"inLanguage\":\"pl-PL\",\"@id\":\"https:\/\/instytutpolski.pl\/stockholm\/#\/schema\/person\/image\/\",\"url\":\"https:\/\/secure.gravatar.com\/avatar\/fb2c1caae0df0854742a56fc463dd1fb?s=96&d=mm&r=g\",\"contentUrl\":\"https:\/\/secure.gravatar.com\/avatar\/fb2c1caae0df0854742a56fc463dd1fb?s=96&d=mm&r=g\",\"caption\":\"treichelp\"},\"url\":\"https:\/\/instytutpolski.pl\/stockholm\/author\/treichelp\/\"}]}<\/script>\n<!-- \/ Yoast SEO plugin. -->","yoast_head_json":{"title":"Utw\u00f3r Paw\u0142a Kulczy\u0144skiego zagrany przy S\u0142onecznym rydwanie w S\u00f6dert\u00e4lje - Instytut Polski w Sztokholmie","robots":{"index":"index","follow":"follow","max-snippet":"max-snippet:-1","max-image-preview":"max-image-preview:large","max-video-preview":"max-video-preview:-1"},"canonical":"https:\/\/instytutpolski.pl\/stockholm\/pl\/2024\/11\/04\/utwor-pawla-kulczynskiego-zagrany-przy-slonecznym-rydwanie-w-sodertalje\/","og_locale":"pl_PL","og_type":"article","og_title":"Utw\u00f3r Paw\u0142a Kulczy\u0144skiego zagrany przy S\u0142onecznym rydwanie w S\u00f6dert\u00e4lje - Instytut Polski w Sztokholmie","og_description":"\u201cS\u0142oneczny rydwan, jak to cz\u0119sto bywa w tw\u00f3rczo\u015bci Hasiora, wywodzi si\u0119 z mitologii. Konie ci\u0105gn\u0105 rydwan Heliosa po firmamencie. Dzie\u0142o zawiera r\u00f3wnie\u017c odniesienia do kultury epoki br\u0105zu, w postaci inspiracji petroglifami.\u201d (\u017ar\u00f3d\u0142o: S\u00f6dert\u00e4lje konsthall) W tym roku go\u015bcili\u015bmy polskiego muzyka Paw\u0142a Kulczy\u0144skiego, kt\u00f3ry zaprezentowa\u0142 utw\u00f3r zainspirowany niedoko\u0144czonym dzie\u0142em W\u0142adys\u0142awa Hasiora, pt. Organy. Interpretacja Paw\u0142a by\u0142a [&hellip;]","og_url":"https:\/\/instytutpolski.pl\/stockholm\/pl\/2024\/11\/04\/utwor-pawla-kulczynskiego-zagrany-przy-slonecznym-rydwanie-w-sodertalje\/","og_site_name":"Instytut Polski w Sztokholmie","article_published_time":"2024-11-04T13:17:49+00:00","article_modified_time":"2025-10-08T06:52:02+00:00","og_image":[{"width":2560,"height":1183,"url":"https:\/\/instytutpolski.pl\/stockholm\/wp-content\/uploads\/sites\/17\/2024\/11\/Solspann-Foto-Wojciech-Sidorowicz-scaled.jpg","type":"image\/jpeg"}],"author":"treichelp","twitter_card":"summary_large_image","twitter_misc":{"Napisane przez":"treichelp","Szacowany czas czytania":"5 minut"},"schema":{"@context":"https:\/\/schema.org","@graph":[{"@type":"event","@id":"https:\/\/instytutpolski.pl\/stockholm\/pl\/2024\/11\/04\/utwor-pawla-kulczynskiego-zagrany-przy-slonecznym-rydwanie-w-sodertalje\/","url":"https:\/\/instytutpolski.pl\/stockholm\/pl\/2024\/11\/04\/utwor-pawla-kulczynskiego-zagrany-przy-slonecznym-rydwanie-w-sodertalje\/","name":"Utw\u00f3r Paw\u0142a Kulczy\u0144skiego zagrany przy S\u0142onecznym rydwanie w S\u00f6dert\u00e4lje","isPartOf":{"@id":"https:\/\/instytutpolski.pl\/stockholm\/#website"},"primaryImageOfPage":{"@id":"https:\/\/instytutpolski.pl\/stockholm\/pl\/2024\/11\/04\/utwor-pawla-kulczynskiego-zagrany-przy-slonecznym-rydwanie-w-sodertalje\/#primaryimage"},"image":["https:\/\/instytutpolski.pl\/stockholm\/wp-content\/uploads\/sites\/17\/2024\/11\/Solspann-Foto-Wojciech-Sidorowicz-scaled.jpg","https:\/\/instytutpolski.pl\/stockholm\/wp-content\/uploads\/sites\/17\/2024\/11\/Solspann-Foto-Wojciech-Sidorowicz-300x139.jpg","https:\/\/instytutpolski.pl\/stockholm\/wp-content\/uploads\/sites\/17\/2024\/11\/Solspann-Foto-Wojciech-Sidorowicz-1024x473.jpg","https:\/\/instytutpolski.pl\/stockholm\/wp-content\/uploads\/sites\/17\/2024\/11\/Solspann-Foto-Wojciech-Sidorowicz-scaled.jpg"],"thumbnailUrl":"https:\/\/instytutpolski.pl\/stockholm\/wp-content\/uploads\/sites\/17\/2024\/11\/Solspann-Foto-Wojciech-Sidorowicz-scaled.jpg","datePublished":"2024-11-04T13:17:49+02:00","dateModified":"2025-10-08T06:52:02+02:00","author":{"@id":"https:\/\/instytutpolski.pl\/stockholm\/#\/schema\/person\/866a2c0f4ccf0982a286809684f7bc1e"},"breadcrumb":{"@id":"https:\/\/instytutpolski.pl\/stockholm\/pl\/2024\/11\/04\/utwor-pawla-kulczynskiego-zagrany-przy-slonecznym-rydwanie-w-sodertalje\/#breadcrumb"},"inLanguage":"pl-PL","potentialAction":[{"@type":"ReadAction","target":["https:\/\/instytutpolski.pl\/stockholm\/pl\/2024\/11\/04\/utwor-pawla-kulczynskiego-zagrany-przy-slonecznym-rydwanie-w-sodertalje\/"]}],"@context":"https:\/\/schema.org","startDate":"2024-10-19T05:00:00+02:00","endDate":"2024-10-19T07:30:00+02:00","eventStatus":"EventScheduled","eventAttendanceMode":"OfflineEventAttendanceMode","location":{"@type":"place","name":"S\u00f6dert\u00e4lje","address":"S\u00f6dert\u00e4lje","geo":{"@type":"GeoCoordinates","latitude":"59.13689573607198","longitude":"17.696219421758066"}},"description":"\u201cS\u0142oneczny rydwan, jak to cz\u0119sto bywa w tw\u00f3rczo\u015bci Hasiora, wywodzi si\u0119 z mitologii. Konie ci\u0105gn\u0105 rydwan Heliosa po firmamencie. Dzie\u0142o zawiera r\u00f3wnie\u017c odniesienia do kultury epoki br\u0105zu, w postaci inspiracji petroglifami.\u201d (\u017ar\u00f3d\u0142o: S\u00f6dert\u00e4lje konsthall)\nW tym roku go\u015bcili\u015bmy polskiego muzyka Paw\u0142a Kulczy\u0144skiego, kt\u00f3ry zaprezentowa\u0142 utw\u00f3r zainspirowany niedoko\u0144czonym dzie\u0142em W\u0142adys\u0142awa Hasiora, pt. Organy. Interpretacja Paw\u0142a by\u0142a propozycj\u0105 potencjalnego brzmienia Organ\u00f3w i zosta\u0142a skomponowana specjalnie na t\u0119 okazj\u0119. Opr\u00f3cz wyst\u0119pu Paw\u0142a, procesji z pochodniami przez miasto towarzyszy\u0142y b\u0119bny, a przy instalacji Anneli Karlsson odczyta\u0142a swoje wiersze zainspirowane S\u0142onecznym rydwanem do akompaniamentu Johnnego Karlssona Kerna oraz Leifa Janssona.\nDzi\u0119kujemy za tegoroczny sukces i do zobaczenia w pa\u017adzierniku 2025!\nFoto: Boguslaw Rawinski oraz Wojciech Sidorowicz\nWydarzenie zosta\u0142o zorganizowane przez Kulturhistoriska f\u00f6reningen i S\u00f6dert\u00e4lje, Instytut Polski, ABF S\u00f6dert\u00e4lje-Nykvarn oraz S\u00f6dert\u00e4lje konsthall."},{"@type":"ImageObject","inLanguage":"pl-PL","@id":"https:\/\/instytutpolski.pl\/stockholm\/pl\/2024\/11\/04\/utwor-pawla-kulczynskiego-zagrany-przy-slonecznym-rydwanie-w-sodertalje\/#primaryimage","url":"https:\/\/instytutpolski.pl\/stockholm\/wp-content\/uploads\/sites\/17\/2024\/11\/Solspann-Foto-Wojciech-Sidorowicz-scaled.jpg","contentUrl":"https:\/\/instytutpolski.pl\/stockholm\/wp-content\/uploads\/sites\/17\/2024\/11\/Solspann-Foto-Wojciech-Sidorowicz-scaled.jpg","width":2560,"height":1183,"caption":"Foto: Wojciech Sidorowicz"},{"@type":"BreadcrumbList","@id":"https:\/\/instytutpolski.pl\/stockholm\/pl\/2024\/11\/04\/utwor-pawla-kulczynskiego-zagrany-przy-slonecznym-rydwanie-w-sodertalje\/#breadcrumb","itemListElement":[{"@type":"ListItem","position":1,"name":"Home","item":"https:\/\/instytutpolski.pl\/stockholm\/"},{"@type":"ListItem","position":2,"name":"Utw\u00f3r Paw\u0142a Kulczy\u0144skiego zagrany przy S\u0142onecznym rydwanie w S\u00f6dert\u00e4lje"}]},{"@type":"WebSite","@id":"https:\/\/instytutpolski.pl\/stockholm\/#website","url":"https:\/\/instytutpolski.pl\/stockholm\/","name":"Instytut Polski w Sztokholmie","description":"Instytuty Polskie","potentialAction":[{"@type":"SearchAction","target":{"@type":"EntryPoint","urlTemplate":"https:\/\/instytutpolski.pl\/stockholm\/?s={search_term_string}"},"query-input":{"@type":"PropertyValueSpecification","valueRequired":true,"valueName":"search_term_string"}}],"inLanguage":"pl-PL"},{"@type":"Person","@id":"https:\/\/instytutpolski.pl\/stockholm\/#\/schema\/person\/866a2c0f4ccf0982a286809684f7bc1e","name":"treichelp","image":{"@type":"ImageObject","inLanguage":"pl-PL","@id":"https:\/\/instytutpolski.pl\/stockholm\/#\/schema\/person\/image\/","url":"https:\/\/secure.gravatar.com\/avatar\/fb2c1caae0df0854742a56fc463dd1fb?s=96&d=mm&r=g","contentUrl":"https:\/\/secure.gravatar.com\/avatar\/fb2c1caae0df0854742a56fc463dd1fb?s=96&d=mm&r=g","caption":"treichelp"},"url":"https:\/\/instytutpolski.pl\/stockholm\/author\/treichelp\/"}]}},"_links":{"self":[{"href":"https:\/\/instytutpolski.pl\/stockholm\/wp-json\/wp\/v2\/posts\/13172","targetHints":{"allow":["GET"]}}],"collection":[{"href":"https:\/\/instytutpolski.pl\/stockholm\/wp-json\/wp\/v2\/posts"}],"about":[{"href":"https:\/\/instytutpolski.pl\/stockholm\/wp-json\/wp\/v2\/types\/post"}],"author":[{"embeddable":true,"href":"https:\/\/instytutpolski.pl\/stockholm\/wp-json\/wp\/v2\/users\/173"}],"replies":[{"embeddable":true,"href":"https:\/\/instytutpolski.pl\/stockholm\/wp-json\/wp\/v2\/comments?post=13172"}],"version-history":[{"count":4,"href":"https:\/\/instytutpolski.pl\/stockholm\/wp-json\/wp\/v2\/posts\/13172\/revisions"}],"predecessor-version":[{"id":14607,"href":"https:\/\/instytutpolski.pl\/stockholm\/wp-json\/wp\/v2\/posts\/13172\/revisions\/14607"}],"wp:featuredmedia":[{"embeddable":true,"href":"https:\/\/instytutpolski.pl\/stockholm\/wp-json\/wp\/v2\/media\/13151"}],"wp:attachment":[{"href":"https:\/\/instytutpolski.pl\/stockholm\/wp-json\/wp\/v2\/media?parent=13172"}],"wp:term":[{"taxonomy":"category","embeddable":true,"href":"https:\/\/instytutpolski.pl\/stockholm\/wp-json\/wp\/v2\/categories?post=13172"},{"taxonomy":"post_tag","embeddable":true,"href":"https:\/\/instytutpolski.pl\/stockholm\/wp-json\/wp\/v2\/tags?post=13172"}],"curies":[{"name":"wp","href":"https:\/\/api.w.org\/{rel}","templated":true}]}}