{"id":13254,"date":"2024-10-09T16:31:57","date_gmt":"2024-10-09T14:31:57","guid":{"rendered":"https:\/\/instytutpolski.pl\/stockholm\/?p=13254"},"modified":"2024-11-13T14:03:50","modified_gmt":"2024-11-13T13:03:50","slug":"jakub-tchorzewski-venezia-not-only-vivaldi","status":"publish","type":"post","link":"https:\/\/instytutpolski.pl\/stockholm\/pl\/2024\/10\/09\/jakub-tchorzewski-venezia-not-only-vivaldi\/","title":{"rendered":"Jakub Tchorzewski \u2013 \u201dVenezia: not only Vivaldi!\u201d"},"content":{"rendered":"\n<p>Koncert zorganizowany przez Rebeck\u0119 Karlsson i Anneli Sch\u00f6ldstr\u00f6m we wsp\u00f3\u0142pracy z&nbsp;Kvarterskyrkan p\u00e5 kajen&nbsp;ze wsparciem&nbsp;Instytutu Polskiego w Sztokholmie.<\/p>\n\n\n\n<p>Zupa serwowana po koncercie: 50 kr.<\/p>\n\n\n\n<p>Polski pianista Jakub Tchorzewski od prawie 15 lat mieszka w Wenecji gdzie mia\u0142 okazj\u0119 wielokrotnie wsp\u00f3\u0142pracowa\u0107 z Konserwatorium Benedetto Marcello i Teatro La Fenice, a tak\u017ce wyst\u0119powa\u0107 podczas takich Festiwali jak Biennale Musica czy Incontri di civilt\u00e0.<\/p>\n\n\n\n<p>Program rozpoczyna utw\u00f3r symbolicznie \u0142\u0105cz\u0105cy Serenissim\u0119 z Rzeczpospolit\u0105 Obojga Narod\u00f3w \u2013 \u201eBallo alla Polacha\u201d czyli Taniec Polski. Jest to jeden z ta\u0144c\u00f3w pochodz\u0105cy ze zbioru \u201eBalli d\u2019arpicordo\u201d (1621), kt\u00f3rego autorem jest Giovanni Picchi.&nbsp;B\u0119dzie mo\u017cna&nbsp;te\u017c&nbsp;us\u0142ysze\u0107 muzyk\u0119 dw\u00f3ch braci \u2013 Alessandro i Benedetto Marcello \u2013 kt\u00f3rzy a\u017c do czas\u00f3w ponownego odkrycia Antonia Vivaldiego, uchodzili w powszechnej opinii za jednych z najwa\u017cniejszych przedstawicieli weneckiego baroku. Weneckie Konserwatorium nosi imi\u0119 m\u0142odszego z braci \u2013 Benedetto, natomiast muzyk\u0119 starszego \u2013 Alessandro \u2013 docenia\u0142 ju\u017c sam Jan Sebastian Bach dokonuj\u0105c klawesynowych transkrypcji jego utwor\u00f3w.<\/p>\n\n\n\n<p><strong>\u017byciorys w skr\u00f3cie<\/strong><\/p>\n\n\n\n<ul class=\"wp-block-list\">\n<li><strong>profesor fortepianu i akompaniator&nbsp;<\/strong>we w\u0142oskich Konserwatoriach Muzycznych: Wenecja, Padwa, Turyn, Latina, Udine, Castelfranco Veneto i Reggio Emilia<\/li>\n\n\n\n<li><strong>solista i kameralista<\/strong>&nbsp;wyst\u0119puj\u0105cy na presti\u017cowych festiwalach takich jak Biennale Musica w Wenecji, Serate Musicali w Mediolanie i podczas Warszawskiej Jesieni<\/li>\n\n\n\n<li><strong>badacz i popularyzator zapomnianej muzyki&nbsp;<\/strong>przywracaj\u0105cy do \u017cycia na dwudziestu p\u0142ytach CDtw\u00f3rczo\u015b\u0107 takich kompozytor\u00f3w jakIgnacy Friedman, Raul Koczalski, Roman Palester, Gino Gorini, Ugo Amendola i Rene de Boisdeffre<\/li>\n\n\n\n<li><strong>pasjonat muzyki wsp\u00f3\u0142czesnej&nbsp;<\/strong>maj\u0105cy na koncie pierwsze wykonania utwor\u00f3w takich autor\u00f3w jak Giovanni Bietti, Filippo Perocco, Marcin Sta\u0144czyk i Alex Stein<\/li>\n\n\n\n<li><strong>absolwent&nbsp;<\/strong>Konserwatorium w San Francisco oraz Uniwersytet\u00f3w Muzycznych w Warszawie i Bernie<\/li>\n<\/ul>\n\n\n\n<p>Wi\u0119cej o Jakubie Tchorzewskim: <a href=\"https:\/\/www.piano-forte.net\/\" target=\"_blank\" rel=\"noreferrer noopener\">https:\/\/www.piano-forte.net\/ <\/a><\/p>\n\n\n\n<p>Wi\u0119cej o koncercie:<\/p>\n\n\n\n<ul class=\"wp-block-list\">\n<li><a rel=\"noreferrer noopener\" target=\"_blank\" href=\"https:\/\/www.svenskakyrkan.se\/hagersten\/nyheter\/19\/11-lunchkonsert-pa-kajenvenezia-baroque-med-jakub-tchorzewski\">https:\/\/www.svenskakyrkan.se\/hagersten\/nyheter\/19\/11-lunchkonsert-pa-kajenvenezia-baroque-med-jakub-tchorzewski<\/a><\/li>\n\n\n\n<li><a rel=\"noreferrer noopener\" target=\"_blank\" href=\"https:\/\/www.svenskakyrkan.se\/kalender?eventId=36585b99dea54f2ab104540c9fdc110d&amp;webId=1717668\">https:\/\/www.svenskakyrkan.se\/kalender?eventId=36585b99dea54f2ab104540c9fdc110d&amp;webId=1717668<\/a><\/li>\n<\/ul>\n","protected":false},"excerpt":{"rendered":"<p>Koncert zorganizowany przez Rebeck\u0119 Karlsson i Anneli Sch\u00f6ldstr\u00f6m we wsp\u00f3\u0142pracy z&nbsp;Kvarterskyrkan p\u00e5 kajen&nbsp;ze wsparciem&nbsp;Instytutu Polskiego w Sztokholmie. Zupa serwowana po koncercie: 50 kr. Polski pianista Jakub Tchorzewski od prawie 15 lat mieszka w Wenecji gdzie mia\u0142 okazj\u0119 wielokrotnie wsp\u00f3\u0142pracowa\u0107 z Konserwatorium Benedetto Marcello i Teatro La Fenice, a tak\u017ce wyst\u0119powa\u0107 podczas takich Festiwali jak Biennale [&hellip;]<\/p>\n","protected":false},"author":173,"featured_media":13020,"comment_status":"closed","ping_status":"closed","sticky":false,"template":"","format":"standard","meta":{"inline_featured_image":false,"_monsterinsights_skip_tracking":false,"_monsterinsights_sitenote_active":false,"_monsterinsights_sitenote_note":"","_monsterinsights_sitenote_category":0,"footnotes":""},"categories":[320,113,89,36],"tags":[],"class_list":["post-13254","post","type-post","status-publish","format-standard","has-post-thumbnail","hentry","category-artykuly-pl","category-historia","category-muzyka","category-wydarzenie"],"yoast_head":"<!-- This site is optimized with the Yoast SEO plugin v24.6 - https:\/\/yoast.com\/wordpress\/plugins\/seo\/ -->\n<title>Jakub Tchorzewski \u2013 \u201dVenezia: not only Vivaldi!\u201d - Instytut Polski w Sztokholmie<\/title>\n<meta name=\"robots\" content=\"index, follow, max-snippet:-1, max-image-preview:large, max-video-preview:-1\" \/>\n<link rel=\"canonical\" href=\"https:\/\/instytutpolski.pl\/stockholm\/pl\/2024\/10\/09\/jakub-tchorzewski-venezia-not-only-vivaldi\/\" \/>\n<meta property=\"og:locale\" content=\"pl_PL\" \/>\n<meta property=\"og:type\" content=\"article\" \/>\n<meta property=\"og:title\" content=\"Jakub Tchorzewski \u2013 \u201dVenezia: not only Vivaldi!\u201d - Instytut Polski w Sztokholmie\" \/>\n<meta property=\"og:description\" content=\"Koncert zorganizowany przez Rebeck\u0119 Karlsson i Anneli Sch\u00f6ldstr\u00f6m we wsp\u00f3\u0142pracy z&nbsp;Kvarterskyrkan p\u00e5 kajen&nbsp;ze wsparciem&nbsp;Instytutu Polskiego w Sztokholmie. Zupa serwowana po koncercie: 50 kr. Polski pianista Jakub Tchorzewski od prawie 15 lat mieszka w Wenecji gdzie mia\u0142 okazj\u0119 wielokrotnie wsp\u00f3\u0142pracowa\u0107 z Konserwatorium Benedetto Marcello i Teatro La Fenice, a tak\u017ce wyst\u0119powa\u0107 podczas takich Festiwali jak Biennale [&hellip;]\" \/>\n<meta property=\"og:url\" content=\"https:\/\/instytutpolski.pl\/stockholm\/pl\/2024\/10\/09\/jakub-tchorzewski-venezia-not-only-vivaldi\/\" \/>\n<meta property=\"og:site_name\" content=\"Instytut Polski w Sztokholmie\" \/>\n<meta property=\"article:published_time\" content=\"2024-10-09T14:31:57+00:00\" \/>\n<meta property=\"article:modified_time\" content=\"2024-11-13T13:03:50+00:00\" \/>\n<meta property=\"og:image\" content=\"https:\/\/instytutpolski.pl\/stockholm\/wp-content\/uploads\/sites\/17\/2024\/10\/Kajen-Vivaldi-Hemsida.jpg\" \/>\n\t<meta property=\"og:image:width\" content=\"1120\" \/>\n\t<meta property=\"og:image:height\" content=\"630\" \/>\n\t<meta property=\"og:image:type\" content=\"image\/jpeg\" \/>\n<meta name=\"author\" content=\"treichelp\" \/>\n<meta name=\"twitter:card\" content=\"summary_large_image\" \/>\n<meta name=\"twitter:label1\" content=\"Napisane przez\" \/>\n\t<meta name=\"twitter:data1\" content=\"treichelp\" \/>\n\t<meta name=\"twitter:label2\" content=\"Szacowany czas czytania\" \/>\n\t<meta name=\"twitter:data2\" content=\"2 minuty\" \/>\n<script type=\"application\/ld+json\" class=\"yoast-schema-graph\">{\"@context\":\"https:\/\/schema.org\",\"@graph\":[{\"@type\":\"event\",\"@id\":\"https:\/\/instytutpolski.pl\/stockholm\/pl\/2024\/10\/09\/jakub-tchorzewski-venezia-not-only-vivaldi\/\",\"url\":\"https:\/\/instytutpolski.pl\/stockholm\/pl\/2024\/10\/09\/jakub-tchorzewski-venezia-not-only-vivaldi\/\",\"name\":\"Jakub Tchorzewski \u2013 \u201dVenezia: not only Vivaldi!\u201d\",\"isPartOf\":{\"@id\":\"https:\/\/instytutpolski.pl\/stockholm\/#website\"},\"primaryImageOfPage\":{\"@id\":\"https:\/\/instytutpolski.pl\/stockholm\/pl\/2024\/10\/09\/jakub-tchorzewski-venezia-not-only-vivaldi\/#primaryimage\"},\"image\":[\"https:\/\/instytutpolski.pl\/stockholm\/wp-content\/uploads\/sites\/17\/2024\/10\/Kajen-Vivaldi-Hemsida.jpg\",\"https:\/\/instytutpolski.pl\/stockholm\/wp-content\/uploads\/sites\/17\/2024\/10\/Kajen-Vivaldi-Hemsida-300x169.jpg\",\"https:\/\/instytutpolski.pl\/stockholm\/wp-content\/uploads\/sites\/17\/2024\/10\/Kajen-Vivaldi-Hemsida-1024x576.jpg\",\"https:\/\/instytutpolski.pl\/stockholm\/wp-content\/uploads\/sites\/17\/2024\/10\/Kajen-Vivaldi-Hemsida.jpg\"],\"thumbnailUrl\":\"https:\/\/instytutpolski.pl\/stockholm\/wp-content\/uploads\/sites\/17\/2024\/10\/Kajen-Vivaldi-Hemsida.jpg\",\"datePublished\":\"2024-10-09T14:31:57+02:00\",\"dateModified\":\"2024-11-13T13:03:50+02:00\",\"author\":{\"@id\":\"https:\/\/instytutpolski.pl\/stockholm\/#\/schema\/person\/866a2c0f4ccf0982a286809684f7bc1e\"},\"breadcrumb\":{\"@id\":\"https:\/\/instytutpolski.pl\/stockholm\/pl\/2024\/10\/09\/jakub-tchorzewski-venezia-not-only-vivaldi\/#breadcrumb\"},\"inLanguage\":\"pl-PL\",\"potentialAction\":[{\"@type\":\"ReadAction\",\"target\":[\"https:\/\/instytutpolski.pl\/stockholm\/pl\/2024\/10\/09\/jakub-tchorzewski-venezia-not-only-vivaldi\/\"]}],\"@context\":\"https:\/\/schema.org\",\"startDate\":\"2024-11-19T12:00:00+02:00\",\"endDate\":\"2024-11-19T01:15:00+02:00\",\"eventStatus\":\"EventScheduled\",\"eventAttendanceMode\":\"OfflineEventAttendanceMode\",\"location\":{\"@type\":\"place\",\"name\":\" Sj\u00f6vikskajen 36\u201342, Stockholm\",\"address\":\" Sj\u00f6vikskajen 36\u201342, Stockholm\",\"geo\":{\"@type\":\"GeoCoordinates\",\"latitude\":\"59.34013432856588\",\"longitude\":\"17.6333245105396\"}},\"description\":\"Koncert zorganizowany przez Rebeck\u0119 Karlsson i Anneli Sch\u00f6ldstr\u00f6m we wsp\u00f3\u0142pracy z Kvarterskyrkan p\u00e5 kajen ze wsparciem Instytutu Polskiego w Sztokholmie.\\nZupa serwowana po koncercie: 50 kr.\\nPolski pianista Jakub Tchorzewski od prawie 15 lat mieszka w Wenecji gdzie mia\u0142 okazj\u0119 wielokrotnie wsp\u00f3\u0142pracowa\u0107 z Konserwatorium Benedetto Marcello i Teatro La Fenice, a tak\u017ce wyst\u0119powa\u0107 podczas takich Festiwali jak Biennale Musica czy Incontri di civilt\u00e0.\\nProgram rozpoczyna utw\u00f3r symbolicznie \u0142\u0105cz\u0105cy Serenissim\u0119 z Rzeczpospolit\u0105 Obojga Narod\u00f3w \u2013 \u201eBallo alla Polacha\u201d czyli Taniec Polski. Jest to jeden z ta\u0144c\u00f3w pochodz\u0105cy ze zbioru \u201eBalli d\u2019arpicordo\u201d (1621), kt\u00f3rego autorem jest Giovanni Picchi. B\u0119dzie mo\u017cna te\u017c us\u0142ysze\u0107 muzyk\u0119 dw\u00f3ch braci \u2013 Alessandro i Benedetto Marcello \u2013 kt\u00f3rzy a\u017c do czas\u00f3w ponownego odkrycia Antonia Vivaldiego, uchodzili w powszechnej opinii za jednych z najwa\u017cniejszych przedstawicieli weneckiego baroku. Weneckie Konserwatorium nosi imi\u0119 m\u0142odszego z braci \u2013 Benedetto, natomiast muzyk\u0119 starszego \u2013 Alessandro \u2013 docenia\u0142 ju\u017c sam Jan Sebastian Bach dokonuj\u0105c klawesynowych transkrypcji jego utwor\u00f3w.\\n\u017byciorys w skr\u00f3cie\\nWi\u0119cej o Jakubie Tchorzewskim: https:\/\/www.piano-forte.net\/ \\nWi\u0119cej o koncercie:\"},{\"@type\":\"ImageObject\",\"inLanguage\":\"pl-PL\",\"@id\":\"https:\/\/instytutpolski.pl\/stockholm\/pl\/2024\/10\/09\/jakub-tchorzewski-venezia-not-only-vivaldi\/#primaryimage\",\"url\":\"https:\/\/instytutpolski.pl\/stockholm\/wp-content\/uploads\/sites\/17\/2024\/10\/Kajen-Vivaldi-Hemsida.jpg\",\"contentUrl\":\"https:\/\/instytutpolski.pl\/stockholm\/wp-content\/uploads\/sites\/17\/2024\/10\/Kajen-Vivaldi-Hemsida.jpg\",\"width\":1120,\"height\":630},{\"@type\":\"BreadcrumbList\",\"@id\":\"https:\/\/instytutpolski.pl\/stockholm\/pl\/2024\/10\/09\/jakub-tchorzewski-venezia-not-only-vivaldi\/#breadcrumb\",\"itemListElement\":[{\"@type\":\"ListItem\",\"position\":1,\"name\":\"Home\",\"item\":\"https:\/\/instytutpolski.pl\/stockholm\/\"},{\"@type\":\"ListItem\",\"position\":2,\"name\":\"Jakub Tchorzewski \u2013 \u201dVenezia: not only Vivaldi!\u201d\"}]},{\"@type\":\"WebSite\",\"@id\":\"https:\/\/instytutpolski.pl\/stockholm\/#website\",\"url\":\"https:\/\/instytutpolski.pl\/stockholm\/\",\"name\":\"Instytut Polski w Sztokholmie\",\"description\":\"Instytuty Polskie\",\"potentialAction\":[{\"@type\":\"SearchAction\",\"target\":{\"@type\":\"EntryPoint\",\"urlTemplate\":\"https:\/\/instytutpolski.pl\/stockholm\/?s={search_term_string}\"},\"query-input\":{\"@type\":\"PropertyValueSpecification\",\"valueRequired\":true,\"valueName\":\"search_term_string\"}}],\"inLanguage\":\"pl-PL\"},{\"@type\":\"Person\",\"@id\":\"https:\/\/instytutpolski.pl\/stockholm\/#\/schema\/person\/866a2c0f4ccf0982a286809684f7bc1e\",\"name\":\"treichelp\",\"image\":{\"@type\":\"ImageObject\",\"inLanguage\":\"pl-PL\",\"@id\":\"https:\/\/instytutpolski.pl\/stockholm\/#\/schema\/person\/image\/\",\"url\":\"https:\/\/secure.gravatar.com\/avatar\/fb2c1caae0df0854742a56fc463dd1fb?s=96&d=mm&r=g\",\"contentUrl\":\"https:\/\/secure.gravatar.com\/avatar\/fb2c1caae0df0854742a56fc463dd1fb?s=96&d=mm&r=g\",\"caption\":\"treichelp\"},\"url\":\"https:\/\/instytutpolski.pl\/stockholm\/author\/treichelp\/\"}]}<\/script>\n<!-- \/ Yoast SEO plugin. -->","yoast_head_json":{"title":"Jakub Tchorzewski \u2013 \u201dVenezia: not only Vivaldi!\u201d - Instytut Polski w Sztokholmie","robots":{"index":"index","follow":"follow","max-snippet":"max-snippet:-1","max-image-preview":"max-image-preview:large","max-video-preview":"max-video-preview:-1"},"canonical":"https:\/\/instytutpolski.pl\/stockholm\/pl\/2024\/10\/09\/jakub-tchorzewski-venezia-not-only-vivaldi\/","og_locale":"pl_PL","og_type":"article","og_title":"Jakub Tchorzewski \u2013 \u201dVenezia: not only Vivaldi!\u201d - Instytut Polski w Sztokholmie","og_description":"Koncert zorganizowany przez Rebeck\u0119 Karlsson i Anneli Sch\u00f6ldstr\u00f6m we wsp\u00f3\u0142pracy z&nbsp;Kvarterskyrkan p\u00e5 kajen&nbsp;ze wsparciem&nbsp;Instytutu Polskiego w Sztokholmie. Zupa serwowana po koncercie: 50 kr. Polski pianista Jakub Tchorzewski od prawie 15 lat mieszka w Wenecji gdzie mia\u0142 okazj\u0119 wielokrotnie wsp\u00f3\u0142pracowa\u0107 z Konserwatorium Benedetto Marcello i Teatro La Fenice, a tak\u017ce wyst\u0119powa\u0107 podczas takich Festiwali jak Biennale [&hellip;]","og_url":"https:\/\/instytutpolski.pl\/stockholm\/pl\/2024\/10\/09\/jakub-tchorzewski-venezia-not-only-vivaldi\/","og_site_name":"Instytut Polski w Sztokholmie","article_published_time":"2024-10-09T14:31:57+00:00","article_modified_time":"2024-11-13T13:03:50+00:00","og_image":[{"width":1120,"height":630,"url":"https:\/\/instytutpolski.pl\/stockholm\/wp-content\/uploads\/sites\/17\/2024\/10\/Kajen-Vivaldi-Hemsida.jpg","type":"image\/jpeg"}],"author":"treichelp","twitter_card":"summary_large_image","twitter_misc":{"Napisane przez":"treichelp","Szacowany czas czytania":"2 minuty"},"schema":{"@context":"https:\/\/schema.org","@graph":[{"@type":"event","@id":"https:\/\/instytutpolski.pl\/stockholm\/pl\/2024\/10\/09\/jakub-tchorzewski-venezia-not-only-vivaldi\/","url":"https:\/\/instytutpolski.pl\/stockholm\/pl\/2024\/10\/09\/jakub-tchorzewski-venezia-not-only-vivaldi\/","name":"Jakub Tchorzewski \u2013 \u201dVenezia: not only Vivaldi!\u201d","isPartOf":{"@id":"https:\/\/instytutpolski.pl\/stockholm\/#website"},"primaryImageOfPage":{"@id":"https:\/\/instytutpolski.pl\/stockholm\/pl\/2024\/10\/09\/jakub-tchorzewski-venezia-not-only-vivaldi\/#primaryimage"},"image":["https:\/\/instytutpolski.pl\/stockholm\/wp-content\/uploads\/sites\/17\/2024\/10\/Kajen-Vivaldi-Hemsida.jpg","https:\/\/instytutpolski.pl\/stockholm\/wp-content\/uploads\/sites\/17\/2024\/10\/Kajen-Vivaldi-Hemsida-300x169.jpg","https:\/\/instytutpolski.pl\/stockholm\/wp-content\/uploads\/sites\/17\/2024\/10\/Kajen-Vivaldi-Hemsida-1024x576.jpg","https:\/\/instytutpolski.pl\/stockholm\/wp-content\/uploads\/sites\/17\/2024\/10\/Kajen-Vivaldi-Hemsida.jpg"],"thumbnailUrl":"https:\/\/instytutpolski.pl\/stockholm\/wp-content\/uploads\/sites\/17\/2024\/10\/Kajen-Vivaldi-Hemsida.jpg","datePublished":"2024-10-09T14:31:57+02:00","dateModified":"2024-11-13T13:03:50+02:00","author":{"@id":"https:\/\/instytutpolski.pl\/stockholm\/#\/schema\/person\/866a2c0f4ccf0982a286809684f7bc1e"},"breadcrumb":{"@id":"https:\/\/instytutpolski.pl\/stockholm\/pl\/2024\/10\/09\/jakub-tchorzewski-venezia-not-only-vivaldi\/#breadcrumb"},"inLanguage":"pl-PL","potentialAction":[{"@type":"ReadAction","target":["https:\/\/instytutpolski.pl\/stockholm\/pl\/2024\/10\/09\/jakub-tchorzewski-venezia-not-only-vivaldi\/"]}],"@context":"https:\/\/schema.org","startDate":"2024-11-19T12:00:00+02:00","endDate":"2024-11-19T01:15:00+02:00","eventStatus":"EventScheduled","eventAttendanceMode":"OfflineEventAttendanceMode","location":{"@type":"place","name":" Sj\u00f6vikskajen 36\u201342, Stockholm","address":" Sj\u00f6vikskajen 36\u201342, Stockholm","geo":{"@type":"GeoCoordinates","latitude":"59.34013432856588","longitude":"17.6333245105396"}},"description":"Koncert zorganizowany przez Rebeck\u0119 Karlsson i Anneli Sch\u00f6ldstr\u00f6m we wsp\u00f3\u0142pracy z Kvarterskyrkan p\u00e5 kajen ze wsparciem Instytutu Polskiego w Sztokholmie.\nZupa serwowana po koncercie: 50 kr.\nPolski pianista Jakub Tchorzewski od prawie 15 lat mieszka w Wenecji gdzie mia\u0142 okazj\u0119 wielokrotnie wsp\u00f3\u0142pracowa\u0107 z Konserwatorium Benedetto Marcello i Teatro La Fenice, a tak\u017ce wyst\u0119powa\u0107 podczas takich Festiwali jak Biennale Musica czy Incontri di civilt\u00e0.\nProgram rozpoczyna utw\u00f3r symbolicznie \u0142\u0105cz\u0105cy Serenissim\u0119 z Rzeczpospolit\u0105 Obojga Narod\u00f3w \u2013 \u201eBallo alla Polacha\u201d czyli Taniec Polski. Jest to jeden z ta\u0144c\u00f3w pochodz\u0105cy ze zbioru \u201eBalli d\u2019arpicordo\u201d (1621), kt\u00f3rego autorem jest Giovanni Picchi. B\u0119dzie mo\u017cna te\u017c us\u0142ysze\u0107 muzyk\u0119 dw\u00f3ch braci \u2013 Alessandro i Benedetto Marcello \u2013 kt\u00f3rzy a\u017c do czas\u00f3w ponownego odkrycia Antonia Vivaldiego, uchodzili w powszechnej opinii za jednych z najwa\u017cniejszych przedstawicieli weneckiego baroku. Weneckie Konserwatorium nosi imi\u0119 m\u0142odszego z braci \u2013 Benedetto, natomiast muzyk\u0119 starszego \u2013 Alessandro \u2013 docenia\u0142 ju\u017c sam Jan Sebastian Bach dokonuj\u0105c klawesynowych transkrypcji jego utwor\u00f3w.\n\u017byciorys w skr\u00f3cie\nWi\u0119cej o Jakubie Tchorzewskim: https:\/\/www.piano-forte.net\/ \nWi\u0119cej o koncercie:"},{"@type":"ImageObject","inLanguage":"pl-PL","@id":"https:\/\/instytutpolski.pl\/stockholm\/pl\/2024\/10\/09\/jakub-tchorzewski-venezia-not-only-vivaldi\/#primaryimage","url":"https:\/\/instytutpolski.pl\/stockholm\/wp-content\/uploads\/sites\/17\/2024\/10\/Kajen-Vivaldi-Hemsida.jpg","contentUrl":"https:\/\/instytutpolski.pl\/stockholm\/wp-content\/uploads\/sites\/17\/2024\/10\/Kajen-Vivaldi-Hemsida.jpg","width":1120,"height":630},{"@type":"BreadcrumbList","@id":"https:\/\/instytutpolski.pl\/stockholm\/pl\/2024\/10\/09\/jakub-tchorzewski-venezia-not-only-vivaldi\/#breadcrumb","itemListElement":[{"@type":"ListItem","position":1,"name":"Home","item":"https:\/\/instytutpolski.pl\/stockholm\/"},{"@type":"ListItem","position":2,"name":"Jakub Tchorzewski \u2013 \u201dVenezia: not only Vivaldi!\u201d"}]},{"@type":"WebSite","@id":"https:\/\/instytutpolski.pl\/stockholm\/#website","url":"https:\/\/instytutpolski.pl\/stockholm\/","name":"Instytut Polski w Sztokholmie","description":"Instytuty Polskie","potentialAction":[{"@type":"SearchAction","target":{"@type":"EntryPoint","urlTemplate":"https:\/\/instytutpolski.pl\/stockholm\/?s={search_term_string}"},"query-input":{"@type":"PropertyValueSpecification","valueRequired":true,"valueName":"search_term_string"}}],"inLanguage":"pl-PL"},{"@type":"Person","@id":"https:\/\/instytutpolski.pl\/stockholm\/#\/schema\/person\/866a2c0f4ccf0982a286809684f7bc1e","name":"treichelp","image":{"@type":"ImageObject","inLanguage":"pl-PL","@id":"https:\/\/instytutpolski.pl\/stockholm\/#\/schema\/person\/image\/","url":"https:\/\/secure.gravatar.com\/avatar\/fb2c1caae0df0854742a56fc463dd1fb?s=96&d=mm&r=g","contentUrl":"https:\/\/secure.gravatar.com\/avatar\/fb2c1caae0df0854742a56fc463dd1fb?s=96&d=mm&r=g","caption":"treichelp"},"url":"https:\/\/instytutpolski.pl\/stockholm\/author\/treichelp\/"}]}},"_links":{"self":[{"href":"https:\/\/instytutpolski.pl\/stockholm\/wp-json\/wp\/v2\/posts\/13254","targetHints":{"allow":["GET"]}}],"collection":[{"href":"https:\/\/instytutpolski.pl\/stockholm\/wp-json\/wp\/v2\/posts"}],"about":[{"href":"https:\/\/instytutpolski.pl\/stockholm\/wp-json\/wp\/v2\/types\/post"}],"author":[{"embeddable":true,"href":"https:\/\/instytutpolski.pl\/stockholm\/wp-json\/wp\/v2\/users\/173"}],"replies":[{"embeddable":true,"href":"https:\/\/instytutpolski.pl\/stockholm\/wp-json\/wp\/v2\/comments?post=13254"}],"version-history":[{"count":4,"href":"https:\/\/instytutpolski.pl\/stockholm\/wp-json\/wp\/v2\/posts\/13254\/revisions"}],"predecessor-version":[{"id":13259,"href":"https:\/\/instytutpolski.pl\/stockholm\/wp-json\/wp\/v2\/posts\/13254\/revisions\/13259"}],"wp:featuredmedia":[{"embeddable":true,"href":"https:\/\/instytutpolski.pl\/stockholm\/wp-json\/wp\/v2\/media\/13020"}],"wp:attachment":[{"href":"https:\/\/instytutpolski.pl\/stockholm\/wp-json\/wp\/v2\/media?parent=13254"}],"wp:term":[{"taxonomy":"category","embeddable":true,"href":"https:\/\/instytutpolski.pl\/stockholm\/wp-json\/wp\/v2\/categories?post=13254"},{"taxonomy":"post_tag","embeddable":true,"href":"https:\/\/instytutpolski.pl\/stockholm\/wp-json\/wp\/v2\/tags?post=13254"}],"curies":[{"name":"wp","href":"https:\/\/api.w.org\/{rel}","templated":true}]}}