{"id":1328,"date":"2019-09-13T16:57:09","date_gmt":"2019-09-13T14:57:09","guid":{"rendered":"https:\/\/instytutpolski.pl\/stockholm\/?p=1328"},"modified":"2019-10-30T17:12:21","modified_gmt":"2019-10-30T16:12:21","slug":"samtal-karlek-over-konfessionerna-i-religionskrigens-varld","status":"publish","type":"post","link":"https:\/\/instytutpolski.pl\/stockholm\/2019\/09\/13\/samtal-karlek-over-konfessionerna-i-religionskrigens-varld\/","title":{"rendered":"SAMTAL: K\u00e4rlek \u00f6ver konfessionerna i religionskrigens v\u00e4rld"},"content":{"rendered":"\n<p>I&nbsp;ett samtal mellan Eva Mattsson, f\u00f6rfattare till boken Furstinnan, professor Sven Erik Brodd, Uppsala universitet och professor Magnus Nyman, Newmaninstitutet, f\u00e5r vi m\u00f6ta kungaparet d\u00e4r en var protestant och en katolik och deras dr\u00f6mmar om att n\u00e4rma de kristna konfessionerna till varandra; moderator: Lars \u00c5strand.<\/p>\n<p>Efter samtalet, kl 18.00 sker ekumenisk vesper i domkyrkan tillsammans med S:t Lars katolska f\u00f6rsamling:<br>Andreas Bergmann och Sam Douhan. Predikant: Anders Ekenberg. Uppsala domkyrkas flickk\u00f6r framf\u00f6r tidig musik. Lode Van den Fynde, blockfl\u00f6jt. Kristine West, blockfl\u00f6jt. Jonas Norberg, luta och teorb. Markus Eriksson, viola da gamba.<\/p>\n<p>Samtalet arrangeras av Uppsala domkyrkof\u00f6rsamling och sker med st\u00f6d av Polska institutet i Stockholm.<\/p>\n<p>Fri entr\u00e9!<\/p>\n","protected":false},"excerpt":{"rendered":"<p>I&nbsp;ett samtal mellan Eva Mattsson, f\u00f6rfattare till boken Furstinnan, professor Sven Erik Brodd, Uppsala universitet och professor Magnus Nyman, Newmaninstitutet, f\u00e5r vi m\u00f6ta kungaparet d\u00e4r en var protestant och en katolik och deras dr\u00f6mmar om att n\u00e4rma de kristna konfessionerna till varandra; moderator: Lars \u00c5strand. Efter samtalet, kl 18.00 sker ekumenisk vesper i domkyrkan tillsammans [&hellip;]<\/p>\n","protected":false},"author":29,"featured_media":1329,"comment_status":"open","ping_status":"open","sticky":false,"template":"","format":"standard","meta":{"inline_featured_image":false,"_monsterinsights_skip_tracking":false,"_monsterinsights_sitenote_active":false,"_monsterinsights_sitenote_note":"","_monsterinsights_sitenote_category":0,"footnotes":""},"categories":[12,111],"tags":[],"class_list":["post-1328","post","type-post","status-publish","format-standard","has-post-thumbnail","hentry","category-evenemang","category-historia-se"],"yoast_head":"<!-- This site is optimized with the Yoast SEO plugin v24.6 - https:\/\/yoast.com\/wordpress\/plugins\/seo\/ -->\n<title>SAMTAL: K\u00e4rlek \u00f6ver konfessionerna i religionskrigens v\u00e4rld - Instytut Polski w Sztokholmie<\/title>\n<meta name=\"robots\" content=\"index, follow, max-snippet:-1, max-image-preview:large, max-video-preview:-1\" \/>\n<link rel=\"canonical\" href=\"https:\/\/instytutpolski.pl\/stockholm\/2019\/09\/13\/samtal-karlek-over-konfessionerna-i-religionskrigens-varld\/\" \/>\n<meta property=\"og:locale\" content=\"pl_PL\" \/>\n<meta property=\"og:type\" content=\"article\" \/>\n<meta property=\"og:title\" content=\"SAMTAL: K\u00e4rlek \u00f6ver konfessionerna i religionskrigens v\u00e4rld - Instytut Polski w Sztokholmie\" \/>\n<meta property=\"og:description\" content=\"I&nbsp;ett samtal mellan Eva Mattsson, f\u00f6rfattare till boken Furstinnan, professor Sven Erik Brodd, Uppsala universitet och professor Magnus Nyman, Newmaninstitutet, f\u00e5r vi m\u00f6ta kungaparet d\u00e4r en var protestant och en katolik och deras dr\u00f6mmar om att n\u00e4rma de kristna konfessionerna till varandra; moderator: Lars \u00c5strand. Efter samtalet, kl 18.00 sker ekumenisk vesper i domkyrkan tillsammans [&hellip;]\" \/>\n<meta property=\"og:url\" content=\"https:\/\/instytutpolski.pl\/stockholm\/2019\/09\/13\/samtal-karlek-over-konfessionerna-i-religionskrigens-varld\/\" \/>\n<meta property=\"og:site_name\" content=\"Instytut Polski w Sztokholmie\" \/>\n<meta property=\"article:published_time\" content=\"2019-09-13T14:57:09+00:00\" \/>\n<meta property=\"article:modified_time\" content=\"2019-10-30T16:12:21+00:00\" \/>\n<meta property=\"og:image\" content=\"https:\/\/instytutpolski.pl\/stockholm\/wp-content\/uploads\/sites\/17\/2019\/10\/eva-mattsson_kulturnatten.jpg\" \/>\n\t<meta property=\"og:image:width\" content=\"1083\" \/>\n\t<meta property=\"og:image:height\" content=\"609\" \/>\n\t<meta property=\"og:image:type\" content=\"image\/jpeg\" \/>\n<meta name=\"author\" content=\"strozniake\" \/>\n<meta name=\"twitter:card\" content=\"summary_large_image\" \/>\n<meta name=\"twitter:label1\" content=\"Napisane przez\" \/>\n\t<meta name=\"twitter:data1\" content=\"strozniake\" \/>\n\t<meta name=\"twitter:label2\" content=\"Szacowany czas czytania\" \/>\n\t<meta name=\"twitter:data2\" content=\"1 minuta\" \/>\n<script type=\"application\/ld+json\" class=\"yoast-schema-graph\">{\"@context\":\"https:\/\/schema.org\",\"@graph\":[{\"@type\":\"event\",\"@id\":\"https:\/\/instytutpolski.pl\/stockholm\/2019\/09\/13\/samtal-karlek-over-konfessionerna-i-religionskrigens-varld\/\",\"url\":\"https:\/\/instytutpolski.pl\/stockholm\/2019\/09\/13\/samtal-karlek-over-konfessionerna-i-religionskrigens-varld\/\",\"name\":\"SAMTAL: K\u00e4rlek \u00f6ver konfessionerna i religionskrigens v\u00e4rld\",\"isPartOf\":{\"@id\":\"https:\/\/instytutpolski.pl\/stockholm\/#website\"},\"primaryImageOfPage\":{\"@id\":\"https:\/\/instytutpolski.pl\/stockholm\/2019\/09\/13\/samtal-karlek-over-konfessionerna-i-religionskrigens-varld\/#primaryimage\"},\"image\":[\"https:\/\/instytutpolski.pl\/stockholm\/wp-content\/uploads\/sites\/17\/2019\/10\/eva-mattsson_kulturnatten.jpg\",\"https:\/\/instytutpolski.pl\/stockholm\/wp-content\/uploads\/sites\/17\/2019\/10\/eva-mattsson_kulturnatten-300x169.jpg\",\"https:\/\/instytutpolski.pl\/stockholm\/wp-content\/uploads\/sites\/17\/2019\/10\/eva-mattsson_kulturnatten-1024x576.jpg\",\"https:\/\/instytutpolski.pl\/stockholm\/wp-content\/uploads\/sites\/17\/2019\/10\/eva-mattsson_kulturnatten.jpg\"],\"thumbnailUrl\":\"https:\/\/instytutpolski.pl\/stockholm\/wp-content\/uploads\/sites\/17\/2019\/10\/eva-mattsson_kulturnatten.jpg\",\"datePublished\":\"2019-09-13T14:57:09+02:00\",\"dateModified\":\"2019-10-30T16:12:21+02:00\",\"author\":{\"@id\":\"https:\/\/instytutpolski.pl\/stockholm\/#\/schema\/person\/062b5a5f61f32b17c98996975db8d556\"},\"breadcrumb\":{\"@id\":\"https:\/\/instytutpolski.pl\/stockholm\/2019\/09\/13\/samtal-karlek-over-konfessionerna-i-religionskrigens-varld\/#breadcrumb\"},\"inLanguage\":\"pl-PL\",\"potentialAction\":[{\"@type\":\"ReadAction\",\"target\":[\"https:\/\/instytutpolski.pl\/stockholm\/2019\/09\/13\/samtal-karlek-over-konfessionerna-i-religionskrigens-varld\/\"]}],\"@context\":\"https:\/\/schema.org\",\"startDate\":\"2019-09-15T04:00:00+02:00\",\"endDate\":\"2019-09-15T06:00:00+02:00\",\"eventStatus\":\"EventScheduled\",\"eventAttendanceMode\":\"OfflineEventAttendanceMode\",\"location\":{\"@type\":\"place\",\"name\":\"Katedralkaf\u00e9et, Domkyrkoplan 7, Uppsala\",\"address\":\"Katedralkaf\u00e9et, Domkyrkoplan 7, Uppsala\",\"geo\":{\"@type\":\"GeoCoordinates\",\"latitude\":\"59.86907409665912\",\"longitude\":\"17.636289657410657\"}},\"description\":\"I ett samtal mellan Eva Mattsson, f\u00f6rfattare till boken Furstinnan, professor Sven Erik Brodd, Uppsala universitet och professor Magnus Nyman, Newmaninstitutet, f\u00e5r vi m\u00f6ta kungaparet d\u00e4r en var protestant och en katolik och deras dr\u00f6mmar om att n\u00e4rma de kristna konfessionerna till varandra; moderator: Lars \u00c5strand.\\nEfter samtalet, kl 18.00 sker ekumenisk vesper i domkyrkan tillsammans med S:t Lars katolska f\u00f6rsamling:Andreas Bergmann och Sam Douhan. Predikant: Anders Ekenberg. Uppsala domkyrkas flickk\u00f6r framf\u00f6r tidig musik. Lode Van den Fynde, blockfl\u00f6jt. Kristine West, blockfl\u00f6jt. Jonas Norberg, luta och teorb. Markus Eriksson, viola da gamba.\\nSamtalet arrangeras av Uppsala domkyrkof\u00f6rsamling och sker med st\u00f6d av Polska institutet i Stockholm.\\nFri entr\u00e9!\"},{\"@type\":\"ImageObject\",\"inLanguage\":\"pl-PL\",\"@id\":\"https:\/\/instytutpolski.pl\/stockholm\/2019\/09\/13\/samtal-karlek-over-konfessionerna-i-religionskrigens-varld\/#primaryimage\",\"url\":\"https:\/\/instytutpolski.pl\/stockholm\/wp-content\/uploads\/sites\/17\/2019\/10\/eva-mattsson_kulturnatten.jpg\",\"contentUrl\":\"https:\/\/instytutpolski.pl\/stockholm\/wp-content\/uploads\/sites\/17\/2019\/10\/eva-mattsson_kulturnatten.jpg\",\"width\":1083,\"height\":609},{\"@type\":\"BreadcrumbList\",\"@id\":\"https:\/\/instytutpolski.pl\/stockholm\/2019\/09\/13\/samtal-karlek-over-konfessionerna-i-religionskrigens-varld\/#breadcrumb\",\"itemListElement\":[{\"@type\":\"ListItem\",\"position\":1,\"name\":\"Home\",\"item\":\"https:\/\/instytutpolski.pl\/stockholm\/\"},{\"@type\":\"ListItem\",\"position\":2,\"name\":\"SAMTAL: K\u00e4rlek \u00f6ver konfessionerna i religionskrigens v\u00e4rld\"}]},{\"@type\":\"WebSite\",\"@id\":\"https:\/\/instytutpolski.pl\/stockholm\/#website\",\"url\":\"https:\/\/instytutpolski.pl\/stockholm\/\",\"name\":\"Instytut Polski w Sztokholmie\",\"description\":\"Instytuty Polskie\",\"potentialAction\":[{\"@type\":\"SearchAction\",\"target\":{\"@type\":\"EntryPoint\",\"urlTemplate\":\"https:\/\/instytutpolski.pl\/stockholm\/?s={search_term_string}\"},\"query-input\":{\"@type\":\"PropertyValueSpecification\",\"valueRequired\":true,\"valueName\":\"search_term_string\"}}],\"inLanguage\":\"pl-PL\"},{\"@type\":\"Person\",\"@id\":\"https:\/\/instytutpolski.pl\/stockholm\/#\/schema\/person\/062b5a5f61f32b17c98996975db8d556\",\"name\":\"strozniake\",\"image\":{\"@type\":\"ImageObject\",\"inLanguage\":\"pl-PL\",\"@id\":\"https:\/\/instytutpolski.pl\/stockholm\/#\/schema\/person\/image\/\",\"url\":\"https:\/\/secure.gravatar.com\/avatar\/25e0be9897787f9035155a882fde97cc?s=96&d=mm&r=g\",\"contentUrl\":\"https:\/\/secure.gravatar.com\/avatar\/25e0be9897787f9035155a882fde97cc?s=96&d=mm&r=g\",\"caption\":\"strozniake\"},\"sameAs\":[\"http:\/\/strozniake\"],\"url\":\"https:\/\/instytutpolski.pl\/stockholm\/author\/strozniake\/\"}]}<\/script>\n<!-- \/ Yoast SEO plugin. -->","yoast_head_json":{"title":"SAMTAL: K\u00e4rlek \u00f6ver konfessionerna i religionskrigens v\u00e4rld - Instytut Polski w Sztokholmie","robots":{"index":"index","follow":"follow","max-snippet":"max-snippet:-1","max-image-preview":"max-image-preview:large","max-video-preview":"max-video-preview:-1"},"canonical":"https:\/\/instytutpolski.pl\/stockholm\/2019\/09\/13\/samtal-karlek-over-konfessionerna-i-religionskrigens-varld\/","og_locale":"pl_PL","og_type":"article","og_title":"SAMTAL: K\u00e4rlek \u00f6ver konfessionerna i religionskrigens v\u00e4rld - Instytut Polski w Sztokholmie","og_description":"I&nbsp;ett samtal mellan Eva Mattsson, f\u00f6rfattare till boken Furstinnan, professor Sven Erik Brodd, Uppsala universitet och professor Magnus Nyman, Newmaninstitutet, f\u00e5r vi m\u00f6ta kungaparet d\u00e4r en var protestant och en katolik och deras dr\u00f6mmar om att n\u00e4rma de kristna konfessionerna till varandra; moderator: Lars \u00c5strand. Efter samtalet, kl 18.00 sker ekumenisk vesper i domkyrkan tillsammans [&hellip;]","og_url":"https:\/\/instytutpolski.pl\/stockholm\/2019\/09\/13\/samtal-karlek-over-konfessionerna-i-religionskrigens-varld\/","og_site_name":"Instytut Polski w Sztokholmie","article_published_time":"2019-09-13T14:57:09+00:00","article_modified_time":"2019-10-30T16:12:21+00:00","og_image":[{"width":1083,"height":609,"url":"https:\/\/instytutpolski.pl\/stockholm\/wp-content\/uploads\/sites\/17\/2019\/10\/eva-mattsson_kulturnatten.jpg","type":"image\/jpeg"}],"author":"strozniake","twitter_card":"summary_large_image","twitter_misc":{"Napisane przez":"strozniake","Szacowany czas czytania":"1 minuta"},"schema":{"@context":"https:\/\/schema.org","@graph":[{"@type":"event","@id":"https:\/\/instytutpolski.pl\/stockholm\/2019\/09\/13\/samtal-karlek-over-konfessionerna-i-religionskrigens-varld\/","url":"https:\/\/instytutpolski.pl\/stockholm\/2019\/09\/13\/samtal-karlek-over-konfessionerna-i-religionskrigens-varld\/","name":"SAMTAL: K\u00e4rlek \u00f6ver konfessionerna i religionskrigens v\u00e4rld","isPartOf":{"@id":"https:\/\/instytutpolski.pl\/stockholm\/#website"},"primaryImageOfPage":{"@id":"https:\/\/instytutpolski.pl\/stockholm\/2019\/09\/13\/samtal-karlek-over-konfessionerna-i-religionskrigens-varld\/#primaryimage"},"image":["https:\/\/instytutpolski.pl\/stockholm\/wp-content\/uploads\/sites\/17\/2019\/10\/eva-mattsson_kulturnatten.jpg","https:\/\/instytutpolski.pl\/stockholm\/wp-content\/uploads\/sites\/17\/2019\/10\/eva-mattsson_kulturnatten-300x169.jpg","https:\/\/instytutpolski.pl\/stockholm\/wp-content\/uploads\/sites\/17\/2019\/10\/eva-mattsson_kulturnatten-1024x576.jpg","https:\/\/instytutpolski.pl\/stockholm\/wp-content\/uploads\/sites\/17\/2019\/10\/eva-mattsson_kulturnatten.jpg"],"thumbnailUrl":"https:\/\/instytutpolski.pl\/stockholm\/wp-content\/uploads\/sites\/17\/2019\/10\/eva-mattsson_kulturnatten.jpg","datePublished":"2019-09-13T14:57:09+02:00","dateModified":"2019-10-30T16:12:21+02:00","author":{"@id":"https:\/\/instytutpolski.pl\/stockholm\/#\/schema\/person\/062b5a5f61f32b17c98996975db8d556"},"breadcrumb":{"@id":"https:\/\/instytutpolski.pl\/stockholm\/2019\/09\/13\/samtal-karlek-over-konfessionerna-i-religionskrigens-varld\/#breadcrumb"},"inLanguage":"pl-PL","potentialAction":[{"@type":"ReadAction","target":["https:\/\/instytutpolski.pl\/stockholm\/2019\/09\/13\/samtal-karlek-over-konfessionerna-i-religionskrigens-varld\/"]}],"@context":"https:\/\/schema.org","startDate":"2019-09-15T04:00:00+02:00","endDate":"2019-09-15T06:00:00+02:00","eventStatus":"EventScheduled","eventAttendanceMode":"OfflineEventAttendanceMode","location":{"@type":"place","name":"Katedralkaf\u00e9et, Domkyrkoplan 7, Uppsala","address":"Katedralkaf\u00e9et, Domkyrkoplan 7, Uppsala","geo":{"@type":"GeoCoordinates","latitude":"59.86907409665912","longitude":"17.636289657410657"}},"description":"I ett samtal mellan Eva Mattsson, f\u00f6rfattare till boken Furstinnan, professor Sven Erik Brodd, Uppsala universitet och professor Magnus Nyman, Newmaninstitutet, f\u00e5r vi m\u00f6ta kungaparet d\u00e4r en var protestant och en katolik och deras dr\u00f6mmar om att n\u00e4rma de kristna konfessionerna till varandra; moderator: Lars \u00c5strand.\nEfter samtalet, kl 18.00 sker ekumenisk vesper i domkyrkan tillsammans med S:t Lars katolska f\u00f6rsamling:Andreas Bergmann och Sam Douhan. Predikant: Anders Ekenberg. Uppsala domkyrkas flickk\u00f6r framf\u00f6r tidig musik. Lode Van den Fynde, blockfl\u00f6jt. Kristine West, blockfl\u00f6jt. Jonas Norberg, luta och teorb. Markus Eriksson, viola da gamba.\nSamtalet arrangeras av Uppsala domkyrkof\u00f6rsamling och sker med st\u00f6d av Polska institutet i Stockholm.\nFri entr\u00e9!"},{"@type":"ImageObject","inLanguage":"pl-PL","@id":"https:\/\/instytutpolski.pl\/stockholm\/2019\/09\/13\/samtal-karlek-over-konfessionerna-i-religionskrigens-varld\/#primaryimage","url":"https:\/\/instytutpolski.pl\/stockholm\/wp-content\/uploads\/sites\/17\/2019\/10\/eva-mattsson_kulturnatten.jpg","contentUrl":"https:\/\/instytutpolski.pl\/stockholm\/wp-content\/uploads\/sites\/17\/2019\/10\/eva-mattsson_kulturnatten.jpg","width":1083,"height":609},{"@type":"BreadcrumbList","@id":"https:\/\/instytutpolski.pl\/stockholm\/2019\/09\/13\/samtal-karlek-over-konfessionerna-i-religionskrigens-varld\/#breadcrumb","itemListElement":[{"@type":"ListItem","position":1,"name":"Home","item":"https:\/\/instytutpolski.pl\/stockholm\/"},{"@type":"ListItem","position":2,"name":"SAMTAL: K\u00e4rlek \u00f6ver konfessionerna i religionskrigens v\u00e4rld"}]},{"@type":"WebSite","@id":"https:\/\/instytutpolski.pl\/stockholm\/#website","url":"https:\/\/instytutpolski.pl\/stockholm\/","name":"Instytut Polski w Sztokholmie","description":"Instytuty Polskie","potentialAction":[{"@type":"SearchAction","target":{"@type":"EntryPoint","urlTemplate":"https:\/\/instytutpolski.pl\/stockholm\/?s={search_term_string}"},"query-input":{"@type":"PropertyValueSpecification","valueRequired":true,"valueName":"search_term_string"}}],"inLanguage":"pl-PL"},{"@type":"Person","@id":"https:\/\/instytutpolski.pl\/stockholm\/#\/schema\/person\/062b5a5f61f32b17c98996975db8d556","name":"strozniake","image":{"@type":"ImageObject","inLanguage":"pl-PL","@id":"https:\/\/instytutpolski.pl\/stockholm\/#\/schema\/person\/image\/","url":"https:\/\/secure.gravatar.com\/avatar\/25e0be9897787f9035155a882fde97cc?s=96&d=mm&r=g","contentUrl":"https:\/\/secure.gravatar.com\/avatar\/25e0be9897787f9035155a882fde97cc?s=96&d=mm&r=g","caption":"strozniake"},"sameAs":["http:\/\/strozniake"],"url":"https:\/\/instytutpolski.pl\/stockholm\/author\/strozniake\/"}]}},"_links":{"self":[{"href":"https:\/\/instytutpolski.pl\/stockholm\/wp-json\/wp\/v2\/posts\/1328","targetHints":{"allow":["GET"]}}],"collection":[{"href":"https:\/\/instytutpolski.pl\/stockholm\/wp-json\/wp\/v2\/posts"}],"about":[{"href":"https:\/\/instytutpolski.pl\/stockholm\/wp-json\/wp\/v2\/types\/post"}],"author":[{"embeddable":true,"href":"https:\/\/instytutpolski.pl\/stockholm\/wp-json\/wp\/v2\/users\/29"}],"replies":[{"embeddable":true,"href":"https:\/\/instytutpolski.pl\/stockholm\/wp-json\/wp\/v2\/comments?post=1328"}],"version-history":[{"count":5,"href":"https:\/\/instytutpolski.pl\/stockholm\/wp-json\/wp\/v2\/posts\/1328\/revisions"}],"predecessor-version":[{"id":1339,"href":"https:\/\/instytutpolski.pl\/stockholm\/wp-json\/wp\/v2\/posts\/1328\/revisions\/1339"}],"wp:featuredmedia":[{"embeddable":true,"href":"https:\/\/instytutpolski.pl\/stockholm\/wp-json\/wp\/v2\/media\/1329"}],"wp:attachment":[{"href":"https:\/\/instytutpolski.pl\/stockholm\/wp-json\/wp\/v2\/media?parent=1328"}],"wp:term":[{"taxonomy":"category","embeddable":true,"href":"https:\/\/instytutpolski.pl\/stockholm\/wp-json\/wp\/v2\/categories?post=1328"},{"taxonomy":"post_tag","embeddable":true,"href":"https:\/\/instytutpolski.pl\/stockholm\/wp-json\/wp\/v2\/tags?post=1328"}],"curies":[{"name":"wp","href":"https:\/\/api.w.org\/{rel}","templated":true}]}}