{"id":1335,"date":"2019-09-12T17:05:31","date_gmt":"2019-09-12T15:05:31","guid":{"rendered":"https:\/\/instytutpolski.pl\/stockholm\/?p=1335"},"modified":"2019-10-30T17:13:15","modified_gmt":"2019-10-30T16:13:15","slug":"kulturnatten-krakow-katarina-jagellonica-och-chopin","status":"publish","type":"post","link":"https:\/\/instytutpolski.pl\/stockholm\/2019\/09\/12\/kulturnatten-krakow-katarina-jagellonica-och-chopin\/","title":{"rendered":"Kulturnatten \u2013 Krak\u00f3w, Katarina Jagellonica och Chopin"},"content":{"rendered":"\n<p>Kl 15.00, f\u00f6re arrangemanget, framf\u00f6r den polska dansgruppen Piastowie polska danser p\u00e5 Domkyrkoplan.<\/p>\n<p>Samtalet arrangeras av Svensk-Polska F\u00f6rening i Uppsala i samarbete med Uppsala domkyrkof\u00f6rsamling. Eva Mattssons f\u00f6redrag sker med st\u00f6d av Polska institutet i Stockholm.<\/p>\n<p>Fri entr\u00e9!<\/p>\n","protected":false},"excerpt":{"rendered":"<p>Kl 15.00, f\u00f6re arrangemanget, framf\u00f6r den polska dansgruppen Piastowie polska danser p\u00e5 Domkyrkoplan. Samtalet arrangeras av Svensk-Polska F\u00f6rening i Uppsala i samarbete med Uppsala domkyrkof\u00f6rsamling. Eva Mattssons f\u00f6redrag sker med st\u00f6d av Polska institutet i Stockholm. Fri entr\u00e9!<\/p>\n","protected":false},"author":29,"featured_media":1330,"comment_status":"open","ping_status":"open","sticky":false,"template":"","format":"standard","meta":{"inline_featured_image":false,"_monsterinsights_skip_tracking":false,"_monsterinsights_sitenote_active":false,"_monsterinsights_sitenote_note":"","_monsterinsights_sitenote_category":0,"footnotes":""},"categories":[12,111],"tags":[],"class_list":["post-1335","post","type-post","status-publish","format-standard","has-post-thumbnail","hentry","category-evenemang","category-historia-se"],"yoast_head":"<!-- This site is optimized with the Yoast SEO plugin v24.6 - https:\/\/yoast.com\/wordpress\/plugins\/seo\/ -->\n<title>Kulturnatten \u2013 Krak\u00f3w, Katarina Jagellonica och Chopin - Instytut Polski w Sztokholmie<\/title>\n<meta name=\"robots\" content=\"index, follow, max-snippet:-1, max-image-preview:large, max-video-preview:-1\" \/>\n<link rel=\"canonical\" href=\"https:\/\/instytutpolski.pl\/stockholm\/2019\/09\/12\/kulturnatten-krakow-katarina-jagellonica-och-chopin\/\" \/>\n<meta property=\"og:locale\" content=\"pl_PL\" \/>\n<meta property=\"og:type\" content=\"article\" \/>\n<meta property=\"og:title\" content=\"Kulturnatten \u2013 Krak\u00f3w, Katarina Jagellonica och Chopin - Instytut Polski w Sztokholmie\" \/>\n<meta property=\"og:description\" content=\"Kl 15.00, f\u00f6re arrangemanget, framf\u00f6r den polska dansgruppen Piastowie polska danser p\u00e5 Domkyrkoplan. Samtalet arrangeras av Svensk-Polska F\u00f6rening i Uppsala i samarbete med Uppsala domkyrkof\u00f6rsamling. Eva Mattssons f\u00f6redrag sker med st\u00f6d av Polska institutet i Stockholm. Fri entr\u00e9!\" \/>\n<meta property=\"og:url\" content=\"https:\/\/instytutpolski.pl\/stockholm\/2019\/09\/12\/kulturnatten-krakow-katarina-jagellonica-och-chopin\/\" \/>\n<meta property=\"og:site_name\" content=\"Instytut Polski w Sztokholmie\" \/>\n<meta property=\"article:published_time\" content=\"2019-09-12T15:05:31+00:00\" \/>\n<meta property=\"article:modified_time\" content=\"2019-10-30T16:13:15+00:00\" \/>\n<meta property=\"og:image\" content=\"https:\/\/instytutpolski.pl\/stockholm\/wp-content\/uploads\/sites\/17\/2019\/10\/eva-mattsson_samtal.jpg\" \/>\n\t<meta property=\"og:image:width\" content=\"1083\" \/>\n\t<meta property=\"og:image:height\" content=\"609\" \/>\n\t<meta property=\"og:image:type\" content=\"image\/jpeg\" \/>\n<meta name=\"author\" content=\"strozniake\" \/>\n<meta name=\"twitter:card\" content=\"summary_large_image\" \/>\n<meta name=\"twitter:label1\" content=\"Napisane przez\" \/>\n\t<meta name=\"twitter:data1\" content=\"strozniake\" \/>\n<script type=\"application\/ld+json\" class=\"yoast-schema-graph\">{\"@context\":\"https:\/\/schema.org\",\"@graph\":[{\"@type\":\"event\",\"@id\":\"https:\/\/instytutpolski.pl\/stockholm\/2019\/09\/12\/kulturnatten-krakow-katarina-jagellonica-och-chopin\/\",\"url\":\"https:\/\/instytutpolski.pl\/stockholm\/2019\/09\/12\/kulturnatten-krakow-katarina-jagellonica-och-chopin\/\",\"name\":\"Kulturnatten \u2013 Krak\u00f3w, Katarina Jagellonica och Chopin\",\"isPartOf\":{\"@id\":\"https:\/\/instytutpolski.pl\/stockholm\/#website\"},\"primaryImageOfPage\":{\"@id\":\"https:\/\/instytutpolski.pl\/stockholm\/2019\/09\/12\/kulturnatten-krakow-katarina-jagellonica-och-chopin\/#primaryimage\"},\"image\":[\"https:\/\/instytutpolski.pl\/stockholm\/wp-content\/uploads\/sites\/17\/2019\/10\/eva-mattsson_samtal.jpg\",\"https:\/\/instytutpolski.pl\/stockholm\/wp-content\/uploads\/sites\/17\/2019\/10\/eva-mattsson_samtal-300x169.jpg\",\"https:\/\/instytutpolski.pl\/stockholm\/wp-content\/uploads\/sites\/17\/2019\/10\/eva-mattsson_samtal-1024x576.jpg\",\"https:\/\/instytutpolski.pl\/stockholm\/wp-content\/uploads\/sites\/17\/2019\/10\/eva-mattsson_samtal.jpg\"],\"thumbnailUrl\":\"https:\/\/instytutpolski.pl\/stockholm\/wp-content\/uploads\/sites\/17\/2019\/10\/eva-mattsson_samtal.jpg\",\"datePublished\":\"2019-09-12T15:05:31+02:00\",\"dateModified\":\"2019-10-30T16:13:15+02:00\",\"author\":{\"@id\":\"https:\/\/instytutpolski.pl\/stockholm\/#\/schema\/person\/062b5a5f61f32b17c98996975db8d556\"},\"breadcrumb\":{\"@id\":\"https:\/\/instytutpolski.pl\/stockholm\/2019\/09\/12\/kulturnatten-krakow-katarina-jagellonica-och-chopin\/#breadcrumb\"},\"inLanguage\":\"pl-PL\",\"potentialAction\":[{\"@type\":\"ReadAction\",\"target\":[\"https:\/\/instytutpolski.pl\/stockholm\/2019\/09\/12\/kulturnatten-krakow-katarina-jagellonica-och-chopin\/\"]}],\"@context\":\"https:\/\/schema.org\",\"startDate\":\"2019-09-14T04:00:00+02:00\",\"endDate\":\"2019-09-14T06:00:00+02:00\",\"eventStatus\":\"EventScheduled\",\"eventAttendanceMode\":\"OfflineEventAttendanceMode\",\"location\":{\"@type\":\"place\",\"name\":\"Katedralkaf\u00e9et, Domkyrkoplan 7, Uppsala\",\"address\":\"Katedralkaf\u00e9et, Domkyrkoplan 7, Uppsala\",\"geo\":{\"@type\":\"GeoCoordinates\",\"latitude\":\"59.86753585243713\",\"longitude\":\"17.641730231492566\"}},\"description\":\"Kl 15.00, f\u00f6re arrangemanget, framf\u00f6r den polska dansgruppen Piastowie polska danser p\u00e5 Domkyrkoplan.\\nSamtalet arrangeras av Svensk-Polska F\u00f6rening i Uppsala i samarbete med Uppsala domkyrkof\u00f6rsamling. Eva Mattssons f\u00f6redrag sker med st\u00f6d av Polska institutet i Stockholm.\\nFri entr\u00e9!\"},{\"@type\":\"ImageObject\",\"inLanguage\":\"pl-PL\",\"@id\":\"https:\/\/instytutpolski.pl\/stockholm\/2019\/09\/12\/kulturnatten-krakow-katarina-jagellonica-och-chopin\/#primaryimage\",\"url\":\"https:\/\/instytutpolski.pl\/stockholm\/wp-content\/uploads\/sites\/17\/2019\/10\/eva-mattsson_samtal.jpg\",\"contentUrl\":\"https:\/\/instytutpolski.pl\/stockholm\/wp-content\/uploads\/sites\/17\/2019\/10\/eva-mattsson_samtal.jpg\",\"width\":1083,\"height\":609},{\"@type\":\"BreadcrumbList\",\"@id\":\"https:\/\/instytutpolski.pl\/stockholm\/2019\/09\/12\/kulturnatten-krakow-katarina-jagellonica-och-chopin\/#breadcrumb\",\"itemListElement\":[{\"@type\":\"ListItem\",\"position\":1,\"name\":\"Home\",\"item\":\"https:\/\/instytutpolski.pl\/stockholm\/\"},{\"@type\":\"ListItem\",\"position\":2,\"name\":\"Kulturnatten \u2013 Krak\u00f3w, Katarina Jagellonica och Chopin\"}]},{\"@type\":\"WebSite\",\"@id\":\"https:\/\/instytutpolski.pl\/stockholm\/#website\",\"url\":\"https:\/\/instytutpolski.pl\/stockholm\/\",\"name\":\"Instytut Polski w Sztokholmie\",\"description\":\"Instytuty Polskie\",\"potentialAction\":[{\"@type\":\"SearchAction\",\"target\":{\"@type\":\"EntryPoint\",\"urlTemplate\":\"https:\/\/instytutpolski.pl\/stockholm\/?s={search_term_string}\"},\"query-input\":{\"@type\":\"PropertyValueSpecification\",\"valueRequired\":true,\"valueName\":\"search_term_string\"}}],\"inLanguage\":\"pl-PL\"},{\"@type\":\"Person\",\"@id\":\"https:\/\/instytutpolski.pl\/stockholm\/#\/schema\/person\/062b5a5f61f32b17c98996975db8d556\",\"name\":\"strozniake\",\"image\":{\"@type\":\"ImageObject\",\"inLanguage\":\"pl-PL\",\"@id\":\"https:\/\/instytutpolski.pl\/stockholm\/#\/schema\/person\/image\/\",\"url\":\"https:\/\/secure.gravatar.com\/avatar\/25e0be9897787f9035155a882fde97cc?s=96&d=mm&r=g\",\"contentUrl\":\"https:\/\/secure.gravatar.com\/avatar\/25e0be9897787f9035155a882fde97cc?s=96&d=mm&r=g\",\"caption\":\"strozniake\"},\"sameAs\":[\"http:\/\/strozniake\"],\"url\":\"https:\/\/instytutpolski.pl\/stockholm\/author\/strozniake\/\"}]}<\/script>\n<!-- \/ Yoast SEO plugin. -->","yoast_head_json":{"title":"Kulturnatten \u2013 Krak\u00f3w, Katarina Jagellonica och Chopin - Instytut Polski w Sztokholmie","robots":{"index":"index","follow":"follow","max-snippet":"max-snippet:-1","max-image-preview":"max-image-preview:large","max-video-preview":"max-video-preview:-1"},"canonical":"https:\/\/instytutpolski.pl\/stockholm\/2019\/09\/12\/kulturnatten-krakow-katarina-jagellonica-och-chopin\/","og_locale":"pl_PL","og_type":"article","og_title":"Kulturnatten \u2013 Krak\u00f3w, Katarina Jagellonica och Chopin - Instytut Polski w Sztokholmie","og_description":"Kl 15.00, f\u00f6re arrangemanget, framf\u00f6r den polska dansgruppen Piastowie polska danser p\u00e5 Domkyrkoplan. Samtalet arrangeras av Svensk-Polska F\u00f6rening i Uppsala i samarbete med Uppsala domkyrkof\u00f6rsamling. Eva Mattssons f\u00f6redrag sker med st\u00f6d av Polska institutet i Stockholm. Fri entr\u00e9!","og_url":"https:\/\/instytutpolski.pl\/stockholm\/2019\/09\/12\/kulturnatten-krakow-katarina-jagellonica-och-chopin\/","og_site_name":"Instytut Polski w Sztokholmie","article_published_time":"2019-09-12T15:05:31+00:00","article_modified_time":"2019-10-30T16:13:15+00:00","og_image":[{"width":1083,"height":609,"url":"https:\/\/instytutpolski.pl\/stockholm\/wp-content\/uploads\/sites\/17\/2019\/10\/eva-mattsson_samtal.jpg","type":"image\/jpeg"}],"author":"strozniake","twitter_card":"summary_large_image","twitter_misc":{"Napisane przez":"strozniake"},"schema":{"@context":"https:\/\/schema.org","@graph":[{"@type":"event","@id":"https:\/\/instytutpolski.pl\/stockholm\/2019\/09\/12\/kulturnatten-krakow-katarina-jagellonica-och-chopin\/","url":"https:\/\/instytutpolski.pl\/stockholm\/2019\/09\/12\/kulturnatten-krakow-katarina-jagellonica-och-chopin\/","name":"Kulturnatten \u2013 Krak\u00f3w, Katarina Jagellonica och Chopin","isPartOf":{"@id":"https:\/\/instytutpolski.pl\/stockholm\/#website"},"primaryImageOfPage":{"@id":"https:\/\/instytutpolski.pl\/stockholm\/2019\/09\/12\/kulturnatten-krakow-katarina-jagellonica-och-chopin\/#primaryimage"},"image":["https:\/\/instytutpolski.pl\/stockholm\/wp-content\/uploads\/sites\/17\/2019\/10\/eva-mattsson_samtal.jpg","https:\/\/instytutpolski.pl\/stockholm\/wp-content\/uploads\/sites\/17\/2019\/10\/eva-mattsson_samtal-300x169.jpg","https:\/\/instytutpolski.pl\/stockholm\/wp-content\/uploads\/sites\/17\/2019\/10\/eva-mattsson_samtal-1024x576.jpg","https:\/\/instytutpolski.pl\/stockholm\/wp-content\/uploads\/sites\/17\/2019\/10\/eva-mattsson_samtal.jpg"],"thumbnailUrl":"https:\/\/instytutpolski.pl\/stockholm\/wp-content\/uploads\/sites\/17\/2019\/10\/eva-mattsson_samtal.jpg","datePublished":"2019-09-12T15:05:31+02:00","dateModified":"2019-10-30T16:13:15+02:00","author":{"@id":"https:\/\/instytutpolski.pl\/stockholm\/#\/schema\/person\/062b5a5f61f32b17c98996975db8d556"},"breadcrumb":{"@id":"https:\/\/instytutpolski.pl\/stockholm\/2019\/09\/12\/kulturnatten-krakow-katarina-jagellonica-och-chopin\/#breadcrumb"},"inLanguage":"pl-PL","potentialAction":[{"@type":"ReadAction","target":["https:\/\/instytutpolski.pl\/stockholm\/2019\/09\/12\/kulturnatten-krakow-katarina-jagellonica-och-chopin\/"]}],"@context":"https:\/\/schema.org","startDate":"2019-09-14T04:00:00+02:00","endDate":"2019-09-14T06:00:00+02:00","eventStatus":"EventScheduled","eventAttendanceMode":"OfflineEventAttendanceMode","location":{"@type":"place","name":"Katedralkaf\u00e9et, Domkyrkoplan 7, Uppsala","address":"Katedralkaf\u00e9et, Domkyrkoplan 7, Uppsala","geo":{"@type":"GeoCoordinates","latitude":"59.86753585243713","longitude":"17.641730231492566"}},"description":"Kl 15.00, f\u00f6re arrangemanget, framf\u00f6r den polska dansgruppen Piastowie polska danser p\u00e5 Domkyrkoplan.\nSamtalet arrangeras av Svensk-Polska F\u00f6rening i Uppsala i samarbete med Uppsala domkyrkof\u00f6rsamling. Eva Mattssons f\u00f6redrag sker med st\u00f6d av Polska institutet i Stockholm.\nFri entr\u00e9!"},{"@type":"ImageObject","inLanguage":"pl-PL","@id":"https:\/\/instytutpolski.pl\/stockholm\/2019\/09\/12\/kulturnatten-krakow-katarina-jagellonica-och-chopin\/#primaryimage","url":"https:\/\/instytutpolski.pl\/stockholm\/wp-content\/uploads\/sites\/17\/2019\/10\/eva-mattsson_samtal.jpg","contentUrl":"https:\/\/instytutpolski.pl\/stockholm\/wp-content\/uploads\/sites\/17\/2019\/10\/eva-mattsson_samtal.jpg","width":1083,"height":609},{"@type":"BreadcrumbList","@id":"https:\/\/instytutpolski.pl\/stockholm\/2019\/09\/12\/kulturnatten-krakow-katarina-jagellonica-och-chopin\/#breadcrumb","itemListElement":[{"@type":"ListItem","position":1,"name":"Home","item":"https:\/\/instytutpolski.pl\/stockholm\/"},{"@type":"ListItem","position":2,"name":"Kulturnatten \u2013 Krak\u00f3w, Katarina Jagellonica och Chopin"}]},{"@type":"WebSite","@id":"https:\/\/instytutpolski.pl\/stockholm\/#website","url":"https:\/\/instytutpolski.pl\/stockholm\/","name":"Instytut Polski w Sztokholmie","description":"Instytuty Polskie","potentialAction":[{"@type":"SearchAction","target":{"@type":"EntryPoint","urlTemplate":"https:\/\/instytutpolski.pl\/stockholm\/?s={search_term_string}"},"query-input":{"@type":"PropertyValueSpecification","valueRequired":true,"valueName":"search_term_string"}}],"inLanguage":"pl-PL"},{"@type":"Person","@id":"https:\/\/instytutpolski.pl\/stockholm\/#\/schema\/person\/062b5a5f61f32b17c98996975db8d556","name":"strozniake","image":{"@type":"ImageObject","inLanguage":"pl-PL","@id":"https:\/\/instytutpolski.pl\/stockholm\/#\/schema\/person\/image\/","url":"https:\/\/secure.gravatar.com\/avatar\/25e0be9897787f9035155a882fde97cc?s=96&d=mm&r=g","contentUrl":"https:\/\/secure.gravatar.com\/avatar\/25e0be9897787f9035155a882fde97cc?s=96&d=mm&r=g","caption":"strozniake"},"sameAs":["http:\/\/strozniake"],"url":"https:\/\/instytutpolski.pl\/stockholm\/author\/strozniake\/"}]}},"_links":{"self":[{"href":"https:\/\/instytutpolski.pl\/stockholm\/wp-json\/wp\/v2\/posts\/1335","targetHints":{"allow":["GET"]}}],"collection":[{"href":"https:\/\/instytutpolski.pl\/stockholm\/wp-json\/wp\/v2\/posts"}],"about":[{"href":"https:\/\/instytutpolski.pl\/stockholm\/wp-json\/wp\/v2\/types\/post"}],"author":[{"embeddable":true,"href":"https:\/\/instytutpolski.pl\/stockholm\/wp-json\/wp\/v2\/users\/29"}],"replies":[{"embeddable":true,"href":"https:\/\/instytutpolski.pl\/stockholm\/wp-json\/wp\/v2\/comments?post=1335"}],"version-history":[{"count":3,"href":"https:\/\/instytutpolski.pl\/stockholm\/wp-json\/wp\/v2\/posts\/1335\/revisions"}],"predecessor-version":[{"id":1338,"href":"https:\/\/instytutpolski.pl\/stockholm\/wp-json\/wp\/v2\/posts\/1335\/revisions\/1338"}],"wp:featuredmedia":[{"embeddable":true,"href":"https:\/\/instytutpolski.pl\/stockholm\/wp-json\/wp\/v2\/media\/1330"}],"wp:attachment":[{"href":"https:\/\/instytutpolski.pl\/stockholm\/wp-json\/wp\/v2\/media?parent=1335"}],"wp:term":[{"taxonomy":"category","embeddable":true,"href":"https:\/\/instytutpolski.pl\/stockholm\/wp-json\/wp\/v2\/categories?post=1335"},{"taxonomy":"post_tag","embeddable":true,"href":"https:\/\/instytutpolski.pl\/stockholm\/wp-json\/wp\/v2\/tags?post=1335"}],"curies":[{"name":"wp","href":"https:\/\/api.w.org\/{rel}","templated":true}]}}