{"id":1351,"date":"2019-08-22T17:28:26","date_gmt":"2019-08-22T15:28:26","guid":{"rendered":"https:\/\/instytutpolski.pl\/stockholm\/?p=1351"},"modified":"2019-10-30T17:31:50","modified_gmt":"2019-10-30T16:31:50","slug":"polska-inslag-pa-carl-international-film-festival","status":"publish","type":"post","link":"https:\/\/instytutpolski.pl\/stockholm\/2019\/08\/22\/polska-inslag-pa-carl-international-film-festival\/","title":{"rendered":"Polska inslag p\u00e5 Carl International Film Festival"},"content":{"rendered":"\n<p>\u00c5rets huvudtema \u00e4r H\u00e5llbarhet. \u00d6ver 40 programpunkter och 13 l\u00e5ngfilmspremi\u00e4rer presenteras mellan <strong>23\u201328 augusti<\/strong>.<br \/><br \/><strong>Fem polska filmer och samproduktioner visas under \u00e5rets upplaga av Carl International Film Festival:<\/strong><br \/><strong><br \/>MONUMENT av Jagoda Szelc<\/strong><br \/>visas 28 augusti kl 16.00, Biostaden 3<br \/><br \/>Tjugo studenter befinner sig p\u00e5 v\u00e4g till sin praktik p\u00e5 ett hotell. De vaknar upp i en nedkyld buss, utan f\u00f6rare och med en i gruppen saknad. V\u00e4l p\u00e5 hotellet tilldelas samtliga kvinnor namnet \u201dAnia\u201doch m\u00e4nnen \u201dPawel\u201d och alla ges strikta uppgifter och ansvarsomr\u00e5den. Hotellg\u00e4sterna ska adresseras \u201dkunder\u201d. Atmosf\u00e4ren v\u00e4xer sig allt mer hotfull och de f\u00f6rvirrade praktikanterna b\u00f6rjar stegvis tappa greppet om tid och rum. Efter sin prisbel\u00f6nta debutfilm Tower. A Bright Day etablerade Jagoda Szelc sig snabbt som en av Polens mest intressanta och dj\u00e4rva nya r\u00f6ster. Med Monument presenterar Szelc en t\u00e4t konstn\u00e4rlig psykologisk thriller d\u00e4r hon \u00e5terigen visar att hon \u00e4r mer intresserad av fr\u00e5gor \u00e4n svar.<\/p>\n<p>Mer: <a href=\"https:\/\/www.ciff.se\/events\/monument\" target=\"_blank\" rel=\"noopener noreferrer\">https:\/\/www.ciff.se\/events\/monument\/<\/a><br \/><br \/><br \/><strong>WEREWOLF\/WILKO\u0141AK av Adrian Panek<\/strong><br \/>visas 27 augusti kl 20.30, Biostaden 3<br \/><br \/>Krigsthriller m\u00f6ter skr\u00e4ckfantasi m\u00f6ter coming-of-age-drama i Adrian Paneks originella Andra v\u00e4rldskriget-skildring. Sommaren 1945 omvandlas ett \u00f6vergivet hus p\u00e5 den polska landsbygden tillbarnhem f\u00f6r \u00e5tta barn befriade fr\u00e5n ett n\u00e4rliggande koncentrationsl\u00e4ger. Sakta b\u00f6rjar barnen f\u00e5 tillbaka delar av sin barndom, men skr\u00e4cken \u00e5terv\u00e4nder snart n\u00e4r skogarna b\u00f6rjar eka av de blod-t\u00f6rstiga och utsvultna SS-hundarnas skall. Utan varken elektricitet eller mat brottas barnen med sina \u00f6verlevnadsinstinkter medan de ger sig in f\u00f6r att k\u00e4mpa mot de skr\u00e4ckinjagande bestarna. Werewolf \u00e4r en m\u00f6rk fabel om kampen f\u00f6r att \u00e5terf\u00e5 sin tro p\u00e5 m\u00e4nniskan efter att ha g\u00e5tt igenom det mest ot\u00e4nkbara helvete. Trollbindande foto och lysande barnsk\u00e5despelare.<\/p>\n<p>Mer: <a href=\"https:\/\/www.ciff.se\/events\/werewolf\" target=\"_blank\" rel=\"noopener noreferrer\">https:\/\/www.ciff.se\/events\/werewolf\/<\/a><\/p>\n<p>\u00a0<\/p>\n<p>Polsk-svenska filmaren Agnieszka \u0141ukasiak deltar i programmet Baltic Identity Film Tour som behandlar fr\u00e5gan om genemnsam identitet kring \u00d6stersj\u00f6n som avspeglas i l\u00e4ndernas filmproduktion. Samtalet f\u00f6reg\u00e5s av en visning av sex kortfilmer d\u00e4ribland tre polska filmer:\u00a0 <br \/><br \/><strong>THE DEAL av Ewa Smyk<br \/>THE BEACH \/ PLA\u017bA av Dawid Chr\u0105chol och Bartosz Zimniak <br \/>LAST SEASON\/OSTATNI SEZON av S\u0142awomir Witek<\/strong><br \/>visas 25 augusti kl 12.00-13.30, Biostaden<\/p>\n<p>Mer: <a href=\"https:\/\/www.ciff.se\/events\/baltic-identity-film-tour\" target=\"_blank\" rel=\"noopener noreferrer\">https:\/\/www.ciff.se\/events\/baltic-identity-film-tour\/<\/a><br \/><br \/><br \/>Kolla in \u00e5rets program <a href=\"https:\/\/www.docdroid.net\/9fM3LHl\/ciff-katalog2019.pdf#page=3\" target=\"_blank\" rel=\"noopener noreferrer\">h\u00e4r<\/a>.<br \/><br \/>Festivalen arrangeras i samarbete med Polska institutet i Stockholm.<\/p>\n","protected":false},"excerpt":{"rendered":"<p>\u00c5rets huvudtema \u00e4r H\u00e5llbarhet. \u00d6ver 40 programpunkter och 13 l\u00e5ngfilmspremi\u00e4rer presenteras mellan 23\u201328 augusti. Fem polska filmer och samproduktioner visas under \u00e5rets upplaga av Carl International Film Festival:MONUMENT av Jagoda Szelcvisas 28 augusti kl 16.00, Biostaden 3 Tjugo studenter befinner sig p\u00e5 v\u00e4g till sin praktik p\u00e5 ett hotell. De vaknar upp i en nedkyld [&hellip;]<\/p>\n","protected":false},"author":29,"featured_media":1352,"comment_status":"open","ping_status":"open","sticky":false,"template":"","format":"standard","meta":{"inline_featured_image":false,"_monsterinsights_skip_tracking":false,"_monsterinsights_sitenote_active":false,"_monsterinsights_sitenote_note":"","_monsterinsights_sitenote_category":0,"footnotes":""},"categories":[12,95],"tags":[],"class_list":["post-1351","post","type-post","status-publish","format-standard","has-post-thumbnail","hentry","category-evenemang","category-film-evenemang"],"yoast_head":"<!-- This site is optimized with the Yoast SEO plugin v24.6 - https:\/\/yoast.com\/wordpress\/plugins\/seo\/ -->\n<title>Polska inslag p\u00e5 Carl International Film Festival - Instytut Polski w Sztokholmie<\/title>\n<meta name=\"robots\" content=\"index, follow, max-snippet:-1, max-image-preview:large, max-video-preview:-1\" \/>\n<link rel=\"canonical\" href=\"https:\/\/instytutpolski.pl\/stockholm\/2019\/08\/22\/polska-inslag-pa-carl-international-film-festival\/\" \/>\n<meta property=\"og:locale\" content=\"pl_PL\" \/>\n<meta property=\"og:type\" content=\"article\" \/>\n<meta property=\"og:title\" content=\"Polska inslag p\u00e5 Carl International Film Festival - Instytut Polski w Sztokholmie\" \/>\n<meta property=\"og:description\" content=\"\u00c5rets huvudtema \u00e4r H\u00e5llbarhet. \u00d6ver 40 programpunkter och 13 l\u00e5ngfilmspremi\u00e4rer presenteras mellan 23\u201328 augusti. Fem polska filmer och samproduktioner visas under \u00e5rets upplaga av Carl International Film Festival:MONUMENT av Jagoda Szelcvisas 28 augusti kl 16.00, Biostaden 3 Tjugo studenter befinner sig p\u00e5 v\u00e4g till sin praktik p\u00e5 ett hotell. De vaknar upp i en nedkyld [&hellip;]\" \/>\n<meta property=\"og:url\" content=\"https:\/\/instytutpolski.pl\/stockholm\/2019\/08\/22\/polska-inslag-pa-carl-international-film-festival\/\" \/>\n<meta property=\"og:site_name\" content=\"Instytut Polski w Sztokholmie\" \/>\n<meta property=\"article:published_time\" content=\"2019-08-22T15:28:26+00:00\" \/>\n<meta property=\"article:modified_time\" content=\"2019-10-30T16:31:50+00:00\" \/>\n<meta property=\"og:image\" content=\"https:\/\/instytutpolski.pl\/stockholm\/wp-content\/uploads\/sites\/17\/2019\/10\/ciff-2019.jpg\" \/>\n\t<meta property=\"og:image:width\" content=\"1083\" \/>\n\t<meta property=\"og:image:height\" content=\"609\" \/>\n\t<meta property=\"og:image:type\" content=\"image\/jpeg\" \/>\n<meta name=\"author\" content=\"strozniake\" \/>\n<meta name=\"twitter:card\" content=\"summary_large_image\" \/>\n<meta name=\"twitter:label1\" content=\"Napisane przez\" \/>\n\t<meta name=\"twitter:data1\" content=\"strozniake\" \/>\n\t<meta name=\"twitter:label2\" content=\"Szacowany czas czytania\" \/>\n\t<meta name=\"twitter:data2\" content=\"2 minuty\" \/>\n<script type=\"application\/ld+json\" class=\"yoast-schema-graph\">{\"@context\":\"https:\/\/schema.org\",\"@graph\":[{\"@type\":\"event\",\"@id\":\"https:\/\/instytutpolski.pl\/stockholm\/2019\/08\/22\/polska-inslag-pa-carl-international-film-festival\/\",\"url\":\"https:\/\/instytutpolski.pl\/stockholm\/2019\/08\/22\/polska-inslag-pa-carl-international-film-festival\/\",\"name\":\"Polska inslag p\u00e5 Carl International Film Festival\",\"isPartOf\":{\"@id\":\"https:\/\/instytutpolski.pl\/stockholm\/#website\"},\"primaryImageOfPage\":{\"@id\":\"https:\/\/instytutpolski.pl\/stockholm\/2019\/08\/22\/polska-inslag-pa-carl-international-film-festival\/#primaryimage\"},\"image\":[\"https:\/\/instytutpolski.pl\/stockholm\/wp-content\/uploads\/sites\/17\/2019\/10\/ciff-2019.jpg\",\"https:\/\/instytutpolski.pl\/stockholm\/wp-content\/uploads\/sites\/17\/2019\/10\/ciff-2019-300x169.jpg\",\"https:\/\/instytutpolski.pl\/stockholm\/wp-content\/uploads\/sites\/17\/2019\/10\/ciff-2019-1024x576.jpg\",\"https:\/\/instytutpolski.pl\/stockholm\/wp-content\/uploads\/sites\/17\/2019\/10\/ciff-2019.jpg\"],\"thumbnailUrl\":\"https:\/\/instytutpolski.pl\/stockholm\/wp-content\/uploads\/sites\/17\/2019\/10\/ciff-2019.jpg\",\"datePublished\":\"2019-08-22T15:28:26+02:00\",\"dateModified\":\"2019-10-30T16:31:50+02:00\",\"author\":{\"@id\":\"https:\/\/instytutpolski.pl\/stockholm\/#\/schema\/person\/062b5a5f61f32b17c98996975db8d556\"},\"breadcrumb\":{\"@id\":\"https:\/\/instytutpolski.pl\/stockholm\/2019\/08\/22\/polska-inslag-pa-carl-international-film-festival\/#breadcrumb\"},\"inLanguage\":\"pl-PL\",\"potentialAction\":[{\"@type\":\"ReadAction\",\"target\":[\"https:\/\/instytutpolski.pl\/stockholm\/2019\/08\/22\/polska-inslag-pa-carl-international-film-festival\/\"]}],\"@context\":\"https:\/\/schema.org\",\"startDate\":\"2019-08-23\",\"endDate\":\"2019-08-28\",\"eventStatus\":\"EventScheduled\",\"eventAttendanceMode\":\"OfflineEventAttendanceMode\",\"location\":{\"@type\":\"place\",\"name\":\"Karlskrona\",\"address\":\"Karlskrona\",\"geo\":{\"@type\":\"GeoCoordinates\",\"latitude\":\"61.7326955\",\"longitude\":\"17.0794074\"}},\"description\":\"\u00c5rets huvudtema \u00e4r H\u00e5llbarhet. \u00d6ver 40 programpunkter och 13 l\u00e5ngfilmspremi\u00e4rer presenteras mellan 23\u201328 augusti.Fem polska filmer och samproduktioner visas under \u00e5rets upplaga av Carl International Film Festival:MONUMENT av Jagoda Szelcvisas 28 augusti kl 16.00, Biostaden 3Tjugo studenter befinner sig p\u00e5 v\u00e4g till sin praktik p\u00e5 ett hotell. De vaknar upp i en nedkyld buss, utan f\u00f6rare och med en i gruppen saknad. V\u00e4l p\u00e5 hotellet tilldelas samtliga kvinnor namnet \u201dAnia\u201doch m\u00e4nnen \u201dPawel\u201d och alla ges strikta uppgifter och ansvarsomr\u00e5den. Hotellg\u00e4sterna ska adresseras \u201dkunder\u201d. Atmosf\u00e4ren v\u00e4xer sig allt mer hotfull och de f\u00f6rvirrade praktikanterna b\u00f6rjar stegvis tappa greppet om tid och rum. Efter sin prisbel\u00f6nta debutfilm Tower. A Bright Day etablerade Jagoda Szelc sig snabbt som en av Polens mest intressanta och dj\u00e4rva nya r\u00f6ster. Med Monument presenterar Szelc en t\u00e4t konstn\u00e4rlig psykologisk thriller d\u00e4r hon \u00e5terigen visar att hon \u00e4r mer intresserad av fr\u00e5gor \u00e4n svar.\\nMer: https:\/\/www.ciff.se\/events\/monument\/WEREWOLF\/WILKO\u0141AK av Adrian Panekvisas 27 augusti kl 20.30, Biostaden 3Krigsthriller m\u00f6ter skr\u00e4ckfantasi m\u00f6ter coming-of-age-drama i Adrian Paneks originella Andra v\u00e4rldskriget-skildring. Sommaren 1945 omvandlas ett \u00f6vergivet hus p\u00e5 den polska landsbygden tillbarnhem f\u00f6r \u00e5tta barn befriade fr\u00e5n ett n\u00e4rliggande koncentrationsl\u00e4ger. Sakta b\u00f6rjar barnen f\u00e5 tillbaka delar av sin barndom, men skr\u00e4cken \u00e5terv\u00e4nder snart n\u00e4r skogarna b\u00f6rjar eka av de blod-t\u00f6rstiga och utsvultna SS-hundarnas skall. Utan varken elektricitet eller mat brottas barnen med sina \u00f6verlevnadsinstinkter medan de ger sig in f\u00f6r att k\u00e4mpa mot de skr\u00e4ckinjagande bestarna. Werewolf \u00e4r en m\u00f6rk fabel om kampen f\u00f6r att \u00e5terf\u00e5 sin tro p\u00e5 m\u00e4nniskan efter att ha g\u00e5tt igenom det mest ot\u00e4nkbara helvete. Trollbindande foto och lysande barnsk\u00e5despelare.\\nMer: https:\/\/www.ciff.se\/events\/werewolf\/\\n\u00a0\\nPolsk-svenska filmaren Agnieszka \u0141ukasiak deltar i programmet Baltic Identity Film Tour som behandlar fr\u00e5gan om genemnsam identitet kring \u00d6stersj\u00f6n som avspeglas i l\u00e4ndernas filmproduktion. Samtalet f\u00f6reg\u00e5s av en visning av sex kortfilmer d\u00e4ribland tre polska filmer:\u00a0 THE DEAL av Ewa SmykTHE BEACH \/ PLA\u017bA av Dawid Chr\u0105chol och Bartosz Zimniak LAST SEASON\/OSTATNI SEZON av S\u0142awomir Witekvisas 25 augusti kl 12.00-13.30, Biostaden\\nMer: https:\/\/www.ciff.se\/events\/baltic-identity-film-tour\/Kolla in \u00e5rets program h\u00e4r.Festivalen arrangeras i samarbete med Polska institutet i Stockholm.\"},{\"@type\":\"ImageObject\",\"inLanguage\":\"pl-PL\",\"@id\":\"https:\/\/instytutpolski.pl\/stockholm\/2019\/08\/22\/polska-inslag-pa-carl-international-film-festival\/#primaryimage\",\"url\":\"https:\/\/instytutpolski.pl\/stockholm\/wp-content\/uploads\/sites\/17\/2019\/10\/ciff-2019.jpg\",\"contentUrl\":\"https:\/\/instytutpolski.pl\/stockholm\/wp-content\/uploads\/sites\/17\/2019\/10\/ciff-2019.jpg\",\"width\":1083,\"height\":609},{\"@type\":\"BreadcrumbList\",\"@id\":\"https:\/\/instytutpolski.pl\/stockholm\/2019\/08\/22\/polska-inslag-pa-carl-international-film-festival\/#breadcrumb\",\"itemListElement\":[{\"@type\":\"ListItem\",\"position\":1,\"name\":\"Home\",\"item\":\"https:\/\/instytutpolski.pl\/stockholm\/\"},{\"@type\":\"ListItem\",\"position\":2,\"name\":\"Polska inslag p\u00e5 Carl International Film Festival\"}]},{\"@type\":\"WebSite\",\"@id\":\"https:\/\/instytutpolski.pl\/stockholm\/#website\",\"url\":\"https:\/\/instytutpolski.pl\/stockholm\/\",\"name\":\"Instytut Polski w Sztokholmie\",\"description\":\"Instytuty Polskie\",\"potentialAction\":[{\"@type\":\"SearchAction\",\"target\":{\"@type\":\"EntryPoint\",\"urlTemplate\":\"https:\/\/instytutpolski.pl\/stockholm\/?s={search_term_string}\"},\"query-input\":{\"@type\":\"PropertyValueSpecification\",\"valueRequired\":true,\"valueName\":\"search_term_string\"}}],\"inLanguage\":\"pl-PL\"},{\"@type\":\"Person\",\"@id\":\"https:\/\/instytutpolski.pl\/stockholm\/#\/schema\/person\/062b5a5f61f32b17c98996975db8d556\",\"name\":\"strozniake\",\"image\":{\"@type\":\"ImageObject\",\"inLanguage\":\"pl-PL\",\"@id\":\"https:\/\/instytutpolski.pl\/stockholm\/#\/schema\/person\/image\/\",\"url\":\"https:\/\/secure.gravatar.com\/avatar\/25e0be9897787f9035155a882fde97cc?s=96&d=mm&r=g\",\"contentUrl\":\"https:\/\/secure.gravatar.com\/avatar\/25e0be9897787f9035155a882fde97cc?s=96&d=mm&r=g\",\"caption\":\"strozniake\"},\"sameAs\":[\"http:\/\/strozniake\"],\"url\":\"https:\/\/instytutpolski.pl\/stockholm\/author\/strozniake\/\"}]}<\/script>\n<!-- \/ Yoast SEO plugin. -->","yoast_head_json":{"title":"Polska inslag p\u00e5 Carl International Film Festival - Instytut Polski w Sztokholmie","robots":{"index":"index","follow":"follow","max-snippet":"max-snippet:-1","max-image-preview":"max-image-preview:large","max-video-preview":"max-video-preview:-1"},"canonical":"https:\/\/instytutpolski.pl\/stockholm\/2019\/08\/22\/polska-inslag-pa-carl-international-film-festival\/","og_locale":"pl_PL","og_type":"article","og_title":"Polska inslag p\u00e5 Carl International Film Festival - Instytut Polski w Sztokholmie","og_description":"\u00c5rets huvudtema \u00e4r H\u00e5llbarhet. \u00d6ver 40 programpunkter och 13 l\u00e5ngfilmspremi\u00e4rer presenteras mellan 23\u201328 augusti. Fem polska filmer och samproduktioner visas under \u00e5rets upplaga av Carl International Film Festival:MONUMENT av Jagoda Szelcvisas 28 augusti kl 16.00, Biostaden 3 Tjugo studenter befinner sig p\u00e5 v\u00e4g till sin praktik p\u00e5 ett hotell. De vaknar upp i en nedkyld [&hellip;]","og_url":"https:\/\/instytutpolski.pl\/stockholm\/2019\/08\/22\/polska-inslag-pa-carl-international-film-festival\/","og_site_name":"Instytut Polski w Sztokholmie","article_published_time":"2019-08-22T15:28:26+00:00","article_modified_time":"2019-10-30T16:31:50+00:00","og_image":[{"width":1083,"height":609,"url":"https:\/\/instytutpolski.pl\/stockholm\/wp-content\/uploads\/sites\/17\/2019\/10\/ciff-2019.jpg","type":"image\/jpeg"}],"author":"strozniake","twitter_card":"summary_large_image","twitter_misc":{"Napisane przez":"strozniake","Szacowany czas czytania":"2 minuty"},"schema":{"@context":"https:\/\/schema.org","@graph":[{"@type":"event","@id":"https:\/\/instytutpolski.pl\/stockholm\/2019\/08\/22\/polska-inslag-pa-carl-international-film-festival\/","url":"https:\/\/instytutpolski.pl\/stockholm\/2019\/08\/22\/polska-inslag-pa-carl-international-film-festival\/","name":"Polska inslag p\u00e5 Carl International Film Festival","isPartOf":{"@id":"https:\/\/instytutpolski.pl\/stockholm\/#website"},"primaryImageOfPage":{"@id":"https:\/\/instytutpolski.pl\/stockholm\/2019\/08\/22\/polska-inslag-pa-carl-international-film-festival\/#primaryimage"},"image":["https:\/\/instytutpolski.pl\/stockholm\/wp-content\/uploads\/sites\/17\/2019\/10\/ciff-2019.jpg","https:\/\/instytutpolski.pl\/stockholm\/wp-content\/uploads\/sites\/17\/2019\/10\/ciff-2019-300x169.jpg","https:\/\/instytutpolski.pl\/stockholm\/wp-content\/uploads\/sites\/17\/2019\/10\/ciff-2019-1024x576.jpg","https:\/\/instytutpolski.pl\/stockholm\/wp-content\/uploads\/sites\/17\/2019\/10\/ciff-2019.jpg"],"thumbnailUrl":"https:\/\/instytutpolski.pl\/stockholm\/wp-content\/uploads\/sites\/17\/2019\/10\/ciff-2019.jpg","datePublished":"2019-08-22T15:28:26+02:00","dateModified":"2019-10-30T16:31:50+02:00","author":{"@id":"https:\/\/instytutpolski.pl\/stockholm\/#\/schema\/person\/062b5a5f61f32b17c98996975db8d556"},"breadcrumb":{"@id":"https:\/\/instytutpolski.pl\/stockholm\/2019\/08\/22\/polska-inslag-pa-carl-international-film-festival\/#breadcrumb"},"inLanguage":"pl-PL","potentialAction":[{"@type":"ReadAction","target":["https:\/\/instytutpolski.pl\/stockholm\/2019\/08\/22\/polska-inslag-pa-carl-international-film-festival\/"]}],"@context":"https:\/\/schema.org","startDate":"2019-08-23","endDate":"2019-08-28","eventStatus":"EventScheduled","eventAttendanceMode":"OfflineEventAttendanceMode","location":{"@type":"place","name":"Karlskrona","address":"Karlskrona","geo":{"@type":"GeoCoordinates","latitude":"61.7326955","longitude":"17.0794074"}},"description":"\u00c5rets huvudtema \u00e4r H\u00e5llbarhet. \u00d6ver 40 programpunkter och 13 l\u00e5ngfilmspremi\u00e4rer presenteras mellan 23\u201328 augusti.Fem polska filmer och samproduktioner visas under \u00e5rets upplaga av Carl International Film Festival:MONUMENT av Jagoda Szelcvisas 28 augusti kl 16.00, Biostaden 3Tjugo studenter befinner sig p\u00e5 v\u00e4g till sin praktik p\u00e5 ett hotell. De vaknar upp i en nedkyld buss, utan f\u00f6rare och med en i gruppen saknad. V\u00e4l p\u00e5 hotellet tilldelas samtliga kvinnor namnet \u201dAnia\u201doch m\u00e4nnen \u201dPawel\u201d och alla ges strikta uppgifter och ansvarsomr\u00e5den. Hotellg\u00e4sterna ska adresseras \u201dkunder\u201d. Atmosf\u00e4ren v\u00e4xer sig allt mer hotfull och de f\u00f6rvirrade praktikanterna b\u00f6rjar stegvis tappa greppet om tid och rum. Efter sin prisbel\u00f6nta debutfilm Tower. A Bright Day etablerade Jagoda Szelc sig snabbt som en av Polens mest intressanta och dj\u00e4rva nya r\u00f6ster. Med Monument presenterar Szelc en t\u00e4t konstn\u00e4rlig psykologisk thriller d\u00e4r hon \u00e5terigen visar att hon \u00e4r mer intresserad av fr\u00e5gor \u00e4n svar.\nMer: https:\/\/www.ciff.se\/events\/monument\/WEREWOLF\/WILKO\u0141AK av Adrian Panekvisas 27 augusti kl 20.30, Biostaden 3Krigsthriller m\u00f6ter skr\u00e4ckfantasi m\u00f6ter coming-of-age-drama i Adrian Paneks originella Andra v\u00e4rldskriget-skildring. Sommaren 1945 omvandlas ett \u00f6vergivet hus p\u00e5 den polska landsbygden tillbarnhem f\u00f6r \u00e5tta barn befriade fr\u00e5n ett n\u00e4rliggande koncentrationsl\u00e4ger. Sakta b\u00f6rjar barnen f\u00e5 tillbaka delar av sin barndom, men skr\u00e4cken \u00e5terv\u00e4nder snart n\u00e4r skogarna b\u00f6rjar eka av de blod-t\u00f6rstiga och utsvultna SS-hundarnas skall. Utan varken elektricitet eller mat brottas barnen med sina \u00f6verlevnadsinstinkter medan de ger sig in f\u00f6r att k\u00e4mpa mot de skr\u00e4ckinjagande bestarna. Werewolf \u00e4r en m\u00f6rk fabel om kampen f\u00f6r att \u00e5terf\u00e5 sin tro p\u00e5 m\u00e4nniskan efter att ha g\u00e5tt igenom det mest ot\u00e4nkbara helvete. Trollbindande foto och lysande barnsk\u00e5despelare.\nMer: https:\/\/www.ciff.se\/events\/werewolf\/\n\u00a0\nPolsk-svenska filmaren Agnieszka \u0141ukasiak deltar i programmet Baltic Identity Film Tour som behandlar fr\u00e5gan om genemnsam identitet kring \u00d6stersj\u00f6n som avspeglas i l\u00e4ndernas filmproduktion. Samtalet f\u00f6reg\u00e5s av en visning av sex kortfilmer d\u00e4ribland tre polska filmer:\u00a0 THE DEAL av Ewa SmykTHE BEACH \/ PLA\u017bA av Dawid Chr\u0105chol och Bartosz Zimniak LAST SEASON\/OSTATNI SEZON av S\u0142awomir Witekvisas 25 augusti kl 12.00-13.30, Biostaden\nMer: https:\/\/www.ciff.se\/events\/baltic-identity-film-tour\/Kolla in \u00e5rets program h\u00e4r.Festivalen arrangeras i samarbete med Polska institutet i Stockholm."},{"@type":"ImageObject","inLanguage":"pl-PL","@id":"https:\/\/instytutpolski.pl\/stockholm\/2019\/08\/22\/polska-inslag-pa-carl-international-film-festival\/#primaryimage","url":"https:\/\/instytutpolski.pl\/stockholm\/wp-content\/uploads\/sites\/17\/2019\/10\/ciff-2019.jpg","contentUrl":"https:\/\/instytutpolski.pl\/stockholm\/wp-content\/uploads\/sites\/17\/2019\/10\/ciff-2019.jpg","width":1083,"height":609},{"@type":"BreadcrumbList","@id":"https:\/\/instytutpolski.pl\/stockholm\/2019\/08\/22\/polska-inslag-pa-carl-international-film-festival\/#breadcrumb","itemListElement":[{"@type":"ListItem","position":1,"name":"Home","item":"https:\/\/instytutpolski.pl\/stockholm\/"},{"@type":"ListItem","position":2,"name":"Polska inslag p\u00e5 Carl International Film Festival"}]},{"@type":"WebSite","@id":"https:\/\/instytutpolski.pl\/stockholm\/#website","url":"https:\/\/instytutpolski.pl\/stockholm\/","name":"Instytut Polski w Sztokholmie","description":"Instytuty Polskie","potentialAction":[{"@type":"SearchAction","target":{"@type":"EntryPoint","urlTemplate":"https:\/\/instytutpolski.pl\/stockholm\/?s={search_term_string}"},"query-input":{"@type":"PropertyValueSpecification","valueRequired":true,"valueName":"search_term_string"}}],"inLanguage":"pl-PL"},{"@type":"Person","@id":"https:\/\/instytutpolski.pl\/stockholm\/#\/schema\/person\/062b5a5f61f32b17c98996975db8d556","name":"strozniake","image":{"@type":"ImageObject","inLanguage":"pl-PL","@id":"https:\/\/instytutpolski.pl\/stockholm\/#\/schema\/person\/image\/","url":"https:\/\/secure.gravatar.com\/avatar\/25e0be9897787f9035155a882fde97cc?s=96&d=mm&r=g","contentUrl":"https:\/\/secure.gravatar.com\/avatar\/25e0be9897787f9035155a882fde97cc?s=96&d=mm&r=g","caption":"strozniake"},"sameAs":["http:\/\/strozniake"],"url":"https:\/\/instytutpolski.pl\/stockholm\/author\/strozniake\/"}]}},"_links":{"self":[{"href":"https:\/\/instytutpolski.pl\/stockholm\/wp-json\/wp\/v2\/posts\/1351","targetHints":{"allow":["GET"]}}],"collection":[{"href":"https:\/\/instytutpolski.pl\/stockholm\/wp-json\/wp\/v2\/posts"}],"about":[{"href":"https:\/\/instytutpolski.pl\/stockholm\/wp-json\/wp\/v2\/types\/post"}],"author":[{"embeddable":true,"href":"https:\/\/instytutpolski.pl\/stockholm\/wp-json\/wp\/v2\/users\/29"}],"replies":[{"embeddable":true,"href":"https:\/\/instytutpolski.pl\/stockholm\/wp-json\/wp\/v2\/comments?post=1351"}],"version-history":[{"count":2,"href":"https:\/\/instytutpolski.pl\/stockholm\/wp-json\/wp\/v2\/posts\/1351\/revisions"}],"predecessor-version":[{"id":1354,"href":"https:\/\/instytutpolski.pl\/stockholm\/wp-json\/wp\/v2\/posts\/1351\/revisions\/1354"}],"wp:featuredmedia":[{"embeddable":true,"href":"https:\/\/instytutpolski.pl\/stockholm\/wp-json\/wp\/v2\/media\/1352"}],"wp:attachment":[{"href":"https:\/\/instytutpolski.pl\/stockholm\/wp-json\/wp\/v2\/media?parent=1351"}],"wp:term":[{"taxonomy":"category","embeddable":true,"href":"https:\/\/instytutpolski.pl\/stockholm\/wp-json\/wp\/v2\/categories?post=1351"},{"taxonomy":"post_tag","embeddable":true,"href":"https:\/\/instytutpolski.pl\/stockholm\/wp-json\/wp\/v2\/tags?post=1351"}],"curies":[{"name":"wp","href":"https:\/\/api.w.org\/{rel}","templated":true}]}}