{"id":13526,"date":"2025-01-13T15:12:01","date_gmt":"2025-01-13T14:12:01","guid":{"rendered":"https:\/\/instytutpolski.pl\/stockholm\/?p=13526"},"modified":"2025-01-13T15:12:02","modified_gmt":"2025-01-13T14:12:02","slug":"ephemeral-blaze-erik-klinga-aleksandra-slyz-koncert-w-inkonst","status":"publish","type":"post","link":"https:\/\/instytutpolski.pl\/stockholm\/pl\/2025\/01\/13\/ephemeral-blaze-erik-klinga-aleksandra-slyz-koncert-w-inkonst\/","title":{"rendered":"Ephemeral Blaze \/\/ Erik Klinga + Aleksandra S\u0142y\u017c \u2013 koncert w Inkonst"},"content":{"rendered":"\n<p><strong><em>Aleksandra S\u0142y\u017c<\/em><\/strong> &#8211; polska kompozytorka, sound designerka i re\u017cyserka d\u017awi\u0119ku, absolwentka Uniwersytetu im. Adama Mickiewicza i Akademii Muzycznej im. Ignacego Jana Paderewskiego w Poznaniu oraz Kr\u00f3lewskiego Konserwatorium w Sztokholmie. Cz\u0142onkini mi\u0119dzynarodowego projektu \u201eWe are Europe\u201d oraz platformy SHAPE+ zrzeszaj\u0105cej tw\u00f3rc\u00f3w innowacyjnej muzyki i sztuk audiowizualnych w Europie.<\/p>\n\n\n\n<p>W wyst\u0119pach na \u017cywo artystka skupia si\u0119 na odnajdywaniu subtelnych po\u0142\u0105cze\u0144 mi\u0119dzy instrumentami akustycznymi a syntezatorami modu\u0142owymi, tworz\u0105c bogate, r\u00f3\u017cnorodne struktury dronowe, kt\u00f3re powoli, lecz intensywnie pulsuj\u0105 i rezonuj\u0105 z otaczaj\u0105c\u0105 przestrzeni\u0105 i odbiorc\u0105.<\/p>\n\n\n\n<p>Drug\u0105, r\u00f3wnie wa\u017cn\u0105 cz\u0119\u015bci\u0105 jej praktyk artystycznych, s\u0105 interaktywne systemy sonifikacyjne. Od 2017 roku prowadzi badania artystyczne, w kt\u00f3rych stosuje praktyczne eksperymenty dotycz\u0105ce sonifikacji ruchu\/gestu, ludzkich odruch\u00f3w proprioceptywnych oraz r\u00f3\u017cnych rodzaj\u00f3w interakcji.<\/p>\n\n\n\n<p>Prace S\u0142y\u017c by\u0142y prezentowane na festiwalach muzycznych i filmowych w Europie i USA, m.in. Avant Art Festival (Wroc\u0142aw), Between Festival (Sztokholm), CTM Festival (Berlin), Idealistic Festival (Kopenhaga), Kiev Music Festival (Kij\u00f3w), NODE Festival (Modena), ORF musikprotokoll (Graz), OSA Festival (Sopot), Unsound (Krak\u00f3w).<\/p>\n\n\n\n<p><a href=\"https:\/\/slyzaleksandra.bandcamp.com\/\" target=\"_blank\" rel=\"noreferrer noopener\">https:\/\/slyzaleksandra.bandcamp.com\/<\/a><\/p>\n\n\n\n<p><a href=\"https:\/\/www.instagram.com\/aleksandra.slyz\/\" target=\"_blank\" rel=\"noreferrer noopener\">https:\/\/www.instagram.com\/aleksandra.slyz\/<\/a><\/p>\n\n\n\n<p><strong><em>Erik Klinga<\/em><\/strong>, urodzony w 1991 roku w Sandviken &#8211; szwedzki muzyk i kompozytor muzyki elektroakustycznej. Znany g\u0142\u00f3wnie z bycia cz\u0142onkiem w zespo\u0142ach Simian Ghost, Light Vibes i Horse Show oraz perkusist\u0105 w takich projektach jak Solen, Dolce oraz Mi von Ahn.<\/p>\n\n\n\n<p>Ostatnio wyst\u0119powa\u0142 m.in. na festiwalu Norberg Festival, w Muzeum Sztuki Wsp\u00f3\u0142czesnej Malm\u00f6 konstmuseum oraz w Hjorted Art and Music. W zwi\u0105zku z wydaniem \u201dElusive Shimmer\u201d wyst\u0105pi wkr\u00f3tce w: Mengi (Reykjav\u00edk), Ekko festival (Bergen), KET (Ateny), Organ Sound Art Festival (Kopenhaga), Inkonst (Malm\u00f6).<\/p>\n\n\n\n<p><a href=\"https:\/\/erikklinga.bandcamp.com\" target=\"_blank\" rel=\"noreferrer noopener\">https:\/\/erikklinga.bandcamp.com<\/a><\/p>\n\n\n\n<p><a href=\"https:\/\/www.instagram.com\/erikklinga\" target=\"_blank\" rel=\"noreferrer noopener\">https:\/\/www.instagram.com\/erikklinga<\/a><\/p>\n\n\n\n<p>Bilety znajdziesz <a href=\"https:\/\/secure.tickster.com\/en\/a10r7fgdurd2mkb\/products\" target=\"_blank\" rel=\"noreferrer noopener\">TUTAJ<\/a> <\/p>\n","protected":false},"excerpt":{"rendered":"<p>Aleksandra S\u0142y\u017c &#8211; polska kompozytorka, sound designerka i re\u017cyserka d\u017awi\u0119ku, absolwentka Uniwersytetu im. Adama Mickiewicza i Akademii Muzycznej im. Ignacego Jana Paderewskiego w Poznaniu oraz Kr\u00f3lewskiego Konserwatorium w Sztokholmie. Cz\u0142onkini mi\u0119dzynarodowego projektu \u201eWe are Europe\u201d oraz platformy SHAPE+ zrzeszaj\u0105cej tw\u00f3rc\u00f3w innowacyjnej muzyki i sztuk audiowizualnych w Europie. W wyst\u0119pach na \u017cywo artystka skupia si\u0119 na [&hellip;]<\/p>\n","protected":false},"author":173,"featured_media":13522,"comment_status":"closed","ping_status":"closed","sticky":false,"template":"","format":"standard","meta":{"inline_featured_image":false,"_monsterinsights_skip_tracking":false,"_monsterinsights_sitenote_active":false,"_monsterinsights_sitenote_note":"","_monsterinsights_sitenote_category":0,"footnotes":""},"categories":[224,320,89,36],"tags":[],"class_list":["post-13526","post","type-post","status-publish","format-standard","has-post-thumbnail","hentry","category-aktualnosc-pl","category-artykuly-pl","category-muzyka","category-wydarzenie"],"yoast_head":"<!-- This site is optimized with the Yoast SEO plugin v24.6 - https:\/\/yoast.com\/wordpress\/plugins\/seo\/ -->\n<title>Ephemeral Blaze \/\/ Erik Klinga + Aleksandra S\u0142y\u017c \u2013 koncert w Inkonst - Instytut Polski w Sztokholmie<\/title>\n<meta name=\"robots\" content=\"index, follow, max-snippet:-1, max-image-preview:large, max-video-preview:-1\" \/>\n<link rel=\"canonical\" href=\"https:\/\/instytutpolski.pl\/stockholm\/pl\/2025\/01\/13\/ephemeral-blaze-erik-klinga-aleksandra-slyz-koncert-w-inkonst\/\" \/>\n<meta property=\"og:locale\" content=\"pl_PL\" \/>\n<meta property=\"og:type\" content=\"article\" \/>\n<meta property=\"og:title\" content=\"Ephemeral Blaze \/\/ Erik Klinga + Aleksandra S\u0142y\u017c \u2013 koncert w Inkonst - Instytut Polski w Sztokholmie\" \/>\n<meta property=\"og:description\" content=\"Aleksandra S\u0142y\u017c &#8211; polska kompozytorka, sound designerka i re\u017cyserka d\u017awi\u0119ku, absolwentka Uniwersytetu im. Adama Mickiewicza i Akademii Muzycznej im. Ignacego Jana Paderewskiego w Poznaniu oraz Kr\u00f3lewskiego Konserwatorium w Sztokholmie. Cz\u0142onkini mi\u0119dzynarodowego projektu \u201eWe are Europe\u201d oraz platformy SHAPE+ zrzeszaj\u0105cej tw\u00f3rc\u00f3w innowacyjnej muzyki i sztuk audiowizualnych w Europie. W wyst\u0119pach na \u017cywo artystka skupia si\u0119 na [&hellip;]\" \/>\n<meta property=\"og:url\" content=\"https:\/\/instytutpolski.pl\/stockholm\/pl\/2025\/01\/13\/ephemeral-blaze-erik-klinga-aleksandra-slyz-koncert-w-inkonst\/\" \/>\n<meta property=\"og:site_name\" content=\"Instytut Polski w Sztokholmie\" \/>\n<meta property=\"article:published_time\" content=\"2025-01-13T14:12:01+00:00\" \/>\n<meta property=\"article:modified_time\" content=\"2025-01-13T14:12:02+00:00\" \/>\n<meta property=\"og:image\" content=\"https:\/\/instytutpolski.pl\/stockholm\/wp-content\/uploads\/sites\/17\/2025\/01\/Inkonst-2025_Hemsida.jpg\" \/>\n\t<meta property=\"og:image:width\" content=\"1120\" \/>\n\t<meta property=\"og:image:height\" content=\"630\" \/>\n\t<meta property=\"og:image:type\" content=\"image\/jpeg\" \/>\n<meta name=\"author\" content=\"treichelp\" \/>\n<meta name=\"twitter:card\" content=\"summary_large_image\" \/>\n<meta name=\"twitter:label1\" content=\"Napisane przez\" \/>\n\t<meta name=\"twitter:data1\" content=\"treichelp\" \/>\n\t<meta name=\"twitter:label2\" content=\"Szacowany czas czytania\" \/>\n\t<meta name=\"twitter:data2\" content=\"2 minuty\" \/>\n<script type=\"application\/ld+json\" class=\"yoast-schema-graph\">{\"@context\":\"https:\/\/schema.org\",\"@graph\":[{\"@type\":\"event\",\"@id\":\"https:\/\/instytutpolski.pl\/stockholm\/pl\/2025\/01\/13\/ephemeral-blaze-erik-klinga-aleksandra-slyz-koncert-w-inkonst\/\",\"url\":\"https:\/\/instytutpolski.pl\/stockholm\/pl\/2025\/01\/13\/ephemeral-blaze-erik-klinga-aleksandra-slyz-koncert-w-inkonst\/\",\"name\":\"Ephemeral Blaze \/\/ Erik Klinga + Aleksandra S\u0142y\u017c \u2013 koncert w Inkonst\",\"isPartOf\":{\"@id\":\"https:\/\/instytutpolski.pl\/stockholm\/#website\"},\"primaryImageOfPage\":{\"@id\":\"https:\/\/instytutpolski.pl\/stockholm\/pl\/2025\/01\/13\/ephemeral-blaze-erik-klinga-aleksandra-slyz-koncert-w-inkonst\/#primaryimage\"},\"image\":[\"https:\/\/instytutpolski.pl\/stockholm\/wp-content\/uploads\/sites\/17\/2025\/01\/Inkonst-2025_Hemsida.jpg\",\"https:\/\/instytutpolski.pl\/stockholm\/wp-content\/uploads\/sites\/17\/2025\/01\/Inkonst-2025_Hemsida-300x169.jpg\",\"https:\/\/instytutpolski.pl\/stockholm\/wp-content\/uploads\/sites\/17\/2025\/01\/Inkonst-2025_Hemsida-1024x576.jpg\",\"https:\/\/instytutpolski.pl\/stockholm\/wp-content\/uploads\/sites\/17\/2025\/01\/Inkonst-2025_Hemsida.jpg\"],\"thumbnailUrl\":\"https:\/\/instytutpolski.pl\/stockholm\/wp-content\/uploads\/sites\/17\/2025\/01\/Inkonst-2025_Hemsida.jpg\",\"datePublished\":\"2025-01-13T14:12:01+02:00\",\"dateModified\":\"2025-01-13T14:12:02+02:00\",\"author\":{\"@id\":\"https:\/\/instytutpolski.pl\/stockholm\/#\/schema\/person\/866a2c0f4ccf0982a286809684f7bc1e\"},\"breadcrumb\":{\"@id\":\"https:\/\/instytutpolski.pl\/stockholm\/pl\/2025\/01\/13\/ephemeral-blaze-erik-klinga-aleksandra-slyz-koncert-w-inkonst\/#breadcrumb\"},\"inLanguage\":\"pl-PL\",\"potentialAction\":[{\"@type\":\"ReadAction\",\"target\":[\"https:\/\/instytutpolski.pl\/stockholm\/pl\/2025\/01\/13\/ephemeral-blaze-erik-klinga-aleksandra-slyz-koncert-w-inkonst\/\"]}],\"@context\":\"https:\/\/schema.org\",\"startDate\":\"2025-01-24T08:00:00+02:00\",\"endDate\":\"2025-01-24T10:00:00+02:00\",\"eventStatus\":\"EventScheduled\",\"eventAttendanceMode\":\"OfflineEventAttendanceMode\",\"location\":{\"@type\":\"place\",\"name\":\"Inkonst, Bergsgatan 29, Malm\u00f6\",\"address\":\"Inkonst, Bergsgatan 29, Malm\u00f6\",\"geo\":{\"@type\":\"GeoCoordinates\",\"latitude\":\"55.58160911380736\",\"longitude\":\"13.055200174856376\"}},\"description\":\"Aleksandra S\u0142y\u017c - polska kompozytorka, sound designerka i re\u017cyserka d\u017awi\u0119ku, absolwentka Uniwersytetu im. Adama Mickiewicza i Akademii Muzycznej im. Ignacego Jana Paderewskiego w Poznaniu oraz Kr\u00f3lewskiego Konserwatorium w Sztokholmie. Cz\u0142onkini mi\u0119dzynarodowego projektu \u201eWe are Europe\u201d oraz platformy SHAPE+ zrzeszaj\u0105cej tw\u00f3rc\u00f3w innowacyjnej muzyki i sztuk audiowizualnych w Europie.\\nW wyst\u0119pach na \u017cywo artystka skupia si\u0119 na odnajdywaniu subtelnych po\u0142\u0105cze\u0144 mi\u0119dzy instrumentami akustycznymi a syntezatorami modu\u0142owymi, tworz\u0105c bogate, r\u00f3\u017cnorodne struktury dronowe, kt\u00f3re powoli, lecz intensywnie pulsuj\u0105 i rezonuj\u0105 z otaczaj\u0105c\u0105 przestrzeni\u0105 i odbiorc\u0105.\\nDrug\u0105, r\u00f3wnie wa\u017cn\u0105 cz\u0119\u015bci\u0105 jej praktyk artystycznych, s\u0105 interaktywne systemy sonifikacyjne. Od 2017 roku prowadzi badania artystyczne, w kt\u00f3rych stosuje praktyczne eksperymenty dotycz\u0105ce sonifikacji ruchu\/gestu, ludzkich odruch\u00f3w proprioceptywnych oraz r\u00f3\u017cnych rodzaj\u00f3w interakcji.\\nPrace S\u0142y\u017c by\u0142y prezentowane na festiwalach muzycznych i filmowych w Europie i USA, m.in. Avant Art Festival (Wroc\u0142aw), Between Festival (Sztokholm), CTM Festival (Berlin), Idealistic Festival (Kopenhaga), Kiev Music Festival (Kij\u00f3w), NODE Festival (Modena), ORF musikprotokoll (Graz), OSA Festival (Sopot), Unsound (Krak\u00f3w).\\nhttps:\/\/slyzaleksandra.bandcamp.com\/\\nhttps:\/\/www.instagram.com\/aleksandra.slyz\/\\nErik Klinga, urodzony w 1991 roku w Sandviken - szwedzki muzyk i kompozytor muzyki elektroakustycznej. Znany g\u0142\u00f3wnie z bycia cz\u0142onkiem w zespo\u0142ach Simian Ghost, Light Vibes i Horse Show oraz perkusist\u0105 w takich projektach jak Solen, Dolce oraz Mi von Ahn.\\nOstatnio wyst\u0119powa\u0142 m.in. na festiwalu Norberg Festival, w Muzeum Sztuki Wsp\u00f3\u0142czesnej Malm\u00f6 konstmuseum oraz w Hjorted Art and Music. W zwi\u0105zku z wydaniem \u201dElusive Shimmer\u201d wyst\u0105pi wkr\u00f3tce w: Mengi (Reykjav\u00edk), Ekko festival (Bergen), KET (Ateny), Organ Sound Art Festival (Kopenhaga), Inkonst (Malm\u00f6).\\nhttps:\/\/erikklinga.bandcamp.com\\nhttps:\/\/www.instagram.com\/erikklinga\\nBilety znajdziesz TUTAJ\"},{\"@type\":\"ImageObject\",\"inLanguage\":\"pl-PL\",\"@id\":\"https:\/\/instytutpolski.pl\/stockholm\/pl\/2025\/01\/13\/ephemeral-blaze-erik-klinga-aleksandra-slyz-koncert-w-inkonst\/#primaryimage\",\"url\":\"https:\/\/instytutpolski.pl\/stockholm\/wp-content\/uploads\/sites\/17\/2025\/01\/Inkonst-2025_Hemsida.jpg\",\"contentUrl\":\"https:\/\/instytutpolski.pl\/stockholm\/wp-content\/uploads\/sites\/17\/2025\/01\/Inkonst-2025_Hemsida.jpg\",\"width\":1120,\"height\":630},{\"@type\":\"BreadcrumbList\",\"@id\":\"https:\/\/instytutpolski.pl\/stockholm\/pl\/2025\/01\/13\/ephemeral-blaze-erik-klinga-aleksandra-slyz-koncert-w-inkonst\/#breadcrumb\",\"itemListElement\":[{\"@type\":\"ListItem\",\"position\":1,\"name\":\"Home\",\"item\":\"https:\/\/instytutpolski.pl\/stockholm\/\"},{\"@type\":\"ListItem\",\"position\":2,\"name\":\"Ephemeral Blaze \/\/ Erik Klinga + Aleksandra S\u0142y\u017c \u2013 koncert w Inkonst\"}]},{\"@type\":\"WebSite\",\"@id\":\"https:\/\/instytutpolski.pl\/stockholm\/#website\",\"url\":\"https:\/\/instytutpolski.pl\/stockholm\/\",\"name\":\"Instytut Polski w Sztokholmie\",\"description\":\"Instytuty Polskie\",\"potentialAction\":[{\"@type\":\"SearchAction\",\"target\":{\"@type\":\"EntryPoint\",\"urlTemplate\":\"https:\/\/instytutpolski.pl\/stockholm\/?s={search_term_string}\"},\"query-input\":{\"@type\":\"PropertyValueSpecification\",\"valueRequired\":true,\"valueName\":\"search_term_string\"}}],\"inLanguage\":\"pl-PL\"},{\"@type\":\"Person\",\"@id\":\"https:\/\/instytutpolski.pl\/stockholm\/#\/schema\/person\/866a2c0f4ccf0982a286809684f7bc1e\",\"name\":\"treichelp\",\"image\":{\"@type\":\"ImageObject\",\"inLanguage\":\"pl-PL\",\"@id\":\"https:\/\/instytutpolski.pl\/stockholm\/#\/schema\/person\/image\/\",\"url\":\"https:\/\/secure.gravatar.com\/avatar\/fb2c1caae0df0854742a56fc463dd1fb?s=96&d=mm&r=g\",\"contentUrl\":\"https:\/\/secure.gravatar.com\/avatar\/fb2c1caae0df0854742a56fc463dd1fb?s=96&d=mm&r=g\",\"caption\":\"treichelp\"},\"url\":\"https:\/\/instytutpolski.pl\/stockholm\/author\/treichelp\/\"}]}<\/script>\n<!-- \/ Yoast SEO plugin. -->","yoast_head_json":{"title":"Ephemeral Blaze \/\/ Erik Klinga + Aleksandra S\u0142y\u017c \u2013 koncert w Inkonst - Instytut Polski w Sztokholmie","robots":{"index":"index","follow":"follow","max-snippet":"max-snippet:-1","max-image-preview":"max-image-preview:large","max-video-preview":"max-video-preview:-1"},"canonical":"https:\/\/instytutpolski.pl\/stockholm\/pl\/2025\/01\/13\/ephemeral-blaze-erik-klinga-aleksandra-slyz-koncert-w-inkonst\/","og_locale":"pl_PL","og_type":"article","og_title":"Ephemeral Blaze \/\/ Erik Klinga + Aleksandra S\u0142y\u017c \u2013 koncert w Inkonst - Instytut Polski w Sztokholmie","og_description":"Aleksandra S\u0142y\u017c &#8211; polska kompozytorka, sound designerka i re\u017cyserka d\u017awi\u0119ku, absolwentka Uniwersytetu im. Adama Mickiewicza i Akademii Muzycznej im. Ignacego Jana Paderewskiego w Poznaniu oraz Kr\u00f3lewskiego Konserwatorium w Sztokholmie. Cz\u0142onkini mi\u0119dzynarodowego projektu \u201eWe are Europe\u201d oraz platformy SHAPE+ zrzeszaj\u0105cej tw\u00f3rc\u00f3w innowacyjnej muzyki i sztuk audiowizualnych w Europie. W wyst\u0119pach na \u017cywo artystka skupia si\u0119 na [&hellip;]","og_url":"https:\/\/instytutpolski.pl\/stockholm\/pl\/2025\/01\/13\/ephemeral-blaze-erik-klinga-aleksandra-slyz-koncert-w-inkonst\/","og_site_name":"Instytut Polski w Sztokholmie","article_published_time":"2025-01-13T14:12:01+00:00","article_modified_time":"2025-01-13T14:12:02+00:00","og_image":[{"width":1120,"height":630,"url":"https:\/\/instytutpolski.pl\/stockholm\/wp-content\/uploads\/sites\/17\/2025\/01\/Inkonst-2025_Hemsida.jpg","type":"image\/jpeg"}],"author":"treichelp","twitter_card":"summary_large_image","twitter_misc":{"Napisane przez":"treichelp","Szacowany czas czytania":"2 minuty"},"schema":{"@context":"https:\/\/schema.org","@graph":[{"@type":"event","@id":"https:\/\/instytutpolski.pl\/stockholm\/pl\/2025\/01\/13\/ephemeral-blaze-erik-klinga-aleksandra-slyz-koncert-w-inkonst\/","url":"https:\/\/instytutpolski.pl\/stockholm\/pl\/2025\/01\/13\/ephemeral-blaze-erik-klinga-aleksandra-slyz-koncert-w-inkonst\/","name":"Ephemeral Blaze \/\/ Erik Klinga + Aleksandra S\u0142y\u017c \u2013 koncert w Inkonst","isPartOf":{"@id":"https:\/\/instytutpolski.pl\/stockholm\/#website"},"primaryImageOfPage":{"@id":"https:\/\/instytutpolski.pl\/stockholm\/pl\/2025\/01\/13\/ephemeral-blaze-erik-klinga-aleksandra-slyz-koncert-w-inkonst\/#primaryimage"},"image":["https:\/\/instytutpolski.pl\/stockholm\/wp-content\/uploads\/sites\/17\/2025\/01\/Inkonst-2025_Hemsida.jpg","https:\/\/instytutpolski.pl\/stockholm\/wp-content\/uploads\/sites\/17\/2025\/01\/Inkonst-2025_Hemsida-300x169.jpg","https:\/\/instytutpolski.pl\/stockholm\/wp-content\/uploads\/sites\/17\/2025\/01\/Inkonst-2025_Hemsida-1024x576.jpg","https:\/\/instytutpolski.pl\/stockholm\/wp-content\/uploads\/sites\/17\/2025\/01\/Inkonst-2025_Hemsida.jpg"],"thumbnailUrl":"https:\/\/instytutpolski.pl\/stockholm\/wp-content\/uploads\/sites\/17\/2025\/01\/Inkonst-2025_Hemsida.jpg","datePublished":"2025-01-13T14:12:01+02:00","dateModified":"2025-01-13T14:12:02+02:00","author":{"@id":"https:\/\/instytutpolski.pl\/stockholm\/#\/schema\/person\/866a2c0f4ccf0982a286809684f7bc1e"},"breadcrumb":{"@id":"https:\/\/instytutpolski.pl\/stockholm\/pl\/2025\/01\/13\/ephemeral-blaze-erik-klinga-aleksandra-slyz-koncert-w-inkonst\/#breadcrumb"},"inLanguage":"pl-PL","potentialAction":[{"@type":"ReadAction","target":["https:\/\/instytutpolski.pl\/stockholm\/pl\/2025\/01\/13\/ephemeral-blaze-erik-klinga-aleksandra-slyz-koncert-w-inkonst\/"]}],"@context":"https:\/\/schema.org","startDate":"2025-01-24T08:00:00+02:00","endDate":"2025-01-24T10:00:00+02:00","eventStatus":"EventScheduled","eventAttendanceMode":"OfflineEventAttendanceMode","location":{"@type":"place","name":"Inkonst, Bergsgatan 29, Malm\u00f6","address":"Inkonst, Bergsgatan 29, Malm\u00f6","geo":{"@type":"GeoCoordinates","latitude":"55.58160911380736","longitude":"13.055200174856376"}},"description":"Aleksandra S\u0142y\u017c - polska kompozytorka, sound designerka i re\u017cyserka d\u017awi\u0119ku, absolwentka Uniwersytetu im. Adama Mickiewicza i Akademii Muzycznej im. Ignacego Jana Paderewskiego w Poznaniu oraz Kr\u00f3lewskiego Konserwatorium w Sztokholmie. Cz\u0142onkini mi\u0119dzynarodowego projektu \u201eWe are Europe\u201d oraz platformy SHAPE+ zrzeszaj\u0105cej tw\u00f3rc\u00f3w innowacyjnej muzyki i sztuk audiowizualnych w Europie.\nW wyst\u0119pach na \u017cywo artystka skupia si\u0119 na odnajdywaniu subtelnych po\u0142\u0105cze\u0144 mi\u0119dzy instrumentami akustycznymi a syntezatorami modu\u0142owymi, tworz\u0105c bogate, r\u00f3\u017cnorodne struktury dronowe, kt\u00f3re powoli, lecz intensywnie pulsuj\u0105 i rezonuj\u0105 z otaczaj\u0105c\u0105 przestrzeni\u0105 i odbiorc\u0105.\nDrug\u0105, r\u00f3wnie wa\u017cn\u0105 cz\u0119\u015bci\u0105 jej praktyk artystycznych, s\u0105 interaktywne systemy sonifikacyjne. Od 2017 roku prowadzi badania artystyczne, w kt\u00f3rych stosuje praktyczne eksperymenty dotycz\u0105ce sonifikacji ruchu\/gestu, ludzkich odruch\u00f3w proprioceptywnych oraz r\u00f3\u017cnych rodzaj\u00f3w interakcji.\nPrace S\u0142y\u017c by\u0142y prezentowane na festiwalach muzycznych i filmowych w Europie i USA, m.in. Avant Art Festival (Wroc\u0142aw), Between Festival (Sztokholm), CTM Festival (Berlin), Idealistic Festival (Kopenhaga), Kiev Music Festival (Kij\u00f3w), NODE Festival (Modena), ORF musikprotokoll (Graz), OSA Festival (Sopot), Unsound (Krak\u00f3w).\nhttps:\/\/slyzaleksandra.bandcamp.com\/\nhttps:\/\/www.instagram.com\/aleksandra.slyz\/\nErik Klinga, urodzony w 1991 roku w Sandviken - szwedzki muzyk i kompozytor muzyki elektroakustycznej. Znany g\u0142\u00f3wnie z bycia cz\u0142onkiem w zespo\u0142ach Simian Ghost, Light Vibes i Horse Show oraz perkusist\u0105 w takich projektach jak Solen, Dolce oraz Mi von Ahn.\nOstatnio wyst\u0119powa\u0142 m.in. na festiwalu Norberg Festival, w Muzeum Sztuki Wsp\u00f3\u0142czesnej Malm\u00f6 konstmuseum oraz w Hjorted Art and Music. W zwi\u0105zku z wydaniem \u201dElusive Shimmer\u201d wyst\u0105pi wkr\u00f3tce w: Mengi (Reykjav\u00edk), Ekko festival (Bergen), KET (Ateny), Organ Sound Art Festival (Kopenhaga), Inkonst (Malm\u00f6).\nhttps:\/\/erikklinga.bandcamp.com\nhttps:\/\/www.instagram.com\/erikklinga\nBilety znajdziesz TUTAJ"},{"@type":"ImageObject","inLanguage":"pl-PL","@id":"https:\/\/instytutpolski.pl\/stockholm\/pl\/2025\/01\/13\/ephemeral-blaze-erik-klinga-aleksandra-slyz-koncert-w-inkonst\/#primaryimage","url":"https:\/\/instytutpolski.pl\/stockholm\/wp-content\/uploads\/sites\/17\/2025\/01\/Inkonst-2025_Hemsida.jpg","contentUrl":"https:\/\/instytutpolski.pl\/stockholm\/wp-content\/uploads\/sites\/17\/2025\/01\/Inkonst-2025_Hemsida.jpg","width":1120,"height":630},{"@type":"BreadcrumbList","@id":"https:\/\/instytutpolski.pl\/stockholm\/pl\/2025\/01\/13\/ephemeral-blaze-erik-klinga-aleksandra-slyz-koncert-w-inkonst\/#breadcrumb","itemListElement":[{"@type":"ListItem","position":1,"name":"Home","item":"https:\/\/instytutpolski.pl\/stockholm\/"},{"@type":"ListItem","position":2,"name":"Ephemeral Blaze \/\/ Erik Klinga + Aleksandra S\u0142y\u017c \u2013 koncert w Inkonst"}]},{"@type":"WebSite","@id":"https:\/\/instytutpolski.pl\/stockholm\/#website","url":"https:\/\/instytutpolski.pl\/stockholm\/","name":"Instytut Polski w Sztokholmie","description":"Instytuty Polskie","potentialAction":[{"@type":"SearchAction","target":{"@type":"EntryPoint","urlTemplate":"https:\/\/instytutpolski.pl\/stockholm\/?s={search_term_string}"},"query-input":{"@type":"PropertyValueSpecification","valueRequired":true,"valueName":"search_term_string"}}],"inLanguage":"pl-PL"},{"@type":"Person","@id":"https:\/\/instytutpolski.pl\/stockholm\/#\/schema\/person\/866a2c0f4ccf0982a286809684f7bc1e","name":"treichelp","image":{"@type":"ImageObject","inLanguage":"pl-PL","@id":"https:\/\/instytutpolski.pl\/stockholm\/#\/schema\/person\/image\/","url":"https:\/\/secure.gravatar.com\/avatar\/fb2c1caae0df0854742a56fc463dd1fb?s=96&d=mm&r=g","contentUrl":"https:\/\/secure.gravatar.com\/avatar\/fb2c1caae0df0854742a56fc463dd1fb?s=96&d=mm&r=g","caption":"treichelp"},"url":"https:\/\/instytutpolski.pl\/stockholm\/author\/treichelp\/"}]}},"_links":{"self":[{"href":"https:\/\/instytutpolski.pl\/stockholm\/wp-json\/wp\/v2\/posts\/13526","targetHints":{"allow":["GET"]}}],"collection":[{"href":"https:\/\/instytutpolski.pl\/stockholm\/wp-json\/wp\/v2\/posts"}],"about":[{"href":"https:\/\/instytutpolski.pl\/stockholm\/wp-json\/wp\/v2\/types\/post"}],"author":[{"embeddable":true,"href":"https:\/\/instytutpolski.pl\/stockholm\/wp-json\/wp\/v2\/users\/173"}],"replies":[{"embeddable":true,"href":"https:\/\/instytutpolski.pl\/stockholm\/wp-json\/wp\/v2\/comments?post=13526"}],"version-history":[{"count":3,"href":"https:\/\/instytutpolski.pl\/stockholm\/wp-json\/wp\/v2\/posts\/13526\/revisions"}],"predecessor-version":[{"id":13529,"href":"https:\/\/instytutpolski.pl\/stockholm\/wp-json\/wp\/v2\/posts\/13526\/revisions\/13529"}],"wp:featuredmedia":[{"embeddable":true,"href":"https:\/\/instytutpolski.pl\/stockholm\/wp-json\/wp\/v2\/media\/13522"}],"wp:attachment":[{"href":"https:\/\/instytutpolski.pl\/stockholm\/wp-json\/wp\/v2\/media?parent=13526"}],"wp:term":[{"taxonomy":"category","embeddable":true,"href":"https:\/\/instytutpolski.pl\/stockholm\/wp-json\/wp\/v2\/categories?post=13526"},{"taxonomy":"post_tag","embeddable":true,"href":"https:\/\/instytutpolski.pl\/stockholm\/wp-json\/wp\/v2\/tags?post=13526"}],"curies":[{"name":"wp","href":"https:\/\/api.w.org\/{rel}","templated":true}]}}