{"id":13530,"date":"2025-01-13T15:29:35","date_gmt":"2025-01-13T14:29:35","guid":{"rendered":"https:\/\/instytutpolski.pl\/stockholm\/?p=13530"},"modified":"2025-01-17T16:19:38","modified_gmt":"2025-01-17T15:19:38","slug":"aleksandra-kucharskas-konst-pa-malmo-konsthall","status":"publish","type":"post","link":"https:\/\/instytutpolski.pl\/stockholm\/2025\/01\/13\/aleksandra-kucharskas-konst-pa-malmo-konsthall\/","title":{"rendered":"Aleksandra Kucharskas konst p\u00e5 Malm\u00f6 Konsthall"},"content":{"rendered":"\n<p>Medverkande konstn\u00e4rer:<br>Hannibal Andersen, Kalle Brolin, K\u00e5re Frang, Sebastian Hedevang &amp; Andreas R\u00f8nholt Schmidt, Henriette Heise, Silas Inoue, Hanni Kamaly, Dag Kewenter, Aleksandra Kucharska, Ina Nian, Jessica Olausson, Vibe Overgaard, Matilda Tj\u00e4der.<\/p>\n\n\n\n<p>Curator:<br>Post Brothers<\/p>\n\n\n\n<p>Utst\u00e4llningen \u201cTorrl\u00e4gg \u00d6resund\u201d unders\u00f6ker regionen som en plats f\u00f6r sociokulturella, ekologiska, teknologiska, ekonomiska och politiska sammanfl\u00e4tningar. Med lokala och regionala ber\u00e4ttelser som utg\u00e5ngspunkt unders\u00f6ks st\u00f6rre globala r\u00f6relser och processer \u2013\u202fmigration, klimatf\u00f6r\u00e4ndringar, ekonomisk utveckling \u2013\u202ff\u00f6r att blottl\u00e4gga sambandet mellan fakta och fiktion, utveckling och f\u00f6rfall, jaget och v\u00e4rlden.<\/p>\n\n\n\n<p>Utst\u00e4llningen presenterar en kritisk syn p\u00e5 v\u00e4lf\u00e4rdsstatens infrastruktur och den greenwashing som anv\u00e4nts av kommersiella akt\u00f6rer f\u00f6r att verkst\u00e4lla vinstdrivna projekt. M\u00e5nga av konstverken belyser olika kretslopp av utbyte och utforskar de f\u00f6rhoppningar och misslyckanden som omger massiva samh\u00e4llsomvandlingar, och gr\u00e4ver i de allt grumligare relationerna mellan det offentliga och det privata, det f\u00f6rflutna och nutiden, konstruktion och f\u00f6rst\u00f6relse.<\/p>\n\n\n\n<p>Gemensamt f\u00f6r konstn\u00e4rerna \u00e4r att de unders\u00f6ker hur v\u00e5ra samh\u00e4llsstrukturer p\u00e5verkar m\u00e4nskligt arbete, m\u00e4nskliga kroppar och v\u00e5ra levda liv. Flera av konstn\u00e4rerna arbetar utifr\u00e5n ett socialhistoriskt perspektiv och unders\u00f6ker olika r\u00f6relser och ber\u00e4ttelser i regionen, ofta mot en bakgrund av klimatf\u00f6r\u00e4ndringar och privatisering. M\u00e5nga av verken bottnar i verkliga ber\u00e4ttelser om regionens omvandling och historia, ber\u00e4ttelser som regionen har omfamnat, exploaterat eller avvisat. Genom konstn\u00e4rlig bearbetning \u00f6ppnas ber\u00e4ttelserna upp f\u00f6r nya tolkningar av arbete, ekologi, migration och klass.<\/p>\n\n\n\n<p>\u00c5r 1953 kom den sk\u00e5nska industrimannen Ruben Rausing med ett ambiti\u00f6st f\u00f6rslag: torrl\u00e4gg \u00d6resund och f\u00f6r samman Malm\u00f6 och K\u00f6penhamn f\u00f6r att skapa ny plats f\u00f6r utveckling. I st\u00e4llet f\u00f6r att enbart se Rausings uttalande som ett uttryck f\u00f6r kapitalistisk beg\u00e4rs- och tillv\u00e4xtlogik har utst\u00e4llningens curator Post Brothers valt att omfamna absurditeten i uttalandet och se det som en konstn\u00e4rlig provokation f\u00f6r att ompr\u00f6va id\u00e9er om landsgr\u00e4nser och utveckling. Post Brothers \u00e4r inspirerad av forskaren och arkitekten Jesper Meijlings text \u201dAll That Is Fluid Becomes Solid: Lecture on Landscape and Economy\u201d (2000), d\u00e4r Meijling ser en koppling mellan Rausings dr\u00f6m om att omdirigera \u00d6resunds vattenfl\u00f6de och det logistiska t\u00e4nkande som pr\u00e4glar hans f\u00f6retag Tetra Pak, vars verksamhet g\u00e5r ut p\u00e5 att f\u00f6rpacka flytande livsmedel.<\/p>\n\n\n\n<p>Malm\u00f6 har en stark och livaktig scen f\u00f6r samtida konst. \u201cTorrl\u00e4gg \u00d6resund\u201d lyfter blicken \u00f6ver sundet, och utforskar regionens ursprung och riktning, samt kopplingen mellan Malm\u00f6 och K\u00f6penhamn. Vilka m\u00f6jligheter finns i det mellanrum som detta gr\u00e4nsland utg\u00f6r? Och vilka olika material, trauman och verkligheter d\u00f6ljer sig p\u00e5 havsbotten? Utst\u00e4llningen anf\u00f6r en absurd men kritisk pessimism f\u00f6r att inspirera till nya reflektioner, med utg\u00e5ngspunkt i Rausings paradoxala id\u00e9 som b\u00e5de en \u00f6verdrift av utvecklingsretorik och ett dj\u00e4rvt omt\u00e4nkande av regionen. Tanken p\u00e5 att torrl\u00e4gga \u00d6resund \u00e4r att t\u00f6mma det p\u00e5 sitt bagage och blottl\u00e4gga dess m\u00f6rka djup, visa vad som har g\u00e5tt f\u00f6rlorat och frambringa nya dr\u00f6mmar f\u00f6r regionens framtid.<\/p>\n\n\n\n<p>L\u00e4s mer om Aleksandra Kucharska <a href=\"https:\/\/aleksandrakucharska.com\/cv\/\" target=\"_blank\" rel=\"noreferrer noopener\">H\u00c4R<\/a><br>L\u00e4s mer om utst\u00e4llningen <a href=\"https:\/\/malmokonsthall.se\/utstallningar\/torrlagg-oresund\/\" target=\"_blank\" rel=\"noreferrer noopener\">H\u00c4R<\/a><\/p>\n","protected":false},"excerpt":{"rendered":"<p>Medverkande konstn\u00e4rer:Hannibal Andersen, Kalle Brolin, K\u00e5re Frang, Sebastian Hedevang &amp; Andreas R\u00f8nholt Schmidt, Henriette Heise, Silas Inoue, Hanni Kamaly, Dag Kewenter, Aleksandra Kucharska, Ina Nian, Jessica Olausson, Vibe Overgaard, Matilda Tj\u00e4der. Curator:Post Brothers Utst\u00e4llningen \u201cTorrl\u00e4gg \u00d6resund\u201d unders\u00f6ker regionen som en plats f\u00f6r sociokulturella, ekologiska, teknologiska, ekonomiska och politiska sammanfl\u00e4tningar. Med lokala och regionala ber\u00e4ttelser som [&hellip;]<\/p>\n","protected":false},"author":173,"featured_media":13531,"comment_status":"closed","ping_status":"closed","sticky":false,"template":"","format":"standard","meta":{"inline_featured_image":false,"_monsterinsights_skip_tracking":false,"_monsterinsights_sitenote_active":false,"_monsterinsights_sitenote_note":"","_monsterinsights_sitenote_category":0,"footnotes":""},"categories":[222,318,12,102,188],"tags":[],"class_list":["post-13530","post","type-post","status-publish","format-standard","has-post-thumbnail","hentry","category-aktualnosc-se","category-artykuly-se","category-evenemang","category-konst","category-sztuka-polska-se"],"yoast_head":"<!-- This site is optimized with the Yoast SEO plugin v24.6 - https:\/\/yoast.com\/wordpress\/plugins\/seo\/ -->\n<title>Aleksandra Kucharskas konst p\u00e5 Malm\u00f6 Konsthall - Instytut Polski w Sztokholmie<\/title>\n<meta name=\"robots\" content=\"index, follow, max-snippet:-1, max-image-preview:large, max-video-preview:-1\" \/>\n<link rel=\"canonical\" href=\"https:\/\/instytutpolski.pl\/stockholm\/2025\/01\/13\/aleksandra-kucharskas-konst-pa-malmo-konsthall\/\" \/>\n<meta property=\"og:locale\" content=\"pl_PL\" \/>\n<meta property=\"og:type\" content=\"article\" \/>\n<meta property=\"og:title\" content=\"Aleksandra Kucharskas konst p\u00e5 Malm\u00f6 Konsthall - Instytut Polski w Sztokholmie\" \/>\n<meta property=\"og:description\" content=\"Medverkande konstn\u00e4rer:Hannibal Andersen, Kalle Brolin, K\u00e5re Frang, Sebastian Hedevang &amp; Andreas R\u00f8nholt Schmidt, Henriette Heise, Silas Inoue, Hanni Kamaly, Dag Kewenter, Aleksandra Kucharska, Ina Nian, Jessica Olausson, Vibe Overgaard, Matilda Tj\u00e4der. Curator:Post Brothers Utst\u00e4llningen \u201cTorrl\u00e4gg \u00d6resund\u201d unders\u00f6ker regionen som en plats f\u00f6r sociokulturella, ekologiska, teknologiska, ekonomiska och politiska sammanfl\u00e4tningar. Med lokala och regionala ber\u00e4ttelser som [&hellip;]\" \/>\n<meta property=\"og:url\" content=\"https:\/\/instytutpolski.pl\/stockholm\/2025\/01\/13\/aleksandra-kucharskas-konst-pa-malmo-konsthall\/\" \/>\n<meta property=\"og:site_name\" content=\"Instytut Polski w Sztokholmie\" \/>\n<meta property=\"article:published_time\" content=\"2025-01-13T14:29:35+00:00\" \/>\n<meta property=\"article:modified_time\" content=\"2025-01-17T15:19:38+00:00\" \/>\n<meta property=\"og:image\" content=\"https:\/\/instytutpolski.pl\/stockholm\/wp-content\/uploads\/sites\/17\/2025\/01\/A-Kucharska-2025_Hemsida.jpg\" \/>\n\t<meta property=\"og:image:width\" content=\"1120\" \/>\n\t<meta property=\"og:image:height\" content=\"630\" \/>\n\t<meta property=\"og:image:type\" content=\"image\/jpeg\" \/>\n<meta name=\"author\" content=\"treichelp\" \/>\n<meta name=\"twitter:card\" content=\"summary_large_image\" \/>\n<meta name=\"twitter:label1\" content=\"Napisane przez\" \/>\n\t<meta name=\"twitter:data1\" content=\"treichelp\" \/>\n\t<meta name=\"twitter:label2\" content=\"Szacowany czas czytania\" \/>\n\t<meta name=\"twitter:data2\" content=\"3 minuty\" \/>\n<script type=\"application\/ld+json\" class=\"yoast-schema-graph\">{\"@context\":\"https:\/\/schema.org\",\"@graph\":[{\"@type\":\"event\",\"@id\":\"https:\/\/instytutpolski.pl\/stockholm\/2025\/01\/13\/aleksandra-kucharskas-konst-pa-malmo-konsthall\/\",\"url\":\"https:\/\/instytutpolski.pl\/stockholm\/2025\/01\/13\/aleksandra-kucharskas-konst-pa-malmo-konsthall\/\",\"name\":\"Aleksandra Kucharskas konst p\u00e5 Malm\u00f6 Konsthall\",\"isPartOf\":{\"@id\":\"https:\/\/instytutpolski.pl\/stockholm\/#website\"},\"primaryImageOfPage\":{\"@id\":\"https:\/\/instytutpolski.pl\/stockholm\/2025\/01\/13\/aleksandra-kucharskas-konst-pa-malmo-konsthall\/#primaryimage\"},\"image\":[\"https:\/\/instytutpolski.pl\/stockholm\/wp-content\/uploads\/sites\/17\/2025\/01\/A-Kucharska-2025_Hemsida.jpg\",\"https:\/\/instytutpolski.pl\/stockholm\/wp-content\/uploads\/sites\/17\/2025\/01\/A-Kucharska-2025_Hemsida-300x169.jpg\",\"https:\/\/instytutpolski.pl\/stockholm\/wp-content\/uploads\/sites\/17\/2025\/01\/A-Kucharska-2025_Hemsida-1024x576.jpg\",\"https:\/\/instytutpolski.pl\/stockholm\/wp-content\/uploads\/sites\/17\/2025\/01\/A-Kucharska-2025_Hemsida.jpg\"],\"thumbnailUrl\":\"https:\/\/instytutpolski.pl\/stockholm\/wp-content\/uploads\/sites\/17\/2025\/01\/A-Kucharska-2025_Hemsida.jpg\",\"datePublished\":\"2025-01-13T14:29:35+02:00\",\"dateModified\":\"2025-01-17T15:19:38+02:00\",\"author\":{\"@id\":\"https:\/\/instytutpolski.pl\/stockholm\/#\/schema\/person\/866a2c0f4ccf0982a286809684f7bc1e\"},\"breadcrumb\":{\"@id\":\"https:\/\/instytutpolski.pl\/stockholm\/2025\/01\/13\/aleksandra-kucharskas-konst-pa-malmo-konsthall\/#breadcrumb\"},\"inLanguage\":\"pl-PL\",\"potentialAction\":[{\"@type\":\"ReadAction\",\"target\":[\"https:\/\/instytutpolski.pl\/stockholm\/2025\/01\/13\/aleksandra-kucharskas-konst-pa-malmo-konsthall\/\"]}],\"@context\":\"https:\/\/schema.org\",\"startDate\":\"2025-02-08\",\"endDate\":\"2025-05-04\",\"eventStatus\":\"EventScheduled\",\"eventAttendanceMode\":\"OfflineEventAttendanceMode\",\"location\":{\"@type\":\"place\",\"name\":\"Malm\u00f6 Konsthall, S:t Johannesgatan 7, Malm\u00f6\",\"address\":\"Malm\u00f6 Konsthall, S:t Johannesgatan 7, Malm\u00f6\",\"geo\":{\"@type\":\"GeoCoordinates\",\"latitude\":\"55.57480851077298\",\"longitude\":\"12.741226764741048\"}},\"description\":\"Medverkande konstn\u00e4rer:Hannibal Andersen, Kalle Brolin, K\u00e5re Frang, Sebastian Hedevang &amp; Andreas R\u00f8nholt Schmidt, Henriette Heise, Silas Inoue, Hanni Kamaly, Dag Kewenter, Aleksandra Kucharska, Ina Nian, Jessica Olausson, Vibe Overgaard, Matilda Tj\u00e4der.\\nCurator:Post Brothers\\nUtst\u00e4llningen \u201cTorrl\u00e4gg \u00d6resund\u201d unders\u00f6ker regionen som en plats f\u00f6r sociokulturella, ekologiska, teknologiska, ekonomiska och politiska sammanfl\u00e4tningar. Med lokala och regionala ber\u00e4ttelser som utg\u00e5ngspunkt unders\u00f6ks st\u00f6rre globala r\u00f6relser och processer \u2013\u202fmigration, klimatf\u00f6r\u00e4ndringar, ekonomisk utveckling \u2013\u202ff\u00f6r att blottl\u00e4gga sambandet mellan fakta och fiktion, utveckling och f\u00f6rfall, jaget och v\u00e4rlden.\\nUtst\u00e4llningen presenterar en kritisk syn p\u00e5 v\u00e4lf\u00e4rdsstatens infrastruktur och den greenwashing som anv\u00e4nts av kommersiella akt\u00f6rer f\u00f6r att verkst\u00e4lla vinstdrivna projekt. M\u00e5nga av konstverken belyser olika kretslopp av utbyte och utforskar de f\u00f6rhoppningar och misslyckanden som omger massiva samh\u00e4llsomvandlingar, och gr\u00e4ver i de allt grumligare relationerna mellan det offentliga och det privata, det f\u00f6rflutna och nutiden, konstruktion och f\u00f6rst\u00f6relse.\\nGemensamt f\u00f6r konstn\u00e4rerna \u00e4r att de unders\u00f6ker hur v\u00e5ra samh\u00e4llsstrukturer p\u00e5verkar m\u00e4nskligt arbete, m\u00e4nskliga kroppar och v\u00e5ra levda liv. Flera av konstn\u00e4rerna arbetar utifr\u00e5n ett socialhistoriskt perspektiv och unders\u00f6ker olika r\u00f6relser och ber\u00e4ttelser i regionen, ofta mot en bakgrund av klimatf\u00f6r\u00e4ndringar och privatisering. M\u00e5nga av verken bottnar i verkliga ber\u00e4ttelser om regionens omvandling och historia, ber\u00e4ttelser som regionen har omfamnat, exploaterat eller avvisat. Genom konstn\u00e4rlig bearbetning \u00f6ppnas ber\u00e4ttelserna upp f\u00f6r nya tolkningar av arbete, ekologi, migration och klass.\\n\u00c5r 1953 kom den sk\u00e5nska industrimannen Ruben Rausing med ett ambiti\u00f6st f\u00f6rslag: torrl\u00e4gg \u00d6resund och f\u00f6r samman Malm\u00f6 och K\u00f6penhamn f\u00f6r att skapa ny plats f\u00f6r utveckling. I st\u00e4llet f\u00f6r att enbart se Rausings uttalande som ett uttryck f\u00f6r kapitalistisk beg\u00e4rs- och tillv\u00e4xtlogik har utst\u00e4llningens curator Post Brothers valt att omfamna absurditeten i uttalandet och se det som en konstn\u00e4rlig provokation f\u00f6r att ompr\u00f6va id\u00e9er om landsgr\u00e4nser och utveckling. Post Brothers \u00e4r inspirerad av forskaren och arkitekten Jesper Meijlings text \u201dAll That Is Fluid Becomes Solid: Lecture on Landscape and Economy\u201d (2000), d\u00e4r Meijling ser en koppling mellan Rausings dr\u00f6m om att omdirigera \u00d6resunds vattenfl\u00f6de och det logistiska t\u00e4nkande som pr\u00e4glar hans f\u00f6retag Tetra Pak, vars verksamhet g\u00e5r ut p\u00e5 att f\u00f6rpacka flytande livsmedel.\\nMalm\u00f6 har en stark och livaktig scen f\u00f6r samtida konst. \u201cTorrl\u00e4gg \u00d6resund\u201d lyfter blicken \u00f6ver sundet, och utforskar regionens ursprung och riktning, samt kopplingen mellan Malm\u00f6 och K\u00f6penhamn. Vilka m\u00f6jligheter finns i det mellanrum som detta gr\u00e4nsland utg\u00f6r? Och vilka olika material, trauman och verkligheter d\u00f6ljer sig p\u00e5 havsbotten? Utst\u00e4llningen anf\u00f6r en absurd men kritisk pessimism f\u00f6r att inspirera till nya reflektioner, med utg\u00e5ngspunkt i Rausings paradoxala id\u00e9 som b\u00e5de en \u00f6verdrift av utvecklingsretorik och ett dj\u00e4rvt omt\u00e4nkande av regionen. Tanken p\u00e5 att torrl\u00e4gga \u00d6resund \u00e4r att t\u00f6mma det p\u00e5 sitt bagage och blottl\u00e4gga dess m\u00f6rka djup, visa vad som har g\u00e5tt f\u00f6rlorat och frambringa nya dr\u00f6mmar f\u00f6r regionens framtid.\\nL\u00e4s mer om Aleksandra Kucharska H\u00c4RL\u00e4s mer om utst\u00e4llningen H\u00c4R\"},{\"@type\":\"ImageObject\",\"inLanguage\":\"pl-PL\",\"@id\":\"https:\/\/instytutpolski.pl\/stockholm\/2025\/01\/13\/aleksandra-kucharskas-konst-pa-malmo-konsthall\/#primaryimage\",\"url\":\"https:\/\/instytutpolski.pl\/stockholm\/wp-content\/uploads\/sites\/17\/2025\/01\/A-Kucharska-2025_Hemsida.jpg\",\"contentUrl\":\"https:\/\/instytutpolski.pl\/stockholm\/wp-content\/uploads\/sites\/17\/2025\/01\/A-Kucharska-2025_Hemsida.jpg\",\"width\":1120,\"height\":630},{\"@type\":\"BreadcrumbList\",\"@id\":\"https:\/\/instytutpolski.pl\/stockholm\/2025\/01\/13\/aleksandra-kucharskas-konst-pa-malmo-konsthall\/#breadcrumb\",\"itemListElement\":[{\"@type\":\"ListItem\",\"position\":1,\"name\":\"Home\",\"item\":\"https:\/\/instytutpolski.pl\/stockholm\/\"},{\"@type\":\"ListItem\",\"position\":2,\"name\":\"Aleksandra Kucharskas konst p\u00e5 Malm\u00f6 Konsthall\"}]},{\"@type\":\"WebSite\",\"@id\":\"https:\/\/instytutpolski.pl\/stockholm\/#website\",\"url\":\"https:\/\/instytutpolski.pl\/stockholm\/\",\"name\":\"Instytut Polski w Sztokholmie\",\"description\":\"Instytuty Polskie\",\"potentialAction\":[{\"@type\":\"SearchAction\",\"target\":{\"@type\":\"EntryPoint\",\"urlTemplate\":\"https:\/\/instytutpolski.pl\/stockholm\/?s={search_term_string}\"},\"query-input\":{\"@type\":\"PropertyValueSpecification\",\"valueRequired\":true,\"valueName\":\"search_term_string\"}}],\"inLanguage\":\"pl-PL\"},{\"@type\":\"Person\",\"@id\":\"https:\/\/instytutpolski.pl\/stockholm\/#\/schema\/person\/866a2c0f4ccf0982a286809684f7bc1e\",\"name\":\"treichelp\",\"image\":{\"@type\":\"ImageObject\",\"inLanguage\":\"pl-PL\",\"@id\":\"https:\/\/instytutpolski.pl\/stockholm\/#\/schema\/person\/image\/\",\"url\":\"https:\/\/secure.gravatar.com\/avatar\/fb2c1caae0df0854742a56fc463dd1fb?s=96&d=mm&r=g\",\"contentUrl\":\"https:\/\/secure.gravatar.com\/avatar\/fb2c1caae0df0854742a56fc463dd1fb?s=96&d=mm&r=g\",\"caption\":\"treichelp\"},\"url\":\"https:\/\/instytutpolski.pl\/stockholm\/author\/treichelp\/\"}]}<\/script>\n<!-- \/ Yoast SEO plugin. -->","yoast_head_json":{"title":"Aleksandra Kucharskas konst p\u00e5 Malm\u00f6 Konsthall - Instytut Polski w Sztokholmie","robots":{"index":"index","follow":"follow","max-snippet":"max-snippet:-1","max-image-preview":"max-image-preview:large","max-video-preview":"max-video-preview:-1"},"canonical":"https:\/\/instytutpolski.pl\/stockholm\/2025\/01\/13\/aleksandra-kucharskas-konst-pa-malmo-konsthall\/","og_locale":"pl_PL","og_type":"article","og_title":"Aleksandra Kucharskas konst p\u00e5 Malm\u00f6 Konsthall - Instytut Polski w Sztokholmie","og_description":"Medverkande konstn\u00e4rer:Hannibal Andersen, Kalle Brolin, K\u00e5re Frang, Sebastian Hedevang &amp; Andreas R\u00f8nholt Schmidt, Henriette Heise, Silas Inoue, Hanni Kamaly, Dag Kewenter, Aleksandra Kucharska, Ina Nian, Jessica Olausson, Vibe Overgaard, Matilda Tj\u00e4der. Curator:Post Brothers Utst\u00e4llningen \u201cTorrl\u00e4gg \u00d6resund\u201d unders\u00f6ker regionen som en plats f\u00f6r sociokulturella, ekologiska, teknologiska, ekonomiska och politiska sammanfl\u00e4tningar. Med lokala och regionala ber\u00e4ttelser som [&hellip;]","og_url":"https:\/\/instytutpolski.pl\/stockholm\/2025\/01\/13\/aleksandra-kucharskas-konst-pa-malmo-konsthall\/","og_site_name":"Instytut Polski w Sztokholmie","article_published_time":"2025-01-13T14:29:35+00:00","article_modified_time":"2025-01-17T15:19:38+00:00","og_image":[{"width":1120,"height":630,"url":"https:\/\/instytutpolski.pl\/stockholm\/wp-content\/uploads\/sites\/17\/2025\/01\/A-Kucharska-2025_Hemsida.jpg","type":"image\/jpeg"}],"author":"treichelp","twitter_card":"summary_large_image","twitter_misc":{"Napisane przez":"treichelp","Szacowany czas czytania":"3 minuty"},"schema":{"@context":"https:\/\/schema.org","@graph":[{"@type":"event","@id":"https:\/\/instytutpolski.pl\/stockholm\/2025\/01\/13\/aleksandra-kucharskas-konst-pa-malmo-konsthall\/","url":"https:\/\/instytutpolski.pl\/stockholm\/2025\/01\/13\/aleksandra-kucharskas-konst-pa-malmo-konsthall\/","name":"Aleksandra Kucharskas konst p\u00e5 Malm\u00f6 Konsthall","isPartOf":{"@id":"https:\/\/instytutpolski.pl\/stockholm\/#website"},"primaryImageOfPage":{"@id":"https:\/\/instytutpolski.pl\/stockholm\/2025\/01\/13\/aleksandra-kucharskas-konst-pa-malmo-konsthall\/#primaryimage"},"image":["https:\/\/instytutpolski.pl\/stockholm\/wp-content\/uploads\/sites\/17\/2025\/01\/A-Kucharska-2025_Hemsida.jpg","https:\/\/instytutpolski.pl\/stockholm\/wp-content\/uploads\/sites\/17\/2025\/01\/A-Kucharska-2025_Hemsida-300x169.jpg","https:\/\/instytutpolski.pl\/stockholm\/wp-content\/uploads\/sites\/17\/2025\/01\/A-Kucharska-2025_Hemsida-1024x576.jpg","https:\/\/instytutpolski.pl\/stockholm\/wp-content\/uploads\/sites\/17\/2025\/01\/A-Kucharska-2025_Hemsida.jpg"],"thumbnailUrl":"https:\/\/instytutpolski.pl\/stockholm\/wp-content\/uploads\/sites\/17\/2025\/01\/A-Kucharska-2025_Hemsida.jpg","datePublished":"2025-01-13T14:29:35+02:00","dateModified":"2025-01-17T15:19:38+02:00","author":{"@id":"https:\/\/instytutpolski.pl\/stockholm\/#\/schema\/person\/866a2c0f4ccf0982a286809684f7bc1e"},"breadcrumb":{"@id":"https:\/\/instytutpolski.pl\/stockholm\/2025\/01\/13\/aleksandra-kucharskas-konst-pa-malmo-konsthall\/#breadcrumb"},"inLanguage":"pl-PL","potentialAction":[{"@type":"ReadAction","target":["https:\/\/instytutpolski.pl\/stockholm\/2025\/01\/13\/aleksandra-kucharskas-konst-pa-malmo-konsthall\/"]}],"@context":"https:\/\/schema.org","startDate":"2025-02-08","endDate":"2025-05-04","eventStatus":"EventScheduled","eventAttendanceMode":"OfflineEventAttendanceMode","location":{"@type":"place","name":"Malm\u00f6 Konsthall, S:t Johannesgatan 7, Malm\u00f6","address":"Malm\u00f6 Konsthall, S:t Johannesgatan 7, Malm\u00f6","geo":{"@type":"GeoCoordinates","latitude":"55.57480851077298","longitude":"12.741226764741048"}},"description":"Medverkande konstn\u00e4rer:Hannibal Andersen, Kalle Brolin, K\u00e5re Frang, Sebastian Hedevang &amp; Andreas R\u00f8nholt Schmidt, Henriette Heise, Silas Inoue, Hanni Kamaly, Dag Kewenter, Aleksandra Kucharska, Ina Nian, Jessica Olausson, Vibe Overgaard, Matilda Tj\u00e4der.\nCurator:Post Brothers\nUtst\u00e4llningen \u201cTorrl\u00e4gg \u00d6resund\u201d unders\u00f6ker regionen som en plats f\u00f6r sociokulturella, ekologiska, teknologiska, ekonomiska och politiska sammanfl\u00e4tningar. Med lokala och regionala ber\u00e4ttelser som utg\u00e5ngspunkt unders\u00f6ks st\u00f6rre globala r\u00f6relser och processer \u2013\u202fmigration, klimatf\u00f6r\u00e4ndringar, ekonomisk utveckling \u2013\u202ff\u00f6r att blottl\u00e4gga sambandet mellan fakta och fiktion, utveckling och f\u00f6rfall, jaget och v\u00e4rlden.\nUtst\u00e4llningen presenterar en kritisk syn p\u00e5 v\u00e4lf\u00e4rdsstatens infrastruktur och den greenwashing som anv\u00e4nts av kommersiella akt\u00f6rer f\u00f6r att verkst\u00e4lla vinstdrivna projekt. M\u00e5nga av konstverken belyser olika kretslopp av utbyte och utforskar de f\u00f6rhoppningar och misslyckanden som omger massiva samh\u00e4llsomvandlingar, och gr\u00e4ver i de allt grumligare relationerna mellan det offentliga och det privata, det f\u00f6rflutna och nutiden, konstruktion och f\u00f6rst\u00f6relse.\nGemensamt f\u00f6r konstn\u00e4rerna \u00e4r att de unders\u00f6ker hur v\u00e5ra samh\u00e4llsstrukturer p\u00e5verkar m\u00e4nskligt arbete, m\u00e4nskliga kroppar och v\u00e5ra levda liv. Flera av konstn\u00e4rerna arbetar utifr\u00e5n ett socialhistoriskt perspektiv och unders\u00f6ker olika r\u00f6relser och ber\u00e4ttelser i regionen, ofta mot en bakgrund av klimatf\u00f6r\u00e4ndringar och privatisering. M\u00e5nga av verken bottnar i verkliga ber\u00e4ttelser om regionens omvandling och historia, ber\u00e4ttelser som regionen har omfamnat, exploaterat eller avvisat. Genom konstn\u00e4rlig bearbetning \u00f6ppnas ber\u00e4ttelserna upp f\u00f6r nya tolkningar av arbete, ekologi, migration och klass.\n\u00c5r 1953 kom den sk\u00e5nska industrimannen Ruben Rausing med ett ambiti\u00f6st f\u00f6rslag: torrl\u00e4gg \u00d6resund och f\u00f6r samman Malm\u00f6 och K\u00f6penhamn f\u00f6r att skapa ny plats f\u00f6r utveckling. I st\u00e4llet f\u00f6r att enbart se Rausings uttalande som ett uttryck f\u00f6r kapitalistisk beg\u00e4rs- och tillv\u00e4xtlogik har utst\u00e4llningens curator Post Brothers valt att omfamna absurditeten i uttalandet och se det som en konstn\u00e4rlig provokation f\u00f6r att ompr\u00f6va id\u00e9er om landsgr\u00e4nser och utveckling. Post Brothers \u00e4r inspirerad av forskaren och arkitekten Jesper Meijlings text \u201dAll That Is Fluid Becomes Solid: Lecture on Landscape and Economy\u201d (2000), d\u00e4r Meijling ser en koppling mellan Rausings dr\u00f6m om att omdirigera \u00d6resunds vattenfl\u00f6de och det logistiska t\u00e4nkande som pr\u00e4glar hans f\u00f6retag Tetra Pak, vars verksamhet g\u00e5r ut p\u00e5 att f\u00f6rpacka flytande livsmedel.\nMalm\u00f6 har en stark och livaktig scen f\u00f6r samtida konst. \u201cTorrl\u00e4gg \u00d6resund\u201d lyfter blicken \u00f6ver sundet, och utforskar regionens ursprung och riktning, samt kopplingen mellan Malm\u00f6 och K\u00f6penhamn. Vilka m\u00f6jligheter finns i det mellanrum som detta gr\u00e4nsland utg\u00f6r? Och vilka olika material, trauman och verkligheter d\u00f6ljer sig p\u00e5 havsbotten? Utst\u00e4llningen anf\u00f6r en absurd men kritisk pessimism f\u00f6r att inspirera till nya reflektioner, med utg\u00e5ngspunkt i Rausings paradoxala id\u00e9 som b\u00e5de en \u00f6verdrift av utvecklingsretorik och ett dj\u00e4rvt omt\u00e4nkande av regionen. Tanken p\u00e5 att torrl\u00e4gga \u00d6resund \u00e4r att t\u00f6mma det p\u00e5 sitt bagage och blottl\u00e4gga dess m\u00f6rka djup, visa vad som har g\u00e5tt f\u00f6rlorat och frambringa nya dr\u00f6mmar f\u00f6r regionens framtid.\nL\u00e4s mer om Aleksandra Kucharska H\u00c4RL\u00e4s mer om utst\u00e4llningen H\u00c4R"},{"@type":"ImageObject","inLanguage":"pl-PL","@id":"https:\/\/instytutpolski.pl\/stockholm\/2025\/01\/13\/aleksandra-kucharskas-konst-pa-malmo-konsthall\/#primaryimage","url":"https:\/\/instytutpolski.pl\/stockholm\/wp-content\/uploads\/sites\/17\/2025\/01\/A-Kucharska-2025_Hemsida.jpg","contentUrl":"https:\/\/instytutpolski.pl\/stockholm\/wp-content\/uploads\/sites\/17\/2025\/01\/A-Kucharska-2025_Hemsida.jpg","width":1120,"height":630},{"@type":"BreadcrumbList","@id":"https:\/\/instytutpolski.pl\/stockholm\/2025\/01\/13\/aleksandra-kucharskas-konst-pa-malmo-konsthall\/#breadcrumb","itemListElement":[{"@type":"ListItem","position":1,"name":"Home","item":"https:\/\/instytutpolski.pl\/stockholm\/"},{"@type":"ListItem","position":2,"name":"Aleksandra Kucharskas konst p\u00e5 Malm\u00f6 Konsthall"}]},{"@type":"WebSite","@id":"https:\/\/instytutpolski.pl\/stockholm\/#website","url":"https:\/\/instytutpolski.pl\/stockholm\/","name":"Instytut Polski w Sztokholmie","description":"Instytuty Polskie","potentialAction":[{"@type":"SearchAction","target":{"@type":"EntryPoint","urlTemplate":"https:\/\/instytutpolski.pl\/stockholm\/?s={search_term_string}"},"query-input":{"@type":"PropertyValueSpecification","valueRequired":true,"valueName":"search_term_string"}}],"inLanguage":"pl-PL"},{"@type":"Person","@id":"https:\/\/instytutpolski.pl\/stockholm\/#\/schema\/person\/866a2c0f4ccf0982a286809684f7bc1e","name":"treichelp","image":{"@type":"ImageObject","inLanguage":"pl-PL","@id":"https:\/\/instytutpolski.pl\/stockholm\/#\/schema\/person\/image\/","url":"https:\/\/secure.gravatar.com\/avatar\/fb2c1caae0df0854742a56fc463dd1fb?s=96&d=mm&r=g","contentUrl":"https:\/\/secure.gravatar.com\/avatar\/fb2c1caae0df0854742a56fc463dd1fb?s=96&d=mm&r=g","caption":"treichelp"},"url":"https:\/\/instytutpolski.pl\/stockholm\/author\/treichelp\/"}]}},"_links":{"self":[{"href":"https:\/\/instytutpolski.pl\/stockholm\/wp-json\/wp\/v2\/posts\/13530","targetHints":{"allow":["GET"]}}],"collection":[{"href":"https:\/\/instytutpolski.pl\/stockholm\/wp-json\/wp\/v2\/posts"}],"about":[{"href":"https:\/\/instytutpolski.pl\/stockholm\/wp-json\/wp\/v2\/types\/post"}],"author":[{"embeddable":true,"href":"https:\/\/instytutpolski.pl\/stockholm\/wp-json\/wp\/v2\/users\/173"}],"replies":[{"embeddable":true,"href":"https:\/\/instytutpolski.pl\/stockholm\/wp-json\/wp\/v2\/comments?post=13530"}],"version-history":[{"count":5,"href":"https:\/\/instytutpolski.pl\/stockholm\/wp-json\/wp\/v2\/posts\/13530\/revisions"}],"predecessor-version":[{"id":13597,"href":"https:\/\/instytutpolski.pl\/stockholm\/wp-json\/wp\/v2\/posts\/13530\/revisions\/13597"}],"wp:featuredmedia":[{"embeddable":true,"href":"https:\/\/instytutpolski.pl\/stockholm\/wp-json\/wp\/v2\/media\/13531"}],"wp:attachment":[{"href":"https:\/\/instytutpolski.pl\/stockholm\/wp-json\/wp\/v2\/media?parent=13530"}],"wp:term":[{"taxonomy":"category","embeddable":true,"href":"https:\/\/instytutpolski.pl\/stockholm\/wp-json\/wp\/v2\/categories?post=13530"},{"taxonomy":"post_tag","embeddable":true,"href":"https:\/\/instytutpolski.pl\/stockholm\/wp-json\/wp\/v2\/tags?post=13530"}],"curies":[{"name":"wp","href":"https:\/\/api.w.org\/{rel}","templated":true}]}}