{"id":1355,"date":"2019-08-22T17:28:26","date_gmt":"2019-08-22T15:28:26","guid":{"rendered":"https:\/\/instytutpolski.pl\/stockholm\/?p=1355"},"modified":"2019-10-30T17:36:07","modified_gmt":"2019-10-30T16:36:07","slug":"polskie-filmy-fabularne-na-carl-international-film-festival","status":"publish","type":"post","link":"https:\/\/instytutpolski.pl\/stockholm\/pl\/2019\/08\/22\/polskie-filmy-fabularne-na-carl-international-film-festival\/","title":{"rendered":"Polskie filmy fabularne na Carl International Film Festival"},"content":{"rendered":"\n<p>Podczas festiwalu zostanie zaprezentowanych ponad 40 punkt\u00f3w programu i 13 film\u00f3w fabularnych.<br \/><br \/><strong>Pi\u0119\u0107 polskich film\u00f3w i koprodukcji zostanie pokazanych podczas tegorocznej edycji Carl International Film Festival:<\/strong><br \/><br \/><strong>MONUMNET, re\u017c. Jagody Szelc<\/strong><br \/>28 sierpnia, godz. 16.00, Biostaden 3<br \/><br \/>Grupa student\u00f3w rozpoczyna sta\u017c w odizolowanym hotelu. Nie znaj\u0105 si\u0119 za dobrze, wiedz\u0105 tylko, \u017ce b\u0119d\u0105 wykonywa\u0107 polecenia do\u015bwiadczonej menad\u017cerki. I chocia\u017c wszyscy jad\u0105 zimnym busem, by zdoby\u0107 nowe do\u015bwiadczenie, nie spodziewaj\u0105 si\u0119, \u017ce trafi\u0105 w r\u0119ce despotki, a co gorsza \u2013 w miejsce, gdzie czas i przestrze\u0144 wydaj\u0105 si\u0119 nie mie\u0107 \u017cadnego znaczenia.<br \/><br \/>Wi\u0119cej: <a href=\"https:\/\/www.ciff.se\/events\/monument\" target=\"_blank\" rel=\"noopener noreferrer\">https:\/\/www.ciff.se\/events\/monument\/<br \/><\/a><br \/><br \/><strong>WILKO\u0141AK. re\u017c. Adrian Panek<\/strong><br \/>27 sierpnia, godz. 20.30, Biostaden 3<br \/><br \/>Akcja filmu rozgrywa si\u0119 latem 1945 roku. Dla o\u015bmiorga dzieci, wyzwolonych z obozu Gross-Rosen, zostaje utworzony prowizoryczny sierociniec w opuszczonym pa\u0142acu w\u015br\u00f3d las\u00f3w. Ich opiekunk\u0105 staje si\u0119 dwudziestoletnia Hanka, r\u00f3wnie\u017c by\u0142a wi\u0119\u017aniarka. Po okropie\u0144stwach obozu bohaterowie powoli odzyskuj\u0105 resztki straconego dzieci\u0144stwa, jednak koszmar szybko do nich powraca. W okolicznych lasach kr\u0105\u017c\u0105 obozowe wilczury. Wypuszczone przez esesman\u00f3w przed wyzwoleniem Gross-Rosen, wyg\u0142odzone i zdzicza\u0142e zwierz\u0119ta osaczaj\u0105 pa\u0142ac w poszukiwaniu po\u017cywienia. W przera\u017conych dzieciach uruchamia si\u0119 obozowy instynkt przetrwania.<br \/><br \/>Wi\u0119cej: <a href=\"https:\/\/www.ciff.se\/events\/werewolf\" target=\"_blank\" rel=\"noopener noreferrer\">https:\/\/www.ciff.se\/events\/werewolf\/<\/a><br \/><br \/><br \/>W ramach wydarze\u0144 powi\u0105zanych z festiwalem, polsko-szwedzka re\u017cyserka <strong>Agnieszka \u0141ukasiak<\/strong> we\u017amie udzia\u0142 w spotkaniu Baltic Identity Film Tour, kt\u00f3re dotyczy\u0107 b\u0119dzie kwestii wsp\u00f3lnej to\u017csamo\u015bci w obr\u0119bie Morza Ba\u0142tyckiego i jej odzwierciedlenia w produkcjach filmowych w krajach Morza Ba\u0142tyckiego. Rozmow\u0119 poprzedzi pokaz sze\u015bciu film\u00f3w kr\u00f3tkometra\u017cowych, w tym trzech polskich produkcji:<br \/><br \/><strong>THE DEAL, re\u017c. Ewa Smyk<br \/>PLA\u017bA, re\u017c. Dawid Chr\u0105chol i Bartosz Zimniak <br \/>OSTATNI SEZON, re\u017c. S\u0142awomir Witek<\/strong><br \/>25 sierpnia, godz. 12.00-13.30, Biostaden<br \/><br \/>Wi\u0119cej: <a href=\"https:\/\/www.ciff.se\/events\/baltic-identity-film-tour\" target=\"_blank\" rel=\"noopener noreferrer\">https:\/\/www.ciff.se\/events\/baltic-identity-film-tour\/<br \/><\/a><br \/><br \/>Tegoroczny program festiwalu dost\u0119pny jest <a href=\"https:\/\/www.docdroid.net\/9fM3LHl\/ciff-katalog2019.pdf#page=3\" target=\"_blank\" rel=\"noopener noreferrer\">tutaj<\/a>.<\/p>\n<p><br \/>Festiwal organizowany jest we wsp\u00f3\u0142pracy z Instytutem Polskim w Sztokholmie.<\/p>\n","protected":false},"excerpt":{"rendered":"<p>Podczas festiwalu zostanie zaprezentowanych ponad 40 punkt\u00f3w programu i 13 film\u00f3w fabularnych. Pi\u0119\u0107 polskich film\u00f3w i koprodukcji zostanie pokazanych podczas tegorocznej edycji Carl International Film Festival: MONUMNET, re\u017c. Jagody Szelc28 sierpnia, godz. 16.00, Biostaden 3 Grupa student\u00f3w rozpoczyna sta\u017c w odizolowanym hotelu. Nie znaj\u0105 si\u0119 za dobrze, wiedz\u0105 tylko, \u017ce b\u0119d\u0105 wykonywa\u0107 polecenia do\u015bwiadczonej menad\u017cerki. [&hellip;]<\/p>\n","protected":false},"author":29,"featured_media":1352,"comment_status":"open","ping_status":"open","sticky":false,"template":"","format":"standard","meta":{"inline_featured_image":false,"_monsterinsights_skip_tracking":false,"_monsterinsights_sitenote_active":false,"_monsterinsights_sitenote_note":"","_monsterinsights_sitenote_category":0,"footnotes":""},"categories":[85,36],"tags":[],"class_list":["post-1355","post","type-post","status-publish","format-standard","has-post-thumbnail","hentry","category-kino","category-wydarzenie"],"yoast_head":"<!-- This site is optimized with the Yoast SEO plugin v24.6 - https:\/\/yoast.com\/wordpress\/plugins\/seo\/ -->\n<title>Polskie filmy fabularne na Carl International Film Festival - Instytut Polski w Sztokholmie<\/title>\n<meta name=\"robots\" content=\"index, follow, max-snippet:-1, max-image-preview:large, max-video-preview:-1\" \/>\n<link rel=\"canonical\" href=\"https:\/\/instytutpolski.pl\/stockholm\/pl\/2019\/08\/22\/polskie-filmy-fabularne-na-carl-international-film-festival\/\" \/>\n<meta property=\"og:locale\" content=\"pl_PL\" \/>\n<meta property=\"og:type\" content=\"article\" \/>\n<meta property=\"og:title\" content=\"Polskie filmy fabularne na Carl International Film Festival - Instytut Polski w Sztokholmie\" \/>\n<meta property=\"og:description\" content=\"Podczas festiwalu zostanie zaprezentowanych ponad 40 punkt\u00f3w programu i 13 film\u00f3w fabularnych. Pi\u0119\u0107 polskich film\u00f3w i koprodukcji zostanie pokazanych podczas tegorocznej edycji Carl International Film Festival: MONUMNET, re\u017c. Jagody Szelc28 sierpnia, godz. 16.00, Biostaden 3 Grupa student\u00f3w rozpoczyna sta\u017c w odizolowanym hotelu. Nie znaj\u0105 si\u0119 za dobrze, wiedz\u0105 tylko, \u017ce b\u0119d\u0105 wykonywa\u0107 polecenia do\u015bwiadczonej menad\u017cerki. [&hellip;]\" \/>\n<meta property=\"og:url\" content=\"https:\/\/instytutpolski.pl\/stockholm\/pl\/2019\/08\/22\/polskie-filmy-fabularne-na-carl-international-film-festival\/\" \/>\n<meta property=\"og:site_name\" content=\"Instytut Polski w Sztokholmie\" \/>\n<meta property=\"article:published_time\" content=\"2019-08-22T15:28:26+00:00\" \/>\n<meta property=\"article:modified_time\" content=\"2019-10-30T16:36:07+00:00\" \/>\n<meta property=\"og:image\" content=\"https:\/\/instytutpolski.pl\/stockholm\/wp-content\/uploads\/sites\/17\/2019\/10\/ciff-2019.jpg\" \/>\n\t<meta property=\"og:image:width\" content=\"1083\" \/>\n\t<meta property=\"og:image:height\" content=\"609\" \/>\n\t<meta property=\"og:image:type\" content=\"image\/jpeg\" \/>\n<meta name=\"author\" content=\"strozniake\" \/>\n<meta name=\"twitter:card\" content=\"summary_large_image\" \/>\n<meta name=\"twitter:label1\" content=\"Napisane przez\" \/>\n\t<meta name=\"twitter:data1\" content=\"strozniake\" \/>\n\t<meta name=\"twitter:label2\" content=\"Szacowany czas czytania\" \/>\n\t<meta name=\"twitter:data2\" content=\"2 minuty\" \/>\n<script type=\"application\/ld+json\" class=\"yoast-schema-graph\">{\"@context\":\"https:\/\/schema.org\",\"@graph\":[{\"@type\":\"event\",\"@id\":\"https:\/\/instytutpolski.pl\/stockholm\/pl\/2019\/08\/22\/polskie-filmy-fabularne-na-carl-international-film-festival\/\",\"url\":\"https:\/\/instytutpolski.pl\/stockholm\/pl\/2019\/08\/22\/polskie-filmy-fabularne-na-carl-international-film-festival\/\",\"name\":\"Polskie filmy fabularne na Carl International Film Festival\",\"isPartOf\":{\"@id\":\"https:\/\/instytutpolski.pl\/stockholm\/#website\"},\"primaryImageOfPage\":{\"@id\":\"https:\/\/instytutpolski.pl\/stockholm\/pl\/2019\/08\/22\/polskie-filmy-fabularne-na-carl-international-film-festival\/#primaryimage\"},\"image\":[\"https:\/\/instytutpolski.pl\/stockholm\/wp-content\/uploads\/sites\/17\/2019\/10\/ciff-2019.jpg\",\"https:\/\/instytutpolski.pl\/stockholm\/wp-content\/uploads\/sites\/17\/2019\/10\/ciff-2019-300x169.jpg\",\"https:\/\/instytutpolski.pl\/stockholm\/wp-content\/uploads\/sites\/17\/2019\/10\/ciff-2019-1024x576.jpg\",\"https:\/\/instytutpolski.pl\/stockholm\/wp-content\/uploads\/sites\/17\/2019\/10\/ciff-2019.jpg\"],\"thumbnailUrl\":\"https:\/\/instytutpolski.pl\/stockholm\/wp-content\/uploads\/sites\/17\/2019\/10\/ciff-2019.jpg\",\"datePublished\":\"2019-08-22T15:28:26+02:00\",\"dateModified\":\"2019-10-30T16:36:07+02:00\",\"author\":{\"@id\":\"https:\/\/instytutpolski.pl\/stockholm\/#\/schema\/person\/062b5a5f61f32b17c98996975db8d556\"},\"breadcrumb\":{\"@id\":\"https:\/\/instytutpolski.pl\/stockholm\/pl\/2019\/08\/22\/polskie-filmy-fabularne-na-carl-international-film-festival\/#breadcrumb\"},\"inLanguage\":\"pl-PL\",\"potentialAction\":[{\"@type\":\"ReadAction\",\"target\":[\"https:\/\/instytutpolski.pl\/stockholm\/pl\/2019\/08\/22\/polskie-filmy-fabularne-na-carl-international-film-festival\/\"]}],\"@context\":\"https:\/\/schema.org\",\"startDate\":\"2019-08-23\",\"endDate\":\"2019-08-28\",\"eventStatus\":\"EventScheduled\",\"eventAttendanceMode\":\"OfflineEventAttendanceMode\",\"location\":{\"@type\":\"place\",\"name\":\"Karlskrona\",\"address\":\"Karlskrona\",\"geo\":{\"@type\":\"GeoCoordinates\",\"latitude\":\"61.7326955\",\"longitude\":\"17.0794074\"}},\"description\":\"Podczas festiwalu zostanie zaprezentowanych ponad 40 punkt\u00f3w programu i 13 film\u00f3w fabularnych.Pi\u0119\u0107 polskich film\u00f3w i koprodukcji zostanie pokazanych podczas tegorocznej edycji Carl International Film Festival:MONUMNET, re\u017c. Jagody Szelc28 sierpnia, godz. 16.00, Biostaden 3Grupa student\u00f3w rozpoczyna sta\u017c w odizolowanym hotelu. Nie znaj\u0105 si\u0119 za dobrze, wiedz\u0105 tylko, \u017ce b\u0119d\u0105 wykonywa\u0107 polecenia do\u015bwiadczonej menad\u017cerki. I chocia\u017c wszyscy jad\u0105 zimnym busem, by zdoby\u0107 nowe do\u015bwiadczenie, nie spodziewaj\u0105 si\u0119, \u017ce trafi\u0105 w r\u0119ce despotki, a co gorsza \u2013 w miejsce, gdzie czas i przestrze\u0144 wydaj\u0105 si\u0119 nie mie\u0107 \u017cadnego znaczenia.Wi\u0119cej: https:\/\/www.ciff.se\/events\/monument\/WILKO\u0141AK. re\u017c. Adrian Panek27 sierpnia, godz. 20.30, Biostaden 3Akcja filmu rozgrywa si\u0119 latem 1945 roku. Dla o\u015bmiorga dzieci, wyzwolonych z obozu Gross-Rosen, zostaje utworzony prowizoryczny sierociniec w opuszczonym pa\u0142acu w\u015br\u00f3d las\u00f3w. Ich opiekunk\u0105 staje si\u0119 dwudziestoletnia Hanka, r\u00f3wnie\u017c by\u0142a wi\u0119\u017aniarka. Po okropie\u0144stwach obozu bohaterowie powoli odzyskuj\u0105 resztki straconego dzieci\u0144stwa, jednak koszmar szybko do nich powraca. W okolicznych lasach kr\u0105\u017c\u0105 obozowe wilczury. Wypuszczone przez esesman\u00f3w przed wyzwoleniem Gross-Rosen, wyg\u0142odzone i zdzicza\u0142e zwierz\u0119ta osaczaj\u0105 pa\u0142ac w poszukiwaniu po\u017cywienia. W przera\u017conych dzieciach uruchamia si\u0119 obozowy instynkt przetrwania.Wi\u0119cej: https:\/\/www.ciff.se\/events\/werewolf\/W ramach wydarze\u0144 powi\u0105zanych z festiwalem, polsko-szwedzka re\u017cyserka Agnieszka \u0141ukasiak we\u017amie udzia\u0142 w spotkaniu Baltic Identity Film Tour, kt\u00f3re dotyczy\u0107 b\u0119dzie kwestii wsp\u00f3lnej to\u017csamo\u015bci w obr\u0119bie Morza Ba\u0142tyckiego i jej odzwierciedlenia w produkcjach filmowych w krajach Morza Ba\u0142tyckiego. Rozmow\u0119 poprzedzi pokaz sze\u015bciu film\u00f3w kr\u00f3tkometra\u017cowych, w tym trzech polskich produkcji:THE DEAL, re\u017c. Ewa SmykPLA\u017bA, re\u017c. Dawid Chr\u0105chol i Bartosz Zimniak OSTATNI SEZON, re\u017c. S\u0142awomir Witek25 sierpnia, godz. 12.00-13.30, BiostadenWi\u0119cej: https:\/\/www.ciff.se\/events\/baltic-identity-film-tour\/Tegoroczny program festiwalu dost\u0119pny jest tutaj.\\nFestiwal organizowany jest we wsp\u00f3\u0142pracy z Instytutem Polskim w Sztokholmie.\"},{\"@type\":\"ImageObject\",\"inLanguage\":\"pl-PL\",\"@id\":\"https:\/\/instytutpolski.pl\/stockholm\/pl\/2019\/08\/22\/polskie-filmy-fabularne-na-carl-international-film-festival\/#primaryimage\",\"url\":\"https:\/\/instytutpolski.pl\/stockholm\/wp-content\/uploads\/sites\/17\/2019\/10\/ciff-2019.jpg\",\"contentUrl\":\"https:\/\/instytutpolski.pl\/stockholm\/wp-content\/uploads\/sites\/17\/2019\/10\/ciff-2019.jpg\",\"width\":1083,\"height\":609},{\"@type\":\"BreadcrumbList\",\"@id\":\"https:\/\/instytutpolski.pl\/stockholm\/pl\/2019\/08\/22\/polskie-filmy-fabularne-na-carl-international-film-festival\/#breadcrumb\",\"itemListElement\":[{\"@type\":\"ListItem\",\"position\":1,\"name\":\"Home\",\"item\":\"https:\/\/instytutpolski.pl\/stockholm\/\"},{\"@type\":\"ListItem\",\"position\":2,\"name\":\"Polskie filmy fabularne na Carl International Film Festival\"}]},{\"@type\":\"WebSite\",\"@id\":\"https:\/\/instytutpolski.pl\/stockholm\/#website\",\"url\":\"https:\/\/instytutpolski.pl\/stockholm\/\",\"name\":\"Instytut Polski w Sztokholmie\",\"description\":\"Instytuty Polskie\",\"potentialAction\":[{\"@type\":\"SearchAction\",\"target\":{\"@type\":\"EntryPoint\",\"urlTemplate\":\"https:\/\/instytutpolski.pl\/stockholm\/?s={search_term_string}\"},\"query-input\":{\"@type\":\"PropertyValueSpecification\",\"valueRequired\":true,\"valueName\":\"search_term_string\"}}],\"inLanguage\":\"pl-PL\"},{\"@type\":\"Person\",\"@id\":\"https:\/\/instytutpolski.pl\/stockholm\/#\/schema\/person\/062b5a5f61f32b17c98996975db8d556\",\"name\":\"strozniake\",\"image\":{\"@type\":\"ImageObject\",\"inLanguage\":\"pl-PL\",\"@id\":\"https:\/\/instytutpolski.pl\/stockholm\/#\/schema\/person\/image\/\",\"url\":\"https:\/\/secure.gravatar.com\/avatar\/25e0be9897787f9035155a882fde97cc?s=96&d=mm&r=g\",\"contentUrl\":\"https:\/\/secure.gravatar.com\/avatar\/25e0be9897787f9035155a882fde97cc?s=96&d=mm&r=g\",\"caption\":\"strozniake\"},\"sameAs\":[\"http:\/\/strozniake\"],\"url\":\"https:\/\/instytutpolski.pl\/stockholm\/author\/strozniake\/\"}]}<\/script>\n<!-- \/ Yoast SEO plugin. -->","yoast_head_json":{"title":"Polskie filmy fabularne na Carl International Film Festival - Instytut Polski w Sztokholmie","robots":{"index":"index","follow":"follow","max-snippet":"max-snippet:-1","max-image-preview":"max-image-preview:large","max-video-preview":"max-video-preview:-1"},"canonical":"https:\/\/instytutpolski.pl\/stockholm\/pl\/2019\/08\/22\/polskie-filmy-fabularne-na-carl-international-film-festival\/","og_locale":"pl_PL","og_type":"article","og_title":"Polskie filmy fabularne na Carl International Film Festival - Instytut Polski w Sztokholmie","og_description":"Podczas festiwalu zostanie zaprezentowanych ponad 40 punkt\u00f3w programu i 13 film\u00f3w fabularnych. Pi\u0119\u0107 polskich film\u00f3w i koprodukcji zostanie pokazanych podczas tegorocznej edycji Carl International Film Festival: MONUMNET, re\u017c. Jagody Szelc28 sierpnia, godz. 16.00, Biostaden 3 Grupa student\u00f3w rozpoczyna sta\u017c w odizolowanym hotelu. Nie znaj\u0105 si\u0119 za dobrze, wiedz\u0105 tylko, \u017ce b\u0119d\u0105 wykonywa\u0107 polecenia do\u015bwiadczonej menad\u017cerki. [&hellip;]","og_url":"https:\/\/instytutpolski.pl\/stockholm\/pl\/2019\/08\/22\/polskie-filmy-fabularne-na-carl-international-film-festival\/","og_site_name":"Instytut Polski w Sztokholmie","article_published_time":"2019-08-22T15:28:26+00:00","article_modified_time":"2019-10-30T16:36:07+00:00","og_image":[{"width":1083,"height":609,"url":"https:\/\/instytutpolski.pl\/stockholm\/wp-content\/uploads\/sites\/17\/2019\/10\/ciff-2019.jpg","type":"image\/jpeg"}],"author":"strozniake","twitter_card":"summary_large_image","twitter_misc":{"Napisane przez":"strozniake","Szacowany czas czytania":"2 minuty"},"schema":{"@context":"https:\/\/schema.org","@graph":[{"@type":"event","@id":"https:\/\/instytutpolski.pl\/stockholm\/pl\/2019\/08\/22\/polskie-filmy-fabularne-na-carl-international-film-festival\/","url":"https:\/\/instytutpolski.pl\/stockholm\/pl\/2019\/08\/22\/polskie-filmy-fabularne-na-carl-international-film-festival\/","name":"Polskie filmy fabularne na Carl International Film Festival","isPartOf":{"@id":"https:\/\/instytutpolski.pl\/stockholm\/#website"},"primaryImageOfPage":{"@id":"https:\/\/instytutpolski.pl\/stockholm\/pl\/2019\/08\/22\/polskie-filmy-fabularne-na-carl-international-film-festival\/#primaryimage"},"image":["https:\/\/instytutpolski.pl\/stockholm\/wp-content\/uploads\/sites\/17\/2019\/10\/ciff-2019.jpg","https:\/\/instytutpolski.pl\/stockholm\/wp-content\/uploads\/sites\/17\/2019\/10\/ciff-2019-300x169.jpg","https:\/\/instytutpolski.pl\/stockholm\/wp-content\/uploads\/sites\/17\/2019\/10\/ciff-2019-1024x576.jpg","https:\/\/instytutpolski.pl\/stockholm\/wp-content\/uploads\/sites\/17\/2019\/10\/ciff-2019.jpg"],"thumbnailUrl":"https:\/\/instytutpolski.pl\/stockholm\/wp-content\/uploads\/sites\/17\/2019\/10\/ciff-2019.jpg","datePublished":"2019-08-22T15:28:26+02:00","dateModified":"2019-10-30T16:36:07+02:00","author":{"@id":"https:\/\/instytutpolski.pl\/stockholm\/#\/schema\/person\/062b5a5f61f32b17c98996975db8d556"},"breadcrumb":{"@id":"https:\/\/instytutpolski.pl\/stockholm\/pl\/2019\/08\/22\/polskie-filmy-fabularne-na-carl-international-film-festival\/#breadcrumb"},"inLanguage":"pl-PL","potentialAction":[{"@type":"ReadAction","target":["https:\/\/instytutpolski.pl\/stockholm\/pl\/2019\/08\/22\/polskie-filmy-fabularne-na-carl-international-film-festival\/"]}],"@context":"https:\/\/schema.org","startDate":"2019-08-23","endDate":"2019-08-28","eventStatus":"EventScheduled","eventAttendanceMode":"OfflineEventAttendanceMode","location":{"@type":"place","name":"Karlskrona","address":"Karlskrona","geo":{"@type":"GeoCoordinates","latitude":"61.7326955","longitude":"17.0794074"}},"description":"Podczas festiwalu zostanie zaprezentowanych ponad 40 punkt\u00f3w programu i 13 film\u00f3w fabularnych.Pi\u0119\u0107 polskich film\u00f3w i koprodukcji zostanie pokazanych podczas tegorocznej edycji Carl International Film Festival:MONUMNET, re\u017c. Jagody Szelc28 sierpnia, godz. 16.00, Biostaden 3Grupa student\u00f3w rozpoczyna sta\u017c w odizolowanym hotelu. Nie znaj\u0105 si\u0119 za dobrze, wiedz\u0105 tylko, \u017ce b\u0119d\u0105 wykonywa\u0107 polecenia do\u015bwiadczonej menad\u017cerki. I chocia\u017c wszyscy jad\u0105 zimnym busem, by zdoby\u0107 nowe do\u015bwiadczenie, nie spodziewaj\u0105 si\u0119, \u017ce trafi\u0105 w r\u0119ce despotki, a co gorsza \u2013 w miejsce, gdzie czas i przestrze\u0144 wydaj\u0105 si\u0119 nie mie\u0107 \u017cadnego znaczenia.Wi\u0119cej: https:\/\/www.ciff.se\/events\/monument\/WILKO\u0141AK. re\u017c. Adrian Panek27 sierpnia, godz. 20.30, Biostaden 3Akcja filmu rozgrywa si\u0119 latem 1945 roku. Dla o\u015bmiorga dzieci, wyzwolonych z obozu Gross-Rosen, zostaje utworzony prowizoryczny sierociniec w opuszczonym pa\u0142acu w\u015br\u00f3d las\u00f3w. Ich opiekunk\u0105 staje si\u0119 dwudziestoletnia Hanka, r\u00f3wnie\u017c by\u0142a wi\u0119\u017aniarka. Po okropie\u0144stwach obozu bohaterowie powoli odzyskuj\u0105 resztki straconego dzieci\u0144stwa, jednak koszmar szybko do nich powraca. W okolicznych lasach kr\u0105\u017c\u0105 obozowe wilczury. Wypuszczone przez esesman\u00f3w przed wyzwoleniem Gross-Rosen, wyg\u0142odzone i zdzicza\u0142e zwierz\u0119ta osaczaj\u0105 pa\u0142ac w poszukiwaniu po\u017cywienia. W przera\u017conych dzieciach uruchamia si\u0119 obozowy instynkt przetrwania.Wi\u0119cej: https:\/\/www.ciff.se\/events\/werewolf\/W ramach wydarze\u0144 powi\u0105zanych z festiwalem, polsko-szwedzka re\u017cyserka Agnieszka \u0141ukasiak we\u017amie udzia\u0142 w spotkaniu Baltic Identity Film Tour, kt\u00f3re dotyczy\u0107 b\u0119dzie kwestii wsp\u00f3lnej to\u017csamo\u015bci w obr\u0119bie Morza Ba\u0142tyckiego i jej odzwierciedlenia w produkcjach filmowych w krajach Morza Ba\u0142tyckiego. Rozmow\u0119 poprzedzi pokaz sze\u015bciu film\u00f3w kr\u00f3tkometra\u017cowych, w tym trzech polskich produkcji:THE DEAL, re\u017c. Ewa SmykPLA\u017bA, re\u017c. Dawid Chr\u0105chol i Bartosz Zimniak OSTATNI SEZON, re\u017c. S\u0142awomir Witek25 sierpnia, godz. 12.00-13.30, BiostadenWi\u0119cej: https:\/\/www.ciff.se\/events\/baltic-identity-film-tour\/Tegoroczny program festiwalu dost\u0119pny jest tutaj.\nFestiwal organizowany jest we wsp\u00f3\u0142pracy z Instytutem Polskim w Sztokholmie."},{"@type":"ImageObject","inLanguage":"pl-PL","@id":"https:\/\/instytutpolski.pl\/stockholm\/pl\/2019\/08\/22\/polskie-filmy-fabularne-na-carl-international-film-festival\/#primaryimage","url":"https:\/\/instytutpolski.pl\/stockholm\/wp-content\/uploads\/sites\/17\/2019\/10\/ciff-2019.jpg","contentUrl":"https:\/\/instytutpolski.pl\/stockholm\/wp-content\/uploads\/sites\/17\/2019\/10\/ciff-2019.jpg","width":1083,"height":609},{"@type":"BreadcrumbList","@id":"https:\/\/instytutpolski.pl\/stockholm\/pl\/2019\/08\/22\/polskie-filmy-fabularne-na-carl-international-film-festival\/#breadcrumb","itemListElement":[{"@type":"ListItem","position":1,"name":"Home","item":"https:\/\/instytutpolski.pl\/stockholm\/"},{"@type":"ListItem","position":2,"name":"Polskie filmy fabularne na Carl International Film Festival"}]},{"@type":"WebSite","@id":"https:\/\/instytutpolski.pl\/stockholm\/#website","url":"https:\/\/instytutpolski.pl\/stockholm\/","name":"Instytut Polski w Sztokholmie","description":"Instytuty Polskie","potentialAction":[{"@type":"SearchAction","target":{"@type":"EntryPoint","urlTemplate":"https:\/\/instytutpolski.pl\/stockholm\/?s={search_term_string}"},"query-input":{"@type":"PropertyValueSpecification","valueRequired":true,"valueName":"search_term_string"}}],"inLanguage":"pl-PL"},{"@type":"Person","@id":"https:\/\/instytutpolski.pl\/stockholm\/#\/schema\/person\/062b5a5f61f32b17c98996975db8d556","name":"strozniake","image":{"@type":"ImageObject","inLanguage":"pl-PL","@id":"https:\/\/instytutpolski.pl\/stockholm\/#\/schema\/person\/image\/","url":"https:\/\/secure.gravatar.com\/avatar\/25e0be9897787f9035155a882fde97cc?s=96&d=mm&r=g","contentUrl":"https:\/\/secure.gravatar.com\/avatar\/25e0be9897787f9035155a882fde97cc?s=96&d=mm&r=g","caption":"strozniake"},"sameAs":["http:\/\/strozniake"],"url":"https:\/\/instytutpolski.pl\/stockholm\/author\/strozniake\/"}]}},"_links":{"self":[{"href":"https:\/\/instytutpolski.pl\/stockholm\/wp-json\/wp\/v2\/posts\/1355","targetHints":{"allow":["GET"]}}],"collection":[{"href":"https:\/\/instytutpolski.pl\/stockholm\/wp-json\/wp\/v2\/posts"}],"about":[{"href":"https:\/\/instytutpolski.pl\/stockholm\/wp-json\/wp\/v2\/types\/post"}],"author":[{"embeddable":true,"href":"https:\/\/instytutpolski.pl\/stockholm\/wp-json\/wp\/v2\/users\/29"}],"replies":[{"embeddable":true,"href":"https:\/\/instytutpolski.pl\/stockholm\/wp-json\/wp\/v2\/comments?post=1355"}],"version-history":[{"count":2,"href":"https:\/\/instytutpolski.pl\/stockholm\/wp-json\/wp\/v2\/posts\/1355\/revisions"}],"predecessor-version":[{"id":1357,"href":"https:\/\/instytutpolski.pl\/stockholm\/wp-json\/wp\/v2\/posts\/1355\/revisions\/1357"}],"wp:featuredmedia":[{"embeddable":true,"href":"https:\/\/instytutpolski.pl\/stockholm\/wp-json\/wp\/v2\/media\/1352"}],"wp:attachment":[{"href":"https:\/\/instytutpolski.pl\/stockholm\/wp-json\/wp\/v2\/media?parent=1355"}],"wp:term":[{"taxonomy":"category","embeddable":true,"href":"https:\/\/instytutpolski.pl\/stockholm\/wp-json\/wp\/v2\/categories?post=1355"},{"taxonomy":"post_tag","embeddable":true,"href":"https:\/\/instytutpolski.pl\/stockholm\/wp-json\/wp\/v2\/tags?post=1355"}],"curies":[{"name":"wp","href":"https:\/\/api.w.org\/{rel}","templated":true}]}}