{"id":1358,"date":"2019-08-20T17:42:50","date_gmt":"2019-08-20T15:42:50","guid":{"rendered":"https:\/\/instytutpolski.pl\/stockholm\/?p=1358"},"modified":"2019-10-30T17:57:20","modified_gmt":"2019-10-30T16:57:20","slug":"polska-filmklassiker-pa-capitol-veronikas-dubbelliv-av-krzysztof-kieslowski","status":"publish","type":"post","link":"https:\/\/instytutpolski.pl\/stockholm\/2019\/08\/20\/polska-filmklassiker-pa-capitol-veronikas-dubbelliv-av-krzysztof-kieslowski\/","title":{"rendered":"Polska filmklassiker p\u00e5 Capitol &#8211; Veronikas dubbelliv av Krzysztof Kie\u015blowski"},"content":{"rendered":"\n<p>Weronika bor i Polen. V\u00e9ronique bor i Paris. \u00c4ven om de inte k\u00e4nner varandra, r\u00e5kar de av ett m\u00e4rkligt sammantr\u00e4ffande vara identiska. Inte bara till utseendet, utan hela deras liv tycks underligt sammanfl\u00e4tade \u2013 genom ett mystiskt k\u00e4nslom\u00e4ssigt band som sammanbinder de tv\u00e5, \u00f6verskridande spr\u00e5k och geografiska gr\u00e4nser. <br><br>Kie\u015blowski bel\u00f6nades med b\u00e5de FIPRESCI-priset och Ekumeniska juryns pris i Cannes, d\u00e4r filmen \u00e4ven nominerades till Guldpalmen. Ir\u00e8ne Jacob vann pris f\u00f6r sin dubbla huvudroll. Veronikas dubbelliv \u00e4r lika minnesv\u00e4rd f\u00f6r S\u0142awomir Idziaks stiliserade foto och Zbigniew Preisners krypande soundtrack, som f\u00f6r sitt f\u00e4ngslande drama.<br><br>Biljetter: <a href=\"https:\/\/www.capitolbio.se\/filmerochbiljetter\/741\" target=\"_blank\" rel=\"noopener noreferrer\">https:\/\/www.capitolbio.se\/filmerochbiljetter\/741\/<\/a><br><br><br><strong>Mellan 22 augusti och 11 december 2019 visas f\u00f6ljande polska filmp\u00e4rlor:<\/strong> <br><br>\u2022&nbsp;&nbsp;&nbsp; Veronikas dubbelliv \/ Podw\u00f3jne \u017cycie Weroniki av Krzysztof Kie\u015blowski (svensk text)<br>\u2022&nbsp;&nbsp;&nbsp; Innocent Sorcerers \/ Niewinni czarodzieje av Andrzej Wajda (engelsk text)<br>\u2022&nbsp;&nbsp;&nbsp; Knife in the Water \/ N\u00f3\u017c w wodzie av Roman Pola\u0144ski (engelsk text)<br>\u2022&nbsp;&nbsp;&nbsp; A Lonely Woman \/ Kobieta samotna av Agnieszka Holland (engelsk text)<br>\u2022&nbsp;&nbsp;&nbsp; Mother Joan of the Angels \/ Matka Joanna od Anio\u0142\u00f3w av Jerzy Kawalerowicz (engelsk text)<\/p>\n","protected":false},"excerpt":{"rendered":"<p>Weronika bor i Polen. V\u00e9ronique bor i Paris. \u00c4ven om de inte k\u00e4nner varandra, r\u00e5kar de av ett m\u00e4rkligt sammantr\u00e4ffande vara identiska. Inte bara till utseendet, utan hela deras liv tycks underligt sammanfl\u00e4tade \u2013 genom ett mystiskt k\u00e4nslom\u00e4ssigt band som sammanbinder de tv\u00e5, \u00f6verskridande spr\u00e5k och geografiska gr\u00e4nser. Kie\u015blowski bel\u00f6nades med b\u00e5de FIPRESCI-priset och Ekumeniska [&hellip;]<\/p>\n","protected":false},"author":29,"featured_media":1361,"comment_status":"open","ping_status":"open","sticky":false,"template":"","format":"standard","meta":{"inline_featured_image":false,"_monsterinsights_skip_tracking":false,"_monsterinsights_sitenote_active":false,"_monsterinsights_sitenote_note":"","_monsterinsights_sitenote_category":0,"footnotes":""},"categories":[12,95],"tags":[],"class_list":["post-1358","post","type-post","status-publish","format-standard","has-post-thumbnail","hentry","category-evenemang","category-film-evenemang"],"yoast_head":"<!-- This site is optimized with the Yoast SEO plugin v24.6 - https:\/\/yoast.com\/wordpress\/plugins\/seo\/ -->\n<title>Polska filmklassiker p\u00e5 Capitol - Veronikas dubbelliv av Krzysztof Kie\u015blowski - Instytut Polski w Sztokholmie<\/title>\n<meta name=\"robots\" content=\"index, follow, max-snippet:-1, max-image-preview:large, max-video-preview:-1\" \/>\n<link rel=\"canonical\" href=\"https:\/\/instytutpolski.pl\/stockholm\/2019\/08\/20\/polska-filmklassiker-pa-capitol-veronikas-dubbelliv-av-krzysztof-kieslowski\/\" \/>\n<meta property=\"og:locale\" content=\"pl_PL\" \/>\n<meta property=\"og:type\" content=\"article\" \/>\n<meta property=\"og:title\" content=\"Polska filmklassiker p\u00e5 Capitol - Veronikas dubbelliv av Krzysztof Kie\u015blowski - Instytut Polski w Sztokholmie\" \/>\n<meta property=\"og:description\" content=\"Weronika bor i Polen. V\u00e9ronique bor i Paris. \u00c4ven om de inte k\u00e4nner varandra, r\u00e5kar de av ett m\u00e4rkligt sammantr\u00e4ffande vara identiska. Inte bara till utseendet, utan hela deras liv tycks underligt sammanfl\u00e4tade \u2013 genom ett mystiskt k\u00e4nslom\u00e4ssigt band som sammanbinder de tv\u00e5, \u00f6verskridande spr\u00e5k och geografiska gr\u00e4nser. Kie\u015blowski bel\u00f6nades med b\u00e5de FIPRESCI-priset och Ekumeniska [&hellip;]\" \/>\n<meta property=\"og:url\" content=\"https:\/\/instytutpolski.pl\/stockholm\/2019\/08\/20\/polska-filmklassiker-pa-capitol-veronikas-dubbelliv-av-krzysztof-kieslowski\/\" \/>\n<meta property=\"og:site_name\" content=\"Instytut Polski w Sztokholmie\" \/>\n<meta property=\"article:published_time\" content=\"2019-08-20T15:42:50+00:00\" \/>\n<meta property=\"article:modified_time\" content=\"2019-10-30T16:57:20+00:00\" \/>\n<meta property=\"og:image\" content=\"https:\/\/instytutpolski.pl\/stockholm\/wp-content\/uploads\/sites\/17\/2019\/10\/podwojne-yzcie-weroniki.jpg\" \/>\n\t<meta property=\"og:image:width\" content=\"1083\" \/>\n\t<meta property=\"og:image:height\" content=\"609\" \/>\n\t<meta property=\"og:image:type\" content=\"image\/jpeg\" \/>\n<meta name=\"author\" content=\"strozniake\" \/>\n<meta name=\"twitter:card\" content=\"summary_large_image\" \/>\n<meta name=\"twitter:label1\" content=\"Napisane przez\" \/>\n\t<meta name=\"twitter:data1\" content=\"strozniake\" \/>\n\t<meta name=\"twitter:label2\" content=\"Szacowany czas czytania\" \/>\n\t<meta name=\"twitter:data2\" content=\"1 minuta\" \/>\n<script type=\"application\/ld+json\" class=\"yoast-schema-graph\">{\"@context\":\"https:\/\/schema.org\",\"@graph\":[{\"@type\":\"event\",\"@id\":\"https:\/\/instytutpolski.pl\/stockholm\/2019\/08\/20\/polska-filmklassiker-pa-capitol-veronikas-dubbelliv-av-krzysztof-kieslowski\/\",\"url\":\"https:\/\/instytutpolski.pl\/stockholm\/2019\/08\/20\/polska-filmklassiker-pa-capitol-veronikas-dubbelliv-av-krzysztof-kieslowski\/\",\"name\":\"Polska filmklassiker p\u00e5 Capitol - Veronikas dubbelliv av Krzysztof Kie\u015blowski\",\"isPartOf\":{\"@id\":\"https:\/\/instytutpolski.pl\/stockholm\/#website\"},\"primaryImageOfPage\":{\"@id\":\"https:\/\/instytutpolski.pl\/stockholm\/2019\/08\/20\/polska-filmklassiker-pa-capitol-veronikas-dubbelliv-av-krzysztof-kieslowski\/#primaryimage\"},\"image\":[\"https:\/\/instytutpolski.pl\/stockholm\/wp-content\/uploads\/sites\/17\/2019\/10\/podwojne-yzcie-weroniki.jpg\",\"https:\/\/instytutpolski.pl\/stockholm\/wp-content\/uploads\/sites\/17\/2019\/10\/podwojne-yzcie-weroniki-300x169.jpg\",\"https:\/\/instytutpolski.pl\/stockholm\/wp-content\/uploads\/sites\/17\/2019\/10\/podwojne-yzcie-weroniki-1024x576.jpg\",\"https:\/\/instytutpolski.pl\/stockholm\/wp-content\/uploads\/sites\/17\/2019\/10\/podwojne-yzcie-weroniki.jpg\"],\"thumbnailUrl\":\"https:\/\/instytutpolski.pl\/stockholm\/wp-content\/uploads\/sites\/17\/2019\/10\/podwojne-yzcie-weroniki.jpg\",\"datePublished\":\"2019-08-20T15:42:50+02:00\",\"dateModified\":\"2019-10-30T16:57:20+02:00\",\"author\":{\"@id\":\"https:\/\/instytutpolski.pl\/stockholm\/#\/schema\/person\/062b5a5f61f32b17c98996975db8d556\"},\"breadcrumb\":{\"@id\":\"https:\/\/instytutpolski.pl\/stockholm\/2019\/08\/20\/polska-filmklassiker-pa-capitol-veronikas-dubbelliv-av-krzysztof-kieslowski\/#breadcrumb\"},\"inLanguage\":\"pl-PL\",\"potentialAction\":[{\"@type\":\"ReadAction\",\"target\":[\"https:\/\/instytutpolski.pl\/stockholm\/2019\/08\/20\/polska-filmklassiker-pa-capitol-veronikas-dubbelliv-av-krzysztof-kieslowski\/\"]}],\"@context\":\"https:\/\/schema.org\",\"startDate\":\"2019-08-22T06:00:00+02:00\",\"endDate\":\"2019-08-22T08:00:00+02:00\",\"eventStatus\":\"EventScheduled\",\"eventAttendanceMode\":\"OfflineEventAttendanceMode\",\"location\":{\"@type\":\"place\",\"name\":\"Capitol Bio, Sankt Eriksgatan 82, Stockholm\",\"address\":\"Capitol Bio, Sankt Eriksgatan 82, Stockholm\",\"geo\":{\"@type\":\"GeoCoordinates\",\"latitude\":\"59.334549987125854\",\"longitude\":\"18.043237475225\"}},\"description\":\"Weronika bor i Polen. V\u00e9ronique bor i Paris. \u00c4ven om de inte k\u00e4nner varandra, r\u00e5kar de av ett m\u00e4rkligt sammantr\u00e4ffande vara identiska. Inte bara till utseendet, utan hela deras liv tycks underligt sammanfl\u00e4tade \u2013 genom ett mystiskt k\u00e4nslom\u00e4ssigt band som sammanbinder de tv\u00e5, \u00f6verskridande spr\u00e5k och geografiska gr\u00e4nser. Kie\u015blowski bel\u00f6nades med b\u00e5de FIPRESCI-priset och Ekumeniska juryns pris i Cannes, d\u00e4r filmen \u00e4ven nominerades till Guldpalmen. Ir\u00e8ne Jacob vann pris f\u00f6r sin dubbla huvudroll. Veronikas dubbelliv \u00e4r lika minnesv\u00e4rd f\u00f6r S\u0142awomir Idziaks stiliserade foto och Zbigniew Preisners krypande soundtrack, som f\u00f6r sitt f\u00e4ngslande drama.Biljetter: https:\/\/www.capitolbio.se\/filmerochbiljetter\/741\/Mellan 22 augusti och 11 december 2019 visas f\u00f6ljande polska filmp\u00e4rlor: \u2022    Veronikas dubbelliv \/ Podw\u00f3jne \u017cycie Weroniki av Krzysztof Kie\u015blowski (svensk text)\u2022    Innocent Sorcerers \/ Niewinni czarodzieje av Andrzej Wajda (engelsk text)\u2022    Knife in the Water \/ N\u00f3\u017c w wodzie av Roman Pola\u0144ski (engelsk text)\u2022    A Lonely Woman \/ Kobieta samotna av Agnieszka Holland (engelsk text)\u2022    Mother Joan of the Angels \/ Matka Joanna od Anio\u0142\u00f3w av Jerzy Kawalerowicz (engelsk text)\"},{\"@type\":\"ImageObject\",\"inLanguage\":\"pl-PL\",\"@id\":\"https:\/\/instytutpolski.pl\/stockholm\/2019\/08\/20\/polska-filmklassiker-pa-capitol-veronikas-dubbelliv-av-krzysztof-kieslowski\/#primaryimage\",\"url\":\"https:\/\/instytutpolski.pl\/stockholm\/wp-content\/uploads\/sites\/17\/2019\/10\/podwojne-yzcie-weroniki.jpg\",\"contentUrl\":\"https:\/\/instytutpolski.pl\/stockholm\/wp-content\/uploads\/sites\/17\/2019\/10\/podwojne-yzcie-weroniki.jpg\",\"width\":1083,\"height\":609},{\"@type\":\"BreadcrumbList\",\"@id\":\"https:\/\/instytutpolski.pl\/stockholm\/2019\/08\/20\/polska-filmklassiker-pa-capitol-veronikas-dubbelliv-av-krzysztof-kieslowski\/#breadcrumb\",\"itemListElement\":[{\"@type\":\"ListItem\",\"position\":1,\"name\":\"Home\",\"item\":\"https:\/\/instytutpolski.pl\/stockholm\/\"},{\"@type\":\"ListItem\",\"position\":2,\"name\":\"Polska filmklassiker p\u00e5 Capitol &#8211; Veronikas dubbelliv av Krzysztof Kie\u015blowski\"}]},{\"@type\":\"WebSite\",\"@id\":\"https:\/\/instytutpolski.pl\/stockholm\/#website\",\"url\":\"https:\/\/instytutpolski.pl\/stockholm\/\",\"name\":\"Instytut Polski w Sztokholmie\",\"description\":\"Instytuty Polskie\",\"potentialAction\":[{\"@type\":\"SearchAction\",\"target\":{\"@type\":\"EntryPoint\",\"urlTemplate\":\"https:\/\/instytutpolski.pl\/stockholm\/?s={search_term_string}\"},\"query-input\":{\"@type\":\"PropertyValueSpecification\",\"valueRequired\":true,\"valueName\":\"search_term_string\"}}],\"inLanguage\":\"pl-PL\"},{\"@type\":\"Person\",\"@id\":\"https:\/\/instytutpolski.pl\/stockholm\/#\/schema\/person\/062b5a5f61f32b17c98996975db8d556\",\"name\":\"strozniake\",\"image\":{\"@type\":\"ImageObject\",\"inLanguage\":\"pl-PL\",\"@id\":\"https:\/\/instytutpolski.pl\/stockholm\/#\/schema\/person\/image\/\",\"url\":\"https:\/\/secure.gravatar.com\/avatar\/25e0be9897787f9035155a882fde97cc?s=96&d=mm&r=g\",\"contentUrl\":\"https:\/\/secure.gravatar.com\/avatar\/25e0be9897787f9035155a882fde97cc?s=96&d=mm&r=g\",\"caption\":\"strozniake\"},\"sameAs\":[\"http:\/\/strozniake\"],\"url\":\"https:\/\/instytutpolski.pl\/stockholm\/author\/strozniake\/\"}]}<\/script>\n<!-- \/ Yoast SEO plugin. -->","yoast_head_json":{"title":"Polska filmklassiker p\u00e5 Capitol - Veronikas dubbelliv av Krzysztof Kie\u015blowski - Instytut Polski w Sztokholmie","robots":{"index":"index","follow":"follow","max-snippet":"max-snippet:-1","max-image-preview":"max-image-preview:large","max-video-preview":"max-video-preview:-1"},"canonical":"https:\/\/instytutpolski.pl\/stockholm\/2019\/08\/20\/polska-filmklassiker-pa-capitol-veronikas-dubbelliv-av-krzysztof-kieslowski\/","og_locale":"pl_PL","og_type":"article","og_title":"Polska filmklassiker p\u00e5 Capitol - Veronikas dubbelliv av Krzysztof Kie\u015blowski - Instytut Polski w Sztokholmie","og_description":"Weronika bor i Polen. V\u00e9ronique bor i Paris. \u00c4ven om de inte k\u00e4nner varandra, r\u00e5kar de av ett m\u00e4rkligt sammantr\u00e4ffande vara identiska. Inte bara till utseendet, utan hela deras liv tycks underligt sammanfl\u00e4tade \u2013 genom ett mystiskt k\u00e4nslom\u00e4ssigt band som sammanbinder de tv\u00e5, \u00f6verskridande spr\u00e5k och geografiska gr\u00e4nser. Kie\u015blowski bel\u00f6nades med b\u00e5de FIPRESCI-priset och Ekumeniska [&hellip;]","og_url":"https:\/\/instytutpolski.pl\/stockholm\/2019\/08\/20\/polska-filmklassiker-pa-capitol-veronikas-dubbelliv-av-krzysztof-kieslowski\/","og_site_name":"Instytut Polski w Sztokholmie","article_published_time":"2019-08-20T15:42:50+00:00","article_modified_time":"2019-10-30T16:57:20+00:00","og_image":[{"width":1083,"height":609,"url":"https:\/\/instytutpolski.pl\/stockholm\/wp-content\/uploads\/sites\/17\/2019\/10\/podwojne-yzcie-weroniki.jpg","type":"image\/jpeg"}],"author":"strozniake","twitter_card":"summary_large_image","twitter_misc":{"Napisane przez":"strozniake","Szacowany czas czytania":"1 minuta"},"schema":{"@context":"https:\/\/schema.org","@graph":[{"@type":"event","@id":"https:\/\/instytutpolski.pl\/stockholm\/2019\/08\/20\/polska-filmklassiker-pa-capitol-veronikas-dubbelliv-av-krzysztof-kieslowski\/","url":"https:\/\/instytutpolski.pl\/stockholm\/2019\/08\/20\/polska-filmklassiker-pa-capitol-veronikas-dubbelliv-av-krzysztof-kieslowski\/","name":"Polska filmklassiker p\u00e5 Capitol - Veronikas dubbelliv av Krzysztof Kie\u015blowski","isPartOf":{"@id":"https:\/\/instytutpolski.pl\/stockholm\/#website"},"primaryImageOfPage":{"@id":"https:\/\/instytutpolski.pl\/stockholm\/2019\/08\/20\/polska-filmklassiker-pa-capitol-veronikas-dubbelliv-av-krzysztof-kieslowski\/#primaryimage"},"image":["https:\/\/instytutpolski.pl\/stockholm\/wp-content\/uploads\/sites\/17\/2019\/10\/podwojne-yzcie-weroniki.jpg","https:\/\/instytutpolski.pl\/stockholm\/wp-content\/uploads\/sites\/17\/2019\/10\/podwojne-yzcie-weroniki-300x169.jpg","https:\/\/instytutpolski.pl\/stockholm\/wp-content\/uploads\/sites\/17\/2019\/10\/podwojne-yzcie-weroniki-1024x576.jpg","https:\/\/instytutpolski.pl\/stockholm\/wp-content\/uploads\/sites\/17\/2019\/10\/podwojne-yzcie-weroniki.jpg"],"thumbnailUrl":"https:\/\/instytutpolski.pl\/stockholm\/wp-content\/uploads\/sites\/17\/2019\/10\/podwojne-yzcie-weroniki.jpg","datePublished":"2019-08-20T15:42:50+02:00","dateModified":"2019-10-30T16:57:20+02:00","author":{"@id":"https:\/\/instytutpolski.pl\/stockholm\/#\/schema\/person\/062b5a5f61f32b17c98996975db8d556"},"breadcrumb":{"@id":"https:\/\/instytutpolski.pl\/stockholm\/2019\/08\/20\/polska-filmklassiker-pa-capitol-veronikas-dubbelliv-av-krzysztof-kieslowski\/#breadcrumb"},"inLanguage":"pl-PL","potentialAction":[{"@type":"ReadAction","target":["https:\/\/instytutpolski.pl\/stockholm\/2019\/08\/20\/polska-filmklassiker-pa-capitol-veronikas-dubbelliv-av-krzysztof-kieslowski\/"]}],"@context":"https:\/\/schema.org","startDate":"2019-08-22T06:00:00+02:00","endDate":"2019-08-22T08:00:00+02:00","eventStatus":"EventScheduled","eventAttendanceMode":"OfflineEventAttendanceMode","location":{"@type":"place","name":"Capitol Bio, Sankt Eriksgatan 82, Stockholm","address":"Capitol Bio, Sankt Eriksgatan 82, Stockholm","geo":{"@type":"GeoCoordinates","latitude":"59.334549987125854","longitude":"18.043237475225"}},"description":"Weronika bor i Polen. V\u00e9ronique bor i Paris. \u00c4ven om de inte k\u00e4nner varandra, r\u00e5kar de av ett m\u00e4rkligt sammantr\u00e4ffande vara identiska. Inte bara till utseendet, utan hela deras liv tycks underligt sammanfl\u00e4tade \u2013 genom ett mystiskt k\u00e4nslom\u00e4ssigt band som sammanbinder de tv\u00e5, \u00f6verskridande spr\u00e5k och geografiska gr\u00e4nser. Kie\u015blowski bel\u00f6nades med b\u00e5de FIPRESCI-priset och Ekumeniska juryns pris i Cannes, d\u00e4r filmen \u00e4ven nominerades till Guldpalmen. Ir\u00e8ne Jacob vann pris f\u00f6r sin dubbla huvudroll. Veronikas dubbelliv \u00e4r lika minnesv\u00e4rd f\u00f6r S\u0142awomir Idziaks stiliserade foto och Zbigniew Preisners krypande soundtrack, som f\u00f6r sitt f\u00e4ngslande drama.Biljetter: https:\/\/www.capitolbio.se\/filmerochbiljetter\/741\/Mellan 22 augusti och 11 december 2019 visas f\u00f6ljande polska filmp\u00e4rlor: \u2022    Veronikas dubbelliv \/ Podw\u00f3jne \u017cycie Weroniki av Krzysztof Kie\u015blowski (svensk text)\u2022    Innocent Sorcerers \/ Niewinni czarodzieje av Andrzej Wajda (engelsk text)\u2022    Knife in the Water \/ N\u00f3\u017c w wodzie av Roman Pola\u0144ski (engelsk text)\u2022    A Lonely Woman \/ Kobieta samotna av Agnieszka Holland (engelsk text)\u2022    Mother Joan of the Angels \/ Matka Joanna od Anio\u0142\u00f3w av Jerzy Kawalerowicz (engelsk text)"},{"@type":"ImageObject","inLanguage":"pl-PL","@id":"https:\/\/instytutpolski.pl\/stockholm\/2019\/08\/20\/polska-filmklassiker-pa-capitol-veronikas-dubbelliv-av-krzysztof-kieslowski\/#primaryimage","url":"https:\/\/instytutpolski.pl\/stockholm\/wp-content\/uploads\/sites\/17\/2019\/10\/podwojne-yzcie-weroniki.jpg","contentUrl":"https:\/\/instytutpolski.pl\/stockholm\/wp-content\/uploads\/sites\/17\/2019\/10\/podwojne-yzcie-weroniki.jpg","width":1083,"height":609},{"@type":"BreadcrumbList","@id":"https:\/\/instytutpolski.pl\/stockholm\/2019\/08\/20\/polska-filmklassiker-pa-capitol-veronikas-dubbelliv-av-krzysztof-kieslowski\/#breadcrumb","itemListElement":[{"@type":"ListItem","position":1,"name":"Home","item":"https:\/\/instytutpolski.pl\/stockholm\/"},{"@type":"ListItem","position":2,"name":"Polska filmklassiker p\u00e5 Capitol &#8211; Veronikas dubbelliv av Krzysztof Kie\u015blowski"}]},{"@type":"WebSite","@id":"https:\/\/instytutpolski.pl\/stockholm\/#website","url":"https:\/\/instytutpolski.pl\/stockholm\/","name":"Instytut Polski w Sztokholmie","description":"Instytuty Polskie","potentialAction":[{"@type":"SearchAction","target":{"@type":"EntryPoint","urlTemplate":"https:\/\/instytutpolski.pl\/stockholm\/?s={search_term_string}"},"query-input":{"@type":"PropertyValueSpecification","valueRequired":true,"valueName":"search_term_string"}}],"inLanguage":"pl-PL"},{"@type":"Person","@id":"https:\/\/instytutpolski.pl\/stockholm\/#\/schema\/person\/062b5a5f61f32b17c98996975db8d556","name":"strozniake","image":{"@type":"ImageObject","inLanguage":"pl-PL","@id":"https:\/\/instytutpolski.pl\/stockholm\/#\/schema\/person\/image\/","url":"https:\/\/secure.gravatar.com\/avatar\/25e0be9897787f9035155a882fde97cc?s=96&d=mm&r=g","contentUrl":"https:\/\/secure.gravatar.com\/avatar\/25e0be9897787f9035155a882fde97cc?s=96&d=mm&r=g","caption":"strozniake"},"sameAs":["http:\/\/strozniake"],"url":"https:\/\/instytutpolski.pl\/stockholm\/author\/strozniake\/"}]}},"_links":{"self":[{"href":"https:\/\/instytutpolski.pl\/stockholm\/wp-json\/wp\/v2\/posts\/1358","targetHints":{"allow":["GET"]}}],"collection":[{"href":"https:\/\/instytutpolski.pl\/stockholm\/wp-json\/wp\/v2\/posts"}],"about":[{"href":"https:\/\/instytutpolski.pl\/stockholm\/wp-json\/wp\/v2\/types\/post"}],"author":[{"embeddable":true,"href":"https:\/\/instytutpolski.pl\/stockholm\/wp-json\/wp\/v2\/users\/29"}],"replies":[{"embeddable":true,"href":"https:\/\/instytutpolski.pl\/stockholm\/wp-json\/wp\/v2\/comments?post=1358"}],"version-history":[{"count":5,"href":"https:\/\/instytutpolski.pl\/stockholm\/wp-json\/wp\/v2\/posts\/1358\/revisions"}],"predecessor-version":[{"id":1378,"href":"https:\/\/instytutpolski.pl\/stockholm\/wp-json\/wp\/v2\/posts\/1358\/revisions\/1378"}],"wp:featuredmedia":[{"embeddable":true,"href":"https:\/\/instytutpolski.pl\/stockholm\/wp-json\/wp\/v2\/media\/1361"}],"wp:attachment":[{"href":"https:\/\/instytutpolski.pl\/stockholm\/wp-json\/wp\/v2\/media?parent=1358"}],"wp:term":[{"taxonomy":"category","embeddable":true,"href":"https:\/\/instytutpolski.pl\/stockholm\/wp-json\/wp\/v2\/categories?post=1358"},{"taxonomy":"post_tag","embeddable":true,"href":"https:\/\/instytutpolski.pl\/stockholm\/wp-json\/wp\/v2\/tags?post=1358"}],"curies":[{"name":"wp","href":"https:\/\/api.w.org\/{rel}","templated":true}]}}