{"id":13601,"date":"2025-01-20T13:24:21","date_gmt":"2025-01-20T12:24:21","guid":{"rendered":"https:\/\/instytutpolski.pl\/stockholm\/?p=13601"},"modified":"2025-01-20T13:24:22","modified_gmt":"2025-01-20T12:24:22","slug":"minnesceremoni-pa-forintelsens-minnesdag","status":"publish","type":"post","link":"https:\/\/instytutpolski.pl\/stockholm\/2025\/01\/20\/minnesceremoni-pa-forintelsens-minnesdag\/","title":{"rendered":"Minnesceremoni p\u00e5 F\u00f6rintelsens minnesdag"},"content":{"rendered":"\n<p>Den 27 januari kl 16.00 b\u00f6rjar lives\u00e4ndningen av minnesceremonin p\u00e5\u00a0<strong>Auschwitzmuseet<\/strong>\u00a0som h\u00e5lls f\u00f6r att markera 80-\u00e5rsdagen f\u00f6r befrielsen av Auschwitz-Birkenau: <a href=\"https:\/\/www.youtube.com\/watch?v=180tHqgUW00\" target=\"_blank\" rel=\"noreferrer noopener\">https:\/\/www.youtube.com\/watch?v=180tHqgUW00<\/a><\/p>\n\n\n\n<p>L\u00e4s mer <a href=\"https:\/\/www.auschwitz.org\/en\/home-page-80\/\" target=\"_blank\" rel=\"noreferrer noopener\">H\u00c4R<\/a><\/p>\n\n\n\n<p><strong>Forum f\u00f6r levande historia<\/strong>&nbsp;\u00e4r en av flera svenska institutioner som anordnar evenemang p\u00e5 F\u00f6rintelsens minnesdag \u2013 f\u00f6r att hedra offren f\u00f6r F\u00f6rintelsen och de som riskerade sina liv f\u00f6r att st\u00e5 upp f\u00f6r m\u00e4nniskov\u00e4rdet. Minnesceremonin p\u00e5 F\u00f6rintelsens minnesdag den 27 januari kl. 17.00 inneh\u00e5ller bland annat vittnesm\u00e5l fr\u00e5n f\u00f6rintelse\u00f6verlevande och deras anh\u00f6riga, tal och musik. Den amerikanska historikern och f\u00f6rfattaren Timothy Snyder h\u00e5ller tal samt justitieminister Gunnar Str\u00f6mmer och Forum f\u00f6r levande historias \u00f6verintendent Petra M\u00e5rselius.<\/p>\n\n\n\n<p>Alla platser f\u00f6r att delta fysiskt p\u00e5 plats i Eric Ericsonhallen i Stockholm \u00e4r redan fullbokade. Men ceremonin lives\u00e4nds ocks\u00e5 och g\u00e5r att se p\u00e5 Forums hemsida och facebooksida och p\u00e5 SVT Play.<\/p>\n\n\n\n<p>Mer information hittar du <a href=\"https:\/\/www.levandehistoria.se\/kalendarium\/minnesceremoni-pa-forintelsens-minnesdag\" target=\"_blank\" rel=\"noreferrer noopener\">H\u00c4R<\/a><\/p>\n\n\n\n<p><strong>Sveriges museum om F\u00f6rintelsen<\/strong>&nbsp;i Stockholm uppm\u00e4rksammar att det \u00e4r 80 \u00e5r sedan befrielsen av Auschwitz med visningar i utst\u00e4llningarna Sju liv och Ober\u00e4ttat d\u00e4r du f\u00e5r veta mer om hur befrielsen gick till, h\u00f6ra mer om levnads\u00f6den kopplade till l\u00e4gret och hur denna dag sedan blev en internationell minnesdag.<\/p>\n\n\n\n<p>L\u00e4s mer <a href=\"https:\/\/museumforintelsen.se\/pa-gang\/kalender\/specialvisningar\/\" target=\"_blank\" rel=\"noreferrer noopener\">H\u00c4R<\/a><\/p>\n","protected":false},"excerpt":{"rendered":"<p>Den 27 januari kl 16.00 b\u00f6rjar lives\u00e4ndningen av minnesceremonin p\u00e5\u00a0Auschwitzmuseet\u00a0som h\u00e5lls f\u00f6r att markera 80-\u00e5rsdagen f\u00f6r befrielsen av Auschwitz-Birkenau: https:\/\/www.youtube.com\/watch?v=180tHqgUW00 L\u00e4s mer H\u00c4R Forum f\u00f6r levande historia&nbsp;\u00e4r en av flera svenska institutioner som anordnar evenemang p\u00e5 F\u00f6rintelsens minnesdag \u2013 f\u00f6r att hedra offren f\u00f6r F\u00f6rintelsen och de som riskerade sina liv f\u00f6r att st\u00e5 upp [&hellip;]<\/p>\n","protected":false},"author":173,"featured_media":13604,"comment_status":"closed","ping_status":"closed","sticky":false,"template":"","format":"standard","meta":{"inline_featured_image":false,"_monsterinsights_skip_tracking":false,"_monsterinsights_sitenote_active":false,"_monsterinsights_sitenote_note":"","_monsterinsights_sitenote_category":0,"footnotes":""},"categories":[222,318,12,111],"tags":[],"class_list":["post-13601","post","type-post","status-publish","format-standard","has-post-thumbnail","hentry","category-aktualnosc-se","category-artykuly-se","category-evenemang","category-historia-se"],"yoast_head":"<!-- This site is optimized with the Yoast SEO plugin v24.6 - https:\/\/yoast.com\/wordpress\/plugins\/seo\/ -->\n<title>Minnesceremoni p\u00e5 F\u00f6rintelsens minnesdag - Instytut Polski w Sztokholmie<\/title>\n<meta name=\"robots\" content=\"index, follow, max-snippet:-1, max-image-preview:large, max-video-preview:-1\" \/>\n<link rel=\"canonical\" href=\"https:\/\/instytutpolski.pl\/stockholm\/2025\/01\/20\/minnesceremoni-pa-forintelsens-minnesdag\/\" \/>\n<meta property=\"og:locale\" content=\"pl_PL\" \/>\n<meta property=\"og:type\" content=\"article\" \/>\n<meta property=\"og:title\" content=\"Minnesceremoni p\u00e5 F\u00f6rintelsens minnesdag - Instytut Polski w Sztokholmie\" \/>\n<meta property=\"og:description\" content=\"Den 27 januari kl 16.00 b\u00f6rjar lives\u00e4ndningen av minnesceremonin p\u00e5\u00a0Auschwitzmuseet\u00a0som h\u00e5lls f\u00f6r att markera 80-\u00e5rsdagen f\u00f6r befrielsen av Auschwitz-Birkenau: https:\/\/www.youtube.com\/watch?v=180tHqgUW00 L\u00e4s mer H\u00c4R Forum f\u00f6r levande historia&nbsp;\u00e4r en av flera svenska institutioner som anordnar evenemang p\u00e5 F\u00f6rintelsens minnesdag \u2013 f\u00f6r att hedra offren f\u00f6r F\u00f6rintelsen och de som riskerade sina liv f\u00f6r att st\u00e5 upp [&hellip;]\" \/>\n<meta property=\"og:url\" content=\"https:\/\/instytutpolski.pl\/stockholm\/2025\/01\/20\/minnesceremoni-pa-forintelsens-minnesdag\/\" \/>\n<meta property=\"og:site_name\" content=\"Instytut Polski w Sztokholmie\" \/>\n<meta property=\"article:published_time\" content=\"2025-01-20T12:24:21+00:00\" \/>\n<meta property=\"article:modified_time\" content=\"2025-01-20T12:24:22+00:00\" \/>\n<meta property=\"og:image\" content=\"https:\/\/instytutpolski.pl\/stockholm\/wp-content\/uploads\/sites\/17\/2025\/01\/80-a\u030ar-Hemsida.jpg\" \/>\n\t<meta property=\"og:image:width\" content=\"1120\" \/>\n\t<meta property=\"og:image:height\" content=\"630\" \/>\n\t<meta property=\"og:image:type\" content=\"image\/jpeg\" \/>\n<meta name=\"author\" content=\"treichelp\" \/>\n<meta name=\"twitter:card\" content=\"summary_large_image\" \/>\n<meta name=\"twitter:label1\" content=\"Napisane przez\" \/>\n\t<meta name=\"twitter:data1\" content=\"treichelp\" \/>\n\t<meta name=\"twitter:label2\" content=\"Szacowany czas czytania\" \/>\n\t<meta name=\"twitter:data2\" content=\"2 minuty\" \/>\n<script type=\"application\/ld+json\" class=\"yoast-schema-graph\">{\"@context\":\"https:\/\/schema.org\",\"@graph\":[{\"@type\":\"event\",\"@id\":\"https:\/\/instytutpolski.pl\/stockholm\/2025\/01\/20\/minnesceremoni-pa-forintelsens-minnesdag\/\",\"url\":\"https:\/\/instytutpolski.pl\/stockholm\/2025\/01\/20\/minnesceremoni-pa-forintelsens-minnesdag\/\",\"name\":\"Minnesceremoni p\u00e5 F\u00f6rintelsens minnesdag\",\"isPartOf\":{\"@id\":\"https:\/\/instytutpolski.pl\/stockholm\/#website\"},\"primaryImageOfPage\":{\"@id\":\"https:\/\/instytutpolski.pl\/stockholm\/2025\/01\/20\/minnesceremoni-pa-forintelsens-minnesdag\/#primaryimage\"},\"image\":[\"https:\/\/instytutpolski.pl\/stockholm\/wp-content\/uploads\/sites\/17\/2025\/01\/80-a\u030ar-Hemsida.jpg\",\"https:\/\/instytutpolski.pl\/stockholm\/wp-content\/uploads\/sites\/17\/2025\/01\/80-a\u030ar-Hemsida-300x169.jpg\",\"https:\/\/instytutpolski.pl\/stockholm\/wp-content\/uploads\/sites\/17\/2025\/01\/80-a\u030ar-Hemsida-1024x576.jpg\",\"https:\/\/instytutpolski.pl\/stockholm\/wp-content\/uploads\/sites\/17\/2025\/01\/80-a\u030ar-Hemsida.jpg\"],\"thumbnailUrl\":\"https:\/\/instytutpolski.pl\/stockholm\/wp-content\/uploads\/sites\/17\/2025\/01\/80-a\u030ar-Hemsida.jpg\",\"datePublished\":\"2025-01-20T12:24:21+02:00\",\"dateModified\":\"2025-01-20T12:24:22+02:00\",\"author\":{\"@id\":\"https:\/\/instytutpolski.pl\/stockholm\/#\/schema\/person\/866a2c0f4ccf0982a286809684f7bc1e\"},\"breadcrumb\":{\"@id\":\"https:\/\/instytutpolski.pl\/stockholm\/2025\/01\/20\/minnesceremoni-pa-forintelsens-minnesdag\/#breadcrumb\"},\"inLanguage\":\"pl-PL\",\"potentialAction\":[{\"@type\":\"ReadAction\",\"target\":[\"https:\/\/instytutpolski.pl\/stockholm\/2025\/01\/20\/minnesceremoni-pa-forintelsens-minnesdag\/\"]}],\"@context\":\"https:\/\/schema.org\",\"startDate\":\"2025-01-27\",\"endDate\":\"2025-01-27\",\"eventStatus\":\"EventScheduled\",\"eventAttendanceMode\":\"OfflineEventAttendanceMode\",\"location\":{\"@type\":\"place\",\"name\":\"Stockholm\",\"address\":\"Stockholm\",\"geo\":{\"@type\":\"GeoCoordinates\",\"latitude\":\"59.30483720146373\",\"longitude\":\"17.992531276124637\"}},\"description\":\"Den 27 januari kl 16.00 b\u00f6rjar lives\u00e4ndningen av minnesceremonin p\u00e5\u00a0Auschwitzmuseet\u00a0som h\u00e5lls f\u00f6r att markera 80-\u00e5rsdagen f\u00f6r befrielsen av Auschwitz-Birkenau: https:\/\/www.youtube.com\/watch?v=180tHqgUW00\\nL\u00e4s mer H\u00c4R\\nForum f\u00f6r levande historia \u00e4r en av flera svenska institutioner som anordnar evenemang p\u00e5 F\u00f6rintelsens minnesdag \u2013 f\u00f6r att hedra offren f\u00f6r F\u00f6rintelsen och de som riskerade sina liv f\u00f6r att st\u00e5 upp f\u00f6r m\u00e4nniskov\u00e4rdet. Minnesceremonin p\u00e5 F\u00f6rintelsens minnesdag den 27 januari kl. 17.00 inneh\u00e5ller bland annat vittnesm\u00e5l fr\u00e5n f\u00f6rintelse\u00f6verlevande och deras anh\u00f6riga, tal och musik. Den amerikanska historikern och f\u00f6rfattaren Timothy Snyder h\u00e5ller tal samt justitieminister Gunnar Str\u00f6mmer och Forum f\u00f6r levande historias \u00f6verintendent Petra M\u00e5rselius.\\nAlla platser f\u00f6r att delta fysiskt p\u00e5 plats i Eric Ericsonhallen i Stockholm \u00e4r redan fullbokade. Men ceremonin lives\u00e4nds ocks\u00e5 och g\u00e5r att se p\u00e5 Forums hemsida och facebooksida och p\u00e5 SVT Play.\\nMer information hittar du H\u00c4R\\nSveriges museum om F\u00f6rintelsen i Stockholm uppm\u00e4rksammar att det \u00e4r 80 \u00e5r sedan befrielsen av Auschwitz med visningar i utst\u00e4llningarna Sju liv och Ober\u00e4ttat d\u00e4r du f\u00e5r veta mer om hur befrielsen gick till, h\u00f6ra mer om levnads\u00f6den kopplade till l\u00e4gret och hur denna dag sedan blev en internationell minnesdag.\\nL\u00e4s mer H\u00c4R\"},{\"@type\":\"ImageObject\",\"inLanguage\":\"pl-PL\",\"@id\":\"https:\/\/instytutpolski.pl\/stockholm\/2025\/01\/20\/minnesceremoni-pa-forintelsens-minnesdag\/#primaryimage\",\"url\":\"https:\/\/instytutpolski.pl\/stockholm\/wp-content\/uploads\/sites\/17\/2025\/01\/80-a\u030ar-Hemsida.jpg\",\"contentUrl\":\"https:\/\/instytutpolski.pl\/stockholm\/wp-content\/uploads\/sites\/17\/2025\/01\/80-a\u030ar-Hemsida.jpg\",\"width\":1120,\"height\":630},{\"@type\":\"BreadcrumbList\",\"@id\":\"https:\/\/instytutpolski.pl\/stockholm\/2025\/01\/20\/minnesceremoni-pa-forintelsens-minnesdag\/#breadcrumb\",\"itemListElement\":[{\"@type\":\"ListItem\",\"position\":1,\"name\":\"Home\",\"item\":\"https:\/\/instytutpolski.pl\/stockholm\/\"},{\"@type\":\"ListItem\",\"position\":2,\"name\":\"Minnesceremoni p\u00e5 F\u00f6rintelsens minnesdag\"}]},{\"@type\":\"WebSite\",\"@id\":\"https:\/\/instytutpolski.pl\/stockholm\/#website\",\"url\":\"https:\/\/instytutpolski.pl\/stockholm\/\",\"name\":\"Instytut Polski w Sztokholmie\",\"description\":\"Instytuty Polskie\",\"potentialAction\":[{\"@type\":\"SearchAction\",\"target\":{\"@type\":\"EntryPoint\",\"urlTemplate\":\"https:\/\/instytutpolski.pl\/stockholm\/?s={search_term_string}\"},\"query-input\":{\"@type\":\"PropertyValueSpecification\",\"valueRequired\":true,\"valueName\":\"search_term_string\"}}],\"inLanguage\":\"pl-PL\"},{\"@type\":\"Person\",\"@id\":\"https:\/\/instytutpolski.pl\/stockholm\/#\/schema\/person\/866a2c0f4ccf0982a286809684f7bc1e\",\"name\":\"treichelp\",\"image\":{\"@type\":\"ImageObject\",\"inLanguage\":\"pl-PL\",\"@id\":\"https:\/\/instytutpolski.pl\/stockholm\/#\/schema\/person\/image\/\",\"url\":\"https:\/\/secure.gravatar.com\/avatar\/fb2c1caae0df0854742a56fc463dd1fb?s=96&d=mm&r=g\",\"contentUrl\":\"https:\/\/secure.gravatar.com\/avatar\/fb2c1caae0df0854742a56fc463dd1fb?s=96&d=mm&r=g\",\"caption\":\"treichelp\"},\"url\":\"https:\/\/instytutpolski.pl\/stockholm\/author\/treichelp\/\"}]}<\/script>\n<!-- \/ Yoast SEO plugin. -->","yoast_head_json":{"title":"Minnesceremoni p\u00e5 F\u00f6rintelsens minnesdag - Instytut Polski w Sztokholmie","robots":{"index":"index","follow":"follow","max-snippet":"max-snippet:-1","max-image-preview":"max-image-preview:large","max-video-preview":"max-video-preview:-1"},"canonical":"https:\/\/instytutpolski.pl\/stockholm\/2025\/01\/20\/minnesceremoni-pa-forintelsens-minnesdag\/","og_locale":"pl_PL","og_type":"article","og_title":"Minnesceremoni p\u00e5 F\u00f6rintelsens minnesdag - Instytut Polski w Sztokholmie","og_description":"Den 27 januari kl 16.00 b\u00f6rjar lives\u00e4ndningen av minnesceremonin p\u00e5\u00a0Auschwitzmuseet\u00a0som h\u00e5lls f\u00f6r att markera 80-\u00e5rsdagen f\u00f6r befrielsen av Auschwitz-Birkenau: https:\/\/www.youtube.com\/watch?v=180tHqgUW00 L\u00e4s mer H\u00c4R Forum f\u00f6r levande historia&nbsp;\u00e4r en av flera svenska institutioner som anordnar evenemang p\u00e5 F\u00f6rintelsens minnesdag \u2013 f\u00f6r att hedra offren f\u00f6r F\u00f6rintelsen och de som riskerade sina liv f\u00f6r att st\u00e5 upp [&hellip;]","og_url":"https:\/\/instytutpolski.pl\/stockholm\/2025\/01\/20\/minnesceremoni-pa-forintelsens-minnesdag\/","og_site_name":"Instytut Polski w Sztokholmie","article_published_time":"2025-01-20T12:24:21+00:00","article_modified_time":"2025-01-20T12:24:22+00:00","og_image":[{"width":1120,"height":630,"url":"https:\/\/instytutpolski.pl\/stockholm\/wp-content\/uploads\/sites\/17\/2025\/01\/80-a\u030ar-Hemsida.jpg","type":"image\/jpeg"}],"author":"treichelp","twitter_card":"summary_large_image","twitter_misc":{"Napisane przez":"treichelp","Szacowany czas czytania":"2 minuty"},"schema":{"@context":"https:\/\/schema.org","@graph":[{"@type":"event","@id":"https:\/\/instytutpolski.pl\/stockholm\/2025\/01\/20\/minnesceremoni-pa-forintelsens-minnesdag\/","url":"https:\/\/instytutpolski.pl\/stockholm\/2025\/01\/20\/minnesceremoni-pa-forintelsens-minnesdag\/","name":"Minnesceremoni p\u00e5 F\u00f6rintelsens minnesdag","isPartOf":{"@id":"https:\/\/instytutpolski.pl\/stockholm\/#website"},"primaryImageOfPage":{"@id":"https:\/\/instytutpolski.pl\/stockholm\/2025\/01\/20\/minnesceremoni-pa-forintelsens-minnesdag\/#primaryimage"},"image":["https:\/\/instytutpolski.pl\/stockholm\/wp-content\/uploads\/sites\/17\/2025\/01\/80-a\u030ar-Hemsida.jpg","https:\/\/instytutpolski.pl\/stockholm\/wp-content\/uploads\/sites\/17\/2025\/01\/80-a\u030ar-Hemsida-300x169.jpg","https:\/\/instytutpolski.pl\/stockholm\/wp-content\/uploads\/sites\/17\/2025\/01\/80-a\u030ar-Hemsida-1024x576.jpg","https:\/\/instytutpolski.pl\/stockholm\/wp-content\/uploads\/sites\/17\/2025\/01\/80-a\u030ar-Hemsida.jpg"],"thumbnailUrl":"https:\/\/instytutpolski.pl\/stockholm\/wp-content\/uploads\/sites\/17\/2025\/01\/80-a\u030ar-Hemsida.jpg","datePublished":"2025-01-20T12:24:21+02:00","dateModified":"2025-01-20T12:24:22+02:00","author":{"@id":"https:\/\/instytutpolski.pl\/stockholm\/#\/schema\/person\/866a2c0f4ccf0982a286809684f7bc1e"},"breadcrumb":{"@id":"https:\/\/instytutpolski.pl\/stockholm\/2025\/01\/20\/minnesceremoni-pa-forintelsens-minnesdag\/#breadcrumb"},"inLanguage":"pl-PL","potentialAction":[{"@type":"ReadAction","target":["https:\/\/instytutpolski.pl\/stockholm\/2025\/01\/20\/minnesceremoni-pa-forintelsens-minnesdag\/"]}],"@context":"https:\/\/schema.org","startDate":"2025-01-27","endDate":"2025-01-27","eventStatus":"EventScheduled","eventAttendanceMode":"OfflineEventAttendanceMode","location":{"@type":"place","name":"Stockholm","address":"Stockholm","geo":{"@type":"GeoCoordinates","latitude":"59.30483720146373","longitude":"17.992531276124637"}},"description":"Den 27 januari kl 16.00 b\u00f6rjar lives\u00e4ndningen av minnesceremonin p\u00e5\u00a0Auschwitzmuseet\u00a0som h\u00e5lls f\u00f6r att markera 80-\u00e5rsdagen f\u00f6r befrielsen av Auschwitz-Birkenau: https:\/\/www.youtube.com\/watch?v=180tHqgUW00\nL\u00e4s mer H\u00c4R\nForum f\u00f6r levande historia \u00e4r en av flera svenska institutioner som anordnar evenemang p\u00e5 F\u00f6rintelsens minnesdag \u2013 f\u00f6r att hedra offren f\u00f6r F\u00f6rintelsen och de som riskerade sina liv f\u00f6r att st\u00e5 upp f\u00f6r m\u00e4nniskov\u00e4rdet. Minnesceremonin p\u00e5 F\u00f6rintelsens minnesdag den 27 januari kl. 17.00 inneh\u00e5ller bland annat vittnesm\u00e5l fr\u00e5n f\u00f6rintelse\u00f6verlevande och deras anh\u00f6riga, tal och musik. Den amerikanska historikern och f\u00f6rfattaren Timothy Snyder h\u00e5ller tal samt justitieminister Gunnar Str\u00f6mmer och Forum f\u00f6r levande historias \u00f6verintendent Petra M\u00e5rselius.\nAlla platser f\u00f6r att delta fysiskt p\u00e5 plats i Eric Ericsonhallen i Stockholm \u00e4r redan fullbokade. Men ceremonin lives\u00e4nds ocks\u00e5 och g\u00e5r att se p\u00e5 Forums hemsida och facebooksida och p\u00e5 SVT Play.\nMer information hittar du H\u00c4R\nSveriges museum om F\u00f6rintelsen i Stockholm uppm\u00e4rksammar att det \u00e4r 80 \u00e5r sedan befrielsen av Auschwitz med visningar i utst\u00e4llningarna Sju liv och Ober\u00e4ttat d\u00e4r du f\u00e5r veta mer om hur befrielsen gick till, h\u00f6ra mer om levnads\u00f6den kopplade till l\u00e4gret och hur denna dag sedan blev en internationell minnesdag.\nL\u00e4s mer H\u00c4R"},{"@type":"ImageObject","inLanguage":"pl-PL","@id":"https:\/\/instytutpolski.pl\/stockholm\/2025\/01\/20\/minnesceremoni-pa-forintelsens-minnesdag\/#primaryimage","url":"https:\/\/instytutpolski.pl\/stockholm\/wp-content\/uploads\/sites\/17\/2025\/01\/80-a\u030ar-Hemsida.jpg","contentUrl":"https:\/\/instytutpolski.pl\/stockholm\/wp-content\/uploads\/sites\/17\/2025\/01\/80-a\u030ar-Hemsida.jpg","width":1120,"height":630},{"@type":"BreadcrumbList","@id":"https:\/\/instytutpolski.pl\/stockholm\/2025\/01\/20\/minnesceremoni-pa-forintelsens-minnesdag\/#breadcrumb","itemListElement":[{"@type":"ListItem","position":1,"name":"Home","item":"https:\/\/instytutpolski.pl\/stockholm\/"},{"@type":"ListItem","position":2,"name":"Minnesceremoni p\u00e5 F\u00f6rintelsens minnesdag"}]},{"@type":"WebSite","@id":"https:\/\/instytutpolski.pl\/stockholm\/#website","url":"https:\/\/instytutpolski.pl\/stockholm\/","name":"Instytut Polski w Sztokholmie","description":"Instytuty Polskie","potentialAction":[{"@type":"SearchAction","target":{"@type":"EntryPoint","urlTemplate":"https:\/\/instytutpolski.pl\/stockholm\/?s={search_term_string}"},"query-input":{"@type":"PropertyValueSpecification","valueRequired":true,"valueName":"search_term_string"}}],"inLanguage":"pl-PL"},{"@type":"Person","@id":"https:\/\/instytutpolski.pl\/stockholm\/#\/schema\/person\/866a2c0f4ccf0982a286809684f7bc1e","name":"treichelp","image":{"@type":"ImageObject","inLanguage":"pl-PL","@id":"https:\/\/instytutpolski.pl\/stockholm\/#\/schema\/person\/image\/","url":"https:\/\/secure.gravatar.com\/avatar\/fb2c1caae0df0854742a56fc463dd1fb?s=96&d=mm&r=g","contentUrl":"https:\/\/secure.gravatar.com\/avatar\/fb2c1caae0df0854742a56fc463dd1fb?s=96&d=mm&r=g","caption":"treichelp"},"url":"https:\/\/instytutpolski.pl\/stockholm\/author\/treichelp\/"}]}},"_links":{"self":[{"href":"https:\/\/instytutpolski.pl\/stockholm\/wp-json\/wp\/v2\/posts\/13601","targetHints":{"allow":["GET"]}}],"collection":[{"href":"https:\/\/instytutpolski.pl\/stockholm\/wp-json\/wp\/v2\/posts"}],"about":[{"href":"https:\/\/instytutpolski.pl\/stockholm\/wp-json\/wp\/v2\/types\/post"}],"author":[{"embeddable":true,"href":"https:\/\/instytutpolski.pl\/stockholm\/wp-json\/wp\/v2\/users\/173"}],"replies":[{"embeddable":true,"href":"https:\/\/instytutpolski.pl\/stockholm\/wp-json\/wp\/v2\/comments?post=13601"}],"version-history":[{"count":4,"href":"https:\/\/instytutpolski.pl\/stockholm\/wp-json\/wp\/v2\/posts\/13601\/revisions"}],"predecessor-version":[{"id":13606,"href":"https:\/\/instytutpolski.pl\/stockholm\/wp-json\/wp\/v2\/posts\/13601\/revisions\/13606"}],"wp:featuredmedia":[{"embeddable":true,"href":"https:\/\/instytutpolski.pl\/stockholm\/wp-json\/wp\/v2\/media\/13604"}],"wp:attachment":[{"href":"https:\/\/instytutpolski.pl\/stockholm\/wp-json\/wp\/v2\/media?parent=13601"}],"wp:term":[{"taxonomy":"category","embeddable":true,"href":"https:\/\/instytutpolski.pl\/stockholm\/wp-json\/wp\/v2\/categories?post=13601"},{"taxonomy":"post_tag","embeddable":true,"href":"https:\/\/instytutpolski.pl\/stockholm\/wp-json\/wp\/v2\/tags?post=13601"}],"curies":[{"name":"wp","href":"https:\/\/api.w.org\/{rel}","templated":true}]}}