{"id":13622,"date":"2025-02-04T14:42:45","date_gmt":"2025-02-04T13:42:45","guid":{"rendered":"https:\/\/instytutpolski.pl\/stockholm\/?p=13622"},"modified":"2025-02-05T14:49:17","modified_gmt":"2025-02-05T13:49:17","slug":"arets-konstnar-i-prinsessan-estelles-skulpturpark-presstraff","status":"publish","type":"post","link":"https:\/\/instytutpolski.pl\/stockholm\/2025\/02\/04\/arets-konstnar-i-prinsessan-estelles-skulpturpark-presstraff\/","title":{"rendered":"\u00c5rets konstn\u00e4r i Prinsessan Estelles skulpturpark \u2013 presstr\u00e4ff"},"content":{"rendered":"\n<p><strong>OM KONSTN\u00c4REN<\/strong><\/p>\n\n\n\n<p><strong>Monika Sosnowska<\/strong>, f\u00f6dd 1972 i Ryki, \u00e4r numera bosatt och verksam i Warszawa. Hon \u00e4r en av de mest betydande samtida konstn\u00e4rerna i Europa.<\/p>\n\n\n\n<p>Sosnowska har studerat vid University of the Arts Poznan i Polen och Rijksakademie van beeldende kunsten i Amsterdam, Nederl\u00e4nderna. Hennes verk har st\u00e4llts ut p\u00e5 bland annat Centre Pompidou, Serpentine Gallery, Hayward Gallery, Kiasma Museum of Contemporary Art, Sculputre Center i New York, Migros Museum f\u00fcr Gegenwartskunst, Museum of Modern Art Warsaw och Kunstmuseum Basel. Hon representerade Polen vid Venedigbiennalen 2007 och har medverkat i biennalen vid flera andra tillf\u00e4llen. Hennes verk har \u00e4ven visats p\u00e5 biennaler i Shanghai och Sharjah, och Desert X AlUla. \u00c5r 2003 tilldelades Sosnowska Baloise Art Prize och Paszport Polityki. Hon har deltagit i konstn\u00e4rliga residens vid Atelier Calder i Sach\u00e9, Frankrike (2014) och S-AIR i Sapporo, Japan (2002). Hennes platsspecifika installation Fir Tree skapades f\u00f6r Public Art Fund i New York 2012, och visades tempor\u00e4rt p\u00e5 Doris C. Freedman Plaza.<\/p>\n\n\n\n<p><strong>OM PRINSESSAN ESTELLES KULTURSTIFTELSE<\/strong><\/p>\n\n\n\n<p><strong>Prinsessan Estelles Kulturstiftelse (PREKS)<\/strong> bildades h\u00f6sten 2019 p\u00e5 initiativ av Kronprinsessparet med syfte att fr\u00e4mja kulturverksamhet i Sverige. Det finns en kunglig tradition att st\u00f6dja kulturlivet och en \u00f6vertygelse om att konst och kultur \u00e4r en n\u00f6dv\u00e4ndighet f\u00f6r ett \u00f6ppet och modernt samh\u00e4lle. Kronprinsessparet vill aktualisera detta och visa p\u00e5 l\u00e5ngsiktiga ambitioner genom tillkomsten av stiftelsen. Initialt fokuserar PREKS p\u00e5 att tillsammans med St\u00e5th\u00e5llar\u00e4mbetet och Kungliga Djurg\u00e5rdens f\u00f6rvaltning etablera en permanent skulpturpark i Rosendalsomr\u00e5det, samt att arrangera konstpedagogiska program f\u00f6r att tillg\u00e4ngligg\u00f6ra samtidskonst.<\/p>\n\n\n\n<p>De fem tidigare verken i Prinsessan Estelles skulpturpark \u00e4r skapade av Alice Aycock, Elmgreen &amp; Dragset, Yinka Shonibare CBE, Charlotte Gyllenhammar och Giuseppe Penone.<\/p>\n\n\n\n<p>Valet av konstn\u00e4r g\u00f6rs av Prinsessan Estelles Kulturstiftelses styrelse, som bitr\u00e4ds av ett konstn\u00e4rligt r\u00e5d, best\u00e5ende av Ann-Sofi Noring, ledamot av Konstakademien och f d vice museichef Moderna Museet i Stockholm, Elisabeth Millqvist, museichef Moderna Museet i Malm\u00f6, och Georges Armaos, VD f\u00f6r Nordic Art Intelligence.<\/p>\n\n\n\n<p>Prinsessan Estelles Kulturstiftelses styrelse utg\u00f6rs av H.K.H. Prins Daniel, Elin Annwall, Sara Ellfors-Lang, Lena Josefsson, Staffan Larsson, Janne Sir\u00e9n, Lars Stranneg\u00e5rd och ordf\u00f6rande Johan Ericsson. Verksamhetsledare \u00e4r Sara Sandstr\u00f6m. Stiftelsen finansieras av privata donationer.<\/p>\n\n\n\n<p><strong>Ur pressmeddelandet:<\/strong><\/p>\n\n\n\n<p>Historia och samtid m\u00f6ts i det nya konstverk som kommer invigas i Prinsessan Estelles skulpturpark p\u00e5 Kungliga Djurg\u00e5rden i sommar. \u00c5rets konstn\u00e4r Monika Sosnowska fr\u00e5n Polen \u00e4r internationellt k\u00e4nd f\u00f6r sina arkitektoniska skulpturer som ofta speglar en viss tid eller samh\u00e4llsstrukturer i f\u00f6r\u00e4ndring. Hon utg\u00e5r ofta fr\u00e5n byggnader som f\u00e5tt f\u00f6r\u00e4ndrad funktion eller som inte l\u00e4ngre finns kvar. Verket som ska uppf\u00f6ras i Prinsessan Estelles skulpturpark \u00e4r en storskalig, platsspecifik installation som knyter an till en mycket intressant men n\u00e4stan helt bortgl\u00f6md kunglig historia.<\/p>\n\n\n\n<p>Inspirationen till Monika Sosnowskas monumentala skulptur&nbsp;<em>Museum&nbsp;<\/em>\u00e4r ett kungligt museiprojekt som aldrig f\u00f6rverkligades. Det var Karl XIV Johan, den f\u00f6rste av \u00e4tten Bernadotte, som \u00e5r 1830 hade planer att uppf\u00f6ra ett magnifikt konstmuseum p\u00e5 Rosendal. Ritningar togs fram av arkitekten Fredrik Blom, pelare och andra byggdelar i marmor best\u00e4lldes, men efter tio \u00e5rs f\u00f6rberedelser skrinlades projektet. Byggnaden blev aldrig realiserad och de levererade marmorelementen fraktades till ett f\u00f6rr\u00e5d f\u00f6r f\u00f6rvaring.<\/p>\n\n\n\n<p>Nu, n\u00e4stan 200 \u00e5r senare, har \u00e5rets konstn\u00e4r Monika Sosnowska f\u00e5tt m\u00f6jlighet att anv\u00e4nda elva av marmordelarna fr\u00e5n Karl XIV Johans tillt\u00e4nkta museum i sin nya skulptur. De n\u00e4rmare tv\u00e5 sekel gamla marmorstyckena kommer att integreras i sex frist\u00e5ende betongformer som gjuts p\u00e5 plats. Enheterna kan ses som sp\u00e5r eller minnen av en byggnad, ett v\u00e4ggparti, en portal, pelare eller trappa. Den fem meter h\u00f6ga kompositionen \u00e4r \u00f6ppen och fragmenterad, som om det icke-existerande museet \u00e4r under uppbyggnad eller i ruiner.<\/p>\n\n\n\n<p>&nbsp;Verket&nbsp;<em>Museum&nbsp;<\/em>f\u00f6r Prinsessan Estelles skulpturpark blir Sosnowskas f\u00f6rsta offentliga verk i Norden.<\/p>\n\n\n\n<p>&nbsp;\u201dMonika Sosnowskas skulptur f\u00f6r Kungliga Djurg\u00e5rden \u00e4r skapad utifr\u00e5n en historia som v\u00e4ldigt f\u00e5 k\u00e4nner till. Vi ser fram emot att lyfta den h\u00e4r ber\u00e4ttelsen genom denna helt unika och storslagna installation. Karl XIV Johans konstmuseum blev aldrig av men vi \u00e4r enormt tacksamma \u00f6ver att Monika Sosnowskas&nbsp;<em>Museum&nbsp;<\/em>nu f\u00f6rverkligas, s\u00e4ger Sara Sandstr\u00f6m, verksamhetsledare f\u00f6r PREKS.<\/p>\n\n\n\n<p>&nbsp;Det konstn\u00e4rliga r\u00e5dets motivering f\u00f6r valet av \u00e5rets konstn\u00e4r 2025 lyder:<\/p>\n\n\n\n<p><em>Monika Sosnowska \u00e4r k\u00e4nd f\u00f6r sina monumentala och innovativa verk som utmanar gr\u00e4nserna mellan skulptur och arkitektur, och traditionella uppfattningar om rumsligheter. Genom att b\u00f6ja, vrida eller deformera byggmaterial som vanligtvis ger stadga skapar hennes verk en k\u00e4nsla av instabilitet och os\u00e4kerhet. De kan \u00e4ven f\u00f6rmedla komplexa ber\u00e4ttelser om samh\u00e4llen i f\u00f6r\u00e4ndring, och bevara minnen som annars hade bleknat.<\/em><\/p>\n\n\n\n<p>F\u00f6rv\u00e4rvet av Monika Sosnowskas skulptur \u00e4r m\u00f6jliggjort tack vare en gener\u00f6s g\u00e5va av Elin Kling och Karl Lindman.<\/p>\n\n\n\n<p>Invigningen \u00e4ger rum den 3 juni 2025 i Prinsessan Estelles Skulpturpark, Kungliga Djurg\u00e5rden i Stockholm.<\/p>\n\n\n\n<p>Mer information: preks.se<\/p>\n\n\n\n<p><strong>SAMARBETSPARTNERS 2025<\/strong><\/p>\n\n\n\n<p>Stiftelsen samarbetar med andra institutioner f\u00f6r att n\u00e5 fler m\u00e5lgrupper. Hittills bekr\u00e4ftade samarbetspartners 2025 \u00e4r:<\/p>\n\n\n\n<p>Etnografiska Museet<\/p>\n\n\n\n<p>Kungliga Djurg\u00e5rdsf\u00f6rvaltningen<\/p>\n\n\n\n<p>Moderna Museet<\/p>\n\n\n\n<p>Nationalmuseum<\/p>\n\n\n\n<p>Polens ambassad<\/p>\n\n\n\n<p>Polska institutet<\/p>\n\n\n\n<p>Riksidrottsmuseum\/ Konsthall 16<\/p>\n\n\n\n<p>Rosendals Tr\u00e4dg\u00e5rd<\/p>\n\n\n\n<p>Tekniska Museet<\/p>\n\n\n\n<pre class=\"wp-block-verse\"><\/pre>\n\n\n\n<figure class=\"wp-block-gallery has-nested-images columns-default is-cropped wp-block-gallery-1 is-layout-flex wp-block-gallery-is-layout-flex\">\n<figure data-wp-context=\"{&quot;imageId&quot;:&quot;69efde357be6e&quot;}\" data-wp-interactive=\"core\/image\" class=\"wp-block-image size-large wp-lightbox-container\"><img loading=\"lazy\" decoding=\"async\" width=\"1024\" height=\"768\" data-wp-class--hide=\"state.isContentHidden\" data-wp-class--show=\"state.isContentVisible\" data-wp-init=\"callbacks.setButtonStyles\" data-wp-on-async--click=\"actions.showLightbox\" data-wp-on-async--load=\"callbacks.setButtonStyles\" data-wp-on-async-window--resize=\"callbacks.setButtonStyles\" data-id=\"13643\" src=\"https:\/\/instytutpolski.pl\/stockholm\/wp-content\/uploads\/sites\/17\/2025\/02\/PresstraffPREKS3-1024x768.jpeg\" alt=\"\" class=\"wp-image-13643\" srcset=\"https:\/\/instytutpolski.pl\/stockholm\/wp-content\/uploads\/sites\/17\/2025\/02\/PresstraffPREKS3-1024x768.jpeg 1024w, https:\/\/instytutpolski.pl\/stockholm\/wp-content\/uploads\/sites\/17\/2025\/02\/PresstraffPREKS3-300x225.jpeg 300w, https:\/\/instytutpolski.pl\/stockholm\/wp-content\/uploads\/sites\/17\/2025\/02\/PresstraffPREKS3-768x576.jpeg 768w, https:\/\/instytutpolski.pl\/stockholm\/wp-content\/uploads\/sites\/17\/2025\/02\/PresstraffPREKS3-1536x1152.jpeg 1536w, https:\/\/instytutpolski.pl\/stockholm\/wp-content\/uploads\/sites\/17\/2025\/02\/PresstraffPREKS3-2048x1536.jpeg 2048w\" sizes=\"auto, (max-width: 1024px) 100vw, 1024px\" \/><button\n\t\t\tclass=\"lightbox-trigger\"\n\t\t\ttype=\"button\"\n\t\t\taria-haspopup=\"dialog\"\n\t\t\taria-label=\"Powi\u0119ksz obrazek\"\n\t\t\tdata-wp-init=\"callbacks.initTriggerButton\"\n\t\t\tdata-wp-on-async--click=\"actions.showLightbox\"\n\t\t\tdata-wp-style--right=\"state.imageButtonRight\"\n\t\t\tdata-wp-style--top=\"state.imageButtonTop\"\n\t\t>\n\t\t\t<svg xmlns=\"http:\/\/www.w3.org\/2000\/svg\" width=\"12\" height=\"12\" fill=\"none\" viewBox=\"0 0 12 12\">\n\t\t\t\t<path fill=\"#fff\" d=\"M2 0a2 2 0 0 0-2 2v2h1.5V2a.5.5 0 0 1 .5-.5h2V0H2Zm2 10.5H2a.5.5 0 0 1-.5-.5V8H0v2a2 2 0 0 0 2 2h2v-1.5ZM8 12v-1.5h2a.5.5 0 0 0 .5-.5V8H12v2a2 2 0 0 1-2 2H8Zm2-12a2 2 0 0 1 2 2v2h-1.5V2a.5.5 0 0 0-.5-.5H8V0h2Z\" \/>\n\t\t\t<\/svg>\n\t\t<\/button><\/figure>\n<\/figure>\n\n\n\n<figure class=\"wp-block-gallery has-nested-images columns-default is-cropped wp-block-gallery-2 is-layout-flex wp-block-gallery-is-layout-flex\">\n<figure data-wp-context=\"{&quot;imageId&quot;:&quot;69efde357c765&quot;}\" data-wp-interactive=\"core\/image\" class=\"wp-block-image size-large wp-lightbox-container\"><img loading=\"lazy\" decoding=\"async\" width=\"1024\" height=\"657\" data-wp-class--hide=\"state.isContentHidden\" data-wp-class--show=\"state.isContentVisible\" data-wp-init=\"callbacks.setButtonStyles\" data-wp-on-async--click=\"actions.showLightbox\" data-wp-on-async--load=\"callbacks.setButtonStyles\" data-wp-on-async-window--resize=\"callbacks.setButtonStyles\" data-id=\"13640\" src=\"https:\/\/instytutpolski.pl\/stockholm\/wp-content\/uploads\/sites\/17\/2025\/02\/PresstraffPREKS-1024x657.jpeg\" alt=\"\" class=\"wp-image-13640\" srcset=\"https:\/\/instytutpolski.pl\/stockholm\/wp-content\/uploads\/sites\/17\/2025\/02\/PresstraffPREKS-1024x657.jpeg 1024w, https:\/\/instytutpolski.pl\/stockholm\/wp-content\/uploads\/sites\/17\/2025\/02\/PresstraffPREKS-300x193.jpeg 300w, https:\/\/instytutpolski.pl\/stockholm\/wp-content\/uploads\/sites\/17\/2025\/02\/PresstraffPREKS-768x493.jpeg 768w, https:\/\/instytutpolski.pl\/stockholm\/wp-content\/uploads\/sites\/17\/2025\/02\/PresstraffPREKS-1536x986.jpeg 1536w, https:\/\/instytutpolski.pl\/stockholm\/wp-content\/uploads\/sites\/17\/2025\/02\/PresstraffPREKS-2048x1315.jpeg 2048w\" sizes=\"auto, (max-width: 1024px) 100vw, 1024px\" \/><button\n\t\t\tclass=\"lightbox-trigger\"\n\t\t\ttype=\"button\"\n\t\t\taria-haspopup=\"dialog\"\n\t\t\taria-label=\"Powi\u0119ksz obrazek\"\n\t\t\tdata-wp-init=\"callbacks.initTriggerButton\"\n\t\t\tdata-wp-on-async--click=\"actions.showLightbox\"\n\t\t\tdata-wp-style--right=\"state.imageButtonRight\"\n\t\t\tdata-wp-style--top=\"state.imageButtonTop\"\n\t\t>\n\t\t\t<svg xmlns=\"http:\/\/www.w3.org\/2000\/svg\" width=\"12\" height=\"12\" fill=\"none\" viewBox=\"0 0 12 12\">\n\t\t\t\t<path fill=\"#fff\" d=\"M2 0a2 2 0 0 0-2 2v2h1.5V2a.5.5 0 0 1 .5-.5h2V0H2Zm2 10.5H2a.5.5 0 0 1-.5-.5V8H0v2a2 2 0 0 0 2 2h2v-1.5ZM8 12v-1.5h2a.5.5 0 0 0 .5-.5V8H12v2a2 2 0 0 1-2 2H8Zm2-12a2 2 0 0 1 2 2v2h-1.5V2a.5.5 0 0 0-.5-.5H8V0h2Z\" \/>\n\t\t\t<\/svg>\n\t\t<\/button><\/figure>\n\n\n\n<figure data-wp-context=\"{&quot;imageId&quot;:&quot;69efde357cbb1&quot;}\" data-wp-interactive=\"core\/image\" class=\"wp-block-image size-large wp-lightbox-container\"><img loading=\"lazy\" decoding=\"async\" width=\"1024\" height=\"768\" data-wp-class--hide=\"state.isContentHidden\" data-wp-class--show=\"state.isContentVisible\" data-wp-init=\"callbacks.setButtonStyles\" data-wp-on-async--click=\"actions.showLightbox\" data-wp-on-async--load=\"callbacks.setButtonStyles\" data-wp-on-async-window--resize=\"callbacks.setButtonStyles\" data-id=\"13642\" src=\"https:\/\/instytutpolski.pl\/stockholm\/wp-content\/uploads\/sites\/17\/2025\/02\/PresstraffPREKS1-1024x768.jpeg\" alt=\"\" class=\"wp-image-13642\" srcset=\"https:\/\/instytutpolski.pl\/stockholm\/wp-content\/uploads\/sites\/17\/2025\/02\/PresstraffPREKS1-1024x768.jpeg 1024w, https:\/\/instytutpolski.pl\/stockholm\/wp-content\/uploads\/sites\/17\/2025\/02\/PresstraffPREKS1-300x225.jpeg 300w, https:\/\/instytutpolski.pl\/stockholm\/wp-content\/uploads\/sites\/17\/2025\/02\/PresstraffPREKS1-768x576.jpeg 768w, https:\/\/instytutpolski.pl\/stockholm\/wp-content\/uploads\/sites\/17\/2025\/02\/PresstraffPREKS1-1536x1152.jpeg 1536w, https:\/\/instytutpolski.pl\/stockholm\/wp-content\/uploads\/sites\/17\/2025\/02\/PresstraffPREKS1-2048x1536.jpeg 2048w\" sizes=\"auto, (max-width: 1024px) 100vw, 1024px\" \/><button\n\t\t\tclass=\"lightbox-trigger\"\n\t\t\ttype=\"button\"\n\t\t\taria-haspopup=\"dialog\"\n\t\t\taria-label=\"Powi\u0119ksz obrazek\"\n\t\t\tdata-wp-init=\"callbacks.initTriggerButton\"\n\t\t\tdata-wp-on-async--click=\"actions.showLightbox\"\n\t\t\tdata-wp-style--right=\"state.imageButtonRight\"\n\t\t\tdata-wp-style--top=\"state.imageButtonTop\"\n\t\t>\n\t\t\t<svg xmlns=\"http:\/\/www.w3.org\/2000\/svg\" width=\"12\" height=\"12\" fill=\"none\" viewBox=\"0 0 12 12\">\n\t\t\t\t<path fill=\"#fff\" d=\"M2 0a2 2 0 0 0-2 2v2h1.5V2a.5.5 0 0 1 .5-.5h2V0H2Zm2 10.5H2a.5.5 0 0 1-.5-.5V8H0v2a2 2 0 0 0 2 2h2v-1.5ZM8 12v-1.5h2a.5.5 0 0 0 .5-.5V8H12v2a2 2 0 0 1-2 2H8Zm2-12a2 2 0 0 1 2 2v2h-1.5V2a.5.5 0 0 0-.5-.5H8V0h2Z\" \/>\n\t\t\t<\/svg>\n\t\t<\/button><\/figure>\n<\/figure>\n","protected":false},"excerpt":{"rendered":"<p>OM KONSTN\u00c4REN Monika Sosnowska, f\u00f6dd 1972 i Ryki, \u00e4r numera bosatt och verksam i Warszawa. Hon \u00e4r en av de mest betydande samtida konstn\u00e4rerna i Europa. Sosnowska har studerat vid University of the Arts Poznan i Polen och Rijksakademie van beeldende kunsten i Amsterdam, Nederl\u00e4nderna. Hennes verk har st\u00e4llts ut p\u00e5 bland annat Centre Pompidou, [&hellip;]<\/p>\n","protected":false},"author":173,"featured_media":13625,"comment_status":"closed","ping_status":"closed","sticky":false,"template":"","format":"standard","meta":{"inline_featured_image":false,"_monsterinsights_skip_tracking":false,"_monsterinsights_sitenote_active":false,"_monsterinsights_sitenote_note":"","_monsterinsights_sitenote_category":0,"footnotes":""},"categories":[222,12,102,188],"tags":[],"class_list":["post-13622","post","type-post","status-publish","format-standard","has-post-thumbnail","hentry","category-aktualnosc-se","category-evenemang","category-konst","category-sztuka-polska-se"],"yoast_head":"<!-- This site is optimized with the Yoast SEO plugin v24.6 - https:\/\/yoast.com\/wordpress\/plugins\/seo\/ -->\n<title>\u00c5rets konstn\u00e4r i Prinsessan Estelles skulpturpark \u2013 presstr\u00e4ff - Instytut Polski w Sztokholmie<\/title>\n<meta name=\"robots\" content=\"index, follow, max-snippet:-1, max-image-preview:large, max-video-preview:-1\" \/>\n<link rel=\"canonical\" href=\"https:\/\/instytutpolski.pl\/stockholm\/2025\/02\/04\/arets-konstnar-i-prinsessan-estelles-skulpturpark-presstraff\/\" \/>\n<meta property=\"og:locale\" content=\"pl_PL\" \/>\n<meta property=\"og:type\" content=\"article\" \/>\n<meta property=\"og:title\" content=\"\u00c5rets konstn\u00e4r i Prinsessan Estelles skulpturpark \u2013 presstr\u00e4ff - Instytut Polski w Sztokholmie\" \/>\n<meta property=\"og:description\" content=\"OM KONSTN\u00c4REN Monika Sosnowska, f\u00f6dd 1972 i Ryki, \u00e4r numera bosatt och verksam i Warszawa. Hon \u00e4r en av de mest betydande samtida konstn\u00e4rerna i Europa. Sosnowska har studerat vid University of the Arts Poznan i Polen och Rijksakademie van beeldende kunsten i Amsterdam, Nederl\u00e4nderna. Hennes verk har st\u00e4llts ut p\u00e5 bland annat Centre Pompidou, [&hellip;]\" \/>\n<meta property=\"og:url\" content=\"https:\/\/instytutpolski.pl\/stockholm\/2025\/02\/04\/arets-konstnar-i-prinsessan-estelles-skulpturpark-presstraff\/\" \/>\n<meta property=\"og:site_name\" content=\"Instytut Polski w Sztokholmie\" \/>\n<meta property=\"article:published_time\" content=\"2025-02-04T13:42:45+00:00\" \/>\n<meta property=\"article:modified_time\" content=\"2025-02-05T13:49:17+00:00\" \/>\n<meta property=\"og:image\" content=\"https:\/\/instytutpolski.pl\/stockholm\/wp-content\/uploads\/sites\/17\/2025\/02\/Estelle-press-Hemsida.jpg\" \/>\n\t<meta property=\"og:image:width\" content=\"1120\" \/>\n\t<meta property=\"og:image:height\" content=\"630\" \/>\n\t<meta property=\"og:image:type\" content=\"image\/jpeg\" \/>\n<meta name=\"author\" content=\"treichelp\" \/>\n<meta name=\"twitter:card\" content=\"summary_large_image\" \/>\n<meta name=\"twitter:label1\" content=\"Napisane przez\" \/>\n\t<meta name=\"twitter:data1\" content=\"treichelp\" \/>\n\t<meta name=\"twitter:label2\" content=\"Szacowany czas czytania\" \/>\n\t<meta name=\"twitter:data2\" content=\"6 minut\" \/>\n<script type=\"application\/ld+json\" class=\"yoast-schema-graph\">{\"@context\":\"https:\/\/schema.org\",\"@graph\":[{\"@type\":\"event\",\"@id\":\"https:\/\/instytutpolski.pl\/stockholm\/2025\/02\/04\/arets-konstnar-i-prinsessan-estelles-skulpturpark-presstraff\/\",\"url\":\"https:\/\/instytutpolski.pl\/stockholm\/2025\/02\/04\/arets-konstnar-i-prinsessan-estelles-skulpturpark-presstraff\/\",\"name\":\"\u00c5rets konstn\u00e4r i Prinsessan Estelles skulpturpark \u2013 presstr\u00e4ff\",\"isPartOf\":{\"@id\":\"https:\/\/instytutpolski.pl\/stockholm\/#website\"},\"primaryImageOfPage\":{\"@id\":\"https:\/\/instytutpolski.pl\/stockholm\/2025\/02\/04\/arets-konstnar-i-prinsessan-estelles-skulpturpark-presstraff\/#primaryimage\"},\"image\":[\"https:\/\/instytutpolski.pl\/stockholm\/wp-content\/uploads\/sites\/17\/2025\/02\/Estelle-press-Hemsida.jpg\",\"https:\/\/instytutpolski.pl\/stockholm\/wp-content\/uploads\/sites\/17\/2025\/02\/Estelle-press-Hemsida-300x169.jpg\",\"https:\/\/instytutpolski.pl\/stockholm\/wp-content\/uploads\/sites\/17\/2025\/02\/Estelle-press-Hemsida-1024x576.jpg\",\"https:\/\/instytutpolski.pl\/stockholm\/wp-content\/uploads\/sites\/17\/2025\/02\/Estelle-press-Hemsida.jpg\"],\"thumbnailUrl\":\"https:\/\/instytutpolski.pl\/stockholm\/wp-content\/uploads\/sites\/17\/2025\/02\/Estelle-press-Hemsida.jpg\",\"datePublished\":\"2025-02-04T13:42:45+02:00\",\"dateModified\":\"2025-02-05T13:49:17+02:00\",\"author\":{\"@id\":\"https:\/\/instytutpolski.pl\/stockholm\/#\/schema\/person\/866a2c0f4ccf0982a286809684f7bc1e\"},\"breadcrumb\":{\"@id\":\"https:\/\/instytutpolski.pl\/stockholm\/2025\/02\/04\/arets-konstnar-i-prinsessan-estelles-skulpturpark-presstraff\/#breadcrumb\"},\"inLanguage\":\"pl-PL\",\"potentialAction\":[{\"@type\":\"ReadAction\",\"target\":[\"https:\/\/instytutpolski.pl\/stockholm\/2025\/02\/04\/arets-konstnar-i-prinsessan-estelles-skulpturpark-presstraff\/\"]}],\"@context\":\"https:\/\/schema.org\",\"startDate\":\"2025-02-04\",\"endDate\":\"2025-02-04\",\"eventStatus\":\"EventScheduled\",\"eventAttendanceMode\":\"OfflineEventAttendanceMode\",\"location\":{\"@type\":\"place\",\"name\":\"Villagatan 2, Stockholm\",\"address\":\"Villagatan 2, Stockholm\",\"geo\":{\"@type\":\"GeoCoordinates\",\"latitude\":\"59.321657351055535\",\"longitude\":\"18.122409182017652\"}},\"description\":\"OM KONSTN\u00c4REN\\nMonika Sosnowska, f\u00f6dd 1972 i Ryki, \u00e4r numera bosatt och verksam i Warszawa. Hon \u00e4r en av de mest betydande samtida konstn\u00e4rerna i Europa.\\nSosnowska har studerat vid University of the Arts Poznan i Polen och Rijksakademie van beeldende kunsten i Amsterdam, Nederl\u00e4nderna. Hennes verk har st\u00e4llts ut p\u00e5 bland annat Centre Pompidou, Serpentine Gallery, Hayward Gallery, Kiasma Museum of Contemporary Art, Sculputre Center i New York, Migros Museum f\u00fcr Gegenwartskunst, Museum of Modern Art Warsaw och Kunstmuseum Basel. Hon representerade Polen vid Venedigbiennalen 2007 och har medverkat i biennalen vid flera andra tillf\u00e4llen. Hennes verk har \u00e4ven visats p\u00e5 biennaler i Shanghai och Sharjah, och Desert X AlUla. \u00c5r 2003 tilldelades Sosnowska Baloise Art Prize och Paszport Polityki. Hon har deltagit i konstn\u00e4rliga residens vid Atelier Calder i Sach\u00e9, Frankrike (2014) och S-AIR i Sapporo, Japan (2002). Hennes platsspecifika installation Fir Tree skapades f\u00f6r Public Art Fund i New York 2012, och visades tempor\u00e4rt p\u00e5 Doris C. Freedman Plaza.\\nOM PRINSESSAN ESTELLES KULTURSTIFTELSE\\nPrinsessan Estelles Kulturstiftelse (PREKS) bildades h\u00f6sten 2019 p\u00e5 initiativ av Kronprinsessparet med syfte att fr\u00e4mja kulturverksamhet i Sverige. Det finns en kunglig tradition att st\u00f6dja kulturlivet och en \u00f6vertygelse om att konst och kultur \u00e4r en n\u00f6dv\u00e4ndighet f\u00f6r ett \u00f6ppet och modernt samh\u00e4lle. Kronprinsessparet vill aktualisera detta och visa p\u00e5 l\u00e5ngsiktiga ambitioner genom tillkomsten av stiftelsen. Initialt fokuserar PREKS p\u00e5 att tillsammans med St\u00e5th\u00e5llar\u00e4mbetet och Kungliga Djurg\u00e5rdens f\u00f6rvaltning etablera en permanent skulpturpark i Rosendalsomr\u00e5det, samt att arrangera konstpedagogiska program f\u00f6r att tillg\u00e4ngligg\u00f6ra samtidskonst.\\nDe fem tidigare verken i Prinsessan Estelles skulpturpark \u00e4r skapade av Alice Aycock, Elmgreen &amp; Dragset, Yinka Shonibare CBE, Charlotte Gyllenhammar och Giuseppe Penone.\\nValet av konstn\u00e4r g\u00f6rs av Prinsessan Estelles Kulturstiftelses styrelse, som bitr\u00e4ds av ett konstn\u00e4rligt r\u00e5d, best\u00e5ende av Ann-Sofi Noring, ledamot av Konstakademien och f d vice museichef Moderna Museet i Stockholm, Elisabeth Millqvist, museichef Moderna Museet i Malm\u00f6, och Georges Armaos, VD f\u00f6r Nordic Art Intelligence.\\nPrinsessan Estelles Kulturstiftelses styrelse utg\u00f6rs av H.K.H. Prins Daniel, Elin Annwall, Sara Ellfors-Lang, Lena Josefsson, Staffan Larsson, Janne Sir\u00e9n, Lars Stranneg\u00e5rd och ordf\u00f6rande Johan Ericsson. Verksamhetsledare \u00e4r Sara Sandstr\u00f6m. Stiftelsen finansieras av privata donationer.\\nUr pressmeddelandet:\\nHistoria och samtid m\u00f6ts i det nya konstverk som kommer invigas i Prinsessan Estelles skulpturpark p\u00e5 Kungliga Djurg\u00e5rden i sommar. \u00c5rets konstn\u00e4r Monika Sosnowska fr\u00e5n Polen \u00e4r internationellt k\u00e4nd f\u00f6r sina arkitektoniska skulpturer som ofta speglar en viss tid eller samh\u00e4llsstrukturer i f\u00f6r\u00e4ndring. Hon utg\u00e5r ofta fr\u00e5n byggnader som f\u00e5tt f\u00f6r\u00e4ndrad funktion eller som inte l\u00e4ngre finns kvar. Verket som ska uppf\u00f6ras i Prinsessan Estelles skulpturpark \u00e4r en storskalig, platsspecifik installation som knyter an till en mycket intressant men n\u00e4stan helt bortgl\u00f6md kunglig historia.\\nInspirationen till Monika Sosnowskas monumentala skulptur Museum \u00e4r ett kungligt museiprojekt som aldrig f\u00f6rverkligades. Det var Karl XIV Johan, den f\u00f6rste av \u00e4tten Bernadotte, som \u00e5r 1830 hade planer att uppf\u00f6ra ett magnifikt konstmuseum p\u00e5 Rosendal. Ritningar togs fram av arkitekten Fredrik Blom, pelare och andra byggdelar i marmor best\u00e4lldes, men efter tio \u00e5rs f\u00f6rberedelser skrinlades projektet. Byggnaden blev aldrig realiserad och de levererade marmorelementen fraktades till ett f\u00f6rr\u00e5d f\u00f6r f\u00f6rvaring.\\nNu, n\u00e4stan 200 \u00e5r senare, har \u00e5rets konstn\u00e4r Monika Sosnowska f\u00e5tt m\u00f6jlighet att anv\u00e4nda elva av marmordelarna fr\u00e5n Karl XIV Johans tillt\u00e4nkta museum i sin nya skulptur. De n\u00e4rmare tv\u00e5 sekel gamla marmorstyckena kommer att integreras i sex frist\u00e5ende betongformer som gjuts p\u00e5 plats. Enheterna kan ses som sp\u00e5r eller minnen av en byggnad, ett v\u00e4ggparti, en portal, pelare eller trappa. Den fem meter h\u00f6ga kompositionen \u00e4r \u00f6ppen och fragmenterad, som om det icke-existerande museet \u00e4r under uppbyggnad eller i ruiner.\\n Verket Museum f\u00f6r Prinsessan Estelles skulpturpark blir Sosnowskas f\u00f6rsta offentliga verk i Norden.\\n \u201dMonika Sosnowskas skulptur f\u00f6r Kungliga Djurg\u00e5rden \u00e4r skapad utifr\u00e5n en historia som v\u00e4ldigt f\u00e5 k\u00e4nner till. Vi ser fram emot att lyfta den h\u00e4r ber\u00e4ttelsen genom denna helt unika och storslagna installation. Karl XIV Johans konstmuseum blev aldrig av men vi \u00e4r enormt tacksamma \u00f6ver att Monika Sosnowskas Museum nu f\u00f6rverkligas, s\u00e4ger Sara Sandstr\u00f6m, verksamhetsledare f\u00f6r PREKS.\\n Det konstn\u00e4rliga r\u00e5dets motivering f\u00f6r valet av \u00e5rets konstn\u00e4r 2025 lyder:\\nMonika Sosnowska \u00e4r k\u00e4nd f\u00f6r sina monumentala och innovativa verk som utmanar gr\u00e4nserna mellan skulptur och arkitektur, och traditionella uppfattningar om rumsligheter. Genom att b\u00f6ja, vrida eller deformera byggmaterial som vanligtvis ger stadga skapar hennes verk en k\u00e4nsla av instabilitet och os\u00e4kerhet. De kan \u00e4ven f\u00f6rmedla komplexa ber\u00e4ttelser om samh\u00e4llen i f\u00f6r\u00e4ndring, och bevara minnen som annars hade bleknat.\\nF\u00f6rv\u00e4rvet av Monika Sosnowskas skulptur \u00e4r m\u00f6jliggjort tack vare en gener\u00f6s g\u00e5va av Elin Kling och Karl Lindman.\\nInvigningen \u00e4ger rum den 3 juni 2025 i Prinsessan Estelles Skulpturpark, Kungliga Djurg\u00e5rden i Stockholm.\\nMer information: preks.se\\nSAMARBETSPARTNERS 2025\\nStiftelsen samarbetar med andra institutioner f\u00f6r att n\u00e5 fler m\u00e5lgrupper. Hittills bekr\u00e4ftade samarbetspartners 2025 \u00e4r:\\nEtnografiska Museet\\nKungliga Djurg\u00e5rdsf\u00f6rvaltningen\\nModerna Museet\\nNationalmuseum\\nPolens ambassad\\nPolska institutet\\nRiksidrottsmuseum\/ Konsthall 16\\nRosendals Tr\u00e4dg\u00e5rd\\nTekniska Museet\"},{\"@type\":\"ImageObject\",\"inLanguage\":\"pl-PL\",\"@id\":\"https:\/\/instytutpolski.pl\/stockholm\/2025\/02\/04\/arets-konstnar-i-prinsessan-estelles-skulpturpark-presstraff\/#primaryimage\",\"url\":\"https:\/\/instytutpolski.pl\/stockholm\/wp-content\/uploads\/sites\/17\/2025\/02\/Estelle-press-Hemsida.jpg\",\"contentUrl\":\"https:\/\/instytutpolski.pl\/stockholm\/wp-content\/uploads\/sites\/17\/2025\/02\/Estelle-press-Hemsida.jpg\",\"width\":1120,\"height\":630},{\"@type\":\"BreadcrumbList\",\"@id\":\"https:\/\/instytutpolski.pl\/stockholm\/2025\/02\/04\/arets-konstnar-i-prinsessan-estelles-skulpturpark-presstraff\/#breadcrumb\",\"itemListElement\":[{\"@type\":\"ListItem\",\"position\":1,\"name\":\"Home\",\"item\":\"https:\/\/instytutpolski.pl\/stockholm\/\"},{\"@type\":\"ListItem\",\"position\":2,\"name\":\"\u00c5rets konstn\u00e4r i Prinsessan Estelles skulpturpark \u2013 presstr\u00e4ff\"}]},{\"@type\":\"WebSite\",\"@id\":\"https:\/\/instytutpolski.pl\/stockholm\/#website\",\"url\":\"https:\/\/instytutpolski.pl\/stockholm\/\",\"name\":\"Instytut Polski w Sztokholmie\",\"description\":\"Instytuty Polskie\",\"potentialAction\":[{\"@type\":\"SearchAction\",\"target\":{\"@type\":\"EntryPoint\",\"urlTemplate\":\"https:\/\/instytutpolski.pl\/stockholm\/?s={search_term_string}\"},\"query-input\":{\"@type\":\"PropertyValueSpecification\",\"valueRequired\":true,\"valueName\":\"search_term_string\"}}],\"inLanguage\":\"pl-PL\"},{\"@type\":\"Person\",\"@id\":\"https:\/\/instytutpolski.pl\/stockholm\/#\/schema\/person\/866a2c0f4ccf0982a286809684f7bc1e\",\"name\":\"treichelp\",\"image\":{\"@type\":\"ImageObject\",\"inLanguage\":\"pl-PL\",\"@id\":\"https:\/\/instytutpolski.pl\/stockholm\/#\/schema\/person\/image\/\",\"url\":\"https:\/\/secure.gravatar.com\/avatar\/fb2c1caae0df0854742a56fc463dd1fb?s=96&d=mm&r=g\",\"contentUrl\":\"https:\/\/secure.gravatar.com\/avatar\/fb2c1caae0df0854742a56fc463dd1fb?s=96&d=mm&r=g\",\"caption\":\"treichelp\"},\"url\":\"https:\/\/instytutpolski.pl\/stockholm\/author\/treichelp\/\"}]}<\/script>\n<!-- \/ Yoast SEO plugin. -->","yoast_head_json":{"title":"\u00c5rets konstn\u00e4r i Prinsessan Estelles skulpturpark \u2013 presstr\u00e4ff - Instytut Polski w Sztokholmie","robots":{"index":"index","follow":"follow","max-snippet":"max-snippet:-1","max-image-preview":"max-image-preview:large","max-video-preview":"max-video-preview:-1"},"canonical":"https:\/\/instytutpolski.pl\/stockholm\/2025\/02\/04\/arets-konstnar-i-prinsessan-estelles-skulpturpark-presstraff\/","og_locale":"pl_PL","og_type":"article","og_title":"\u00c5rets konstn\u00e4r i Prinsessan Estelles skulpturpark \u2013 presstr\u00e4ff - Instytut Polski w Sztokholmie","og_description":"OM KONSTN\u00c4REN Monika Sosnowska, f\u00f6dd 1972 i Ryki, \u00e4r numera bosatt och verksam i Warszawa. Hon \u00e4r en av de mest betydande samtida konstn\u00e4rerna i Europa. Sosnowska har studerat vid University of the Arts Poznan i Polen och Rijksakademie van beeldende kunsten i Amsterdam, Nederl\u00e4nderna. Hennes verk har st\u00e4llts ut p\u00e5 bland annat Centre Pompidou, [&hellip;]","og_url":"https:\/\/instytutpolski.pl\/stockholm\/2025\/02\/04\/arets-konstnar-i-prinsessan-estelles-skulpturpark-presstraff\/","og_site_name":"Instytut Polski w Sztokholmie","article_published_time":"2025-02-04T13:42:45+00:00","article_modified_time":"2025-02-05T13:49:17+00:00","og_image":[{"width":1120,"height":630,"url":"https:\/\/instytutpolski.pl\/stockholm\/wp-content\/uploads\/sites\/17\/2025\/02\/Estelle-press-Hemsida.jpg","type":"image\/jpeg"}],"author":"treichelp","twitter_card":"summary_large_image","twitter_misc":{"Napisane przez":"treichelp","Szacowany czas czytania":"6 minut"},"schema":{"@context":"https:\/\/schema.org","@graph":[{"@type":"event","@id":"https:\/\/instytutpolski.pl\/stockholm\/2025\/02\/04\/arets-konstnar-i-prinsessan-estelles-skulpturpark-presstraff\/","url":"https:\/\/instytutpolski.pl\/stockholm\/2025\/02\/04\/arets-konstnar-i-prinsessan-estelles-skulpturpark-presstraff\/","name":"\u00c5rets konstn\u00e4r i Prinsessan Estelles skulpturpark \u2013 presstr\u00e4ff","isPartOf":{"@id":"https:\/\/instytutpolski.pl\/stockholm\/#website"},"primaryImageOfPage":{"@id":"https:\/\/instytutpolski.pl\/stockholm\/2025\/02\/04\/arets-konstnar-i-prinsessan-estelles-skulpturpark-presstraff\/#primaryimage"},"image":["https:\/\/instytutpolski.pl\/stockholm\/wp-content\/uploads\/sites\/17\/2025\/02\/Estelle-press-Hemsida.jpg","https:\/\/instytutpolski.pl\/stockholm\/wp-content\/uploads\/sites\/17\/2025\/02\/Estelle-press-Hemsida-300x169.jpg","https:\/\/instytutpolski.pl\/stockholm\/wp-content\/uploads\/sites\/17\/2025\/02\/Estelle-press-Hemsida-1024x576.jpg","https:\/\/instytutpolski.pl\/stockholm\/wp-content\/uploads\/sites\/17\/2025\/02\/Estelle-press-Hemsida.jpg"],"thumbnailUrl":"https:\/\/instytutpolski.pl\/stockholm\/wp-content\/uploads\/sites\/17\/2025\/02\/Estelle-press-Hemsida.jpg","datePublished":"2025-02-04T13:42:45+02:00","dateModified":"2025-02-05T13:49:17+02:00","author":{"@id":"https:\/\/instytutpolski.pl\/stockholm\/#\/schema\/person\/866a2c0f4ccf0982a286809684f7bc1e"},"breadcrumb":{"@id":"https:\/\/instytutpolski.pl\/stockholm\/2025\/02\/04\/arets-konstnar-i-prinsessan-estelles-skulpturpark-presstraff\/#breadcrumb"},"inLanguage":"pl-PL","potentialAction":[{"@type":"ReadAction","target":["https:\/\/instytutpolski.pl\/stockholm\/2025\/02\/04\/arets-konstnar-i-prinsessan-estelles-skulpturpark-presstraff\/"]}],"@context":"https:\/\/schema.org","startDate":"2025-02-04","endDate":"2025-02-04","eventStatus":"EventScheduled","eventAttendanceMode":"OfflineEventAttendanceMode","location":{"@type":"place","name":"Villagatan 2, Stockholm","address":"Villagatan 2, Stockholm","geo":{"@type":"GeoCoordinates","latitude":"59.321657351055535","longitude":"18.122409182017652"}},"description":"OM KONSTN\u00c4REN\nMonika Sosnowska, f\u00f6dd 1972 i Ryki, \u00e4r numera bosatt och verksam i Warszawa. Hon \u00e4r en av de mest betydande samtida konstn\u00e4rerna i Europa.\nSosnowska har studerat vid University of the Arts Poznan i Polen och Rijksakademie van beeldende kunsten i Amsterdam, Nederl\u00e4nderna. Hennes verk har st\u00e4llts ut p\u00e5 bland annat Centre Pompidou, Serpentine Gallery, Hayward Gallery, Kiasma Museum of Contemporary Art, Sculputre Center i New York, Migros Museum f\u00fcr Gegenwartskunst, Museum of Modern Art Warsaw och Kunstmuseum Basel. Hon representerade Polen vid Venedigbiennalen 2007 och har medverkat i biennalen vid flera andra tillf\u00e4llen. Hennes verk har \u00e4ven visats p\u00e5 biennaler i Shanghai och Sharjah, och Desert X AlUla. \u00c5r 2003 tilldelades Sosnowska Baloise Art Prize och Paszport Polityki. Hon har deltagit i konstn\u00e4rliga residens vid Atelier Calder i Sach\u00e9, Frankrike (2014) och S-AIR i Sapporo, Japan (2002). Hennes platsspecifika installation Fir Tree skapades f\u00f6r Public Art Fund i New York 2012, och visades tempor\u00e4rt p\u00e5 Doris C. Freedman Plaza.\nOM PRINSESSAN ESTELLES KULTURSTIFTELSE\nPrinsessan Estelles Kulturstiftelse (PREKS) bildades h\u00f6sten 2019 p\u00e5 initiativ av Kronprinsessparet med syfte att fr\u00e4mja kulturverksamhet i Sverige. Det finns en kunglig tradition att st\u00f6dja kulturlivet och en \u00f6vertygelse om att konst och kultur \u00e4r en n\u00f6dv\u00e4ndighet f\u00f6r ett \u00f6ppet och modernt samh\u00e4lle. Kronprinsessparet vill aktualisera detta och visa p\u00e5 l\u00e5ngsiktiga ambitioner genom tillkomsten av stiftelsen. Initialt fokuserar PREKS p\u00e5 att tillsammans med St\u00e5th\u00e5llar\u00e4mbetet och Kungliga Djurg\u00e5rdens f\u00f6rvaltning etablera en permanent skulpturpark i Rosendalsomr\u00e5det, samt att arrangera konstpedagogiska program f\u00f6r att tillg\u00e4ngligg\u00f6ra samtidskonst.\nDe fem tidigare verken i Prinsessan Estelles skulpturpark \u00e4r skapade av Alice Aycock, Elmgreen &amp; Dragset, Yinka Shonibare CBE, Charlotte Gyllenhammar och Giuseppe Penone.\nValet av konstn\u00e4r g\u00f6rs av Prinsessan Estelles Kulturstiftelses styrelse, som bitr\u00e4ds av ett konstn\u00e4rligt r\u00e5d, best\u00e5ende av Ann-Sofi Noring, ledamot av Konstakademien och f d vice museichef Moderna Museet i Stockholm, Elisabeth Millqvist, museichef Moderna Museet i Malm\u00f6, och Georges Armaos, VD f\u00f6r Nordic Art Intelligence.\nPrinsessan Estelles Kulturstiftelses styrelse utg\u00f6rs av H.K.H. Prins Daniel, Elin Annwall, Sara Ellfors-Lang, Lena Josefsson, Staffan Larsson, Janne Sir\u00e9n, Lars Stranneg\u00e5rd och ordf\u00f6rande Johan Ericsson. Verksamhetsledare \u00e4r Sara Sandstr\u00f6m. Stiftelsen finansieras av privata donationer.\nUr pressmeddelandet:\nHistoria och samtid m\u00f6ts i det nya konstverk som kommer invigas i Prinsessan Estelles skulpturpark p\u00e5 Kungliga Djurg\u00e5rden i sommar. \u00c5rets konstn\u00e4r Monika Sosnowska fr\u00e5n Polen \u00e4r internationellt k\u00e4nd f\u00f6r sina arkitektoniska skulpturer som ofta speglar en viss tid eller samh\u00e4llsstrukturer i f\u00f6r\u00e4ndring. Hon utg\u00e5r ofta fr\u00e5n byggnader som f\u00e5tt f\u00f6r\u00e4ndrad funktion eller som inte l\u00e4ngre finns kvar. Verket som ska uppf\u00f6ras i Prinsessan Estelles skulpturpark \u00e4r en storskalig, platsspecifik installation som knyter an till en mycket intressant men n\u00e4stan helt bortgl\u00f6md kunglig historia.\nInspirationen till Monika Sosnowskas monumentala skulptur Museum \u00e4r ett kungligt museiprojekt som aldrig f\u00f6rverkligades. Det var Karl XIV Johan, den f\u00f6rste av \u00e4tten Bernadotte, som \u00e5r 1830 hade planer att uppf\u00f6ra ett magnifikt konstmuseum p\u00e5 Rosendal. Ritningar togs fram av arkitekten Fredrik Blom, pelare och andra byggdelar i marmor best\u00e4lldes, men efter tio \u00e5rs f\u00f6rberedelser skrinlades projektet. Byggnaden blev aldrig realiserad och de levererade marmorelementen fraktades till ett f\u00f6rr\u00e5d f\u00f6r f\u00f6rvaring.\nNu, n\u00e4stan 200 \u00e5r senare, har \u00e5rets konstn\u00e4r Monika Sosnowska f\u00e5tt m\u00f6jlighet att anv\u00e4nda elva av marmordelarna fr\u00e5n Karl XIV Johans tillt\u00e4nkta museum i sin nya skulptur. De n\u00e4rmare tv\u00e5 sekel gamla marmorstyckena kommer att integreras i sex frist\u00e5ende betongformer som gjuts p\u00e5 plats. Enheterna kan ses som sp\u00e5r eller minnen av en byggnad, ett v\u00e4ggparti, en portal, pelare eller trappa. Den fem meter h\u00f6ga kompositionen \u00e4r \u00f6ppen och fragmenterad, som om det icke-existerande museet \u00e4r under uppbyggnad eller i ruiner.\n Verket Museum f\u00f6r Prinsessan Estelles skulpturpark blir Sosnowskas f\u00f6rsta offentliga verk i Norden.\n \u201dMonika Sosnowskas skulptur f\u00f6r Kungliga Djurg\u00e5rden \u00e4r skapad utifr\u00e5n en historia som v\u00e4ldigt f\u00e5 k\u00e4nner till. Vi ser fram emot att lyfta den h\u00e4r ber\u00e4ttelsen genom denna helt unika och storslagna installation. Karl XIV Johans konstmuseum blev aldrig av men vi \u00e4r enormt tacksamma \u00f6ver att Monika Sosnowskas Museum nu f\u00f6rverkligas, s\u00e4ger Sara Sandstr\u00f6m, verksamhetsledare f\u00f6r PREKS.\n Det konstn\u00e4rliga r\u00e5dets motivering f\u00f6r valet av \u00e5rets konstn\u00e4r 2025 lyder:\nMonika Sosnowska \u00e4r k\u00e4nd f\u00f6r sina monumentala och innovativa verk som utmanar gr\u00e4nserna mellan skulptur och arkitektur, och traditionella uppfattningar om rumsligheter. Genom att b\u00f6ja, vrida eller deformera byggmaterial som vanligtvis ger stadga skapar hennes verk en k\u00e4nsla av instabilitet och os\u00e4kerhet. De kan \u00e4ven f\u00f6rmedla komplexa ber\u00e4ttelser om samh\u00e4llen i f\u00f6r\u00e4ndring, och bevara minnen som annars hade bleknat.\nF\u00f6rv\u00e4rvet av Monika Sosnowskas skulptur \u00e4r m\u00f6jliggjort tack vare en gener\u00f6s g\u00e5va av Elin Kling och Karl Lindman.\nInvigningen \u00e4ger rum den 3 juni 2025 i Prinsessan Estelles Skulpturpark, Kungliga Djurg\u00e5rden i Stockholm.\nMer information: preks.se\nSAMARBETSPARTNERS 2025\nStiftelsen samarbetar med andra institutioner f\u00f6r att n\u00e5 fler m\u00e5lgrupper. Hittills bekr\u00e4ftade samarbetspartners 2025 \u00e4r:\nEtnografiska Museet\nKungliga Djurg\u00e5rdsf\u00f6rvaltningen\nModerna Museet\nNationalmuseum\nPolens ambassad\nPolska institutet\nRiksidrottsmuseum\/ Konsthall 16\nRosendals Tr\u00e4dg\u00e5rd\nTekniska Museet"},{"@type":"ImageObject","inLanguage":"pl-PL","@id":"https:\/\/instytutpolski.pl\/stockholm\/2025\/02\/04\/arets-konstnar-i-prinsessan-estelles-skulpturpark-presstraff\/#primaryimage","url":"https:\/\/instytutpolski.pl\/stockholm\/wp-content\/uploads\/sites\/17\/2025\/02\/Estelle-press-Hemsida.jpg","contentUrl":"https:\/\/instytutpolski.pl\/stockholm\/wp-content\/uploads\/sites\/17\/2025\/02\/Estelle-press-Hemsida.jpg","width":1120,"height":630},{"@type":"BreadcrumbList","@id":"https:\/\/instytutpolski.pl\/stockholm\/2025\/02\/04\/arets-konstnar-i-prinsessan-estelles-skulpturpark-presstraff\/#breadcrumb","itemListElement":[{"@type":"ListItem","position":1,"name":"Home","item":"https:\/\/instytutpolski.pl\/stockholm\/"},{"@type":"ListItem","position":2,"name":"\u00c5rets konstn\u00e4r i Prinsessan Estelles skulpturpark \u2013 presstr\u00e4ff"}]},{"@type":"WebSite","@id":"https:\/\/instytutpolski.pl\/stockholm\/#website","url":"https:\/\/instytutpolski.pl\/stockholm\/","name":"Instytut Polski w Sztokholmie","description":"Instytuty Polskie","potentialAction":[{"@type":"SearchAction","target":{"@type":"EntryPoint","urlTemplate":"https:\/\/instytutpolski.pl\/stockholm\/?s={search_term_string}"},"query-input":{"@type":"PropertyValueSpecification","valueRequired":true,"valueName":"search_term_string"}}],"inLanguage":"pl-PL"},{"@type":"Person","@id":"https:\/\/instytutpolski.pl\/stockholm\/#\/schema\/person\/866a2c0f4ccf0982a286809684f7bc1e","name":"treichelp","image":{"@type":"ImageObject","inLanguage":"pl-PL","@id":"https:\/\/instytutpolski.pl\/stockholm\/#\/schema\/person\/image\/","url":"https:\/\/secure.gravatar.com\/avatar\/fb2c1caae0df0854742a56fc463dd1fb?s=96&d=mm&r=g","contentUrl":"https:\/\/secure.gravatar.com\/avatar\/fb2c1caae0df0854742a56fc463dd1fb?s=96&d=mm&r=g","caption":"treichelp"},"url":"https:\/\/instytutpolski.pl\/stockholm\/author\/treichelp\/"}]}},"_links":{"self":[{"href":"https:\/\/instytutpolski.pl\/stockholm\/wp-json\/wp\/v2\/posts\/13622","targetHints":{"allow":["GET"]}}],"collection":[{"href":"https:\/\/instytutpolski.pl\/stockholm\/wp-json\/wp\/v2\/posts"}],"about":[{"href":"https:\/\/instytutpolski.pl\/stockholm\/wp-json\/wp\/v2\/types\/post"}],"author":[{"embeddable":true,"href":"https:\/\/instytutpolski.pl\/stockholm\/wp-json\/wp\/v2\/users\/173"}],"replies":[{"embeddable":true,"href":"https:\/\/instytutpolski.pl\/stockholm\/wp-json\/wp\/v2\/comments?post=13622"}],"version-history":[{"count":6,"href":"https:\/\/instytutpolski.pl\/stockholm\/wp-json\/wp\/v2\/posts\/13622\/revisions"}],"predecessor-version":[{"id":13645,"href":"https:\/\/instytutpolski.pl\/stockholm\/wp-json\/wp\/v2\/posts\/13622\/revisions\/13645"}],"wp:featuredmedia":[{"embeddable":true,"href":"https:\/\/instytutpolski.pl\/stockholm\/wp-json\/wp\/v2\/media\/13625"}],"wp:attachment":[{"href":"https:\/\/instytutpolski.pl\/stockholm\/wp-json\/wp\/v2\/media?parent=13622"}],"wp:term":[{"taxonomy":"category","embeddable":true,"href":"https:\/\/instytutpolski.pl\/stockholm\/wp-json\/wp\/v2\/categories?post=13622"},{"taxonomy":"post_tag","embeddable":true,"href":"https:\/\/instytutpolski.pl\/stockholm\/wp-json\/wp\/v2\/tags?post=13622"}],"curies":[{"name":"wp","href":"https:\/\/api.w.org\/{rel}","templated":true}]}}