{"id":1364,"date":"2019-08-20T17:42:50","date_gmt":"2019-08-20T15:42:50","guid":{"rendered":"https:\/\/instytutpolski.pl\/stockholm\/?p=1364"},"modified":"2019-10-30T17:45:10","modified_gmt":"2019-10-30T16:45:10","slug":"klasyka-polskiego-filmu-w-kinie-capitol-podwojne-zycie-weroniki-krzysztofa-kieslowskiego","status":"publish","type":"post","link":"https:\/\/instytutpolski.pl\/stockholm\/pl\/2019\/08\/20\/klasyka-polskiego-filmu-w-kinie-capitol-podwojne-zycie-weroniki-krzysztofa-kieslowskiego\/","title":{"rendered":"Klasyka polskiego filmu w kinie Capitol \u2013 \u201ePodw\u00f3jne \u017cycie Weroniki\u201d Krzysztofa Kie\u015blowskiego"},"content":{"rendered":"\n<p>Jedna z najbardziej tajemniczych opowie\u015bci w dorobku polskich filmowc\u00f3w. \u0141\u0105czy rzeczywisto\u015b\u0107 z fantazj\u0105, proz\u0119 \u017cycia z poezj\u0105, to, co zwyczajne, z tym, co niewyt\u0142umaczalne.\u201d 23 listopada 1966 roku przychodz\u0105 na \u015bwiat dwie identyczne dziewczynki &#8211; jedna w Polsce, druga we Francji. Cho\u0107 dziel\u0105 je tysi\u0105ce kilometr\u00f3w przez ca\u0142e p\u00f3\u017aniejsze \u017cycie czuj\u0105 ze sob\u0105 dziwn\u0105 wi\u0119\u017a pomimo, \u017ce nigdy tak naprawd\u0119 si\u0119 ze sob\u0105 nie spotka\u0142y. S\u0105 do siebie podobne jak dwie krople wody, obie maj\u0105 problemy zdrowotne, obie kochaj\u0105 muzyk\u0119 i obie maj\u0105 takie same imi\u0119; Weronika i Veronique (w obydwu rolach \u2013 Irene Jacob). W pewnym momencie swego \u017cycia Weronika decyduje po\u015bwi\u0119ci\u0107 si\u0119 pracy artystycznej, kt\u00f3r\u0105 raptownie przerywa \u015bmier\u0107. Veronique pod\u015bwiadomie odczuwa strat\u0119 kogo\u015b bardzo bliskiego\u2026 W niewyt\u0142umaczalny, mistyczny spos\u00f3b wyci\u0105ga wnioski z wydarze\u0144, kt\u00f3re mia\u0142y miejsce w Polsce. Wybiera mi\u0142o\u015b\u0107 zamiast pasji. \u201eTo opowie\u015b\u0107 o \u017cyciu, kt\u00f3re ko\u0144czy si\u0119, aby znale\u017a\u0107 dalszy ci\u0105g w innym ciele i duszy.<\/p>\n<p>Film b\u0119dzie wy\u015bwietlany z napisami w j\u0119zyku szwedzkim.<\/p>\n<p>Bilety s\u0105 do nabycia <a href=\"https:\/\/www.capitolbio.se\/filmerochobiletter\/741\" target=\"_blank\" rel=\"noopener noreferrer\">tutaj<\/a>.<br \/><strong><br \/>Mi\u0119dzy 22 sierpnia a 11 grudnia 2019 wy\u015bwietlone zostan\u0105 nast\u0119puj\u0105ce klasyki polskiego kina:<\/strong><br \/><br \/>\u2022\u00a0\u00a0\u00a0 \u201ePodw\u00f3jne \u017cycie Weroniki\u201d, re\u017c. Krzysztof Kie\u015blowski (napisy w j. szwedzkim)<br \/>\u2022\u00a0\u00a0\u00a0 \u201eNiewinni czarodzieje\u201d, re\u017c. Andrzej Wajda (napisy w j. angielskim)<br \/>\u2022\u00a0\u00a0\u00a0 \u201eN\u00f3\u017c w wodzie\u201d, re\u017c. Roman Pola\u0144ski (napisy w j. angielskim)<br \/>\u2022\u00a0\u00a0\u00a0 \u201dKobieta samotna\u201d, re\u017c. Agnieszka Holland (napisy w j. angielskim)<br \/>\u2022\u00a0\u00a0\u00a0 \u201eMatka Joanna od Anio\u0142\u00f3w\u201d, re\u017c. Jerzy Kawalerowicz (napisy w j. angielskim)<\/p>\n","protected":false},"excerpt":{"rendered":"<p>Jedna z najbardziej tajemniczych opowie\u015bci w dorobku polskich filmowc\u00f3w. \u0141\u0105czy rzeczywisto\u015b\u0107 z fantazj\u0105, proz\u0119 \u017cycia z poezj\u0105, to, co zwyczajne, z tym, co niewyt\u0142umaczalne.\u201d 23 listopada 1966 roku przychodz\u0105 na \u015bwiat dwie identyczne dziewczynki &#8211; jedna w Polsce, druga we Francji. Cho\u0107 dziel\u0105 je tysi\u0105ce kilometr\u00f3w przez ca\u0142e p\u00f3\u017aniejsze \u017cycie czuj\u0105 ze sob\u0105 dziwn\u0105 wi\u0119\u017a [&hellip;]<\/p>\n","protected":false},"author":29,"featured_media":1361,"comment_status":"open","ping_status":"open","sticky":false,"template":"","format":"standard","meta":{"inline_featured_image":false,"_monsterinsights_skip_tracking":false,"_monsterinsights_sitenote_active":false,"_monsterinsights_sitenote_note":"","_monsterinsights_sitenote_category":0,"footnotes":""},"categories":[85,36],"tags":[],"class_list":["post-1364","post","type-post","status-publish","format-standard","has-post-thumbnail","hentry","category-kino","category-wydarzenie"],"yoast_head":"<!-- This site is optimized with the Yoast SEO plugin v24.6 - https:\/\/yoast.com\/wordpress\/plugins\/seo\/ -->\n<title>Klasyka polskiego filmu w kinie Capitol \u2013 \u201ePodw\u00f3jne \u017cycie Weroniki\u201d Krzysztofa Kie\u015blowskiego - Instytut Polski w Sztokholmie<\/title>\n<meta name=\"robots\" content=\"index, follow, max-snippet:-1, max-image-preview:large, max-video-preview:-1\" \/>\n<link rel=\"canonical\" href=\"https:\/\/instytutpolski.pl\/stockholm\/pl\/2019\/08\/20\/klasyka-polskiego-filmu-w-kinie-capitol-podwojne-zycie-weroniki-krzysztofa-kieslowskiego\/\" \/>\n<meta property=\"og:locale\" content=\"pl_PL\" \/>\n<meta property=\"og:type\" content=\"article\" \/>\n<meta property=\"og:title\" content=\"Klasyka polskiego filmu w kinie Capitol \u2013 \u201ePodw\u00f3jne \u017cycie Weroniki\u201d Krzysztofa Kie\u015blowskiego - Instytut Polski w Sztokholmie\" \/>\n<meta property=\"og:description\" content=\"Jedna z najbardziej tajemniczych opowie\u015bci w dorobku polskich filmowc\u00f3w. \u0141\u0105czy rzeczywisto\u015b\u0107 z fantazj\u0105, proz\u0119 \u017cycia z poezj\u0105, to, co zwyczajne, z tym, co niewyt\u0142umaczalne.\u201d 23 listopada 1966 roku przychodz\u0105 na \u015bwiat dwie identyczne dziewczynki &#8211; jedna w Polsce, druga we Francji. Cho\u0107 dziel\u0105 je tysi\u0105ce kilometr\u00f3w przez ca\u0142e p\u00f3\u017aniejsze \u017cycie czuj\u0105 ze sob\u0105 dziwn\u0105 wi\u0119\u017a [&hellip;]\" \/>\n<meta property=\"og:url\" content=\"https:\/\/instytutpolski.pl\/stockholm\/pl\/2019\/08\/20\/klasyka-polskiego-filmu-w-kinie-capitol-podwojne-zycie-weroniki-krzysztofa-kieslowskiego\/\" \/>\n<meta property=\"og:site_name\" content=\"Instytut Polski w Sztokholmie\" \/>\n<meta property=\"article:published_time\" content=\"2019-08-20T15:42:50+00:00\" \/>\n<meta property=\"article:modified_time\" content=\"2019-10-30T16:45:10+00:00\" \/>\n<meta property=\"og:image\" content=\"https:\/\/instytutpolski.pl\/stockholm\/wp-content\/uploads\/sites\/17\/2019\/10\/podwojne-yzcie-weroniki.jpg\" \/>\n\t<meta property=\"og:image:width\" content=\"1083\" \/>\n\t<meta property=\"og:image:height\" content=\"609\" \/>\n\t<meta property=\"og:image:type\" content=\"image\/jpeg\" \/>\n<meta name=\"author\" content=\"strozniake\" \/>\n<meta name=\"twitter:card\" content=\"summary_large_image\" \/>\n<meta name=\"twitter:label1\" content=\"Napisane przez\" \/>\n\t<meta name=\"twitter:data1\" content=\"strozniake\" \/>\n\t<meta name=\"twitter:label2\" content=\"Szacowany czas czytania\" \/>\n\t<meta name=\"twitter:data2\" content=\"1 minuta\" \/>\n<script type=\"application\/ld+json\" class=\"yoast-schema-graph\">{\"@context\":\"https:\/\/schema.org\",\"@graph\":[{\"@type\":\"event\",\"@id\":\"https:\/\/instytutpolski.pl\/stockholm\/pl\/2019\/08\/20\/klasyka-polskiego-filmu-w-kinie-capitol-podwojne-zycie-weroniki-krzysztofa-kieslowskiego\/\",\"url\":\"https:\/\/instytutpolski.pl\/stockholm\/pl\/2019\/08\/20\/klasyka-polskiego-filmu-w-kinie-capitol-podwojne-zycie-weroniki-krzysztofa-kieslowskiego\/\",\"name\":\"Klasyka polskiego filmu w kinie Capitol \u2013 \u201ePodw\u00f3jne \u017cycie Weroniki\u201d Krzysztofa Kie\u015blowskiego\",\"isPartOf\":{\"@id\":\"https:\/\/instytutpolski.pl\/stockholm\/#website\"},\"primaryImageOfPage\":{\"@id\":\"https:\/\/instytutpolski.pl\/stockholm\/pl\/2019\/08\/20\/klasyka-polskiego-filmu-w-kinie-capitol-podwojne-zycie-weroniki-krzysztofa-kieslowskiego\/#primaryimage\"},\"image\":[\"https:\/\/instytutpolski.pl\/stockholm\/wp-content\/uploads\/sites\/17\/2019\/10\/podwojne-yzcie-weroniki.jpg\",\"https:\/\/instytutpolski.pl\/stockholm\/wp-content\/uploads\/sites\/17\/2019\/10\/podwojne-yzcie-weroniki-300x169.jpg\",\"https:\/\/instytutpolski.pl\/stockholm\/wp-content\/uploads\/sites\/17\/2019\/10\/podwojne-yzcie-weroniki-1024x576.jpg\",\"https:\/\/instytutpolski.pl\/stockholm\/wp-content\/uploads\/sites\/17\/2019\/10\/podwojne-yzcie-weroniki.jpg\"],\"thumbnailUrl\":\"https:\/\/instytutpolski.pl\/stockholm\/wp-content\/uploads\/sites\/17\/2019\/10\/podwojne-yzcie-weroniki.jpg\",\"datePublished\":\"2019-08-20T15:42:50+02:00\",\"dateModified\":\"2019-10-30T16:45:10+02:00\",\"author\":{\"@id\":\"https:\/\/instytutpolski.pl\/stockholm\/#\/schema\/person\/062b5a5f61f32b17c98996975db8d556\"},\"breadcrumb\":{\"@id\":\"https:\/\/instytutpolski.pl\/stockholm\/pl\/2019\/08\/20\/klasyka-polskiego-filmu-w-kinie-capitol-podwojne-zycie-weroniki-krzysztofa-kieslowskiego\/#breadcrumb\"},\"inLanguage\":\"pl-PL\",\"potentialAction\":[{\"@type\":\"ReadAction\",\"target\":[\"https:\/\/instytutpolski.pl\/stockholm\/pl\/2019\/08\/20\/klasyka-polskiego-filmu-w-kinie-capitol-podwojne-zycie-weroniki-krzysztofa-kieslowskiego\/\"]}],\"@context\":\"https:\/\/schema.org\",\"startDate\":\"2019-08-22T06:00:00+02:00\",\"endDate\":\"2019-08-22T08:00:00+02:00\",\"eventStatus\":\"EventScheduled\",\"eventAttendanceMode\":\"OfflineEventAttendanceMode\",\"location\":{\"@type\":\"place\",\"name\":\"Capitol Bio, Sankt Eriksgatan 82, Stockholm\",\"address\":\"Capitol Bio, Sankt Eriksgatan 82, Stockholm\",\"geo\":{\"@type\":\"GeoCoordinates\",\"latitude\":\"59.334549987125854\",\"longitude\":\"18.043237475225\"}},\"description\":\"Jedna z najbardziej tajemniczych opowie\u015bci w dorobku polskich filmowc\u00f3w. \u0141\u0105czy rzeczywisto\u015b\u0107 z fantazj\u0105, proz\u0119 \u017cycia z poezj\u0105, to, co zwyczajne, z tym, co niewyt\u0142umaczalne.\u201d 23 listopada 1966 roku przychodz\u0105 na \u015bwiat dwie identyczne dziewczynki - jedna w Polsce, druga we Francji. Cho\u0107 dziel\u0105 je tysi\u0105ce kilometr\u00f3w przez ca\u0142e p\u00f3\u017aniejsze \u017cycie czuj\u0105 ze sob\u0105 dziwn\u0105 wi\u0119\u017a pomimo, \u017ce nigdy tak naprawd\u0119 si\u0119 ze sob\u0105 nie spotka\u0142y. S\u0105 do siebie podobne jak dwie krople wody, obie maj\u0105 problemy zdrowotne, obie kochaj\u0105 muzyk\u0119 i obie maj\u0105 takie same imi\u0119; Weronika i Veronique (w obydwu rolach \u2013 Irene Jacob). W pewnym momencie swego \u017cycia Weronika decyduje po\u015bwi\u0119ci\u0107 si\u0119 pracy artystycznej, kt\u00f3r\u0105 raptownie przerywa \u015bmier\u0107. Veronique pod\u015bwiadomie odczuwa strat\u0119 kogo\u015b bardzo bliskiego\u2026 W niewyt\u0142umaczalny, mistyczny spos\u00f3b wyci\u0105ga wnioski z wydarze\u0144, kt\u00f3re mia\u0142y miejsce w Polsce. Wybiera mi\u0142o\u015b\u0107 zamiast pasji. \u201eTo opowie\u015b\u0107 o \u017cyciu, kt\u00f3re ko\u0144czy si\u0119, aby znale\u017a\u0107 dalszy ci\u0105g w innym ciele i duszy.\\nFilm b\u0119dzie wy\u015bwietlany z napisami w j\u0119zyku szwedzkim.\\nBilety s\u0105 do nabycia tutaj.Mi\u0119dzy 22 sierpnia a 11 grudnia 2019 wy\u015bwietlone zostan\u0105 nast\u0119puj\u0105ce klasyki polskiego kina:\u2022\u00a0\u00a0\u00a0 \u201ePodw\u00f3jne \u017cycie Weroniki\u201d, re\u017c. Krzysztof Kie\u015blowski (napisy w j. szwedzkim)\u2022\u00a0\u00a0\u00a0 \u201eNiewinni czarodzieje\u201d, re\u017c. Andrzej Wajda (napisy w j. angielskim)\u2022\u00a0\u00a0\u00a0 \u201eN\u00f3\u017c w wodzie\u201d, re\u017c. Roman Pola\u0144ski (napisy w j. angielskim)\u2022\u00a0\u00a0\u00a0 \u201dKobieta samotna\u201d, re\u017c. Agnieszka Holland (napisy w j. angielskim)\u2022\u00a0\u00a0\u00a0 \u201eMatka Joanna od Anio\u0142\u00f3w\u201d, re\u017c. Jerzy Kawalerowicz (napisy w j. angielskim)\"},{\"@type\":\"ImageObject\",\"inLanguage\":\"pl-PL\",\"@id\":\"https:\/\/instytutpolski.pl\/stockholm\/pl\/2019\/08\/20\/klasyka-polskiego-filmu-w-kinie-capitol-podwojne-zycie-weroniki-krzysztofa-kieslowskiego\/#primaryimage\",\"url\":\"https:\/\/instytutpolski.pl\/stockholm\/wp-content\/uploads\/sites\/17\/2019\/10\/podwojne-yzcie-weroniki.jpg\",\"contentUrl\":\"https:\/\/instytutpolski.pl\/stockholm\/wp-content\/uploads\/sites\/17\/2019\/10\/podwojne-yzcie-weroniki.jpg\",\"width\":1083,\"height\":609},{\"@type\":\"BreadcrumbList\",\"@id\":\"https:\/\/instytutpolski.pl\/stockholm\/pl\/2019\/08\/20\/klasyka-polskiego-filmu-w-kinie-capitol-podwojne-zycie-weroniki-krzysztofa-kieslowskiego\/#breadcrumb\",\"itemListElement\":[{\"@type\":\"ListItem\",\"position\":1,\"name\":\"Home\",\"item\":\"https:\/\/instytutpolski.pl\/stockholm\/\"},{\"@type\":\"ListItem\",\"position\":2,\"name\":\"Klasyka polskiego filmu w kinie Capitol \u2013 \u201ePodw\u00f3jne \u017cycie Weroniki\u201d Krzysztofa Kie\u015blowskiego\"}]},{\"@type\":\"WebSite\",\"@id\":\"https:\/\/instytutpolski.pl\/stockholm\/#website\",\"url\":\"https:\/\/instytutpolski.pl\/stockholm\/\",\"name\":\"Instytut Polski w Sztokholmie\",\"description\":\"Instytuty Polskie\",\"potentialAction\":[{\"@type\":\"SearchAction\",\"target\":{\"@type\":\"EntryPoint\",\"urlTemplate\":\"https:\/\/instytutpolski.pl\/stockholm\/?s={search_term_string}\"},\"query-input\":{\"@type\":\"PropertyValueSpecification\",\"valueRequired\":true,\"valueName\":\"search_term_string\"}}],\"inLanguage\":\"pl-PL\"},{\"@type\":\"Person\",\"@id\":\"https:\/\/instytutpolski.pl\/stockholm\/#\/schema\/person\/062b5a5f61f32b17c98996975db8d556\",\"name\":\"strozniake\",\"image\":{\"@type\":\"ImageObject\",\"inLanguage\":\"pl-PL\",\"@id\":\"https:\/\/instytutpolski.pl\/stockholm\/#\/schema\/person\/image\/\",\"url\":\"https:\/\/secure.gravatar.com\/avatar\/25e0be9897787f9035155a882fde97cc?s=96&d=mm&r=g\",\"contentUrl\":\"https:\/\/secure.gravatar.com\/avatar\/25e0be9897787f9035155a882fde97cc?s=96&d=mm&r=g\",\"caption\":\"strozniake\"},\"sameAs\":[\"http:\/\/strozniake\"],\"url\":\"https:\/\/instytutpolski.pl\/stockholm\/author\/strozniake\/\"}]}<\/script>\n<!-- \/ Yoast SEO plugin. -->","yoast_head_json":{"title":"Klasyka polskiego filmu w kinie Capitol \u2013 \u201ePodw\u00f3jne \u017cycie Weroniki\u201d Krzysztofa Kie\u015blowskiego - Instytut Polski w Sztokholmie","robots":{"index":"index","follow":"follow","max-snippet":"max-snippet:-1","max-image-preview":"max-image-preview:large","max-video-preview":"max-video-preview:-1"},"canonical":"https:\/\/instytutpolski.pl\/stockholm\/pl\/2019\/08\/20\/klasyka-polskiego-filmu-w-kinie-capitol-podwojne-zycie-weroniki-krzysztofa-kieslowskiego\/","og_locale":"pl_PL","og_type":"article","og_title":"Klasyka polskiego filmu w kinie Capitol \u2013 \u201ePodw\u00f3jne \u017cycie Weroniki\u201d Krzysztofa Kie\u015blowskiego - Instytut Polski w Sztokholmie","og_description":"Jedna z najbardziej tajemniczych opowie\u015bci w dorobku polskich filmowc\u00f3w. \u0141\u0105czy rzeczywisto\u015b\u0107 z fantazj\u0105, proz\u0119 \u017cycia z poezj\u0105, to, co zwyczajne, z tym, co niewyt\u0142umaczalne.\u201d 23 listopada 1966 roku przychodz\u0105 na \u015bwiat dwie identyczne dziewczynki &#8211; jedna w Polsce, druga we Francji. Cho\u0107 dziel\u0105 je tysi\u0105ce kilometr\u00f3w przez ca\u0142e p\u00f3\u017aniejsze \u017cycie czuj\u0105 ze sob\u0105 dziwn\u0105 wi\u0119\u017a [&hellip;]","og_url":"https:\/\/instytutpolski.pl\/stockholm\/pl\/2019\/08\/20\/klasyka-polskiego-filmu-w-kinie-capitol-podwojne-zycie-weroniki-krzysztofa-kieslowskiego\/","og_site_name":"Instytut Polski w Sztokholmie","article_published_time":"2019-08-20T15:42:50+00:00","article_modified_time":"2019-10-30T16:45:10+00:00","og_image":[{"width":1083,"height":609,"url":"https:\/\/instytutpolski.pl\/stockholm\/wp-content\/uploads\/sites\/17\/2019\/10\/podwojne-yzcie-weroniki.jpg","type":"image\/jpeg"}],"author":"strozniake","twitter_card":"summary_large_image","twitter_misc":{"Napisane przez":"strozniake","Szacowany czas czytania":"1 minuta"},"schema":{"@context":"https:\/\/schema.org","@graph":[{"@type":"event","@id":"https:\/\/instytutpolski.pl\/stockholm\/pl\/2019\/08\/20\/klasyka-polskiego-filmu-w-kinie-capitol-podwojne-zycie-weroniki-krzysztofa-kieslowskiego\/","url":"https:\/\/instytutpolski.pl\/stockholm\/pl\/2019\/08\/20\/klasyka-polskiego-filmu-w-kinie-capitol-podwojne-zycie-weroniki-krzysztofa-kieslowskiego\/","name":"Klasyka polskiego filmu w kinie Capitol \u2013 \u201ePodw\u00f3jne \u017cycie Weroniki\u201d Krzysztofa Kie\u015blowskiego","isPartOf":{"@id":"https:\/\/instytutpolski.pl\/stockholm\/#website"},"primaryImageOfPage":{"@id":"https:\/\/instytutpolski.pl\/stockholm\/pl\/2019\/08\/20\/klasyka-polskiego-filmu-w-kinie-capitol-podwojne-zycie-weroniki-krzysztofa-kieslowskiego\/#primaryimage"},"image":["https:\/\/instytutpolski.pl\/stockholm\/wp-content\/uploads\/sites\/17\/2019\/10\/podwojne-yzcie-weroniki.jpg","https:\/\/instytutpolski.pl\/stockholm\/wp-content\/uploads\/sites\/17\/2019\/10\/podwojne-yzcie-weroniki-300x169.jpg","https:\/\/instytutpolski.pl\/stockholm\/wp-content\/uploads\/sites\/17\/2019\/10\/podwojne-yzcie-weroniki-1024x576.jpg","https:\/\/instytutpolski.pl\/stockholm\/wp-content\/uploads\/sites\/17\/2019\/10\/podwojne-yzcie-weroniki.jpg"],"thumbnailUrl":"https:\/\/instytutpolski.pl\/stockholm\/wp-content\/uploads\/sites\/17\/2019\/10\/podwojne-yzcie-weroniki.jpg","datePublished":"2019-08-20T15:42:50+02:00","dateModified":"2019-10-30T16:45:10+02:00","author":{"@id":"https:\/\/instytutpolski.pl\/stockholm\/#\/schema\/person\/062b5a5f61f32b17c98996975db8d556"},"breadcrumb":{"@id":"https:\/\/instytutpolski.pl\/stockholm\/pl\/2019\/08\/20\/klasyka-polskiego-filmu-w-kinie-capitol-podwojne-zycie-weroniki-krzysztofa-kieslowskiego\/#breadcrumb"},"inLanguage":"pl-PL","potentialAction":[{"@type":"ReadAction","target":["https:\/\/instytutpolski.pl\/stockholm\/pl\/2019\/08\/20\/klasyka-polskiego-filmu-w-kinie-capitol-podwojne-zycie-weroniki-krzysztofa-kieslowskiego\/"]}],"@context":"https:\/\/schema.org","startDate":"2019-08-22T06:00:00+02:00","endDate":"2019-08-22T08:00:00+02:00","eventStatus":"EventScheduled","eventAttendanceMode":"OfflineEventAttendanceMode","location":{"@type":"place","name":"Capitol Bio, Sankt Eriksgatan 82, Stockholm","address":"Capitol Bio, Sankt Eriksgatan 82, Stockholm","geo":{"@type":"GeoCoordinates","latitude":"59.334549987125854","longitude":"18.043237475225"}},"description":"Jedna z najbardziej tajemniczych opowie\u015bci w dorobku polskich filmowc\u00f3w. \u0141\u0105czy rzeczywisto\u015b\u0107 z fantazj\u0105, proz\u0119 \u017cycia z poezj\u0105, to, co zwyczajne, z tym, co niewyt\u0142umaczalne.\u201d 23 listopada 1966 roku przychodz\u0105 na \u015bwiat dwie identyczne dziewczynki - jedna w Polsce, druga we Francji. Cho\u0107 dziel\u0105 je tysi\u0105ce kilometr\u00f3w przez ca\u0142e p\u00f3\u017aniejsze \u017cycie czuj\u0105 ze sob\u0105 dziwn\u0105 wi\u0119\u017a pomimo, \u017ce nigdy tak naprawd\u0119 si\u0119 ze sob\u0105 nie spotka\u0142y. S\u0105 do siebie podobne jak dwie krople wody, obie maj\u0105 problemy zdrowotne, obie kochaj\u0105 muzyk\u0119 i obie maj\u0105 takie same imi\u0119; Weronika i Veronique (w obydwu rolach \u2013 Irene Jacob). W pewnym momencie swego \u017cycia Weronika decyduje po\u015bwi\u0119ci\u0107 si\u0119 pracy artystycznej, kt\u00f3r\u0105 raptownie przerywa \u015bmier\u0107. Veronique pod\u015bwiadomie odczuwa strat\u0119 kogo\u015b bardzo bliskiego\u2026 W niewyt\u0142umaczalny, mistyczny spos\u00f3b wyci\u0105ga wnioski z wydarze\u0144, kt\u00f3re mia\u0142y miejsce w Polsce. Wybiera mi\u0142o\u015b\u0107 zamiast pasji. \u201eTo opowie\u015b\u0107 o \u017cyciu, kt\u00f3re ko\u0144czy si\u0119, aby znale\u017a\u0107 dalszy ci\u0105g w innym ciele i duszy.\nFilm b\u0119dzie wy\u015bwietlany z napisami w j\u0119zyku szwedzkim.\nBilety s\u0105 do nabycia tutaj.Mi\u0119dzy 22 sierpnia a 11 grudnia 2019 wy\u015bwietlone zostan\u0105 nast\u0119puj\u0105ce klasyki polskiego kina:\u2022\u00a0\u00a0\u00a0 \u201ePodw\u00f3jne \u017cycie Weroniki\u201d, re\u017c. Krzysztof Kie\u015blowski (napisy w j. szwedzkim)\u2022\u00a0\u00a0\u00a0 \u201eNiewinni czarodzieje\u201d, re\u017c. Andrzej Wajda (napisy w j. angielskim)\u2022\u00a0\u00a0\u00a0 \u201eN\u00f3\u017c w wodzie\u201d, re\u017c. Roman Pola\u0144ski (napisy w j. angielskim)\u2022\u00a0\u00a0\u00a0 \u201dKobieta samotna\u201d, re\u017c. Agnieszka Holland (napisy w j. angielskim)\u2022\u00a0\u00a0\u00a0 \u201eMatka Joanna od Anio\u0142\u00f3w\u201d, re\u017c. Jerzy Kawalerowicz (napisy w j. angielskim)"},{"@type":"ImageObject","inLanguage":"pl-PL","@id":"https:\/\/instytutpolski.pl\/stockholm\/pl\/2019\/08\/20\/klasyka-polskiego-filmu-w-kinie-capitol-podwojne-zycie-weroniki-krzysztofa-kieslowskiego\/#primaryimage","url":"https:\/\/instytutpolski.pl\/stockholm\/wp-content\/uploads\/sites\/17\/2019\/10\/podwojne-yzcie-weroniki.jpg","contentUrl":"https:\/\/instytutpolski.pl\/stockholm\/wp-content\/uploads\/sites\/17\/2019\/10\/podwojne-yzcie-weroniki.jpg","width":1083,"height":609},{"@type":"BreadcrumbList","@id":"https:\/\/instytutpolski.pl\/stockholm\/pl\/2019\/08\/20\/klasyka-polskiego-filmu-w-kinie-capitol-podwojne-zycie-weroniki-krzysztofa-kieslowskiego\/#breadcrumb","itemListElement":[{"@type":"ListItem","position":1,"name":"Home","item":"https:\/\/instytutpolski.pl\/stockholm\/"},{"@type":"ListItem","position":2,"name":"Klasyka polskiego filmu w kinie Capitol \u2013 \u201ePodw\u00f3jne \u017cycie Weroniki\u201d Krzysztofa Kie\u015blowskiego"}]},{"@type":"WebSite","@id":"https:\/\/instytutpolski.pl\/stockholm\/#website","url":"https:\/\/instytutpolski.pl\/stockholm\/","name":"Instytut Polski w Sztokholmie","description":"Instytuty Polskie","potentialAction":[{"@type":"SearchAction","target":{"@type":"EntryPoint","urlTemplate":"https:\/\/instytutpolski.pl\/stockholm\/?s={search_term_string}"},"query-input":{"@type":"PropertyValueSpecification","valueRequired":true,"valueName":"search_term_string"}}],"inLanguage":"pl-PL"},{"@type":"Person","@id":"https:\/\/instytutpolski.pl\/stockholm\/#\/schema\/person\/062b5a5f61f32b17c98996975db8d556","name":"strozniake","image":{"@type":"ImageObject","inLanguage":"pl-PL","@id":"https:\/\/instytutpolski.pl\/stockholm\/#\/schema\/person\/image\/","url":"https:\/\/secure.gravatar.com\/avatar\/25e0be9897787f9035155a882fde97cc?s=96&d=mm&r=g","contentUrl":"https:\/\/secure.gravatar.com\/avatar\/25e0be9897787f9035155a882fde97cc?s=96&d=mm&r=g","caption":"strozniake"},"sameAs":["http:\/\/strozniake"],"url":"https:\/\/instytutpolski.pl\/stockholm\/author\/strozniake\/"}]}},"_links":{"self":[{"href":"https:\/\/instytutpolski.pl\/stockholm\/wp-json\/wp\/v2\/posts\/1364","targetHints":{"allow":["GET"]}}],"collection":[{"href":"https:\/\/instytutpolski.pl\/stockholm\/wp-json\/wp\/v2\/posts"}],"about":[{"href":"https:\/\/instytutpolski.pl\/stockholm\/wp-json\/wp\/v2\/types\/post"}],"author":[{"embeddable":true,"href":"https:\/\/instytutpolski.pl\/stockholm\/wp-json\/wp\/v2\/users\/29"}],"replies":[{"embeddable":true,"href":"https:\/\/instytutpolski.pl\/stockholm\/wp-json\/wp\/v2\/comments?post=1364"}],"version-history":[{"count":2,"href":"https:\/\/instytutpolski.pl\/stockholm\/wp-json\/wp\/v2\/posts\/1364\/revisions"}],"predecessor-version":[{"id":1366,"href":"https:\/\/instytutpolski.pl\/stockholm\/wp-json\/wp\/v2\/posts\/1364\/revisions\/1366"}],"wp:featuredmedia":[{"embeddable":true,"href":"https:\/\/instytutpolski.pl\/stockholm\/wp-json\/wp\/v2\/media\/1361"}],"wp:attachment":[{"href":"https:\/\/instytutpolski.pl\/stockholm\/wp-json\/wp\/v2\/media?parent=1364"}],"wp:term":[{"taxonomy":"category","embeddable":true,"href":"https:\/\/instytutpolski.pl\/stockholm\/wp-json\/wp\/v2\/categories?post=1364"},{"taxonomy":"post_tag","embeddable":true,"href":"https:\/\/instytutpolski.pl\/stockholm\/wp-json\/wp\/v2\/tags?post=1364"}],"curies":[{"name":"wp","href":"https:\/\/api.w.org\/{rel}","templated":true}]}}