{"id":13710,"date":"2025-02-28T14:50:24","date_gmt":"2025-02-28T13:50:24","guid":{"rendered":"https:\/\/instytutpolski.pl\/stockholm\/?p=13710"},"modified":"2025-03-03T15:41:39","modified_gmt":"2025-03-03T14:41:39","slug":"avslutningskonsert-i-projektet-playground-call-for-collaborations-pa-kungliga-musikhogskolan-i-stockholm","status":"publish","type":"post","link":"https:\/\/instytutpolski.pl\/stockholm\/2025\/02\/28\/avslutningskonsert-i-projektet-playground-call-for-collaborations-pa-kungliga-musikhogskolan-i-stockholm\/","title":{"rendered":"Avslutningskonsert i projektet Playground \u2013 call for collaborations p\u00e5 Kungliga musikh\u00f6gskolan i Stockholm"},"content":{"rendered":"\n<p><em>I \u00e5rets upplaga av Playground: call for collaborations vill vi understryka betydelsen av samarbete i skapandeprocessen. Vi hoppas att den kan leda oss bortom noterna, bortom ljuden, ja till och med bortom de konventionella kommunikationsmetoderna.<\/em><\/p>\n\n\n\n<p class=\"has-text-align-right\">PLAYGROUND-projektets skapare<\/p>\n\n\n\n<p>I Stockholm spelar Sp\u00f3\u0142dzielnia Muzyczna 20 mars kl 19. Konserten i Sverige arrangeras i samarbete med Kungliga musikh\u00f6gskolan och Polska institutet i Stockholm.<\/p>\n\n\n\n<p>Program:<\/p>\n\n\n\n<p>\u2022 Adrianna Kubica-Cypek \u2013 Sacred Noise<\/p>\n\n\n\n<p>\u2022 Eneko Lacalle Berasategi \u2013 Nytt verk<\/p>\n\n\n\n<p>\u2022 Eloain Lovis H\u00fcbner \u2013 Nytt verk<\/p>\n\n\n\n<p>\u2022 Pawe\u0142 Malinowski \u2013 [titel ok\u00e4nd]<\/p>\n\n\n\n<pre class=\"wp-block-verse\"><\/pre>\n\n\n\n<p>Sp\u00f3\u0142dzielnia Muzyczna Contemporary Ensemble:<\/p>\n\n\n\n<p>\u2022 Paulina Wo\u015b \u2013 violin<\/p>\n\n\n\n<p>\u2022 Barbara Mglej \u2013 violin<\/p>\n\n\n\n<p>\u2022 Jakub Gucik \u2013 cello<\/p>\n\n\n\n<p>\u2022 Ma\u0142gorzata Mikulska \u2013 fl\u00f6jt<\/p>\n\n\n\n<p>\u2022 Tomasz Sowa \u2013 klarinett<\/p>\n\n\n\n<p>\u2022 Krzysztof Gu\u0144ka \u2013 saxofon<\/p>\n\n\n\n<p>\u2022 Aleksander Wnuk \u2013 slagverk<\/p>\n\n\n\n<p>\u2022 Aleksandra P\u0142aczek \u2013 piano<\/p>\n\n\n\n<p>Mer information om musiken hittar du p\u00e5 <a href=\"https:\/\/fb.me\/e\/722mEBYE6\" target=\"_blank\" rel=\"noreferrer noopener\">Facebook<\/a> och p\u00e5 <a href=\"https:\/\/www.kmh.se\/konserter---evenemang\/alla\/elektroakustiskt-i-mars-2025.html\" target=\"_blank\" rel=\"noreferrer noopener\">KMH<\/a>.<\/p>\n\n\n\n<p>Fritt intr\u00e4de!<\/p>\n","protected":false},"excerpt":{"rendered":"<p>I \u00e5rets upplaga av Playground: call for collaborations vill vi understryka betydelsen av samarbete i skapandeprocessen. Vi hoppas att den kan leda oss bortom noterna, bortom ljuden, ja till och med bortom de konventionella kommunikationsmetoderna. PLAYGROUND-projektets skapare I Stockholm spelar Sp\u00f3\u0142dzielnia Muzyczna 20 mars kl 19. Konserten i Sverige arrangeras i samarbete med Kungliga musikh\u00f6gskolan [&hellip;]<\/p>\n","protected":false},"author":173,"featured_media":13711,"comment_status":"closed","ping_status":"closed","sticky":false,"template":"","format":"standard","meta":{"inline_featured_image":false,"_monsterinsights_skip_tracking":false,"_monsterinsights_sitenote_active":false,"_monsterinsights_sitenote_note":"","_monsterinsights_sitenote_category":0,"footnotes":""},"categories":[222,318,12,99],"tags":[],"class_list":["post-13710","post","type-post","status-publish","format-standard","has-post-thumbnail","hentry","category-aktualnosc-se","category-artykuly-se","category-evenemang","category-musik"],"yoast_head":"<!-- This site is optimized with the Yoast SEO plugin v24.6 - https:\/\/yoast.com\/wordpress\/plugins\/seo\/ -->\n<title>Avslutningskonsert i projektet Playground \u2013 call for collaborations p\u00e5 Kungliga musikh\u00f6gskolan i Stockholm - Instytut Polski w Sztokholmie<\/title>\n<meta name=\"robots\" content=\"index, follow, max-snippet:-1, max-image-preview:large, max-video-preview:-1\" \/>\n<link rel=\"canonical\" href=\"https:\/\/instytutpolski.pl\/stockholm\/2025\/02\/28\/avslutningskonsert-i-projektet-playground-call-for-collaborations-pa-kungliga-musikhogskolan-i-stockholm\/\" \/>\n<meta property=\"og:locale\" content=\"pl_PL\" \/>\n<meta property=\"og:type\" content=\"article\" \/>\n<meta property=\"og:title\" content=\"Avslutningskonsert i projektet Playground \u2013 call for collaborations p\u00e5 Kungliga musikh\u00f6gskolan i Stockholm - Instytut Polski w Sztokholmie\" \/>\n<meta property=\"og:description\" content=\"I \u00e5rets upplaga av Playground: call for collaborations vill vi understryka betydelsen av samarbete i skapandeprocessen. Vi hoppas att den kan leda oss bortom noterna, bortom ljuden, ja till och med bortom de konventionella kommunikationsmetoderna. PLAYGROUND-projektets skapare I Stockholm spelar Sp\u00f3\u0142dzielnia Muzyczna 20 mars kl 19. Konserten i Sverige arrangeras i samarbete med Kungliga musikh\u00f6gskolan [&hellip;]\" \/>\n<meta property=\"og:url\" content=\"https:\/\/instytutpolski.pl\/stockholm\/2025\/02\/28\/avslutningskonsert-i-projektet-playground-call-for-collaborations-pa-kungliga-musikhogskolan-i-stockholm\/\" \/>\n<meta property=\"og:site_name\" content=\"Instytut Polski w Sztokholmie\" \/>\n<meta property=\"article:published_time\" content=\"2025-02-28T13:50:24+00:00\" \/>\n<meta property=\"article:modified_time\" content=\"2025-03-03T14:41:39+00:00\" \/>\n<meta property=\"og:image\" content=\"https:\/\/instytutpolski.pl\/stockholm\/wp-content\/uploads\/sites\/17\/2025\/02\/social-media_1920x1080_PLAYGROUND.png\" \/>\n\t<meta property=\"og:image:width\" content=\"1920\" \/>\n\t<meta property=\"og:image:height\" content=\"1080\" \/>\n\t<meta property=\"og:image:type\" content=\"image\/png\" \/>\n<meta name=\"author\" content=\"treichelp\" \/>\n<meta name=\"twitter:card\" content=\"summary_large_image\" \/>\n<meta name=\"twitter:label1\" content=\"Napisane przez\" \/>\n\t<meta name=\"twitter:data1\" content=\"treichelp\" \/>\n\t<meta name=\"twitter:label2\" content=\"Szacowany czas czytania\" \/>\n\t<meta name=\"twitter:data2\" content=\"1 minuta\" \/>\n<script type=\"application\/ld+json\" class=\"yoast-schema-graph\">{\"@context\":\"https:\/\/schema.org\",\"@graph\":[{\"@type\":\"event\",\"@id\":\"https:\/\/instytutpolski.pl\/stockholm\/2025\/02\/28\/avslutningskonsert-i-projektet-playground-call-for-collaborations-pa-kungliga-musikhogskolan-i-stockholm\/\",\"url\":\"https:\/\/instytutpolski.pl\/stockholm\/2025\/02\/28\/avslutningskonsert-i-projektet-playground-call-for-collaborations-pa-kungliga-musikhogskolan-i-stockholm\/\",\"name\":\"Avslutningskonsert i projektet Playground \u2013 call for collaborations p\u00e5 Kungliga musikh\u00f6gskolan i Stockholm\",\"isPartOf\":{\"@id\":\"https:\/\/instytutpolski.pl\/stockholm\/#website\"},\"primaryImageOfPage\":{\"@id\":\"https:\/\/instytutpolski.pl\/stockholm\/2025\/02\/28\/avslutningskonsert-i-projektet-playground-call-for-collaborations-pa-kungliga-musikhogskolan-i-stockholm\/#primaryimage\"},\"image\":[\"https:\/\/instytutpolski.pl\/stockholm\/wp-content\/uploads\/sites\/17\/2025\/02\/social-media_1920x1080_PLAYGROUND.png\",\"https:\/\/instytutpolski.pl\/stockholm\/wp-content\/uploads\/sites\/17\/2025\/02\/social-media_1920x1080_PLAYGROUND-300x169.png\",\"https:\/\/instytutpolski.pl\/stockholm\/wp-content\/uploads\/sites\/17\/2025\/02\/social-media_1920x1080_PLAYGROUND-1024x576.png\",\"https:\/\/instytutpolski.pl\/stockholm\/wp-content\/uploads\/sites\/17\/2025\/02\/social-media_1920x1080_PLAYGROUND.png\"],\"thumbnailUrl\":\"https:\/\/instytutpolski.pl\/stockholm\/wp-content\/uploads\/sites\/17\/2025\/02\/social-media_1920x1080_PLAYGROUND.png\",\"datePublished\":\"2025-02-28T13:50:24+02:00\",\"dateModified\":\"2025-03-03T14:41:39+02:00\",\"author\":{\"@id\":\"https:\/\/instytutpolski.pl\/stockholm\/#\/schema\/person\/866a2c0f4ccf0982a286809684f7bc1e\"},\"breadcrumb\":{\"@id\":\"https:\/\/instytutpolski.pl\/stockholm\/2025\/02\/28\/avslutningskonsert-i-projektet-playground-call-for-collaborations-pa-kungliga-musikhogskolan-i-stockholm\/#breadcrumb\"},\"inLanguage\":\"pl-PL\",\"potentialAction\":[{\"@type\":\"ReadAction\",\"target\":[\"https:\/\/instytutpolski.pl\/stockholm\/2025\/02\/28\/avslutningskonsert-i-projektet-playground-call-for-collaborations-pa-kungliga-musikhogskolan-i-stockholm\/\"]}],\"@context\":\"https:\/\/schema.org\",\"startDate\":\"2025-03-20T07:00:00+02:00\",\"endDate\":\"2025-03-20T09:00:00+02:00\",\"eventStatus\":\"EventScheduled\",\"eventAttendanceMode\":\"OfflineEventAttendanceMode\",\"location\":{\"@type\":\"place\",\"name\":\"Nathan Milsteinsalen, Kungliga Musikh\u00f6gskolan, Stockholm\",\"address\":\"Nathan Milsteinsalen, Kungliga Musikh\u00f6gskolan, Stockholm\",\"geo\":{\"@type\":\"GeoCoordinates\",\"latitude\":\"59.21203828251524\",\"longitude\":\"18.208508933622504\"}},\"description\":\"I \u00e5rets upplaga av Playground: call for collaborations vill vi understryka betydelsen av samarbete i skapandeprocessen. Vi hoppas att den kan leda oss bortom noterna, bortom ljuden, ja till och med bortom de konventionella kommunikationsmetoderna.\\nPLAYGROUND-projektets skapare\\nI Stockholm spelar Sp\u00f3\u0142dzielnia Muzyczna 20 mars kl 19. Konserten i Sverige arrangeras i samarbete med Kungliga musikh\u00f6gskolan och Polska institutet i Stockholm.\\nProgram:\\n\u2022 Adrianna Kubica-Cypek \u2013 Sacred Noise\\n\u2022 Eneko Lacalle Berasategi \u2013 Nytt verk\\n\u2022 Eloain Lovis H\u00fcbner \u2013 Nytt verk\\n\u2022 Pawe\u0142 Malinowski \u2013 [titel ok\u00e4nd]\\nSp\u00f3\u0142dzielnia Muzyczna Contemporary Ensemble:\\n\u2022 Paulina Wo\u015b \u2013 violin\\n\u2022 Barbara Mglej \u2013 violin\\n\u2022 Jakub Gucik \u2013 cello\\n\u2022 Ma\u0142gorzata Mikulska \u2013 fl\u00f6jt\\n\u2022 Tomasz Sowa \u2013 klarinett\\n\u2022 Krzysztof Gu\u0144ka \u2013 saxofon\\n\u2022 Aleksander Wnuk \u2013 slagverk\\n\u2022 Aleksandra P\u0142aczek \u2013 piano\\nMer information om musiken hittar du p\u00e5 Facebook och p\u00e5 KMH.\\nFritt intr\u00e4de!\"},{\"@type\":\"ImageObject\",\"inLanguage\":\"pl-PL\",\"@id\":\"https:\/\/instytutpolski.pl\/stockholm\/2025\/02\/28\/avslutningskonsert-i-projektet-playground-call-for-collaborations-pa-kungliga-musikhogskolan-i-stockholm\/#primaryimage\",\"url\":\"https:\/\/instytutpolski.pl\/stockholm\/wp-content\/uploads\/sites\/17\/2025\/02\/social-media_1920x1080_PLAYGROUND.png\",\"contentUrl\":\"https:\/\/instytutpolski.pl\/stockholm\/wp-content\/uploads\/sites\/17\/2025\/02\/social-media_1920x1080_PLAYGROUND.png\",\"width\":1920,\"height\":1080},{\"@type\":\"BreadcrumbList\",\"@id\":\"https:\/\/instytutpolski.pl\/stockholm\/2025\/02\/28\/avslutningskonsert-i-projektet-playground-call-for-collaborations-pa-kungliga-musikhogskolan-i-stockholm\/#breadcrumb\",\"itemListElement\":[{\"@type\":\"ListItem\",\"position\":1,\"name\":\"Home\",\"item\":\"https:\/\/instytutpolski.pl\/stockholm\/\"},{\"@type\":\"ListItem\",\"position\":2,\"name\":\"Avslutningskonsert i projektet Playground \u2013 call for collaborations p\u00e5 Kungliga musikh\u00f6gskolan i Stockholm\"}]},{\"@type\":\"WebSite\",\"@id\":\"https:\/\/instytutpolski.pl\/stockholm\/#website\",\"url\":\"https:\/\/instytutpolski.pl\/stockholm\/\",\"name\":\"Instytut Polski w Sztokholmie\",\"description\":\"Instytuty Polskie\",\"potentialAction\":[{\"@type\":\"SearchAction\",\"target\":{\"@type\":\"EntryPoint\",\"urlTemplate\":\"https:\/\/instytutpolski.pl\/stockholm\/?s={search_term_string}\"},\"query-input\":{\"@type\":\"PropertyValueSpecification\",\"valueRequired\":true,\"valueName\":\"search_term_string\"}}],\"inLanguage\":\"pl-PL\"},{\"@type\":\"Person\",\"@id\":\"https:\/\/instytutpolski.pl\/stockholm\/#\/schema\/person\/866a2c0f4ccf0982a286809684f7bc1e\",\"name\":\"treichelp\",\"image\":{\"@type\":\"ImageObject\",\"inLanguage\":\"pl-PL\",\"@id\":\"https:\/\/instytutpolski.pl\/stockholm\/#\/schema\/person\/image\/\",\"url\":\"https:\/\/secure.gravatar.com\/avatar\/fb2c1caae0df0854742a56fc463dd1fb?s=96&d=mm&r=g\",\"contentUrl\":\"https:\/\/secure.gravatar.com\/avatar\/fb2c1caae0df0854742a56fc463dd1fb?s=96&d=mm&r=g\",\"caption\":\"treichelp\"},\"url\":\"https:\/\/instytutpolski.pl\/stockholm\/author\/treichelp\/\"}]}<\/script>\n<!-- \/ Yoast SEO plugin. -->","yoast_head_json":{"title":"Avslutningskonsert i projektet Playground \u2013 call for collaborations p\u00e5 Kungliga musikh\u00f6gskolan i Stockholm - Instytut Polski w Sztokholmie","robots":{"index":"index","follow":"follow","max-snippet":"max-snippet:-1","max-image-preview":"max-image-preview:large","max-video-preview":"max-video-preview:-1"},"canonical":"https:\/\/instytutpolski.pl\/stockholm\/2025\/02\/28\/avslutningskonsert-i-projektet-playground-call-for-collaborations-pa-kungliga-musikhogskolan-i-stockholm\/","og_locale":"pl_PL","og_type":"article","og_title":"Avslutningskonsert i projektet Playground \u2013 call for collaborations p\u00e5 Kungliga musikh\u00f6gskolan i Stockholm - Instytut Polski w Sztokholmie","og_description":"I \u00e5rets upplaga av Playground: call for collaborations vill vi understryka betydelsen av samarbete i skapandeprocessen. Vi hoppas att den kan leda oss bortom noterna, bortom ljuden, ja till och med bortom de konventionella kommunikationsmetoderna. PLAYGROUND-projektets skapare I Stockholm spelar Sp\u00f3\u0142dzielnia Muzyczna 20 mars kl 19. Konserten i Sverige arrangeras i samarbete med Kungliga musikh\u00f6gskolan [&hellip;]","og_url":"https:\/\/instytutpolski.pl\/stockholm\/2025\/02\/28\/avslutningskonsert-i-projektet-playground-call-for-collaborations-pa-kungliga-musikhogskolan-i-stockholm\/","og_site_name":"Instytut Polski w Sztokholmie","article_published_time":"2025-02-28T13:50:24+00:00","article_modified_time":"2025-03-03T14:41:39+00:00","og_image":[{"width":1920,"height":1080,"url":"https:\/\/instytutpolski.pl\/stockholm\/wp-content\/uploads\/sites\/17\/2025\/02\/social-media_1920x1080_PLAYGROUND.png","type":"image\/png"}],"author":"treichelp","twitter_card":"summary_large_image","twitter_misc":{"Napisane przez":"treichelp","Szacowany czas czytania":"1 minuta"},"schema":{"@context":"https:\/\/schema.org","@graph":[{"@type":"event","@id":"https:\/\/instytutpolski.pl\/stockholm\/2025\/02\/28\/avslutningskonsert-i-projektet-playground-call-for-collaborations-pa-kungliga-musikhogskolan-i-stockholm\/","url":"https:\/\/instytutpolski.pl\/stockholm\/2025\/02\/28\/avslutningskonsert-i-projektet-playground-call-for-collaborations-pa-kungliga-musikhogskolan-i-stockholm\/","name":"Avslutningskonsert i projektet Playground \u2013 call for collaborations p\u00e5 Kungliga musikh\u00f6gskolan i Stockholm","isPartOf":{"@id":"https:\/\/instytutpolski.pl\/stockholm\/#website"},"primaryImageOfPage":{"@id":"https:\/\/instytutpolski.pl\/stockholm\/2025\/02\/28\/avslutningskonsert-i-projektet-playground-call-for-collaborations-pa-kungliga-musikhogskolan-i-stockholm\/#primaryimage"},"image":["https:\/\/instytutpolski.pl\/stockholm\/wp-content\/uploads\/sites\/17\/2025\/02\/social-media_1920x1080_PLAYGROUND.png","https:\/\/instytutpolski.pl\/stockholm\/wp-content\/uploads\/sites\/17\/2025\/02\/social-media_1920x1080_PLAYGROUND-300x169.png","https:\/\/instytutpolski.pl\/stockholm\/wp-content\/uploads\/sites\/17\/2025\/02\/social-media_1920x1080_PLAYGROUND-1024x576.png","https:\/\/instytutpolski.pl\/stockholm\/wp-content\/uploads\/sites\/17\/2025\/02\/social-media_1920x1080_PLAYGROUND.png"],"thumbnailUrl":"https:\/\/instytutpolski.pl\/stockholm\/wp-content\/uploads\/sites\/17\/2025\/02\/social-media_1920x1080_PLAYGROUND.png","datePublished":"2025-02-28T13:50:24+02:00","dateModified":"2025-03-03T14:41:39+02:00","author":{"@id":"https:\/\/instytutpolski.pl\/stockholm\/#\/schema\/person\/866a2c0f4ccf0982a286809684f7bc1e"},"breadcrumb":{"@id":"https:\/\/instytutpolski.pl\/stockholm\/2025\/02\/28\/avslutningskonsert-i-projektet-playground-call-for-collaborations-pa-kungliga-musikhogskolan-i-stockholm\/#breadcrumb"},"inLanguage":"pl-PL","potentialAction":[{"@type":"ReadAction","target":["https:\/\/instytutpolski.pl\/stockholm\/2025\/02\/28\/avslutningskonsert-i-projektet-playground-call-for-collaborations-pa-kungliga-musikhogskolan-i-stockholm\/"]}],"@context":"https:\/\/schema.org","startDate":"2025-03-20T07:00:00+02:00","endDate":"2025-03-20T09:00:00+02:00","eventStatus":"EventScheduled","eventAttendanceMode":"OfflineEventAttendanceMode","location":{"@type":"place","name":"Nathan Milsteinsalen, Kungliga Musikh\u00f6gskolan, Stockholm","address":"Nathan Milsteinsalen, Kungliga Musikh\u00f6gskolan, Stockholm","geo":{"@type":"GeoCoordinates","latitude":"59.21203828251524","longitude":"18.208508933622504"}},"description":"I \u00e5rets upplaga av Playground: call for collaborations vill vi understryka betydelsen av samarbete i skapandeprocessen. Vi hoppas att den kan leda oss bortom noterna, bortom ljuden, ja till och med bortom de konventionella kommunikationsmetoderna.\nPLAYGROUND-projektets skapare\nI Stockholm spelar Sp\u00f3\u0142dzielnia Muzyczna 20 mars kl 19. Konserten i Sverige arrangeras i samarbete med Kungliga musikh\u00f6gskolan och Polska institutet i Stockholm.\nProgram:\n\u2022 Adrianna Kubica-Cypek \u2013 Sacred Noise\n\u2022 Eneko Lacalle Berasategi \u2013 Nytt verk\n\u2022 Eloain Lovis H\u00fcbner \u2013 Nytt verk\n\u2022 Pawe\u0142 Malinowski \u2013 [titel ok\u00e4nd]\nSp\u00f3\u0142dzielnia Muzyczna Contemporary Ensemble:\n\u2022 Paulina Wo\u015b \u2013 violin\n\u2022 Barbara Mglej \u2013 violin\n\u2022 Jakub Gucik \u2013 cello\n\u2022 Ma\u0142gorzata Mikulska \u2013 fl\u00f6jt\n\u2022 Tomasz Sowa \u2013 klarinett\n\u2022 Krzysztof Gu\u0144ka \u2013 saxofon\n\u2022 Aleksander Wnuk \u2013 slagverk\n\u2022 Aleksandra P\u0142aczek \u2013 piano\nMer information om musiken hittar du p\u00e5 Facebook och p\u00e5 KMH.\nFritt intr\u00e4de!"},{"@type":"ImageObject","inLanguage":"pl-PL","@id":"https:\/\/instytutpolski.pl\/stockholm\/2025\/02\/28\/avslutningskonsert-i-projektet-playground-call-for-collaborations-pa-kungliga-musikhogskolan-i-stockholm\/#primaryimage","url":"https:\/\/instytutpolski.pl\/stockholm\/wp-content\/uploads\/sites\/17\/2025\/02\/social-media_1920x1080_PLAYGROUND.png","contentUrl":"https:\/\/instytutpolski.pl\/stockholm\/wp-content\/uploads\/sites\/17\/2025\/02\/social-media_1920x1080_PLAYGROUND.png","width":1920,"height":1080},{"@type":"BreadcrumbList","@id":"https:\/\/instytutpolski.pl\/stockholm\/2025\/02\/28\/avslutningskonsert-i-projektet-playground-call-for-collaborations-pa-kungliga-musikhogskolan-i-stockholm\/#breadcrumb","itemListElement":[{"@type":"ListItem","position":1,"name":"Home","item":"https:\/\/instytutpolski.pl\/stockholm\/"},{"@type":"ListItem","position":2,"name":"Avslutningskonsert i projektet Playground \u2013 call for collaborations p\u00e5 Kungliga musikh\u00f6gskolan i Stockholm"}]},{"@type":"WebSite","@id":"https:\/\/instytutpolski.pl\/stockholm\/#website","url":"https:\/\/instytutpolski.pl\/stockholm\/","name":"Instytut Polski w Sztokholmie","description":"Instytuty Polskie","potentialAction":[{"@type":"SearchAction","target":{"@type":"EntryPoint","urlTemplate":"https:\/\/instytutpolski.pl\/stockholm\/?s={search_term_string}"},"query-input":{"@type":"PropertyValueSpecification","valueRequired":true,"valueName":"search_term_string"}}],"inLanguage":"pl-PL"},{"@type":"Person","@id":"https:\/\/instytutpolski.pl\/stockholm\/#\/schema\/person\/866a2c0f4ccf0982a286809684f7bc1e","name":"treichelp","image":{"@type":"ImageObject","inLanguage":"pl-PL","@id":"https:\/\/instytutpolski.pl\/stockholm\/#\/schema\/person\/image\/","url":"https:\/\/secure.gravatar.com\/avatar\/fb2c1caae0df0854742a56fc463dd1fb?s=96&d=mm&r=g","contentUrl":"https:\/\/secure.gravatar.com\/avatar\/fb2c1caae0df0854742a56fc463dd1fb?s=96&d=mm&r=g","caption":"treichelp"},"url":"https:\/\/instytutpolski.pl\/stockholm\/author\/treichelp\/"}]}},"_links":{"self":[{"href":"https:\/\/instytutpolski.pl\/stockholm\/wp-json\/wp\/v2\/posts\/13710","targetHints":{"allow":["GET"]}}],"collection":[{"href":"https:\/\/instytutpolski.pl\/stockholm\/wp-json\/wp\/v2\/posts"}],"about":[{"href":"https:\/\/instytutpolski.pl\/stockholm\/wp-json\/wp\/v2\/types\/post"}],"author":[{"embeddable":true,"href":"https:\/\/instytutpolski.pl\/stockholm\/wp-json\/wp\/v2\/users\/173"}],"replies":[{"embeddable":true,"href":"https:\/\/instytutpolski.pl\/stockholm\/wp-json\/wp\/v2\/comments?post=13710"}],"version-history":[{"count":10,"href":"https:\/\/instytutpolski.pl\/stockholm\/wp-json\/wp\/v2\/posts\/13710\/revisions"}],"predecessor-version":[{"id":13756,"href":"https:\/\/instytutpolski.pl\/stockholm\/wp-json\/wp\/v2\/posts\/13710\/revisions\/13756"}],"wp:featuredmedia":[{"embeddable":true,"href":"https:\/\/instytutpolski.pl\/stockholm\/wp-json\/wp\/v2\/media\/13711"}],"wp:attachment":[{"href":"https:\/\/instytutpolski.pl\/stockholm\/wp-json\/wp\/v2\/media?parent=13710"}],"wp:term":[{"taxonomy":"category","embeddable":true,"href":"https:\/\/instytutpolski.pl\/stockholm\/wp-json\/wp\/v2\/categories?post=13710"},{"taxonomy":"post_tag","embeddable":true,"href":"https:\/\/instytutpolski.pl\/stockholm\/wp-json\/wp\/v2\/tags?post=13710"}],"curies":[{"name":"wp","href":"https:\/\/api.w.org\/{rel}","templated":true}]}}