{"id":13719,"date":"2025-02-28T14:50:24","date_gmt":"2025-02-28T13:50:24","guid":{"rendered":"https:\/\/instytutpolski.pl\/stockholm\/?p=13719"},"modified":"2025-02-28T14:53:31","modified_gmt":"2025-02-28T13:53:31","slug":"finalny-koncert-projektu-playground-w-krolewskiej-akademii-muzycznej-kmh-w-sztokholmie","status":"publish","type":"post","link":"https:\/\/instytutpolski.pl\/stockholm\/pl\/2025\/02\/28\/finalny-koncert-projektu-playground-w-krolewskiej-akademii-muzycznej-kmh-w-sztokholmie\/","title":{"rendered":"Finalny koncert projektu PLAYGROUND w Kr\u00f3lewskiej Akademii Muzycznej (KMH) w Sztokholmie"},"content":{"rendered":"\n<p><em>W tegorocznej edycji PLAYGROUND: call for collaborations chcemy podkre\u015bli\u0107 znaczenie wsp\u00f3\u0142pracy w procesie tw\u00f3rczym. Mamy nadziej\u0119, \u017ce mo\u017ce ona wyprowadzi\u0107 nas poza notacj\u0119, poza d\u017awi\u0119k, a nawet poza konwencjonalne metody komunikacji.<\/em><\/p>\n\n\n\n<p class=\"has-text-align-right\">Tw\u00f3rcy programu PLAYGROUND<\/p>\n\n\n\n<p>Koncert w Szwecji zorganizowany jest we wsp\u00f3\u0142pracy z Kr\u00f3lewsk\u0105 Akademi\u0105 Muzyczn\u0105 oraz Instytutem Polskim w Sztokholmie.<\/p>\n\n\n\n<p>Program:<\/p>\n\n\n\n<p>\u2022 Adrianna Kubica-Cypek \u2013 Sacred Noise<\/p>\n\n\n\n<p>\u2022 Eneko Lacalle Berasategi \u2013 Nowy utw\u00f3r<\/p>\n\n\n\n<p>\u2022 Eloain Lovis H\u00fcbner \u2013 Nowy utw\u00f3r<\/p>\n\n\n\n<p>\u2022 Pawe\u0142 Malinowski \u2013 [tytu\u0142 nieznany]<\/p>\n\n\n\n<pre class=\"wp-block-verse\"><\/pre>\n\n\n\n<p>Sp\u00f3\u0142dzielnia Muzyczna Contemporary Ensemble:<\/p>\n\n\n\n<p>\u2022 Paulina Wo\u015b \u2013 skrzypce<\/p>\n\n\n\n<p>\u2022 Barbara Mglej \u2013 skrzypce<\/p>\n\n\n\n<p>\u2022 Jakub Gucik \u2013 wiolonczela<\/p>\n\n\n\n<p>\u2022 Ma\u0142gorzata Mikulska \u2013 flety<\/p>\n\n\n\n<p>\u2022 Tomasz Sowa \u2013 klarnety<\/p>\n\n\n\n<p>\u2022 Krzysztof Gu\u0144ka \u2013 saksofony<\/p>\n\n\n\n<p>\u2022 Aleksander Wnuk \u2013 perkusja<\/p>\n\n\n\n<p>\u2022 Aleksandra P\u0142aczek \u2013 fortepian<\/p>\n\n\n\n<p>Wi\u0119cej informacji o utworach znajdziesz w opisie na <a href=\"https:\/\/fb.me\/e\/722mEBYE6\" target=\"_blank\" rel=\"noreferrer noopener\">Facebooku<\/a> i na <a href=\"https:\/\/www.kmh.se\/konserter---evenemang\/alla\/elektroakustiskt-i-mars-2025.html\" target=\"_blank\" rel=\"noreferrer noopener\">stronie KMH<\/a>.<\/p>\n\n\n\n<p>Wst\u0119p darmowy!<\/p>\n","protected":false},"excerpt":{"rendered":"<p>W tegorocznej edycji PLAYGROUND: call for collaborations chcemy podkre\u015bli\u0107 znaczenie wsp\u00f3\u0142pracy w procesie tw\u00f3rczym. Mamy nadziej\u0119, \u017ce mo\u017ce ona wyprowadzi\u0107 nas poza notacj\u0119, poza d\u017awi\u0119k, a nawet poza konwencjonalne metody komunikacji. Tw\u00f3rcy programu PLAYGROUND Koncert w Szwecji zorganizowany jest we wsp\u00f3\u0142pracy z Kr\u00f3lewsk\u0105 Akademi\u0105 Muzyczn\u0105 oraz Instytutem Polskim w Sztokholmie. Program: \u2022 Adrianna Kubica-Cypek \u2013 [&hellip;]<\/p>\n","protected":false},"author":173,"featured_media":13711,"comment_status":"closed","ping_status":"closed","sticky":false,"template":"","format":"standard","meta":{"inline_featured_image":false,"_monsterinsights_skip_tracking":false,"_monsterinsights_sitenote_active":false,"_monsterinsights_sitenote_note":"","_monsterinsights_sitenote_category":0,"footnotes":""},"categories":[320,89,36],"tags":[],"class_list":["post-13719","post","type-post","status-publish","format-standard","has-post-thumbnail","hentry","category-artykuly-pl","category-muzyka","category-wydarzenie"],"yoast_head":"<!-- This site is optimized with the Yoast SEO plugin v24.6 - https:\/\/yoast.com\/wordpress\/plugins\/seo\/ -->\n<title>Finalny koncert projektu PLAYGROUND w Kr\u00f3lewskiej Akademii Muzycznej (KMH) w Sztokholmie - Instytut Polski w Sztokholmie<\/title>\n<meta name=\"robots\" content=\"index, follow, max-snippet:-1, max-image-preview:large, max-video-preview:-1\" \/>\n<link rel=\"canonical\" href=\"https:\/\/instytutpolski.pl\/stockholm\/pl\/2025\/02\/28\/finalny-koncert-projektu-playground-w-krolewskiej-akademii-muzycznej-kmh-w-sztokholmie\/\" \/>\n<meta property=\"og:locale\" content=\"pl_PL\" \/>\n<meta property=\"og:type\" content=\"article\" \/>\n<meta property=\"og:title\" content=\"Finalny koncert projektu PLAYGROUND w Kr\u00f3lewskiej Akademii Muzycznej (KMH) w Sztokholmie - Instytut Polski w Sztokholmie\" \/>\n<meta property=\"og:description\" content=\"W tegorocznej edycji PLAYGROUND: call for collaborations chcemy podkre\u015bli\u0107 znaczenie wsp\u00f3\u0142pracy w procesie tw\u00f3rczym. Mamy nadziej\u0119, \u017ce mo\u017ce ona wyprowadzi\u0107 nas poza notacj\u0119, poza d\u017awi\u0119k, a nawet poza konwencjonalne metody komunikacji. Tw\u00f3rcy programu PLAYGROUND Koncert w Szwecji zorganizowany jest we wsp\u00f3\u0142pracy z Kr\u00f3lewsk\u0105 Akademi\u0105 Muzyczn\u0105 oraz Instytutem Polskim w Sztokholmie. Program: \u2022 Adrianna Kubica-Cypek \u2013 [&hellip;]\" \/>\n<meta property=\"og:url\" content=\"https:\/\/instytutpolski.pl\/stockholm\/pl\/2025\/02\/28\/finalny-koncert-projektu-playground-w-krolewskiej-akademii-muzycznej-kmh-w-sztokholmie\/\" \/>\n<meta property=\"og:site_name\" content=\"Instytut Polski w Sztokholmie\" \/>\n<meta property=\"article:published_time\" content=\"2025-02-28T13:50:24+00:00\" \/>\n<meta property=\"article:modified_time\" content=\"2025-02-28T13:53:31+00:00\" \/>\n<meta property=\"og:image\" content=\"https:\/\/instytutpolski.pl\/stockholm\/wp-content\/uploads\/sites\/17\/2025\/02\/social-media_1920x1080_PLAYGROUND.png\" \/>\n\t<meta property=\"og:image:width\" content=\"1920\" \/>\n\t<meta property=\"og:image:height\" content=\"1080\" \/>\n\t<meta property=\"og:image:type\" content=\"image\/png\" \/>\n<meta name=\"author\" content=\"treichelp\" \/>\n<meta name=\"twitter:card\" content=\"summary_large_image\" \/>\n<meta name=\"twitter:label1\" content=\"Napisane przez\" \/>\n\t<meta name=\"twitter:data1\" content=\"treichelp\" \/>\n\t<meta name=\"twitter:label2\" content=\"Szacowany czas czytania\" \/>\n\t<meta name=\"twitter:data2\" content=\"1 minuta\" \/>\n<script type=\"application\/ld+json\" class=\"yoast-schema-graph\">{\"@context\":\"https:\/\/schema.org\",\"@graph\":[{\"@type\":\"event\",\"@id\":\"https:\/\/instytutpolski.pl\/stockholm\/pl\/2025\/02\/28\/finalny-koncert-projektu-playground-w-krolewskiej-akademii-muzycznej-kmh-w-sztokholmie\/\",\"url\":\"https:\/\/instytutpolski.pl\/stockholm\/pl\/2025\/02\/28\/finalny-koncert-projektu-playground-w-krolewskiej-akademii-muzycznej-kmh-w-sztokholmie\/\",\"name\":\"Finalny koncert projektu PLAYGROUND w Kr\u00f3lewskiej Akademii Muzycznej (KMH) w Sztokholmie\",\"isPartOf\":{\"@id\":\"https:\/\/instytutpolski.pl\/stockholm\/#website\"},\"primaryImageOfPage\":{\"@id\":\"https:\/\/instytutpolski.pl\/stockholm\/pl\/2025\/02\/28\/finalny-koncert-projektu-playground-w-krolewskiej-akademii-muzycznej-kmh-w-sztokholmie\/#primaryimage\"},\"image\":[\"https:\/\/instytutpolski.pl\/stockholm\/wp-content\/uploads\/sites\/17\/2025\/02\/social-media_1920x1080_PLAYGROUND.png\",\"https:\/\/instytutpolski.pl\/stockholm\/wp-content\/uploads\/sites\/17\/2025\/02\/social-media_1920x1080_PLAYGROUND-300x169.png\",\"https:\/\/instytutpolski.pl\/stockholm\/wp-content\/uploads\/sites\/17\/2025\/02\/social-media_1920x1080_PLAYGROUND-1024x576.png\",\"https:\/\/instytutpolski.pl\/stockholm\/wp-content\/uploads\/sites\/17\/2025\/02\/social-media_1920x1080_PLAYGROUND.png\"],\"thumbnailUrl\":\"https:\/\/instytutpolski.pl\/stockholm\/wp-content\/uploads\/sites\/17\/2025\/02\/social-media_1920x1080_PLAYGROUND.png\",\"datePublished\":\"2025-02-28T13:50:24+02:00\",\"dateModified\":\"2025-02-28T13:53:31+02:00\",\"author\":{\"@id\":\"https:\/\/instytutpolski.pl\/stockholm\/#\/schema\/person\/866a2c0f4ccf0982a286809684f7bc1e\"},\"breadcrumb\":{\"@id\":\"https:\/\/instytutpolski.pl\/stockholm\/pl\/2025\/02\/28\/finalny-koncert-projektu-playground-w-krolewskiej-akademii-muzycznej-kmh-w-sztokholmie\/#breadcrumb\"},\"inLanguage\":\"pl-PL\",\"potentialAction\":[{\"@type\":\"ReadAction\",\"target\":[\"https:\/\/instytutpolski.pl\/stockholm\/pl\/2025\/02\/28\/finalny-koncert-projektu-playground-w-krolewskiej-akademii-muzycznej-kmh-w-sztokholmie\/\"]}],\"@context\":\"https:\/\/schema.org\",\"startDate\":\"2025-03-20T07:00:00+02:00\",\"endDate\":\"2025-03-20T09:00:00+02:00\",\"eventStatus\":\"EventScheduled\",\"eventAttendanceMode\":\"OfflineEventAttendanceMode\",\"location\":{\"@type\":\"place\",\"name\":\"Nathan Milsteinsalen, Kungliga Musikh\u00f6gskolan, Stockholm\",\"address\":\"Nathan Milsteinsalen, Kungliga Musikh\u00f6gskolan, Stockholm\",\"geo\":{\"@type\":\"GeoCoordinates\",\"latitude\":\"59.21203828251524\",\"longitude\":\"18.208508933622504\"}},\"description\":\"W tegorocznej edycji PLAYGROUND: call for collaborations chcemy podkre\u015bli\u0107 znaczenie wsp\u00f3\u0142pracy w procesie tw\u00f3rczym. Mamy nadziej\u0119, \u017ce mo\u017ce ona wyprowadzi\u0107 nas poza notacj\u0119, poza d\u017awi\u0119k, a nawet poza konwencjonalne metody komunikacji.\\nTw\u00f3rcy programu PLAYGROUND\\nKoncert w Szwecji zorganizowany jest we wsp\u00f3\u0142pracy z Kr\u00f3lewsk\u0105 Akademi\u0105 Muzyczn\u0105 oraz Instytutem Polskim w Sztokholmie.\\nProgram:\\n\u2022 Adrianna Kubica-Cypek \u2013 Sacred Noise\\n\u2022 Eneko Lacalle Berasategi \u2013 Nowy utw\u00f3r\\n\u2022 Eloain Lovis H\u00fcbner \u2013 Nowy utw\u00f3r\\n\u2022 Pawe\u0142 Malinowski \u2013 [tytu\u0142 nieznany]\\nSp\u00f3\u0142dzielnia Muzyczna Contemporary Ensemble:\\n\u2022 Paulina Wo\u015b \u2013 skrzypce\\n\u2022 Barbara Mglej \u2013 skrzypce\\n\u2022 Jakub Gucik \u2013 wiolonczela\\n\u2022 Ma\u0142gorzata Mikulska \u2013 flety\\n\u2022 Tomasz Sowa \u2013 klarnety\\n\u2022 Krzysztof Gu\u0144ka \u2013 saksofony\\n\u2022 Aleksander Wnuk \u2013 perkusja\\n\u2022 Aleksandra P\u0142aczek \u2013 fortepian\\nWi\u0119cej informacji o utworach znajdziesz w opisie na Facebooku i na stronie KMH.\\nWst\u0119p darmowy!\"},{\"@type\":\"ImageObject\",\"inLanguage\":\"pl-PL\",\"@id\":\"https:\/\/instytutpolski.pl\/stockholm\/pl\/2025\/02\/28\/finalny-koncert-projektu-playground-w-krolewskiej-akademii-muzycznej-kmh-w-sztokholmie\/#primaryimage\",\"url\":\"https:\/\/instytutpolski.pl\/stockholm\/wp-content\/uploads\/sites\/17\/2025\/02\/social-media_1920x1080_PLAYGROUND.png\",\"contentUrl\":\"https:\/\/instytutpolski.pl\/stockholm\/wp-content\/uploads\/sites\/17\/2025\/02\/social-media_1920x1080_PLAYGROUND.png\",\"width\":1920,\"height\":1080},{\"@type\":\"BreadcrumbList\",\"@id\":\"https:\/\/instytutpolski.pl\/stockholm\/pl\/2025\/02\/28\/finalny-koncert-projektu-playground-w-krolewskiej-akademii-muzycznej-kmh-w-sztokholmie\/#breadcrumb\",\"itemListElement\":[{\"@type\":\"ListItem\",\"position\":1,\"name\":\"Home\",\"item\":\"https:\/\/instytutpolski.pl\/stockholm\/\"},{\"@type\":\"ListItem\",\"position\":2,\"name\":\"Finalny koncert projektu PLAYGROUND w Kr\u00f3lewskiej Akademii Muzycznej (KMH) w Sztokholmie\"}]},{\"@type\":\"WebSite\",\"@id\":\"https:\/\/instytutpolski.pl\/stockholm\/#website\",\"url\":\"https:\/\/instytutpolski.pl\/stockholm\/\",\"name\":\"Instytut Polski w Sztokholmie\",\"description\":\"Instytuty Polskie\",\"potentialAction\":[{\"@type\":\"SearchAction\",\"target\":{\"@type\":\"EntryPoint\",\"urlTemplate\":\"https:\/\/instytutpolski.pl\/stockholm\/?s={search_term_string}\"},\"query-input\":{\"@type\":\"PropertyValueSpecification\",\"valueRequired\":true,\"valueName\":\"search_term_string\"}}],\"inLanguage\":\"pl-PL\"},{\"@type\":\"Person\",\"@id\":\"https:\/\/instytutpolski.pl\/stockholm\/#\/schema\/person\/866a2c0f4ccf0982a286809684f7bc1e\",\"name\":\"treichelp\",\"image\":{\"@type\":\"ImageObject\",\"inLanguage\":\"pl-PL\",\"@id\":\"https:\/\/instytutpolski.pl\/stockholm\/#\/schema\/person\/image\/\",\"url\":\"https:\/\/secure.gravatar.com\/avatar\/fb2c1caae0df0854742a56fc463dd1fb?s=96&d=mm&r=g\",\"contentUrl\":\"https:\/\/secure.gravatar.com\/avatar\/fb2c1caae0df0854742a56fc463dd1fb?s=96&d=mm&r=g\",\"caption\":\"treichelp\"},\"url\":\"https:\/\/instytutpolski.pl\/stockholm\/author\/treichelp\/\"}]}<\/script>\n<!-- \/ Yoast SEO plugin. -->","yoast_head_json":{"title":"Finalny koncert projektu PLAYGROUND w Kr\u00f3lewskiej Akademii Muzycznej (KMH) w Sztokholmie - Instytut Polski w Sztokholmie","robots":{"index":"index","follow":"follow","max-snippet":"max-snippet:-1","max-image-preview":"max-image-preview:large","max-video-preview":"max-video-preview:-1"},"canonical":"https:\/\/instytutpolski.pl\/stockholm\/pl\/2025\/02\/28\/finalny-koncert-projektu-playground-w-krolewskiej-akademii-muzycznej-kmh-w-sztokholmie\/","og_locale":"pl_PL","og_type":"article","og_title":"Finalny koncert projektu PLAYGROUND w Kr\u00f3lewskiej Akademii Muzycznej (KMH) w Sztokholmie - Instytut Polski w Sztokholmie","og_description":"W tegorocznej edycji PLAYGROUND: call for collaborations chcemy podkre\u015bli\u0107 znaczenie wsp\u00f3\u0142pracy w procesie tw\u00f3rczym. Mamy nadziej\u0119, \u017ce mo\u017ce ona wyprowadzi\u0107 nas poza notacj\u0119, poza d\u017awi\u0119k, a nawet poza konwencjonalne metody komunikacji. Tw\u00f3rcy programu PLAYGROUND Koncert w Szwecji zorganizowany jest we wsp\u00f3\u0142pracy z Kr\u00f3lewsk\u0105 Akademi\u0105 Muzyczn\u0105 oraz Instytutem Polskim w Sztokholmie. Program: \u2022 Adrianna Kubica-Cypek \u2013 [&hellip;]","og_url":"https:\/\/instytutpolski.pl\/stockholm\/pl\/2025\/02\/28\/finalny-koncert-projektu-playground-w-krolewskiej-akademii-muzycznej-kmh-w-sztokholmie\/","og_site_name":"Instytut Polski w Sztokholmie","article_published_time":"2025-02-28T13:50:24+00:00","article_modified_time":"2025-02-28T13:53:31+00:00","og_image":[{"width":1920,"height":1080,"url":"https:\/\/instytutpolski.pl\/stockholm\/wp-content\/uploads\/sites\/17\/2025\/02\/social-media_1920x1080_PLAYGROUND.png","type":"image\/png"}],"author":"treichelp","twitter_card":"summary_large_image","twitter_misc":{"Napisane przez":"treichelp","Szacowany czas czytania":"1 minuta"},"schema":{"@context":"https:\/\/schema.org","@graph":[{"@type":"event","@id":"https:\/\/instytutpolski.pl\/stockholm\/pl\/2025\/02\/28\/finalny-koncert-projektu-playground-w-krolewskiej-akademii-muzycznej-kmh-w-sztokholmie\/","url":"https:\/\/instytutpolski.pl\/stockholm\/pl\/2025\/02\/28\/finalny-koncert-projektu-playground-w-krolewskiej-akademii-muzycznej-kmh-w-sztokholmie\/","name":"Finalny koncert projektu PLAYGROUND w Kr\u00f3lewskiej Akademii Muzycznej (KMH) w Sztokholmie","isPartOf":{"@id":"https:\/\/instytutpolski.pl\/stockholm\/#website"},"primaryImageOfPage":{"@id":"https:\/\/instytutpolski.pl\/stockholm\/pl\/2025\/02\/28\/finalny-koncert-projektu-playground-w-krolewskiej-akademii-muzycznej-kmh-w-sztokholmie\/#primaryimage"},"image":["https:\/\/instytutpolski.pl\/stockholm\/wp-content\/uploads\/sites\/17\/2025\/02\/social-media_1920x1080_PLAYGROUND.png","https:\/\/instytutpolski.pl\/stockholm\/wp-content\/uploads\/sites\/17\/2025\/02\/social-media_1920x1080_PLAYGROUND-300x169.png","https:\/\/instytutpolski.pl\/stockholm\/wp-content\/uploads\/sites\/17\/2025\/02\/social-media_1920x1080_PLAYGROUND-1024x576.png","https:\/\/instytutpolski.pl\/stockholm\/wp-content\/uploads\/sites\/17\/2025\/02\/social-media_1920x1080_PLAYGROUND.png"],"thumbnailUrl":"https:\/\/instytutpolski.pl\/stockholm\/wp-content\/uploads\/sites\/17\/2025\/02\/social-media_1920x1080_PLAYGROUND.png","datePublished":"2025-02-28T13:50:24+02:00","dateModified":"2025-02-28T13:53:31+02:00","author":{"@id":"https:\/\/instytutpolski.pl\/stockholm\/#\/schema\/person\/866a2c0f4ccf0982a286809684f7bc1e"},"breadcrumb":{"@id":"https:\/\/instytutpolski.pl\/stockholm\/pl\/2025\/02\/28\/finalny-koncert-projektu-playground-w-krolewskiej-akademii-muzycznej-kmh-w-sztokholmie\/#breadcrumb"},"inLanguage":"pl-PL","potentialAction":[{"@type":"ReadAction","target":["https:\/\/instytutpolski.pl\/stockholm\/pl\/2025\/02\/28\/finalny-koncert-projektu-playground-w-krolewskiej-akademii-muzycznej-kmh-w-sztokholmie\/"]}],"@context":"https:\/\/schema.org","startDate":"2025-03-20T07:00:00+02:00","endDate":"2025-03-20T09:00:00+02:00","eventStatus":"EventScheduled","eventAttendanceMode":"OfflineEventAttendanceMode","location":{"@type":"place","name":"Nathan Milsteinsalen, Kungliga Musikh\u00f6gskolan, Stockholm","address":"Nathan Milsteinsalen, Kungliga Musikh\u00f6gskolan, Stockholm","geo":{"@type":"GeoCoordinates","latitude":"59.21203828251524","longitude":"18.208508933622504"}},"description":"W tegorocznej edycji PLAYGROUND: call for collaborations chcemy podkre\u015bli\u0107 znaczenie wsp\u00f3\u0142pracy w procesie tw\u00f3rczym. Mamy nadziej\u0119, \u017ce mo\u017ce ona wyprowadzi\u0107 nas poza notacj\u0119, poza d\u017awi\u0119k, a nawet poza konwencjonalne metody komunikacji.\nTw\u00f3rcy programu PLAYGROUND\nKoncert w Szwecji zorganizowany jest we wsp\u00f3\u0142pracy z Kr\u00f3lewsk\u0105 Akademi\u0105 Muzyczn\u0105 oraz Instytutem Polskim w Sztokholmie.\nProgram:\n\u2022 Adrianna Kubica-Cypek \u2013 Sacred Noise\n\u2022 Eneko Lacalle Berasategi \u2013 Nowy utw\u00f3r\n\u2022 Eloain Lovis H\u00fcbner \u2013 Nowy utw\u00f3r\n\u2022 Pawe\u0142 Malinowski \u2013 [tytu\u0142 nieznany]\nSp\u00f3\u0142dzielnia Muzyczna Contemporary Ensemble:\n\u2022 Paulina Wo\u015b \u2013 skrzypce\n\u2022 Barbara Mglej \u2013 skrzypce\n\u2022 Jakub Gucik \u2013 wiolonczela\n\u2022 Ma\u0142gorzata Mikulska \u2013 flety\n\u2022 Tomasz Sowa \u2013 klarnety\n\u2022 Krzysztof Gu\u0144ka \u2013 saksofony\n\u2022 Aleksander Wnuk \u2013 perkusja\n\u2022 Aleksandra P\u0142aczek \u2013 fortepian\nWi\u0119cej informacji o utworach znajdziesz w opisie na Facebooku i na stronie KMH.\nWst\u0119p darmowy!"},{"@type":"ImageObject","inLanguage":"pl-PL","@id":"https:\/\/instytutpolski.pl\/stockholm\/pl\/2025\/02\/28\/finalny-koncert-projektu-playground-w-krolewskiej-akademii-muzycznej-kmh-w-sztokholmie\/#primaryimage","url":"https:\/\/instytutpolski.pl\/stockholm\/wp-content\/uploads\/sites\/17\/2025\/02\/social-media_1920x1080_PLAYGROUND.png","contentUrl":"https:\/\/instytutpolski.pl\/stockholm\/wp-content\/uploads\/sites\/17\/2025\/02\/social-media_1920x1080_PLAYGROUND.png","width":1920,"height":1080},{"@type":"BreadcrumbList","@id":"https:\/\/instytutpolski.pl\/stockholm\/pl\/2025\/02\/28\/finalny-koncert-projektu-playground-w-krolewskiej-akademii-muzycznej-kmh-w-sztokholmie\/#breadcrumb","itemListElement":[{"@type":"ListItem","position":1,"name":"Home","item":"https:\/\/instytutpolski.pl\/stockholm\/"},{"@type":"ListItem","position":2,"name":"Finalny koncert projektu PLAYGROUND w Kr\u00f3lewskiej Akademii Muzycznej (KMH) w Sztokholmie"}]},{"@type":"WebSite","@id":"https:\/\/instytutpolski.pl\/stockholm\/#website","url":"https:\/\/instytutpolski.pl\/stockholm\/","name":"Instytut Polski w Sztokholmie","description":"Instytuty Polskie","potentialAction":[{"@type":"SearchAction","target":{"@type":"EntryPoint","urlTemplate":"https:\/\/instytutpolski.pl\/stockholm\/?s={search_term_string}"},"query-input":{"@type":"PropertyValueSpecification","valueRequired":true,"valueName":"search_term_string"}}],"inLanguage":"pl-PL"},{"@type":"Person","@id":"https:\/\/instytutpolski.pl\/stockholm\/#\/schema\/person\/866a2c0f4ccf0982a286809684f7bc1e","name":"treichelp","image":{"@type":"ImageObject","inLanguage":"pl-PL","@id":"https:\/\/instytutpolski.pl\/stockholm\/#\/schema\/person\/image\/","url":"https:\/\/secure.gravatar.com\/avatar\/fb2c1caae0df0854742a56fc463dd1fb?s=96&d=mm&r=g","contentUrl":"https:\/\/secure.gravatar.com\/avatar\/fb2c1caae0df0854742a56fc463dd1fb?s=96&d=mm&r=g","caption":"treichelp"},"url":"https:\/\/instytutpolski.pl\/stockholm\/author\/treichelp\/"}]}},"_links":{"self":[{"href":"https:\/\/instytutpolski.pl\/stockholm\/wp-json\/wp\/v2\/posts\/13719","targetHints":{"allow":["GET"]}}],"collection":[{"href":"https:\/\/instytutpolski.pl\/stockholm\/wp-json\/wp\/v2\/posts"}],"about":[{"href":"https:\/\/instytutpolski.pl\/stockholm\/wp-json\/wp\/v2\/types\/post"}],"author":[{"embeddable":true,"href":"https:\/\/instytutpolski.pl\/stockholm\/wp-json\/wp\/v2\/users\/173"}],"replies":[{"embeddable":true,"href":"https:\/\/instytutpolski.pl\/stockholm\/wp-json\/wp\/v2\/comments?post=13719"}],"version-history":[{"count":6,"href":"https:\/\/instytutpolski.pl\/stockholm\/wp-json\/wp\/v2\/posts\/13719\/revisions"}],"predecessor-version":[{"id":13726,"href":"https:\/\/instytutpolski.pl\/stockholm\/wp-json\/wp\/v2\/posts\/13719\/revisions\/13726"}],"wp:featuredmedia":[{"embeddable":true,"href":"https:\/\/instytutpolski.pl\/stockholm\/wp-json\/wp\/v2\/media\/13711"}],"wp:attachment":[{"href":"https:\/\/instytutpolski.pl\/stockholm\/wp-json\/wp\/v2\/media?parent=13719"}],"wp:term":[{"taxonomy":"category","embeddable":true,"href":"https:\/\/instytutpolski.pl\/stockholm\/wp-json\/wp\/v2\/categories?post=13719"},{"taxonomy":"post_tag","embeddable":true,"href":"https:\/\/instytutpolski.pl\/stockholm\/wp-json\/wp\/v2\/tags?post=13719"}],"curies":[{"name":"wp","href":"https:\/\/api.w.org\/{rel}","templated":true}]}}