{"id":13758,"date":"2025-03-17T12:22:39","date_gmt":"2025-03-17T11:22:39","guid":{"rendered":"https:\/\/instytutpolski.pl\/stockholm\/?p=13758"},"modified":"2025-04-02T09:11:44","modified_gmt":"2025-04-02T07:11:44","slug":"it-is-not-my-film","status":"publish","type":"post","link":"https:\/\/instytutpolski.pl\/stockholm\/2025\/03\/17\/it-is-not-my-film\/","title":{"rendered":"It is not my film av Maria Zb\u0105ska p\u00e5 Ny europeisk film"},"content":{"rendered":"\n<p>Wanda och Janek \u00e4lskar varandra, men kan inte st\u00e5 ut med varandra. Deras f\u00f6rh\u00e5llande befinner sig i konstant kris, som de flesta l\u00e5ngvariga f\u00f6rh\u00e5llanden. Det finns ingen speciell orsak, det handlar snarare om en blandning av vardag och tristess. En dag, n\u00e4r de tycks ha kommit till v\u00e4gs \u00e4nde, beslutar de sig f\u00f6r att ge sig ut p\u00e5 en fotvandring l\u00e4ngs polska \u00d6stersj\u00f6kusten. Reglerna \u00e4r str\u00e4nga \u2013 inga telefoner, inget gn\u00e4ll, bara vi tv\u00e5. Om de lyckas f\u00f6lja reglerna ska de forts\u00e4tta vara tillsammans f\u00f6r alltid, om inte ska de skiljas. Vi f\u00e5r f\u00f6lja med p\u00e5 deras lustiga, r\u00f6rande och ibland sp\u00e4nnande vinterresa l\u00e4ngs kusten.<\/p>\n\n\n<div class=\"wp-block-image\">\n<figure class=\"aligncenter size-large\"><img loading=\"lazy\" decoding=\"async\" width=\"724\" height=\"1024\" src=\"https:\/\/instytutpolski.pl\/stockholm\/wp-content\/uploads\/sites\/17\/2025\/03\/Zaproszenie-724x1024.png\" alt=\"\" class=\"wp-image-13765\" srcset=\"https:\/\/instytutpolski.pl\/stockholm\/wp-content\/uploads\/sites\/17\/2025\/03\/Zaproszenie-724x1024.png 724w, https:\/\/instytutpolski.pl\/stockholm\/wp-content\/uploads\/sites\/17\/2025\/03\/Zaproszenie-212x300.png 212w, https:\/\/instytutpolski.pl\/stockholm\/wp-content\/uploads\/sites\/17\/2025\/03\/Zaproszenie-768x1086.png 768w, https:\/\/instytutpolski.pl\/stockholm\/wp-content\/uploads\/sites\/17\/2025\/03\/Zaproszenie-1086x1536.png 1086w, https:\/\/instytutpolski.pl\/stockholm\/wp-content\/uploads\/sites\/17\/2025\/03\/Zaproszenie.png 1414w\" sizes=\"auto, (max-width: 724px) 100vw, 724px\" \/><\/figure><\/div>\n\n\n<p>Maria Zb\u0105ska har studerat vid Filmskolan i \u0141\u00f3d\u017a och Andrej Wajdas filmskola. Hon har regisserat fem kortfilmer, varav en fick pris p\u00e5 den polska Camerimagefestivalen. I m\u00e5nga \u00e5r har hon arbetat som pressfotograf. Hennes flerfaldigt prisbel\u00f6nade fotografier har visats p\u00e5 Nationella konsthallen Zach\u0119ta i Warszawa, pressfotofestivalen i Perpignan och i t\u00e4vlingen World Press Photo. Under de senaste tio \u00e5ren har hon regisserat drygt 300 reklamfilmer f\u00f6r polsk och internationell marknad. Henns film Brother Dog, producerad av Studio Munk och Studio Wajda, gjordes inom ramen f\u00f6r programmet &#8222;30 minuter&#8221;, som ger ekonomiskt st\u00f6d till debuterande regiss\u00f6rer. Den fick flera priser, bland annat f\u00f6r B\u00e4sta kortfilm p\u00e5 Festivalen f\u00f6r ung \u00f6steuropeisk film i Cottbus.<\/p>\n\n\n<div class=\"wp-block-image\">\n<figure class=\"aligncenter size-medium\"><img loading=\"lazy\" decoding=\"async\" width=\"283\" height=\"300\" src=\"https:\/\/instytutpolski.pl\/stockholm\/wp-content\/uploads\/sites\/17\/2025\/03\/Maria-Zbaska-283x300.jpg\" alt=\"\" class=\"wp-image-13762\" srcset=\"https:\/\/instytutpolski.pl\/stockholm\/wp-content\/uploads\/sites\/17\/2025\/03\/Maria-Zbaska-283x300.jpg 283w, https:\/\/instytutpolski.pl\/stockholm\/wp-content\/uploads\/sites\/17\/2025\/03\/Maria-Zbaska-768x813.jpg 768w, https:\/\/instytutpolski.pl\/stockholm\/wp-content\/uploads\/sites\/17\/2025\/03\/Maria-Zbaska.jpg 878w\" sizes=\"auto, (max-width: 283px) 100vw, 283px\" \/><\/figure><\/div>\n\n\n<p>Polsk titel: To nie m\u00f3j film <\/p>\n\n\n\n<p>Regi: Maria Zb\u0105ska <\/p>\n\n\n\n<p>Manus: Maria Zb\u0105ska <\/p>\n\n\n\n<p>L\u00e4ngd: 100 min <\/p>\n\n\n\n<p>Produktions\u00e5r: 2024, <\/p>\n\n\n\n<p>Polen P\u00e5 polska med engelsk text<\/p>\n\n\n\n<p>L\u00e4s mer om Ny europeisk film <a href=\"https:\/\/kulturhusetstadsteatern.se\/ny-europeisk-film-2025\">H\u00c4R<\/a><\/p>\n\n\n\n<p>Biljetter finns <a href=\"https:\/\/kulturhusetstadsteatern.se\/bio\/ny-europeisk-film-its-not-my-film-polen\">H\u00c4R<\/a><\/p>\n\n\n\n<figure class=\"wp-block-gallery has-nested-images columns-default is-cropped wp-block-gallery-1 is-layout-flex wp-block-gallery-is-layout-flex\">\n<figure class=\"wp-block-image size-large\"><img loading=\"lazy\" decoding=\"async\" width=\"1024\" height=\"552\" data-id=\"13759\" src=\"https:\/\/instytutpolski.pl\/stockholm\/wp-content\/uploads\/sites\/17\/2025\/03\/Its-Not-My-Film-1-1024x552.jpg\" alt=\"\" class=\"wp-image-13759\" srcset=\"https:\/\/instytutpolski.pl\/stockholm\/wp-content\/uploads\/sites\/17\/2025\/03\/Its-Not-My-Film-1-1024x552.jpg 1024w, https:\/\/instytutpolski.pl\/stockholm\/wp-content\/uploads\/sites\/17\/2025\/03\/Its-Not-My-Film-1-300x162.jpg 300w, https:\/\/instytutpolski.pl\/stockholm\/wp-content\/uploads\/sites\/17\/2025\/03\/Its-Not-My-Film-1-768x414.jpg 768w, https:\/\/instytutpolski.pl\/stockholm\/wp-content\/uploads\/sites\/17\/2025\/03\/Its-Not-My-Film-1-1536x828.jpg 1536w, https:\/\/instytutpolski.pl\/stockholm\/wp-content\/uploads\/sites\/17\/2025\/03\/Its-Not-My-Film-1-2048x1105.jpg 2048w\" sizes=\"auto, (max-width: 1024px) 100vw, 1024px\" \/><\/figure>\n\n\n\n<figure class=\"wp-block-image size-large\"><img loading=\"lazy\" decoding=\"async\" width=\"1024\" height=\"552\" data-id=\"13760\" src=\"https:\/\/instytutpolski.pl\/stockholm\/wp-content\/uploads\/sites\/17\/2025\/03\/Its-Not-My-Film-2-1024x552.jpg\" alt=\"\" class=\"wp-image-13760\" srcset=\"https:\/\/instytutpolski.pl\/stockholm\/wp-content\/uploads\/sites\/17\/2025\/03\/Its-Not-My-Film-2-1024x552.jpg 1024w, https:\/\/instytutpolski.pl\/stockholm\/wp-content\/uploads\/sites\/17\/2025\/03\/Its-Not-My-Film-2-300x162.jpg 300w, https:\/\/instytutpolski.pl\/stockholm\/wp-content\/uploads\/sites\/17\/2025\/03\/Its-Not-My-Film-2-768x414.jpg 768w, https:\/\/instytutpolski.pl\/stockholm\/wp-content\/uploads\/sites\/17\/2025\/03\/Its-Not-My-Film-2-1536x828.jpg 1536w, https:\/\/instytutpolski.pl\/stockholm\/wp-content\/uploads\/sites\/17\/2025\/03\/Its-Not-My-Film-2-2048x1105.jpg 2048w\" sizes=\"auto, (max-width: 1024px) 100vw, 1024px\" \/><\/figure>\n\n\n\n<figure class=\"wp-block-image size-large\"><img loading=\"lazy\" decoding=\"async\" width=\"1024\" height=\"552\" data-id=\"13761\" src=\"https:\/\/instytutpolski.pl\/stockholm\/wp-content\/uploads\/sites\/17\/2025\/03\/Its-Not-My-Film-4-1024x552.jpg\" alt=\"\" class=\"wp-image-13761\" srcset=\"https:\/\/instytutpolski.pl\/stockholm\/wp-content\/uploads\/sites\/17\/2025\/03\/Its-Not-My-Film-4-1024x552.jpg 1024w, https:\/\/instytutpolski.pl\/stockholm\/wp-content\/uploads\/sites\/17\/2025\/03\/Its-Not-My-Film-4-300x162.jpg 300w, https:\/\/instytutpolski.pl\/stockholm\/wp-content\/uploads\/sites\/17\/2025\/03\/Its-Not-My-Film-4-768x414.jpg 768w, https:\/\/instytutpolski.pl\/stockholm\/wp-content\/uploads\/sites\/17\/2025\/03\/Its-Not-My-Film-4-1536x828.jpg 1536w, https:\/\/instytutpolski.pl\/stockholm\/wp-content\/uploads\/sites\/17\/2025\/03\/Its-Not-My-Film-4-2048x1105.jpg 2048w\" sizes=\"auto, (max-width: 1024px) 100vw, 1024px\" \/><\/figure>\n<\/figure>\n\n\n\n<p>&#8222;Ny europeisk film&#8221; \u00e4r ett samarbetsprojekt mellan EUNIC (EU National Institutes for Culture) och Klarabiogafen p\u00e5 Kulturhuset Stadsteatern<\/p>\n","protected":false},"excerpt":{"rendered":"<p>Wanda och Janek \u00e4lskar varandra, men kan inte st\u00e5 ut med varandra. Deras f\u00f6rh\u00e5llande befinner sig i konstant kris, som de flesta l\u00e5ngvariga f\u00f6rh\u00e5llanden. Det finns ingen speciell orsak, det handlar snarare om en blandning av vardag och tristess. En dag, n\u00e4r de tycks ha kommit till v\u00e4gs \u00e4nde, beslutar de sig f\u00f6r att ge [&hellip;]<\/p>\n","protected":false},"author":173,"featured_media":13767,"comment_status":"closed","ping_status":"closed","sticky":false,"template":"","format":"standard","meta":{"inline_featured_image":false,"_monsterinsights_skip_tracking":false,"_monsterinsights_sitenote_active":false,"_monsterinsights_sitenote_note":"","_monsterinsights_sitenote_category":0,"footnotes":""},"categories":[12,95],"tags":[],"class_list":["post-13758","post","type-post","status-publish","format-standard","has-post-thumbnail","hentry","category-evenemang","category-film-evenemang"],"yoast_head":"<!-- This site is optimized with the Yoast SEO plugin v24.6 - https:\/\/yoast.com\/wordpress\/plugins\/seo\/ -->\n<title>It is not my film av Maria Zb\u0105ska p\u00e5 Ny europeisk film - Instytut Polski w Sztokholmie<\/title>\n<meta name=\"description\" content=\"&quot;Ny europeisk film&quot; \u00e4r tillbaka och presenterar n\u00e5gra av Europas mest lovande nya filmregiss\u00f6rer. 9 april kl 19.00 p\u00e5 Klarabiografen i Stockholm visas Maria Zb\u0105skas debutfilm It is not my film.\" \/>\n<meta name=\"robots\" content=\"index, follow, max-snippet:-1, max-image-preview:large, max-video-preview:-1\" \/>\n<link rel=\"canonical\" href=\"https:\/\/instytutpolski.pl\/stockholm\/2025\/03\/17\/it-is-not-my-film\/\" \/>\n<meta property=\"og:locale\" content=\"pl_PL\" \/>\n<meta property=\"og:type\" content=\"article\" \/>\n<meta property=\"og:title\" content=\"It is not my film av Maria Zb\u0105ska p\u00e5 Ny europeisk film - Instytut Polski w Sztokholmie\" \/>\n<meta property=\"og:description\" content=\"&quot;Ny europeisk film&quot; \u00e4r tillbaka och presenterar n\u00e5gra av Europas mest lovande nya filmregiss\u00f6rer. 9 april kl 19.00 p\u00e5 Klarabiografen i Stockholm visas Maria Zb\u0105skas debutfilm It is not my film.\" \/>\n<meta property=\"og:url\" content=\"https:\/\/instytutpolski.pl\/stockholm\/2025\/03\/17\/it-is-not-my-film\/\" \/>\n<meta property=\"og:site_name\" content=\"Instytut Polski w Sztokholmie\" \/>\n<meta property=\"article:published_time\" content=\"2025-03-17T11:22:39+00:00\" \/>\n<meta property=\"article:modified_time\" content=\"2025-04-02T07:11:44+00:00\" \/>\n<meta property=\"og:image\" content=\"https:\/\/instytutpolski.pl\/stockholm\/wp-content\/uploads\/sites\/17\/2025\/03\/POLAND-Its-not-my-film.png\" \/>\n\t<meta property=\"og:image:width\" content=\"1200\" \/>\n\t<meta property=\"og:image:height\" content=\"830\" \/>\n\t<meta property=\"og:image:type\" content=\"image\/png\" \/>\n<meta name=\"author\" content=\"treichelp\" \/>\n<meta name=\"twitter:card\" content=\"summary_large_image\" \/>\n<meta name=\"twitter:label1\" content=\"Napisane przez\" \/>\n\t<meta name=\"twitter:data1\" content=\"treichelp\" \/>\n\t<meta name=\"twitter:label2\" content=\"Szacowany czas czytania\" \/>\n\t<meta name=\"twitter:data2\" content=\"3 minuty\" \/>\n<script type=\"application\/ld+json\" class=\"yoast-schema-graph\">{\"@context\":\"https:\/\/schema.org\",\"@graph\":[{\"@type\":\"event\",\"@id\":\"https:\/\/instytutpolski.pl\/stockholm\/2025\/03\/17\/it-is-not-my-film\/\",\"url\":\"https:\/\/instytutpolski.pl\/stockholm\/2025\/03\/17\/it-is-not-my-film\/\",\"name\":\"It is not my film av Maria Zb\u0105ska p\u00e5 Ny europeisk film\",\"isPartOf\":{\"@id\":\"https:\/\/instytutpolski.pl\/stockholm\/#website\"},\"primaryImageOfPage\":{\"@id\":\"https:\/\/instytutpolski.pl\/stockholm\/2025\/03\/17\/it-is-not-my-film\/#primaryimage\"},\"image\":[\"https:\/\/instytutpolski.pl\/stockholm\/wp-content\/uploads\/sites\/17\/2025\/03\/POLAND-Its-not-my-film.png\",\"https:\/\/instytutpolski.pl\/stockholm\/wp-content\/uploads\/sites\/17\/2025\/03\/POLAND-Its-not-my-film-300x208.png\",\"https:\/\/instytutpolski.pl\/stockholm\/wp-content\/uploads\/sites\/17\/2025\/03\/POLAND-Its-not-my-film-1024x708.png\",\"https:\/\/instytutpolski.pl\/stockholm\/wp-content\/uploads\/sites\/17\/2025\/03\/POLAND-Its-not-my-film.png\"],\"thumbnailUrl\":\"https:\/\/instytutpolski.pl\/stockholm\/wp-content\/uploads\/sites\/17\/2025\/03\/POLAND-Its-not-my-film.png\",\"datePublished\":\"2025-03-17T11:22:39+02:00\",\"dateModified\":\"2025-04-02T07:11:44+02:00\",\"author\":{\"@id\":\"https:\/\/instytutpolski.pl\/stockholm\/#\/schema\/person\/866a2c0f4ccf0982a286809684f7bc1e\"},\"description\":\"Wanda och Janek \u00e4lskar varandra, men kan inte st\u00e5 ut med varandra. Deras f\u00f6rh\u00e5llande befinner sig i konstant kris, som de flesta l\u00e5ngvariga f\u00f6rh\u00e5llanden. Det finns ingen speciell orsak, det handlar snarare om en blandning av vardag och tristess. En dag, n\u00e4r de tycks ha kommit till v\u00e4gs \u00e4nde, beslutar de sig f\u00f6r att ge sig ut p\u00e5 en fotvandring l\u00e4ngs polska \u00d6stersj\u00f6kusten. Reglerna \u00e4r str\u00e4nga \u2013 inga telefoner, inget gn\u00e4ll, bara vi tv\u00e5. Om de lyckas f\u00f6lja reglerna ska de forts\u00e4tta vara tillsammans f\u00f6r alltid, om inte ska de skiljas. Vi f\u00e5r f\u00f6lja med p\u00e5 deras lustiga, r\u00f6rande och ibland sp\u00e4nnande vinterresa l\u00e4ngs kusten.\\nMaria Zb\u0105ska har studerat vid Filmskolan i \u0141\u00f3d\u017a och Andrej Wajdas filmskola. Hon har regisserat fem kortfilmer, varav en fick pris p\u00e5 den polska Camerimagefestivalen. I m\u00e5nga \u00e5r har hon arbetat som pressfotograf. Hennes flerfaldigt prisbel\u00f6nade fotografier har visats p\u00e5 Nationella konsthallen Zach\u0119ta i Warszawa, pressfotofestivalen i Perpignan och i t\u00e4vlingen World Press Photo. Under de senaste tio \u00e5ren har hon regisserat drygt 300 reklamfilmer f\u00f6r polsk och internationell marknad. Henns film Brother Dog, producerad av Studio Munk och Studio Wajda, gjordes inom ramen f\u00f6r programmet \\\"30 minuter\\\", som ger ekonomiskt st\u00f6d till debuterande regiss\u00f6rer. Den fick flera priser, bland annat f\u00f6r B\u00e4sta kortfilm p\u00e5 Festivalen f\u00f6r ung \u00f6steuropeisk film i Cottbus.\\nPolsk titel: To nie m\u00f3j film \\nRegi: Maria Zb\u0105ska \\nManus: Maria Zb\u0105ska \\nL\u00e4ngd: 100 min \\nProduktions\u00e5r: 2024, \\nPolen P\u00e5 polska med engelsk text\\nL\u00e4s mer om Ny europeisk film H\u00c4R\\nBiljetter finns H\u00c4R\\n\\\"Ny europeisk film\\\" \u00e4r ett samarbetsprojekt mellan EUNIC (EU National Institutes for Culture) och Klarabiogafen p\u00e5 Kulturhuset Stadsteatern\",\"breadcrumb\":{\"@id\":\"https:\/\/instytutpolski.pl\/stockholm\/2025\/03\/17\/it-is-not-my-film\/#breadcrumb\"},\"inLanguage\":\"pl-PL\",\"potentialAction\":[{\"@type\":\"ReadAction\",\"target\":[\"https:\/\/instytutpolski.pl\/stockholm\/2025\/03\/17\/it-is-not-my-film\/\"]}],\"@context\":\"https:\/\/schema.org\",\"startDate\":\"2025-04-09T07:00:00+02:00\",\"endDate\":\"2025-04-09T09:00:00+02:00\",\"eventStatus\":\"EventScheduled\",\"eventAttendanceMode\":\"OfflineEventAttendanceMode\",\"location\":{\"@type\":\"place\",\"name\":\"\",\"address\":\"\",\"geo\":{\"@type\":\"GeoCoordinates\",\"latitude\":\"\",\"longitude\":\"\"}}},{\"@type\":\"ImageObject\",\"inLanguage\":\"pl-PL\",\"@id\":\"https:\/\/instytutpolski.pl\/stockholm\/2025\/03\/17\/it-is-not-my-film\/#primaryimage\",\"url\":\"https:\/\/instytutpolski.pl\/stockholm\/wp-content\/uploads\/sites\/17\/2025\/03\/POLAND-Its-not-my-film.png\",\"contentUrl\":\"https:\/\/instytutpolski.pl\/stockholm\/wp-content\/uploads\/sites\/17\/2025\/03\/POLAND-Its-not-my-film.png\",\"width\":1200,\"height\":830},{\"@type\":\"BreadcrumbList\",\"@id\":\"https:\/\/instytutpolski.pl\/stockholm\/2025\/03\/17\/it-is-not-my-film\/#breadcrumb\",\"itemListElement\":[{\"@type\":\"ListItem\",\"position\":1,\"name\":\"Home\",\"item\":\"https:\/\/instytutpolski.pl\/stockholm\/\"},{\"@type\":\"ListItem\",\"position\":2,\"name\":\"It is not my film av Maria Zb\u0105ska p\u00e5 Ny europeisk film\"}]},{\"@type\":\"WebSite\",\"@id\":\"https:\/\/instytutpolski.pl\/stockholm\/#website\",\"url\":\"https:\/\/instytutpolski.pl\/stockholm\/\",\"name\":\"Instytut Polski w Sztokholmie\",\"description\":\"Instytuty Polskie\",\"potentialAction\":[{\"@type\":\"SearchAction\",\"target\":{\"@type\":\"EntryPoint\",\"urlTemplate\":\"https:\/\/instytutpolski.pl\/stockholm\/?s={search_term_string}\"},\"query-input\":{\"@type\":\"PropertyValueSpecification\",\"valueRequired\":true,\"valueName\":\"search_term_string\"}}],\"inLanguage\":\"pl-PL\"},{\"@type\":\"Person\",\"@id\":\"https:\/\/instytutpolski.pl\/stockholm\/#\/schema\/person\/866a2c0f4ccf0982a286809684f7bc1e\",\"name\":\"treichelp\",\"image\":{\"@type\":\"ImageObject\",\"inLanguage\":\"pl-PL\",\"@id\":\"https:\/\/instytutpolski.pl\/stockholm\/#\/schema\/person\/image\/\",\"url\":\"https:\/\/secure.gravatar.com\/avatar\/fb2c1caae0df0854742a56fc463dd1fb?s=96&d=mm&r=g\",\"contentUrl\":\"https:\/\/secure.gravatar.com\/avatar\/fb2c1caae0df0854742a56fc463dd1fb?s=96&d=mm&r=g\",\"caption\":\"treichelp\"},\"url\":\"https:\/\/instytutpolski.pl\/stockholm\/author\/treichelp\/\"}]}<\/script>\n<!-- \/ Yoast SEO plugin. -->","yoast_head_json":{"title":"It is not my film av Maria Zb\u0105ska p\u00e5 Ny europeisk film - Instytut Polski w Sztokholmie","description":"\"Ny europeisk film\" \u00e4r tillbaka och presenterar n\u00e5gra av Europas mest lovande nya filmregiss\u00f6rer. 9 april kl 19.00 p\u00e5 Klarabiografen i Stockholm visas Maria Zb\u0105skas debutfilm It is not my film.","robots":{"index":"index","follow":"follow","max-snippet":"max-snippet:-1","max-image-preview":"max-image-preview:large","max-video-preview":"max-video-preview:-1"},"canonical":"https:\/\/instytutpolski.pl\/stockholm\/2025\/03\/17\/it-is-not-my-film\/","og_locale":"pl_PL","og_type":"article","og_title":"It is not my film av Maria Zb\u0105ska p\u00e5 Ny europeisk film - Instytut Polski w Sztokholmie","og_description":"\"Ny europeisk film\" \u00e4r tillbaka och presenterar n\u00e5gra av Europas mest lovande nya filmregiss\u00f6rer. 9 april kl 19.00 p\u00e5 Klarabiografen i Stockholm visas Maria Zb\u0105skas debutfilm It is not my film.","og_url":"https:\/\/instytutpolski.pl\/stockholm\/2025\/03\/17\/it-is-not-my-film\/","og_site_name":"Instytut Polski w Sztokholmie","article_published_time":"2025-03-17T11:22:39+00:00","article_modified_time":"2025-04-02T07:11:44+00:00","og_image":[{"width":1200,"height":830,"url":"https:\/\/instytutpolski.pl\/stockholm\/wp-content\/uploads\/sites\/17\/2025\/03\/POLAND-Its-not-my-film.png","type":"image\/png"}],"author":"treichelp","twitter_card":"summary_large_image","twitter_misc":{"Napisane przez":"treichelp","Szacowany czas czytania":"3 minuty"},"schema":{"@context":"https:\/\/schema.org","@graph":[{"@type":"event","@id":"https:\/\/instytutpolski.pl\/stockholm\/2025\/03\/17\/it-is-not-my-film\/","url":"https:\/\/instytutpolski.pl\/stockholm\/2025\/03\/17\/it-is-not-my-film\/","name":"It is not my film av Maria Zb\u0105ska p\u00e5 Ny europeisk film","isPartOf":{"@id":"https:\/\/instytutpolski.pl\/stockholm\/#website"},"primaryImageOfPage":{"@id":"https:\/\/instytutpolski.pl\/stockholm\/2025\/03\/17\/it-is-not-my-film\/#primaryimage"},"image":["https:\/\/instytutpolski.pl\/stockholm\/wp-content\/uploads\/sites\/17\/2025\/03\/POLAND-Its-not-my-film.png","https:\/\/instytutpolski.pl\/stockholm\/wp-content\/uploads\/sites\/17\/2025\/03\/POLAND-Its-not-my-film-300x208.png","https:\/\/instytutpolski.pl\/stockholm\/wp-content\/uploads\/sites\/17\/2025\/03\/POLAND-Its-not-my-film-1024x708.png","https:\/\/instytutpolski.pl\/stockholm\/wp-content\/uploads\/sites\/17\/2025\/03\/POLAND-Its-not-my-film.png"],"thumbnailUrl":"https:\/\/instytutpolski.pl\/stockholm\/wp-content\/uploads\/sites\/17\/2025\/03\/POLAND-Its-not-my-film.png","datePublished":"2025-03-17T11:22:39+02:00","dateModified":"2025-04-02T07:11:44+02:00","author":{"@id":"https:\/\/instytutpolski.pl\/stockholm\/#\/schema\/person\/866a2c0f4ccf0982a286809684f7bc1e"},"description":"Wanda och Janek \u00e4lskar varandra, men kan inte st\u00e5 ut med varandra. Deras f\u00f6rh\u00e5llande befinner sig i konstant kris, som de flesta l\u00e5ngvariga f\u00f6rh\u00e5llanden. Det finns ingen speciell orsak, det handlar snarare om en blandning av vardag och tristess. En dag, n\u00e4r de tycks ha kommit till v\u00e4gs \u00e4nde, beslutar de sig f\u00f6r att ge sig ut p\u00e5 en fotvandring l\u00e4ngs polska \u00d6stersj\u00f6kusten. Reglerna \u00e4r str\u00e4nga \u2013 inga telefoner, inget gn\u00e4ll, bara vi tv\u00e5. Om de lyckas f\u00f6lja reglerna ska de forts\u00e4tta vara tillsammans f\u00f6r alltid, om inte ska de skiljas. Vi f\u00e5r f\u00f6lja med p\u00e5 deras lustiga, r\u00f6rande och ibland sp\u00e4nnande vinterresa l\u00e4ngs kusten.\nMaria Zb\u0105ska har studerat vid Filmskolan i \u0141\u00f3d\u017a och Andrej Wajdas filmskola. Hon har regisserat fem kortfilmer, varav en fick pris p\u00e5 den polska Camerimagefestivalen. I m\u00e5nga \u00e5r har hon arbetat som pressfotograf. Hennes flerfaldigt prisbel\u00f6nade fotografier har visats p\u00e5 Nationella konsthallen Zach\u0119ta i Warszawa, pressfotofestivalen i Perpignan och i t\u00e4vlingen World Press Photo. Under de senaste tio \u00e5ren har hon regisserat drygt 300 reklamfilmer f\u00f6r polsk och internationell marknad. Henns film Brother Dog, producerad av Studio Munk och Studio Wajda, gjordes inom ramen f\u00f6r programmet \"30 minuter\", som ger ekonomiskt st\u00f6d till debuterande regiss\u00f6rer. Den fick flera priser, bland annat f\u00f6r B\u00e4sta kortfilm p\u00e5 Festivalen f\u00f6r ung \u00f6steuropeisk film i Cottbus.\nPolsk titel: To nie m\u00f3j film \nRegi: Maria Zb\u0105ska \nManus: Maria Zb\u0105ska \nL\u00e4ngd: 100 min \nProduktions\u00e5r: 2024, \nPolen P\u00e5 polska med engelsk text\nL\u00e4s mer om Ny europeisk film H\u00c4R\nBiljetter finns H\u00c4R\n\"Ny europeisk film\" \u00e4r ett samarbetsprojekt mellan EUNIC (EU National Institutes for Culture) och Klarabiogafen p\u00e5 Kulturhuset Stadsteatern","breadcrumb":{"@id":"https:\/\/instytutpolski.pl\/stockholm\/2025\/03\/17\/it-is-not-my-film\/#breadcrumb"},"inLanguage":"pl-PL","potentialAction":[{"@type":"ReadAction","target":["https:\/\/instytutpolski.pl\/stockholm\/2025\/03\/17\/it-is-not-my-film\/"]}],"@context":"https:\/\/schema.org","startDate":"2025-04-09T07:00:00+02:00","endDate":"2025-04-09T09:00:00+02:00","eventStatus":"EventScheduled","eventAttendanceMode":"OfflineEventAttendanceMode","location":{"@type":"place","name":"","address":"","geo":{"@type":"GeoCoordinates","latitude":"","longitude":""}}},{"@type":"ImageObject","inLanguage":"pl-PL","@id":"https:\/\/instytutpolski.pl\/stockholm\/2025\/03\/17\/it-is-not-my-film\/#primaryimage","url":"https:\/\/instytutpolski.pl\/stockholm\/wp-content\/uploads\/sites\/17\/2025\/03\/POLAND-Its-not-my-film.png","contentUrl":"https:\/\/instytutpolski.pl\/stockholm\/wp-content\/uploads\/sites\/17\/2025\/03\/POLAND-Its-not-my-film.png","width":1200,"height":830},{"@type":"BreadcrumbList","@id":"https:\/\/instytutpolski.pl\/stockholm\/2025\/03\/17\/it-is-not-my-film\/#breadcrumb","itemListElement":[{"@type":"ListItem","position":1,"name":"Home","item":"https:\/\/instytutpolski.pl\/stockholm\/"},{"@type":"ListItem","position":2,"name":"It is not my film av Maria Zb\u0105ska p\u00e5 Ny europeisk film"}]},{"@type":"WebSite","@id":"https:\/\/instytutpolski.pl\/stockholm\/#website","url":"https:\/\/instytutpolski.pl\/stockholm\/","name":"Instytut Polski w Sztokholmie","description":"Instytuty Polskie","potentialAction":[{"@type":"SearchAction","target":{"@type":"EntryPoint","urlTemplate":"https:\/\/instytutpolski.pl\/stockholm\/?s={search_term_string}"},"query-input":{"@type":"PropertyValueSpecification","valueRequired":true,"valueName":"search_term_string"}}],"inLanguage":"pl-PL"},{"@type":"Person","@id":"https:\/\/instytutpolski.pl\/stockholm\/#\/schema\/person\/866a2c0f4ccf0982a286809684f7bc1e","name":"treichelp","image":{"@type":"ImageObject","inLanguage":"pl-PL","@id":"https:\/\/instytutpolski.pl\/stockholm\/#\/schema\/person\/image\/","url":"https:\/\/secure.gravatar.com\/avatar\/fb2c1caae0df0854742a56fc463dd1fb?s=96&d=mm&r=g","contentUrl":"https:\/\/secure.gravatar.com\/avatar\/fb2c1caae0df0854742a56fc463dd1fb?s=96&d=mm&r=g","caption":"treichelp"},"url":"https:\/\/instytutpolski.pl\/stockholm\/author\/treichelp\/"}]}},"_links":{"self":[{"href":"https:\/\/instytutpolski.pl\/stockholm\/wp-json\/wp\/v2\/posts\/13758","targetHints":{"allow":["GET"]}}],"collection":[{"href":"https:\/\/instytutpolski.pl\/stockholm\/wp-json\/wp\/v2\/posts"}],"about":[{"href":"https:\/\/instytutpolski.pl\/stockholm\/wp-json\/wp\/v2\/types\/post"}],"author":[{"embeddable":true,"href":"https:\/\/instytutpolski.pl\/stockholm\/wp-json\/wp\/v2\/users\/173"}],"replies":[{"embeddable":true,"href":"https:\/\/instytutpolski.pl\/stockholm\/wp-json\/wp\/v2\/comments?post=13758"}],"version-history":[{"count":6,"href":"https:\/\/instytutpolski.pl\/stockholm\/wp-json\/wp\/v2\/posts\/13758\/revisions"}],"predecessor-version":[{"id":13826,"href":"https:\/\/instytutpolski.pl\/stockholm\/wp-json\/wp\/v2\/posts\/13758\/revisions\/13826"}],"wp:featuredmedia":[{"embeddable":true,"href":"https:\/\/instytutpolski.pl\/stockholm\/wp-json\/wp\/v2\/media\/13767"}],"wp:attachment":[{"href":"https:\/\/instytutpolski.pl\/stockholm\/wp-json\/wp\/v2\/media?parent=13758"}],"wp:term":[{"taxonomy":"category","embeddable":true,"href":"https:\/\/instytutpolski.pl\/stockholm\/wp-json\/wp\/v2\/categories?post=13758"},{"taxonomy":"post_tag","embeddable":true,"href":"https:\/\/instytutpolski.pl\/stockholm\/wp-json\/wp\/v2\/tags?post=13758"}],"curies":[{"name":"wp","href":"https:\/\/api.w.org\/{rel}","templated":true}]}}