{"id":13785,"date":"2025-02-28T15:18:55","date_gmt":"2025-02-28T14:18:55","guid":{"rendered":"https:\/\/instytutpolski.pl\/stockholm\/?p=13785"},"modified":"2025-03-24T13:49:22","modified_gmt":"2025-03-24T12:49:22","slug":"lunch-z-literatura-przy-instalacji-de-aderton","status":"publish","type":"post","link":"https:\/\/instytutpolski.pl\/stockholm\/pl\/2025\/02\/28\/lunch-z-literatura-przy-instalacji-de-aderton\/","title":{"rendered":"Lunch z literatur\u0105 przy instalacji De Aderton"},"content":{"rendered":"\n<p>Teksty b\u0119d\u0105 odczytane zar\u00f3wno w j\u0119zyku szwedzkim, jak i w oryginalnych j\u0119zykach. Polskie teksty b\u0119d\u0105 odczytane przez aktora Michala Axela Piotrowskiego w zast\u0119pstwie za Dan\u0119 Rechowicz (polski) oraz aktork\u0119 Nathalie Czarnecki (szwedzki). Wydarzenie odb\u0119dzie si\u0119 przy instalacji De Aderton na Medborgarplatsen w Sztokholmie.<\/p>\n\n\n\n<p>Czytania przygotowane s\u0105 przez Elise Cervin (Tonrum) i organizowane we wsp\u00f3\u0142pracy z Instytutem Polskim, Korea\u0144skim Centrum Kultury, Administracj\u0105 Dzielnicy S\u00f6dermalm oraz <a href=\"https:\/\/biblioteket.stockholm.se\/evenemang\/hoglasning-med-de-aderton-1\" target=\"_blank\" rel=\"noreferrer noopener\">Bibliotek\u0105 Transtr\u00f6mera<\/a>.<\/p>\n\n\n\n<p>Kiedy: czwartek 27\/3 godz. 12:00<\/p>\n\n\n\n<p>Gdzie: Medborgarplatsen, przy instalacji De Aderton<\/p>\n","protected":false},"excerpt":{"rendered":"<p>Teksty b\u0119d\u0105 odczytane zar\u00f3wno w j\u0119zyku szwedzkim, jak i w oryginalnych j\u0119zykach. Polskie teksty b\u0119d\u0105 odczytane przez aktora Michala Axela Piotrowskiego w zast\u0119pstwie za Dan\u0119 Rechowicz (polski) oraz aktork\u0119 Nathalie Czarnecki (szwedzki). Wydarzenie odb\u0119dzie si\u0119 przy instalacji De Aderton na Medborgarplatsen w Sztokholmie. Czytania przygotowane s\u0105 przez Elise Cervin (Tonrum) i organizowane we wsp\u00f3\u0142pracy z [&hellip;]<\/p>\n","protected":false},"author":173,"featured_media":13782,"comment_status":"closed","ping_status":"closed","sticky":false,"template":"","format":"standard","meta":{"inline_featured_image":false,"_monsterinsights_skip_tracking":false,"_monsterinsights_sitenote_active":false,"_monsterinsights_sitenote_note":"","_monsterinsights_sitenote_category":0,"footnotes":""},"categories":[320,166,553,81,36],"tags":[],"class_list":["post-13785","post","type-post","status-publish","format-standard","has-post-thumbnail","hentry","category-artykuly-pl","category-design-wydarzenie","category-litteratur-pl","category-sztuki-wizualne","category-wydarzenie"],"yoast_head":"<!-- This site is optimized with the Yoast SEO plugin v24.6 - https:\/\/yoast.com\/wordpress\/plugins\/seo\/ -->\n<title>Lunch z literatur\u0105 przy instalacji De Aderton - Instytut Polski w Sztokholmie<\/title>\n<meta name=\"robots\" content=\"index, follow, max-snippet:-1, max-image-preview:large, max-video-preview:-1\" \/>\n<link rel=\"canonical\" href=\"https:\/\/instytutpolski.pl\/stockholm\/pl\/2025\/02\/28\/lunch-z-literatura-przy-instalacji-de-aderton\/\" \/>\n<meta property=\"og:locale\" content=\"pl_PL\" \/>\n<meta property=\"og:type\" content=\"article\" \/>\n<meta property=\"og:title\" content=\"Lunch z literatur\u0105 przy instalacji De Aderton - Instytut Polski w Sztokholmie\" \/>\n<meta property=\"og:description\" content=\"Teksty b\u0119d\u0105 odczytane zar\u00f3wno w j\u0119zyku szwedzkim, jak i w oryginalnych j\u0119zykach. Polskie teksty b\u0119d\u0105 odczytane przez aktora Michala Axela Piotrowskiego w zast\u0119pstwie za Dan\u0119 Rechowicz (polski) oraz aktork\u0119 Nathalie Czarnecki (szwedzki). Wydarzenie odb\u0119dzie si\u0119 przy instalacji De Aderton na Medborgarplatsen w Sztokholmie. Czytania przygotowane s\u0105 przez Elise Cervin (Tonrum) i organizowane we wsp\u00f3\u0142pracy z [&hellip;]\" \/>\n<meta property=\"og:url\" content=\"https:\/\/instytutpolski.pl\/stockholm\/pl\/2025\/02\/28\/lunch-z-literatura-przy-instalacji-de-aderton\/\" \/>\n<meta property=\"og:site_name\" content=\"Instytut Polski w Sztokholmie\" \/>\n<meta property=\"article:published_time\" content=\"2025-02-28T14:18:55+00:00\" \/>\n<meta property=\"article:modified_time\" content=\"2025-03-24T12:49:22+00:00\" \/>\n<meta property=\"og:image\" content=\"https:\/\/instytutpolski.pl\/stockholm\/wp-content\/uploads\/sites\/17\/2025\/03\/DeAdertonMedis_Hemsida.jpg\" \/>\n\t<meta property=\"og:image:width\" content=\"1120\" \/>\n\t<meta property=\"og:image:height\" content=\"630\" \/>\n\t<meta property=\"og:image:type\" content=\"image\/jpeg\" \/>\n<meta name=\"author\" content=\"treichelp\" \/>\n<meta name=\"twitter:card\" content=\"summary_large_image\" \/>\n<meta name=\"twitter:label1\" content=\"Napisane przez\" \/>\n\t<meta name=\"twitter:data1\" content=\"treichelp\" \/>\n\t<meta name=\"twitter:label2\" content=\"Szacowany czas czytania\" \/>\n\t<meta name=\"twitter:data2\" content=\"1 minuta\" \/>\n<script type=\"application\/ld+json\" class=\"yoast-schema-graph\">{\"@context\":\"https:\/\/schema.org\",\"@graph\":[{\"@type\":\"event\",\"@id\":\"https:\/\/instytutpolski.pl\/stockholm\/pl\/2025\/02\/28\/lunch-z-literatura-przy-instalacji-de-aderton\/\",\"url\":\"https:\/\/instytutpolski.pl\/stockholm\/pl\/2025\/02\/28\/lunch-z-literatura-przy-instalacji-de-aderton\/\",\"name\":\"Lunch z literatur\u0105 przy instalacji De Aderton\",\"isPartOf\":{\"@id\":\"https:\/\/instytutpolski.pl\/stockholm\/#website\"},\"primaryImageOfPage\":{\"@id\":\"https:\/\/instytutpolski.pl\/stockholm\/pl\/2025\/02\/28\/lunch-z-literatura-przy-instalacji-de-aderton\/#primaryimage\"},\"image\":[\"https:\/\/instytutpolski.pl\/stockholm\/wp-content\/uploads\/sites\/17\/2025\/03\/DeAdertonMedis_Hemsida.jpg\",\"https:\/\/instytutpolski.pl\/stockholm\/wp-content\/uploads\/sites\/17\/2025\/03\/DeAdertonMedis_Hemsida-300x169.jpg\",\"https:\/\/instytutpolski.pl\/stockholm\/wp-content\/uploads\/sites\/17\/2025\/03\/DeAdertonMedis_Hemsida-1024x576.jpg\",\"https:\/\/instytutpolski.pl\/stockholm\/wp-content\/uploads\/sites\/17\/2025\/03\/DeAdertonMedis_Hemsida.jpg\"],\"thumbnailUrl\":\"https:\/\/instytutpolski.pl\/stockholm\/wp-content\/uploads\/sites\/17\/2025\/03\/DeAdertonMedis_Hemsida.jpg\",\"datePublished\":\"2025-02-28T14:18:55+02:00\",\"dateModified\":\"2025-03-24T12:49:22+02:00\",\"author\":{\"@id\":\"https:\/\/instytutpolski.pl\/stockholm\/#\/schema\/person\/866a2c0f4ccf0982a286809684f7bc1e\"},\"breadcrumb\":{\"@id\":\"https:\/\/instytutpolski.pl\/stockholm\/pl\/2025\/02\/28\/lunch-z-literatura-przy-instalacji-de-aderton\/#breadcrumb\"},\"inLanguage\":\"pl-PL\",\"potentialAction\":[{\"@type\":\"ReadAction\",\"target\":[\"https:\/\/instytutpolski.pl\/stockholm\/pl\/2025\/02\/28\/lunch-z-literatura-przy-instalacji-de-aderton\/\"]}],\"@context\":\"https:\/\/schema.org\",\"startDate\":\"2025-03-27T12:00:00+02:00\",\"endDate\":\"2025-03-27T12:45:00+02:00\",\"eventStatus\":\"EventScheduled\",\"eventAttendanceMode\":\"OfflineEventAttendanceMode\",\"location\":{\"@type\":\"place\",\"name\":\"Medborgarplatsen, vid konstverket De Aderton\",\"address\":\"Medborgarplatsen, vid konstverket De Aderton\",\"geo\":{\"@type\":\"GeoCoordinates\",\"latitude\":\"59.26313454059522\",\"longitude\":\"18.170866882537002\"}},\"description\":\"Teksty b\u0119d\u0105 odczytane zar\u00f3wno w j\u0119zyku szwedzkim, jak i w oryginalnych j\u0119zykach. Polskie teksty b\u0119d\u0105 odczytane przez aktora Michala Axela Piotrowskiego w zast\u0119pstwie za Dan\u0119 Rechowicz (polski) oraz aktork\u0119 Nathalie Czarnecki (szwedzki). Wydarzenie odb\u0119dzie si\u0119 przy instalacji De Aderton na Medborgarplatsen w Sztokholmie.\\nCzytania przygotowane s\u0105 przez Elise Cervin (Tonrum) i organizowane we wsp\u00f3\u0142pracy z Instytutem Polskim, Korea\u0144skim Centrum Kultury, Administracj\u0105 Dzielnicy S\u00f6dermalm oraz Bibliotek\u0105 Transtr\u00f6mera.\\nKiedy: czwartek 27\/3 godz. 12:00\\nGdzie: Medborgarplatsen, przy instalacji De Aderton\"},{\"@type\":\"ImageObject\",\"inLanguage\":\"pl-PL\",\"@id\":\"https:\/\/instytutpolski.pl\/stockholm\/pl\/2025\/02\/28\/lunch-z-literatura-przy-instalacji-de-aderton\/#primaryimage\",\"url\":\"https:\/\/instytutpolski.pl\/stockholm\/wp-content\/uploads\/sites\/17\/2025\/03\/DeAdertonMedis_Hemsida.jpg\",\"contentUrl\":\"https:\/\/instytutpolski.pl\/stockholm\/wp-content\/uploads\/sites\/17\/2025\/03\/DeAdertonMedis_Hemsida.jpg\",\"width\":1120,\"height\":630},{\"@type\":\"BreadcrumbList\",\"@id\":\"https:\/\/instytutpolski.pl\/stockholm\/pl\/2025\/02\/28\/lunch-z-literatura-przy-instalacji-de-aderton\/#breadcrumb\",\"itemListElement\":[{\"@type\":\"ListItem\",\"position\":1,\"name\":\"Home\",\"item\":\"https:\/\/instytutpolski.pl\/stockholm\/\"},{\"@type\":\"ListItem\",\"position\":2,\"name\":\"Lunch z literatur\u0105 przy instalacji De Aderton\"}]},{\"@type\":\"WebSite\",\"@id\":\"https:\/\/instytutpolski.pl\/stockholm\/#website\",\"url\":\"https:\/\/instytutpolski.pl\/stockholm\/\",\"name\":\"Instytut Polski w Sztokholmie\",\"description\":\"Instytuty Polskie\",\"potentialAction\":[{\"@type\":\"SearchAction\",\"target\":{\"@type\":\"EntryPoint\",\"urlTemplate\":\"https:\/\/instytutpolski.pl\/stockholm\/?s={search_term_string}\"},\"query-input\":{\"@type\":\"PropertyValueSpecification\",\"valueRequired\":true,\"valueName\":\"search_term_string\"}}],\"inLanguage\":\"pl-PL\"},{\"@type\":\"Person\",\"@id\":\"https:\/\/instytutpolski.pl\/stockholm\/#\/schema\/person\/866a2c0f4ccf0982a286809684f7bc1e\",\"name\":\"treichelp\",\"image\":{\"@type\":\"ImageObject\",\"inLanguage\":\"pl-PL\",\"@id\":\"https:\/\/instytutpolski.pl\/stockholm\/#\/schema\/person\/image\/\",\"url\":\"https:\/\/secure.gravatar.com\/avatar\/fb2c1caae0df0854742a56fc463dd1fb?s=96&d=mm&r=g\",\"contentUrl\":\"https:\/\/secure.gravatar.com\/avatar\/fb2c1caae0df0854742a56fc463dd1fb?s=96&d=mm&r=g\",\"caption\":\"treichelp\"},\"url\":\"https:\/\/instytutpolski.pl\/stockholm\/author\/treichelp\/\"}]}<\/script>\n<!-- \/ Yoast SEO plugin. -->","yoast_head_json":{"title":"Lunch z literatur\u0105 przy instalacji De Aderton - Instytut Polski w Sztokholmie","robots":{"index":"index","follow":"follow","max-snippet":"max-snippet:-1","max-image-preview":"max-image-preview:large","max-video-preview":"max-video-preview:-1"},"canonical":"https:\/\/instytutpolski.pl\/stockholm\/pl\/2025\/02\/28\/lunch-z-literatura-przy-instalacji-de-aderton\/","og_locale":"pl_PL","og_type":"article","og_title":"Lunch z literatur\u0105 przy instalacji De Aderton - Instytut Polski w Sztokholmie","og_description":"Teksty b\u0119d\u0105 odczytane zar\u00f3wno w j\u0119zyku szwedzkim, jak i w oryginalnych j\u0119zykach. Polskie teksty b\u0119d\u0105 odczytane przez aktora Michala Axela Piotrowskiego w zast\u0119pstwie za Dan\u0119 Rechowicz (polski) oraz aktork\u0119 Nathalie Czarnecki (szwedzki). Wydarzenie odb\u0119dzie si\u0119 przy instalacji De Aderton na Medborgarplatsen w Sztokholmie. Czytania przygotowane s\u0105 przez Elise Cervin (Tonrum) i organizowane we wsp\u00f3\u0142pracy z [&hellip;]","og_url":"https:\/\/instytutpolski.pl\/stockholm\/pl\/2025\/02\/28\/lunch-z-literatura-przy-instalacji-de-aderton\/","og_site_name":"Instytut Polski w Sztokholmie","article_published_time":"2025-02-28T14:18:55+00:00","article_modified_time":"2025-03-24T12:49:22+00:00","og_image":[{"width":1120,"height":630,"url":"https:\/\/instytutpolski.pl\/stockholm\/wp-content\/uploads\/sites\/17\/2025\/03\/DeAdertonMedis_Hemsida.jpg","type":"image\/jpeg"}],"author":"treichelp","twitter_card":"summary_large_image","twitter_misc":{"Napisane przez":"treichelp","Szacowany czas czytania":"1 minuta"},"schema":{"@context":"https:\/\/schema.org","@graph":[{"@type":"event","@id":"https:\/\/instytutpolski.pl\/stockholm\/pl\/2025\/02\/28\/lunch-z-literatura-przy-instalacji-de-aderton\/","url":"https:\/\/instytutpolski.pl\/stockholm\/pl\/2025\/02\/28\/lunch-z-literatura-przy-instalacji-de-aderton\/","name":"Lunch z literatur\u0105 przy instalacji De Aderton","isPartOf":{"@id":"https:\/\/instytutpolski.pl\/stockholm\/#website"},"primaryImageOfPage":{"@id":"https:\/\/instytutpolski.pl\/stockholm\/pl\/2025\/02\/28\/lunch-z-literatura-przy-instalacji-de-aderton\/#primaryimage"},"image":["https:\/\/instytutpolski.pl\/stockholm\/wp-content\/uploads\/sites\/17\/2025\/03\/DeAdertonMedis_Hemsida.jpg","https:\/\/instytutpolski.pl\/stockholm\/wp-content\/uploads\/sites\/17\/2025\/03\/DeAdertonMedis_Hemsida-300x169.jpg","https:\/\/instytutpolski.pl\/stockholm\/wp-content\/uploads\/sites\/17\/2025\/03\/DeAdertonMedis_Hemsida-1024x576.jpg","https:\/\/instytutpolski.pl\/stockholm\/wp-content\/uploads\/sites\/17\/2025\/03\/DeAdertonMedis_Hemsida.jpg"],"thumbnailUrl":"https:\/\/instytutpolski.pl\/stockholm\/wp-content\/uploads\/sites\/17\/2025\/03\/DeAdertonMedis_Hemsida.jpg","datePublished":"2025-02-28T14:18:55+02:00","dateModified":"2025-03-24T12:49:22+02:00","author":{"@id":"https:\/\/instytutpolski.pl\/stockholm\/#\/schema\/person\/866a2c0f4ccf0982a286809684f7bc1e"},"breadcrumb":{"@id":"https:\/\/instytutpolski.pl\/stockholm\/pl\/2025\/02\/28\/lunch-z-literatura-przy-instalacji-de-aderton\/#breadcrumb"},"inLanguage":"pl-PL","potentialAction":[{"@type":"ReadAction","target":["https:\/\/instytutpolski.pl\/stockholm\/pl\/2025\/02\/28\/lunch-z-literatura-przy-instalacji-de-aderton\/"]}],"@context":"https:\/\/schema.org","startDate":"2025-03-27T12:00:00+02:00","endDate":"2025-03-27T12:45:00+02:00","eventStatus":"EventScheduled","eventAttendanceMode":"OfflineEventAttendanceMode","location":{"@type":"place","name":"Medborgarplatsen, vid konstverket De Aderton","address":"Medborgarplatsen, vid konstverket De Aderton","geo":{"@type":"GeoCoordinates","latitude":"59.26313454059522","longitude":"18.170866882537002"}},"description":"Teksty b\u0119d\u0105 odczytane zar\u00f3wno w j\u0119zyku szwedzkim, jak i w oryginalnych j\u0119zykach. Polskie teksty b\u0119d\u0105 odczytane przez aktora Michala Axela Piotrowskiego w zast\u0119pstwie za Dan\u0119 Rechowicz (polski) oraz aktork\u0119 Nathalie Czarnecki (szwedzki). Wydarzenie odb\u0119dzie si\u0119 przy instalacji De Aderton na Medborgarplatsen w Sztokholmie.\nCzytania przygotowane s\u0105 przez Elise Cervin (Tonrum) i organizowane we wsp\u00f3\u0142pracy z Instytutem Polskim, Korea\u0144skim Centrum Kultury, Administracj\u0105 Dzielnicy S\u00f6dermalm oraz Bibliotek\u0105 Transtr\u00f6mera.\nKiedy: czwartek 27\/3 godz. 12:00\nGdzie: Medborgarplatsen, przy instalacji De Aderton"},{"@type":"ImageObject","inLanguage":"pl-PL","@id":"https:\/\/instytutpolski.pl\/stockholm\/pl\/2025\/02\/28\/lunch-z-literatura-przy-instalacji-de-aderton\/#primaryimage","url":"https:\/\/instytutpolski.pl\/stockholm\/wp-content\/uploads\/sites\/17\/2025\/03\/DeAdertonMedis_Hemsida.jpg","contentUrl":"https:\/\/instytutpolski.pl\/stockholm\/wp-content\/uploads\/sites\/17\/2025\/03\/DeAdertonMedis_Hemsida.jpg","width":1120,"height":630},{"@type":"BreadcrumbList","@id":"https:\/\/instytutpolski.pl\/stockholm\/pl\/2025\/02\/28\/lunch-z-literatura-przy-instalacji-de-aderton\/#breadcrumb","itemListElement":[{"@type":"ListItem","position":1,"name":"Home","item":"https:\/\/instytutpolski.pl\/stockholm\/"},{"@type":"ListItem","position":2,"name":"Lunch z literatur\u0105 przy instalacji De Aderton"}]},{"@type":"WebSite","@id":"https:\/\/instytutpolski.pl\/stockholm\/#website","url":"https:\/\/instytutpolski.pl\/stockholm\/","name":"Instytut Polski w Sztokholmie","description":"Instytuty Polskie","potentialAction":[{"@type":"SearchAction","target":{"@type":"EntryPoint","urlTemplate":"https:\/\/instytutpolski.pl\/stockholm\/?s={search_term_string}"},"query-input":{"@type":"PropertyValueSpecification","valueRequired":true,"valueName":"search_term_string"}}],"inLanguage":"pl-PL"},{"@type":"Person","@id":"https:\/\/instytutpolski.pl\/stockholm\/#\/schema\/person\/866a2c0f4ccf0982a286809684f7bc1e","name":"treichelp","image":{"@type":"ImageObject","inLanguage":"pl-PL","@id":"https:\/\/instytutpolski.pl\/stockholm\/#\/schema\/person\/image\/","url":"https:\/\/secure.gravatar.com\/avatar\/fb2c1caae0df0854742a56fc463dd1fb?s=96&d=mm&r=g","contentUrl":"https:\/\/secure.gravatar.com\/avatar\/fb2c1caae0df0854742a56fc463dd1fb?s=96&d=mm&r=g","caption":"treichelp"},"url":"https:\/\/instytutpolski.pl\/stockholm\/author\/treichelp\/"}]}},"_links":{"self":[{"href":"https:\/\/instytutpolski.pl\/stockholm\/wp-json\/wp\/v2\/posts\/13785","targetHints":{"allow":["GET"]}}],"collection":[{"href":"https:\/\/instytutpolski.pl\/stockholm\/wp-json\/wp\/v2\/posts"}],"about":[{"href":"https:\/\/instytutpolski.pl\/stockholm\/wp-json\/wp\/v2\/types\/post"}],"author":[{"embeddable":true,"href":"https:\/\/instytutpolski.pl\/stockholm\/wp-json\/wp\/v2\/users\/173"}],"replies":[{"embeddable":true,"href":"https:\/\/instytutpolski.pl\/stockholm\/wp-json\/wp\/v2\/comments?post=13785"}],"version-history":[{"count":5,"href":"https:\/\/instytutpolski.pl\/stockholm\/wp-json\/wp\/v2\/posts\/13785\/revisions"}],"predecessor-version":[{"id":13794,"href":"https:\/\/instytutpolski.pl\/stockholm\/wp-json\/wp\/v2\/posts\/13785\/revisions\/13794"}],"wp:featuredmedia":[{"embeddable":true,"href":"https:\/\/instytutpolski.pl\/stockholm\/wp-json\/wp\/v2\/media\/13782"}],"wp:attachment":[{"href":"https:\/\/instytutpolski.pl\/stockholm\/wp-json\/wp\/v2\/media?parent=13785"}],"wp:term":[{"taxonomy":"category","embeddable":true,"href":"https:\/\/instytutpolski.pl\/stockholm\/wp-json\/wp\/v2\/categories?post=13785"},{"taxonomy":"post_tag","embeddable":true,"href":"https:\/\/instytutpolski.pl\/stockholm\/wp-json\/wp\/v2\/tags?post=13785"}],"curies":[{"name":"wp","href":"https:\/\/api.w.org\/{rel}","templated":true}]}}