{"id":1380,"date":"2019-07-10T18:02:13","date_gmt":"2019-07-10T16:02:13","guid":{"rendered":"https:\/\/instytutpolski.pl\/stockholm\/?p=1380"},"modified":"2019-10-30T18:06:50","modified_gmt":"2019-10-30T17:06:50","slug":"polen-15-ar-i-europeiska-unionen-en-utstallning-med-anledning-av-femtonarsjubileet-av-polens-eu-medlemskap","status":"publish","type":"post","link":"https:\/\/instytutpolski.pl\/stockholm\/2019\/07\/10\/polen-15-ar-i-europeiska-unionen-en-utstallning-med-anledning-av-femtonarsjubileet-av-polens-eu-medlemskap\/","title":{"rendered":"Polen 15 \u00e5r i Europeiska unionen &#8211; en utst\u00e4llning med anledning av femton\u00e5rsjubileet av Polens EU-medlemskap"},"content":{"rendered":"\n<div class=\"field\">\n<p>En viktig del av utst\u00e4llningen \u00e4r att visa p\u00e5 de positiva f\u00f6r\u00e4ndringar som har skett sedan 2004 n\u00e4r Polen gick med i unionen. De exempel p\u00e5 modern arkitektur, stadsf\u00f6rnyelse och kulturella framsteg som presenteras p\u00e5 utst\u00e4llningen blev i stor utstr\u00e4ckning m\u00f6jliga tack vare effektiv anv\u00e4ndning av EU-fonderna.<br><br>Europa \u00e4r en plats d\u00e4r polacker har bott i \u00f6ver 1000 \u00e5r. Det \u00e4r en plats d\u00e4r de bildat familj, d\u00e4r de arbetat och utvecklat en gemenskap som erbjuder m\u00e5nga m\u00f6jligheter till ett gott liv.<\/p>\n<p>Se hur Polen har f\u00f6r\u00e4ndrats tack vare EU-intr\u00e4det f\u00f6r 15 \u00e5r sedan!<\/p>\n<p>Vernissage: torsdag 11 juli kl 17.00-18.00. Vi ber dig bekr\u00e4fta din medverkan p\u00e5 adress osa@polskainstitutet.se senast 10 juli.<\/p>\n<p>Utst\u00e4llningen \u00e4r \u00f6ppen p\u00e5 Polska institutet, Mosebacke torg 4, fram till 29 augusti 2019, m\u00e5ndag-fredag kl 11.00-15.00.<\/p>\n<p>&nbsp;<\/p>\n<p><img loading=\"lazy\" decoding=\"async\" src=\"https:\/\/www.polskainstitutet.se\/repository\/Post 2_logotyp.png\" alt=\"\" width=\"300\" height=\"307\"><\/p>\n<\/div>\n<div class=\"newsBottom\">\n<div class=\"clear\">&nbsp;<\/div>\n<\/div>\n","protected":false},"excerpt":{"rendered":"<p>En viktig del av utst\u00e4llningen \u00e4r att visa p\u00e5 de positiva f\u00f6r\u00e4ndringar som har skett sedan 2004 n\u00e4r Polen gick med i unionen. De exempel p\u00e5 modern arkitektur, stadsf\u00f6rnyelse och kulturella framsteg som presenteras p\u00e5 utst\u00e4llningen blev i stor utstr\u00e4ckning m\u00f6jliga tack vare effektiv anv\u00e4ndning av EU-fonderna. Europa \u00e4r en plats d\u00e4r polacker har bott [&hellip;]<\/p>\n","protected":false},"author":29,"featured_media":1381,"comment_status":"open","ping_status":"open","sticky":false,"template":"","format":"standard","meta":{"inline_featured_image":false,"_monsterinsights_skip_tracking":false,"_monsterinsights_sitenote_active":false,"_monsterinsights_sitenote_note":"","_monsterinsights_sitenote_category":0,"footnotes":""},"categories":[12,111],"tags":[],"class_list":["post-1380","post","type-post","status-publish","format-standard","has-post-thumbnail","hentry","category-evenemang","category-historia-se"],"yoast_head":"<!-- This site is optimized with the Yoast SEO plugin v24.6 - https:\/\/yoast.com\/wordpress\/plugins\/seo\/ -->\n<title>Polen 15 \u00e5r i Europeiska unionen - en utst\u00e4llning med anledning av femton\u00e5rsjubileet av Polens EU-medlemskap - Instytut Polski w Sztokholmie<\/title>\n<meta name=\"robots\" content=\"index, follow, max-snippet:-1, max-image-preview:large, max-video-preview:-1\" \/>\n<link rel=\"canonical\" href=\"https:\/\/instytutpolski.pl\/stockholm\/2019\/07\/10\/polen-15-ar-i-europeiska-unionen-en-utstallning-med-anledning-av-femtonarsjubileet-av-polens-eu-medlemskap\/\" \/>\n<meta property=\"og:locale\" content=\"pl_PL\" \/>\n<meta property=\"og:type\" content=\"article\" \/>\n<meta property=\"og:title\" content=\"Polen 15 \u00e5r i Europeiska unionen - en utst\u00e4llning med anledning av femton\u00e5rsjubileet av Polens EU-medlemskap - Instytut Polski w Sztokholmie\" \/>\n<meta property=\"og:description\" content=\"En viktig del av utst\u00e4llningen \u00e4r att visa p\u00e5 de positiva f\u00f6r\u00e4ndringar som har skett sedan 2004 n\u00e4r Polen gick med i unionen. De exempel p\u00e5 modern arkitektur, stadsf\u00f6rnyelse och kulturella framsteg som presenteras p\u00e5 utst\u00e4llningen blev i stor utstr\u00e4ckning m\u00f6jliga tack vare effektiv anv\u00e4ndning av EU-fonderna. Europa \u00e4r en plats d\u00e4r polacker har bott [&hellip;]\" \/>\n<meta property=\"og:url\" content=\"https:\/\/instytutpolski.pl\/stockholm\/2019\/07\/10\/polen-15-ar-i-europeiska-unionen-en-utstallning-med-anledning-av-femtonarsjubileet-av-polens-eu-medlemskap\/\" \/>\n<meta property=\"og:site_name\" content=\"Instytut Polski w Sztokholmie\" \/>\n<meta property=\"article:published_time\" content=\"2019-07-10T16:02:13+00:00\" \/>\n<meta property=\"article:modified_time\" content=\"2019-10-30T17:06:50+00:00\" \/>\n<meta property=\"og:image\" content=\"https:\/\/instytutpolski.pl\/stockholm\/wp-content\/uploads\/sites\/17\/2019\/10\/15-lat-PL-w-EU.jpg\" \/>\n\t<meta property=\"og:image:width\" content=\"1083\" \/>\n\t<meta property=\"og:image:height\" content=\"609\" \/>\n\t<meta property=\"og:image:type\" content=\"image\/jpeg\" \/>\n<meta name=\"author\" content=\"strozniake\" \/>\n<meta name=\"twitter:card\" content=\"summary_large_image\" \/>\n<meta name=\"twitter:label1\" content=\"Napisane przez\" \/>\n\t<meta name=\"twitter:data1\" content=\"strozniake\" \/>\n\t<meta name=\"twitter:label2\" content=\"Szacowany czas czytania\" \/>\n\t<meta name=\"twitter:data2\" content=\"1 minuta\" \/>\n<script type=\"application\/ld+json\" class=\"yoast-schema-graph\">{\"@context\":\"https:\/\/schema.org\",\"@graph\":[{\"@type\":\"event\",\"@id\":\"https:\/\/instytutpolski.pl\/stockholm\/2019\/07\/10\/polen-15-ar-i-europeiska-unionen-en-utstallning-med-anledning-av-femtonarsjubileet-av-polens-eu-medlemskap\/\",\"url\":\"https:\/\/instytutpolski.pl\/stockholm\/2019\/07\/10\/polen-15-ar-i-europeiska-unionen-en-utstallning-med-anledning-av-femtonarsjubileet-av-polens-eu-medlemskap\/\",\"name\":\"Polen 15 \u00e5r i Europeiska unionen - en utst\u00e4llning med anledning av femton\u00e5rsjubileet av Polens EU-medlemskap\",\"isPartOf\":{\"@id\":\"https:\/\/instytutpolski.pl\/stockholm\/#website\"},\"primaryImageOfPage\":{\"@id\":\"https:\/\/instytutpolski.pl\/stockholm\/2019\/07\/10\/polen-15-ar-i-europeiska-unionen-en-utstallning-med-anledning-av-femtonarsjubileet-av-polens-eu-medlemskap\/#primaryimage\"},\"image\":[\"https:\/\/instytutpolski.pl\/stockholm\/wp-content\/uploads\/sites\/17\/2019\/10\/15-lat-PL-w-EU.jpg\",\"https:\/\/instytutpolski.pl\/stockholm\/wp-content\/uploads\/sites\/17\/2019\/10\/15-lat-PL-w-EU-300x169.jpg\",\"https:\/\/instytutpolski.pl\/stockholm\/wp-content\/uploads\/sites\/17\/2019\/10\/15-lat-PL-w-EU-1024x576.jpg\",\"https:\/\/instytutpolski.pl\/stockholm\/wp-content\/uploads\/sites\/17\/2019\/10\/15-lat-PL-w-EU.jpg\"],\"thumbnailUrl\":\"https:\/\/instytutpolski.pl\/stockholm\/wp-content\/uploads\/sites\/17\/2019\/10\/15-lat-PL-w-EU.jpg\",\"datePublished\":\"2019-07-10T16:02:13+02:00\",\"dateModified\":\"2019-10-30T17:06:50+02:00\",\"author\":{\"@id\":\"https:\/\/instytutpolski.pl\/stockholm\/#\/schema\/person\/062b5a5f61f32b17c98996975db8d556\"},\"breadcrumb\":{\"@id\":\"https:\/\/instytutpolski.pl\/stockholm\/2019\/07\/10\/polen-15-ar-i-europeiska-unionen-en-utstallning-med-anledning-av-femtonarsjubileet-av-polens-eu-medlemskap\/#breadcrumb\"},\"inLanguage\":\"pl-PL\",\"potentialAction\":[{\"@type\":\"ReadAction\",\"target\":[\"https:\/\/instytutpolski.pl\/stockholm\/2019\/07\/10\/polen-15-ar-i-europeiska-unionen-en-utstallning-med-anledning-av-femtonarsjubileet-av-polens-eu-medlemskap\/\"]}],\"@context\":\"https:\/\/schema.org\",\"startDate\":\"2019-07-11\",\"endDate\":\"2019-08-29\",\"eventStatus\":\"EventScheduled\",\"eventAttendanceMode\":\"OfflineEventAttendanceMode\",\"location\":{\"@type\":\"place\",\"name\":\"Polska institutet, Mosebacke torg 4, Stockholm\",\"address\":\"Polska institutet, Mosebacke torg 4, Stockholm\",\"geo\":{\"@type\":\"GeoCoordinates\",\"latitude\":\"59.32083776913598\",\"longitude\":\"18.075236214705487\"}},\"description\":\"En viktig del av utst\u00e4llningen \u00e4r att visa p\u00e5 de positiva f\u00f6r\u00e4ndringar som har skett sedan 2004 n\u00e4r Polen gick med i unionen. De exempel p\u00e5 modern arkitektur, stadsf\u00f6rnyelse och kulturella framsteg som presenteras p\u00e5 utst\u00e4llningen blev i stor utstr\u00e4ckning m\u00f6jliga tack vare effektiv anv\u00e4ndning av EU-fonderna.Europa \u00e4r en plats d\u00e4r polacker har bott i \u00f6ver 1000 \u00e5r. Det \u00e4r en plats d\u00e4r de bildat familj, d\u00e4r de arbetat och utvecklat en gemenskap som erbjuder m\u00e5nga m\u00f6jligheter till ett gott liv.\\nSe hur Polen har f\u00f6r\u00e4ndrats tack vare EU-intr\u00e4det f\u00f6r 15 \u00e5r sedan!\\nVernissage: torsdag 11 juli kl 17.00-18.00. Vi ber dig bekr\u00e4fta din medverkan p\u00e5 adress osa@polskainstitutet.se senast 10 juli.\\nUtst\u00e4llningen \u00e4r \u00f6ppen p\u00e5 Polska institutet, Mosebacke torg 4, fram till 29 augusti 2019, m\u00e5ndag-fredag kl 11.00-15.00.\\n \\n \"},{\"@type\":\"ImageObject\",\"inLanguage\":\"pl-PL\",\"@id\":\"https:\/\/instytutpolski.pl\/stockholm\/2019\/07\/10\/polen-15-ar-i-europeiska-unionen-en-utstallning-med-anledning-av-femtonarsjubileet-av-polens-eu-medlemskap\/#primaryimage\",\"url\":\"https:\/\/instytutpolski.pl\/stockholm\/wp-content\/uploads\/sites\/17\/2019\/10\/15-lat-PL-w-EU.jpg\",\"contentUrl\":\"https:\/\/instytutpolski.pl\/stockholm\/wp-content\/uploads\/sites\/17\/2019\/10\/15-lat-PL-w-EU.jpg\",\"width\":1083,\"height\":609},{\"@type\":\"BreadcrumbList\",\"@id\":\"https:\/\/instytutpolski.pl\/stockholm\/2019\/07\/10\/polen-15-ar-i-europeiska-unionen-en-utstallning-med-anledning-av-femtonarsjubileet-av-polens-eu-medlemskap\/#breadcrumb\",\"itemListElement\":[{\"@type\":\"ListItem\",\"position\":1,\"name\":\"Home\",\"item\":\"https:\/\/instytutpolski.pl\/stockholm\/\"},{\"@type\":\"ListItem\",\"position\":2,\"name\":\"Polen 15 \u00e5r i Europeiska unionen &#8211; en utst\u00e4llning med anledning av femton\u00e5rsjubileet av Polens EU-medlemskap\"}]},{\"@type\":\"WebSite\",\"@id\":\"https:\/\/instytutpolski.pl\/stockholm\/#website\",\"url\":\"https:\/\/instytutpolski.pl\/stockholm\/\",\"name\":\"Instytut Polski w Sztokholmie\",\"description\":\"Instytuty Polskie\",\"potentialAction\":[{\"@type\":\"SearchAction\",\"target\":{\"@type\":\"EntryPoint\",\"urlTemplate\":\"https:\/\/instytutpolski.pl\/stockholm\/?s={search_term_string}\"},\"query-input\":{\"@type\":\"PropertyValueSpecification\",\"valueRequired\":true,\"valueName\":\"search_term_string\"}}],\"inLanguage\":\"pl-PL\"},{\"@type\":\"Person\",\"@id\":\"https:\/\/instytutpolski.pl\/stockholm\/#\/schema\/person\/062b5a5f61f32b17c98996975db8d556\",\"name\":\"strozniake\",\"image\":{\"@type\":\"ImageObject\",\"inLanguage\":\"pl-PL\",\"@id\":\"https:\/\/instytutpolski.pl\/stockholm\/#\/schema\/person\/image\/\",\"url\":\"https:\/\/secure.gravatar.com\/avatar\/25e0be9897787f9035155a882fde97cc?s=96&d=mm&r=g\",\"contentUrl\":\"https:\/\/secure.gravatar.com\/avatar\/25e0be9897787f9035155a882fde97cc?s=96&d=mm&r=g\",\"caption\":\"strozniake\"},\"sameAs\":[\"http:\/\/strozniake\"],\"url\":\"https:\/\/instytutpolski.pl\/stockholm\/author\/strozniake\/\"}]}<\/script>\n<!-- \/ Yoast SEO plugin. -->","yoast_head_json":{"title":"Polen 15 \u00e5r i Europeiska unionen - en utst\u00e4llning med anledning av femton\u00e5rsjubileet av Polens EU-medlemskap - Instytut Polski w Sztokholmie","robots":{"index":"index","follow":"follow","max-snippet":"max-snippet:-1","max-image-preview":"max-image-preview:large","max-video-preview":"max-video-preview:-1"},"canonical":"https:\/\/instytutpolski.pl\/stockholm\/2019\/07\/10\/polen-15-ar-i-europeiska-unionen-en-utstallning-med-anledning-av-femtonarsjubileet-av-polens-eu-medlemskap\/","og_locale":"pl_PL","og_type":"article","og_title":"Polen 15 \u00e5r i Europeiska unionen - en utst\u00e4llning med anledning av femton\u00e5rsjubileet av Polens EU-medlemskap - Instytut Polski w Sztokholmie","og_description":"En viktig del av utst\u00e4llningen \u00e4r att visa p\u00e5 de positiva f\u00f6r\u00e4ndringar som har skett sedan 2004 n\u00e4r Polen gick med i unionen. De exempel p\u00e5 modern arkitektur, stadsf\u00f6rnyelse och kulturella framsteg som presenteras p\u00e5 utst\u00e4llningen blev i stor utstr\u00e4ckning m\u00f6jliga tack vare effektiv anv\u00e4ndning av EU-fonderna. Europa \u00e4r en plats d\u00e4r polacker har bott [&hellip;]","og_url":"https:\/\/instytutpolski.pl\/stockholm\/2019\/07\/10\/polen-15-ar-i-europeiska-unionen-en-utstallning-med-anledning-av-femtonarsjubileet-av-polens-eu-medlemskap\/","og_site_name":"Instytut Polski w Sztokholmie","article_published_time":"2019-07-10T16:02:13+00:00","article_modified_time":"2019-10-30T17:06:50+00:00","og_image":[{"width":1083,"height":609,"url":"https:\/\/instytutpolski.pl\/stockholm\/wp-content\/uploads\/sites\/17\/2019\/10\/15-lat-PL-w-EU.jpg","type":"image\/jpeg"}],"author":"strozniake","twitter_card":"summary_large_image","twitter_misc":{"Napisane przez":"strozniake","Szacowany czas czytania":"1 minuta"},"schema":{"@context":"https:\/\/schema.org","@graph":[{"@type":"event","@id":"https:\/\/instytutpolski.pl\/stockholm\/2019\/07\/10\/polen-15-ar-i-europeiska-unionen-en-utstallning-med-anledning-av-femtonarsjubileet-av-polens-eu-medlemskap\/","url":"https:\/\/instytutpolski.pl\/stockholm\/2019\/07\/10\/polen-15-ar-i-europeiska-unionen-en-utstallning-med-anledning-av-femtonarsjubileet-av-polens-eu-medlemskap\/","name":"Polen 15 \u00e5r i Europeiska unionen - en utst\u00e4llning med anledning av femton\u00e5rsjubileet av Polens EU-medlemskap","isPartOf":{"@id":"https:\/\/instytutpolski.pl\/stockholm\/#website"},"primaryImageOfPage":{"@id":"https:\/\/instytutpolski.pl\/stockholm\/2019\/07\/10\/polen-15-ar-i-europeiska-unionen-en-utstallning-med-anledning-av-femtonarsjubileet-av-polens-eu-medlemskap\/#primaryimage"},"image":["https:\/\/instytutpolski.pl\/stockholm\/wp-content\/uploads\/sites\/17\/2019\/10\/15-lat-PL-w-EU.jpg","https:\/\/instytutpolski.pl\/stockholm\/wp-content\/uploads\/sites\/17\/2019\/10\/15-lat-PL-w-EU-300x169.jpg","https:\/\/instytutpolski.pl\/stockholm\/wp-content\/uploads\/sites\/17\/2019\/10\/15-lat-PL-w-EU-1024x576.jpg","https:\/\/instytutpolski.pl\/stockholm\/wp-content\/uploads\/sites\/17\/2019\/10\/15-lat-PL-w-EU.jpg"],"thumbnailUrl":"https:\/\/instytutpolski.pl\/stockholm\/wp-content\/uploads\/sites\/17\/2019\/10\/15-lat-PL-w-EU.jpg","datePublished":"2019-07-10T16:02:13+02:00","dateModified":"2019-10-30T17:06:50+02:00","author":{"@id":"https:\/\/instytutpolski.pl\/stockholm\/#\/schema\/person\/062b5a5f61f32b17c98996975db8d556"},"breadcrumb":{"@id":"https:\/\/instytutpolski.pl\/stockholm\/2019\/07\/10\/polen-15-ar-i-europeiska-unionen-en-utstallning-med-anledning-av-femtonarsjubileet-av-polens-eu-medlemskap\/#breadcrumb"},"inLanguage":"pl-PL","potentialAction":[{"@type":"ReadAction","target":["https:\/\/instytutpolski.pl\/stockholm\/2019\/07\/10\/polen-15-ar-i-europeiska-unionen-en-utstallning-med-anledning-av-femtonarsjubileet-av-polens-eu-medlemskap\/"]}],"@context":"https:\/\/schema.org","startDate":"2019-07-11","endDate":"2019-08-29","eventStatus":"EventScheduled","eventAttendanceMode":"OfflineEventAttendanceMode","location":{"@type":"place","name":"Polska institutet, Mosebacke torg 4, Stockholm","address":"Polska institutet, Mosebacke torg 4, Stockholm","geo":{"@type":"GeoCoordinates","latitude":"59.32083776913598","longitude":"18.075236214705487"}},"description":"En viktig del av utst\u00e4llningen \u00e4r att visa p\u00e5 de positiva f\u00f6r\u00e4ndringar som har skett sedan 2004 n\u00e4r Polen gick med i unionen. De exempel p\u00e5 modern arkitektur, stadsf\u00f6rnyelse och kulturella framsteg som presenteras p\u00e5 utst\u00e4llningen blev i stor utstr\u00e4ckning m\u00f6jliga tack vare effektiv anv\u00e4ndning av EU-fonderna.Europa \u00e4r en plats d\u00e4r polacker har bott i \u00f6ver 1000 \u00e5r. Det \u00e4r en plats d\u00e4r de bildat familj, d\u00e4r de arbetat och utvecklat en gemenskap som erbjuder m\u00e5nga m\u00f6jligheter till ett gott liv.\nSe hur Polen har f\u00f6r\u00e4ndrats tack vare EU-intr\u00e4det f\u00f6r 15 \u00e5r sedan!\nVernissage: torsdag 11 juli kl 17.00-18.00. Vi ber dig bekr\u00e4fta din medverkan p\u00e5 adress osa@polskainstitutet.se senast 10 juli.\nUtst\u00e4llningen \u00e4r \u00f6ppen p\u00e5 Polska institutet, Mosebacke torg 4, fram till 29 augusti 2019, m\u00e5ndag-fredag kl 11.00-15.00.\n \n "},{"@type":"ImageObject","inLanguage":"pl-PL","@id":"https:\/\/instytutpolski.pl\/stockholm\/2019\/07\/10\/polen-15-ar-i-europeiska-unionen-en-utstallning-med-anledning-av-femtonarsjubileet-av-polens-eu-medlemskap\/#primaryimage","url":"https:\/\/instytutpolski.pl\/stockholm\/wp-content\/uploads\/sites\/17\/2019\/10\/15-lat-PL-w-EU.jpg","contentUrl":"https:\/\/instytutpolski.pl\/stockholm\/wp-content\/uploads\/sites\/17\/2019\/10\/15-lat-PL-w-EU.jpg","width":1083,"height":609},{"@type":"BreadcrumbList","@id":"https:\/\/instytutpolski.pl\/stockholm\/2019\/07\/10\/polen-15-ar-i-europeiska-unionen-en-utstallning-med-anledning-av-femtonarsjubileet-av-polens-eu-medlemskap\/#breadcrumb","itemListElement":[{"@type":"ListItem","position":1,"name":"Home","item":"https:\/\/instytutpolski.pl\/stockholm\/"},{"@type":"ListItem","position":2,"name":"Polen 15 \u00e5r i Europeiska unionen &#8211; en utst\u00e4llning med anledning av femton\u00e5rsjubileet av Polens EU-medlemskap"}]},{"@type":"WebSite","@id":"https:\/\/instytutpolski.pl\/stockholm\/#website","url":"https:\/\/instytutpolski.pl\/stockholm\/","name":"Instytut Polski w Sztokholmie","description":"Instytuty Polskie","potentialAction":[{"@type":"SearchAction","target":{"@type":"EntryPoint","urlTemplate":"https:\/\/instytutpolski.pl\/stockholm\/?s={search_term_string}"},"query-input":{"@type":"PropertyValueSpecification","valueRequired":true,"valueName":"search_term_string"}}],"inLanguage":"pl-PL"},{"@type":"Person","@id":"https:\/\/instytutpolski.pl\/stockholm\/#\/schema\/person\/062b5a5f61f32b17c98996975db8d556","name":"strozniake","image":{"@type":"ImageObject","inLanguage":"pl-PL","@id":"https:\/\/instytutpolski.pl\/stockholm\/#\/schema\/person\/image\/","url":"https:\/\/secure.gravatar.com\/avatar\/25e0be9897787f9035155a882fde97cc?s=96&d=mm&r=g","contentUrl":"https:\/\/secure.gravatar.com\/avatar\/25e0be9897787f9035155a882fde97cc?s=96&d=mm&r=g","caption":"strozniake"},"sameAs":["http:\/\/strozniake"],"url":"https:\/\/instytutpolski.pl\/stockholm\/author\/strozniake\/"}]}},"_links":{"self":[{"href":"https:\/\/instytutpolski.pl\/stockholm\/wp-json\/wp\/v2\/posts\/1380","targetHints":{"allow":["GET"]}}],"collection":[{"href":"https:\/\/instytutpolski.pl\/stockholm\/wp-json\/wp\/v2\/posts"}],"about":[{"href":"https:\/\/instytutpolski.pl\/stockholm\/wp-json\/wp\/v2\/types\/post"}],"author":[{"embeddable":true,"href":"https:\/\/instytutpolski.pl\/stockholm\/wp-json\/wp\/v2\/users\/29"}],"replies":[{"embeddable":true,"href":"https:\/\/instytutpolski.pl\/stockholm\/wp-json\/wp\/v2\/comments?post=1380"}],"version-history":[{"count":3,"href":"https:\/\/instytutpolski.pl\/stockholm\/wp-json\/wp\/v2\/posts\/1380\/revisions"}],"predecessor-version":[{"id":1387,"href":"https:\/\/instytutpolski.pl\/stockholm\/wp-json\/wp\/v2\/posts\/1380\/revisions\/1387"}],"wp:featuredmedia":[{"embeddable":true,"href":"https:\/\/instytutpolski.pl\/stockholm\/wp-json\/wp\/v2\/media\/1381"}],"wp:attachment":[{"href":"https:\/\/instytutpolski.pl\/stockholm\/wp-json\/wp\/v2\/media?parent=1380"}],"wp:term":[{"taxonomy":"category","embeddable":true,"href":"https:\/\/instytutpolski.pl\/stockholm\/wp-json\/wp\/v2\/categories?post=1380"},{"taxonomy":"post_tag","embeddable":true,"href":"https:\/\/instytutpolski.pl\/stockholm\/wp-json\/wp\/v2\/tags?post=1380"}],"curies":[{"name":"wp","href":"https:\/\/api.w.org\/{rel}","templated":true}]}}