{"id":1384,"date":"2019-07-10T18:02:13","date_gmt":"2019-07-10T16:02:13","guid":{"rendered":"https:\/\/instytutpolski.pl\/stockholm\/?p=1384"},"modified":"2019-10-30T18:06:02","modified_gmt":"2019-10-30T17:06:02","slug":"15-lat-pl-w-ue-wystawa-w-ramach-obchodow-15-rocznicy-czlonkostwa-polski-w-unii-europejskiej","status":"publish","type":"post","link":"https:\/\/instytutpolski.pl\/stockholm\/pl\/2019\/07\/10\/15-lat-pl-w-ue-wystawa-w-ramach-obchodow-15-rocznicy-czlonkostwa-polski-w-unii-europejskiej\/","title":{"rendered":"\u201e15 lat PL w UE\u201d &#8211; wystawa w ramach obchod\u00f3w 15 rocznicy cz\u0142onkostwa Polski w Unii Europejskiej"},"content":{"rendered":"\n<div class=\"field\">\n<p>Wa\u017cnym elementem wystawy jest ukazanie pozytywnych zmian, kt\u00f3re zasz\u0142y w Polsce od czasu przyst\u0105pienia do Unii. Zaprezentowane na wystawie przyk\u0142ady: nowoczesnej architektury, rewitalizacji miast, infrastruktury transportowej oraz sportowej, a tak\u017ce zmian w polityce kulturalnej by\u0142y mo\u017cliwe w du\u017cej mierze dzi\u0119ki otrzymanym funduszom unijnym i ich efektywnemu wykorzystaniu.<br \/>\u00a0<br \/>Europa to miejsce, do kt\u00f3rego spo\u0142ecze\u0144stwo polskie przynale\u017cy od ponad 1000 lat. To miejsce, gdzie Polacy zak\u0142adaj\u0105 rodziny, pracuj\u0105, rozwijaj\u0105 si\u0119; to wsp\u00f3lnota, kt\u00f3ra daje wiele mo\u017cliwo\u015bci i kt\u00f3rej nale\u017cy da\u0107 z siebie to, co najlepsze.<br \/>\u00a0<br \/>Zobacz, jak Polska si\u0119 zmieni\u0142a dzi\u0119ki cz\u0142onkostwu w Unii!<\/p>\n<p><span class=\"tlid-translation translation\" lang=\"pl\"><br \/>Wernisa\u017c: czwartek 11 lipca o godz. 17.00-18.00. Prosimy o potwierdzenie swojego uczestnictwa na adres osa@polskainstitutet.se najp\u00f3\u017aniej do 10 lipca.<br \/><br \/>Wystawa jest otwarta dla zwiedzaj\u0105cych <\/span><span class=\"tlid-translation translation\" lang=\"pl\">do 29 sierpnia 2019 r., od poniedzia\u0142ku do pi\u0105tku w godz. 11.00-15.00.<\/span><\/p>\n<p>\u00a0<\/p>\n<p><span class=\"tlid-translation translation\" lang=\"pl\"><img loading=\"lazy\" decoding=\"async\" src=\"https:\/\/www.polskainstitutet.se\/repository\/Post 2_logotyp.png\" alt=\"\" width=\"300\" height=\"307\" \/><br \/><\/span><\/p>\n<\/div>\n<div class=\"newsBottom\">\n<div class=\"share\">\u00a0<\/div>\n<\/div>\n","protected":false},"excerpt":{"rendered":"<p>Wa\u017cnym elementem wystawy jest ukazanie pozytywnych zmian, kt\u00f3re zasz\u0142y w Polsce od czasu przyst\u0105pienia do Unii. Zaprezentowane na wystawie przyk\u0142ady: nowoczesnej architektury, rewitalizacji miast, infrastruktury transportowej oraz sportowej, a tak\u017ce zmian w polityce kulturalnej by\u0142y mo\u017cliwe w du\u017cej mierze dzi\u0119ki otrzymanym funduszom unijnym i ich efektywnemu wykorzystaniu.\u00a0Europa to miejsce, do kt\u00f3rego spo\u0142ecze\u0144stwo polskie przynale\u017cy od [&hellip;]<\/p>\n","protected":false},"author":29,"featured_media":1381,"comment_status":"open","ping_status":"open","sticky":false,"template":"","format":"standard","meta":{"inline_featured_image":false,"_monsterinsights_skip_tracking":false,"_monsterinsights_sitenote_active":false,"_monsterinsights_sitenote_note":"","_monsterinsights_sitenote_category":0,"footnotes":""},"categories":[113,36],"tags":[],"class_list":["post-1384","post","type-post","status-publish","format-standard","has-post-thumbnail","hentry","category-historia","category-wydarzenie"],"yoast_head":"<!-- This site is optimized with the Yoast SEO plugin v24.6 - https:\/\/yoast.com\/wordpress\/plugins\/seo\/ -->\n<title>\u201e15 lat PL w UE\u201d - wystawa w ramach obchod\u00f3w 15 rocznicy cz\u0142onkostwa Polski w Unii Europejskiej - Instytut Polski w Sztokholmie<\/title>\n<meta name=\"robots\" content=\"index, follow, max-snippet:-1, max-image-preview:large, max-video-preview:-1\" \/>\n<link rel=\"canonical\" href=\"https:\/\/instytutpolski.pl\/stockholm\/pl\/2019\/07\/10\/15-lat-pl-w-ue-wystawa-w-ramach-obchodow-15-rocznicy-czlonkostwa-polski-w-unii-europejskiej\/\" \/>\n<meta property=\"og:locale\" content=\"pl_PL\" \/>\n<meta property=\"og:type\" content=\"article\" \/>\n<meta property=\"og:title\" content=\"\u201e15 lat PL w UE\u201d - wystawa w ramach obchod\u00f3w 15 rocznicy cz\u0142onkostwa Polski w Unii Europejskiej - Instytut Polski w Sztokholmie\" \/>\n<meta property=\"og:description\" content=\"Wa\u017cnym elementem wystawy jest ukazanie pozytywnych zmian, kt\u00f3re zasz\u0142y w Polsce od czasu przyst\u0105pienia do Unii. Zaprezentowane na wystawie przyk\u0142ady: nowoczesnej architektury, rewitalizacji miast, infrastruktury transportowej oraz sportowej, a tak\u017ce zmian w polityce kulturalnej by\u0142y mo\u017cliwe w du\u017cej mierze dzi\u0119ki otrzymanym funduszom unijnym i ich efektywnemu wykorzystaniu.\u00a0Europa to miejsce, do kt\u00f3rego spo\u0142ecze\u0144stwo polskie przynale\u017cy od [&hellip;]\" \/>\n<meta property=\"og:url\" content=\"https:\/\/instytutpolski.pl\/stockholm\/pl\/2019\/07\/10\/15-lat-pl-w-ue-wystawa-w-ramach-obchodow-15-rocznicy-czlonkostwa-polski-w-unii-europejskiej\/\" \/>\n<meta property=\"og:site_name\" content=\"Instytut Polski w Sztokholmie\" \/>\n<meta property=\"article:published_time\" content=\"2019-07-10T16:02:13+00:00\" \/>\n<meta property=\"article:modified_time\" content=\"2019-10-30T17:06:02+00:00\" \/>\n<meta property=\"og:image\" content=\"https:\/\/instytutpolski.pl\/stockholm\/wp-content\/uploads\/sites\/17\/2019\/10\/15-lat-PL-w-EU.jpg\" \/>\n\t<meta property=\"og:image:width\" content=\"1083\" \/>\n\t<meta property=\"og:image:height\" content=\"609\" \/>\n\t<meta property=\"og:image:type\" content=\"image\/jpeg\" \/>\n<meta name=\"author\" content=\"strozniake\" \/>\n<meta name=\"twitter:card\" content=\"summary_large_image\" \/>\n<meta name=\"twitter:label1\" content=\"Napisane przez\" \/>\n\t<meta name=\"twitter:data1\" content=\"strozniake\" \/>\n\t<meta name=\"twitter:label2\" content=\"Szacowany czas czytania\" \/>\n\t<meta name=\"twitter:data2\" content=\"1 minuta\" \/>\n<script type=\"application\/ld+json\" class=\"yoast-schema-graph\">{\"@context\":\"https:\/\/schema.org\",\"@graph\":[{\"@type\":\"event\",\"@id\":\"https:\/\/instytutpolski.pl\/stockholm\/pl\/2019\/07\/10\/15-lat-pl-w-ue-wystawa-w-ramach-obchodow-15-rocznicy-czlonkostwa-polski-w-unii-europejskiej\/\",\"url\":\"https:\/\/instytutpolski.pl\/stockholm\/pl\/2019\/07\/10\/15-lat-pl-w-ue-wystawa-w-ramach-obchodow-15-rocznicy-czlonkostwa-polski-w-unii-europejskiej\/\",\"name\":\"\u201e15 lat PL w UE\u201d - wystawa w ramach obchod\u00f3w 15 rocznicy cz\u0142onkostwa Polski w Unii Europejskiej\",\"isPartOf\":{\"@id\":\"https:\/\/instytutpolski.pl\/stockholm\/#website\"},\"primaryImageOfPage\":{\"@id\":\"https:\/\/instytutpolski.pl\/stockholm\/pl\/2019\/07\/10\/15-lat-pl-w-ue-wystawa-w-ramach-obchodow-15-rocznicy-czlonkostwa-polski-w-unii-europejskiej\/#primaryimage\"},\"image\":[\"https:\/\/instytutpolski.pl\/stockholm\/wp-content\/uploads\/sites\/17\/2019\/10\/15-lat-PL-w-EU.jpg\",\"https:\/\/instytutpolski.pl\/stockholm\/wp-content\/uploads\/sites\/17\/2019\/10\/15-lat-PL-w-EU-300x169.jpg\",\"https:\/\/instytutpolski.pl\/stockholm\/wp-content\/uploads\/sites\/17\/2019\/10\/15-lat-PL-w-EU-1024x576.jpg\",\"https:\/\/instytutpolski.pl\/stockholm\/wp-content\/uploads\/sites\/17\/2019\/10\/15-lat-PL-w-EU.jpg\"],\"thumbnailUrl\":\"https:\/\/instytutpolski.pl\/stockholm\/wp-content\/uploads\/sites\/17\/2019\/10\/15-lat-PL-w-EU.jpg\",\"datePublished\":\"2019-07-10T16:02:13+02:00\",\"dateModified\":\"2019-10-30T17:06:02+02:00\",\"author\":{\"@id\":\"https:\/\/instytutpolski.pl\/stockholm\/#\/schema\/person\/062b5a5f61f32b17c98996975db8d556\"},\"breadcrumb\":{\"@id\":\"https:\/\/instytutpolski.pl\/stockholm\/pl\/2019\/07\/10\/15-lat-pl-w-ue-wystawa-w-ramach-obchodow-15-rocznicy-czlonkostwa-polski-w-unii-europejskiej\/#breadcrumb\"},\"inLanguage\":\"pl-PL\",\"potentialAction\":[{\"@type\":\"ReadAction\",\"target\":[\"https:\/\/instytutpolski.pl\/stockholm\/pl\/2019\/07\/10\/15-lat-pl-w-ue-wystawa-w-ramach-obchodow-15-rocznicy-czlonkostwa-polski-w-unii-europejskiej\/\"]}],\"@context\":\"https:\/\/schema.org\",\"startDate\":\"2019-07-11\",\"endDate\":\"2019-08-29\",\"eventStatus\":\"EventScheduled\",\"eventAttendanceMode\":\"OfflineEventAttendanceMode\",\"location\":{\"@type\":\"place\",\"name\":\"Polska institutet, Mosebacke torg 4, Stockholm\",\"address\":\"Polska institutet, Mosebacke torg 4, Stockholm\",\"geo\":{\"@type\":\"GeoCoordinates\",\"latitude\":\"59.3196192623204\",\"longitude\":\"18.07124716048709\"}},\"description\":\"Wa\u017cnym elementem wystawy jest ukazanie pozytywnych zmian, kt\u00f3re zasz\u0142y w Polsce od czasu przyst\u0105pienia do Unii. Zaprezentowane na wystawie przyk\u0142ady: nowoczesnej architektury, rewitalizacji miast, infrastruktury transportowej oraz sportowej, a tak\u017ce zmian w polityce kulturalnej by\u0142y mo\u017cliwe w du\u017cej mierze dzi\u0119ki otrzymanym funduszom unijnym i ich efektywnemu wykorzystaniu.\u00a0Europa to miejsce, do kt\u00f3rego spo\u0142ecze\u0144stwo polskie przynale\u017cy od ponad 1000 lat. To miejsce, gdzie Polacy zak\u0142adaj\u0105 rodziny, pracuj\u0105, rozwijaj\u0105 si\u0119; to wsp\u00f3lnota, kt\u00f3ra daje wiele mo\u017cliwo\u015bci i kt\u00f3rej nale\u017cy da\u0107 z siebie to, co najlepsze.\u00a0Zobacz, jak Polska si\u0119 zmieni\u0142a dzi\u0119ki cz\u0142onkostwu w Unii!\\nWernisa\u017c: czwartek 11 lipca o godz. 17.00-18.00. Prosimy o potwierdzenie swojego uczestnictwa na adres osa@polskainstitutet.se najp\u00f3\u017aniej do 10 lipca.Wystawa jest otwarta dla zwiedzaj\u0105cych do 29 sierpnia 2019 r., od poniedzia\u0142ku do pi\u0105tku w godz. 11.00-15.00.\\n\u00a0\\n\u00a0\"},{\"@type\":\"ImageObject\",\"inLanguage\":\"pl-PL\",\"@id\":\"https:\/\/instytutpolski.pl\/stockholm\/pl\/2019\/07\/10\/15-lat-pl-w-ue-wystawa-w-ramach-obchodow-15-rocznicy-czlonkostwa-polski-w-unii-europejskiej\/#primaryimage\",\"url\":\"https:\/\/instytutpolski.pl\/stockholm\/wp-content\/uploads\/sites\/17\/2019\/10\/15-lat-PL-w-EU.jpg\",\"contentUrl\":\"https:\/\/instytutpolski.pl\/stockholm\/wp-content\/uploads\/sites\/17\/2019\/10\/15-lat-PL-w-EU.jpg\",\"width\":1083,\"height\":609},{\"@type\":\"BreadcrumbList\",\"@id\":\"https:\/\/instytutpolski.pl\/stockholm\/pl\/2019\/07\/10\/15-lat-pl-w-ue-wystawa-w-ramach-obchodow-15-rocznicy-czlonkostwa-polski-w-unii-europejskiej\/#breadcrumb\",\"itemListElement\":[{\"@type\":\"ListItem\",\"position\":1,\"name\":\"Home\",\"item\":\"https:\/\/instytutpolski.pl\/stockholm\/\"},{\"@type\":\"ListItem\",\"position\":2,\"name\":\"\u201e15 lat PL w UE\u201d &#8211; wystawa w ramach obchod\u00f3w 15 rocznicy cz\u0142onkostwa Polski w Unii Europejskiej\"}]},{\"@type\":\"WebSite\",\"@id\":\"https:\/\/instytutpolski.pl\/stockholm\/#website\",\"url\":\"https:\/\/instytutpolski.pl\/stockholm\/\",\"name\":\"Instytut Polski w Sztokholmie\",\"description\":\"Instytuty Polskie\",\"potentialAction\":[{\"@type\":\"SearchAction\",\"target\":{\"@type\":\"EntryPoint\",\"urlTemplate\":\"https:\/\/instytutpolski.pl\/stockholm\/?s={search_term_string}\"},\"query-input\":{\"@type\":\"PropertyValueSpecification\",\"valueRequired\":true,\"valueName\":\"search_term_string\"}}],\"inLanguage\":\"pl-PL\"},{\"@type\":\"Person\",\"@id\":\"https:\/\/instytutpolski.pl\/stockholm\/#\/schema\/person\/062b5a5f61f32b17c98996975db8d556\",\"name\":\"strozniake\",\"image\":{\"@type\":\"ImageObject\",\"inLanguage\":\"pl-PL\",\"@id\":\"https:\/\/instytutpolski.pl\/stockholm\/#\/schema\/person\/image\/\",\"url\":\"https:\/\/secure.gravatar.com\/avatar\/25e0be9897787f9035155a882fde97cc?s=96&d=mm&r=g\",\"contentUrl\":\"https:\/\/secure.gravatar.com\/avatar\/25e0be9897787f9035155a882fde97cc?s=96&d=mm&r=g\",\"caption\":\"strozniake\"},\"sameAs\":[\"http:\/\/strozniake\"],\"url\":\"https:\/\/instytutpolski.pl\/stockholm\/author\/strozniake\/\"}]}<\/script>\n<!-- \/ Yoast SEO plugin. -->","yoast_head_json":{"title":"\u201e15 lat PL w UE\u201d - wystawa w ramach obchod\u00f3w 15 rocznicy cz\u0142onkostwa Polski w Unii Europejskiej - Instytut Polski w Sztokholmie","robots":{"index":"index","follow":"follow","max-snippet":"max-snippet:-1","max-image-preview":"max-image-preview:large","max-video-preview":"max-video-preview:-1"},"canonical":"https:\/\/instytutpolski.pl\/stockholm\/pl\/2019\/07\/10\/15-lat-pl-w-ue-wystawa-w-ramach-obchodow-15-rocznicy-czlonkostwa-polski-w-unii-europejskiej\/","og_locale":"pl_PL","og_type":"article","og_title":"\u201e15 lat PL w UE\u201d - wystawa w ramach obchod\u00f3w 15 rocznicy cz\u0142onkostwa Polski w Unii Europejskiej - Instytut Polski w Sztokholmie","og_description":"Wa\u017cnym elementem wystawy jest ukazanie pozytywnych zmian, kt\u00f3re zasz\u0142y w Polsce od czasu przyst\u0105pienia do Unii. Zaprezentowane na wystawie przyk\u0142ady: nowoczesnej architektury, rewitalizacji miast, infrastruktury transportowej oraz sportowej, a tak\u017ce zmian w polityce kulturalnej by\u0142y mo\u017cliwe w du\u017cej mierze dzi\u0119ki otrzymanym funduszom unijnym i ich efektywnemu wykorzystaniu.\u00a0Europa to miejsce, do kt\u00f3rego spo\u0142ecze\u0144stwo polskie przynale\u017cy od [&hellip;]","og_url":"https:\/\/instytutpolski.pl\/stockholm\/pl\/2019\/07\/10\/15-lat-pl-w-ue-wystawa-w-ramach-obchodow-15-rocznicy-czlonkostwa-polski-w-unii-europejskiej\/","og_site_name":"Instytut Polski w Sztokholmie","article_published_time":"2019-07-10T16:02:13+00:00","article_modified_time":"2019-10-30T17:06:02+00:00","og_image":[{"width":1083,"height":609,"url":"https:\/\/instytutpolski.pl\/stockholm\/wp-content\/uploads\/sites\/17\/2019\/10\/15-lat-PL-w-EU.jpg","type":"image\/jpeg"}],"author":"strozniake","twitter_card":"summary_large_image","twitter_misc":{"Napisane przez":"strozniake","Szacowany czas czytania":"1 minuta"},"schema":{"@context":"https:\/\/schema.org","@graph":[{"@type":"event","@id":"https:\/\/instytutpolski.pl\/stockholm\/pl\/2019\/07\/10\/15-lat-pl-w-ue-wystawa-w-ramach-obchodow-15-rocznicy-czlonkostwa-polski-w-unii-europejskiej\/","url":"https:\/\/instytutpolski.pl\/stockholm\/pl\/2019\/07\/10\/15-lat-pl-w-ue-wystawa-w-ramach-obchodow-15-rocznicy-czlonkostwa-polski-w-unii-europejskiej\/","name":"\u201e15 lat PL w UE\u201d - wystawa w ramach obchod\u00f3w 15 rocznicy cz\u0142onkostwa Polski w Unii Europejskiej","isPartOf":{"@id":"https:\/\/instytutpolski.pl\/stockholm\/#website"},"primaryImageOfPage":{"@id":"https:\/\/instytutpolski.pl\/stockholm\/pl\/2019\/07\/10\/15-lat-pl-w-ue-wystawa-w-ramach-obchodow-15-rocznicy-czlonkostwa-polski-w-unii-europejskiej\/#primaryimage"},"image":["https:\/\/instytutpolski.pl\/stockholm\/wp-content\/uploads\/sites\/17\/2019\/10\/15-lat-PL-w-EU.jpg","https:\/\/instytutpolski.pl\/stockholm\/wp-content\/uploads\/sites\/17\/2019\/10\/15-lat-PL-w-EU-300x169.jpg","https:\/\/instytutpolski.pl\/stockholm\/wp-content\/uploads\/sites\/17\/2019\/10\/15-lat-PL-w-EU-1024x576.jpg","https:\/\/instytutpolski.pl\/stockholm\/wp-content\/uploads\/sites\/17\/2019\/10\/15-lat-PL-w-EU.jpg"],"thumbnailUrl":"https:\/\/instytutpolski.pl\/stockholm\/wp-content\/uploads\/sites\/17\/2019\/10\/15-lat-PL-w-EU.jpg","datePublished":"2019-07-10T16:02:13+02:00","dateModified":"2019-10-30T17:06:02+02:00","author":{"@id":"https:\/\/instytutpolski.pl\/stockholm\/#\/schema\/person\/062b5a5f61f32b17c98996975db8d556"},"breadcrumb":{"@id":"https:\/\/instytutpolski.pl\/stockholm\/pl\/2019\/07\/10\/15-lat-pl-w-ue-wystawa-w-ramach-obchodow-15-rocznicy-czlonkostwa-polski-w-unii-europejskiej\/#breadcrumb"},"inLanguage":"pl-PL","potentialAction":[{"@type":"ReadAction","target":["https:\/\/instytutpolski.pl\/stockholm\/pl\/2019\/07\/10\/15-lat-pl-w-ue-wystawa-w-ramach-obchodow-15-rocznicy-czlonkostwa-polski-w-unii-europejskiej\/"]}],"@context":"https:\/\/schema.org","startDate":"2019-07-11","endDate":"2019-08-29","eventStatus":"EventScheduled","eventAttendanceMode":"OfflineEventAttendanceMode","location":{"@type":"place","name":"Polska institutet, Mosebacke torg 4, Stockholm","address":"Polska institutet, Mosebacke torg 4, Stockholm","geo":{"@type":"GeoCoordinates","latitude":"59.3196192623204","longitude":"18.07124716048709"}},"description":"Wa\u017cnym elementem wystawy jest ukazanie pozytywnych zmian, kt\u00f3re zasz\u0142y w Polsce od czasu przyst\u0105pienia do Unii. Zaprezentowane na wystawie przyk\u0142ady: nowoczesnej architektury, rewitalizacji miast, infrastruktury transportowej oraz sportowej, a tak\u017ce zmian w polityce kulturalnej by\u0142y mo\u017cliwe w du\u017cej mierze dzi\u0119ki otrzymanym funduszom unijnym i ich efektywnemu wykorzystaniu.\u00a0Europa to miejsce, do kt\u00f3rego spo\u0142ecze\u0144stwo polskie przynale\u017cy od ponad 1000 lat. To miejsce, gdzie Polacy zak\u0142adaj\u0105 rodziny, pracuj\u0105, rozwijaj\u0105 si\u0119; to wsp\u00f3lnota, kt\u00f3ra daje wiele mo\u017cliwo\u015bci i kt\u00f3rej nale\u017cy da\u0107 z siebie to, co najlepsze.\u00a0Zobacz, jak Polska si\u0119 zmieni\u0142a dzi\u0119ki cz\u0142onkostwu w Unii!\nWernisa\u017c: czwartek 11 lipca o godz. 17.00-18.00. Prosimy o potwierdzenie swojego uczestnictwa na adres osa@polskainstitutet.se najp\u00f3\u017aniej do 10 lipca.Wystawa jest otwarta dla zwiedzaj\u0105cych do 29 sierpnia 2019 r., od poniedzia\u0142ku do pi\u0105tku w godz. 11.00-15.00.\n\u00a0\n\u00a0"},{"@type":"ImageObject","inLanguage":"pl-PL","@id":"https:\/\/instytutpolski.pl\/stockholm\/pl\/2019\/07\/10\/15-lat-pl-w-ue-wystawa-w-ramach-obchodow-15-rocznicy-czlonkostwa-polski-w-unii-europejskiej\/#primaryimage","url":"https:\/\/instytutpolski.pl\/stockholm\/wp-content\/uploads\/sites\/17\/2019\/10\/15-lat-PL-w-EU.jpg","contentUrl":"https:\/\/instytutpolski.pl\/stockholm\/wp-content\/uploads\/sites\/17\/2019\/10\/15-lat-PL-w-EU.jpg","width":1083,"height":609},{"@type":"BreadcrumbList","@id":"https:\/\/instytutpolski.pl\/stockholm\/pl\/2019\/07\/10\/15-lat-pl-w-ue-wystawa-w-ramach-obchodow-15-rocznicy-czlonkostwa-polski-w-unii-europejskiej\/#breadcrumb","itemListElement":[{"@type":"ListItem","position":1,"name":"Home","item":"https:\/\/instytutpolski.pl\/stockholm\/"},{"@type":"ListItem","position":2,"name":"\u201e15 lat PL w UE\u201d &#8211; wystawa w ramach obchod\u00f3w 15 rocznicy cz\u0142onkostwa Polski w Unii Europejskiej"}]},{"@type":"WebSite","@id":"https:\/\/instytutpolski.pl\/stockholm\/#website","url":"https:\/\/instytutpolski.pl\/stockholm\/","name":"Instytut Polski w Sztokholmie","description":"Instytuty Polskie","potentialAction":[{"@type":"SearchAction","target":{"@type":"EntryPoint","urlTemplate":"https:\/\/instytutpolski.pl\/stockholm\/?s={search_term_string}"},"query-input":{"@type":"PropertyValueSpecification","valueRequired":true,"valueName":"search_term_string"}}],"inLanguage":"pl-PL"},{"@type":"Person","@id":"https:\/\/instytutpolski.pl\/stockholm\/#\/schema\/person\/062b5a5f61f32b17c98996975db8d556","name":"strozniake","image":{"@type":"ImageObject","inLanguage":"pl-PL","@id":"https:\/\/instytutpolski.pl\/stockholm\/#\/schema\/person\/image\/","url":"https:\/\/secure.gravatar.com\/avatar\/25e0be9897787f9035155a882fde97cc?s=96&d=mm&r=g","contentUrl":"https:\/\/secure.gravatar.com\/avatar\/25e0be9897787f9035155a882fde97cc?s=96&d=mm&r=g","caption":"strozniake"},"sameAs":["http:\/\/strozniake"],"url":"https:\/\/instytutpolski.pl\/stockholm\/author\/strozniake\/"}]}},"_links":{"self":[{"href":"https:\/\/instytutpolski.pl\/stockholm\/wp-json\/wp\/v2\/posts\/1384","targetHints":{"allow":["GET"]}}],"collection":[{"href":"https:\/\/instytutpolski.pl\/stockholm\/wp-json\/wp\/v2\/posts"}],"about":[{"href":"https:\/\/instytutpolski.pl\/stockholm\/wp-json\/wp\/v2\/types\/post"}],"author":[{"embeddable":true,"href":"https:\/\/instytutpolski.pl\/stockholm\/wp-json\/wp\/v2\/users\/29"}],"replies":[{"embeddable":true,"href":"https:\/\/instytutpolski.pl\/stockholm\/wp-json\/wp\/v2\/comments?post=1384"}],"version-history":[{"count":2,"href":"https:\/\/instytutpolski.pl\/stockholm\/wp-json\/wp\/v2\/posts\/1384\/revisions"}],"predecessor-version":[{"id":1386,"href":"https:\/\/instytutpolski.pl\/stockholm\/wp-json\/wp\/v2\/posts\/1384\/revisions\/1386"}],"wp:featuredmedia":[{"embeddable":true,"href":"https:\/\/instytutpolski.pl\/stockholm\/wp-json\/wp\/v2\/media\/1381"}],"wp:attachment":[{"href":"https:\/\/instytutpolski.pl\/stockholm\/wp-json\/wp\/v2\/media?parent=1384"}],"wp:term":[{"taxonomy":"category","embeddable":true,"href":"https:\/\/instytutpolski.pl\/stockholm\/wp-json\/wp\/v2\/categories?post=1384"},{"taxonomy":"post_tag","embeddable":true,"href":"https:\/\/instytutpolski.pl\/stockholm\/wp-json\/wp\/v2\/tags?post=1384"}],"curies":[{"name":"wp","href":"https:\/\/api.w.org\/{rel}","templated":true}]}}