{"id":13948,"date":"2025-04-29T11:46:32","date_gmt":"2025-04-29T09:46:32","guid":{"rendered":"https:\/\/instytutpolski.pl\/stockholm\/?p=13948"},"modified":"2025-05-05T15:50:21","modified_gmt":"2025-05-05T13:50:21","slug":"varkonsert-med-unga-polska-musiker-pa-millesgarden","status":"publish","type":"post","link":"https:\/\/instytutpolski.pl\/stockholm\/2025\/04\/29\/varkonsert-med-unga-polska-musiker-pa-millesgarden\/","title":{"rendered":"V\u00e5rkonsert med unga polska musiker p\u00e5 Millesg\u00e5rden"},"content":{"rendered":"\n<p>Vid varje tillf\u00e4lle framf\u00f6r en ensemble musik som \u00e4r utvald f\u00f6r att passa s\u00e5v\u00e4l platsen som tiden d\u00e5 paret Milles levde h\u00e4r. Vid denna konsert h\u00f6r vi en ensemble best\u00e5ende av unga polska musiker fr\u00e5n NOSPR-akademin, som \u00e4r knuten till Polska nationella radiosymfonikerna (NOSPR) i Katowice. Det handlar om en h\u00f6gre specialutbildning f\u00f6r musiker, liknande Kungliga Filharmonikernas orkesterakademi i Stockholm. De b\u00e5da orkesterakademierna har ocks\u00e5 samarbetat vid flera tillf\u00e4llen.<\/p>\n\n\n\n<p>D\u00f6rrarna till skulpturparken \u00f6ppnar i god tid f\u00f6re konserten s\u00e5 att det \u00e4r m\u00f6jligt att uppleva magiska Millesg\u00e5rden i f\u00f6rsommarskrud. Ta ett glas bubbel eller n\u00e5got l\u00e4ttare att \u00e4ta i Millesg\u00e5rden Lanthandels sommarcaf\u00e9 utanf\u00f6r Annes Hus och hitta sedan en fin plats d\u00e4r ni kan sl\u00e5 er ned f\u00f6r att njuta av musiken. Fritt intr\u00e4de f\u00f6r barn upp till 18 \u00e5r.<\/p>\n\n\n\n<p>Framtidens institutioner 2024-2025 med st\u00f6d fr\u00e5n polska kulturdepartementet inom ramen f\u00f6r satsningen Inspirerande kultur.<\/p>\n\n\n\n<p>Musiken:<\/p>\n\n\n\n<p>Alexandre Tansman &#8211; Serenad nr 2 f\u00f6r str\u00e5ktrio<\/p>\n\n\n\n<p>Tadeusz Szeligowski &#8211; Kvintett f\u00f6r bl\u00e5sinstrument<\/p>\n\n\n\n<p>L\u00e4s mer <a href=\"https:\/\/www.konserthuset.se\/program-och-biljetter\/kalender\/konsert\/2025\/unga-polska-musiker-pa-millesgarden\/20250603-1830\/\" target=\"_blank\" rel=\"noreferrer noopener\">H\u00c4R<\/a><\/p>\n\n\n\n<p>Biljetter: <a href=\"https:\/\/millesgarden.entryevent.se\/ticketshop\/events\/varkonsert-3-6\" target=\"_blank\" rel=\"noreferrer noopener\">https:\/\/millesgarden.entryevent.se\/ticketshop\/events\/varkonsert-3-6<\/a><\/p>\n","protected":false},"excerpt":{"rendered":"<p>Vid varje tillf\u00e4lle framf\u00f6r en ensemble musik som \u00e4r utvald f\u00f6r att passa s\u00e5v\u00e4l platsen som tiden d\u00e5 paret Milles levde h\u00e4r. Vid denna konsert h\u00f6r vi en ensemble best\u00e5ende av unga polska musiker fr\u00e5n NOSPR-akademin, som \u00e4r knuten till Polska nationella radiosymfonikerna (NOSPR) i Katowice. Det handlar om en h\u00f6gre specialutbildning f\u00f6r musiker, liknande [&hellip;]<\/p>\n","protected":false},"author":173,"featured_media":13949,"comment_status":"closed","ping_status":"closed","sticky":false,"template":"","format":"standard","meta":{"inline_featured_image":false,"_monsterinsights_skip_tracking":false,"_monsterinsights_sitenote_active":false,"_monsterinsights_sitenote_note":"","_monsterinsights_sitenote_category":0,"footnotes":""},"categories":[222,318,12,99],"tags":[],"class_list":["post-13948","post","type-post","status-publish","format-standard","has-post-thumbnail","hentry","category-aktualnosc-se","category-artykuly-se","category-evenemang","category-musik"],"yoast_head":"<!-- This site is optimized with the Yoast SEO plugin v24.6 - https:\/\/yoast.com\/wordpress\/plugins\/seo\/ -->\n<title>V\u00e5rkonsert med unga polska musiker p\u00e5 Millesg\u00e5rden - Instytut Polski w Sztokholmie<\/title>\n<meta name=\"robots\" content=\"index, follow, max-snippet:-1, max-image-preview:large, max-video-preview:-1\" \/>\n<link rel=\"canonical\" href=\"https:\/\/instytutpolski.pl\/stockholm\/2025\/04\/29\/varkonsert-med-unga-polska-musiker-pa-millesgarden\/\" \/>\n<meta property=\"og:locale\" content=\"pl_PL\" \/>\n<meta property=\"og:type\" content=\"article\" \/>\n<meta property=\"og:title\" content=\"V\u00e5rkonsert med unga polska musiker p\u00e5 Millesg\u00e5rden - Instytut Polski w Sztokholmie\" \/>\n<meta property=\"og:description\" content=\"Vid varje tillf\u00e4lle framf\u00f6r en ensemble musik som \u00e4r utvald f\u00f6r att passa s\u00e5v\u00e4l platsen som tiden d\u00e5 paret Milles levde h\u00e4r. Vid denna konsert h\u00f6r vi en ensemble best\u00e5ende av unga polska musiker fr\u00e5n NOSPR-akademin, som \u00e4r knuten till Polska nationella radiosymfonikerna (NOSPR) i Katowice. Det handlar om en h\u00f6gre specialutbildning f\u00f6r musiker, liknande [&hellip;]\" \/>\n<meta property=\"og:url\" content=\"https:\/\/instytutpolski.pl\/stockholm\/2025\/04\/29\/varkonsert-med-unga-polska-musiker-pa-millesgarden\/\" \/>\n<meta property=\"og:site_name\" content=\"Instytut Polski w Sztokholmie\" \/>\n<meta property=\"article:published_time\" content=\"2025-04-29T09:46:32+00:00\" \/>\n<meta property=\"article:modified_time\" content=\"2025-05-05T13:50:21+00:00\" \/>\n<meta property=\"og:image\" content=\"https:\/\/instytutpolski.pl\/stockholm\/wp-content\/uploads\/sites\/17\/2025\/04\/milles-nospr-Hemsida.jpg\" \/>\n\t<meta property=\"og:image:width\" content=\"1120\" \/>\n\t<meta property=\"og:image:height\" content=\"630\" \/>\n\t<meta property=\"og:image:type\" content=\"image\/jpeg\" \/>\n<meta name=\"author\" content=\"treichelp\" \/>\n<meta name=\"twitter:card\" content=\"summary_large_image\" \/>\n<meta name=\"twitter:label1\" content=\"Napisane przez\" \/>\n\t<meta name=\"twitter:data1\" content=\"treichelp\" \/>\n\t<meta name=\"twitter:label2\" content=\"Szacowany czas czytania\" \/>\n\t<meta name=\"twitter:data2\" content=\"2 minuty\" \/>\n<script type=\"application\/ld+json\" class=\"yoast-schema-graph\">{\"@context\":\"https:\/\/schema.org\",\"@graph\":[{\"@type\":\"event\",\"@id\":\"https:\/\/instytutpolski.pl\/stockholm\/2025\/04\/29\/varkonsert-med-unga-polska-musiker-pa-millesgarden\/\",\"url\":\"https:\/\/instytutpolski.pl\/stockholm\/2025\/04\/29\/varkonsert-med-unga-polska-musiker-pa-millesgarden\/\",\"name\":\"V\u00e5rkonsert med unga polska musiker p\u00e5 Millesg\u00e5rden\",\"isPartOf\":{\"@id\":\"https:\/\/instytutpolski.pl\/stockholm\/#website\"},\"primaryImageOfPage\":{\"@id\":\"https:\/\/instytutpolski.pl\/stockholm\/2025\/04\/29\/varkonsert-med-unga-polska-musiker-pa-millesgarden\/#primaryimage\"},\"image\":[\"https:\/\/instytutpolski.pl\/stockholm\/wp-content\/uploads\/sites\/17\/2025\/04\/milles-nospr-Hemsida.jpg\",\"https:\/\/instytutpolski.pl\/stockholm\/wp-content\/uploads\/sites\/17\/2025\/04\/milles-nospr-Hemsida-300x169.jpg\",\"https:\/\/instytutpolski.pl\/stockholm\/wp-content\/uploads\/sites\/17\/2025\/04\/milles-nospr-Hemsida-1024x576.jpg\",\"https:\/\/instytutpolski.pl\/stockholm\/wp-content\/uploads\/sites\/17\/2025\/04\/milles-nospr-Hemsida.jpg\"],\"thumbnailUrl\":\"https:\/\/instytutpolski.pl\/stockholm\/wp-content\/uploads\/sites\/17\/2025\/04\/milles-nospr-Hemsida.jpg\",\"datePublished\":\"2025-04-29T09:46:32+02:00\",\"dateModified\":\"2025-05-05T13:50:21+02:00\",\"author\":{\"@id\":\"https:\/\/instytutpolski.pl\/stockholm\/#\/schema\/person\/866a2c0f4ccf0982a286809684f7bc1e\"},\"breadcrumb\":{\"@id\":\"https:\/\/instytutpolski.pl\/stockholm\/2025\/04\/29\/varkonsert-med-unga-polska-musiker-pa-millesgarden\/#breadcrumb\"},\"inLanguage\":\"pl-PL\",\"potentialAction\":[{\"@type\":\"ReadAction\",\"target\":[\"https:\/\/instytutpolski.pl\/stockholm\/2025\/04\/29\/varkonsert-med-unga-polska-musiker-pa-millesgarden\/\"]}],\"@context\":\"https:\/\/schema.org\",\"startDate\":\"2025-06-03T06:30:00+02:00\",\"endDate\":\"2025-06-03T08:30:00+02:00\",\"eventStatus\":\"EventScheduled\",\"eventAttendanceMode\":\"OfflineEventAttendanceMode\",\"location\":{\"@type\":\"place\",\"name\":\"Millesg\u00e5rden, Herserudsv\u00e4gen 32, Stockholm\",\"address\":\"Millesg\u00e5rden, Herserudsv\u00e4gen 32, Stockholm\",\"geo\":{\"@type\":\"GeoCoordinates\",\"latitude\":\"59.20430949845283\",\"longitude\":\"18.150807104890383\"}},\"description\":\"Vid varje tillf\u00e4lle framf\u00f6r en ensemble musik som \u00e4r utvald f\u00f6r att passa s\u00e5v\u00e4l platsen som tiden d\u00e5 paret Milles levde h\u00e4r. Vid denna konsert h\u00f6r vi en ensemble best\u00e5ende av unga polska musiker fr\u00e5n NOSPR-akademin, som \u00e4r knuten till Polska nationella radiosymfonikerna (NOSPR) i Katowice. Det handlar om en h\u00f6gre specialutbildning f\u00f6r musiker, liknande Kungliga Filharmonikernas orkesterakademi i Stockholm. De b\u00e5da orkesterakademierna har ocks\u00e5 samarbetat vid flera tillf\u00e4llen.\\nD\u00f6rrarna till skulpturparken \u00f6ppnar i god tid f\u00f6re konserten s\u00e5 att det \u00e4r m\u00f6jligt att uppleva magiska Millesg\u00e5rden i f\u00f6rsommarskrud. Ta ett glas bubbel eller n\u00e5got l\u00e4ttare att \u00e4ta i Millesg\u00e5rden Lanthandels sommarcaf\u00e9 utanf\u00f6r Annes Hus och hitta sedan en fin plats d\u00e4r ni kan sl\u00e5 er ned f\u00f6r att njuta av musiken. Fritt intr\u00e4de f\u00f6r barn upp till 18 \u00e5r.\\nFramtidens institutioner 2024-2025 med st\u00f6d fr\u00e5n polska kulturdepartementet inom ramen f\u00f6r satsningen Inspirerande kultur.\\nMusiken:\\nAlexandre Tansman - Serenad nr 2 f\u00f6r str\u00e5ktrio\\nTadeusz Szeligowski - Kvintett f\u00f6r bl\u00e5sinstrument\\nL\u00e4s mer H\u00c4R\\nBiljetter: https:\/\/millesgarden.entryevent.se\/ticketshop\/events\/varkonsert-3-6\"},{\"@type\":\"ImageObject\",\"inLanguage\":\"pl-PL\",\"@id\":\"https:\/\/instytutpolski.pl\/stockholm\/2025\/04\/29\/varkonsert-med-unga-polska-musiker-pa-millesgarden\/#primaryimage\",\"url\":\"https:\/\/instytutpolski.pl\/stockholm\/wp-content\/uploads\/sites\/17\/2025\/04\/milles-nospr-Hemsida.jpg\",\"contentUrl\":\"https:\/\/instytutpolski.pl\/stockholm\/wp-content\/uploads\/sites\/17\/2025\/04\/milles-nospr-Hemsida.jpg\",\"width\":1120,\"height\":630},{\"@type\":\"BreadcrumbList\",\"@id\":\"https:\/\/instytutpolski.pl\/stockholm\/2025\/04\/29\/varkonsert-med-unga-polska-musiker-pa-millesgarden\/#breadcrumb\",\"itemListElement\":[{\"@type\":\"ListItem\",\"position\":1,\"name\":\"Home\",\"item\":\"https:\/\/instytutpolski.pl\/stockholm\/\"},{\"@type\":\"ListItem\",\"position\":2,\"name\":\"V\u00e5rkonsert med unga polska musiker p\u00e5 Millesg\u00e5rden\"}]},{\"@type\":\"WebSite\",\"@id\":\"https:\/\/instytutpolski.pl\/stockholm\/#website\",\"url\":\"https:\/\/instytutpolski.pl\/stockholm\/\",\"name\":\"Instytut Polski w Sztokholmie\",\"description\":\"Instytuty Polskie\",\"potentialAction\":[{\"@type\":\"SearchAction\",\"target\":{\"@type\":\"EntryPoint\",\"urlTemplate\":\"https:\/\/instytutpolski.pl\/stockholm\/?s={search_term_string}\"},\"query-input\":{\"@type\":\"PropertyValueSpecification\",\"valueRequired\":true,\"valueName\":\"search_term_string\"}}],\"inLanguage\":\"pl-PL\"},{\"@type\":\"Person\",\"@id\":\"https:\/\/instytutpolski.pl\/stockholm\/#\/schema\/person\/866a2c0f4ccf0982a286809684f7bc1e\",\"name\":\"treichelp\",\"image\":{\"@type\":\"ImageObject\",\"inLanguage\":\"pl-PL\",\"@id\":\"https:\/\/instytutpolski.pl\/stockholm\/#\/schema\/person\/image\/\",\"url\":\"https:\/\/secure.gravatar.com\/avatar\/fb2c1caae0df0854742a56fc463dd1fb?s=96&d=mm&r=g\",\"contentUrl\":\"https:\/\/secure.gravatar.com\/avatar\/fb2c1caae0df0854742a56fc463dd1fb?s=96&d=mm&r=g\",\"caption\":\"treichelp\"},\"url\":\"https:\/\/instytutpolski.pl\/stockholm\/author\/treichelp\/\"}]}<\/script>\n<!-- \/ Yoast SEO plugin. -->","yoast_head_json":{"title":"V\u00e5rkonsert med unga polska musiker p\u00e5 Millesg\u00e5rden - Instytut Polski w Sztokholmie","robots":{"index":"index","follow":"follow","max-snippet":"max-snippet:-1","max-image-preview":"max-image-preview:large","max-video-preview":"max-video-preview:-1"},"canonical":"https:\/\/instytutpolski.pl\/stockholm\/2025\/04\/29\/varkonsert-med-unga-polska-musiker-pa-millesgarden\/","og_locale":"pl_PL","og_type":"article","og_title":"V\u00e5rkonsert med unga polska musiker p\u00e5 Millesg\u00e5rden - Instytut Polski w Sztokholmie","og_description":"Vid varje tillf\u00e4lle framf\u00f6r en ensemble musik som \u00e4r utvald f\u00f6r att passa s\u00e5v\u00e4l platsen som tiden d\u00e5 paret Milles levde h\u00e4r. Vid denna konsert h\u00f6r vi en ensemble best\u00e5ende av unga polska musiker fr\u00e5n NOSPR-akademin, som \u00e4r knuten till Polska nationella radiosymfonikerna (NOSPR) i Katowice. Det handlar om en h\u00f6gre specialutbildning f\u00f6r musiker, liknande [&hellip;]","og_url":"https:\/\/instytutpolski.pl\/stockholm\/2025\/04\/29\/varkonsert-med-unga-polska-musiker-pa-millesgarden\/","og_site_name":"Instytut Polski w Sztokholmie","article_published_time":"2025-04-29T09:46:32+00:00","article_modified_time":"2025-05-05T13:50:21+00:00","og_image":[{"width":1120,"height":630,"url":"https:\/\/instytutpolski.pl\/stockholm\/wp-content\/uploads\/sites\/17\/2025\/04\/milles-nospr-Hemsida.jpg","type":"image\/jpeg"}],"author":"treichelp","twitter_card":"summary_large_image","twitter_misc":{"Napisane przez":"treichelp","Szacowany czas czytania":"2 minuty"},"schema":{"@context":"https:\/\/schema.org","@graph":[{"@type":"event","@id":"https:\/\/instytutpolski.pl\/stockholm\/2025\/04\/29\/varkonsert-med-unga-polska-musiker-pa-millesgarden\/","url":"https:\/\/instytutpolski.pl\/stockholm\/2025\/04\/29\/varkonsert-med-unga-polska-musiker-pa-millesgarden\/","name":"V\u00e5rkonsert med unga polska musiker p\u00e5 Millesg\u00e5rden","isPartOf":{"@id":"https:\/\/instytutpolski.pl\/stockholm\/#website"},"primaryImageOfPage":{"@id":"https:\/\/instytutpolski.pl\/stockholm\/2025\/04\/29\/varkonsert-med-unga-polska-musiker-pa-millesgarden\/#primaryimage"},"image":["https:\/\/instytutpolski.pl\/stockholm\/wp-content\/uploads\/sites\/17\/2025\/04\/milles-nospr-Hemsida.jpg","https:\/\/instytutpolski.pl\/stockholm\/wp-content\/uploads\/sites\/17\/2025\/04\/milles-nospr-Hemsida-300x169.jpg","https:\/\/instytutpolski.pl\/stockholm\/wp-content\/uploads\/sites\/17\/2025\/04\/milles-nospr-Hemsida-1024x576.jpg","https:\/\/instytutpolski.pl\/stockholm\/wp-content\/uploads\/sites\/17\/2025\/04\/milles-nospr-Hemsida.jpg"],"thumbnailUrl":"https:\/\/instytutpolski.pl\/stockholm\/wp-content\/uploads\/sites\/17\/2025\/04\/milles-nospr-Hemsida.jpg","datePublished":"2025-04-29T09:46:32+02:00","dateModified":"2025-05-05T13:50:21+02:00","author":{"@id":"https:\/\/instytutpolski.pl\/stockholm\/#\/schema\/person\/866a2c0f4ccf0982a286809684f7bc1e"},"breadcrumb":{"@id":"https:\/\/instytutpolski.pl\/stockholm\/2025\/04\/29\/varkonsert-med-unga-polska-musiker-pa-millesgarden\/#breadcrumb"},"inLanguage":"pl-PL","potentialAction":[{"@type":"ReadAction","target":["https:\/\/instytutpolski.pl\/stockholm\/2025\/04\/29\/varkonsert-med-unga-polska-musiker-pa-millesgarden\/"]}],"@context":"https:\/\/schema.org","startDate":"2025-06-03T06:30:00+02:00","endDate":"2025-06-03T08:30:00+02:00","eventStatus":"EventScheduled","eventAttendanceMode":"OfflineEventAttendanceMode","location":{"@type":"place","name":"Millesg\u00e5rden, Herserudsv\u00e4gen 32, Stockholm","address":"Millesg\u00e5rden, Herserudsv\u00e4gen 32, Stockholm","geo":{"@type":"GeoCoordinates","latitude":"59.20430949845283","longitude":"18.150807104890383"}},"description":"Vid varje tillf\u00e4lle framf\u00f6r en ensemble musik som \u00e4r utvald f\u00f6r att passa s\u00e5v\u00e4l platsen som tiden d\u00e5 paret Milles levde h\u00e4r. Vid denna konsert h\u00f6r vi en ensemble best\u00e5ende av unga polska musiker fr\u00e5n NOSPR-akademin, som \u00e4r knuten till Polska nationella radiosymfonikerna (NOSPR) i Katowice. Det handlar om en h\u00f6gre specialutbildning f\u00f6r musiker, liknande Kungliga Filharmonikernas orkesterakademi i Stockholm. De b\u00e5da orkesterakademierna har ocks\u00e5 samarbetat vid flera tillf\u00e4llen.\nD\u00f6rrarna till skulpturparken \u00f6ppnar i god tid f\u00f6re konserten s\u00e5 att det \u00e4r m\u00f6jligt att uppleva magiska Millesg\u00e5rden i f\u00f6rsommarskrud. Ta ett glas bubbel eller n\u00e5got l\u00e4ttare att \u00e4ta i Millesg\u00e5rden Lanthandels sommarcaf\u00e9 utanf\u00f6r Annes Hus och hitta sedan en fin plats d\u00e4r ni kan sl\u00e5 er ned f\u00f6r att njuta av musiken. Fritt intr\u00e4de f\u00f6r barn upp till 18 \u00e5r.\nFramtidens institutioner 2024-2025 med st\u00f6d fr\u00e5n polska kulturdepartementet inom ramen f\u00f6r satsningen Inspirerande kultur.\nMusiken:\nAlexandre Tansman - Serenad nr 2 f\u00f6r str\u00e5ktrio\nTadeusz Szeligowski - Kvintett f\u00f6r bl\u00e5sinstrument\nL\u00e4s mer H\u00c4R\nBiljetter: https:\/\/millesgarden.entryevent.se\/ticketshop\/events\/varkonsert-3-6"},{"@type":"ImageObject","inLanguage":"pl-PL","@id":"https:\/\/instytutpolski.pl\/stockholm\/2025\/04\/29\/varkonsert-med-unga-polska-musiker-pa-millesgarden\/#primaryimage","url":"https:\/\/instytutpolski.pl\/stockholm\/wp-content\/uploads\/sites\/17\/2025\/04\/milles-nospr-Hemsida.jpg","contentUrl":"https:\/\/instytutpolski.pl\/stockholm\/wp-content\/uploads\/sites\/17\/2025\/04\/milles-nospr-Hemsida.jpg","width":1120,"height":630},{"@type":"BreadcrumbList","@id":"https:\/\/instytutpolski.pl\/stockholm\/2025\/04\/29\/varkonsert-med-unga-polska-musiker-pa-millesgarden\/#breadcrumb","itemListElement":[{"@type":"ListItem","position":1,"name":"Home","item":"https:\/\/instytutpolski.pl\/stockholm\/"},{"@type":"ListItem","position":2,"name":"V\u00e5rkonsert med unga polska musiker p\u00e5 Millesg\u00e5rden"}]},{"@type":"WebSite","@id":"https:\/\/instytutpolski.pl\/stockholm\/#website","url":"https:\/\/instytutpolski.pl\/stockholm\/","name":"Instytut Polski w Sztokholmie","description":"Instytuty Polskie","potentialAction":[{"@type":"SearchAction","target":{"@type":"EntryPoint","urlTemplate":"https:\/\/instytutpolski.pl\/stockholm\/?s={search_term_string}"},"query-input":{"@type":"PropertyValueSpecification","valueRequired":true,"valueName":"search_term_string"}}],"inLanguage":"pl-PL"},{"@type":"Person","@id":"https:\/\/instytutpolski.pl\/stockholm\/#\/schema\/person\/866a2c0f4ccf0982a286809684f7bc1e","name":"treichelp","image":{"@type":"ImageObject","inLanguage":"pl-PL","@id":"https:\/\/instytutpolski.pl\/stockholm\/#\/schema\/person\/image\/","url":"https:\/\/secure.gravatar.com\/avatar\/fb2c1caae0df0854742a56fc463dd1fb?s=96&d=mm&r=g","contentUrl":"https:\/\/secure.gravatar.com\/avatar\/fb2c1caae0df0854742a56fc463dd1fb?s=96&d=mm&r=g","caption":"treichelp"},"url":"https:\/\/instytutpolski.pl\/stockholm\/author\/treichelp\/"}]}},"_links":{"self":[{"href":"https:\/\/instytutpolski.pl\/stockholm\/wp-json\/wp\/v2\/posts\/13948","targetHints":{"allow":["GET"]}}],"collection":[{"href":"https:\/\/instytutpolski.pl\/stockholm\/wp-json\/wp\/v2\/posts"}],"about":[{"href":"https:\/\/instytutpolski.pl\/stockholm\/wp-json\/wp\/v2\/types\/post"}],"author":[{"embeddable":true,"href":"https:\/\/instytutpolski.pl\/stockholm\/wp-json\/wp\/v2\/users\/173"}],"replies":[{"embeddable":true,"href":"https:\/\/instytutpolski.pl\/stockholm\/wp-json\/wp\/v2\/comments?post=13948"}],"version-history":[{"count":5,"href":"https:\/\/instytutpolski.pl\/stockholm\/wp-json\/wp\/v2\/posts\/13948\/revisions"}],"predecessor-version":[{"id":14006,"href":"https:\/\/instytutpolski.pl\/stockholm\/wp-json\/wp\/v2\/posts\/13948\/revisions\/14006"}],"wp:featuredmedia":[{"embeddable":true,"href":"https:\/\/instytutpolski.pl\/stockholm\/wp-json\/wp\/v2\/media\/13949"}],"wp:attachment":[{"href":"https:\/\/instytutpolski.pl\/stockholm\/wp-json\/wp\/v2\/media?parent=13948"}],"wp:term":[{"taxonomy":"category","embeddable":true,"href":"https:\/\/instytutpolski.pl\/stockholm\/wp-json\/wp\/v2\/categories?post=13948"},{"taxonomy":"post_tag","embeddable":true,"href":"https:\/\/instytutpolski.pl\/stockholm\/wp-json\/wp\/v2\/tags?post=13948"}],"curies":[{"name":"wp","href":"https:\/\/api.w.org\/{rel}","templated":true}]}}