{"id":13963,"date":"2025-04-30T11:38:01","date_gmt":"2025-04-30T09:38:01","guid":{"rendered":"https:\/\/instytutpolski.pl\/stockholm\/?p=13963"},"modified":"2025-05-20T14:15:03","modified_gmt":"2025-05-20T12:15:03","slug":"dzien-europy-w-parku-kungstradgarden","status":"publish","type":"post","link":"https:\/\/instytutpolski.pl\/stockholm\/pl\/2025\/04\/30\/dzien-europy-w-parku-kungstradgarden\/","title":{"rendered":"Dzie\u0144 Europy w parku Kungstr\u00e4dg\u00e5rden"},"content":{"rendered":"\n<p>Rok 2025 to 30. rocznica przyst\u0105pienia Szwecji, Austrii i Finlandii do Unii Europejskiej. Z tej okazji Przedstawicielstwo Komisji Europejskiej w Szwecji zaprosi\u0142o instytucje kulturalne i dyplomatyczne do wsp\u00f3lnego zorganizowania programu artystycznego oraz stoisk w ramach Europatorg, gdzie uczestnicz\u0105ce pa\u0144stwa b\u0119dzie mia\u0142o mo\u017cliwo\u015b\u0107 zaprezentowania si\u0119 szerszej publiczno\u015bci.<\/p>\n\n\n\n<p>W cz\u0119\u015bci artystycznej wyst\u0105pi m.in. polska skrzypaczka Agnieszka \u015awigut wraz ze \u015awigut Trio, w kt\u00f3rego sk\u0142ad wchodz\u0105: Agnieszka \u015awigut (skrzypce), Florian Huber (alt\u00f3wka) i Erik Wahlgren (wiolonczela) \u2013 cz\u0142onkowie orkiestry Opery Kr\u00f3lewskiej w Sztokholmie. Muzycy wykonaj\u0105 utwory polskich kompozytor\u00f3w: Gra\u017cyny Bacewicz i Mieczys\u0142awa Wajnberga.<\/p>\n\n\n\n<p>Polskie stoisko na Europatorg jest organizowane przez Polsk\u0105 Organizacj\u0119 Turystyczn\u0105, natomiast polski wyst\u0119p muzyczny przygotowywany jest przez Instytut Polski w Sztokholmie. We wsp\u00f3\u0142pracy z Ambasad\u0105 RP w Sztokholmie.<\/p>\n\n\n\n<p>O muzykach:<\/p>\n\n\n\n<figure class=\"wp-block-image size-large\"><img loading=\"lazy\" decoding=\"async\" width=\"1024\" height=\"683\" src=\"https:\/\/instytutpolski.pl\/stockholm\/wp-content\/uploads\/sites\/17\/2025\/04\/GRZEDZINSKI_20231213_GRZ_3221-1024x683.jpg\" alt=\"\" class=\"wp-image-13955\" srcset=\"https:\/\/instytutpolski.pl\/stockholm\/wp-content\/uploads\/sites\/17\/2025\/04\/GRZEDZINSKI_20231213_GRZ_3221-1024x683.jpg 1024w, https:\/\/instytutpolski.pl\/stockholm\/wp-content\/uploads\/sites\/17\/2025\/04\/GRZEDZINSKI_20231213_GRZ_3221-300x200.jpg 300w, https:\/\/instytutpolski.pl\/stockholm\/wp-content\/uploads\/sites\/17\/2025\/04\/GRZEDZINSKI_20231213_GRZ_3221-768x512.jpg 768w, https:\/\/instytutpolski.pl\/stockholm\/wp-content\/uploads\/sites\/17\/2025\/04\/GRZEDZINSKI_20231213_GRZ_3221.jpg 1500w\" sizes=\"auto, (max-width: 1024px) 100vw, 1024px\" \/><figcaption class=\"wp-element-caption\">Agnieszka \u015awigut, foto Wojciech Grz\u0119dzi\u0144ski<\/figcaption><\/figure>\n\n\n\n<p><strong>Agnieszka \u015awigut<\/strong>, urodzona w Nowym S\u0105czu, to skrzypaczka, kt\u00f3ra uko\u0144czy\u0142a Uniwersytet Muzyczny Fryderyka Chopina w Warszawie, a nast\u0119pnie odby\u0142a studia podyplomowe z gry na skrzypcach barokowych w Malm\u00f6 i Kopenhadze. Od stycznia 2024 roku jest cz\u0142onkini\u0105 orkiestry Opery Kr\u00f3lewskiej w Sztokholmie, pod batut\u0105 g\u0142\u00f3wnego dyrygenta Alana Gilberta. Jako kameralistka wsp\u00f3\u0142pracuje z czo\u0142owymi polskimi artystami oraz do\u015bwiadczonymi muzykami z najlepszych orkiestr w Sztokholmie, tworz\u0105c Nordic Ensemble. Regularnie koncertuje w duecie z pianistk\u0105 Aleksandr\u0105 \u015awigut, wyst\u0119puj\u0105c w ca\u0142ej Europie i Stanach Zjednoczonych, m.in. podczas Festiwalu Muzyki Paderewskiego w Raleigh. Agnieszka wyst\u0119powa\u0142a na presti\u017cowych scenach, takich jak Royal Albert Hall, Berliner Philharmonie, Elbphilharmonie w Hamburgu czy Wiener Musikverein, oraz bra\u0142a udzia\u0142 w uznanych festiwalach, takich jak BBC Proms i Schleswig-Holstein Musik Festival.<\/p>\n\n\n\n<p><\/p>\n\n\n\n<figure class=\"wp-block-image size-large\"><img loading=\"lazy\" decoding=\"async\" width=\"1024\" height=\"683\" src=\"https:\/\/instytutpolski.pl\/stockholm\/wp-content\/uploads\/sites\/17\/2025\/04\/Florian-Huber-1024x683.jpg\" alt=\"\" class=\"wp-image-13956\" srcset=\"https:\/\/instytutpolski.pl\/stockholm\/wp-content\/uploads\/sites\/17\/2025\/04\/Florian-Huber-1024x683.jpg 1024w, https:\/\/instytutpolski.pl\/stockholm\/wp-content\/uploads\/sites\/17\/2025\/04\/Florian-Huber-300x200.jpg 300w, https:\/\/instytutpolski.pl\/stockholm\/wp-content\/uploads\/sites\/17\/2025\/04\/Florian-Huber-768x512.jpg 768w, https:\/\/instytutpolski.pl\/stockholm\/wp-content\/uploads\/sites\/17\/2025\/04\/Florian-Huber-1536x1024.jpg 1536w, https:\/\/instytutpolski.pl\/stockholm\/wp-content\/uploads\/sites\/17\/2025\/04\/Florian-Huber-2048x1365.jpg 2048w\" sizes=\"auto, (max-width: 1024px) 100vw, 1024px\" \/><figcaption class=\"wp-element-caption\">Florian Huber, foto Robert Stachnik<\/figcaption><\/figure>\n\n\n\n<p><strong>Florian Huber<\/strong>, urodzony w Monachium w 1992 roku, rozpocz\u0105\u0142 swoj\u0105 przygod\u0119 z muzyk\u0105 od lekcji gry na skrzypcach w wieku pi\u0119ciu lat i wkr\u00f3tce wyst\u0119powa\u0142 jako solista z orkiestrami m\u0142odzie\u017cowymi. W latach 2008\u20132017 by\u0142 sta\u0142ym cz\u0142onkiem Neue Philharmonie M\u00fcnchen, pe\u0142ni\u0105c funkcj\u0119 koncertmistrza od 2010 roku, zanim przerzuci\u0142 si\u0119 na alt\u00f3wk\u0119 i zosta\u0142 pierwszym altowiolist\u0105 tej orkiestry. Studiowa\u0142 alt\u00f3wk\u0119 u prof. Anny-Kreetty Gribajcevic w Hochschule f\u00fcr Musik und Theater Hamburg, r\u00f3wnocze\u015bnie studiuj\u0105c kompozycj\u0119 u prof. Fredrika Schwenka. Po grze w orkiestrze NDR Elbphilharmonie w latach 2018\u20132020 skoncentrowa\u0142 si\u0119 na muzyce kameralnej. Od pocz\u0105tku 2022 roku jest wsp\u00f3\u0142pierwszym altowiolist\u0105 orkiestry Opery Kr\u00f3lewskiej w Sztokholmie.<\/p>\n\n\n\n<p><\/p>\n\n\n\n<figure class=\"wp-block-image size-large\"><img loading=\"lazy\" decoding=\"async\" width=\"683\" height=\"1024\" src=\"https:\/\/instytutpolski.pl\/stockholm\/wp-content\/uploads\/sites\/17\/2025\/04\/Erik-Wahlgren-683x1024.jpeg\" alt=\"\" class=\"wp-image-13957\" srcset=\"https:\/\/instytutpolski.pl\/stockholm\/wp-content\/uploads\/sites\/17\/2025\/04\/Erik-Wahlgren-683x1024.jpeg 683w, https:\/\/instytutpolski.pl\/stockholm\/wp-content\/uploads\/sites\/17\/2025\/04\/Erik-Wahlgren-200x300.jpeg 200w, https:\/\/instytutpolski.pl\/stockholm\/wp-content\/uploads\/sites\/17\/2025\/04\/Erik-Wahlgren-768x1152.jpeg 768w, https:\/\/instytutpolski.pl\/stockholm\/wp-content\/uploads\/sites\/17\/2025\/04\/Erik-Wahlgren-1024x1536.jpeg 1024w, https:\/\/instytutpolski.pl\/stockholm\/wp-content\/uploads\/sites\/17\/2025\/04\/Erik-Wahlgren-1365x2048.jpeg 1365w, https:\/\/instytutpolski.pl\/stockholm\/wp-content\/uploads\/sites\/17\/2025\/04\/Erik-Wahlgren-scaled.jpeg 1706w\" sizes=\"auto, (max-width: 683px) 100vw, 683px\" \/><figcaption class=\"wp-element-caption\">Erik Wahlgren, foto Pawe\u0142 Kania<\/figcaption><\/figure>\n\n\n\n<p><strong>Erik Wahlgren<\/strong> to szwedzki wiolonczelista, kt\u00f3ry studiowa\u0142 w Kr\u00f3lewskiej Akademii Muzycznej w Sztokholmie, Akademii Sibeliusa w Helsinkach oraz w Instytucie Muzycznym Edsberg. Obecnie jest pierwszym wiolonczelist\u0105 orkiestry Opery Kr\u00f3lewskiej (Kungliga Hovkapellet) w Sztokholmie. Jako solista wyst\u0119powa\u0142 pod batut\u0105 takich dyrygent\u00f3w jak Okko Kamu, Anthony Halstead, Paul M\u00e4gi czy Andrew Litton. Jest r\u00f3wnie\u017c uznanym wykonawc\u0105 muzyki barokowej \u2013 wsp\u00f3\u0142pracuje z Drottningholms Barockensemble oraz prowadzi w\u0142asny zesp\u00f3\u0142 Ensemble Kl\u00e4robskyr. Opr\u00f3cz dzia\u0142alno\u015bci orkiestrowej, aktywnie dzia\u0142a jako kameralista i jest cz\u0142onkiem kwartetu Vamlingbokvartetten.<\/p>\n\n\n\n<p><\/p>\n\n\n\n<p>Wi\u0119cej informacji znajdziesz <a href=\"https:\/\/sweden.representation.ec.europa.eu\/nyheter-och-evenemang\/sverige-30-ar-i-eu\/europadagen-i-kungstradgarden_sv\" target=\"_blank\" rel=\"noreferrer noopener\">TUTAJ (szw.)<\/a><\/p>\n","protected":false},"excerpt":{"rendered":"<p>Rok 2025 to 30. rocznica przyst\u0105pienia Szwecji, Austrii i Finlandii do Unii Europejskiej. Z tej okazji Przedstawicielstwo Komisji Europejskiej w Szwecji zaprosi\u0142o instytucje kulturalne i dyplomatyczne do wsp\u00f3lnego zorganizowania programu artystycznego oraz stoisk w ramach Europatorg, gdzie uczestnicz\u0105ce pa\u0144stwa b\u0119dzie mia\u0142o mo\u017cliwo\u015b\u0107 zaprezentowania si\u0119 szerszej publiczno\u015bci. W cz\u0119\u015bci artystycznej wyst\u0105pi m.in. polska skrzypaczka Agnieszka \u015awigut [&hellip;]<\/p>\n","protected":false},"author":173,"featured_media":13954,"comment_status":"closed","ping_status":"closed","sticky":false,"template":"","format":"standard","meta":{"inline_featured_image":false,"_monsterinsights_skip_tracking":false,"_monsterinsights_sitenote_active":false,"_monsterinsights_sitenote_note":"","_monsterinsights_sitenote_category":0,"footnotes":""},"categories":[224,320,113,89,36],"tags":[],"class_list":["post-13963","post","type-post","status-publish","format-standard","has-post-thumbnail","hentry","category-aktualnosc-pl","category-artykuly-pl","category-historia","category-muzyka","category-wydarzenie"],"yoast_head":"<!-- This site is optimized with the Yoast SEO plugin v24.6 - https:\/\/yoast.com\/wordpress\/plugins\/seo\/ -->\n<title>Dzie\u0144 Europy w parku Kungstr\u00e4dg\u00e5rden - Instytut Polski w Sztokholmie<\/title>\n<meta name=\"robots\" content=\"index, follow, max-snippet:-1, max-image-preview:large, max-video-preview:-1\" \/>\n<link rel=\"canonical\" href=\"https:\/\/instytutpolski.pl\/stockholm\/pl\/2025\/04\/30\/dzien-europy-w-parku-kungstradgarden\/\" \/>\n<meta property=\"og:locale\" content=\"pl_PL\" \/>\n<meta property=\"og:type\" content=\"article\" \/>\n<meta property=\"og:title\" content=\"Dzie\u0144 Europy w parku Kungstr\u00e4dg\u00e5rden - Instytut Polski w Sztokholmie\" \/>\n<meta property=\"og:description\" content=\"Rok 2025 to 30. rocznica przyst\u0105pienia Szwecji, Austrii i Finlandii do Unii Europejskiej. Z tej okazji Przedstawicielstwo Komisji Europejskiej w Szwecji zaprosi\u0142o instytucje kulturalne i dyplomatyczne do wsp\u00f3lnego zorganizowania programu artystycznego oraz stoisk w ramach Europatorg, gdzie uczestnicz\u0105ce pa\u0144stwa b\u0119dzie mia\u0142o mo\u017cliwo\u015b\u0107 zaprezentowania si\u0119 szerszej publiczno\u015bci. W cz\u0119\u015bci artystycznej wyst\u0105pi m.in. polska skrzypaczka Agnieszka \u015awigut [&hellip;]\" \/>\n<meta property=\"og:url\" content=\"https:\/\/instytutpolski.pl\/stockholm\/pl\/2025\/04\/30\/dzien-europy-w-parku-kungstradgarden\/\" \/>\n<meta property=\"og:site_name\" content=\"Instytut Polski w Sztokholmie\" \/>\n<meta property=\"article:published_time\" content=\"2025-04-30T09:38:01+00:00\" \/>\n<meta property=\"article:modified_time\" content=\"2025-05-20T12:15:03+00:00\" \/>\n<meta property=\"og:image\" content=\"https:\/\/instytutpolski.pl\/stockholm\/wp-content\/uploads\/sites\/17\/2025\/04\/Europadagen_Hemsida-1.jpg\" \/>\n\t<meta property=\"og:image:width\" content=\"1120\" \/>\n\t<meta property=\"og:image:height\" content=\"630\" \/>\n\t<meta property=\"og:image:type\" content=\"image\/jpeg\" \/>\n<meta name=\"author\" content=\"treichelp\" \/>\n<meta name=\"twitter:card\" content=\"summary_large_image\" \/>\n<meta name=\"twitter:label1\" content=\"Napisane przez\" \/>\n\t<meta name=\"twitter:data1\" content=\"treichelp\" \/>\n\t<meta name=\"twitter:label2\" content=\"Szacowany czas czytania\" \/>\n\t<meta name=\"twitter:data2\" content=\"4 minuty\" \/>\n<script type=\"application\/ld+json\" class=\"yoast-schema-graph\">{\"@context\":\"https:\/\/schema.org\",\"@graph\":[{\"@type\":\"event\",\"@id\":\"https:\/\/instytutpolski.pl\/stockholm\/pl\/2025\/04\/30\/dzien-europy-w-parku-kungstradgarden\/\",\"url\":\"https:\/\/instytutpolski.pl\/stockholm\/pl\/2025\/04\/30\/dzien-europy-w-parku-kungstradgarden\/\",\"name\":\"Dzie\u0144 Europy w parku Kungstr\u00e4dg\u00e5rden\",\"isPartOf\":{\"@id\":\"https:\/\/instytutpolski.pl\/stockholm\/#website\"},\"primaryImageOfPage\":{\"@id\":\"https:\/\/instytutpolski.pl\/stockholm\/pl\/2025\/04\/30\/dzien-europy-w-parku-kungstradgarden\/#primaryimage\"},\"image\":[\"https:\/\/instytutpolski.pl\/stockholm\/wp-content\/uploads\/sites\/17\/2025\/04\/Europadagen_Hemsida-1.jpg\",\"https:\/\/instytutpolski.pl\/stockholm\/wp-content\/uploads\/sites\/17\/2025\/04\/Europadagen_Hemsida-1-300x169.jpg\",\"https:\/\/instytutpolski.pl\/stockholm\/wp-content\/uploads\/sites\/17\/2025\/04\/Europadagen_Hemsida-1-1024x576.jpg\",\"https:\/\/instytutpolski.pl\/stockholm\/wp-content\/uploads\/sites\/17\/2025\/04\/Europadagen_Hemsida-1.jpg\"],\"thumbnailUrl\":\"https:\/\/instytutpolski.pl\/stockholm\/wp-content\/uploads\/sites\/17\/2025\/04\/Europadagen_Hemsida-1.jpg\",\"datePublished\":\"2025-04-30T09:38:01+02:00\",\"dateModified\":\"2025-05-20T12:15:03+02:00\",\"author\":{\"@id\":\"https:\/\/instytutpolski.pl\/stockholm\/#\/schema\/person\/866a2c0f4ccf0982a286809684f7bc1e\"},\"breadcrumb\":{\"@id\":\"https:\/\/instytutpolski.pl\/stockholm\/pl\/2025\/04\/30\/dzien-europy-w-parku-kungstradgarden\/#breadcrumb\"},\"inLanguage\":\"pl-PL\",\"potentialAction\":[{\"@type\":\"ReadAction\",\"target\":[\"https:\/\/instytutpolski.pl\/stockholm\/pl\/2025\/04\/30\/dzien-europy-w-parku-kungstradgarden\/\"]}],\"@context\":\"https:\/\/schema.org\",\"startDate\":\"2025-05-09T12:00:00+02:00\",\"endDate\":\"2025-05-09T05:00:00+02:00\",\"eventStatus\":\"EventScheduled\",\"eventAttendanceMode\":\"OfflineEventAttendanceMode\",\"location\":{\"@type\":\"place\",\"name\":\"Kungstr\u00e4dg\u00e5rden, Sztokholm\",\"address\":\"Kungstr\u00e4dg\u00e5rden, Sztokholm\",\"geo\":{\"@type\":\"GeoCoordinates\",\"latitude\":\"59.4731290652262\",\"longitude\":\"18.69911066662631\"}},\"description\":\"Rok 2025 to 30. rocznica przyst\u0105pienia Szwecji, Austrii i Finlandii do Unii Europejskiej. Z tej okazji Przedstawicielstwo Komisji Europejskiej w Szwecji zaprosi\u0142o instytucje kulturalne i dyplomatyczne do wsp\u00f3lnego zorganizowania programu artystycznego oraz stoisk w ramach Europatorg, gdzie uczestnicz\u0105ce pa\u0144stwa b\u0119dzie mia\u0142o mo\u017cliwo\u015b\u0107 zaprezentowania si\u0119 szerszej publiczno\u015bci.\\nW cz\u0119\u015bci artystycznej wyst\u0105pi m.in. polska skrzypaczka Agnieszka \u015awigut wraz ze \u015awigut Trio, w kt\u00f3rego sk\u0142ad wchodz\u0105: Agnieszka \u015awigut (skrzypce), Florian Huber (alt\u00f3wka) i Erik Wahlgren (wiolonczela) \u2013 cz\u0142onkowie orkiestry Opery Kr\u00f3lewskiej w Sztokholmie. Muzycy wykonaj\u0105 utwory polskich kompozytor\u00f3w: Gra\u017cyny Bacewicz i Mieczys\u0142awa Wajnberga.\\nPolskie stoisko na Europatorg jest organizowane przez Polsk\u0105 Organizacj\u0119 Turystyczn\u0105, natomiast polski wyst\u0119p muzyczny przygotowywany jest przez Instytut Polski w Sztokholmie. We wsp\u00f3\u0142pracy z Ambasad\u0105 RP w Sztokholmie.\\nO muzykach:\\nAgnieszka \u015awigut, urodzona w Nowym S\u0105czu, to skrzypaczka, kt\u00f3ra uko\u0144czy\u0142a Uniwersytet Muzyczny Fryderyka Chopina w Warszawie, a nast\u0119pnie odby\u0142a studia podyplomowe z gry na skrzypcach barokowych w Malm\u00f6 i Kopenhadze. Od stycznia 2024 roku jest cz\u0142onkini\u0105 orkiestry Opery Kr\u00f3lewskiej w Sztokholmie, pod batut\u0105 g\u0142\u00f3wnego dyrygenta Alana Gilberta. Jako kameralistka wsp\u00f3\u0142pracuje z czo\u0142owymi polskimi artystami oraz do\u015bwiadczonymi muzykami z najlepszych orkiestr w Sztokholmie, tworz\u0105c Nordic Ensemble. Regularnie koncertuje w duecie z pianistk\u0105 Aleksandr\u0105 \u015awigut, wyst\u0119puj\u0105c w ca\u0142ej Europie i Stanach Zjednoczonych, m.in. podczas Festiwalu Muzyki Paderewskiego w Raleigh. Agnieszka wyst\u0119powa\u0142a na presti\u017cowych scenach, takich jak Royal Albert Hall, Berliner Philharmonie, Elbphilharmonie w Hamburgu czy Wiener Musikverein, oraz bra\u0142a udzia\u0142 w uznanych festiwalach, takich jak BBC Proms i Schleswig-Holstein Musik Festival.\\nFlorian Huber, urodzony w Monachium w 1992 roku, rozpocz\u0105\u0142 swoj\u0105 przygod\u0119 z muzyk\u0105 od lekcji gry na skrzypcach w wieku pi\u0119ciu lat i wkr\u00f3tce wyst\u0119powa\u0142 jako solista z orkiestrami m\u0142odzie\u017cowymi. W latach 2008\u20132017 by\u0142 sta\u0142ym cz\u0142onkiem Neue Philharmonie M\u00fcnchen, pe\u0142ni\u0105c funkcj\u0119 koncertmistrza od 2010 roku, zanim przerzuci\u0142 si\u0119 na alt\u00f3wk\u0119 i zosta\u0142 pierwszym altowiolist\u0105 tej orkiestry. Studiowa\u0142 alt\u00f3wk\u0119 u prof. Anny-Kreetty Gribajcevic w Hochschule f\u00fcr Musik und Theater Hamburg, r\u00f3wnocze\u015bnie studiuj\u0105c kompozycj\u0119 u prof. Fredrika Schwenka. Po grze w orkiestrze NDR Elbphilharmonie w latach 2018\u20132020 skoncentrowa\u0142 si\u0119 na muzyce kameralnej. Od pocz\u0105tku 2022 roku jest wsp\u00f3\u0142pierwszym altowiolist\u0105 orkiestry Opery Kr\u00f3lewskiej w Sztokholmie.\\nErik Wahlgren to szwedzki wiolonczelista, kt\u00f3ry studiowa\u0142 w Kr\u00f3lewskiej Akademii Muzycznej w Sztokholmie, Akademii Sibeliusa w Helsinkach oraz w Instytucie Muzycznym Edsberg. Obecnie jest pierwszym wiolonczelist\u0105 orkiestry Opery Kr\u00f3lewskiej (Kungliga Hovkapellet) w Sztokholmie. Jako solista wyst\u0119powa\u0142 pod batut\u0105 takich dyrygent\u00f3w jak Okko Kamu, Anthony Halstead, Paul M\u00e4gi czy Andrew Litton. Jest r\u00f3wnie\u017c uznanym wykonawc\u0105 muzyki barokowej \u2013 wsp\u00f3\u0142pracuje z Drottningholms Barockensemble oraz prowadzi w\u0142asny zesp\u00f3\u0142 Ensemble Kl\u00e4robskyr. Opr\u00f3cz dzia\u0142alno\u015bci orkiestrowej, aktywnie dzia\u0142a jako kameralista i jest cz\u0142onkiem kwartetu Vamlingbokvartetten.\\nWi\u0119cej informacji znajdziesz TUTAJ (szw.)\"},{\"@type\":\"ImageObject\",\"inLanguage\":\"pl-PL\",\"@id\":\"https:\/\/instytutpolski.pl\/stockholm\/pl\/2025\/04\/30\/dzien-europy-w-parku-kungstradgarden\/#primaryimage\",\"url\":\"https:\/\/instytutpolski.pl\/stockholm\/wp-content\/uploads\/sites\/17\/2025\/04\/Europadagen_Hemsida-1.jpg\",\"contentUrl\":\"https:\/\/instytutpolski.pl\/stockholm\/wp-content\/uploads\/sites\/17\/2025\/04\/Europadagen_Hemsida-1.jpg\",\"width\":1120,\"height\":630},{\"@type\":\"BreadcrumbList\",\"@id\":\"https:\/\/instytutpolski.pl\/stockholm\/pl\/2025\/04\/30\/dzien-europy-w-parku-kungstradgarden\/#breadcrumb\",\"itemListElement\":[{\"@type\":\"ListItem\",\"position\":1,\"name\":\"Home\",\"item\":\"https:\/\/instytutpolski.pl\/stockholm\/\"},{\"@type\":\"ListItem\",\"position\":2,\"name\":\"Dzie\u0144 Europy w parku Kungstr\u00e4dg\u00e5rden\"}]},{\"@type\":\"WebSite\",\"@id\":\"https:\/\/instytutpolski.pl\/stockholm\/#website\",\"url\":\"https:\/\/instytutpolski.pl\/stockholm\/\",\"name\":\"Instytut Polski w Sztokholmie\",\"description\":\"Instytuty Polskie\",\"potentialAction\":[{\"@type\":\"SearchAction\",\"target\":{\"@type\":\"EntryPoint\",\"urlTemplate\":\"https:\/\/instytutpolski.pl\/stockholm\/?s={search_term_string}\"},\"query-input\":{\"@type\":\"PropertyValueSpecification\",\"valueRequired\":true,\"valueName\":\"search_term_string\"}}],\"inLanguage\":\"pl-PL\"},{\"@type\":\"Person\",\"@id\":\"https:\/\/instytutpolski.pl\/stockholm\/#\/schema\/person\/866a2c0f4ccf0982a286809684f7bc1e\",\"name\":\"treichelp\",\"image\":{\"@type\":\"ImageObject\",\"inLanguage\":\"pl-PL\",\"@id\":\"https:\/\/instytutpolski.pl\/stockholm\/#\/schema\/person\/image\/\",\"url\":\"https:\/\/secure.gravatar.com\/avatar\/fb2c1caae0df0854742a56fc463dd1fb?s=96&d=mm&r=g\",\"contentUrl\":\"https:\/\/secure.gravatar.com\/avatar\/fb2c1caae0df0854742a56fc463dd1fb?s=96&d=mm&r=g\",\"caption\":\"treichelp\"},\"url\":\"https:\/\/instytutpolski.pl\/stockholm\/author\/treichelp\/\"}]}<\/script>\n<!-- \/ Yoast SEO plugin. -->","yoast_head_json":{"title":"Dzie\u0144 Europy w parku Kungstr\u00e4dg\u00e5rden - Instytut Polski w Sztokholmie","robots":{"index":"index","follow":"follow","max-snippet":"max-snippet:-1","max-image-preview":"max-image-preview:large","max-video-preview":"max-video-preview:-1"},"canonical":"https:\/\/instytutpolski.pl\/stockholm\/pl\/2025\/04\/30\/dzien-europy-w-parku-kungstradgarden\/","og_locale":"pl_PL","og_type":"article","og_title":"Dzie\u0144 Europy w parku Kungstr\u00e4dg\u00e5rden - Instytut Polski w Sztokholmie","og_description":"Rok 2025 to 30. rocznica przyst\u0105pienia Szwecji, Austrii i Finlandii do Unii Europejskiej. Z tej okazji Przedstawicielstwo Komisji Europejskiej w Szwecji zaprosi\u0142o instytucje kulturalne i dyplomatyczne do wsp\u00f3lnego zorganizowania programu artystycznego oraz stoisk w ramach Europatorg, gdzie uczestnicz\u0105ce pa\u0144stwa b\u0119dzie mia\u0142o mo\u017cliwo\u015b\u0107 zaprezentowania si\u0119 szerszej publiczno\u015bci. W cz\u0119\u015bci artystycznej wyst\u0105pi m.in. polska skrzypaczka Agnieszka \u015awigut [&hellip;]","og_url":"https:\/\/instytutpolski.pl\/stockholm\/pl\/2025\/04\/30\/dzien-europy-w-parku-kungstradgarden\/","og_site_name":"Instytut Polski w Sztokholmie","article_published_time":"2025-04-30T09:38:01+00:00","article_modified_time":"2025-05-20T12:15:03+00:00","og_image":[{"width":1120,"height":630,"url":"https:\/\/instytutpolski.pl\/stockholm\/wp-content\/uploads\/sites\/17\/2025\/04\/Europadagen_Hemsida-1.jpg","type":"image\/jpeg"}],"author":"treichelp","twitter_card":"summary_large_image","twitter_misc":{"Napisane przez":"treichelp","Szacowany czas czytania":"4 minuty"},"schema":{"@context":"https:\/\/schema.org","@graph":[{"@type":"event","@id":"https:\/\/instytutpolski.pl\/stockholm\/pl\/2025\/04\/30\/dzien-europy-w-parku-kungstradgarden\/","url":"https:\/\/instytutpolski.pl\/stockholm\/pl\/2025\/04\/30\/dzien-europy-w-parku-kungstradgarden\/","name":"Dzie\u0144 Europy w parku Kungstr\u00e4dg\u00e5rden","isPartOf":{"@id":"https:\/\/instytutpolski.pl\/stockholm\/#website"},"primaryImageOfPage":{"@id":"https:\/\/instytutpolski.pl\/stockholm\/pl\/2025\/04\/30\/dzien-europy-w-parku-kungstradgarden\/#primaryimage"},"image":["https:\/\/instytutpolski.pl\/stockholm\/wp-content\/uploads\/sites\/17\/2025\/04\/Europadagen_Hemsida-1.jpg","https:\/\/instytutpolski.pl\/stockholm\/wp-content\/uploads\/sites\/17\/2025\/04\/Europadagen_Hemsida-1-300x169.jpg","https:\/\/instytutpolski.pl\/stockholm\/wp-content\/uploads\/sites\/17\/2025\/04\/Europadagen_Hemsida-1-1024x576.jpg","https:\/\/instytutpolski.pl\/stockholm\/wp-content\/uploads\/sites\/17\/2025\/04\/Europadagen_Hemsida-1.jpg"],"thumbnailUrl":"https:\/\/instytutpolski.pl\/stockholm\/wp-content\/uploads\/sites\/17\/2025\/04\/Europadagen_Hemsida-1.jpg","datePublished":"2025-04-30T09:38:01+02:00","dateModified":"2025-05-20T12:15:03+02:00","author":{"@id":"https:\/\/instytutpolski.pl\/stockholm\/#\/schema\/person\/866a2c0f4ccf0982a286809684f7bc1e"},"breadcrumb":{"@id":"https:\/\/instytutpolski.pl\/stockholm\/pl\/2025\/04\/30\/dzien-europy-w-parku-kungstradgarden\/#breadcrumb"},"inLanguage":"pl-PL","potentialAction":[{"@type":"ReadAction","target":["https:\/\/instytutpolski.pl\/stockholm\/pl\/2025\/04\/30\/dzien-europy-w-parku-kungstradgarden\/"]}],"@context":"https:\/\/schema.org","startDate":"2025-05-09T12:00:00+02:00","endDate":"2025-05-09T05:00:00+02:00","eventStatus":"EventScheduled","eventAttendanceMode":"OfflineEventAttendanceMode","location":{"@type":"place","name":"Kungstr\u00e4dg\u00e5rden, Sztokholm","address":"Kungstr\u00e4dg\u00e5rden, Sztokholm","geo":{"@type":"GeoCoordinates","latitude":"59.4731290652262","longitude":"18.69911066662631"}},"description":"Rok 2025 to 30. rocznica przyst\u0105pienia Szwecji, Austrii i Finlandii do Unii Europejskiej. Z tej okazji Przedstawicielstwo Komisji Europejskiej w Szwecji zaprosi\u0142o instytucje kulturalne i dyplomatyczne do wsp\u00f3lnego zorganizowania programu artystycznego oraz stoisk w ramach Europatorg, gdzie uczestnicz\u0105ce pa\u0144stwa b\u0119dzie mia\u0142o mo\u017cliwo\u015b\u0107 zaprezentowania si\u0119 szerszej publiczno\u015bci.\nW cz\u0119\u015bci artystycznej wyst\u0105pi m.in. polska skrzypaczka Agnieszka \u015awigut wraz ze \u015awigut Trio, w kt\u00f3rego sk\u0142ad wchodz\u0105: Agnieszka \u015awigut (skrzypce), Florian Huber (alt\u00f3wka) i Erik Wahlgren (wiolonczela) \u2013 cz\u0142onkowie orkiestry Opery Kr\u00f3lewskiej w Sztokholmie. Muzycy wykonaj\u0105 utwory polskich kompozytor\u00f3w: Gra\u017cyny Bacewicz i Mieczys\u0142awa Wajnberga.\nPolskie stoisko na Europatorg jest organizowane przez Polsk\u0105 Organizacj\u0119 Turystyczn\u0105, natomiast polski wyst\u0119p muzyczny przygotowywany jest przez Instytut Polski w Sztokholmie. We wsp\u00f3\u0142pracy z Ambasad\u0105 RP w Sztokholmie.\nO muzykach:\nAgnieszka \u015awigut, urodzona w Nowym S\u0105czu, to skrzypaczka, kt\u00f3ra uko\u0144czy\u0142a Uniwersytet Muzyczny Fryderyka Chopina w Warszawie, a nast\u0119pnie odby\u0142a studia podyplomowe z gry na skrzypcach barokowych w Malm\u00f6 i Kopenhadze. Od stycznia 2024 roku jest cz\u0142onkini\u0105 orkiestry Opery Kr\u00f3lewskiej w Sztokholmie, pod batut\u0105 g\u0142\u00f3wnego dyrygenta Alana Gilberta. Jako kameralistka wsp\u00f3\u0142pracuje z czo\u0142owymi polskimi artystami oraz do\u015bwiadczonymi muzykami z najlepszych orkiestr w Sztokholmie, tworz\u0105c Nordic Ensemble. Regularnie koncertuje w duecie z pianistk\u0105 Aleksandr\u0105 \u015awigut, wyst\u0119puj\u0105c w ca\u0142ej Europie i Stanach Zjednoczonych, m.in. podczas Festiwalu Muzyki Paderewskiego w Raleigh. Agnieszka wyst\u0119powa\u0142a na presti\u017cowych scenach, takich jak Royal Albert Hall, Berliner Philharmonie, Elbphilharmonie w Hamburgu czy Wiener Musikverein, oraz bra\u0142a udzia\u0142 w uznanych festiwalach, takich jak BBC Proms i Schleswig-Holstein Musik Festival.\nFlorian Huber, urodzony w Monachium w 1992 roku, rozpocz\u0105\u0142 swoj\u0105 przygod\u0119 z muzyk\u0105 od lekcji gry na skrzypcach w wieku pi\u0119ciu lat i wkr\u00f3tce wyst\u0119powa\u0142 jako solista z orkiestrami m\u0142odzie\u017cowymi. W latach 2008\u20132017 by\u0142 sta\u0142ym cz\u0142onkiem Neue Philharmonie M\u00fcnchen, pe\u0142ni\u0105c funkcj\u0119 koncertmistrza od 2010 roku, zanim przerzuci\u0142 si\u0119 na alt\u00f3wk\u0119 i zosta\u0142 pierwszym altowiolist\u0105 tej orkiestry. Studiowa\u0142 alt\u00f3wk\u0119 u prof. Anny-Kreetty Gribajcevic w Hochschule f\u00fcr Musik und Theater Hamburg, r\u00f3wnocze\u015bnie studiuj\u0105c kompozycj\u0119 u prof. Fredrika Schwenka. Po grze w orkiestrze NDR Elbphilharmonie w latach 2018\u20132020 skoncentrowa\u0142 si\u0119 na muzyce kameralnej. Od pocz\u0105tku 2022 roku jest wsp\u00f3\u0142pierwszym altowiolist\u0105 orkiestry Opery Kr\u00f3lewskiej w Sztokholmie.\nErik Wahlgren to szwedzki wiolonczelista, kt\u00f3ry studiowa\u0142 w Kr\u00f3lewskiej Akademii Muzycznej w Sztokholmie, Akademii Sibeliusa w Helsinkach oraz w Instytucie Muzycznym Edsberg. Obecnie jest pierwszym wiolonczelist\u0105 orkiestry Opery Kr\u00f3lewskiej (Kungliga Hovkapellet) w Sztokholmie. Jako solista wyst\u0119powa\u0142 pod batut\u0105 takich dyrygent\u00f3w jak Okko Kamu, Anthony Halstead, Paul M\u00e4gi czy Andrew Litton. Jest r\u00f3wnie\u017c uznanym wykonawc\u0105 muzyki barokowej \u2013 wsp\u00f3\u0142pracuje z Drottningholms Barockensemble oraz prowadzi w\u0142asny zesp\u00f3\u0142 Ensemble Kl\u00e4robskyr. Opr\u00f3cz dzia\u0142alno\u015bci orkiestrowej, aktywnie dzia\u0142a jako kameralista i jest cz\u0142onkiem kwartetu Vamlingbokvartetten.\nWi\u0119cej informacji znajdziesz TUTAJ (szw.)"},{"@type":"ImageObject","inLanguage":"pl-PL","@id":"https:\/\/instytutpolski.pl\/stockholm\/pl\/2025\/04\/30\/dzien-europy-w-parku-kungstradgarden\/#primaryimage","url":"https:\/\/instytutpolski.pl\/stockholm\/wp-content\/uploads\/sites\/17\/2025\/04\/Europadagen_Hemsida-1.jpg","contentUrl":"https:\/\/instytutpolski.pl\/stockholm\/wp-content\/uploads\/sites\/17\/2025\/04\/Europadagen_Hemsida-1.jpg","width":1120,"height":630},{"@type":"BreadcrumbList","@id":"https:\/\/instytutpolski.pl\/stockholm\/pl\/2025\/04\/30\/dzien-europy-w-parku-kungstradgarden\/#breadcrumb","itemListElement":[{"@type":"ListItem","position":1,"name":"Home","item":"https:\/\/instytutpolski.pl\/stockholm\/"},{"@type":"ListItem","position":2,"name":"Dzie\u0144 Europy w parku Kungstr\u00e4dg\u00e5rden"}]},{"@type":"WebSite","@id":"https:\/\/instytutpolski.pl\/stockholm\/#website","url":"https:\/\/instytutpolski.pl\/stockholm\/","name":"Instytut Polski w Sztokholmie","description":"Instytuty Polskie","potentialAction":[{"@type":"SearchAction","target":{"@type":"EntryPoint","urlTemplate":"https:\/\/instytutpolski.pl\/stockholm\/?s={search_term_string}"},"query-input":{"@type":"PropertyValueSpecification","valueRequired":true,"valueName":"search_term_string"}}],"inLanguage":"pl-PL"},{"@type":"Person","@id":"https:\/\/instytutpolski.pl\/stockholm\/#\/schema\/person\/866a2c0f4ccf0982a286809684f7bc1e","name":"treichelp","image":{"@type":"ImageObject","inLanguage":"pl-PL","@id":"https:\/\/instytutpolski.pl\/stockholm\/#\/schema\/person\/image\/","url":"https:\/\/secure.gravatar.com\/avatar\/fb2c1caae0df0854742a56fc463dd1fb?s=96&d=mm&r=g","contentUrl":"https:\/\/secure.gravatar.com\/avatar\/fb2c1caae0df0854742a56fc463dd1fb?s=96&d=mm&r=g","caption":"treichelp"},"url":"https:\/\/instytutpolski.pl\/stockholm\/author\/treichelp\/"}]}},"_links":{"self":[{"href":"https:\/\/instytutpolski.pl\/stockholm\/wp-json\/wp\/v2\/posts\/13963","targetHints":{"allow":["GET"]}}],"collection":[{"href":"https:\/\/instytutpolski.pl\/stockholm\/wp-json\/wp\/v2\/posts"}],"about":[{"href":"https:\/\/instytutpolski.pl\/stockholm\/wp-json\/wp\/v2\/types\/post"}],"author":[{"embeddable":true,"href":"https:\/\/instytutpolski.pl\/stockholm\/wp-json\/wp\/v2\/users\/173"}],"replies":[{"embeddable":true,"href":"https:\/\/instytutpolski.pl\/stockholm\/wp-json\/wp\/v2\/comments?post=13963"}],"version-history":[{"count":5,"href":"https:\/\/instytutpolski.pl\/stockholm\/wp-json\/wp\/v2\/posts\/13963\/revisions"}],"predecessor-version":[{"id":14053,"href":"https:\/\/instytutpolski.pl\/stockholm\/wp-json\/wp\/v2\/posts\/13963\/revisions\/14053"}],"wp:featuredmedia":[{"embeddable":true,"href":"https:\/\/instytutpolski.pl\/stockholm\/wp-json\/wp\/v2\/media\/13954"}],"wp:attachment":[{"href":"https:\/\/instytutpolski.pl\/stockholm\/wp-json\/wp\/v2\/media?parent=13963"}],"wp:term":[{"taxonomy":"category","embeddable":true,"href":"https:\/\/instytutpolski.pl\/stockholm\/wp-json\/wp\/v2\/categories?post=13963"},{"taxonomy":"post_tag","embeddable":true,"href":"https:\/\/instytutpolski.pl\/stockholm\/wp-json\/wp\/v2\/tags?post=13963"}],"curies":[{"name":"wp","href":"https:\/\/api.w.org\/{rel}","templated":true}]}}