{"id":13994,"date":"2025-04-30T13:23:41","date_gmt":"2025-04-30T11:23:41","guid":{"rendered":"https:\/\/instytutpolski.pl\/stockholm\/?p=13994"},"modified":"2025-04-30T13:31:22","modified_gmt":"2025-04-30T11:31:22","slug":"miedzynarodowy-dzien-dziecka-w-humlegarden-2","status":"publish","type":"post","link":"https:\/\/instytutpolski.pl\/stockholm\/pl\/2025\/04\/30\/miedzynarodowy-dzien-dziecka-w-humlegarden-2\/","title":{"rendered":"Mi\u0119dzynarodowy Dzie\u0144 Dziecka w Humleg\u00e5rden"},"content":{"rendered":"\n<p>Instytut Polski w Sztokholmie wraz z Centrum Czeskim w Sztokholmie, Stowarzyszeniem Szwedzko-Czesko-S\u0142owackim, Ambasada Republiki Czeskiej, Ambasad\u0105 W\u0119gier i Ambasad\u0105 S\u0142owacji zapraszaj\u0105 na trzeci\u0105 edycj\u0119 obchod\u00f3w KIDS V4 (Grupy Wyszehradzkiej) &#8211; Mi\u0119dzynarodowego Dnia Dziecka w Sztokholmie.<\/p>\n\n\n\n<p>Zabierz ze sob\u0105 w\u0142asny koc piknikowy i ciesz si\u0119 s\u0142oneczn\u0105 pogod\u0105 razem z nami w pi\u0119knym Humleg\u00e5rden. Czeka na nas wiele ciekawych zaj\u0119\u0107. B\u0119dziesz m\u00f3g\u0142 wybiera\u0107 pomi\u0119dzy sztuk\u0105 i ta\u0144cem lub niekt\u00f3rymi zaj\u0119ciami fizycznymi.<\/p>\n\n\n\n<p>Zaj\u0119cia taneczne z zakresu polskiego ta\u0144ca ludowego poprowadz\u0105 tancerze z Piastowie \u2013 Zesp\u00f3\u0142 Ta\u0144ca Ludowego w Sztokholmie.<\/p>\n\n\n<div class=\"wp-block-image\">\n<figure class=\"aligncenter size-large\"><img loading=\"lazy\" decoding=\"async\" width=\"724\" height=\"1024\" src=\"https:\/\/instytutpolski.pl\/stockholm\/wp-content\/uploads\/sites\/17\/2025\/04\/V4-2025-1-724x1024.png\" alt=\"\" class=\"wp-image-13995\" srcset=\"https:\/\/instytutpolski.pl\/stockholm\/wp-content\/uploads\/sites\/17\/2025\/04\/V4-2025-1-724x1024.png 724w, https:\/\/instytutpolski.pl\/stockholm\/wp-content\/uploads\/sites\/17\/2025\/04\/V4-2025-1-212x300.png 212w, https:\/\/instytutpolski.pl\/stockholm\/wp-content\/uploads\/sites\/17\/2025\/04\/V4-2025-1-768x1086.png 768w, https:\/\/instytutpolski.pl\/stockholm\/wp-content\/uploads\/sites\/17\/2025\/04\/V4-2025-1-1086x1536.png 1086w, https:\/\/instytutpolski.pl\/stockholm\/wp-content\/uploads\/sites\/17\/2025\/04\/V4-2025-1.png 1414w\" sizes=\"auto, (max-width: 724px) 100vw, 724px\" \/><\/figure><\/div>\n\n\n<div style=\"height:34px\" aria-hidden=\"true\" class=\"wp-block-spacer\"><\/div>\n\n\n\n<p>Zarejestruj si\u0119 poprzez link <a href=\"https:\/\/forms.gle\/x8wvH41WNWH1eEeh8\">TUTAJ<\/a><\/p>\n\n\n\n<div style=\"height:38px\" aria-hidden=\"true\" class=\"wp-block-spacer\"><\/div>\n\n\n\n<p>Kiedy: niedziela, 1 czerwca 2025 r. 11.30 &#8211; 14.00<\/p>\n\n\n\n<p>Gdzie: Humleg\u00e5rden, Karlav\u00e4gen 32, Sztokholm<\/p>\n","protected":false},"excerpt":{"rendered":"<p>Instytut Polski w Sztokholmie wraz z Centrum Czeskim w Sztokholmie, Stowarzyszeniem Szwedzko-Czesko-S\u0142owackim, Ambasada Republiki Czeskiej, Ambasad\u0105 W\u0119gier i Ambasad\u0105 S\u0142owacji zapraszaj\u0105 na trzeci\u0105 edycj\u0119 obchod\u00f3w KIDS V4 (Grupy Wyszehradzkiej) &#8211; Mi\u0119dzynarodowego Dnia Dziecka w Sztokholmie. Zabierz ze sob\u0105 w\u0142asny koc piknikowy i ciesz si\u0119 s\u0142oneczn\u0105 pogod\u0105 razem z nami w pi\u0119knym Humleg\u00e5rden. Czeka na nas [&hellip;]<\/p>\n","protected":false},"author":173,"featured_media":13986,"comment_status":"closed","ping_status":"open","sticky":false,"template":"","format":"standard","meta":{"inline_featured_image":false,"_monsterinsights_skip_tracking":false,"_monsterinsights_sitenote_active":false,"_monsterinsights_sitenote_note":"","_monsterinsights_sitenote_category":0,"footnotes":""},"categories":[224,36],"tags":[],"class_list":["post-13994","post","type-post","status-publish","format-standard","has-post-thumbnail","hentry","category-aktualnosc-pl","category-wydarzenie"],"yoast_head":"<!-- This site is optimized with the Yoast SEO plugin v24.6 - https:\/\/yoast.com\/wordpress\/plugins\/seo\/ -->\n<title>Mi\u0119dzynarodowy Dzie\u0144 Dziecka w Humleg\u00e5rden - Instytut Polski w Sztokholmie<\/title>\n<meta name=\"description\" content=\"Vi firar Internationella barndagen 1 juni 2025 i Humleg\u00e5rden. Vi och v\u00e5ra samarbetspartner ordnar kreativa och fysiska lekar och aktiviteter s\u00e5 att barnen kan utvecklas och roa sig.\" \/>\n<meta name=\"robots\" content=\"index, follow, max-snippet:-1, max-image-preview:large, max-video-preview:-1\" \/>\n<link rel=\"canonical\" href=\"https:\/\/instytutpolski.pl\/stockholm\/pl\/2025\/04\/30\/miedzynarodowy-dzien-dziecka-w-humlegarden-2\/\" \/>\n<meta property=\"og:locale\" content=\"pl_PL\" \/>\n<meta property=\"og:type\" content=\"article\" \/>\n<meta property=\"og:title\" content=\"Mi\u0119dzynarodowy Dzie\u0144 Dziecka w Humleg\u00e5rden - Instytut Polski w Sztokholmie\" \/>\n<meta property=\"og:description\" content=\"Vi firar Internationella barndagen 1 juni 2025 i Humleg\u00e5rden. Vi och v\u00e5ra samarbetspartner ordnar kreativa och fysiska lekar och aktiviteter s\u00e5 att barnen kan utvecklas och roa sig.\" \/>\n<meta property=\"og:url\" content=\"https:\/\/instytutpolski.pl\/stockholm\/pl\/2025\/04\/30\/miedzynarodowy-dzien-dziecka-w-humlegarden-2\/\" \/>\n<meta property=\"og:site_name\" content=\"Instytut Polski w Sztokholmie\" \/>\n<meta property=\"article:published_time\" content=\"2025-04-30T11:23:41+00:00\" \/>\n<meta property=\"article:modified_time\" content=\"2025-04-30T11:31:22+00:00\" \/>\n<meta property=\"og:image\" content=\"https:\/\/instytutpolski.pl\/stockholm\/wp-content\/uploads\/sites\/17\/2025\/04\/v4-kids-web-se.png\" \/>\n\t<meta property=\"og:image:width\" content=\"1120\" \/>\n\t<meta property=\"og:image:height\" content=\"630\" \/>\n\t<meta property=\"og:image:type\" content=\"image\/png\" \/>\n<meta name=\"author\" content=\"treichelp\" \/>\n<meta name=\"twitter:card\" content=\"summary_large_image\" \/>\n<meta name=\"twitter:label1\" content=\"Napisane przez\" \/>\n\t<meta name=\"twitter:data1\" content=\"treichelp\" \/>\n\t<meta name=\"twitter:label2\" content=\"Szacowany czas czytania\" \/>\n\t<meta name=\"twitter:data2\" content=\"2 minuty\" \/>\n<script type=\"application\/ld+json\" class=\"yoast-schema-graph\">{\"@context\":\"https:\/\/schema.org\",\"@graph\":[{\"@type\":\"event\",\"@id\":\"https:\/\/instytutpolski.pl\/stockholm\/pl\/2025\/04\/30\/miedzynarodowy-dzien-dziecka-w-humlegarden-2\/\",\"url\":\"https:\/\/instytutpolski.pl\/stockholm\/pl\/2025\/04\/30\/miedzynarodowy-dzien-dziecka-w-humlegarden-2\/\",\"name\":\"Mi\u0119dzynarodowy Dzie\u0144 Dziecka w Humleg\u00e5rden\",\"isPartOf\":{\"@id\":\"https:\/\/instytutpolski.pl\/stockholm\/#website\"},\"primaryImageOfPage\":{\"@id\":\"https:\/\/instytutpolski.pl\/stockholm\/pl\/2025\/04\/30\/miedzynarodowy-dzien-dziecka-w-humlegarden-2\/#primaryimage\"},\"image\":[\"https:\/\/instytutpolski.pl\/stockholm\/wp-content\/uploads\/sites\/17\/2025\/04\/v4-kids-web-se.png\",\"https:\/\/instytutpolski.pl\/stockholm\/wp-content\/uploads\/sites\/17\/2025\/04\/v4-kids-web-se-300x169.png\",\"https:\/\/instytutpolski.pl\/stockholm\/wp-content\/uploads\/sites\/17\/2025\/04\/v4-kids-web-se-1024x576.png\",\"https:\/\/instytutpolski.pl\/stockholm\/wp-content\/uploads\/sites\/17\/2025\/04\/v4-kids-web-se.png\"],\"thumbnailUrl\":\"https:\/\/instytutpolski.pl\/stockholm\/wp-content\/uploads\/sites\/17\/2025\/04\/v4-kids-web-se.png\",\"datePublished\":\"2025-04-30T11:23:41+02:00\",\"dateModified\":\"2025-04-30T11:31:22+02:00\",\"author\":{\"@id\":\"https:\/\/instytutpolski.pl\/stockholm\/#\/schema\/person\/866a2c0f4ccf0982a286809684f7bc1e\"},\"description\":\"Instytut Polski w Sztokholmie wraz z Centrum Czeskim w Sztokholmie, Stowarzyszeniem Szwedzko-Czesko-S\u0142owackim, Ambasada Republiki Czeskiej, Ambasad\u0105 W\u0119gier i Ambasad\u0105 S\u0142owacji zapraszaj\u0105 na trzeci\u0105 edycj\u0119 obchod\u00f3w KIDS V4 (Grupy Wyszehradzkiej) - Mi\u0119dzynarodowego Dnia Dziecka w Sztokholmie.\\nZabierz ze sob\u0105 w\u0142asny koc piknikowy i ciesz si\u0119 s\u0142oneczn\u0105 pogod\u0105 razem z nami w pi\u0119knym Humleg\u00e5rden. Czeka na nas wiele ciekawych zaj\u0119\u0107. B\u0119dziesz m\u00f3g\u0142 wybiera\u0107 pomi\u0119dzy sztuk\u0105 i ta\u0144cem lub niekt\u00f3rymi zaj\u0119ciami fizycznymi.\\nZaj\u0119cia taneczne z zakresu polskiego ta\u0144ca ludowego poprowadz\u0105 tancerze z Piastowie \u2013 Zesp\u00f3\u0142 Ta\u0144ca Ludowego w Sztokholmie.\\nZarejestruj si\u0119 poprzez link TUTAJ\\nKiedy: niedziela, 1 czerwca 2025 r. 11.30 - 14.00\\nGdzie: Humleg\u00e5rden, Karlav\u00e4gen 32, Sztokholm\",\"breadcrumb\":{\"@id\":\"https:\/\/instytutpolski.pl\/stockholm\/pl\/2025\/04\/30\/miedzynarodowy-dzien-dziecka-w-humlegarden-2\/#breadcrumb\"},\"inLanguage\":\"pl-PL\",\"potentialAction\":[{\"@type\":\"ReadAction\",\"target\":[\"https:\/\/instytutpolski.pl\/stockholm\/pl\/2025\/04\/30\/miedzynarodowy-dzien-dziecka-w-humlegarden-2\/\"]}],\"@context\":\"https:\/\/schema.org\",\"startDate\":\"2025-06-01T11:30:00+02:00\",\"endDate\":\"2025-06-01T02:00:00+02:00\",\"eventStatus\":\"EventScheduled\",\"eventAttendanceMode\":\"OfflineEventAttendanceMode\",\"location\":{\"@type\":\"place\",\"name\":\"\",\"address\":\"\",\"geo\":{\"@type\":\"GeoCoordinates\",\"latitude\":\"\",\"longitude\":\"\"}}},{\"@type\":\"ImageObject\",\"inLanguage\":\"pl-PL\",\"@id\":\"https:\/\/instytutpolski.pl\/stockholm\/pl\/2025\/04\/30\/miedzynarodowy-dzien-dziecka-w-humlegarden-2\/#primaryimage\",\"url\":\"https:\/\/instytutpolski.pl\/stockholm\/wp-content\/uploads\/sites\/17\/2025\/04\/v4-kids-web-se.png\",\"contentUrl\":\"https:\/\/instytutpolski.pl\/stockholm\/wp-content\/uploads\/sites\/17\/2025\/04\/v4-kids-web-se.png\",\"width\":1120,\"height\":630},{\"@type\":\"BreadcrumbList\",\"@id\":\"https:\/\/instytutpolski.pl\/stockholm\/pl\/2025\/04\/30\/miedzynarodowy-dzien-dziecka-w-humlegarden-2\/#breadcrumb\",\"itemListElement\":[{\"@type\":\"ListItem\",\"position\":1,\"name\":\"Home\",\"item\":\"https:\/\/instytutpolski.pl\/stockholm\/\"},{\"@type\":\"ListItem\",\"position\":2,\"name\":\"Mi\u0119dzynarodowy Dzie\u0144 Dziecka w Humleg\u00e5rden\"}]},{\"@type\":\"WebSite\",\"@id\":\"https:\/\/instytutpolski.pl\/stockholm\/#website\",\"url\":\"https:\/\/instytutpolski.pl\/stockholm\/\",\"name\":\"Instytut Polski w Sztokholmie\",\"description\":\"Instytuty Polskie\",\"potentialAction\":[{\"@type\":\"SearchAction\",\"target\":{\"@type\":\"EntryPoint\",\"urlTemplate\":\"https:\/\/instytutpolski.pl\/stockholm\/?s={search_term_string}\"},\"query-input\":{\"@type\":\"PropertyValueSpecification\",\"valueRequired\":true,\"valueName\":\"search_term_string\"}}],\"inLanguage\":\"pl-PL\"},{\"@type\":\"Person\",\"@id\":\"https:\/\/instytutpolski.pl\/stockholm\/#\/schema\/person\/866a2c0f4ccf0982a286809684f7bc1e\",\"name\":\"treichelp\",\"image\":{\"@type\":\"ImageObject\",\"inLanguage\":\"pl-PL\",\"@id\":\"https:\/\/instytutpolski.pl\/stockholm\/#\/schema\/person\/image\/\",\"url\":\"https:\/\/secure.gravatar.com\/avatar\/fb2c1caae0df0854742a56fc463dd1fb?s=96&d=mm&r=g\",\"contentUrl\":\"https:\/\/secure.gravatar.com\/avatar\/fb2c1caae0df0854742a56fc463dd1fb?s=96&d=mm&r=g\",\"caption\":\"treichelp\"},\"url\":\"https:\/\/instytutpolski.pl\/stockholm\/author\/treichelp\/\"}]}<\/script>\n<!-- \/ Yoast SEO plugin. -->","yoast_head_json":{"title":"Mi\u0119dzynarodowy Dzie\u0144 Dziecka w Humleg\u00e5rden - Instytut Polski w Sztokholmie","description":"Vi firar Internationella barndagen 1 juni 2025 i Humleg\u00e5rden. Vi och v\u00e5ra samarbetspartner ordnar kreativa och fysiska lekar och aktiviteter s\u00e5 att barnen kan utvecklas och roa sig.","robots":{"index":"index","follow":"follow","max-snippet":"max-snippet:-1","max-image-preview":"max-image-preview:large","max-video-preview":"max-video-preview:-1"},"canonical":"https:\/\/instytutpolski.pl\/stockholm\/pl\/2025\/04\/30\/miedzynarodowy-dzien-dziecka-w-humlegarden-2\/","og_locale":"pl_PL","og_type":"article","og_title":"Mi\u0119dzynarodowy Dzie\u0144 Dziecka w Humleg\u00e5rden - Instytut Polski w Sztokholmie","og_description":"Vi firar Internationella barndagen 1 juni 2025 i Humleg\u00e5rden. Vi och v\u00e5ra samarbetspartner ordnar kreativa och fysiska lekar och aktiviteter s\u00e5 att barnen kan utvecklas och roa sig.","og_url":"https:\/\/instytutpolski.pl\/stockholm\/pl\/2025\/04\/30\/miedzynarodowy-dzien-dziecka-w-humlegarden-2\/","og_site_name":"Instytut Polski w Sztokholmie","article_published_time":"2025-04-30T11:23:41+00:00","article_modified_time":"2025-04-30T11:31:22+00:00","og_image":[{"width":1120,"height":630,"url":"https:\/\/instytutpolski.pl\/stockholm\/wp-content\/uploads\/sites\/17\/2025\/04\/v4-kids-web-se.png","type":"image\/png"}],"author":"treichelp","twitter_card":"summary_large_image","twitter_misc":{"Napisane przez":"treichelp","Szacowany czas czytania":"2 minuty"},"schema":{"@context":"https:\/\/schema.org","@graph":[{"@type":"event","@id":"https:\/\/instytutpolski.pl\/stockholm\/pl\/2025\/04\/30\/miedzynarodowy-dzien-dziecka-w-humlegarden-2\/","url":"https:\/\/instytutpolski.pl\/stockholm\/pl\/2025\/04\/30\/miedzynarodowy-dzien-dziecka-w-humlegarden-2\/","name":"Mi\u0119dzynarodowy Dzie\u0144 Dziecka w Humleg\u00e5rden","isPartOf":{"@id":"https:\/\/instytutpolski.pl\/stockholm\/#website"},"primaryImageOfPage":{"@id":"https:\/\/instytutpolski.pl\/stockholm\/pl\/2025\/04\/30\/miedzynarodowy-dzien-dziecka-w-humlegarden-2\/#primaryimage"},"image":["https:\/\/instytutpolski.pl\/stockholm\/wp-content\/uploads\/sites\/17\/2025\/04\/v4-kids-web-se.png","https:\/\/instytutpolski.pl\/stockholm\/wp-content\/uploads\/sites\/17\/2025\/04\/v4-kids-web-se-300x169.png","https:\/\/instytutpolski.pl\/stockholm\/wp-content\/uploads\/sites\/17\/2025\/04\/v4-kids-web-se-1024x576.png","https:\/\/instytutpolski.pl\/stockholm\/wp-content\/uploads\/sites\/17\/2025\/04\/v4-kids-web-se.png"],"thumbnailUrl":"https:\/\/instytutpolski.pl\/stockholm\/wp-content\/uploads\/sites\/17\/2025\/04\/v4-kids-web-se.png","datePublished":"2025-04-30T11:23:41+02:00","dateModified":"2025-04-30T11:31:22+02:00","author":{"@id":"https:\/\/instytutpolski.pl\/stockholm\/#\/schema\/person\/866a2c0f4ccf0982a286809684f7bc1e"},"description":"Instytut Polski w Sztokholmie wraz z Centrum Czeskim w Sztokholmie, Stowarzyszeniem Szwedzko-Czesko-S\u0142owackim, Ambasada Republiki Czeskiej, Ambasad\u0105 W\u0119gier i Ambasad\u0105 S\u0142owacji zapraszaj\u0105 na trzeci\u0105 edycj\u0119 obchod\u00f3w KIDS V4 (Grupy Wyszehradzkiej) - Mi\u0119dzynarodowego Dnia Dziecka w Sztokholmie.\nZabierz ze sob\u0105 w\u0142asny koc piknikowy i ciesz si\u0119 s\u0142oneczn\u0105 pogod\u0105 razem z nami w pi\u0119knym Humleg\u00e5rden. Czeka na nas wiele ciekawych zaj\u0119\u0107. B\u0119dziesz m\u00f3g\u0142 wybiera\u0107 pomi\u0119dzy sztuk\u0105 i ta\u0144cem lub niekt\u00f3rymi zaj\u0119ciami fizycznymi.\nZaj\u0119cia taneczne z zakresu polskiego ta\u0144ca ludowego poprowadz\u0105 tancerze z Piastowie \u2013 Zesp\u00f3\u0142 Ta\u0144ca Ludowego w Sztokholmie.\nZarejestruj si\u0119 poprzez link TUTAJ\nKiedy: niedziela, 1 czerwca 2025 r. 11.30 - 14.00\nGdzie: Humleg\u00e5rden, Karlav\u00e4gen 32, Sztokholm","breadcrumb":{"@id":"https:\/\/instytutpolski.pl\/stockholm\/pl\/2025\/04\/30\/miedzynarodowy-dzien-dziecka-w-humlegarden-2\/#breadcrumb"},"inLanguage":"pl-PL","potentialAction":[{"@type":"ReadAction","target":["https:\/\/instytutpolski.pl\/stockholm\/pl\/2025\/04\/30\/miedzynarodowy-dzien-dziecka-w-humlegarden-2\/"]}],"@context":"https:\/\/schema.org","startDate":"2025-06-01T11:30:00+02:00","endDate":"2025-06-01T02:00:00+02:00","eventStatus":"EventScheduled","eventAttendanceMode":"OfflineEventAttendanceMode","location":{"@type":"place","name":"","address":"","geo":{"@type":"GeoCoordinates","latitude":"","longitude":""}}},{"@type":"ImageObject","inLanguage":"pl-PL","@id":"https:\/\/instytutpolski.pl\/stockholm\/pl\/2025\/04\/30\/miedzynarodowy-dzien-dziecka-w-humlegarden-2\/#primaryimage","url":"https:\/\/instytutpolski.pl\/stockholm\/wp-content\/uploads\/sites\/17\/2025\/04\/v4-kids-web-se.png","contentUrl":"https:\/\/instytutpolski.pl\/stockholm\/wp-content\/uploads\/sites\/17\/2025\/04\/v4-kids-web-se.png","width":1120,"height":630},{"@type":"BreadcrumbList","@id":"https:\/\/instytutpolski.pl\/stockholm\/pl\/2025\/04\/30\/miedzynarodowy-dzien-dziecka-w-humlegarden-2\/#breadcrumb","itemListElement":[{"@type":"ListItem","position":1,"name":"Home","item":"https:\/\/instytutpolski.pl\/stockholm\/"},{"@type":"ListItem","position":2,"name":"Mi\u0119dzynarodowy Dzie\u0144 Dziecka w Humleg\u00e5rden"}]},{"@type":"WebSite","@id":"https:\/\/instytutpolski.pl\/stockholm\/#website","url":"https:\/\/instytutpolski.pl\/stockholm\/","name":"Instytut Polski w Sztokholmie","description":"Instytuty Polskie","potentialAction":[{"@type":"SearchAction","target":{"@type":"EntryPoint","urlTemplate":"https:\/\/instytutpolski.pl\/stockholm\/?s={search_term_string}"},"query-input":{"@type":"PropertyValueSpecification","valueRequired":true,"valueName":"search_term_string"}}],"inLanguage":"pl-PL"},{"@type":"Person","@id":"https:\/\/instytutpolski.pl\/stockholm\/#\/schema\/person\/866a2c0f4ccf0982a286809684f7bc1e","name":"treichelp","image":{"@type":"ImageObject","inLanguage":"pl-PL","@id":"https:\/\/instytutpolski.pl\/stockholm\/#\/schema\/person\/image\/","url":"https:\/\/secure.gravatar.com\/avatar\/fb2c1caae0df0854742a56fc463dd1fb?s=96&d=mm&r=g","contentUrl":"https:\/\/secure.gravatar.com\/avatar\/fb2c1caae0df0854742a56fc463dd1fb?s=96&d=mm&r=g","caption":"treichelp"},"url":"https:\/\/instytutpolski.pl\/stockholm\/author\/treichelp\/"}]}},"_links":{"self":[{"href":"https:\/\/instytutpolski.pl\/stockholm\/wp-json\/wp\/v2\/posts\/13994","targetHints":{"allow":["GET"]}}],"collection":[{"href":"https:\/\/instytutpolski.pl\/stockholm\/wp-json\/wp\/v2\/posts"}],"about":[{"href":"https:\/\/instytutpolski.pl\/stockholm\/wp-json\/wp\/v2\/types\/post"}],"author":[{"embeddable":true,"href":"https:\/\/instytutpolski.pl\/stockholm\/wp-json\/wp\/v2\/users\/173"}],"replies":[{"embeddable":true,"href":"https:\/\/instytutpolski.pl\/stockholm\/wp-json\/wp\/v2\/comments?post=13994"}],"version-history":[{"count":4,"href":"https:\/\/instytutpolski.pl\/stockholm\/wp-json\/wp\/v2\/posts\/13994\/revisions"}],"predecessor-version":[{"id":13999,"href":"https:\/\/instytutpolski.pl\/stockholm\/wp-json\/wp\/v2\/posts\/13994\/revisions\/13999"}],"wp:featuredmedia":[{"embeddable":true,"href":"https:\/\/instytutpolski.pl\/stockholm\/wp-json\/wp\/v2\/media\/13986"}],"wp:attachment":[{"href":"https:\/\/instytutpolski.pl\/stockholm\/wp-json\/wp\/v2\/media?parent=13994"}],"wp:term":[{"taxonomy":"category","embeddable":true,"href":"https:\/\/instytutpolski.pl\/stockholm\/wp-json\/wp\/v2\/categories?post=13994"},{"taxonomy":"post_tag","embeddable":true,"href":"https:\/\/instytutpolski.pl\/stockholm\/wp-json\/wp\/v2\/tags?post=13994"}],"curies":[{"name":"wp","href":"https:\/\/api.w.org\/{rel}","templated":true}]}}