{"id":14106,"date":"2025-05-30T13:59:31","date_gmt":"2025-05-30T11:59:31","guid":{"rendered":"https:\/\/instytutpolski.pl\/stockholm\/?p=14106"},"modified":"2025-05-30T15:33:19","modified_gmt":"2025-05-30T13:33:19","slug":"mikolaj-grynberg-w-szwecji-literackie-spotkania-o-tozsamosci-pamieci-i-sytuacji-spolecznosci-zydowskiej-w-polsce","status":"publish","type":"post","link":"https:\/\/instytutpolski.pl\/stockholm\/pl\/2025\/05\/30\/mikolaj-grynberg-w-szwecji-literackie-spotkania-o-tozsamosci-pamieci-i-sytuacji-spolecznosci-zydowskiej-w-polsce\/","title":{"rendered":"Miko\u0142aj Grynberg w Szwecji \u2013 literackie spotkania o to\u017csamo\u015bci, pami\u0119ci i sytuacji spo\u0142eczno\u015bci \u017cydowskiej w Polsce"},"content":{"rendered":"\n<p>W ramach swojej trasy po Szwecji Grynberg wzi\u0105\u0142 udzia\u0142 w trzech spotkaniach autorskich: z Theres\u0105 Ben\u00e9r w Bokv\u00e4rlden w Malm\u00f6, z Ann\u0105 Grinzweig Jacobsson w ramach Judiska salongen w G\u00f6teborgs Litteraturhus, a tak\u017ce z Hynkem Pallasem podczas Jewish Book Festival w Konstakademien w Sztokholmie.<\/p>\n\n\n\n<p>Serdeczne podzi\u0119kowania dla autora Miko\u0142aja Grynberga, t\u0142umacza Tomasa H\u00e5kansona, wydawcy Pera Bergstr\u00f6ma oraz pozosta\u0142ych zaanga\u017cowanych za warto\u015bciowe spotkania i rozmowy o pami\u0119ci i to\u017csamo\u015bci.<\/p>\n\n\n\n<p><strong>Recenzje ksi\u0105\u017cki <em>Rabalder<\/em> w szwedzkich mediach:<br><\/strong><em><a href=\"https:\/\/www.dn.se\/kultur\/mikolaj-grynbergs-korta-berattelser-utspelar-sig-nara-katastrofernas-hjarta\/\" target=\"_blank\" rel=\"noreferrer noopener\">Miko\u0142aj Grynbergs korta ber\u00e4ttelser utspelar sig n\u00e4ra katastrofernas hj\u00e4rta<\/a><\/em> \u2013 Gabriel Itkes-Sznap, Dagens Nyheter<\/p>\n\n\n\n<p><em><a href=\"https:\/\/www.gp.se\/kultur\/litteratur\/litteraturrecension\/novellerna-om-judiska-liv-ar-lackerade-med-sorg-.ef7e2caf-cc44-411b-9b3e-c9030ae55a44\" target=\"_blank\" rel=\"noreferrer noopener\">Novellerna om judiska liv \u00e4r lackerade med sorg<\/a><\/em> \u2013 Hynek Pallas, G\u00f6teborgs-Posten<\/p>\n\n\n\n<p>Sveriges Radio, Lina Kalmteg w <em><a href=\"https:\/\/www.sverigesradio.se\/avsnitt\/2588013\" target=\"_blank\" rel=\"noreferrer noopener\">Kulturnytt<\/a><\/em> (3:20 min)<\/p>\n\n\n\n<p>Wizyta zosta\u0142a zorganizowana przy wsparciu Instytutu Polskiego w Sztokholmie.<\/p>\n\n\n\n<p>Foto: Wydawnictwo R\u00e1mus f\u00f6rlag oraz Instytut Polski w Sztokholmie<\/p>\n\n\n\n<figure class=\"wp-block-gallery has-nested-images columns-default is-cropped wp-block-gallery-1 is-layout-flex wp-block-gallery-is-layout-flex\">\n<figure class=\"wp-block-image size-large\"><img loading=\"lazy\" decoding=\"async\" width=\"1024\" height=\"768\" data-id=\"14092\" src=\"https:\/\/instytutpolski.pl\/stockholm\/wp-content\/uploads\/sites\/17\/2025\/05\/a9879dab-a3ba-43a7-ba71-427af1d6db67-1024x768.jpg\" alt=\"\" class=\"wp-image-14092\" srcset=\"https:\/\/instytutpolski.pl\/stockholm\/wp-content\/uploads\/sites\/17\/2025\/05\/a9879dab-a3ba-43a7-ba71-427af1d6db67-1024x768.jpg 1024w, https:\/\/instytutpolski.pl\/stockholm\/wp-content\/uploads\/sites\/17\/2025\/05\/a9879dab-a3ba-43a7-ba71-427af1d6db67-300x225.jpg 300w, https:\/\/instytutpolski.pl\/stockholm\/wp-content\/uploads\/sites\/17\/2025\/05\/a9879dab-a3ba-43a7-ba71-427af1d6db67-768x576.jpg 768w, https:\/\/instytutpolski.pl\/stockholm\/wp-content\/uploads\/sites\/17\/2025\/05\/a9879dab-a3ba-43a7-ba71-427af1d6db67-1536x1152.jpg 1536w, https:\/\/instytutpolski.pl\/stockholm\/wp-content\/uploads\/sites\/17\/2025\/05\/a9879dab-a3ba-43a7-ba71-427af1d6db67.jpg 2048w\" sizes=\"auto, (max-width: 1024px) 100vw, 1024px\" \/><\/figure>\n\n\n\n<figure class=\"wp-block-image size-large\"><img loading=\"lazy\" decoding=\"async\" width=\"1024\" height=\"768\" data-id=\"14090\" src=\"https:\/\/instytutpolski.pl\/stockholm\/wp-content\/uploads\/sites\/17\/2025\/05\/ae85811a-1c2e-48b7-b3d7-80f455f05665-1024x768.jpg\" alt=\"\" class=\"wp-image-14090\" srcset=\"https:\/\/instytutpolski.pl\/stockholm\/wp-content\/uploads\/sites\/17\/2025\/05\/ae85811a-1c2e-48b7-b3d7-80f455f05665-1024x768.jpg 1024w, https:\/\/instytutpolski.pl\/stockholm\/wp-content\/uploads\/sites\/17\/2025\/05\/ae85811a-1c2e-48b7-b3d7-80f455f05665-300x225.jpg 300w, https:\/\/instytutpolski.pl\/stockholm\/wp-content\/uploads\/sites\/17\/2025\/05\/ae85811a-1c2e-48b7-b3d7-80f455f05665-768x576.jpg 768w, https:\/\/instytutpolski.pl\/stockholm\/wp-content\/uploads\/sites\/17\/2025\/05\/ae85811a-1c2e-48b7-b3d7-80f455f05665-1536x1152.jpg 1536w, https:\/\/instytutpolski.pl\/stockholm\/wp-content\/uploads\/sites\/17\/2025\/05\/ae85811a-1c2e-48b7-b3d7-80f455f05665.jpg 2048w\" sizes=\"auto, (max-width: 1024px) 100vw, 1024px\" \/><\/figure>\n\n\n\n<figure class=\"wp-block-image size-large\"><img loading=\"lazy\" decoding=\"async\" width=\"1024\" height=\"768\" data-id=\"14093\" src=\"https:\/\/instytutpolski.pl\/stockholm\/wp-content\/uploads\/sites\/17\/2025\/05\/b96f7208-18fc-4b7c-96ef-006107f8c216-1024x768.jpg\" alt=\"\" class=\"wp-image-14093\" srcset=\"https:\/\/instytutpolski.pl\/stockholm\/wp-content\/uploads\/sites\/17\/2025\/05\/b96f7208-18fc-4b7c-96ef-006107f8c216-1024x768.jpg 1024w, https:\/\/instytutpolski.pl\/stockholm\/wp-content\/uploads\/sites\/17\/2025\/05\/b96f7208-18fc-4b7c-96ef-006107f8c216-300x225.jpg 300w, https:\/\/instytutpolski.pl\/stockholm\/wp-content\/uploads\/sites\/17\/2025\/05\/b96f7208-18fc-4b7c-96ef-006107f8c216-768x576.jpg 768w, https:\/\/instytutpolski.pl\/stockholm\/wp-content\/uploads\/sites\/17\/2025\/05\/b96f7208-18fc-4b7c-96ef-006107f8c216-1536x1152.jpg 1536w, https:\/\/instytutpolski.pl\/stockholm\/wp-content\/uploads\/sites\/17\/2025\/05\/b96f7208-18fc-4b7c-96ef-006107f8c216.jpg 2048w\" sizes=\"auto, (max-width: 1024px) 100vw, 1024px\" \/><\/figure>\n\n\n\n<figure class=\"wp-block-image size-large\"><img loading=\"lazy\" decoding=\"async\" width=\"768\" height=\"1024\" data-id=\"14101\" src=\"https:\/\/instytutpolski.pl\/stockholm\/wp-content\/uploads\/sites\/17\/2025\/05\/IMG_9171-768x1024.jpeg\" alt=\"\" class=\"wp-image-14101\" srcset=\"https:\/\/instytutpolski.pl\/stockholm\/wp-content\/uploads\/sites\/17\/2025\/05\/IMG_9171-768x1024.jpeg 768w, https:\/\/instytutpolski.pl\/stockholm\/wp-content\/uploads\/sites\/17\/2025\/05\/IMG_9171-225x300.jpeg 225w, https:\/\/instytutpolski.pl\/stockholm\/wp-content\/uploads\/sites\/17\/2025\/05\/IMG_9171-1152x1536.jpeg 1152w, https:\/\/instytutpolski.pl\/stockholm\/wp-content\/uploads\/sites\/17\/2025\/05\/IMG_9171-1536x2048.jpeg 1536w, https:\/\/instytutpolski.pl\/stockholm\/wp-content\/uploads\/sites\/17\/2025\/05\/IMG_9171-scaled.jpeg 1920w\" sizes=\"auto, (max-width: 768px) 100vw, 768px\" \/><\/figure>\n\n\n\n<figure class=\"wp-block-image size-large\"><img loading=\"lazy\" decoding=\"async\" width=\"860\" height=\"1024\" data-id=\"14094\" src=\"https:\/\/instytutpolski.pl\/stockholm\/wp-content\/uploads\/sites\/17\/2025\/05\/e9db97a9-aea8-4037-ae3e-d5f168436bca-860x1024.jpg\" alt=\"\" class=\"wp-image-14094\" srcset=\"https:\/\/instytutpolski.pl\/stockholm\/wp-content\/uploads\/sites\/17\/2025\/05\/e9db97a9-aea8-4037-ae3e-d5f168436bca-860x1024.jpg 860w, https:\/\/instytutpolski.pl\/stockholm\/wp-content\/uploads\/sites\/17\/2025\/05\/e9db97a9-aea8-4037-ae3e-d5f168436bca-252x300.jpg 252w, https:\/\/instytutpolski.pl\/stockholm\/wp-content\/uploads\/sites\/17\/2025\/05\/e9db97a9-aea8-4037-ae3e-d5f168436bca-768x915.jpg 768w, https:\/\/instytutpolski.pl\/stockholm\/wp-content\/uploads\/sites\/17\/2025\/05\/e9db97a9-aea8-4037-ae3e-d5f168436bca-1289x1536.jpg 1289w, https:\/\/instytutpolski.pl\/stockholm\/wp-content\/uploads\/sites\/17\/2025\/05\/e9db97a9-aea8-4037-ae3e-d5f168436bca.jpg 1719w\" sizes=\"auto, (max-width: 860px) 100vw, 860px\" \/><\/figure>\n\n\n\n<figure class=\"wp-block-image size-large\"><img loading=\"lazy\" decoding=\"async\" width=\"768\" height=\"1024\" data-id=\"14097\" src=\"https:\/\/instytutpolski.pl\/stockholm\/wp-content\/uploads\/sites\/17\/2025\/05\/IMG_9151-768x1024.jpeg\" alt=\"\" class=\"wp-image-14097\" srcset=\"https:\/\/instytutpolski.pl\/stockholm\/wp-content\/uploads\/sites\/17\/2025\/05\/IMG_9151-768x1024.jpeg 768w, https:\/\/instytutpolski.pl\/stockholm\/wp-content\/uploads\/sites\/17\/2025\/05\/IMG_9151-225x300.jpeg 225w, https:\/\/instytutpolski.pl\/stockholm\/wp-content\/uploads\/sites\/17\/2025\/05\/IMG_9151-1152x1536.jpeg 1152w, https:\/\/instytutpolski.pl\/stockholm\/wp-content\/uploads\/sites\/17\/2025\/05\/IMG_9151-1536x2048.jpeg 1536w, https:\/\/instytutpolski.pl\/stockholm\/wp-content\/uploads\/sites\/17\/2025\/05\/IMG_9151-scaled.jpeg 1920w\" sizes=\"auto, (max-width: 768px) 100vw, 768px\" \/><\/figure>\n\n\n\n<figure class=\"wp-block-image size-large\"><img loading=\"lazy\" decoding=\"async\" width=\"768\" height=\"1024\" data-id=\"14098\" src=\"https:\/\/instytutpolski.pl\/stockholm\/wp-content\/uploads\/sites\/17\/2025\/05\/IMG_9161-768x1024.jpeg\" alt=\"\" class=\"wp-image-14098\" srcset=\"https:\/\/instytutpolski.pl\/stockholm\/wp-content\/uploads\/sites\/17\/2025\/05\/IMG_9161-768x1024.jpeg 768w, https:\/\/instytutpolski.pl\/stockholm\/wp-content\/uploads\/sites\/17\/2025\/05\/IMG_9161-225x300.jpeg 225w, https:\/\/instytutpolski.pl\/stockholm\/wp-content\/uploads\/sites\/17\/2025\/05\/IMG_9161-1152x1536.jpeg 1152w, https:\/\/instytutpolski.pl\/stockholm\/wp-content\/uploads\/sites\/17\/2025\/05\/IMG_9161-1536x2048.jpeg 1536w, https:\/\/instytutpolski.pl\/stockholm\/wp-content\/uploads\/sites\/17\/2025\/05\/IMG_9161-scaled.jpeg 1920w\" sizes=\"auto, (max-width: 768px) 100vw, 768px\" \/><\/figure>\n\n\n\n<figure class=\"wp-block-image size-large\"><img loading=\"lazy\" decoding=\"async\" width=\"576\" height=\"1024\" data-id=\"14099\" src=\"https:\/\/instytutpolski.pl\/stockholm\/wp-content\/uploads\/sites\/17\/2025\/05\/IMG_9163-576x1024.jpeg\" alt=\"\" class=\"wp-image-14099\" srcset=\"https:\/\/instytutpolski.pl\/stockholm\/wp-content\/uploads\/sites\/17\/2025\/05\/IMG_9163-576x1024.jpeg 576w, https:\/\/instytutpolski.pl\/stockholm\/wp-content\/uploads\/sites\/17\/2025\/05\/IMG_9163-169x300.jpeg 169w, https:\/\/instytutpolski.pl\/stockholm\/wp-content\/uploads\/sites\/17\/2025\/05\/IMG_9163-768x1365.jpeg 768w, https:\/\/instytutpolski.pl\/stockholm\/wp-content\/uploads\/sites\/17\/2025\/05\/IMG_9163-864x1536.jpeg 864w, https:\/\/instytutpolski.pl\/stockholm\/wp-content\/uploads\/sites\/17\/2025\/05\/IMG_9163-1152x2048.jpeg 1152w, https:\/\/instytutpolski.pl\/stockholm\/wp-content\/uploads\/sites\/17\/2025\/05\/IMG_9163-scaled.jpeg 1440w\" sizes=\"auto, (max-width: 576px) 100vw, 576px\" \/><\/figure>\n<\/figure>\n","protected":false},"excerpt":{"rendered":"<p>W ramach swojej trasy po Szwecji Grynberg wzi\u0105\u0142 udzia\u0142 w trzech spotkaniach autorskich: z Theres\u0105 Ben\u00e9r w Bokv\u00e4rlden w Malm\u00f6, z Ann\u0105 Grinzweig Jacobsson w ramach Judiska salongen w G\u00f6teborgs Litteraturhus, a tak\u017ce z Hynkem Pallasem podczas Jewish Book Festival w Konstakademien w Sztokholmie. Serdeczne podzi\u0119kowania dla autora Miko\u0142aja Grynberga, t\u0142umacza Tomasa H\u00e5kansona, wydawcy Pera [&hellip;]<\/p>\n","protected":false},"author":173,"featured_media":14091,"comment_status":"closed","ping_status":"closed","sticky":true,"template":"","format":"standard","meta":{"inline_featured_image":false,"_monsterinsights_skip_tracking":false,"_monsterinsights_sitenote_active":false,"_monsterinsights_sitenote_note":"","_monsterinsights_sitenote_category":0,"footnotes":""},"categories":[320,208],"tags":[],"class_list":["post-14106","post","type-post","status-publish","format-standard","has-post-thumbnail","hentry","category-artykuly-pl","category-galeria-pl"],"yoast_head":"<!-- This site is optimized with the Yoast SEO plugin v24.6 - https:\/\/yoast.com\/wordpress\/plugins\/seo\/ -->\n<title>Miko\u0142aj Grynberg w Szwecji \u2013 literackie spotkania o to\u017csamo\u015bci, pami\u0119ci i sytuacji spo\u0142eczno\u015bci \u017cydowskiej w Polsce - Instytut Polski w Sztokholmie<\/title>\n<meta name=\"robots\" content=\"index, follow, max-snippet:-1, max-image-preview:large, max-video-preview:-1\" \/>\n<link rel=\"canonical\" href=\"https:\/\/instytutpolski.pl\/stockholm\/pl\/2025\/05\/30\/mikolaj-grynberg-w-szwecji-literackie-spotkania-o-tozsamosci-pamieci-i-sytuacji-spolecznosci-zydowskiej-w-polsce\/\" \/>\n<meta property=\"og:locale\" content=\"pl_PL\" \/>\n<meta property=\"og:type\" content=\"article\" \/>\n<meta property=\"og:title\" content=\"Miko\u0142aj Grynberg w Szwecji \u2013 literackie spotkania o to\u017csamo\u015bci, pami\u0119ci i sytuacji spo\u0142eczno\u015bci \u017cydowskiej w Polsce - Instytut Polski w Sztokholmie\" \/>\n<meta property=\"og:description\" content=\"W ramach swojej trasy po Szwecji Grynberg wzi\u0105\u0142 udzia\u0142 w trzech spotkaniach autorskich: z Theres\u0105 Ben\u00e9r w Bokv\u00e4rlden w Malm\u00f6, z Ann\u0105 Grinzweig Jacobsson w ramach Judiska salongen w G\u00f6teborgs Litteraturhus, a tak\u017ce z Hynkem Pallasem podczas Jewish Book Festival w Konstakademien w Sztokholmie. Serdeczne podzi\u0119kowania dla autora Miko\u0142aja Grynberga, t\u0142umacza Tomasa H\u00e5kansona, wydawcy Pera [&hellip;]\" \/>\n<meta property=\"og:url\" content=\"https:\/\/instytutpolski.pl\/stockholm\/pl\/2025\/05\/30\/mikolaj-grynberg-w-szwecji-literackie-spotkania-o-tozsamosci-pamieci-i-sytuacji-spolecznosci-zydowskiej-w-polsce\/\" \/>\n<meta property=\"og:site_name\" content=\"Instytut Polski w Sztokholmie\" \/>\n<meta property=\"article:published_time\" content=\"2025-05-30T11:59:31+00:00\" \/>\n<meta property=\"article:modified_time\" content=\"2025-05-30T13:33:19+00:00\" \/>\n<meta property=\"og:image\" content=\"https:\/\/instytutpolski.pl\/stockholm\/wp-content\/uploads\/sites\/17\/2025\/05\/6245ae0f-a33a-428f-884b-0719618886ec.jpg\" \/>\n\t<meta property=\"og:image:width\" content=\"2048\" \/>\n\t<meta property=\"og:image:height\" content=\"1536\" \/>\n\t<meta property=\"og:image:type\" content=\"image\/jpeg\" \/>\n<meta name=\"author\" content=\"treichelp\" \/>\n<meta name=\"twitter:card\" content=\"summary_large_image\" \/>\n<meta name=\"twitter:label1\" content=\"Napisane przez\" \/>\n\t<meta name=\"twitter:data1\" content=\"treichelp\" \/>\n\t<meta name=\"twitter:label2\" content=\"Szacowany czas czytania\" \/>\n\t<meta name=\"twitter:data2\" content=\"3 minuty\" \/>\n<script type=\"application\/ld+json\" class=\"yoast-schema-graph\">{\"@context\":\"https:\/\/schema.org\",\"@graph\":[{\"@type\":\"event\",\"@id\":\"https:\/\/instytutpolski.pl\/stockholm\/pl\/2025\/05\/30\/mikolaj-grynberg-w-szwecji-literackie-spotkania-o-tozsamosci-pamieci-i-sytuacji-spolecznosci-zydowskiej-w-polsce\/\",\"url\":\"https:\/\/instytutpolski.pl\/stockholm\/pl\/2025\/05\/30\/mikolaj-grynberg-w-szwecji-literackie-spotkania-o-tozsamosci-pamieci-i-sytuacji-spolecznosci-zydowskiej-w-polsce\/\",\"name\":\"Miko\u0142aj Grynberg w Szwecji \u2013 literackie spotkania o to\u017csamo\u015bci, pami\u0119ci i sytuacji spo\u0142eczno\u015bci \u017cydowskiej w Polsce\",\"isPartOf\":{\"@id\":\"https:\/\/instytutpolski.pl\/stockholm\/#website\"},\"primaryImageOfPage\":{\"@id\":\"https:\/\/instytutpolski.pl\/stockholm\/pl\/2025\/05\/30\/mikolaj-grynberg-w-szwecji-literackie-spotkania-o-tozsamosci-pamieci-i-sytuacji-spolecznosci-zydowskiej-w-polsce\/#primaryimage\"},\"image\":[\"https:\/\/instytutpolski.pl\/stockholm\/wp-content\/uploads\/sites\/17\/2025\/05\/6245ae0f-a33a-428f-884b-0719618886ec.jpg\",\"https:\/\/instytutpolski.pl\/stockholm\/wp-content\/uploads\/sites\/17\/2025\/05\/6245ae0f-a33a-428f-884b-0719618886ec-300x225.jpg\",\"https:\/\/instytutpolski.pl\/stockholm\/wp-content\/uploads\/sites\/17\/2025\/05\/6245ae0f-a33a-428f-884b-0719618886ec-1024x768.jpg\",\"https:\/\/instytutpolski.pl\/stockholm\/wp-content\/uploads\/sites\/17\/2025\/05\/6245ae0f-a33a-428f-884b-0719618886ec.jpg\"],\"thumbnailUrl\":\"https:\/\/instytutpolski.pl\/stockholm\/wp-content\/uploads\/sites\/17\/2025\/05\/6245ae0f-a33a-428f-884b-0719618886ec.jpg\",\"datePublished\":\"2025-05-30T11:59:31+02:00\",\"dateModified\":\"2025-05-30T13:33:19+02:00\",\"author\":{\"@id\":\"https:\/\/instytutpolski.pl\/stockholm\/#\/schema\/person\/866a2c0f4ccf0982a286809684f7bc1e\"},\"breadcrumb\":{\"@id\":\"https:\/\/instytutpolski.pl\/stockholm\/pl\/2025\/05\/30\/mikolaj-grynberg-w-szwecji-literackie-spotkania-o-tozsamosci-pamieci-i-sytuacji-spolecznosci-zydowskiej-w-polsce\/#breadcrumb\"},\"inLanguage\":\"pl-PL\",\"potentialAction\":[{\"@type\":\"ReadAction\",\"target\":[\"https:\/\/instytutpolski.pl\/stockholm\/pl\/2025\/05\/30\/mikolaj-grynberg-w-szwecji-literackie-spotkania-o-tozsamosci-pamieci-i-sytuacji-spolecznosci-zydowskiej-w-polsce\/\"]}],\"@context\":\"https:\/\/schema.org\",\"startDate\":\"2025-05-21\",\"endDate\":\"2025-05-25\",\"eventStatus\":\"EventScheduled\",\"eventAttendanceMode\":\"OfflineEventAttendanceMode\",\"location\":{\"@type\":\"place\",\"name\":\"Bokv\u00e4rlden i Malm\u00f6, G\u00f6teborgs Litteraturhus, Konstakademien i Stockholm\",\"address\":\"Bokv\u00e4rlden i Malm\u00f6, G\u00f6teborgs Litteraturhus, Konstakademien i Stockholm\",\"geo\":{\"@type\":\"GeoCoordinates\",\"latitude\":\"58.220243095666376\",\"longitude\":\"17.290341141621568\"}},\"description\":\"W ramach swojej trasy po Szwecji Grynberg wzi\u0105\u0142 udzia\u0142 w trzech spotkaniach autorskich: z Theres\u0105 Ben\u00e9r w Bokv\u00e4rlden w Malm\u00f6, z Ann\u0105 Grinzweig Jacobsson w ramach Judiska salongen w G\u00f6teborgs Litteraturhus, a tak\u017ce z Hynkem Pallasem podczas Jewish Book Festival w Konstakademien w Sztokholmie.\\nSerdeczne podzi\u0119kowania dla autora Miko\u0142aja Grynberga, t\u0142umacza Tomasa H\u00e5kansona, wydawcy Pera Bergstr\u00f6ma oraz pozosta\u0142ych zaanga\u017cowanych za warto\u015bciowe spotkania i rozmowy o pami\u0119ci i to\u017csamo\u015bci.\\nRecenzje ksi\u0105\u017cki Rabalder w szwedzkich mediach:Miko\u0142aj Grynbergs korta ber\u00e4ttelser utspelar sig n\u00e4ra katastrofernas hj\u00e4rta \u2013 Gabriel Itkes-Sznap, Dagens Nyheter\\nNovellerna om judiska liv \u00e4r lackerade med sorg \u2013 Hynek Pallas, G\u00f6teborgs-Posten\\nSveriges Radio, Lina Kalmteg w Kulturnytt (3:20 min)\\nWizyta zosta\u0142a zorganizowana przy wsparciu Instytutu Polskiego w Sztokholmie.\\nFoto: Wydawnictwo R\u00e1mus f\u00f6rlag oraz Instytut Polski w Sztokholmie\"},{\"@type\":\"ImageObject\",\"inLanguage\":\"pl-PL\",\"@id\":\"https:\/\/instytutpolski.pl\/stockholm\/pl\/2025\/05\/30\/mikolaj-grynberg-w-szwecji-literackie-spotkania-o-tozsamosci-pamieci-i-sytuacji-spolecznosci-zydowskiej-w-polsce\/#primaryimage\",\"url\":\"https:\/\/instytutpolski.pl\/stockholm\/wp-content\/uploads\/sites\/17\/2025\/05\/6245ae0f-a33a-428f-884b-0719618886ec.jpg\",\"contentUrl\":\"https:\/\/instytutpolski.pl\/stockholm\/wp-content\/uploads\/sites\/17\/2025\/05\/6245ae0f-a33a-428f-884b-0719618886ec.jpg\",\"width\":2048,\"height\":1536},{\"@type\":\"BreadcrumbList\",\"@id\":\"https:\/\/instytutpolski.pl\/stockholm\/pl\/2025\/05\/30\/mikolaj-grynberg-w-szwecji-literackie-spotkania-o-tozsamosci-pamieci-i-sytuacji-spolecznosci-zydowskiej-w-polsce\/#breadcrumb\",\"itemListElement\":[{\"@type\":\"ListItem\",\"position\":1,\"name\":\"Home\",\"item\":\"https:\/\/instytutpolski.pl\/stockholm\/\"},{\"@type\":\"ListItem\",\"position\":2,\"name\":\"Miko\u0142aj Grynberg w Szwecji \u2013 literackie spotkania o to\u017csamo\u015bci, pami\u0119ci i sytuacji spo\u0142eczno\u015bci \u017cydowskiej w Polsce\"}]},{\"@type\":\"WebSite\",\"@id\":\"https:\/\/instytutpolski.pl\/stockholm\/#website\",\"url\":\"https:\/\/instytutpolski.pl\/stockholm\/\",\"name\":\"Instytut Polski w Sztokholmie\",\"description\":\"Instytuty Polskie\",\"potentialAction\":[{\"@type\":\"SearchAction\",\"target\":{\"@type\":\"EntryPoint\",\"urlTemplate\":\"https:\/\/instytutpolski.pl\/stockholm\/?s={search_term_string}\"},\"query-input\":{\"@type\":\"PropertyValueSpecification\",\"valueRequired\":true,\"valueName\":\"search_term_string\"}}],\"inLanguage\":\"pl-PL\"},{\"@type\":\"Person\",\"@id\":\"https:\/\/instytutpolski.pl\/stockholm\/#\/schema\/person\/866a2c0f4ccf0982a286809684f7bc1e\",\"name\":\"treichelp\",\"image\":{\"@type\":\"ImageObject\",\"inLanguage\":\"pl-PL\",\"@id\":\"https:\/\/instytutpolski.pl\/stockholm\/#\/schema\/person\/image\/\",\"url\":\"https:\/\/secure.gravatar.com\/avatar\/fb2c1caae0df0854742a56fc463dd1fb?s=96&d=mm&r=g\",\"contentUrl\":\"https:\/\/secure.gravatar.com\/avatar\/fb2c1caae0df0854742a56fc463dd1fb?s=96&d=mm&r=g\",\"caption\":\"treichelp\"},\"url\":\"https:\/\/instytutpolski.pl\/stockholm\/author\/treichelp\/\"}]}<\/script>\n<!-- \/ Yoast SEO plugin. -->","yoast_head_json":{"title":"Miko\u0142aj Grynberg w Szwecji \u2013 literackie spotkania o to\u017csamo\u015bci, pami\u0119ci i sytuacji spo\u0142eczno\u015bci \u017cydowskiej w Polsce - Instytut Polski w Sztokholmie","robots":{"index":"index","follow":"follow","max-snippet":"max-snippet:-1","max-image-preview":"max-image-preview:large","max-video-preview":"max-video-preview:-1"},"canonical":"https:\/\/instytutpolski.pl\/stockholm\/pl\/2025\/05\/30\/mikolaj-grynberg-w-szwecji-literackie-spotkania-o-tozsamosci-pamieci-i-sytuacji-spolecznosci-zydowskiej-w-polsce\/","og_locale":"pl_PL","og_type":"article","og_title":"Miko\u0142aj Grynberg w Szwecji \u2013 literackie spotkania o to\u017csamo\u015bci, pami\u0119ci i sytuacji spo\u0142eczno\u015bci \u017cydowskiej w Polsce - Instytut Polski w Sztokholmie","og_description":"W ramach swojej trasy po Szwecji Grynberg wzi\u0105\u0142 udzia\u0142 w trzech spotkaniach autorskich: z Theres\u0105 Ben\u00e9r w Bokv\u00e4rlden w Malm\u00f6, z Ann\u0105 Grinzweig Jacobsson w ramach Judiska salongen w G\u00f6teborgs Litteraturhus, a tak\u017ce z Hynkem Pallasem podczas Jewish Book Festival w Konstakademien w Sztokholmie. Serdeczne podzi\u0119kowania dla autora Miko\u0142aja Grynberga, t\u0142umacza Tomasa H\u00e5kansona, wydawcy Pera [&hellip;]","og_url":"https:\/\/instytutpolski.pl\/stockholm\/pl\/2025\/05\/30\/mikolaj-grynberg-w-szwecji-literackie-spotkania-o-tozsamosci-pamieci-i-sytuacji-spolecznosci-zydowskiej-w-polsce\/","og_site_name":"Instytut Polski w Sztokholmie","article_published_time":"2025-05-30T11:59:31+00:00","article_modified_time":"2025-05-30T13:33:19+00:00","og_image":[{"width":2048,"height":1536,"url":"https:\/\/instytutpolski.pl\/stockholm\/wp-content\/uploads\/sites\/17\/2025\/05\/6245ae0f-a33a-428f-884b-0719618886ec.jpg","type":"image\/jpeg"}],"author":"treichelp","twitter_card":"summary_large_image","twitter_misc":{"Napisane przez":"treichelp","Szacowany czas czytania":"3 minuty"},"schema":{"@context":"https:\/\/schema.org","@graph":[{"@type":"event","@id":"https:\/\/instytutpolski.pl\/stockholm\/pl\/2025\/05\/30\/mikolaj-grynberg-w-szwecji-literackie-spotkania-o-tozsamosci-pamieci-i-sytuacji-spolecznosci-zydowskiej-w-polsce\/","url":"https:\/\/instytutpolski.pl\/stockholm\/pl\/2025\/05\/30\/mikolaj-grynberg-w-szwecji-literackie-spotkania-o-tozsamosci-pamieci-i-sytuacji-spolecznosci-zydowskiej-w-polsce\/","name":"Miko\u0142aj Grynberg w Szwecji \u2013 literackie spotkania o to\u017csamo\u015bci, pami\u0119ci i sytuacji spo\u0142eczno\u015bci \u017cydowskiej w Polsce","isPartOf":{"@id":"https:\/\/instytutpolski.pl\/stockholm\/#website"},"primaryImageOfPage":{"@id":"https:\/\/instytutpolski.pl\/stockholm\/pl\/2025\/05\/30\/mikolaj-grynberg-w-szwecji-literackie-spotkania-o-tozsamosci-pamieci-i-sytuacji-spolecznosci-zydowskiej-w-polsce\/#primaryimage"},"image":["https:\/\/instytutpolski.pl\/stockholm\/wp-content\/uploads\/sites\/17\/2025\/05\/6245ae0f-a33a-428f-884b-0719618886ec.jpg","https:\/\/instytutpolski.pl\/stockholm\/wp-content\/uploads\/sites\/17\/2025\/05\/6245ae0f-a33a-428f-884b-0719618886ec-300x225.jpg","https:\/\/instytutpolski.pl\/stockholm\/wp-content\/uploads\/sites\/17\/2025\/05\/6245ae0f-a33a-428f-884b-0719618886ec-1024x768.jpg","https:\/\/instytutpolski.pl\/stockholm\/wp-content\/uploads\/sites\/17\/2025\/05\/6245ae0f-a33a-428f-884b-0719618886ec.jpg"],"thumbnailUrl":"https:\/\/instytutpolski.pl\/stockholm\/wp-content\/uploads\/sites\/17\/2025\/05\/6245ae0f-a33a-428f-884b-0719618886ec.jpg","datePublished":"2025-05-30T11:59:31+02:00","dateModified":"2025-05-30T13:33:19+02:00","author":{"@id":"https:\/\/instytutpolski.pl\/stockholm\/#\/schema\/person\/866a2c0f4ccf0982a286809684f7bc1e"},"breadcrumb":{"@id":"https:\/\/instytutpolski.pl\/stockholm\/pl\/2025\/05\/30\/mikolaj-grynberg-w-szwecji-literackie-spotkania-o-tozsamosci-pamieci-i-sytuacji-spolecznosci-zydowskiej-w-polsce\/#breadcrumb"},"inLanguage":"pl-PL","potentialAction":[{"@type":"ReadAction","target":["https:\/\/instytutpolski.pl\/stockholm\/pl\/2025\/05\/30\/mikolaj-grynberg-w-szwecji-literackie-spotkania-o-tozsamosci-pamieci-i-sytuacji-spolecznosci-zydowskiej-w-polsce\/"]}],"@context":"https:\/\/schema.org","startDate":"2025-05-21","endDate":"2025-05-25","eventStatus":"EventScheduled","eventAttendanceMode":"OfflineEventAttendanceMode","location":{"@type":"place","name":"Bokv\u00e4rlden i Malm\u00f6, G\u00f6teborgs Litteraturhus, Konstakademien i Stockholm","address":"Bokv\u00e4rlden i Malm\u00f6, G\u00f6teborgs Litteraturhus, Konstakademien i Stockholm","geo":{"@type":"GeoCoordinates","latitude":"58.220243095666376","longitude":"17.290341141621568"}},"description":"W ramach swojej trasy po Szwecji Grynberg wzi\u0105\u0142 udzia\u0142 w trzech spotkaniach autorskich: z Theres\u0105 Ben\u00e9r w Bokv\u00e4rlden w Malm\u00f6, z Ann\u0105 Grinzweig Jacobsson w ramach Judiska salongen w G\u00f6teborgs Litteraturhus, a tak\u017ce z Hynkem Pallasem podczas Jewish Book Festival w Konstakademien w Sztokholmie.\nSerdeczne podzi\u0119kowania dla autora Miko\u0142aja Grynberga, t\u0142umacza Tomasa H\u00e5kansona, wydawcy Pera Bergstr\u00f6ma oraz pozosta\u0142ych zaanga\u017cowanych za warto\u015bciowe spotkania i rozmowy o pami\u0119ci i to\u017csamo\u015bci.\nRecenzje ksi\u0105\u017cki Rabalder w szwedzkich mediach:Miko\u0142aj Grynbergs korta ber\u00e4ttelser utspelar sig n\u00e4ra katastrofernas hj\u00e4rta \u2013 Gabriel Itkes-Sznap, Dagens Nyheter\nNovellerna om judiska liv \u00e4r lackerade med sorg \u2013 Hynek Pallas, G\u00f6teborgs-Posten\nSveriges Radio, Lina Kalmteg w Kulturnytt (3:20 min)\nWizyta zosta\u0142a zorganizowana przy wsparciu Instytutu Polskiego w Sztokholmie.\nFoto: Wydawnictwo R\u00e1mus f\u00f6rlag oraz Instytut Polski w Sztokholmie"},{"@type":"ImageObject","inLanguage":"pl-PL","@id":"https:\/\/instytutpolski.pl\/stockholm\/pl\/2025\/05\/30\/mikolaj-grynberg-w-szwecji-literackie-spotkania-o-tozsamosci-pamieci-i-sytuacji-spolecznosci-zydowskiej-w-polsce\/#primaryimage","url":"https:\/\/instytutpolski.pl\/stockholm\/wp-content\/uploads\/sites\/17\/2025\/05\/6245ae0f-a33a-428f-884b-0719618886ec.jpg","contentUrl":"https:\/\/instytutpolski.pl\/stockholm\/wp-content\/uploads\/sites\/17\/2025\/05\/6245ae0f-a33a-428f-884b-0719618886ec.jpg","width":2048,"height":1536},{"@type":"BreadcrumbList","@id":"https:\/\/instytutpolski.pl\/stockholm\/pl\/2025\/05\/30\/mikolaj-grynberg-w-szwecji-literackie-spotkania-o-tozsamosci-pamieci-i-sytuacji-spolecznosci-zydowskiej-w-polsce\/#breadcrumb","itemListElement":[{"@type":"ListItem","position":1,"name":"Home","item":"https:\/\/instytutpolski.pl\/stockholm\/"},{"@type":"ListItem","position":2,"name":"Miko\u0142aj Grynberg w Szwecji \u2013 literackie spotkania o to\u017csamo\u015bci, pami\u0119ci i sytuacji spo\u0142eczno\u015bci \u017cydowskiej w Polsce"}]},{"@type":"WebSite","@id":"https:\/\/instytutpolski.pl\/stockholm\/#website","url":"https:\/\/instytutpolski.pl\/stockholm\/","name":"Instytut Polski w Sztokholmie","description":"Instytuty Polskie","potentialAction":[{"@type":"SearchAction","target":{"@type":"EntryPoint","urlTemplate":"https:\/\/instytutpolski.pl\/stockholm\/?s={search_term_string}"},"query-input":{"@type":"PropertyValueSpecification","valueRequired":true,"valueName":"search_term_string"}}],"inLanguage":"pl-PL"},{"@type":"Person","@id":"https:\/\/instytutpolski.pl\/stockholm\/#\/schema\/person\/866a2c0f4ccf0982a286809684f7bc1e","name":"treichelp","image":{"@type":"ImageObject","inLanguage":"pl-PL","@id":"https:\/\/instytutpolski.pl\/stockholm\/#\/schema\/person\/image\/","url":"https:\/\/secure.gravatar.com\/avatar\/fb2c1caae0df0854742a56fc463dd1fb?s=96&d=mm&r=g","contentUrl":"https:\/\/secure.gravatar.com\/avatar\/fb2c1caae0df0854742a56fc463dd1fb?s=96&d=mm&r=g","caption":"treichelp"},"url":"https:\/\/instytutpolski.pl\/stockholm\/author\/treichelp\/"}]}},"_links":{"self":[{"href":"https:\/\/instytutpolski.pl\/stockholm\/wp-json\/wp\/v2\/posts\/14106","targetHints":{"allow":["GET"]}}],"collection":[{"href":"https:\/\/instytutpolski.pl\/stockholm\/wp-json\/wp\/v2\/posts"}],"about":[{"href":"https:\/\/instytutpolski.pl\/stockholm\/wp-json\/wp\/v2\/types\/post"}],"author":[{"embeddable":true,"href":"https:\/\/instytutpolski.pl\/stockholm\/wp-json\/wp\/v2\/users\/173"}],"replies":[{"embeddable":true,"href":"https:\/\/instytutpolski.pl\/stockholm\/wp-json\/wp\/v2\/comments?post=14106"}],"version-history":[{"count":4,"href":"https:\/\/instytutpolski.pl\/stockholm\/wp-json\/wp\/v2\/posts\/14106\/revisions"}],"predecessor-version":[{"id":14111,"href":"https:\/\/instytutpolski.pl\/stockholm\/wp-json\/wp\/v2\/posts\/14106\/revisions\/14111"}],"wp:featuredmedia":[{"embeddable":true,"href":"https:\/\/instytutpolski.pl\/stockholm\/wp-json\/wp\/v2\/media\/14091"}],"wp:attachment":[{"href":"https:\/\/instytutpolski.pl\/stockholm\/wp-json\/wp\/v2\/media?parent=14106"}],"wp:term":[{"taxonomy":"category","embeddable":true,"href":"https:\/\/instytutpolski.pl\/stockholm\/wp-json\/wp\/v2\/categories?post=14106"},{"taxonomy":"post_tag","embeddable":true,"href":"https:\/\/instytutpolski.pl\/stockholm\/wp-json\/wp\/v2\/tags?post=14106"}],"curies":[{"name":"wp","href":"https:\/\/api.w.org\/{rel}","templated":true}]}}