{"id":1418,"date":"2019-11-21T14:16:46","date_gmt":"2019-11-21T13:16:46","guid":{"rendered":"https:\/\/instytutpolski.pl\/stockholm\/?p=1418"},"modified":"2019-11-21T14:16:47","modified_gmt":"2019-11-21T13:16:47","slug":"forelasning-om-katarina-jagellonica-och-konsert-med-sanger-av-stanislaw-moniuszko","status":"publish","type":"post","link":"https:\/\/instytutpolski.pl\/stockholm\/2019\/11\/21\/forelasning-om-katarina-jagellonica-och-konsert-med-sanger-av-stanislaw-moniuszko\/","title":{"rendered":"F\u00f6rel\u00e4sning om Katarina Jagellonica och konsert med s\u00e5nger av Stanis\u0142aw Moniuszko"},"content":{"rendered":"\n<p>F\u00d6REL\u00c4SNING:<\/p>\n<p>2019 \u00e4r det 450 \u00e5r sedan som Katarina Jagellonica (1526-1583) kr\u00f6ntes till drottning av Sverige \u00e5r 1569 i Uppsala domkyrka. Eva Mattsson, f\u00f6rfattare till Furstinnan \u2013 en biografi om drottning Katarina Jagellonica, ber\u00e4ttar om drottningens sp\u00e4nnande liv, allians\u00e4ktenskapet och hur hon influerat Sveriges arkitektur, kultur och religion. Med Katarina str\u00f6mmar en ny kulturv\u00e5g in. Inredningar f\u00f6rfinas, klostren blommar och Europas fr\u00e4msta m\u00e4stare flyttar till Sverige och uppf\u00f6r furstliga palats. B\u00e4rare av de nya trenderna \u00e4r Katarina &#8211; Sveriges enda ren\u00e4ssansdrottning.<\/p>\n<p>Eva Mattsson \u00e4r konsthistoriker, kulturproducent och en omtyckt ber\u00e4ttare. Hennes f\u00f6rest\u00e4llningar om Katarina Jagellonica p\u00e5 Vadstena, Uppsala och Stockholms slott har lockat stor publik.<\/p>\n<p>MUSIK:<\/p>\n<p>I \u00e5r firar man Stanis\u0142aw Moniuszkos \u00e5r eftersom det \u00e4r 200 \u00e5r sedan denne framst\u00e5ende komposit\u00f6r, dirigent och skapare av den polska nationella operan f\u00f6ddes. Stanis\u0142aw Moniuszko (1819 \u2013 1872) har g\u00e5tt till historien som \u201dden polska nationella operans fader\u201d och som den fr\u00e4mste komposit\u00f6ren av vokal- musik i polsk musikhistoria. Moniuszkos enormt popul\u00e4ra \u015apiewnik domowy (Hemmets s\u00e5ngbok) omfattar 12 band och inneh\u00e5ller 267 s\u00e5nger, varav m\u00e5nga \u00e4r tons\u00e4ttningar av framst\u00e5ende polska poeters dikter. Hans tv\u00e5 fr\u00e4msta operaverk \u2013 Halka och Straszny dw\u00f3r (Den hems\u00f6kta herr- g\u00e5rden) \u2013 vidr\u00f6r k\u00e4rnan i polskhetens idiom, s\u00e5v\u00e4l textm\u00e4ssigt som musikaliskt.<\/p>\n<p>S\u00e5nger av Moniuszkos framf\u00f6rs av Marzena Frankowska, en polsk operas\u00e5ngerska som sedan 2015 har upptr\u00e4tt p\u00e5 Teatr Wielki i Pozna\u0144 och p\u00e5 operafestivaler i Polen och V\u00e4steuropa, tillsammans med Marek Mazur, en polsk pianist som har deltagit och vunnit priser i polska och internationella pianist- och kammarmusikt\u00e4vlingar.<\/p>\n<p>Programmet best\u00e5r av s\u00e5ngerna: Kuku\u0142ka (G\u00f6ken), Z\u0142ota rybka (Guldfisken), Prz\u0105\u015bniczka (Spinnerskan), Cztery pory roku (De fyra \u00e5rstiderna), Polna r\u00f3\u017cyczka (Vildrosen) samt aria ur Moniuszkos opera Beata: Ach ile\u017c rozkoszy ma \u017cycie i \u015bwiat (\u00c5h, s\u00e5 mycket njutning finns i livet och v\u00e4rlden).<\/p>\n<p>I \u00e5r finns det flera anledningar att fira. F\u00f6rutom Katarina Jagellonicas kr\u00f6ning och Stanis\u0142aw Moniuszkos 200 \u00e5r \u00e4r \u00e4ven 100-\u00e5rsdagen av uppr\u00e4ttandet av diplomatiska f\u00f6rbindelser mellan Polen och Sverige.<\/p>\n<p>Arrangerat av Str\u00e4ngn\u00e4s kommun tillsammans med Gustav Vasaf\u00f6reningen och Polska institutet i Stockholm.<\/p>\n","protected":false},"excerpt":{"rendered":"<p>F\u00d6REL\u00c4SNING: 2019 \u00e4r det 450 \u00e5r sedan som Katarina Jagellonica (1526-1583) kr\u00f6ntes till drottning av Sverige \u00e5r 1569 i Uppsala domkyrka. Eva Mattsson, f\u00f6rfattare till Furstinnan \u2013 en biografi om drottning Katarina Jagellonica, ber\u00e4ttar om drottningens sp\u00e4nnande liv, allians\u00e4ktenskapet och hur hon influerat Sveriges arkitektur, kultur och religion. Med Katarina str\u00f6mmar en ny kulturv\u00e5g in. [&hellip;]<\/p>\n","protected":false},"author":29,"featured_media":1419,"comment_status":"open","ping_status":"open","sticky":false,"template":"","format":"standard","meta":{"inline_featured_image":false,"_monsterinsights_skip_tracking":false,"_monsterinsights_sitenote_active":false,"_monsterinsights_sitenote_note":"","_monsterinsights_sitenote_category":0,"footnotes":""},"categories":[12,111],"tags":[],"class_list":["post-1418","post","type-post","status-publish","format-standard","has-post-thumbnail","hentry","category-evenemang","category-historia-se"],"yoast_head":"<!-- This site is optimized with the Yoast SEO plugin v24.6 - https:\/\/yoast.com\/wordpress\/plugins\/seo\/ -->\n<title>F\u00f6rel\u00e4sning om Katarina Jagellonica och konsert med s\u00e5nger av Stanis\u0142aw Moniuszko - Instytut Polski w Sztokholmie<\/title>\n<meta name=\"robots\" content=\"index, follow, max-snippet:-1, max-image-preview:large, max-video-preview:-1\" \/>\n<link rel=\"canonical\" href=\"https:\/\/instytutpolski.pl\/stockholm\/2019\/11\/21\/forelasning-om-katarina-jagellonica-och-konsert-med-sanger-av-stanislaw-moniuszko\/\" \/>\n<meta property=\"og:locale\" content=\"pl_PL\" \/>\n<meta property=\"og:type\" content=\"article\" \/>\n<meta property=\"og:title\" content=\"F\u00f6rel\u00e4sning om Katarina Jagellonica och konsert med s\u00e5nger av Stanis\u0142aw Moniuszko - Instytut Polski w Sztokholmie\" \/>\n<meta property=\"og:description\" content=\"F\u00d6REL\u00c4SNING: 2019 \u00e4r det 450 \u00e5r sedan som Katarina Jagellonica (1526-1583) kr\u00f6ntes till drottning av Sverige \u00e5r 1569 i Uppsala domkyrka. Eva Mattsson, f\u00f6rfattare till Furstinnan \u2013 en biografi om drottning Katarina Jagellonica, ber\u00e4ttar om drottningens sp\u00e4nnande liv, allians\u00e4ktenskapet och hur hon influerat Sveriges arkitektur, kultur och religion. Med Katarina str\u00f6mmar en ny kulturv\u00e5g in. [&hellip;]\" \/>\n<meta property=\"og:url\" content=\"https:\/\/instytutpolski.pl\/stockholm\/2019\/11\/21\/forelasning-om-katarina-jagellonica-och-konsert-med-sanger-av-stanislaw-moniuszko\/\" \/>\n<meta property=\"og:site_name\" content=\"Instytut Polski w Sztokholmie\" \/>\n<meta property=\"article:published_time\" content=\"2019-11-21T13:16:46+00:00\" \/>\n<meta property=\"article:modified_time\" content=\"2019-11-21T13:16:47+00:00\" \/>\n<meta property=\"og:image\" content=\"https:\/\/instytutpolski.pl\/stockholm\/wp-content\/uploads\/sites\/17\/2019\/11\/Jagiellonica-i-Moniuszko.jpg\" \/>\n\t<meta property=\"og:image:width\" content=\"1083\" \/>\n\t<meta property=\"og:image:height\" content=\"609\" \/>\n\t<meta property=\"og:image:type\" content=\"image\/jpeg\" \/>\n<meta name=\"author\" content=\"strozniake\" \/>\n<meta name=\"twitter:card\" content=\"summary_large_image\" \/>\n<meta name=\"twitter:label1\" content=\"Napisane przez\" \/>\n\t<meta name=\"twitter:data1\" content=\"strozniake\" \/>\n\t<meta name=\"twitter:label2\" content=\"Szacowany czas czytania\" \/>\n\t<meta name=\"twitter:data2\" content=\"2 minuty\" \/>\n<script type=\"application\/ld+json\" class=\"yoast-schema-graph\">{\"@context\":\"https:\/\/schema.org\",\"@graph\":[{\"@type\":\"event\",\"@id\":\"https:\/\/instytutpolski.pl\/stockholm\/2019\/11\/21\/forelasning-om-katarina-jagellonica-och-konsert-med-sanger-av-stanislaw-moniuszko\/\",\"url\":\"https:\/\/instytutpolski.pl\/stockholm\/2019\/11\/21\/forelasning-om-katarina-jagellonica-och-konsert-med-sanger-av-stanislaw-moniuszko\/\",\"name\":\"F\u00f6rel\u00e4sning om Katarina Jagellonica och konsert med s\u00e5nger av Stanis\u0142aw Moniuszko\",\"isPartOf\":{\"@id\":\"https:\/\/instytutpolski.pl\/stockholm\/#website\"},\"primaryImageOfPage\":{\"@id\":\"https:\/\/instytutpolski.pl\/stockholm\/2019\/11\/21\/forelasning-om-katarina-jagellonica-och-konsert-med-sanger-av-stanislaw-moniuszko\/#primaryimage\"},\"image\":[\"https:\/\/instytutpolski.pl\/stockholm\/wp-content\/uploads\/sites\/17\/2019\/11\/Jagiellonica-i-Moniuszko.jpg\",\"https:\/\/instytutpolski.pl\/stockholm\/wp-content\/uploads\/sites\/17\/2019\/11\/Jagiellonica-i-Moniuszko-300x169.jpg\",\"https:\/\/instytutpolski.pl\/stockholm\/wp-content\/uploads\/sites\/17\/2019\/11\/Jagiellonica-i-Moniuszko-1024x576.jpg\",\"https:\/\/instytutpolski.pl\/stockholm\/wp-content\/uploads\/sites\/17\/2019\/11\/Jagiellonica-i-Moniuszko.jpg\"],\"thumbnailUrl\":\"https:\/\/instytutpolski.pl\/stockholm\/wp-content\/uploads\/sites\/17\/2019\/11\/Jagiellonica-i-Moniuszko.jpg\",\"datePublished\":\"2019-11-21T13:16:46+02:00\",\"dateModified\":\"2019-11-21T13:16:47+02:00\",\"author\":{\"@id\":\"https:\/\/instytutpolski.pl\/stockholm\/#\/schema\/person\/062b5a5f61f32b17c98996975db8d556\"},\"breadcrumb\":{\"@id\":\"https:\/\/instytutpolski.pl\/stockholm\/2019\/11\/21\/forelasning-om-katarina-jagellonica-och-konsert-med-sanger-av-stanislaw-moniuszko\/#breadcrumb\"},\"inLanguage\":\"pl-PL\",\"potentialAction\":[{\"@type\":\"ReadAction\",\"target\":[\"https:\/\/instytutpolski.pl\/stockholm\/2019\/11\/21\/forelasning-om-katarina-jagellonica-och-konsert-med-sanger-av-stanislaw-moniuszko\/\"]}],\"@context\":\"https:\/\/schema.org\",\"startDate\":\"2019-11-16T01:00:00+02:00\",\"endDate\":\"2019-11-16T03:00:00+02:00\",\"eventStatus\":\"EventScheduled\",\"eventAttendanceMode\":\"OfflineEventAttendanceMode\",\"location\":{\"@type\":\"place\",\"name\":\"Kulturhuset Multeum, Eskilstunav\u00e4gen 2, Str\u00e4ngn\u00e4s\",\"address\":\"Kulturhuset Multeum, Eskilstunav\u00e4gen 2, Str\u00e4ngn\u00e4s\",\"geo\":{\"@type\":\"GeoCoordinates\",\"latitude\":\"59.37754421371625\",\"longitude\":\"16.962907665232674\"}},\"description\":\"F\u00d6REL\u00c4SNING:\\n2019 \u00e4r det 450 \u00e5r sedan som Katarina Jagellonica (1526-1583) kr\u00f6ntes till drottning av Sverige \u00e5r 1569 i Uppsala domkyrka. Eva Mattsson, f\u00f6rfattare till Furstinnan \u2013 en biografi om drottning Katarina Jagellonica, ber\u00e4ttar om drottningens sp\u00e4nnande liv, allians\u00e4ktenskapet och hur hon influerat Sveriges arkitektur, kultur och religion. Med Katarina str\u00f6mmar en ny kulturv\u00e5g in. Inredningar f\u00f6rfinas, klostren blommar och Europas fr\u00e4msta m\u00e4stare flyttar till Sverige och uppf\u00f6r furstliga palats. B\u00e4rare av de nya trenderna \u00e4r Katarina - Sveriges enda ren\u00e4ssansdrottning.\\nEva Mattsson \u00e4r konsthistoriker, kulturproducent och en omtyckt ber\u00e4ttare. Hennes f\u00f6rest\u00e4llningar om Katarina Jagellonica p\u00e5 Vadstena, Uppsala och Stockholms slott har lockat stor publik.\\nMUSIK:\\nI \u00e5r firar man Stanis\u0142aw Moniuszkos \u00e5r eftersom det \u00e4r 200 \u00e5r sedan denne framst\u00e5ende komposit\u00f6r, dirigent och skapare av den polska nationella operan f\u00f6ddes. Stanis\u0142aw Moniuszko (1819 \u2013 1872) har g\u00e5tt till historien som \u201dden polska nationella operans fader\u201d och som den fr\u00e4mste komposit\u00f6ren av vokal- musik i polsk musikhistoria. Moniuszkos enormt popul\u00e4ra \u015apiewnik domowy (Hemmets s\u00e5ngbok) omfattar 12 band och inneh\u00e5ller 267 s\u00e5nger, varav m\u00e5nga \u00e4r tons\u00e4ttningar av framst\u00e5ende polska poeters dikter. Hans tv\u00e5 fr\u00e4msta operaverk \u2013 Halka och Straszny dw\u00f3r (Den hems\u00f6kta herr- g\u00e5rden) \u2013 vidr\u00f6r k\u00e4rnan i polskhetens idiom, s\u00e5v\u00e4l textm\u00e4ssigt som musikaliskt.\\nS\u00e5nger av Moniuszkos framf\u00f6rs av Marzena Frankowska, en polsk operas\u00e5ngerska som sedan 2015 har upptr\u00e4tt p\u00e5 Teatr Wielki i Pozna\u0144 och p\u00e5 operafestivaler i Polen och V\u00e4steuropa, tillsammans med Marek Mazur, en polsk pianist som har deltagit och vunnit priser i polska och internationella pianist- och kammarmusikt\u00e4vlingar.\\nProgrammet best\u00e5r av s\u00e5ngerna: Kuku\u0142ka (G\u00f6ken), Z\u0142ota rybka (Guldfisken), Prz\u0105\u015bniczka (Spinnerskan), Cztery pory roku (De fyra \u00e5rstiderna), Polna r\u00f3\u017cyczka (Vildrosen) samt aria ur Moniuszkos opera Beata: Ach ile\u017c rozkoszy ma \u017cycie i \u015bwiat (\u00c5h, s\u00e5 mycket njutning finns i livet och v\u00e4rlden).\\nI \u00e5r finns det flera anledningar att fira. F\u00f6rutom Katarina Jagellonicas kr\u00f6ning och Stanis\u0142aw Moniuszkos 200 \u00e5r \u00e4r \u00e4ven 100-\u00e5rsdagen av uppr\u00e4ttandet av diplomatiska f\u00f6rbindelser mellan Polen och Sverige.\\nArrangerat av Str\u00e4ngn\u00e4s kommun tillsammans med Gustav Vasaf\u00f6reningen och Polska institutet i Stockholm.\"},{\"@type\":\"ImageObject\",\"inLanguage\":\"pl-PL\",\"@id\":\"https:\/\/instytutpolski.pl\/stockholm\/2019\/11\/21\/forelasning-om-katarina-jagellonica-och-konsert-med-sanger-av-stanislaw-moniuszko\/#primaryimage\",\"url\":\"https:\/\/instytutpolski.pl\/stockholm\/wp-content\/uploads\/sites\/17\/2019\/11\/Jagiellonica-i-Moniuszko.jpg\",\"contentUrl\":\"https:\/\/instytutpolski.pl\/stockholm\/wp-content\/uploads\/sites\/17\/2019\/11\/Jagiellonica-i-Moniuszko.jpg\",\"width\":1083,\"height\":609},{\"@type\":\"BreadcrumbList\",\"@id\":\"https:\/\/instytutpolski.pl\/stockholm\/2019\/11\/21\/forelasning-om-katarina-jagellonica-och-konsert-med-sanger-av-stanislaw-moniuszko\/#breadcrumb\",\"itemListElement\":[{\"@type\":\"ListItem\",\"position\":1,\"name\":\"Home\",\"item\":\"https:\/\/instytutpolski.pl\/stockholm\/\"},{\"@type\":\"ListItem\",\"position\":2,\"name\":\"F\u00f6rel\u00e4sning om Katarina Jagellonica och konsert med s\u00e5nger av Stanis\u0142aw Moniuszko\"}]},{\"@type\":\"WebSite\",\"@id\":\"https:\/\/instytutpolski.pl\/stockholm\/#website\",\"url\":\"https:\/\/instytutpolski.pl\/stockholm\/\",\"name\":\"Instytut Polski w Sztokholmie\",\"description\":\"Instytuty Polskie\",\"potentialAction\":[{\"@type\":\"SearchAction\",\"target\":{\"@type\":\"EntryPoint\",\"urlTemplate\":\"https:\/\/instytutpolski.pl\/stockholm\/?s={search_term_string}\"},\"query-input\":{\"@type\":\"PropertyValueSpecification\",\"valueRequired\":true,\"valueName\":\"search_term_string\"}}],\"inLanguage\":\"pl-PL\"},{\"@type\":\"Person\",\"@id\":\"https:\/\/instytutpolski.pl\/stockholm\/#\/schema\/person\/062b5a5f61f32b17c98996975db8d556\",\"name\":\"strozniake\",\"image\":{\"@type\":\"ImageObject\",\"inLanguage\":\"pl-PL\",\"@id\":\"https:\/\/instytutpolski.pl\/stockholm\/#\/schema\/person\/image\/\",\"url\":\"https:\/\/secure.gravatar.com\/avatar\/25e0be9897787f9035155a882fde97cc?s=96&d=mm&r=g\",\"contentUrl\":\"https:\/\/secure.gravatar.com\/avatar\/25e0be9897787f9035155a882fde97cc?s=96&d=mm&r=g\",\"caption\":\"strozniake\"},\"sameAs\":[\"http:\/\/strozniake\"],\"url\":\"https:\/\/instytutpolski.pl\/stockholm\/author\/strozniake\/\"}]}<\/script>\n<!-- \/ Yoast SEO plugin. -->","yoast_head_json":{"title":"F\u00f6rel\u00e4sning om Katarina Jagellonica och konsert med s\u00e5nger av Stanis\u0142aw Moniuszko - Instytut Polski w Sztokholmie","robots":{"index":"index","follow":"follow","max-snippet":"max-snippet:-1","max-image-preview":"max-image-preview:large","max-video-preview":"max-video-preview:-1"},"canonical":"https:\/\/instytutpolski.pl\/stockholm\/2019\/11\/21\/forelasning-om-katarina-jagellonica-och-konsert-med-sanger-av-stanislaw-moniuszko\/","og_locale":"pl_PL","og_type":"article","og_title":"F\u00f6rel\u00e4sning om Katarina Jagellonica och konsert med s\u00e5nger av Stanis\u0142aw Moniuszko - Instytut Polski w Sztokholmie","og_description":"F\u00d6REL\u00c4SNING: 2019 \u00e4r det 450 \u00e5r sedan som Katarina Jagellonica (1526-1583) kr\u00f6ntes till drottning av Sverige \u00e5r 1569 i Uppsala domkyrka. Eva Mattsson, f\u00f6rfattare till Furstinnan \u2013 en biografi om drottning Katarina Jagellonica, ber\u00e4ttar om drottningens sp\u00e4nnande liv, allians\u00e4ktenskapet och hur hon influerat Sveriges arkitektur, kultur och religion. Med Katarina str\u00f6mmar en ny kulturv\u00e5g in. [&hellip;]","og_url":"https:\/\/instytutpolski.pl\/stockholm\/2019\/11\/21\/forelasning-om-katarina-jagellonica-och-konsert-med-sanger-av-stanislaw-moniuszko\/","og_site_name":"Instytut Polski w Sztokholmie","article_published_time":"2019-11-21T13:16:46+00:00","article_modified_time":"2019-11-21T13:16:47+00:00","og_image":[{"width":1083,"height":609,"url":"https:\/\/instytutpolski.pl\/stockholm\/wp-content\/uploads\/sites\/17\/2019\/11\/Jagiellonica-i-Moniuszko.jpg","type":"image\/jpeg"}],"author":"strozniake","twitter_card":"summary_large_image","twitter_misc":{"Napisane przez":"strozniake","Szacowany czas czytania":"2 minuty"},"schema":{"@context":"https:\/\/schema.org","@graph":[{"@type":"event","@id":"https:\/\/instytutpolski.pl\/stockholm\/2019\/11\/21\/forelasning-om-katarina-jagellonica-och-konsert-med-sanger-av-stanislaw-moniuszko\/","url":"https:\/\/instytutpolski.pl\/stockholm\/2019\/11\/21\/forelasning-om-katarina-jagellonica-och-konsert-med-sanger-av-stanislaw-moniuszko\/","name":"F\u00f6rel\u00e4sning om Katarina Jagellonica och konsert med s\u00e5nger av Stanis\u0142aw Moniuszko","isPartOf":{"@id":"https:\/\/instytutpolski.pl\/stockholm\/#website"},"primaryImageOfPage":{"@id":"https:\/\/instytutpolski.pl\/stockholm\/2019\/11\/21\/forelasning-om-katarina-jagellonica-och-konsert-med-sanger-av-stanislaw-moniuszko\/#primaryimage"},"image":["https:\/\/instytutpolski.pl\/stockholm\/wp-content\/uploads\/sites\/17\/2019\/11\/Jagiellonica-i-Moniuszko.jpg","https:\/\/instytutpolski.pl\/stockholm\/wp-content\/uploads\/sites\/17\/2019\/11\/Jagiellonica-i-Moniuszko-300x169.jpg","https:\/\/instytutpolski.pl\/stockholm\/wp-content\/uploads\/sites\/17\/2019\/11\/Jagiellonica-i-Moniuszko-1024x576.jpg","https:\/\/instytutpolski.pl\/stockholm\/wp-content\/uploads\/sites\/17\/2019\/11\/Jagiellonica-i-Moniuszko.jpg"],"thumbnailUrl":"https:\/\/instytutpolski.pl\/stockholm\/wp-content\/uploads\/sites\/17\/2019\/11\/Jagiellonica-i-Moniuszko.jpg","datePublished":"2019-11-21T13:16:46+02:00","dateModified":"2019-11-21T13:16:47+02:00","author":{"@id":"https:\/\/instytutpolski.pl\/stockholm\/#\/schema\/person\/062b5a5f61f32b17c98996975db8d556"},"breadcrumb":{"@id":"https:\/\/instytutpolski.pl\/stockholm\/2019\/11\/21\/forelasning-om-katarina-jagellonica-och-konsert-med-sanger-av-stanislaw-moniuszko\/#breadcrumb"},"inLanguage":"pl-PL","potentialAction":[{"@type":"ReadAction","target":["https:\/\/instytutpolski.pl\/stockholm\/2019\/11\/21\/forelasning-om-katarina-jagellonica-och-konsert-med-sanger-av-stanislaw-moniuszko\/"]}],"@context":"https:\/\/schema.org","startDate":"2019-11-16T01:00:00+02:00","endDate":"2019-11-16T03:00:00+02:00","eventStatus":"EventScheduled","eventAttendanceMode":"OfflineEventAttendanceMode","location":{"@type":"place","name":"Kulturhuset Multeum, Eskilstunav\u00e4gen 2, Str\u00e4ngn\u00e4s","address":"Kulturhuset Multeum, Eskilstunav\u00e4gen 2, Str\u00e4ngn\u00e4s","geo":{"@type":"GeoCoordinates","latitude":"59.37754421371625","longitude":"16.962907665232674"}},"description":"F\u00d6REL\u00c4SNING:\n2019 \u00e4r det 450 \u00e5r sedan som Katarina Jagellonica (1526-1583) kr\u00f6ntes till drottning av Sverige \u00e5r 1569 i Uppsala domkyrka. Eva Mattsson, f\u00f6rfattare till Furstinnan \u2013 en biografi om drottning Katarina Jagellonica, ber\u00e4ttar om drottningens sp\u00e4nnande liv, allians\u00e4ktenskapet och hur hon influerat Sveriges arkitektur, kultur och religion. Med Katarina str\u00f6mmar en ny kulturv\u00e5g in. Inredningar f\u00f6rfinas, klostren blommar och Europas fr\u00e4msta m\u00e4stare flyttar till Sverige och uppf\u00f6r furstliga palats. B\u00e4rare av de nya trenderna \u00e4r Katarina - Sveriges enda ren\u00e4ssansdrottning.\nEva Mattsson \u00e4r konsthistoriker, kulturproducent och en omtyckt ber\u00e4ttare. Hennes f\u00f6rest\u00e4llningar om Katarina Jagellonica p\u00e5 Vadstena, Uppsala och Stockholms slott har lockat stor publik.\nMUSIK:\nI \u00e5r firar man Stanis\u0142aw Moniuszkos \u00e5r eftersom det \u00e4r 200 \u00e5r sedan denne framst\u00e5ende komposit\u00f6r, dirigent och skapare av den polska nationella operan f\u00f6ddes. Stanis\u0142aw Moniuszko (1819 \u2013 1872) har g\u00e5tt till historien som \u201dden polska nationella operans fader\u201d och som den fr\u00e4mste komposit\u00f6ren av vokal- musik i polsk musikhistoria. Moniuszkos enormt popul\u00e4ra \u015apiewnik domowy (Hemmets s\u00e5ngbok) omfattar 12 band och inneh\u00e5ller 267 s\u00e5nger, varav m\u00e5nga \u00e4r tons\u00e4ttningar av framst\u00e5ende polska poeters dikter. Hans tv\u00e5 fr\u00e4msta operaverk \u2013 Halka och Straszny dw\u00f3r (Den hems\u00f6kta herr- g\u00e5rden) \u2013 vidr\u00f6r k\u00e4rnan i polskhetens idiom, s\u00e5v\u00e4l textm\u00e4ssigt som musikaliskt.\nS\u00e5nger av Moniuszkos framf\u00f6rs av Marzena Frankowska, en polsk operas\u00e5ngerska som sedan 2015 har upptr\u00e4tt p\u00e5 Teatr Wielki i Pozna\u0144 och p\u00e5 operafestivaler i Polen och V\u00e4steuropa, tillsammans med Marek Mazur, en polsk pianist som har deltagit och vunnit priser i polska och internationella pianist- och kammarmusikt\u00e4vlingar.\nProgrammet best\u00e5r av s\u00e5ngerna: Kuku\u0142ka (G\u00f6ken), Z\u0142ota rybka (Guldfisken), Prz\u0105\u015bniczka (Spinnerskan), Cztery pory roku (De fyra \u00e5rstiderna), Polna r\u00f3\u017cyczka (Vildrosen) samt aria ur Moniuszkos opera Beata: Ach ile\u017c rozkoszy ma \u017cycie i \u015bwiat (\u00c5h, s\u00e5 mycket njutning finns i livet och v\u00e4rlden).\nI \u00e5r finns det flera anledningar att fira. F\u00f6rutom Katarina Jagellonicas kr\u00f6ning och Stanis\u0142aw Moniuszkos 200 \u00e5r \u00e4r \u00e4ven 100-\u00e5rsdagen av uppr\u00e4ttandet av diplomatiska f\u00f6rbindelser mellan Polen och Sverige.\nArrangerat av Str\u00e4ngn\u00e4s kommun tillsammans med Gustav Vasaf\u00f6reningen och Polska institutet i Stockholm."},{"@type":"ImageObject","inLanguage":"pl-PL","@id":"https:\/\/instytutpolski.pl\/stockholm\/2019\/11\/21\/forelasning-om-katarina-jagellonica-och-konsert-med-sanger-av-stanislaw-moniuszko\/#primaryimage","url":"https:\/\/instytutpolski.pl\/stockholm\/wp-content\/uploads\/sites\/17\/2019\/11\/Jagiellonica-i-Moniuszko.jpg","contentUrl":"https:\/\/instytutpolski.pl\/stockholm\/wp-content\/uploads\/sites\/17\/2019\/11\/Jagiellonica-i-Moniuszko.jpg","width":1083,"height":609},{"@type":"BreadcrumbList","@id":"https:\/\/instytutpolski.pl\/stockholm\/2019\/11\/21\/forelasning-om-katarina-jagellonica-och-konsert-med-sanger-av-stanislaw-moniuszko\/#breadcrumb","itemListElement":[{"@type":"ListItem","position":1,"name":"Home","item":"https:\/\/instytutpolski.pl\/stockholm\/"},{"@type":"ListItem","position":2,"name":"F\u00f6rel\u00e4sning om Katarina Jagellonica och konsert med s\u00e5nger av Stanis\u0142aw Moniuszko"}]},{"@type":"WebSite","@id":"https:\/\/instytutpolski.pl\/stockholm\/#website","url":"https:\/\/instytutpolski.pl\/stockholm\/","name":"Instytut Polski w Sztokholmie","description":"Instytuty Polskie","potentialAction":[{"@type":"SearchAction","target":{"@type":"EntryPoint","urlTemplate":"https:\/\/instytutpolski.pl\/stockholm\/?s={search_term_string}"},"query-input":{"@type":"PropertyValueSpecification","valueRequired":true,"valueName":"search_term_string"}}],"inLanguage":"pl-PL"},{"@type":"Person","@id":"https:\/\/instytutpolski.pl\/stockholm\/#\/schema\/person\/062b5a5f61f32b17c98996975db8d556","name":"strozniake","image":{"@type":"ImageObject","inLanguage":"pl-PL","@id":"https:\/\/instytutpolski.pl\/stockholm\/#\/schema\/person\/image\/","url":"https:\/\/secure.gravatar.com\/avatar\/25e0be9897787f9035155a882fde97cc?s=96&d=mm&r=g","contentUrl":"https:\/\/secure.gravatar.com\/avatar\/25e0be9897787f9035155a882fde97cc?s=96&d=mm&r=g","caption":"strozniake"},"sameAs":["http:\/\/strozniake"],"url":"https:\/\/instytutpolski.pl\/stockholm\/author\/strozniake\/"}]}},"_links":{"self":[{"href":"https:\/\/instytutpolski.pl\/stockholm\/wp-json\/wp\/v2\/posts\/1418","targetHints":{"allow":["GET"]}}],"collection":[{"href":"https:\/\/instytutpolski.pl\/stockholm\/wp-json\/wp\/v2\/posts"}],"about":[{"href":"https:\/\/instytutpolski.pl\/stockholm\/wp-json\/wp\/v2\/types\/post"}],"author":[{"embeddable":true,"href":"https:\/\/instytutpolski.pl\/stockholm\/wp-json\/wp\/v2\/users\/29"}],"replies":[{"embeddable":true,"href":"https:\/\/instytutpolski.pl\/stockholm\/wp-json\/wp\/v2\/comments?post=1418"}],"version-history":[{"count":2,"href":"https:\/\/instytutpolski.pl\/stockholm\/wp-json\/wp\/v2\/posts\/1418\/revisions"}],"predecessor-version":[{"id":1421,"href":"https:\/\/instytutpolski.pl\/stockholm\/wp-json\/wp\/v2\/posts\/1418\/revisions\/1421"}],"wp:featuredmedia":[{"embeddable":true,"href":"https:\/\/instytutpolski.pl\/stockholm\/wp-json\/wp\/v2\/media\/1419"}],"wp:attachment":[{"href":"https:\/\/instytutpolski.pl\/stockholm\/wp-json\/wp\/v2\/media?parent=1418"}],"wp:term":[{"taxonomy":"category","embeddable":true,"href":"https:\/\/instytutpolski.pl\/stockholm\/wp-json\/wp\/v2\/categories?post=1418"},{"taxonomy":"post_tag","embeddable":true,"href":"https:\/\/instytutpolski.pl\/stockholm\/wp-json\/wp\/v2\/tags?post=1418"}],"curies":[{"name":"wp","href":"https:\/\/api.w.org\/{rel}","templated":true}]}}