{"id":14201,"date":"2025-06-13T08:36:13","date_gmt":"2025-06-13T06:36:13","guid":{"rendered":"https:\/\/instytutpolski.pl\/stockholm\/?p=14201"},"modified":"2025-07-04T10:52:00","modified_gmt":"2025-07-04T08:52:00","slug":"spacer-z-przewodnikiem-po-parku-rzezb-po-polsku","status":"publish","type":"post","link":"https:\/\/instytutpolski.pl\/stockholm\/pl\/2025\/06\/13\/spacer-z-przewodnikiem-po-parku-rzezb-po-polsku\/","title":{"rendered":"Spacer z przewodnikiem po Parku Rze\u017ab \u2013 po polsku"},"content":{"rendered":"\n<p>W zwi\u0105zku z now\u0105 rze\u017ab\u0105 polskiej artystki, Moniki Sosnowskiej, Fundacja PREKS we wsp\u00f3\u0142pracy z Instytutem Polskim w Sztokholmie organizuje oprowadzania z przewodnikiem r\u00f3wnie\u017c w j\u0119zyku polskim.<br>Pierwsze z nich odb\u0119dzie si\u0119 24 czerwca o godz. 13.30.<\/p>\n\n\n\n<p>Rekomendowane przystanki komunikacji miejskiej: Museiparken, Djurg\u00e5rdsbron, Bellmansro. Serdecznie zapraszamy. Wst\u0119p wolny.<\/p>\n\n\n\n<figure class=\"wp-block-gallery has-nested-images columns-default is-cropped wp-block-gallery-1 is-layout-flex wp-block-gallery-is-layout-flex\">\n<figure data-wp-context=\"{&quot;imageId&quot;:&quot;69efc12c338c7&quot;}\" data-wp-interactive=\"core\/image\" class=\"wp-block-image size-large wp-lightbox-container\"><img loading=\"lazy\" decoding=\"async\" width=\"1024\" height=\"717\" data-wp-class--hide=\"state.isContentHidden\" data-wp-class--show=\"state.isContentVisible\" data-wp-init=\"callbacks.setButtonStyles\" data-wp-on-async--click=\"actions.showLightbox\" data-wp-on-async--load=\"callbacks.setButtonStyles\" data-wp-on-async-window--resize=\"callbacks.setButtonStyles\" data-id=\"14198\" src=\"https:\/\/instytutpolski.pl\/stockholm\/wp-content\/uploads\/sites\/17\/2025\/06\/mapka-1024x717.png\" alt=\"\" class=\"wp-image-14198\" srcset=\"https:\/\/instytutpolski.pl\/stockholm\/wp-content\/uploads\/sites\/17\/2025\/06\/mapka-1024x717.png 1024w, https:\/\/instytutpolski.pl\/stockholm\/wp-content\/uploads\/sites\/17\/2025\/06\/mapka-300x210.png 300w, https:\/\/instytutpolski.pl\/stockholm\/wp-content\/uploads\/sites\/17\/2025\/06\/mapka-768x538.png 768w, https:\/\/instytutpolski.pl\/stockholm\/wp-content\/uploads\/sites\/17\/2025\/06\/mapka-1536x1076.png 1536w, https:\/\/instytutpolski.pl\/stockholm\/wp-content\/uploads\/sites\/17\/2025\/06\/mapka.png 2048w\" sizes=\"auto, (max-width: 1024px) 100vw, 1024px\" \/><button\n\t\t\tclass=\"lightbox-trigger\"\n\t\t\ttype=\"button\"\n\t\t\taria-haspopup=\"dialog\"\n\t\t\taria-label=\"Powi\u0119ksz obrazek\"\n\t\t\tdata-wp-init=\"callbacks.initTriggerButton\"\n\t\t\tdata-wp-on-async--click=\"actions.showLightbox\"\n\t\t\tdata-wp-style--right=\"state.imageButtonRight\"\n\t\t\tdata-wp-style--top=\"state.imageButtonTop\"\n\t\t>\n\t\t\t<svg xmlns=\"http:\/\/www.w3.org\/2000\/svg\" width=\"12\" height=\"12\" fill=\"none\" viewBox=\"0 0 12 12\">\n\t\t\t\t<path fill=\"#fff\" d=\"M2 0a2 2 0 0 0-2 2v2h1.5V2a.5.5 0 0 1 .5-.5h2V0H2Zm2 10.5H2a.5.5 0 0 1-.5-.5V8H0v2a2 2 0 0 0 2 2h2v-1.5ZM8 12v-1.5h2a.5.5 0 0 0 .5-.5V8H12v2a2 2 0 0 1-2 2H8Zm2-12a2 2 0 0 1 2 2v2h-1.5V2a.5.5 0 0 0-.5-.5H8V0h2Z\" \/>\n\t\t\t<\/svg>\n\t\t<\/button><\/figure>\n<\/figure>\n\n\n\n<figure class=\"wp-block-gallery has-nested-images columns-default is-cropped wp-block-gallery-2 is-layout-flex wp-block-gallery-is-layout-flex\">\n<figure data-wp-context=\"{&quot;imageId&quot;:&quot;69efc12c3437f&quot;}\" data-wp-interactive=\"core\/image\" class=\"wp-block-image size-large wp-lightbox-container\"><img loading=\"lazy\" decoding=\"async\" width=\"768\" height=\"1024\" data-wp-class--hide=\"state.isContentHidden\" data-wp-class--show=\"state.isContentVisible\" data-wp-init=\"callbacks.setButtonStyles\" data-wp-on-async--click=\"actions.showLightbox\" data-wp-on-async--load=\"callbacks.setButtonStyles\" data-wp-on-async-window--resize=\"callbacks.setButtonStyles\" data-id=\"14193\" src=\"https:\/\/instytutpolski.pl\/stockholm\/wp-content\/uploads\/sites\/17\/2025\/06\/20250605_134041-rzezba-3-768x1024.jpg\" alt=\"\" class=\"wp-image-14193\" srcset=\"https:\/\/instytutpolski.pl\/stockholm\/wp-content\/uploads\/sites\/17\/2025\/06\/20250605_134041-rzezba-3-768x1024.jpg 768w, https:\/\/instytutpolski.pl\/stockholm\/wp-content\/uploads\/sites\/17\/2025\/06\/20250605_134041-rzezba-3-225x300.jpg 225w, https:\/\/instytutpolski.pl\/stockholm\/wp-content\/uploads\/sites\/17\/2025\/06\/20250605_134041-rzezba-3-1152x1536.jpg 1152w, https:\/\/instytutpolski.pl\/stockholm\/wp-content\/uploads\/sites\/17\/2025\/06\/20250605_134041-rzezba-3-1536x2048.jpg 1536w, https:\/\/instytutpolski.pl\/stockholm\/wp-content\/uploads\/sites\/17\/2025\/06\/20250605_134041-rzezba-3-scaled.jpg 1920w\" sizes=\"auto, (max-width: 768px) 100vw, 768px\" \/><button\n\t\t\tclass=\"lightbox-trigger\"\n\t\t\ttype=\"button\"\n\t\t\taria-haspopup=\"dialog\"\n\t\t\taria-label=\"Powi\u0119ksz obrazek\"\n\t\t\tdata-wp-init=\"callbacks.initTriggerButton\"\n\t\t\tdata-wp-on-async--click=\"actions.showLightbox\"\n\t\t\tdata-wp-style--right=\"state.imageButtonRight\"\n\t\t\tdata-wp-style--top=\"state.imageButtonTop\"\n\t\t>\n\t\t\t<svg xmlns=\"http:\/\/www.w3.org\/2000\/svg\" width=\"12\" height=\"12\" fill=\"none\" viewBox=\"0 0 12 12\">\n\t\t\t\t<path fill=\"#fff\" d=\"M2 0a2 2 0 0 0-2 2v2h1.5V2a.5.5 0 0 1 .5-.5h2V0H2Zm2 10.5H2a.5.5 0 0 1-.5-.5V8H0v2a2 2 0 0 0 2 2h2v-1.5ZM8 12v-1.5h2a.5.5 0 0 0 .5-.5V8H12v2a2 2 0 0 1-2 2H8Zm2-12a2 2 0 0 1 2 2v2h-1.5V2a.5.5 0 0 0-.5-.5H8V0h2Z\" \/>\n\t\t\t<\/svg>\n\t\t<\/button><\/figure>\n\n\n\n<figure data-wp-context=\"{&quot;imageId&quot;:&quot;69efc12c348af&quot;}\" data-wp-interactive=\"core\/image\" class=\"wp-block-image size-large wp-lightbox-container\"><img loading=\"lazy\" decoding=\"async\" width=\"768\" height=\"1024\" data-wp-class--hide=\"state.isContentHidden\" data-wp-class--show=\"state.isContentVisible\" data-wp-init=\"callbacks.setButtonStyles\" data-wp-on-async--click=\"actions.showLightbox\" data-wp-on-async--load=\"callbacks.setButtonStyles\" data-wp-on-async-window--resize=\"callbacks.setButtonStyles\" data-id=\"14191\" src=\"https:\/\/instytutpolski.pl\/stockholm\/wp-content\/uploads\/sites\/17\/2025\/06\/20250605_130217-budka-768x1024.jpg\" alt=\"\" class=\"wp-image-14191\" srcset=\"https:\/\/instytutpolski.pl\/stockholm\/wp-content\/uploads\/sites\/17\/2025\/06\/20250605_130217-budka-768x1024.jpg 768w, https:\/\/instytutpolski.pl\/stockholm\/wp-content\/uploads\/sites\/17\/2025\/06\/20250605_130217-budka-225x300.jpg 225w, https:\/\/instytutpolski.pl\/stockholm\/wp-content\/uploads\/sites\/17\/2025\/06\/20250605_130217-budka-1152x1536.jpg 1152w, https:\/\/instytutpolski.pl\/stockholm\/wp-content\/uploads\/sites\/17\/2025\/06\/20250605_130217-budka-1536x2048.jpg 1536w, https:\/\/instytutpolski.pl\/stockholm\/wp-content\/uploads\/sites\/17\/2025\/06\/20250605_130217-budka-scaled.jpg 1920w\" sizes=\"auto, (max-width: 768px) 100vw, 768px\" \/><button\n\t\t\tclass=\"lightbox-trigger\"\n\t\t\ttype=\"button\"\n\t\t\taria-haspopup=\"dialog\"\n\t\t\taria-label=\"Powi\u0119ksz obrazek\"\n\t\t\tdata-wp-init=\"callbacks.initTriggerButton\"\n\t\t\tdata-wp-on-async--click=\"actions.showLightbox\"\n\t\t\tdata-wp-style--right=\"state.imageButtonRight\"\n\t\t\tdata-wp-style--top=\"state.imageButtonTop\"\n\t\t>\n\t\t\t<svg xmlns=\"http:\/\/www.w3.org\/2000\/svg\" width=\"12\" height=\"12\" fill=\"none\" viewBox=\"0 0 12 12\">\n\t\t\t\t<path fill=\"#fff\" d=\"M2 0a2 2 0 0 0-2 2v2h1.5V2a.5.5 0 0 1 .5-.5h2V0H2Zm2 10.5H2a.5.5 0 0 1-.5-.5V8H0v2a2 2 0 0 0 2 2h2v-1.5ZM8 12v-1.5h2a.5.5 0 0 0 .5-.5V8H12v2a2 2 0 0 1-2 2H8Zm2-12a2 2 0 0 1 2 2v2h-1.5V2a.5.5 0 0 0-.5-.5H8V0h2Z\" \/>\n\t\t\t<\/svg>\n\t\t<\/button><\/figure>\n\n\n\n<figure data-wp-context=\"{&quot;imageId&quot;:&quot;69efc12c34df8&quot;}\" data-wp-interactive=\"core\/image\" class=\"wp-block-image size-large wp-lightbox-container\"><img loading=\"lazy\" decoding=\"async\" width=\"768\" height=\"1024\" data-wp-class--hide=\"state.isContentHidden\" data-wp-class--show=\"state.isContentVisible\" data-wp-init=\"callbacks.setButtonStyles\" data-wp-on-async--click=\"actions.showLightbox\" data-wp-on-async--load=\"callbacks.setButtonStyles\" data-wp-on-async-window--resize=\"callbacks.setButtonStyles\" data-id=\"14192\" src=\"https:\/\/instytutpolski.pl\/stockholm\/wp-content\/uploads\/sites\/17\/2025\/06\/20250605_131633-wloska-rz-768x1024.jpg\" alt=\"\" class=\"wp-image-14192\" srcset=\"https:\/\/instytutpolski.pl\/stockholm\/wp-content\/uploads\/sites\/17\/2025\/06\/20250605_131633-wloska-rz-768x1024.jpg 768w, https:\/\/instytutpolski.pl\/stockholm\/wp-content\/uploads\/sites\/17\/2025\/06\/20250605_131633-wloska-rz-225x300.jpg 225w, https:\/\/instytutpolski.pl\/stockholm\/wp-content\/uploads\/sites\/17\/2025\/06\/20250605_131633-wloska-rz-1152x1536.jpg 1152w, https:\/\/instytutpolski.pl\/stockholm\/wp-content\/uploads\/sites\/17\/2025\/06\/20250605_131633-wloska-rz-1536x2048.jpg 1536w, https:\/\/instytutpolski.pl\/stockholm\/wp-content\/uploads\/sites\/17\/2025\/06\/20250605_131633-wloska-rz-scaled.jpg 1920w\" sizes=\"auto, (max-width: 768px) 100vw, 768px\" \/><button\n\t\t\tclass=\"lightbox-trigger\"\n\t\t\ttype=\"button\"\n\t\t\taria-haspopup=\"dialog\"\n\t\t\taria-label=\"Powi\u0119ksz obrazek\"\n\t\t\tdata-wp-init=\"callbacks.initTriggerButton\"\n\t\t\tdata-wp-on-async--click=\"actions.showLightbox\"\n\t\t\tdata-wp-style--right=\"state.imageButtonRight\"\n\t\t\tdata-wp-style--top=\"state.imageButtonTop\"\n\t\t>\n\t\t\t<svg xmlns=\"http:\/\/www.w3.org\/2000\/svg\" width=\"12\" height=\"12\" fill=\"none\" viewBox=\"0 0 12 12\">\n\t\t\t\t<path fill=\"#fff\" d=\"M2 0a2 2 0 0 0-2 2v2h1.5V2a.5.5 0 0 1 .5-.5h2V0H2Zm2 10.5H2a.5.5 0 0 1-.5-.5V8H0v2a2 2 0 0 0 2 2h2v-1.5ZM8 12v-1.5h2a.5.5 0 0 0 .5-.5V8H12v2a2 2 0 0 1-2 2H8Zm2-12a2 2 0 0 1 2 2v2h-1.5V2a.5.5 0 0 0-.5-.5H8V0h2Z\" \/>\n\t\t\t<\/svg>\n\t\t<\/button><\/figure>\n\n\n\n<figure data-wp-context=\"{&quot;imageId&quot;:&quot;69efc12c35349&quot;}\" data-wp-interactive=\"core\/image\" class=\"wp-block-image size-large wp-lightbox-container\"><img loading=\"lazy\" decoding=\"async\" width=\"1024\" height=\"769\" data-wp-class--hide=\"state.isContentHidden\" data-wp-class--show=\"state.isContentVisible\" data-wp-init=\"callbacks.setButtonStyles\" data-wp-on-async--click=\"actions.showLightbox\" data-wp-on-async--load=\"callbacks.setButtonStyles\" data-wp-on-async-window--resize=\"callbacks.setButtonStyles\" data-id=\"14190\" src=\"https:\/\/instytutpolski.pl\/stockholm\/wp-content\/uploads\/sites\/17\/2025\/06\/20250605_130039-BUDKA-grupa-1024x769.jpg\" alt=\"\" class=\"wp-image-14190\" srcset=\"https:\/\/instytutpolski.pl\/stockholm\/wp-content\/uploads\/sites\/17\/2025\/06\/20250605_130039-BUDKA-grupa-1024x768.jpg 1024w, https:\/\/instytutpolski.pl\/stockholm\/wp-content\/uploads\/sites\/17\/2025\/06\/20250605_130039-BUDKA-grupa-300x225.jpg 300w, https:\/\/instytutpolski.pl\/stockholm\/wp-content\/uploads\/sites\/17\/2025\/06\/20250605_130039-BUDKA-grupa-768x577.jpg 768w, https:\/\/instytutpolski.pl\/stockholm\/wp-content\/uploads\/sites\/17\/2025\/06\/20250605_130039-BUDKA-grupa-1536x1154.jpg 1536w, https:\/\/instytutpolski.pl\/stockholm\/wp-content\/uploads\/sites\/17\/2025\/06\/20250605_130039-BUDKA-grupa-2048x1539.jpg 2048w\" sizes=\"auto, (max-width: 1024px) 100vw, 1024px\" \/><button\n\t\t\tclass=\"lightbox-trigger\"\n\t\t\ttype=\"button\"\n\t\t\taria-haspopup=\"dialog\"\n\t\t\taria-label=\"Powi\u0119ksz obrazek\"\n\t\t\tdata-wp-init=\"callbacks.initTriggerButton\"\n\t\t\tdata-wp-on-async--click=\"actions.showLightbox\"\n\t\t\tdata-wp-style--right=\"state.imageButtonRight\"\n\t\t\tdata-wp-style--top=\"state.imageButtonTop\"\n\t\t>\n\t\t\t<svg xmlns=\"http:\/\/www.w3.org\/2000\/svg\" width=\"12\" height=\"12\" fill=\"none\" viewBox=\"0 0 12 12\">\n\t\t\t\t<path fill=\"#fff\" d=\"M2 0a2 2 0 0 0-2 2v2h1.5V2a.5.5 0 0 1 .5-.5h2V0H2Zm2 10.5H2a.5.5 0 0 1-.5-.5V8H0v2a2 2 0 0 0 2 2h2v-1.5ZM8 12v-1.5h2a.5.5 0 0 0 .5-.5V8H12v2a2 2 0 0 1-2 2H8Zm2-12a2 2 0 0 1 2 2v2h-1.5V2a.5.5 0 0 0-.5-.5H8V0h2Z\" \/>\n\t\t\t<\/svg>\n\t\t<\/button><\/figure>\n\n\n\n<figure data-wp-context=\"{&quot;imageId&quot;:&quot;69efc12c35953&quot;}\" data-wp-interactive=\"core\/image\" class=\"wp-block-image size-large wp-lightbox-container\"><img loading=\"lazy\" decoding=\"async\" width=\"1024\" height=\"765\" data-wp-class--hide=\"state.isContentHidden\" data-wp-class--show=\"state.isContentVisible\" data-wp-init=\"callbacks.setButtonStyles\" data-wp-on-async--click=\"actions.showLightbox\" data-wp-on-async--load=\"callbacks.setButtonStyles\" data-wp-on-async-window--resize=\"callbacks.setButtonStyles\" data-id=\"14189\" src=\"https:\/\/instytutpolski.pl\/stockholm\/wp-content\/uploads\/sites\/17\/2025\/06\/20250603_130323-prins-Daniel-a-1024x765.jpg\" alt=\"\" class=\"wp-image-14189\" srcset=\"https:\/\/instytutpolski.pl\/stockholm\/wp-content\/uploads\/sites\/17\/2025\/06\/20250603_130323-prins-Daniel-a-1024x765.jpg 1024w, https:\/\/instytutpolski.pl\/stockholm\/wp-content\/uploads\/sites\/17\/2025\/06\/20250603_130323-prins-Daniel-a-300x224.jpg 300w, https:\/\/instytutpolski.pl\/stockholm\/wp-content\/uploads\/sites\/17\/2025\/06\/20250603_130323-prins-Daniel-a-768x573.jpg 768w, https:\/\/instytutpolski.pl\/stockholm\/wp-content\/uploads\/sites\/17\/2025\/06\/20250603_130323-prins-Daniel-a-1536x1147.jpg 1536w, https:\/\/instytutpolski.pl\/stockholm\/wp-content\/uploads\/sites\/17\/2025\/06\/20250603_130323-prins-Daniel-a-2048x1529.jpg 2048w\" sizes=\"auto, (max-width: 1024px) 100vw, 1024px\" \/><button\n\t\t\tclass=\"lightbox-trigger\"\n\t\t\ttype=\"button\"\n\t\t\taria-haspopup=\"dialog\"\n\t\t\taria-label=\"Powi\u0119ksz obrazek\"\n\t\t\tdata-wp-init=\"callbacks.initTriggerButton\"\n\t\t\tdata-wp-on-async--click=\"actions.showLightbox\"\n\t\t\tdata-wp-style--right=\"state.imageButtonRight\"\n\t\t\tdata-wp-style--top=\"state.imageButtonTop\"\n\t\t>\n\t\t\t<svg xmlns=\"http:\/\/www.w3.org\/2000\/svg\" width=\"12\" height=\"12\" fill=\"none\" viewBox=\"0 0 12 12\">\n\t\t\t\t<path fill=\"#fff\" d=\"M2 0a2 2 0 0 0-2 2v2h1.5V2a.5.5 0 0 1 .5-.5h2V0H2Zm2 10.5H2a.5.5 0 0 1-.5-.5V8H0v2a2 2 0 0 0 2 2h2v-1.5ZM8 12v-1.5h2a.5.5 0 0 0 .5-.5V8H12v2a2 2 0 0 1-2 2H8Zm2-12a2 2 0 0 1 2 2v2h-1.5V2a.5.5 0 0 0-.5-.5H8V0h2Z\" \/>\n\t\t\t<\/svg>\n\t\t<\/button><\/figure>\n<\/figure>\n\n\n\n<p>3 czerwca 2025 odby\u0142a si\u0119 uroczysta inauguracja rze\u017aby Moniki Sosnowskiej pt. \u201eMuzeum\u201d. Instytut Polski w Sztokholmie jest jednym z partner\u00f3w projektu.<\/p>\n\n\n\n<p>Ksi\u0105\u017ce Daniel zainaugurowa\u0142 oficjalne ods\u0142oni\u0119cie ju\u017c sz\u00f3stego dzie\u0142a sztuki w Parku Rze\u017ab imienia jego c\u00f3rki, Ksi\u0119\u017cniczki Estelle. W ceremonii wzi\u0119\u0142a r\u00f3wnie\u017c udzia\u0142 szwedzka minister kultury Parisa Liljestrand, Charg\u00e9 d&#8217;affaires ad interim Rzeczypospolitej Polskiej w Kr\u00f3lestwie Szwecji Karolina Ostrzyniewska, dyrektor Fundacji Kultury Ksi\u0119\u017cniczki Estelle Sara Sandstr\u00f6m oraz autorka tegorocznej rze\u017aby, Monika Sosnowska.<\/p>\n\n\n\n<p>Wydarzenie poprowadzi\u0142a s\u0142ynna szwedzka aktorka Lena Endre, a John Nalan wykona\u0142 wzruszaj\u0105cy utw\u00f3r fortepianowy Jacoba M\u00fchlrada zadedykowany rze\u017abie polskiej artystki.<\/p>\n\n\n\n<p>Inspiracj\u0105 dla monumentalnej rze\u017aby zatytu\u0142owanej \u201eMuzeum\u201d jest nigdy nie zrealizowany projekt budowy muzeum. Pomys\u0142odawc\u0105 by\u0142, w 1830 roku, Karol XIV Jan, pierwszy przedstawiciel dynastii Bernadotte na szwedzkim tronie.<\/p>\n\n\n\n<p>Monika Sosnowska otrzyma\u0142a mo\u017cliwo\u015b\u0107 wykorzystania w swojej nowej rze\u017abie jedenastu marmurowych element\u00f3w z planowanego przez szwedzkiego kr\u00f3la muzeum. S\u0105 obecnie wkomponowane w sze\u015b\u0107 odlanych na miejscu wolnostoj\u0105cych form z betonu. Nast\u0119puje spotkanie historii z tera\u017aniejszo\u015bci\u0105 w rze\u017abie, kt\u00f3ra znajduje si\u0119 na pograniczu sztuki z architektur\u0105.<\/p>\n\n\n\n<p>Rze\u017aba \u201eMuzeum\u201d stworzona dla Parku Rze\u017ab Ksi\u0119\u017cniczki Estelle jest pierwsz\u0105 publiczn\u0105 prac\u0105 Sosnowskiej w Skandynawii. Zam\u00f3wienie pracy Moniki Sosnowskiej pod tytu\u0142em \u201eMuzeum\u201d sta\u0142o si\u0119 mo\u017cliwe dzi\u0119ki hojnemu wsparciu Elin Kling i Karla Lindmana.<\/p>\n\n\n\n<p>W zwi\u0105zku rze\u017ab\u0105 Moniki Sosnowskiej odbywa si\u0119 w tym roku szereg wydarze\u0144 zorganizowanych przez Fundacj\u0119 Kultury Ksi\u0119\u017cniczki Estelle wraz z partneruj\u0105cymi jej instytucjami, m.in. Muzeum Narodowym (Nationalmuseum), Muzeum Sztuki Wsp\u00f3\u0142czesnej (Moderna museet) i Instytutem Polskim w Sztokholmie, kt\u00f3ry wspiera ca\u0142y projekt promocyjnie i finansowo.<\/p>\n\n\n\n<p>Wi\u0119cej informacji: <a href=\"https:\/\/www.preks.se\/en\" target=\"_blank\" rel=\"noreferrer noopener\">www.preks.se<\/a><\/p>\n","protected":false},"excerpt":{"rendered":"<p>W zwi\u0105zku z now\u0105 rze\u017ab\u0105 polskiej artystki, Moniki Sosnowskiej, Fundacja PREKS we wsp\u00f3\u0142pracy z Instytutem Polskim w Sztokholmie organizuje oprowadzania z przewodnikiem r\u00f3wnie\u017c w j\u0119zyku polskim.Pierwsze z nich odb\u0119dzie si\u0119 24 czerwca o godz. 13.30. Rekomendowane przystanki komunikacji miejskiej: Museiparken, Djurg\u00e5rdsbron, Bellmansro. Serdecznie zapraszamy. Wst\u0119p wolny. 3 czerwca 2025 odby\u0142a si\u0119 uroczysta inauguracja rze\u017aby Moniki [&hellip;]<\/p>\n","protected":false},"author":173,"featured_media":14188,"comment_status":"closed","ping_status":"closed","sticky":false,"template":"","format":"standard","meta":{"inline_featured_image":false,"_monsterinsights_skip_tracking":false,"_monsterinsights_sitenote_active":false,"_monsterinsights_sitenote_note":"","_monsterinsights_sitenote_category":0,"footnotes":""},"categories":[320,113,190,81],"tags":[],"class_list":["post-14201","post","type-post","status-publish","format-standard","has-post-thumbnail","hentry","category-artykuly-pl","category-historia","category-sztuka-polska","category-sztuki-wizualne"],"yoast_head":"<!-- This site is optimized with the Yoast SEO plugin v24.6 - https:\/\/yoast.com\/wordpress\/plugins\/seo\/ -->\n<title>Spacer z przewodnikiem po Parku Rze\u017ab \u2013 po polsku - Instytut Polski w Sztokholmie<\/title>\n<meta name=\"robots\" content=\"index, follow, max-snippet:-1, max-image-preview:large, max-video-preview:-1\" \/>\n<link rel=\"canonical\" href=\"https:\/\/instytutpolski.pl\/stockholm\/pl\/2025\/06\/13\/spacer-z-przewodnikiem-po-parku-rzezb-po-polsku\/\" \/>\n<meta property=\"og:locale\" content=\"pl_PL\" \/>\n<meta property=\"og:type\" content=\"article\" \/>\n<meta property=\"og:title\" content=\"Spacer z przewodnikiem po Parku Rze\u017ab \u2013 po polsku - Instytut Polski w Sztokholmie\" \/>\n<meta property=\"og:description\" content=\"W zwi\u0105zku z now\u0105 rze\u017ab\u0105 polskiej artystki, Moniki Sosnowskiej, Fundacja PREKS we wsp\u00f3\u0142pracy z Instytutem Polskim w Sztokholmie organizuje oprowadzania z przewodnikiem r\u00f3wnie\u017c w j\u0119zyku polskim.Pierwsze z nich odb\u0119dzie si\u0119 24 czerwca o godz. 13.30. Rekomendowane przystanki komunikacji miejskiej: Museiparken, Djurg\u00e5rdsbron, Bellmansro. Serdecznie zapraszamy. Wst\u0119p wolny. 3 czerwca 2025 odby\u0142a si\u0119 uroczysta inauguracja rze\u017aby Moniki [&hellip;]\" \/>\n<meta property=\"og:url\" content=\"https:\/\/instytutpolski.pl\/stockholm\/pl\/2025\/06\/13\/spacer-z-przewodnikiem-po-parku-rzezb-po-polsku\/\" \/>\n<meta property=\"og:site_name\" content=\"Instytut Polski w Sztokholmie\" \/>\n<meta property=\"article:published_time\" content=\"2025-06-13T06:36:13+00:00\" \/>\n<meta property=\"article:modified_time\" content=\"2025-07-04T08:52:00+00:00\" \/>\n<meta property=\"og:image\" content=\"https:\/\/instytutpolski.pl\/stockholm\/wp-content\/uploads\/sites\/17\/2025\/06\/guided-tour-polska-PREKS-_Hemsida.jpg\" \/>\n\t<meta property=\"og:image:width\" content=\"1120\" \/>\n\t<meta property=\"og:image:height\" content=\"630\" \/>\n\t<meta property=\"og:image:type\" content=\"image\/jpeg\" \/>\n<meta name=\"author\" content=\"treichelp\" \/>\n<meta name=\"twitter:card\" content=\"summary_large_image\" \/>\n<meta name=\"twitter:label1\" content=\"Napisane przez\" \/>\n\t<meta name=\"twitter:data1\" content=\"treichelp\" \/>\n\t<meta name=\"twitter:label2\" content=\"Szacowany czas czytania\" \/>\n\t<meta name=\"twitter:data2\" content=\"4 minuty\" \/>\n<script type=\"application\/ld+json\" class=\"yoast-schema-graph\">{\"@context\":\"https:\/\/schema.org\",\"@graph\":[{\"@type\":\"event\",\"@id\":\"https:\/\/instytutpolski.pl\/stockholm\/pl\/2025\/06\/13\/spacer-z-przewodnikiem-po-parku-rzezb-po-polsku\/\",\"url\":\"https:\/\/instytutpolski.pl\/stockholm\/pl\/2025\/06\/13\/spacer-z-przewodnikiem-po-parku-rzezb-po-polsku\/\",\"name\":\"Spacer z przewodnikiem po Parku Rze\u017ab \u2013 po polsku\",\"isPartOf\":{\"@id\":\"https:\/\/instytutpolski.pl\/stockholm\/#website\"},\"primaryImageOfPage\":{\"@id\":\"https:\/\/instytutpolski.pl\/stockholm\/pl\/2025\/06\/13\/spacer-z-przewodnikiem-po-parku-rzezb-po-polsku\/#primaryimage\"},\"image\":[\"https:\/\/instytutpolski.pl\/stockholm\/wp-content\/uploads\/sites\/17\/2025\/06\/guided-tour-polska-PREKS-_Hemsida.jpg\",\"https:\/\/instytutpolski.pl\/stockholm\/wp-content\/uploads\/sites\/17\/2025\/06\/guided-tour-polska-PREKS-_Hemsida-300x169.jpg\",\"https:\/\/instytutpolski.pl\/stockholm\/wp-content\/uploads\/sites\/17\/2025\/06\/guided-tour-polska-PREKS-_Hemsida-1024x576.jpg\",\"https:\/\/instytutpolski.pl\/stockholm\/wp-content\/uploads\/sites\/17\/2025\/06\/guided-tour-polska-PREKS-_Hemsida.jpg\"],\"thumbnailUrl\":\"https:\/\/instytutpolski.pl\/stockholm\/wp-content\/uploads\/sites\/17\/2025\/06\/guided-tour-polska-PREKS-_Hemsida.jpg\",\"datePublished\":\"2025-06-13T06:36:13+02:00\",\"dateModified\":\"2025-07-04T08:52:00+02:00\",\"author\":{\"@id\":\"https:\/\/instytutpolski.pl\/stockholm\/#\/schema\/person\/866a2c0f4ccf0982a286809684f7bc1e\"},\"breadcrumb\":{\"@id\":\"https:\/\/instytutpolski.pl\/stockholm\/pl\/2025\/06\/13\/spacer-z-przewodnikiem-po-parku-rzezb-po-polsku\/#breadcrumb\"},\"inLanguage\":\"pl-PL\",\"potentialAction\":[{\"@type\":\"ReadAction\",\"target\":[\"https:\/\/instytutpolski.pl\/stockholm\/pl\/2025\/06\/13\/spacer-z-przewodnikiem-po-parku-rzezb-po-polsku\/\"]}],\"@context\":\"https:\/\/schema.org\",\"startDate\":\"2025-06-04\",\"endDate\":\"2025-09-01\",\"eventStatus\":\"EventScheduled\",\"eventAttendanceMode\":\"OfflineEventAttendanceMode\",\"location\":{\"@type\":\"place\",\"name\":\"m\u00f6tesplats: PREKS Infokiosk vid korsningen Folke Bernadottes bro och de Besches v\u00e4g\",\"address\":\"m\u00f6tesplats: PREKS Infokiosk vid korsningen Folke Bernadottes bro och de Besches v\u00e4g\",\"geo\":{\"@type\":\"GeoCoordinates\",\"latitude\":\"59.34844386881227\",\"longitude\":\"18.103668508035074\"}},\"description\":\"W zwi\u0105zku z now\u0105 rze\u017ab\u0105 polskiej artystki, Moniki Sosnowskiej, Fundacja PREKS we wsp\u00f3\u0142pracy z Instytutem Polskim w Sztokholmie organizuje oprowadzania z przewodnikiem r\u00f3wnie\u017c w j\u0119zyku polskim.Pierwsze z nich odb\u0119dzie si\u0119 24 czerwca o godz. 13.30.\\nRekomendowane przystanki komunikacji miejskiej: Museiparken, Djurg\u00e5rdsbron, Bellmansro. Serdecznie zapraszamy. Wst\u0119p wolny.\\n3 czerwca 2025 odby\u0142a si\u0119 uroczysta inauguracja rze\u017aby Moniki Sosnowskiej pt. \u201eMuzeum\u201d. Instytut Polski w Sztokholmie jest jednym z partner\u00f3w projektu.\\nKsi\u0105\u017ce Daniel zainaugurowa\u0142 oficjalne ods\u0142oni\u0119cie ju\u017c sz\u00f3stego dzie\u0142a sztuki w Parku Rze\u017ab imienia jego c\u00f3rki, Ksi\u0119\u017cniczki Estelle. W ceremonii wzi\u0119\u0142a r\u00f3wnie\u017c udzia\u0142 szwedzka minister kultury Parisa Liljestrand, Charg\u00e9 d'affaires ad interim Rzeczypospolitej Polskiej w Kr\u00f3lestwie Szwecji Karolina Ostrzyniewska, dyrektor Fundacji Kultury Ksi\u0119\u017cniczki Estelle Sara Sandstr\u00f6m oraz autorka tegorocznej rze\u017aby, Monika Sosnowska.\\nWydarzenie poprowadzi\u0142a s\u0142ynna szwedzka aktorka Lena Endre, a John Nalan wykona\u0142 wzruszaj\u0105cy utw\u00f3r fortepianowy Jacoba M\u00fchlrada zadedykowany rze\u017abie polskiej artystki.\\nInspiracj\u0105 dla monumentalnej rze\u017aby zatytu\u0142owanej \u201eMuzeum\u201d jest nigdy nie zrealizowany projekt budowy muzeum. Pomys\u0142odawc\u0105 by\u0142, w 1830 roku, Karol XIV Jan, pierwszy przedstawiciel dynastii Bernadotte na szwedzkim tronie.\\nMonika Sosnowska otrzyma\u0142a mo\u017cliwo\u015b\u0107 wykorzystania w swojej nowej rze\u017abie jedenastu marmurowych element\u00f3w z planowanego przez szwedzkiego kr\u00f3la muzeum. S\u0105 obecnie wkomponowane w sze\u015b\u0107 odlanych na miejscu wolnostoj\u0105cych form z betonu. Nast\u0119puje spotkanie historii z tera\u017aniejszo\u015bci\u0105 w rze\u017abie, kt\u00f3ra znajduje si\u0119 na pograniczu sztuki z architektur\u0105.\\nRze\u017aba \u201eMuzeum\u201d stworzona dla Parku Rze\u017ab Ksi\u0119\u017cniczki Estelle jest pierwsz\u0105 publiczn\u0105 prac\u0105 Sosnowskiej w Skandynawii. Zam\u00f3wienie pracy Moniki Sosnowskiej pod tytu\u0142em \u201eMuzeum\u201d sta\u0142o si\u0119 mo\u017cliwe dzi\u0119ki hojnemu wsparciu Elin Kling i Karla Lindmana.\\nW zwi\u0105zku rze\u017ab\u0105 Moniki Sosnowskiej odbywa si\u0119 w tym roku szereg wydarze\u0144 zorganizowanych przez Fundacj\u0119 Kultury Ksi\u0119\u017cniczki Estelle wraz z partneruj\u0105cymi jej instytucjami, m.in. Muzeum Narodowym (Nationalmuseum), Muzeum Sztuki Wsp\u00f3\u0142czesnej (Moderna museet) i Instytutem Polskim w Sztokholmie, kt\u00f3ry wspiera ca\u0142y projekt promocyjnie i finansowo.\\nWi\u0119cej informacji: www.preks.se\"},{\"@type\":\"ImageObject\",\"inLanguage\":\"pl-PL\",\"@id\":\"https:\/\/instytutpolski.pl\/stockholm\/pl\/2025\/06\/13\/spacer-z-przewodnikiem-po-parku-rzezb-po-polsku\/#primaryimage\",\"url\":\"https:\/\/instytutpolski.pl\/stockholm\/wp-content\/uploads\/sites\/17\/2025\/06\/guided-tour-polska-PREKS-_Hemsida.jpg\",\"contentUrl\":\"https:\/\/instytutpolski.pl\/stockholm\/wp-content\/uploads\/sites\/17\/2025\/06\/guided-tour-polska-PREKS-_Hemsida.jpg\",\"width\":1120,\"height\":630},{\"@type\":\"BreadcrumbList\",\"@id\":\"https:\/\/instytutpolski.pl\/stockholm\/pl\/2025\/06\/13\/spacer-z-przewodnikiem-po-parku-rzezb-po-polsku\/#breadcrumb\",\"itemListElement\":[{\"@type\":\"ListItem\",\"position\":1,\"name\":\"Home\",\"item\":\"https:\/\/instytutpolski.pl\/stockholm\/\"},{\"@type\":\"ListItem\",\"position\":2,\"name\":\"Spacer z przewodnikiem po Parku Rze\u017ab \u2013 po polsku\"}]},{\"@type\":\"WebSite\",\"@id\":\"https:\/\/instytutpolski.pl\/stockholm\/#website\",\"url\":\"https:\/\/instytutpolski.pl\/stockholm\/\",\"name\":\"Instytut Polski w Sztokholmie\",\"description\":\"Instytuty Polskie\",\"potentialAction\":[{\"@type\":\"SearchAction\",\"target\":{\"@type\":\"EntryPoint\",\"urlTemplate\":\"https:\/\/instytutpolski.pl\/stockholm\/?s={search_term_string}\"},\"query-input\":{\"@type\":\"PropertyValueSpecification\",\"valueRequired\":true,\"valueName\":\"search_term_string\"}}],\"inLanguage\":\"pl-PL\"},{\"@type\":\"Person\",\"@id\":\"https:\/\/instytutpolski.pl\/stockholm\/#\/schema\/person\/866a2c0f4ccf0982a286809684f7bc1e\",\"name\":\"treichelp\",\"image\":{\"@type\":\"ImageObject\",\"inLanguage\":\"pl-PL\",\"@id\":\"https:\/\/instytutpolski.pl\/stockholm\/#\/schema\/person\/image\/\",\"url\":\"https:\/\/secure.gravatar.com\/avatar\/fb2c1caae0df0854742a56fc463dd1fb?s=96&d=mm&r=g\",\"contentUrl\":\"https:\/\/secure.gravatar.com\/avatar\/fb2c1caae0df0854742a56fc463dd1fb?s=96&d=mm&r=g\",\"caption\":\"treichelp\"},\"url\":\"https:\/\/instytutpolski.pl\/stockholm\/author\/treichelp\/\"}]}<\/script>\n<!-- \/ Yoast SEO plugin. -->","yoast_head_json":{"title":"Spacer z przewodnikiem po Parku Rze\u017ab \u2013 po polsku - Instytut Polski w Sztokholmie","robots":{"index":"index","follow":"follow","max-snippet":"max-snippet:-1","max-image-preview":"max-image-preview:large","max-video-preview":"max-video-preview:-1"},"canonical":"https:\/\/instytutpolski.pl\/stockholm\/pl\/2025\/06\/13\/spacer-z-przewodnikiem-po-parku-rzezb-po-polsku\/","og_locale":"pl_PL","og_type":"article","og_title":"Spacer z przewodnikiem po Parku Rze\u017ab \u2013 po polsku - Instytut Polski w Sztokholmie","og_description":"W zwi\u0105zku z now\u0105 rze\u017ab\u0105 polskiej artystki, Moniki Sosnowskiej, Fundacja PREKS we wsp\u00f3\u0142pracy z Instytutem Polskim w Sztokholmie organizuje oprowadzania z przewodnikiem r\u00f3wnie\u017c w j\u0119zyku polskim.Pierwsze z nich odb\u0119dzie si\u0119 24 czerwca o godz. 13.30. Rekomendowane przystanki komunikacji miejskiej: Museiparken, Djurg\u00e5rdsbron, Bellmansro. Serdecznie zapraszamy. Wst\u0119p wolny. 3 czerwca 2025 odby\u0142a si\u0119 uroczysta inauguracja rze\u017aby Moniki [&hellip;]","og_url":"https:\/\/instytutpolski.pl\/stockholm\/pl\/2025\/06\/13\/spacer-z-przewodnikiem-po-parku-rzezb-po-polsku\/","og_site_name":"Instytut Polski w Sztokholmie","article_published_time":"2025-06-13T06:36:13+00:00","article_modified_time":"2025-07-04T08:52:00+00:00","og_image":[{"width":1120,"height":630,"url":"https:\/\/instytutpolski.pl\/stockholm\/wp-content\/uploads\/sites\/17\/2025\/06\/guided-tour-polska-PREKS-_Hemsida.jpg","type":"image\/jpeg"}],"author":"treichelp","twitter_card":"summary_large_image","twitter_misc":{"Napisane przez":"treichelp","Szacowany czas czytania":"4 minuty"},"schema":{"@context":"https:\/\/schema.org","@graph":[{"@type":"event","@id":"https:\/\/instytutpolski.pl\/stockholm\/pl\/2025\/06\/13\/spacer-z-przewodnikiem-po-parku-rzezb-po-polsku\/","url":"https:\/\/instytutpolski.pl\/stockholm\/pl\/2025\/06\/13\/spacer-z-przewodnikiem-po-parku-rzezb-po-polsku\/","name":"Spacer z przewodnikiem po Parku Rze\u017ab \u2013 po polsku","isPartOf":{"@id":"https:\/\/instytutpolski.pl\/stockholm\/#website"},"primaryImageOfPage":{"@id":"https:\/\/instytutpolski.pl\/stockholm\/pl\/2025\/06\/13\/spacer-z-przewodnikiem-po-parku-rzezb-po-polsku\/#primaryimage"},"image":["https:\/\/instytutpolski.pl\/stockholm\/wp-content\/uploads\/sites\/17\/2025\/06\/guided-tour-polska-PREKS-_Hemsida.jpg","https:\/\/instytutpolski.pl\/stockholm\/wp-content\/uploads\/sites\/17\/2025\/06\/guided-tour-polska-PREKS-_Hemsida-300x169.jpg","https:\/\/instytutpolski.pl\/stockholm\/wp-content\/uploads\/sites\/17\/2025\/06\/guided-tour-polska-PREKS-_Hemsida-1024x576.jpg","https:\/\/instytutpolski.pl\/stockholm\/wp-content\/uploads\/sites\/17\/2025\/06\/guided-tour-polska-PREKS-_Hemsida.jpg"],"thumbnailUrl":"https:\/\/instytutpolski.pl\/stockholm\/wp-content\/uploads\/sites\/17\/2025\/06\/guided-tour-polska-PREKS-_Hemsida.jpg","datePublished":"2025-06-13T06:36:13+02:00","dateModified":"2025-07-04T08:52:00+02:00","author":{"@id":"https:\/\/instytutpolski.pl\/stockholm\/#\/schema\/person\/866a2c0f4ccf0982a286809684f7bc1e"},"breadcrumb":{"@id":"https:\/\/instytutpolski.pl\/stockholm\/pl\/2025\/06\/13\/spacer-z-przewodnikiem-po-parku-rzezb-po-polsku\/#breadcrumb"},"inLanguage":"pl-PL","potentialAction":[{"@type":"ReadAction","target":["https:\/\/instytutpolski.pl\/stockholm\/pl\/2025\/06\/13\/spacer-z-przewodnikiem-po-parku-rzezb-po-polsku\/"]}],"@context":"https:\/\/schema.org","startDate":"2025-06-04","endDate":"2025-09-01","eventStatus":"EventScheduled","eventAttendanceMode":"OfflineEventAttendanceMode","location":{"@type":"place","name":"m\u00f6tesplats: PREKS Infokiosk vid korsningen Folke Bernadottes bro och de Besches v\u00e4g","address":"m\u00f6tesplats: PREKS Infokiosk vid korsningen Folke Bernadottes bro och de Besches v\u00e4g","geo":{"@type":"GeoCoordinates","latitude":"59.34844386881227","longitude":"18.103668508035074"}},"description":"W zwi\u0105zku z now\u0105 rze\u017ab\u0105 polskiej artystki, Moniki Sosnowskiej, Fundacja PREKS we wsp\u00f3\u0142pracy z Instytutem Polskim w Sztokholmie organizuje oprowadzania z przewodnikiem r\u00f3wnie\u017c w j\u0119zyku polskim.Pierwsze z nich odb\u0119dzie si\u0119 24 czerwca o godz. 13.30.\nRekomendowane przystanki komunikacji miejskiej: Museiparken, Djurg\u00e5rdsbron, Bellmansro. Serdecznie zapraszamy. Wst\u0119p wolny.\n3 czerwca 2025 odby\u0142a si\u0119 uroczysta inauguracja rze\u017aby Moniki Sosnowskiej pt. \u201eMuzeum\u201d. Instytut Polski w Sztokholmie jest jednym z partner\u00f3w projektu.\nKsi\u0105\u017ce Daniel zainaugurowa\u0142 oficjalne ods\u0142oni\u0119cie ju\u017c sz\u00f3stego dzie\u0142a sztuki w Parku Rze\u017ab imienia jego c\u00f3rki, Ksi\u0119\u017cniczki Estelle. W ceremonii wzi\u0119\u0142a r\u00f3wnie\u017c udzia\u0142 szwedzka minister kultury Parisa Liljestrand, Charg\u00e9 d'affaires ad interim Rzeczypospolitej Polskiej w Kr\u00f3lestwie Szwecji Karolina Ostrzyniewska, dyrektor Fundacji Kultury Ksi\u0119\u017cniczki Estelle Sara Sandstr\u00f6m oraz autorka tegorocznej rze\u017aby, Monika Sosnowska.\nWydarzenie poprowadzi\u0142a s\u0142ynna szwedzka aktorka Lena Endre, a John Nalan wykona\u0142 wzruszaj\u0105cy utw\u00f3r fortepianowy Jacoba M\u00fchlrada zadedykowany rze\u017abie polskiej artystki.\nInspiracj\u0105 dla monumentalnej rze\u017aby zatytu\u0142owanej \u201eMuzeum\u201d jest nigdy nie zrealizowany projekt budowy muzeum. Pomys\u0142odawc\u0105 by\u0142, w 1830 roku, Karol XIV Jan, pierwszy przedstawiciel dynastii Bernadotte na szwedzkim tronie.\nMonika Sosnowska otrzyma\u0142a mo\u017cliwo\u015b\u0107 wykorzystania w swojej nowej rze\u017abie jedenastu marmurowych element\u00f3w z planowanego przez szwedzkiego kr\u00f3la muzeum. S\u0105 obecnie wkomponowane w sze\u015b\u0107 odlanych na miejscu wolnostoj\u0105cych form z betonu. Nast\u0119puje spotkanie historii z tera\u017aniejszo\u015bci\u0105 w rze\u017abie, kt\u00f3ra znajduje si\u0119 na pograniczu sztuki z architektur\u0105.\nRze\u017aba \u201eMuzeum\u201d stworzona dla Parku Rze\u017ab Ksi\u0119\u017cniczki Estelle jest pierwsz\u0105 publiczn\u0105 prac\u0105 Sosnowskiej w Skandynawii. Zam\u00f3wienie pracy Moniki Sosnowskiej pod tytu\u0142em \u201eMuzeum\u201d sta\u0142o si\u0119 mo\u017cliwe dzi\u0119ki hojnemu wsparciu Elin Kling i Karla Lindmana.\nW zwi\u0105zku rze\u017ab\u0105 Moniki Sosnowskiej odbywa si\u0119 w tym roku szereg wydarze\u0144 zorganizowanych przez Fundacj\u0119 Kultury Ksi\u0119\u017cniczki Estelle wraz z partneruj\u0105cymi jej instytucjami, m.in. Muzeum Narodowym (Nationalmuseum), Muzeum Sztuki Wsp\u00f3\u0142czesnej (Moderna museet) i Instytutem Polskim w Sztokholmie, kt\u00f3ry wspiera ca\u0142y projekt promocyjnie i finansowo.\nWi\u0119cej informacji: www.preks.se"},{"@type":"ImageObject","inLanguage":"pl-PL","@id":"https:\/\/instytutpolski.pl\/stockholm\/pl\/2025\/06\/13\/spacer-z-przewodnikiem-po-parku-rzezb-po-polsku\/#primaryimage","url":"https:\/\/instytutpolski.pl\/stockholm\/wp-content\/uploads\/sites\/17\/2025\/06\/guided-tour-polska-PREKS-_Hemsida.jpg","contentUrl":"https:\/\/instytutpolski.pl\/stockholm\/wp-content\/uploads\/sites\/17\/2025\/06\/guided-tour-polska-PREKS-_Hemsida.jpg","width":1120,"height":630},{"@type":"BreadcrumbList","@id":"https:\/\/instytutpolski.pl\/stockholm\/pl\/2025\/06\/13\/spacer-z-przewodnikiem-po-parku-rzezb-po-polsku\/#breadcrumb","itemListElement":[{"@type":"ListItem","position":1,"name":"Home","item":"https:\/\/instytutpolski.pl\/stockholm\/"},{"@type":"ListItem","position":2,"name":"Spacer z przewodnikiem po Parku Rze\u017ab \u2013 po polsku"}]},{"@type":"WebSite","@id":"https:\/\/instytutpolski.pl\/stockholm\/#website","url":"https:\/\/instytutpolski.pl\/stockholm\/","name":"Instytut Polski w Sztokholmie","description":"Instytuty Polskie","potentialAction":[{"@type":"SearchAction","target":{"@type":"EntryPoint","urlTemplate":"https:\/\/instytutpolski.pl\/stockholm\/?s={search_term_string}"},"query-input":{"@type":"PropertyValueSpecification","valueRequired":true,"valueName":"search_term_string"}}],"inLanguage":"pl-PL"},{"@type":"Person","@id":"https:\/\/instytutpolski.pl\/stockholm\/#\/schema\/person\/866a2c0f4ccf0982a286809684f7bc1e","name":"treichelp","image":{"@type":"ImageObject","inLanguage":"pl-PL","@id":"https:\/\/instytutpolski.pl\/stockholm\/#\/schema\/person\/image\/","url":"https:\/\/secure.gravatar.com\/avatar\/fb2c1caae0df0854742a56fc463dd1fb?s=96&d=mm&r=g","contentUrl":"https:\/\/secure.gravatar.com\/avatar\/fb2c1caae0df0854742a56fc463dd1fb?s=96&d=mm&r=g","caption":"treichelp"},"url":"https:\/\/instytutpolski.pl\/stockholm\/author\/treichelp\/"}]}},"_links":{"self":[{"href":"https:\/\/instytutpolski.pl\/stockholm\/wp-json\/wp\/v2\/posts\/14201","targetHints":{"allow":["GET"]}}],"collection":[{"href":"https:\/\/instytutpolski.pl\/stockholm\/wp-json\/wp\/v2\/posts"}],"about":[{"href":"https:\/\/instytutpolski.pl\/stockholm\/wp-json\/wp\/v2\/types\/post"}],"author":[{"embeddable":true,"href":"https:\/\/instytutpolski.pl\/stockholm\/wp-json\/wp\/v2\/users\/173"}],"replies":[{"embeddable":true,"href":"https:\/\/instytutpolski.pl\/stockholm\/wp-json\/wp\/v2\/comments?post=14201"}],"version-history":[{"count":2,"href":"https:\/\/instytutpolski.pl\/stockholm\/wp-json\/wp\/v2\/posts\/14201\/revisions"}],"predecessor-version":[{"id":14203,"href":"https:\/\/instytutpolski.pl\/stockholm\/wp-json\/wp\/v2\/posts\/14201\/revisions\/14203"}],"wp:featuredmedia":[{"embeddable":true,"href":"https:\/\/instytutpolski.pl\/stockholm\/wp-json\/wp\/v2\/media\/14188"}],"wp:attachment":[{"href":"https:\/\/instytutpolski.pl\/stockholm\/wp-json\/wp\/v2\/media?parent=14201"}],"wp:term":[{"taxonomy":"category","embeddable":true,"href":"https:\/\/instytutpolski.pl\/stockholm\/wp-json\/wp\/v2\/categories?post=14201"},{"taxonomy":"post_tag","embeddable":true,"href":"https:\/\/instytutpolski.pl\/stockholm\/wp-json\/wp\/v2\/tags?post=14201"}],"curies":[{"name":"wp","href":"https:\/\/api.w.org\/{rel}","templated":true}]}}