{"id":14397,"date":"2025-08-05T14:24:28","date_gmt":"2025-08-05T12:24:28","guid":{"rendered":"https:\/\/instytutpolski.pl\/stockholm\/?p=14397"},"modified":"2025-08-06T13:17:55","modified_gmt":"2025-08-06T11:17:55","slug":"instytut-polski-czescia-parady-rownosci-w-sztokholmie","status":"publish","type":"post","link":"https:\/\/instytutpolski.pl\/stockholm\/pl\/2025\/08\/05\/instytut-polski-czescia-parady-rownosci-w-sztokholmie\/","title":{"rendered":"Instytut Polski cz\u0119\u015bci\u0105 parady r\u00f3wno\u015bci w Sztokholmie"},"content":{"rendered":"\n<p>W sobot\u0119 Instytut Polski z dum\u0105 reprezentowa\u0142 Polsk\u0119 w kolorach t\u0119czy podczas parady r\u00f3wno\u015bci w Sztokholmie. Wraz z kilkunastoma instytutami kultury i ambasadami zrzeszonymi w ramach klastra EUNIC Stockholm przeszli\u015bmy ulicami miasta, manifestuj\u0105c wsparcie dla poprawy jako\u015bci \u017cycia i praw os\u00f3b LGBTQ+ oraz idei wsp\u00f3lnoty opartej na mi\u0142o\u015bci i r\u00f3wno\u015bci. Stockholm Pride pozostaje wydarzeniem niezale\u017cnym zar\u00f3wno politycznie, jak i religijnie.<\/p>\n\n\n\n<figure class=\"wp-block-gallery has-nested-images columns-default is-cropped wp-block-gallery-1 is-layout-flex wp-block-gallery-is-layout-flex\">\n<figure data-wp-context=\"{&quot;imageId&quot;:&quot;69efc12c1a2d6&quot;}\" data-wp-interactive=\"core\/image\" class=\"wp-block-image size-large wp-lightbox-container\"><img loading=\"lazy\" decoding=\"async\" width=\"1024\" height=\"768\" data-wp-class--hide=\"state.isContentHidden\" data-wp-class--show=\"state.isContentVisible\" data-wp-init=\"callbacks.setButtonStyles\" data-wp-on-async--click=\"actions.showLightbox\" data-wp-on-async--load=\"callbacks.setButtonStyles\" data-wp-on-async-window--resize=\"callbacks.setButtonStyles\" data-id=\"14388\" src=\"https:\/\/instytutpolski.pl\/stockholm\/wp-content\/uploads\/sites\/17\/2025\/08\/IMG_1794-1024x768.jpg\" alt=\"\" class=\"wp-image-14388\" srcset=\"https:\/\/instytutpolski.pl\/stockholm\/wp-content\/uploads\/sites\/17\/2025\/08\/IMG_1794-1024x768.jpg 1024w, https:\/\/instytutpolski.pl\/stockholm\/wp-content\/uploads\/sites\/17\/2025\/08\/IMG_1794-300x225.jpg 300w, https:\/\/instytutpolski.pl\/stockholm\/wp-content\/uploads\/sites\/17\/2025\/08\/IMG_1794-768x576.jpg 768w, https:\/\/instytutpolski.pl\/stockholm\/wp-content\/uploads\/sites\/17\/2025\/08\/IMG_1794-1536x1152.jpg 1536w, https:\/\/instytutpolski.pl\/stockholm\/wp-content\/uploads\/sites\/17\/2025\/08\/IMG_1794-2048x1536.jpg 2048w\" sizes=\"auto, (max-width: 1024px) 100vw, 1024px\" \/><button\n\t\t\tclass=\"lightbox-trigger\"\n\t\t\ttype=\"button\"\n\t\t\taria-haspopup=\"dialog\"\n\t\t\taria-label=\"Powi\u0119ksz obrazek\"\n\t\t\tdata-wp-init=\"callbacks.initTriggerButton\"\n\t\t\tdata-wp-on-async--click=\"actions.showLightbox\"\n\t\t\tdata-wp-style--right=\"state.imageButtonRight\"\n\t\t\tdata-wp-style--top=\"state.imageButtonTop\"\n\t\t>\n\t\t\t<svg xmlns=\"http:\/\/www.w3.org\/2000\/svg\" width=\"12\" height=\"12\" fill=\"none\" viewBox=\"0 0 12 12\">\n\t\t\t\t<path fill=\"#fff\" d=\"M2 0a2 2 0 0 0-2 2v2h1.5V2a.5.5 0 0 1 .5-.5h2V0H2Zm2 10.5H2a.5.5 0 0 1-.5-.5V8H0v2a2 2 0 0 0 2 2h2v-1.5ZM8 12v-1.5h2a.5.5 0 0 0 .5-.5V8H12v2a2 2 0 0 1-2 2H8Zm2-12a2 2 0 0 1 2 2v2h-1.5V2a.5.5 0 0 0-.5-.5H8V0h2Z\" \/>\n\t\t\t<\/svg>\n\t\t<\/button><\/figure>\n\n\n\n<figure data-wp-context=\"{&quot;imageId&quot;:&quot;69efc12c1aa58&quot;}\" data-wp-interactive=\"core\/image\" class=\"wp-block-image size-large wp-lightbox-container\"><img loading=\"lazy\" decoding=\"async\" width=\"768\" height=\"1024\" data-wp-class--hide=\"state.isContentHidden\" data-wp-class--show=\"state.isContentVisible\" data-wp-init=\"callbacks.setButtonStyles\" data-wp-on-async--click=\"actions.showLightbox\" data-wp-on-async--load=\"callbacks.setButtonStyles\" data-wp-on-async-window--resize=\"callbacks.setButtonStyles\" data-id=\"14389\" src=\"https:\/\/instytutpolski.pl\/stockholm\/wp-content\/uploads\/sites\/17\/2025\/08\/IMG_1814-768x1024.jpg\" alt=\"\" class=\"wp-image-14389\" srcset=\"https:\/\/instytutpolski.pl\/stockholm\/wp-content\/uploads\/sites\/17\/2025\/08\/IMG_1814-768x1024.jpg 768w, https:\/\/instytutpolski.pl\/stockholm\/wp-content\/uploads\/sites\/17\/2025\/08\/IMG_1814-225x300.jpg 225w, https:\/\/instytutpolski.pl\/stockholm\/wp-content\/uploads\/sites\/17\/2025\/08\/IMG_1814-1152x1536.jpg 1152w, https:\/\/instytutpolski.pl\/stockholm\/wp-content\/uploads\/sites\/17\/2025\/08\/IMG_1814-1536x2048.jpg 1536w, https:\/\/instytutpolski.pl\/stockholm\/wp-content\/uploads\/sites\/17\/2025\/08\/IMG_1814-scaled.jpg 1920w\" sizes=\"auto, (max-width: 768px) 100vw, 768px\" \/><button\n\t\t\tclass=\"lightbox-trigger\"\n\t\t\ttype=\"button\"\n\t\t\taria-haspopup=\"dialog\"\n\t\t\taria-label=\"Powi\u0119ksz obrazek\"\n\t\t\tdata-wp-init=\"callbacks.initTriggerButton\"\n\t\t\tdata-wp-on-async--click=\"actions.showLightbox\"\n\t\t\tdata-wp-style--right=\"state.imageButtonRight\"\n\t\t\tdata-wp-style--top=\"state.imageButtonTop\"\n\t\t>\n\t\t\t<svg xmlns=\"http:\/\/www.w3.org\/2000\/svg\" width=\"12\" height=\"12\" fill=\"none\" viewBox=\"0 0 12 12\">\n\t\t\t\t<path fill=\"#fff\" d=\"M2 0a2 2 0 0 0-2 2v2h1.5V2a.5.5 0 0 1 .5-.5h2V0H2Zm2 10.5H2a.5.5 0 0 1-.5-.5V8H0v2a2 2 0 0 0 2 2h2v-1.5ZM8 12v-1.5h2a.5.5 0 0 0 .5-.5V8H12v2a2 2 0 0 1-2 2H8Zm2-12a2 2 0 0 1 2 2v2h-1.5V2a.5.5 0 0 0-.5-.5H8V0h2Z\" \/>\n\t\t\t<\/svg>\n\t\t<\/button><\/figure>\n\n\n\n<figure data-wp-context=\"{&quot;imageId&quot;:&quot;69efc12c1afa3&quot;}\" data-wp-interactive=\"core\/image\" class=\"wp-block-image size-large wp-lightbox-container\"><img loading=\"lazy\" decoding=\"async\" width=\"768\" height=\"1024\" data-wp-class--hide=\"state.isContentHidden\" data-wp-class--show=\"state.isContentVisible\" data-wp-init=\"callbacks.setButtonStyles\" data-wp-on-async--click=\"actions.showLightbox\" data-wp-on-async--load=\"callbacks.setButtonStyles\" data-wp-on-async-window--resize=\"callbacks.setButtonStyles\" data-id=\"14390\" src=\"https:\/\/instytutpolski.pl\/stockholm\/wp-content\/uploads\/sites\/17\/2025\/08\/IMG_1816-768x1024.jpg\" alt=\"\" class=\"wp-image-14390\" srcset=\"https:\/\/instytutpolski.pl\/stockholm\/wp-content\/uploads\/sites\/17\/2025\/08\/IMG_1816-768x1024.jpg 768w, https:\/\/instytutpolski.pl\/stockholm\/wp-content\/uploads\/sites\/17\/2025\/08\/IMG_1816-225x300.jpg 225w, https:\/\/instytutpolski.pl\/stockholm\/wp-content\/uploads\/sites\/17\/2025\/08\/IMG_1816-1152x1536.jpg 1152w, https:\/\/instytutpolski.pl\/stockholm\/wp-content\/uploads\/sites\/17\/2025\/08\/IMG_1816-1536x2048.jpg 1536w, https:\/\/instytutpolski.pl\/stockholm\/wp-content\/uploads\/sites\/17\/2025\/08\/IMG_1816-scaled.jpg 1920w\" sizes=\"auto, (max-width: 768px) 100vw, 768px\" \/><button\n\t\t\tclass=\"lightbox-trigger\"\n\t\t\ttype=\"button\"\n\t\t\taria-haspopup=\"dialog\"\n\t\t\taria-label=\"Powi\u0119ksz obrazek\"\n\t\t\tdata-wp-init=\"callbacks.initTriggerButton\"\n\t\t\tdata-wp-on-async--click=\"actions.showLightbox\"\n\t\t\tdata-wp-style--right=\"state.imageButtonRight\"\n\t\t\tdata-wp-style--top=\"state.imageButtonTop\"\n\t\t>\n\t\t\t<svg xmlns=\"http:\/\/www.w3.org\/2000\/svg\" width=\"12\" height=\"12\" fill=\"none\" viewBox=\"0 0 12 12\">\n\t\t\t\t<path fill=\"#fff\" d=\"M2 0a2 2 0 0 0-2 2v2h1.5V2a.5.5 0 0 1 .5-.5h2V0H2Zm2 10.5H2a.5.5 0 0 1-.5-.5V8H0v2a2 2 0 0 0 2 2h2v-1.5ZM8 12v-1.5h2a.5.5 0 0 0 .5-.5V8H12v2a2 2 0 0 1-2 2H8Zm2-12a2 2 0 0 1 2 2v2h-1.5V2a.5.5 0 0 0-.5-.5H8V0h2Z\" \/>\n\t\t\t<\/svg>\n\t\t<\/button><\/figure>\n\n\n\n<figure data-wp-context=\"{&quot;imageId&quot;:&quot;69efc12c1b528&quot;}\" data-wp-interactive=\"core\/image\" class=\"wp-block-image size-large wp-lightbox-container\"><img loading=\"lazy\" decoding=\"async\" width=\"576\" height=\"1024\" data-wp-class--hide=\"state.isContentHidden\" data-wp-class--show=\"state.isContentVisible\" data-wp-init=\"callbacks.setButtonStyles\" data-wp-on-async--click=\"actions.showLightbox\" data-wp-on-async--load=\"callbacks.setButtonStyles\" data-wp-on-async-window--resize=\"callbacks.setButtonStyles\" data-id=\"14391\" src=\"https:\/\/instytutpolski.pl\/stockholm\/wp-content\/uploads\/sites\/17\/2025\/08\/IMG_1820-576x1024.jpg\" alt=\"\" class=\"wp-image-14391\" srcset=\"https:\/\/instytutpolski.pl\/stockholm\/wp-content\/uploads\/sites\/17\/2025\/08\/IMG_1820-576x1024.jpg 576w, https:\/\/instytutpolski.pl\/stockholm\/wp-content\/uploads\/sites\/17\/2025\/08\/IMG_1820-169x300.jpg 169w, https:\/\/instytutpolski.pl\/stockholm\/wp-content\/uploads\/sites\/17\/2025\/08\/IMG_1820-768x1365.jpg 768w, https:\/\/instytutpolski.pl\/stockholm\/wp-content\/uploads\/sites\/17\/2025\/08\/IMG_1820-864x1536.jpg 864w, https:\/\/instytutpolski.pl\/stockholm\/wp-content\/uploads\/sites\/17\/2025\/08\/IMG_1820-1152x2048.jpg 1152w, https:\/\/instytutpolski.pl\/stockholm\/wp-content\/uploads\/sites\/17\/2025\/08\/IMG_1820-scaled.jpg 1440w\" sizes=\"auto, (max-width: 576px) 100vw, 576px\" \/><button\n\t\t\tclass=\"lightbox-trigger\"\n\t\t\ttype=\"button\"\n\t\t\taria-haspopup=\"dialog\"\n\t\t\taria-label=\"Powi\u0119ksz obrazek\"\n\t\t\tdata-wp-init=\"callbacks.initTriggerButton\"\n\t\t\tdata-wp-on-async--click=\"actions.showLightbox\"\n\t\t\tdata-wp-style--right=\"state.imageButtonRight\"\n\t\t\tdata-wp-style--top=\"state.imageButtonTop\"\n\t\t>\n\t\t\t<svg xmlns=\"http:\/\/www.w3.org\/2000\/svg\" width=\"12\" height=\"12\" fill=\"none\" viewBox=\"0 0 12 12\">\n\t\t\t\t<path fill=\"#fff\" d=\"M2 0a2 2 0 0 0-2 2v2h1.5V2a.5.5 0 0 1 .5-.5h2V0H2Zm2 10.5H2a.5.5 0 0 1-.5-.5V8H0v2a2 2 0 0 0 2 2h2v-1.5ZM8 12v-1.5h2a.5.5 0 0 0 .5-.5V8H12v2a2 2 0 0 1-2 2H8Zm2-12a2 2 0 0 1 2 2v2h-1.5V2a.5.5 0 0 0-.5-.5H8V0h2Z\" \/>\n\t\t\t<\/svg>\n\t\t<\/button><\/figure>\n\n\n\n<figure data-wp-context=\"{&quot;imageId&quot;:&quot;69efc12c1ba73&quot;}\" data-wp-interactive=\"core\/image\" class=\"wp-block-image size-large wp-lightbox-container\"><img loading=\"lazy\" decoding=\"async\" width=\"768\" height=\"1024\" data-wp-class--hide=\"state.isContentHidden\" data-wp-class--show=\"state.isContentVisible\" data-wp-init=\"callbacks.setButtonStyles\" data-wp-on-async--click=\"actions.showLightbox\" data-wp-on-async--load=\"callbacks.setButtonStyles\" data-wp-on-async-window--resize=\"callbacks.setButtonStyles\" data-id=\"14393\" src=\"https:\/\/instytutpolski.pl\/stockholm\/wp-content\/uploads\/sites\/17\/2025\/08\/IMG_1886-768x1024.jpg\" alt=\"\" class=\"wp-image-14393\" srcset=\"https:\/\/instytutpolski.pl\/stockholm\/wp-content\/uploads\/sites\/17\/2025\/08\/IMG_1886-768x1024.jpg 768w, https:\/\/instytutpolski.pl\/stockholm\/wp-content\/uploads\/sites\/17\/2025\/08\/IMG_1886-225x300.jpg 225w, https:\/\/instytutpolski.pl\/stockholm\/wp-content\/uploads\/sites\/17\/2025\/08\/IMG_1886-1152x1536.jpg 1152w, https:\/\/instytutpolski.pl\/stockholm\/wp-content\/uploads\/sites\/17\/2025\/08\/IMG_1886-1536x2048.jpg 1536w, https:\/\/instytutpolski.pl\/stockholm\/wp-content\/uploads\/sites\/17\/2025\/08\/IMG_1886-scaled.jpg 1920w\" sizes=\"auto, (max-width: 768px) 100vw, 768px\" \/><button\n\t\t\tclass=\"lightbox-trigger\"\n\t\t\ttype=\"button\"\n\t\t\taria-haspopup=\"dialog\"\n\t\t\taria-label=\"Powi\u0119ksz obrazek\"\n\t\t\tdata-wp-init=\"callbacks.initTriggerButton\"\n\t\t\tdata-wp-on-async--click=\"actions.showLightbox\"\n\t\t\tdata-wp-style--right=\"state.imageButtonRight\"\n\t\t\tdata-wp-style--top=\"state.imageButtonTop\"\n\t\t>\n\t\t\t<svg xmlns=\"http:\/\/www.w3.org\/2000\/svg\" width=\"12\" height=\"12\" fill=\"none\" viewBox=\"0 0 12 12\">\n\t\t\t\t<path fill=\"#fff\" d=\"M2 0a2 2 0 0 0-2 2v2h1.5V2a.5.5 0 0 1 .5-.5h2V0H2Zm2 10.5H2a.5.5 0 0 1-.5-.5V8H0v2a2 2 0 0 0 2 2h2v-1.5ZM8 12v-1.5h2a.5.5 0 0 0 .5-.5V8H12v2a2 2 0 0 1-2 2H8Zm2-12a2 2 0 0 1 2 2v2h-1.5V2a.5.5 0 0 0-.5-.5H8V0h2Z\" \/>\n\t\t\t<\/svg>\n\t\t<\/button><\/figure>\n\n\n\n<figure data-wp-context=\"{&quot;imageId&quot;:&quot;69efc12c1bf55&quot;}\" data-wp-interactive=\"core\/image\" class=\"wp-block-image size-large wp-lightbox-container\"><img loading=\"lazy\" decoding=\"async\" width=\"768\" height=\"1024\" data-wp-class--hide=\"state.isContentHidden\" data-wp-class--show=\"state.isContentVisible\" data-wp-init=\"callbacks.setButtonStyles\" data-wp-on-async--click=\"actions.showLightbox\" data-wp-on-async--load=\"callbacks.setButtonStyles\" data-wp-on-async-window--resize=\"callbacks.setButtonStyles\" data-id=\"14392\" src=\"https:\/\/instytutpolski.pl\/stockholm\/wp-content\/uploads\/sites\/17\/2025\/08\/IMG_1823-768x1024.jpg\" alt=\"\" class=\"wp-image-14392\" srcset=\"https:\/\/instytutpolski.pl\/stockholm\/wp-content\/uploads\/sites\/17\/2025\/08\/IMG_1823-768x1024.jpg 768w, https:\/\/instytutpolski.pl\/stockholm\/wp-content\/uploads\/sites\/17\/2025\/08\/IMG_1823-225x300.jpg 225w, https:\/\/instytutpolski.pl\/stockholm\/wp-content\/uploads\/sites\/17\/2025\/08\/IMG_1823-1152x1536.jpg 1152w, https:\/\/instytutpolski.pl\/stockholm\/wp-content\/uploads\/sites\/17\/2025\/08\/IMG_1823-1536x2048.jpg 1536w, https:\/\/instytutpolski.pl\/stockholm\/wp-content\/uploads\/sites\/17\/2025\/08\/IMG_1823-scaled.jpg 1920w\" sizes=\"auto, (max-width: 768px) 100vw, 768px\" \/><button\n\t\t\tclass=\"lightbox-trigger\"\n\t\t\ttype=\"button\"\n\t\t\taria-haspopup=\"dialog\"\n\t\t\taria-label=\"Powi\u0119ksz obrazek\"\n\t\t\tdata-wp-init=\"callbacks.initTriggerButton\"\n\t\t\tdata-wp-on-async--click=\"actions.showLightbox\"\n\t\t\tdata-wp-style--right=\"state.imageButtonRight\"\n\t\t\tdata-wp-style--top=\"state.imageButtonTop\"\n\t\t>\n\t\t\t<svg xmlns=\"http:\/\/www.w3.org\/2000\/svg\" width=\"12\" height=\"12\" fill=\"none\" viewBox=\"0 0 12 12\">\n\t\t\t\t<path fill=\"#fff\" d=\"M2 0a2 2 0 0 0-2 2v2h1.5V2a.5.5 0 0 1 .5-.5h2V0H2Zm2 10.5H2a.5.5 0 0 1-.5-.5V8H0v2a2 2 0 0 0 2 2h2v-1.5ZM8 12v-1.5h2a.5.5 0 0 0 .5-.5V8H12v2a2 2 0 0 1-2 2H8Zm2-12a2 2 0 0 1 2 2v2h-1.5V2a.5.5 0 0 0-.5-.5H8V0h2Z\" \/>\n\t\t\t<\/svg>\n\t\t<\/button><\/figure>\n<\/figure>\n\n\n\n<figure class=\"wp-block-gallery has-nested-images columns-default is-cropped wp-block-gallery-2 is-layout-flex wp-block-gallery-is-layout-flex\">\n<figure class=\"wp-block-image size-large\"><img loading=\"lazy\" decoding=\"async\" width=\"1024\" height=\"576\" data-id=\"14410\" src=\"https:\/\/instytutpolski.pl\/stockholm\/wp-content\/uploads\/sites\/17\/2025\/08\/EUNIC_group_photo_by_Petter-Berndalen-1024x576.jpg\" alt=\"\" class=\"wp-image-14410\" srcset=\"https:\/\/instytutpolski.pl\/stockholm\/wp-content\/uploads\/sites\/17\/2025\/08\/EUNIC_group_photo_by_Petter-Berndalen-1024x576.jpg 1024w, https:\/\/instytutpolski.pl\/stockholm\/wp-content\/uploads\/sites\/17\/2025\/08\/EUNIC_group_photo_by_Petter-Berndalen-300x169.jpg 300w, https:\/\/instytutpolski.pl\/stockholm\/wp-content\/uploads\/sites\/17\/2025\/08\/EUNIC_group_photo_by_Petter-Berndalen-768x432.jpg 768w, https:\/\/instytutpolski.pl\/stockholm\/wp-content\/uploads\/sites\/17\/2025\/08\/EUNIC_group_photo_by_Petter-Berndalen.jpg 1120w\" sizes=\"auto, (max-width: 1024px) 100vw, 1024px\" \/><figcaption class=\"wp-element-caption\">Foto: Petter Berndalen<\/figcaption><\/figure>\n<\/figure>\n\n\n\n<figure class=\"wp-block-gallery has-nested-images columns-default is-cropped wp-block-gallery-3 is-layout-flex wp-block-gallery-is-layout-flex\">\n<figure class=\"wp-block-image size-large\"><img loading=\"lazy\" decoding=\"async\" width=\"819\" height=\"1024\" data-id=\"14415\" src=\"https:\/\/instytutpolski.pl\/stockholm\/wp-content\/uploads\/sites\/17\/2025\/08\/EUNIC_Pride_photo_by_Petter-Berndalen-1-819x1024.jpg\" alt=\"\" class=\"wp-image-14415\" srcset=\"https:\/\/instytutpolski.pl\/stockholm\/wp-content\/uploads\/sites\/17\/2025\/08\/EUNIC_Pride_photo_by_Petter-Berndalen-1-819x1024.jpg 819w, https:\/\/instytutpolski.pl\/stockholm\/wp-content\/uploads\/sites\/17\/2025\/08\/EUNIC_Pride_photo_by_Petter-Berndalen-1-240x300.jpg 240w, https:\/\/instytutpolski.pl\/stockholm\/wp-content\/uploads\/sites\/17\/2025\/08\/EUNIC_Pride_photo_by_Petter-Berndalen-1-768x960.jpg 768w, https:\/\/instytutpolski.pl\/stockholm\/wp-content\/uploads\/sites\/17\/2025\/08\/EUNIC_Pride_photo_by_Petter-Berndalen-1.jpg 1080w\" sizes=\"auto, (max-width: 819px) 100vw, 819px\" \/><figcaption class=\"wp-element-caption\">Foto: Petter Berndalen<\/figcaption><\/figure>\n<\/figure>\n\n\n\n<p><\/p>\n","protected":false},"excerpt":{"rendered":"<p>W sobot\u0119 Instytut Polski z dum\u0105 reprezentowa\u0142 Polsk\u0119 w kolorach t\u0119czy podczas parady r\u00f3wno\u015bci w Sztokholmie. Wraz z kilkunastoma instytutami kultury i ambasadami zrzeszonymi w ramach klastra EUNIC Stockholm przeszli\u015bmy ulicami miasta, manifestuj\u0105c wsparcie dla poprawy jako\u015bci \u017cycia i praw os\u00f3b LGBTQ+ oraz idei wsp\u00f3lnoty opartej na mi\u0142o\u015bci i r\u00f3wno\u015bci. Stockholm Pride pozostaje wydarzeniem niezale\u017cnym [&hellip;]<\/p>\n","protected":false},"author":173,"featured_media":14410,"comment_status":"closed","ping_status":"closed","sticky":true,"template":"","format":"standard","meta":{"inline_featured_image":false,"_monsterinsights_skip_tracking":false,"_monsterinsights_sitenote_active":false,"_monsterinsights_sitenote_note":"","_monsterinsights_sitenote_category":0,"footnotes":""},"categories":[320,208],"tags":[],"class_list":["post-14397","post","type-post","status-publish","format-standard","has-post-thumbnail","hentry","category-artykuly-pl","category-galeria-pl"],"yoast_head":"<!-- This site is optimized with the Yoast SEO plugin v24.6 - https:\/\/yoast.com\/wordpress\/plugins\/seo\/ -->\n<title>Instytut Polski cz\u0119\u015bci\u0105 parady r\u00f3wno\u015bci w Sztokholmie - Instytut Polski w Sztokholmie<\/title>\n<meta name=\"robots\" content=\"index, follow, max-snippet:-1, max-image-preview:large, max-video-preview:-1\" \/>\n<link rel=\"canonical\" href=\"https:\/\/instytutpolski.pl\/stockholm\/pl\/2025\/08\/05\/instytut-polski-czescia-parady-rownosci-w-sztokholmie\/\" \/>\n<meta property=\"og:locale\" content=\"pl_PL\" \/>\n<meta property=\"og:type\" content=\"article\" \/>\n<meta property=\"og:title\" content=\"Instytut Polski cz\u0119\u015bci\u0105 parady r\u00f3wno\u015bci w Sztokholmie - Instytut Polski w Sztokholmie\" \/>\n<meta property=\"og:description\" content=\"W sobot\u0119 Instytut Polski z dum\u0105 reprezentowa\u0142 Polsk\u0119 w kolorach t\u0119czy podczas parady r\u00f3wno\u015bci w Sztokholmie. Wraz z kilkunastoma instytutami kultury i ambasadami zrzeszonymi w ramach klastra EUNIC Stockholm przeszli\u015bmy ulicami miasta, manifestuj\u0105c wsparcie dla poprawy jako\u015bci \u017cycia i praw os\u00f3b LGBTQ+ oraz idei wsp\u00f3lnoty opartej na mi\u0142o\u015bci i r\u00f3wno\u015bci. Stockholm Pride pozostaje wydarzeniem niezale\u017cnym [&hellip;]\" \/>\n<meta property=\"og:url\" content=\"https:\/\/instytutpolski.pl\/stockholm\/pl\/2025\/08\/05\/instytut-polski-czescia-parady-rownosci-w-sztokholmie\/\" \/>\n<meta property=\"og:site_name\" content=\"Instytut Polski w Sztokholmie\" \/>\n<meta property=\"article:published_time\" content=\"2025-08-05T12:24:28+00:00\" \/>\n<meta property=\"article:modified_time\" content=\"2025-08-06T11:17:55+00:00\" \/>\n<meta property=\"og:image\" content=\"https:\/\/instytutpolski.pl\/stockholm\/wp-content\/uploads\/sites\/17\/2025\/08\/EUNIC_group_photo_by_Petter-Berndalen.jpg\" \/>\n\t<meta property=\"og:image:width\" content=\"1120\" \/>\n\t<meta property=\"og:image:height\" content=\"630\" \/>\n\t<meta property=\"og:image:type\" content=\"image\/jpeg\" \/>\n<meta name=\"author\" content=\"treichelp\" \/>\n<meta name=\"twitter:card\" content=\"summary_large_image\" \/>\n<meta name=\"twitter:label1\" content=\"Napisane przez\" \/>\n\t<meta name=\"twitter:data1\" content=\"treichelp\" \/>\n\t<meta name=\"twitter:label2\" content=\"Szacowany czas czytania\" \/>\n\t<meta name=\"twitter:data2\" content=\"3 minuty\" \/>\n<script type=\"application\/ld+json\" class=\"yoast-schema-graph\">{\"@context\":\"https:\/\/schema.org\",\"@graph\":[{\"@type\":\"event\",\"@id\":\"https:\/\/instytutpolski.pl\/stockholm\/pl\/2025\/08\/05\/instytut-polski-czescia-parady-rownosci-w-sztokholmie\/\",\"url\":\"https:\/\/instytutpolski.pl\/stockholm\/pl\/2025\/08\/05\/instytut-polski-czescia-parady-rownosci-w-sztokholmie\/\",\"name\":\"Instytut Polski cz\u0119\u015bci\u0105 parady r\u00f3wno\u015bci w Sztokholmie\",\"isPartOf\":{\"@id\":\"https:\/\/instytutpolski.pl\/stockholm\/#website\"},\"primaryImageOfPage\":{\"@id\":\"https:\/\/instytutpolski.pl\/stockholm\/pl\/2025\/08\/05\/instytut-polski-czescia-parady-rownosci-w-sztokholmie\/#primaryimage\"},\"image\":[\"https:\/\/instytutpolski.pl\/stockholm\/wp-content\/uploads\/sites\/17\/2025\/08\/EUNIC_group_photo_by_Petter-Berndalen.jpg\",\"https:\/\/instytutpolski.pl\/stockholm\/wp-content\/uploads\/sites\/17\/2025\/08\/EUNIC_group_photo_by_Petter-Berndalen-300x169.jpg\",\"https:\/\/instytutpolski.pl\/stockholm\/wp-content\/uploads\/sites\/17\/2025\/08\/EUNIC_group_photo_by_Petter-Berndalen-1024x576.jpg\",\"https:\/\/instytutpolski.pl\/stockholm\/wp-content\/uploads\/sites\/17\/2025\/08\/EUNIC_group_photo_by_Petter-Berndalen.jpg\"],\"thumbnailUrl\":\"https:\/\/instytutpolski.pl\/stockholm\/wp-content\/uploads\/sites\/17\/2025\/08\/EUNIC_group_photo_by_Petter-Berndalen.jpg\",\"datePublished\":\"2025-08-05T12:24:28+02:00\",\"dateModified\":\"2025-08-06T11:17:55+02:00\",\"author\":{\"@id\":\"https:\/\/instytutpolski.pl\/stockholm\/#\/schema\/person\/866a2c0f4ccf0982a286809684f7bc1e\"},\"breadcrumb\":{\"@id\":\"https:\/\/instytutpolski.pl\/stockholm\/pl\/2025\/08\/05\/instytut-polski-czescia-parady-rownosci-w-sztokholmie\/#breadcrumb\"},\"inLanguage\":\"pl-PL\",\"potentialAction\":[{\"@type\":\"ReadAction\",\"target\":[\"https:\/\/instytutpolski.pl\/stockholm\/pl\/2025\/08\/05\/instytut-polski-czescia-parady-rownosci-w-sztokholmie\/\"]}],\"@context\":\"https:\/\/schema.org\",\"startDate\":\"2025-08-02T01:00:00+02:00\",\"endDate\":\"2025-08-02T04:00:00+02:00\",\"eventStatus\":\"EventScheduled\",\"eventAttendanceMode\":\"OfflineEventAttendanceMode\",\"location\":{\"@type\":\"place\",\"name\":\"Stockholm\",\"address\":\"Stockholm\",\"geo\":{\"@type\":\"GeoCoordinates\",\"latitude\":\"58.8106141824594\",\"longitude\":\"18.419921087243267\"}},\"description\":\"W sobot\u0119 Instytut Polski z dum\u0105 reprezentowa\u0142 Polsk\u0119 w kolorach t\u0119czy podczas parady r\u00f3wno\u015bci w Sztokholmie. Wraz z kilkunastoma instytutami kultury i ambasadami zrzeszonymi w ramach klastra EUNIC Stockholm przeszli\u015bmy ulicami miasta, manifestuj\u0105c wsparcie dla poprawy jako\u015bci \u017cycia i praw os\u00f3b LGBTQ+ oraz idei wsp\u00f3lnoty opartej na mi\u0142o\u015bci i r\u00f3wno\u015bci. Stockholm Pride pozostaje wydarzeniem niezale\u017cnym zar\u00f3wno politycznie, jak i religijnie.\"},{\"@type\":\"ImageObject\",\"inLanguage\":\"pl-PL\",\"@id\":\"https:\/\/instytutpolski.pl\/stockholm\/pl\/2025\/08\/05\/instytut-polski-czescia-parady-rownosci-w-sztokholmie\/#primaryimage\",\"url\":\"https:\/\/instytutpolski.pl\/stockholm\/wp-content\/uploads\/sites\/17\/2025\/08\/EUNIC_group_photo_by_Petter-Berndalen.jpg\",\"contentUrl\":\"https:\/\/instytutpolski.pl\/stockholm\/wp-content\/uploads\/sites\/17\/2025\/08\/EUNIC_group_photo_by_Petter-Berndalen.jpg\",\"width\":1120,\"height\":630},{\"@type\":\"BreadcrumbList\",\"@id\":\"https:\/\/instytutpolski.pl\/stockholm\/pl\/2025\/08\/05\/instytut-polski-czescia-parady-rownosci-w-sztokholmie\/#breadcrumb\",\"itemListElement\":[{\"@type\":\"ListItem\",\"position\":1,\"name\":\"Home\",\"item\":\"https:\/\/instytutpolski.pl\/stockholm\/\"},{\"@type\":\"ListItem\",\"position\":2,\"name\":\"Instytut Polski cz\u0119\u015bci\u0105 parady r\u00f3wno\u015bci w Sztokholmie\"}]},{\"@type\":\"WebSite\",\"@id\":\"https:\/\/instytutpolski.pl\/stockholm\/#website\",\"url\":\"https:\/\/instytutpolski.pl\/stockholm\/\",\"name\":\"Instytut Polski w Sztokholmie\",\"description\":\"Instytuty Polskie\",\"potentialAction\":[{\"@type\":\"SearchAction\",\"target\":{\"@type\":\"EntryPoint\",\"urlTemplate\":\"https:\/\/instytutpolski.pl\/stockholm\/?s={search_term_string}\"},\"query-input\":{\"@type\":\"PropertyValueSpecification\",\"valueRequired\":true,\"valueName\":\"search_term_string\"}}],\"inLanguage\":\"pl-PL\"},{\"@type\":\"Person\",\"@id\":\"https:\/\/instytutpolski.pl\/stockholm\/#\/schema\/person\/866a2c0f4ccf0982a286809684f7bc1e\",\"name\":\"treichelp\",\"image\":{\"@type\":\"ImageObject\",\"inLanguage\":\"pl-PL\",\"@id\":\"https:\/\/instytutpolski.pl\/stockholm\/#\/schema\/person\/image\/\",\"url\":\"https:\/\/secure.gravatar.com\/avatar\/fb2c1caae0df0854742a56fc463dd1fb?s=96&d=mm&r=g\",\"contentUrl\":\"https:\/\/secure.gravatar.com\/avatar\/fb2c1caae0df0854742a56fc463dd1fb?s=96&d=mm&r=g\",\"caption\":\"treichelp\"},\"url\":\"https:\/\/instytutpolski.pl\/stockholm\/author\/treichelp\/\"}]}<\/script>\n<!-- \/ Yoast SEO plugin. -->","yoast_head_json":{"title":"Instytut Polski cz\u0119\u015bci\u0105 parady r\u00f3wno\u015bci w Sztokholmie - Instytut Polski w Sztokholmie","robots":{"index":"index","follow":"follow","max-snippet":"max-snippet:-1","max-image-preview":"max-image-preview:large","max-video-preview":"max-video-preview:-1"},"canonical":"https:\/\/instytutpolski.pl\/stockholm\/pl\/2025\/08\/05\/instytut-polski-czescia-parady-rownosci-w-sztokholmie\/","og_locale":"pl_PL","og_type":"article","og_title":"Instytut Polski cz\u0119\u015bci\u0105 parady r\u00f3wno\u015bci w Sztokholmie - Instytut Polski w Sztokholmie","og_description":"W sobot\u0119 Instytut Polski z dum\u0105 reprezentowa\u0142 Polsk\u0119 w kolorach t\u0119czy podczas parady r\u00f3wno\u015bci w Sztokholmie. Wraz z kilkunastoma instytutami kultury i ambasadami zrzeszonymi w ramach klastra EUNIC Stockholm przeszli\u015bmy ulicami miasta, manifestuj\u0105c wsparcie dla poprawy jako\u015bci \u017cycia i praw os\u00f3b LGBTQ+ oraz idei wsp\u00f3lnoty opartej na mi\u0142o\u015bci i r\u00f3wno\u015bci. Stockholm Pride pozostaje wydarzeniem niezale\u017cnym [&hellip;]","og_url":"https:\/\/instytutpolski.pl\/stockholm\/pl\/2025\/08\/05\/instytut-polski-czescia-parady-rownosci-w-sztokholmie\/","og_site_name":"Instytut Polski w Sztokholmie","article_published_time":"2025-08-05T12:24:28+00:00","article_modified_time":"2025-08-06T11:17:55+00:00","og_image":[{"width":1120,"height":630,"url":"https:\/\/instytutpolski.pl\/stockholm\/wp-content\/uploads\/sites\/17\/2025\/08\/EUNIC_group_photo_by_Petter-Berndalen.jpg","type":"image\/jpeg"}],"author":"treichelp","twitter_card":"summary_large_image","twitter_misc":{"Napisane przez":"treichelp","Szacowany czas czytania":"3 minuty"},"schema":{"@context":"https:\/\/schema.org","@graph":[{"@type":"event","@id":"https:\/\/instytutpolski.pl\/stockholm\/pl\/2025\/08\/05\/instytut-polski-czescia-parady-rownosci-w-sztokholmie\/","url":"https:\/\/instytutpolski.pl\/stockholm\/pl\/2025\/08\/05\/instytut-polski-czescia-parady-rownosci-w-sztokholmie\/","name":"Instytut Polski cz\u0119\u015bci\u0105 parady r\u00f3wno\u015bci w Sztokholmie","isPartOf":{"@id":"https:\/\/instytutpolski.pl\/stockholm\/#website"},"primaryImageOfPage":{"@id":"https:\/\/instytutpolski.pl\/stockholm\/pl\/2025\/08\/05\/instytut-polski-czescia-parady-rownosci-w-sztokholmie\/#primaryimage"},"image":["https:\/\/instytutpolski.pl\/stockholm\/wp-content\/uploads\/sites\/17\/2025\/08\/EUNIC_group_photo_by_Petter-Berndalen.jpg","https:\/\/instytutpolski.pl\/stockholm\/wp-content\/uploads\/sites\/17\/2025\/08\/EUNIC_group_photo_by_Petter-Berndalen-300x169.jpg","https:\/\/instytutpolski.pl\/stockholm\/wp-content\/uploads\/sites\/17\/2025\/08\/EUNIC_group_photo_by_Petter-Berndalen-1024x576.jpg","https:\/\/instytutpolski.pl\/stockholm\/wp-content\/uploads\/sites\/17\/2025\/08\/EUNIC_group_photo_by_Petter-Berndalen.jpg"],"thumbnailUrl":"https:\/\/instytutpolski.pl\/stockholm\/wp-content\/uploads\/sites\/17\/2025\/08\/EUNIC_group_photo_by_Petter-Berndalen.jpg","datePublished":"2025-08-05T12:24:28+02:00","dateModified":"2025-08-06T11:17:55+02:00","author":{"@id":"https:\/\/instytutpolski.pl\/stockholm\/#\/schema\/person\/866a2c0f4ccf0982a286809684f7bc1e"},"breadcrumb":{"@id":"https:\/\/instytutpolski.pl\/stockholm\/pl\/2025\/08\/05\/instytut-polski-czescia-parady-rownosci-w-sztokholmie\/#breadcrumb"},"inLanguage":"pl-PL","potentialAction":[{"@type":"ReadAction","target":["https:\/\/instytutpolski.pl\/stockholm\/pl\/2025\/08\/05\/instytut-polski-czescia-parady-rownosci-w-sztokholmie\/"]}],"@context":"https:\/\/schema.org","startDate":"2025-08-02T01:00:00+02:00","endDate":"2025-08-02T04:00:00+02:00","eventStatus":"EventScheduled","eventAttendanceMode":"OfflineEventAttendanceMode","location":{"@type":"place","name":"Stockholm","address":"Stockholm","geo":{"@type":"GeoCoordinates","latitude":"58.8106141824594","longitude":"18.419921087243267"}},"description":"W sobot\u0119 Instytut Polski z dum\u0105 reprezentowa\u0142 Polsk\u0119 w kolorach t\u0119czy podczas parady r\u00f3wno\u015bci w Sztokholmie. Wraz z kilkunastoma instytutami kultury i ambasadami zrzeszonymi w ramach klastra EUNIC Stockholm przeszli\u015bmy ulicami miasta, manifestuj\u0105c wsparcie dla poprawy jako\u015bci \u017cycia i praw os\u00f3b LGBTQ+ oraz idei wsp\u00f3lnoty opartej na mi\u0142o\u015bci i r\u00f3wno\u015bci. Stockholm Pride pozostaje wydarzeniem niezale\u017cnym zar\u00f3wno politycznie, jak i religijnie."},{"@type":"ImageObject","inLanguage":"pl-PL","@id":"https:\/\/instytutpolski.pl\/stockholm\/pl\/2025\/08\/05\/instytut-polski-czescia-parady-rownosci-w-sztokholmie\/#primaryimage","url":"https:\/\/instytutpolski.pl\/stockholm\/wp-content\/uploads\/sites\/17\/2025\/08\/EUNIC_group_photo_by_Petter-Berndalen.jpg","contentUrl":"https:\/\/instytutpolski.pl\/stockholm\/wp-content\/uploads\/sites\/17\/2025\/08\/EUNIC_group_photo_by_Petter-Berndalen.jpg","width":1120,"height":630},{"@type":"BreadcrumbList","@id":"https:\/\/instytutpolski.pl\/stockholm\/pl\/2025\/08\/05\/instytut-polski-czescia-parady-rownosci-w-sztokholmie\/#breadcrumb","itemListElement":[{"@type":"ListItem","position":1,"name":"Home","item":"https:\/\/instytutpolski.pl\/stockholm\/"},{"@type":"ListItem","position":2,"name":"Instytut Polski cz\u0119\u015bci\u0105 parady r\u00f3wno\u015bci w Sztokholmie"}]},{"@type":"WebSite","@id":"https:\/\/instytutpolski.pl\/stockholm\/#website","url":"https:\/\/instytutpolski.pl\/stockholm\/","name":"Instytut Polski w Sztokholmie","description":"Instytuty Polskie","potentialAction":[{"@type":"SearchAction","target":{"@type":"EntryPoint","urlTemplate":"https:\/\/instytutpolski.pl\/stockholm\/?s={search_term_string}"},"query-input":{"@type":"PropertyValueSpecification","valueRequired":true,"valueName":"search_term_string"}}],"inLanguage":"pl-PL"},{"@type":"Person","@id":"https:\/\/instytutpolski.pl\/stockholm\/#\/schema\/person\/866a2c0f4ccf0982a286809684f7bc1e","name":"treichelp","image":{"@type":"ImageObject","inLanguage":"pl-PL","@id":"https:\/\/instytutpolski.pl\/stockholm\/#\/schema\/person\/image\/","url":"https:\/\/secure.gravatar.com\/avatar\/fb2c1caae0df0854742a56fc463dd1fb?s=96&d=mm&r=g","contentUrl":"https:\/\/secure.gravatar.com\/avatar\/fb2c1caae0df0854742a56fc463dd1fb?s=96&d=mm&r=g","caption":"treichelp"},"url":"https:\/\/instytutpolski.pl\/stockholm\/author\/treichelp\/"}]}},"_links":{"self":[{"href":"https:\/\/instytutpolski.pl\/stockholm\/wp-json\/wp\/v2\/posts\/14397","targetHints":{"allow":["GET"]}}],"collection":[{"href":"https:\/\/instytutpolski.pl\/stockholm\/wp-json\/wp\/v2\/posts"}],"about":[{"href":"https:\/\/instytutpolski.pl\/stockholm\/wp-json\/wp\/v2\/types\/post"}],"author":[{"embeddable":true,"href":"https:\/\/instytutpolski.pl\/stockholm\/wp-json\/wp\/v2\/users\/173"}],"replies":[{"embeddable":true,"href":"https:\/\/instytutpolski.pl\/stockholm\/wp-json\/wp\/v2\/comments?post=14397"}],"version-history":[{"count":11,"href":"https:\/\/instytutpolski.pl\/stockholm\/wp-json\/wp\/v2\/posts\/14397\/revisions"}],"predecessor-version":[{"id":14416,"href":"https:\/\/instytutpolski.pl\/stockholm\/wp-json\/wp\/v2\/posts\/14397\/revisions\/14416"}],"wp:featuredmedia":[{"embeddable":true,"href":"https:\/\/instytutpolski.pl\/stockholm\/wp-json\/wp\/v2\/media\/14410"}],"wp:attachment":[{"href":"https:\/\/instytutpolski.pl\/stockholm\/wp-json\/wp\/v2\/media?parent=14397"}],"wp:term":[{"taxonomy":"category","embeddable":true,"href":"https:\/\/instytutpolski.pl\/stockholm\/wp-json\/wp\/v2\/categories?post=14397"},{"taxonomy":"post_tag","embeddable":true,"href":"https:\/\/instytutpolski.pl\/stockholm\/wp-json\/wp\/v2\/tags?post=14397"}],"curies":[{"name":"wp","href":"https:\/\/api.w.org\/{rel}","templated":true}]}}