{"id":14431,"date":"2025-07-23T14:32:16","date_gmt":"2025-07-23T12:32:16","guid":{"rendered":"https:\/\/instytutpolski.pl\/stockholm\/?p=14431"},"modified":"2025-08-13T10:07:40","modified_gmt":"2025-08-13T08:07:40","slug":"a-sunday-in-the-country-2","status":"publish","type":"post","link":"https:\/\/instytutpolski.pl\/stockholm\/pl\/2025\/07\/23\/a-sunday-in-the-country-2\/","title":{"rendered":"A Sunday in the Country"},"content":{"rendered":"\n<p>W warsztatach zorganizowanych przez Europejsk\u0105 Akademi\u0119 Filmow\u0105 oraz Stowarzyszenie Nowe Horyzonty, m\u0142odzi krytycy filmowi z ca\u0142ej Europy spotkali si\u0119 w Villa S\u0142oneczna na kilka dni rozm\u00f3w, refleksji i nawi\u0105zywania kontakt\u00f3w.<\/p>\n\n\n\n<p>Uczestnicy tegorocznych warsztat\u00f3w pochodzili z siedmiu r\u00f3\u017cnych kraj\u00f3w:<\/p>\n\n\n\n<p>Z Polski \u2013 laureaci nagrody im. Krzysztofa M\u0119traka, Bogna Go\u015bli\u0144ska i Kacper Rydzewski<br>Rafael Ariza Garrido z Hiszpanii<br>Emel-Elizabeth Tuulik z Estonii<br>C\u0103lin Boto z Rumunii<br>Monika Gimbutait\u0117 z Litwy<br>Sevara Pan z Holandii<br>Olga Ruin ze Szwecji (ze wsparciem Instytutu Polskiego)<\/p>\n\n\n\n<p>Pod przewodnictwem do\u015bwiadczonego krytyka Scotta Roxborougha z <em>The Hollywood Reporter<\/em>, uczestnicy rozmawiali o kondycji krytyki filmowej w r\u00f3\u017cnych krajach i dzielili si\u0119 swoimi do\u015bwiadczeniami zawodowymi. Spotkali si\u0119 tak\u017ce z uznanymi tw\u00f3rcami filmowymi \u2013 go\u015b\u0107mi festiwalu Nowe Horyzonty \u2013 w\u015br\u00f3d kt\u00f3rych znale\u017ali si\u0119 Radu Jude, Helena Ganjalyan, Bartosz Szpak, Ameer Fakher Eldin i Maria Kavtaradze, by porozmawia\u0107 o roli krytyka filmowego w ich karierach.<\/p>\n\n\n<div class=\"wp-block-image\">\n<figure class=\"aligncenter size-full\"><img loading=\"lazy\" decoding=\"async\" width=\"640\" height=\"480\" src=\"https:\/\/instytutpolski.pl\/stockholm\/wp-content\/uploads\/sites\/17\/2025\/07\/aSitC-2025-1.jpeg\" alt=\"\" class=\"wp-image-14418\" srcset=\"https:\/\/instytutpolski.pl\/stockholm\/wp-content\/uploads\/sites\/17\/2025\/07\/aSitC-2025-1.jpeg 640w, https:\/\/instytutpolski.pl\/stockholm\/wp-content\/uploads\/sites\/17\/2025\/07\/aSitC-2025-1-300x225.jpeg 300w\" sizes=\"auto, (max-width: 640px) 100vw, 640px\" \/><figcaption class=\"wp-element-caption\">foto: Ula \u015aniegowska<\/figcaption><\/figure><\/div>\n\n\n<figure class=\"wp-block-gallery aligncenter has-nested-images columns-default is-cropped wp-block-gallery-1 is-layout-flex wp-block-gallery-is-layout-flex\">\n<figure class=\"wp-block-image size-large\"><img loading=\"lazy\" decoding=\"async\" width=\"1024\" height=\"683\" data-id=\"14426\" src=\"https:\/\/instytutpolski.pl\/stockholm\/wp-content\/uploads\/sites\/17\/2025\/07\/Sunday_in_the_country_fot.Natali-5-1024x683.jpg\" alt=\"\" class=\"wp-image-14426\" srcset=\"https:\/\/instytutpolski.pl\/stockholm\/wp-content\/uploads\/sites\/17\/2025\/07\/Sunday_in_the_country_fot.Natali-5-1024x683.jpg 1024w, https:\/\/instytutpolski.pl\/stockholm\/wp-content\/uploads\/sites\/17\/2025\/07\/Sunday_in_the_country_fot.Natali-5-300x200.jpg 300w, https:\/\/instytutpolski.pl\/stockholm\/wp-content\/uploads\/sites\/17\/2025\/07\/Sunday_in_the_country_fot.Natali-5-768x512.jpg 768w, https:\/\/instytutpolski.pl\/stockholm\/wp-content\/uploads\/sites\/17\/2025\/07\/Sunday_in_the_country_fot.Natali-5-1536x1024.jpg 1536w, https:\/\/instytutpolski.pl\/stockholm\/wp-content\/uploads\/sites\/17\/2025\/07\/Sunday_in_the_country_fot.Natali-5-2048x1365.jpg 2048w\" sizes=\"auto, (max-width: 1024px) 100vw, 1024px\" \/><figcaption class=\"wp-element-caption\">foto: Natalia Ratajczyk<\/figcaption><\/figure>\n\n\n\n<figure class=\"wp-block-image size-large\"><img loading=\"lazy\" decoding=\"async\" width=\"1024\" height=\"683\" data-id=\"14423\" src=\"https:\/\/instytutpolski.pl\/stockholm\/wp-content\/uploads\/sites\/17\/2025\/07\/Sunday_in_the_country_fot.Natali-2-1024x683.jpg\" alt=\"\" class=\"wp-image-14423\" srcset=\"https:\/\/instytutpolski.pl\/stockholm\/wp-content\/uploads\/sites\/17\/2025\/07\/Sunday_in_the_country_fot.Natali-2-1024x683.jpg 1024w, https:\/\/instytutpolski.pl\/stockholm\/wp-content\/uploads\/sites\/17\/2025\/07\/Sunday_in_the_country_fot.Natali-2-300x200.jpg 300w, https:\/\/instytutpolski.pl\/stockholm\/wp-content\/uploads\/sites\/17\/2025\/07\/Sunday_in_the_country_fot.Natali-2-768x512.jpg 768w, https:\/\/instytutpolski.pl\/stockholm\/wp-content\/uploads\/sites\/17\/2025\/07\/Sunday_in_the_country_fot.Natali-2-1536x1024.jpg 1536w, https:\/\/instytutpolski.pl\/stockholm\/wp-content\/uploads\/sites\/17\/2025\/07\/Sunday_in_the_country_fot.Natali-2-2048x1365.jpg 2048w\" sizes=\"auto, (max-width: 1024px) 100vw, 1024px\" \/><figcaption class=\"wp-element-caption\">foto: Natalia Ratajczyk<\/figcaption><\/figure>\n\n\n\n<figure class=\"wp-block-image size-large\"><img loading=\"lazy\" decoding=\"async\" width=\"1024\" height=\"683\" data-id=\"14422\" src=\"https:\/\/instytutpolski.pl\/stockholm\/wp-content\/uploads\/sites\/17\/2025\/07\/Sunday_in_the_country_fot.Natali-3-1024x683.jpg\" alt=\"\" class=\"wp-image-14422\" srcset=\"https:\/\/instytutpolski.pl\/stockholm\/wp-content\/uploads\/sites\/17\/2025\/07\/Sunday_in_the_country_fot.Natali-3-1024x683.jpg 1024w, https:\/\/instytutpolski.pl\/stockholm\/wp-content\/uploads\/sites\/17\/2025\/07\/Sunday_in_the_country_fot.Natali-3-300x200.jpg 300w, https:\/\/instytutpolski.pl\/stockholm\/wp-content\/uploads\/sites\/17\/2025\/07\/Sunday_in_the_country_fot.Natali-3-768x512.jpg 768w, https:\/\/instytutpolski.pl\/stockholm\/wp-content\/uploads\/sites\/17\/2025\/07\/Sunday_in_the_country_fot.Natali-3-1536x1024.jpg 1536w, https:\/\/instytutpolski.pl\/stockholm\/wp-content\/uploads\/sites\/17\/2025\/07\/Sunday_in_the_country_fot.Natali-3-2048x1365.jpg 2048w\" sizes=\"auto, (max-width: 1024px) 100vw, 1024px\" \/><figcaption class=\"wp-element-caption\">foto: Natalia Ratajczyk<\/figcaption><\/figure>\n\n\n\n<figure class=\"wp-block-image size-large\"><img loading=\"lazy\" decoding=\"async\" width=\"1024\" height=\"683\" data-id=\"14421\" src=\"https:\/\/instytutpolski.pl\/stockholm\/wp-content\/uploads\/sites\/17\/2025\/07\/Sunday_in_the_country_fot.Natali-1024x683.jpg\" alt=\"\" class=\"wp-image-14421\" srcset=\"https:\/\/instytutpolski.pl\/stockholm\/wp-content\/uploads\/sites\/17\/2025\/07\/Sunday_in_the_country_fot.Natali-1024x683.jpg 1024w, https:\/\/instytutpolski.pl\/stockholm\/wp-content\/uploads\/sites\/17\/2025\/07\/Sunday_in_the_country_fot.Natali-300x200.jpg 300w, https:\/\/instytutpolski.pl\/stockholm\/wp-content\/uploads\/sites\/17\/2025\/07\/Sunday_in_the_country_fot.Natali-768x512.jpg 768w, https:\/\/instytutpolski.pl\/stockholm\/wp-content\/uploads\/sites\/17\/2025\/07\/Sunday_in_the_country_fot.Natali-1536x1024.jpg 1536w, https:\/\/instytutpolski.pl\/stockholm\/wp-content\/uploads\/sites\/17\/2025\/07\/Sunday_in_the_country_fot.Natali-2048x1365.jpg 2048w\" sizes=\"auto, (max-width: 1024px) 100vw, 1024px\" \/><figcaption class=\"wp-element-caption\">foto: Natalia Ratajczyk<\/figcaption><\/figure>\n\n\n\n<figure class=\"wp-block-image size-large\"><img loading=\"lazy\" decoding=\"async\" width=\"1024\" height=\"683\" data-id=\"14420\" src=\"https:\/\/instytutpolski.pl\/stockholm\/wp-content\/uploads\/sites\/17\/2025\/07\/Sunday_in_the_country_fot.Natali-1-1024x683.jpg\" alt=\"\" class=\"wp-image-14420\" srcset=\"https:\/\/instytutpolski.pl\/stockholm\/wp-content\/uploads\/sites\/17\/2025\/07\/Sunday_in_the_country_fot.Natali-1-1024x683.jpg 1024w, https:\/\/instytutpolski.pl\/stockholm\/wp-content\/uploads\/sites\/17\/2025\/07\/Sunday_in_the_country_fot.Natali-1-300x200.jpg 300w, https:\/\/instytutpolski.pl\/stockholm\/wp-content\/uploads\/sites\/17\/2025\/07\/Sunday_in_the_country_fot.Natali-1-768x512.jpg 768w, https:\/\/instytutpolski.pl\/stockholm\/wp-content\/uploads\/sites\/17\/2025\/07\/Sunday_in_the_country_fot.Natali-1-1536x1024.jpg 1536w, https:\/\/instytutpolski.pl\/stockholm\/wp-content\/uploads\/sites\/17\/2025\/07\/Sunday_in_the_country_fot.Natali-1-2048x1365.jpg 2048w\" sizes=\"auto, (max-width: 1024px) 100vw, 1024px\" \/><figcaption class=\"wp-element-caption\">foto: Natalia Ratajczyk<\/figcaption><\/figure>\n<\/figure>\n\n\n\n<p><em>A Sunday in the Country<\/em> zosta\u0142o zorganizowane przy wsparciu Polskiego Instytutu Sztuki Filmowej, Ambasady Kr\u00f3lestwa Niderland\u00f3w, Ambasady Estonii w Warszawie, Rumu\u0144skiego Instytutu Kultury, Litewskiego Instytutu Filmowego, Instytutu Polskiego w Sztokholmie, Hiszpa\u0144skiego Instytutu Kinematografii i Sztuk Audiowizualnych w Madrycie, a tak\u017ce we wsp\u00f3\u0142pracy z Nagrod\u0105 im. Krzysztofa M\u0119traka dla m\u0142odych krytyk\u00f3w.<\/p>\n","protected":false},"excerpt":{"rendered":"<p>W warsztatach zorganizowanych przez Europejsk\u0105 Akademi\u0119 Filmow\u0105 oraz Stowarzyszenie Nowe Horyzonty, m\u0142odzi krytycy filmowi z ca\u0142ej Europy spotkali si\u0119 w Villa S\u0142oneczna na kilka dni rozm\u00f3w, refleksji i nawi\u0105zywania kontakt\u00f3w. Uczestnicy tegorocznych warsztat\u00f3w pochodzili z siedmiu r\u00f3\u017cnych kraj\u00f3w: Z Polski \u2013 laureaci nagrody im. Krzysztofa M\u0119traka, Bogna Go\u015bli\u0144ska i Kacper RydzewskiRafael Ariza Garrido z HiszpaniiEmel-Elizabeth [&hellip;]<\/p>\n","protected":false},"author":173,"featured_media":14417,"comment_status":"closed","ping_status":"closed","sticky":true,"template":"","format":"standard","meta":{"inline_featured_image":false,"_monsterinsights_skip_tracking":false,"_monsterinsights_sitenote_active":false,"_monsterinsights_sitenote_note":"","_monsterinsights_sitenote_category":0,"footnotes":""},"categories":[320,208,85],"tags":[],"class_list":["post-14431","post","type-post","status-publish","format-standard","has-post-thumbnail","hentry","category-artykuly-pl","category-galeria-pl","category-kino"],"yoast_head":"<!-- This site is optimized with the Yoast SEO plugin v24.6 - https:\/\/yoast.com\/wordpress\/plugins\/seo\/ -->\n<title>A Sunday in the Country - Instytut Polski w Sztokholmie<\/title>\n<meta name=\"description\" content=\"14. edycja A Sunday in the Country \u2013 warsztat\u00f3w dla m\u0142odych europejskich krytyk\u00f3w filmowych \u2013 odby\u0142a si\u0119 w dniach 18\u201321 lipca 2025 roku nad jeziorem Bystrzyckim w Zag\u00f3rzu \u015al\u0105skim, jako cz\u0119\u015b\u0107 25. Mi\u0119dzynarodowego Festiwalu Filmowego Nowe Horyzonty BNP Paribas.\" \/>\n<meta name=\"robots\" content=\"index, follow, max-snippet:-1, max-image-preview:large, max-video-preview:-1\" \/>\n<link rel=\"canonical\" href=\"https:\/\/instytutpolski.pl\/stockholm\/pl\/2025\/07\/23\/a-sunday-in-the-country-2\/\" \/>\n<meta property=\"og:locale\" content=\"pl_PL\" \/>\n<meta property=\"og:type\" content=\"article\" \/>\n<meta property=\"og:title\" content=\"A Sunday in the Country - Instytut Polski w Sztokholmie\" \/>\n<meta property=\"og:description\" content=\"14. edycja A Sunday in the Country \u2013 warsztat\u00f3w dla m\u0142odych europejskich krytyk\u00f3w filmowych \u2013 odby\u0142a si\u0119 w dniach 18\u201321 lipca 2025 roku nad jeziorem Bystrzyckim w Zag\u00f3rzu \u015al\u0105skim, jako cz\u0119\u015b\u0107 25. Mi\u0119dzynarodowego Festiwalu Filmowego Nowe Horyzonty BNP Paribas.\" \/>\n<meta property=\"og:url\" content=\"https:\/\/instytutpolski.pl\/stockholm\/pl\/2025\/07\/23\/a-sunday-in-the-country-2\/\" \/>\n<meta property=\"og:site_name\" content=\"Instytut Polski w Sztokholmie\" \/>\n<meta property=\"article:published_time\" content=\"2025-07-23T12:32:16+00:00\" \/>\n<meta property=\"article:modified_time\" content=\"2025-08-13T08:07:40+00:00\" \/>\n<meta property=\"og:image\" content=\"https:\/\/instytutpolski.pl\/stockholm\/wp-content\/uploads\/sites\/17\/2025\/07\/titel_SitC.png\" \/>\n\t<meta property=\"og:image:width\" content=\"1120\" \/>\n\t<meta property=\"og:image:height\" content=\"630\" \/>\n\t<meta property=\"og:image:type\" content=\"image\/png\" \/>\n<meta name=\"author\" content=\"treichelp\" \/>\n<meta name=\"twitter:card\" content=\"summary_large_image\" \/>\n<meta name=\"twitter:label1\" content=\"Napisane przez\" \/>\n\t<meta name=\"twitter:data1\" content=\"treichelp\" \/>\n\t<meta name=\"twitter:label2\" content=\"Szacowany czas czytania\" \/>\n\t<meta name=\"twitter:data2\" content=\"3 minuty\" \/>\n<script type=\"application\/ld+json\" class=\"yoast-schema-graph\">{\"@context\":\"https:\/\/schema.org\",\"@graph\":[{\"@type\":\"event\",\"@id\":\"https:\/\/instytutpolski.pl\/stockholm\/pl\/2025\/07\/23\/a-sunday-in-the-country-2\/\",\"url\":\"https:\/\/instytutpolski.pl\/stockholm\/pl\/2025\/07\/23\/a-sunday-in-the-country-2\/\",\"name\":\"A Sunday in the Country\",\"isPartOf\":{\"@id\":\"https:\/\/instytutpolski.pl\/stockholm\/#website\"},\"primaryImageOfPage\":{\"@id\":\"https:\/\/instytutpolski.pl\/stockholm\/pl\/2025\/07\/23\/a-sunday-in-the-country-2\/#primaryimage\"},\"image\":[\"https:\/\/instytutpolski.pl\/stockholm\/wp-content\/uploads\/sites\/17\/2025\/07\/titel_SitC.png\",\"https:\/\/instytutpolski.pl\/stockholm\/wp-content\/uploads\/sites\/17\/2025\/07\/titel_SitC-300x169.png\",\"https:\/\/instytutpolski.pl\/stockholm\/wp-content\/uploads\/sites\/17\/2025\/07\/titel_SitC-1024x576.png\",\"https:\/\/instytutpolski.pl\/stockholm\/wp-content\/uploads\/sites\/17\/2025\/07\/titel_SitC.png\"],\"thumbnailUrl\":\"https:\/\/instytutpolski.pl\/stockholm\/wp-content\/uploads\/sites\/17\/2025\/07\/titel_SitC.png\",\"datePublished\":\"2025-07-23T12:32:16+02:00\",\"dateModified\":\"2025-08-13T08:07:40+02:00\",\"author\":{\"@id\":\"https:\/\/instytutpolski.pl\/stockholm\/#\/schema\/person\/866a2c0f4ccf0982a286809684f7bc1e\"},\"description\":\"W warsztatach zorganizowanych przez Europejsk\u0105 Akademi\u0119 Filmow\u0105 oraz Stowarzyszenie Nowe Horyzonty, m\u0142odzi krytycy filmowi z ca\u0142ej Europy spotkali si\u0119 w Villa S\u0142oneczna na kilka dni rozm\u00f3w, refleksji i nawi\u0105zywania kontakt\u00f3w.\\nUczestnicy tegorocznych warsztat\u00f3w pochodzili z siedmiu r\u00f3\u017cnych kraj\u00f3w:\\nZ Polski \u2013 laureaci nagrody im. Krzysztofa M\u0119traka, Bogna Go\u015bli\u0144ska i Kacper RydzewskiRafael Ariza Garrido z HiszpaniiEmel-Elizabeth Tuulik z EstoniiC\u0103lin Boto z RumuniiMonika Gimbutait\u0117 z LitwySevara Pan z HolandiiOlga Ruin ze Szwecji (ze wsparciem Instytutu Polskiego)\\nPod przewodnictwem do\u015bwiadczonego krytyka Scotta Roxborougha z The Hollywood Reporter, uczestnicy rozmawiali o kondycji krytyki filmowej w r\u00f3\u017cnych krajach i dzielili si\u0119 swoimi do\u015bwiadczeniami zawodowymi. Spotkali si\u0119 tak\u017ce z uznanymi tw\u00f3rcami filmowymi \u2013 go\u015b\u0107mi festiwalu Nowe Horyzonty \u2013 w\u015br\u00f3d kt\u00f3rych znale\u017ali si\u0119 Radu Jude, Helena Ganjalyan, Bartosz Szpak, Ameer Fakher Eldin i Maria Kavtaradze, by porozmawia\u0107 o roli krytyka filmowego w ich karierach.\\nA Sunday in the Country zosta\u0142o zorganizowane przy wsparciu Polskiego Instytutu Sztuki Filmowej, Ambasady Kr\u00f3lestwa Niderland\u00f3w, Ambasady Estonii w Warszawie, Rumu\u0144skiego Instytutu Kultury, Litewskiego Instytutu Filmowego, Instytutu Polskiego w Sztokholmie, Hiszpa\u0144skiego Instytutu Kinematografii i Sztuk Audiowizualnych w Madrycie, a tak\u017ce we wsp\u00f3\u0142pracy z Nagrod\u0105 im. Krzysztofa M\u0119traka dla m\u0142odych krytyk\u00f3w.\",\"breadcrumb\":{\"@id\":\"https:\/\/instytutpolski.pl\/stockholm\/pl\/2025\/07\/23\/a-sunday-in-the-country-2\/#breadcrumb\"},\"inLanguage\":\"pl-PL\",\"potentialAction\":[{\"@type\":\"ReadAction\",\"target\":[\"https:\/\/instytutpolski.pl\/stockholm\/pl\/2025\/07\/23\/a-sunday-in-the-country-2\/\"]}],\"@context\":\"https:\/\/schema.org\",\"startDate\":\"2025-07-18\",\"endDate\":\"2025-07-21\",\"eventStatus\":\"EventScheduled\",\"eventAttendanceMode\":\"OfflineEventAttendanceMode\",\"location\":{\"@type\":\"place\",\"name\":\"\",\"address\":\"\",\"geo\":{\"@type\":\"GeoCoordinates\",\"latitude\":\"\",\"longitude\":\"\"}}},{\"@type\":\"ImageObject\",\"inLanguage\":\"pl-PL\",\"@id\":\"https:\/\/instytutpolski.pl\/stockholm\/pl\/2025\/07\/23\/a-sunday-in-the-country-2\/#primaryimage\",\"url\":\"https:\/\/instytutpolski.pl\/stockholm\/wp-content\/uploads\/sites\/17\/2025\/07\/titel_SitC.png\",\"contentUrl\":\"https:\/\/instytutpolski.pl\/stockholm\/wp-content\/uploads\/sites\/17\/2025\/07\/titel_SitC.png\",\"width\":1120,\"height\":630},{\"@type\":\"BreadcrumbList\",\"@id\":\"https:\/\/instytutpolski.pl\/stockholm\/pl\/2025\/07\/23\/a-sunday-in-the-country-2\/#breadcrumb\",\"itemListElement\":[{\"@type\":\"ListItem\",\"position\":1,\"name\":\"Home\",\"item\":\"https:\/\/instytutpolski.pl\/stockholm\/\"},{\"@type\":\"ListItem\",\"position\":2,\"name\":\"A Sunday in the Country\"}]},{\"@type\":\"WebSite\",\"@id\":\"https:\/\/instytutpolski.pl\/stockholm\/#website\",\"url\":\"https:\/\/instytutpolski.pl\/stockholm\/\",\"name\":\"Instytut Polski w Sztokholmie\",\"description\":\"Instytuty Polskie\",\"potentialAction\":[{\"@type\":\"SearchAction\",\"target\":{\"@type\":\"EntryPoint\",\"urlTemplate\":\"https:\/\/instytutpolski.pl\/stockholm\/?s={search_term_string}\"},\"query-input\":{\"@type\":\"PropertyValueSpecification\",\"valueRequired\":true,\"valueName\":\"search_term_string\"}}],\"inLanguage\":\"pl-PL\"},{\"@type\":\"Person\",\"@id\":\"https:\/\/instytutpolski.pl\/stockholm\/#\/schema\/person\/866a2c0f4ccf0982a286809684f7bc1e\",\"name\":\"treichelp\",\"image\":{\"@type\":\"ImageObject\",\"inLanguage\":\"pl-PL\",\"@id\":\"https:\/\/instytutpolski.pl\/stockholm\/#\/schema\/person\/image\/\",\"url\":\"https:\/\/secure.gravatar.com\/avatar\/fb2c1caae0df0854742a56fc463dd1fb?s=96&d=mm&r=g\",\"contentUrl\":\"https:\/\/secure.gravatar.com\/avatar\/fb2c1caae0df0854742a56fc463dd1fb?s=96&d=mm&r=g\",\"caption\":\"treichelp\"},\"url\":\"https:\/\/instytutpolski.pl\/stockholm\/author\/treichelp\/\"}]}<\/script>\n<!-- \/ Yoast SEO plugin. -->","yoast_head_json":{"title":"A Sunday in the Country - Instytut Polski w Sztokholmie","description":"14. edycja A Sunday in the Country \u2013 warsztat\u00f3w dla m\u0142odych europejskich krytyk\u00f3w filmowych \u2013 odby\u0142a si\u0119 w dniach 18\u201321 lipca 2025 roku nad jeziorem Bystrzyckim w Zag\u00f3rzu \u015al\u0105skim, jako cz\u0119\u015b\u0107 25. Mi\u0119dzynarodowego Festiwalu Filmowego Nowe Horyzonty BNP Paribas.","robots":{"index":"index","follow":"follow","max-snippet":"max-snippet:-1","max-image-preview":"max-image-preview:large","max-video-preview":"max-video-preview:-1"},"canonical":"https:\/\/instytutpolski.pl\/stockholm\/pl\/2025\/07\/23\/a-sunday-in-the-country-2\/","og_locale":"pl_PL","og_type":"article","og_title":"A Sunday in the Country - Instytut Polski w Sztokholmie","og_description":"14. edycja A Sunday in the Country \u2013 warsztat\u00f3w dla m\u0142odych europejskich krytyk\u00f3w filmowych \u2013 odby\u0142a si\u0119 w dniach 18\u201321 lipca 2025 roku nad jeziorem Bystrzyckim w Zag\u00f3rzu \u015al\u0105skim, jako cz\u0119\u015b\u0107 25. Mi\u0119dzynarodowego Festiwalu Filmowego Nowe Horyzonty BNP Paribas.","og_url":"https:\/\/instytutpolski.pl\/stockholm\/pl\/2025\/07\/23\/a-sunday-in-the-country-2\/","og_site_name":"Instytut Polski w Sztokholmie","article_published_time":"2025-07-23T12:32:16+00:00","article_modified_time":"2025-08-13T08:07:40+00:00","og_image":[{"width":1120,"height":630,"url":"https:\/\/instytutpolski.pl\/stockholm\/wp-content\/uploads\/sites\/17\/2025\/07\/titel_SitC.png","type":"image\/png"}],"author":"treichelp","twitter_card":"summary_large_image","twitter_misc":{"Napisane przez":"treichelp","Szacowany czas czytania":"3 minuty"},"schema":{"@context":"https:\/\/schema.org","@graph":[{"@type":"event","@id":"https:\/\/instytutpolski.pl\/stockholm\/pl\/2025\/07\/23\/a-sunday-in-the-country-2\/","url":"https:\/\/instytutpolski.pl\/stockholm\/pl\/2025\/07\/23\/a-sunday-in-the-country-2\/","name":"A Sunday in the Country","isPartOf":{"@id":"https:\/\/instytutpolski.pl\/stockholm\/#website"},"primaryImageOfPage":{"@id":"https:\/\/instytutpolski.pl\/stockholm\/pl\/2025\/07\/23\/a-sunday-in-the-country-2\/#primaryimage"},"image":["https:\/\/instytutpolski.pl\/stockholm\/wp-content\/uploads\/sites\/17\/2025\/07\/titel_SitC.png","https:\/\/instytutpolski.pl\/stockholm\/wp-content\/uploads\/sites\/17\/2025\/07\/titel_SitC-300x169.png","https:\/\/instytutpolski.pl\/stockholm\/wp-content\/uploads\/sites\/17\/2025\/07\/titel_SitC-1024x576.png","https:\/\/instytutpolski.pl\/stockholm\/wp-content\/uploads\/sites\/17\/2025\/07\/titel_SitC.png"],"thumbnailUrl":"https:\/\/instytutpolski.pl\/stockholm\/wp-content\/uploads\/sites\/17\/2025\/07\/titel_SitC.png","datePublished":"2025-07-23T12:32:16+02:00","dateModified":"2025-08-13T08:07:40+02:00","author":{"@id":"https:\/\/instytutpolski.pl\/stockholm\/#\/schema\/person\/866a2c0f4ccf0982a286809684f7bc1e"},"description":"W warsztatach zorganizowanych przez Europejsk\u0105 Akademi\u0119 Filmow\u0105 oraz Stowarzyszenie Nowe Horyzonty, m\u0142odzi krytycy filmowi z ca\u0142ej Europy spotkali si\u0119 w Villa S\u0142oneczna na kilka dni rozm\u00f3w, refleksji i nawi\u0105zywania kontakt\u00f3w.\nUczestnicy tegorocznych warsztat\u00f3w pochodzili z siedmiu r\u00f3\u017cnych kraj\u00f3w:\nZ Polski \u2013 laureaci nagrody im. Krzysztofa M\u0119traka, Bogna Go\u015bli\u0144ska i Kacper RydzewskiRafael Ariza Garrido z HiszpaniiEmel-Elizabeth Tuulik z EstoniiC\u0103lin Boto z RumuniiMonika Gimbutait\u0117 z LitwySevara Pan z HolandiiOlga Ruin ze Szwecji (ze wsparciem Instytutu Polskiego)\nPod przewodnictwem do\u015bwiadczonego krytyka Scotta Roxborougha z The Hollywood Reporter, uczestnicy rozmawiali o kondycji krytyki filmowej w r\u00f3\u017cnych krajach i dzielili si\u0119 swoimi do\u015bwiadczeniami zawodowymi. Spotkali si\u0119 tak\u017ce z uznanymi tw\u00f3rcami filmowymi \u2013 go\u015b\u0107mi festiwalu Nowe Horyzonty \u2013 w\u015br\u00f3d kt\u00f3rych znale\u017ali si\u0119 Radu Jude, Helena Ganjalyan, Bartosz Szpak, Ameer Fakher Eldin i Maria Kavtaradze, by porozmawia\u0107 o roli krytyka filmowego w ich karierach.\nA Sunday in the Country zosta\u0142o zorganizowane przy wsparciu Polskiego Instytutu Sztuki Filmowej, Ambasady Kr\u00f3lestwa Niderland\u00f3w, Ambasady Estonii w Warszawie, Rumu\u0144skiego Instytutu Kultury, Litewskiego Instytutu Filmowego, Instytutu Polskiego w Sztokholmie, Hiszpa\u0144skiego Instytutu Kinematografii i Sztuk Audiowizualnych w Madrycie, a tak\u017ce we wsp\u00f3\u0142pracy z Nagrod\u0105 im. Krzysztofa M\u0119traka dla m\u0142odych krytyk\u00f3w.","breadcrumb":{"@id":"https:\/\/instytutpolski.pl\/stockholm\/pl\/2025\/07\/23\/a-sunday-in-the-country-2\/#breadcrumb"},"inLanguage":"pl-PL","potentialAction":[{"@type":"ReadAction","target":["https:\/\/instytutpolski.pl\/stockholm\/pl\/2025\/07\/23\/a-sunday-in-the-country-2\/"]}],"@context":"https:\/\/schema.org","startDate":"2025-07-18","endDate":"2025-07-21","eventStatus":"EventScheduled","eventAttendanceMode":"OfflineEventAttendanceMode","location":{"@type":"place","name":"","address":"","geo":{"@type":"GeoCoordinates","latitude":"","longitude":""}}},{"@type":"ImageObject","inLanguage":"pl-PL","@id":"https:\/\/instytutpolski.pl\/stockholm\/pl\/2025\/07\/23\/a-sunday-in-the-country-2\/#primaryimage","url":"https:\/\/instytutpolski.pl\/stockholm\/wp-content\/uploads\/sites\/17\/2025\/07\/titel_SitC.png","contentUrl":"https:\/\/instytutpolski.pl\/stockholm\/wp-content\/uploads\/sites\/17\/2025\/07\/titel_SitC.png","width":1120,"height":630},{"@type":"BreadcrumbList","@id":"https:\/\/instytutpolski.pl\/stockholm\/pl\/2025\/07\/23\/a-sunday-in-the-country-2\/#breadcrumb","itemListElement":[{"@type":"ListItem","position":1,"name":"Home","item":"https:\/\/instytutpolski.pl\/stockholm\/"},{"@type":"ListItem","position":2,"name":"A Sunday in the Country"}]},{"@type":"WebSite","@id":"https:\/\/instytutpolski.pl\/stockholm\/#website","url":"https:\/\/instytutpolski.pl\/stockholm\/","name":"Instytut Polski w Sztokholmie","description":"Instytuty Polskie","potentialAction":[{"@type":"SearchAction","target":{"@type":"EntryPoint","urlTemplate":"https:\/\/instytutpolski.pl\/stockholm\/?s={search_term_string}"},"query-input":{"@type":"PropertyValueSpecification","valueRequired":true,"valueName":"search_term_string"}}],"inLanguage":"pl-PL"},{"@type":"Person","@id":"https:\/\/instytutpolski.pl\/stockholm\/#\/schema\/person\/866a2c0f4ccf0982a286809684f7bc1e","name":"treichelp","image":{"@type":"ImageObject","inLanguage":"pl-PL","@id":"https:\/\/instytutpolski.pl\/stockholm\/#\/schema\/person\/image\/","url":"https:\/\/secure.gravatar.com\/avatar\/fb2c1caae0df0854742a56fc463dd1fb?s=96&d=mm&r=g","contentUrl":"https:\/\/secure.gravatar.com\/avatar\/fb2c1caae0df0854742a56fc463dd1fb?s=96&d=mm&r=g","caption":"treichelp"},"url":"https:\/\/instytutpolski.pl\/stockholm\/author\/treichelp\/"}]}},"_links":{"self":[{"href":"https:\/\/instytutpolski.pl\/stockholm\/wp-json\/wp\/v2\/posts\/14431","targetHints":{"allow":["GET"]}}],"collection":[{"href":"https:\/\/instytutpolski.pl\/stockholm\/wp-json\/wp\/v2\/posts"}],"about":[{"href":"https:\/\/instytutpolski.pl\/stockholm\/wp-json\/wp\/v2\/types\/post"}],"author":[{"embeddable":true,"href":"https:\/\/instytutpolski.pl\/stockholm\/wp-json\/wp\/v2\/users\/173"}],"replies":[{"embeddable":true,"href":"https:\/\/instytutpolski.pl\/stockholm\/wp-json\/wp\/v2\/comments?post=14431"}],"version-history":[{"count":2,"href":"https:\/\/instytutpolski.pl\/stockholm\/wp-json\/wp\/v2\/posts\/14431\/revisions"}],"predecessor-version":[{"id":14433,"href":"https:\/\/instytutpolski.pl\/stockholm\/wp-json\/wp\/v2\/posts\/14431\/revisions\/14433"}],"wp:featuredmedia":[{"embeddable":true,"href":"https:\/\/instytutpolski.pl\/stockholm\/wp-json\/wp\/v2\/media\/14417"}],"wp:attachment":[{"href":"https:\/\/instytutpolski.pl\/stockholm\/wp-json\/wp\/v2\/media?parent=14431"}],"wp:term":[{"taxonomy":"category","embeddable":true,"href":"https:\/\/instytutpolski.pl\/stockholm\/wp-json\/wp\/v2\/categories?post=14431"},{"taxonomy":"post_tag","embeddable":true,"href":"https:\/\/instytutpolski.pl\/stockholm\/wp-json\/wp\/v2\/tags?post=14431"}],"curies":[{"name":"wp","href":"https:\/\/api.w.org\/{rel}","templated":true}]}}