{"id":14499,"date":"2025-09-15T12:39:29","date_gmt":"2025-09-15T10:39:29","guid":{"rendered":"https:\/\/instytutpolski.pl\/stockholm\/?p=14499"},"modified":"2025-10-13T15:19:29","modified_gmt":"2025-10-13T13:19:29","slug":"filmvisning-loss-of-balance-av-korek-bojanowski","status":"publish","type":"post","link":"https:\/\/instytutpolski.pl\/stockholm\/2025\/09\/15\/filmvisning-loss-of-balance-av-korek-bojanowski\/","title":{"rendered":"Filmvisning: Loss of balance av Korek Bojanowski"},"content":{"rendered":"\n<p>Mondag, 6 oktober 2025 kl 18:00<br>Zita Folkets Bio, Zita 1<br>Birger Jarlsgatan 37, 111 45 Stockholm<\/p>\n\n\n\n<div style=\"height:29px\" aria-hidden=\"true\" class=\"wp-block-spacer\"><\/div>\n\n\n\n<p class=\"has-text-align-center\"><strong><a href=\"https:\/\/forms.gle\/16Lv9dRmota5apqJA\">BOKA PLATS<\/a><\/strong><\/p>\n\n\n\n<div style=\"height:29px\" aria-hidden=\"true\" class=\"wp-block-spacer\"><\/div>\n\n\n\n<p>Maja har \u00e4gnat sig \u00e5t teatern hela sitt unga liv, \u00e4nd\u00e5 k\u00e4mpar hon med bristande sj\u00e4lvf\u00f6rtroende och funderar p\u00e5 att b\u00f6rja studera n\u00e5gonting annat. Allt f\u00f6r\u00e4ndras n\u00e4r en ny h\u00e4ngiven regiss\u00f6r dyker upp \u2013 en person som anv\u00e4nder tveksamma arbetsmetoder. Han ska s\u00e4tta upp en examensf\u00f6rest\u00e4llning tillsammans med studenterna, Maja f\u00e5r en ny chans och kastar sig in i arbetet med stort engagemang. Men med tiden f\u00e5r hon den sm\u00e4rtsamma insikten att den karismatiske regiss\u00f6ren manipulerar b\u00e5de hennes k\u00e4nslor och de andra sk\u00e5despelarstudenternas relationer och dr\u00f6mmer. Ska studenterna kunna st\u00e5 emot den legendariske teatermannen? Vad kostar det att f\u00f6lja sina dr\u00f6mmar?<\/p>\n\n\n\n<div style=\"height:30px\" aria-hidden=\"true\" class=\"wp-block-spacer\"><\/div>\n\n\n\n<figure class=\"wp-block-image size-full\"><img loading=\"lazy\" decoding=\"async\" width=\"1792\" height=\"2560\" src=\"https:\/\/instytutpolski.pl\/stockholm\/wp-content\/uploads\/sites\/17\/2025\/09\/plakat-filmu-utrata-rownowagi-scaled.jpg\" alt=\"\" class=\"wp-image-14501\" srcset=\"https:\/\/instytutpolski.pl\/stockholm\/wp-content\/uploads\/sites\/17\/2025\/09\/plakat-filmu-utrata-rownowagi-scaled.jpg 1792w, https:\/\/instytutpolski.pl\/stockholm\/wp-content\/uploads\/sites\/17\/2025\/09\/plakat-filmu-utrata-rownowagi-210x300.jpg 210w, https:\/\/instytutpolski.pl\/stockholm\/wp-content\/uploads\/sites\/17\/2025\/09\/plakat-filmu-utrata-rownowagi-717x1024.jpg 717w, https:\/\/instytutpolski.pl\/stockholm\/wp-content\/uploads\/sites\/17\/2025\/09\/plakat-filmu-utrata-rownowagi-768x1097.jpg 768w, https:\/\/instytutpolski.pl\/stockholm\/wp-content\/uploads\/sites\/17\/2025\/09\/plakat-filmu-utrata-rownowagi-1075x1536.jpg 1075w, https:\/\/instytutpolski.pl\/stockholm\/wp-content\/uploads\/sites\/17\/2025\/09\/plakat-filmu-utrata-rownowagi-1434x2048.jpg 1434w\" sizes=\"auto, (max-width: 1792px) 100vw, 1792px\" \/><\/figure>\n\n\n\n<div style=\"height:30px\" aria-hidden=\"true\" class=\"wp-block-spacer\"><\/div>\n\n\n\n<p class=\"has-text-align-right\"><strong>Priser p\u00e5 49:e polska spelfilmfestivalen i Gdynia:<\/strong><\/p>\n\n\n\n<p class=\"has-text-align-right\">B\u00e4sta regidebut eller andrafilm \u2013 hedersomn\u00e4mnande till Korek Bojanowski och Nel Kaczmarek<\/p>\n\n\n\n<p class=\"has-text-align-right\">Don Quijote-priset fr\u00e5n Polska f\u00f6rbundet f\u00f6r filmdiskussionsklubbar till Korek Bojanowski<\/p>\n\n\n\n<p class=\"has-text-align-right\">Janusz &#8222;Kuba&#8221; Morgensterns Perspektiv-pris f\u00f6r \u00e5r 2024<\/p>\n\n\n\n<p class=\"has-text-align-right\">Polska kulturministerns filmpris f\u00f6r 2024.<\/p>\n\n\n\n<div style=\"height:30px\" aria-hidden=\"true\" class=\"wp-block-spacer\"><\/div>\n\n\n\n<p>Polsk titel: Utrata r\u00f3wnowagi<\/p>\n\n\n\n<p>Regi: Korek Bojanowski<\/p>\n\n\n\n<p>Manus: Wiktor Bojanowski, Katarzyna Priwieziencew<\/p>\n\n\n\n<p>L\u00e4ngd: 95 min<\/p>\n\n\n\n<p>Produktions\u00e5r: 2024, Polen <\/p>\n\n\n\n<p>P\u00e5 polska med engelsk text<\/p>\n\n\n\n<p>L\u00e4s mer om <a href=\"https:\/\/instytutpolski.pl\/stockholm\/2025\/09\/15\/v4-film-days-pa-zita-folkets-bio-i-stockholm-2\/\">V4 Film Days&nbsp;H\u00c4R<\/a><\/p>\n\n\n\n<p><a href=\"https:\/\/forms.gle\/BxbTRRbuU2HmeyLLA\">Boka din plats H\u00c4R<\/a><\/p>\n\n\n\n<div style=\"height:30px\" aria-hidden=\"true\" class=\"wp-block-spacer\"><\/div>\n\n\n\n<figure class=\"wp-block-gallery has-nested-images columns-default is-cropped wp-block-gallery-1 is-layout-flex wp-block-gallery-is-layout-flex\">\n<figure class=\"wp-block-image size-large\"><img loading=\"lazy\" decoding=\"async\" width=\"1024\" height=\"576\" data-id=\"14509\" src=\"https:\/\/instytutpolski.pl\/stockholm\/wp-content\/uploads\/sites\/17\/2025\/09\/UTRATA_ROWNOWAGI_2-copy-1-1024x576.jpg\" alt=\"\" class=\"wp-image-14509\" srcset=\"https:\/\/instytutpolski.pl\/stockholm\/wp-content\/uploads\/sites\/17\/2025\/09\/UTRATA_ROWNOWAGI_2-copy-1-1024x576.jpg 1024w, https:\/\/instytutpolski.pl\/stockholm\/wp-content\/uploads\/sites\/17\/2025\/09\/UTRATA_ROWNOWAGI_2-copy-1-300x169.jpg 300w, https:\/\/instytutpolski.pl\/stockholm\/wp-content\/uploads\/sites\/17\/2025\/09\/UTRATA_ROWNOWAGI_2-copy-1-768x432.jpg 768w, https:\/\/instytutpolski.pl\/stockholm\/wp-content\/uploads\/sites\/17\/2025\/09\/UTRATA_ROWNOWAGI_2-copy-1-1536x864.jpg 1536w, https:\/\/instytutpolski.pl\/stockholm\/wp-content\/uploads\/sites\/17\/2025\/09\/UTRATA_ROWNOWAGI_2-copy-1-1120x630.jpg 1120w, https:\/\/instytutpolski.pl\/stockholm\/wp-content\/uploads\/sites\/17\/2025\/09\/UTRATA_ROWNOWAGI_2-copy-1.jpg 1920w\" sizes=\"auto, (max-width: 1024px) 100vw, 1024px\" \/><\/figure>\n\n\n\n<figure class=\"wp-block-image size-large\"><img loading=\"lazy\" decoding=\"async\" width=\"1024\" height=\"576\" data-id=\"14510\" src=\"https:\/\/instytutpolski.pl\/stockholm\/wp-content\/uploads\/sites\/17\/2025\/09\/UTRATA_ROWNOWAGI_3-copy-1024x576.jpg\" alt=\"\" class=\"wp-image-14510\" srcset=\"https:\/\/instytutpolski.pl\/stockholm\/wp-content\/uploads\/sites\/17\/2025\/09\/UTRATA_ROWNOWAGI_3-copy-1024x576.jpg 1024w, https:\/\/instytutpolski.pl\/stockholm\/wp-content\/uploads\/sites\/17\/2025\/09\/UTRATA_ROWNOWAGI_3-copy-300x169.jpg 300w, https:\/\/instytutpolski.pl\/stockholm\/wp-content\/uploads\/sites\/17\/2025\/09\/UTRATA_ROWNOWAGI_3-copy-768x432.jpg 768w, https:\/\/instytutpolski.pl\/stockholm\/wp-content\/uploads\/sites\/17\/2025\/09\/UTRATA_ROWNOWAGI_3-copy-1536x864.jpg 1536w, https:\/\/instytutpolski.pl\/stockholm\/wp-content\/uploads\/sites\/17\/2025\/09\/UTRATA_ROWNOWAGI_3-copy-1120x630.jpg 1120w, https:\/\/instytutpolski.pl\/stockholm\/wp-content\/uploads\/sites\/17\/2025\/09\/UTRATA_ROWNOWAGI_3-copy.jpg 1920w\" sizes=\"auto, (max-width: 1024px) 100vw, 1024px\" \/><\/figure>\n\n\n\n<figure class=\"wp-block-image size-large\"><img loading=\"lazy\" decoding=\"async\" width=\"1024\" height=\"576\" data-id=\"14511\" src=\"https:\/\/instytutpolski.pl\/stockholm\/wp-content\/uploads\/sites\/17\/2025\/09\/UTRATA_ROWNOWAGI_9-copy-1024x576.jpg\" alt=\"\" class=\"wp-image-14511\" srcset=\"https:\/\/instytutpolski.pl\/stockholm\/wp-content\/uploads\/sites\/17\/2025\/09\/UTRATA_ROWNOWAGI_9-copy-1024x576.jpg 1024w, https:\/\/instytutpolski.pl\/stockholm\/wp-content\/uploads\/sites\/17\/2025\/09\/UTRATA_ROWNOWAGI_9-copy-300x169.jpg 300w, https:\/\/instytutpolski.pl\/stockholm\/wp-content\/uploads\/sites\/17\/2025\/09\/UTRATA_ROWNOWAGI_9-copy-768x432.jpg 768w, https:\/\/instytutpolski.pl\/stockholm\/wp-content\/uploads\/sites\/17\/2025\/09\/UTRATA_ROWNOWAGI_9-copy-1536x864.jpg 1536w, https:\/\/instytutpolski.pl\/stockholm\/wp-content\/uploads\/sites\/17\/2025\/09\/UTRATA_ROWNOWAGI_9-copy-1120x630.jpg 1120w, https:\/\/instytutpolski.pl\/stockholm\/wp-content\/uploads\/sites\/17\/2025\/09\/UTRATA_ROWNOWAGI_9-copy.jpg 1920w\" sizes=\"auto, (max-width: 1024px) 100vw, 1024px\" \/><\/figure>\n\n\n\n<figure class=\"wp-block-image size-large\"><img loading=\"lazy\" decoding=\"async\" width=\"1024\" height=\"576\" data-id=\"14512\" src=\"https:\/\/instytutpolski.pl\/stockholm\/wp-content\/uploads\/sites\/17\/2025\/09\/UTRATA_ROWNOWAGI_6-copy-1-1024x576.jpg\" alt=\"\" class=\"wp-image-14512\" srcset=\"https:\/\/instytutpolski.pl\/stockholm\/wp-content\/uploads\/sites\/17\/2025\/09\/UTRATA_ROWNOWAGI_6-copy-1-1024x576.jpg 1024w, https:\/\/instytutpolski.pl\/stockholm\/wp-content\/uploads\/sites\/17\/2025\/09\/UTRATA_ROWNOWAGI_6-copy-1-300x169.jpg 300w, https:\/\/instytutpolski.pl\/stockholm\/wp-content\/uploads\/sites\/17\/2025\/09\/UTRATA_ROWNOWAGI_6-copy-1-768x432.jpg 768w, https:\/\/instytutpolski.pl\/stockholm\/wp-content\/uploads\/sites\/17\/2025\/09\/UTRATA_ROWNOWAGI_6-copy-1-1536x864.jpg 1536w, https:\/\/instytutpolski.pl\/stockholm\/wp-content\/uploads\/sites\/17\/2025\/09\/UTRATA_ROWNOWAGI_6-copy-1-1120x630.jpg 1120w, https:\/\/instytutpolski.pl\/stockholm\/wp-content\/uploads\/sites\/17\/2025\/09\/UTRATA_ROWNOWAGI_6-copy-1.jpg 1920w\" sizes=\"auto, (max-width: 1024px) 100vw, 1024px\" \/><\/figure>\n<\/figure>\n","protected":false},"excerpt":{"rendered":"<p>Mondag, 6 oktober 2025 kl 18:00Zita Folkets Bio, Zita 1Birger Jarlsgatan 37, 111 45 Stockholm BOKA PLATS Maja har \u00e4gnat sig \u00e5t teatern hela sitt unga liv, \u00e4nd\u00e5 k\u00e4mpar hon med bristande sj\u00e4lvf\u00f6rtroende och funderar p\u00e5 att b\u00f6rja studera n\u00e5gonting annat. Allt f\u00f6r\u00e4ndras n\u00e4r en ny h\u00e4ngiven regiss\u00f6r dyker upp \u2013 en person som anv\u00e4nder [&hellip;]<\/p>\n","protected":false},"author":173,"featured_media":14505,"comment_status":"closed","ping_status":"closed","sticky":false,"template":"","format":"standard","meta":{"inline_featured_image":false,"_monsterinsights_skip_tracking":false,"_monsterinsights_sitenote_active":false,"_monsterinsights_sitenote_note":"","_monsterinsights_sitenote_category":0,"footnotes":""},"categories":[222,12,95],"tags":[],"class_list":["post-14499","post","type-post","status-publish","format-standard","has-post-thumbnail","hentry","category-aktualnosc-se","category-evenemang","category-film-evenemang"],"yoast_head":"<!-- This site is optimized with the Yoast SEO plugin v24.6 - https:\/\/yoast.com\/wordpress\/plugins\/seo\/ -->\n<title>Filmvisning: Loss of balance av Korek Bojanowski - Instytut Polski w Sztokholmie<\/title>\n<meta name=\"description\" content=\"Som en del av V4 Film Days bjuder vi till filmvisningen av Loss of balance i regi av Korek Bojanowski.\" \/>\n<meta name=\"robots\" content=\"index, follow, max-snippet:-1, max-image-preview:large, max-video-preview:-1\" \/>\n<link rel=\"canonical\" href=\"https:\/\/instytutpolski.pl\/stockholm\/2025\/09\/15\/filmvisning-loss-of-balance-av-korek-bojanowski\/\" \/>\n<meta property=\"og:locale\" content=\"pl_PL\" \/>\n<meta property=\"og:type\" content=\"article\" \/>\n<meta property=\"og:title\" content=\"Filmvisning: Loss of balance av Korek Bojanowski - Instytut Polski w Sztokholmie\" \/>\n<meta property=\"og:description\" content=\"Som en del av V4 Film Days bjuder vi till filmvisningen av Loss of balance i regi av Korek Bojanowski.\" \/>\n<meta property=\"og:url\" content=\"https:\/\/instytutpolski.pl\/stockholm\/2025\/09\/15\/filmvisning-loss-of-balance-av-korek-bojanowski\/\" \/>\n<meta property=\"og:site_name\" content=\"Instytut Polski w Sztokholmie\" \/>\n<meta property=\"article:published_time\" content=\"2025-09-15T10:39:29+00:00\" \/>\n<meta property=\"article:modified_time\" content=\"2025-10-13T13:19:29+00:00\" \/>\n<meta property=\"og:image\" content=\"https:\/\/instytutpolski.pl\/stockholm\/wp-content\/uploads\/sites\/17\/2025\/09\/UTRATA_ROWNOWAGI_1-copy-1.jpg\" \/>\n\t<meta property=\"og:image:width\" content=\"1920\" \/>\n\t<meta property=\"og:image:height\" content=\"1080\" \/>\n\t<meta property=\"og:image:type\" content=\"image\/jpeg\" \/>\n<meta name=\"author\" content=\"treichelp\" \/>\n<meta name=\"twitter:card\" content=\"summary_large_image\" \/>\n<meta name=\"twitter:label1\" content=\"Napisane przez\" \/>\n\t<meta name=\"twitter:data1\" content=\"treichelp\" \/>\n\t<meta name=\"twitter:label2\" content=\"Szacowany czas czytania\" \/>\n\t<meta name=\"twitter:data2\" content=\"3 minuty\" \/>\n<script type=\"application\/ld+json\" class=\"yoast-schema-graph\">{\"@context\":\"https:\/\/schema.org\",\"@graph\":[{\"@type\":\"event\",\"@id\":\"https:\/\/instytutpolski.pl\/stockholm\/2025\/09\/15\/filmvisning-loss-of-balance-av-korek-bojanowski\/\",\"url\":\"https:\/\/instytutpolski.pl\/stockholm\/2025\/09\/15\/filmvisning-loss-of-balance-av-korek-bojanowski\/\",\"name\":\"Filmvisning: Loss of balance av Korek Bojanowski\",\"isPartOf\":{\"@id\":\"https:\/\/instytutpolski.pl\/stockholm\/#website\"},\"primaryImageOfPage\":{\"@id\":\"https:\/\/instytutpolski.pl\/stockholm\/2025\/09\/15\/filmvisning-loss-of-balance-av-korek-bojanowski\/#primaryimage\"},\"image\":[\"https:\/\/instytutpolski.pl\/stockholm\/wp-content\/uploads\/sites\/17\/2025\/09\/UTRATA_ROWNOWAGI_1-copy-1.jpg\",\"https:\/\/instytutpolski.pl\/stockholm\/wp-content\/uploads\/sites\/17\/2025\/09\/UTRATA_ROWNOWAGI_1-copy-1-300x169.jpg\",\"https:\/\/instytutpolski.pl\/stockholm\/wp-content\/uploads\/sites\/17\/2025\/09\/UTRATA_ROWNOWAGI_1-copy-1-1024x576.jpg\",\"https:\/\/instytutpolski.pl\/stockholm\/wp-content\/uploads\/sites\/17\/2025\/09\/UTRATA_ROWNOWAGI_1-copy-1.jpg\"],\"thumbnailUrl\":\"https:\/\/instytutpolski.pl\/stockholm\/wp-content\/uploads\/sites\/17\/2025\/09\/UTRATA_ROWNOWAGI_1-copy-1.jpg\",\"datePublished\":\"2025-09-15T10:39:29+02:00\",\"dateModified\":\"2025-10-13T13:19:29+02:00\",\"author\":{\"@id\":\"https:\/\/instytutpolski.pl\/stockholm\/#\/schema\/person\/866a2c0f4ccf0982a286809684f7bc1e\"},\"description\":\"Mondag, 6 oktober 2025 kl 18:00Zita Folkets Bio, Zita 1Birger Jarlsgatan 37, 111 45 Stockholm\\nBOKA PLATS\\nMaja har \u00e4gnat sig \u00e5t teatern hela sitt unga liv, \u00e4nd\u00e5 k\u00e4mpar hon med bristande sj\u00e4lvf\u00f6rtroende och funderar p\u00e5 att b\u00f6rja studera n\u00e5gonting annat. Allt f\u00f6r\u00e4ndras n\u00e4r en ny h\u00e4ngiven regiss\u00f6r dyker upp \u2013 en person som anv\u00e4nder tveksamma arbetsmetoder. Han ska s\u00e4tta upp en examensf\u00f6rest\u00e4llning tillsammans med studenterna, Maja f\u00e5r en ny chans och kastar sig in i arbetet med stort engagemang. Men med tiden f\u00e5r hon den sm\u00e4rtsamma insikten att den karismatiske regiss\u00f6ren manipulerar b\u00e5de hennes k\u00e4nslor och de andra sk\u00e5despelarstudenternas relationer och dr\u00f6mmer. Ska studenterna kunna st\u00e5 emot den legendariske teatermannen? Vad kostar det att f\u00f6lja sina dr\u00f6mmar?\\nPriser p\u00e5 49:e polska spelfilmfestivalen i Gdynia:\\nB\u00e4sta regidebut eller andrafilm \u2013 hedersomn\u00e4mnande till Korek Bojanowski och Nel Kaczmarek\\nDon Quijote-priset fr\u00e5n Polska f\u00f6rbundet f\u00f6r filmdiskussionsklubbar till Korek Bojanowski\\nJanusz \\\"Kuba\\\" Morgensterns Perspektiv-pris f\u00f6r \u00e5r 2024\\nPolska kulturministerns filmpris f\u00f6r 2024.\\nPolsk titel: Utrata r\u00f3wnowagi\\nRegi: Korek Bojanowski\\nManus: Wiktor Bojanowski, Katarzyna Priwieziencew\\nL\u00e4ngd: 95 min\\nProduktions\u00e5r: 2024, Polen \\nP\u00e5 polska med engelsk text\\nL\u00e4s mer om V4 Film Days H\u00c4R\\nBoka din plats H\u00c4R\",\"breadcrumb\":{\"@id\":\"https:\/\/instytutpolski.pl\/stockholm\/2025\/09\/15\/filmvisning-loss-of-balance-av-korek-bojanowski\/#breadcrumb\"},\"inLanguage\":\"pl-PL\",\"potentialAction\":[{\"@type\":\"ReadAction\",\"target\":[\"https:\/\/instytutpolski.pl\/stockholm\/2025\/09\/15\/filmvisning-loss-of-balance-av-korek-bojanowski\/\"]}],\"@context\":\"https:\/\/schema.org\",\"startDate\":\"2025-10-06T06:00:00+02:00\",\"endDate\":\"2025-10-06T08:00:00+02:00\",\"eventStatus\":\"EventScheduled\",\"eventAttendanceMode\":\"OfflineEventAttendanceMode\",\"location\":{\"@type\":\"place\",\"name\":\"\",\"address\":\"\",\"geo\":{\"@type\":\"GeoCoordinates\",\"latitude\":\"\",\"longitude\":\"\"}}},{\"@type\":\"ImageObject\",\"inLanguage\":\"pl-PL\",\"@id\":\"https:\/\/instytutpolski.pl\/stockholm\/2025\/09\/15\/filmvisning-loss-of-balance-av-korek-bojanowski\/#primaryimage\",\"url\":\"https:\/\/instytutpolski.pl\/stockholm\/wp-content\/uploads\/sites\/17\/2025\/09\/UTRATA_ROWNOWAGI_1-copy-1.jpg\",\"contentUrl\":\"https:\/\/instytutpolski.pl\/stockholm\/wp-content\/uploads\/sites\/17\/2025\/09\/UTRATA_ROWNOWAGI_1-copy-1.jpg\",\"width\":1920,\"height\":1080},{\"@type\":\"BreadcrumbList\",\"@id\":\"https:\/\/instytutpolski.pl\/stockholm\/2025\/09\/15\/filmvisning-loss-of-balance-av-korek-bojanowski\/#breadcrumb\",\"itemListElement\":[{\"@type\":\"ListItem\",\"position\":1,\"name\":\"Home\",\"item\":\"https:\/\/instytutpolski.pl\/stockholm\/\"},{\"@type\":\"ListItem\",\"position\":2,\"name\":\"Filmvisning: Loss of balance av Korek Bojanowski\"}]},{\"@type\":\"WebSite\",\"@id\":\"https:\/\/instytutpolski.pl\/stockholm\/#website\",\"url\":\"https:\/\/instytutpolski.pl\/stockholm\/\",\"name\":\"Instytut Polski w Sztokholmie\",\"description\":\"Instytuty Polskie\",\"potentialAction\":[{\"@type\":\"SearchAction\",\"target\":{\"@type\":\"EntryPoint\",\"urlTemplate\":\"https:\/\/instytutpolski.pl\/stockholm\/?s={search_term_string}\"},\"query-input\":{\"@type\":\"PropertyValueSpecification\",\"valueRequired\":true,\"valueName\":\"search_term_string\"}}],\"inLanguage\":\"pl-PL\"},{\"@type\":\"Person\",\"@id\":\"https:\/\/instytutpolski.pl\/stockholm\/#\/schema\/person\/866a2c0f4ccf0982a286809684f7bc1e\",\"name\":\"treichelp\",\"image\":{\"@type\":\"ImageObject\",\"inLanguage\":\"pl-PL\",\"@id\":\"https:\/\/instytutpolski.pl\/stockholm\/#\/schema\/person\/image\/\",\"url\":\"https:\/\/secure.gravatar.com\/avatar\/fb2c1caae0df0854742a56fc463dd1fb?s=96&d=mm&r=g\",\"contentUrl\":\"https:\/\/secure.gravatar.com\/avatar\/fb2c1caae0df0854742a56fc463dd1fb?s=96&d=mm&r=g\",\"caption\":\"treichelp\"},\"url\":\"https:\/\/instytutpolski.pl\/stockholm\/author\/treichelp\/\"}]}<\/script>\n<!-- \/ Yoast SEO plugin. -->","yoast_head_json":{"title":"Filmvisning: Loss of balance av Korek Bojanowski - Instytut Polski w Sztokholmie","description":"Som en del av V4 Film Days bjuder vi till filmvisningen av Loss of balance i regi av Korek Bojanowski.","robots":{"index":"index","follow":"follow","max-snippet":"max-snippet:-1","max-image-preview":"max-image-preview:large","max-video-preview":"max-video-preview:-1"},"canonical":"https:\/\/instytutpolski.pl\/stockholm\/2025\/09\/15\/filmvisning-loss-of-balance-av-korek-bojanowski\/","og_locale":"pl_PL","og_type":"article","og_title":"Filmvisning: Loss of balance av Korek Bojanowski - Instytut Polski w Sztokholmie","og_description":"Som en del av V4 Film Days bjuder vi till filmvisningen av Loss of balance i regi av Korek Bojanowski.","og_url":"https:\/\/instytutpolski.pl\/stockholm\/2025\/09\/15\/filmvisning-loss-of-balance-av-korek-bojanowski\/","og_site_name":"Instytut Polski w Sztokholmie","article_published_time":"2025-09-15T10:39:29+00:00","article_modified_time":"2025-10-13T13:19:29+00:00","og_image":[{"width":1920,"height":1080,"url":"https:\/\/instytutpolski.pl\/stockholm\/wp-content\/uploads\/sites\/17\/2025\/09\/UTRATA_ROWNOWAGI_1-copy-1.jpg","type":"image\/jpeg"}],"author":"treichelp","twitter_card":"summary_large_image","twitter_misc":{"Napisane przez":"treichelp","Szacowany czas czytania":"3 minuty"},"schema":{"@context":"https:\/\/schema.org","@graph":[{"@type":"event","@id":"https:\/\/instytutpolski.pl\/stockholm\/2025\/09\/15\/filmvisning-loss-of-balance-av-korek-bojanowski\/","url":"https:\/\/instytutpolski.pl\/stockholm\/2025\/09\/15\/filmvisning-loss-of-balance-av-korek-bojanowski\/","name":"Filmvisning: Loss of balance av Korek Bojanowski","isPartOf":{"@id":"https:\/\/instytutpolski.pl\/stockholm\/#website"},"primaryImageOfPage":{"@id":"https:\/\/instytutpolski.pl\/stockholm\/2025\/09\/15\/filmvisning-loss-of-balance-av-korek-bojanowski\/#primaryimage"},"image":["https:\/\/instytutpolski.pl\/stockholm\/wp-content\/uploads\/sites\/17\/2025\/09\/UTRATA_ROWNOWAGI_1-copy-1.jpg","https:\/\/instytutpolski.pl\/stockholm\/wp-content\/uploads\/sites\/17\/2025\/09\/UTRATA_ROWNOWAGI_1-copy-1-300x169.jpg","https:\/\/instytutpolski.pl\/stockholm\/wp-content\/uploads\/sites\/17\/2025\/09\/UTRATA_ROWNOWAGI_1-copy-1-1024x576.jpg","https:\/\/instytutpolski.pl\/stockholm\/wp-content\/uploads\/sites\/17\/2025\/09\/UTRATA_ROWNOWAGI_1-copy-1.jpg"],"thumbnailUrl":"https:\/\/instytutpolski.pl\/stockholm\/wp-content\/uploads\/sites\/17\/2025\/09\/UTRATA_ROWNOWAGI_1-copy-1.jpg","datePublished":"2025-09-15T10:39:29+02:00","dateModified":"2025-10-13T13:19:29+02:00","author":{"@id":"https:\/\/instytutpolski.pl\/stockholm\/#\/schema\/person\/866a2c0f4ccf0982a286809684f7bc1e"},"description":"Mondag, 6 oktober 2025 kl 18:00Zita Folkets Bio, Zita 1Birger Jarlsgatan 37, 111 45 Stockholm\nBOKA PLATS\nMaja har \u00e4gnat sig \u00e5t teatern hela sitt unga liv, \u00e4nd\u00e5 k\u00e4mpar hon med bristande sj\u00e4lvf\u00f6rtroende och funderar p\u00e5 att b\u00f6rja studera n\u00e5gonting annat. Allt f\u00f6r\u00e4ndras n\u00e4r en ny h\u00e4ngiven regiss\u00f6r dyker upp \u2013 en person som anv\u00e4nder tveksamma arbetsmetoder. Han ska s\u00e4tta upp en examensf\u00f6rest\u00e4llning tillsammans med studenterna, Maja f\u00e5r en ny chans och kastar sig in i arbetet med stort engagemang. Men med tiden f\u00e5r hon den sm\u00e4rtsamma insikten att den karismatiske regiss\u00f6ren manipulerar b\u00e5de hennes k\u00e4nslor och de andra sk\u00e5despelarstudenternas relationer och dr\u00f6mmer. Ska studenterna kunna st\u00e5 emot den legendariske teatermannen? Vad kostar det att f\u00f6lja sina dr\u00f6mmar?\nPriser p\u00e5 49:e polska spelfilmfestivalen i Gdynia:\nB\u00e4sta regidebut eller andrafilm \u2013 hedersomn\u00e4mnande till Korek Bojanowski och Nel Kaczmarek\nDon Quijote-priset fr\u00e5n Polska f\u00f6rbundet f\u00f6r filmdiskussionsklubbar till Korek Bojanowski\nJanusz \"Kuba\" Morgensterns Perspektiv-pris f\u00f6r \u00e5r 2024\nPolska kulturministerns filmpris f\u00f6r 2024.\nPolsk titel: Utrata r\u00f3wnowagi\nRegi: Korek Bojanowski\nManus: Wiktor Bojanowski, Katarzyna Priwieziencew\nL\u00e4ngd: 95 min\nProduktions\u00e5r: 2024, Polen \nP\u00e5 polska med engelsk text\nL\u00e4s mer om V4 Film Days H\u00c4R\nBoka din plats H\u00c4R","breadcrumb":{"@id":"https:\/\/instytutpolski.pl\/stockholm\/2025\/09\/15\/filmvisning-loss-of-balance-av-korek-bojanowski\/#breadcrumb"},"inLanguage":"pl-PL","potentialAction":[{"@type":"ReadAction","target":["https:\/\/instytutpolski.pl\/stockholm\/2025\/09\/15\/filmvisning-loss-of-balance-av-korek-bojanowski\/"]}],"@context":"https:\/\/schema.org","startDate":"2025-10-06T06:00:00+02:00","endDate":"2025-10-06T08:00:00+02:00","eventStatus":"EventScheduled","eventAttendanceMode":"OfflineEventAttendanceMode","location":{"@type":"place","name":"","address":"","geo":{"@type":"GeoCoordinates","latitude":"","longitude":""}}},{"@type":"ImageObject","inLanguage":"pl-PL","@id":"https:\/\/instytutpolski.pl\/stockholm\/2025\/09\/15\/filmvisning-loss-of-balance-av-korek-bojanowski\/#primaryimage","url":"https:\/\/instytutpolski.pl\/stockholm\/wp-content\/uploads\/sites\/17\/2025\/09\/UTRATA_ROWNOWAGI_1-copy-1.jpg","contentUrl":"https:\/\/instytutpolski.pl\/stockholm\/wp-content\/uploads\/sites\/17\/2025\/09\/UTRATA_ROWNOWAGI_1-copy-1.jpg","width":1920,"height":1080},{"@type":"BreadcrumbList","@id":"https:\/\/instytutpolski.pl\/stockholm\/2025\/09\/15\/filmvisning-loss-of-balance-av-korek-bojanowski\/#breadcrumb","itemListElement":[{"@type":"ListItem","position":1,"name":"Home","item":"https:\/\/instytutpolski.pl\/stockholm\/"},{"@type":"ListItem","position":2,"name":"Filmvisning: Loss of balance av Korek Bojanowski"}]},{"@type":"WebSite","@id":"https:\/\/instytutpolski.pl\/stockholm\/#website","url":"https:\/\/instytutpolski.pl\/stockholm\/","name":"Instytut Polski w Sztokholmie","description":"Instytuty Polskie","potentialAction":[{"@type":"SearchAction","target":{"@type":"EntryPoint","urlTemplate":"https:\/\/instytutpolski.pl\/stockholm\/?s={search_term_string}"},"query-input":{"@type":"PropertyValueSpecification","valueRequired":true,"valueName":"search_term_string"}}],"inLanguage":"pl-PL"},{"@type":"Person","@id":"https:\/\/instytutpolski.pl\/stockholm\/#\/schema\/person\/866a2c0f4ccf0982a286809684f7bc1e","name":"treichelp","image":{"@type":"ImageObject","inLanguage":"pl-PL","@id":"https:\/\/instytutpolski.pl\/stockholm\/#\/schema\/person\/image\/","url":"https:\/\/secure.gravatar.com\/avatar\/fb2c1caae0df0854742a56fc463dd1fb?s=96&d=mm&r=g","contentUrl":"https:\/\/secure.gravatar.com\/avatar\/fb2c1caae0df0854742a56fc463dd1fb?s=96&d=mm&r=g","caption":"treichelp"},"url":"https:\/\/instytutpolski.pl\/stockholm\/author\/treichelp\/"}]}},"_links":{"self":[{"href":"https:\/\/instytutpolski.pl\/stockholm\/wp-json\/wp\/v2\/posts\/14499","targetHints":{"allow":["GET"]}}],"collection":[{"href":"https:\/\/instytutpolski.pl\/stockholm\/wp-json\/wp\/v2\/posts"}],"about":[{"href":"https:\/\/instytutpolski.pl\/stockholm\/wp-json\/wp\/v2\/types\/post"}],"author":[{"embeddable":true,"href":"https:\/\/instytutpolski.pl\/stockholm\/wp-json\/wp\/v2\/users\/173"}],"replies":[{"embeddable":true,"href":"https:\/\/instytutpolski.pl\/stockholm\/wp-json\/wp\/v2\/comments?post=14499"}],"version-history":[{"count":11,"href":"https:\/\/instytutpolski.pl\/stockholm\/wp-json\/wp\/v2\/posts\/14499\/revisions"}],"predecessor-version":[{"id":14603,"href":"https:\/\/instytutpolski.pl\/stockholm\/wp-json\/wp\/v2\/posts\/14499\/revisions\/14603"}],"wp:featuredmedia":[{"embeddable":true,"href":"https:\/\/instytutpolski.pl\/stockholm\/wp-json\/wp\/v2\/media\/14505"}],"wp:attachment":[{"href":"https:\/\/instytutpolski.pl\/stockholm\/wp-json\/wp\/v2\/media?parent=14499"}],"wp:term":[{"taxonomy":"category","embeddable":true,"href":"https:\/\/instytutpolski.pl\/stockholm\/wp-json\/wp\/v2\/categories?post=14499"},{"taxonomy":"post_tag","embeddable":true,"href":"https:\/\/instytutpolski.pl\/stockholm\/wp-json\/wp\/v2\/tags?post=14499"}],"curies":[{"name":"wp","href":"https:\/\/api.w.org\/{rel}","templated":true}]}}