{"id":14667,"date":"2025-10-29T14:11:18","date_gmt":"2025-10-29T13:11:18","guid":{"rendered":"https:\/\/instytutpolski.pl\/stockholm\/?p=14667"},"modified":"2025-11-06T21:28:21","modified_gmt":"2025-11-06T20:28:21","slug":"konsert-med-arets-upplaga-av-orkesterakademin-och-polska-nospr-academy","status":"publish","type":"post","link":"https:\/\/instytutpolski.pl\/stockholm\/2025\/10\/29\/konsert-med-arets-upplaga-av-orkesterakademin-och-polska-nospr-academy\/","title":{"rendered":"Konsert med \u00e5rets upplaga av Orkesterakademin och polska NOSPR Academy"},"content":{"rendered":"\n<p>Ensemblerna leds av den unga prisbel\u00f6nade polska dirigenten Joanna Natalia Slusarczyk, och vi h\u00f6r s\u00e5v\u00e4l svensk som polsk musik innan man g\u00f6r gemensam sak Mozarts Symfoni nr 40. Programmet inneh\u00e5ller f\u00e4rgutforskande musik av svenska Andrea Tarrodi och \u00e5rstidsmusik av polske Aleksander Laso\u0144 \u2013 som f\u00e5ngar sinnest\u00e4mningar snarare \u00e4n illustrerar \u00e5rstiderna. D\u00e4refter utdrag ur verk av polska Kamil G. Polak och Maja Polak.<\/p>\n\n\n\n<p>Fri entr\u00e9, inga biljetter beh\u00f6vs!<\/p>\n\n\n\n<p>Samarbetet mellan Konserthuset Stockholm och polska radions symfoniorkester i Katowice sker under 2024-2025 som ett projekt med samlingsnamnet Framtidens institutioner 2024-2025. Projektet drivs med st\u00f6d fr\u00e5n polska kulturdepartementet inom ramen f\u00f6r deras Inspirerande kultursatsning. Konserten genomf\u00f6rs \u00e4ven med st\u00f6d fr\u00e5n Polska institutet.<\/p>\n\n\n\n<p>L\u00e4s mer <a href=\"https:\/\/www.konserthuset.se\/program-och-biljetter\/kalender\/konsert\/2025\/orkesterakademin-och-nospr-academy\/20251203-1900\/\" target=\"_blank\" rel=\"noreferrer noopener\">H\u00c4R<\/a><\/p>\n","protected":false},"excerpt":{"rendered":"<p>Ensemblerna leds av den unga prisbel\u00f6nade polska dirigenten Joanna Natalia Slusarczyk, och vi h\u00f6r s\u00e5v\u00e4l svensk som polsk musik innan man g\u00f6r gemensam sak Mozarts Symfoni nr 40. Programmet inneh\u00e5ller f\u00e4rgutforskande musik av svenska Andrea Tarrodi och \u00e5rstidsmusik av polske Aleksander Laso\u0144 \u2013 som f\u00e5ngar sinnest\u00e4mningar snarare \u00e4n illustrerar \u00e5rstiderna. D\u00e4refter utdrag ur verk av [&hellip;]<\/p>\n","protected":false},"author":173,"featured_media":14668,"comment_status":"closed","ping_status":"closed","sticky":false,"template":"","format":"standard","meta":{"inline_featured_image":false,"_monsterinsights_skip_tracking":false,"_monsterinsights_sitenote_active":false,"_monsterinsights_sitenote_note":"","_monsterinsights_sitenote_category":0,"footnotes":""},"categories":[222,318,12,99],"tags":[],"class_list":["post-14667","post","type-post","status-publish","format-standard","has-post-thumbnail","hentry","category-aktualnosc-se","category-artykuly-se","category-evenemang","category-musik"],"yoast_head":"<!-- This site is optimized with the Yoast SEO plugin v24.6 - https:\/\/yoast.com\/wordpress\/plugins\/seo\/ -->\n<title>Konsert med \u00e5rets upplaga av Orkesterakademin och polska NOSPR Academy - Instytut Polski w Sztokholmie<\/title>\n<meta name=\"robots\" content=\"index, follow, max-snippet:-1, max-image-preview:large, max-video-preview:-1\" \/>\n<link rel=\"canonical\" href=\"https:\/\/instytutpolski.pl\/stockholm\/2025\/10\/29\/konsert-med-arets-upplaga-av-orkesterakademin-och-polska-nospr-academy\/\" \/>\n<meta property=\"og:locale\" content=\"pl_PL\" \/>\n<meta property=\"og:type\" content=\"article\" \/>\n<meta property=\"og:title\" content=\"Konsert med \u00e5rets upplaga av Orkesterakademin och polska NOSPR Academy - Instytut Polski w Sztokholmie\" \/>\n<meta property=\"og:description\" content=\"Ensemblerna leds av den unga prisbel\u00f6nade polska dirigenten Joanna Natalia Slusarczyk, och vi h\u00f6r s\u00e5v\u00e4l svensk som polsk musik innan man g\u00f6r gemensam sak Mozarts Symfoni nr 40. Programmet inneh\u00e5ller f\u00e4rgutforskande musik av svenska Andrea Tarrodi och \u00e5rstidsmusik av polske Aleksander Laso\u0144 \u2013 som f\u00e5ngar sinnest\u00e4mningar snarare \u00e4n illustrerar \u00e5rstiderna. D\u00e4refter utdrag ur verk av [&hellip;]\" \/>\n<meta property=\"og:url\" content=\"https:\/\/instytutpolski.pl\/stockholm\/2025\/10\/29\/konsert-med-arets-upplaga-av-orkesterakademin-och-polska-nospr-academy\/\" \/>\n<meta property=\"og:site_name\" content=\"Instytut Polski w Sztokholmie\" \/>\n<meta property=\"article:published_time\" content=\"2025-10-29T13:11:18+00:00\" \/>\n<meta property=\"article:modified_time\" content=\"2025-11-06T20:28:21+00:00\" \/>\n<meta property=\"og:image\" content=\"https:\/\/instytutpolski.pl\/stockholm\/wp-content\/uploads\/sites\/17\/2025\/10\/NOSPR-2025-DEC-hemsida.jpg\" \/>\n\t<meta property=\"og:image:width\" content=\"1120\" \/>\n\t<meta property=\"og:image:height\" content=\"630\" \/>\n\t<meta property=\"og:image:type\" content=\"image\/jpeg\" \/>\n<meta name=\"author\" content=\"treichelp\" \/>\n<meta name=\"twitter:card\" content=\"summary_large_image\" \/>\n<meta name=\"twitter:label1\" content=\"Napisane przez\" \/>\n\t<meta name=\"twitter:data1\" content=\"treichelp\" \/>\n\t<meta name=\"twitter:label2\" content=\"Szacowany czas czytania\" \/>\n\t<meta name=\"twitter:data2\" content=\"1 minuta\" \/>\n<script type=\"application\/ld+json\" class=\"yoast-schema-graph\">{\"@context\":\"https:\/\/schema.org\",\"@graph\":[{\"@type\":\"event\",\"@id\":\"https:\/\/instytutpolski.pl\/stockholm\/2025\/10\/29\/konsert-med-arets-upplaga-av-orkesterakademin-och-polska-nospr-academy\/\",\"url\":\"https:\/\/instytutpolski.pl\/stockholm\/2025\/10\/29\/konsert-med-arets-upplaga-av-orkesterakademin-och-polska-nospr-academy\/\",\"name\":\"Konsert med \u00e5rets upplaga av Orkesterakademin och polska NOSPR Academy\",\"isPartOf\":{\"@id\":\"https:\/\/instytutpolski.pl\/stockholm\/#website\"},\"primaryImageOfPage\":{\"@id\":\"https:\/\/instytutpolski.pl\/stockholm\/2025\/10\/29\/konsert-med-arets-upplaga-av-orkesterakademin-och-polska-nospr-academy\/#primaryimage\"},\"image\":[\"https:\/\/instytutpolski.pl\/stockholm\/wp-content\/uploads\/sites\/17\/2025\/10\/NOSPR-2025-DEC-hemsida.jpg\",\"https:\/\/instytutpolski.pl\/stockholm\/wp-content\/uploads\/sites\/17\/2025\/10\/NOSPR-2025-DEC-hemsida-300x169.jpg\",\"https:\/\/instytutpolski.pl\/stockholm\/wp-content\/uploads\/sites\/17\/2025\/10\/NOSPR-2025-DEC-hemsida-1024x576.jpg\",\"https:\/\/instytutpolski.pl\/stockholm\/wp-content\/uploads\/sites\/17\/2025\/10\/NOSPR-2025-DEC-hemsida.jpg\"],\"thumbnailUrl\":\"https:\/\/instytutpolski.pl\/stockholm\/wp-content\/uploads\/sites\/17\/2025\/10\/NOSPR-2025-DEC-hemsida.jpg\",\"datePublished\":\"2025-10-29T13:11:18+02:00\",\"dateModified\":\"2025-11-06T20:28:21+02:00\",\"author\":{\"@id\":\"https:\/\/instytutpolski.pl\/stockholm\/#\/schema\/person\/866a2c0f4ccf0982a286809684f7bc1e\"},\"breadcrumb\":{\"@id\":\"https:\/\/instytutpolski.pl\/stockholm\/2025\/10\/29\/konsert-med-arets-upplaga-av-orkesterakademin-och-polska-nospr-academy\/#breadcrumb\"},\"inLanguage\":\"pl-PL\",\"potentialAction\":[{\"@type\":\"ReadAction\",\"target\":[\"https:\/\/instytutpolski.pl\/stockholm\/2025\/10\/29\/konsert-med-arets-upplaga-av-orkesterakademin-och-polska-nospr-academy\/\"]}],\"@context\":\"https:\/\/schema.org\",\"startDate\":\"2025-12-03T06:00:00+02:00\",\"endDate\":\"2025-12-03T08:00:00+02:00\",\"eventStatus\":\"EventScheduled\",\"eventAttendanceMode\":\"OfflineEventAttendanceMode\",\"location\":{\"@type\":\"place\",\"name\":\"Konserthuset, Gr\u00fcnewaldsalen, adress: Kungsgatan 43\",\"address\":\"Konserthuset, Gr\u00fcnewaldsalen, adress: Kungsgatan 43\",\"geo\":{\"@type\":\"GeoCoordinates\",\"latitude\":\"59.253536608181804\",\"longitude\":\"18.030330121475867\"}},\"description\":\"Ensemblerna leds av den unga prisbel\u00f6nade polska dirigenten Joanna Natalia Slusarczyk, och vi h\u00f6r s\u00e5v\u00e4l svensk som polsk musik innan man g\u00f6r gemensam sak Mozarts Symfoni nr 40. Programmet inneh\u00e5ller f\u00e4rgutforskande musik av svenska Andrea Tarrodi och \u00e5rstidsmusik av polske Aleksander Laso\u0144 \u2013 som f\u00e5ngar sinnest\u00e4mningar snarare \u00e4n illustrerar \u00e5rstiderna. D\u00e4refter utdrag ur verk av polska Kamil G. Polak och Maja Polak.\\nFri entr\u00e9, inga biljetter beh\u00f6vs!\\nSamarbetet mellan Konserthuset Stockholm och polska radions symfoniorkester i Katowice sker under 2024-2025 som ett projekt med samlingsnamnet Framtidens institutioner 2024-2025. Projektet drivs med st\u00f6d fr\u00e5n polska kulturdepartementet inom ramen f\u00f6r deras Inspirerande kultursatsning. Konserten genomf\u00f6rs \u00e4ven med st\u00f6d fr\u00e5n Polska institutet.\\nL\u00e4s mer H\u00c4R\"},{\"@type\":\"ImageObject\",\"inLanguage\":\"pl-PL\",\"@id\":\"https:\/\/instytutpolski.pl\/stockholm\/2025\/10\/29\/konsert-med-arets-upplaga-av-orkesterakademin-och-polska-nospr-academy\/#primaryimage\",\"url\":\"https:\/\/instytutpolski.pl\/stockholm\/wp-content\/uploads\/sites\/17\/2025\/10\/NOSPR-2025-DEC-hemsida.jpg\",\"contentUrl\":\"https:\/\/instytutpolski.pl\/stockholm\/wp-content\/uploads\/sites\/17\/2025\/10\/NOSPR-2025-DEC-hemsida.jpg\",\"width\":1120,\"height\":630},{\"@type\":\"BreadcrumbList\",\"@id\":\"https:\/\/instytutpolski.pl\/stockholm\/2025\/10\/29\/konsert-med-arets-upplaga-av-orkesterakademin-och-polska-nospr-academy\/#breadcrumb\",\"itemListElement\":[{\"@type\":\"ListItem\",\"position\":1,\"name\":\"Home\",\"item\":\"https:\/\/instytutpolski.pl\/stockholm\/\"},{\"@type\":\"ListItem\",\"position\":2,\"name\":\"Konsert med \u00e5rets upplaga av Orkesterakademin och polska NOSPR Academy\"}]},{\"@type\":\"WebSite\",\"@id\":\"https:\/\/instytutpolski.pl\/stockholm\/#website\",\"url\":\"https:\/\/instytutpolski.pl\/stockholm\/\",\"name\":\"Instytut Polski w Sztokholmie\",\"description\":\"Instytuty Polskie\",\"potentialAction\":[{\"@type\":\"SearchAction\",\"target\":{\"@type\":\"EntryPoint\",\"urlTemplate\":\"https:\/\/instytutpolski.pl\/stockholm\/?s={search_term_string}\"},\"query-input\":{\"@type\":\"PropertyValueSpecification\",\"valueRequired\":true,\"valueName\":\"search_term_string\"}}],\"inLanguage\":\"pl-PL\"},{\"@type\":\"Person\",\"@id\":\"https:\/\/instytutpolski.pl\/stockholm\/#\/schema\/person\/866a2c0f4ccf0982a286809684f7bc1e\",\"name\":\"treichelp\",\"image\":{\"@type\":\"ImageObject\",\"inLanguage\":\"pl-PL\",\"@id\":\"https:\/\/instytutpolski.pl\/stockholm\/#\/schema\/person\/image\/\",\"url\":\"https:\/\/secure.gravatar.com\/avatar\/fb2c1caae0df0854742a56fc463dd1fb?s=96&d=mm&r=g\",\"contentUrl\":\"https:\/\/secure.gravatar.com\/avatar\/fb2c1caae0df0854742a56fc463dd1fb?s=96&d=mm&r=g\",\"caption\":\"treichelp\"},\"url\":\"https:\/\/instytutpolski.pl\/stockholm\/author\/treichelp\/\"}]}<\/script>\n<!-- \/ Yoast SEO plugin. -->","yoast_head_json":{"title":"Konsert med \u00e5rets upplaga av Orkesterakademin och polska NOSPR Academy - Instytut Polski w Sztokholmie","robots":{"index":"index","follow":"follow","max-snippet":"max-snippet:-1","max-image-preview":"max-image-preview:large","max-video-preview":"max-video-preview:-1"},"canonical":"https:\/\/instytutpolski.pl\/stockholm\/2025\/10\/29\/konsert-med-arets-upplaga-av-orkesterakademin-och-polska-nospr-academy\/","og_locale":"pl_PL","og_type":"article","og_title":"Konsert med \u00e5rets upplaga av Orkesterakademin och polska NOSPR Academy - Instytut Polski w Sztokholmie","og_description":"Ensemblerna leds av den unga prisbel\u00f6nade polska dirigenten Joanna Natalia Slusarczyk, och vi h\u00f6r s\u00e5v\u00e4l svensk som polsk musik innan man g\u00f6r gemensam sak Mozarts Symfoni nr 40. Programmet inneh\u00e5ller f\u00e4rgutforskande musik av svenska Andrea Tarrodi och \u00e5rstidsmusik av polske Aleksander Laso\u0144 \u2013 som f\u00e5ngar sinnest\u00e4mningar snarare \u00e4n illustrerar \u00e5rstiderna. D\u00e4refter utdrag ur verk av [&hellip;]","og_url":"https:\/\/instytutpolski.pl\/stockholm\/2025\/10\/29\/konsert-med-arets-upplaga-av-orkesterakademin-och-polska-nospr-academy\/","og_site_name":"Instytut Polski w Sztokholmie","article_published_time":"2025-10-29T13:11:18+00:00","article_modified_time":"2025-11-06T20:28:21+00:00","og_image":[{"width":1120,"height":630,"url":"https:\/\/instytutpolski.pl\/stockholm\/wp-content\/uploads\/sites\/17\/2025\/10\/NOSPR-2025-DEC-hemsida.jpg","type":"image\/jpeg"}],"author":"treichelp","twitter_card":"summary_large_image","twitter_misc":{"Napisane przez":"treichelp","Szacowany czas czytania":"1 minuta"},"schema":{"@context":"https:\/\/schema.org","@graph":[{"@type":"event","@id":"https:\/\/instytutpolski.pl\/stockholm\/2025\/10\/29\/konsert-med-arets-upplaga-av-orkesterakademin-och-polska-nospr-academy\/","url":"https:\/\/instytutpolski.pl\/stockholm\/2025\/10\/29\/konsert-med-arets-upplaga-av-orkesterakademin-och-polska-nospr-academy\/","name":"Konsert med \u00e5rets upplaga av Orkesterakademin och polska NOSPR Academy","isPartOf":{"@id":"https:\/\/instytutpolski.pl\/stockholm\/#website"},"primaryImageOfPage":{"@id":"https:\/\/instytutpolski.pl\/stockholm\/2025\/10\/29\/konsert-med-arets-upplaga-av-orkesterakademin-och-polska-nospr-academy\/#primaryimage"},"image":["https:\/\/instytutpolski.pl\/stockholm\/wp-content\/uploads\/sites\/17\/2025\/10\/NOSPR-2025-DEC-hemsida.jpg","https:\/\/instytutpolski.pl\/stockholm\/wp-content\/uploads\/sites\/17\/2025\/10\/NOSPR-2025-DEC-hemsida-300x169.jpg","https:\/\/instytutpolski.pl\/stockholm\/wp-content\/uploads\/sites\/17\/2025\/10\/NOSPR-2025-DEC-hemsida-1024x576.jpg","https:\/\/instytutpolski.pl\/stockholm\/wp-content\/uploads\/sites\/17\/2025\/10\/NOSPR-2025-DEC-hemsida.jpg"],"thumbnailUrl":"https:\/\/instytutpolski.pl\/stockholm\/wp-content\/uploads\/sites\/17\/2025\/10\/NOSPR-2025-DEC-hemsida.jpg","datePublished":"2025-10-29T13:11:18+02:00","dateModified":"2025-11-06T20:28:21+02:00","author":{"@id":"https:\/\/instytutpolski.pl\/stockholm\/#\/schema\/person\/866a2c0f4ccf0982a286809684f7bc1e"},"breadcrumb":{"@id":"https:\/\/instytutpolski.pl\/stockholm\/2025\/10\/29\/konsert-med-arets-upplaga-av-orkesterakademin-och-polska-nospr-academy\/#breadcrumb"},"inLanguage":"pl-PL","potentialAction":[{"@type":"ReadAction","target":["https:\/\/instytutpolski.pl\/stockholm\/2025\/10\/29\/konsert-med-arets-upplaga-av-orkesterakademin-och-polska-nospr-academy\/"]}],"@context":"https:\/\/schema.org","startDate":"2025-12-03T06:00:00+02:00","endDate":"2025-12-03T08:00:00+02:00","eventStatus":"EventScheduled","eventAttendanceMode":"OfflineEventAttendanceMode","location":{"@type":"place","name":"Konserthuset, Gr\u00fcnewaldsalen, adress: Kungsgatan 43","address":"Konserthuset, Gr\u00fcnewaldsalen, adress: Kungsgatan 43","geo":{"@type":"GeoCoordinates","latitude":"59.253536608181804","longitude":"18.030330121475867"}},"description":"Ensemblerna leds av den unga prisbel\u00f6nade polska dirigenten Joanna Natalia Slusarczyk, och vi h\u00f6r s\u00e5v\u00e4l svensk som polsk musik innan man g\u00f6r gemensam sak Mozarts Symfoni nr 40. Programmet inneh\u00e5ller f\u00e4rgutforskande musik av svenska Andrea Tarrodi och \u00e5rstidsmusik av polske Aleksander Laso\u0144 \u2013 som f\u00e5ngar sinnest\u00e4mningar snarare \u00e4n illustrerar \u00e5rstiderna. D\u00e4refter utdrag ur verk av polska Kamil G. Polak och Maja Polak.\nFri entr\u00e9, inga biljetter beh\u00f6vs!\nSamarbetet mellan Konserthuset Stockholm och polska radions symfoniorkester i Katowice sker under 2024-2025 som ett projekt med samlingsnamnet Framtidens institutioner 2024-2025. Projektet drivs med st\u00f6d fr\u00e5n polska kulturdepartementet inom ramen f\u00f6r deras Inspirerande kultursatsning. Konserten genomf\u00f6rs \u00e4ven med st\u00f6d fr\u00e5n Polska institutet.\nL\u00e4s mer H\u00c4R"},{"@type":"ImageObject","inLanguage":"pl-PL","@id":"https:\/\/instytutpolski.pl\/stockholm\/2025\/10\/29\/konsert-med-arets-upplaga-av-orkesterakademin-och-polska-nospr-academy\/#primaryimage","url":"https:\/\/instytutpolski.pl\/stockholm\/wp-content\/uploads\/sites\/17\/2025\/10\/NOSPR-2025-DEC-hemsida.jpg","contentUrl":"https:\/\/instytutpolski.pl\/stockholm\/wp-content\/uploads\/sites\/17\/2025\/10\/NOSPR-2025-DEC-hemsida.jpg","width":1120,"height":630},{"@type":"BreadcrumbList","@id":"https:\/\/instytutpolski.pl\/stockholm\/2025\/10\/29\/konsert-med-arets-upplaga-av-orkesterakademin-och-polska-nospr-academy\/#breadcrumb","itemListElement":[{"@type":"ListItem","position":1,"name":"Home","item":"https:\/\/instytutpolski.pl\/stockholm\/"},{"@type":"ListItem","position":2,"name":"Konsert med \u00e5rets upplaga av Orkesterakademin och polska NOSPR Academy"}]},{"@type":"WebSite","@id":"https:\/\/instytutpolski.pl\/stockholm\/#website","url":"https:\/\/instytutpolski.pl\/stockholm\/","name":"Instytut Polski w Sztokholmie","description":"Instytuty Polskie","potentialAction":[{"@type":"SearchAction","target":{"@type":"EntryPoint","urlTemplate":"https:\/\/instytutpolski.pl\/stockholm\/?s={search_term_string}"},"query-input":{"@type":"PropertyValueSpecification","valueRequired":true,"valueName":"search_term_string"}}],"inLanguage":"pl-PL"},{"@type":"Person","@id":"https:\/\/instytutpolski.pl\/stockholm\/#\/schema\/person\/866a2c0f4ccf0982a286809684f7bc1e","name":"treichelp","image":{"@type":"ImageObject","inLanguage":"pl-PL","@id":"https:\/\/instytutpolski.pl\/stockholm\/#\/schema\/person\/image\/","url":"https:\/\/secure.gravatar.com\/avatar\/fb2c1caae0df0854742a56fc463dd1fb?s=96&d=mm&r=g","contentUrl":"https:\/\/secure.gravatar.com\/avatar\/fb2c1caae0df0854742a56fc463dd1fb?s=96&d=mm&r=g","caption":"treichelp"},"url":"https:\/\/instytutpolski.pl\/stockholm\/author\/treichelp\/"}]}},"_links":{"self":[{"href":"https:\/\/instytutpolski.pl\/stockholm\/wp-json\/wp\/v2\/posts\/14667","targetHints":{"allow":["GET"]}}],"collection":[{"href":"https:\/\/instytutpolski.pl\/stockholm\/wp-json\/wp\/v2\/posts"}],"about":[{"href":"https:\/\/instytutpolski.pl\/stockholm\/wp-json\/wp\/v2\/types\/post"}],"author":[{"embeddable":true,"href":"https:\/\/instytutpolski.pl\/stockholm\/wp-json\/wp\/v2\/users\/173"}],"replies":[{"embeddable":true,"href":"https:\/\/instytutpolski.pl\/stockholm\/wp-json\/wp\/v2\/comments?post=14667"}],"version-history":[{"count":2,"href":"https:\/\/instytutpolski.pl\/stockholm\/wp-json\/wp\/v2\/posts\/14667\/revisions"}],"predecessor-version":[{"id":14670,"href":"https:\/\/instytutpolski.pl\/stockholm\/wp-json\/wp\/v2\/posts\/14667\/revisions\/14670"}],"wp:featuredmedia":[{"embeddable":true,"href":"https:\/\/instytutpolski.pl\/stockholm\/wp-json\/wp\/v2\/media\/14668"}],"wp:attachment":[{"href":"https:\/\/instytutpolski.pl\/stockholm\/wp-json\/wp\/v2\/media?parent=14667"}],"wp:term":[{"taxonomy":"category","embeddable":true,"href":"https:\/\/instytutpolski.pl\/stockholm\/wp-json\/wp\/v2\/categories?post=14667"},{"taxonomy":"post_tag","embeddable":true,"href":"https:\/\/instytutpolski.pl\/stockholm\/wp-json\/wp\/v2\/tags?post=14667"}],"curies":[{"name":"wp","href":"https:\/\/api.w.org\/{rel}","templated":true}]}}