{"id":14694,"date":"2025-11-26T14:40:35","date_gmt":"2025-11-26T13:40:35","guid":{"rendered":"https:\/\/instytutpolski.pl\/stockholm\/?p=14694"},"modified":"2025-11-26T14:42:18","modified_gmt":"2025-11-26T13:42:18","slug":"fokus-polen-polska-filmer-pa-umea-filmfestival","status":"publish","type":"post","link":"https:\/\/instytutpolski.pl\/stockholm\/2025\/11\/26\/fokus-polen-polska-filmer-pa-umea-filmfestival\/","title":{"rendered":"Fokus: Polen &#8211; polska filmer p\u00e5 Ume\u00e5 Filmfestival"},"content":{"rendered":"\n<p>Ume\u00e5 Filmfestival (UEFF) \u00e4r en \u00e5rlig filmfestival som 2025 genomf\u00f6r sin 12:e upplaga. Festivalen drivs av den ideella f\u00f6reningen Folkets Bio Ume\u00e5 och huserar sedan 2014 i kulturhuset V\u00e4ven. Under sex dagar visas runt 90 filmer och syns p\u00e5 16 olika platser i Ume\u00e5. I \u00e5r kommer vi att se m\u00e5nga polska filmer i bland annat sektionen Fokus: Polen.<\/p>\n\n\n<div class=\"wp-block-image\">\n<figure class=\"aligncenter size-large\"><img loading=\"lazy\" decoding=\"async\" width=\"712\" height=\"1024\" src=\"https:\/\/instytutpolski.pl\/stockholm\/wp-content\/uploads\/sites\/17\/2025\/11\/UEFF-2025-program.pdf-712x1024.png\" alt=\"Ume\u00e5 filmfestival\" class=\"wp-image-14698\" srcset=\"https:\/\/instytutpolski.pl\/stockholm\/wp-content\/uploads\/sites\/17\/2025\/11\/UEFF-2025-program.pdf-712x1024.png 712w, https:\/\/instytutpolski.pl\/stockholm\/wp-content\/uploads\/sites\/17\/2025\/11\/UEFF-2025-program.pdf-209x300.png 209w, https:\/\/instytutpolski.pl\/stockholm\/wp-content\/uploads\/sites\/17\/2025\/11\/UEFF-2025-program.pdf-768x1104.png 768w, https:\/\/instytutpolski.pl\/stockholm\/wp-content\/uploads\/sites\/17\/2025\/11\/UEFF-2025-program.pdf-1068x1536.png 1068w, https:\/\/instytutpolski.pl\/stockholm\/wp-content\/uploads\/sites\/17\/2025\/11\/UEFF-2025-program.pdf.png 1391w\" sizes=\"auto, (max-width: 712px) 100vw, 712px\" \/><\/figure><\/div>\n\n\n<p>F\u00f6rutom filmerna i sektionen <em>Fokus: Polen<\/em> \u2013 <strong>Minghun<\/strong>, <strong>Sparrow<\/strong>, <strong>Such Feeling<\/strong>, <strong>Loss of Balance<\/strong> och <strong>Photosensitive<\/strong> \u2013 kommer festivalen \u00e4ven att visa Polens Oscarskandidat <strong>Under the Volcano<\/strong> i regi av Damian Kocur, filmen <strong>About a Hero<\/strong> av Piotr Winiewicz samt den polsk-slovakiska koproduktionen <strong>Father<\/strong> i regi av Tereza Nvotov\u00e1 i sektionen <em>Panorama<\/em>.<\/p>\n\n\n\n<p>F\u00f6r barn har festivalarrang\u00f6rerna ordnat en visning av filmen <strong>Diplo \u2013 den gr\u00f6na dinosaurien<\/strong> i regi av Wojtek Wawszczyk i sektionen <em>Skolbio<\/em>.<\/p>\n\n\n\n<p>F\u00f6r en \u00e4ldre publik rekommenderar vi dokument\u00e4rfilmen <strong>Abortion Dream Team<\/strong> i regi av Karolina Domagalska, som personligen kommer att bes\u00f6ka festivalen f\u00f6r att delta i ett samtal efter filmen.<\/p>\n\n\n\n<p><strong>Tisdag, den 26 nov\u00a0<\/strong>\u00a0\u00a0\u00a0\u00a0\u00a0\u00a0\u00a0\u00a0\u00a0\u00a0\u00a0\u00a0 <\/p>\n\n\n\n<p>                        12:30\u00a0\u00a0\u00a0\u00a0\u00a0\u00a0\u00a0\u00a0\u00a0\u00a0\u00a0\u00a0\u00a0\u00a0\u00a0 Diplo den gr\u00f6na dinosaurien<\/p>\n\n\n\n<p>                        14:15\u00a0\u00a0\u00a0\u00a0\u00a0\u00a0\u00a0\u00a0\u00a0\u00a0\u00a0\u00a0\u00a0\u00a0\u00a0 About a Hero<\/p>\n\n\n\n<p>                        16:00\u00a0\u00a0\u00a0\u00a0\u00a0\u00a0\u00a0\u00a0\u00a0\u00a0\u00a0\u00a0\u00a0\u00a0\u00a0 Under the Volcano<\/p>\n\n\n\n<p>                        20:14\u00a0\u00a0\u00a0\u00a0\u00a0\u00a0\u00a0\u00a0\u00a0\u00a0\u00a0\u00a0\u00a0\u00a0\u00a0 Minghun<\/p>\n\n\n\n<p><strong>Onsdag, den 27 nov\u00a0\u00a0<\/strong>\u00a0\u00a0\u00a0\u00a0\u00a0\u00a0\u00a0\u00a0\u00a0\u00a0\u00a0 <\/p>\n\n\n\n<p><strong>   <\/strong>                     17:15 \u00a0\u00a0\u00a0\u00a0\u00a0\u00a0\u00a0\u00a0\u00a0\u00a0\u00a0\u00a0\u00a0\u00a0\u00a0 Sparrow<\/p>\n\n\n\n<p><strong><strong>         <\/strong><\/strong>               19:30\u00a0\u00a0\u00a0\u00a0\u00a0\u00a0\u00a0\u00a0\u00a0\u00a0\u00a0\u00a0\u00a0\u00a0\u00a0 Such Feeling<\/p>\n\n\n\n<p><strong>Torsdag, den 28 nov<\/strong>\u00a0\u00a0\u00a0\u00a0\u00a0\u00a0\u00a0\u00a0\u00a0\u00a0\u00a0\u00a0\u00a0 <\/p>\n\n\n\n<p>                        20:30\u00a0\u00a0\u00a0\u00a0\u00a0\u00a0\u00a0\u00a0\u00a0\u00a0\u00a0\u00a0\u00a0\u00a0\u00a0 Photosensitive<\/p>\n\n\n\n<p>                        20:30\u00a0\u00a0\u00a0\u00a0\u00a0\u00a0\u00a0\u00a0\u00a0\u00a0\u00a0\u00a0\u00a0\u00a0\u00a0 About a Hero<\/p>\n\n\n\n<p>                        22:15\u00a0\u00a0\u00a0\u00a0\u00a0\u00a0\u00a0\u00a0\u00a0\u00a0\u00a0\u00a0\u00a0\u00a0\u00a0 Under the Volcano<\/p>\n\n\n\n<p><strong>Fredag, den 29 nov<\/strong>\u00a0\u00a0\u00a0\u00a0\u00a0\u00a0\u00a0\u00a0\u00a0\u00a0\u00a0\u00a0\u00a0 <\/p>\n\n\n\n<p>                        14:15\u00a0\u00a0\u00a0\u00a0\u00a0\u00a0\u00a0\u00a0\u00a0\u00a0\u00a0\u00a0\u00a0\u00a0\u00a0 Abortion Dream Team<\/p>\n\n\n\n<p>                        18:45\u00a0\u00a0\u00a0\u00a0\u00a0\u00a0\u00a0\u00a0\u00a0\u00a0\u00a0\u00a0\u00a0\u00a0\u00a0 Loss of Balance<\/p>\n\n\n\n<p>L\u00e4s mer om \u00e5rets festivalen <a href=\"https:\/\/ueff.se\/\"><strong>H\u00c4R<\/strong><\/a> och tidigare upplagor av festivalen <strong><a href=\"https:\/\/instytutpolski.pl\/stockholm\/2023\/12\/01\/visning-av-bread-and-salt-2022-pa-umea-filmfestival-och-konsert-av-tymoteusz-bies\/\">H\u00c4R<\/a><\/strong>.<\/p>\n\n\n\n<p>Polska filmer i sektionen <em>Fokus: Polen<\/em> \u00e4r ett resultat av ett m\u00e5ng\u00e5rigt samarbete mellan Polska Institutet i Stockholm och Ume\u00e5 Filmfestival \/ Folkets Bio Ume\u00e5.<\/p>\n","protected":false},"excerpt":{"rendered":"<p>Ume\u00e5 Filmfestival (UEFF) \u00e4r en \u00e5rlig filmfestival som 2025 genomf\u00f6r sin 12:e upplaga. Festivalen drivs av den ideella f\u00f6reningen Folkets Bio Ume\u00e5 och huserar sedan 2014 i kulturhuset V\u00e4ven. Under sex dagar visas runt 90 filmer och syns p\u00e5 16 olika platser i Ume\u00e5. I \u00e5r kommer vi att se m\u00e5nga polska filmer i bland [&hellip;]<\/p>\n","protected":false},"author":173,"featured_media":14674,"comment_status":"open","ping_status":"open","sticky":false,"template":"","format":"standard","meta":{"inline_featured_image":false,"_monsterinsights_skip_tracking":false,"_monsterinsights_sitenote_active":false,"_monsterinsights_sitenote_note":"","_monsterinsights_sitenote_category":0,"footnotes":""},"categories":[549,12,95],"tags":[],"class_list":["post-14694","post","type-post","status-publish","format-standard","has-post-thumbnail","hentry","category-aktualnosc-pl-sv","category-evenemang","category-film-evenemang"],"yoast_head":"<!-- This site is optimized with the Yoast SEO plugin v24.6 - https:\/\/yoast.com\/wordpress\/plugins\/seo\/ -->\n<title>Fokus: Polen - polska filmer p\u00e5 Ume\u00e5 Filmfestival - Instytut Polski w Sztokholmie<\/title>\n<meta name=\"description\" content=\"Den tolfte upplagan av Ume\u00e5 Filmfestival (UEFF) p\u00e5g\u00e5r mellan den 25 och 30 nov 2025. Folkets Bio Ume\u00e5 presenterar i \u00e5r en sp\u00e4nnande specialsektion: Fokus: Polen, med filmerna Minghun, Sparrow, Such Feeling, Loss of Balance och Photosensitive. Missa inte detta fantastiska urval f\u00f6r alla film\u00e4lskare!\" \/>\n<meta name=\"robots\" content=\"index, follow, max-snippet:-1, max-image-preview:large, max-video-preview:-1\" \/>\n<link rel=\"canonical\" href=\"https:\/\/instytutpolski.pl\/stockholm\/2025\/11\/26\/fokus-polen-polska-filmer-pa-umea-filmfestival\/\" \/>\n<meta property=\"og:locale\" content=\"pl_PL\" \/>\n<meta property=\"og:type\" content=\"article\" \/>\n<meta property=\"og:title\" content=\"Fokus: Polen - polska filmer p\u00e5 Ume\u00e5 Filmfestival - Instytut Polski w Sztokholmie\" \/>\n<meta property=\"og:description\" content=\"Den tolfte upplagan av Ume\u00e5 Filmfestival (UEFF) p\u00e5g\u00e5r mellan den 25 och 30 nov 2025. Folkets Bio Ume\u00e5 presenterar i \u00e5r en sp\u00e4nnande specialsektion: Fokus: Polen, med filmerna Minghun, Sparrow, Such Feeling, Loss of Balance och Photosensitive. Missa inte detta fantastiska urval f\u00f6r alla film\u00e4lskare!\" \/>\n<meta property=\"og:url\" content=\"https:\/\/instytutpolski.pl\/stockholm\/2025\/11\/26\/fokus-polen-polska-filmer-pa-umea-filmfestival\/\" \/>\n<meta property=\"og:site_name\" content=\"Instytut Polski w Sztokholmie\" \/>\n<meta property=\"article:published_time\" content=\"2025-11-26T13:40:35+00:00\" \/>\n<meta property=\"article:modified_time\" content=\"2025-11-26T13:42:18+00:00\" \/>\n<meta property=\"og:image\" content=\"https:\/\/instytutpolski.pl\/stockholm\/wp-content\/uploads\/sites\/17\/2025\/10\/Umea_Volcano.png\" \/>\n\t<meta property=\"og:image:width\" content=\"1120\" \/>\n\t<meta property=\"og:image:height\" content=\"630\" \/>\n\t<meta property=\"og:image:type\" content=\"image\/png\" \/>\n<meta name=\"author\" content=\"treichelp\" \/>\n<meta name=\"twitter:card\" content=\"summary_large_image\" \/>\n<meta name=\"twitter:label1\" content=\"Napisane przez\" \/>\n\t<meta name=\"twitter:data1\" content=\"treichelp\" \/>\n\t<meta name=\"twitter:label2\" content=\"Szacowany czas czytania\" \/>\n\t<meta name=\"twitter:data2\" content=\"2 minuty\" \/>\n<script type=\"application\/ld+json\" class=\"yoast-schema-graph\">{\"@context\":\"https:\/\/schema.org\",\"@graph\":[{\"@type\":\"event\",\"@id\":\"https:\/\/instytutpolski.pl\/stockholm\/2025\/11\/26\/fokus-polen-polska-filmer-pa-umea-filmfestival\/\",\"url\":\"https:\/\/instytutpolski.pl\/stockholm\/2025\/11\/26\/fokus-polen-polska-filmer-pa-umea-filmfestival\/\",\"name\":\"Fokus: Polen - polska filmer p\u00e5 Ume\u00e5 Filmfestival\",\"isPartOf\":{\"@id\":\"https:\/\/instytutpolski.pl\/stockholm\/#website\"},\"primaryImageOfPage\":{\"@id\":\"https:\/\/instytutpolski.pl\/stockholm\/2025\/11\/26\/fokus-polen-polska-filmer-pa-umea-filmfestival\/#primaryimage\"},\"image\":[\"https:\/\/instytutpolski.pl\/stockholm\/wp-content\/uploads\/sites\/17\/2025\/10\/Umea_Volcano.png\",\"https:\/\/instytutpolski.pl\/stockholm\/wp-content\/uploads\/sites\/17\/2025\/10\/Umea_Volcano-300x169.png\",\"https:\/\/instytutpolski.pl\/stockholm\/wp-content\/uploads\/sites\/17\/2025\/10\/Umea_Volcano-1024x576.png\",\"https:\/\/instytutpolski.pl\/stockholm\/wp-content\/uploads\/sites\/17\/2025\/10\/Umea_Volcano.png\"],\"thumbnailUrl\":\"https:\/\/instytutpolski.pl\/stockholm\/wp-content\/uploads\/sites\/17\/2025\/10\/Umea_Volcano.png\",\"datePublished\":\"2025-11-26T13:40:35+02:00\",\"dateModified\":\"2025-11-26T13:42:18+02:00\",\"author\":{\"@id\":\"https:\/\/instytutpolski.pl\/stockholm\/#\/schema\/person\/866a2c0f4ccf0982a286809684f7bc1e\"},\"description\":\"Ume\u00e5 Filmfestival (UEFF) \u00e4r en \u00e5rlig filmfestival som 2025 genomf\u00f6r sin 12:e upplaga. Festivalen drivs av den ideella f\u00f6reningen Folkets Bio Ume\u00e5 och huserar sedan 2014 i kulturhuset V\u00e4ven. Under sex dagar visas runt 90 filmer och syns p\u00e5 16 olika platser i Ume\u00e5. I \u00e5r kommer vi att se m\u00e5nga polska filmer i bland annat sektionen Fokus: Polen.\\nF\u00f6rutom filmerna i sektionen Fokus: Polen \u2013 Minghun, Sparrow, Such Feeling, Loss of Balance och Photosensitive \u2013 kommer festivalen \u00e4ven att visa Polens Oscarskandidat Under the Volcano i regi av Damian Kocur, filmen About a Hero av Piotr Winiewicz samt den polsk-slovakiska koproduktionen Father i regi av Tereza Nvotov\u00e1 i sektionen Panorama.\\nF\u00f6r barn har festivalarrang\u00f6rerna ordnat en visning av filmen Diplo \u2013 den gr\u00f6na dinosaurien i regi av Wojtek Wawszczyk i sektionen Skolbio.\\nF\u00f6r en \u00e4ldre publik rekommenderar vi dokument\u00e4rfilmen Abortion Dream Team i regi av Karolina Domagalska, som personligen kommer att bes\u00f6ka festivalen f\u00f6r att delta i ett samtal efter filmen.\\nTisdag, den 26 nov\u00a0\u00a0\u00a0\u00a0\u00a0\u00a0\u00a0\u00a0\u00a0\u00a0\u00a0\u00a0\u00a0 \\n                        12:30\u00a0\u00a0\u00a0\u00a0\u00a0\u00a0\u00a0\u00a0\u00a0\u00a0\u00a0\u00a0\u00a0\u00a0\u00a0 Diplo den gr\u00f6na dinosaurien\\n                        14:15\u00a0\u00a0\u00a0\u00a0\u00a0\u00a0\u00a0\u00a0\u00a0\u00a0\u00a0\u00a0\u00a0\u00a0\u00a0 About a Hero\\n                        16:00\u00a0\u00a0\u00a0\u00a0\u00a0\u00a0\u00a0\u00a0\u00a0\u00a0\u00a0\u00a0\u00a0\u00a0\u00a0 Under the Volcano\\n                        20:14\u00a0\u00a0\u00a0\u00a0\u00a0\u00a0\u00a0\u00a0\u00a0\u00a0\u00a0\u00a0\u00a0\u00a0\u00a0 Minghun\\nOnsdag, den 27 nov\u00a0\u00a0\u00a0\u00a0\u00a0\u00a0\u00a0\u00a0\u00a0\u00a0\u00a0\u00a0\u00a0 \\n                        17:15 \u00a0\u00a0\u00a0\u00a0\u00a0\u00a0\u00a0\u00a0\u00a0\u00a0\u00a0\u00a0\u00a0\u00a0\u00a0 Sparrow\\n                        19:30\u00a0\u00a0\u00a0\u00a0\u00a0\u00a0\u00a0\u00a0\u00a0\u00a0\u00a0\u00a0\u00a0\u00a0\u00a0 Such Feeling\\nTorsdag, den 28 nov\u00a0\u00a0\u00a0\u00a0\u00a0\u00a0\u00a0\u00a0\u00a0\u00a0\u00a0\u00a0\u00a0 \\n                        20:30\u00a0\u00a0\u00a0\u00a0\u00a0\u00a0\u00a0\u00a0\u00a0\u00a0\u00a0\u00a0\u00a0\u00a0\u00a0 Photosensitive\\n                        20:30\u00a0\u00a0\u00a0\u00a0\u00a0\u00a0\u00a0\u00a0\u00a0\u00a0\u00a0\u00a0\u00a0\u00a0\u00a0 About a Hero\\n                        22:15\u00a0\u00a0\u00a0\u00a0\u00a0\u00a0\u00a0\u00a0\u00a0\u00a0\u00a0\u00a0\u00a0\u00a0\u00a0 Under the Volcano\\nFredag, den 29 nov\u00a0\u00a0\u00a0\u00a0\u00a0\u00a0\u00a0\u00a0\u00a0\u00a0\u00a0\u00a0\u00a0 \\n                        14:15\u00a0\u00a0\u00a0\u00a0\u00a0\u00a0\u00a0\u00a0\u00a0\u00a0\u00a0\u00a0\u00a0\u00a0\u00a0 Abortion Dream Team\\n                        18:45\u00a0\u00a0\u00a0\u00a0\u00a0\u00a0\u00a0\u00a0\u00a0\u00a0\u00a0\u00a0\u00a0\u00a0\u00a0 Loss of Balance\\nL\u00e4s mer om \u00e5rets festivalen H\u00c4R och tidigare upplagor av festivalen H\u00c4R.\\nPolska filmer i sektionen Fokus: Polen \u00e4r ett resultat av ett m\u00e5ng\u00e5rigt samarbete mellan Polska Institutet i Stockholm och Ume\u00e5 Filmfestival \/ Folkets Bio Ume\u00e5.\",\"breadcrumb\":{\"@id\":\"https:\/\/instytutpolski.pl\/stockholm\/2025\/11\/26\/fokus-polen-polska-filmer-pa-umea-filmfestival\/#breadcrumb\"},\"inLanguage\":\"pl-PL\",\"potentialAction\":[{\"@type\":\"ReadAction\",\"target\":[\"https:\/\/instytutpolski.pl\/stockholm\/2025\/11\/26\/fokus-polen-polska-filmer-pa-umea-filmfestival\/\"]}],\"@context\":\"https:\/\/schema.org\",\"startDate\":\"2025-11-25\",\"endDate\":\"2025-11-30\",\"eventStatus\":\"EventScheduled\",\"eventAttendanceMode\":\"OfflineEventAttendanceMode\",\"location\":{\"@type\":\"place\",\"name\":\"\",\"address\":\"\",\"geo\":{\"@type\":\"GeoCoordinates\",\"latitude\":\"\",\"longitude\":\"\"}}},{\"@type\":\"ImageObject\",\"inLanguage\":\"pl-PL\",\"@id\":\"https:\/\/instytutpolski.pl\/stockholm\/2025\/11\/26\/fokus-polen-polska-filmer-pa-umea-filmfestival\/#primaryimage\",\"url\":\"https:\/\/instytutpolski.pl\/stockholm\/wp-content\/uploads\/sites\/17\/2025\/10\/Umea_Volcano.png\",\"contentUrl\":\"https:\/\/instytutpolski.pl\/stockholm\/wp-content\/uploads\/sites\/17\/2025\/10\/Umea_Volcano.png\",\"width\":1120,\"height\":630},{\"@type\":\"BreadcrumbList\",\"@id\":\"https:\/\/instytutpolski.pl\/stockholm\/2025\/11\/26\/fokus-polen-polska-filmer-pa-umea-filmfestival\/#breadcrumb\",\"itemListElement\":[{\"@type\":\"ListItem\",\"position\":1,\"name\":\"Home\",\"item\":\"https:\/\/instytutpolski.pl\/stockholm\/\"},{\"@type\":\"ListItem\",\"position\":2,\"name\":\"Fokus: Polen &#8211; polska filmer p\u00e5 Ume\u00e5 Filmfestival\"}]},{\"@type\":\"WebSite\",\"@id\":\"https:\/\/instytutpolski.pl\/stockholm\/#website\",\"url\":\"https:\/\/instytutpolski.pl\/stockholm\/\",\"name\":\"Instytut Polski w Sztokholmie\",\"description\":\"Instytuty Polskie\",\"potentialAction\":[{\"@type\":\"SearchAction\",\"target\":{\"@type\":\"EntryPoint\",\"urlTemplate\":\"https:\/\/instytutpolski.pl\/stockholm\/?s={search_term_string}\"},\"query-input\":{\"@type\":\"PropertyValueSpecification\",\"valueRequired\":true,\"valueName\":\"search_term_string\"}}],\"inLanguage\":\"pl-PL\"},{\"@type\":\"Person\",\"@id\":\"https:\/\/instytutpolski.pl\/stockholm\/#\/schema\/person\/866a2c0f4ccf0982a286809684f7bc1e\",\"name\":\"treichelp\",\"image\":{\"@type\":\"ImageObject\",\"inLanguage\":\"pl-PL\",\"@id\":\"https:\/\/instytutpolski.pl\/stockholm\/#\/schema\/person\/image\/\",\"url\":\"https:\/\/secure.gravatar.com\/avatar\/fb2c1caae0df0854742a56fc463dd1fb?s=96&d=mm&r=g\",\"contentUrl\":\"https:\/\/secure.gravatar.com\/avatar\/fb2c1caae0df0854742a56fc463dd1fb?s=96&d=mm&r=g\",\"caption\":\"treichelp\"},\"url\":\"https:\/\/instytutpolski.pl\/stockholm\/author\/treichelp\/\"}]}<\/script>\n<!-- \/ Yoast SEO plugin. -->","yoast_head_json":{"title":"Fokus: Polen - polska filmer p\u00e5 Ume\u00e5 Filmfestival - Instytut Polski w Sztokholmie","description":"Den tolfte upplagan av Ume\u00e5 Filmfestival (UEFF) p\u00e5g\u00e5r mellan den 25 och 30 nov 2025. Folkets Bio Ume\u00e5 presenterar i \u00e5r en sp\u00e4nnande specialsektion: Fokus: Polen, med filmerna Minghun, Sparrow, Such Feeling, Loss of Balance och Photosensitive. Missa inte detta fantastiska urval f\u00f6r alla film\u00e4lskare!","robots":{"index":"index","follow":"follow","max-snippet":"max-snippet:-1","max-image-preview":"max-image-preview:large","max-video-preview":"max-video-preview:-1"},"canonical":"https:\/\/instytutpolski.pl\/stockholm\/2025\/11\/26\/fokus-polen-polska-filmer-pa-umea-filmfestival\/","og_locale":"pl_PL","og_type":"article","og_title":"Fokus: Polen - polska filmer p\u00e5 Ume\u00e5 Filmfestival - Instytut Polski w Sztokholmie","og_description":"Den tolfte upplagan av Ume\u00e5 Filmfestival (UEFF) p\u00e5g\u00e5r mellan den 25 och 30 nov 2025. Folkets Bio Ume\u00e5 presenterar i \u00e5r en sp\u00e4nnande specialsektion: Fokus: Polen, med filmerna Minghun, Sparrow, Such Feeling, Loss of Balance och Photosensitive. Missa inte detta fantastiska urval f\u00f6r alla film\u00e4lskare!","og_url":"https:\/\/instytutpolski.pl\/stockholm\/2025\/11\/26\/fokus-polen-polska-filmer-pa-umea-filmfestival\/","og_site_name":"Instytut Polski w Sztokholmie","article_published_time":"2025-11-26T13:40:35+00:00","article_modified_time":"2025-11-26T13:42:18+00:00","og_image":[{"width":1120,"height":630,"url":"https:\/\/instytutpolski.pl\/stockholm\/wp-content\/uploads\/sites\/17\/2025\/10\/Umea_Volcano.png","type":"image\/png"}],"author":"treichelp","twitter_card":"summary_large_image","twitter_misc":{"Napisane przez":"treichelp","Szacowany czas czytania":"2 minuty"},"schema":{"@context":"https:\/\/schema.org","@graph":[{"@type":"event","@id":"https:\/\/instytutpolski.pl\/stockholm\/2025\/11\/26\/fokus-polen-polska-filmer-pa-umea-filmfestival\/","url":"https:\/\/instytutpolski.pl\/stockholm\/2025\/11\/26\/fokus-polen-polska-filmer-pa-umea-filmfestival\/","name":"Fokus: Polen - polska filmer p\u00e5 Ume\u00e5 Filmfestival","isPartOf":{"@id":"https:\/\/instytutpolski.pl\/stockholm\/#website"},"primaryImageOfPage":{"@id":"https:\/\/instytutpolski.pl\/stockholm\/2025\/11\/26\/fokus-polen-polska-filmer-pa-umea-filmfestival\/#primaryimage"},"image":["https:\/\/instytutpolski.pl\/stockholm\/wp-content\/uploads\/sites\/17\/2025\/10\/Umea_Volcano.png","https:\/\/instytutpolski.pl\/stockholm\/wp-content\/uploads\/sites\/17\/2025\/10\/Umea_Volcano-300x169.png","https:\/\/instytutpolski.pl\/stockholm\/wp-content\/uploads\/sites\/17\/2025\/10\/Umea_Volcano-1024x576.png","https:\/\/instytutpolski.pl\/stockholm\/wp-content\/uploads\/sites\/17\/2025\/10\/Umea_Volcano.png"],"thumbnailUrl":"https:\/\/instytutpolski.pl\/stockholm\/wp-content\/uploads\/sites\/17\/2025\/10\/Umea_Volcano.png","datePublished":"2025-11-26T13:40:35+02:00","dateModified":"2025-11-26T13:42:18+02:00","author":{"@id":"https:\/\/instytutpolski.pl\/stockholm\/#\/schema\/person\/866a2c0f4ccf0982a286809684f7bc1e"},"description":"Ume\u00e5 Filmfestival (UEFF) \u00e4r en \u00e5rlig filmfestival som 2025 genomf\u00f6r sin 12:e upplaga. Festivalen drivs av den ideella f\u00f6reningen Folkets Bio Ume\u00e5 och huserar sedan 2014 i kulturhuset V\u00e4ven. Under sex dagar visas runt 90 filmer och syns p\u00e5 16 olika platser i Ume\u00e5. I \u00e5r kommer vi att se m\u00e5nga polska filmer i bland annat sektionen Fokus: Polen.\nF\u00f6rutom filmerna i sektionen Fokus: Polen \u2013 Minghun, Sparrow, Such Feeling, Loss of Balance och Photosensitive \u2013 kommer festivalen \u00e4ven att visa Polens Oscarskandidat Under the Volcano i regi av Damian Kocur, filmen About a Hero av Piotr Winiewicz samt den polsk-slovakiska koproduktionen Father i regi av Tereza Nvotov\u00e1 i sektionen Panorama.\nF\u00f6r barn har festivalarrang\u00f6rerna ordnat en visning av filmen Diplo \u2013 den gr\u00f6na dinosaurien i regi av Wojtek Wawszczyk i sektionen Skolbio.\nF\u00f6r en \u00e4ldre publik rekommenderar vi dokument\u00e4rfilmen Abortion Dream Team i regi av Karolina Domagalska, som personligen kommer att bes\u00f6ka festivalen f\u00f6r att delta i ett samtal efter filmen.\nTisdag, den 26 nov\u00a0\u00a0\u00a0\u00a0\u00a0\u00a0\u00a0\u00a0\u00a0\u00a0\u00a0\u00a0\u00a0 \n                        12:30\u00a0\u00a0\u00a0\u00a0\u00a0\u00a0\u00a0\u00a0\u00a0\u00a0\u00a0\u00a0\u00a0\u00a0\u00a0 Diplo den gr\u00f6na dinosaurien\n                        14:15\u00a0\u00a0\u00a0\u00a0\u00a0\u00a0\u00a0\u00a0\u00a0\u00a0\u00a0\u00a0\u00a0\u00a0\u00a0 About a Hero\n                        16:00\u00a0\u00a0\u00a0\u00a0\u00a0\u00a0\u00a0\u00a0\u00a0\u00a0\u00a0\u00a0\u00a0\u00a0\u00a0 Under the Volcano\n                        20:14\u00a0\u00a0\u00a0\u00a0\u00a0\u00a0\u00a0\u00a0\u00a0\u00a0\u00a0\u00a0\u00a0\u00a0\u00a0 Minghun\nOnsdag, den 27 nov\u00a0\u00a0\u00a0\u00a0\u00a0\u00a0\u00a0\u00a0\u00a0\u00a0\u00a0\u00a0\u00a0 \n                        17:15 \u00a0\u00a0\u00a0\u00a0\u00a0\u00a0\u00a0\u00a0\u00a0\u00a0\u00a0\u00a0\u00a0\u00a0\u00a0 Sparrow\n                        19:30\u00a0\u00a0\u00a0\u00a0\u00a0\u00a0\u00a0\u00a0\u00a0\u00a0\u00a0\u00a0\u00a0\u00a0\u00a0 Such Feeling\nTorsdag, den 28 nov\u00a0\u00a0\u00a0\u00a0\u00a0\u00a0\u00a0\u00a0\u00a0\u00a0\u00a0\u00a0\u00a0 \n                        20:30\u00a0\u00a0\u00a0\u00a0\u00a0\u00a0\u00a0\u00a0\u00a0\u00a0\u00a0\u00a0\u00a0\u00a0\u00a0 Photosensitive\n                        20:30\u00a0\u00a0\u00a0\u00a0\u00a0\u00a0\u00a0\u00a0\u00a0\u00a0\u00a0\u00a0\u00a0\u00a0\u00a0 About a Hero\n                        22:15\u00a0\u00a0\u00a0\u00a0\u00a0\u00a0\u00a0\u00a0\u00a0\u00a0\u00a0\u00a0\u00a0\u00a0\u00a0 Under the Volcano\nFredag, den 29 nov\u00a0\u00a0\u00a0\u00a0\u00a0\u00a0\u00a0\u00a0\u00a0\u00a0\u00a0\u00a0\u00a0 \n                        14:15\u00a0\u00a0\u00a0\u00a0\u00a0\u00a0\u00a0\u00a0\u00a0\u00a0\u00a0\u00a0\u00a0\u00a0\u00a0 Abortion Dream Team\n                        18:45\u00a0\u00a0\u00a0\u00a0\u00a0\u00a0\u00a0\u00a0\u00a0\u00a0\u00a0\u00a0\u00a0\u00a0\u00a0 Loss of Balance\nL\u00e4s mer om \u00e5rets festivalen H\u00c4R och tidigare upplagor av festivalen H\u00c4R.\nPolska filmer i sektionen Fokus: Polen \u00e4r ett resultat av ett m\u00e5ng\u00e5rigt samarbete mellan Polska Institutet i Stockholm och Ume\u00e5 Filmfestival \/ Folkets Bio Ume\u00e5.","breadcrumb":{"@id":"https:\/\/instytutpolski.pl\/stockholm\/2025\/11\/26\/fokus-polen-polska-filmer-pa-umea-filmfestival\/#breadcrumb"},"inLanguage":"pl-PL","potentialAction":[{"@type":"ReadAction","target":["https:\/\/instytutpolski.pl\/stockholm\/2025\/11\/26\/fokus-polen-polska-filmer-pa-umea-filmfestival\/"]}],"@context":"https:\/\/schema.org","startDate":"2025-11-25","endDate":"2025-11-30","eventStatus":"EventScheduled","eventAttendanceMode":"OfflineEventAttendanceMode","location":{"@type":"place","name":"","address":"","geo":{"@type":"GeoCoordinates","latitude":"","longitude":""}}},{"@type":"ImageObject","inLanguage":"pl-PL","@id":"https:\/\/instytutpolski.pl\/stockholm\/2025\/11\/26\/fokus-polen-polska-filmer-pa-umea-filmfestival\/#primaryimage","url":"https:\/\/instytutpolski.pl\/stockholm\/wp-content\/uploads\/sites\/17\/2025\/10\/Umea_Volcano.png","contentUrl":"https:\/\/instytutpolski.pl\/stockholm\/wp-content\/uploads\/sites\/17\/2025\/10\/Umea_Volcano.png","width":1120,"height":630},{"@type":"BreadcrumbList","@id":"https:\/\/instytutpolski.pl\/stockholm\/2025\/11\/26\/fokus-polen-polska-filmer-pa-umea-filmfestival\/#breadcrumb","itemListElement":[{"@type":"ListItem","position":1,"name":"Home","item":"https:\/\/instytutpolski.pl\/stockholm\/"},{"@type":"ListItem","position":2,"name":"Fokus: Polen &#8211; polska filmer p\u00e5 Ume\u00e5 Filmfestival"}]},{"@type":"WebSite","@id":"https:\/\/instytutpolski.pl\/stockholm\/#website","url":"https:\/\/instytutpolski.pl\/stockholm\/","name":"Instytut Polski w Sztokholmie","description":"Instytuty Polskie","potentialAction":[{"@type":"SearchAction","target":{"@type":"EntryPoint","urlTemplate":"https:\/\/instytutpolski.pl\/stockholm\/?s={search_term_string}"},"query-input":{"@type":"PropertyValueSpecification","valueRequired":true,"valueName":"search_term_string"}}],"inLanguage":"pl-PL"},{"@type":"Person","@id":"https:\/\/instytutpolski.pl\/stockholm\/#\/schema\/person\/866a2c0f4ccf0982a286809684f7bc1e","name":"treichelp","image":{"@type":"ImageObject","inLanguage":"pl-PL","@id":"https:\/\/instytutpolski.pl\/stockholm\/#\/schema\/person\/image\/","url":"https:\/\/secure.gravatar.com\/avatar\/fb2c1caae0df0854742a56fc463dd1fb?s=96&d=mm&r=g","contentUrl":"https:\/\/secure.gravatar.com\/avatar\/fb2c1caae0df0854742a56fc463dd1fb?s=96&d=mm&r=g","caption":"treichelp"},"url":"https:\/\/instytutpolski.pl\/stockholm\/author\/treichelp\/"}]}},"_links":{"self":[{"href":"https:\/\/instytutpolski.pl\/stockholm\/wp-json\/wp\/v2\/posts\/14694","targetHints":{"allow":["GET"]}}],"collection":[{"href":"https:\/\/instytutpolski.pl\/stockholm\/wp-json\/wp\/v2\/posts"}],"about":[{"href":"https:\/\/instytutpolski.pl\/stockholm\/wp-json\/wp\/v2\/types\/post"}],"author":[{"embeddable":true,"href":"https:\/\/instytutpolski.pl\/stockholm\/wp-json\/wp\/v2\/users\/173"}],"replies":[{"embeddable":true,"href":"https:\/\/instytutpolski.pl\/stockholm\/wp-json\/wp\/v2\/comments?post=14694"}],"version-history":[{"count":17,"href":"https:\/\/instytutpolski.pl\/stockholm\/wp-json\/wp\/v2\/posts\/14694\/revisions"}],"predecessor-version":[{"id":14714,"href":"https:\/\/instytutpolski.pl\/stockholm\/wp-json\/wp\/v2\/posts\/14694\/revisions\/14714"}],"wp:featuredmedia":[{"embeddable":true,"href":"https:\/\/instytutpolski.pl\/stockholm\/wp-json\/wp\/v2\/media\/14674"}],"wp:attachment":[{"href":"https:\/\/instytutpolski.pl\/stockholm\/wp-json\/wp\/v2\/media?parent=14694"}],"wp:term":[{"taxonomy":"category","embeddable":true,"href":"https:\/\/instytutpolski.pl\/stockholm\/wp-json\/wp\/v2\/categories?post=14694"},{"taxonomy":"post_tag","embeddable":true,"href":"https:\/\/instytutpolski.pl\/stockholm\/wp-json\/wp\/v2\/tags?post=14694"}],"curies":[{"name":"wp","href":"https:\/\/api.w.org\/{rel}","templated":true}]}}