{"id":14715,"date":"2025-11-26T14:40:35","date_gmt":"2025-11-26T13:40:35","guid":{"rendered":"https:\/\/instytutpolski.pl\/stockholm\/?p=14715"},"modified":"2025-11-26T15:12:01","modified_gmt":"2025-11-26T14:12:01","slug":"polskie-filmy-na-festiwalu-filmowym-w-umea","status":"publish","type":"post","link":"https:\/\/instytutpolski.pl\/stockholm\/pl\/2025\/11\/26\/polskie-filmy-na-festiwalu-filmowym-w-umea\/","title":{"rendered":"Fokus: Polen &#8211; polskie filmy na festiwalu filmowym w Ume\u00e5"},"content":{"rendered":"\n<p>Festiwal Filmowy w Ume\u00e5 (UEFF) to coroczny festiwal filmowy, kt\u00f3ry w 2025 roku realizuje swoj\u0105 12. edycj\u0119. Festiwal jest prowadzony przez stowarzyszenie non profit Folkets Bio Ume\u00e5 i od 2014 roku mie\u015bci si\u0119 w domu kultury V\u00e4ven. Przez sze\u015b\u0107 dni prezentowanych jest oko\u0142o 90 film\u00f3w w 16 r\u00f3\u017cnych miejscach w Ume\u00e5. W tym roku zobaczymy wiele polskich film\u00f3w, mi\u0119dzy innymi w sekcji Fokus: Polen.<\/p>\n\n\n<div class=\"wp-block-image\">\n<figure class=\"aligncenter size-large\"><img loading=\"lazy\" decoding=\"async\" width=\"712\" height=\"1024\" src=\"https:\/\/instytutpolski.pl\/stockholm\/wp-content\/uploads\/sites\/17\/2025\/11\/UEFF-2025-program.pdf-712x1024.png\" alt=\"Ume\u00e5 filmfestival\" class=\"wp-image-14698\" srcset=\"https:\/\/instytutpolski.pl\/stockholm\/wp-content\/uploads\/sites\/17\/2025\/11\/UEFF-2025-program.pdf-712x1024.png 712w, https:\/\/instytutpolski.pl\/stockholm\/wp-content\/uploads\/sites\/17\/2025\/11\/UEFF-2025-program.pdf-209x300.png 209w, https:\/\/instytutpolski.pl\/stockholm\/wp-content\/uploads\/sites\/17\/2025\/11\/UEFF-2025-program.pdf-768x1104.png 768w, https:\/\/instytutpolski.pl\/stockholm\/wp-content\/uploads\/sites\/17\/2025\/11\/UEFF-2025-program.pdf-1068x1536.png 1068w, https:\/\/instytutpolski.pl\/stockholm\/wp-content\/uploads\/sites\/17\/2025\/11\/UEFF-2025-program.pdf.png 1391w\" sizes=\"auto, (max-width: 712px) 100vw, 712px\" \/><\/figure><\/div>\n\n\n<p>Opr\u00f3cz film\u00f3w w sekcji Fokus: Polen \u2013 <em>Minghun<\/em>, <em>Wr\u00f3bel<\/em>, To uczucie, Utrata R\u00f3wnowagi i <em>\u015awiat\u0142oczu\u0142a<\/em> \u2013 festiwal poka\u017ce tak\u017ce polskiego kandydata do Oscara <em>Under the Volcano<\/em> w re\u017cyserii Damiana Kocura, film <em>About a Hero<\/em> Piotra Winiewicza oraz polsko-s\u0142owack\u0105 koprodukcj\u0119 <em>Father<\/em> w re\u017cyserii Terezy Nvotovej w sekcji Panorama.<\/p>\n\n\n\n<p>Dla dzieci organizatorzy festiwalu przygotowali pokaz filmu <em>Diplo<\/em> w re\u017cyserii Wojtka Wawszczyka w sekcji kina dla szk\u00f3\u0142.<\/p>\n\n\n\n<p>Dla starszej publiczno\u015bci polecamy film dokumentalny <em>Abortion Dream Team<\/em> w re\u017cyserii Karoliny Domagalskiej, kt\u00f3ra osobi\u015bcie odwiedzi festiwal, aby wzi\u0105\u0107 udzia\u0142 w rozmowie po projekcji.<\/p>\n\n\n\n<p><strong>Wtorek, 26 listopada<\/strong>\u00a0\u00a0\u00a0\u00a0\u00a0\u00a0\u00a0\u00a0\u00a0\u00a0\u00a0\u00a0<\/p>\n\n\n\n<p>12:30\u00a0\u00a0\u00a0\u00a0\u00a0\u00a0\u00a0\u00a0\u00a0\u00a0\u00a0\u00a0\u00a0\u00a0\u00a0 Diplo<\/p>\n\n\n\n<p>14:15&nbsp;&nbsp;&nbsp;&nbsp;&nbsp;&nbsp;&nbsp;&nbsp;&nbsp;&nbsp;&nbsp;&nbsp;&nbsp;&nbsp;&nbsp; About a Hero<\/p>\n\n\n\n<p>16:00\u00a0\u00a0\u00a0\u00a0\u00a0\u00a0\u00a0\u00a0\u00a0\u00a0\u00a0\u00a0\u00a0\u00a0\u00a0 Pod Wulkanem<\/p>\n\n\n\n<p>20:14&nbsp;&nbsp;&nbsp;&nbsp;&nbsp;&nbsp;&nbsp;&nbsp;&nbsp;&nbsp;&nbsp;&nbsp;&nbsp;&nbsp;&nbsp; Minghun<\/p>\n\n\n\n<p><strong>\u015aroda, 27 listopada<\/strong>\u00a0\u00a0\u00a0\u00a0\u00a0\u00a0\u00a0\u00a0\u00a0\u00a0\u00a0<\/p>\n\n\n\n<p>17:15 \u00a0\u00a0\u00a0\u00a0\u00a0\u00a0\u00a0\u00a0\u00a0\u00a0\u00a0\u00a0\u00a0\u00a0\u00a0 Wr\u00f3bel<\/p>\n\n\n\n<p>19:30\u00a0\u00a0\u00a0\u00a0\u00a0\u00a0\u00a0\u00a0\u00a0\u00a0\u00a0\u00a0\u00a0\u00a0\u00a0 To uczucie<\/p>\n\n\n\n<p><strong>Czwartek, 28 listopada<\/strong>\u00a0\u00a0\u00a0\u00a0\u00a0\u00a0\u00a0\u00a0\u00a0\u00a0\u00a0\u00a0\u00a0<\/p>\n\n\n\n<p>20:30\u00a0\u00a0\u00a0\u00a0\u00a0\u00a0\u00a0\u00a0\u00a0\u00a0\u00a0\u00a0\u00a0\u00a0\u00a0 \u015awiat\u0142oczu\u0142a<\/p>\n\n\n\n<p>20:30&nbsp;&nbsp;&nbsp;&nbsp;&nbsp;&nbsp;&nbsp;&nbsp;&nbsp;&nbsp;&nbsp;&nbsp;&nbsp;&nbsp;&nbsp; About a Hero<\/p>\n\n\n\n<p>22:15\u00a0\u00a0\u00a0\u00a0\u00a0\u00a0\u00a0\u00a0\u00a0\u00a0\u00a0\u00a0\u00a0\u00a0\u00a0 Pod Wulkanem<\/p>\n\n\n\n<p><strong>Pi\u0105tek, 29 listopada<\/strong>\u00a0\u00a0\u00a0\u00a0\u00a0\u00a0\u00a0\u00a0\u00a0\u00a0\u00a0\u00a0<\/p>\n\n\n\n<p>14:15&nbsp;&nbsp;&nbsp;&nbsp;&nbsp;&nbsp;&nbsp;&nbsp;&nbsp;&nbsp;&nbsp;&nbsp;&nbsp;&nbsp;&nbsp; Abortion Dream Team<\/p>\n\n\n\n<p>18:45\u00a0\u00a0\u00a0\u00a0\u00a0\u00a0\u00a0\u00a0\u00a0\u00a0\u00a0\u00a0\u00a0\u00a0\u00a0 Utrata R\u00f3wnowagi<\/p>\n\n\n\n<p>Przeczytaj wi\u0119cej o tegorocznej edycji festiwalu <a href=\"https:\/\/ueff.se\/en\/\"><strong>TUTAJ<\/strong><\/a> oraz o wcze\u015bniejszych edycjach festiwalu <strong><a href=\"https:\/\/instytutpolski.pl\/stockholm\/2023\/12\/01\/visning-av-bread-and-salt-2022-pa-umea-filmfestival-och-konsert-av-tymoteusz-bies\/\">TUTAJ<\/a><\/strong>.<\/p>\n\n\n\n<p>Polskie filmy w sekcji Fokus: Polska s\u0105 rezultatem wieloletniej wsp\u00f3\u0142pracy pomi\u0119dzy Instytutem Polskim w Sztokholmie a Festiwalem Filmowym w Ume\u00e5 \/ Folkets Bio Ume\u00e5.<\/p>\n","protected":false},"excerpt":{"rendered":"<p>Festiwal Filmowy w Ume\u00e5 (UEFF) to coroczny festiwal filmowy, kt\u00f3ry w 2025 roku realizuje swoj\u0105 12. edycj\u0119. Festiwal jest prowadzony przez stowarzyszenie non profit Folkets Bio Ume\u00e5 i od 2014 roku mie\u015bci si\u0119 w domu kultury V\u00e4ven. Przez sze\u015b\u0107 dni prezentowanych jest oko\u0142o 90 film\u00f3w w 16 r\u00f3\u017cnych miejscach w Ume\u00e5. W tym roku zobaczymy [&hellip;]<\/p>\n","protected":false},"author":173,"featured_media":14674,"comment_status":"open","ping_status":"open","sticky":false,"template":"","format":"standard","meta":{"inline_featured_image":false,"_monsterinsights_skip_tracking":false,"_monsterinsights_sitenote_active":false,"_monsterinsights_sitenote_note":"","_monsterinsights_sitenote_category":0,"footnotes":""},"categories":[224,85,36],"tags":[],"class_list":["post-14715","post","type-post","status-publish","format-standard","has-post-thumbnail","hentry","category-aktualnosc-pl","category-kino","category-wydarzenie"],"yoast_head":"<!-- This site is optimized with the Yoast SEO plugin v24.6 - https:\/\/yoast.com\/wordpress\/plugins\/seo\/ -->\n<title>Fokus: Polen - polskie filmy na festiwalu filmowym w Ume\u00e5 - Instytut Polski w Sztokholmie<\/title>\n<meta name=\"description\" content=\"Den tolfte upplagan av Ume\u00e5 Filmfestival (UEFF) p\u00e5g\u00e5r mellan den 25 och 30 nov 2025. Folkets Bio Ume\u00e5 presenterar i \u00e5r en sp\u00e4nnande specialsektion: Fokus: Polen, med filmerna Minghun, Sparrow, Such Feeling, Loss of Balance och Photosensitive. Missa inte detta fantastiska urval f\u00f6r alla film\u00e4lskare!\" \/>\n<meta name=\"robots\" content=\"index, follow, max-snippet:-1, max-image-preview:large, max-video-preview:-1\" \/>\n<link rel=\"canonical\" href=\"https:\/\/instytutpolski.pl\/stockholm\/pl\/2025\/11\/26\/polskie-filmy-na-festiwalu-filmowym-w-umea\/\" \/>\n<meta property=\"og:locale\" content=\"pl_PL\" \/>\n<meta property=\"og:type\" content=\"article\" \/>\n<meta property=\"og:title\" content=\"Fokus: Polen - polskie filmy na festiwalu filmowym w Ume\u00e5 - Instytut Polski w Sztokholmie\" \/>\n<meta property=\"og:description\" content=\"Den tolfte upplagan av Ume\u00e5 Filmfestival (UEFF) p\u00e5g\u00e5r mellan den 25 och 30 nov 2025. Folkets Bio Ume\u00e5 presenterar i \u00e5r en sp\u00e4nnande specialsektion: Fokus: Polen, med filmerna Minghun, Sparrow, Such Feeling, Loss of Balance och Photosensitive. Missa inte detta fantastiska urval f\u00f6r alla film\u00e4lskare!\" \/>\n<meta property=\"og:url\" content=\"https:\/\/instytutpolski.pl\/stockholm\/pl\/2025\/11\/26\/polskie-filmy-na-festiwalu-filmowym-w-umea\/\" \/>\n<meta property=\"og:site_name\" content=\"Instytut Polski w Sztokholmie\" \/>\n<meta property=\"article:published_time\" content=\"2025-11-26T13:40:35+00:00\" \/>\n<meta property=\"article:modified_time\" content=\"2025-11-26T14:12:01+00:00\" \/>\n<meta property=\"og:image\" content=\"https:\/\/instytutpolski.pl\/stockholm\/wp-content\/uploads\/sites\/17\/2025\/10\/Umea_Volcano.png\" \/>\n\t<meta property=\"og:image:width\" content=\"1120\" \/>\n\t<meta property=\"og:image:height\" content=\"630\" \/>\n\t<meta property=\"og:image:type\" content=\"image\/png\" \/>\n<meta name=\"author\" content=\"treichelp\" \/>\n<meta name=\"twitter:card\" content=\"summary_large_image\" \/>\n<meta name=\"twitter:label1\" content=\"Napisane przez\" \/>\n\t<meta name=\"twitter:data1\" content=\"treichelp\" \/>\n\t<meta name=\"twitter:label2\" content=\"Szacowany czas czytania\" \/>\n\t<meta name=\"twitter:data2\" content=\"2 minuty\" \/>\n<script type=\"application\/ld+json\" class=\"yoast-schema-graph\">{\"@context\":\"https:\/\/schema.org\",\"@graph\":[{\"@type\":\"event\",\"@id\":\"https:\/\/instytutpolski.pl\/stockholm\/pl\/2025\/11\/26\/polskie-filmy-na-festiwalu-filmowym-w-umea\/\",\"url\":\"https:\/\/instytutpolski.pl\/stockholm\/pl\/2025\/11\/26\/polskie-filmy-na-festiwalu-filmowym-w-umea\/\",\"name\":\"Fokus: Polen - polskie filmy na festiwalu filmowym w Ume\u00e5\",\"isPartOf\":{\"@id\":\"https:\/\/instytutpolski.pl\/stockholm\/#website\"},\"primaryImageOfPage\":{\"@id\":\"https:\/\/instytutpolski.pl\/stockholm\/pl\/2025\/11\/26\/polskie-filmy-na-festiwalu-filmowym-w-umea\/#primaryimage\"},\"image\":[\"https:\/\/instytutpolski.pl\/stockholm\/wp-content\/uploads\/sites\/17\/2025\/10\/Umea_Volcano.png\",\"https:\/\/instytutpolski.pl\/stockholm\/wp-content\/uploads\/sites\/17\/2025\/10\/Umea_Volcano-300x169.png\",\"https:\/\/instytutpolski.pl\/stockholm\/wp-content\/uploads\/sites\/17\/2025\/10\/Umea_Volcano-1024x576.png\",\"https:\/\/instytutpolski.pl\/stockholm\/wp-content\/uploads\/sites\/17\/2025\/10\/Umea_Volcano.png\"],\"thumbnailUrl\":\"https:\/\/instytutpolski.pl\/stockholm\/wp-content\/uploads\/sites\/17\/2025\/10\/Umea_Volcano.png\",\"datePublished\":\"2025-11-26T13:40:35+02:00\",\"dateModified\":\"2025-11-26T14:12:01+02:00\",\"author\":{\"@id\":\"https:\/\/instytutpolski.pl\/stockholm\/#\/schema\/person\/866a2c0f4ccf0982a286809684f7bc1e\"},\"description\":\"Festiwal Filmowy w Ume\u00e5 (UEFF) to coroczny festiwal filmowy, kt\u00f3ry w 2025 roku realizuje swoj\u0105 12. edycj\u0119. Festiwal jest prowadzony przez stowarzyszenie non profit Folkets Bio Ume\u00e5 i od 2014 roku mie\u015bci si\u0119 w domu kultury V\u00e4ven. Przez sze\u015b\u0107 dni prezentowanych jest oko\u0142o 90 film\u00f3w w 16 r\u00f3\u017cnych miejscach w Ume\u00e5. W tym roku zobaczymy wiele polskich film\u00f3w, mi\u0119dzy innymi w sekcji Fokus: Polen.\\nOpr\u00f3cz film\u00f3w w sekcji Fokus: Polen \u2013 Minghun, Wr\u00f3bel, To uczucie, Utrata R\u00f3wnowagi i \u015awiat\u0142oczu\u0142a \u2013 festiwal poka\u017ce tak\u017ce polskiego kandydata do Oscara Under the Volcano w re\u017cyserii Damiana Kocura, film About a Hero Piotra Winiewicza oraz polsko-s\u0142owack\u0105 koprodukcj\u0119 Father w re\u017cyserii Terezy Nvotovej w sekcji Panorama.\\nDla dzieci organizatorzy festiwalu przygotowali pokaz filmu Diplo w re\u017cyserii Wojtka Wawszczyka w sekcji kina dla szk\u00f3\u0142.\\nDla starszej publiczno\u015bci polecamy film dokumentalny Abortion Dream Team w re\u017cyserii Karoliny Domagalskiej, kt\u00f3ra osobi\u015bcie odwiedzi festiwal, aby wzi\u0105\u0107 udzia\u0142 w rozmowie po projekcji.\\nWtorek, 26 listopada\u00a0\u00a0\u00a0\u00a0\u00a0\u00a0\u00a0\u00a0\u00a0\u00a0\u00a0\u00a0\\n12:30\u00a0\u00a0\u00a0\u00a0\u00a0\u00a0\u00a0\u00a0\u00a0\u00a0\u00a0\u00a0\u00a0\u00a0\u00a0 Diplo\\n14:15                About a Hero\\n16:00\u00a0\u00a0\u00a0\u00a0\u00a0\u00a0\u00a0\u00a0\u00a0\u00a0\u00a0\u00a0\u00a0\u00a0\u00a0 Pod Wulkanem\\n20:14                Minghun\\n\u015aroda, 27 listopada\u00a0\u00a0\u00a0\u00a0\u00a0\u00a0\u00a0\u00a0\u00a0\u00a0\u00a0\\n17:15 \u00a0\u00a0\u00a0\u00a0\u00a0\u00a0\u00a0\u00a0\u00a0\u00a0\u00a0\u00a0\u00a0\u00a0\u00a0 Wr\u00f3bel\\n19:30\u00a0\u00a0\u00a0\u00a0\u00a0\u00a0\u00a0\u00a0\u00a0\u00a0\u00a0\u00a0\u00a0\u00a0\u00a0 To uczucie\\nCzwartek, 28 listopada\u00a0\u00a0\u00a0\u00a0\u00a0\u00a0\u00a0\u00a0\u00a0\u00a0\u00a0\u00a0\u00a0\\n20:30\u00a0\u00a0\u00a0\u00a0\u00a0\u00a0\u00a0\u00a0\u00a0\u00a0\u00a0\u00a0\u00a0\u00a0\u00a0 \u015awiat\u0142oczu\u0142a\\n20:30                About a Hero\\n22:15\u00a0\u00a0\u00a0\u00a0\u00a0\u00a0\u00a0\u00a0\u00a0\u00a0\u00a0\u00a0\u00a0\u00a0\u00a0 Pod Wulkanem\\nPi\u0105tek, 29 listopada\u00a0\u00a0\u00a0\u00a0\u00a0\u00a0\u00a0\u00a0\u00a0\u00a0\u00a0\u00a0\\n14:15                Abortion Dream Team\\n18:45\u00a0\u00a0\u00a0\u00a0\u00a0\u00a0\u00a0\u00a0\u00a0\u00a0\u00a0\u00a0\u00a0\u00a0\u00a0 Utrata R\u00f3wnowagi\\nPrzeczytaj wi\u0119cej o tegorocznej edycji festiwalu TUTAJ oraz o wcze\u015bniejszych edycjach festiwalu TUTAJ.\\nPolskie filmy w sekcji Fokus: Polska s\u0105 rezultatem wieloletniej wsp\u00f3\u0142pracy pomi\u0119dzy Instytutem Polskim w Sztokholmie a Festiwalem Filmowym w Ume\u00e5 \/ Folkets Bio Ume\u00e5.\",\"breadcrumb\":{\"@id\":\"https:\/\/instytutpolski.pl\/stockholm\/pl\/2025\/11\/26\/polskie-filmy-na-festiwalu-filmowym-w-umea\/#breadcrumb\"},\"inLanguage\":\"pl-PL\",\"potentialAction\":[{\"@type\":\"ReadAction\",\"target\":[\"https:\/\/instytutpolski.pl\/stockholm\/pl\/2025\/11\/26\/polskie-filmy-na-festiwalu-filmowym-w-umea\/\"]}],\"@context\":\"https:\/\/schema.org\",\"startDate\":\"2025-11-25\",\"endDate\":\"2025-11-30\",\"eventStatus\":\"EventScheduled\",\"eventAttendanceMode\":\"OfflineEventAttendanceMode\",\"location\":{\"@type\":\"place\",\"name\":\"\",\"address\":\"\",\"geo\":{\"@type\":\"GeoCoordinates\",\"latitude\":\"\",\"longitude\":\"\"}}},{\"@type\":\"ImageObject\",\"inLanguage\":\"pl-PL\",\"@id\":\"https:\/\/instytutpolski.pl\/stockholm\/pl\/2025\/11\/26\/polskie-filmy-na-festiwalu-filmowym-w-umea\/#primaryimage\",\"url\":\"https:\/\/instytutpolski.pl\/stockholm\/wp-content\/uploads\/sites\/17\/2025\/10\/Umea_Volcano.png\",\"contentUrl\":\"https:\/\/instytutpolski.pl\/stockholm\/wp-content\/uploads\/sites\/17\/2025\/10\/Umea_Volcano.png\",\"width\":1120,\"height\":630},{\"@type\":\"BreadcrumbList\",\"@id\":\"https:\/\/instytutpolski.pl\/stockholm\/pl\/2025\/11\/26\/polskie-filmy-na-festiwalu-filmowym-w-umea\/#breadcrumb\",\"itemListElement\":[{\"@type\":\"ListItem\",\"position\":1,\"name\":\"Home\",\"item\":\"https:\/\/instytutpolski.pl\/stockholm\/\"},{\"@type\":\"ListItem\",\"position\":2,\"name\":\"Fokus: Polen &#8211; polskie filmy na festiwalu filmowym w Ume\u00e5\"}]},{\"@type\":\"WebSite\",\"@id\":\"https:\/\/instytutpolski.pl\/stockholm\/#website\",\"url\":\"https:\/\/instytutpolski.pl\/stockholm\/\",\"name\":\"Instytut Polski w Sztokholmie\",\"description\":\"Instytuty Polskie\",\"potentialAction\":[{\"@type\":\"SearchAction\",\"target\":{\"@type\":\"EntryPoint\",\"urlTemplate\":\"https:\/\/instytutpolski.pl\/stockholm\/?s={search_term_string}\"},\"query-input\":{\"@type\":\"PropertyValueSpecification\",\"valueRequired\":true,\"valueName\":\"search_term_string\"}}],\"inLanguage\":\"pl-PL\"},{\"@type\":\"Person\",\"@id\":\"https:\/\/instytutpolski.pl\/stockholm\/#\/schema\/person\/866a2c0f4ccf0982a286809684f7bc1e\",\"name\":\"treichelp\",\"image\":{\"@type\":\"ImageObject\",\"inLanguage\":\"pl-PL\",\"@id\":\"https:\/\/instytutpolski.pl\/stockholm\/#\/schema\/person\/image\/\",\"url\":\"https:\/\/secure.gravatar.com\/avatar\/fb2c1caae0df0854742a56fc463dd1fb?s=96&d=mm&r=g\",\"contentUrl\":\"https:\/\/secure.gravatar.com\/avatar\/fb2c1caae0df0854742a56fc463dd1fb?s=96&d=mm&r=g\",\"caption\":\"treichelp\"},\"url\":\"https:\/\/instytutpolski.pl\/stockholm\/author\/treichelp\/\"}]}<\/script>\n<!-- \/ Yoast SEO plugin. -->","yoast_head_json":{"title":"Fokus: Polen - polskie filmy na festiwalu filmowym w Ume\u00e5 - Instytut Polski w Sztokholmie","description":"Den tolfte upplagan av Ume\u00e5 Filmfestival (UEFF) p\u00e5g\u00e5r mellan den 25 och 30 nov 2025. Folkets Bio Ume\u00e5 presenterar i \u00e5r en sp\u00e4nnande specialsektion: Fokus: Polen, med filmerna Minghun, Sparrow, Such Feeling, Loss of Balance och Photosensitive. Missa inte detta fantastiska urval f\u00f6r alla film\u00e4lskare!","robots":{"index":"index","follow":"follow","max-snippet":"max-snippet:-1","max-image-preview":"max-image-preview:large","max-video-preview":"max-video-preview:-1"},"canonical":"https:\/\/instytutpolski.pl\/stockholm\/pl\/2025\/11\/26\/polskie-filmy-na-festiwalu-filmowym-w-umea\/","og_locale":"pl_PL","og_type":"article","og_title":"Fokus: Polen - polskie filmy na festiwalu filmowym w Ume\u00e5 - Instytut Polski w Sztokholmie","og_description":"Den tolfte upplagan av Ume\u00e5 Filmfestival (UEFF) p\u00e5g\u00e5r mellan den 25 och 30 nov 2025. Folkets Bio Ume\u00e5 presenterar i \u00e5r en sp\u00e4nnande specialsektion: Fokus: Polen, med filmerna Minghun, Sparrow, Such Feeling, Loss of Balance och Photosensitive. Missa inte detta fantastiska urval f\u00f6r alla film\u00e4lskare!","og_url":"https:\/\/instytutpolski.pl\/stockholm\/pl\/2025\/11\/26\/polskie-filmy-na-festiwalu-filmowym-w-umea\/","og_site_name":"Instytut Polski w Sztokholmie","article_published_time":"2025-11-26T13:40:35+00:00","article_modified_time":"2025-11-26T14:12:01+00:00","og_image":[{"width":1120,"height":630,"url":"https:\/\/instytutpolski.pl\/stockholm\/wp-content\/uploads\/sites\/17\/2025\/10\/Umea_Volcano.png","type":"image\/png"}],"author":"treichelp","twitter_card":"summary_large_image","twitter_misc":{"Napisane przez":"treichelp","Szacowany czas czytania":"2 minuty"},"schema":{"@context":"https:\/\/schema.org","@graph":[{"@type":"event","@id":"https:\/\/instytutpolski.pl\/stockholm\/pl\/2025\/11\/26\/polskie-filmy-na-festiwalu-filmowym-w-umea\/","url":"https:\/\/instytutpolski.pl\/stockholm\/pl\/2025\/11\/26\/polskie-filmy-na-festiwalu-filmowym-w-umea\/","name":"Fokus: Polen - polskie filmy na festiwalu filmowym w Ume\u00e5","isPartOf":{"@id":"https:\/\/instytutpolski.pl\/stockholm\/#website"},"primaryImageOfPage":{"@id":"https:\/\/instytutpolski.pl\/stockholm\/pl\/2025\/11\/26\/polskie-filmy-na-festiwalu-filmowym-w-umea\/#primaryimage"},"image":["https:\/\/instytutpolski.pl\/stockholm\/wp-content\/uploads\/sites\/17\/2025\/10\/Umea_Volcano.png","https:\/\/instytutpolski.pl\/stockholm\/wp-content\/uploads\/sites\/17\/2025\/10\/Umea_Volcano-300x169.png","https:\/\/instytutpolski.pl\/stockholm\/wp-content\/uploads\/sites\/17\/2025\/10\/Umea_Volcano-1024x576.png","https:\/\/instytutpolski.pl\/stockholm\/wp-content\/uploads\/sites\/17\/2025\/10\/Umea_Volcano.png"],"thumbnailUrl":"https:\/\/instytutpolski.pl\/stockholm\/wp-content\/uploads\/sites\/17\/2025\/10\/Umea_Volcano.png","datePublished":"2025-11-26T13:40:35+02:00","dateModified":"2025-11-26T14:12:01+02:00","author":{"@id":"https:\/\/instytutpolski.pl\/stockholm\/#\/schema\/person\/866a2c0f4ccf0982a286809684f7bc1e"},"description":"Festiwal Filmowy w Ume\u00e5 (UEFF) to coroczny festiwal filmowy, kt\u00f3ry w 2025 roku realizuje swoj\u0105 12. edycj\u0119. Festiwal jest prowadzony przez stowarzyszenie non profit Folkets Bio Ume\u00e5 i od 2014 roku mie\u015bci si\u0119 w domu kultury V\u00e4ven. Przez sze\u015b\u0107 dni prezentowanych jest oko\u0142o 90 film\u00f3w w 16 r\u00f3\u017cnych miejscach w Ume\u00e5. W tym roku zobaczymy wiele polskich film\u00f3w, mi\u0119dzy innymi w sekcji Fokus: Polen.\nOpr\u00f3cz film\u00f3w w sekcji Fokus: Polen \u2013 Minghun, Wr\u00f3bel, To uczucie, Utrata R\u00f3wnowagi i \u015awiat\u0142oczu\u0142a \u2013 festiwal poka\u017ce tak\u017ce polskiego kandydata do Oscara Under the Volcano w re\u017cyserii Damiana Kocura, film About a Hero Piotra Winiewicza oraz polsko-s\u0142owack\u0105 koprodukcj\u0119 Father w re\u017cyserii Terezy Nvotovej w sekcji Panorama.\nDla dzieci organizatorzy festiwalu przygotowali pokaz filmu Diplo w re\u017cyserii Wojtka Wawszczyka w sekcji kina dla szk\u00f3\u0142.\nDla starszej publiczno\u015bci polecamy film dokumentalny Abortion Dream Team w re\u017cyserii Karoliny Domagalskiej, kt\u00f3ra osobi\u015bcie odwiedzi festiwal, aby wzi\u0105\u0107 udzia\u0142 w rozmowie po projekcji.\nWtorek, 26 listopada\u00a0\u00a0\u00a0\u00a0\u00a0\u00a0\u00a0\u00a0\u00a0\u00a0\u00a0\u00a0\n12:30\u00a0\u00a0\u00a0\u00a0\u00a0\u00a0\u00a0\u00a0\u00a0\u00a0\u00a0\u00a0\u00a0\u00a0\u00a0 Diplo\n14:15                About a Hero\n16:00\u00a0\u00a0\u00a0\u00a0\u00a0\u00a0\u00a0\u00a0\u00a0\u00a0\u00a0\u00a0\u00a0\u00a0\u00a0 Pod Wulkanem\n20:14                Minghun\n\u015aroda, 27 listopada\u00a0\u00a0\u00a0\u00a0\u00a0\u00a0\u00a0\u00a0\u00a0\u00a0\u00a0\n17:15 \u00a0\u00a0\u00a0\u00a0\u00a0\u00a0\u00a0\u00a0\u00a0\u00a0\u00a0\u00a0\u00a0\u00a0\u00a0 Wr\u00f3bel\n19:30\u00a0\u00a0\u00a0\u00a0\u00a0\u00a0\u00a0\u00a0\u00a0\u00a0\u00a0\u00a0\u00a0\u00a0\u00a0 To uczucie\nCzwartek, 28 listopada\u00a0\u00a0\u00a0\u00a0\u00a0\u00a0\u00a0\u00a0\u00a0\u00a0\u00a0\u00a0\u00a0\n20:30\u00a0\u00a0\u00a0\u00a0\u00a0\u00a0\u00a0\u00a0\u00a0\u00a0\u00a0\u00a0\u00a0\u00a0\u00a0 \u015awiat\u0142oczu\u0142a\n20:30                About a Hero\n22:15\u00a0\u00a0\u00a0\u00a0\u00a0\u00a0\u00a0\u00a0\u00a0\u00a0\u00a0\u00a0\u00a0\u00a0\u00a0 Pod Wulkanem\nPi\u0105tek, 29 listopada\u00a0\u00a0\u00a0\u00a0\u00a0\u00a0\u00a0\u00a0\u00a0\u00a0\u00a0\u00a0\n14:15                Abortion Dream Team\n18:45\u00a0\u00a0\u00a0\u00a0\u00a0\u00a0\u00a0\u00a0\u00a0\u00a0\u00a0\u00a0\u00a0\u00a0\u00a0 Utrata R\u00f3wnowagi\nPrzeczytaj wi\u0119cej o tegorocznej edycji festiwalu TUTAJ oraz o wcze\u015bniejszych edycjach festiwalu TUTAJ.\nPolskie filmy w sekcji Fokus: Polska s\u0105 rezultatem wieloletniej wsp\u00f3\u0142pracy pomi\u0119dzy Instytutem Polskim w Sztokholmie a Festiwalem Filmowym w Ume\u00e5 \/ Folkets Bio Ume\u00e5.","breadcrumb":{"@id":"https:\/\/instytutpolski.pl\/stockholm\/pl\/2025\/11\/26\/polskie-filmy-na-festiwalu-filmowym-w-umea\/#breadcrumb"},"inLanguage":"pl-PL","potentialAction":[{"@type":"ReadAction","target":["https:\/\/instytutpolski.pl\/stockholm\/pl\/2025\/11\/26\/polskie-filmy-na-festiwalu-filmowym-w-umea\/"]}],"@context":"https:\/\/schema.org","startDate":"2025-11-25","endDate":"2025-11-30","eventStatus":"EventScheduled","eventAttendanceMode":"OfflineEventAttendanceMode","location":{"@type":"place","name":"","address":"","geo":{"@type":"GeoCoordinates","latitude":"","longitude":""}}},{"@type":"ImageObject","inLanguage":"pl-PL","@id":"https:\/\/instytutpolski.pl\/stockholm\/pl\/2025\/11\/26\/polskie-filmy-na-festiwalu-filmowym-w-umea\/#primaryimage","url":"https:\/\/instytutpolski.pl\/stockholm\/wp-content\/uploads\/sites\/17\/2025\/10\/Umea_Volcano.png","contentUrl":"https:\/\/instytutpolski.pl\/stockholm\/wp-content\/uploads\/sites\/17\/2025\/10\/Umea_Volcano.png","width":1120,"height":630},{"@type":"BreadcrumbList","@id":"https:\/\/instytutpolski.pl\/stockholm\/pl\/2025\/11\/26\/polskie-filmy-na-festiwalu-filmowym-w-umea\/#breadcrumb","itemListElement":[{"@type":"ListItem","position":1,"name":"Home","item":"https:\/\/instytutpolski.pl\/stockholm\/"},{"@type":"ListItem","position":2,"name":"Fokus: Polen &#8211; polskie filmy na festiwalu filmowym w Ume\u00e5"}]},{"@type":"WebSite","@id":"https:\/\/instytutpolski.pl\/stockholm\/#website","url":"https:\/\/instytutpolski.pl\/stockholm\/","name":"Instytut Polski w Sztokholmie","description":"Instytuty Polskie","potentialAction":[{"@type":"SearchAction","target":{"@type":"EntryPoint","urlTemplate":"https:\/\/instytutpolski.pl\/stockholm\/?s={search_term_string}"},"query-input":{"@type":"PropertyValueSpecification","valueRequired":true,"valueName":"search_term_string"}}],"inLanguage":"pl-PL"},{"@type":"Person","@id":"https:\/\/instytutpolski.pl\/stockholm\/#\/schema\/person\/866a2c0f4ccf0982a286809684f7bc1e","name":"treichelp","image":{"@type":"ImageObject","inLanguage":"pl-PL","@id":"https:\/\/instytutpolski.pl\/stockholm\/#\/schema\/person\/image\/","url":"https:\/\/secure.gravatar.com\/avatar\/fb2c1caae0df0854742a56fc463dd1fb?s=96&d=mm&r=g","contentUrl":"https:\/\/secure.gravatar.com\/avatar\/fb2c1caae0df0854742a56fc463dd1fb?s=96&d=mm&r=g","caption":"treichelp"},"url":"https:\/\/instytutpolski.pl\/stockholm\/author\/treichelp\/"}]}},"_links":{"self":[{"href":"https:\/\/instytutpolski.pl\/stockholm\/wp-json\/wp\/v2\/posts\/14715","targetHints":{"allow":["GET"]}}],"collection":[{"href":"https:\/\/instytutpolski.pl\/stockholm\/wp-json\/wp\/v2\/posts"}],"about":[{"href":"https:\/\/instytutpolski.pl\/stockholm\/wp-json\/wp\/v2\/types\/post"}],"author":[{"embeddable":true,"href":"https:\/\/instytutpolski.pl\/stockholm\/wp-json\/wp\/v2\/users\/173"}],"replies":[{"embeddable":true,"href":"https:\/\/instytutpolski.pl\/stockholm\/wp-json\/wp\/v2\/comments?post=14715"}],"version-history":[{"count":4,"href":"https:\/\/instytutpolski.pl\/stockholm\/wp-json\/wp\/v2\/posts\/14715\/revisions"}],"predecessor-version":[{"id":14720,"href":"https:\/\/instytutpolski.pl\/stockholm\/wp-json\/wp\/v2\/posts\/14715\/revisions\/14720"}],"wp:featuredmedia":[{"embeddable":true,"href":"https:\/\/instytutpolski.pl\/stockholm\/wp-json\/wp\/v2\/media\/14674"}],"wp:attachment":[{"href":"https:\/\/instytutpolski.pl\/stockholm\/wp-json\/wp\/v2\/media?parent=14715"}],"wp:term":[{"taxonomy":"category","embeddable":true,"href":"https:\/\/instytutpolski.pl\/stockholm\/wp-json\/wp\/v2\/categories?post=14715"},{"taxonomy":"post_tag","embeddable":true,"href":"https:\/\/instytutpolski.pl\/stockholm\/wp-json\/wp\/v2\/tags?post=14715"}],"curies":[{"name":"wp","href":"https:\/\/api.w.org\/{rel}","templated":true}]}}