{"id":14746,"date":"2025-12-01T12:46:22","date_gmt":"2025-12-01T11:46:22","guid":{"rendered":"https:\/\/instytutpolski.pl\/stockholm\/?p=14746"},"modified":"2025-12-01T13:36:10","modified_gmt":"2025-12-01T12:36:10","slug":"fotoreportaz-umea-film-festival-ueff","status":"publish","type":"post","link":"https:\/\/instytutpolski.pl\/stockholm\/pl\/2025\/12\/01\/fotoreportaz-umea-film-festival-ueff\/","title":{"rendered":"Fotoreporta\u017c: Ume\u00e5 Film Festival (UEFF)"},"content":{"rendered":"\n<p>Festiwal filmowy w Ume\u00e5 by\u0142 ogromnym sukcesem. Setki widz\u00f3w przysz\u0142o na pokazy filmowe w 16 lokalizacjach. W programie festiwalu nie zabrak\u0142o polskich produkcji filmowych, takich jak Minghun, Wr\u00f3bel, To uczucie, Utrata R\u00f3wnowagi i \u015awiat\u0142oczu\u0142a.<\/p>\n\n\n\n<p>Specjalna sekcja Fokus: Polen cieszy\u0142a si\u0119 ogromnym zainteresowaniem widz\u00f3w.&nbsp;<br>Dzi\u0119kujemy ka\u017cdemu, kto zdecydowa\u0142 si\u0119 odwiedzi\u0107 kino w Ume\u00e5 w dniach 25 &#8211; 30 listopada. Szczeg\u00f3lnie podzi\u0119kowania dla Folkets Bio Ume\u00e5 i Ume\u00e5 FIlmfestival oraz Mii Rogersdotter Gran z UEFF, kuratorki najlepszych polskich produkcji.<\/p>\n\n\n\n<div style=\"height:59px\" aria-hidden=\"true\" class=\"wp-block-spacer\"><\/div>\n\n\n\n<figure class=\"wp-block-gallery has-nested-images columns-default is-cropped wp-block-gallery-1 is-layout-flex wp-block-gallery-is-layout-flex\">\n<figure class=\"wp-block-image size-large is-style-rounded\"><img loading=\"lazy\" decoding=\"async\" width=\"768\" height=\"1024\" data-id=\"14730\" src=\"https:\/\/instytutpolski.pl\/stockholm\/wp-content\/uploads\/sites\/17\/2025\/12\/1000020200-768x1024.jpg\" alt=\"\" class=\"wp-image-14730\" srcset=\"https:\/\/instytutpolski.pl\/stockholm\/wp-content\/uploads\/sites\/17\/2025\/12\/1000020200-768x1024.jpg 768w, https:\/\/instytutpolski.pl\/stockholm\/wp-content\/uploads\/sites\/17\/2025\/12\/1000020200-225x300.jpg 225w, https:\/\/instytutpolski.pl\/stockholm\/wp-content\/uploads\/sites\/17\/2025\/12\/1000020200-1152x1536.jpg 1152w, https:\/\/instytutpolski.pl\/stockholm\/wp-content\/uploads\/sites\/17\/2025\/12\/1000020200.jpg 1200w\" sizes=\"auto, (max-width: 768px) 100vw, 768px\" \/><\/figure>\n\n\n\n<figure class=\"wp-block-image size-large is-style-rounded\"><img loading=\"lazy\" decoding=\"async\" width=\"768\" height=\"1024\" data-id=\"14733\" src=\"https:\/\/instytutpolski.pl\/stockholm\/wp-content\/uploads\/sites\/17\/2025\/12\/1000020201-768x1024.jpg\" alt=\"\" class=\"wp-image-14733\" srcset=\"https:\/\/instytutpolski.pl\/stockholm\/wp-content\/uploads\/sites\/17\/2025\/12\/1000020201-768x1024.jpg 768w, https:\/\/instytutpolski.pl\/stockholm\/wp-content\/uploads\/sites\/17\/2025\/12\/1000020201-225x300.jpg 225w, https:\/\/instytutpolski.pl\/stockholm\/wp-content\/uploads\/sites\/17\/2025\/12\/1000020201-1152x1536.jpg 1152w, https:\/\/instytutpolski.pl\/stockholm\/wp-content\/uploads\/sites\/17\/2025\/12\/1000020201.jpg 1200w\" sizes=\"auto, (max-width: 768px) 100vw, 768px\" \/><\/figure>\n\n\n\n<figure class=\"wp-block-image size-large is-style-rounded\"><img loading=\"lazy\" decoding=\"async\" width=\"768\" height=\"1024\" data-id=\"14731\" src=\"https:\/\/instytutpolski.pl\/stockholm\/wp-content\/uploads\/sites\/17\/2025\/12\/1000020274-768x1024.jpg\" alt=\"\" class=\"wp-image-14731\" srcset=\"https:\/\/instytutpolski.pl\/stockholm\/wp-content\/uploads\/sites\/17\/2025\/12\/1000020274-768x1024.jpg 768w, https:\/\/instytutpolski.pl\/stockholm\/wp-content\/uploads\/sites\/17\/2025\/12\/1000020274-225x300.jpg 225w, https:\/\/instytutpolski.pl\/stockholm\/wp-content\/uploads\/sites\/17\/2025\/12\/1000020274-1152x1536.jpg 1152w, https:\/\/instytutpolski.pl\/stockholm\/wp-content\/uploads\/sites\/17\/2025\/12\/1000020274.jpg 1200w\" sizes=\"auto, (max-width: 768px) 100vw, 768px\" \/><\/figure>\n\n\n\n<figure class=\"wp-block-image size-large is-style-default\"><img loading=\"lazy\" decoding=\"async\" width=\"768\" height=\"1024\" data-id=\"14735\" src=\"https:\/\/instytutpolski.pl\/stockholm\/wp-content\/uploads\/sites\/17\/2025\/12\/1000020242-768x1024.jpg\" alt=\"\" class=\"wp-image-14735\" srcset=\"https:\/\/instytutpolski.pl\/stockholm\/wp-content\/uploads\/sites\/17\/2025\/12\/1000020242-768x1024.jpg 768w, https:\/\/instytutpolski.pl\/stockholm\/wp-content\/uploads\/sites\/17\/2025\/12\/1000020242-225x300.jpg 225w, https:\/\/instytutpolski.pl\/stockholm\/wp-content\/uploads\/sites\/17\/2025\/12\/1000020242-1152x1536.jpg 1152w, https:\/\/instytutpolski.pl\/stockholm\/wp-content\/uploads\/sites\/17\/2025\/12\/1000020242-1536x2048.jpg 1536w, https:\/\/instytutpolski.pl\/stockholm\/wp-content\/uploads\/sites\/17\/2025\/12\/1000020242-scaled.jpg 1920w\" sizes=\"auto, (max-width: 768px) 100vw, 768px\" \/><figcaption class=\"wp-element-caption\">Mia Rogersdotter Gran<\/figcaption><\/figure>\n\n\n\n<figure class=\"wp-block-image size-large\"><img loading=\"lazy\" decoding=\"async\" width=\"1024\" height=\"768\" data-id=\"14736\" src=\"https:\/\/instytutpolski.pl\/stockholm\/wp-content\/uploads\/sites\/17\/2025\/12\/1000020237-1024x768.jpg\" alt=\"\" class=\"wp-image-14736\" srcset=\"https:\/\/instytutpolski.pl\/stockholm\/wp-content\/uploads\/sites\/17\/2025\/12\/1000020237-1024x768.jpg 1024w, https:\/\/instytutpolski.pl\/stockholm\/wp-content\/uploads\/sites\/17\/2025\/12\/1000020237-300x225.jpg 300w, https:\/\/instytutpolski.pl\/stockholm\/wp-content\/uploads\/sites\/17\/2025\/12\/1000020237-768x576.jpg 768w, https:\/\/instytutpolski.pl\/stockholm\/wp-content\/uploads\/sites\/17\/2025\/12\/1000020237-1536x1152.jpg 1536w, https:\/\/instytutpolski.pl\/stockholm\/wp-content\/uploads\/sites\/17\/2025\/12\/1000020237-2048x1536.jpg 2048w\" sizes=\"auto, (max-width: 1024px) 100vw, 1024px\" \/><figcaption class=\"wp-element-caption\">Karolina Domagalska<\/figcaption><\/figure>\n\n\n\n<figure class=\"wp-block-image size-large\"><img loading=\"lazy\" decoding=\"async\" width=\"768\" height=\"1024\" data-id=\"14734\" src=\"https:\/\/instytutpolski.pl\/stockholm\/wp-content\/uploads\/sites\/17\/2025\/12\/1000020235-768x1024.jpg\" alt=\"\" class=\"wp-image-14734\" srcset=\"https:\/\/instytutpolski.pl\/stockholm\/wp-content\/uploads\/sites\/17\/2025\/12\/1000020235-768x1024.jpg 768w, https:\/\/instytutpolski.pl\/stockholm\/wp-content\/uploads\/sites\/17\/2025\/12\/1000020235-225x300.jpg 225w, https:\/\/instytutpolski.pl\/stockholm\/wp-content\/uploads\/sites\/17\/2025\/12\/1000020235-1152x1536.jpg 1152w, https:\/\/instytutpolski.pl\/stockholm\/wp-content\/uploads\/sites\/17\/2025\/12\/1000020235-1536x2048.jpg 1536w, https:\/\/instytutpolski.pl\/stockholm\/wp-content\/uploads\/sites\/17\/2025\/12\/1000020235-scaled.jpg 1920w\" sizes=\"auto, (max-width: 768px) 100vw, 768px\" \/><figcaption class=\"wp-element-caption\">Karolina Domagalska<\/figcaption><\/figure>\n\n\n\n<figure class=\"wp-block-image size-large is-style-rounded\"><img loading=\"lazy\" decoding=\"async\" width=\"768\" height=\"1024\" data-id=\"14732\" src=\"https:\/\/instytutpolski.pl\/stockholm\/wp-content\/uploads\/sites\/17\/2025\/12\/1000020273-768x1024.jpg\" alt=\"\" class=\"wp-image-14732\" srcset=\"https:\/\/instytutpolski.pl\/stockholm\/wp-content\/uploads\/sites\/17\/2025\/12\/1000020273-768x1024.jpg 768w, https:\/\/instytutpolski.pl\/stockholm\/wp-content\/uploads\/sites\/17\/2025\/12\/1000020273-225x300.jpg 225w, https:\/\/instytutpolski.pl\/stockholm\/wp-content\/uploads\/sites\/17\/2025\/12\/1000020273-1152x1536.jpg 1152w, https:\/\/instytutpolski.pl\/stockholm\/wp-content\/uploads\/sites\/17\/2025\/12\/1000020273.jpg 1200w\" sizes=\"auto, (max-width: 768px) 100vw, 768px\" \/><\/figure>\n<\/figure>\n\n\n\n<p>Przeczytaj wi\u0119cej o festiwau <a href=\"https:\/\/ueff.se\/en\/\">TUTAJ<\/a>, a o polskiej sekcji film\u00f3w Fokus: Polen <a href=\"https:\/\/instytutpolski.pl\/stockholm\/pl\/2025\/11\/26\/polskie-filmy-na-festiwalu-filmowym-w-umea\/\">TUTAJ<\/a>.<\/p>\n","protected":false},"excerpt":{"rendered":"<p>Festiwal filmowy w Ume\u00e5 by\u0142 ogromnym sukcesem. Setki widz\u00f3w przysz\u0142o na pokazy filmowe w 16 lokalizacjach. W programie festiwalu nie zabrak\u0142o polskich produkcji filmowych, takich jak Minghun, Wr\u00f3bel, To uczucie, Utrata R\u00f3wnowagi i \u015awiat\u0142oczu\u0142a. Specjalna sekcja Fokus: Polen cieszy\u0142a si\u0119 ogromnym zainteresowaniem widz\u00f3w.&nbsp;Dzi\u0119kujemy ka\u017cdemu, kto zdecydowa\u0142 si\u0119 odwiedzi\u0107 kino w Ume\u00e5 w dniach 25 &#8211; [&hellip;]<\/p>\n","protected":false},"author":173,"featured_media":14740,"comment_status":"open","ping_status":"open","sticky":false,"template":"","format":"standard","meta":{"inline_featured_image":false,"_monsterinsights_skip_tracking":false,"_monsterinsights_sitenote_active":false,"_monsterinsights_sitenote_note":"","_monsterinsights_sitenote_category":0,"footnotes":""},"categories":[320,208],"tags":[],"class_list":["post-14746","post","type-post","status-publish","format-standard","has-post-thumbnail","hentry","category-artykuly-pl","category-galeria-pl"],"yoast_head":"<!-- This site is optimized with the Yoast SEO plugin v24.6 - https:\/\/yoast.com\/wordpress\/plugins\/seo\/ -->\n<title>Fotoreporta\u017c: Ume\u00e5 Film Festival (UEFF) - Instytut Polski w Sztokholmie<\/title>\n<meta name=\"description\" content=\"Festiwal filmowy w Ume\u00e5 by\u0142 ogromnym sukcesem. Specjalna sekcja Fokus: Polen cieszy\u0142a si\u0119 ogromnym zainteresowaniem widz\u00f3w.\" \/>\n<meta name=\"robots\" content=\"index, follow, max-snippet:-1, max-image-preview:large, max-video-preview:-1\" \/>\n<link rel=\"canonical\" href=\"https:\/\/instytutpolski.pl\/stockholm\/pl\/2025\/12\/01\/fotoreportaz-umea-film-festival-ueff\/\" \/>\n<meta property=\"og:locale\" content=\"pl_PL\" \/>\n<meta property=\"og:type\" content=\"article\" \/>\n<meta property=\"og:title\" content=\"Fotoreporta\u017c: Ume\u00e5 Film Festival (UEFF) - Instytut Polski w Sztokholmie\" \/>\n<meta property=\"og:description\" content=\"Festiwal filmowy w Ume\u00e5 by\u0142 ogromnym sukcesem. Specjalna sekcja Fokus: Polen cieszy\u0142a si\u0119 ogromnym zainteresowaniem widz\u00f3w.\" \/>\n<meta property=\"og:url\" content=\"https:\/\/instytutpolski.pl\/stockholm\/pl\/2025\/12\/01\/fotoreportaz-umea-film-festival-ueff\/\" \/>\n<meta property=\"og:site_name\" content=\"Instytut Polski w Sztokholmie\" \/>\n<meta property=\"article:published_time\" content=\"2025-12-01T11:46:22+00:00\" \/>\n<meta property=\"article:modified_time\" content=\"2025-12-01T12:36:10+00:00\" \/>\n<meta property=\"og:image\" content=\"https:\/\/instytutpolski.pl\/stockholm\/wp-content\/uploads\/sites\/17\/2025\/12\/umea-fotoreportage.png\" \/>\n\t<meta property=\"og:image:width\" content=\"1120\" \/>\n\t<meta property=\"og:image:height\" content=\"630\" \/>\n\t<meta property=\"og:image:type\" content=\"image\/png\" \/>\n<meta name=\"author\" content=\"treichelp\" \/>\n<meta name=\"twitter:card\" content=\"summary_large_image\" \/>\n<meta name=\"twitter:label1\" content=\"Napisane przez\" \/>\n\t<meta name=\"twitter:data1\" content=\"treichelp\" \/>\n\t<meta name=\"twitter:label2\" content=\"Szacowany czas czytania\" \/>\n\t<meta name=\"twitter:data2\" content=\"3 minuty\" \/>\n<script type=\"application\/ld+json\" class=\"yoast-schema-graph\">{\"@context\":\"https:\/\/schema.org\",\"@graph\":[{\"@type\":\"event\",\"@id\":\"https:\/\/instytutpolski.pl\/stockholm\/pl\/2025\/12\/01\/fotoreportaz-umea-film-festival-ueff\/\",\"url\":\"https:\/\/instytutpolski.pl\/stockholm\/pl\/2025\/12\/01\/fotoreportaz-umea-film-festival-ueff\/\",\"name\":\"Fotoreporta\u017c: Ume\u00e5 Film Festival (UEFF)\",\"isPartOf\":{\"@id\":\"https:\/\/instytutpolski.pl\/stockholm\/#website\"},\"primaryImageOfPage\":{\"@id\":\"https:\/\/instytutpolski.pl\/stockholm\/pl\/2025\/12\/01\/fotoreportaz-umea-film-festival-ueff\/#primaryimage\"},\"image\":[\"https:\/\/instytutpolski.pl\/stockholm\/wp-content\/uploads\/sites\/17\/2025\/12\/umea-fotoreportage.png\",\"https:\/\/instytutpolski.pl\/stockholm\/wp-content\/uploads\/sites\/17\/2025\/12\/umea-fotoreportage-300x169.png\",\"https:\/\/instytutpolski.pl\/stockholm\/wp-content\/uploads\/sites\/17\/2025\/12\/umea-fotoreportage-1024x576.png\",\"https:\/\/instytutpolski.pl\/stockholm\/wp-content\/uploads\/sites\/17\/2025\/12\/umea-fotoreportage.png\"],\"thumbnailUrl\":\"https:\/\/instytutpolski.pl\/stockholm\/wp-content\/uploads\/sites\/17\/2025\/12\/umea-fotoreportage.png\",\"datePublished\":\"2025-12-01T11:46:22+02:00\",\"dateModified\":\"2025-12-01T12:36:10+02:00\",\"author\":{\"@id\":\"https:\/\/instytutpolski.pl\/stockholm\/#\/schema\/person\/866a2c0f4ccf0982a286809684f7bc1e\"},\"description\":\"Festiwal filmowy w Ume\u00e5 by\u0142 ogromnym sukcesem. Setki widz\u00f3w przysz\u0142o na pokazy filmowe w 16 lokalizacjach. W programie festiwalu nie zabrak\u0142o polskich produkcji filmowych, takich jak Minghun, Wr\u00f3bel, To uczucie, Utrata R\u00f3wnowagi i \u015awiat\u0142oczu\u0142a.\\nSpecjalna sekcja Fokus: Polen cieszy\u0142a si\u0119 ogromnym zainteresowaniem widz\u00f3w. Dzi\u0119kujemy ka\u017cdemu, kto zdecydowa\u0142 si\u0119 odwiedzi\u0107 kino w Ume\u00e5 w dniach 25 - 30 listopada. Szczeg\u00f3lnie podzi\u0119kowania dla Folkets Bio Ume\u00e5 i Ume\u00e5 FIlmfestival oraz Mii Rogersdotter Gran z UEFF, kuratorki najlepszych polskich produkcji.\\nPrzeczytaj wi\u0119cej o festiwau TUTAJ, a o polskiej sekcji film\u00f3w Fokus: Polen TUTAJ.\",\"breadcrumb\":{\"@id\":\"https:\/\/instytutpolski.pl\/stockholm\/pl\/2025\/12\/01\/fotoreportaz-umea-film-festival-ueff\/#breadcrumb\"},\"inLanguage\":\"pl-PL\",\"potentialAction\":[{\"@type\":\"ReadAction\",\"target\":[\"https:\/\/instytutpolski.pl\/stockholm\/pl\/2025\/12\/01\/fotoreportaz-umea-film-festival-ueff\/\"]}],\"@context\":\"https:\/\/schema.org\",\"startDate\":\"2025-11-25\",\"endDate\":\"2025-11-30\",\"eventStatus\":\"EventScheduled\",\"eventAttendanceMode\":\"OfflineEventAttendanceMode\",\"location\":{\"@type\":\"place\",\"name\":\"\",\"address\":\"\",\"geo\":{\"@type\":\"GeoCoordinates\",\"latitude\":\"\",\"longitude\":\"\"}}},{\"@type\":\"ImageObject\",\"inLanguage\":\"pl-PL\",\"@id\":\"https:\/\/instytutpolski.pl\/stockholm\/pl\/2025\/12\/01\/fotoreportaz-umea-film-festival-ueff\/#primaryimage\",\"url\":\"https:\/\/instytutpolski.pl\/stockholm\/wp-content\/uploads\/sites\/17\/2025\/12\/umea-fotoreportage.png\",\"contentUrl\":\"https:\/\/instytutpolski.pl\/stockholm\/wp-content\/uploads\/sites\/17\/2025\/12\/umea-fotoreportage.png\",\"width\":1120,\"height\":630},{\"@type\":\"BreadcrumbList\",\"@id\":\"https:\/\/instytutpolski.pl\/stockholm\/pl\/2025\/12\/01\/fotoreportaz-umea-film-festival-ueff\/#breadcrumb\",\"itemListElement\":[{\"@type\":\"ListItem\",\"position\":1,\"name\":\"Home\",\"item\":\"https:\/\/instytutpolski.pl\/stockholm\/\"},{\"@type\":\"ListItem\",\"position\":2,\"name\":\"Fotoreporta\u017c: Ume\u00e5 Film Festival (UEFF)\"}]},{\"@type\":\"WebSite\",\"@id\":\"https:\/\/instytutpolski.pl\/stockholm\/#website\",\"url\":\"https:\/\/instytutpolski.pl\/stockholm\/\",\"name\":\"Instytut Polski w Sztokholmie\",\"description\":\"Instytuty Polskie\",\"potentialAction\":[{\"@type\":\"SearchAction\",\"target\":{\"@type\":\"EntryPoint\",\"urlTemplate\":\"https:\/\/instytutpolski.pl\/stockholm\/?s={search_term_string}\"},\"query-input\":{\"@type\":\"PropertyValueSpecification\",\"valueRequired\":true,\"valueName\":\"search_term_string\"}}],\"inLanguage\":\"pl-PL\"},{\"@type\":\"Person\",\"@id\":\"https:\/\/instytutpolski.pl\/stockholm\/#\/schema\/person\/866a2c0f4ccf0982a286809684f7bc1e\",\"name\":\"treichelp\",\"image\":{\"@type\":\"ImageObject\",\"inLanguage\":\"pl-PL\",\"@id\":\"https:\/\/instytutpolski.pl\/stockholm\/#\/schema\/person\/image\/\",\"url\":\"https:\/\/secure.gravatar.com\/avatar\/fb2c1caae0df0854742a56fc463dd1fb?s=96&d=mm&r=g\",\"contentUrl\":\"https:\/\/secure.gravatar.com\/avatar\/fb2c1caae0df0854742a56fc463dd1fb?s=96&d=mm&r=g\",\"caption\":\"treichelp\"},\"url\":\"https:\/\/instytutpolski.pl\/stockholm\/author\/treichelp\/\"}]}<\/script>\n<!-- \/ Yoast SEO plugin. -->","yoast_head_json":{"title":"Fotoreporta\u017c: Ume\u00e5 Film Festival (UEFF) - Instytut Polski w Sztokholmie","description":"Festiwal filmowy w Ume\u00e5 by\u0142 ogromnym sukcesem. Specjalna sekcja Fokus: Polen cieszy\u0142a si\u0119 ogromnym zainteresowaniem widz\u00f3w.","robots":{"index":"index","follow":"follow","max-snippet":"max-snippet:-1","max-image-preview":"max-image-preview:large","max-video-preview":"max-video-preview:-1"},"canonical":"https:\/\/instytutpolski.pl\/stockholm\/pl\/2025\/12\/01\/fotoreportaz-umea-film-festival-ueff\/","og_locale":"pl_PL","og_type":"article","og_title":"Fotoreporta\u017c: Ume\u00e5 Film Festival (UEFF) - Instytut Polski w Sztokholmie","og_description":"Festiwal filmowy w Ume\u00e5 by\u0142 ogromnym sukcesem. Specjalna sekcja Fokus: Polen cieszy\u0142a si\u0119 ogromnym zainteresowaniem widz\u00f3w.","og_url":"https:\/\/instytutpolski.pl\/stockholm\/pl\/2025\/12\/01\/fotoreportaz-umea-film-festival-ueff\/","og_site_name":"Instytut Polski w Sztokholmie","article_published_time":"2025-12-01T11:46:22+00:00","article_modified_time":"2025-12-01T12:36:10+00:00","og_image":[{"width":1120,"height":630,"url":"https:\/\/instytutpolski.pl\/stockholm\/wp-content\/uploads\/sites\/17\/2025\/12\/umea-fotoreportage.png","type":"image\/png"}],"author":"treichelp","twitter_card":"summary_large_image","twitter_misc":{"Napisane przez":"treichelp","Szacowany czas czytania":"3 minuty"},"schema":{"@context":"https:\/\/schema.org","@graph":[{"@type":"event","@id":"https:\/\/instytutpolski.pl\/stockholm\/pl\/2025\/12\/01\/fotoreportaz-umea-film-festival-ueff\/","url":"https:\/\/instytutpolski.pl\/stockholm\/pl\/2025\/12\/01\/fotoreportaz-umea-film-festival-ueff\/","name":"Fotoreporta\u017c: Ume\u00e5 Film Festival (UEFF)","isPartOf":{"@id":"https:\/\/instytutpolski.pl\/stockholm\/#website"},"primaryImageOfPage":{"@id":"https:\/\/instytutpolski.pl\/stockholm\/pl\/2025\/12\/01\/fotoreportaz-umea-film-festival-ueff\/#primaryimage"},"image":["https:\/\/instytutpolski.pl\/stockholm\/wp-content\/uploads\/sites\/17\/2025\/12\/umea-fotoreportage.png","https:\/\/instytutpolski.pl\/stockholm\/wp-content\/uploads\/sites\/17\/2025\/12\/umea-fotoreportage-300x169.png","https:\/\/instytutpolski.pl\/stockholm\/wp-content\/uploads\/sites\/17\/2025\/12\/umea-fotoreportage-1024x576.png","https:\/\/instytutpolski.pl\/stockholm\/wp-content\/uploads\/sites\/17\/2025\/12\/umea-fotoreportage.png"],"thumbnailUrl":"https:\/\/instytutpolski.pl\/stockholm\/wp-content\/uploads\/sites\/17\/2025\/12\/umea-fotoreportage.png","datePublished":"2025-12-01T11:46:22+02:00","dateModified":"2025-12-01T12:36:10+02:00","author":{"@id":"https:\/\/instytutpolski.pl\/stockholm\/#\/schema\/person\/866a2c0f4ccf0982a286809684f7bc1e"},"description":"Festiwal filmowy w Ume\u00e5 by\u0142 ogromnym sukcesem. Setki widz\u00f3w przysz\u0142o na pokazy filmowe w 16 lokalizacjach. W programie festiwalu nie zabrak\u0142o polskich produkcji filmowych, takich jak Minghun, Wr\u00f3bel, To uczucie, Utrata R\u00f3wnowagi i \u015awiat\u0142oczu\u0142a.\nSpecjalna sekcja Fokus: Polen cieszy\u0142a si\u0119 ogromnym zainteresowaniem widz\u00f3w. Dzi\u0119kujemy ka\u017cdemu, kto zdecydowa\u0142 si\u0119 odwiedzi\u0107 kino w Ume\u00e5 w dniach 25 - 30 listopada. Szczeg\u00f3lnie podzi\u0119kowania dla Folkets Bio Ume\u00e5 i Ume\u00e5 FIlmfestival oraz Mii Rogersdotter Gran z UEFF, kuratorki najlepszych polskich produkcji.\nPrzeczytaj wi\u0119cej o festiwau TUTAJ, a o polskiej sekcji film\u00f3w Fokus: Polen TUTAJ.","breadcrumb":{"@id":"https:\/\/instytutpolski.pl\/stockholm\/pl\/2025\/12\/01\/fotoreportaz-umea-film-festival-ueff\/#breadcrumb"},"inLanguage":"pl-PL","potentialAction":[{"@type":"ReadAction","target":["https:\/\/instytutpolski.pl\/stockholm\/pl\/2025\/12\/01\/fotoreportaz-umea-film-festival-ueff\/"]}],"@context":"https:\/\/schema.org","startDate":"2025-11-25","endDate":"2025-11-30","eventStatus":"EventScheduled","eventAttendanceMode":"OfflineEventAttendanceMode","location":{"@type":"place","name":"","address":"","geo":{"@type":"GeoCoordinates","latitude":"","longitude":""}}},{"@type":"ImageObject","inLanguage":"pl-PL","@id":"https:\/\/instytutpolski.pl\/stockholm\/pl\/2025\/12\/01\/fotoreportaz-umea-film-festival-ueff\/#primaryimage","url":"https:\/\/instytutpolski.pl\/stockholm\/wp-content\/uploads\/sites\/17\/2025\/12\/umea-fotoreportage.png","contentUrl":"https:\/\/instytutpolski.pl\/stockholm\/wp-content\/uploads\/sites\/17\/2025\/12\/umea-fotoreportage.png","width":1120,"height":630},{"@type":"BreadcrumbList","@id":"https:\/\/instytutpolski.pl\/stockholm\/pl\/2025\/12\/01\/fotoreportaz-umea-film-festival-ueff\/#breadcrumb","itemListElement":[{"@type":"ListItem","position":1,"name":"Home","item":"https:\/\/instytutpolski.pl\/stockholm\/"},{"@type":"ListItem","position":2,"name":"Fotoreporta\u017c: Ume\u00e5 Film Festival (UEFF)"}]},{"@type":"WebSite","@id":"https:\/\/instytutpolski.pl\/stockholm\/#website","url":"https:\/\/instytutpolski.pl\/stockholm\/","name":"Instytut Polski w Sztokholmie","description":"Instytuty Polskie","potentialAction":[{"@type":"SearchAction","target":{"@type":"EntryPoint","urlTemplate":"https:\/\/instytutpolski.pl\/stockholm\/?s={search_term_string}"},"query-input":{"@type":"PropertyValueSpecification","valueRequired":true,"valueName":"search_term_string"}}],"inLanguage":"pl-PL"},{"@type":"Person","@id":"https:\/\/instytutpolski.pl\/stockholm\/#\/schema\/person\/866a2c0f4ccf0982a286809684f7bc1e","name":"treichelp","image":{"@type":"ImageObject","inLanguage":"pl-PL","@id":"https:\/\/instytutpolski.pl\/stockholm\/#\/schema\/person\/image\/","url":"https:\/\/secure.gravatar.com\/avatar\/fb2c1caae0df0854742a56fc463dd1fb?s=96&d=mm&r=g","contentUrl":"https:\/\/secure.gravatar.com\/avatar\/fb2c1caae0df0854742a56fc463dd1fb?s=96&d=mm&r=g","caption":"treichelp"},"url":"https:\/\/instytutpolski.pl\/stockholm\/author\/treichelp\/"}]}},"_links":{"self":[{"href":"https:\/\/instytutpolski.pl\/stockholm\/wp-json\/wp\/v2\/posts\/14746","targetHints":{"allow":["GET"]}}],"collection":[{"href":"https:\/\/instytutpolski.pl\/stockholm\/wp-json\/wp\/v2\/posts"}],"about":[{"href":"https:\/\/instytutpolski.pl\/stockholm\/wp-json\/wp\/v2\/types\/post"}],"author":[{"embeddable":true,"href":"https:\/\/instytutpolski.pl\/stockholm\/wp-json\/wp\/v2\/users\/173"}],"replies":[{"embeddable":true,"href":"https:\/\/instytutpolski.pl\/stockholm\/wp-json\/wp\/v2\/comments?post=14746"}],"version-history":[{"count":3,"href":"https:\/\/instytutpolski.pl\/stockholm\/wp-json\/wp\/v2\/posts\/14746\/revisions"}],"predecessor-version":[{"id":14749,"href":"https:\/\/instytutpolski.pl\/stockholm\/wp-json\/wp\/v2\/posts\/14746\/revisions\/14749"}],"wp:featuredmedia":[{"embeddable":true,"href":"https:\/\/instytutpolski.pl\/stockholm\/wp-json\/wp\/v2\/media\/14740"}],"wp:attachment":[{"href":"https:\/\/instytutpolski.pl\/stockholm\/wp-json\/wp\/v2\/media?parent=14746"}],"wp:term":[{"taxonomy":"category","embeddable":true,"href":"https:\/\/instytutpolski.pl\/stockholm\/wp-json\/wp\/v2\/categories?post=14746"},{"taxonomy":"post_tag","embeddable":true,"href":"https:\/\/instytutpolski.pl\/stockholm\/wp-json\/wp\/v2\/tags?post=14746"}],"curies":[{"name":"wp","href":"https:\/\/api.w.org\/{rel}","templated":true}]}}