{"id":14792,"date":"2026-01-12T10:26:31","date_gmt":"2026-01-12T09:26:31","guid":{"rendered":"https:\/\/instytutpolski.pl\/stockholm\/?p=14792"},"modified":"2026-04-24T11:22:47","modified_gmt":"2026-04-24T09:22:47","slug":"mothers-a-song-for-wartime-pa-react-festivalen","status":"publish","type":"post","link":"https:\/\/instytutpolski.pl\/stockholm\/2026\/01\/12\/mothers-a-song-for-wartime-pa-react-festivalen\/","title":{"rendered":"MOTHERS. A SONG FOR WARTIME p\u00e5 REACT-festivalen"},"content":{"rendered":"\n<p>Riksteaterns nya internationella turnerande festival, REACT, presenterar n\u00e5gra av v\u00e4rldens mest kompromissl\u00f6sa och angel\u00e4gna konstn\u00e4rskap. Festivalen ska vara \u00e5terkommande varje v\u00e5r och erbjuda publik fr\u00e5n norr till s\u00f6der p\u00e5 internationella scenkonstsucc\u00e9er av h\u00f6gsta kvalitet. REACT &#8211; Riksteaterns internationella festival sl\u00e5r upp portarna v\u00e5ren 2026.<\/p>\n\n\n\n<p><a href=\"https:\/\/www.riksteatern.se\/react-riksteaterns-internationella-festival\/mothers-a-song-for-wartime\/#:~:text=Mickiewicz%20Institute.-,Hallunda\/Stockholm,-23%20april%20kl\" target=\"_blank\" rel=\"noreferrer noopener\">BILJETTERNA<\/a><\/p>\n\n\n\n<hr class=\"wp-block-separator has-alpha-channel-opacity\" \/>\n\n\n\n<p>Under REACT-festivalen i Stockholm m\u00f6ter Riksteaterns teaterchef och konstn\u00e4rliga ledare Drit\u00ebro Kasapi konstn\u00e4rer, journalister och teaterchefer i en rad sp\u00e4nnande samtal om konstens och yttrandefrihetens villkor i en omv\u00e4rld som alltmer pr\u00e4glas av krig, global oro och etno-nationalism.<\/p>\n\n\n\n<p><strong>Sanning och motst\u00e5nd\/Drit\u00ebro m\u00f6ter Michael Winiarski och Sofia Nyblom<\/strong><\/p>\n\n\n\n<p><strong>Tid: 24 april kl. 17.00\u201317.45<\/strong><\/p>\n\n\n\n<p><strong>Plats: Teater 3 hos Riksteatern i Hallunda<\/strong><\/p>\n\n\n\n<p>Det s\u00e4gs ibland att journalistik bygger p\u00e5 fakta och konsten tolkar verkligheten. Men vad h\u00e4nder n\u00e4r nyhetsfl\u00f6det inte l\u00e4ngre \u00e4r fritt, och kultur blir ett vapen? Var g\u00e5r gr\u00e4nsen mellan sanning och manipulerad dikt? Kan konsten bjuda motst\u00e5nd?&nbsp;<\/p>\n\n\n\n<p>V\u00e4lkommen till ett samtal om journalistens blick i v\u00e5r omv\u00e4rld och om relationen mellan kultur och politik med Michael Winiarski, utrikeskommentator p\u00e5 Dagens Nyheter, och Sofia Nyblom, analytiker och kulturjournalist. Sofia Nyblom modererar samtalet.<\/p>\n\n\n\n<p>L\u00e4s mer <a href=\"https:\/\/www.riksteatern.se\/react-riksteaterns-internationella-festival\/dritero-moter--samlingssida\/#:~:text=Sanning%20och%20motst%C3%A5nd\/Drit%C3%ABro%20m%C3%B6ter%20Michael%20Winiarski%20och%20Sofia%20Nyblom\" target=\"_blank\" rel=\"noreferrer noopener\">H\u00c4R<\/a><\/p>\n\n\n\n<hr class=\"wp-block-separator has-alpha-channel-opacity\" \/>\n\n\n\n<p class=\"has-text-align-center\"><em><span style=\"text-decoration: underline\">Om f\u00f6rest\u00e4llningen MOTHERS A SONG FOR WARTIME av Marta G\u00f3rnicka.<\/span><\/em><\/p>\n\n\n\n<p>Krigets v\u00e5ld mot kvinnor f\u00f6ljer samma obarmh\u00e4rtiga m\u00f6nster genom historien. I dag st\u00e4ller kriget Europa inf\u00f6r sina mest grundl\u00e4ggande fr\u00e5gor: Vad \u00e4r v\u00e5rt ansvar n\u00e4r m\u00e4nniskor befinner sig i fara? Hur skyddar vi oss sj\u00e4lva och varandra?<\/p>\n\n\n\n<p>Utifr\u00e5n vittnesm\u00e5l fr\u00e5n m\u00f6drar och barn i Ukraina, Belarus och Polen har regiss\u00f6ren Marta G\u00f3rnicka skapat en of\u00f6rgl\u00f6mlig k\u00f6rf\u00f6rest\u00e4llning. Tillsammans med 21 kvinnor i \u00e5ldrarna 9 till 72 \u00e5r, m\u00f6drar och d\u00f6ttrar som sj\u00e4lva har flytt krig, flytt f\u00f6rf\u00f6ljelse eller \u00f6ppnat sina hem f\u00f6r dem som beh\u00f6ver skydd formas MOTHERS A SONG FOR WARTIME. Ensemblen representeras av personer med skilda politiska erfarenheter och livsber\u00e4ttelser, n\u00e5gra av dem \u00f6verlevare fr\u00e5n Mariupol, Kyiv, Irpin och Charkiv.<\/p>\n\n\n\n<p>G\u00f3rnicka, som ocks\u00e5 \u00e4r grundare av Political Voice Institute vid Maxim Gorki Theater i Berlin, s\u00f6ker h\u00e4r en k\u00f6rst\u00e4mma som r\u00f6r sig utanf\u00f6r operans ramar, inspirerad av de kvinnliga k\u00f6rerna fr\u00e5n 700-talet f\u00f6re Kristus. F\u00f6rest\u00e4llningen \u00e4r skapad av ukrainska ramsor, traditionella s\u00e5nger, besv\u00e4rjelser och politiska utsagor som bildar ett ljudlandskap d\u00e4r vardag, trauma och motst\u00e5nd tar plats sida vid sida.<\/p>\n\n\n\n<p>L\u00e4s mer p\u00e5 <a href=\"https:\/\/www.riksteatern.se\/react-riksteaterns-internationella-festival\" target=\"_blank\" rel=\"noreferrer noopener\">festivalens officiella hemsida<\/a><\/p>\n\n\n\n<p>Mer om Marta G\u00f3rnicka och MOTHERS hittar du <a href=\"https:\/\/gornicka.com\" target=\"_blank\" rel=\"noreferrer noopener\">H\u00c4R<\/a><\/p>\n\n\n<div class=\"wp-block-image\">\n<figure class=\"aligncenter size-large\"><img loading=\"lazy\" decoding=\"async\" width=\"1024\" height=\"576\" src=\"https:\/\/instytutpolski.pl\/stockholm\/wp-content\/uploads\/sites\/17\/2026\/01\/REACT-MOTHERS-Foto-Bartek-Warzecha_\u00a9-1024x576.jpg\" alt=\"\" class=\"wp-image-14794\" srcset=\"https:\/\/instytutpolski.pl\/stockholm\/wp-content\/uploads\/sites\/17\/2026\/01\/REACT-MOTHERS-Foto-Bartek-Warzecha_\u00a9-1024x576.jpg 1024w, https:\/\/instytutpolski.pl\/stockholm\/wp-content\/uploads\/sites\/17\/2026\/01\/REACT-MOTHERS-Foto-Bartek-Warzecha_\u00a9-300x169.jpg 300w, https:\/\/instytutpolski.pl\/stockholm\/wp-content\/uploads\/sites\/17\/2026\/01\/REACT-MOTHERS-Foto-Bartek-Warzecha_\u00a9-768x432.jpg 768w, https:\/\/instytutpolski.pl\/stockholm\/wp-content\/uploads\/sites\/17\/2026\/01\/REACT-MOTHERS-Foto-Bartek-Warzecha_\u00a9.jpg 1120w\" sizes=\"auto, (max-width: 1024px) 100vw, 1024px\" \/><figcaption class=\"wp-element-caption\">REACT MOTHERS Foto Bartek Warzecha \u00a9 <\/figcaption><\/figure><\/div>\n\n\n<p><\/p>\n","protected":false},"excerpt":{"rendered":"<p>Riksteaterns nya internationella turnerande festival, REACT, presenterar n\u00e5gra av v\u00e4rldens mest kompromissl\u00f6sa och angel\u00e4gna konstn\u00e4rskap. Festivalen ska vara \u00e5terkommande varje v\u00e5r och erbjuda publik fr\u00e5n norr till s\u00f6der p\u00e5 internationella scenkonstsucc\u00e9er av h\u00f6gsta kvalitet. REACT &#8211; Riksteaterns internationella festival sl\u00e5r upp portarna v\u00e5ren 2026. BILJETTERNA Under REACT-festivalen i Stockholm m\u00f6ter Riksteaterns teaterchef och konstn\u00e4rliga ledare [&hellip;]<\/p>\n","protected":false},"author":173,"featured_media":14793,"comment_status":"closed","ping_status":"closed","sticky":false,"template":"","format":"standard","meta":{"inline_featured_image":false,"_monsterinsights_skip_tracking":false,"_monsterinsights_sitenote_active":false,"_monsterinsights_sitenote_note":"","_monsterinsights_sitenote_category":0,"footnotes":""},"categories":[549,222,318,12,123],"tags":[],"class_list":["post-14792","post","type-post","status-publish","format-standard","has-post-thumbnail","hentry","category-aktualnosc-pl-sv","category-aktualnosc-se","category-artykuly-se","category-evenemang","category-teater"],"yoast_head":"<!-- This site is optimized with the Yoast SEO plugin v24.6 - https:\/\/yoast.com\/wordpress\/plugins\/seo\/ -->\n<title>MOTHERS. A SONG FOR WARTIME p\u00e5 REACT-festivalen - Instytut Polski w Sztokholmie<\/title>\n<meta name=\"robots\" content=\"index, follow, max-snippet:-1, max-image-preview:large, max-video-preview:-1\" \/>\n<link rel=\"canonical\" href=\"https:\/\/instytutpolski.pl\/stockholm\/2026\/01\/12\/mothers-a-song-for-wartime-pa-react-festivalen\/\" \/>\n<meta property=\"og:locale\" content=\"pl_PL\" \/>\n<meta property=\"og:type\" content=\"article\" \/>\n<meta property=\"og:title\" content=\"MOTHERS. A SONG FOR WARTIME p\u00e5 REACT-festivalen - Instytut Polski w Sztokholmie\" \/>\n<meta property=\"og:description\" content=\"Riksteaterns nya internationella turnerande festival, REACT, presenterar n\u00e5gra av v\u00e4rldens mest kompromissl\u00f6sa och angel\u00e4gna konstn\u00e4rskap. Festivalen ska vara \u00e5terkommande varje v\u00e5r och erbjuda publik fr\u00e5n norr till s\u00f6der p\u00e5 internationella scenkonstsucc\u00e9er av h\u00f6gsta kvalitet. REACT &#8211; Riksteaterns internationella festival sl\u00e5r upp portarna v\u00e5ren 2026. BILJETTERNA Under REACT-festivalen i Stockholm m\u00f6ter Riksteaterns teaterchef och konstn\u00e4rliga ledare [&hellip;]\" \/>\n<meta property=\"og:url\" content=\"https:\/\/instytutpolski.pl\/stockholm\/2026\/01\/12\/mothers-a-song-for-wartime-pa-react-festivalen\/\" \/>\n<meta property=\"og:site_name\" content=\"Instytut Polski w Sztokholmie\" \/>\n<meta property=\"article:published_time\" content=\"2026-01-12T09:26:31+00:00\" \/>\n<meta property=\"article:modified_time\" content=\"2026-04-24T09:22:47+00:00\" \/>\n<meta property=\"og:image\" content=\"https:\/\/instytutpolski.pl\/stockholm\/wp-content\/uploads\/sites\/17\/2026\/01\/Hemsida_banners.jpg\" \/>\n\t<meta property=\"og:image:width\" content=\"1120\" \/>\n\t<meta property=\"og:image:height\" content=\"630\" \/>\n\t<meta property=\"og:image:type\" content=\"image\/jpeg\" \/>\n<meta name=\"author\" content=\"treichelp\" \/>\n<meta name=\"twitter:card\" content=\"summary_large_image\" \/>\n<meta name=\"twitter:label1\" content=\"Napisane przez\" \/>\n\t<meta name=\"twitter:data1\" content=\"treichelp\" \/>\n\t<meta name=\"twitter:label2\" content=\"Szacowany czas czytania\" \/>\n\t<meta name=\"twitter:data2\" content=\"3 minuty\" \/>\n<script type=\"application\/ld+json\" class=\"yoast-schema-graph\">{\"@context\":\"https:\/\/schema.org\",\"@graph\":[{\"@type\":\"event\",\"@id\":\"https:\/\/instytutpolski.pl\/stockholm\/2026\/01\/12\/mothers-a-song-for-wartime-pa-react-festivalen\/\",\"url\":\"https:\/\/instytutpolski.pl\/stockholm\/2026\/01\/12\/mothers-a-song-for-wartime-pa-react-festivalen\/\",\"name\":\"MOTHERS. A SONG FOR WARTIME p\u00e5 REACT-festivalen\",\"isPartOf\":{\"@id\":\"https:\/\/instytutpolski.pl\/stockholm\/#website\"},\"primaryImageOfPage\":{\"@id\":\"https:\/\/instytutpolski.pl\/stockholm\/2026\/01\/12\/mothers-a-song-for-wartime-pa-react-festivalen\/#primaryimage\"},\"image\":[\"https:\/\/instytutpolski.pl\/stockholm\/wp-content\/uploads\/sites\/17\/2026\/01\/Hemsida_banners.jpg\",\"https:\/\/instytutpolski.pl\/stockholm\/wp-content\/uploads\/sites\/17\/2026\/01\/Hemsida_banners-300x169.jpg\",\"https:\/\/instytutpolski.pl\/stockholm\/wp-content\/uploads\/sites\/17\/2026\/01\/Hemsida_banners-1024x576.jpg\",\"https:\/\/instytutpolski.pl\/stockholm\/wp-content\/uploads\/sites\/17\/2026\/01\/Hemsida_banners.jpg\"],\"thumbnailUrl\":\"https:\/\/instytutpolski.pl\/stockholm\/wp-content\/uploads\/sites\/17\/2026\/01\/Hemsida_banners.jpg\",\"datePublished\":\"2026-01-12T09:26:31+02:00\",\"dateModified\":\"2026-04-24T09:22:47+02:00\",\"author\":{\"@id\":\"https:\/\/instytutpolski.pl\/stockholm\/#\/schema\/person\/866a2c0f4ccf0982a286809684f7bc1e\"},\"breadcrumb\":{\"@id\":\"https:\/\/instytutpolski.pl\/stockholm\/2026\/01\/12\/mothers-a-song-for-wartime-pa-react-festivalen\/#breadcrumb\"},\"inLanguage\":\"pl-PL\",\"potentialAction\":[{\"@type\":\"ReadAction\",\"target\":[\"https:\/\/instytutpolski.pl\/stockholm\/2026\/01\/12\/mothers-a-song-for-wartime-pa-react-festivalen\/\"]}],\"@context\":\"https:\/\/schema.org\",\"startDate\":\"2026-04-23\",\"endDate\":\"2026-05-10\",\"eventStatus\":\"EventScheduled\",\"eventAttendanceMode\":\"OfflineEventAttendanceMode\",\"location\":{\"@type\":\"place\",\"name\":\"Stockholm, G\u00f6teborg, Norrk\u00f6ping, Skellefte\u00e5\",\"address\":\"Stockholm, G\u00f6teborg, Norrk\u00f6ping, Skellefte\u00e5\",\"geo\":{\"@type\":\"GeoCoordinates\",\"latitude\":\"60.656530151391024\",\"longitude\":\"16.080865056940116\"}},\"description\":\"Riksteaterns nya internationella turnerande festival, REACT, presenterar n\u00e5gra av v\u00e4rldens mest kompromissl\u00f6sa och angel\u00e4gna konstn\u00e4rskap. Festivalen ska vara \u00e5terkommande varje v\u00e5r och erbjuda publik fr\u00e5n norr till s\u00f6der p\u00e5 internationella scenkonstsucc\u00e9er av h\u00f6gsta kvalitet. REACT - Riksteaterns internationella festival sl\u00e5r upp portarna v\u00e5ren 2026.\\nBILJETTERNA\\nUnder REACT-festivalen i Stockholm m\u00f6ter Riksteaterns teaterchef och konstn\u00e4rliga ledare Drit\u00ebro Kasapi konstn\u00e4rer, journalister och teaterchefer i en rad sp\u00e4nnande samtal om konstens och yttrandefrihetens villkor i en omv\u00e4rld som alltmer pr\u00e4glas av krig, global oro och etno-nationalism.\\nSanning och motst\u00e5nd\/Drit\u00ebro m\u00f6ter Michael Winiarski och Sofia Nyblom\\nTid: 24 april kl. 17.00\u201317.45\\nPlats: Teater 3 hos Riksteatern i Hallunda\\nDet s\u00e4gs ibland att journalistik bygger p\u00e5 fakta och konsten tolkar verkligheten. Men vad h\u00e4nder n\u00e4r nyhetsfl\u00f6det inte l\u00e4ngre \u00e4r fritt, och kultur blir ett vapen? Var g\u00e5r gr\u00e4nsen mellan sanning och manipulerad dikt? Kan konsten bjuda motst\u00e5nd? \\nV\u00e4lkommen till ett samtal om journalistens blick i v\u00e5r omv\u00e4rld och om relationen mellan kultur och politik med Michael Winiarski, utrikeskommentator p\u00e5 Dagens Nyheter, och Sofia Nyblom, analytiker och kulturjournalist. Sofia Nyblom modererar samtalet.\\nL\u00e4s mer H\u00c4R\\nOm f\u00f6rest\u00e4llningen MOTHERS A SONG FOR WARTIME av Marta G\u00f3rnicka.\\nKrigets v\u00e5ld mot kvinnor f\u00f6ljer samma obarmh\u00e4rtiga m\u00f6nster genom historien. I dag st\u00e4ller kriget Europa inf\u00f6r sina mest grundl\u00e4ggande fr\u00e5gor: Vad \u00e4r v\u00e5rt ansvar n\u00e4r m\u00e4nniskor befinner sig i fara? Hur skyddar vi oss sj\u00e4lva och varandra?\\nUtifr\u00e5n vittnesm\u00e5l fr\u00e5n m\u00f6drar och barn i Ukraina, Belarus och Polen har regiss\u00f6ren Marta G\u00f3rnicka skapat en of\u00f6rgl\u00f6mlig k\u00f6rf\u00f6rest\u00e4llning. Tillsammans med 21 kvinnor i \u00e5ldrarna 9 till 72 \u00e5r, m\u00f6drar och d\u00f6ttrar som sj\u00e4lva har flytt krig, flytt f\u00f6rf\u00f6ljelse eller \u00f6ppnat sina hem f\u00f6r dem som beh\u00f6ver skydd formas MOTHERS A SONG FOR WARTIME. Ensemblen representeras av personer med skilda politiska erfarenheter och livsber\u00e4ttelser, n\u00e5gra av dem \u00f6verlevare fr\u00e5n Mariupol, Kyiv, Irpin och Charkiv.\\nG\u00f3rnicka, som ocks\u00e5 \u00e4r grundare av Political Voice Institute vid Maxim Gorki Theater i Berlin, s\u00f6ker h\u00e4r en k\u00f6rst\u00e4mma som r\u00f6r sig utanf\u00f6r operans ramar, inspirerad av de kvinnliga k\u00f6rerna fr\u00e5n 700-talet f\u00f6re Kristus. F\u00f6rest\u00e4llningen \u00e4r skapad av ukrainska ramsor, traditionella s\u00e5nger, besv\u00e4rjelser och politiska utsagor som bildar ett ljudlandskap d\u00e4r vardag, trauma och motst\u00e5nd tar plats sida vid sida.\\nL\u00e4s mer p\u00e5 festivalens officiella hemsida\\nMer om Marta G\u00f3rnicka och MOTHERS hittar du H\u00c4R\"},{\"@type\":\"ImageObject\",\"inLanguage\":\"pl-PL\",\"@id\":\"https:\/\/instytutpolski.pl\/stockholm\/2026\/01\/12\/mothers-a-song-for-wartime-pa-react-festivalen\/#primaryimage\",\"url\":\"https:\/\/instytutpolski.pl\/stockholm\/wp-content\/uploads\/sites\/17\/2026\/01\/Hemsida_banners.jpg\",\"contentUrl\":\"https:\/\/instytutpolski.pl\/stockholm\/wp-content\/uploads\/sites\/17\/2026\/01\/Hemsida_banners.jpg\",\"width\":1120,\"height\":630},{\"@type\":\"BreadcrumbList\",\"@id\":\"https:\/\/instytutpolski.pl\/stockholm\/2026\/01\/12\/mothers-a-song-for-wartime-pa-react-festivalen\/#breadcrumb\",\"itemListElement\":[{\"@type\":\"ListItem\",\"position\":1,\"name\":\"Home\",\"item\":\"https:\/\/instytutpolski.pl\/stockholm\/\"},{\"@type\":\"ListItem\",\"position\":2,\"name\":\"MOTHERS. A SONG FOR WARTIME p\u00e5 REACT-festivalen\"}]},{\"@type\":\"WebSite\",\"@id\":\"https:\/\/instytutpolski.pl\/stockholm\/#website\",\"url\":\"https:\/\/instytutpolski.pl\/stockholm\/\",\"name\":\"Instytut Polski w Sztokholmie\",\"description\":\"Instytuty Polskie\",\"potentialAction\":[{\"@type\":\"SearchAction\",\"target\":{\"@type\":\"EntryPoint\",\"urlTemplate\":\"https:\/\/instytutpolski.pl\/stockholm\/?s={search_term_string}\"},\"query-input\":{\"@type\":\"PropertyValueSpecification\",\"valueRequired\":true,\"valueName\":\"search_term_string\"}}],\"inLanguage\":\"pl-PL\"},{\"@type\":\"Person\",\"@id\":\"https:\/\/instytutpolski.pl\/stockholm\/#\/schema\/person\/866a2c0f4ccf0982a286809684f7bc1e\",\"name\":\"treichelp\",\"image\":{\"@type\":\"ImageObject\",\"inLanguage\":\"pl-PL\",\"@id\":\"https:\/\/instytutpolski.pl\/stockholm\/#\/schema\/person\/image\/\",\"url\":\"https:\/\/secure.gravatar.com\/avatar\/fb2c1caae0df0854742a56fc463dd1fb?s=96&d=mm&r=g\",\"contentUrl\":\"https:\/\/secure.gravatar.com\/avatar\/fb2c1caae0df0854742a56fc463dd1fb?s=96&d=mm&r=g\",\"caption\":\"treichelp\"},\"url\":\"https:\/\/instytutpolski.pl\/stockholm\/author\/treichelp\/\"}]}<\/script>\n<!-- \/ Yoast SEO plugin. -->","yoast_head_json":{"title":"MOTHERS. A SONG FOR WARTIME p\u00e5 REACT-festivalen - Instytut Polski w Sztokholmie","robots":{"index":"index","follow":"follow","max-snippet":"max-snippet:-1","max-image-preview":"max-image-preview:large","max-video-preview":"max-video-preview:-1"},"canonical":"https:\/\/instytutpolski.pl\/stockholm\/2026\/01\/12\/mothers-a-song-for-wartime-pa-react-festivalen\/","og_locale":"pl_PL","og_type":"article","og_title":"MOTHERS. A SONG FOR WARTIME p\u00e5 REACT-festivalen - Instytut Polski w Sztokholmie","og_description":"Riksteaterns nya internationella turnerande festival, REACT, presenterar n\u00e5gra av v\u00e4rldens mest kompromissl\u00f6sa och angel\u00e4gna konstn\u00e4rskap. Festivalen ska vara \u00e5terkommande varje v\u00e5r och erbjuda publik fr\u00e5n norr till s\u00f6der p\u00e5 internationella scenkonstsucc\u00e9er av h\u00f6gsta kvalitet. REACT &#8211; Riksteaterns internationella festival sl\u00e5r upp portarna v\u00e5ren 2026. BILJETTERNA Under REACT-festivalen i Stockholm m\u00f6ter Riksteaterns teaterchef och konstn\u00e4rliga ledare [&hellip;]","og_url":"https:\/\/instytutpolski.pl\/stockholm\/2026\/01\/12\/mothers-a-song-for-wartime-pa-react-festivalen\/","og_site_name":"Instytut Polski w Sztokholmie","article_published_time":"2026-01-12T09:26:31+00:00","article_modified_time":"2026-04-24T09:22:47+00:00","og_image":[{"width":1120,"height":630,"url":"https:\/\/instytutpolski.pl\/stockholm\/wp-content\/uploads\/sites\/17\/2026\/01\/Hemsida_banners.jpg","type":"image\/jpeg"}],"author":"treichelp","twitter_card":"summary_large_image","twitter_misc":{"Napisane przez":"treichelp","Szacowany czas czytania":"3 minuty"},"schema":{"@context":"https:\/\/schema.org","@graph":[{"@type":"event","@id":"https:\/\/instytutpolski.pl\/stockholm\/2026\/01\/12\/mothers-a-song-for-wartime-pa-react-festivalen\/","url":"https:\/\/instytutpolski.pl\/stockholm\/2026\/01\/12\/mothers-a-song-for-wartime-pa-react-festivalen\/","name":"MOTHERS. A SONG FOR WARTIME p\u00e5 REACT-festivalen","isPartOf":{"@id":"https:\/\/instytutpolski.pl\/stockholm\/#website"},"primaryImageOfPage":{"@id":"https:\/\/instytutpolski.pl\/stockholm\/2026\/01\/12\/mothers-a-song-for-wartime-pa-react-festivalen\/#primaryimage"},"image":["https:\/\/instytutpolski.pl\/stockholm\/wp-content\/uploads\/sites\/17\/2026\/01\/Hemsida_banners.jpg","https:\/\/instytutpolski.pl\/stockholm\/wp-content\/uploads\/sites\/17\/2026\/01\/Hemsida_banners-300x169.jpg","https:\/\/instytutpolski.pl\/stockholm\/wp-content\/uploads\/sites\/17\/2026\/01\/Hemsida_banners-1024x576.jpg","https:\/\/instytutpolski.pl\/stockholm\/wp-content\/uploads\/sites\/17\/2026\/01\/Hemsida_banners.jpg"],"thumbnailUrl":"https:\/\/instytutpolski.pl\/stockholm\/wp-content\/uploads\/sites\/17\/2026\/01\/Hemsida_banners.jpg","datePublished":"2026-01-12T09:26:31+02:00","dateModified":"2026-04-24T09:22:47+02:00","author":{"@id":"https:\/\/instytutpolski.pl\/stockholm\/#\/schema\/person\/866a2c0f4ccf0982a286809684f7bc1e"},"breadcrumb":{"@id":"https:\/\/instytutpolski.pl\/stockholm\/2026\/01\/12\/mothers-a-song-for-wartime-pa-react-festivalen\/#breadcrumb"},"inLanguage":"pl-PL","potentialAction":[{"@type":"ReadAction","target":["https:\/\/instytutpolski.pl\/stockholm\/2026\/01\/12\/mothers-a-song-for-wartime-pa-react-festivalen\/"]}],"@context":"https:\/\/schema.org","startDate":"2026-04-23","endDate":"2026-05-10","eventStatus":"EventScheduled","eventAttendanceMode":"OfflineEventAttendanceMode","location":{"@type":"place","name":"Stockholm, G\u00f6teborg, Norrk\u00f6ping, Skellefte\u00e5","address":"Stockholm, G\u00f6teborg, Norrk\u00f6ping, Skellefte\u00e5","geo":{"@type":"GeoCoordinates","latitude":"60.656530151391024","longitude":"16.080865056940116"}},"description":"Riksteaterns nya internationella turnerande festival, REACT, presenterar n\u00e5gra av v\u00e4rldens mest kompromissl\u00f6sa och angel\u00e4gna konstn\u00e4rskap. Festivalen ska vara \u00e5terkommande varje v\u00e5r och erbjuda publik fr\u00e5n norr till s\u00f6der p\u00e5 internationella scenkonstsucc\u00e9er av h\u00f6gsta kvalitet. REACT - Riksteaterns internationella festival sl\u00e5r upp portarna v\u00e5ren 2026.\nBILJETTERNA\nUnder REACT-festivalen i Stockholm m\u00f6ter Riksteaterns teaterchef och konstn\u00e4rliga ledare Drit\u00ebro Kasapi konstn\u00e4rer, journalister och teaterchefer i en rad sp\u00e4nnande samtal om konstens och yttrandefrihetens villkor i en omv\u00e4rld som alltmer pr\u00e4glas av krig, global oro och etno-nationalism.\nSanning och motst\u00e5nd\/Drit\u00ebro m\u00f6ter Michael Winiarski och Sofia Nyblom\nTid: 24 april kl. 17.00\u201317.45\nPlats: Teater 3 hos Riksteatern i Hallunda\nDet s\u00e4gs ibland att journalistik bygger p\u00e5 fakta och konsten tolkar verkligheten. Men vad h\u00e4nder n\u00e4r nyhetsfl\u00f6det inte l\u00e4ngre \u00e4r fritt, och kultur blir ett vapen? Var g\u00e5r gr\u00e4nsen mellan sanning och manipulerad dikt? Kan konsten bjuda motst\u00e5nd? \nV\u00e4lkommen till ett samtal om journalistens blick i v\u00e5r omv\u00e4rld och om relationen mellan kultur och politik med Michael Winiarski, utrikeskommentator p\u00e5 Dagens Nyheter, och Sofia Nyblom, analytiker och kulturjournalist. Sofia Nyblom modererar samtalet.\nL\u00e4s mer H\u00c4R\nOm f\u00f6rest\u00e4llningen MOTHERS A SONG FOR WARTIME av Marta G\u00f3rnicka.\nKrigets v\u00e5ld mot kvinnor f\u00f6ljer samma obarmh\u00e4rtiga m\u00f6nster genom historien. I dag st\u00e4ller kriget Europa inf\u00f6r sina mest grundl\u00e4ggande fr\u00e5gor: Vad \u00e4r v\u00e5rt ansvar n\u00e4r m\u00e4nniskor befinner sig i fara? Hur skyddar vi oss sj\u00e4lva och varandra?\nUtifr\u00e5n vittnesm\u00e5l fr\u00e5n m\u00f6drar och barn i Ukraina, Belarus och Polen har regiss\u00f6ren Marta G\u00f3rnicka skapat en of\u00f6rgl\u00f6mlig k\u00f6rf\u00f6rest\u00e4llning. Tillsammans med 21 kvinnor i \u00e5ldrarna 9 till 72 \u00e5r, m\u00f6drar och d\u00f6ttrar som sj\u00e4lva har flytt krig, flytt f\u00f6rf\u00f6ljelse eller \u00f6ppnat sina hem f\u00f6r dem som beh\u00f6ver skydd formas MOTHERS A SONG FOR WARTIME. Ensemblen representeras av personer med skilda politiska erfarenheter och livsber\u00e4ttelser, n\u00e5gra av dem \u00f6verlevare fr\u00e5n Mariupol, Kyiv, Irpin och Charkiv.\nG\u00f3rnicka, som ocks\u00e5 \u00e4r grundare av Political Voice Institute vid Maxim Gorki Theater i Berlin, s\u00f6ker h\u00e4r en k\u00f6rst\u00e4mma som r\u00f6r sig utanf\u00f6r operans ramar, inspirerad av de kvinnliga k\u00f6rerna fr\u00e5n 700-talet f\u00f6re Kristus. F\u00f6rest\u00e4llningen \u00e4r skapad av ukrainska ramsor, traditionella s\u00e5nger, besv\u00e4rjelser och politiska utsagor som bildar ett ljudlandskap d\u00e4r vardag, trauma och motst\u00e5nd tar plats sida vid sida.\nL\u00e4s mer p\u00e5 festivalens officiella hemsida\nMer om Marta G\u00f3rnicka och MOTHERS hittar du H\u00c4R"},{"@type":"ImageObject","inLanguage":"pl-PL","@id":"https:\/\/instytutpolski.pl\/stockholm\/2026\/01\/12\/mothers-a-song-for-wartime-pa-react-festivalen\/#primaryimage","url":"https:\/\/instytutpolski.pl\/stockholm\/wp-content\/uploads\/sites\/17\/2026\/01\/Hemsida_banners.jpg","contentUrl":"https:\/\/instytutpolski.pl\/stockholm\/wp-content\/uploads\/sites\/17\/2026\/01\/Hemsida_banners.jpg","width":1120,"height":630},{"@type":"BreadcrumbList","@id":"https:\/\/instytutpolski.pl\/stockholm\/2026\/01\/12\/mothers-a-song-for-wartime-pa-react-festivalen\/#breadcrumb","itemListElement":[{"@type":"ListItem","position":1,"name":"Home","item":"https:\/\/instytutpolski.pl\/stockholm\/"},{"@type":"ListItem","position":2,"name":"MOTHERS. A SONG FOR WARTIME p\u00e5 REACT-festivalen"}]},{"@type":"WebSite","@id":"https:\/\/instytutpolski.pl\/stockholm\/#website","url":"https:\/\/instytutpolski.pl\/stockholm\/","name":"Instytut Polski w Sztokholmie","description":"Instytuty Polskie","potentialAction":[{"@type":"SearchAction","target":{"@type":"EntryPoint","urlTemplate":"https:\/\/instytutpolski.pl\/stockholm\/?s={search_term_string}"},"query-input":{"@type":"PropertyValueSpecification","valueRequired":true,"valueName":"search_term_string"}}],"inLanguage":"pl-PL"},{"@type":"Person","@id":"https:\/\/instytutpolski.pl\/stockholm\/#\/schema\/person\/866a2c0f4ccf0982a286809684f7bc1e","name":"treichelp","image":{"@type":"ImageObject","inLanguage":"pl-PL","@id":"https:\/\/instytutpolski.pl\/stockholm\/#\/schema\/person\/image\/","url":"https:\/\/secure.gravatar.com\/avatar\/fb2c1caae0df0854742a56fc463dd1fb?s=96&d=mm&r=g","contentUrl":"https:\/\/secure.gravatar.com\/avatar\/fb2c1caae0df0854742a56fc463dd1fb?s=96&d=mm&r=g","caption":"treichelp"},"url":"https:\/\/instytutpolski.pl\/stockholm\/author\/treichelp\/"}]}},"_links":{"self":[{"href":"https:\/\/instytutpolski.pl\/stockholm\/wp-json\/wp\/v2\/posts\/14792","targetHints":{"allow":["GET"]}}],"collection":[{"href":"https:\/\/instytutpolski.pl\/stockholm\/wp-json\/wp\/v2\/posts"}],"about":[{"href":"https:\/\/instytutpolski.pl\/stockholm\/wp-json\/wp\/v2\/types\/post"}],"author":[{"embeddable":true,"href":"https:\/\/instytutpolski.pl\/stockholm\/wp-json\/wp\/v2\/users\/173"}],"replies":[{"embeddable":true,"href":"https:\/\/instytutpolski.pl\/stockholm\/wp-json\/wp\/v2\/comments?post=14792"}],"version-history":[{"count":13,"href":"https:\/\/instytutpolski.pl\/stockholm\/wp-json\/wp\/v2\/posts\/14792\/revisions"}],"predecessor-version":[{"id":15451,"href":"https:\/\/instytutpolski.pl\/stockholm\/wp-json\/wp\/v2\/posts\/14792\/revisions\/15451"}],"wp:featuredmedia":[{"embeddable":true,"href":"https:\/\/instytutpolski.pl\/stockholm\/wp-json\/wp\/v2\/media\/14793"}],"wp:attachment":[{"href":"https:\/\/instytutpolski.pl\/stockholm\/wp-json\/wp\/v2\/media?parent=14792"}],"wp:term":[{"taxonomy":"category","embeddable":true,"href":"https:\/\/instytutpolski.pl\/stockholm\/wp-json\/wp\/v2\/categories?post=14792"},{"taxonomy":"post_tag","embeddable":true,"href":"https:\/\/instytutpolski.pl\/stockholm\/wp-json\/wp\/v2\/tags?post=14792"}],"curies":[{"name":"wp","href":"https:\/\/api.w.org\/{rel}","templated":true}]}}