{"id":14798,"date":"2026-01-12T10:26:31","date_gmt":"2026-01-12T09:26:31","guid":{"rendered":"https:\/\/instytutpolski.pl\/stockholm\/?p=14798"},"modified":"2026-04-22T14:39:08","modified_gmt":"2026-04-22T12:39:08","slug":"matki-piesn-na-czas-wojny-na-festiwalu-react","status":"publish","type":"post","link":"https:\/\/instytutpolski.pl\/stockholm\/pl\/2026\/01\/12\/matki-piesn-na-czas-wojny-na-festiwalu-react\/","title":{"rendered":"MATKI. PIE\u015a\u0143 NA CZAS WOJNY i panel &#8222;Prawda i op\u00f3r&#8221; na festiwalu REACT"},"content":{"rendered":"\n<p>REACT to nowy mi\u0119dzynarodowy festiwal objazdowy Riksteatern, kt\u00f3rego inauguracja odb\u0119dzie si\u0119 wiosn\u0105 2026 roku. Festiwal prezentuje wybrane spektakle teatralne wyr\u00f3\u017cniaj\u0105ce si\u0119 bezkompromisowym j\u0119zykiem artystycznym i podejmuj\u0105ce najbardziej pal\u0105ce kwestie wsp\u00f3\u0142czesnego \u015bwiata. Wydarzenie b\u0119dzie odbywa\u0107 si\u0119 cyklicznie ka\u017cdej wiosny, oferuj\u0105c publiczno\u015bci \u2013 od p\u00f3\u0142nocy po po\u0142udnie Szwecji \u2013 najwy\u017cszej jako\u015bci mi\u0119dzynarodowe produkcje sceniczne.<\/p>\n\n\n\n<p><a href=\"https:\/\/www.riksteatern.se\/react-riksteaterns-internationella-festival\/mothers-a-song-for-wartime\/#:~:text=Mickiewicz%20Institute.-,Hallunda\/Stockholm,-23%20april%20kl\" target=\"_blank\" rel=\"noreferrer noopener\">BILETY<\/a><\/p>\n\n\n\n<hr class=\"wp-block-separator has-alpha-channel-opacity\" \/>\n\n\n\n<p>Podczas festiwalu REACT w Sztokholmie dyrektor teatru i dyrektor artystyczny Riksteatern, Drit\u00ebro Kasapi, spotyka si\u0119 z artystami, dziennikarzami i dyrektorami teatr\u00f3w w serii inspiruj\u0105cych rozm\u00f3w na temat warunk\u00f3w funkcjonowania sztuki i wolno\u015bci s\u0142owa w \u015bwiecie coraz silniej naznaczonym wojn\u0105, globalnym niepokojem i etnonacjonalizmem.<\/p>\n\n\n\n<p><strong>Prawda i op\u00f3r \/ Drit\u00ebro rozmawia z Michaelem Winiarskim i Sofi\u0105 Nyblom<\/strong><\/p>\n\n\n\n<p><strong>Czas: 24 kwietnia, godz. 17:00\u201317:45<\/strong><\/p>\n\n\n\n<p><strong>Miejsce: Teater 3 w Riksteatern, Hallunda<\/strong><\/p>\n\n\n\n<p>Cz\u0119sto m\u00f3wi si\u0119, \u017ce dziennikarstwo opiera si\u0119 na faktach, a sztuka interpretuje rzeczywisto\u015b\u0107. Co jednak dzieje si\u0119, gdy przep\u0142yw informacji przestaje by\u0107 wolny, a kultura staje si\u0119 narz\u0119dziem walki? Gdzie przebiega granica mi\u0119dzy prawd\u0105 a zmanipulowan\u0105 fikcj\u0105? Czy sztuka mo\u017ce stawia\u0107 op\u00f3r?<\/p>\n\n\n\n<p>Zapraszamy na rozmow\u0119 o spojrzeniu dziennikarza na wsp\u00f3\u0142czesny \u015bwiat oraz o relacji mi\u0119dzy kultur\u0105 a polityk\u0105 z udzia\u0142em Michaela Winiarskiego, komentatora ds. mi\u0119dzynarodowych w \u201eDagens Nyheter\u201d, oraz Sofii Nyblom, analityczki i dziennikarki kulturalnej. Spotkanie poprowadzi Sofia Nyblom.<\/p>\n\n\n\n<p>Wydarzenie organizowane jest we wsp\u00f3\u0142pracy z Polskim Instytutem w Sztokholmie.<\/p>\n\n\n\n<p>Wi\u0119cej informacji znajdziesz <a href=\"https:\/\/www.riksteatern.se\/react-riksteaterns-internationella-festival\/dritero-moter--samlingssida\/#:~:text=Sanning%20och%20motst%C3%A5nd\/Drit%C3%ABro%20m%C3%B6ter%20Michael%20Winiarski%20och%20Sofia%20Nyblom\" target=\"_blank\" rel=\"noreferrer noopener\">TUTAJ<\/a><\/p>\n\n\n\n<hr class=\"wp-block-separator has-alpha-channel-opacity\" \/>\n\n\n\n<p class=\"has-text-align-center\"><em><span style=\"text-decoration: underline\">O spektaklu MATKI. PIE\u015a\u0143 NA CZAS WOJNY Marty G\u00f3rnickiej.<\/span><\/em><\/p>\n\n\n\n<p>Przemoc wojny wobec kobiet od wiek\u00f3w pod\u0105\u017ca tym samym bezlitosnym schematem. Dzi\u015b wojna stawia Europ\u0119 wobec najbardziej fundamentalnych pyta\u0144: Co nale\u017cy robi\u0107, gdy ludzie znajduj\u0105 si\u0119 w niebezpiecze\u0144stwie? Jak chroni\u0107 siebie nawzajem?<\/p>\n\n\n\n<p>Na podstawie \u015bwiadectw matek i dzieci z Ukrainy, Bia\u0142orusi i Polski re\u017cyserka Marta G\u00f3rnicka stworzy\u0142a niezapomniane przedstawienie ch\u00f3ralne. Wraz z 21 kobietami w wieku od 9 do 72 lat \u2013 matkami i c\u00f3rkami, kt\u00f3re same uciek\u0142y przed wojn\u0105, przed prze\u015bladowaniami lub otworzy\u0142y swoje domy dla tych, kt\u00f3rzy potrzebuj\u0105 schronienia \u2013 powsta\u0142 spektakl ch\u00f3ralny MATKI. PIE\u015a\u0143 NA CZAS WOJNY. Zesp\u00f3\u0142 tworz\u0105 osoby o r\u00f3\u017cnych do\u015bwiadczeniach politycznych i \u017cyciowych, w\u015br\u00f3d nich ocala\u0142e z Mariupola, Kijowa, Irpienia i Charkowa.<\/p>\n\n\n\n<p>G\u00f3rnicka, kt\u00f3ra jest r\u00f3wnie\u017c za\u0142o\u017cycielk\u0105 Political Voice Institute przy Maxim Gorki Theater w Berlinie, poszukuje tu formy ch\u00f3ru wykraczaj\u0105cej poza ramy opery, inspirowanej kobiecymi ch\u00f3rami z VII wieku p.n.e. Spektakl zbudowany jest z ukrai\u0144skich rymowanek, tradycyjnych pie\u015bni, zakl\u0119\u0107 i wypowiedzi politycznych, tworz\u0105cych pejza\u017c d\u017awi\u0119kowy, w kt\u00f3rym codzienno\u015b\u0107, trauma i op\u00f3r wsp\u00f3\u0142istniej\u0105 obok siebie.<\/p>\n\n\n\n<p>Wi\u0119cej informacji na temat festiwalu znajdziesz na <a href=\"https:\/\/www.riksteatern.se\/react-riksteaterns-internationella-festival\" target=\"_blank\" rel=\"noreferrer noopener\">oficjalnej stronie<\/a><\/p>\n\n\n\n<p>Wi\u0119cej o re\u017cyserce Marcie G\u00f3rnickiej i spektaklu MATKI znajdziesz <a href=\"https:\/\/gornicka.com\/\" target=\"_blank\" rel=\"noreferrer noopener\">TUTAJ<\/a><\/p>\n\n\n<div class=\"wp-block-image\">\n<figure class=\"aligncenter size-large\"><img loading=\"lazy\" decoding=\"async\" width=\"1024\" height=\"576\" src=\"https:\/\/instytutpolski.pl\/stockholm\/wp-content\/uploads\/sites\/17\/2026\/01\/REACT-MOTHERS-Foto-Bartek-Warzecha_\u00a9-1024x576.jpg\" alt=\"\" class=\"wp-image-14794\" srcset=\"https:\/\/instytutpolski.pl\/stockholm\/wp-content\/uploads\/sites\/17\/2026\/01\/REACT-MOTHERS-Foto-Bartek-Warzecha_\u00a9-1024x576.jpg 1024w, https:\/\/instytutpolski.pl\/stockholm\/wp-content\/uploads\/sites\/17\/2026\/01\/REACT-MOTHERS-Foto-Bartek-Warzecha_\u00a9-300x169.jpg 300w, https:\/\/instytutpolski.pl\/stockholm\/wp-content\/uploads\/sites\/17\/2026\/01\/REACT-MOTHERS-Foto-Bartek-Warzecha_\u00a9-768x432.jpg 768w, https:\/\/instytutpolski.pl\/stockholm\/wp-content\/uploads\/sites\/17\/2026\/01\/REACT-MOTHERS-Foto-Bartek-Warzecha_\u00a9.jpg 1120w\" sizes=\"auto, (max-width: 1024px) 100vw, 1024px\" \/><figcaption class=\"wp-element-caption\">REACT MOTHERS Foto Bartek Warzecha \u00a9 <\/figcaption><\/figure><\/div>\n\n\n<p><\/p>\n","protected":false},"excerpt":{"rendered":"<p>REACT to nowy mi\u0119dzynarodowy festiwal objazdowy Riksteatern, kt\u00f3rego inauguracja odb\u0119dzie si\u0119 wiosn\u0105 2026 roku. Festiwal prezentuje wybrane spektakle teatralne wyr\u00f3\u017cniaj\u0105ce si\u0119 bezkompromisowym j\u0119zykiem artystycznym i podejmuj\u0105ce najbardziej pal\u0105ce kwestie wsp\u00f3\u0142czesnego \u015bwiata. Wydarzenie b\u0119dzie odbywa\u0107 si\u0119 cyklicznie ka\u017cdej wiosny, oferuj\u0105c publiczno\u015bci \u2013 od p\u00f3\u0142nocy po po\u0142udnie Szwecji \u2013 najwy\u017cszej jako\u015bci mi\u0119dzynarodowe produkcje sceniczne. BILETY Podczas festiwalu [&hellip;]<\/p>\n","protected":false},"author":173,"featured_media":14793,"comment_status":"closed","ping_status":"closed","sticky":false,"template":"","format":"standard","meta":{"inline_featured_image":false,"_monsterinsights_skip_tracking":false,"_monsterinsights_sitenote_active":false,"_monsterinsights_sitenote_note":"","_monsterinsights_sitenote_category":0,"footnotes":""},"categories":[224,320,83,36],"tags":[],"class_list":["post-14798","post","type-post","status-publish","format-standard","has-post-thumbnail","hentry","category-aktualnosc-pl","category-artykuly-pl","category-teatr","category-wydarzenie"],"yoast_head":"<!-- This site is optimized with the Yoast SEO plugin v24.6 - https:\/\/yoast.com\/wordpress\/plugins\/seo\/ -->\n<title>MATKI. PIE\u015a\u0143 NA CZAS WOJNY i panel &quot;Prawda i op\u00f3r&quot; na festiwalu REACT - Instytut Polski w Sztokholmie<\/title>\n<meta name=\"robots\" content=\"index, follow, max-snippet:-1, max-image-preview:large, max-video-preview:-1\" \/>\n<link rel=\"canonical\" href=\"https:\/\/instytutpolski.pl\/stockholm\/pl\/2026\/01\/12\/matki-piesn-na-czas-wojny-na-festiwalu-react\/\" \/>\n<meta property=\"og:locale\" content=\"pl_PL\" \/>\n<meta property=\"og:type\" content=\"article\" \/>\n<meta property=\"og:title\" content=\"MATKI. PIE\u015a\u0143 NA CZAS WOJNY i panel &quot;Prawda i op\u00f3r&quot; na festiwalu REACT - Instytut Polski w Sztokholmie\" \/>\n<meta property=\"og:description\" content=\"REACT to nowy mi\u0119dzynarodowy festiwal objazdowy Riksteatern, kt\u00f3rego inauguracja odb\u0119dzie si\u0119 wiosn\u0105 2026 roku. Festiwal prezentuje wybrane spektakle teatralne wyr\u00f3\u017cniaj\u0105ce si\u0119 bezkompromisowym j\u0119zykiem artystycznym i podejmuj\u0105ce najbardziej pal\u0105ce kwestie wsp\u00f3\u0142czesnego \u015bwiata. Wydarzenie b\u0119dzie odbywa\u0107 si\u0119 cyklicznie ka\u017cdej wiosny, oferuj\u0105c publiczno\u015bci \u2013 od p\u00f3\u0142nocy po po\u0142udnie Szwecji \u2013 najwy\u017cszej jako\u015bci mi\u0119dzynarodowe produkcje sceniczne. BILETY Podczas festiwalu [&hellip;]\" \/>\n<meta property=\"og:url\" content=\"https:\/\/instytutpolski.pl\/stockholm\/pl\/2026\/01\/12\/matki-piesn-na-czas-wojny-na-festiwalu-react\/\" \/>\n<meta property=\"og:site_name\" content=\"Instytut Polski w Sztokholmie\" \/>\n<meta property=\"article:published_time\" content=\"2026-01-12T09:26:31+00:00\" \/>\n<meta property=\"article:modified_time\" content=\"2026-04-22T12:39:08+00:00\" \/>\n<meta property=\"og:image\" content=\"https:\/\/instytutpolski.pl\/stockholm\/wp-content\/uploads\/sites\/17\/2026\/01\/Hemsida_banners.jpg\" \/>\n\t<meta property=\"og:image:width\" content=\"1120\" \/>\n\t<meta property=\"og:image:height\" content=\"630\" \/>\n\t<meta property=\"og:image:type\" content=\"image\/jpeg\" \/>\n<meta name=\"author\" content=\"treichelp\" \/>\n<meta name=\"twitter:card\" content=\"summary_large_image\" \/>\n<meta name=\"twitter:label1\" content=\"Napisane przez\" \/>\n\t<meta name=\"twitter:data1\" content=\"treichelp\" \/>\n\t<meta name=\"twitter:label2\" content=\"Szacowany czas czytania\" \/>\n\t<meta name=\"twitter:data2\" content=\"3 minuty\" \/>\n<script type=\"application\/ld+json\" class=\"yoast-schema-graph\">{\"@context\":\"https:\/\/schema.org\",\"@graph\":[{\"@type\":\"event\",\"@id\":\"https:\/\/instytutpolski.pl\/stockholm\/pl\/2026\/01\/12\/matki-piesn-na-czas-wojny-na-festiwalu-react\/\",\"url\":\"https:\/\/instytutpolski.pl\/stockholm\/pl\/2026\/01\/12\/matki-piesn-na-czas-wojny-na-festiwalu-react\/\",\"name\":\"MATKI. PIE\u015a\u0143 NA CZAS WOJNY i panel \\\"Prawda i op\u00f3r\\\" na festiwalu REACT\",\"isPartOf\":{\"@id\":\"https:\/\/instytutpolski.pl\/stockholm\/#website\"},\"primaryImageOfPage\":{\"@id\":\"https:\/\/instytutpolski.pl\/stockholm\/pl\/2026\/01\/12\/matki-piesn-na-czas-wojny-na-festiwalu-react\/#primaryimage\"},\"image\":[\"https:\/\/instytutpolski.pl\/stockholm\/wp-content\/uploads\/sites\/17\/2026\/01\/Hemsida_banners.jpg\",\"https:\/\/instytutpolski.pl\/stockholm\/wp-content\/uploads\/sites\/17\/2026\/01\/Hemsida_banners-300x169.jpg\",\"https:\/\/instytutpolski.pl\/stockholm\/wp-content\/uploads\/sites\/17\/2026\/01\/Hemsida_banners-1024x576.jpg\",\"https:\/\/instytutpolski.pl\/stockholm\/wp-content\/uploads\/sites\/17\/2026\/01\/Hemsida_banners.jpg\"],\"thumbnailUrl\":\"https:\/\/instytutpolski.pl\/stockholm\/wp-content\/uploads\/sites\/17\/2026\/01\/Hemsida_banners.jpg\",\"datePublished\":\"2026-01-12T09:26:31+02:00\",\"dateModified\":\"2026-04-22T12:39:08+02:00\",\"author\":{\"@id\":\"https:\/\/instytutpolski.pl\/stockholm\/#\/schema\/person\/866a2c0f4ccf0982a286809684f7bc1e\"},\"breadcrumb\":{\"@id\":\"https:\/\/instytutpolski.pl\/stockholm\/pl\/2026\/01\/12\/matki-piesn-na-czas-wojny-na-festiwalu-react\/#breadcrumb\"},\"inLanguage\":\"pl-PL\",\"potentialAction\":[{\"@type\":\"ReadAction\",\"target\":[\"https:\/\/instytutpolski.pl\/stockholm\/pl\/2026\/01\/12\/matki-piesn-na-czas-wojny-na-festiwalu-react\/\"]}],\"@context\":\"https:\/\/schema.org\",\"startDate\":\"2026-04-23\",\"endDate\":\"2026-05-10\",\"eventStatus\":\"EventScheduled\",\"eventAttendanceMode\":\"OfflineEventAttendanceMode\",\"location\":{\"@type\":\"place\",\"name\":\"Sztokholm, G\u00f6teborg, Norrk\u00f6ping, Skellefte\u00e5\",\"address\":\"Sztokholm, G\u00f6teborg, Norrk\u00f6ping, Skellefte\u00e5\",\"geo\":{\"@type\":\"GeoCoordinates\",\"latitude\":\"60.656530151391024\",\"longitude\":\"16.080865056940116\"}},\"description\":\"REACT to nowy mi\u0119dzynarodowy festiwal objazdowy Riksteatern, kt\u00f3rego inauguracja odb\u0119dzie si\u0119 wiosn\u0105 2026 roku. Festiwal prezentuje wybrane spektakle teatralne wyr\u00f3\u017cniaj\u0105ce si\u0119 bezkompromisowym j\u0119zykiem artystycznym i podejmuj\u0105ce najbardziej pal\u0105ce kwestie wsp\u00f3\u0142czesnego \u015bwiata. Wydarzenie b\u0119dzie odbywa\u0107 si\u0119 cyklicznie ka\u017cdej wiosny, oferuj\u0105c publiczno\u015bci \u2013 od p\u00f3\u0142nocy po po\u0142udnie Szwecji \u2013 najwy\u017cszej jako\u015bci mi\u0119dzynarodowe produkcje sceniczne.\\nBILETY\\nPodczas festiwalu REACT w Sztokholmie dyrektor teatru i dyrektor artystyczny Riksteatern, Drit\u00ebro Kasapi, spotyka si\u0119 z artystami, dziennikarzami i dyrektorami teatr\u00f3w w serii inspiruj\u0105cych rozm\u00f3w na temat warunk\u00f3w funkcjonowania sztuki i wolno\u015bci s\u0142owa w \u015bwiecie coraz silniej naznaczonym wojn\u0105, globalnym niepokojem i etnonacjonalizmem.\\nPrawda i op\u00f3r \/ Drit\u00ebro rozmawia z Michaelem Winiarskim i Sofi\u0105 Nyblom\\nCzas: 24 kwietnia, godz. 17:00\u201317:45\\nMiejsce: Teater 3 w Riksteatern, Hallunda\\nCz\u0119sto m\u00f3wi si\u0119, \u017ce dziennikarstwo opiera si\u0119 na faktach, a sztuka interpretuje rzeczywisto\u015b\u0107. Co jednak dzieje si\u0119, gdy przep\u0142yw informacji przestaje by\u0107 wolny, a kultura staje si\u0119 narz\u0119dziem walki? Gdzie przebiega granica mi\u0119dzy prawd\u0105 a zmanipulowan\u0105 fikcj\u0105? Czy sztuka mo\u017ce stawia\u0107 op\u00f3r?\\nZapraszamy na rozmow\u0119 o spojrzeniu dziennikarza na wsp\u00f3\u0142czesny \u015bwiat oraz o relacji mi\u0119dzy kultur\u0105 a polityk\u0105 z udzia\u0142em Michaela Winiarskiego, komentatora ds. mi\u0119dzynarodowych w \u201eDagens Nyheter\u201d, oraz Sofii Nyblom, analityczki i dziennikarki kulturalnej. Spotkanie poprowadzi Sofia Nyblom.\\nWydarzenie organizowane jest we wsp\u00f3\u0142pracy z Polskim Instytutem w Sztokholmie.\\nWi\u0119cej informacji znajdziesz TUTAJ\\nO spektaklu MATKI. PIE\u015a\u0143 NA CZAS WOJNY Marty G\u00f3rnickiej.\\nPrzemoc wojny wobec kobiet od wiek\u00f3w pod\u0105\u017ca tym samym bezlitosnym schematem. Dzi\u015b wojna stawia Europ\u0119 wobec najbardziej fundamentalnych pyta\u0144: Co nale\u017cy robi\u0107, gdy ludzie znajduj\u0105 si\u0119 w niebezpiecze\u0144stwie? Jak chroni\u0107 siebie nawzajem?\\nNa podstawie \u015bwiadectw matek i dzieci z Ukrainy, Bia\u0142orusi i Polski re\u017cyserka Marta G\u00f3rnicka stworzy\u0142a niezapomniane przedstawienie ch\u00f3ralne. Wraz z 21 kobietami w wieku od 9 do 72 lat \u2013 matkami i c\u00f3rkami, kt\u00f3re same uciek\u0142y przed wojn\u0105, przed prze\u015bladowaniami lub otworzy\u0142y swoje domy dla tych, kt\u00f3rzy potrzebuj\u0105 schronienia \u2013 powsta\u0142 spektakl ch\u00f3ralny MATKI. PIE\u015a\u0143 NA CZAS WOJNY. Zesp\u00f3\u0142 tworz\u0105 osoby o r\u00f3\u017cnych do\u015bwiadczeniach politycznych i \u017cyciowych, w\u015br\u00f3d nich ocala\u0142e z Mariupola, Kijowa, Irpienia i Charkowa.\\nG\u00f3rnicka, kt\u00f3ra jest r\u00f3wnie\u017c za\u0142o\u017cycielk\u0105 Political Voice Institute przy Maxim Gorki Theater w Berlinie, poszukuje tu formy ch\u00f3ru wykraczaj\u0105cej poza ramy opery, inspirowanej kobiecymi ch\u00f3rami z VII wieku p.n.e. Spektakl zbudowany jest z ukrai\u0144skich rymowanek, tradycyjnych pie\u015bni, zakl\u0119\u0107 i wypowiedzi politycznych, tworz\u0105cych pejza\u017c d\u017awi\u0119kowy, w kt\u00f3rym codzienno\u015b\u0107, trauma i op\u00f3r wsp\u00f3\u0142istniej\u0105 obok siebie.\\nWi\u0119cej informacji na temat festiwalu znajdziesz na oficjalnej stronie\\nWi\u0119cej o re\u017cyserce Marcie G\u00f3rnickiej i spektaklu MATKI znajdziesz TUTAJ\"},{\"@type\":\"ImageObject\",\"inLanguage\":\"pl-PL\",\"@id\":\"https:\/\/instytutpolski.pl\/stockholm\/pl\/2026\/01\/12\/matki-piesn-na-czas-wojny-na-festiwalu-react\/#primaryimage\",\"url\":\"https:\/\/instytutpolski.pl\/stockholm\/wp-content\/uploads\/sites\/17\/2026\/01\/Hemsida_banners.jpg\",\"contentUrl\":\"https:\/\/instytutpolski.pl\/stockholm\/wp-content\/uploads\/sites\/17\/2026\/01\/Hemsida_banners.jpg\",\"width\":1120,\"height\":630},{\"@type\":\"BreadcrumbList\",\"@id\":\"https:\/\/instytutpolski.pl\/stockholm\/pl\/2026\/01\/12\/matki-piesn-na-czas-wojny-na-festiwalu-react\/#breadcrumb\",\"itemListElement\":[{\"@type\":\"ListItem\",\"position\":1,\"name\":\"Home\",\"item\":\"https:\/\/instytutpolski.pl\/stockholm\/\"},{\"@type\":\"ListItem\",\"position\":2,\"name\":\"MATKI. PIE\u015a\u0143 NA CZAS WOJNY i panel &#8222;Prawda i op\u00f3r&#8221; na festiwalu REACT\"}]},{\"@type\":\"WebSite\",\"@id\":\"https:\/\/instytutpolski.pl\/stockholm\/#website\",\"url\":\"https:\/\/instytutpolski.pl\/stockholm\/\",\"name\":\"Instytut Polski w Sztokholmie\",\"description\":\"Instytuty Polskie\",\"potentialAction\":[{\"@type\":\"SearchAction\",\"target\":{\"@type\":\"EntryPoint\",\"urlTemplate\":\"https:\/\/instytutpolski.pl\/stockholm\/?s={search_term_string}\"},\"query-input\":{\"@type\":\"PropertyValueSpecification\",\"valueRequired\":true,\"valueName\":\"search_term_string\"}}],\"inLanguage\":\"pl-PL\"},{\"@type\":\"Person\",\"@id\":\"https:\/\/instytutpolski.pl\/stockholm\/#\/schema\/person\/866a2c0f4ccf0982a286809684f7bc1e\",\"name\":\"treichelp\",\"image\":{\"@type\":\"ImageObject\",\"inLanguage\":\"pl-PL\",\"@id\":\"https:\/\/instytutpolski.pl\/stockholm\/#\/schema\/person\/image\/\",\"url\":\"https:\/\/secure.gravatar.com\/avatar\/fb2c1caae0df0854742a56fc463dd1fb?s=96&d=mm&r=g\",\"contentUrl\":\"https:\/\/secure.gravatar.com\/avatar\/fb2c1caae0df0854742a56fc463dd1fb?s=96&d=mm&r=g\",\"caption\":\"treichelp\"},\"url\":\"https:\/\/instytutpolski.pl\/stockholm\/author\/treichelp\/\"}]}<\/script>\n<!-- \/ Yoast SEO plugin. -->","yoast_head_json":{"title":"MATKI. PIE\u015a\u0143 NA CZAS WOJNY i panel \"Prawda i op\u00f3r\" na festiwalu REACT - Instytut Polski w Sztokholmie","robots":{"index":"index","follow":"follow","max-snippet":"max-snippet:-1","max-image-preview":"max-image-preview:large","max-video-preview":"max-video-preview:-1"},"canonical":"https:\/\/instytutpolski.pl\/stockholm\/pl\/2026\/01\/12\/matki-piesn-na-czas-wojny-na-festiwalu-react\/","og_locale":"pl_PL","og_type":"article","og_title":"MATKI. PIE\u015a\u0143 NA CZAS WOJNY i panel \"Prawda i op\u00f3r\" na festiwalu REACT - Instytut Polski w Sztokholmie","og_description":"REACT to nowy mi\u0119dzynarodowy festiwal objazdowy Riksteatern, kt\u00f3rego inauguracja odb\u0119dzie si\u0119 wiosn\u0105 2026 roku. Festiwal prezentuje wybrane spektakle teatralne wyr\u00f3\u017cniaj\u0105ce si\u0119 bezkompromisowym j\u0119zykiem artystycznym i podejmuj\u0105ce najbardziej pal\u0105ce kwestie wsp\u00f3\u0142czesnego \u015bwiata. Wydarzenie b\u0119dzie odbywa\u0107 si\u0119 cyklicznie ka\u017cdej wiosny, oferuj\u0105c publiczno\u015bci \u2013 od p\u00f3\u0142nocy po po\u0142udnie Szwecji \u2013 najwy\u017cszej jako\u015bci mi\u0119dzynarodowe produkcje sceniczne. BILETY Podczas festiwalu [&hellip;]","og_url":"https:\/\/instytutpolski.pl\/stockholm\/pl\/2026\/01\/12\/matki-piesn-na-czas-wojny-na-festiwalu-react\/","og_site_name":"Instytut Polski w Sztokholmie","article_published_time":"2026-01-12T09:26:31+00:00","article_modified_time":"2026-04-22T12:39:08+00:00","og_image":[{"width":1120,"height":630,"url":"https:\/\/instytutpolski.pl\/stockholm\/wp-content\/uploads\/sites\/17\/2026\/01\/Hemsida_banners.jpg","type":"image\/jpeg"}],"author":"treichelp","twitter_card":"summary_large_image","twitter_misc":{"Napisane przez":"treichelp","Szacowany czas czytania":"3 minuty"},"schema":{"@context":"https:\/\/schema.org","@graph":[{"@type":"event","@id":"https:\/\/instytutpolski.pl\/stockholm\/pl\/2026\/01\/12\/matki-piesn-na-czas-wojny-na-festiwalu-react\/","url":"https:\/\/instytutpolski.pl\/stockholm\/pl\/2026\/01\/12\/matki-piesn-na-czas-wojny-na-festiwalu-react\/","name":"MATKI. PIE\u015a\u0143 NA CZAS WOJNY i panel \"Prawda i op\u00f3r\" na festiwalu REACT","isPartOf":{"@id":"https:\/\/instytutpolski.pl\/stockholm\/#website"},"primaryImageOfPage":{"@id":"https:\/\/instytutpolski.pl\/stockholm\/pl\/2026\/01\/12\/matki-piesn-na-czas-wojny-na-festiwalu-react\/#primaryimage"},"image":["https:\/\/instytutpolski.pl\/stockholm\/wp-content\/uploads\/sites\/17\/2026\/01\/Hemsida_banners.jpg","https:\/\/instytutpolski.pl\/stockholm\/wp-content\/uploads\/sites\/17\/2026\/01\/Hemsida_banners-300x169.jpg","https:\/\/instytutpolski.pl\/stockholm\/wp-content\/uploads\/sites\/17\/2026\/01\/Hemsida_banners-1024x576.jpg","https:\/\/instytutpolski.pl\/stockholm\/wp-content\/uploads\/sites\/17\/2026\/01\/Hemsida_banners.jpg"],"thumbnailUrl":"https:\/\/instytutpolski.pl\/stockholm\/wp-content\/uploads\/sites\/17\/2026\/01\/Hemsida_banners.jpg","datePublished":"2026-01-12T09:26:31+02:00","dateModified":"2026-04-22T12:39:08+02:00","author":{"@id":"https:\/\/instytutpolski.pl\/stockholm\/#\/schema\/person\/866a2c0f4ccf0982a286809684f7bc1e"},"breadcrumb":{"@id":"https:\/\/instytutpolski.pl\/stockholm\/pl\/2026\/01\/12\/matki-piesn-na-czas-wojny-na-festiwalu-react\/#breadcrumb"},"inLanguage":"pl-PL","potentialAction":[{"@type":"ReadAction","target":["https:\/\/instytutpolski.pl\/stockholm\/pl\/2026\/01\/12\/matki-piesn-na-czas-wojny-na-festiwalu-react\/"]}],"@context":"https:\/\/schema.org","startDate":"2026-04-23","endDate":"2026-05-10","eventStatus":"EventScheduled","eventAttendanceMode":"OfflineEventAttendanceMode","location":{"@type":"place","name":"Sztokholm, G\u00f6teborg, Norrk\u00f6ping, Skellefte\u00e5","address":"Sztokholm, G\u00f6teborg, Norrk\u00f6ping, Skellefte\u00e5","geo":{"@type":"GeoCoordinates","latitude":"60.656530151391024","longitude":"16.080865056940116"}},"description":"REACT to nowy mi\u0119dzynarodowy festiwal objazdowy Riksteatern, kt\u00f3rego inauguracja odb\u0119dzie si\u0119 wiosn\u0105 2026 roku. Festiwal prezentuje wybrane spektakle teatralne wyr\u00f3\u017cniaj\u0105ce si\u0119 bezkompromisowym j\u0119zykiem artystycznym i podejmuj\u0105ce najbardziej pal\u0105ce kwestie wsp\u00f3\u0142czesnego \u015bwiata. Wydarzenie b\u0119dzie odbywa\u0107 si\u0119 cyklicznie ka\u017cdej wiosny, oferuj\u0105c publiczno\u015bci \u2013 od p\u00f3\u0142nocy po po\u0142udnie Szwecji \u2013 najwy\u017cszej jako\u015bci mi\u0119dzynarodowe produkcje sceniczne.\nBILETY\nPodczas festiwalu REACT w Sztokholmie dyrektor teatru i dyrektor artystyczny Riksteatern, Drit\u00ebro Kasapi, spotyka si\u0119 z artystami, dziennikarzami i dyrektorami teatr\u00f3w w serii inspiruj\u0105cych rozm\u00f3w na temat warunk\u00f3w funkcjonowania sztuki i wolno\u015bci s\u0142owa w \u015bwiecie coraz silniej naznaczonym wojn\u0105, globalnym niepokojem i etnonacjonalizmem.\nPrawda i op\u00f3r \/ Drit\u00ebro rozmawia z Michaelem Winiarskim i Sofi\u0105 Nyblom\nCzas: 24 kwietnia, godz. 17:00\u201317:45\nMiejsce: Teater 3 w Riksteatern, Hallunda\nCz\u0119sto m\u00f3wi si\u0119, \u017ce dziennikarstwo opiera si\u0119 na faktach, a sztuka interpretuje rzeczywisto\u015b\u0107. Co jednak dzieje si\u0119, gdy przep\u0142yw informacji przestaje by\u0107 wolny, a kultura staje si\u0119 narz\u0119dziem walki? Gdzie przebiega granica mi\u0119dzy prawd\u0105 a zmanipulowan\u0105 fikcj\u0105? Czy sztuka mo\u017ce stawia\u0107 op\u00f3r?\nZapraszamy na rozmow\u0119 o spojrzeniu dziennikarza na wsp\u00f3\u0142czesny \u015bwiat oraz o relacji mi\u0119dzy kultur\u0105 a polityk\u0105 z udzia\u0142em Michaela Winiarskiego, komentatora ds. mi\u0119dzynarodowych w \u201eDagens Nyheter\u201d, oraz Sofii Nyblom, analityczki i dziennikarki kulturalnej. Spotkanie poprowadzi Sofia Nyblom.\nWydarzenie organizowane jest we wsp\u00f3\u0142pracy z Polskim Instytutem w Sztokholmie.\nWi\u0119cej informacji znajdziesz TUTAJ\nO spektaklu MATKI. PIE\u015a\u0143 NA CZAS WOJNY Marty G\u00f3rnickiej.\nPrzemoc wojny wobec kobiet od wiek\u00f3w pod\u0105\u017ca tym samym bezlitosnym schematem. Dzi\u015b wojna stawia Europ\u0119 wobec najbardziej fundamentalnych pyta\u0144: Co nale\u017cy robi\u0107, gdy ludzie znajduj\u0105 si\u0119 w niebezpiecze\u0144stwie? Jak chroni\u0107 siebie nawzajem?\nNa podstawie \u015bwiadectw matek i dzieci z Ukrainy, Bia\u0142orusi i Polski re\u017cyserka Marta G\u00f3rnicka stworzy\u0142a niezapomniane przedstawienie ch\u00f3ralne. Wraz z 21 kobietami w wieku od 9 do 72 lat \u2013 matkami i c\u00f3rkami, kt\u00f3re same uciek\u0142y przed wojn\u0105, przed prze\u015bladowaniami lub otworzy\u0142y swoje domy dla tych, kt\u00f3rzy potrzebuj\u0105 schronienia \u2013 powsta\u0142 spektakl ch\u00f3ralny MATKI. PIE\u015a\u0143 NA CZAS WOJNY. Zesp\u00f3\u0142 tworz\u0105 osoby o r\u00f3\u017cnych do\u015bwiadczeniach politycznych i \u017cyciowych, w\u015br\u00f3d nich ocala\u0142e z Mariupola, Kijowa, Irpienia i Charkowa.\nG\u00f3rnicka, kt\u00f3ra jest r\u00f3wnie\u017c za\u0142o\u017cycielk\u0105 Political Voice Institute przy Maxim Gorki Theater w Berlinie, poszukuje tu formy ch\u00f3ru wykraczaj\u0105cej poza ramy opery, inspirowanej kobiecymi ch\u00f3rami z VII wieku p.n.e. Spektakl zbudowany jest z ukrai\u0144skich rymowanek, tradycyjnych pie\u015bni, zakl\u0119\u0107 i wypowiedzi politycznych, tworz\u0105cych pejza\u017c d\u017awi\u0119kowy, w kt\u00f3rym codzienno\u015b\u0107, trauma i op\u00f3r wsp\u00f3\u0142istniej\u0105 obok siebie.\nWi\u0119cej informacji na temat festiwalu znajdziesz na oficjalnej stronie\nWi\u0119cej o re\u017cyserce Marcie G\u00f3rnickiej i spektaklu MATKI znajdziesz TUTAJ"},{"@type":"ImageObject","inLanguage":"pl-PL","@id":"https:\/\/instytutpolski.pl\/stockholm\/pl\/2026\/01\/12\/matki-piesn-na-czas-wojny-na-festiwalu-react\/#primaryimage","url":"https:\/\/instytutpolski.pl\/stockholm\/wp-content\/uploads\/sites\/17\/2026\/01\/Hemsida_banners.jpg","contentUrl":"https:\/\/instytutpolski.pl\/stockholm\/wp-content\/uploads\/sites\/17\/2026\/01\/Hemsida_banners.jpg","width":1120,"height":630},{"@type":"BreadcrumbList","@id":"https:\/\/instytutpolski.pl\/stockholm\/pl\/2026\/01\/12\/matki-piesn-na-czas-wojny-na-festiwalu-react\/#breadcrumb","itemListElement":[{"@type":"ListItem","position":1,"name":"Home","item":"https:\/\/instytutpolski.pl\/stockholm\/"},{"@type":"ListItem","position":2,"name":"MATKI. PIE\u015a\u0143 NA CZAS WOJNY i panel &#8222;Prawda i op\u00f3r&#8221; na festiwalu REACT"}]},{"@type":"WebSite","@id":"https:\/\/instytutpolski.pl\/stockholm\/#website","url":"https:\/\/instytutpolski.pl\/stockholm\/","name":"Instytut Polski w Sztokholmie","description":"Instytuty Polskie","potentialAction":[{"@type":"SearchAction","target":{"@type":"EntryPoint","urlTemplate":"https:\/\/instytutpolski.pl\/stockholm\/?s={search_term_string}"},"query-input":{"@type":"PropertyValueSpecification","valueRequired":true,"valueName":"search_term_string"}}],"inLanguage":"pl-PL"},{"@type":"Person","@id":"https:\/\/instytutpolski.pl\/stockholm\/#\/schema\/person\/866a2c0f4ccf0982a286809684f7bc1e","name":"treichelp","image":{"@type":"ImageObject","inLanguage":"pl-PL","@id":"https:\/\/instytutpolski.pl\/stockholm\/#\/schema\/person\/image\/","url":"https:\/\/secure.gravatar.com\/avatar\/fb2c1caae0df0854742a56fc463dd1fb?s=96&d=mm&r=g","contentUrl":"https:\/\/secure.gravatar.com\/avatar\/fb2c1caae0df0854742a56fc463dd1fb?s=96&d=mm&r=g","caption":"treichelp"},"url":"https:\/\/instytutpolski.pl\/stockholm\/author\/treichelp\/"}]}},"_links":{"self":[{"href":"https:\/\/instytutpolski.pl\/stockholm\/wp-json\/wp\/v2\/posts\/14798","targetHints":{"allow":["GET"]}}],"collection":[{"href":"https:\/\/instytutpolski.pl\/stockholm\/wp-json\/wp\/v2\/posts"}],"about":[{"href":"https:\/\/instytutpolski.pl\/stockholm\/wp-json\/wp\/v2\/types\/post"}],"author":[{"embeddable":true,"href":"https:\/\/instytutpolski.pl\/stockholm\/wp-json\/wp\/v2\/users\/173"}],"replies":[{"embeddable":true,"href":"https:\/\/instytutpolski.pl\/stockholm\/wp-json\/wp\/v2\/comments?post=14798"}],"version-history":[{"count":10,"href":"https:\/\/instytutpolski.pl\/stockholm\/wp-json\/wp\/v2\/posts\/14798\/revisions"}],"predecessor-version":[{"id":15434,"href":"https:\/\/instytutpolski.pl\/stockholm\/wp-json\/wp\/v2\/posts\/14798\/revisions\/15434"}],"wp:featuredmedia":[{"embeddable":true,"href":"https:\/\/instytutpolski.pl\/stockholm\/wp-json\/wp\/v2\/media\/14793"}],"wp:attachment":[{"href":"https:\/\/instytutpolski.pl\/stockholm\/wp-json\/wp\/v2\/media?parent=14798"}],"wp:term":[{"taxonomy":"category","embeddable":true,"href":"https:\/\/instytutpolski.pl\/stockholm\/wp-json\/wp\/v2\/categories?post=14798"},{"taxonomy":"post_tag","embeddable":true,"href":"https:\/\/instytutpolski.pl\/stockholm\/wp-json\/wp\/v2\/tags?post=14798"}],"curies":[{"name":"wp","href":"https:\/\/api.w.org\/{rel}","templated":true}]}}