{"id":151,"date":"2019-06-05T14:02:11","date_gmt":"2019-06-05T12:02:11","guid":{"rendered":"https:\/\/instytutpolski.pl\/sztokholm\/?p=151"},"modified":"2020-06-03T19:20:51","modified_gmt":"2020-06-03T17:20:51","slug":"fokus-polsk-film-i-goteborg","status":"publish","type":"post","link":"https:\/\/instytutpolski.pl\/stockholm\/2019\/06\/05\/fokus-polsk-film-i-goteborg\/","title":{"rendered":"Fokus Polsk film i G\u00f6teborg"},"content":{"rendered":"\n<p><strong>22 maj, 29 maj, 5 juni 2019 kl 18.15<br>Hagabion<br>Linn\u00e9gatan 21, G\u00f6teborg<br><\/strong><br><strong><br>22\/5 kl 18.15&nbsp;<br>EN DAG TILL ATT LEVA \/Jeszcze dzie\u0144 \u017cycia av Damian Nenow och Ra\u00fal de la Fuente<\/strong><br><br>Warsawa, 1975. Ryszard Kapuscinski \u00e4r en krigskorrespondent med veteranstatus, en idealist och en anh\u00e4ngare av hoppl\u00f6sa fall och revolutioner. P\u00e5 polska nyhetsbyr\u00e5n \u00f6vertalar han sin chef att \u00e5ka till Angola d\u00e4r ett blodigt inb\u00f6rdeskrig har utl\u00f6sts efter landets sj\u00e4lvst\u00e4ndighetsf\u00f6rklaring. Han \u00e5tar sig ett sj\u00e4lvmordsuppdrag: att \u00e5ka in i hj\u00e4rtat av inb\u00f6rdeskriget. V\u00e4l d\u00e4r vittnar han \u00e4n en g\u00e5ng krigets brutala verklighet och uppt\u00e4cker en hj\u00e4lpl\u00f6shet som tidigare varit fr\u00e4mmande f\u00f6r honom. Angola f\u00f6r\u00e4ndrar honom f\u00f6r alltid: det var en journalist som l\u00e4mnade Polen och tillbaka kom en f\u00f6rfattare.<br>Baserad p\u00e5 v\u00e4rldsk\u00e4nda reportern och f\u00f6rfattaren Ryszard Kapuscinskis memoarer \u00e4r En dag till att leva en unik och imponerande animerad film i samma anda som Waltz with Bashir. En film med h\u00e4pnadsv\u00e4ckande animation och en otrolig ber\u00e4ttelse baserad p\u00e5 en verklig historia. Filmen fick str\u00e5lande kritik efter premi\u00e4ren p\u00e5 filmfestivalen i Cannes och vann Publikens pris p\u00e5 filmfestival i San Sebastian. Filmen har \u00e4ven vunnit priset f\u00f6r B\u00e4sta animerade film p\u00e5 European Film Awards.<br><strong><br>29\/5 kl 18.15&nbsp;<br>KVINNAN SOM GL\u00d6MDE SITT F\u00d6RFLUTNA \/ Fuga av Agnieszka Smoczy\u0144ska<\/strong><br><br>Du \u00e4r bara en av m\u00e5nga versioner av dig sj\u00e4lv. Alicja drabbas av minnesf\u00f6rlust och k\u00e4mpar f\u00f6r att \u00e5terskapa sitt sj\u00e4lvst\u00e4ndiga liv. N\u00e4r hon ett par \u00e5r senare ber\u00e4ttar sin historia under en TV-s\u00e4ndning ringer en man in och s\u00e4ger sig k\u00e4nna igen henne som sin dotter.<br>Hon \u00e5terv\u00e4nder till landsbygden och sin familj och \u00e5terupptar motvilligt rollen som fru, som mor och som dotter. Hennes make och son k\u00e4nner inte igen kvinnan som stod dem s\u00e5 n\u00e4ra, och nu beter sig som en fr\u00e4mling. Alla nya k\u00e4nslor v\u00e4cker n\u00e5got nytt i henne \u2013 en inre l\u00e5ga.<br>Kvinnan som gl\u00f6mde sitt f\u00f6rflutna handlar om moderskapets sociala tabu; om att kvinnor pressas att axla en given mammaroll, som om den biologiska m\u00f6jligheten att f\u00f6da barn automatisk inneb\u00e4r att alla kvinnor skulle vilja bli m\u00f6drar.<br><br><strong>5\/6 kl 18.15<br>ANSIKTE \/ Twarz av Ma\u0142gorzata Szumowska<\/strong><br><br>Jacek \u00e4r en kille som \u00e4lskar heavy metal, flickv\u00e4nnen och deras hund, medan hans familj, hans lilla hemstad och alla i f\u00f6rsamlingen mest ser honom som ett underh\u00e5llande freak.<br>Han arbetar p\u00e5 byggarbetsplatsen d\u00e4r v\u00e4rldens h\u00f6gsta Jesus-staty ska byggas, tills en allvarlig olycka vanst\u00e4ller hans ansikte. Helt pl\u00f6tsligt riktas alla blickar mot honom n\u00e4r han blir den f\u00f6rsta i landet att genomg\u00e5 en ansiktstransplantation.<\/p>\n\n\n\n<p><br>L\u00e4s mer:&nbsp;<a href=\"https:\/\/hagabion.se\/serie\/fokus-polsk-film\" target=\"_blank\" rel=\"noreferrer noopener\">https:\/\/hagabion.se\/serie\/fokus-polsk-film\/<\/a><\/p>\n","protected":false},"excerpt":{"rendered":"<p>22 maj, 29 maj, 5 juni 2019 kl 18.15HagabionLinn\u00e9gatan 21, G\u00f6teborg22\/5 kl 18.15&nbsp;EN DAG TILL ATT LEVA \/Jeszcze dzie\u0144 \u017cycia av Damian Nenow och Ra\u00fal de la Fuente Warsawa, 1975. Ryszard Kapuscinski \u00e4r en krigskorrespondent med veteranstatus, en idealist och en anh\u00e4ngare av hoppl\u00f6sa fall och revolutioner. P\u00e5 polska nyhetsbyr\u00e5n \u00f6vertalar han sin chef att [&hellip;]<\/p>\n","protected":false},"author":9,"featured_media":152,"comment_status":"open","ping_status":"open","sticky":false,"template":"","format":"standard","meta":{"inline_featured_image":false,"_monsterinsights_skip_tracking":false,"_monsterinsights_sitenote_active":false,"_monsterinsights_sitenote_note":"","_monsterinsights_sitenote_category":0,"footnotes":""},"categories":[12,95],"tags":[],"class_list":["post-151","post","type-post","status-publish","format-standard","has-post-thumbnail","hentry","category-evenemang","category-film-evenemang"],"yoast_head":"<!-- This site is optimized with the Yoast SEO plugin v24.6 - https:\/\/yoast.com\/wordpress\/plugins\/seo\/ -->\n<title>Fokus Polsk film i G\u00f6teborg - Instytut Polski w Sztokholmie<\/title>\n<meta name=\"robots\" content=\"index, follow, max-snippet:-1, max-image-preview:large, max-video-preview:-1\" \/>\n<link rel=\"canonical\" href=\"https:\/\/instytutpolski.pl\/stockholm\/2019\/06\/05\/fokus-polsk-film-i-goteborg\/\" \/>\n<meta property=\"og:locale\" content=\"pl_PL\" \/>\n<meta property=\"og:type\" content=\"article\" \/>\n<meta property=\"og:title\" content=\"Fokus Polsk film i G\u00f6teborg - Instytut Polski w Sztokholmie\" \/>\n<meta property=\"og:description\" content=\"22 maj, 29 maj, 5 juni 2019 kl 18.15HagabionLinn\u00e9gatan 21, G\u00f6teborg22\/5 kl 18.15&nbsp;EN DAG TILL ATT LEVA \/Jeszcze dzie\u0144 \u017cycia av Damian Nenow och Ra\u00fal de la Fuente Warsawa, 1975. Ryszard Kapuscinski \u00e4r en krigskorrespondent med veteranstatus, en idealist och en anh\u00e4ngare av hoppl\u00f6sa fall och revolutioner. P\u00e5 polska nyhetsbyr\u00e5n \u00f6vertalar han sin chef att [&hellip;]\" \/>\n<meta property=\"og:url\" content=\"https:\/\/instytutpolski.pl\/stockholm\/2019\/06\/05\/fokus-polsk-film-i-goteborg\/\" \/>\n<meta property=\"og:site_name\" content=\"Instytut Polski w Sztokholmie\" \/>\n<meta property=\"article:published_time\" content=\"2019-06-05T12:02:11+00:00\" \/>\n<meta property=\"article:modified_time\" content=\"2020-06-03T17:20:51+00:00\" \/>\n<meta property=\"og:image\" content=\"https:\/\/instytutpolski.pl\/stockholm\/wp-content\/uploads\/sites\/17\/2019\/06\/fokus-polsk-film-3.jpg\" \/>\n\t<meta property=\"og:image:width\" content=\"562\" \/>\n\t<meta property=\"og:image:height\" content=\"265\" \/>\n\t<meta property=\"og:image:type\" content=\"image\/jpeg\" \/>\n<meta name=\"twitter:card\" content=\"summary_large_image\" \/>\n<meta name=\"twitter:label1\" content=\"Napisane przez\" \/>\n\t<meta name=\"twitter:data1\" content=\"\" \/>\n\t<meta name=\"twitter:label2\" content=\"Szacowany czas czytania\" \/>\n\t<meta name=\"twitter:data2\" content=\"2 minuty\" \/>\n<script type=\"application\/ld+json\" class=\"yoast-schema-graph\">{\"@context\":\"https:\/\/schema.org\",\"@graph\":[{\"@type\":\"event\",\"@id\":\"https:\/\/instytutpolski.pl\/stockholm\/2019\/06\/05\/fokus-polsk-film-i-goteborg\/\",\"url\":\"https:\/\/instytutpolski.pl\/stockholm\/2019\/06\/05\/fokus-polsk-film-i-goteborg\/\",\"name\":\"Fokus Polsk film i G\u00f6teborg\",\"isPartOf\":{\"@id\":\"https:\/\/instytutpolski.pl\/stockholm\/#website\"},\"primaryImageOfPage\":{\"@id\":\"https:\/\/instytutpolski.pl\/stockholm\/2019\/06\/05\/fokus-polsk-film-i-goteborg\/#primaryimage\"},\"image\":[\"https:\/\/instytutpolski.pl\/stockholm\/wp-content\/uploads\/sites\/17\/2019\/06\/fokus-polsk-film-3.jpg\",\"https:\/\/instytutpolski.pl\/stockholm\/wp-content\/uploads\/sites\/17\/2019\/06\/fokus-polsk-film-3-300x141.jpg\",\"https:\/\/instytutpolski.pl\/stockholm\/wp-content\/uploads\/sites\/17\/2019\/06\/fokus-polsk-film-3.jpg\",\"https:\/\/instytutpolski.pl\/stockholm\/wp-content\/uploads\/sites\/17\/2019\/06\/fokus-polsk-film-3.jpg\"],\"thumbnailUrl\":\"https:\/\/instytutpolski.pl\/stockholm\/wp-content\/uploads\/sites\/17\/2019\/06\/fokus-polsk-film-3.jpg\",\"datePublished\":\"2019-06-05T12:02:11+02:00\",\"dateModified\":\"2020-06-03T17:20:51+02:00\",\"author\":{\"@id\":\"\"},\"breadcrumb\":{\"@id\":\"https:\/\/instytutpolski.pl\/stockholm\/2019\/06\/05\/fokus-polsk-film-i-goteborg\/#breadcrumb\"},\"inLanguage\":\"pl-PL\",\"potentialAction\":[{\"@type\":\"ReadAction\",\"target\":[\"https:\/\/instytutpolski.pl\/stockholm\/2019\/06\/05\/fokus-polsk-film-i-goteborg\/\"]}],\"@context\":\"https:\/\/schema.org\",\"startDate\":\"2019-05-22\",\"endDate\":\"2019-05-22\",\"eventStatus\":\"EventScheduled\",\"eventAttendanceMode\":\"OfflineEventAttendanceMode\",\"location\":{\"@type\":\"place\",\"name\":\"\",\"address\":\"\",\"geo\":{\"@type\":\"GeoCoordinates\",\"latitude\":\"\",\"longitude\":\"\"}},\"description\":\"22 maj, 29 maj, 5 juni 2019 kl 18.15HagabionLinn\u00e9gatan 21, G\u00f6teborg22\/5 kl 18.15 EN DAG TILL ATT LEVA \/Jeszcze dzie\u0144 \u017cycia av Damian Nenow och Ra\u00fal de la FuenteWarsawa, 1975. Ryszard Kapuscinski \u00e4r en krigskorrespondent med veteranstatus, en idealist och en anh\u00e4ngare av hoppl\u00f6sa fall och revolutioner. P\u00e5 polska nyhetsbyr\u00e5n \u00f6vertalar han sin chef att \u00e5ka till Angola d\u00e4r ett blodigt inb\u00f6rdeskrig har utl\u00f6sts efter landets sj\u00e4lvst\u00e4ndighetsf\u00f6rklaring. Han \u00e5tar sig ett sj\u00e4lvmordsuppdrag: att \u00e5ka in i hj\u00e4rtat av inb\u00f6rdeskriget. V\u00e4l d\u00e4r vittnar han \u00e4n en g\u00e5ng krigets brutala verklighet och uppt\u00e4cker en hj\u00e4lpl\u00f6shet som tidigare varit fr\u00e4mmande f\u00f6r honom. Angola f\u00f6r\u00e4ndrar honom f\u00f6r alltid: det var en journalist som l\u00e4mnade Polen och tillbaka kom en f\u00f6rfattare.Baserad p\u00e5 v\u00e4rldsk\u00e4nda reportern och f\u00f6rfattaren Ryszard Kapuscinskis memoarer \u00e4r En dag till att leva en unik och imponerande animerad film i samma anda som Waltz with Bashir. En film med h\u00e4pnadsv\u00e4ckande animation och en otrolig ber\u00e4ttelse baserad p\u00e5 en verklig historia. Filmen fick str\u00e5lande kritik efter premi\u00e4ren p\u00e5 filmfestivalen i Cannes och vann Publikens pris p\u00e5 filmfestival i San Sebastian. Filmen har \u00e4ven vunnit priset f\u00f6r B\u00e4sta animerade film p\u00e5 European Film Awards.29\/5 kl 18.15 KVINNAN SOM GL\u00d6MDE SITT F\u00d6RFLUTNA \/ Fuga av Agnieszka Smoczy\u0144skaDu \u00e4r bara en av m\u00e5nga versioner av dig sj\u00e4lv. Alicja drabbas av minnesf\u00f6rlust och k\u00e4mpar f\u00f6r att \u00e5terskapa sitt sj\u00e4lvst\u00e4ndiga liv. N\u00e4r hon ett par \u00e5r senare ber\u00e4ttar sin historia under en TV-s\u00e4ndning ringer en man in och s\u00e4ger sig k\u00e4nna igen henne som sin dotter.Hon \u00e5terv\u00e4nder till landsbygden och sin familj och \u00e5terupptar motvilligt rollen som fru, som mor och som dotter. Hennes make och son k\u00e4nner inte igen kvinnan som stod dem s\u00e5 n\u00e4ra, och nu beter sig som en fr\u00e4mling. Alla nya k\u00e4nslor v\u00e4cker n\u00e5got nytt i henne \u2013 en inre l\u00e5ga.Kvinnan som gl\u00f6mde sitt f\u00f6rflutna handlar om moderskapets sociala tabu; om att kvinnor pressas att axla en given mammaroll, som om den biologiska m\u00f6jligheten att f\u00f6da barn automatisk inneb\u00e4r att alla kvinnor skulle vilja bli m\u00f6drar.5\/6 kl 18.15ANSIKTE \/ Twarz av Ma\u0142gorzata SzumowskaJacek \u00e4r en kille som \u00e4lskar heavy metal, flickv\u00e4nnen och deras hund, medan hans familj, hans lilla hemstad och alla i f\u00f6rsamlingen mest ser honom som ett underh\u00e5llande freak.Han arbetar p\u00e5 byggarbetsplatsen d\u00e4r v\u00e4rldens h\u00f6gsta Jesus-staty ska byggas, tills en allvarlig olycka vanst\u00e4ller hans ansikte. Helt pl\u00f6tsligt riktas alla blickar mot honom n\u00e4r han blir den f\u00f6rsta i landet att genomg\u00e5 en ansiktstransplantation.\\nL\u00e4s mer: https:\/\/hagabion.se\/serie\/fokus-polsk-film\/\"},{\"@type\":\"ImageObject\",\"inLanguage\":\"pl-PL\",\"@id\":\"https:\/\/instytutpolski.pl\/stockholm\/2019\/06\/05\/fokus-polsk-film-i-goteborg\/#primaryimage\",\"url\":\"https:\/\/instytutpolski.pl\/stockholm\/wp-content\/uploads\/sites\/17\/2019\/06\/fokus-polsk-film-3.jpg\",\"contentUrl\":\"https:\/\/instytutpolski.pl\/stockholm\/wp-content\/uploads\/sites\/17\/2019\/06\/fokus-polsk-film-3.jpg\",\"width\":562,\"height\":265},{\"@type\":\"BreadcrumbList\",\"@id\":\"https:\/\/instytutpolski.pl\/stockholm\/2019\/06\/05\/fokus-polsk-film-i-goteborg\/#breadcrumb\",\"itemListElement\":[{\"@type\":\"ListItem\",\"position\":1,\"name\":\"Home\",\"item\":\"https:\/\/instytutpolski.pl\/stockholm\/\"},{\"@type\":\"ListItem\",\"position\":2,\"name\":\"Fokus Polsk film i G\u00f6teborg\"}]},{\"@type\":\"WebSite\",\"@id\":\"https:\/\/instytutpolski.pl\/stockholm\/#website\",\"url\":\"https:\/\/instytutpolski.pl\/stockholm\/\",\"name\":\"Instytut Polski w Sztokholmie\",\"description\":\"Instytuty Polskie\",\"potentialAction\":[{\"@type\":\"SearchAction\",\"target\":{\"@type\":\"EntryPoint\",\"urlTemplate\":\"https:\/\/instytutpolski.pl\/stockholm\/?s={search_term_string}\"},\"query-input\":{\"@type\":\"PropertyValueSpecification\",\"valueRequired\":true,\"valueName\":\"search_term_string\"}}],\"inLanguage\":\"pl-PL\"},{\"@type\":\"Person\",\"@id\":\"\",\"url\":\"https:\/\/instytutpolski.pl\/stockholm\/author\/\"}]}<\/script>\n<!-- \/ Yoast SEO plugin. -->","yoast_head_json":{"title":"Fokus Polsk film i G\u00f6teborg - Instytut Polski w Sztokholmie","robots":{"index":"index","follow":"follow","max-snippet":"max-snippet:-1","max-image-preview":"max-image-preview:large","max-video-preview":"max-video-preview:-1"},"canonical":"https:\/\/instytutpolski.pl\/stockholm\/2019\/06\/05\/fokus-polsk-film-i-goteborg\/","og_locale":"pl_PL","og_type":"article","og_title":"Fokus Polsk film i G\u00f6teborg - Instytut Polski w Sztokholmie","og_description":"22 maj, 29 maj, 5 juni 2019 kl 18.15HagabionLinn\u00e9gatan 21, G\u00f6teborg22\/5 kl 18.15&nbsp;EN DAG TILL ATT LEVA \/Jeszcze dzie\u0144 \u017cycia av Damian Nenow och Ra\u00fal de la Fuente Warsawa, 1975. Ryszard Kapuscinski \u00e4r en krigskorrespondent med veteranstatus, en idealist och en anh\u00e4ngare av hoppl\u00f6sa fall och revolutioner. P\u00e5 polska nyhetsbyr\u00e5n \u00f6vertalar han sin chef att [&hellip;]","og_url":"https:\/\/instytutpolski.pl\/stockholm\/2019\/06\/05\/fokus-polsk-film-i-goteborg\/","og_site_name":"Instytut Polski w Sztokholmie","article_published_time":"2019-06-05T12:02:11+00:00","article_modified_time":"2020-06-03T17:20:51+00:00","og_image":[{"width":562,"height":265,"url":"https:\/\/instytutpolski.pl\/stockholm\/wp-content\/uploads\/sites\/17\/2019\/06\/fokus-polsk-film-3.jpg","type":"image\/jpeg"}],"twitter_card":"summary_large_image","twitter_misc":{"Napisane przez":"","Szacowany czas czytania":"2 minuty"},"schema":{"@context":"https:\/\/schema.org","@graph":[{"@type":"event","@id":"https:\/\/instytutpolski.pl\/stockholm\/2019\/06\/05\/fokus-polsk-film-i-goteborg\/","url":"https:\/\/instytutpolski.pl\/stockholm\/2019\/06\/05\/fokus-polsk-film-i-goteborg\/","name":"Fokus Polsk film i G\u00f6teborg","isPartOf":{"@id":"https:\/\/instytutpolski.pl\/stockholm\/#website"},"primaryImageOfPage":{"@id":"https:\/\/instytutpolski.pl\/stockholm\/2019\/06\/05\/fokus-polsk-film-i-goteborg\/#primaryimage"},"image":["https:\/\/instytutpolski.pl\/stockholm\/wp-content\/uploads\/sites\/17\/2019\/06\/fokus-polsk-film-3.jpg","https:\/\/instytutpolski.pl\/stockholm\/wp-content\/uploads\/sites\/17\/2019\/06\/fokus-polsk-film-3-300x141.jpg","https:\/\/instytutpolski.pl\/stockholm\/wp-content\/uploads\/sites\/17\/2019\/06\/fokus-polsk-film-3.jpg","https:\/\/instytutpolski.pl\/stockholm\/wp-content\/uploads\/sites\/17\/2019\/06\/fokus-polsk-film-3.jpg"],"thumbnailUrl":"https:\/\/instytutpolski.pl\/stockholm\/wp-content\/uploads\/sites\/17\/2019\/06\/fokus-polsk-film-3.jpg","datePublished":"2019-06-05T12:02:11+02:00","dateModified":"2020-06-03T17:20:51+02:00","author":{"@id":""},"breadcrumb":{"@id":"https:\/\/instytutpolski.pl\/stockholm\/2019\/06\/05\/fokus-polsk-film-i-goteborg\/#breadcrumb"},"inLanguage":"pl-PL","potentialAction":[{"@type":"ReadAction","target":["https:\/\/instytutpolski.pl\/stockholm\/2019\/06\/05\/fokus-polsk-film-i-goteborg\/"]}],"@context":"https:\/\/schema.org","startDate":"2019-05-22","endDate":"2019-05-22","eventStatus":"EventScheduled","eventAttendanceMode":"OfflineEventAttendanceMode","location":{"@type":"place","name":"","address":"","geo":{"@type":"GeoCoordinates","latitude":"","longitude":""}},"description":"22 maj, 29 maj, 5 juni 2019 kl 18.15HagabionLinn\u00e9gatan 21, G\u00f6teborg22\/5 kl 18.15 EN DAG TILL ATT LEVA \/Jeszcze dzie\u0144 \u017cycia av Damian Nenow och Ra\u00fal de la FuenteWarsawa, 1975. Ryszard Kapuscinski \u00e4r en krigskorrespondent med veteranstatus, en idealist och en anh\u00e4ngare av hoppl\u00f6sa fall och revolutioner. P\u00e5 polska nyhetsbyr\u00e5n \u00f6vertalar han sin chef att \u00e5ka till Angola d\u00e4r ett blodigt inb\u00f6rdeskrig har utl\u00f6sts efter landets sj\u00e4lvst\u00e4ndighetsf\u00f6rklaring. Han \u00e5tar sig ett sj\u00e4lvmordsuppdrag: att \u00e5ka in i hj\u00e4rtat av inb\u00f6rdeskriget. V\u00e4l d\u00e4r vittnar han \u00e4n en g\u00e5ng krigets brutala verklighet och uppt\u00e4cker en hj\u00e4lpl\u00f6shet som tidigare varit fr\u00e4mmande f\u00f6r honom. Angola f\u00f6r\u00e4ndrar honom f\u00f6r alltid: det var en journalist som l\u00e4mnade Polen och tillbaka kom en f\u00f6rfattare.Baserad p\u00e5 v\u00e4rldsk\u00e4nda reportern och f\u00f6rfattaren Ryszard Kapuscinskis memoarer \u00e4r En dag till att leva en unik och imponerande animerad film i samma anda som Waltz with Bashir. En film med h\u00e4pnadsv\u00e4ckande animation och en otrolig ber\u00e4ttelse baserad p\u00e5 en verklig historia. Filmen fick str\u00e5lande kritik efter premi\u00e4ren p\u00e5 filmfestivalen i Cannes och vann Publikens pris p\u00e5 filmfestival i San Sebastian. Filmen har \u00e4ven vunnit priset f\u00f6r B\u00e4sta animerade film p\u00e5 European Film Awards.29\/5 kl 18.15 KVINNAN SOM GL\u00d6MDE SITT F\u00d6RFLUTNA \/ Fuga av Agnieszka Smoczy\u0144skaDu \u00e4r bara en av m\u00e5nga versioner av dig sj\u00e4lv. Alicja drabbas av minnesf\u00f6rlust och k\u00e4mpar f\u00f6r att \u00e5terskapa sitt sj\u00e4lvst\u00e4ndiga liv. N\u00e4r hon ett par \u00e5r senare ber\u00e4ttar sin historia under en TV-s\u00e4ndning ringer en man in och s\u00e4ger sig k\u00e4nna igen henne som sin dotter.Hon \u00e5terv\u00e4nder till landsbygden och sin familj och \u00e5terupptar motvilligt rollen som fru, som mor och som dotter. Hennes make och son k\u00e4nner inte igen kvinnan som stod dem s\u00e5 n\u00e4ra, och nu beter sig som en fr\u00e4mling. Alla nya k\u00e4nslor v\u00e4cker n\u00e5got nytt i henne \u2013 en inre l\u00e5ga.Kvinnan som gl\u00f6mde sitt f\u00f6rflutna handlar om moderskapets sociala tabu; om att kvinnor pressas att axla en given mammaroll, som om den biologiska m\u00f6jligheten att f\u00f6da barn automatisk inneb\u00e4r att alla kvinnor skulle vilja bli m\u00f6drar.5\/6 kl 18.15ANSIKTE \/ Twarz av Ma\u0142gorzata SzumowskaJacek \u00e4r en kille som \u00e4lskar heavy metal, flickv\u00e4nnen och deras hund, medan hans familj, hans lilla hemstad och alla i f\u00f6rsamlingen mest ser honom som ett underh\u00e5llande freak.Han arbetar p\u00e5 byggarbetsplatsen d\u00e4r v\u00e4rldens h\u00f6gsta Jesus-staty ska byggas, tills en allvarlig olycka vanst\u00e4ller hans ansikte. Helt pl\u00f6tsligt riktas alla blickar mot honom n\u00e4r han blir den f\u00f6rsta i landet att genomg\u00e5 en ansiktstransplantation.\nL\u00e4s mer: https:\/\/hagabion.se\/serie\/fokus-polsk-film\/"},{"@type":"ImageObject","inLanguage":"pl-PL","@id":"https:\/\/instytutpolski.pl\/stockholm\/2019\/06\/05\/fokus-polsk-film-i-goteborg\/#primaryimage","url":"https:\/\/instytutpolski.pl\/stockholm\/wp-content\/uploads\/sites\/17\/2019\/06\/fokus-polsk-film-3.jpg","contentUrl":"https:\/\/instytutpolski.pl\/stockholm\/wp-content\/uploads\/sites\/17\/2019\/06\/fokus-polsk-film-3.jpg","width":562,"height":265},{"@type":"BreadcrumbList","@id":"https:\/\/instytutpolski.pl\/stockholm\/2019\/06\/05\/fokus-polsk-film-i-goteborg\/#breadcrumb","itemListElement":[{"@type":"ListItem","position":1,"name":"Home","item":"https:\/\/instytutpolski.pl\/stockholm\/"},{"@type":"ListItem","position":2,"name":"Fokus Polsk film i G\u00f6teborg"}]},{"@type":"WebSite","@id":"https:\/\/instytutpolski.pl\/stockholm\/#website","url":"https:\/\/instytutpolski.pl\/stockholm\/","name":"Instytut Polski w Sztokholmie","description":"Instytuty Polskie","potentialAction":[{"@type":"SearchAction","target":{"@type":"EntryPoint","urlTemplate":"https:\/\/instytutpolski.pl\/stockholm\/?s={search_term_string}"},"query-input":{"@type":"PropertyValueSpecification","valueRequired":true,"valueName":"search_term_string"}}],"inLanguage":"pl-PL"},{"@type":"Person","@id":"","url":"https:\/\/instytutpolski.pl\/stockholm\/author\/"}]}},"_links":{"self":[{"href":"https:\/\/instytutpolski.pl\/stockholm\/wp-json\/wp\/v2\/posts\/151","targetHints":{"allow":["GET"]}}],"collection":[{"href":"https:\/\/instytutpolski.pl\/stockholm\/wp-json\/wp\/v2\/posts"}],"about":[{"href":"https:\/\/instytutpolski.pl\/stockholm\/wp-json\/wp\/v2\/types\/post"}],"author":[{"embeddable":true,"href":"https:\/\/instytutpolski.pl\/stockholm\/wp-json\/wp\/v2\/users\/9"}],"replies":[{"embeddable":true,"href":"https:\/\/instytutpolski.pl\/stockholm\/wp-json\/wp\/v2\/comments?post=151"}],"version-history":[{"count":4,"href":"https:\/\/instytutpolski.pl\/stockholm\/wp-json\/wp\/v2\/posts\/151\/revisions"}],"predecessor-version":[{"id":2488,"href":"https:\/\/instytutpolski.pl\/stockholm\/wp-json\/wp\/v2\/posts\/151\/revisions\/2488"}],"wp:featuredmedia":[{"embeddable":true,"href":"https:\/\/instytutpolski.pl\/stockholm\/wp-json\/wp\/v2\/media\/152"}],"wp:attachment":[{"href":"https:\/\/instytutpolski.pl\/stockholm\/wp-json\/wp\/v2\/media?parent=151"}],"wp:term":[{"taxonomy":"category","embeddable":true,"href":"https:\/\/instytutpolski.pl\/stockholm\/wp-json\/wp\/v2\/categories?post=151"},{"taxonomy":"post_tag","embeddable":true,"href":"https:\/\/instytutpolski.pl\/stockholm\/wp-json\/wp\/v2\/tags?post=151"}],"curies":[{"name":"wp","href":"https:\/\/api.w.org\/{rel}","templated":true}]}}