{"id":15163,"date":"2026-03-09T12:05:42","date_gmt":"2026-03-09T11:05:42","guid":{"rendered":"https:\/\/instytutpolski.pl\/stockholm\/?p=15163"},"modified":"2026-03-13T10:35:50","modified_gmt":"2026-03-13T09:35:50","slug":"kapela-agopsowicza-spelar-till-dans-i-malmo-och-kopenhamn","status":"publish","type":"post","link":"https:\/\/instytutpolski.pl\/stockholm\/2026\/03\/09\/kapela-agopsowicza-spelar-till-dans-i-malmo-och-kopenhamn\/","title":{"rendered":"Kapela Agopsowicza spelar till dans i Malm\u00f6 och K\u00f6penhamn"},"content":{"rendered":"\n<p>Gruppen best\u00e5r av tre unga spelm\u00e4n \u2013 Antek Hasso-Agopsowicz, Witek Wojciechowski och Marta Gotfryd \u2013 som \u00e4r fascinerade av den polska landsbygdens traditionella musik. De har g\u00e5tt i l\u00e4ra hos byaspelm\u00e4n och har under m\u00e5nga \u00e5r f\u00f6rdjupat sig i nyanserna i mazurek, oberek och andra danser som fanns i levande tradition p\u00e5 den polska landsbygden tills f\u00f6r bara n\u00e5gra decennier sedan.<\/p>\n\n\n\n<p>Musiken \u00e4r spr\u00e4ngfylld av livskraft och v\u00e4cker minnen av gamla br\u00f6llop och danskv\u00e4llar. Under konserterna delar musikerna ber\u00e4ttelser som s\u00e4tter musiken i ett bredare kulturellt sammanhang och ger framtr\u00e4dandena en extra dimension. Instrumenten som anv\u00e4nds \u00e4r typiska f\u00f6r centrala Polen: fiol, ramtrumma, bas och treradigt dragspel. Ofta sjunger de improviserade texter till dansl\u00e5tarna, precis som f\u00f6rr, n\u00e4r dansarna spontant sj\u00f6ng med i spelm\u00e4nnens melodier.<\/p>\n\n\n\n<p>Trots att gruppen inte har funnits s\u00e5 l\u00e4nge har den hunnit med m\u00e5nga konserter i Polen, bland annat p\u00e5 folkmusikfestivaler som EtnoBaltica, Podlaska Oktawa Kultur, Wszystkie Mazurki \u015awiata, Tabor Radomski och Galicyjskie Targowisko Instrument\u00f3w. Kapela Agopsowicza har \u00e4ven spelat p\u00e5 festivalen R\u012bgas Balle i Lettland och nu i mars kommer de allts\u00e5 till Danmark och Sverige.<\/p>\n\n\n\n<p>21 mars, kl. 19, Barnens Scen, Malm\u00f6 Folkets Park &#8211; L\u00e4s mer <a href=\"https:\/\/www.malmofolk.se\/events\/kapela-agopsowicza\/\" target=\"_blank\" rel=\"noreferrer noopener\"><\/a><a href=\"https:\/\/www.malmofolk.se\/events\/kapela-agopsowicza\/\" target=\"_blank\" rel=\"noreferrer noopener\">H\u00c4R<\/a><br>22 mars, kl. 19, ALICE, K\u00f6penhamn &#8211; L\u00e4s mer <a href=\"https:\/\/alicecph.com\/event\/kapela-agopsowicza-pl\/\" target=\"_blank\" rel=\"noreferrer noopener\">H\u00c4R<\/a><\/p>\n\n\n\n<p>Foto: Agata Maziarz<\/p>\n\n\n\n<figure class=\"wp-block-gallery has-nested-images columns-default is-cropped wp-block-gallery-1 is-layout-flex wp-block-gallery-is-layout-flex\">\n<figure data-wp-context=\"{&quot;imageId&quot;:&quot;69efc5b173b23&quot;}\" data-wp-interactive=\"core\/image\" class=\"wp-block-image size-large wp-lightbox-container\"><img loading=\"lazy\" decoding=\"async\" width=\"680\" height=\"440\" data-wp-class--hide=\"state.isContentHidden\" data-wp-class--show=\"state.isContentVisible\" data-wp-init=\"callbacks.setButtonStyles\" data-wp-on-async--click=\"actions.showLightbox\" data-wp-on-async--load=\"callbacks.setButtonStyles\" data-wp-on-async-window--resize=\"callbacks.setButtonStyles\" data-id=\"15166\" src=\"https:\/\/instytutpolski.pl\/stockholm\/wp-content\/uploads\/sites\/17\/2026\/03\/2_Kapela-Agopsowicza-fot.-Agata-Maziarz-680x440-1.jpg\" alt=\"\" class=\"wp-image-15166\" srcset=\"https:\/\/instytutpolski.pl\/stockholm\/wp-content\/uploads\/sites\/17\/2026\/03\/2_Kapela-Agopsowicza-fot.-Agata-Maziarz-680x440-1.jpg 680w, https:\/\/instytutpolski.pl\/stockholm\/wp-content\/uploads\/sites\/17\/2026\/03\/2_Kapela-Agopsowicza-fot.-Agata-Maziarz-680x440-1-300x194.jpg 300w\" sizes=\"auto, (max-width: 680px) 100vw, 680px\" \/><button\n\t\t\tclass=\"lightbox-trigger\"\n\t\t\ttype=\"button\"\n\t\t\taria-haspopup=\"dialog\"\n\t\t\taria-label=\"Powi\u0119ksz obrazek\"\n\t\t\tdata-wp-init=\"callbacks.initTriggerButton\"\n\t\t\tdata-wp-on-async--click=\"actions.showLightbox\"\n\t\t\tdata-wp-style--right=\"state.imageButtonRight\"\n\t\t\tdata-wp-style--top=\"state.imageButtonTop\"\n\t\t>\n\t\t\t<svg xmlns=\"http:\/\/www.w3.org\/2000\/svg\" width=\"12\" height=\"12\" fill=\"none\" viewBox=\"0 0 12 12\">\n\t\t\t\t<path fill=\"#fff\" d=\"M2 0a2 2 0 0 0-2 2v2h1.5V2a.5.5 0 0 1 .5-.5h2V0H2Zm2 10.5H2a.5.5 0 0 1-.5-.5V8H0v2a2 2 0 0 0 2 2h2v-1.5ZM8 12v-1.5h2a.5.5 0 0 0 .5-.5V8H12v2a2 2 0 0 1-2 2H8Zm2-12a2 2 0 0 1 2 2v2h-1.5V2a.5.5 0 0 0-.5-.5H8V0h2Z\" \/>\n\t\t\t<\/svg>\n\t\t<\/button><figcaption class=\"wp-element-caption\">Foto Agata Maziarz<\/figcaption><\/figure>\n\n\n\n<figure data-wp-context=\"{&quot;imageId&quot;:&quot;69efc5b17402d&quot;}\" data-wp-interactive=\"core\/image\" class=\"wp-block-image size-large wp-lightbox-container\"><img loading=\"lazy\" decoding=\"async\" width=\"1024\" height=\"576\" data-wp-class--hide=\"state.isContentHidden\" data-wp-class--show=\"state.isContentVisible\" data-wp-init=\"callbacks.setButtonStyles\" data-wp-on-async--click=\"actions.showLightbox\" data-wp-on-async--load=\"callbacks.setButtonStyles\" data-wp-on-async-window--resize=\"callbacks.setButtonStyles\" data-id=\"15167\" src=\"https:\/\/instytutpolski.pl\/stockholm\/wp-content\/uploads\/sites\/17\/2026\/03\/Kapela-Agopsowicza_FotoAgata-Maziarz-1-1024x576.jpg\" alt=\"\" class=\"wp-image-15167\" srcset=\"https:\/\/instytutpolski.pl\/stockholm\/wp-content\/uploads\/sites\/17\/2026\/03\/Kapela-Agopsowicza_FotoAgata-Maziarz-1-1024x576.jpg 1024w, https:\/\/instytutpolski.pl\/stockholm\/wp-content\/uploads\/sites\/17\/2026\/03\/Kapela-Agopsowicza_FotoAgata-Maziarz-1-300x169.jpg 300w, https:\/\/instytutpolski.pl\/stockholm\/wp-content\/uploads\/sites\/17\/2026\/03\/Kapela-Agopsowicza_FotoAgata-Maziarz-1-768x432.jpg 768w, https:\/\/instytutpolski.pl\/stockholm\/wp-content\/uploads\/sites\/17\/2026\/03\/Kapela-Agopsowicza_FotoAgata-Maziarz-1.jpg 1120w\" sizes=\"auto, (max-width: 1024px) 100vw, 1024px\" \/><button\n\t\t\tclass=\"lightbox-trigger\"\n\t\t\ttype=\"button\"\n\t\t\taria-haspopup=\"dialog\"\n\t\t\taria-label=\"Powi\u0119ksz obrazek\"\n\t\t\tdata-wp-init=\"callbacks.initTriggerButton\"\n\t\t\tdata-wp-on-async--click=\"actions.showLightbox\"\n\t\t\tdata-wp-style--right=\"state.imageButtonRight\"\n\t\t\tdata-wp-style--top=\"state.imageButtonTop\"\n\t\t>\n\t\t\t<svg xmlns=\"http:\/\/www.w3.org\/2000\/svg\" width=\"12\" height=\"12\" fill=\"none\" viewBox=\"0 0 12 12\">\n\t\t\t\t<path fill=\"#fff\" d=\"M2 0a2 2 0 0 0-2 2v2h1.5V2a.5.5 0 0 1 .5-.5h2V0H2Zm2 10.5H2a.5.5 0 0 1-.5-.5V8H0v2a2 2 0 0 0 2 2h2v-1.5ZM8 12v-1.5h2a.5.5 0 0 0 .5-.5V8H12v2a2 2 0 0 1-2 2H8Zm2-12a2 2 0 0 1 2 2v2h-1.5V2a.5.5 0 0 0-.5-.5H8V0h2Z\" \/>\n\t\t\t<\/svg>\n\t\t<\/button><figcaption class=\"wp-element-caption\">Foto Agata Maziarz<\/figcaption><\/figure>\n\n\n\n<figure data-wp-context=\"{&quot;imageId&quot;:&quot;69efc5b17449a&quot;}\" data-wp-interactive=\"core\/image\" class=\"wp-block-image size-large wp-lightbox-container\"><img loading=\"lazy\" decoding=\"async\" width=\"680\" height=\"440\" data-wp-class--hide=\"state.isContentHidden\" data-wp-class--show=\"state.isContentVisible\" data-wp-init=\"callbacks.setButtonStyles\" data-wp-on-async--click=\"actions.showLightbox\" data-wp-on-async--load=\"callbacks.setButtonStyles\" data-wp-on-async-window--resize=\"callbacks.setButtonStyles\" data-id=\"15165\" src=\"https:\/\/instytutpolski.pl\/stockholm\/wp-content\/uploads\/sites\/17\/2026\/03\/1_Kapela-Agopsowicza-fot.-Agata-Maziarz-680x440-1.jpg\" alt=\"\" class=\"wp-image-15165\" srcset=\"https:\/\/instytutpolski.pl\/stockholm\/wp-content\/uploads\/sites\/17\/2026\/03\/1_Kapela-Agopsowicza-fot.-Agata-Maziarz-680x440-1.jpg 680w, https:\/\/instytutpolski.pl\/stockholm\/wp-content\/uploads\/sites\/17\/2026\/03\/1_Kapela-Agopsowicza-fot.-Agata-Maziarz-680x440-1-300x194.jpg 300w\" sizes=\"auto, (max-width: 680px) 100vw, 680px\" \/><button\n\t\t\tclass=\"lightbox-trigger\"\n\t\t\ttype=\"button\"\n\t\t\taria-haspopup=\"dialog\"\n\t\t\taria-label=\"Powi\u0119ksz obrazek\"\n\t\t\tdata-wp-init=\"callbacks.initTriggerButton\"\n\t\t\tdata-wp-on-async--click=\"actions.showLightbox\"\n\t\t\tdata-wp-style--right=\"state.imageButtonRight\"\n\t\t\tdata-wp-style--top=\"state.imageButtonTop\"\n\t\t>\n\t\t\t<svg xmlns=\"http:\/\/www.w3.org\/2000\/svg\" width=\"12\" height=\"12\" fill=\"none\" viewBox=\"0 0 12 12\">\n\t\t\t\t<path fill=\"#fff\" d=\"M2 0a2 2 0 0 0-2 2v2h1.5V2a.5.5 0 0 1 .5-.5h2V0H2Zm2 10.5H2a.5.5 0 0 1-.5-.5V8H0v2a2 2 0 0 0 2 2h2v-1.5ZM8 12v-1.5h2a.5.5 0 0 0 .5-.5V8H12v2a2 2 0 0 1-2 2H8Zm2-12a2 2 0 0 1 2 2v2h-1.5V2a.5.5 0 0 0-.5-.5H8V0h2Z\" \/>\n\t\t\t<\/svg>\n\t\t<\/button><figcaption class=\"wp-element-caption\">Foto Agata Maziarz<\/figcaption><\/figure>\n<\/figure>\n\n\n\n<p><\/p>\n","protected":false},"excerpt":{"rendered":"<p>Gruppen best\u00e5r av tre unga spelm\u00e4n \u2013 Antek Hasso-Agopsowicz, Witek Wojciechowski och Marta Gotfryd \u2013 som \u00e4r fascinerade av den polska landsbygdens traditionella musik. De har g\u00e5tt i l\u00e4ra hos byaspelm\u00e4n och har under m\u00e5nga \u00e5r f\u00f6rdjupat sig i nyanserna i mazurek, oberek och andra danser som fanns i levande tradition p\u00e5 den polska landsbygden [&hellip;]<\/p>\n","protected":false},"author":173,"featured_media":15164,"comment_status":"closed","ping_status":"closed","sticky":false,"template":"","format":"standard","meta":{"inline_featured_image":false,"_monsterinsights_skip_tracking":false,"_monsterinsights_sitenote_active":false,"_monsterinsights_sitenote_note":"","_monsterinsights_sitenote_category":0,"footnotes":""},"categories":[549,222,318,12,99],"tags":[],"class_list":["post-15163","post","type-post","status-publish","format-standard","has-post-thumbnail","hentry","category-aktualnosc-pl-sv","category-aktualnosc-se","category-artykuly-se","category-evenemang","category-musik"],"yoast_head":"<!-- This site is optimized with the Yoast SEO plugin v24.6 - https:\/\/yoast.com\/wordpress\/plugins\/seo\/ -->\n<title>Kapela Agopsowicza spelar till dans i Malm\u00f6 och K\u00f6penhamn - Instytut Polski w Sztokholmie<\/title>\n<meta name=\"robots\" content=\"index, follow, max-snippet:-1, max-image-preview:large, max-video-preview:-1\" \/>\n<link rel=\"canonical\" href=\"https:\/\/instytutpolski.pl\/stockholm\/2026\/03\/09\/kapela-agopsowicza-spelar-till-dans-i-malmo-och-kopenhamn\/\" \/>\n<meta property=\"og:locale\" content=\"pl_PL\" \/>\n<meta property=\"og:type\" content=\"article\" \/>\n<meta property=\"og:title\" content=\"Kapela Agopsowicza spelar till dans i Malm\u00f6 och K\u00f6penhamn - Instytut Polski w Sztokholmie\" \/>\n<meta property=\"og:description\" content=\"Gruppen best\u00e5r av tre unga spelm\u00e4n \u2013 Antek Hasso-Agopsowicz, Witek Wojciechowski och Marta Gotfryd \u2013 som \u00e4r fascinerade av den polska landsbygdens traditionella musik. De har g\u00e5tt i l\u00e4ra hos byaspelm\u00e4n och har under m\u00e5nga \u00e5r f\u00f6rdjupat sig i nyanserna i mazurek, oberek och andra danser som fanns i levande tradition p\u00e5 den polska landsbygden [&hellip;]\" \/>\n<meta property=\"og:url\" content=\"https:\/\/instytutpolski.pl\/stockholm\/2026\/03\/09\/kapela-agopsowicza-spelar-till-dans-i-malmo-och-kopenhamn\/\" \/>\n<meta property=\"og:site_name\" content=\"Instytut Polski w Sztokholmie\" \/>\n<meta property=\"article:published_time\" content=\"2026-03-09T11:05:42+00:00\" \/>\n<meta property=\"article:modified_time\" content=\"2026-03-13T09:35:50+00:00\" \/>\n<meta property=\"og:image\" content=\"https:\/\/instytutpolski.pl\/stockholm\/wp-content\/uploads\/sites\/17\/2026\/03\/Kapela-Agopsowicza_FotoAgata-Maziarz.jpg\" \/>\n\t<meta property=\"og:image:width\" content=\"1120\" \/>\n\t<meta property=\"og:image:height\" content=\"630\" \/>\n\t<meta property=\"og:image:type\" content=\"image\/jpeg\" \/>\n<meta name=\"author\" content=\"treichelp\" \/>\n<meta name=\"twitter:card\" content=\"summary_large_image\" \/>\n<meta name=\"twitter:label1\" content=\"Napisane przez\" \/>\n\t<meta name=\"twitter:data1\" content=\"treichelp\" \/>\n\t<meta name=\"twitter:label2\" content=\"Szacowany czas czytania\" \/>\n\t<meta name=\"twitter:data2\" content=\"3 minuty\" \/>\n<script type=\"application\/ld+json\" class=\"yoast-schema-graph\">{\"@context\":\"https:\/\/schema.org\",\"@graph\":[{\"@type\":\"event\",\"@id\":\"https:\/\/instytutpolski.pl\/stockholm\/2026\/03\/09\/kapela-agopsowicza-spelar-till-dans-i-malmo-och-kopenhamn\/\",\"url\":\"https:\/\/instytutpolski.pl\/stockholm\/2026\/03\/09\/kapela-agopsowicza-spelar-till-dans-i-malmo-och-kopenhamn\/\",\"name\":\"Kapela Agopsowicza spelar till dans i Malm\u00f6 och K\u00f6penhamn\",\"isPartOf\":{\"@id\":\"https:\/\/instytutpolski.pl\/stockholm\/#website\"},\"primaryImageOfPage\":{\"@id\":\"https:\/\/instytutpolski.pl\/stockholm\/2026\/03\/09\/kapela-agopsowicza-spelar-till-dans-i-malmo-och-kopenhamn\/#primaryimage\"},\"image\":[\"https:\/\/instytutpolski.pl\/stockholm\/wp-content\/uploads\/sites\/17\/2026\/03\/Kapela-Agopsowicza_FotoAgata-Maziarz.jpg\",\"https:\/\/instytutpolski.pl\/stockholm\/wp-content\/uploads\/sites\/17\/2026\/03\/Kapela-Agopsowicza_FotoAgata-Maziarz-300x169.jpg\",\"https:\/\/instytutpolski.pl\/stockholm\/wp-content\/uploads\/sites\/17\/2026\/03\/Kapela-Agopsowicza_FotoAgata-Maziarz-1024x576.jpg\",\"https:\/\/instytutpolski.pl\/stockholm\/wp-content\/uploads\/sites\/17\/2026\/03\/Kapela-Agopsowicza_FotoAgata-Maziarz.jpg\"],\"thumbnailUrl\":\"https:\/\/instytutpolski.pl\/stockholm\/wp-content\/uploads\/sites\/17\/2026\/03\/Kapela-Agopsowicza_FotoAgata-Maziarz.jpg\",\"datePublished\":\"2026-03-09T11:05:42+02:00\",\"dateModified\":\"2026-03-13T09:35:50+02:00\",\"author\":{\"@id\":\"https:\/\/instytutpolski.pl\/stockholm\/#\/schema\/person\/866a2c0f4ccf0982a286809684f7bc1e\"},\"breadcrumb\":{\"@id\":\"https:\/\/instytutpolski.pl\/stockholm\/2026\/03\/09\/kapela-agopsowicza-spelar-till-dans-i-malmo-och-kopenhamn\/#breadcrumb\"},\"inLanguage\":\"pl-PL\",\"potentialAction\":[{\"@type\":\"ReadAction\",\"target\":[\"https:\/\/instytutpolski.pl\/stockholm\/2026\/03\/09\/kapela-agopsowicza-spelar-till-dans-i-malmo-och-kopenhamn\/\"]}],\"@context\":\"https:\/\/schema.org\",\"startDate\":\"2026-03-21\",\"endDate\":\"2026-03-22\",\"eventStatus\":\"EventScheduled\",\"eventAttendanceMode\":\"OfflineEventAttendanceMode\",\"location\":{\"@type\":\"place\",\"name\":\"Malm\u00f6 Folkets Park och ALICE cph\",\"address\":\"Malm\u00f6 Folkets Park och ALICE cph\",\"geo\":{\"@type\":\"GeoCoordinates\",\"latitude\":\"55.544588625900474\",\"longitude\":\"13.033115617217785\"}},\"description\":\"Gruppen best\u00e5r av tre unga spelm\u00e4n \u2013 Antek Hasso-Agopsowicz, Witek Wojciechowski och Marta Gotfryd \u2013 som \u00e4r fascinerade av den polska landsbygdens traditionella musik. De har g\u00e5tt i l\u00e4ra hos byaspelm\u00e4n och har under m\u00e5nga \u00e5r f\u00f6rdjupat sig i nyanserna i mazurek, oberek och andra danser som fanns i levande tradition p\u00e5 den polska landsbygden tills f\u00f6r bara n\u00e5gra decennier sedan.\\nMusiken \u00e4r spr\u00e4ngfylld av livskraft och v\u00e4cker minnen av gamla br\u00f6llop och danskv\u00e4llar. Under konserterna delar musikerna ber\u00e4ttelser som s\u00e4tter musiken i ett bredare kulturellt sammanhang och ger framtr\u00e4dandena en extra dimension. Instrumenten som anv\u00e4nds \u00e4r typiska f\u00f6r centrala Polen: fiol, ramtrumma, bas och treradigt dragspel. Ofta sjunger de improviserade texter till dansl\u00e5tarna, precis som f\u00f6rr, n\u00e4r dansarna spontant sj\u00f6ng med i spelm\u00e4nnens melodier.\\nTrots att gruppen inte har funnits s\u00e5 l\u00e4nge har den hunnit med m\u00e5nga konserter i Polen, bland annat p\u00e5 folkmusikfestivaler som EtnoBaltica, Podlaska Oktawa Kultur, Wszystkie Mazurki \u015awiata, Tabor Radomski och Galicyjskie Targowisko Instrument\u00f3w. Kapela Agopsowicza har \u00e4ven spelat p\u00e5 festivalen R\u012bgas Balle i Lettland och nu i mars kommer de allts\u00e5 till Danmark och Sverige.\\n21 mars, kl. 19, Barnens Scen, Malm\u00f6 Folkets Park - L\u00e4s mer H\u00c4R22 mars, kl. 19, ALICE, K\u00f6penhamn - L\u00e4s mer H\u00c4R\\nFoto: Agata Maziarz\"},{\"@type\":\"ImageObject\",\"inLanguage\":\"pl-PL\",\"@id\":\"https:\/\/instytutpolski.pl\/stockholm\/2026\/03\/09\/kapela-agopsowicza-spelar-till-dans-i-malmo-och-kopenhamn\/#primaryimage\",\"url\":\"https:\/\/instytutpolski.pl\/stockholm\/wp-content\/uploads\/sites\/17\/2026\/03\/Kapela-Agopsowicza_FotoAgata-Maziarz.jpg\",\"contentUrl\":\"https:\/\/instytutpolski.pl\/stockholm\/wp-content\/uploads\/sites\/17\/2026\/03\/Kapela-Agopsowicza_FotoAgata-Maziarz.jpg\",\"width\":1120,\"height\":630},{\"@type\":\"BreadcrumbList\",\"@id\":\"https:\/\/instytutpolski.pl\/stockholm\/2026\/03\/09\/kapela-agopsowicza-spelar-till-dans-i-malmo-och-kopenhamn\/#breadcrumb\",\"itemListElement\":[{\"@type\":\"ListItem\",\"position\":1,\"name\":\"Home\",\"item\":\"https:\/\/instytutpolski.pl\/stockholm\/\"},{\"@type\":\"ListItem\",\"position\":2,\"name\":\"Kapela Agopsowicza spelar till dans i Malm\u00f6 och K\u00f6penhamn\"}]},{\"@type\":\"WebSite\",\"@id\":\"https:\/\/instytutpolski.pl\/stockholm\/#website\",\"url\":\"https:\/\/instytutpolski.pl\/stockholm\/\",\"name\":\"Instytut Polski w Sztokholmie\",\"description\":\"Instytuty Polskie\",\"potentialAction\":[{\"@type\":\"SearchAction\",\"target\":{\"@type\":\"EntryPoint\",\"urlTemplate\":\"https:\/\/instytutpolski.pl\/stockholm\/?s={search_term_string}\"},\"query-input\":{\"@type\":\"PropertyValueSpecification\",\"valueRequired\":true,\"valueName\":\"search_term_string\"}}],\"inLanguage\":\"pl-PL\"},{\"@type\":\"Person\",\"@id\":\"https:\/\/instytutpolski.pl\/stockholm\/#\/schema\/person\/866a2c0f4ccf0982a286809684f7bc1e\",\"name\":\"treichelp\",\"image\":{\"@type\":\"ImageObject\",\"inLanguage\":\"pl-PL\",\"@id\":\"https:\/\/instytutpolski.pl\/stockholm\/#\/schema\/person\/image\/\",\"url\":\"https:\/\/secure.gravatar.com\/avatar\/fb2c1caae0df0854742a56fc463dd1fb?s=96&d=mm&r=g\",\"contentUrl\":\"https:\/\/secure.gravatar.com\/avatar\/fb2c1caae0df0854742a56fc463dd1fb?s=96&d=mm&r=g\",\"caption\":\"treichelp\"},\"url\":\"https:\/\/instytutpolski.pl\/stockholm\/author\/treichelp\/\"}]}<\/script>\n<!-- \/ Yoast SEO plugin. -->","yoast_head_json":{"title":"Kapela Agopsowicza spelar till dans i Malm\u00f6 och K\u00f6penhamn - Instytut Polski w Sztokholmie","robots":{"index":"index","follow":"follow","max-snippet":"max-snippet:-1","max-image-preview":"max-image-preview:large","max-video-preview":"max-video-preview:-1"},"canonical":"https:\/\/instytutpolski.pl\/stockholm\/2026\/03\/09\/kapela-agopsowicza-spelar-till-dans-i-malmo-och-kopenhamn\/","og_locale":"pl_PL","og_type":"article","og_title":"Kapela Agopsowicza spelar till dans i Malm\u00f6 och K\u00f6penhamn - Instytut Polski w Sztokholmie","og_description":"Gruppen best\u00e5r av tre unga spelm\u00e4n \u2013 Antek Hasso-Agopsowicz, Witek Wojciechowski och Marta Gotfryd \u2013 som \u00e4r fascinerade av den polska landsbygdens traditionella musik. De har g\u00e5tt i l\u00e4ra hos byaspelm\u00e4n och har under m\u00e5nga \u00e5r f\u00f6rdjupat sig i nyanserna i mazurek, oberek och andra danser som fanns i levande tradition p\u00e5 den polska landsbygden [&hellip;]","og_url":"https:\/\/instytutpolski.pl\/stockholm\/2026\/03\/09\/kapela-agopsowicza-spelar-till-dans-i-malmo-och-kopenhamn\/","og_site_name":"Instytut Polski w Sztokholmie","article_published_time":"2026-03-09T11:05:42+00:00","article_modified_time":"2026-03-13T09:35:50+00:00","og_image":[{"width":1120,"height":630,"url":"https:\/\/instytutpolski.pl\/stockholm\/wp-content\/uploads\/sites\/17\/2026\/03\/Kapela-Agopsowicza_FotoAgata-Maziarz.jpg","type":"image\/jpeg"}],"author":"treichelp","twitter_card":"summary_large_image","twitter_misc":{"Napisane przez":"treichelp","Szacowany czas czytania":"3 minuty"},"schema":{"@context":"https:\/\/schema.org","@graph":[{"@type":"event","@id":"https:\/\/instytutpolski.pl\/stockholm\/2026\/03\/09\/kapela-agopsowicza-spelar-till-dans-i-malmo-och-kopenhamn\/","url":"https:\/\/instytutpolski.pl\/stockholm\/2026\/03\/09\/kapela-agopsowicza-spelar-till-dans-i-malmo-och-kopenhamn\/","name":"Kapela Agopsowicza spelar till dans i Malm\u00f6 och K\u00f6penhamn","isPartOf":{"@id":"https:\/\/instytutpolski.pl\/stockholm\/#website"},"primaryImageOfPage":{"@id":"https:\/\/instytutpolski.pl\/stockholm\/2026\/03\/09\/kapela-agopsowicza-spelar-till-dans-i-malmo-och-kopenhamn\/#primaryimage"},"image":["https:\/\/instytutpolski.pl\/stockholm\/wp-content\/uploads\/sites\/17\/2026\/03\/Kapela-Agopsowicza_FotoAgata-Maziarz.jpg","https:\/\/instytutpolski.pl\/stockholm\/wp-content\/uploads\/sites\/17\/2026\/03\/Kapela-Agopsowicza_FotoAgata-Maziarz-300x169.jpg","https:\/\/instytutpolski.pl\/stockholm\/wp-content\/uploads\/sites\/17\/2026\/03\/Kapela-Agopsowicza_FotoAgata-Maziarz-1024x576.jpg","https:\/\/instytutpolski.pl\/stockholm\/wp-content\/uploads\/sites\/17\/2026\/03\/Kapela-Agopsowicza_FotoAgata-Maziarz.jpg"],"thumbnailUrl":"https:\/\/instytutpolski.pl\/stockholm\/wp-content\/uploads\/sites\/17\/2026\/03\/Kapela-Agopsowicza_FotoAgata-Maziarz.jpg","datePublished":"2026-03-09T11:05:42+02:00","dateModified":"2026-03-13T09:35:50+02:00","author":{"@id":"https:\/\/instytutpolski.pl\/stockholm\/#\/schema\/person\/866a2c0f4ccf0982a286809684f7bc1e"},"breadcrumb":{"@id":"https:\/\/instytutpolski.pl\/stockholm\/2026\/03\/09\/kapela-agopsowicza-spelar-till-dans-i-malmo-och-kopenhamn\/#breadcrumb"},"inLanguage":"pl-PL","potentialAction":[{"@type":"ReadAction","target":["https:\/\/instytutpolski.pl\/stockholm\/2026\/03\/09\/kapela-agopsowicza-spelar-till-dans-i-malmo-och-kopenhamn\/"]}],"@context":"https:\/\/schema.org","startDate":"2026-03-21","endDate":"2026-03-22","eventStatus":"EventScheduled","eventAttendanceMode":"OfflineEventAttendanceMode","location":{"@type":"place","name":"Malm\u00f6 Folkets Park och ALICE cph","address":"Malm\u00f6 Folkets Park och ALICE cph","geo":{"@type":"GeoCoordinates","latitude":"55.544588625900474","longitude":"13.033115617217785"}},"description":"Gruppen best\u00e5r av tre unga spelm\u00e4n \u2013 Antek Hasso-Agopsowicz, Witek Wojciechowski och Marta Gotfryd \u2013 som \u00e4r fascinerade av den polska landsbygdens traditionella musik. De har g\u00e5tt i l\u00e4ra hos byaspelm\u00e4n och har under m\u00e5nga \u00e5r f\u00f6rdjupat sig i nyanserna i mazurek, oberek och andra danser som fanns i levande tradition p\u00e5 den polska landsbygden tills f\u00f6r bara n\u00e5gra decennier sedan.\nMusiken \u00e4r spr\u00e4ngfylld av livskraft och v\u00e4cker minnen av gamla br\u00f6llop och danskv\u00e4llar. Under konserterna delar musikerna ber\u00e4ttelser som s\u00e4tter musiken i ett bredare kulturellt sammanhang och ger framtr\u00e4dandena en extra dimension. Instrumenten som anv\u00e4nds \u00e4r typiska f\u00f6r centrala Polen: fiol, ramtrumma, bas och treradigt dragspel. Ofta sjunger de improviserade texter till dansl\u00e5tarna, precis som f\u00f6rr, n\u00e4r dansarna spontant sj\u00f6ng med i spelm\u00e4nnens melodier.\nTrots att gruppen inte har funnits s\u00e5 l\u00e4nge har den hunnit med m\u00e5nga konserter i Polen, bland annat p\u00e5 folkmusikfestivaler som EtnoBaltica, Podlaska Oktawa Kultur, Wszystkie Mazurki \u015awiata, Tabor Radomski och Galicyjskie Targowisko Instrument\u00f3w. Kapela Agopsowicza har \u00e4ven spelat p\u00e5 festivalen R\u012bgas Balle i Lettland och nu i mars kommer de allts\u00e5 till Danmark och Sverige.\n21 mars, kl. 19, Barnens Scen, Malm\u00f6 Folkets Park - L\u00e4s mer H\u00c4R22 mars, kl. 19, ALICE, K\u00f6penhamn - L\u00e4s mer H\u00c4R\nFoto: Agata Maziarz"},{"@type":"ImageObject","inLanguage":"pl-PL","@id":"https:\/\/instytutpolski.pl\/stockholm\/2026\/03\/09\/kapela-agopsowicza-spelar-till-dans-i-malmo-och-kopenhamn\/#primaryimage","url":"https:\/\/instytutpolski.pl\/stockholm\/wp-content\/uploads\/sites\/17\/2026\/03\/Kapela-Agopsowicza_FotoAgata-Maziarz.jpg","contentUrl":"https:\/\/instytutpolski.pl\/stockholm\/wp-content\/uploads\/sites\/17\/2026\/03\/Kapela-Agopsowicza_FotoAgata-Maziarz.jpg","width":1120,"height":630},{"@type":"BreadcrumbList","@id":"https:\/\/instytutpolski.pl\/stockholm\/2026\/03\/09\/kapela-agopsowicza-spelar-till-dans-i-malmo-och-kopenhamn\/#breadcrumb","itemListElement":[{"@type":"ListItem","position":1,"name":"Home","item":"https:\/\/instytutpolski.pl\/stockholm\/"},{"@type":"ListItem","position":2,"name":"Kapela Agopsowicza spelar till dans i Malm\u00f6 och K\u00f6penhamn"}]},{"@type":"WebSite","@id":"https:\/\/instytutpolski.pl\/stockholm\/#website","url":"https:\/\/instytutpolski.pl\/stockholm\/","name":"Instytut Polski w Sztokholmie","description":"Instytuty Polskie","potentialAction":[{"@type":"SearchAction","target":{"@type":"EntryPoint","urlTemplate":"https:\/\/instytutpolski.pl\/stockholm\/?s={search_term_string}"},"query-input":{"@type":"PropertyValueSpecification","valueRequired":true,"valueName":"search_term_string"}}],"inLanguage":"pl-PL"},{"@type":"Person","@id":"https:\/\/instytutpolski.pl\/stockholm\/#\/schema\/person\/866a2c0f4ccf0982a286809684f7bc1e","name":"treichelp","image":{"@type":"ImageObject","inLanguage":"pl-PL","@id":"https:\/\/instytutpolski.pl\/stockholm\/#\/schema\/person\/image\/","url":"https:\/\/secure.gravatar.com\/avatar\/fb2c1caae0df0854742a56fc463dd1fb?s=96&d=mm&r=g","contentUrl":"https:\/\/secure.gravatar.com\/avatar\/fb2c1caae0df0854742a56fc463dd1fb?s=96&d=mm&r=g","caption":"treichelp"},"url":"https:\/\/instytutpolski.pl\/stockholm\/author\/treichelp\/"}]}},"_links":{"self":[{"href":"https:\/\/instytutpolski.pl\/stockholm\/wp-json\/wp\/v2\/posts\/15163","targetHints":{"allow":["GET"]}}],"collection":[{"href":"https:\/\/instytutpolski.pl\/stockholm\/wp-json\/wp\/v2\/posts"}],"about":[{"href":"https:\/\/instytutpolski.pl\/stockholm\/wp-json\/wp\/v2\/types\/post"}],"author":[{"embeddable":true,"href":"https:\/\/instytutpolski.pl\/stockholm\/wp-json\/wp\/v2\/users\/173"}],"replies":[{"embeddable":true,"href":"https:\/\/instytutpolski.pl\/stockholm\/wp-json\/wp\/v2\/comments?post=15163"}],"version-history":[{"count":4,"href":"https:\/\/instytutpolski.pl\/stockholm\/wp-json\/wp\/v2\/posts\/15163\/revisions"}],"predecessor-version":[{"id":15271,"href":"https:\/\/instytutpolski.pl\/stockholm\/wp-json\/wp\/v2\/posts\/15163\/revisions\/15271"}],"wp:featuredmedia":[{"embeddable":true,"href":"https:\/\/instytutpolski.pl\/stockholm\/wp-json\/wp\/v2\/media\/15164"}],"wp:attachment":[{"href":"https:\/\/instytutpolski.pl\/stockholm\/wp-json\/wp\/v2\/media?parent=15163"}],"wp:term":[{"taxonomy":"category","embeddable":true,"href":"https:\/\/instytutpolski.pl\/stockholm\/wp-json\/wp\/v2\/categories?post=15163"},{"taxonomy":"post_tag","embeddable":true,"href":"https:\/\/instytutpolski.pl\/stockholm\/wp-json\/wp\/v2\/tags?post=15163"}],"curies":[{"name":"wp","href":"https:\/\/api.w.org\/{rel}","templated":true}]}}