{"id":15179,"date":"2026-02-27T09:04:00","date_gmt":"2026-02-27T08:04:00","guid":{"rendered":"https:\/\/instytutpolski.pl\/stockholm\/?p=15179"},"modified":"2026-03-11T15:14:47","modified_gmt":"2026-03-11T14:14:47","slug":"pokaz-filmowy-chopin-chopin-w-rez-michala-kwiecinskiego","status":"publish","type":"post","link":"https:\/\/instytutpolski.pl\/stockholm\/pl\/2026\/02\/27\/pokaz-filmowy-chopin-chopin-w-rez-michala-kwiecinskiego\/","title":{"rendered":"Pokaz filmowy: Chopin, Chopin! w re\u017c. Micha\u0142a Kwieci\u0144skiego"},"content":{"rendered":"\n<p>Poniedzia\u0142ek, 30 marca 2026, godz. 18:00<br>Kino Aspen<br>H\u00e4gerstensv\u00e4gen 100A, 126 49 H\u00e4gersten<\/p>\n\n\n\n<div style=\"height:39px\" aria-hidden=\"true\" class=\"wp-block-spacer\"><\/div>\n\n\n\n<p class=\"has-text-align-center\"><strong><a href=\"https:\/\/www.bioaspen.se\/movies\/chopin-chopin\/\" target=\"_blank\" rel=\"noreferrer noopener\">BILETY<\/a><\/strong><\/p>\n\n\n\n<div style=\"height:39px\" aria-hidden=\"true\" class=\"wp-block-spacer\"><\/div>\n\n\n\n<p>Pary\u017c, 1835 rok. Fryderyk Chopin ma 25 lat i jest ulubie\u0144cem paryskich salon\u00f3w, arystokracji i kr\u00f3la Francji. \u017badne znacz\u0105ce wydarzenie nie mo\u017ce odby\u0107 si\u0119 bez jego udzia\u0142u. Widzimy go podczas nocnych eskapad i afterparty po koncertach. Zazwyczaj pe\u0142nego energii, przykrywaj\u0105cego chorob\u0119 \u017cartem. Jego \u017cycie ucieka, jednak Fryderyk nie zwalnia. Komponuje arcydzie\u0142a, tak\u017ce na zam\u00f3wienie. Ze wzgl\u0119du na zobowi\u0105zania finansowe udziela lekcji gry na fortepianie. Przyjaciele go podziwiaj\u0105, a kobiety pragn\u0105.<\/p>\n\n\n\n<p>Film uczestniczy\u0142 w konkursie g\u0142\u00f3wnym oraz zdoby\u0142 nagrody za najlepsz\u0105 scenografi\u0119 i najlepsze kostiumy na Festiwalu Polskich Film\u00f3w Fabularnych w Gdyni w 2025 roku.<\/p>\n\n\n\n<p>Micha\u0142 Soboci\u0144ski dosta\u0142 nagrod\u0119 dla najlepszego operatora kamery na Energa Camerimage 2025.<\/p>\n\n\n\n<div style=\"height:39px\" aria-hidden=\"true\" class=\"wp-block-spacer\"><\/div>\n\n\n\n<p>Pokaz filmowy jest organizowany pod&nbsp;patronatem&nbsp;jubileuszowej 50. edycji Festiwalu Polskich Film\u00f3w Fabularnych w Gdyni.<\/p>\n\n\n\n<div style=\"height:39px\" aria-hidden=\"true\" class=\"wp-block-spacer\"><\/div>\n\n\n\n<figure class=\"wp-block-gallery has-nested-images columns-default is-cropped wp-block-gallery-1 is-layout-flex wp-block-gallery-is-layout-flex\">\n<figure class=\"wp-block-image size-large\"><img loading=\"lazy\" decoding=\"async\" width=\"1024\" height=\"576\" data-id=\"15061\" src=\"https:\/\/instytutpolski.pl\/stockholm\/wp-content\/uploads\/sites\/17\/2026\/02\/Chopin_Chopin_photos_Jaroslaw_Sosinski_-197-1024x576.jpg\" alt=\"\" class=\"wp-image-15061\" srcset=\"https:\/\/instytutpolski.pl\/stockholm\/wp-content\/uploads\/sites\/17\/2026\/02\/Chopin_Chopin_photos_Jaroslaw_Sosinski_-197-1024x576.jpg 1024w, https:\/\/instytutpolski.pl\/stockholm\/wp-content\/uploads\/sites\/17\/2026\/02\/Chopin_Chopin_photos_Jaroslaw_Sosinski_-197-300x169.jpg 300w, https:\/\/instytutpolski.pl\/stockholm\/wp-content\/uploads\/sites\/17\/2026\/02\/Chopin_Chopin_photos_Jaroslaw_Sosinski_-197-768x432.jpg 768w, https:\/\/instytutpolski.pl\/stockholm\/wp-content\/uploads\/sites\/17\/2026\/02\/Chopin_Chopin_photos_Jaroslaw_Sosinski_-197-1536x864.jpg 1536w, https:\/\/instytutpolski.pl\/stockholm\/wp-content\/uploads\/sites\/17\/2026\/02\/Chopin_Chopin_photos_Jaroslaw_Sosinski_-197-1920x1080.jpg 1920w, https:\/\/instytutpolski.pl\/stockholm\/wp-content\/uploads\/sites\/17\/2026\/02\/Chopin_Chopin_photos_Jaroslaw_Sosinski_-197-1120x630.jpg 1120w, https:\/\/instytutpolski.pl\/stockholm\/wp-content\/uploads\/sites\/17\/2026\/02\/Chopin_Chopin_photos_Jaroslaw_Sosinski_-197.jpg 2047w\" sizes=\"auto, (max-width: 1024px) 100vw, 1024px\" \/><\/figure>\n\n\n\n<figure class=\"wp-block-image size-large\"><img loading=\"lazy\" decoding=\"async\" width=\"1024\" height=\"577\" data-id=\"15062\" src=\"https:\/\/instytutpolski.pl\/stockholm\/wp-content\/uploads\/sites\/17\/2026\/02\/Chopin_Chopin_photos_Jaroslaw_Sosinski_4485-1024x577.jpg\" alt=\"\" class=\"wp-image-15062\" srcset=\"https:\/\/instytutpolski.pl\/stockholm\/wp-content\/uploads\/sites\/17\/2026\/02\/Chopin_Chopin_photos_Jaroslaw_Sosinski_4485-1024x577.jpg 1024w, https:\/\/instytutpolski.pl\/stockholm\/wp-content\/uploads\/sites\/17\/2026\/02\/Chopin_Chopin_photos_Jaroslaw_Sosinski_4485-300x169.jpg 300w, https:\/\/instytutpolski.pl\/stockholm\/wp-content\/uploads\/sites\/17\/2026\/02\/Chopin_Chopin_photos_Jaroslaw_Sosinski_4485-768x433.jpg 768w, https:\/\/instytutpolski.pl\/stockholm\/wp-content\/uploads\/sites\/17\/2026\/02\/Chopin_Chopin_photos_Jaroslaw_Sosinski_4485-1536x866.jpg 1536w, https:\/\/instytutpolski.pl\/stockholm\/wp-content\/uploads\/sites\/17\/2026\/02\/Chopin_Chopin_photos_Jaroslaw_Sosinski_4485-1920x1080.jpg 1920w, https:\/\/instytutpolski.pl\/stockholm\/wp-content\/uploads\/sites\/17\/2026\/02\/Chopin_Chopin_photos_Jaroslaw_Sosinski_4485-1120x630.jpg 1120w, https:\/\/instytutpolski.pl\/stockholm\/wp-content\/uploads\/sites\/17\/2026\/02\/Chopin_Chopin_photos_Jaroslaw_Sosinski_4485.jpg 2048w\" sizes=\"auto, (max-width: 1024px) 100vw, 1024px\" \/><\/figure>\n\n\n\n<figure class=\"wp-block-image size-large\"><img loading=\"lazy\" decoding=\"async\" width=\"1024\" height=\"600\" data-id=\"15060\" src=\"https:\/\/instytutpolski.pl\/stockholm\/wp-content\/uploads\/sites\/17\/2026\/02\/Chopin_Chopin_photos_Jaroslaw_Sosinski_-1787-1024x600.jpg\" alt=\"\" class=\"wp-image-15060\" srcset=\"https:\/\/instytutpolski.pl\/stockholm\/wp-content\/uploads\/sites\/17\/2026\/02\/Chopin_Chopin_photos_Jaroslaw_Sosinski_-1787-1024x600.jpg 1024w, https:\/\/instytutpolski.pl\/stockholm\/wp-content\/uploads\/sites\/17\/2026\/02\/Chopin_Chopin_photos_Jaroslaw_Sosinski_-1787-300x176.jpg 300w, https:\/\/instytutpolski.pl\/stockholm\/wp-content\/uploads\/sites\/17\/2026\/02\/Chopin_Chopin_photos_Jaroslaw_Sosinski_-1787-768x450.jpg 768w, https:\/\/instytutpolski.pl\/stockholm\/wp-content\/uploads\/sites\/17\/2026\/02\/Chopin_Chopin_photos_Jaroslaw_Sosinski_-1787-1536x899.jpg 1536w, https:\/\/instytutpolski.pl\/stockholm\/wp-content\/uploads\/sites\/17\/2026\/02\/Chopin_Chopin_photos_Jaroslaw_Sosinski_-1787.jpg 2048w\" sizes=\"auto, (max-width: 1024px) 100vw, 1024px\" \/><\/figure>\n<\/figure>\n\n\n\n<div style=\"height:39px\" aria-hidden=\"true\" class=\"wp-block-spacer\"><\/div>\n\n\n\n<p>Re\u017cyseria: Micha\u0142 Kwieci\u0144ski<\/p>\n\n\n\n<p>Scenariusz: Bartosz Janiszewski<\/p>\n\n\n\n<p>Kategoria: biograficzny, dramat<\/p>\n\n\n\n<p>Czas trwania: 2h 13m<\/p>\n\n\n\n<p>Rok produkcji: 2025<\/p>\n\n\n\n<p>Film po polsku i francusku z angielskimi napisami<\/p>\n\n\n\n<div style=\"height:39px\" aria-hidden=\"true\" class=\"wp-block-spacer\"><\/div>\n\n\n\n<p class=\"has-text-align-center\"><a href=\"https:\/\/instytutpolski.pl\/stockholm\/pl\/2026\/02\/02\/o-kinotece\/\">O KINOTECE<\/a>    \u00a0|    \u00a0<a href=\"https:\/\/instytutpolski.pl\/stockholm\/pl\/2026\/02\/27\/kinoteka-2026-program-2\/\">PROGRAM<\/a><\/p>\n","protected":false},"excerpt":{"rendered":"<p>Poniedzia\u0142ek, 30 marca 2026, godz. 18:00Kino AspenH\u00e4gerstensv\u00e4gen 100A, 126 49 H\u00e4gersten BILETY Pary\u017c, 1835 rok. Fryderyk Chopin ma 25 lat i jest ulubie\u0144cem paryskich salon\u00f3w, arystokracji i kr\u00f3la Francji. \u017badne znacz\u0105ce wydarzenie nie mo\u017ce odby\u0107 si\u0119 bez jego udzia\u0142u. Widzimy go podczas nocnych eskapad i afterparty po koncertach. Zazwyczaj pe\u0142nego energii, przykrywaj\u0105cego chorob\u0119 \u017cartem. Jego [&hellip;]<\/p>\n","protected":false},"author":173,"featured_media":15063,"comment_status":"closed","ping_status":"closed","sticky":false,"template":"","format":"standard","meta":{"inline_featured_image":false,"_monsterinsights_skip_tracking":false,"_monsterinsights_sitenote_active":false,"_monsterinsights_sitenote_note":"","_monsterinsights_sitenote_category":0,"footnotes":""},"categories":[85,36],"tags":[],"class_list":["post-15179","post","type-post","status-publish","format-standard","has-post-thumbnail","hentry","category-kino","category-wydarzenie"],"yoast_head":"<!-- This site is optimized with the Yoast SEO plugin v24.6 - https:\/\/yoast.com\/wordpress\/plugins\/seo\/ -->\n<title>Pokaz filmowy: Chopin, Chopin! w re\u017c. Micha\u0142a Kwieci\u0144skiego - Instytut Polski w Sztokholmie<\/title>\n<meta name=\"description\" content=\"Chopin \u00e4r 25 \u00e5r gammal och en favorit i de parisiska salongerna, hos aristokratin och hos den franske kungen.\" \/>\n<meta name=\"robots\" content=\"index, follow, max-snippet:-1, max-image-preview:large, max-video-preview:-1\" \/>\n<link rel=\"canonical\" href=\"https:\/\/instytutpolski.pl\/stockholm\/pl\/2026\/02\/27\/pokaz-filmowy-chopin-chopin-w-rez-michala-kwiecinskiego\/\" \/>\n<meta property=\"og:locale\" content=\"pl_PL\" \/>\n<meta property=\"og:type\" content=\"article\" \/>\n<meta property=\"og:title\" content=\"Pokaz filmowy: Chopin, Chopin! w re\u017c. Micha\u0142a Kwieci\u0144skiego - Instytut Polski w Sztokholmie\" \/>\n<meta property=\"og:description\" content=\"Chopin \u00e4r 25 \u00e5r gammal och en favorit i de parisiska salongerna, hos aristokratin och hos den franske kungen.\" \/>\n<meta property=\"og:url\" content=\"https:\/\/instytutpolski.pl\/stockholm\/pl\/2026\/02\/27\/pokaz-filmowy-chopin-chopin-w-rez-michala-kwiecinskiego\/\" \/>\n<meta property=\"og:site_name\" content=\"Instytut Polski w Sztokholmie\" \/>\n<meta property=\"article:published_time\" content=\"2026-02-27T08:04:00+00:00\" \/>\n<meta property=\"article:modified_time\" content=\"2026-03-11T14:14:47+00:00\" \/>\n<meta property=\"og:image\" content=\"https:\/\/instytutpolski.pl\/stockholm\/wp-content\/uploads\/sites\/17\/2026\/02\/Chopin_website.png\" \/>\n\t<meta property=\"og:image:width\" content=\"1120\" \/>\n\t<meta property=\"og:image:height\" content=\"630\" \/>\n\t<meta property=\"og:image:type\" content=\"image\/png\" \/>\n<meta name=\"author\" content=\"treichelp\" \/>\n<meta name=\"twitter:card\" content=\"summary_large_image\" \/>\n<meta name=\"twitter:label1\" content=\"Napisane przez\" \/>\n\t<meta name=\"twitter:data1\" content=\"treichelp\" \/>\n\t<meta name=\"twitter:label2\" content=\"Szacowany czas czytania\" \/>\n\t<meta name=\"twitter:data2\" content=\"2 minuty\" \/>\n<script type=\"application\/ld+json\" class=\"yoast-schema-graph\">{\"@context\":\"https:\/\/schema.org\",\"@graph\":[{\"@type\":\"event\",\"@id\":\"https:\/\/instytutpolski.pl\/stockholm\/pl\/2026\/02\/27\/pokaz-filmowy-chopin-chopin-w-rez-michala-kwiecinskiego\/\",\"url\":\"https:\/\/instytutpolski.pl\/stockholm\/pl\/2026\/02\/27\/pokaz-filmowy-chopin-chopin-w-rez-michala-kwiecinskiego\/\",\"name\":\"Pokaz filmowy: Chopin, Chopin! w re\u017c. Micha\u0142a Kwieci\u0144skiego\",\"isPartOf\":{\"@id\":\"https:\/\/instytutpolski.pl\/stockholm\/#website\"},\"primaryImageOfPage\":{\"@id\":\"https:\/\/instytutpolski.pl\/stockholm\/pl\/2026\/02\/27\/pokaz-filmowy-chopin-chopin-w-rez-michala-kwiecinskiego\/#primaryimage\"},\"image\":[\"https:\/\/instytutpolski.pl\/stockholm\/wp-content\/uploads\/sites\/17\/2026\/02\/Chopin_website.png\",\"https:\/\/instytutpolski.pl\/stockholm\/wp-content\/uploads\/sites\/17\/2026\/02\/Chopin_website-300x169.png\",\"https:\/\/instytutpolski.pl\/stockholm\/wp-content\/uploads\/sites\/17\/2026\/02\/Chopin_website-1024x576.png\",\"https:\/\/instytutpolski.pl\/stockholm\/wp-content\/uploads\/sites\/17\/2026\/02\/Chopin_website.png\"],\"thumbnailUrl\":\"https:\/\/instytutpolski.pl\/stockholm\/wp-content\/uploads\/sites\/17\/2026\/02\/Chopin_website.png\",\"datePublished\":\"2026-02-27T08:04:00+02:00\",\"dateModified\":\"2026-03-11T14:14:47+02:00\",\"author\":{\"@id\":\"https:\/\/instytutpolski.pl\/stockholm\/#\/schema\/person\/866a2c0f4ccf0982a286809684f7bc1e\"},\"description\":\"Poniedzia\u0142ek, 30 marca 2026, godz. 18:00Kino AspenH\u00e4gerstensv\u00e4gen 100A, 126 49 H\u00e4gersten\\nBILETY\\nPary\u017c, 1835 rok. Fryderyk Chopin ma 25 lat i jest ulubie\u0144cem paryskich salon\u00f3w, arystokracji i kr\u00f3la Francji. \u017badne znacz\u0105ce wydarzenie nie mo\u017ce odby\u0107 si\u0119 bez jego udzia\u0142u. Widzimy go podczas nocnych eskapad i afterparty po koncertach. Zazwyczaj pe\u0142nego energii, przykrywaj\u0105cego chorob\u0119 \u017cartem. Jego \u017cycie ucieka, jednak Fryderyk nie zwalnia. Komponuje arcydzie\u0142a, tak\u017ce na zam\u00f3wienie. Ze wzgl\u0119du na zobowi\u0105zania finansowe udziela lekcji gry na fortepianie. Przyjaciele go podziwiaj\u0105, a kobiety pragn\u0105.\\nFilm uczestniczy\u0142 w konkursie g\u0142\u00f3wnym oraz zdoby\u0142 nagrody za najlepsz\u0105 scenografi\u0119 i najlepsze kostiumy na Festiwalu Polskich Film\u00f3w Fabularnych w Gdyni w 2025 roku.\\nMicha\u0142 Soboci\u0144ski dosta\u0142 nagrod\u0119 dla najlepszego operatora kamery na Energa Camerimage 2025.\\nPokaz filmowy jest organizowany pod patronatem jubileuszowej 50. edycji Festiwalu Polskich Film\u00f3w Fabularnych w Gdyni.\\nRe\u017cyseria: Micha\u0142 Kwieci\u0144ski\\nScenariusz: Bartosz Janiszewski\\nKategoria: biograficzny, dramat\\nCzas trwania: 2h 13m\\nRok produkcji: 2025\\nFilm po polsku i francusku z angielskimi napisami\\nO KINOTECE    \u00a0|    \u00a0PROGRAM\",\"breadcrumb\":{\"@id\":\"https:\/\/instytutpolski.pl\/stockholm\/pl\/2026\/02\/27\/pokaz-filmowy-chopin-chopin-w-rez-michala-kwiecinskiego\/#breadcrumb\"},\"inLanguage\":\"pl-PL\",\"potentialAction\":[{\"@type\":\"ReadAction\",\"target\":[\"https:\/\/instytutpolski.pl\/stockholm\/pl\/2026\/02\/27\/pokaz-filmowy-chopin-chopin-w-rez-michala-kwiecinskiego\/\"]}],\"@context\":\"https:\/\/schema.org\",\"startDate\":\"2026-03-31\",\"endDate\":\"2026-03-31\",\"eventStatus\":\"EventScheduled\",\"eventAttendanceMode\":\"OfflineEventAttendanceMode\",\"location\":{\"@type\":\"place\",\"name\":\"\",\"address\":\"\",\"geo\":{\"@type\":\"GeoCoordinates\",\"latitude\":\"\",\"longitude\":\"\"}}},{\"@type\":\"ImageObject\",\"inLanguage\":\"pl-PL\",\"@id\":\"https:\/\/instytutpolski.pl\/stockholm\/pl\/2026\/02\/27\/pokaz-filmowy-chopin-chopin-w-rez-michala-kwiecinskiego\/#primaryimage\",\"url\":\"https:\/\/instytutpolski.pl\/stockholm\/wp-content\/uploads\/sites\/17\/2026\/02\/Chopin_website.png\",\"contentUrl\":\"https:\/\/instytutpolski.pl\/stockholm\/wp-content\/uploads\/sites\/17\/2026\/02\/Chopin_website.png\",\"width\":1120,\"height\":630},{\"@type\":\"BreadcrumbList\",\"@id\":\"https:\/\/instytutpolski.pl\/stockholm\/pl\/2026\/02\/27\/pokaz-filmowy-chopin-chopin-w-rez-michala-kwiecinskiego\/#breadcrumb\",\"itemListElement\":[{\"@type\":\"ListItem\",\"position\":1,\"name\":\"Home\",\"item\":\"https:\/\/instytutpolski.pl\/stockholm\/\"},{\"@type\":\"ListItem\",\"position\":2,\"name\":\"Pokaz filmowy: Chopin, Chopin! w re\u017c. Micha\u0142a Kwieci\u0144skiego\"}]},{\"@type\":\"WebSite\",\"@id\":\"https:\/\/instytutpolski.pl\/stockholm\/#website\",\"url\":\"https:\/\/instytutpolski.pl\/stockholm\/\",\"name\":\"Instytut Polski w Sztokholmie\",\"description\":\"Instytuty Polskie\",\"potentialAction\":[{\"@type\":\"SearchAction\",\"target\":{\"@type\":\"EntryPoint\",\"urlTemplate\":\"https:\/\/instytutpolski.pl\/stockholm\/?s={search_term_string}\"},\"query-input\":{\"@type\":\"PropertyValueSpecification\",\"valueRequired\":true,\"valueName\":\"search_term_string\"}}],\"inLanguage\":\"pl-PL\"},{\"@type\":\"Person\",\"@id\":\"https:\/\/instytutpolski.pl\/stockholm\/#\/schema\/person\/866a2c0f4ccf0982a286809684f7bc1e\",\"name\":\"treichelp\",\"image\":{\"@type\":\"ImageObject\",\"inLanguage\":\"pl-PL\",\"@id\":\"https:\/\/instytutpolski.pl\/stockholm\/#\/schema\/person\/image\/\",\"url\":\"https:\/\/secure.gravatar.com\/avatar\/fb2c1caae0df0854742a56fc463dd1fb?s=96&d=mm&r=g\",\"contentUrl\":\"https:\/\/secure.gravatar.com\/avatar\/fb2c1caae0df0854742a56fc463dd1fb?s=96&d=mm&r=g\",\"caption\":\"treichelp\"},\"url\":\"https:\/\/instytutpolski.pl\/stockholm\/author\/treichelp\/\"}]}<\/script>\n<!-- \/ Yoast SEO plugin. -->","yoast_head_json":{"title":"Pokaz filmowy: Chopin, Chopin! w re\u017c. Micha\u0142a Kwieci\u0144skiego - Instytut Polski w Sztokholmie","description":"Chopin \u00e4r 25 \u00e5r gammal och en favorit i de parisiska salongerna, hos aristokratin och hos den franske kungen.","robots":{"index":"index","follow":"follow","max-snippet":"max-snippet:-1","max-image-preview":"max-image-preview:large","max-video-preview":"max-video-preview:-1"},"canonical":"https:\/\/instytutpolski.pl\/stockholm\/pl\/2026\/02\/27\/pokaz-filmowy-chopin-chopin-w-rez-michala-kwiecinskiego\/","og_locale":"pl_PL","og_type":"article","og_title":"Pokaz filmowy: Chopin, Chopin! w re\u017c. Micha\u0142a Kwieci\u0144skiego - Instytut Polski w Sztokholmie","og_description":"Chopin \u00e4r 25 \u00e5r gammal och en favorit i de parisiska salongerna, hos aristokratin och hos den franske kungen.","og_url":"https:\/\/instytutpolski.pl\/stockholm\/pl\/2026\/02\/27\/pokaz-filmowy-chopin-chopin-w-rez-michala-kwiecinskiego\/","og_site_name":"Instytut Polski w Sztokholmie","article_published_time":"2026-02-27T08:04:00+00:00","article_modified_time":"2026-03-11T14:14:47+00:00","og_image":[{"width":1120,"height":630,"url":"https:\/\/instytutpolski.pl\/stockholm\/wp-content\/uploads\/sites\/17\/2026\/02\/Chopin_website.png","type":"image\/png"}],"author":"treichelp","twitter_card":"summary_large_image","twitter_misc":{"Napisane przez":"treichelp","Szacowany czas czytania":"2 minuty"},"schema":{"@context":"https:\/\/schema.org","@graph":[{"@type":"event","@id":"https:\/\/instytutpolski.pl\/stockholm\/pl\/2026\/02\/27\/pokaz-filmowy-chopin-chopin-w-rez-michala-kwiecinskiego\/","url":"https:\/\/instytutpolski.pl\/stockholm\/pl\/2026\/02\/27\/pokaz-filmowy-chopin-chopin-w-rez-michala-kwiecinskiego\/","name":"Pokaz filmowy: Chopin, Chopin! w re\u017c. Micha\u0142a Kwieci\u0144skiego","isPartOf":{"@id":"https:\/\/instytutpolski.pl\/stockholm\/#website"},"primaryImageOfPage":{"@id":"https:\/\/instytutpolski.pl\/stockholm\/pl\/2026\/02\/27\/pokaz-filmowy-chopin-chopin-w-rez-michala-kwiecinskiego\/#primaryimage"},"image":["https:\/\/instytutpolski.pl\/stockholm\/wp-content\/uploads\/sites\/17\/2026\/02\/Chopin_website.png","https:\/\/instytutpolski.pl\/stockholm\/wp-content\/uploads\/sites\/17\/2026\/02\/Chopin_website-300x169.png","https:\/\/instytutpolski.pl\/stockholm\/wp-content\/uploads\/sites\/17\/2026\/02\/Chopin_website-1024x576.png","https:\/\/instytutpolski.pl\/stockholm\/wp-content\/uploads\/sites\/17\/2026\/02\/Chopin_website.png"],"thumbnailUrl":"https:\/\/instytutpolski.pl\/stockholm\/wp-content\/uploads\/sites\/17\/2026\/02\/Chopin_website.png","datePublished":"2026-02-27T08:04:00+02:00","dateModified":"2026-03-11T14:14:47+02:00","author":{"@id":"https:\/\/instytutpolski.pl\/stockholm\/#\/schema\/person\/866a2c0f4ccf0982a286809684f7bc1e"},"description":"Poniedzia\u0142ek, 30 marca 2026, godz. 18:00Kino AspenH\u00e4gerstensv\u00e4gen 100A, 126 49 H\u00e4gersten\nBILETY\nPary\u017c, 1835 rok. Fryderyk Chopin ma 25 lat i jest ulubie\u0144cem paryskich salon\u00f3w, arystokracji i kr\u00f3la Francji. \u017badne znacz\u0105ce wydarzenie nie mo\u017ce odby\u0107 si\u0119 bez jego udzia\u0142u. Widzimy go podczas nocnych eskapad i afterparty po koncertach. Zazwyczaj pe\u0142nego energii, przykrywaj\u0105cego chorob\u0119 \u017cartem. Jego \u017cycie ucieka, jednak Fryderyk nie zwalnia. Komponuje arcydzie\u0142a, tak\u017ce na zam\u00f3wienie. Ze wzgl\u0119du na zobowi\u0105zania finansowe udziela lekcji gry na fortepianie. Przyjaciele go podziwiaj\u0105, a kobiety pragn\u0105.\nFilm uczestniczy\u0142 w konkursie g\u0142\u00f3wnym oraz zdoby\u0142 nagrody za najlepsz\u0105 scenografi\u0119 i najlepsze kostiumy na Festiwalu Polskich Film\u00f3w Fabularnych w Gdyni w 2025 roku.\nMicha\u0142 Soboci\u0144ski dosta\u0142 nagrod\u0119 dla najlepszego operatora kamery na Energa Camerimage 2025.\nPokaz filmowy jest organizowany pod patronatem jubileuszowej 50. edycji Festiwalu Polskich Film\u00f3w Fabularnych w Gdyni.\nRe\u017cyseria: Micha\u0142 Kwieci\u0144ski\nScenariusz: Bartosz Janiszewski\nKategoria: biograficzny, dramat\nCzas trwania: 2h 13m\nRok produkcji: 2025\nFilm po polsku i francusku z angielskimi napisami\nO KINOTECE    \u00a0|    \u00a0PROGRAM","breadcrumb":{"@id":"https:\/\/instytutpolski.pl\/stockholm\/pl\/2026\/02\/27\/pokaz-filmowy-chopin-chopin-w-rez-michala-kwiecinskiego\/#breadcrumb"},"inLanguage":"pl-PL","potentialAction":[{"@type":"ReadAction","target":["https:\/\/instytutpolski.pl\/stockholm\/pl\/2026\/02\/27\/pokaz-filmowy-chopin-chopin-w-rez-michala-kwiecinskiego\/"]}],"@context":"https:\/\/schema.org","startDate":"2026-03-31","endDate":"2026-03-31","eventStatus":"EventScheduled","eventAttendanceMode":"OfflineEventAttendanceMode","location":{"@type":"place","name":"","address":"","geo":{"@type":"GeoCoordinates","latitude":"","longitude":""}}},{"@type":"ImageObject","inLanguage":"pl-PL","@id":"https:\/\/instytutpolski.pl\/stockholm\/pl\/2026\/02\/27\/pokaz-filmowy-chopin-chopin-w-rez-michala-kwiecinskiego\/#primaryimage","url":"https:\/\/instytutpolski.pl\/stockholm\/wp-content\/uploads\/sites\/17\/2026\/02\/Chopin_website.png","contentUrl":"https:\/\/instytutpolski.pl\/stockholm\/wp-content\/uploads\/sites\/17\/2026\/02\/Chopin_website.png","width":1120,"height":630},{"@type":"BreadcrumbList","@id":"https:\/\/instytutpolski.pl\/stockholm\/pl\/2026\/02\/27\/pokaz-filmowy-chopin-chopin-w-rez-michala-kwiecinskiego\/#breadcrumb","itemListElement":[{"@type":"ListItem","position":1,"name":"Home","item":"https:\/\/instytutpolski.pl\/stockholm\/"},{"@type":"ListItem","position":2,"name":"Pokaz filmowy: Chopin, Chopin! w re\u017c. Micha\u0142a Kwieci\u0144skiego"}]},{"@type":"WebSite","@id":"https:\/\/instytutpolski.pl\/stockholm\/#website","url":"https:\/\/instytutpolski.pl\/stockholm\/","name":"Instytut Polski w Sztokholmie","description":"Instytuty Polskie","potentialAction":[{"@type":"SearchAction","target":{"@type":"EntryPoint","urlTemplate":"https:\/\/instytutpolski.pl\/stockholm\/?s={search_term_string}"},"query-input":{"@type":"PropertyValueSpecification","valueRequired":true,"valueName":"search_term_string"}}],"inLanguage":"pl-PL"},{"@type":"Person","@id":"https:\/\/instytutpolski.pl\/stockholm\/#\/schema\/person\/866a2c0f4ccf0982a286809684f7bc1e","name":"treichelp","image":{"@type":"ImageObject","inLanguage":"pl-PL","@id":"https:\/\/instytutpolski.pl\/stockholm\/#\/schema\/person\/image\/","url":"https:\/\/secure.gravatar.com\/avatar\/fb2c1caae0df0854742a56fc463dd1fb?s=96&d=mm&r=g","contentUrl":"https:\/\/secure.gravatar.com\/avatar\/fb2c1caae0df0854742a56fc463dd1fb?s=96&d=mm&r=g","caption":"treichelp"},"url":"https:\/\/instytutpolski.pl\/stockholm\/author\/treichelp\/"}]}},"_links":{"self":[{"href":"https:\/\/instytutpolski.pl\/stockholm\/wp-json\/wp\/v2\/posts\/15179","targetHints":{"allow":["GET"]}}],"collection":[{"href":"https:\/\/instytutpolski.pl\/stockholm\/wp-json\/wp\/v2\/posts"}],"about":[{"href":"https:\/\/instytutpolski.pl\/stockholm\/wp-json\/wp\/v2\/types\/post"}],"author":[{"embeddable":true,"href":"https:\/\/instytutpolski.pl\/stockholm\/wp-json\/wp\/v2\/users\/173"}],"replies":[{"embeddable":true,"href":"https:\/\/instytutpolski.pl\/stockholm\/wp-json\/wp\/v2\/comments?post=15179"}],"version-history":[{"count":4,"href":"https:\/\/instytutpolski.pl\/stockholm\/wp-json\/wp\/v2\/posts\/15179\/revisions"}],"predecessor-version":[{"id":15199,"href":"https:\/\/instytutpolski.pl\/stockholm\/wp-json\/wp\/v2\/posts\/15179\/revisions\/15199"}],"wp:featuredmedia":[{"embeddable":true,"href":"https:\/\/instytutpolski.pl\/stockholm\/wp-json\/wp\/v2\/media\/15063"}],"wp:attachment":[{"href":"https:\/\/instytutpolski.pl\/stockholm\/wp-json\/wp\/v2\/media?parent=15179"}],"wp:term":[{"taxonomy":"category","embeddable":true,"href":"https:\/\/instytutpolski.pl\/stockholm\/wp-json\/wp\/v2\/categories?post=15179"},{"taxonomy":"post_tag","embeddable":true,"href":"https:\/\/instytutpolski.pl\/stockholm\/wp-json\/wp\/v2\/tags?post=15179"}],"curies":[{"name":"wp","href":"https:\/\/api.w.org\/{rel}","templated":true}]}}