{"id":15206,"date":"2026-03-11T15:38:09","date_gmt":"2026-03-11T14:38:09","guid":{"rendered":"https:\/\/instytutpolski.pl\/stockholm\/?p=15206"},"modified":"2026-03-12T16:01:40","modified_gmt":"2026-03-12T15:01:40","slug":"langt-hemifran-ukrainare-i-exil","status":"publish","type":"post","link":"https:\/\/instytutpolski.pl\/stockholm\/2026\/03\/11\/langt-hemifran-ukrainare-i-exil\/","title":{"rendered":"L\u00e5ngt hemifr\u00e5n: ukrainare i exil (p\u00e5 engelska)"},"content":{"rendered":"\n<p>Fredag, 27 mars 2026 kl 20:45<br>Klarabiografen<br>Sergels Torg 7, 111 57 Stockholm<\/p>\n\n\n\n<div style=\"height:45px\" aria-hidden=\"true\" class=\"wp-block-spacer\"><\/div>\n\n\n\n<p>Efter filmen <a href=\"https:\/\/instytutpolski.pl\/stockholm\/2026\/02\/27\/film-under-the-volcano-av-damian-kocur\/\" target=\"_blank\" rel=\"noreferrer noopener\">\u201cUnder the Volcano\u201d<\/a> f\u00f6ljer ett samtal om hur ukrainares liv ser ut b\u00e5de utomlands och i hemlandet efter Rysslands fullskaliga invasion av landet i februari 2022. Samtalet ber\u00f6r hur kriget har p\u00e5verkat m\u00e4nniskors vardag, identitet och m\u00f6jligheter att leva och arbeta &#8211; b\u00e5de f\u00f6r dem som har tvingats l\u00e4mna Ukraina och f\u00f6r dem som stannade kvar. Panelen ska ocks\u00e5 diskutera hur den ukrainska diasporans erfarenheter speglar och relaterar till teman i filmen, s\u00e5som f\u00f6rlust, v\u00e4ntan, os\u00e4kerhet och k\u00e4nslan av att befinna sig mellan tv\u00e5 olika verkligheter.<\/p>\n\n\n\n<p>I panelen deltar Ragnar Bertling (Musikcentrum \u00d6st) och Insomnia Taxxi (Iryna Novikova), som tillsammans reflekterar \u00f6ver filmens inneh\u00e5ll och s\u00e4tter den i ett bredare sammanhang av erfarenheter fr\u00e5n ukrainare i Sverige, Europa och Ukraina.<\/p>\n\n\n\n<div style=\"height:45px\" aria-hidden=\"true\" class=\"wp-block-spacer\"><\/div>\n\n\n\n<p>Ragnar Bertling<\/p>\n\n\n\n<p>Ragnar Bertling \u00e4r verkst\u00e4llande direkt\u00f6r och ansvarig f\u00f6r internationell verksamhet p\u00e5 Musikcentrum \u00d6st, en ideell, genre\u00f6verskridande agentur och ett n\u00e4tverk f\u00f6r frilansmusiker och band som st\u00f6ds av Kulturr\u00e5det. Efter en kandidatexamen i filmvetenskap arbetade han i \u00f6ver tjugo \u00e5r vid Svenska Filminstitutet, d\u00e4r han bland annat ansvarade f\u00f6r distributionsst\u00f6d, var chef f\u00f6r biografdistribution och programl\u00e4ggning samt arbetade med r\u00e4ttighetsf\u00f6rv\u00e4rv och projektledning.<\/p>\n\n\n\n<div style=\"height:45px\" aria-hidden=\"true\" class=\"wp-block-spacer\"><\/div>\n\n\n\n<p>Insomnia Taxxi<\/p>\n\n\n\n<p>Iryna Novikova \u00e4r musikproducent, ljuddesigner och DJ, verksam under namnet Insomnia Taxxi. Hon tillh\u00f6r den europeiska framkanten inom experimentell elektronisk musik och har sin bakgrund i ett m\u00f6rkare popmusikaliskt uttryck. Med \u00f6ver tjugo \u00e5rs erfarenhet i sin musikaliska karri\u00e4r, fr\u00e5n att ha arbetat med den st\u00f6rsta musik-tv-kanalen i Ukraina, som dark pop-artist till internationell ljudproducent av experimentell konceptuell elektronisk musik, \u00e4r hon verksam inom film, teater och ljuddesign f\u00f6r digital konst. Som Insomnia Taxxi deltar hon i ett residensprogram hos Musikcentrum V\u00e4st inom ramen f\u00f6r ett asylresidens, med st\u00f6d fr\u00e5n SWAN, Postkodlotteriet och STIM, och i n\u00e4ra samarbete med Musikcentrum \u00d6st. De svenska residensen genomf\u00f6rs i samarbete med Artists at Risk.<\/p>\n\n\n\n<div style=\"height:45px\" aria-hidden=\"true\" class=\"wp-block-spacer\"><\/div>\n\n\n\n<p>Den ing\u00e5r i den 16:e polska filmfestivalen Kinoteka Stockholm<\/p>\n\n\n\n<div style=\"height:45px\" aria-hidden=\"true\" class=\"wp-block-spacer\"><\/div>\n\n\n\n<p class=\"has-text-align-center\"><a href=\"https:\/\/instytutpolski.pl\/stockholm\/2026\/02\/02\/om-kinoteka-filmfestival\/\">OM KINOTEKA<\/a>     |     <a href=\"https:\/\/instytutpolski.pl\/stockholm\/2026\/02\/27\/kinoteka-2026-program\/\">PROGRAM<\/a><\/p>\n","protected":false},"excerpt":{"rendered":"<p>Fredag, 27 mars 2026 kl 20:45KlarabiografenSergels Torg 7, 111 57 Stockholm Efter filmen \u201cUnder the Volcano\u201d f\u00f6ljer ett samtal om hur ukrainares liv ser ut b\u00e5de utomlands och i hemlandet efter Rysslands fullskaliga invasion av landet i februari 2022. Samtalet ber\u00f6r hur kriget har p\u00e5verkat m\u00e4nniskors vardag, identitet och m\u00f6jligheter att leva och arbeta &#8211; [&hellip;]<\/p>\n","protected":false},"author":173,"featured_media":15161,"comment_status":"closed","ping_status":"closed","sticky":false,"template":"","format":"standard","meta":{"inline_featured_image":false,"_monsterinsights_skip_tracking":false,"_monsterinsights_sitenote_active":false,"_monsterinsights_sitenote_note":"","_monsterinsights_sitenote_category":0,"footnotes":""},"categories":[222,12,95],"tags":[],"class_list":["post-15206","post","type-post","status-publish","format-standard","has-post-thumbnail","hentry","category-aktualnosc-se","category-evenemang","category-film-evenemang"],"yoast_head":"<!-- This site is optimized with the Yoast SEO plugin v24.6 - https:\/\/yoast.com\/wordpress\/plugins\/seo\/ -->\n<title>L\u00e5ngt hemifr\u00e5n: ukrainare i exil (p\u00e5 engelska) - Instytut Polski w Sztokholmie<\/title>\n<meta name=\"description\" content=\"Ett samtal om situationen f\u00f6r ukrainare utomlands sedan b\u00f6rjan av Rysslands fullskaliga invasion av Ukraina.\" \/>\n<meta name=\"robots\" content=\"index, follow, max-snippet:-1, max-image-preview:large, max-video-preview:-1\" \/>\n<link rel=\"canonical\" href=\"https:\/\/instytutpolski.pl\/stockholm\/2026\/03\/11\/langt-hemifran-ukrainare-i-exil\/\" \/>\n<meta property=\"og:locale\" content=\"pl_PL\" \/>\n<meta property=\"og:type\" content=\"article\" \/>\n<meta property=\"og:title\" content=\"L\u00e5ngt hemifr\u00e5n: ukrainare i exil (p\u00e5 engelska) - Instytut Polski w Sztokholmie\" \/>\n<meta property=\"og:description\" content=\"Ett samtal om situationen f\u00f6r ukrainare utomlands sedan b\u00f6rjan av Rysslands fullskaliga invasion av Ukraina.\" \/>\n<meta property=\"og:url\" content=\"https:\/\/instytutpolski.pl\/stockholm\/2026\/03\/11\/langt-hemifran-ukrainare-i-exil\/\" \/>\n<meta property=\"og:site_name\" content=\"Instytut Polski w Sztokholmie\" \/>\n<meta property=\"article:published_time\" content=\"2026-03-11T14:38:09+00:00\" \/>\n<meta property=\"article:modified_time\" content=\"2026-03-12T15:01:40+00:00\" \/>\n<meta property=\"og:image\" content=\"https:\/\/instytutpolski.pl\/stockholm\/wp-content\/uploads\/sites\/17\/2026\/03\/www.jpg\" \/>\n\t<meta property=\"og:image:width\" content=\"1120\" \/>\n\t<meta property=\"og:image:height\" content=\"630\" \/>\n\t<meta property=\"og:image:type\" content=\"image\/jpeg\" \/>\n<meta name=\"author\" content=\"treichelp\" \/>\n<meta name=\"twitter:card\" content=\"summary_large_image\" \/>\n<meta name=\"twitter:label1\" content=\"Napisane przez\" \/>\n\t<meta name=\"twitter:data1\" content=\"treichelp\" \/>\n\t<meta name=\"twitter:label2\" content=\"Szacowany czas czytania\" \/>\n\t<meta name=\"twitter:data2\" content=\"3 minuty\" \/>\n<script type=\"application\/ld+json\" class=\"yoast-schema-graph\">{\"@context\":\"https:\/\/schema.org\",\"@graph\":[{\"@type\":\"event\",\"@id\":\"https:\/\/instytutpolski.pl\/stockholm\/2026\/03\/11\/langt-hemifran-ukrainare-i-exil\/\",\"url\":\"https:\/\/instytutpolski.pl\/stockholm\/2026\/03\/11\/langt-hemifran-ukrainare-i-exil\/\",\"name\":\"L\u00e5ngt hemifr\u00e5n: ukrainare i exil (p\u00e5 engelska)\",\"isPartOf\":{\"@id\":\"https:\/\/instytutpolski.pl\/stockholm\/#website\"},\"primaryImageOfPage\":{\"@id\":\"https:\/\/instytutpolski.pl\/stockholm\/2026\/03\/11\/langt-hemifran-ukrainare-i-exil\/#primaryimage\"},\"image\":[\"https:\/\/instytutpolski.pl\/stockholm\/wp-content\/uploads\/sites\/17\/2026\/03\/www.jpg\",\"https:\/\/instytutpolski.pl\/stockholm\/wp-content\/uploads\/sites\/17\/2026\/03\/www-300x169.jpg\",\"https:\/\/instytutpolski.pl\/stockholm\/wp-content\/uploads\/sites\/17\/2026\/03\/www-1024x576.jpg\",\"https:\/\/instytutpolski.pl\/stockholm\/wp-content\/uploads\/sites\/17\/2026\/03\/www.jpg\"],\"thumbnailUrl\":\"https:\/\/instytutpolski.pl\/stockholm\/wp-content\/uploads\/sites\/17\/2026\/03\/www.jpg\",\"datePublished\":\"2026-03-11T14:38:09+02:00\",\"dateModified\":\"2026-03-12T15:01:40+02:00\",\"author\":{\"@id\":\"https:\/\/instytutpolski.pl\/stockholm\/#\/schema\/person\/866a2c0f4ccf0982a286809684f7bc1e\"},\"description\":\"Fredag, 27 mars 2026 kl 20:45KlarabiografenSergels Torg 7, 111 57 Stockholm\\nEfter filmen \u201cUnder the Volcano\u201d f\u00f6ljer ett samtal om hur ukrainares liv ser ut b\u00e5de utomlands och i hemlandet efter Rysslands fullskaliga invasion av landet i februari 2022. Samtalet ber\u00f6r hur kriget har p\u00e5verkat m\u00e4nniskors vardag, identitet och m\u00f6jligheter att leva och arbeta - b\u00e5de f\u00f6r dem som har tvingats l\u00e4mna Ukraina och f\u00f6r dem som stannade kvar. Panelen ska ocks\u00e5 diskutera hur den ukrainska diasporans erfarenheter speglar och relaterar till teman i filmen, s\u00e5som f\u00f6rlust, v\u00e4ntan, os\u00e4kerhet och k\u00e4nslan av att befinna sig mellan tv\u00e5 olika verkligheter.\\nI panelen deltar Ragnar Bertling (Musikcentrum \u00d6st) och Insomnia Taxxi (Iryna Novikova), som tillsammans reflekterar \u00f6ver filmens inneh\u00e5ll och s\u00e4tter den i ett bredare sammanhang av erfarenheter fr\u00e5n ukrainare i Sverige, Europa och Ukraina.\\nRagnar Bertling\\nRagnar Bertling \u00e4r verkst\u00e4llande direkt\u00f6r och ansvarig f\u00f6r internationell verksamhet p\u00e5 Musikcentrum \u00d6st, en ideell, genre\u00f6verskridande agentur och ett n\u00e4tverk f\u00f6r frilansmusiker och band som st\u00f6ds av Kulturr\u00e5det. Efter en kandidatexamen i filmvetenskap arbetade han i \u00f6ver tjugo \u00e5r vid Svenska Filminstitutet, d\u00e4r han bland annat ansvarade f\u00f6r distributionsst\u00f6d, var chef f\u00f6r biografdistribution och programl\u00e4ggning samt arbetade med r\u00e4ttighetsf\u00f6rv\u00e4rv och projektledning.\\nInsomnia Taxxi\\nIryna Novikova \u00e4r musikproducent, ljuddesigner och DJ, verksam under namnet Insomnia Taxxi. Hon tillh\u00f6r den europeiska framkanten inom experimentell elektronisk musik och har sin bakgrund i ett m\u00f6rkare popmusikaliskt uttryck. Med \u00f6ver tjugo \u00e5rs erfarenhet i sin musikaliska karri\u00e4r, fr\u00e5n att ha arbetat med den st\u00f6rsta musik-tv-kanalen i Ukraina, som dark pop-artist till internationell ljudproducent av experimentell konceptuell elektronisk musik, \u00e4r hon verksam inom film, teater och ljuddesign f\u00f6r digital konst. Som Insomnia Taxxi deltar hon i ett residensprogram hos Musikcentrum V\u00e4st inom ramen f\u00f6r ett asylresidens, med st\u00f6d fr\u00e5n SWAN, Postkodlotteriet och STIM, och i n\u00e4ra samarbete med Musikcentrum \u00d6st. De svenska residensen genomf\u00f6rs i samarbete med Artists at Risk.\\nDen ing\u00e5r i den 16:e polska filmfestivalen Kinoteka Stockholm\\nOM KINOTEKA     |     PROGRAM\",\"breadcrumb\":{\"@id\":\"https:\/\/instytutpolski.pl\/stockholm\/2026\/03\/11\/langt-hemifran-ukrainare-i-exil\/#breadcrumb\"},\"inLanguage\":\"pl-PL\",\"potentialAction\":[{\"@type\":\"ReadAction\",\"target\":[\"https:\/\/instytutpolski.pl\/stockholm\/2026\/03\/11\/langt-hemifran-ukrainare-i-exil\/\"]}],\"@context\":\"https:\/\/schema.org\",\"startDate\":\"2026-03-27T08:45:00+02:00\",\"endDate\":\"2026-03-27T09:15:00+02:00\",\"eventStatus\":\"EventScheduled\",\"eventAttendanceMode\":\"OfflineEventAttendanceMode\",\"location\":{\"@type\":\"place\",\"name\":\"\",\"address\":\"\",\"geo\":{\"@type\":\"GeoCoordinates\",\"latitude\":\"\",\"longitude\":\"\"}}},{\"@type\":\"ImageObject\",\"inLanguage\":\"pl-PL\",\"@id\":\"https:\/\/instytutpolski.pl\/stockholm\/2026\/03\/11\/langt-hemifran-ukrainare-i-exil\/#primaryimage\",\"url\":\"https:\/\/instytutpolski.pl\/stockholm\/wp-content\/uploads\/sites\/17\/2026\/03\/www.jpg\",\"contentUrl\":\"https:\/\/instytutpolski.pl\/stockholm\/wp-content\/uploads\/sites\/17\/2026\/03\/www.jpg\",\"width\":1120,\"height\":630},{\"@type\":\"BreadcrumbList\",\"@id\":\"https:\/\/instytutpolski.pl\/stockholm\/2026\/03\/11\/langt-hemifran-ukrainare-i-exil\/#breadcrumb\",\"itemListElement\":[{\"@type\":\"ListItem\",\"position\":1,\"name\":\"Home\",\"item\":\"https:\/\/instytutpolski.pl\/stockholm\/\"},{\"@type\":\"ListItem\",\"position\":2,\"name\":\"L\u00e5ngt hemifr\u00e5n: ukrainare i exil (p\u00e5 engelska)\"}]},{\"@type\":\"WebSite\",\"@id\":\"https:\/\/instytutpolski.pl\/stockholm\/#website\",\"url\":\"https:\/\/instytutpolski.pl\/stockholm\/\",\"name\":\"Instytut Polski w Sztokholmie\",\"description\":\"Instytuty Polskie\",\"potentialAction\":[{\"@type\":\"SearchAction\",\"target\":{\"@type\":\"EntryPoint\",\"urlTemplate\":\"https:\/\/instytutpolski.pl\/stockholm\/?s={search_term_string}\"},\"query-input\":{\"@type\":\"PropertyValueSpecification\",\"valueRequired\":true,\"valueName\":\"search_term_string\"}}],\"inLanguage\":\"pl-PL\"},{\"@type\":\"Person\",\"@id\":\"https:\/\/instytutpolski.pl\/stockholm\/#\/schema\/person\/866a2c0f4ccf0982a286809684f7bc1e\",\"name\":\"treichelp\",\"image\":{\"@type\":\"ImageObject\",\"inLanguage\":\"pl-PL\",\"@id\":\"https:\/\/instytutpolski.pl\/stockholm\/#\/schema\/person\/image\/\",\"url\":\"https:\/\/secure.gravatar.com\/avatar\/fb2c1caae0df0854742a56fc463dd1fb?s=96&d=mm&r=g\",\"contentUrl\":\"https:\/\/secure.gravatar.com\/avatar\/fb2c1caae0df0854742a56fc463dd1fb?s=96&d=mm&r=g\",\"caption\":\"treichelp\"},\"url\":\"https:\/\/instytutpolski.pl\/stockholm\/author\/treichelp\/\"}]}<\/script>\n<!-- \/ Yoast SEO plugin. -->","yoast_head_json":{"title":"L\u00e5ngt hemifr\u00e5n: ukrainare i exil (p\u00e5 engelska) - Instytut Polski w Sztokholmie","description":"Ett samtal om situationen f\u00f6r ukrainare utomlands sedan b\u00f6rjan av Rysslands fullskaliga invasion av Ukraina.","robots":{"index":"index","follow":"follow","max-snippet":"max-snippet:-1","max-image-preview":"max-image-preview:large","max-video-preview":"max-video-preview:-1"},"canonical":"https:\/\/instytutpolski.pl\/stockholm\/2026\/03\/11\/langt-hemifran-ukrainare-i-exil\/","og_locale":"pl_PL","og_type":"article","og_title":"L\u00e5ngt hemifr\u00e5n: ukrainare i exil (p\u00e5 engelska) - Instytut Polski w Sztokholmie","og_description":"Ett samtal om situationen f\u00f6r ukrainare utomlands sedan b\u00f6rjan av Rysslands fullskaliga invasion av Ukraina.","og_url":"https:\/\/instytutpolski.pl\/stockholm\/2026\/03\/11\/langt-hemifran-ukrainare-i-exil\/","og_site_name":"Instytut Polski w Sztokholmie","article_published_time":"2026-03-11T14:38:09+00:00","article_modified_time":"2026-03-12T15:01:40+00:00","og_image":[{"width":1120,"height":630,"url":"https:\/\/instytutpolski.pl\/stockholm\/wp-content\/uploads\/sites\/17\/2026\/03\/www.jpg","type":"image\/jpeg"}],"author":"treichelp","twitter_card":"summary_large_image","twitter_misc":{"Napisane przez":"treichelp","Szacowany czas czytania":"3 minuty"},"schema":{"@context":"https:\/\/schema.org","@graph":[{"@type":"event","@id":"https:\/\/instytutpolski.pl\/stockholm\/2026\/03\/11\/langt-hemifran-ukrainare-i-exil\/","url":"https:\/\/instytutpolski.pl\/stockholm\/2026\/03\/11\/langt-hemifran-ukrainare-i-exil\/","name":"L\u00e5ngt hemifr\u00e5n: ukrainare i exil (p\u00e5 engelska)","isPartOf":{"@id":"https:\/\/instytutpolski.pl\/stockholm\/#website"},"primaryImageOfPage":{"@id":"https:\/\/instytutpolski.pl\/stockholm\/2026\/03\/11\/langt-hemifran-ukrainare-i-exil\/#primaryimage"},"image":["https:\/\/instytutpolski.pl\/stockholm\/wp-content\/uploads\/sites\/17\/2026\/03\/www.jpg","https:\/\/instytutpolski.pl\/stockholm\/wp-content\/uploads\/sites\/17\/2026\/03\/www-300x169.jpg","https:\/\/instytutpolski.pl\/stockholm\/wp-content\/uploads\/sites\/17\/2026\/03\/www-1024x576.jpg","https:\/\/instytutpolski.pl\/stockholm\/wp-content\/uploads\/sites\/17\/2026\/03\/www.jpg"],"thumbnailUrl":"https:\/\/instytutpolski.pl\/stockholm\/wp-content\/uploads\/sites\/17\/2026\/03\/www.jpg","datePublished":"2026-03-11T14:38:09+02:00","dateModified":"2026-03-12T15:01:40+02:00","author":{"@id":"https:\/\/instytutpolski.pl\/stockholm\/#\/schema\/person\/866a2c0f4ccf0982a286809684f7bc1e"},"description":"Fredag, 27 mars 2026 kl 20:45KlarabiografenSergels Torg 7, 111 57 Stockholm\nEfter filmen \u201cUnder the Volcano\u201d f\u00f6ljer ett samtal om hur ukrainares liv ser ut b\u00e5de utomlands och i hemlandet efter Rysslands fullskaliga invasion av landet i februari 2022. Samtalet ber\u00f6r hur kriget har p\u00e5verkat m\u00e4nniskors vardag, identitet och m\u00f6jligheter att leva och arbeta - b\u00e5de f\u00f6r dem som har tvingats l\u00e4mna Ukraina och f\u00f6r dem som stannade kvar. Panelen ska ocks\u00e5 diskutera hur den ukrainska diasporans erfarenheter speglar och relaterar till teman i filmen, s\u00e5som f\u00f6rlust, v\u00e4ntan, os\u00e4kerhet och k\u00e4nslan av att befinna sig mellan tv\u00e5 olika verkligheter.\nI panelen deltar Ragnar Bertling (Musikcentrum \u00d6st) och Insomnia Taxxi (Iryna Novikova), som tillsammans reflekterar \u00f6ver filmens inneh\u00e5ll och s\u00e4tter den i ett bredare sammanhang av erfarenheter fr\u00e5n ukrainare i Sverige, Europa och Ukraina.\nRagnar Bertling\nRagnar Bertling \u00e4r verkst\u00e4llande direkt\u00f6r och ansvarig f\u00f6r internationell verksamhet p\u00e5 Musikcentrum \u00d6st, en ideell, genre\u00f6verskridande agentur och ett n\u00e4tverk f\u00f6r frilansmusiker och band som st\u00f6ds av Kulturr\u00e5det. Efter en kandidatexamen i filmvetenskap arbetade han i \u00f6ver tjugo \u00e5r vid Svenska Filminstitutet, d\u00e4r han bland annat ansvarade f\u00f6r distributionsst\u00f6d, var chef f\u00f6r biografdistribution och programl\u00e4ggning samt arbetade med r\u00e4ttighetsf\u00f6rv\u00e4rv och projektledning.\nInsomnia Taxxi\nIryna Novikova \u00e4r musikproducent, ljuddesigner och DJ, verksam under namnet Insomnia Taxxi. Hon tillh\u00f6r den europeiska framkanten inom experimentell elektronisk musik och har sin bakgrund i ett m\u00f6rkare popmusikaliskt uttryck. Med \u00f6ver tjugo \u00e5rs erfarenhet i sin musikaliska karri\u00e4r, fr\u00e5n att ha arbetat med den st\u00f6rsta musik-tv-kanalen i Ukraina, som dark pop-artist till internationell ljudproducent av experimentell konceptuell elektronisk musik, \u00e4r hon verksam inom film, teater och ljuddesign f\u00f6r digital konst. Som Insomnia Taxxi deltar hon i ett residensprogram hos Musikcentrum V\u00e4st inom ramen f\u00f6r ett asylresidens, med st\u00f6d fr\u00e5n SWAN, Postkodlotteriet och STIM, och i n\u00e4ra samarbete med Musikcentrum \u00d6st. De svenska residensen genomf\u00f6rs i samarbete med Artists at Risk.\nDen ing\u00e5r i den 16:e polska filmfestivalen Kinoteka Stockholm\nOM KINOTEKA     |     PROGRAM","breadcrumb":{"@id":"https:\/\/instytutpolski.pl\/stockholm\/2026\/03\/11\/langt-hemifran-ukrainare-i-exil\/#breadcrumb"},"inLanguage":"pl-PL","potentialAction":[{"@type":"ReadAction","target":["https:\/\/instytutpolski.pl\/stockholm\/2026\/03\/11\/langt-hemifran-ukrainare-i-exil\/"]}],"@context":"https:\/\/schema.org","startDate":"2026-03-27T08:45:00+02:00","endDate":"2026-03-27T09:15:00+02:00","eventStatus":"EventScheduled","eventAttendanceMode":"OfflineEventAttendanceMode","location":{"@type":"place","name":"","address":"","geo":{"@type":"GeoCoordinates","latitude":"","longitude":""}}},{"@type":"ImageObject","inLanguage":"pl-PL","@id":"https:\/\/instytutpolski.pl\/stockholm\/2026\/03\/11\/langt-hemifran-ukrainare-i-exil\/#primaryimage","url":"https:\/\/instytutpolski.pl\/stockholm\/wp-content\/uploads\/sites\/17\/2026\/03\/www.jpg","contentUrl":"https:\/\/instytutpolski.pl\/stockholm\/wp-content\/uploads\/sites\/17\/2026\/03\/www.jpg","width":1120,"height":630},{"@type":"BreadcrumbList","@id":"https:\/\/instytutpolski.pl\/stockholm\/2026\/03\/11\/langt-hemifran-ukrainare-i-exil\/#breadcrumb","itemListElement":[{"@type":"ListItem","position":1,"name":"Home","item":"https:\/\/instytutpolski.pl\/stockholm\/"},{"@type":"ListItem","position":2,"name":"L\u00e5ngt hemifr\u00e5n: ukrainare i exil (p\u00e5 engelska)"}]},{"@type":"WebSite","@id":"https:\/\/instytutpolski.pl\/stockholm\/#website","url":"https:\/\/instytutpolski.pl\/stockholm\/","name":"Instytut Polski w Sztokholmie","description":"Instytuty Polskie","potentialAction":[{"@type":"SearchAction","target":{"@type":"EntryPoint","urlTemplate":"https:\/\/instytutpolski.pl\/stockholm\/?s={search_term_string}"},"query-input":{"@type":"PropertyValueSpecification","valueRequired":true,"valueName":"search_term_string"}}],"inLanguage":"pl-PL"},{"@type":"Person","@id":"https:\/\/instytutpolski.pl\/stockholm\/#\/schema\/person\/866a2c0f4ccf0982a286809684f7bc1e","name":"treichelp","image":{"@type":"ImageObject","inLanguage":"pl-PL","@id":"https:\/\/instytutpolski.pl\/stockholm\/#\/schema\/person\/image\/","url":"https:\/\/secure.gravatar.com\/avatar\/fb2c1caae0df0854742a56fc463dd1fb?s=96&d=mm&r=g","contentUrl":"https:\/\/secure.gravatar.com\/avatar\/fb2c1caae0df0854742a56fc463dd1fb?s=96&d=mm&r=g","caption":"treichelp"},"url":"https:\/\/instytutpolski.pl\/stockholm\/author\/treichelp\/"}]}},"_links":{"self":[{"href":"https:\/\/instytutpolski.pl\/stockholm\/wp-json\/wp\/v2\/posts\/15206","targetHints":{"allow":["GET"]}}],"collection":[{"href":"https:\/\/instytutpolski.pl\/stockholm\/wp-json\/wp\/v2\/posts"}],"about":[{"href":"https:\/\/instytutpolski.pl\/stockholm\/wp-json\/wp\/v2\/types\/post"}],"author":[{"embeddable":true,"href":"https:\/\/instytutpolski.pl\/stockholm\/wp-json\/wp\/v2\/users\/173"}],"replies":[{"embeddable":true,"href":"https:\/\/instytutpolski.pl\/stockholm\/wp-json\/wp\/v2\/comments?post=15206"}],"version-history":[{"count":8,"href":"https:\/\/instytutpolski.pl\/stockholm\/wp-json\/wp\/v2\/posts\/15206\/revisions"}],"predecessor-version":[{"id":15267,"href":"https:\/\/instytutpolski.pl\/stockholm\/wp-json\/wp\/v2\/posts\/15206\/revisions\/15267"}],"wp:featuredmedia":[{"embeddable":true,"href":"https:\/\/instytutpolski.pl\/stockholm\/wp-json\/wp\/v2\/media\/15161"}],"wp:attachment":[{"href":"https:\/\/instytutpolski.pl\/stockholm\/wp-json\/wp\/v2\/media?parent=15206"}],"wp:term":[{"taxonomy":"category","embeddable":true,"href":"https:\/\/instytutpolski.pl\/stockholm\/wp-json\/wp\/v2\/categories?post=15206"},{"taxonomy":"post_tag","embeddable":true,"href":"https:\/\/instytutpolski.pl\/stockholm\/wp-json\/wp\/v2\/tags?post=15206"}],"curies":[{"name":"wp","href":"https:\/\/api.w.org\/{rel}","templated":true}]}}