{"id":15239,"date":"2026-02-27T09:02:00","date_gmt":"2026-02-27T08:02:00","guid":{"rendered":"https:\/\/instytutpolski.pl\/stockholm\/?p=15239"},"modified":"2026-03-12T12:01:31","modified_gmt":"2026-03-12T11:01:31","slug":"pokaz-filmowy-zima-pod-znakiem-wrony-w-rez-kasi-adamik","status":"publish","type":"post","link":"https:\/\/instytutpolski.pl\/stockholm\/pl\/2026\/02\/27\/pokaz-filmowy-zima-pod-znakiem-wrony-w-rez-kasi-adamik\/","title":{"rendered":"Pokaz filmowy: Zima pod znakiem wrony w re\u017c. Kasi Adamik"},"content":{"rendered":"\n<p>Sobota, 28 marca 2026, godz. 18:00<br>Kino Klara<br>Sergels Torg 7, 111 57 Stockholm<\/p>\n\n\n\n<div style=\"height:48px\" aria-hidden=\"true\" class=\"wp-block-spacer\"><\/div>\n\n\n\n<p class=\"has-text-align-center\"><strong><a href=\"https:\/\/kulturhusetstadsteatern.se\/bio\/winter-of-crow-kinoteka-2026\" target=\"_blank\" rel=\"noreferrer noopener\">BILETY<\/a><\/strong><\/p>\n\n\n\n<div style=\"height:48px\" aria-hidden=\"true\" class=\"wp-block-spacer\"><\/div>\n\n\n\n<p>Zainspirowany opowiadaniem laureatki Nagrody Bookera i Nagrody Nobla Olgi Tokarczuk, najnowszy film w re\u017cyserii Kasi Adamik to trzymaj\u0105ca w napi\u0119ciu gra w kotka i myszk\u0119, osadzona u progu stanu wojennego w Polsce w 1981 roku. W roli g\u0142\u00f3wnej wyst\u0119puje nominowana do Oscara Lesley Manville, wcielaj\u0105ca si\u0119 w zwyczajn\u0105 kobiet\u0119 uwik\u0142an\u0105 w niezwyk\u0142\u0105 sytuacj\u0119.<\/p>\n\n\n\n<p>Brytyjska profesor jest \u015bwiadkiem zab\u00f3jstwa studenta przez tajn\u0105 policj\u0119 w Warszawie w 1981 roku, w czasie stanu wojennego. Sama staje si\u0119 celem i ucieka ulicami miasta, a\u017c w ko\u0144cu zostaje zmuszona, by si\u0119 zatrzyma\u0107 i zaj\u0105\u0107 stanowisko.<\/p>\n\n\n\n<p>Film mia\u0142 swoj\u0105 nordyck\u0105 premier\u0119 na festiwalu filmowym w G\u00f6teborgu w 2026 roku.<\/p>\n\n\n\n<div style=\"height:48px\" aria-hidden=\"true\" class=\"wp-block-spacer\"><\/div>\n\n\n\n<figure class=\"wp-block-gallery has-nested-images columns-default is-cropped wp-block-gallery-1 is-layout-flex wp-block-gallery-is-layout-flex\">\n<figure class=\"wp-block-image size-large\"><img loading=\"lazy\" decoding=\"async\" width=\"1024\" height=\"713\" data-id=\"15117\" src=\"https:\/\/instytutpolski.pl\/stockholm\/wp-content\/uploads\/sites\/17\/2026\/02\/Winter-of-the-crow_still-1024x713.jpg\" alt=\"\" class=\"wp-image-15117\" srcset=\"https:\/\/instytutpolski.pl\/stockholm\/wp-content\/uploads\/sites\/17\/2026\/02\/Winter-of-the-crow_still-1024x713.jpg 1024w, https:\/\/instytutpolski.pl\/stockholm\/wp-content\/uploads\/sites\/17\/2026\/02\/Winter-of-the-crow_still-300x209.jpg 300w, https:\/\/instytutpolski.pl\/stockholm\/wp-content\/uploads\/sites\/17\/2026\/02\/Winter-of-the-crow_still-768x535.jpg 768w, https:\/\/instytutpolski.pl\/stockholm\/wp-content\/uploads\/sites\/17\/2026\/02\/Winter-of-the-crow_still-1536x1069.jpg 1536w, https:\/\/instytutpolski.pl\/stockholm\/wp-content\/uploads\/sites\/17\/2026\/02\/Winter-of-the-crow_still-2048x1425.jpg 2048w\" sizes=\"auto, (max-width: 1024px) 100vw, 1024px\" \/><\/figure>\n\n\n\n<figure class=\"wp-block-image size-large\"><img loading=\"lazy\" decoding=\"async\" width=\"1024\" height=\"510\" data-id=\"15118\" src=\"https:\/\/instytutpolski.pl\/stockholm\/wp-content\/uploads\/sites\/17\/2026\/02\/WOTC_v17_LOCKED-PICTURE_BP_Main_01_54_16_13-copy-1024x510.jpg\" alt=\"\" class=\"wp-image-15118\" srcset=\"https:\/\/instytutpolski.pl\/stockholm\/wp-content\/uploads\/sites\/17\/2026\/02\/WOTC_v17_LOCKED-PICTURE_BP_Main_01_54_16_13-copy-1024x510.jpg 1024w, https:\/\/instytutpolski.pl\/stockholm\/wp-content\/uploads\/sites\/17\/2026\/02\/WOTC_v17_LOCKED-PICTURE_BP_Main_01_54_16_13-copy-300x149.jpg 300w, https:\/\/instytutpolski.pl\/stockholm\/wp-content\/uploads\/sites\/17\/2026\/02\/WOTC_v17_LOCKED-PICTURE_BP_Main_01_54_16_13-copy-768x383.jpg 768w, https:\/\/instytutpolski.pl\/stockholm\/wp-content\/uploads\/sites\/17\/2026\/02\/WOTC_v17_LOCKED-PICTURE_BP_Main_01_54_16_13-copy-1536x765.jpg 1536w, https:\/\/instytutpolski.pl\/stockholm\/wp-content\/uploads\/sites\/17\/2026\/02\/WOTC_v17_LOCKED-PICTURE_BP_Main_01_54_16_13-copy-2048x1020.jpg 2048w\" sizes=\"auto, (max-width: 1024px) 100vw, 1024px\" \/><\/figure>\n\n\n\n<figure class=\"wp-block-image size-large\"><img loading=\"lazy\" decoding=\"async\" width=\"1024\" height=\"511\" data-id=\"15116\" src=\"https:\/\/instytutpolski.pl\/stockholm\/wp-content\/uploads\/sites\/17\/2026\/02\/WOTC_v17_LOCKED-PICTURE_BP_Main_02_43_15_09-copy-1024x511.jpg\" alt=\"\" class=\"wp-image-15116\" srcset=\"https:\/\/instytutpolski.pl\/stockholm\/wp-content\/uploads\/sites\/17\/2026\/02\/WOTC_v17_LOCKED-PICTURE_BP_Main_02_43_15_09-copy-1024x511.jpg 1024w, https:\/\/instytutpolski.pl\/stockholm\/wp-content\/uploads\/sites\/17\/2026\/02\/WOTC_v17_LOCKED-PICTURE_BP_Main_02_43_15_09-copy-300x150.jpg 300w, https:\/\/instytutpolski.pl\/stockholm\/wp-content\/uploads\/sites\/17\/2026\/02\/WOTC_v17_LOCKED-PICTURE_BP_Main_02_43_15_09-copy-768x383.jpg 768w, https:\/\/instytutpolski.pl\/stockholm\/wp-content\/uploads\/sites\/17\/2026\/02\/WOTC_v17_LOCKED-PICTURE_BP_Main_02_43_15_09-copy-1536x766.jpg 1536w, https:\/\/instytutpolski.pl\/stockholm\/wp-content\/uploads\/sites\/17\/2026\/02\/WOTC_v17_LOCKED-PICTURE_BP_Main_02_43_15_09-copy-2048x1021.jpg 2048w\" sizes=\"auto, (max-width: 1024px) 100vw, 1024px\" \/><\/figure>\n<\/figure>\n\n\n\n<div style=\"height:48px\" aria-hidden=\"true\" class=\"wp-block-spacer\"><\/div>\n\n\n\n<p>Re\u017cyseria: Kasia Adamik<\/p>\n\n\n\n<p>Scenariusz: Kasia Adamik, Sandra Buchta, Lucinda Coxon<\/p>\n\n\n\n<p>Kategoria: dramat prawniczy, thriller<\/p>\n\n\n\n<p>Czas trwania: 1h 52m<\/p>\n\n\n\n<p>Rok produkcji: 2025<\/p>\n\n\n\n<p>Film po angielsku i polsku z angielskimi napisami<\/p>\n\n\n\n<div style=\"height:48px\" aria-hidden=\"true\" class=\"wp-block-spacer\"><\/div>\n\n\n\n<p class=\"has-text-align-center\"><a href=\"https:\/\/instytutpolski.pl\/stockholm\/2026\/02\/02\/om-kinoteka-filmfestival\/\">OM KINOTEKA<\/a>\u00a0|\u00a0<a href=\"https:\/\/instytutpolski.pl\/stockholm\/2026\/02\/27\/kinoteka-2026-program\/\">PROGRAM<\/a><\/p>\n","protected":false},"excerpt":{"rendered":"<p>Sobota, 28 marca 2026, godz. 18:00Kino KlaraSergels Torg 7, 111 57 Stockholm BILETY Zainspirowany opowiadaniem laureatki Nagrody Bookera i Nagrody Nobla Olgi Tokarczuk, najnowszy film w re\u017cyserii Kasi Adamik to trzymaj\u0105ca w napi\u0119ciu gra w kotka i myszk\u0119, osadzona u progu stanu wojennego w Polsce w 1981 roku. W roli g\u0142\u00f3wnej wyst\u0119puje nominowana do Oscara [&hellip;]<\/p>\n","protected":false},"author":173,"featured_media":15119,"comment_status":"closed","ping_status":"closed","sticky":false,"template":"","format":"standard","meta":{"inline_featured_image":false,"_monsterinsights_skip_tracking":false,"_monsterinsights_sitenote_active":false,"_monsterinsights_sitenote_note":"","_monsterinsights_sitenote_category":0,"footnotes":""},"categories":[85,36],"tags":[],"class_list":["post-15239","post","type-post","status-publish","format-standard","has-post-thumbnail","hentry","category-kino","category-wydarzenie"],"yoast_head":"<!-- This site is optimized with the Yoast SEO plugin v24.6 - https:\/\/yoast.com\/wordpress\/plugins\/seo\/ -->\n<title>Pokaz filmowy: Zima pod znakiem wrony w re\u017c. Kasi Adamik - Instytut Polski w Sztokholmie<\/title>\n<meta name=\"description\" content=\"Jako cz\u0119\u015b\u0107 16. edycji przegl\u0105du film\u00f3w polskich Kinoteka Sztokholm zapraszamy na pokaz filmu \u201eZima pod znakiem wrony\u201d\" \/>\n<meta name=\"robots\" content=\"index, follow, max-snippet:-1, max-image-preview:large, max-video-preview:-1\" \/>\n<link rel=\"canonical\" href=\"https:\/\/instytutpolski.pl\/stockholm\/pl\/2026\/02\/27\/pokaz-filmowy-zima-pod-znakiem-wrony-w-rez-kasi-adamik\/\" \/>\n<meta property=\"og:locale\" content=\"pl_PL\" \/>\n<meta property=\"og:type\" content=\"article\" \/>\n<meta property=\"og:title\" content=\"Pokaz filmowy: Zima pod znakiem wrony w re\u017c. Kasi Adamik - Instytut Polski w Sztokholmie\" \/>\n<meta property=\"og:description\" content=\"Jako cz\u0119\u015b\u0107 16. edycji przegl\u0105du film\u00f3w polskich Kinoteka Sztokholm zapraszamy na pokaz filmu \u201eZima pod znakiem wrony\u201d\" \/>\n<meta property=\"og:url\" content=\"https:\/\/instytutpolski.pl\/stockholm\/pl\/2026\/02\/27\/pokaz-filmowy-zima-pod-znakiem-wrony-w-rez-kasi-adamik\/\" \/>\n<meta property=\"og:site_name\" content=\"Instytut Polski w Sztokholmie\" \/>\n<meta property=\"article:published_time\" content=\"2026-02-27T08:02:00+00:00\" \/>\n<meta property=\"article:modified_time\" content=\"2026-03-12T11:01:31+00:00\" \/>\n<meta property=\"og:image\" content=\"https:\/\/instytutpolski.pl\/stockholm\/wp-content\/uploads\/sites\/17\/2026\/02\/Winterofthecrow_website.png\" \/>\n\t<meta property=\"og:image:width\" content=\"1120\" \/>\n\t<meta property=\"og:image:height\" content=\"630\" \/>\n\t<meta property=\"og:image:type\" content=\"image\/png\" \/>\n<meta name=\"author\" content=\"treichelp\" \/>\n<meta name=\"twitter:card\" content=\"summary_large_image\" \/>\n<meta name=\"twitter:label1\" content=\"Napisane przez\" \/>\n\t<meta name=\"twitter:data1\" content=\"treichelp\" \/>\n\t<meta name=\"twitter:label2\" content=\"Szacowany czas czytania\" \/>\n\t<meta name=\"twitter:data2\" content=\"2 minuty\" \/>\n<script type=\"application\/ld+json\" class=\"yoast-schema-graph\">{\"@context\":\"https:\/\/schema.org\",\"@graph\":[{\"@type\":\"event\",\"@id\":\"https:\/\/instytutpolski.pl\/stockholm\/pl\/2026\/02\/27\/pokaz-filmowy-zima-pod-znakiem-wrony-w-rez-kasi-adamik\/\",\"url\":\"https:\/\/instytutpolski.pl\/stockholm\/pl\/2026\/02\/27\/pokaz-filmowy-zima-pod-znakiem-wrony-w-rez-kasi-adamik\/\",\"name\":\"Pokaz filmowy: Zima pod znakiem wrony w re\u017c. Kasi Adamik\",\"isPartOf\":{\"@id\":\"https:\/\/instytutpolski.pl\/stockholm\/#website\"},\"primaryImageOfPage\":{\"@id\":\"https:\/\/instytutpolski.pl\/stockholm\/pl\/2026\/02\/27\/pokaz-filmowy-zima-pod-znakiem-wrony-w-rez-kasi-adamik\/#primaryimage\"},\"image\":[\"https:\/\/instytutpolski.pl\/stockholm\/wp-content\/uploads\/sites\/17\/2026\/02\/Winterofthecrow_website.png\",\"https:\/\/instytutpolski.pl\/stockholm\/wp-content\/uploads\/sites\/17\/2026\/02\/Winterofthecrow_website-300x169.png\",\"https:\/\/instytutpolski.pl\/stockholm\/wp-content\/uploads\/sites\/17\/2026\/02\/Winterofthecrow_website-1024x576.png\",\"https:\/\/instytutpolski.pl\/stockholm\/wp-content\/uploads\/sites\/17\/2026\/02\/Winterofthecrow_website.png\"],\"thumbnailUrl\":\"https:\/\/instytutpolski.pl\/stockholm\/wp-content\/uploads\/sites\/17\/2026\/02\/Winterofthecrow_website.png\",\"datePublished\":\"2026-02-27T08:02:00+02:00\",\"dateModified\":\"2026-03-12T11:01:31+02:00\",\"author\":{\"@id\":\"https:\/\/instytutpolski.pl\/stockholm\/#\/schema\/person\/866a2c0f4ccf0982a286809684f7bc1e\"},\"description\":\"Sobota, 28 marca 2026, godz. 18:00Kino KlaraSergels Torg 7, 111 57 Stockholm\\nBILETY\\nZainspirowany opowiadaniem laureatki Nagrody Bookera i Nagrody Nobla Olgi Tokarczuk, najnowszy film w re\u017cyserii Kasi Adamik to trzymaj\u0105ca w napi\u0119ciu gra w kotka i myszk\u0119, osadzona u progu stanu wojennego w Polsce w 1981 roku. W roli g\u0142\u00f3wnej wyst\u0119puje nominowana do Oscara Lesley Manville, wcielaj\u0105ca si\u0119 w zwyczajn\u0105 kobiet\u0119 uwik\u0142an\u0105 w niezwyk\u0142\u0105 sytuacj\u0119.\\nBrytyjska profesor jest \u015bwiadkiem zab\u00f3jstwa studenta przez tajn\u0105 policj\u0119 w Warszawie w 1981 roku, w czasie stanu wojennego. Sama staje si\u0119 celem i ucieka ulicami miasta, a\u017c w ko\u0144cu zostaje zmuszona, by si\u0119 zatrzyma\u0107 i zaj\u0105\u0107 stanowisko.\\nFilm mia\u0142 swoj\u0105 nordyck\u0105 premier\u0119 na festiwalu filmowym w G\u00f6teborgu w 2026 roku.\\nRe\u017cyseria: Kasia Adamik\\nScenariusz: Kasia Adamik, Sandra Buchta, Lucinda Coxon\\nKategoria: dramat prawniczy, thriller\\nCzas trwania: 1h 52m\\nRok produkcji: 2025\\nFilm po angielsku i polsku z angielskimi napisami\\nOM KINOTEKA\u00a0|\u00a0PROGRAM\",\"breadcrumb\":{\"@id\":\"https:\/\/instytutpolski.pl\/stockholm\/pl\/2026\/02\/27\/pokaz-filmowy-zima-pod-znakiem-wrony-w-rez-kasi-adamik\/#breadcrumb\"},\"inLanguage\":\"pl-PL\",\"potentialAction\":[{\"@type\":\"ReadAction\",\"target\":[\"https:\/\/instytutpolski.pl\/stockholm\/pl\/2026\/02\/27\/pokaz-filmowy-zima-pod-znakiem-wrony-w-rez-kasi-adamik\/\"]}],\"@context\":\"https:\/\/schema.org\",\"startDate\":\"2026-03-28T06:00:00+02:00\",\"endDate\":\"2026-03-28T08:00:00+02:00\",\"eventStatus\":\"EventScheduled\",\"eventAttendanceMode\":\"OfflineEventAttendanceMode\",\"location\":{\"@type\":\"place\",\"name\":\"\",\"address\":\"\",\"geo\":{\"@type\":\"GeoCoordinates\",\"latitude\":\"\",\"longitude\":\"\"}}},{\"@type\":\"ImageObject\",\"inLanguage\":\"pl-PL\",\"@id\":\"https:\/\/instytutpolski.pl\/stockholm\/pl\/2026\/02\/27\/pokaz-filmowy-zima-pod-znakiem-wrony-w-rez-kasi-adamik\/#primaryimage\",\"url\":\"https:\/\/instytutpolski.pl\/stockholm\/wp-content\/uploads\/sites\/17\/2026\/02\/Winterofthecrow_website.png\",\"contentUrl\":\"https:\/\/instytutpolski.pl\/stockholm\/wp-content\/uploads\/sites\/17\/2026\/02\/Winterofthecrow_website.png\",\"width\":1120,\"height\":630},{\"@type\":\"BreadcrumbList\",\"@id\":\"https:\/\/instytutpolski.pl\/stockholm\/pl\/2026\/02\/27\/pokaz-filmowy-zima-pod-znakiem-wrony-w-rez-kasi-adamik\/#breadcrumb\",\"itemListElement\":[{\"@type\":\"ListItem\",\"position\":1,\"name\":\"Home\",\"item\":\"https:\/\/instytutpolski.pl\/stockholm\/\"},{\"@type\":\"ListItem\",\"position\":2,\"name\":\"Pokaz filmowy: Zima pod znakiem wrony w re\u017c. Kasi Adamik\"}]},{\"@type\":\"WebSite\",\"@id\":\"https:\/\/instytutpolski.pl\/stockholm\/#website\",\"url\":\"https:\/\/instytutpolski.pl\/stockholm\/\",\"name\":\"Instytut Polski w Sztokholmie\",\"description\":\"Instytuty Polskie\",\"potentialAction\":[{\"@type\":\"SearchAction\",\"target\":{\"@type\":\"EntryPoint\",\"urlTemplate\":\"https:\/\/instytutpolski.pl\/stockholm\/?s={search_term_string}\"},\"query-input\":{\"@type\":\"PropertyValueSpecification\",\"valueRequired\":true,\"valueName\":\"search_term_string\"}}],\"inLanguage\":\"pl-PL\"},{\"@type\":\"Person\",\"@id\":\"https:\/\/instytutpolski.pl\/stockholm\/#\/schema\/person\/866a2c0f4ccf0982a286809684f7bc1e\",\"name\":\"treichelp\",\"image\":{\"@type\":\"ImageObject\",\"inLanguage\":\"pl-PL\",\"@id\":\"https:\/\/instytutpolski.pl\/stockholm\/#\/schema\/person\/image\/\",\"url\":\"https:\/\/secure.gravatar.com\/avatar\/fb2c1caae0df0854742a56fc463dd1fb?s=96&d=mm&r=g\",\"contentUrl\":\"https:\/\/secure.gravatar.com\/avatar\/fb2c1caae0df0854742a56fc463dd1fb?s=96&d=mm&r=g\",\"caption\":\"treichelp\"},\"url\":\"https:\/\/instytutpolski.pl\/stockholm\/author\/treichelp\/\"}]}<\/script>\n<!-- \/ Yoast SEO plugin. -->","yoast_head_json":{"title":"Pokaz filmowy: Zima pod znakiem wrony w re\u017c. Kasi Adamik - Instytut Polski w Sztokholmie","description":"Jako cz\u0119\u015b\u0107 16. edycji przegl\u0105du film\u00f3w polskich Kinoteka Sztokholm zapraszamy na pokaz filmu \u201eZima pod znakiem wrony\u201d","robots":{"index":"index","follow":"follow","max-snippet":"max-snippet:-1","max-image-preview":"max-image-preview:large","max-video-preview":"max-video-preview:-1"},"canonical":"https:\/\/instytutpolski.pl\/stockholm\/pl\/2026\/02\/27\/pokaz-filmowy-zima-pod-znakiem-wrony-w-rez-kasi-adamik\/","og_locale":"pl_PL","og_type":"article","og_title":"Pokaz filmowy: Zima pod znakiem wrony w re\u017c. Kasi Adamik - Instytut Polski w Sztokholmie","og_description":"Jako cz\u0119\u015b\u0107 16. edycji przegl\u0105du film\u00f3w polskich Kinoteka Sztokholm zapraszamy na pokaz filmu \u201eZima pod znakiem wrony\u201d","og_url":"https:\/\/instytutpolski.pl\/stockholm\/pl\/2026\/02\/27\/pokaz-filmowy-zima-pod-znakiem-wrony-w-rez-kasi-adamik\/","og_site_name":"Instytut Polski w Sztokholmie","article_published_time":"2026-02-27T08:02:00+00:00","article_modified_time":"2026-03-12T11:01:31+00:00","og_image":[{"width":1120,"height":630,"url":"https:\/\/instytutpolski.pl\/stockholm\/wp-content\/uploads\/sites\/17\/2026\/02\/Winterofthecrow_website.png","type":"image\/png"}],"author":"treichelp","twitter_card":"summary_large_image","twitter_misc":{"Napisane przez":"treichelp","Szacowany czas czytania":"2 minuty"},"schema":{"@context":"https:\/\/schema.org","@graph":[{"@type":"event","@id":"https:\/\/instytutpolski.pl\/stockholm\/pl\/2026\/02\/27\/pokaz-filmowy-zima-pod-znakiem-wrony-w-rez-kasi-adamik\/","url":"https:\/\/instytutpolski.pl\/stockholm\/pl\/2026\/02\/27\/pokaz-filmowy-zima-pod-znakiem-wrony-w-rez-kasi-adamik\/","name":"Pokaz filmowy: Zima pod znakiem wrony w re\u017c. Kasi Adamik","isPartOf":{"@id":"https:\/\/instytutpolski.pl\/stockholm\/#website"},"primaryImageOfPage":{"@id":"https:\/\/instytutpolski.pl\/stockholm\/pl\/2026\/02\/27\/pokaz-filmowy-zima-pod-znakiem-wrony-w-rez-kasi-adamik\/#primaryimage"},"image":["https:\/\/instytutpolski.pl\/stockholm\/wp-content\/uploads\/sites\/17\/2026\/02\/Winterofthecrow_website.png","https:\/\/instytutpolski.pl\/stockholm\/wp-content\/uploads\/sites\/17\/2026\/02\/Winterofthecrow_website-300x169.png","https:\/\/instytutpolski.pl\/stockholm\/wp-content\/uploads\/sites\/17\/2026\/02\/Winterofthecrow_website-1024x576.png","https:\/\/instytutpolski.pl\/stockholm\/wp-content\/uploads\/sites\/17\/2026\/02\/Winterofthecrow_website.png"],"thumbnailUrl":"https:\/\/instytutpolski.pl\/stockholm\/wp-content\/uploads\/sites\/17\/2026\/02\/Winterofthecrow_website.png","datePublished":"2026-02-27T08:02:00+02:00","dateModified":"2026-03-12T11:01:31+02:00","author":{"@id":"https:\/\/instytutpolski.pl\/stockholm\/#\/schema\/person\/866a2c0f4ccf0982a286809684f7bc1e"},"description":"Sobota, 28 marca 2026, godz. 18:00Kino KlaraSergels Torg 7, 111 57 Stockholm\nBILETY\nZainspirowany opowiadaniem laureatki Nagrody Bookera i Nagrody Nobla Olgi Tokarczuk, najnowszy film w re\u017cyserii Kasi Adamik to trzymaj\u0105ca w napi\u0119ciu gra w kotka i myszk\u0119, osadzona u progu stanu wojennego w Polsce w 1981 roku. W roli g\u0142\u00f3wnej wyst\u0119puje nominowana do Oscara Lesley Manville, wcielaj\u0105ca si\u0119 w zwyczajn\u0105 kobiet\u0119 uwik\u0142an\u0105 w niezwyk\u0142\u0105 sytuacj\u0119.\nBrytyjska profesor jest \u015bwiadkiem zab\u00f3jstwa studenta przez tajn\u0105 policj\u0119 w Warszawie w 1981 roku, w czasie stanu wojennego. Sama staje si\u0119 celem i ucieka ulicami miasta, a\u017c w ko\u0144cu zostaje zmuszona, by si\u0119 zatrzyma\u0107 i zaj\u0105\u0107 stanowisko.\nFilm mia\u0142 swoj\u0105 nordyck\u0105 premier\u0119 na festiwalu filmowym w G\u00f6teborgu w 2026 roku.\nRe\u017cyseria: Kasia Adamik\nScenariusz: Kasia Adamik, Sandra Buchta, Lucinda Coxon\nKategoria: dramat prawniczy, thriller\nCzas trwania: 1h 52m\nRok produkcji: 2025\nFilm po angielsku i polsku z angielskimi napisami\nOM KINOTEKA\u00a0|\u00a0PROGRAM","breadcrumb":{"@id":"https:\/\/instytutpolski.pl\/stockholm\/pl\/2026\/02\/27\/pokaz-filmowy-zima-pod-znakiem-wrony-w-rez-kasi-adamik\/#breadcrumb"},"inLanguage":"pl-PL","potentialAction":[{"@type":"ReadAction","target":["https:\/\/instytutpolski.pl\/stockholm\/pl\/2026\/02\/27\/pokaz-filmowy-zima-pod-znakiem-wrony-w-rez-kasi-adamik\/"]}],"@context":"https:\/\/schema.org","startDate":"2026-03-28T06:00:00+02:00","endDate":"2026-03-28T08:00:00+02:00","eventStatus":"EventScheduled","eventAttendanceMode":"OfflineEventAttendanceMode","location":{"@type":"place","name":"","address":"","geo":{"@type":"GeoCoordinates","latitude":"","longitude":""}}},{"@type":"ImageObject","inLanguage":"pl-PL","@id":"https:\/\/instytutpolski.pl\/stockholm\/pl\/2026\/02\/27\/pokaz-filmowy-zima-pod-znakiem-wrony-w-rez-kasi-adamik\/#primaryimage","url":"https:\/\/instytutpolski.pl\/stockholm\/wp-content\/uploads\/sites\/17\/2026\/02\/Winterofthecrow_website.png","contentUrl":"https:\/\/instytutpolski.pl\/stockholm\/wp-content\/uploads\/sites\/17\/2026\/02\/Winterofthecrow_website.png","width":1120,"height":630},{"@type":"BreadcrumbList","@id":"https:\/\/instytutpolski.pl\/stockholm\/pl\/2026\/02\/27\/pokaz-filmowy-zima-pod-znakiem-wrony-w-rez-kasi-adamik\/#breadcrumb","itemListElement":[{"@type":"ListItem","position":1,"name":"Home","item":"https:\/\/instytutpolski.pl\/stockholm\/"},{"@type":"ListItem","position":2,"name":"Pokaz filmowy: Zima pod znakiem wrony w re\u017c. Kasi Adamik"}]},{"@type":"WebSite","@id":"https:\/\/instytutpolski.pl\/stockholm\/#website","url":"https:\/\/instytutpolski.pl\/stockholm\/","name":"Instytut Polski w Sztokholmie","description":"Instytuty Polskie","potentialAction":[{"@type":"SearchAction","target":{"@type":"EntryPoint","urlTemplate":"https:\/\/instytutpolski.pl\/stockholm\/?s={search_term_string}"},"query-input":{"@type":"PropertyValueSpecification","valueRequired":true,"valueName":"search_term_string"}}],"inLanguage":"pl-PL"},{"@type":"Person","@id":"https:\/\/instytutpolski.pl\/stockholm\/#\/schema\/person\/866a2c0f4ccf0982a286809684f7bc1e","name":"treichelp","image":{"@type":"ImageObject","inLanguage":"pl-PL","@id":"https:\/\/instytutpolski.pl\/stockholm\/#\/schema\/person\/image\/","url":"https:\/\/secure.gravatar.com\/avatar\/fb2c1caae0df0854742a56fc463dd1fb?s=96&d=mm&r=g","contentUrl":"https:\/\/secure.gravatar.com\/avatar\/fb2c1caae0df0854742a56fc463dd1fb?s=96&d=mm&r=g","caption":"treichelp"},"url":"https:\/\/instytutpolski.pl\/stockholm\/author\/treichelp\/"}]}},"_links":{"self":[{"href":"https:\/\/instytutpolski.pl\/stockholm\/wp-json\/wp\/v2\/posts\/15239","targetHints":{"allow":["GET"]}}],"collection":[{"href":"https:\/\/instytutpolski.pl\/stockholm\/wp-json\/wp\/v2\/posts"}],"about":[{"href":"https:\/\/instytutpolski.pl\/stockholm\/wp-json\/wp\/v2\/types\/post"}],"author":[{"embeddable":true,"href":"https:\/\/instytutpolski.pl\/stockholm\/wp-json\/wp\/v2\/users\/173"}],"replies":[{"embeddable":true,"href":"https:\/\/instytutpolski.pl\/stockholm\/wp-json\/wp\/v2\/comments?post=15239"}],"version-history":[{"count":3,"href":"https:\/\/instytutpolski.pl\/stockholm\/wp-json\/wp\/v2\/posts\/15239\/revisions"}],"predecessor-version":[{"id":15242,"href":"https:\/\/instytutpolski.pl\/stockholm\/wp-json\/wp\/v2\/posts\/15239\/revisions\/15242"}],"wp:featuredmedia":[{"embeddable":true,"href":"https:\/\/instytutpolski.pl\/stockholm\/wp-json\/wp\/v2\/media\/15119"}],"wp:attachment":[{"href":"https:\/\/instytutpolski.pl\/stockholm\/wp-json\/wp\/v2\/media?parent=15239"}],"wp:term":[{"taxonomy":"category","embeddable":true,"href":"https:\/\/instytutpolski.pl\/stockholm\/wp-json\/wp\/v2\/categories?post=15239"},{"taxonomy":"post_tag","embeddable":true,"href":"https:\/\/instytutpolski.pl\/stockholm\/wp-json\/wp\/v2\/tags?post=15239"}],"curies":[{"name":"wp","href":"https:\/\/api.w.org\/{rel}","templated":true}]}}