{"id":15244,"date":"2026-02-27T09:02:00","date_gmt":"2026-02-27T08:02:00","guid":{"rendered":"https:\/\/instytutpolski.pl\/stockholm\/?p=15244"},"modified":"2026-03-12T12:07:07","modified_gmt":"2026-03-12T11:07:07","slug":"pokaz-filmowy-pod-wulkanem-w-rez-damiana-kocura","status":"publish","type":"post","link":"https:\/\/instytutpolski.pl\/stockholm\/pl\/2026\/02\/27\/pokaz-filmowy-pod-wulkanem-w-rez-damiana-kocura\/","title":{"rendered":"Pokaz filmowy: Pod wulkanem w re\u017c. Damiana Kocura"},"content":{"rendered":"\n<p>Pi\u0105tek, 27 marca 2026, godz. 19:00<br>Kino Klara<br>Sergels Torg 7, 111 57 Stockholm<\/p>\n\n\n\n<div style=\"height:44px\" aria-hidden=\"true\" class=\"wp-block-spacer\"><\/div>\n\n\n\n<p class=\"has-text-align-center\"><strong><a href=\"https:\/\/kulturhusetstadsteatern.se\/bio\/under-volcano-kinoteka-2026\" target=\"_blank\" rel=\"noreferrer noopener\">BILETY<\/a><\/strong><\/p>\n\n\n\n<div style=\"height:44px\" aria-hidden=\"true\" class=\"wp-block-spacer\"><\/div>\n\n\n\n<p>Ukrai\u0144ska rodzina sp\u0119dza ostatni dzie\u0144 wakacji na Teneryfie w Hiszpanii. Gdy rosyjska inwazja na Ukrain\u0119 sprawia, \u017ce zostaj\u0105 uwi\u0119zieni na wyspie, musz\u0105 zmierzy\u0107 si\u0119 z izolacj\u0105, poczuciem obowi\u0105zku, strachem \u2014 oraz z samymi sob\u0105.<\/p>\n\n\n\n<p>Film zosta\u0142 wybrany i zg\u0142oszony jako oficjalny kandydat Polski w kategorii Najlepszy Film Mi\u0119dzynarodowy podczas 97. ceremonii wr\u0119czenia Oscar\u00f3w w 2025 roku.<\/p>\n\n\n\n<div style=\"height:44px\" aria-hidden=\"true\" class=\"wp-block-spacer\"><\/div>\n\n\n\n<p>Po filmie \u201eUnder the Volcano\u201d odb\u0119dzie si\u0119 <a href=\"https:\/\/instytutpolski.pl\/stockholm\/2026\/03\/11\/langt-hemifran-ukrainare-i-exil\/\" target=\"_blank\" rel=\"noreferrer noopener\">rozmowa o tym, jak wygl\u0105da \u017cycie Ukrai\u0144c\u00f3w zar\u00f3wno za granic\u0105, jak i w ojczy\u017anie<\/a> po pe\u0142noskalowej inwazji Rosji na kraj. W panelu wezm\u0105 udzia\u0142 Ragnar Bertling (Musikcentrum \u00d6st) oraz Iryna Novikova (Insomnia Taxxi).<\/p>\n\n\n\n<div style=\"height:44px\" aria-hidden=\"true\" class=\"wp-block-spacer\"><\/div>\n\n\n\n<figure class=\"wp-block-gallery has-nested-images columns-default is-cropped wp-block-gallery-1 is-layout-flex wp-block-gallery-is-layout-flex\">\n<figure class=\"wp-block-image size-large\"><img loading=\"lazy\" decoding=\"async\" width=\"1024\" height=\"713\" data-id=\"15126\" src=\"https:\/\/instytutpolski.pl\/stockholm\/wp-content\/uploads\/sites\/17\/2026\/02\/01.-UNDER-THE-VOLCANO_STILL-03-1024x713.jpg\" alt=\"\" class=\"wp-image-15126\" srcset=\"https:\/\/instytutpolski.pl\/stockholm\/wp-content\/uploads\/sites\/17\/2026\/02\/01.-UNDER-THE-VOLCANO_STILL-03-1024x713.jpg 1024w, https:\/\/instytutpolski.pl\/stockholm\/wp-content\/uploads\/sites\/17\/2026\/02\/01.-UNDER-THE-VOLCANO_STILL-03-300x209.jpg 300w, https:\/\/instytutpolski.pl\/stockholm\/wp-content\/uploads\/sites\/17\/2026\/02\/01.-UNDER-THE-VOLCANO_STILL-03-768x535.jpg 768w, https:\/\/instytutpolski.pl\/stockholm\/wp-content\/uploads\/sites\/17\/2026\/02\/01.-UNDER-THE-VOLCANO_STILL-03-1536x1070.jpg 1536w, https:\/\/instytutpolski.pl\/stockholm\/wp-content\/uploads\/sites\/17\/2026\/02\/01.-UNDER-THE-VOLCANO_STILL-03.jpg 1550w\" sizes=\"auto, (max-width: 1024px) 100vw, 1024px\" \/><\/figure>\n\n\n\n<figure class=\"wp-block-image size-large\"><img loading=\"lazy\" decoding=\"async\" width=\"1024\" height=\"713\" data-id=\"15125\" src=\"https:\/\/instytutpolski.pl\/stockholm\/wp-content\/uploads\/sites\/17\/2026\/02\/01.-UNDER-THE-VOLCANO_STILL-02-1024x713.jpg\" alt=\"\" class=\"wp-image-15125\" srcset=\"https:\/\/instytutpolski.pl\/stockholm\/wp-content\/uploads\/sites\/17\/2026\/02\/01.-UNDER-THE-VOLCANO_STILL-02-1024x713.jpg 1024w, https:\/\/instytutpolski.pl\/stockholm\/wp-content\/uploads\/sites\/17\/2026\/02\/01.-UNDER-THE-VOLCANO_STILL-02-300x209.jpg 300w, https:\/\/instytutpolski.pl\/stockholm\/wp-content\/uploads\/sites\/17\/2026\/02\/01.-UNDER-THE-VOLCANO_STILL-02-768x535.jpg 768w, https:\/\/instytutpolski.pl\/stockholm\/wp-content\/uploads\/sites\/17\/2026\/02\/01.-UNDER-THE-VOLCANO_STILL-02-1536x1070.jpg 1536w, https:\/\/instytutpolski.pl\/stockholm\/wp-content\/uploads\/sites\/17\/2026\/02\/01.-UNDER-THE-VOLCANO_STILL-02.jpg 1550w\" sizes=\"auto, (max-width: 1024px) 100vw, 1024px\" \/><\/figure>\n\n\n\n<figure class=\"wp-block-image size-large\"><img loading=\"lazy\" decoding=\"async\" width=\"1024\" height=\"713\" data-id=\"15124\" src=\"https:\/\/instytutpolski.pl\/stockholm\/wp-content\/uploads\/sites\/17\/2026\/02\/01.-UNDER-THE-VOLCANO_STILL-01-1024x713.jpg\" alt=\"\" class=\"wp-image-15124\" srcset=\"https:\/\/instytutpolski.pl\/stockholm\/wp-content\/uploads\/sites\/17\/2026\/02\/01.-UNDER-THE-VOLCANO_STILL-01-1024x713.jpg 1024w, https:\/\/instytutpolski.pl\/stockholm\/wp-content\/uploads\/sites\/17\/2026\/02\/01.-UNDER-THE-VOLCANO_STILL-01-300x209.jpg 300w, https:\/\/instytutpolski.pl\/stockholm\/wp-content\/uploads\/sites\/17\/2026\/02\/01.-UNDER-THE-VOLCANO_STILL-01-768x535.jpg 768w, https:\/\/instytutpolski.pl\/stockholm\/wp-content\/uploads\/sites\/17\/2026\/02\/01.-UNDER-THE-VOLCANO_STILL-01-1536x1070.jpg 1536w, https:\/\/instytutpolski.pl\/stockholm\/wp-content\/uploads\/sites\/17\/2026\/02\/01.-UNDER-THE-VOLCANO_STILL-01.jpg 1550w\" sizes=\"auto, (max-width: 1024px) 100vw, 1024px\" \/><\/figure>\n<\/figure>\n\n\n\n<div style=\"height:44px\" aria-hidden=\"true\" class=\"wp-block-spacer\"><\/div>\n\n\n\n<p>Re\u017cyseria: Damian Kocur<\/p>\n\n\n\n<p>Scenariusz: Damian Kocur, Marta Konarzewska<\/p>\n\n\n\n<p>Kategoria: drama<\/p>\n\n\n\n<p>Czas trwania: 1h 45m<\/p>\n\n\n\n<p>Rok produkcji: 2024<\/p>\n\n\n\n<p>Film po ukrai\u0144sku z angielskimi napisami<\/p>\n\n\n\n<div style=\"height:44px\" aria-hidden=\"true\" class=\"wp-block-spacer\"><\/div>\n\n\n\n<p class=\"has-text-align-center\"><a href=\"https:\/\/instytutpolski.pl\/stockholm\/2026\/02\/02\/om-kinoteka-filmfestival\/\">O KINOTECE<\/a>\u00a0|\u00a0<a href=\"https:\/\/instytutpolski.pl\/stockholm\/2026\/02\/27\/kinoteka-2026-program\/\">PROGRAM<\/a><\/p>\n","protected":false},"excerpt":{"rendered":"<p>Pi\u0105tek, 27 marca 2026, godz. 19:00Kino KlaraSergels Torg 7, 111 57 Stockholm BILETY Ukrai\u0144ska rodzina sp\u0119dza ostatni dzie\u0144 wakacji na Teneryfie w Hiszpanii. Gdy rosyjska inwazja na Ukrain\u0119 sprawia, \u017ce zostaj\u0105 uwi\u0119zieni na wyspie, musz\u0105 zmierzy\u0107 si\u0119 z izolacj\u0105, poczuciem obowi\u0105zku, strachem \u2014 oraz z samymi sob\u0105. Film zosta\u0142 wybrany i zg\u0142oszony jako oficjalny kandydat [&hellip;]<\/p>\n","protected":false},"author":173,"featured_media":15127,"comment_status":"closed","ping_status":"closed","sticky":false,"template":"","format":"standard","meta":{"inline_featured_image":false,"_monsterinsights_skip_tracking":false,"_monsterinsights_sitenote_active":false,"_monsterinsights_sitenote_note":"","_monsterinsights_sitenote_category":0,"footnotes":""},"categories":[85,36],"tags":[],"class_list":["post-15244","post","type-post","status-publish","format-standard","has-post-thumbnail","hentry","category-kino","category-wydarzenie"],"yoast_head":"<!-- This site is optimized with the Yoast SEO plugin v24.6 - https:\/\/yoast.com\/wordpress\/plugins\/seo\/ -->\n<title>Pokaz filmowy: Pod wulkanem w re\u017c. Damiana Kocura - Instytut Polski w Sztokholmie<\/title>\n<meta name=\"description\" content=\"Jako cz\u0119\u015b\u0107 16. edycji przegl\u0105du film\u00f3w polskich Kinoteka Sztokholm zapraszamy na pokaz filmu \u201ePod wulkanem\u201d\" \/>\n<meta name=\"robots\" content=\"index, follow, max-snippet:-1, max-image-preview:large, max-video-preview:-1\" \/>\n<link rel=\"canonical\" href=\"https:\/\/instytutpolski.pl\/stockholm\/pl\/2026\/02\/27\/pokaz-filmowy-pod-wulkanem-w-rez-damiana-kocura\/\" \/>\n<meta property=\"og:locale\" content=\"pl_PL\" \/>\n<meta property=\"og:type\" content=\"article\" \/>\n<meta property=\"og:title\" content=\"Pokaz filmowy: Pod wulkanem w re\u017c. Damiana Kocura - Instytut Polski w Sztokholmie\" \/>\n<meta property=\"og:description\" content=\"Jako cz\u0119\u015b\u0107 16. edycji przegl\u0105du film\u00f3w polskich Kinoteka Sztokholm zapraszamy na pokaz filmu \u201ePod wulkanem\u201d\" \/>\n<meta property=\"og:url\" content=\"https:\/\/instytutpolski.pl\/stockholm\/pl\/2026\/02\/27\/pokaz-filmowy-pod-wulkanem-w-rez-damiana-kocura\/\" \/>\n<meta property=\"og:site_name\" content=\"Instytut Polski w Sztokholmie\" \/>\n<meta property=\"article:published_time\" content=\"2026-02-27T08:02:00+00:00\" \/>\n<meta property=\"article:modified_time\" content=\"2026-03-12T11:07:07+00:00\" \/>\n<meta property=\"og:image\" content=\"https:\/\/instytutpolski.pl\/stockholm\/wp-content\/uploads\/sites\/17\/2026\/02\/Underthevolcano_website.png\" \/>\n\t<meta property=\"og:image:width\" content=\"1120\" \/>\n\t<meta property=\"og:image:height\" content=\"630\" \/>\n\t<meta property=\"og:image:type\" content=\"image\/png\" \/>\n<meta name=\"author\" content=\"treichelp\" \/>\n<meta name=\"twitter:card\" content=\"summary_large_image\" \/>\n<meta name=\"twitter:label1\" content=\"Napisane przez\" \/>\n\t<meta name=\"twitter:data1\" content=\"treichelp\" \/>\n\t<meta name=\"twitter:label2\" content=\"Szacowany czas czytania\" \/>\n\t<meta name=\"twitter:data2\" content=\"2 minuty\" \/>\n<script type=\"application\/ld+json\" class=\"yoast-schema-graph\">{\"@context\":\"https:\/\/schema.org\",\"@graph\":[{\"@type\":\"event\",\"@id\":\"https:\/\/instytutpolski.pl\/stockholm\/pl\/2026\/02\/27\/pokaz-filmowy-pod-wulkanem-w-rez-damiana-kocura\/\",\"url\":\"https:\/\/instytutpolski.pl\/stockholm\/pl\/2026\/02\/27\/pokaz-filmowy-pod-wulkanem-w-rez-damiana-kocura\/\",\"name\":\"Pokaz filmowy: Pod wulkanem w re\u017c. Damiana Kocura\",\"isPartOf\":{\"@id\":\"https:\/\/instytutpolski.pl\/stockholm\/#website\"},\"primaryImageOfPage\":{\"@id\":\"https:\/\/instytutpolski.pl\/stockholm\/pl\/2026\/02\/27\/pokaz-filmowy-pod-wulkanem-w-rez-damiana-kocura\/#primaryimage\"},\"image\":[\"https:\/\/instytutpolski.pl\/stockholm\/wp-content\/uploads\/sites\/17\/2026\/02\/Underthevolcano_website.png\",\"https:\/\/instytutpolski.pl\/stockholm\/wp-content\/uploads\/sites\/17\/2026\/02\/Underthevolcano_website-300x169.png\",\"https:\/\/instytutpolski.pl\/stockholm\/wp-content\/uploads\/sites\/17\/2026\/02\/Underthevolcano_website-1024x576.png\",\"https:\/\/instytutpolski.pl\/stockholm\/wp-content\/uploads\/sites\/17\/2026\/02\/Underthevolcano_website.png\"],\"thumbnailUrl\":\"https:\/\/instytutpolski.pl\/stockholm\/wp-content\/uploads\/sites\/17\/2026\/02\/Underthevolcano_website.png\",\"datePublished\":\"2026-02-27T08:02:00+02:00\",\"dateModified\":\"2026-03-12T11:07:07+02:00\",\"author\":{\"@id\":\"https:\/\/instytutpolski.pl\/stockholm\/#\/schema\/person\/866a2c0f4ccf0982a286809684f7bc1e\"},\"description\":\"Pi\u0105tek, 27 marca 2026, godz. 19:00Kino KlaraSergels Torg 7, 111 57 Stockholm\\nBILETY\\nUkrai\u0144ska rodzina sp\u0119dza ostatni dzie\u0144 wakacji na Teneryfie w Hiszpanii. Gdy rosyjska inwazja na Ukrain\u0119 sprawia, \u017ce zostaj\u0105 uwi\u0119zieni na wyspie, musz\u0105 zmierzy\u0107 si\u0119 z izolacj\u0105, poczuciem obowi\u0105zku, strachem \u2014 oraz z samymi sob\u0105.\\nFilm zosta\u0142 wybrany i zg\u0142oszony jako oficjalny kandydat Polski w kategorii Najlepszy Film Mi\u0119dzynarodowy podczas 97. ceremonii wr\u0119czenia Oscar\u00f3w w 2025 roku.\\nPo filmie \u201eUnder the Volcano\u201d odb\u0119dzie si\u0119 rozmowa o tym, jak wygl\u0105da \u017cycie Ukrai\u0144c\u00f3w zar\u00f3wno za granic\u0105, jak i w ojczy\u017anie po pe\u0142noskalowej inwazji Rosji na kraj. W panelu wezm\u0105 udzia\u0142 Ragnar Bertling (Musikcentrum \u00d6st) oraz Iryna Novikova (Insomnia Taxxi).\\nRe\u017cyseria: Damian Kocur\\nScenariusz: Damian Kocur, Marta Konarzewska\\nKategoria: drama\\nCzas trwania: 1h 45m\\nRok produkcji: 2024\\nFilm po ukrai\u0144sku z angielskimi napisami\\nO KINOTECE\u00a0|\u00a0PROGRAM\",\"breadcrumb\":{\"@id\":\"https:\/\/instytutpolski.pl\/stockholm\/pl\/2026\/02\/27\/pokaz-filmowy-pod-wulkanem-w-rez-damiana-kocura\/#breadcrumb\"},\"inLanguage\":\"pl-PL\",\"potentialAction\":[{\"@type\":\"ReadAction\",\"target\":[\"https:\/\/instytutpolski.pl\/stockholm\/pl\/2026\/02\/27\/pokaz-filmowy-pod-wulkanem-w-rez-damiana-kocura\/\"]}],\"@context\":\"https:\/\/schema.org\",\"startDate\":\"2026-03-27T07:00:00+02:00\",\"endDate\":\"2026-03-27T09:00:00+02:00\",\"eventStatus\":\"EventScheduled\",\"eventAttendanceMode\":\"OfflineEventAttendanceMode\",\"location\":{\"@type\":\"place\",\"name\":\"\",\"address\":\"\",\"geo\":{\"@type\":\"GeoCoordinates\",\"latitude\":\"\",\"longitude\":\"\"}}},{\"@type\":\"ImageObject\",\"inLanguage\":\"pl-PL\",\"@id\":\"https:\/\/instytutpolski.pl\/stockholm\/pl\/2026\/02\/27\/pokaz-filmowy-pod-wulkanem-w-rez-damiana-kocura\/#primaryimage\",\"url\":\"https:\/\/instytutpolski.pl\/stockholm\/wp-content\/uploads\/sites\/17\/2026\/02\/Underthevolcano_website.png\",\"contentUrl\":\"https:\/\/instytutpolski.pl\/stockholm\/wp-content\/uploads\/sites\/17\/2026\/02\/Underthevolcano_website.png\",\"width\":1120,\"height\":630},{\"@type\":\"BreadcrumbList\",\"@id\":\"https:\/\/instytutpolski.pl\/stockholm\/pl\/2026\/02\/27\/pokaz-filmowy-pod-wulkanem-w-rez-damiana-kocura\/#breadcrumb\",\"itemListElement\":[{\"@type\":\"ListItem\",\"position\":1,\"name\":\"Home\",\"item\":\"https:\/\/instytutpolski.pl\/stockholm\/\"},{\"@type\":\"ListItem\",\"position\":2,\"name\":\"Pokaz filmowy: Pod wulkanem w re\u017c. Damiana Kocura\"}]},{\"@type\":\"WebSite\",\"@id\":\"https:\/\/instytutpolski.pl\/stockholm\/#website\",\"url\":\"https:\/\/instytutpolski.pl\/stockholm\/\",\"name\":\"Instytut Polski w Sztokholmie\",\"description\":\"Instytuty Polskie\",\"potentialAction\":[{\"@type\":\"SearchAction\",\"target\":{\"@type\":\"EntryPoint\",\"urlTemplate\":\"https:\/\/instytutpolski.pl\/stockholm\/?s={search_term_string}\"},\"query-input\":{\"@type\":\"PropertyValueSpecification\",\"valueRequired\":true,\"valueName\":\"search_term_string\"}}],\"inLanguage\":\"pl-PL\"},{\"@type\":\"Person\",\"@id\":\"https:\/\/instytutpolski.pl\/stockholm\/#\/schema\/person\/866a2c0f4ccf0982a286809684f7bc1e\",\"name\":\"treichelp\",\"image\":{\"@type\":\"ImageObject\",\"inLanguage\":\"pl-PL\",\"@id\":\"https:\/\/instytutpolski.pl\/stockholm\/#\/schema\/person\/image\/\",\"url\":\"https:\/\/secure.gravatar.com\/avatar\/fb2c1caae0df0854742a56fc463dd1fb?s=96&d=mm&r=g\",\"contentUrl\":\"https:\/\/secure.gravatar.com\/avatar\/fb2c1caae0df0854742a56fc463dd1fb?s=96&d=mm&r=g\",\"caption\":\"treichelp\"},\"url\":\"https:\/\/instytutpolski.pl\/stockholm\/author\/treichelp\/\"}]}<\/script>\n<!-- \/ Yoast SEO plugin. -->","yoast_head_json":{"title":"Pokaz filmowy: Pod wulkanem w re\u017c. Damiana Kocura - Instytut Polski w Sztokholmie","description":"Jako cz\u0119\u015b\u0107 16. edycji przegl\u0105du film\u00f3w polskich Kinoteka Sztokholm zapraszamy na pokaz filmu \u201ePod wulkanem\u201d","robots":{"index":"index","follow":"follow","max-snippet":"max-snippet:-1","max-image-preview":"max-image-preview:large","max-video-preview":"max-video-preview:-1"},"canonical":"https:\/\/instytutpolski.pl\/stockholm\/pl\/2026\/02\/27\/pokaz-filmowy-pod-wulkanem-w-rez-damiana-kocura\/","og_locale":"pl_PL","og_type":"article","og_title":"Pokaz filmowy: Pod wulkanem w re\u017c. Damiana Kocura - Instytut Polski w Sztokholmie","og_description":"Jako cz\u0119\u015b\u0107 16. edycji przegl\u0105du film\u00f3w polskich Kinoteka Sztokholm zapraszamy na pokaz filmu \u201ePod wulkanem\u201d","og_url":"https:\/\/instytutpolski.pl\/stockholm\/pl\/2026\/02\/27\/pokaz-filmowy-pod-wulkanem-w-rez-damiana-kocura\/","og_site_name":"Instytut Polski w Sztokholmie","article_published_time":"2026-02-27T08:02:00+00:00","article_modified_time":"2026-03-12T11:07:07+00:00","og_image":[{"width":1120,"height":630,"url":"https:\/\/instytutpolski.pl\/stockholm\/wp-content\/uploads\/sites\/17\/2026\/02\/Underthevolcano_website.png","type":"image\/png"}],"author":"treichelp","twitter_card":"summary_large_image","twitter_misc":{"Napisane przez":"treichelp","Szacowany czas czytania":"2 minuty"},"schema":{"@context":"https:\/\/schema.org","@graph":[{"@type":"event","@id":"https:\/\/instytutpolski.pl\/stockholm\/pl\/2026\/02\/27\/pokaz-filmowy-pod-wulkanem-w-rez-damiana-kocura\/","url":"https:\/\/instytutpolski.pl\/stockholm\/pl\/2026\/02\/27\/pokaz-filmowy-pod-wulkanem-w-rez-damiana-kocura\/","name":"Pokaz filmowy: Pod wulkanem w re\u017c. Damiana Kocura","isPartOf":{"@id":"https:\/\/instytutpolski.pl\/stockholm\/#website"},"primaryImageOfPage":{"@id":"https:\/\/instytutpolski.pl\/stockholm\/pl\/2026\/02\/27\/pokaz-filmowy-pod-wulkanem-w-rez-damiana-kocura\/#primaryimage"},"image":["https:\/\/instytutpolski.pl\/stockholm\/wp-content\/uploads\/sites\/17\/2026\/02\/Underthevolcano_website.png","https:\/\/instytutpolski.pl\/stockholm\/wp-content\/uploads\/sites\/17\/2026\/02\/Underthevolcano_website-300x169.png","https:\/\/instytutpolski.pl\/stockholm\/wp-content\/uploads\/sites\/17\/2026\/02\/Underthevolcano_website-1024x576.png","https:\/\/instytutpolski.pl\/stockholm\/wp-content\/uploads\/sites\/17\/2026\/02\/Underthevolcano_website.png"],"thumbnailUrl":"https:\/\/instytutpolski.pl\/stockholm\/wp-content\/uploads\/sites\/17\/2026\/02\/Underthevolcano_website.png","datePublished":"2026-02-27T08:02:00+02:00","dateModified":"2026-03-12T11:07:07+02:00","author":{"@id":"https:\/\/instytutpolski.pl\/stockholm\/#\/schema\/person\/866a2c0f4ccf0982a286809684f7bc1e"},"description":"Pi\u0105tek, 27 marca 2026, godz. 19:00Kino KlaraSergels Torg 7, 111 57 Stockholm\nBILETY\nUkrai\u0144ska rodzina sp\u0119dza ostatni dzie\u0144 wakacji na Teneryfie w Hiszpanii. Gdy rosyjska inwazja na Ukrain\u0119 sprawia, \u017ce zostaj\u0105 uwi\u0119zieni na wyspie, musz\u0105 zmierzy\u0107 si\u0119 z izolacj\u0105, poczuciem obowi\u0105zku, strachem \u2014 oraz z samymi sob\u0105.\nFilm zosta\u0142 wybrany i zg\u0142oszony jako oficjalny kandydat Polski w kategorii Najlepszy Film Mi\u0119dzynarodowy podczas 97. ceremonii wr\u0119czenia Oscar\u00f3w w 2025 roku.\nPo filmie \u201eUnder the Volcano\u201d odb\u0119dzie si\u0119 rozmowa o tym, jak wygl\u0105da \u017cycie Ukrai\u0144c\u00f3w zar\u00f3wno za granic\u0105, jak i w ojczy\u017anie po pe\u0142noskalowej inwazji Rosji na kraj. W panelu wezm\u0105 udzia\u0142 Ragnar Bertling (Musikcentrum \u00d6st) oraz Iryna Novikova (Insomnia Taxxi).\nRe\u017cyseria: Damian Kocur\nScenariusz: Damian Kocur, Marta Konarzewska\nKategoria: drama\nCzas trwania: 1h 45m\nRok produkcji: 2024\nFilm po ukrai\u0144sku z angielskimi napisami\nO KINOTECE\u00a0|\u00a0PROGRAM","breadcrumb":{"@id":"https:\/\/instytutpolski.pl\/stockholm\/pl\/2026\/02\/27\/pokaz-filmowy-pod-wulkanem-w-rez-damiana-kocura\/#breadcrumb"},"inLanguage":"pl-PL","potentialAction":[{"@type":"ReadAction","target":["https:\/\/instytutpolski.pl\/stockholm\/pl\/2026\/02\/27\/pokaz-filmowy-pod-wulkanem-w-rez-damiana-kocura\/"]}],"@context":"https:\/\/schema.org","startDate":"2026-03-27T07:00:00+02:00","endDate":"2026-03-27T09:00:00+02:00","eventStatus":"EventScheduled","eventAttendanceMode":"OfflineEventAttendanceMode","location":{"@type":"place","name":"","address":"","geo":{"@type":"GeoCoordinates","latitude":"","longitude":""}}},{"@type":"ImageObject","inLanguage":"pl-PL","@id":"https:\/\/instytutpolski.pl\/stockholm\/pl\/2026\/02\/27\/pokaz-filmowy-pod-wulkanem-w-rez-damiana-kocura\/#primaryimage","url":"https:\/\/instytutpolski.pl\/stockholm\/wp-content\/uploads\/sites\/17\/2026\/02\/Underthevolcano_website.png","contentUrl":"https:\/\/instytutpolski.pl\/stockholm\/wp-content\/uploads\/sites\/17\/2026\/02\/Underthevolcano_website.png","width":1120,"height":630},{"@type":"BreadcrumbList","@id":"https:\/\/instytutpolski.pl\/stockholm\/pl\/2026\/02\/27\/pokaz-filmowy-pod-wulkanem-w-rez-damiana-kocura\/#breadcrumb","itemListElement":[{"@type":"ListItem","position":1,"name":"Home","item":"https:\/\/instytutpolski.pl\/stockholm\/"},{"@type":"ListItem","position":2,"name":"Pokaz filmowy: Pod wulkanem w re\u017c. Damiana Kocura"}]},{"@type":"WebSite","@id":"https:\/\/instytutpolski.pl\/stockholm\/#website","url":"https:\/\/instytutpolski.pl\/stockholm\/","name":"Instytut Polski w Sztokholmie","description":"Instytuty Polskie","potentialAction":[{"@type":"SearchAction","target":{"@type":"EntryPoint","urlTemplate":"https:\/\/instytutpolski.pl\/stockholm\/?s={search_term_string}"},"query-input":{"@type":"PropertyValueSpecification","valueRequired":true,"valueName":"search_term_string"}}],"inLanguage":"pl-PL"},{"@type":"Person","@id":"https:\/\/instytutpolski.pl\/stockholm\/#\/schema\/person\/866a2c0f4ccf0982a286809684f7bc1e","name":"treichelp","image":{"@type":"ImageObject","inLanguage":"pl-PL","@id":"https:\/\/instytutpolski.pl\/stockholm\/#\/schema\/person\/image\/","url":"https:\/\/secure.gravatar.com\/avatar\/fb2c1caae0df0854742a56fc463dd1fb?s=96&d=mm&r=g","contentUrl":"https:\/\/secure.gravatar.com\/avatar\/fb2c1caae0df0854742a56fc463dd1fb?s=96&d=mm&r=g","caption":"treichelp"},"url":"https:\/\/instytutpolski.pl\/stockholm\/author\/treichelp\/"}]}},"_links":{"self":[{"href":"https:\/\/instytutpolski.pl\/stockholm\/wp-json\/wp\/v2\/posts\/15244","targetHints":{"allow":["GET"]}}],"collection":[{"href":"https:\/\/instytutpolski.pl\/stockholm\/wp-json\/wp\/v2\/posts"}],"about":[{"href":"https:\/\/instytutpolski.pl\/stockholm\/wp-json\/wp\/v2\/types\/post"}],"author":[{"embeddable":true,"href":"https:\/\/instytutpolski.pl\/stockholm\/wp-json\/wp\/v2\/users\/173"}],"replies":[{"embeddable":true,"href":"https:\/\/instytutpolski.pl\/stockholm\/wp-json\/wp\/v2\/comments?post=15244"}],"version-history":[{"count":2,"href":"https:\/\/instytutpolski.pl\/stockholm\/wp-json\/wp\/v2\/posts\/15244\/revisions"}],"predecessor-version":[{"id":15246,"href":"https:\/\/instytutpolski.pl\/stockholm\/wp-json\/wp\/v2\/posts\/15244\/revisions\/15246"}],"wp:featuredmedia":[{"embeddable":true,"href":"https:\/\/instytutpolski.pl\/stockholm\/wp-json\/wp\/v2\/media\/15127"}],"wp:attachment":[{"href":"https:\/\/instytutpolski.pl\/stockholm\/wp-json\/wp\/v2\/media?parent=15244"}],"wp:term":[{"taxonomy":"category","embeddable":true,"href":"https:\/\/instytutpolski.pl\/stockholm\/wp-json\/wp\/v2\/categories?post=15244"},{"taxonomy":"post_tag","embeddable":true,"href":"https:\/\/instytutpolski.pl\/stockholm\/wp-json\/wp\/v2\/tags?post=15244"}],"curies":[{"name":"wp","href":"https:\/\/api.w.org\/{rel}","templated":true}]}}