{"id":15402,"date":"2026-04-08T15:48:04","date_gmt":"2026-04-08T13:48:04","guid":{"rendered":"https:\/\/instytutpolski.pl\/stockholm\/?p=15402"},"modified":"2026-04-27T16:25:19","modified_gmt":"2026-04-27T14:25:19","slug":"galeria-niczeje-na-supermarket-art-fair-w-sztokholmie","status":"publish","type":"post","link":"https:\/\/instytutpolski.pl\/stockholm\/pl\/2026\/04\/08\/galeria-niczeje-na-supermarket-art-fair-w-sztokholmie\/","title":{"rendered":"galeria niczeje i polscy performerzy na Supermarket Art Fair w Sztokholmie"},"content":{"rendered":"\n<p>Galeria z siedzib\u0105 w Warszawie zaprezentuje w swojej przestrzeni prace czworga artyst\u00f3w: Agaty Lankamer, Adama Martyniaka, Izy Roko oraz Krzysia Bykowskiego. Ich praktyki artystyczne koncentruj\u0105 si\u0119 wok\u00f3\u0142 my\u015blenia ekologicznego, filozofii spekulatywnej oraz relacji mi\u0119dzygatunkowych, z naciskiem na zagadnienia natury, materii i transformacji. Udzia\u0142 w targach stanowi pierwsz\u0105 prezentacj\u0119 galerii na arenie mi\u0119dzynarodowej.<\/p>\n\n\n\n<p>W ramach programu Supermarket zaprezentuj\u0105 si\u0119 r\u00f3wnie\u017c performerzy zwi\u0105zani z Instytutem Sztuk Wizualnych z Uniwersytetu Zielonog\u00f3rskiego: Dawid Gelert, Dawid Pyskaty, Maja Massier, Nadia Ostrycharczyk oraz Natalia Pietrulewicz.<\/p>\n\n\n\n<figure class=\"wp-block-image size-large\"><img loading=\"lazy\" decoding=\"async\" width=\"1024\" height=\"378\" src=\"https:\/\/instytutpolski.pl\/stockholm\/wp-content\/uploads\/sites\/17\/2026\/04\/Supermarket_PL_performers-1024x378.png\" alt=\"Dawid Gelert, Angelika Matijczak, Nadia Ostrycharczyk, Natalia Pietrulewicz, \u2018Make me\u2019, 2025, photo: Dawid Kowalski\" class=\"wp-image-15413\" srcset=\"https:\/\/instytutpolski.pl\/stockholm\/wp-content\/uploads\/sites\/17\/2026\/04\/Supermarket_PL_performers-1024x378.png 1024w, https:\/\/instytutpolski.pl\/stockholm\/wp-content\/uploads\/sites\/17\/2026\/04\/Supermarket_PL_performers-300x111.png 300w, https:\/\/instytutpolski.pl\/stockholm\/wp-content\/uploads\/sites\/17\/2026\/04\/Supermarket_PL_performers-768x284.png 768w, https:\/\/instytutpolski.pl\/stockholm\/wp-content\/uploads\/sites\/17\/2026\/04\/Supermarket_PL_performers.png 1045w\" sizes=\"auto, (max-width: 1024px) 100vw, 1024px\" \/><figcaption class=\"wp-element-caption\"><em>Dawid Gelert, Angelika Matijczak, Nadia Ostrycharczyk, Natalia Pietrulewicz, \u2018Make me\u2019, 2025, photo: Dawid Kowalski<\/em><\/figcaption><\/figure>\n\n\n\n<p><strong>POLSCY ARTY\u015aCI W PROGRAMIE TALKS &amp; PERFORMANCE STAGE<\/strong><\/p>\n\n\n\n<p><strong><strong>Czwartek, 23 kwietnia, godz.<\/strong> 18.00 PERFORMANCE <em>Exposed<\/em> av Maja Massier<\/strong><\/p>\n\n\n\n<p>Duration: 15 min. Location: Offstage \/ All around the venue (starting point at the entrance)<\/p>\n\n\n\n<p>The Great Gala is transformed into an intimate ritual of rest. I enter the public space dressed as if for a gala, with full makeup and a red carpet carried in my hands. At first, my presence suggests celebration, visibility and prestige. Gradually, however, the action shifts. I begin to unfold the red carpet, move it from place to place, test different locations, and search for the \u2018right\u2019 spot, as if preparing a stage \u2013 yet the preparation slowly becomes a bedtime routine. I start removing my makeup in the open space, allowing the glamorous appearance to dissolve. Wearing pajamas underneath, I transition from a public, performative body into a private, vulnerable one. The red carpet ceases to function as a symbol of success and instead becomes a substitute for a bed, a blanket and a shelter. I wrap myself in it, make myself comfortable and eventually lie down. The performance ends when I fall asleep.<\/p>\n\n\n\n<p><strong>Czwartek, 23 kwietnia godz. 18.30 PERFORMANCE <em>Make Me<\/em> av Dawid Gelert and Dawid Pyskaty, Presented by Diva Collective<\/strong><\/p>\n\n\n\n<p>Duration: 40 min. Location: Offstage \/ Near the Caf\u00e9<\/p>\n\n\n\n<p>As an artistic collective, we attempt to carry out a long-term performance titled Make Me, intended to take place in various spaces and environments. It consists of marking out an area on the ground with silver tape where two people stand motionless, dressed in white underwear, looking directly into each other\u2019s eyes. Between them there is a small table with lipsticks in different colors. The audience is invited inside and informed that the performance ends when they leave the marked space. Due to the lack of further action from the artists, the performance unfolds differently each time, making every piece in the series unique. The title highlights both meanings of \u2018make me\u2019: as in \u2018create me\u2019 and \u2018force me\u2019 \u2013 referring, among other things, to crossing boundaries and the effects of crowd behavior.<\/p>\n\n\n\n<p><strong><strong>Pi\u0105tek, 24 kwietnia, godz.<\/strong> 14.30 PERFORMANCE <em>Unnamed <\/em>av Nadia Ostrycharczyk,&nbsp; Natalia Pietrulewicz and Dawid Gelert (PL), Presented by Diva Collective<\/strong><\/p>\n\n\n\n<p>Duration: 15 min. Location: Talks &amp; Performance Stage<\/p>\n\n\n\n<p>Our performance is one from the series where we use ambient, repetitiveness, organic-made sound and its real-time distortion as our medium. The soundscape we build is made of seemingly displeasing sound, but through the use of its recurrence it is transformed into more meditative, contemplative state.The highly engaging sounds such as cutlery against porcelain can cause outrage for one viewer, whereas for others its unchanging melody and rhythm feels relaxing. The theme of our performance series is to engage the audience and get their raw reactions and feelings by using sound and its distortion.<\/p>\n\n\n\n<p><strong><strong>Pi\u0105tek, 24 kwietnia, godz.<\/strong> 14.30&nbsp;PERFORMANCE \/ INSTALLATION <em>Building Blocks<\/em> av Natalia Pietrulewicz (PL), Presented by Diva Collective<\/strong><\/p>\n\n\n\n<p>Duration: All day. Location: Near the Caf\u00e9<\/p>\n\n\n\n<p>The performance is based on a simple, repetitive gesture: building a tower from wooden blocks. The structure is assembled, observed collapsing (potentially by someone), rebuilt, left unattended, returned to, assembled, observed collapsing, and rebuilt \u2013 over and over again. Visitors are not instructed in any way, yet they are free to approach, alter, dismantle, rebuild or ignore the structure. Regardless of what happens (through gravity or actions of others) I continue building and rebuilding, maintaining full focus on the blocks and not interacting with the audience. The performance focuses on perseverance, and the ability to sustain attention under unpredictable conditions. Rooted in childhood play, it invites us to reflect on everyday situations in which our \u2018towers\u2019 collapse and we must decide whether to rebuild them. The tower becomes a reflection of our fragile yet resilient being, shaped by perseverance, repetition, absence, and unpredictable social interaction<\/p>\n\n\n\n<p><strong>Pi\u0105tek, 24 kwietnia, godz. 18.00&nbsp;TALK <em>How Not to Go Crazy as an Artist<\/em> med Natalia Pietrulewicz (PL), Presented by Diva Collective<\/strong><\/p>\n\n\n\n<p>Duration: 30 min. Location: Talks &amp; Performance Stage<\/p>\n\n\n\n<p>Being an artist is often portrayed as freeing, joyful, and meaningful. It rarely gets described as overwhelming, exposing or exhausting. Yet for many of us, it may be exactly that. I have worked as a psychotherapist since 2017 and have spent hundreds of hours in my own therapy and self-development work. I believed this would prepare me well for most life challenges. What I did not anticipate were the psychological challenges of an artistic path. In this talk, I combine my professional background as a psychotherapist with my lived experience as an artist. I will share what I have personally tested on myself and what evidence-based psychotherapy and psychological research tell us about coping with what may pose common psychological challenges in artistic life. This is not a motivational talk. Instead, it is a grounded, honest, and practical reflection on how to stay well while pursuing your calling. Hopefully, with a little bit of humor. I\u2019ll focus on a couple of potentially problematic themes in artistic lives (such as shame and self-criticism or emotional exposure) and offer my audience some practical takeaways.<\/p>\n\n\n\n<p><strong>Niedziela, 26 kwietnia, godz. 14.00 TALK <em>Why We Cannot Afford Not to Do Participatory Art<\/em> med Natalia Pietrulewicz (PL), Presented by Diva Collective<\/strong><\/p>\n\n\n\n<p>Duration: 30 min. Location: Talks &amp; Performance Stage<\/p>\n\n\n\n<p>Participatory art challenges the idea of art as something produced solely by artists and consumed by an exclusive audience. Instead, it treats art as a shared process, shaped through presence, interaction, and both collective and individual experience. This talk argues that in today\u2019s world we cannot keep art exclusive and isolated: for the benefit of both artists and society. Drawing on selected artistic practices and through a psychological lens, I explore participatory art as a way to reopen art to inclusion and lived experience. Rather than offering fixed answers, the talk invites reflection on how participatory art can restore art\u2019s relevance and agency.<\/p>\n\n\n\n<p>Bilety i wi\u0119cej informacji jest dost\u0119pnych na <a href=\"https:\/\/supermarketartfair.com\/\" target=\"_blank\" rel=\"noreferrer noopener\">stronie Targ\u00f3w Supermarket.<\/a><\/p>\n\n\n\n<p><\/p>\n\n\n\n<p>Instytut Polski w Sztokholmie bierze udzia\u0142 w targach sztuki Supermarket Art Fair od wielu lat, wspieraj\u0105c m\u0142odych, niezale\u017cnych polskich tw\u00f3rc\u00f3w. Wsp\u00f3\u0142praca z organizatorami zawsze by\u0142a bardzo dobra. Nie mieli\u015bmy wcze\u015bniejszej wiedzy na temat wszystkich wystawiaj\u0105cych si\u0119 na tegorocznych targach galerii. Wspieranie Ukrainy nale\u017cy do priorytetowych zada\u0144 Instytutu Polskiego i&nbsp;podejmujemy wiele dzia\u0142a\u0144, kt\u00f3re ten cel realizuj\u0105.<\/p>\n","protected":false},"excerpt":{"rendered":"<p>Galeria z siedzib\u0105 w Warszawie zaprezentuje w swojej przestrzeni prace czworga artyst\u00f3w: Agaty Lankamer, Adama Martyniaka, Izy Roko oraz Krzysia Bykowskiego. Ich praktyki artystyczne koncentruj\u0105 si\u0119 wok\u00f3\u0142 my\u015blenia ekologicznego, filozofii spekulatywnej oraz relacji mi\u0119dzygatunkowych, z naciskiem na zagadnienia natury, materii i transformacji. Udzia\u0142 w targach stanowi pierwsz\u0105 prezentacj\u0119 galerii na arenie mi\u0119dzynarodowej. W ramach programu [&hellip;]<\/p>\n","protected":false},"author":173,"featured_media":15391,"comment_status":"closed","ping_status":"closed","sticky":false,"template":"","format":"standard","meta":{"inline_featured_image":false,"_monsterinsights_skip_tracking":false,"_monsterinsights_sitenote_active":false,"_monsterinsights_sitenote_note":"","_monsterinsights_sitenote_category":0,"footnotes":""},"categories":[320,166,190,81,36],"tags":[],"class_list":["post-15402","post","type-post","status-publish","format-standard","has-post-thumbnail","hentry","category-artykuly-pl","category-design-wydarzenie","category-sztuka-polska","category-sztuki-wizualne","category-wydarzenie"],"yoast_head":"<!-- This site is optimized with the Yoast SEO plugin v24.6 - https:\/\/yoast.com\/wordpress\/plugins\/seo\/ -->\n<title>galeria niczeje i polscy performerzy na Supermarket Art Fair w Sztokholmie - Instytut Polski w Sztokholmie<\/title>\n<meta name=\"robots\" content=\"index, follow, max-snippet:-1, max-image-preview:large, max-video-preview:-1\" \/>\n<link rel=\"canonical\" href=\"https:\/\/instytutpolski.pl\/stockholm\/pl\/2026\/04\/08\/galeria-niczeje-na-supermarket-art-fair-w-sztokholmie\/\" \/>\n<meta property=\"og:locale\" content=\"pl_PL\" \/>\n<meta property=\"og:type\" content=\"article\" \/>\n<meta property=\"og:title\" content=\"galeria niczeje i polscy performerzy na Supermarket Art Fair w Sztokholmie - Instytut Polski w Sztokholmie\" \/>\n<meta property=\"og:description\" content=\"Galeria z siedzib\u0105 w Warszawie zaprezentuje w swojej przestrzeni prace czworga artyst\u00f3w: Agaty Lankamer, Adama Martyniaka, Izy Roko oraz Krzysia Bykowskiego. Ich praktyki artystyczne koncentruj\u0105 si\u0119 wok\u00f3\u0142 my\u015blenia ekologicznego, filozofii spekulatywnej oraz relacji mi\u0119dzygatunkowych, z naciskiem na zagadnienia natury, materii i transformacji. Udzia\u0142 w targach stanowi pierwsz\u0105 prezentacj\u0119 galerii na arenie mi\u0119dzynarodowej. W ramach programu [&hellip;]\" \/>\n<meta property=\"og:url\" content=\"https:\/\/instytutpolski.pl\/stockholm\/pl\/2026\/04\/08\/galeria-niczeje-na-supermarket-art-fair-w-sztokholmie\/\" \/>\n<meta property=\"og:site_name\" content=\"Instytut Polski w Sztokholmie\" \/>\n<meta property=\"article:published_time\" content=\"2026-04-08T13:48:04+00:00\" \/>\n<meta property=\"article:modified_time\" content=\"2026-04-27T14:25:19+00:00\" \/>\n<meta property=\"og:image\" content=\"https:\/\/instytutpolski.pl\/stockholm\/wp-content\/uploads\/sites\/17\/2026\/04\/SupermarketArtFair2026.jpg\" \/>\n\t<meta property=\"og:image:width\" content=\"1920\" \/>\n\t<meta property=\"og:image:height\" content=\"1005\" \/>\n\t<meta property=\"og:image:type\" content=\"image\/jpeg\" \/>\n<meta name=\"author\" content=\"treichelp\" \/>\n<meta name=\"twitter:card\" content=\"summary_large_image\" \/>\n<meta name=\"twitter:label1\" content=\"Napisane przez\" \/>\n\t<meta name=\"twitter:data1\" content=\"treichelp\" \/>\n\t<meta name=\"twitter:label2\" content=\"Szacowany czas czytania\" \/>\n\t<meta name=\"twitter:data2\" content=\"8 minut\" \/>\n<script type=\"application\/ld+json\" class=\"yoast-schema-graph\">{\"@context\":\"https:\/\/schema.org\",\"@graph\":[{\"@type\":\"event\",\"@id\":\"https:\/\/instytutpolski.pl\/stockholm\/pl\/2026\/04\/08\/galeria-niczeje-na-supermarket-art-fair-w-sztokholmie\/\",\"url\":\"https:\/\/instytutpolski.pl\/stockholm\/pl\/2026\/04\/08\/galeria-niczeje-na-supermarket-art-fair-w-sztokholmie\/\",\"name\":\"galeria niczeje i polscy performerzy na Supermarket Art Fair w Sztokholmie\",\"isPartOf\":{\"@id\":\"https:\/\/instytutpolski.pl\/stockholm\/#website\"},\"primaryImageOfPage\":{\"@id\":\"https:\/\/instytutpolski.pl\/stockholm\/pl\/2026\/04\/08\/galeria-niczeje-na-supermarket-art-fair-w-sztokholmie\/#primaryimage\"},\"image\":[\"https:\/\/instytutpolski.pl\/stockholm\/wp-content\/uploads\/sites\/17\/2026\/04\/SupermarketArtFair2026.jpg\",\"https:\/\/instytutpolski.pl\/stockholm\/wp-content\/uploads\/sites\/17\/2026\/04\/SupermarketArtFair2026-300x157.jpg\",\"https:\/\/instytutpolski.pl\/stockholm\/wp-content\/uploads\/sites\/17\/2026\/04\/SupermarketArtFair2026-1024x536.jpg\",\"https:\/\/instytutpolski.pl\/stockholm\/wp-content\/uploads\/sites\/17\/2026\/04\/SupermarketArtFair2026.jpg\"],\"thumbnailUrl\":\"https:\/\/instytutpolski.pl\/stockholm\/wp-content\/uploads\/sites\/17\/2026\/04\/SupermarketArtFair2026.jpg\",\"datePublished\":\"2026-04-08T13:48:04+02:00\",\"dateModified\":\"2026-04-27T14:25:19+02:00\",\"author\":{\"@id\":\"https:\/\/instytutpolski.pl\/stockholm\/#\/schema\/person\/866a2c0f4ccf0982a286809684f7bc1e\"},\"breadcrumb\":{\"@id\":\"https:\/\/instytutpolski.pl\/stockholm\/pl\/2026\/04\/08\/galeria-niczeje-na-supermarket-art-fair-w-sztokholmie\/#breadcrumb\"},\"inLanguage\":\"pl-PL\",\"potentialAction\":[{\"@type\":\"ReadAction\",\"target\":[\"https:\/\/instytutpolski.pl\/stockholm\/pl\/2026\/04\/08\/galeria-niczeje-na-supermarket-art-fair-w-sztokholmie\/\"]}],\"@context\":\"https:\/\/schema.org\",\"startDate\":\"2026-04-23\",\"endDate\":\"2026-04-26\",\"eventStatus\":\"EventScheduled\",\"eventAttendanceMode\":\"OfflineEventAttendanceMode\",\"location\":{\"@type\":\"place\",\"name\":\"Slakthuseomr\u00e5det, Stockholm\",\"address\":\"Slakthuseomr\u00e5det, Stockholm\",\"geo\":{\"@type\":\"GeoCoordinates\",\"latitude\":\"59.31095188667385\",\"longitude\":\"18.087589289470735\"}},\"description\":\"Galeria z siedzib\u0105 w Warszawie zaprezentuje w swojej przestrzeni prace czworga artyst\u00f3w: Agaty Lankamer, Adama Martyniaka, Izy Roko oraz Krzysia Bykowskiego. Ich praktyki artystyczne koncentruj\u0105 si\u0119 wok\u00f3\u0142 my\u015blenia ekologicznego, filozofii spekulatywnej oraz relacji mi\u0119dzygatunkowych, z naciskiem na zagadnienia natury, materii i transformacji. Udzia\u0142 w targach stanowi pierwsz\u0105 prezentacj\u0119 galerii na arenie mi\u0119dzynarodowej.\\nW ramach programu Supermarket zaprezentuj\u0105 si\u0119 r\u00f3wnie\u017c performerzy zwi\u0105zani z Instytutem Sztuk Wizualnych z Uniwersytetu Zielonog\u00f3rskiego: Dawid Gelert, Dawid Pyskaty, Maja Massier, Nadia Ostrycharczyk oraz Natalia Pietrulewicz.\\nPOLSCY ARTY\u015aCI W PROGRAMIE TALKS &amp; PERFORMANCE STAGE\\nCzwartek, 23 kwietnia, godz. 18.00 PERFORMANCE Exposed av Maja Massier\\nDuration: 15 min. Location: Offstage \/ All around the venue (starting point at the entrance)\\nThe Great Gala is transformed into an intimate ritual of rest. I enter the public space dressed as if for a gala, with full makeup and a red carpet carried in my hands. At first, my presence suggests celebration, visibility and prestige. Gradually, however, the action shifts. I begin to unfold the red carpet, move it from place to place, test different locations, and search for the \u2018right\u2019 spot, as if preparing a stage \u2013 yet the preparation slowly becomes a bedtime routine. I start removing my makeup in the open space, allowing the glamorous appearance to dissolve. Wearing pajamas underneath, I transition from a public, performative body into a private, vulnerable one. The red carpet ceases to function as a symbol of success and instead becomes a substitute for a bed, a blanket and a shelter. I wrap myself in it, make myself comfortable and eventually lie down. The performance ends when I fall asleep.\\nCzwartek, 23 kwietnia godz. 18.30 PERFORMANCE Make Me av Dawid Gelert and Dawid Pyskaty, Presented by Diva Collective\\nDuration: 40 min. Location: Offstage \/ Near the Caf\u00e9\\nAs an artistic collective, we attempt to carry out a long-term performance titled Make Me, intended to take place in various spaces and environments. It consists of marking out an area on the ground with silver tape where two people stand motionless, dressed in white underwear, looking directly into each other\u2019s eyes. Between them there is a small table with lipsticks in different colors. The audience is invited inside and informed that the performance ends when they leave the marked space. Due to the lack of further action from the artists, the performance unfolds differently each time, making every piece in the series unique. The title highlights both meanings of \u2018make me\u2019: as in \u2018create me\u2019 and \u2018force me\u2019 \u2013 referring, among other things, to crossing boundaries and the effects of crowd behavior.\\nPi\u0105tek, 24 kwietnia, godz. 14.30 PERFORMANCE Unnamed av Nadia Ostrycharczyk,  Natalia Pietrulewicz and Dawid Gelert (PL), Presented by Diva Collective\\nDuration: 15 min. Location: Talks &amp; Performance Stage\\nOur performance is one from the series where we use ambient, repetitiveness, organic-made sound and its real-time distortion as our medium. The soundscape we build is made of seemingly displeasing sound, but through the use of its recurrence it is transformed into more meditative, contemplative state.The highly engaging sounds such as cutlery against porcelain can cause outrage for one viewer, whereas for others its unchanging melody and rhythm feels relaxing. The theme of our performance series is to engage the audience and get their raw reactions and feelings by using sound and its distortion.\\nPi\u0105tek, 24 kwietnia, godz. 14.30 PERFORMANCE \/ INSTALLATION Building Blocks av Natalia Pietrulewicz (PL), Presented by Diva Collective\\nDuration: All day. Location: Near the Caf\u00e9\\nThe performance is based on a simple, repetitive gesture: building a tower from wooden blocks. The structure is assembled, observed collapsing (potentially by someone), rebuilt, left unattended, returned to, assembled, observed collapsing, and rebuilt \u2013 over and over again. Visitors are not instructed in any way, yet they are free to approach, alter, dismantle, rebuild or ignore the structure. Regardless of what happens (through gravity or actions of others) I continue building and rebuilding, maintaining full focus on the blocks and not interacting with the audience. The performance focuses on perseverance, and the ability to sustain attention under unpredictable conditions. Rooted in childhood play, it invites us to reflect on everyday situations in which our \u2018towers\u2019 collapse and we must decide whether to rebuild them. The tower becomes a reflection of our fragile yet resilient being, shaped by perseverance, repetition, absence, and unpredictable social interaction\\nPi\u0105tek, 24 kwietnia, godz. 18.00 TALK How Not to Go Crazy as an Artist med Natalia Pietrulewicz (PL), Presented by Diva Collective\\nDuration: 30 min. Location: Talks &amp; Performance Stage\\nBeing an artist is often portrayed as freeing, joyful, and meaningful. It rarely gets described as overwhelming, exposing or exhausting. Yet for many of us, it may be exactly that. I have worked as a psychotherapist since 2017 and have spent hundreds of hours in my own therapy and self-development work. I believed this would prepare me well for most life challenges. What I did not anticipate were the psychological challenges of an artistic path. In this talk, I combine my professional background as a psychotherapist with my lived experience as an artist. I will share what I have personally tested on myself and what evidence-based psychotherapy and psychological research tell us about coping with what may pose common psychological challenges in artistic life. This is not a motivational talk. Instead, it is a grounded, honest, and practical reflection on how to stay well while pursuing your calling. Hopefully, with a little bit of humor. I\u2019ll focus on a couple of potentially problematic themes in artistic lives (such as shame and self-criticism or emotional exposure) and offer my audience some practical takeaways.\\nNiedziela, 26 kwietnia, godz. 14.00 TALK Why We Cannot Afford Not to Do Participatory Art med Natalia Pietrulewicz (PL), Presented by Diva Collective\\nDuration: 30 min. Location: Talks &amp; Performance Stage\\nParticipatory art challenges the idea of art as something produced solely by artists and consumed by an exclusive audience. Instead, it treats art as a shared process, shaped through presence, interaction, and both collective and individual experience. This talk argues that in today\u2019s world we cannot keep art exclusive and isolated: for the benefit of both artists and society. Drawing on selected artistic practices and through a psychological lens, I explore participatory art as a way to reopen art to inclusion and lived experience. Rather than offering fixed answers, the talk invites reflection on how participatory art can restore art\u2019s relevance and agency.\\nBilety i wi\u0119cej informacji jest dost\u0119pnych na stronie Targ\u00f3w Supermarket.\\nInstytut Polski w Sztokholmie bierze udzia\u0142 w targach sztuki Supermarket Art Fair od wielu lat, wspieraj\u0105c m\u0142odych, niezale\u017cnych polskich tw\u00f3rc\u00f3w. Wsp\u00f3\u0142praca z organizatorami zawsze by\u0142a bardzo dobra. Nie mieli\u015bmy wcze\u015bniejszej wiedzy na temat wszystkich wystawiaj\u0105cych si\u0119 na tegorocznych targach galerii. Wspieranie Ukrainy nale\u017cy do priorytetowych zada\u0144 Instytutu Polskiego i podejmujemy wiele dzia\u0142a\u0144, kt\u00f3re ten cel realizuj\u0105.\"},{\"@type\":\"ImageObject\",\"inLanguage\":\"pl-PL\",\"@id\":\"https:\/\/instytutpolski.pl\/stockholm\/pl\/2026\/04\/08\/galeria-niczeje-na-supermarket-art-fair-w-sztokholmie\/#primaryimage\",\"url\":\"https:\/\/instytutpolski.pl\/stockholm\/wp-content\/uploads\/sites\/17\/2026\/04\/SupermarketArtFair2026.jpg\",\"contentUrl\":\"https:\/\/instytutpolski.pl\/stockholm\/wp-content\/uploads\/sites\/17\/2026\/04\/SupermarketArtFair2026.jpg\",\"width\":1920,\"height\":1005},{\"@type\":\"BreadcrumbList\",\"@id\":\"https:\/\/instytutpolski.pl\/stockholm\/pl\/2026\/04\/08\/galeria-niczeje-na-supermarket-art-fair-w-sztokholmie\/#breadcrumb\",\"itemListElement\":[{\"@type\":\"ListItem\",\"position\":1,\"name\":\"Home\",\"item\":\"https:\/\/instytutpolski.pl\/stockholm\/\"},{\"@type\":\"ListItem\",\"position\":2,\"name\":\"galeria niczeje i polscy performerzy na Supermarket Art Fair w Sztokholmie\"}]},{\"@type\":\"WebSite\",\"@id\":\"https:\/\/instytutpolski.pl\/stockholm\/#website\",\"url\":\"https:\/\/instytutpolski.pl\/stockholm\/\",\"name\":\"Instytut Polski w Sztokholmie\",\"description\":\"Instytuty Polskie\",\"potentialAction\":[{\"@type\":\"SearchAction\",\"target\":{\"@type\":\"EntryPoint\",\"urlTemplate\":\"https:\/\/instytutpolski.pl\/stockholm\/?s={search_term_string}\"},\"query-input\":{\"@type\":\"PropertyValueSpecification\",\"valueRequired\":true,\"valueName\":\"search_term_string\"}}],\"inLanguage\":\"pl-PL\"},{\"@type\":\"Person\",\"@id\":\"https:\/\/instytutpolski.pl\/stockholm\/#\/schema\/person\/866a2c0f4ccf0982a286809684f7bc1e\",\"name\":\"treichelp\",\"image\":{\"@type\":\"ImageObject\",\"inLanguage\":\"pl-PL\",\"@id\":\"https:\/\/instytutpolski.pl\/stockholm\/#\/schema\/person\/image\/\",\"url\":\"https:\/\/secure.gravatar.com\/avatar\/fb2c1caae0df0854742a56fc463dd1fb?s=96&d=mm&r=g\",\"contentUrl\":\"https:\/\/secure.gravatar.com\/avatar\/fb2c1caae0df0854742a56fc463dd1fb?s=96&d=mm&r=g\",\"caption\":\"treichelp\"},\"url\":\"https:\/\/instytutpolski.pl\/stockholm\/author\/treichelp\/\"}]}<\/script>\n<!-- \/ Yoast SEO plugin. -->","yoast_head_json":{"title":"galeria niczeje i polscy performerzy na Supermarket Art Fair w Sztokholmie - Instytut Polski w Sztokholmie","robots":{"index":"index","follow":"follow","max-snippet":"max-snippet:-1","max-image-preview":"max-image-preview:large","max-video-preview":"max-video-preview:-1"},"canonical":"https:\/\/instytutpolski.pl\/stockholm\/pl\/2026\/04\/08\/galeria-niczeje-na-supermarket-art-fair-w-sztokholmie\/","og_locale":"pl_PL","og_type":"article","og_title":"galeria niczeje i polscy performerzy na Supermarket Art Fair w Sztokholmie - Instytut Polski w Sztokholmie","og_description":"Galeria z siedzib\u0105 w Warszawie zaprezentuje w swojej przestrzeni prace czworga artyst\u00f3w: Agaty Lankamer, Adama Martyniaka, Izy Roko oraz Krzysia Bykowskiego. Ich praktyki artystyczne koncentruj\u0105 si\u0119 wok\u00f3\u0142 my\u015blenia ekologicznego, filozofii spekulatywnej oraz relacji mi\u0119dzygatunkowych, z naciskiem na zagadnienia natury, materii i transformacji. Udzia\u0142 w targach stanowi pierwsz\u0105 prezentacj\u0119 galerii na arenie mi\u0119dzynarodowej. W ramach programu [&hellip;]","og_url":"https:\/\/instytutpolski.pl\/stockholm\/pl\/2026\/04\/08\/galeria-niczeje-na-supermarket-art-fair-w-sztokholmie\/","og_site_name":"Instytut Polski w Sztokholmie","article_published_time":"2026-04-08T13:48:04+00:00","article_modified_time":"2026-04-27T14:25:19+00:00","og_image":[{"width":1920,"height":1005,"url":"https:\/\/instytutpolski.pl\/stockholm\/wp-content\/uploads\/sites\/17\/2026\/04\/SupermarketArtFair2026.jpg","type":"image\/jpeg"}],"author":"treichelp","twitter_card":"summary_large_image","twitter_misc":{"Napisane przez":"treichelp","Szacowany czas czytania":"8 minut"},"schema":{"@context":"https:\/\/schema.org","@graph":[{"@type":"event","@id":"https:\/\/instytutpolski.pl\/stockholm\/pl\/2026\/04\/08\/galeria-niczeje-na-supermarket-art-fair-w-sztokholmie\/","url":"https:\/\/instytutpolski.pl\/stockholm\/pl\/2026\/04\/08\/galeria-niczeje-na-supermarket-art-fair-w-sztokholmie\/","name":"galeria niczeje i polscy performerzy na Supermarket Art Fair w Sztokholmie","isPartOf":{"@id":"https:\/\/instytutpolski.pl\/stockholm\/#website"},"primaryImageOfPage":{"@id":"https:\/\/instytutpolski.pl\/stockholm\/pl\/2026\/04\/08\/galeria-niczeje-na-supermarket-art-fair-w-sztokholmie\/#primaryimage"},"image":["https:\/\/instytutpolski.pl\/stockholm\/wp-content\/uploads\/sites\/17\/2026\/04\/SupermarketArtFair2026.jpg","https:\/\/instytutpolski.pl\/stockholm\/wp-content\/uploads\/sites\/17\/2026\/04\/SupermarketArtFair2026-300x157.jpg","https:\/\/instytutpolski.pl\/stockholm\/wp-content\/uploads\/sites\/17\/2026\/04\/SupermarketArtFair2026-1024x536.jpg","https:\/\/instytutpolski.pl\/stockholm\/wp-content\/uploads\/sites\/17\/2026\/04\/SupermarketArtFair2026.jpg"],"thumbnailUrl":"https:\/\/instytutpolski.pl\/stockholm\/wp-content\/uploads\/sites\/17\/2026\/04\/SupermarketArtFair2026.jpg","datePublished":"2026-04-08T13:48:04+02:00","dateModified":"2026-04-27T14:25:19+02:00","author":{"@id":"https:\/\/instytutpolski.pl\/stockholm\/#\/schema\/person\/866a2c0f4ccf0982a286809684f7bc1e"},"breadcrumb":{"@id":"https:\/\/instytutpolski.pl\/stockholm\/pl\/2026\/04\/08\/galeria-niczeje-na-supermarket-art-fair-w-sztokholmie\/#breadcrumb"},"inLanguage":"pl-PL","potentialAction":[{"@type":"ReadAction","target":["https:\/\/instytutpolski.pl\/stockholm\/pl\/2026\/04\/08\/galeria-niczeje-na-supermarket-art-fair-w-sztokholmie\/"]}],"@context":"https:\/\/schema.org","startDate":"2026-04-23","endDate":"2026-04-26","eventStatus":"EventScheduled","eventAttendanceMode":"OfflineEventAttendanceMode","location":{"@type":"place","name":"Slakthuseomr\u00e5det, Stockholm","address":"Slakthuseomr\u00e5det, Stockholm","geo":{"@type":"GeoCoordinates","latitude":"59.31095188667385","longitude":"18.087589289470735"}},"description":"Galeria z siedzib\u0105 w Warszawie zaprezentuje w swojej przestrzeni prace czworga artyst\u00f3w: Agaty Lankamer, Adama Martyniaka, Izy Roko oraz Krzysia Bykowskiego. Ich praktyki artystyczne koncentruj\u0105 si\u0119 wok\u00f3\u0142 my\u015blenia ekologicznego, filozofii spekulatywnej oraz relacji mi\u0119dzygatunkowych, z naciskiem na zagadnienia natury, materii i transformacji. Udzia\u0142 w targach stanowi pierwsz\u0105 prezentacj\u0119 galerii na arenie mi\u0119dzynarodowej.\nW ramach programu Supermarket zaprezentuj\u0105 si\u0119 r\u00f3wnie\u017c performerzy zwi\u0105zani z Instytutem Sztuk Wizualnych z Uniwersytetu Zielonog\u00f3rskiego: Dawid Gelert, Dawid Pyskaty, Maja Massier, Nadia Ostrycharczyk oraz Natalia Pietrulewicz.\nPOLSCY ARTY\u015aCI W PROGRAMIE TALKS &amp; PERFORMANCE STAGE\nCzwartek, 23 kwietnia, godz. 18.00 PERFORMANCE Exposed av Maja Massier\nDuration: 15 min. Location: Offstage \/ All around the venue (starting point at the entrance)\nThe Great Gala is transformed into an intimate ritual of rest. I enter the public space dressed as if for a gala, with full makeup and a red carpet carried in my hands. At first, my presence suggests celebration, visibility and prestige. Gradually, however, the action shifts. I begin to unfold the red carpet, move it from place to place, test different locations, and search for the \u2018right\u2019 spot, as if preparing a stage \u2013 yet the preparation slowly becomes a bedtime routine. I start removing my makeup in the open space, allowing the glamorous appearance to dissolve. Wearing pajamas underneath, I transition from a public, performative body into a private, vulnerable one. The red carpet ceases to function as a symbol of success and instead becomes a substitute for a bed, a blanket and a shelter. I wrap myself in it, make myself comfortable and eventually lie down. The performance ends when I fall asleep.\nCzwartek, 23 kwietnia godz. 18.30 PERFORMANCE Make Me av Dawid Gelert and Dawid Pyskaty, Presented by Diva Collective\nDuration: 40 min. Location: Offstage \/ Near the Caf\u00e9\nAs an artistic collective, we attempt to carry out a long-term performance titled Make Me, intended to take place in various spaces and environments. It consists of marking out an area on the ground with silver tape where two people stand motionless, dressed in white underwear, looking directly into each other\u2019s eyes. Between them there is a small table with lipsticks in different colors. The audience is invited inside and informed that the performance ends when they leave the marked space. Due to the lack of further action from the artists, the performance unfolds differently each time, making every piece in the series unique. The title highlights both meanings of \u2018make me\u2019: as in \u2018create me\u2019 and \u2018force me\u2019 \u2013 referring, among other things, to crossing boundaries and the effects of crowd behavior.\nPi\u0105tek, 24 kwietnia, godz. 14.30 PERFORMANCE Unnamed av Nadia Ostrycharczyk,  Natalia Pietrulewicz and Dawid Gelert (PL), Presented by Diva Collective\nDuration: 15 min. Location: Talks &amp; Performance Stage\nOur performance is one from the series where we use ambient, repetitiveness, organic-made sound and its real-time distortion as our medium. The soundscape we build is made of seemingly displeasing sound, but through the use of its recurrence it is transformed into more meditative, contemplative state.The highly engaging sounds such as cutlery against porcelain can cause outrage for one viewer, whereas for others its unchanging melody and rhythm feels relaxing. The theme of our performance series is to engage the audience and get their raw reactions and feelings by using sound and its distortion.\nPi\u0105tek, 24 kwietnia, godz. 14.30 PERFORMANCE \/ INSTALLATION Building Blocks av Natalia Pietrulewicz (PL), Presented by Diva Collective\nDuration: All day. Location: Near the Caf\u00e9\nThe performance is based on a simple, repetitive gesture: building a tower from wooden blocks. The structure is assembled, observed collapsing (potentially by someone), rebuilt, left unattended, returned to, assembled, observed collapsing, and rebuilt \u2013 over and over again. Visitors are not instructed in any way, yet they are free to approach, alter, dismantle, rebuild or ignore the structure. Regardless of what happens (through gravity or actions of others) I continue building and rebuilding, maintaining full focus on the blocks and not interacting with the audience. The performance focuses on perseverance, and the ability to sustain attention under unpredictable conditions. Rooted in childhood play, it invites us to reflect on everyday situations in which our \u2018towers\u2019 collapse and we must decide whether to rebuild them. The tower becomes a reflection of our fragile yet resilient being, shaped by perseverance, repetition, absence, and unpredictable social interaction\nPi\u0105tek, 24 kwietnia, godz. 18.00 TALK How Not to Go Crazy as an Artist med Natalia Pietrulewicz (PL), Presented by Diva Collective\nDuration: 30 min. Location: Talks &amp; Performance Stage\nBeing an artist is often portrayed as freeing, joyful, and meaningful. It rarely gets described as overwhelming, exposing or exhausting. Yet for many of us, it may be exactly that. I have worked as a psychotherapist since 2017 and have spent hundreds of hours in my own therapy and self-development work. I believed this would prepare me well for most life challenges. What I did not anticipate were the psychological challenges of an artistic path. In this talk, I combine my professional background as a psychotherapist with my lived experience as an artist. I will share what I have personally tested on myself and what evidence-based psychotherapy and psychological research tell us about coping with what may pose common psychological challenges in artistic life. This is not a motivational talk. Instead, it is a grounded, honest, and practical reflection on how to stay well while pursuing your calling. Hopefully, with a little bit of humor. I\u2019ll focus on a couple of potentially problematic themes in artistic lives (such as shame and self-criticism or emotional exposure) and offer my audience some practical takeaways.\nNiedziela, 26 kwietnia, godz. 14.00 TALK Why We Cannot Afford Not to Do Participatory Art med Natalia Pietrulewicz (PL), Presented by Diva Collective\nDuration: 30 min. Location: Talks &amp; Performance Stage\nParticipatory art challenges the idea of art as something produced solely by artists and consumed by an exclusive audience. Instead, it treats art as a shared process, shaped through presence, interaction, and both collective and individual experience. This talk argues that in today\u2019s world we cannot keep art exclusive and isolated: for the benefit of both artists and society. Drawing on selected artistic practices and through a psychological lens, I explore participatory art as a way to reopen art to inclusion and lived experience. Rather than offering fixed answers, the talk invites reflection on how participatory art can restore art\u2019s relevance and agency.\nBilety i wi\u0119cej informacji jest dost\u0119pnych na stronie Targ\u00f3w Supermarket.\nInstytut Polski w Sztokholmie bierze udzia\u0142 w targach sztuki Supermarket Art Fair od wielu lat, wspieraj\u0105c m\u0142odych, niezale\u017cnych polskich tw\u00f3rc\u00f3w. Wsp\u00f3\u0142praca z organizatorami zawsze by\u0142a bardzo dobra. Nie mieli\u015bmy wcze\u015bniejszej wiedzy na temat wszystkich wystawiaj\u0105cych si\u0119 na tegorocznych targach galerii. Wspieranie Ukrainy nale\u017cy do priorytetowych zada\u0144 Instytutu Polskiego i podejmujemy wiele dzia\u0142a\u0144, kt\u00f3re ten cel realizuj\u0105."},{"@type":"ImageObject","inLanguage":"pl-PL","@id":"https:\/\/instytutpolski.pl\/stockholm\/pl\/2026\/04\/08\/galeria-niczeje-na-supermarket-art-fair-w-sztokholmie\/#primaryimage","url":"https:\/\/instytutpolski.pl\/stockholm\/wp-content\/uploads\/sites\/17\/2026\/04\/SupermarketArtFair2026.jpg","contentUrl":"https:\/\/instytutpolski.pl\/stockholm\/wp-content\/uploads\/sites\/17\/2026\/04\/SupermarketArtFair2026.jpg","width":1920,"height":1005},{"@type":"BreadcrumbList","@id":"https:\/\/instytutpolski.pl\/stockholm\/pl\/2026\/04\/08\/galeria-niczeje-na-supermarket-art-fair-w-sztokholmie\/#breadcrumb","itemListElement":[{"@type":"ListItem","position":1,"name":"Home","item":"https:\/\/instytutpolski.pl\/stockholm\/"},{"@type":"ListItem","position":2,"name":"galeria niczeje i polscy performerzy na Supermarket Art Fair w Sztokholmie"}]},{"@type":"WebSite","@id":"https:\/\/instytutpolski.pl\/stockholm\/#website","url":"https:\/\/instytutpolski.pl\/stockholm\/","name":"Instytut Polski w Sztokholmie","description":"Instytuty Polskie","potentialAction":[{"@type":"SearchAction","target":{"@type":"EntryPoint","urlTemplate":"https:\/\/instytutpolski.pl\/stockholm\/?s={search_term_string}"},"query-input":{"@type":"PropertyValueSpecification","valueRequired":true,"valueName":"search_term_string"}}],"inLanguage":"pl-PL"},{"@type":"Person","@id":"https:\/\/instytutpolski.pl\/stockholm\/#\/schema\/person\/866a2c0f4ccf0982a286809684f7bc1e","name":"treichelp","image":{"@type":"ImageObject","inLanguage":"pl-PL","@id":"https:\/\/instytutpolski.pl\/stockholm\/#\/schema\/person\/image\/","url":"https:\/\/secure.gravatar.com\/avatar\/fb2c1caae0df0854742a56fc463dd1fb?s=96&d=mm&r=g","contentUrl":"https:\/\/secure.gravatar.com\/avatar\/fb2c1caae0df0854742a56fc463dd1fb?s=96&d=mm&r=g","caption":"treichelp"},"url":"https:\/\/instytutpolski.pl\/stockholm\/author\/treichelp\/"}]}},"_links":{"self":[{"href":"https:\/\/instytutpolski.pl\/stockholm\/wp-json\/wp\/v2\/posts\/15402","targetHints":{"allow":["GET"]}}],"collection":[{"href":"https:\/\/instytutpolski.pl\/stockholm\/wp-json\/wp\/v2\/posts"}],"about":[{"href":"https:\/\/instytutpolski.pl\/stockholm\/wp-json\/wp\/v2\/types\/post"}],"author":[{"embeddable":true,"href":"https:\/\/instytutpolski.pl\/stockholm\/wp-json\/wp\/v2\/users\/173"}],"replies":[{"embeddable":true,"href":"https:\/\/instytutpolski.pl\/stockholm\/wp-json\/wp\/v2\/comments?post=15402"}],"version-history":[{"count":10,"href":"https:\/\/instytutpolski.pl\/stockholm\/wp-json\/wp\/v2\/posts\/15402\/revisions"}],"predecessor-version":[{"id":15452,"href":"https:\/\/instytutpolski.pl\/stockholm\/wp-json\/wp\/v2\/posts\/15402\/revisions\/15452"}],"wp:featuredmedia":[{"embeddable":true,"href":"https:\/\/instytutpolski.pl\/stockholm\/wp-json\/wp\/v2\/media\/15391"}],"wp:attachment":[{"href":"https:\/\/instytutpolski.pl\/stockholm\/wp-json\/wp\/v2\/media?parent=15402"}],"wp:term":[{"taxonomy":"category","embeddable":true,"href":"https:\/\/instytutpolski.pl\/stockholm\/wp-json\/wp\/v2\/categories?post=15402"},{"taxonomy":"post_tag","embeddable":true,"href":"https:\/\/instytutpolski.pl\/stockholm\/wp-json\/wp\/v2\/tags?post=15402"}],"curies":[{"name":"wp","href":"https:\/\/api.w.org\/{rel}","templated":true}]}}