{"id":1545,"date":"2019-12-23T16:55:00","date_gmt":"2019-12-23T15:55:00","guid":{"rendered":"https:\/\/instytutpolski.pl\/stockholm\/?p=1545"},"modified":"2021-07-23T13:07:00","modified_gmt":"2021-07-23T11:07:00","slug":"fotoreportage-pepparkakshus-fran-polen-pa-millesgarden","status":"publish","type":"post","link":"https:\/\/instytutpolski.pl\/stockholm\/2019\/12\/23\/fotoreportage-pepparkakshus-fran-polen-pa-millesgarden\/","title":{"rendered":"Fotoreportage: Pepparkakshus fr\u00e5n Polen p\u00e5 Millesg\u00e5rden"},"content":{"rendered":"\n<p>\nDe kunde \u00e4ven tr\u00e4ffa Kryddh\u00e4xan och M\u00e4ster Pepparkaksbagare samt f\u00e5 ett \npepparkakshj\u00e4rta vackert dekorerat av de duktiga m\u00e5larna som hade kommit\n hela v\u00e4gen fr\u00e5n Toru\u0144. Den mysiga kv\u00e4llen, kryddad med pepparkaksdofter\n och \u2013smaker, blev en magisk b\u00f6rjan p\u00e5 jultiden. Stort tack till alla er\n som kom!<\/p>\n\n\n\n<p>Om du inte \u00e4n har hunnit att bes\u00f6ka Millesg\u00e5rdens \nkonstn\u00e4rshem d\u00e4r utst\u00e4llningen visas oroa dig inte \u2013 du har tid t o m 12\n januari 2020.<\/p>\n\n\n\n<p>Mer om utst\u00e4llningen <a href=\"https:\/\/www.polskainstitutet.se\/Polska_pepparkakshus\" target=\"_blank\" rel=\"noreferrer noopener\">har<\/a>.<\/p>\n\n\n\n<p><em>Foton: Pawe\u0142 Kania<\/em><\/p>\n\n\n\n<figure class=\"wp-block-gallery columns-3 wp-block-gallery-1 is-layout-flex wp-block-gallery-is-layout-flex\"><ul class=\"blocks-gallery-grid\"><li class=\"blocks-gallery-item\"><figure><a href=\"https:\/\/instytutpolski.pl\/stockholm\/wp-content\/uploads\/sites\/17\/2020\/01\/Pierniki-2019-9.jpg\"><img loading=\"lazy\" decoding=\"async\" width=\"1024\" height=\"683\" src=\"https:\/\/instytutpolski.pl\/stockholm\/wp-content\/uploads\/sites\/17\/2020\/01\/Pierniki-2019-9.jpg\" alt=\"\" data-id=\"1547\" data-full-url=\"https:\/\/instytutpolski.pl\/stockholm\/wp-content\/uploads\/sites\/17\/2020\/01\/Pierniki-2019-9.jpg\" data-link=\"https:\/\/instytutpolski.pl\/stockholm\/?attachment_id=1547\" class=\"wp-image-1547\" srcset=\"https:\/\/instytutpolski.pl\/stockholm\/wp-content\/uploads\/sites\/17\/2020\/01\/Pierniki-2019-9.jpg 1024w, https:\/\/instytutpolski.pl\/stockholm\/wp-content\/uploads\/sites\/17\/2020\/01\/Pierniki-2019-9-300x200.jpg 300w, https:\/\/instytutpolski.pl\/stockholm\/wp-content\/uploads\/sites\/17\/2020\/01\/Pierniki-2019-9-768x512.jpg 768w\" sizes=\"auto, (max-width: 1024px) 100vw, 1024px\" \/><\/a><\/figure><\/li><li class=\"blocks-gallery-item\"><figure><a href=\"https:\/\/instytutpolski.pl\/stockholm\/wp-content\/uploads\/sites\/17\/2020\/01\/Pierniki-2019-28.jpg\"><img loading=\"lazy\" decoding=\"async\" width=\"1024\" height=\"683\" src=\"https:\/\/instytutpolski.pl\/stockholm\/wp-content\/uploads\/sites\/17\/2020\/01\/Pierniki-2019-28.jpg\" alt=\"\" data-id=\"1549\" data-full-url=\"https:\/\/instytutpolski.pl\/stockholm\/wp-content\/uploads\/sites\/17\/2020\/01\/Pierniki-2019-28.jpg\" data-link=\"https:\/\/instytutpolski.pl\/stockholm\/?attachment_id=1549\" class=\"wp-image-1549\" srcset=\"https:\/\/instytutpolski.pl\/stockholm\/wp-content\/uploads\/sites\/17\/2020\/01\/Pierniki-2019-28.jpg 1024w, https:\/\/instytutpolski.pl\/stockholm\/wp-content\/uploads\/sites\/17\/2020\/01\/Pierniki-2019-28-300x200.jpg 300w, https:\/\/instytutpolski.pl\/stockholm\/wp-content\/uploads\/sites\/17\/2020\/01\/Pierniki-2019-28-768x512.jpg 768w\" sizes=\"auto, (max-width: 1024px) 100vw, 1024px\" \/><\/a><\/figure><\/li><li class=\"blocks-gallery-item\"><figure><a href=\"https:\/\/instytutpolski.pl\/stockholm\/wp-content\/uploads\/sites\/17\/2020\/01\/Pierniki-2019-34.jpg\"><img loading=\"lazy\" decoding=\"async\" width=\"1024\" height=\"683\" src=\"https:\/\/instytutpolski.pl\/stockholm\/wp-content\/uploads\/sites\/17\/2020\/01\/Pierniki-2019-34.jpg\" alt=\"\" data-id=\"1550\" data-full-url=\"https:\/\/instytutpolski.pl\/stockholm\/wp-content\/uploads\/sites\/17\/2020\/01\/Pierniki-2019-34.jpg\" data-link=\"https:\/\/instytutpolski.pl\/stockholm\/?attachment_id=1550\" class=\"wp-image-1550\" srcset=\"https:\/\/instytutpolski.pl\/stockholm\/wp-content\/uploads\/sites\/17\/2020\/01\/Pierniki-2019-34.jpg 1024w, https:\/\/instytutpolski.pl\/stockholm\/wp-content\/uploads\/sites\/17\/2020\/01\/Pierniki-2019-34-300x200.jpg 300w, https:\/\/instytutpolski.pl\/stockholm\/wp-content\/uploads\/sites\/17\/2020\/01\/Pierniki-2019-34-768x512.jpg 768w\" sizes=\"auto, (max-width: 1024px) 100vw, 1024px\" \/><\/a><\/figure><\/li><li class=\"blocks-gallery-item\"><figure><a href=\"https:\/\/instytutpolski.pl\/stockholm\/wp-content\/uploads\/sites\/17\/2020\/01\/Pierniki-2019-41.jpg\"><img loading=\"lazy\" decoding=\"async\" width=\"1024\" height=\"683\" src=\"https:\/\/instytutpolski.pl\/stockholm\/wp-content\/uploads\/sites\/17\/2020\/01\/Pierniki-2019-41.jpg\" alt=\"\" data-id=\"1551\" data-full-url=\"https:\/\/instytutpolski.pl\/stockholm\/wp-content\/uploads\/sites\/17\/2020\/01\/Pierniki-2019-41.jpg\" data-link=\"https:\/\/instytutpolski.pl\/stockholm\/?attachment_id=1551\" class=\"wp-image-1551\" srcset=\"https:\/\/instytutpolski.pl\/stockholm\/wp-content\/uploads\/sites\/17\/2020\/01\/Pierniki-2019-41.jpg 1024w, https:\/\/instytutpolski.pl\/stockholm\/wp-content\/uploads\/sites\/17\/2020\/01\/Pierniki-2019-41-300x200.jpg 300w, https:\/\/instytutpolski.pl\/stockholm\/wp-content\/uploads\/sites\/17\/2020\/01\/Pierniki-2019-41-768x512.jpg 768w\" sizes=\"auto, (max-width: 1024px) 100vw, 1024px\" \/><\/a><\/figure><\/li><li class=\"blocks-gallery-item\"><figure><a href=\"https:\/\/instytutpolski.pl\/stockholm\/wp-content\/uploads\/sites\/17\/2020\/01\/Pierniki-2019-43.jpg\"><img loading=\"lazy\" decoding=\"async\" width=\"1024\" height=\"683\" src=\"https:\/\/instytutpolski.pl\/stockholm\/wp-content\/uploads\/sites\/17\/2020\/01\/Pierniki-2019-43.jpg\" alt=\"\" data-id=\"1552\" data-full-url=\"https:\/\/instytutpolski.pl\/stockholm\/wp-content\/uploads\/sites\/17\/2020\/01\/Pierniki-2019-43.jpg\" data-link=\"https:\/\/instytutpolski.pl\/stockholm\/?attachment_id=1552\" class=\"wp-image-1552\" srcset=\"https:\/\/instytutpolski.pl\/stockholm\/wp-content\/uploads\/sites\/17\/2020\/01\/Pierniki-2019-43.jpg 1024w, https:\/\/instytutpolski.pl\/stockholm\/wp-content\/uploads\/sites\/17\/2020\/01\/Pierniki-2019-43-300x200.jpg 300w, https:\/\/instytutpolski.pl\/stockholm\/wp-content\/uploads\/sites\/17\/2020\/01\/Pierniki-2019-43-768x512.jpg 768w\" sizes=\"auto, (max-width: 1024px) 100vw, 1024px\" \/><\/a><\/figure><\/li><li class=\"blocks-gallery-item\"><figure><a href=\"https:\/\/instytutpolski.pl\/stockholm\/wp-content\/uploads\/sites\/17\/2020\/01\/Pierniki-2019-109.jpg\"><img loading=\"lazy\" decoding=\"async\" width=\"1024\" height=\"683\" src=\"https:\/\/instytutpolski.pl\/stockholm\/wp-content\/uploads\/sites\/17\/2020\/01\/Pierniki-2019-109.jpg\" alt=\"\" data-id=\"1557\" data-full-url=\"https:\/\/instytutpolski.pl\/stockholm\/wp-content\/uploads\/sites\/17\/2020\/01\/Pierniki-2019-109.jpg\" data-link=\"https:\/\/instytutpolski.pl\/stockholm\/?attachment_id=1557\" class=\"wp-image-1557\" srcset=\"https:\/\/instytutpolski.pl\/stockholm\/wp-content\/uploads\/sites\/17\/2020\/01\/Pierniki-2019-109.jpg 1024w, https:\/\/instytutpolski.pl\/stockholm\/wp-content\/uploads\/sites\/17\/2020\/01\/Pierniki-2019-109-300x200.jpg 300w, https:\/\/instytutpolski.pl\/stockholm\/wp-content\/uploads\/sites\/17\/2020\/01\/Pierniki-2019-109-768x512.jpg 768w\" sizes=\"auto, (max-width: 1024px) 100vw, 1024px\" \/><\/a><\/figure><\/li><li class=\"blocks-gallery-item\"><figure><a href=\"https:\/\/instytutpolski.pl\/stockholm\/wp-content\/uploads\/sites\/17\/2020\/01\/Pierniki-2019-21.jpg\"><img loading=\"lazy\" decoding=\"async\" width=\"683\" height=\"1024\" src=\"https:\/\/instytutpolski.pl\/stockholm\/wp-content\/uploads\/sites\/17\/2020\/01\/Pierniki-2019-21.jpg\" alt=\"\" data-id=\"1548\" data-full-url=\"https:\/\/instytutpolski.pl\/stockholm\/wp-content\/uploads\/sites\/17\/2020\/01\/Pierniki-2019-21.jpg\" data-link=\"https:\/\/instytutpolski.pl\/stockholm\/?attachment_id=1548\" class=\"wp-image-1548\" srcset=\"https:\/\/instytutpolski.pl\/stockholm\/wp-content\/uploads\/sites\/17\/2020\/01\/Pierniki-2019-21.jpg 683w, https:\/\/instytutpolski.pl\/stockholm\/wp-content\/uploads\/sites\/17\/2020\/01\/Pierniki-2019-21-200x300.jpg 200w\" sizes=\"auto, (max-width: 683px) 100vw, 683px\" \/><\/a><\/figure><\/li><li class=\"blocks-gallery-item\"><figure><a href=\"https:\/\/instytutpolski.pl\/stockholm\/wp-content\/uploads\/sites\/17\/2020\/01\/Pierniki-2019-59.jpg\"><img loading=\"lazy\" decoding=\"async\" width=\"683\" height=\"1024\" src=\"https:\/\/instytutpolski.pl\/stockholm\/wp-content\/uploads\/sites\/17\/2020\/01\/Pierniki-2019-59.jpg\" alt=\"\" data-id=\"1553\" data-full-url=\"https:\/\/instytutpolski.pl\/stockholm\/wp-content\/uploads\/sites\/17\/2020\/01\/Pierniki-2019-59.jpg\" data-link=\"https:\/\/instytutpolski.pl\/stockholm\/?attachment_id=1553\" class=\"wp-image-1553\" srcset=\"https:\/\/instytutpolski.pl\/stockholm\/wp-content\/uploads\/sites\/17\/2020\/01\/Pierniki-2019-59.jpg 683w, https:\/\/instytutpolski.pl\/stockholm\/wp-content\/uploads\/sites\/17\/2020\/01\/Pierniki-2019-59-200x300.jpg 200w\" sizes=\"auto, (max-width: 683px) 100vw, 683px\" \/><\/a><\/figure><\/li><li class=\"blocks-gallery-item\"><figure><a href=\"https:\/\/instytutpolski.pl\/stockholm\/wp-content\/uploads\/sites\/17\/2020\/01\/Pierniki-2019-67.jpg\"><img loading=\"lazy\" decoding=\"async\" width=\"683\" height=\"1024\" src=\"https:\/\/instytutpolski.pl\/stockholm\/wp-content\/uploads\/sites\/17\/2020\/01\/Pierniki-2019-67.jpg\" alt=\"\" data-id=\"1554\" data-full-url=\"https:\/\/instytutpolski.pl\/stockholm\/wp-content\/uploads\/sites\/17\/2020\/01\/Pierniki-2019-67.jpg\" data-link=\"https:\/\/instytutpolski.pl\/stockholm\/?attachment_id=1554\" class=\"wp-image-1554\" srcset=\"https:\/\/instytutpolski.pl\/stockholm\/wp-content\/uploads\/sites\/17\/2020\/01\/Pierniki-2019-67.jpg 683w, https:\/\/instytutpolski.pl\/stockholm\/wp-content\/uploads\/sites\/17\/2020\/01\/Pierniki-2019-67-200x300.jpg 200w\" sizes=\"auto, (max-width: 683px) 100vw, 683px\" \/><\/a><\/figure><\/li><li class=\"blocks-gallery-item\"><figure><a href=\"https:\/\/instytutpolski.pl\/stockholm\/wp-content\/uploads\/sites\/17\/2020\/01\/Pierniki-2019-78.jpg\"><img loading=\"lazy\" decoding=\"async\" width=\"1024\" height=\"683\" src=\"https:\/\/instytutpolski.pl\/stockholm\/wp-content\/uploads\/sites\/17\/2020\/01\/Pierniki-2019-78.jpg\" alt=\"\" data-id=\"1555\" data-full-url=\"https:\/\/instytutpolski.pl\/stockholm\/wp-content\/uploads\/sites\/17\/2020\/01\/Pierniki-2019-78.jpg\" data-link=\"https:\/\/instytutpolski.pl\/stockholm\/?attachment_id=1555\" class=\"wp-image-1555\" srcset=\"https:\/\/instytutpolski.pl\/stockholm\/wp-content\/uploads\/sites\/17\/2020\/01\/Pierniki-2019-78.jpg 1024w, https:\/\/instytutpolski.pl\/stockholm\/wp-content\/uploads\/sites\/17\/2020\/01\/Pierniki-2019-78-300x200.jpg 300w, https:\/\/instytutpolski.pl\/stockholm\/wp-content\/uploads\/sites\/17\/2020\/01\/Pierniki-2019-78-768x512.jpg 768w\" sizes=\"auto, (max-width: 1024px) 100vw, 1024px\" \/><\/a><\/figure><\/li><li class=\"blocks-gallery-item\"><figure><a href=\"https:\/\/instytutpolski.pl\/stockholm\/wp-content\/uploads\/sites\/17\/2020\/01\/Pierniki-2019-84.jpg\"><img loading=\"lazy\" decoding=\"async\" width=\"1024\" height=\"683\" src=\"https:\/\/instytutpolski.pl\/stockholm\/wp-content\/uploads\/sites\/17\/2020\/01\/Pierniki-2019-84.jpg\" alt=\"\" data-id=\"1556\" data-full-url=\"https:\/\/instytutpolski.pl\/stockholm\/wp-content\/uploads\/sites\/17\/2020\/01\/Pierniki-2019-84.jpg\" data-link=\"https:\/\/instytutpolski.pl\/stockholm\/?attachment_id=1556\" class=\"wp-image-1556\" srcset=\"https:\/\/instytutpolski.pl\/stockholm\/wp-content\/uploads\/sites\/17\/2020\/01\/Pierniki-2019-84.jpg 1024w, https:\/\/instytutpolski.pl\/stockholm\/wp-content\/uploads\/sites\/17\/2020\/01\/Pierniki-2019-84-300x200.jpg 300w, https:\/\/instytutpolski.pl\/stockholm\/wp-content\/uploads\/sites\/17\/2020\/01\/Pierniki-2019-84-768x512.jpg 768w\" sizes=\"auto, (max-width: 1024px) 100vw, 1024px\" \/><\/a><\/figure><\/li><li class=\"blocks-gallery-item\"><figure><a href=\"https:\/\/instytutpolski.pl\/stockholm\/wp-content\/uploads\/sites\/17\/2020\/01\/Pierniki-2019-114.jpg\"><img loading=\"lazy\" decoding=\"async\" width=\"1024\" height=\"683\" src=\"https:\/\/instytutpolski.pl\/stockholm\/wp-content\/uploads\/sites\/17\/2020\/01\/Pierniki-2019-114.jpg\" alt=\"\" data-id=\"1558\" data-full-url=\"https:\/\/instytutpolski.pl\/stockholm\/wp-content\/uploads\/sites\/17\/2020\/01\/Pierniki-2019-114.jpg\" data-link=\"https:\/\/instytutpolski.pl\/stockholm\/?attachment_id=1558\" class=\"wp-image-1558\" srcset=\"https:\/\/instytutpolski.pl\/stockholm\/wp-content\/uploads\/sites\/17\/2020\/01\/Pierniki-2019-114.jpg 1024w, https:\/\/instytutpolski.pl\/stockholm\/wp-content\/uploads\/sites\/17\/2020\/01\/Pierniki-2019-114-300x200.jpg 300w, https:\/\/instytutpolski.pl\/stockholm\/wp-content\/uploads\/sites\/17\/2020\/01\/Pierniki-2019-114-768x512.jpg 768w\" sizes=\"auto, (max-width: 1024px) 100vw, 1024px\" \/><\/a><\/figure><\/li><li class=\"blocks-gallery-item\"><figure><a href=\"https:\/\/instytutpolski.pl\/stockholm\/wp-content\/uploads\/sites\/17\/2020\/01\/Pierniki-2019-119.jpg\"><img loading=\"lazy\" decoding=\"async\" width=\"683\" height=\"1024\" src=\"https:\/\/instytutpolski.pl\/stockholm\/wp-content\/uploads\/sites\/17\/2020\/01\/Pierniki-2019-119.jpg\" alt=\"\" data-id=\"1559\" data-full-url=\"https:\/\/instytutpolski.pl\/stockholm\/wp-content\/uploads\/sites\/17\/2020\/01\/Pierniki-2019-119.jpg\" data-link=\"https:\/\/instytutpolski.pl\/stockholm\/?attachment_id=1559\" class=\"wp-image-1559\" srcset=\"https:\/\/instytutpolski.pl\/stockholm\/wp-content\/uploads\/sites\/17\/2020\/01\/Pierniki-2019-119.jpg 683w, https:\/\/instytutpolski.pl\/stockholm\/wp-content\/uploads\/sites\/17\/2020\/01\/Pierniki-2019-119-200x300.jpg 200w\" sizes=\"auto, (max-width: 683px) 100vw, 683px\" \/><\/a><\/figure><\/li><li class=\"blocks-gallery-item\"><figure><a href=\"https:\/\/instytutpolski.pl\/stockholm\/wp-content\/uploads\/sites\/17\/2020\/01\/Pierniki-2019-128.jpg\"><img loading=\"lazy\" decoding=\"async\" width=\"683\" height=\"1024\" src=\"https:\/\/instytutpolski.pl\/stockholm\/wp-content\/uploads\/sites\/17\/2020\/01\/Pierniki-2019-128.jpg\" alt=\"\" data-id=\"1560\" data-full-url=\"https:\/\/instytutpolski.pl\/stockholm\/wp-content\/uploads\/sites\/17\/2020\/01\/Pierniki-2019-128.jpg\" data-link=\"https:\/\/instytutpolski.pl\/stockholm\/?attachment_id=1560\" class=\"wp-image-1560\" srcset=\"https:\/\/instytutpolski.pl\/stockholm\/wp-content\/uploads\/sites\/17\/2020\/01\/Pierniki-2019-128.jpg 683w, https:\/\/instytutpolski.pl\/stockholm\/wp-content\/uploads\/sites\/17\/2020\/01\/Pierniki-2019-128-200x300.jpg 200w\" sizes=\"auto, (max-width: 683px) 100vw, 683px\" \/><\/a><\/figure><\/li><li class=\"blocks-gallery-item\"><figure><a href=\"https:\/\/instytutpolski.pl\/stockholm\/wp-content\/uploads\/sites\/17\/2020\/01\/Pierniki-2019-135.jpg\"><img loading=\"lazy\" decoding=\"async\" width=\"683\" height=\"1024\" src=\"https:\/\/instytutpolski.pl\/stockholm\/wp-content\/uploads\/sites\/17\/2020\/01\/Pierniki-2019-135.jpg\" alt=\"\" data-id=\"1561\" data-full-url=\"https:\/\/instytutpolski.pl\/stockholm\/wp-content\/uploads\/sites\/17\/2020\/01\/Pierniki-2019-135.jpg\" data-link=\"https:\/\/instytutpolski.pl\/stockholm\/?attachment_id=1561\" class=\"wp-image-1561\" srcset=\"https:\/\/instytutpolski.pl\/stockholm\/wp-content\/uploads\/sites\/17\/2020\/01\/Pierniki-2019-135.jpg 683w, https:\/\/instytutpolski.pl\/stockholm\/wp-content\/uploads\/sites\/17\/2020\/01\/Pierniki-2019-135-200x300.jpg 200w\" sizes=\"auto, (max-width: 683px) 100vw, 683px\" \/><\/a><\/figure><\/li><li class=\"blocks-gallery-item\"><figure><a href=\"https:\/\/instytutpolski.pl\/stockholm\/wp-content\/uploads\/sites\/17\/2020\/01\/Pierniki-2019-147.jpg\"><img loading=\"lazy\" decoding=\"async\" width=\"1024\" height=\"683\" src=\"https:\/\/instytutpolski.pl\/stockholm\/wp-content\/uploads\/sites\/17\/2020\/01\/Pierniki-2019-147.jpg\" alt=\"\" data-id=\"1562\" data-full-url=\"https:\/\/instytutpolski.pl\/stockholm\/wp-content\/uploads\/sites\/17\/2020\/01\/Pierniki-2019-147.jpg\" data-link=\"https:\/\/instytutpolski.pl\/stockholm\/?attachment_id=1562\" class=\"wp-image-1562\" srcset=\"https:\/\/instytutpolski.pl\/stockholm\/wp-content\/uploads\/sites\/17\/2020\/01\/Pierniki-2019-147.jpg 1024w, https:\/\/instytutpolski.pl\/stockholm\/wp-content\/uploads\/sites\/17\/2020\/01\/Pierniki-2019-147-300x200.jpg 300w, https:\/\/instytutpolski.pl\/stockholm\/wp-content\/uploads\/sites\/17\/2020\/01\/Pierniki-2019-147-768x512.jpg 768w\" sizes=\"auto, (max-width: 1024px) 100vw, 1024px\" \/><\/a><\/figure><\/li><li class=\"blocks-gallery-item\"><figure><a href=\"https:\/\/instytutpolski.pl\/stockholm\/wp-content\/uploads\/sites\/17\/2020\/01\/Pierniki-2019-224.jpg\"><img loading=\"lazy\" decoding=\"async\" width=\"683\" height=\"1024\" src=\"https:\/\/instytutpolski.pl\/stockholm\/wp-content\/uploads\/sites\/17\/2020\/01\/Pierniki-2019-224.jpg\" alt=\"\" data-id=\"1566\" data-full-url=\"https:\/\/instytutpolski.pl\/stockholm\/wp-content\/uploads\/sites\/17\/2020\/01\/Pierniki-2019-224.jpg\" data-link=\"https:\/\/instytutpolski.pl\/stockholm\/?attachment_id=1566\" class=\"wp-image-1566\" srcset=\"https:\/\/instytutpolski.pl\/stockholm\/wp-content\/uploads\/sites\/17\/2020\/01\/Pierniki-2019-224.jpg 683w, https:\/\/instytutpolski.pl\/stockholm\/wp-content\/uploads\/sites\/17\/2020\/01\/Pierniki-2019-224-200x300.jpg 200w\" sizes=\"auto, (max-width: 683px) 100vw, 683px\" \/><\/a><\/figure><\/li><li class=\"blocks-gallery-item\"><figure><a href=\"https:\/\/instytutpolski.pl\/stockholm\/wp-content\/uploads\/sites\/17\/2020\/01\/Pierniki-2019-183.jpg\"><img loading=\"lazy\" decoding=\"async\" width=\"683\" height=\"1024\" src=\"https:\/\/instytutpolski.pl\/stockholm\/wp-content\/uploads\/sites\/17\/2020\/01\/Pierniki-2019-183.jpg\" alt=\"\" data-id=\"1563\" data-full-url=\"https:\/\/instytutpolski.pl\/stockholm\/wp-content\/uploads\/sites\/17\/2020\/01\/Pierniki-2019-183.jpg\" data-link=\"https:\/\/instytutpolski.pl\/stockholm\/?attachment_id=1563\" class=\"wp-image-1563\" srcset=\"https:\/\/instytutpolski.pl\/stockholm\/wp-content\/uploads\/sites\/17\/2020\/01\/Pierniki-2019-183.jpg 683w, https:\/\/instytutpolski.pl\/stockholm\/wp-content\/uploads\/sites\/17\/2020\/01\/Pierniki-2019-183-200x300.jpg 200w\" sizes=\"auto, (max-width: 683px) 100vw, 683px\" \/><\/a><\/figure><\/li><li class=\"blocks-gallery-item\"><figure><a href=\"https:\/\/instytutpolski.pl\/stockholm\/wp-content\/uploads\/sites\/17\/2020\/01\/Pierniki-2019-186.jpg\"><img loading=\"lazy\" decoding=\"async\" width=\"1024\" height=\"683\" src=\"https:\/\/instytutpolski.pl\/stockholm\/wp-content\/uploads\/sites\/17\/2020\/01\/Pierniki-2019-186.jpg\" alt=\"\" data-id=\"1564\" data-full-url=\"https:\/\/instytutpolski.pl\/stockholm\/wp-content\/uploads\/sites\/17\/2020\/01\/Pierniki-2019-186.jpg\" data-link=\"https:\/\/instytutpolski.pl\/stockholm\/?attachment_id=1564\" class=\"wp-image-1564\" srcset=\"https:\/\/instytutpolski.pl\/stockholm\/wp-content\/uploads\/sites\/17\/2020\/01\/Pierniki-2019-186.jpg 1024w, https:\/\/instytutpolski.pl\/stockholm\/wp-content\/uploads\/sites\/17\/2020\/01\/Pierniki-2019-186-300x200.jpg 300w, https:\/\/instytutpolski.pl\/stockholm\/wp-content\/uploads\/sites\/17\/2020\/01\/Pierniki-2019-186-768x512.jpg 768w\" sizes=\"auto, (max-width: 1024px) 100vw, 1024px\" \/><\/a><\/figure><\/li><li class=\"blocks-gallery-item\"><figure><a href=\"https:\/\/instytutpolski.pl\/stockholm\/wp-content\/uploads\/sites\/17\/2020\/01\/Pierniki-2019-193.jpg\"><img loading=\"lazy\" decoding=\"async\" width=\"1024\" height=\"683\" src=\"https:\/\/instytutpolski.pl\/stockholm\/wp-content\/uploads\/sites\/17\/2020\/01\/Pierniki-2019-193.jpg\" alt=\"\" data-id=\"1565\" data-full-url=\"https:\/\/instytutpolski.pl\/stockholm\/wp-content\/uploads\/sites\/17\/2020\/01\/Pierniki-2019-193.jpg\" data-link=\"https:\/\/instytutpolski.pl\/stockholm\/?attachment_id=1565\" class=\"wp-image-1565\" srcset=\"https:\/\/instytutpolski.pl\/stockholm\/wp-content\/uploads\/sites\/17\/2020\/01\/Pierniki-2019-193.jpg 1024w, https:\/\/instytutpolski.pl\/stockholm\/wp-content\/uploads\/sites\/17\/2020\/01\/Pierniki-2019-193-300x200.jpg 300w, https:\/\/instytutpolski.pl\/stockholm\/wp-content\/uploads\/sites\/17\/2020\/01\/Pierniki-2019-193-768x512.jpg 768w\" sizes=\"auto, (max-width: 1024px) 100vw, 1024px\" \/><\/a><\/figure><\/li><li class=\"blocks-gallery-item\"><figure><a href=\"https:\/\/instytutpolski.pl\/stockholm\/wp-content\/uploads\/sites\/17\/2020\/01\/Pierniki-2019-251.jpg\"><img loading=\"lazy\" decoding=\"async\" width=\"1024\" height=\"683\" src=\"https:\/\/instytutpolski.pl\/stockholm\/wp-content\/uploads\/sites\/17\/2020\/01\/Pierniki-2019-251.jpg\" alt=\"\" data-id=\"1567\" data-full-url=\"https:\/\/instytutpolski.pl\/stockholm\/wp-content\/uploads\/sites\/17\/2020\/01\/Pierniki-2019-251.jpg\" data-link=\"https:\/\/instytutpolski.pl\/stockholm\/?attachment_id=1567\" class=\"wp-image-1567\" srcset=\"https:\/\/instytutpolski.pl\/stockholm\/wp-content\/uploads\/sites\/17\/2020\/01\/Pierniki-2019-251.jpg 1024w, https:\/\/instytutpolski.pl\/stockholm\/wp-content\/uploads\/sites\/17\/2020\/01\/Pierniki-2019-251-300x200.jpg 300w, https:\/\/instytutpolski.pl\/stockholm\/wp-content\/uploads\/sites\/17\/2020\/01\/Pierniki-2019-251-768x512.jpg 768w\" sizes=\"auto, (max-width: 1024px) 100vw, 1024px\" \/><\/a><\/figure><\/li><li class=\"blocks-gallery-item\"><figure><a href=\"https:\/\/instytutpolski.pl\/stockholm\/wp-content\/uploads\/sites\/17\/2020\/01\/Pierniki-2019-265.jpg\"><img loading=\"lazy\" decoding=\"async\" width=\"1024\" height=\"683\" src=\"https:\/\/instytutpolski.pl\/stockholm\/wp-content\/uploads\/sites\/17\/2020\/01\/Pierniki-2019-265.jpg\" alt=\"\" data-id=\"1568\" data-full-url=\"https:\/\/instytutpolski.pl\/stockholm\/wp-content\/uploads\/sites\/17\/2020\/01\/Pierniki-2019-265.jpg\" data-link=\"https:\/\/instytutpolski.pl\/stockholm\/?attachment_id=1568\" class=\"wp-image-1568\" srcset=\"https:\/\/instytutpolski.pl\/stockholm\/wp-content\/uploads\/sites\/17\/2020\/01\/Pierniki-2019-265.jpg 1024w, https:\/\/instytutpolski.pl\/stockholm\/wp-content\/uploads\/sites\/17\/2020\/01\/Pierniki-2019-265-300x200.jpg 300w, https:\/\/instytutpolski.pl\/stockholm\/wp-content\/uploads\/sites\/17\/2020\/01\/Pierniki-2019-265-768x512.jpg 768w\" sizes=\"auto, (max-width: 1024px) 100vw, 1024px\" \/><\/a><\/figure><\/li><\/ul><\/figure>\n","protected":false},"excerpt":{"rendered":"<p>De kunde \u00e4ven tr\u00e4ffa Kryddh\u00e4xan och M\u00e4ster Pepparkaksbagare samt f\u00e5 ett pepparkakshj\u00e4rta vackert dekorerat av de duktiga m\u00e5larna som hade kommit hela v\u00e4gen fr\u00e5n Toru\u0144. Den mysiga kv\u00e4llen, kryddad med pepparkaksdofter och \u2013smaker, blev en magisk b\u00f6rjan p\u00e5 jultiden. Stort tack till alla er som kom! Om du inte \u00e4n har hunnit att bes\u00f6ka Millesg\u00e5rdens [&hellip;]<\/p>\n","protected":false},"author":29,"featured_media":1546,"comment_status":"open","ping_status":"open","sticky":false,"template":"","format":"standard","meta":{"inline_featured_image":false,"_monsterinsights_skip_tracking":false,"_monsterinsights_sitenote_active":false,"_monsterinsights_sitenote_note":"","_monsterinsights_sitenote_category":0,"footnotes":""},"categories":[222,210],"tags":[],"class_list":["post-1545","post","type-post","status-publish","format-standard","has-post-thumbnail","hentry","category-aktualnosc-se","category-galeria-se"],"yoast_head":"<!-- This site is optimized with the Yoast SEO plugin v24.6 - https:\/\/yoast.com\/wordpress\/plugins\/seo\/ -->\n<title>Fotoreportage: Pepparkakshus fr\u00e5n Polen p\u00e5 Millesg\u00e5rden - Instytut Polski w Sztokholmie<\/title>\n<meta name=\"robots\" content=\"index, follow, max-snippet:-1, max-image-preview:large, max-video-preview:-1\" \/>\n<link rel=\"canonical\" href=\"https:\/\/instytutpolski.pl\/stockholm\/2019\/12\/23\/fotoreportage-pepparkakshus-fran-polen-pa-millesgarden\/\" \/>\n<meta property=\"og:locale\" content=\"pl_PL\" \/>\n<meta property=\"og:type\" content=\"article\" \/>\n<meta property=\"og:title\" content=\"Fotoreportage: Pepparkakshus fr\u00e5n Polen p\u00e5 Millesg\u00e5rden - Instytut Polski w Sztokholmie\" \/>\n<meta property=\"og:description\" content=\"De kunde \u00e4ven tr\u00e4ffa Kryddh\u00e4xan och M\u00e4ster Pepparkaksbagare samt f\u00e5 ett pepparkakshj\u00e4rta vackert dekorerat av de duktiga m\u00e5larna som hade kommit hela v\u00e4gen fr\u00e5n Toru\u0144. Den mysiga kv\u00e4llen, kryddad med pepparkaksdofter och \u2013smaker, blev en magisk b\u00f6rjan p\u00e5 jultiden. Stort tack till alla er som kom! Om du inte \u00e4n har hunnit att bes\u00f6ka Millesg\u00e5rdens [&hellip;]\" \/>\n<meta property=\"og:url\" content=\"https:\/\/instytutpolski.pl\/stockholm\/2019\/12\/23\/fotoreportage-pepparkakshus-fran-polen-pa-millesgarden\/\" \/>\n<meta property=\"og:site_name\" content=\"Instytut Polski w Sztokholmie\" \/>\n<meta property=\"article:published_time\" content=\"2019-12-23T15:55:00+00:00\" \/>\n<meta property=\"article:modified_time\" content=\"2021-07-23T11:07:00+00:00\" \/>\n<meta property=\"og:image\" content=\"https:\/\/instytutpolski.pl\/stockholm\/wp-content\/uploads\/sites\/17\/2020\/01\/Pierniki_relacja.jpg\" \/>\n\t<meta property=\"og:image:width\" content=\"1083\" \/>\n\t<meta property=\"og:image:height\" content=\"609\" \/>\n\t<meta property=\"og:image:type\" content=\"image\/jpeg\" \/>\n<meta name=\"author\" content=\"strozniake\" \/>\n<meta name=\"twitter:card\" content=\"summary_large_image\" \/>\n<meta name=\"twitter:label1\" content=\"Napisane przez\" \/>\n\t<meta name=\"twitter:data1\" content=\"strozniake\" \/>\n<script type=\"application\/ld+json\" class=\"yoast-schema-graph\">{\"@context\":\"https:\/\/schema.org\",\"@graph\":[{\"@type\":\"event\",\"@id\":\"https:\/\/instytutpolski.pl\/stockholm\/2019\/12\/23\/fotoreportage-pepparkakshus-fran-polen-pa-millesgarden\/\",\"url\":\"https:\/\/instytutpolski.pl\/stockholm\/2019\/12\/23\/fotoreportage-pepparkakshus-fran-polen-pa-millesgarden\/\",\"name\":\"Fotoreportage: Pepparkakshus fr\u00e5n Polen p\u00e5 Millesg\u00e5rden\",\"isPartOf\":{\"@id\":\"https:\/\/instytutpolski.pl\/stockholm\/#website\"},\"primaryImageOfPage\":{\"@id\":\"https:\/\/instytutpolski.pl\/stockholm\/2019\/12\/23\/fotoreportage-pepparkakshus-fran-polen-pa-millesgarden\/#primaryimage\"},\"image\":[\"https:\/\/instytutpolski.pl\/stockholm\/wp-content\/uploads\/sites\/17\/2020\/01\/Pierniki_relacja.jpg\",\"https:\/\/instytutpolski.pl\/stockholm\/wp-content\/uploads\/sites\/17\/2020\/01\/Pierniki_relacja-300x169.jpg\",\"https:\/\/instytutpolski.pl\/stockholm\/wp-content\/uploads\/sites\/17\/2020\/01\/Pierniki_relacja-1024x576.jpg\",\"https:\/\/instytutpolski.pl\/stockholm\/wp-content\/uploads\/sites\/17\/2020\/01\/Pierniki_relacja.jpg\"],\"thumbnailUrl\":\"https:\/\/instytutpolski.pl\/stockholm\/wp-content\/uploads\/sites\/17\/2020\/01\/Pierniki_relacja.jpg\",\"datePublished\":\"2019-12-23T15:55:00+02:00\",\"dateModified\":\"2021-07-23T11:07:00+02:00\",\"author\":{\"@id\":\"https:\/\/instytutpolski.pl\/stockholm\/#\/schema\/person\/062b5a5f61f32b17c98996975db8d556\"},\"breadcrumb\":{\"@id\":\"https:\/\/instytutpolski.pl\/stockholm\/2019\/12\/23\/fotoreportage-pepparkakshus-fran-polen-pa-millesgarden\/#breadcrumb\"},\"inLanguage\":\"pl-PL\",\"potentialAction\":[{\"@type\":\"ReadAction\",\"target\":[\"https:\/\/instytutpolski.pl\/stockholm\/2019\/12\/23\/fotoreportage-pepparkakshus-fran-polen-pa-millesgarden\/\"]}],\"@context\":\"https:\/\/schema.org\",\"startDate\":\"2019-11-23\",\"endDate\":\"2019-11-23\",\"eventStatus\":\"EventScheduled\",\"eventAttendanceMode\":\"OfflineEventAttendanceMode\",\"location\":{\"@type\":\"place\",\"name\":\"\",\"address\":\"\",\"geo\":{\"@type\":\"GeoCoordinates\",\"latitude\":\"\",\"longitude\":\"\"}},\"description\":\"De kunde \u00e4ven tr\u00e4ffa Kryddh\u00e4xan och M\u00e4ster Pepparkaksbagare samt f\u00e5 ett \\npepparkakshj\u00e4rta vackert dekorerat av de duktiga m\u00e5larna som hade kommit\\n hela v\u00e4gen fr\u00e5n Toru\u0144. Den mysiga kv\u00e4llen, kryddad med pepparkaksdofter\\n och \u2013smaker, blev en magisk b\u00f6rjan p\u00e5 jultiden. Stort tack till alla er\\n som kom!\\nOm du inte \u00e4n har hunnit att bes\u00f6ka Millesg\u00e5rdens \\nkonstn\u00e4rshem d\u00e4r utst\u00e4llningen visas oroa dig inte \u2013 du har tid t o m 12\\n januari 2020.\\nMer om utst\u00e4llningen har.\\nFoton: Pawe\u0142 Kania\"},{\"@type\":\"ImageObject\",\"inLanguage\":\"pl-PL\",\"@id\":\"https:\/\/instytutpolski.pl\/stockholm\/2019\/12\/23\/fotoreportage-pepparkakshus-fran-polen-pa-millesgarden\/#primaryimage\",\"url\":\"https:\/\/instytutpolski.pl\/stockholm\/wp-content\/uploads\/sites\/17\/2020\/01\/Pierniki_relacja.jpg\",\"contentUrl\":\"https:\/\/instytutpolski.pl\/stockholm\/wp-content\/uploads\/sites\/17\/2020\/01\/Pierniki_relacja.jpg\",\"width\":1083,\"height\":609},{\"@type\":\"BreadcrumbList\",\"@id\":\"https:\/\/instytutpolski.pl\/stockholm\/2019\/12\/23\/fotoreportage-pepparkakshus-fran-polen-pa-millesgarden\/#breadcrumb\",\"itemListElement\":[{\"@type\":\"ListItem\",\"position\":1,\"name\":\"Home\",\"item\":\"https:\/\/instytutpolski.pl\/stockholm\/\"},{\"@type\":\"ListItem\",\"position\":2,\"name\":\"Fotoreportage: Pepparkakshus fr\u00e5n Polen p\u00e5 Millesg\u00e5rden\"}]},{\"@type\":\"WebSite\",\"@id\":\"https:\/\/instytutpolski.pl\/stockholm\/#website\",\"url\":\"https:\/\/instytutpolski.pl\/stockholm\/\",\"name\":\"Instytut Polski w Sztokholmie\",\"description\":\"Instytuty Polskie\",\"potentialAction\":[{\"@type\":\"SearchAction\",\"target\":{\"@type\":\"EntryPoint\",\"urlTemplate\":\"https:\/\/instytutpolski.pl\/stockholm\/?s={search_term_string}\"},\"query-input\":{\"@type\":\"PropertyValueSpecification\",\"valueRequired\":true,\"valueName\":\"search_term_string\"}}],\"inLanguage\":\"pl-PL\"},{\"@type\":\"Person\",\"@id\":\"https:\/\/instytutpolski.pl\/stockholm\/#\/schema\/person\/062b5a5f61f32b17c98996975db8d556\",\"name\":\"strozniake\",\"image\":{\"@type\":\"ImageObject\",\"inLanguage\":\"pl-PL\",\"@id\":\"https:\/\/instytutpolski.pl\/stockholm\/#\/schema\/person\/image\/\",\"url\":\"https:\/\/secure.gravatar.com\/avatar\/25e0be9897787f9035155a882fde97cc?s=96&d=mm&r=g\",\"contentUrl\":\"https:\/\/secure.gravatar.com\/avatar\/25e0be9897787f9035155a882fde97cc?s=96&d=mm&r=g\",\"caption\":\"strozniake\"},\"sameAs\":[\"http:\/\/strozniake\"],\"url\":\"https:\/\/instytutpolski.pl\/stockholm\/author\/strozniake\/\"}]}<\/script>\n<!-- \/ Yoast SEO plugin. -->","yoast_head_json":{"title":"Fotoreportage: Pepparkakshus fr\u00e5n Polen p\u00e5 Millesg\u00e5rden - Instytut Polski w Sztokholmie","robots":{"index":"index","follow":"follow","max-snippet":"max-snippet:-1","max-image-preview":"max-image-preview:large","max-video-preview":"max-video-preview:-1"},"canonical":"https:\/\/instytutpolski.pl\/stockholm\/2019\/12\/23\/fotoreportage-pepparkakshus-fran-polen-pa-millesgarden\/","og_locale":"pl_PL","og_type":"article","og_title":"Fotoreportage: Pepparkakshus fr\u00e5n Polen p\u00e5 Millesg\u00e5rden - Instytut Polski w Sztokholmie","og_description":"De kunde \u00e4ven tr\u00e4ffa Kryddh\u00e4xan och M\u00e4ster Pepparkaksbagare samt f\u00e5 ett pepparkakshj\u00e4rta vackert dekorerat av de duktiga m\u00e5larna som hade kommit hela v\u00e4gen fr\u00e5n Toru\u0144. Den mysiga kv\u00e4llen, kryddad med pepparkaksdofter och \u2013smaker, blev en magisk b\u00f6rjan p\u00e5 jultiden. Stort tack till alla er som kom! Om du inte \u00e4n har hunnit att bes\u00f6ka Millesg\u00e5rdens [&hellip;]","og_url":"https:\/\/instytutpolski.pl\/stockholm\/2019\/12\/23\/fotoreportage-pepparkakshus-fran-polen-pa-millesgarden\/","og_site_name":"Instytut Polski w Sztokholmie","article_published_time":"2019-12-23T15:55:00+00:00","article_modified_time":"2021-07-23T11:07:00+00:00","og_image":[{"width":1083,"height":609,"url":"https:\/\/instytutpolski.pl\/stockholm\/wp-content\/uploads\/sites\/17\/2020\/01\/Pierniki_relacja.jpg","type":"image\/jpeg"}],"author":"strozniake","twitter_card":"summary_large_image","twitter_misc":{"Napisane przez":"strozniake"},"schema":{"@context":"https:\/\/schema.org","@graph":[{"@type":"event","@id":"https:\/\/instytutpolski.pl\/stockholm\/2019\/12\/23\/fotoreportage-pepparkakshus-fran-polen-pa-millesgarden\/","url":"https:\/\/instytutpolski.pl\/stockholm\/2019\/12\/23\/fotoreportage-pepparkakshus-fran-polen-pa-millesgarden\/","name":"Fotoreportage: Pepparkakshus fr\u00e5n Polen p\u00e5 Millesg\u00e5rden","isPartOf":{"@id":"https:\/\/instytutpolski.pl\/stockholm\/#website"},"primaryImageOfPage":{"@id":"https:\/\/instytutpolski.pl\/stockholm\/2019\/12\/23\/fotoreportage-pepparkakshus-fran-polen-pa-millesgarden\/#primaryimage"},"image":["https:\/\/instytutpolski.pl\/stockholm\/wp-content\/uploads\/sites\/17\/2020\/01\/Pierniki_relacja.jpg","https:\/\/instytutpolski.pl\/stockholm\/wp-content\/uploads\/sites\/17\/2020\/01\/Pierniki_relacja-300x169.jpg","https:\/\/instytutpolski.pl\/stockholm\/wp-content\/uploads\/sites\/17\/2020\/01\/Pierniki_relacja-1024x576.jpg","https:\/\/instytutpolski.pl\/stockholm\/wp-content\/uploads\/sites\/17\/2020\/01\/Pierniki_relacja.jpg"],"thumbnailUrl":"https:\/\/instytutpolski.pl\/stockholm\/wp-content\/uploads\/sites\/17\/2020\/01\/Pierniki_relacja.jpg","datePublished":"2019-12-23T15:55:00+02:00","dateModified":"2021-07-23T11:07:00+02:00","author":{"@id":"https:\/\/instytutpolski.pl\/stockholm\/#\/schema\/person\/062b5a5f61f32b17c98996975db8d556"},"breadcrumb":{"@id":"https:\/\/instytutpolski.pl\/stockholm\/2019\/12\/23\/fotoreportage-pepparkakshus-fran-polen-pa-millesgarden\/#breadcrumb"},"inLanguage":"pl-PL","potentialAction":[{"@type":"ReadAction","target":["https:\/\/instytutpolski.pl\/stockholm\/2019\/12\/23\/fotoreportage-pepparkakshus-fran-polen-pa-millesgarden\/"]}],"@context":"https:\/\/schema.org","startDate":"2019-11-23","endDate":"2019-11-23","eventStatus":"EventScheduled","eventAttendanceMode":"OfflineEventAttendanceMode","location":{"@type":"place","name":"","address":"","geo":{"@type":"GeoCoordinates","latitude":"","longitude":""}},"description":"De kunde \u00e4ven tr\u00e4ffa Kryddh\u00e4xan och M\u00e4ster Pepparkaksbagare samt f\u00e5 ett \npepparkakshj\u00e4rta vackert dekorerat av de duktiga m\u00e5larna som hade kommit\n hela v\u00e4gen fr\u00e5n Toru\u0144. Den mysiga kv\u00e4llen, kryddad med pepparkaksdofter\n och \u2013smaker, blev en magisk b\u00f6rjan p\u00e5 jultiden. Stort tack till alla er\n som kom!\nOm du inte \u00e4n har hunnit att bes\u00f6ka Millesg\u00e5rdens \nkonstn\u00e4rshem d\u00e4r utst\u00e4llningen visas oroa dig inte \u2013 du har tid t o m 12\n januari 2020.\nMer om utst\u00e4llningen har.\nFoton: Pawe\u0142 Kania"},{"@type":"ImageObject","inLanguage":"pl-PL","@id":"https:\/\/instytutpolski.pl\/stockholm\/2019\/12\/23\/fotoreportage-pepparkakshus-fran-polen-pa-millesgarden\/#primaryimage","url":"https:\/\/instytutpolski.pl\/stockholm\/wp-content\/uploads\/sites\/17\/2020\/01\/Pierniki_relacja.jpg","contentUrl":"https:\/\/instytutpolski.pl\/stockholm\/wp-content\/uploads\/sites\/17\/2020\/01\/Pierniki_relacja.jpg","width":1083,"height":609},{"@type":"BreadcrumbList","@id":"https:\/\/instytutpolski.pl\/stockholm\/2019\/12\/23\/fotoreportage-pepparkakshus-fran-polen-pa-millesgarden\/#breadcrumb","itemListElement":[{"@type":"ListItem","position":1,"name":"Home","item":"https:\/\/instytutpolski.pl\/stockholm\/"},{"@type":"ListItem","position":2,"name":"Fotoreportage: Pepparkakshus fr\u00e5n Polen p\u00e5 Millesg\u00e5rden"}]},{"@type":"WebSite","@id":"https:\/\/instytutpolski.pl\/stockholm\/#website","url":"https:\/\/instytutpolski.pl\/stockholm\/","name":"Instytut Polski w Sztokholmie","description":"Instytuty Polskie","potentialAction":[{"@type":"SearchAction","target":{"@type":"EntryPoint","urlTemplate":"https:\/\/instytutpolski.pl\/stockholm\/?s={search_term_string}"},"query-input":{"@type":"PropertyValueSpecification","valueRequired":true,"valueName":"search_term_string"}}],"inLanguage":"pl-PL"},{"@type":"Person","@id":"https:\/\/instytutpolski.pl\/stockholm\/#\/schema\/person\/062b5a5f61f32b17c98996975db8d556","name":"strozniake","image":{"@type":"ImageObject","inLanguage":"pl-PL","@id":"https:\/\/instytutpolski.pl\/stockholm\/#\/schema\/person\/image\/","url":"https:\/\/secure.gravatar.com\/avatar\/25e0be9897787f9035155a882fde97cc?s=96&d=mm&r=g","contentUrl":"https:\/\/secure.gravatar.com\/avatar\/25e0be9897787f9035155a882fde97cc?s=96&d=mm&r=g","caption":"strozniake"},"sameAs":["http:\/\/strozniake"],"url":"https:\/\/instytutpolski.pl\/stockholm\/author\/strozniake\/"}]}},"_links":{"self":[{"href":"https:\/\/instytutpolski.pl\/stockholm\/wp-json\/wp\/v2\/posts\/1545","targetHints":{"allow":["GET"]}}],"collection":[{"href":"https:\/\/instytutpolski.pl\/stockholm\/wp-json\/wp\/v2\/posts"}],"about":[{"href":"https:\/\/instytutpolski.pl\/stockholm\/wp-json\/wp\/v2\/types\/post"}],"author":[{"embeddable":true,"href":"https:\/\/instytutpolski.pl\/stockholm\/wp-json\/wp\/v2\/users\/29"}],"replies":[{"embeddable":true,"href":"https:\/\/instytutpolski.pl\/stockholm\/wp-json\/wp\/v2\/comments?post=1545"}],"version-history":[{"count":5,"href":"https:\/\/instytutpolski.pl\/stockholm\/wp-json\/wp\/v2\/posts\/1545\/revisions"}],"predecessor-version":[{"id":5996,"href":"https:\/\/instytutpolski.pl\/stockholm\/wp-json\/wp\/v2\/posts\/1545\/revisions\/5996"}],"wp:featuredmedia":[{"embeddable":true,"href":"https:\/\/instytutpolski.pl\/stockholm\/wp-json\/wp\/v2\/media\/1546"}],"wp:attachment":[{"href":"https:\/\/instytutpolski.pl\/stockholm\/wp-json\/wp\/v2\/media?parent=1545"}],"wp:term":[{"taxonomy":"category","embeddable":true,"href":"https:\/\/instytutpolski.pl\/stockholm\/wp-json\/wp\/v2\/categories?post=1545"},{"taxonomy":"post_tag","embeddable":true,"href":"https:\/\/instytutpolski.pl\/stockholm\/wp-json\/wp\/v2\/tags?post=1545"}],"curies":[{"name":"wp","href":"https:\/\/api.w.org\/{rel}","templated":true}]}}