{"id":15455,"date":"2026-04-27T16:30:04","date_gmt":"2026-04-27T14:30:04","guid":{"rendered":"https:\/\/instytutpolski.pl\/stockholm\/?p=15455"},"modified":"2026-04-27T16:32:56","modified_gmt":"2026-04-27T14:32:56","slug":"praca-w-instytucie-polskim-w-sztokholmie","status":"publish","type":"post","link":"https:\/\/instytutpolski.pl\/stockholm\/2026\/04\/27\/praca-w-instytucie-polskim-w-sztokholmie\/","title":{"rendered":"Praca w Instytucie Polskim w Sztokholmie!"},"content":{"rendered":"\n<p>Do wsparcia niewielkiego, ambitnego zespo\u0142u poszukujemy kandydat\u00f3w i kandydatek, kt\u00f3rzy z zaanga\u017cowaniem podj\u0119liby prac\u0119 na stanowisku:&nbsp;<\/p>\n\n\n\n<p><strong>Koordynatora\/Koordynatorki projekt\u00f3w z obszaru&nbsp;przemys\u0142\u00f3w kreatywnych, kultury cyfrowej i komunikacji<\/strong>&nbsp;<br>w ramach zatrudnienia na 4\/5 etatu \u2013 32 godzin tygodniowo. Rozpocz\u0119cie pracy: sierpie\u0144 2026.<\/p>\n\n\n\n<p><strong>Do zada\u0144 osoby<\/strong>, kt\u00f3rej poszukujemy, nale\u017ce\u0107 b\u0119dzie m.in.:<\/p>\n\n\n\n<ul class=\"wp-block-list\">\n<li>wsp\u00f3\u0142praca z polskimi i szwedzkimi partnerami, w tym artystami, kuratorami, mened\u017cerami i instytucjami kultury, w szczeg\u00f3lno\u015bci w zakresie realizacji projekt\u00f3w i wydarze\u0144 z obszaru przemys\u0142\u00f3w kreatywnych (design, moda, muzyka, film, gaming), kultury cyfrowej i komunikacji (media spo\u0142eczno\u015bciowe)<\/li>\n\n\n\n<li>systematyczne poszerzanie\u00a0sieci kontakt\u00f3w i \u015bledzenie trend\u00f3w w obszarze przemys\u0142\u00f3w kreatywnych w krajach nordyckich\u00a0i w Polsce<\/li>\n\n\n\n<li>wsp\u00f3\u0142tworzenie strategii programowej IP<\/li>\n\n\n\n<li>planowanie, realizacja, rozliczanie oraz ewaluacja projekt\u00f3w zgodnie z obowi\u0105zuj\u0105cymi w Instytucie Polskim w Sztokholmie\u00a0procedurami i regulacjami<\/li>\n\n\n\n<li>realizacja projekt\u00f3w, dzia\u0142a\u0144 i wydarze\u0144 zakresie przemys\u0142\u00f3w kreatywnych i komunikacji organizowanych lub wsp\u00f3\u0142organizowanych przez Instytut Polski w Sztokholmie:<br>\u2013 opracowywanie koncepcji projekt\u00f3w<br>\u2013 przygotowywanie, prowadzenie i kontrola bud\u017cet\u00f3w projekt\u00f3w<br>\u2013 prowadzenie dokumentacji projektowej w elektronicznym systemie zarz\u0105dzania projektami<\/li>\n<\/ul>\n\n\n\n<ul class=\"wp-block-list\">\n<li>organizacja i realizacja wizyt studyjnych w Polsce<\/li>\n\n\n\n<li>przygotowywanie um\u00f3w oraz zam\u00f3wie\u0144, nadz\u00f3r nad realizacj\u0105 um\u00f3w, rozliczanie faktur, przygotowywanie sprawozda\u0144 oraz archiwizacja dokumentacji zgodnie z obowi\u0105zuj\u0105cymi procedurami<\/li>\n\n\n\n<li>wsp\u00f3\u0142praca w ramach zespo\u0142u Instytutu Polskiego w Sztokholmie w realizacji zada\u0144<\/li>\n\n\n\n<li>nadz\u00f3r nad dzia\u0142aniami komunikacyjnymi IP w Sztokholmie, w tym tworzenie anga\u017cuj\u0105cych tre\u015bci do medi\u00f3w spo\u0142eczno\u015bciowych i na stron\u0119 internetow\u0105 (grafika, rolki, video, zdj\u0119cia)<\/li>\n\n\n\n<li>monitoring szwedzkich medi\u00f3w<\/li>\n\n\n\n<li>monitoring medi\u00f3w spo\u0142eczno\u015bciowych i informacji z Polski (kultura, sztuka, spo\u0142ecze\u0144stwo, lifestyle)<\/li>\n\n\n\n<li>przygotowywanie cyklicznego newslettera<\/li>\n<\/ul>\n\n\n\n<p><strong>Od kandydatek i kandydat\u00f3w oczekujemy:<\/strong><\/p>\n\n\n\n<ul class=\"wp-block-list\">\n<li>szerokiej wiedzy z zakresu przemys\u0142\u00f3w kreatywnych i nowoczesnej komunikacji<\/li>\n\n\n\n<li>dobrej znajomo\u015bci polskiej sceny kulturalnej w zakresie interdyscyplinarnym<\/li>\n\n\n\n<li>znajomo\u015bci szwedzkiej sceny kulturalnej, w tym instytucji i wydarze\u0144\u00a0<\/li>\n\n\n\n<li>do\u015bwiadczenia w zarz\u0105dzaniu projektami kulturalnymi<\/li>\n\n\n\n<li>do\u015bwiadczenia w prowadzeniu medi\u00f3w spo\u0142eczno\u015bciowych, strony internetowej i newslettera<\/li>\n\n\n\n<li>do\u015bwiadczenia we wsp\u00f3\u0142pracy z polskimi oraz zagranicznymi instytucjami kultury<\/li>\n\n\n\n<li>bieg\u0142ej znajomo\u015bci j\u0119zyka polskiego, szwedzkiego i angielskiego w mowie i pi\u015bmie<\/li>\n\n\n\n<li>wykszta\u0142cenia wy\u017cszego \u2013 preferowane kierunki: komunikacja, kulturoznawstwo lub pokrewne<\/li>\n\n\n\n<li>wysokich kompetencji komunikacyjnych oraz swobody w nawi\u0105zywaniu i podtrzymywaniu kontakt\u00f3w<\/li>\n\n\n\n<li>wysokiej kultury osobistej<\/li>\n\n\n\n<li>kreatywno\u015bci, elastyczno\u015bci, samodzielno\u015bci oraz inicjatywy w dzia\u0142aniu i rozwi\u0105zywaniu problem\u00f3w<\/li>\n\n\n\n<li>bardzo dobrych zdolno\u015bci organizacyjnych oraz umiej\u0119tno\u015bci pracy zespo\u0142owej<\/li>\n\n\n\n<li>mile widziana znajomo\u015b\u0107 przepis\u00f3w dotycz\u0105cych prawa autorskiego<\/li>\n<\/ul>\n\n\n\n<p><strong><br>Oferujemy:<\/strong><\/p>\n\n\n\n<ul class=\"wp-block-list\">\n<li>zatrudnienie na podstawie umowy o prac\u0119<\/li>\n\n\n\n<li>ciekaw\u0105 prac\u0119 w zespole zaanga\u017cowanych i do\u015bwiadczonych specjalist\u00f3w\u00a0<\/li>\n\n\n\n<li>wsparcie w rozwoju kompetencji zawodowych (szkolenia, konferencje, delegacje)<\/li>\n\n\n\n<li>mo\u017cliwo\u015b\u0107 zdobywania nowych, warto\u015bciowych do\u015bwiadcze\u0144 w instytucji realizuj\u0105cej mi\u0119dzynarodowe projekty w obszarze kultury, sztuki i spraw spo\u0142ecznych<\/li>\n\n\n\n<li>prac\u0119 w nowym biurze zlokalizowanym w dzielnicy \u00d6stermalm, z dogodnym dost\u0119pem do komunikacji miejskiej<\/li>\n<\/ul>\n\n\n\n<p>W celu zaaplikowania na stanowisko, prosimy przes\u0142a\u0107&nbsp;<strong>list motywacyjny<\/strong>&nbsp;oraz&nbsp;<strong>CV<\/strong>&nbsp;na adres:&nbsp;<a href=\"mailto:sztokholm.ip.sekretariat@msz.gov.pl\">sztokholm.ip.sekretariat@msz.gov.pl<\/a><strong>&nbsp;do dnia 17.05.2026.<\/strong><\/p>\n\n\n\n<p>Skontaktujemy si\u0119 z wybranymi kandydatami w celu odbycia rozmowy kwalifikacyjnej, kt\u00f3ra odb\u0119dzie si\u0119&nbsp;pomi\u0119dzy 1-3 czerwca br.&nbsp;O zako\u0144czeniu rekrutacji powiadomimy wszystkie osoby aplikuj\u0105ce.<\/p>\n","protected":false},"excerpt":{"rendered":"<p>Do wsparcia niewielkiego, ambitnego zespo\u0142u poszukujemy kandydat\u00f3w i kandydatek, kt\u00f3rzy z zaanga\u017cowaniem podj\u0119liby prac\u0119 na stanowisku:&nbsp; Koordynatora\/Koordynatorki projekt\u00f3w z obszaru&nbsp;przemys\u0142\u00f3w kreatywnych, kultury cyfrowej i komunikacji&nbsp;w ramach zatrudnienia na 4\/5 etatu \u2013 32 godzin tygodniowo. Rozpocz\u0119cie pracy: sierpie\u0144 2026. Do zada\u0144 osoby, kt\u00f3rej poszukujemy, nale\u017ce\u0107 b\u0119dzie m.in.: Od kandydatek i kandydat\u00f3w oczekujemy: Oferujemy: W celu zaaplikowania [&hellip;]<\/p>\n","protected":false},"author":173,"featured_media":9323,"comment_status":"closed","ping_status":"closed","sticky":false,"template":"","format":"standard","meta":{"inline_featured_image":false,"_monsterinsights_skip_tracking":false,"_monsterinsights_sitenote_active":false,"_monsterinsights_sitenote_note":"","_monsterinsights_sitenote_category":0,"footnotes":""},"categories":[549,318],"tags":[],"class_list":["post-15455","post","type-post","status-publish","format-standard","has-post-thumbnail","hentry","category-aktualnosc-pl-sv","category-artykuly-se"],"yoast_head":"<!-- This site is optimized with the Yoast SEO plugin v24.6 - https:\/\/yoast.com\/wordpress\/plugins\/seo\/ -->\n<title>Praca w Instytucie Polskim w Sztokholmie! - Instytut Polski w Sztokholmie<\/title>\n<meta name=\"robots\" content=\"index, follow, max-snippet:-1, max-image-preview:large, max-video-preview:-1\" \/>\n<link rel=\"canonical\" href=\"https:\/\/instytutpolski.pl\/stockholm\/2026\/04\/27\/praca-w-instytucie-polskim-w-sztokholmie\/\" \/>\n<meta property=\"og:locale\" content=\"pl_PL\" \/>\n<meta property=\"og:type\" content=\"article\" \/>\n<meta property=\"og:title\" content=\"Praca w Instytucie Polskim w Sztokholmie! - Instytut Polski w Sztokholmie\" \/>\n<meta property=\"og:description\" content=\"Do wsparcia niewielkiego, ambitnego zespo\u0142u poszukujemy kandydat\u00f3w i kandydatek, kt\u00f3rzy z zaanga\u017cowaniem podj\u0119liby prac\u0119 na stanowisku:&nbsp; Koordynatora\/Koordynatorki projekt\u00f3w z obszaru&nbsp;przemys\u0142\u00f3w kreatywnych, kultury cyfrowej i komunikacji&nbsp;w ramach zatrudnienia na 4\/5 etatu \u2013 32 godzin tygodniowo. Rozpocz\u0119cie pracy: sierpie\u0144 2026. Do zada\u0144 osoby, kt\u00f3rej poszukujemy, nale\u017ce\u0107 b\u0119dzie m.in.: Od kandydatek i kandydat\u00f3w oczekujemy: Oferujemy: W celu zaaplikowania [&hellip;]\" \/>\n<meta property=\"og:url\" content=\"https:\/\/instytutpolski.pl\/stockholm\/2026\/04\/27\/praca-w-instytucie-polskim-w-sztokholmie\/\" \/>\n<meta property=\"og:site_name\" content=\"Instytut Polski w Sztokholmie\" \/>\n<meta property=\"article:published_time\" content=\"2026-04-27T14:30:04+00:00\" \/>\n<meta property=\"article:modified_time\" content=\"2026-04-27T14:32:56+00:00\" \/>\n<meta property=\"og:image\" content=\"https:\/\/instytutpolski.pl\/stockholm\/wp-content\/uploads\/sites\/17\/2022\/09\/logo-ip.jpg\" \/>\n\t<meta property=\"og:image:width\" content=\"2000\" \/>\n\t<meta property=\"og:image:height\" content=\"1125\" \/>\n\t<meta property=\"og:image:type\" content=\"image\/jpeg\" \/>\n<meta name=\"author\" content=\"treichelp\" \/>\n<meta name=\"twitter:card\" content=\"summary_large_image\" \/>\n<meta name=\"twitter:label1\" content=\"Napisane przez\" \/>\n\t<meta name=\"twitter:data1\" content=\"treichelp\" \/>\n\t<meta name=\"twitter:label2\" content=\"Szacowany czas czytania\" \/>\n\t<meta name=\"twitter:data2\" content=\"3 minuty\" \/>\n<script type=\"application\/ld+json\" class=\"yoast-schema-graph\">{\"@context\":\"https:\/\/schema.org\",\"@graph\":[{\"@type\":\"WebPage\",\"@id\":\"https:\/\/instytutpolski.pl\/stockholm\/2026\/04\/27\/praca-w-instytucie-polskim-w-sztokholmie\/\",\"url\":\"https:\/\/instytutpolski.pl\/stockholm\/2026\/04\/27\/praca-w-instytucie-polskim-w-sztokholmie\/\",\"name\":\"Praca w Instytucie Polskim w Sztokholmie! - Instytut Polski w Sztokholmie\",\"isPartOf\":{\"@id\":\"https:\/\/instytutpolski.pl\/stockholm\/#website\"},\"primaryImageOfPage\":{\"@id\":\"https:\/\/instytutpolski.pl\/stockholm\/2026\/04\/27\/praca-w-instytucie-polskim-w-sztokholmie\/#primaryimage\"},\"image\":{\"@id\":\"https:\/\/instytutpolski.pl\/stockholm\/2026\/04\/27\/praca-w-instytucie-polskim-w-sztokholmie\/#primaryimage\"},\"thumbnailUrl\":\"https:\/\/instytutpolski.pl\/stockholm\/wp-content\/uploads\/sites\/17\/2022\/09\/logo-ip.jpg\",\"datePublished\":\"2026-04-27T14:30:04+00:00\",\"dateModified\":\"2026-04-27T14:32:56+00:00\",\"author\":{\"@id\":\"https:\/\/instytutpolski.pl\/stockholm\/#\/schema\/person\/866a2c0f4ccf0982a286809684f7bc1e\"},\"breadcrumb\":{\"@id\":\"https:\/\/instytutpolski.pl\/stockholm\/2026\/04\/27\/praca-w-instytucie-polskim-w-sztokholmie\/#breadcrumb\"},\"inLanguage\":\"pl-PL\",\"potentialAction\":[{\"@type\":\"ReadAction\",\"target\":[\"https:\/\/instytutpolski.pl\/stockholm\/2026\/04\/27\/praca-w-instytucie-polskim-w-sztokholmie\/\"]}]},{\"@type\":\"ImageObject\",\"inLanguage\":\"pl-PL\",\"@id\":\"https:\/\/instytutpolski.pl\/stockholm\/2026\/04\/27\/praca-w-instytucie-polskim-w-sztokholmie\/#primaryimage\",\"url\":\"https:\/\/instytutpolski.pl\/stockholm\/wp-content\/uploads\/sites\/17\/2022\/09\/logo-ip.jpg\",\"contentUrl\":\"https:\/\/instytutpolski.pl\/stockholm\/wp-content\/uploads\/sites\/17\/2022\/09\/logo-ip.jpg\",\"width\":2000,\"height\":1125},{\"@type\":\"BreadcrumbList\",\"@id\":\"https:\/\/instytutpolski.pl\/stockholm\/2026\/04\/27\/praca-w-instytucie-polskim-w-sztokholmie\/#breadcrumb\",\"itemListElement\":[{\"@type\":\"ListItem\",\"position\":1,\"name\":\"Home\",\"item\":\"https:\/\/instytutpolski.pl\/stockholm\/\"},{\"@type\":\"ListItem\",\"position\":2,\"name\":\"Praca w Instytucie Polskim w Sztokholmie!\"}]},{\"@type\":\"WebSite\",\"@id\":\"https:\/\/instytutpolski.pl\/stockholm\/#website\",\"url\":\"https:\/\/instytutpolski.pl\/stockholm\/\",\"name\":\"Instytut Polski w Sztokholmie\",\"description\":\"Instytuty Polskie\",\"potentialAction\":[{\"@type\":\"SearchAction\",\"target\":{\"@type\":\"EntryPoint\",\"urlTemplate\":\"https:\/\/instytutpolski.pl\/stockholm\/?s={search_term_string}\"},\"query-input\":{\"@type\":\"PropertyValueSpecification\",\"valueRequired\":true,\"valueName\":\"search_term_string\"}}],\"inLanguage\":\"pl-PL\"},{\"@type\":\"Person\",\"@id\":\"https:\/\/instytutpolski.pl\/stockholm\/#\/schema\/person\/866a2c0f4ccf0982a286809684f7bc1e\",\"name\":\"treichelp\",\"image\":{\"@type\":\"ImageObject\",\"inLanguage\":\"pl-PL\",\"@id\":\"https:\/\/instytutpolski.pl\/stockholm\/#\/schema\/person\/image\/\",\"url\":\"https:\/\/secure.gravatar.com\/avatar\/fb2c1caae0df0854742a56fc463dd1fb?s=96&d=mm&r=g\",\"contentUrl\":\"https:\/\/secure.gravatar.com\/avatar\/fb2c1caae0df0854742a56fc463dd1fb?s=96&d=mm&r=g\",\"caption\":\"treichelp\"},\"url\":\"https:\/\/instytutpolski.pl\/stockholm\/author\/treichelp\/\"}]}<\/script>\n<!-- \/ Yoast SEO plugin. -->","yoast_head_json":{"title":"Praca w Instytucie Polskim w Sztokholmie! - Instytut Polski w Sztokholmie","robots":{"index":"index","follow":"follow","max-snippet":"max-snippet:-1","max-image-preview":"max-image-preview:large","max-video-preview":"max-video-preview:-1"},"canonical":"https:\/\/instytutpolski.pl\/stockholm\/2026\/04\/27\/praca-w-instytucie-polskim-w-sztokholmie\/","og_locale":"pl_PL","og_type":"article","og_title":"Praca w Instytucie Polskim w Sztokholmie! - Instytut Polski w Sztokholmie","og_description":"Do wsparcia niewielkiego, ambitnego zespo\u0142u poszukujemy kandydat\u00f3w i kandydatek, kt\u00f3rzy z zaanga\u017cowaniem podj\u0119liby prac\u0119 na stanowisku:&nbsp; Koordynatora\/Koordynatorki projekt\u00f3w z obszaru&nbsp;przemys\u0142\u00f3w kreatywnych, kultury cyfrowej i komunikacji&nbsp;w ramach zatrudnienia na 4\/5 etatu \u2013 32 godzin tygodniowo. Rozpocz\u0119cie pracy: sierpie\u0144 2026. Do zada\u0144 osoby, kt\u00f3rej poszukujemy, nale\u017ce\u0107 b\u0119dzie m.in.: Od kandydatek i kandydat\u00f3w oczekujemy: Oferujemy: W celu zaaplikowania [&hellip;]","og_url":"https:\/\/instytutpolski.pl\/stockholm\/2026\/04\/27\/praca-w-instytucie-polskim-w-sztokholmie\/","og_site_name":"Instytut Polski w Sztokholmie","article_published_time":"2026-04-27T14:30:04+00:00","article_modified_time":"2026-04-27T14:32:56+00:00","og_image":[{"width":2000,"height":1125,"url":"https:\/\/instytutpolski.pl\/stockholm\/wp-content\/uploads\/sites\/17\/2022\/09\/logo-ip.jpg","type":"image\/jpeg"}],"author":"treichelp","twitter_card":"summary_large_image","twitter_misc":{"Napisane przez":"treichelp","Szacowany czas czytania":"3 minuty"},"schema":{"@context":"https:\/\/schema.org","@graph":[{"@type":"WebPage","@id":"https:\/\/instytutpolski.pl\/stockholm\/2026\/04\/27\/praca-w-instytucie-polskim-w-sztokholmie\/","url":"https:\/\/instytutpolski.pl\/stockholm\/2026\/04\/27\/praca-w-instytucie-polskim-w-sztokholmie\/","name":"Praca w Instytucie Polskim w Sztokholmie! - Instytut Polski w Sztokholmie","isPartOf":{"@id":"https:\/\/instytutpolski.pl\/stockholm\/#website"},"primaryImageOfPage":{"@id":"https:\/\/instytutpolski.pl\/stockholm\/2026\/04\/27\/praca-w-instytucie-polskim-w-sztokholmie\/#primaryimage"},"image":{"@id":"https:\/\/instytutpolski.pl\/stockholm\/2026\/04\/27\/praca-w-instytucie-polskim-w-sztokholmie\/#primaryimage"},"thumbnailUrl":"https:\/\/instytutpolski.pl\/stockholm\/wp-content\/uploads\/sites\/17\/2022\/09\/logo-ip.jpg","datePublished":"2026-04-27T14:30:04+00:00","dateModified":"2026-04-27T14:32:56+00:00","author":{"@id":"https:\/\/instytutpolski.pl\/stockholm\/#\/schema\/person\/866a2c0f4ccf0982a286809684f7bc1e"},"breadcrumb":{"@id":"https:\/\/instytutpolski.pl\/stockholm\/2026\/04\/27\/praca-w-instytucie-polskim-w-sztokholmie\/#breadcrumb"},"inLanguage":"pl-PL","potentialAction":[{"@type":"ReadAction","target":["https:\/\/instytutpolski.pl\/stockholm\/2026\/04\/27\/praca-w-instytucie-polskim-w-sztokholmie\/"]}]},{"@type":"ImageObject","inLanguage":"pl-PL","@id":"https:\/\/instytutpolski.pl\/stockholm\/2026\/04\/27\/praca-w-instytucie-polskim-w-sztokholmie\/#primaryimage","url":"https:\/\/instytutpolski.pl\/stockholm\/wp-content\/uploads\/sites\/17\/2022\/09\/logo-ip.jpg","contentUrl":"https:\/\/instytutpolski.pl\/stockholm\/wp-content\/uploads\/sites\/17\/2022\/09\/logo-ip.jpg","width":2000,"height":1125},{"@type":"BreadcrumbList","@id":"https:\/\/instytutpolski.pl\/stockholm\/2026\/04\/27\/praca-w-instytucie-polskim-w-sztokholmie\/#breadcrumb","itemListElement":[{"@type":"ListItem","position":1,"name":"Home","item":"https:\/\/instytutpolski.pl\/stockholm\/"},{"@type":"ListItem","position":2,"name":"Praca w Instytucie Polskim w Sztokholmie!"}]},{"@type":"WebSite","@id":"https:\/\/instytutpolski.pl\/stockholm\/#website","url":"https:\/\/instytutpolski.pl\/stockholm\/","name":"Instytut Polski w Sztokholmie","description":"Instytuty Polskie","potentialAction":[{"@type":"SearchAction","target":{"@type":"EntryPoint","urlTemplate":"https:\/\/instytutpolski.pl\/stockholm\/?s={search_term_string}"},"query-input":{"@type":"PropertyValueSpecification","valueRequired":true,"valueName":"search_term_string"}}],"inLanguage":"pl-PL"},{"@type":"Person","@id":"https:\/\/instytutpolski.pl\/stockholm\/#\/schema\/person\/866a2c0f4ccf0982a286809684f7bc1e","name":"treichelp","image":{"@type":"ImageObject","inLanguage":"pl-PL","@id":"https:\/\/instytutpolski.pl\/stockholm\/#\/schema\/person\/image\/","url":"https:\/\/secure.gravatar.com\/avatar\/fb2c1caae0df0854742a56fc463dd1fb?s=96&d=mm&r=g","contentUrl":"https:\/\/secure.gravatar.com\/avatar\/fb2c1caae0df0854742a56fc463dd1fb?s=96&d=mm&r=g","caption":"treichelp"},"url":"https:\/\/instytutpolski.pl\/stockholm\/author\/treichelp\/"}]}},"_links":{"self":[{"href":"https:\/\/instytutpolski.pl\/stockholm\/wp-json\/wp\/v2\/posts\/15455","targetHints":{"allow":["GET"]}}],"collection":[{"href":"https:\/\/instytutpolski.pl\/stockholm\/wp-json\/wp\/v2\/posts"}],"about":[{"href":"https:\/\/instytutpolski.pl\/stockholm\/wp-json\/wp\/v2\/types\/post"}],"author":[{"embeddable":true,"href":"https:\/\/instytutpolski.pl\/stockholm\/wp-json\/wp\/v2\/users\/173"}],"replies":[{"embeddable":true,"href":"https:\/\/instytutpolski.pl\/stockholm\/wp-json\/wp\/v2\/comments?post=15455"}],"version-history":[{"count":3,"href":"https:\/\/instytutpolski.pl\/stockholm\/wp-json\/wp\/v2\/posts\/15455\/revisions"}],"predecessor-version":[{"id":15459,"href":"https:\/\/instytutpolski.pl\/stockholm\/wp-json\/wp\/v2\/posts\/15455\/revisions\/15459"}],"wp:featuredmedia":[{"embeddable":true,"href":"https:\/\/instytutpolski.pl\/stockholm\/wp-json\/wp\/v2\/media\/9323"}],"wp:attachment":[{"href":"https:\/\/instytutpolski.pl\/stockholm\/wp-json\/wp\/v2\/media?parent=15455"}],"wp:term":[{"taxonomy":"category","embeddable":true,"href":"https:\/\/instytutpolski.pl\/stockholm\/wp-json\/wp\/v2\/categories?post=15455"},{"taxonomy":"post_tag","embeddable":true,"href":"https:\/\/instytutpolski.pl\/stockholm\/wp-json\/wp\/v2\/tags?post=15455"}],"curies":[{"name":"wp","href":"https:\/\/api.w.org\/{rel}","templated":true}]}}